{"id":52986,"date":"2024-04-25T16:45:53","date_gmt":"2024-04-25T21:45:53","guid":{"rendered":"https:\/\/www.uartes.edu.ec\/sitio\/?p=52986"},"modified":"2024-07-04T11:19:07","modified_gmt":"2024-07-04T16:19:07","slug":"con-realizacion-conjunta-de-talleres-la-uartes-y-ug-dieron-cumplimiento-a-convenio-de-cooperacion-interinstitucional","status":"publish","type":"post","link":"https:\/\/www.uartes.edu.ec\/sitio\/en\/blog\/2024\/04\/25\/con-realizacion-conjunta-de-talleres-la-uartes-y-ug-dieron-cumplimiento-a-convenio-de-cooperacion-interinstitucional\/","title":{"rendered":"Con realizaci\u00f3n de talleres, la UArtes y UG dieron cumplimiento a convenio de cooperaci\u00f3n interinstitucional vigente"},"content":{"rendered":"<p>Con el prop\u00f3sito de implementar programas y\/o proyectos conjuntos en el \u00e1mbito acad\u00e9mico, de vinculaci\u00f3n con la sociedad, investigaci\u00f3n, innovaci\u00f3n, pr\u00e1cticas profesionales, pre-profesionales o pasant\u00edas de grado, entre otros temas de inter\u00e9s com\u00fan, la Universidad de las Artes (UArtes) y la Universidad de Guayaquil (UG) firmaron en el 2021 un Convenio Marco de Cooperaci\u00f3n Interinstitucional, cuya ejecuci\u00f3n se vio reflejada en dos capacitaciones que tuvieron lugar en las sedes de ambas IES.<\/p>\n\n\n\n<p>Sucedi\u00f3 entre el 1 y 12 de abril y se trat\u00f3 de los talleres \u201cM\u00e9todos Computacionales de Dise\u00f1o\u201d y \u201cHerramientas de Dise\u00f1o y Fabricaci\u00f3n\u201d. Jonathan Pilay, director del MZ14 Centro de Producci\u00f3n e Innovaci\u00f3n UArtes, indic\u00f3 que la actividad colaborativa, primera en desarrollarse, permiti\u00f3 trabajar con todas las facultades, carreras, docentes y personal administrativo.<\/p>\n\n\n<div class=\"wp-block-image\">\n<figure class=\"aligncenter size-large\"><img fetchpriority=\"high\" decoding=\"async\" width=\"644\" height=\"429\" src=\"https:\/\/www.uartes.edu.ec\/sitio\/wp-content\/uploads\/2024\/04\/03-TRABAJO-EN-CONJUNTO-UG-UARTES-644x429.jpg\" alt=\"\" class=\"wp-image-52990\" srcset=\"https:\/\/www.uartes.edu.ec\/sitio\/wp-content\/uploads\/2024\/04\/03-TRABAJO-EN-CONJUNTO-UG-UARTES-644x429.jpg 644w, https:\/\/www.uartes.edu.ec\/sitio\/wp-content\/uploads\/2024\/04\/03-TRABAJO-EN-CONJUNTO-UG-UARTES-300x200.jpg 300w, https:\/\/www.uartes.edu.ec\/sitio\/wp-content\/uploads\/2024\/04\/03-TRABAJO-EN-CONJUNTO-UG-UARTES-768x512.jpg 768w, https:\/\/www.uartes.edu.ec\/sitio\/wp-content\/uploads\/2024\/04\/03-TRABAJO-EN-CONJUNTO-UG-UARTES-1536x1024.jpg 1536w, https:\/\/www.uartes.edu.ec\/sitio\/wp-content\/uploads\/2024\/04\/03-TRABAJO-EN-CONJUNTO-UG-UARTES-18x12.jpg 18w, https:\/\/www.uartes.edu.ec\/sitio\/wp-content\/uploads\/2024\/04\/03-TRABAJO-EN-CONJUNTO-UG-UARTES-600x400.jpg 600w, https:\/\/www.uartes.edu.ec\/sitio\/wp-content\/uploads\/2024\/04\/03-TRABAJO-EN-CONJUNTO-UG-UARTES-400x267.jpg 400w, https:\/\/www.uartes.edu.ec\/sitio\/wp-content\/uploads\/2024\/04\/03-TRABAJO-EN-CONJUNTO-UG-UARTES-272x182.jpg 272w, https:\/\/www.uartes.edu.ec\/sitio\/wp-content\/uploads\/2024\/04\/03-TRABAJO-EN-CONJUNTO-UG-UARTES.jpg 2000w\" sizes=\"(max-width: 644px) 100vw, 644px\" \/><\/figure>\n<\/div>\n\n\n<p>Por su parte, Mar\u00eda Gabriela Chica, investigadora y docente de la carrera de Dise\u00f1o de Interiores, perteneciente a la Facultad de Arquitectura de la Universidad de Guayaquil, se\u00f1al\u00f3 como crucial la colaboraci\u00f3n entre la UG y UArtes para enriquecer el proceso educativo y formativo de los estudiantes. \u201cTrabajar en conjunto no solo facilita el intercambio de conocimientos y perspectivas en \u00e1reas clave, como el dise\u00f1o, la expresi\u00f3n y la creatividad, sino que tambi\u00e9n promueve el desarrollo del pensamiento interdisciplinario y la integraci\u00f3n de diversos enfoques, m\u00e9todos y t\u00e9cnicas en el proceso creativo\u201d, recalc\u00f3.<\/p>\n\n\n\n<p>Chica integra junto \u00c1lex Mac\u00edas y Felipe Molina la Unidad de Investigaci\u00f3n de Prototipos Espaciales Avanzados de la UG y tuvieron a su cargo el taller \u201cHerramientas de Dise\u00f1o y Fabricaci\u00f3n\u201d, en el que docentes, t\u00e9cnicos y administrativos actualizaron sus conocimientos sobre el uso del software Rhinoceros, que permite crear y manipular modelos digitales de manera eficiente y precisa, facilitando la generaci\u00f3n de formas complejas, as\u00ed como m\u00e9todos de impresi\u00f3n en 3D.<\/p>\n\n\n<div class=\"wp-block-image\">\n<figure class=\"aligncenter size-large\"><img decoding=\"async\" width=\"644\" height=\"429\" src=\"https:\/\/www.uartes.edu.ec\/sitio\/wp-content\/uploads\/2024\/04\/01-MDC-644x429.jpg\" alt=\"\" class=\"wp-image-52991\" srcset=\"https:\/\/www.uartes.edu.ec\/sitio\/wp-content\/uploads\/2024\/04\/01-MDC-644x429.jpg 644w, https:\/\/www.uartes.edu.ec\/sitio\/wp-content\/uploads\/2024\/04\/01-MDC-300x200.jpg 300w, https:\/\/www.uartes.edu.ec\/sitio\/wp-content\/uploads\/2024\/04\/01-MDC-768x512.jpg 768w, https:\/\/www.uartes.edu.ec\/sitio\/wp-content\/uploads\/2024\/04\/01-MDC-1536x1024.jpg 1536w, https:\/\/www.uartes.edu.ec\/sitio\/wp-content\/uploads\/2024\/04\/01-MDC-18x12.jpg 18w, https:\/\/www.uartes.edu.ec\/sitio\/wp-content\/uploads\/2024\/04\/01-MDC-600x400.jpg 600w, https:\/\/www.uartes.edu.ec\/sitio\/wp-content\/uploads\/2024\/04\/01-MDC-400x267.jpg 400w, https:\/\/www.uartes.edu.ec\/sitio\/wp-content\/uploads\/2024\/04\/01-MDC-272x182.jpg 272w, https:\/\/www.uartes.edu.ec\/sitio\/wp-content\/uploads\/2024\/04\/01-MDC.jpg 2000w\" sizes=\"(max-width: 644px) 100vw, 644px\" \/><\/figure>\n<\/div>\n\n\n<p>Los participantes se familiarizaron con aplicaciones de inteligencia artificial, como Viscom y Prome AI, para mejorar la calidad visual de sus renderizaciones y agilizar el proceso de generaci\u00f3n de im\u00e1genes realistas. Adquirieron tambi\u00e9n conocimientos sobre t\u00e9cnicas de fabricaci\u00f3n digital, incluyendo el uso de impresoras 3D y corte l\u00e1ser, con el objetivo de proporcionar los recursos necesarios para materializar sus propuestas con precisi\u00f3n y explorar nuevas formas de expresi\u00f3n creativa, precis\u00f3 Chica.<\/p>\n\n\n\n<p>Justamente, en el taller todo lo referente al uso de impresoras 3D y corte l\u00e1ser corri\u00f3 a cargo del Msc \u00c1ngel Murillo (foto abajo), analista de Producci\u00f3n e Innovaci\u00f3n del MZ14 de la UArtes. \u00c9l apunto a los procesos de prototipado que posibilitan que las creaciones digitales se conviertan en tangibles. La regularizaci\u00f3n de las escalas permite tener un producto real en forma, tama\u00f1o, calidad y nitidez, elementos necesarios, principalmente, para el proceso de creaci\u00f3n que aprende el estudiante.<\/p>\n\n\n\n<p>Jonathan Pilay coment\u00f3 que el intercambio de informaci\u00f3n entre la Universidad de las Artes y la Universidad de Guayaquil seguir\u00e1n en ejecuci\u00f3n en este periodo 2024, como parte de las pol\u00edticas colaborativas acad\u00e9micas.<\/p>\n\n\n<div class=\"wp-block-image\">\n<figure class=\"aligncenter size-large\"><img decoding=\"async\" width=\"644\" height=\"482\" src=\"https:\/\/www.uartes.edu.ec\/sitio\/wp-content\/uploads\/2024\/04\/prueba444-644x482.jpg\" alt=\"\" class=\"wp-image-53046\" srcset=\"https:\/\/www.uartes.edu.ec\/sitio\/wp-content\/uploads\/2024\/04\/prueba444-644x482.jpg 644w, https:\/\/www.uartes.edu.ec\/sitio\/wp-content\/uploads\/2024\/04\/prueba444-768x575.jpg 768w, https:\/\/www.uartes.edu.ec\/sitio\/wp-content\/uploads\/2024\/04\/prueba444.jpg 1350w, https:\/\/www.uartes.edu.ec\/sitio\/wp-content\/uploads\/2024\/04\/prueba444-18x12.jpg 18w, https:\/\/www.uartes.edu.ec\/sitio\/wp-content\/uploads\/2024\/04\/prueba444-400x300.jpg 400w, https:\/\/www.uartes.edu.ec\/sitio\/wp-content\/uploads\/2024\/04\/prueba444-600x449.jpg 600w\" sizes=\"(max-width: 644px) 100vw, 644px\" \/><\/figure>\n<\/div>","protected":false},"excerpt":{"rendered":"<p>Con el prop\u00f3sito de implementar programas y\/o proyectos conjuntos en el \u00e1mbito acad\u00e9mico, de vinculaci\u00f3n con la sociedad, investigaci\u00f3n, innovaci\u00f3n, pr\u00e1cticas pre-profesionales, entre otros temas, la Universidad de las Artes y la Universidad de Guayaquil (UG) firmaron en 2021 un Convenio Marco de Cooperaci\u00f3n Interinstitucional, cuya ejecuci\u00f3n se vio reflejada en dos talleres desarrollados en sus sedes.<\/p>","protected":false},"author":1,"featured_media":52992,"comment_status":"open","ping_status":"open","sticky":false,"template":"","format":"standard","meta":{"_acf_changed":false,"_uag_custom_page_level_css":"","_monsterinsights_skip_tracking":false,"_monsterinsights_sitenote_active":false,"_monsterinsights_sitenote_note":"","_monsterinsights_sitenote_category":0,"cybocfi_hide_featured_image":"","footnotes":""},"categories":[77],"tags":[281,106,1195],"infouartes":[],"class_list":["post-52986","post","type-post","status-publish","format-standard","has-post-thumbnail","hentry","category-gestion","tag-interinstitucional","tag-mz14","tag-universidad-de-guayaquil"],"acf":[],"yoast_head":"<!-- This site is optimized with the Yoast SEO plugin v27.4 - https:\/\/yoast.com\/product\/yoast-seo-wordpress\/ -->\n<title>Universidad de las Artes - Con realizaci\u00f3n de talleres, la UArtes y UG dieron cumplimiento a convenio de cooperaci\u00f3n interinstitucional vigente<\/title>\n<meta name=\"description\" content=\"Universidad de las Artes - Con realizaci\u00f3n de talleres, la UArtes y UG dieron cumplimiento a convenio de cooperaci\u00f3n interinstitucional vigente\" \/>\n<meta name=\"robots\" content=\"index, follow, max-snippet:-1, max-image-preview:large, max-video-preview:-1\" \/>\n<link rel=\"canonical\" href=\"https:\/\/www.uartes.edu.ec\/sitio\/en\/blog\/2024\/04\/25\/con-realizacion-conjunta-de-talleres-la-uartes-y-ug-dieron-cumplimiento-a-convenio-de-cooperacion-interinstitucional\/\" \/>\n<meta property=\"og:locale\" content=\"en_US\" \/>\n<meta property=\"og:type\" content=\"article\" \/>\n<meta property=\"og:title\" content=\"Universidad de las Artes - Con realizaci\u00f3n de talleres, la UArtes y UG dieron cumplimiento a convenio de cooperaci\u00f3n interinstitucional vigente\" \/>\n<meta property=\"og:description\" content=\"Universidad de las Artes - Con realizaci\u00f3n de talleres, la UArtes y UG dieron cumplimiento a convenio de cooperaci\u00f3n interinstitucional vigente\" \/>\n<meta property=\"og:url\" content=\"https:\/\/www.uartes.edu.ec\/sitio\/en\/blog\/2024\/04\/25\/con-realizacion-conjunta-de-talleres-la-uartes-y-ug-dieron-cumplimiento-a-convenio-de-cooperacion-interinstitucional\/\" \/>\n<meta property=\"og:site_name\" content=\"Universidad de las Artes\" \/>\n<meta property=\"article:publisher\" content=\"https:\/\/www.facebook.com\/uartesec\" \/>\n<meta property=\"article:published_time\" content=\"2024-04-25T21:45:53+00:00\" \/>\n<meta property=\"article:modified_time\" content=\"2024-07-04T16:19:07+00:00\" \/>\n<meta property=\"og:image\" content=\"https:\/\/www.uartes.edu.ec\/sitio\/wp-content\/uploads\/2024\/04\/01-TRABAJO-EN-CONJUNTO-UG-UARTES.jpg\" \/>\n\t<meta property=\"og:image:width\" content=\"2000\" \/>\n\t<meta property=\"og:image:height\" content=\"1333\" \/>\n\t<meta property=\"og:image:type\" content=\"image\/jpeg\" \/>\n<meta name=\"author\" content=\"Universidad de las Artes\" \/>\n<meta name=\"twitter:card\" content=\"summary_large_image\" \/>\n<meta name=\"twitter:creator\" content=\"@uartesec\" \/>\n<meta name=\"twitter:site\" content=\"@uartesec\" \/>\n<meta name=\"twitter:label1\" content=\"Written by\" \/>\n\t<meta name=\"twitter:data1\" content=\"Universidad de las Artes\" \/>\n\t<meta name=\"twitter:label2\" content=\"Est. reading time\" \/>\n\t<meta name=\"twitter:data2\" content=\"3 minutes\" \/>\n<script type=\"application\/ld+json\" class=\"yoast-schema-graph\">{\"@context\":\"https:\\\/\\\/schema.org\",\"@graph\":[{\"@type\":\"Article\",\"@id\":\"https:\\\/\\\/www.uartes.edu.ec\\\/sitio\\\/en\\\/blog\\\/2024\\\/04\\\/25\\\/con-realizacion-conjunta-de-talleres-la-uartes-y-ug-dieron-cumplimiento-a-convenio-de-cooperacion-interinstitucional\\\/#article\",\"isPartOf\":{\"@id\":\"https:\\\/\\\/www.uartes.edu.ec\\\/sitio\\\/en\\\/blog\\\/2024\\\/04\\\/25\\\/con-realizacion-conjunta-de-talleres-la-uartes-y-ug-dieron-cumplimiento-a-convenio-de-cooperacion-interinstitucional\\\/\"},\"author\":{\"name\":\"Universidad de las Artes\",\"@id\":\"https:\\\/\\\/www.uartes.edu.ec\\\/sitio\\\/en\\\/#\\\/schema\\\/person\\\/f33f8c1d2af0d5c80a38c8abf458184a\"},\"headline\":\"Con realizaci\u00f3n de talleres, la UArtes y UG dieron cumplimiento a convenio de cooperaci\u00f3n interinstitucional vigente\",\"datePublished\":\"2024-04-25T21:45:53+00:00\",\"dateModified\":\"2024-07-04T16:19:07+00:00\",\"mainEntityOfPage\":{\"@id\":\"https:\\\/\\\/www.uartes.edu.ec\\\/sitio\\\/en\\\/blog\\\/2024\\\/04\\\/25\\\/con-realizacion-conjunta-de-talleres-la-uartes-y-ug-dieron-cumplimiento-a-convenio-de-cooperacion-interinstitucional\\\/\"},\"wordCount\":543,\"commentCount\":0,\"publisher\":{\"@id\":\"https:\\\/\\\/www.uartes.edu.ec\\\/sitio\\\/en\\\/#organization\"},\"image\":{\"@id\":\"https:\\\/\\\/www.uartes.edu.ec\\\/sitio\\\/en\\\/blog\\\/2024\\\/04\\\/25\\\/con-realizacion-conjunta-de-talleres-la-uartes-y-ug-dieron-cumplimiento-a-convenio-de-cooperacion-interinstitucional\\\/#primaryimage\"},\"thumbnailUrl\":\"https:\\\/\\\/www.uartes.edu.ec\\\/sitio\\\/wp-content\\\/uploads\\\/2024\\\/04\\\/01-TRABAJO-EN-CONJUNTO-UG-UARTES.jpg\",\"keywords\":[\"interinstitucional\",\"mz14\",\"universidad de guayaquil\"],\"articleSection\":[\"Gesti\u00f3n\"],\"inLanguage\":\"en-US\",\"potentialAction\":[{\"@type\":\"CommentAction\",\"name\":\"Comment\",\"target\":[\"https:\\\/\\\/www.uartes.edu.ec\\\/sitio\\\/en\\\/blog\\\/2024\\\/04\\\/25\\\/con-realizacion-conjunta-de-talleres-la-uartes-y-ug-dieron-cumplimiento-a-convenio-de-cooperacion-interinstitucional\\\/#respond\"]}]},{\"@type\":[\"WebPage\",\"ItemPage\"],\"@id\":\"https:\\\/\\\/www.uartes.edu.ec\\\/sitio\\\/en\\\/blog\\\/2024\\\/04\\\/25\\\/con-realizacion-conjunta-de-talleres-la-uartes-y-ug-dieron-cumplimiento-a-convenio-de-cooperacion-interinstitucional\\\/\",\"url\":\"https:\\\/\\\/www.uartes.edu.ec\\\/sitio\\\/en\\\/blog\\\/2024\\\/04\\\/25\\\/con-realizacion-conjunta-de-talleres-la-uartes-y-ug-dieron-cumplimiento-a-convenio-de-cooperacion-interinstitucional\\\/\",\"name\":\"Universidad de las Artes - Con realizaci\u00f3n de talleres, la UArtes y UG dieron cumplimiento a convenio de cooperaci\u00f3n interinstitucional vigente\",\"isPartOf\":{\"@id\":\"https:\\\/\\\/www.uartes.edu.ec\\\/sitio\\\/en\\\/#website\"},\"primaryImageOfPage\":{\"@id\":\"https:\\\/\\\/www.uartes.edu.ec\\\/sitio\\\/en\\\/blog\\\/2024\\\/04\\\/25\\\/con-realizacion-conjunta-de-talleres-la-uartes-y-ug-dieron-cumplimiento-a-convenio-de-cooperacion-interinstitucional\\\/#primaryimage\"},\"image\":{\"@id\":\"https:\\\/\\\/www.uartes.edu.ec\\\/sitio\\\/en\\\/blog\\\/2024\\\/04\\\/25\\\/con-realizacion-conjunta-de-talleres-la-uartes-y-ug-dieron-cumplimiento-a-convenio-de-cooperacion-interinstitucional\\\/#primaryimage\"},\"thumbnailUrl\":\"https:\\\/\\\/www.uartes.edu.ec\\\/sitio\\\/wp-content\\\/uploads\\\/2024\\\/04\\\/01-TRABAJO-EN-CONJUNTO-UG-UARTES.jpg\",\"datePublished\":\"2024-04-25T21:45:53+00:00\",\"dateModified\":\"2024-07-04T16:19:07+00:00\",\"description\":\"Universidad de las Artes - Con realizaci\u00f3n de talleres, la UArtes y UG dieron cumplimiento a convenio de cooperaci\u00f3n interinstitucional vigente\",\"breadcrumb\":{\"@id\":\"https:\\\/\\\/www.uartes.edu.ec\\\/sitio\\\/en\\\/blog\\\/2024\\\/04\\\/25\\\/con-realizacion-conjunta-de-talleres-la-uartes-y-ug-dieron-cumplimiento-a-convenio-de-cooperacion-interinstitucional\\\/#breadcrumb\"},\"inLanguage\":\"en-US\",\"potentialAction\":[{\"@type\":\"ReadAction\",\"target\":[\"https:\\\/\\\/www.uartes.edu.ec\\\/sitio\\\/en\\\/blog\\\/2024\\\/04\\\/25\\\/con-realizacion-conjunta-de-talleres-la-uartes-y-ug-dieron-cumplimiento-a-convenio-de-cooperacion-interinstitucional\\\/\"]}]},{\"@type\":\"ImageObject\",\"inLanguage\":\"en-US\",\"@id\":\"https:\\\/\\\/www.uartes.edu.ec\\\/sitio\\\/en\\\/blog\\\/2024\\\/04\\\/25\\\/con-realizacion-conjunta-de-talleres-la-uartes-y-ug-dieron-cumplimiento-a-convenio-de-cooperacion-interinstitucional\\\/#primaryimage\",\"url\":\"https:\\\/\\\/www.uartes.edu.ec\\\/sitio\\\/wp-content\\\/uploads\\\/2024\\\/04\\\/01-TRABAJO-EN-CONJUNTO-UG-UARTES.jpg\",\"contentUrl\":\"https:\\\/\\\/www.uartes.edu.ec\\\/sitio\\\/wp-content\\\/uploads\\\/2024\\\/04\\\/01-TRABAJO-EN-CONJUNTO-UG-UARTES.jpg\",\"width\":2000,\"height\":1333},{\"@type\":\"BreadcrumbList\",\"@id\":\"https:\\\/\\\/www.uartes.edu.ec\\\/sitio\\\/en\\\/blog\\\/2024\\\/04\\\/25\\\/con-realizacion-conjunta-de-talleres-la-uartes-y-ug-dieron-cumplimiento-a-convenio-de-cooperacion-interinstitucional\\\/#breadcrumb\",\"itemListElement\":[{\"@type\":\"ListItem\",\"position\":1,\"name\":\"Inicio\",\"item\":\"https:\\\/\\\/www.uartes.edu.ec\\\/sitio\\\/\"},{\"@type\":\"ListItem\",\"position\":2,\"name\":\"Con realizaci\u00f3n de talleres, la UArtes y UG dieron cumplimiento a convenio de cooperaci\u00f3n interinstitucional vigente\"}]},{\"@type\":\"WebSite\",\"@id\":\"https:\\\/\\\/www.uartes.edu.ec\\\/sitio\\\/en\\\/#website\",\"url\":\"https:\\\/\\\/www.uartes.edu.ec\\\/sitio\\\/en\\\/\",\"name\":\"Universidad de las Artes\",\"description\":\"Sitio oficial de la Universidad Nacional de las Artes del Ecuador\",\"publisher\":{\"@id\":\"https:\\\/\\\/www.uartes.edu.ec\\\/sitio\\\/en\\\/#organization\"},\"potentialAction\":[{\"@type\":\"SearchAction\",\"target\":{\"@type\":\"EntryPoint\",\"urlTemplate\":\"https:\\\/\\\/www.uartes.edu.ec\\\/sitio\\\/en\\\/?s={search_term_string}\"},\"query-input\":{\"@type\":\"PropertyValueSpecification\",\"valueRequired\":true,\"valueName\":\"search_term_string\"}}],\"inLanguage\":\"en-US\"},{\"@type\":\"Organization\",\"@id\":\"https:\\\/\\\/www.uartes.edu.ec\\\/sitio\\\/en\\\/#organization\",\"name\":\"Universidad de las Artes\",\"url\":\"https:\\\/\\\/www.uartes.edu.ec\\\/sitio\\\/en\\\/\",\"logo\":{\"@type\":\"ImageObject\",\"inLanguage\":\"en-US\",\"@id\":\"https:\\\/\\\/www.uartes.edu.ec\\\/sitio\\\/en\\\/#\\\/schema\\\/logo\\\/image\\\/\",\"url\":\"https:\\\/\\\/www.uartes.edu.ec\\\/sitio\\\/wp-content\\\/uploads\\\/2022\\\/07\\\/logo-ua-horizontal.png\",\"contentUrl\":\"https:\\\/\\\/www.uartes.edu.ec\\\/sitio\\\/wp-content\\\/uploads\\\/2022\\\/07\\\/logo-ua-horizontal.png\",\"width\":800,\"height\":276,\"caption\":\"Universidad de las Artes\"},\"image\":{\"@id\":\"https:\\\/\\\/www.uartes.edu.ec\\\/sitio\\\/en\\\/#\\\/schema\\\/logo\\\/image\\\/\"},\"sameAs\":[\"https:\\\/\\\/www.facebook.com\\\/uartesec\",\"https:\\\/\\\/x.com\\\/uartesec\",\"https:\\\/\\\/www.tiktok.com\\\/@uartesec\"]},{\"@type\":\"Person\",\"@id\":\"https:\\\/\\\/www.uartes.edu.ec\\\/sitio\\\/en\\\/#\\\/schema\\\/person\\\/f33f8c1d2af0d5c80a38c8abf458184a\",\"name\":\"Universidad de las Artes\",\"image\":{\"@type\":\"ImageObject\",\"inLanguage\":\"en-US\",\"@id\":\"https:\\\/\\\/secure.gravatar.com\\\/avatar\\\/52e4757902f5cfa5ac52d020e5be83cae5487519154b6c35482fe08d589f3c13?s=96&d=mm&r=g\",\"url\":\"https:\\\/\\\/secure.gravatar.com\\\/avatar\\\/52e4757902f5cfa5ac52d020e5be83cae5487519154b6c35482fe08d589f3c13?s=96&d=mm&r=g\",\"contentUrl\":\"https:\\\/\\\/secure.gravatar.com\\\/avatar\\\/52e4757902f5cfa5ac52d020e5be83cae5487519154b6c35482fe08d589f3c13?s=96&d=mm&r=g\",\"caption\":\"Universidad de las Artes\"},\"url\":\"https:\\\/\\\/www.uartes.edu.ec\\\/sitio\\\/en\\\/blog\\\/author\\\/dircomadm\\\/\"}]}<\/script>\n<!-- \/ Yoast SEO plugin. -->","yoast_head_json":{"title":"Universidad de las Artes - Con realizaci\u00f3n de talleres, la UArtes y UG dieron cumplimiento a convenio de cooperaci\u00f3n interinstitucional vigente","description":"Universidad de las Artes - Con realizaci\u00f3n de talleres, la UArtes y UG dieron cumplimiento a convenio de cooperaci\u00f3n interinstitucional vigente","robots":{"index":"index","follow":"follow","max-snippet":"max-snippet:-1","max-image-preview":"max-image-preview:large","max-video-preview":"max-video-preview:-1"},"canonical":"https:\/\/www.uartes.edu.ec\/sitio\/en\/blog\/2024\/04\/25\/con-realizacion-conjunta-de-talleres-la-uartes-y-ug-dieron-cumplimiento-a-convenio-de-cooperacion-interinstitucional\/","og_locale":"en_US","og_type":"article","og_title":"Universidad de las Artes - Con realizaci\u00f3n de talleres, la UArtes y UG dieron cumplimiento a convenio de cooperaci\u00f3n interinstitucional vigente","og_description":"Universidad de las Artes - Con realizaci\u00f3n de talleres, la UArtes y UG dieron cumplimiento a convenio de cooperaci\u00f3n interinstitucional vigente","og_url":"https:\/\/www.uartes.edu.ec\/sitio\/en\/blog\/2024\/04\/25\/con-realizacion-conjunta-de-talleres-la-uartes-y-ug-dieron-cumplimiento-a-convenio-de-cooperacion-interinstitucional\/","og_site_name":"Universidad de las Artes","article_publisher":"https:\/\/www.facebook.com\/uartesec","article_published_time":"2024-04-25T21:45:53+00:00","article_modified_time":"2024-07-04T16:19:07+00:00","og_image":[{"width":2000,"height":1333,"url":"https:\/\/www.uartes.edu.ec\/sitio\/wp-content\/uploads\/2024\/04\/01-TRABAJO-EN-CONJUNTO-UG-UARTES.jpg","type":"image\/jpeg"}],"author":"Universidad de las Artes","twitter_card":"summary_large_image","twitter_creator":"@uartesec","twitter_site":"@uartesec","twitter_misc":{"Written by":"Universidad de las Artes","Est. reading time":"3 minutes"},"schema":{"@context":"https:\/\/schema.org","@graph":[{"@type":"Article","@id":"https:\/\/www.uartes.edu.ec\/sitio\/en\/blog\/2024\/04\/25\/con-realizacion-conjunta-de-talleres-la-uartes-y-ug-dieron-cumplimiento-a-convenio-de-cooperacion-interinstitucional\/#article","isPartOf":{"@id":"https:\/\/www.uartes.edu.ec\/sitio\/en\/blog\/2024\/04\/25\/con-realizacion-conjunta-de-talleres-la-uartes-y-ug-dieron-cumplimiento-a-convenio-de-cooperacion-interinstitucional\/"},"author":{"name":"Universidad de las Artes","@id":"https:\/\/www.uartes.edu.ec\/sitio\/en\/#\/schema\/person\/f33f8c1d2af0d5c80a38c8abf458184a"},"headline":"Con realizaci\u00f3n de talleres, la UArtes y UG dieron cumplimiento a convenio de cooperaci\u00f3n interinstitucional vigente","datePublished":"2024-04-25T21:45:53+00:00","dateModified":"2024-07-04T16:19:07+00:00","mainEntityOfPage":{"@id":"https:\/\/www.uartes.edu.ec\/sitio\/en\/blog\/2024\/04\/25\/con-realizacion-conjunta-de-talleres-la-uartes-y-ug-dieron-cumplimiento-a-convenio-de-cooperacion-interinstitucional\/"},"wordCount":543,"commentCount":0,"publisher":{"@id":"https:\/\/www.uartes.edu.ec\/sitio\/en\/#organization"},"image":{"@id":"https:\/\/www.uartes.edu.ec\/sitio\/en\/blog\/2024\/04\/25\/con-realizacion-conjunta-de-talleres-la-uartes-y-ug-dieron-cumplimiento-a-convenio-de-cooperacion-interinstitucional\/#primaryimage"},"thumbnailUrl":"https:\/\/www.uartes.edu.ec\/sitio\/wp-content\/uploads\/2024\/04\/01-TRABAJO-EN-CONJUNTO-UG-UARTES.jpg","keywords":["interinstitucional","mz14","universidad de guayaquil"],"articleSection":["Gesti\u00f3n"],"inLanguage":"en-US","potentialAction":[{"@type":"CommentAction","name":"Comment","target":["https:\/\/www.uartes.edu.ec\/sitio\/en\/blog\/2024\/04\/25\/con-realizacion-conjunta-de-talleres-la-uartes-y-ug-dieron-cumplimiento-a-convenio-de-cooperacion-interinstitucional\/#respond"]}]},{"@type":["WebPage","ItemPage"],"@id":"https:\/\/www.uartes.edu.ec\/sitio\/en\/blog\/2024\/04\/25\/con-realizacion-conjunta-de-talleres-la-uartes-y-ug-dieron-cumplimiento-a-convenio-de-cooperacion-interinstitucional\/","url":"https:\/\/www.uartes.edu.ec\/sitio\/en\/blog\/2024\/04\/25\/con-realizacion-conjunta-de-talleres-la-uartes-y-ug-dieron-cumplimiento-a-convenio-de-cooperacion-interinstitucional\/","name":"Universidad de las Artes - Con realizaci\u00f3n de talleres, la UArtes y UG dieron cumplimiento a convenio de cooperaci\u00f3n interinstitucional vigente","isPartOf":{"@id":"https:\/\/www.uartes.edu.ec\/sitio\/en\/#website"},"primaryImageOfPage":{"@id":"https:\/\/www.uartes.edu.ec\/sitio\/en\/blog\/2024\/04\/25\/con-realizacion-conjunta-de-talleres-la-uartes-y-ug-dieron-cumplimiento-a-convenio-de-cooperacion-interinstitucional\/#primaryimage"},"image":{"@id":"https:\/\/www.uartes.edu.ec\/sitio\/en\/blog\/2024\/04\/25\/con-realizacion-conjunta-de-talleres-la-uartes-y-ug-dieron-cumplimiento-a-convenio-de-cooperacion-interinstitucional\/#primaryimage"},"thumbnailUrl":"https:\/\/www.uartes.edu.ec\/sitio\/wp-content\/uploads\/2024\/04\/01-TRABAJO-EN-CONJUNTO-UG-UARTES.jpg","datePublished":"2024-04-25T21:45:53+00:00","dateModified":"2024-07-04T16:19:07+00:00","description":"Universidad de las Artes - Con realizaci\u00f3n de talleres, la UArtes y UG dieron cumplimiento a convenio de cooperaci\u00f3n interinstitucional vigente","breadcrumb":{"@id":"https:\/\/www.uartes.edu.ec\/sitio\/en\/blog\/2024\/04\/25\/con-realizacion-conjunta-de-talleres-la-uartes-y-ug-dieron-cumplimiento-a-convenio-de-cooperacion-interinstitucional\/#breadcrumb"},"inLanguage":"en-US","potentialAction":[{"@type":"ReadAction","target":["https:\/\/www.uartes.edu.ec\/sitio\/en\/blog\/2024\/04\/25\/con-realizacion-conjunta-de-talleres-la-uartes-y-ug-dieron-cumplimiento-a-convenio-de-cooperacion-interinstitucional\/"]}]},{"@type":"ImageObject","inLanguage":"en-US","@id":"https:\/\/www.uartes.edu.ec\/sitio\/en\/blog\/2024\/04\/25\/con-realizacion-conjunta-de-talleres-la-uartes-y-ug-dieron-cumplimiento-a-convenio-de-cooperacion-interinstitucional\/#primaryimage","url":"https:\/\/www.uartes.edu.ec\/sitio\/wp-content\/uploads\/2024\/04\/01-TRABAJO-EN-CONJUNTO-UG-UARTES.jpg","contentUrl":"https:\/\/www.uartes.edu.ec\/sitio\/wp-content\/uploads\/2024\/04\/01-TRABAJO-EN-CONJUNTO-UG-UARTES.jpg","width":2000,"height":1333},{"@type":"BreadcrumbList","@id":"https:\/\/www.uartes.edu.ec\/sitio\/en\/blog\/2024\/04\/25\/con-realizacion-conjunta-de-talleres-la-uartes-y-ug-dieron-cumplimiento-a-convenio-de-cooperacion-interinstitucional\/#breadcrumb","itemListElement":[{"@type":"ListItem","position":1,"name":"Inicio","item":"https:\/\/www.uartes.edu.ec\/sitio\/"},{"@type":"ListItem","position":2,"name":"Con realizaci\u00f3n de talleres, la UArtes y UG dieron cumplimiento a convenio de cooperaci\u00f3n interinstitucional vigente"}]},{"@type":"WebSite","@id":"https:\/\/www.uartes.edu.ec\/sitio\/en\/#website","url":"https:\/\/www.uartes.edu.ec\/sitio\/en\/","name":"Universidad de las Artes","description":"Sitio oficial de la Universidad Nacional de las Artes del Ecuador","publisher":{"@id":"https:\/\/www.uartes.edu.ec\/sitio\/en\/#organization"},"potentialAction":[{"@type":"SearchAction","target":{"@type":"EntryPoint","urlTemplate":"https:\/\/www.uartes.edu.ec\/sitio\/en\/?s={search_term_string}"},"query-input":{"@type":"PropertyValueSpecification","valueRequired":true,"valueName":"search_term_string"}}],"inLanguage":"en-US"},{"@type":"Organization","@id":"https:\/\/www.uartes.edu.ec\/sitio\/en\/#organization","name":"Universidad de las Artes","url":"https:\/\/www.uartes.edu.ec\/sitio\/en\/","logo":{"@type":"ImageObject","inLanguage":"en-US","@id":"https:\/\/www.uartes.edu.ec\/sitio\/en\/#\/schema\/logo\/image\/","url":"https:\/\/www.uartes.edu.ec\/sitio\/wp-content\/uploads\/2022\/07\/logo-ua-horizontal.png","contentUrl":"https:\/\/www.uartes.edu.ec\/sitio\/wp-content\/uploads\/2022\/07\/logo-ua-horizontal.png","width":800,"height":276,"caption":"Universidad de las Artes"},"image":{"@id":"https:\/\/www.uartes.edu.ec\/sitio\/en\/#\/schema\/logo\/image\/"},"sameAs":["https:\/\/www.facebook.com\/uartesec","https:\/\/x.com\/uartesec","https:\/\/www.tiktok.com\/@uartesec"]},{"@type":"Person","@id":"https:\/\/www.uartes.edu.ec\/sitio\/en\/#\/schema\/person\/f33f8c1d2af0d5c80a38c8abf458184a","name":"Universidad de las Artes","image":{"@type":"ImageObject","inLanguage":"en-US","@id":"https:\/\/secure.gravatar.com\/avatar\/52e4757902f5cfa5ac52d020e5be83cae5487519154b6c35482fe08d589f3c13?s=96&d=mm&r=g","url":"https:\/\/secure.gravatar.com\/avatar\/52e4757902f5cfa5ac52d020e5be83cae5487519154b6c35482fe08d589f3c13?s=96&d=mm&r=g","contentUrl":"https:\/\/secure.gravatar.com\/avatar\/52e4757902f5cfa5ac52d020e5be83cae5487519154b6c35482fe08d589f3c13?s=96&d=mm&r=g","caption":"Universidad de las Artes"},"url":"https:\/\/www.uartes.edu.ec\/sitio\/en\/blog\/author\/dircomadm\/"}]}},"uagb_featured_image_src":{"full":["https:\/\/www.uartes.edu.ec\/sitio\/wp-content\/uploads\/2024\/04\/01-TRABAJO-EN-CONJUNTO-UG-UARTES.jpg",2000,1333,false],"thumbnail":["https:\/\/www.uartes.edu.ec\/sitio\/wp-content\/uploads\/2024\/04\/01-TRABAJO-EN-CONJUNTO-UG-UARTES-150x150.jpg",150,150,true],"medium":["https:\/\/www.uartes.edu.ec\/sitio\/wp-content\/uploads\/2024\/04\/01-TRABAJO-EN-CONJUNTO-UG-UARTES-300x200.jpg",300,200,true],"medium_large":["https:\/\/www.uartes.edu.ec\/sitio\/wp-content\/uploads\/2024\/04\/01-TRABAJO-EN-CONJUNTO-UG-UARTES-768x512.jpg",768,512,true],"large":["https:\/\/www.uartes.edu.ec\/sitio\/wp-content\/uploads\/2024\/04\/01-TRABAJO-EN-CONJUNTO-UG-UARTES-644x429.jpg",644,429,true],"1536x1536":["https:\/\/www.uartes.edu.ec\/sitio\/wp-content\/uploads\/2024\/04\/01-TRABAJO-EN-CONJUNTO-UG-UARTES-1536x1024.jpg",1536,1024,true],"2048x2048":["https:\/\/www.uartes.edu.ec\/sitio\/wp-content\/uploads\/2024\/04\/01-TRABAJO-EN-CONJUNTO-UG-UARTES.jpg",2000,1333,false],"trp-custom-language-flag":["https:\/\/www.uartes.edu.ec\/sitio\/wp-content\/uploads\/2024\/04\/01-TRABAJO-EN-CONJUNTO-UG-UARTES-18x12.jpg",18,12,true],"htmega_size_585x295":["https:\/\/www.uartes.edu.ec\/sitio\/wp-content\/uploads\/2024\/04\/01-TRABAJO-EN-CONJUNTO-UG-UARTES-585x295.jpg",585,295,true],"htmega_size_1170x536":["https:\/\/www.uartes.edu.ec\/sitio\/wp-content\/uploads\/2024\/04\/01-TRABAJO-EN-CONJUNTO-UG-UARTES-1170x536.jpg",1170,536,true],"htmega_size_396x360":["https:\/\/www.uartes.edu.ec\/sitio\/wp-content\/uploads\/2024\/04\/01-TRABAJO-EN-CONJUNTO-UG-UARTES-396x360.jpg",396,360,true],"gb-block-post-grid-landscape":["https:\/\/www.uartes.edu.ec\/sitio\/wp-content\/uploads\/2024\/04\/01-TRABAJO-EN-CONJUNTO-UG-UARTES-600x400.jpg",600,400,true],"gb-block-post-grid-square":["https:\/\/www.uartes.edu.ec\/sitio\/wp-content\/uploads\/2024\/04\/01-TRABAJO-EN-CONJUNTO-UG-UARTES-600x600.jpg",600,600,true],"university-hub-thumb":["https:\/\/www.uartes.edu.ec\/sitio\/wp-content\/uploads\/2024\/04\/01-TRABAJO-EN-CONJUNTO-UG-UARTES-400x267.jpg",400,267,true]},"uagb_author_info":{"display_name":"Universidad de las Artes","author_link":"https:\/\/www.uartes.edu.ec\/sitio\/en\/blog\/author\/dircomadm\/"},"uagb_comment_info":0,"uagb_excerpt":"Con el prop\u00f3sito de implementar programas y\/o proyectos conjuntos en el \u00e1mbito acad\u00e9mico, de vinculaci\u00f3n con la sociedad, investigaci\u00f3n, innovaci\u00f3n, pr\u00e1cticas pre-profesionales, entre otros temas, la Universidad de las Artes y la Universidad de Guayaquil (UG) firmaron en 2021 un Convenio Marco de Cooperaci\u00f3n Interinstitucional, cuya ejecuci\u00f3n se vio reflejada en dos talleres desarrollados en&hellip;","featured_image_src":"https:\/\/www.uartes.edu.ec\/sitio\/wp-content\/uploads\/2024\/04\/01-TRABAJO-EN-CONJUNTO-UG-UARTES-600x400.jpg","featured_image_src_square":"https:\/\/www.uartes.edu.ec\/sitio\/wp-content\/uploads\/2024\/04\/01-TRABAJO-EN-CONJUNTO-UG-UARTES-600x600.jpg","author_info":{"display_name":"Universidad de las Artes","author_link":"https:\/\/www.uartes.edu.ec\/sitio\/en\/blog\/author\/dircomadm\/"},"publishpress_future_workflow_manual_trigger":{"enabledWorkflows":[]},"distributor_meta":false,"distributor_terms":false,"distributor_media":false,"distributor_original_site_name":"Universidad de las Artes","distributor_original_site_url":"https:\/\/www.uartes.edu.ec\/sitio\/en","push-errors":false,"_links":{"self":[{"href":"https:\/\/www.uartes.edu.ec\/sitio\/en\/wp-json\/wp\/v2\/posts\/52986","targetHints":{"allow":["GET"]}}],"collection":[{"href":"https:\/\/www.uartes.edu.ec\/sitio\/en\/wp-json\/wp\/v2\/posts"}],"about":[{"href":"https:\/\/www.uartes.edu.ec\/sitio\/en\/wp-json\/wp\/v2\/types\/post"}],"author":[{"embeddable":true,"href":"https:\/\/www.uartes.edu.ec\/sitio\/en\/wp-json\/wp\/v2\/users\/1"}],"replies":[{"embeddable":true,"href":"https:\/\/www.uartes.edu.ec\/sitio\/en\/wp-json\/wp\/v2\/comments?post=52986"}],"version-history":[{"count":14,"href":"https:\/\/www.uartes.edu.ec\/sitio\/en\/wp-json\/wp\/v2\/posts\/52986\/revisions"}],"predecessor-version":[{"id":53053,"href":"https:\/\/www.uartes.edu.ec\/sitio\/en\/wp-json\/wp\/v2\/posts\/52986\/revisions\/53053"}],"wp:featuredmedia":[{"embeddable":true,"href":"https:\/\/www.uartes.edu.ec\/sitio\/en\/wp-json\/wp\/v2\/media\/52992"}],"wp:attachment":[{"href":"https:\/\/www.uartes.edu.ec\/sitio\/en\/wp-json\/wp\/v2\/media?parent=52986"}],"wp:term":[{"taxonomy":"category","embeddable":true,"href":"https:\/\/www.uartes.edu.ec\/sitio\/en\/wp-json\/wp\/v2\/categories?post=52986"},{"taxonomy":"post_tag","embeddable":true,"href":"https:\/\/www.uartes.edu.ec\/sitio\/en\/wp-json\/wp\/v2\/tags?post=52986"},{"taxonomy":"infouartes","embeddable":true,"href":"https:\/\/www.uartes.edu.ec\/sitio\/en\/wp-json\/wp\/v2\/infouartes?post=52986"}],"curies":[{"name":"wp","href":"https:\/\/api.w.org\/{rel}","templated":true}]}}