{"id":53544,"date":"2024-04-29T14:14:00","date_gmt":"2024-04-29T19:14:00","guid":{"rendered":"https:\/\/www.uartes.edu.ec\/sitio\/?p=53544"},"modified":"2024-07-04T11:19:06","modified_gmt":"2024-07-04T16:19:06","slug":"contribucion-de-la-ia-en-procesos-creativos-debe-ser-como-herramienta-para-que-la-obra-pueda-registrarse","status":"publish","type":"post","link":"https:\/\/www.uartes.edu.ec\/sitio\/en\/blog\/2024\/04\/29\/contribucion-de-la-ia-en-procesos-creativos-debe-ser-como-herramienta-para-que-la-obra-pueda-registrarse\/","title":{"rendered":"Contribuci\u00f3n de la IA en procesos creativos debe ser como herramienta para que la obra pueda registrarse"},"content":{"rendered":"<p>Plataformas de vanguardia, como ChatGPT, BRAD, Midjourney y otras herramientas actuales de la Inteligencia Artificial (IA), nos hacen creer que entienden o tal vez que piensan, pero son solo herramientas en comparaci\u00f3n con la capacidad del ser humano que lleva millones de a\u00f1os de evoluci\u00f3n. Lo dijo el abogado Flavio Arosemena en la charla que dict\u00f3 en la Semana Cultural de Lanfor Abierta que por el D\u00eda Internacional del Libro organiz\u00f3 la Biblioteca de las Artes.<\/p>\n\n\n\n<p>Tuvo lugar el 25 de abril y a su exposici\u00f3n Arosemena la titul\u00f3 \u201cInteligencia Artificial y el derecho de autor\u201d. Con el p\u00fablico que se congreg\u00f3 en el tercer piso del repositorio de la Universidad de las Artes comparti\u00f3 informaci\u00f3n sobre c\u00f3mo el uso de dicha tecnolog\u00eda ha adquirido ciertas restricciones legales en la actualidad para la legalidad merecedora del derecho de autor.<\/p>\n\n\n\n<p>Indic\u00f3 que la Oficina de Derechos de Autor de EE. UU. (Copyright Office) ha publicado una Gu\u00eda sobre obras creadas con Inteligencia Artificial, se\u00f1alando entre las m\u00e1s importantes:<\/p>\n\n\n\n<p>El requisito de autor\u00eda humana: una obra para ser protegible debe ser creada por un ser humano. Si la obra contiene la contribuci\u00f3n de una Inteligencia Artificial debe determinarse si esa contribuci\u00f3n es \u201cmec\u00e1nica\u201d o \u201ccreativa\u201d y si reemplaza o no la creatividad humana.<\/p>\n\n\n<div class=\"wp-block-image\">\n<figure class=\"aligncenter size-large\"><img fetchpriority=\"high\" decoding=\"async\" width=\"644\" height=\"429\" src=\"https:\/\/www.uartes.edu.ec\/sitio\/wp-content\/uploads\/2024\/05\/01-CONFERENCIA-INTELIGENCIA-ARTIFICIAL-Y-DERECHO-DE-AUTOR-644x429.jpg\" alt=\"\" class=\"wp-image-53546\" srcset=\"https:\/\/www.uartes.edu.ec\/sitio\/wp-content\/uploads\/2024\/05\/01-CONFERENCIA-INTELIGENCIA-ARTIFICIAL-Y-DERECHO-DE-AUTOR-644x429.jpg 644w, https:\/\/www.uartes.edu.ec\/sitio\/wp-content\/uploads\/2024\/05\/01-CONFERENCIA-INTELIGENCIA-ARTIFICIAL-Y-DERECHO-DE-AUTOR-768x511.jpg 768w, https:\/\/www.uartes.edu.ec\/sitio\/wp-content\/uploads\/2024\/05\/01-CONFERENCIA-INTELIGENCIA-ARTIFICIAL-Y-DERECHO-DE-AUTOR.jpg 2000w, https:\/\/www.uartes.edu.ec\/sitio\/wp-content\/uploads\/2024\/05\/01-CONFERENCIA-INTELIGENCIA-ARTIFICIAL-Y-DERECHO-DE-AUTOR-18x12.jpg 18w, https:\/\/www.uartes.edu.ec\/sitio\/wp-content\/uploads\/2024\/05\/01-CONFERENCIA-INTELIGENCIA-ARTIFICIAL-Y-DERECHO-DE-AUTOR-600x399.jpg 600w, https:\/\/www.uartes.edu.ec\/sitio\/wp-content\/uploads\/2024\/05\/01-CONFERENCIA-INTELIGENCIA-ARTIFICIAL-Y-DERECHO-DE-AUTOR-272x182.jpg 272w\" sizes=\"(max-width: 644px) 100vw, 644px\" \/><\/figure>\n<\/div>\n\n\n<p>Uso de Inteligencia Artificial como herramienta: al igual que otras herramientas tecnol\u00f3gicas, la Inteligencia Artificial puede ser utilizada como una herramienta de la creatividad humana para la concepci\u00f3n de obras protegibles, lo importante es que sea el ser humano quien tenga el \u201ccontrol creativo sobre la expresi\u00f3n\u201d.<\/p>\n\n\n\n<p>El expositor puso como ejemplo la utilizaci\u00f3n que cada escultor hace de herramientas como el martillo y el cincel para esculpir el m\u00e1rmol. \u00c9l es el autor de la creatividad en la obra final. La Inteligencia Artificial es simplemente una herramienta m\u00e1s, similar al cincel. Sin embargo, cuando permitimos que la herramienta domine el proceso creativo, el artista pierde su autor\u00eda.<\/p>\n\n\n\n<p>\u201cPodemos permitir que ChatGPT mejore un texto existente o incluso que genere uno desde cero sobre un tema determinado, pero en la segunda opci\u00f3n. El autor debe ser consciente de que, al no desarrollar su propia creatividad, su trabajo no es enteramente suyo, m\u00e1s all\u00e1 de la idea inicial. De tal modo que la creaci\u00f3n no ser\u00e1 protegible por Derecho de Autor por falta de autor\u00eda humana.<\/p>\n\n\n\n<p>La presencia o no de autor\u00eda humana y el grado de participaci\u00f3n de Inteligencia Artificial debe analizarse caso por caso, refiri\u00f3.<\/p>\n\n\n\n<p>Los \u201cprompts\u201d son el \u201cequivalente de comisionar una pintura a un artista\u201d. Es como una se\u00f1al que muestra una computadora cuando est\u00e1 lista para que le des \u00f3rdenes o comandos. Su apariencia puede variar seg\u00fan el int\u00e9rprete de comandos utilizado y, generalmente, es personalizable de acuerdo a las preferencias del usuario.<\/p>\n\n\n<div class=\"wp-block-image\">\n<figure class=\"aligncenter size-large\"><img decoding=\"async\" width=\"644\" height=\"429\" src=\"https:\/\/www.uartes.edu.ec\/sitio\/wp-content\/uploads\/2024\/05\/03-CONFERENCIA-INTELIGENCIA-ARTIFICIAL-Y-DERECHO-DE-AUTOR-644x429.jpg\" alt=\"\" class=\"wp-image-53547\" srcset=\"https:\/\/www.uartes.edu.ec\/sitio\/wp-content\/uploads\/2024\/05\/03-CONFERENCIA-INTELIGENCIA-ARTIFICIAL-Y-DERECHO-DE-AUTOR-644x429.jpg 644w, https:\/\/www.uartes.edu.ec\/sitio\/wp-content\/uploads\/2024\/05\/03-CONFERENCIA-INTELIGENCIA-ARTIFICIAL-Y-DERECHO-DE-AUTOR-768x511.jpg 768w, https:\/\/www.uartes.edu.ec\/sitio\/wp-content\/uploads\/2024\/05\/03-CONFERENCIA-INTELIGENCIA-ARTIFICIAL-Y-DERECHO-DE-AUTOR.jpg 2000w, https:\/\/www.uartes.edu.ec\/sitio\/wp-content\/uploads\/2024\/05\/03-CONFERENCIA-INTELIGENCIA-ARTIFICIAL-Y-DERECHO-DE-AUTOR-18x12.jpg 18w, https:\/\/www.uartes.edu.ec\/sitio\/wp-content\/uploads\/2024\/05\/03-CONFERENCIA-INTELIGENCIA-ARTIFICIAL-Y-DERECHO-DE-AUTOR-600x399.jpg 600w, https:\/\/www.uartes.edu.ec\/sitio\/wp-content\/uploads\/2024\/05\/03-CONFERENCIA-INTELIGENCIA-ARTIFICIAL-Y-DERECHO-DE-AUTOR-272x182.jpg 272w\" sizes=\"(max-width: 644px) 100vw, 644px\" \/><\/figure>\n<\/div>\n\n\n<p>Si la contribuci\u00f3n creativa de la Inteligencia Artificial es utilizada junto a una contribuci\u00f3n creativa humana, la obra resultante ser\u00e1 registrable y protegible, pero solo con respecto a la contribuci\u00f3n creativa humana. Cada caso es \u00fanico y por eso hay que estudiarlo a detalle, explic\u00f3.<\/p>\n\n\n\n<p>La disertaci\u00f3n de Arosemena result\u00f3 did\u00e1ctica, pues en su an\u00e1lisis se\u00f1al\u00f3 varios ejemplos y gener\u00f3 inquietudes entre los presentes (en la foto sobre estas l\u00edneas, la estudiante Eleinn Rivera). Mencion\u00f3 el de un escritor que hace un comic con Inteligencia Artificial, \u00e9l ser\u00e1 autor del texto m\u00e1s no de las im\u00e1genes que pasar\u00e1n a ser de dominio p\u00fablico. Durante la charla hubo preguntas de los presentes.<\/p>\n\n\n\n<p>Quien registre una obra debe anunciar a la autoridad los elementos creativos realizadas por Inteligencia Artificial, subray\u00f3 y agreg\u00f3 que la gu\u00eda sobre obras creadas con Inteligencia Artificial de la Oficina de Derechos de Autor de EE. UU. establece claramente que para que una obra tenga la protecci\u00f3n de los derechos de autor debe haber una autor\u00eda humana significativa. Esto implica que, si bien la IA puede ser utilizada como una herramienta en el proceso creativo, el control y la contribuci\u00f3n creativa deben permanecer en manos humanas.<\/p>\n\n\n\n<p>La responsabilidad recae, por lo tanto, en los creadores de obras que involucran Inteligencia Artificial para reconocer y declarar adecuadamente la contribuci\u00f3n de la IA en sus trabajos. Solo as\u00ed se puede garantizar la integridad del proceso creativo y proteger los derechos de autor de manera justa y equitativa. En \u00faltima instancia, a\u00f1adi\u00f3, esta reflexi\u00f3n nos recuerda que, aunque la tecnolog\u00eda pueda avanzar, la creatividad humana sigue siendo insustituible y fundamental en el mundo del arte y la creaci\u00f3n.<\/p>\n\n\n\n<p>Cobertura de la charla: Eleinn Rivera, estudiante de la Escuela de Literatura.<br>Fotos: Steven Mej\u00eda, estudiante de UNIR en PPP en la Dircom.<\/p>\n\n\n\n<p><\/p>","protected":false},"excerpt":{"rendered":"<p>Si la contribuci\u00f3n de la Inteligencia Artificial (IA) es utilizada como herramienta para la creaci\u00f3n humana puede la obra resultante ser registrada. Esta y otras reflexiones hizo el abogado Flavio Arosemena en la charla que dict\u00f3 en la Semana Cultural de Lanfor Abierta, que por el D\u00eda Internacional del Libro organiz\u00f3 la Biblioteca de las Artes. Se titul\u00f3 \u201cInteligencia Artificial y el derecho de autor\u201d. <\/p>","protected":false},"author":10,"featured_media":53545,"comment_status":"open","ping_status":"open","sticky":false,"template":"","format":"standard","meta":{"_acf_changed":false,"_uag_custom_page_level_css":"","_monsterinsights_skip_tracking":false,"_monsterinsights_sitenote_active":false,"_monsterinsights_sitenote_note":"","_monsterinsights_sitenote_category":0,"cybocfi_hide_featured_image":"","footnotes":""},"categories":[80,438,490,82,75,76],"tags":[780],"infouartes":[],"class_list":["post-53544","post","type-post","status-publish","format-standard","has-post-thumbnail","hentry","category-academico","category-administrativos","category-alumni","category-artes","category-docentes","category-estudiantes","tag-biblioteca-de-las-artes"],"acf":[],"yoast_head":"<!-- This site is optimized with the Yoast SEO plugin v27.4 - https:\/\/yoast.com\/product\/yoast-seo-wordpress\/ -->\n<title>Universidad de las Artes - Contribuci\u00f3n de la IA en procesos creativos debe ser como herramienta para que la obra pueda registrarse<\/title>\n<meta name=\"description\" content=\"Universidad de las Artes - Contribuci\u00f3n de la IA en procesos creativos debe ser como herramienta para que la obra pueda registrarse\" \/>\n<meta name=\"robots\" content=\"index, follow, max-snippet:-1, max-image-preview:large, max-video-preview:-1\" \/>\n<link rel=\"canonical\" href=\"https:\/\/www.uartes.edu.ec\/sitio\/en\/blog\/2024\/04\/29\/contribucion-de-la-ia-en-procesos-creativos-debe-ser-como-herramienta-para-que-la-obra-pueda-registrarse\/\" \/>\n<meta property=\"og:locale\" content=\"en_US\" \/>\n<meta property=\"og:type\" content=\"article\" \/>\n<meta property=\"og:title\" content=\"Universidad de las Artes - Contribuci\u00f3n de la IA en procesos creativos debe ser como herramienta para que la obra pueda registrarse\" \/>\n<meta property=\"og:description\" content=\"Universidad de las Artes - Contribuci\u00f3n de la IA en procesos creativos debe ser como herramienta para que la obra pueda registrarse\" \/>\n<meta property=\"og:url\" content=\"https:\/\/www.uartes.edu.ec\/sitio\/en\/blog\/2024\/04\/29\/contribucion-de-la-ia-en-procesos-creativos-debe-ser-como-herramienta-para-que-la-obra-pueda-registrarse\/\" \/>\n<meta property=\"og:site_name\" content=\"Universidad de las Artes\" \/>\n<meta property=\"article:publisher\" content=\"https:\/\/www.facebook.com\/uartesec\" \/>\n<meta property=\"article:published_time\" content=\"2024-04-29T19:14:00+00:00\" \/>\n<meta property=\"article:modified_time\" content=\"2024-07-04T16:19:06+00:00\" \/>\n<meta property=\"og:image\" content=\"https:\/\/www.uartes.edu.ec\/sitio\/wp-content\/uploads\/2024\/05\/02-CONFERENCIA-INTELIGENCIA-ARTIFICIAL-Y-DERECHO-DE-AUTOR.jpg\" \/>\n\t<meta property=\"og:image:width\" content=\"2000\" \/>\n\t<meta property=\"og:image:height\" content=\"1333\" \/>\n\t<meta property=\"og:image:type\" content=\"image\/jpeg\" \/>\n<meta name=\"author\" content=\"ccortez\" \/>\n<meta name=\"twitter:card\" content=\"summary_large_image\" \/>\n<meta name=\"twitter:creator\" content=\"@uartesec\" \/>\n<meta name=\"twitter:site\" content=\"@uartesec\" \/>\n<meta name=\"twitter:label1\" content=\"Written by\" \/>\n\t<meta name=\"twitter:data1\" content=\"ccortez\" \/>\n\t<meta name=\"twitter:label2\" content=\"Est. reading time\" \/>\n\t<meta name=\"twitter:data2\" content=\"5 minutes\" \/>\n<script type=\"application\/ld+json\" class=\"yoast-schema-graph\">{\"@context\":\"https:\\\/\\\/schema.org\",\"@graph\":[{\"@type\":\"Article\",\"@id\":\"https:\\\/\\\/www.uartes.edu.ec\\\/sitio\\\/en\\\/blog\\\/2024\\\/04\\\/29\\\/contribucion-de-la-ia-en-procesos-creativos-debe-ser-como-herramienta-para-que-la-obra-pueda-registrarse\\\/#article\",\"isPartOf\":{\"@id\":\"https:\\\/\\\/www.uartes.edu.ec\\\/sitio\\\/en\\\/blog\\\/2024\\\/04\\\/29\\\/contribucion-de-la-ia-en-procesos-creativos-debe-ser-como-herramienta-para-que-la-obra-pueda-registrarse\\\/\"},\"author\":{\"name\":\"ccortez\",\"@id\":\"https:\\\/\\\/www.uartes.edu.ec\\\/sitio\\\/en\\\/#\\\/schema\\\/person\\\/efa1b8275797664fd7f13a79ccc0b1f4\"},\"headline\":\"Contribuci\u00f3n de la IA en procesos creativos debe ser como herramienta para que la obra pueda registrarse\",\"datePublished\":\"2024-04-29T19:14:00+00:00\",\"dateModified\":\"2024-07-04T16:19:06+00:00\",\"mainEntityOfPage\":{\"@id\":\"https:\\\/\\\/www.uartes.edu.ec\\\/sitio\\\/en\\\/blog\\\/2024\\\/04\\\/29\\\/contribucion-de-la-ia-en-procesos-creativos-debe-ser-como-herramienta-para-que-la-obra-pueda-registrarse\\\/\"},\"wordCount\":829,\"commentCount\":0,\"publisher\":{\"@id\":\"https:\\\/\\\/www.uartes.edu.ec\\\/sitio\\\/en\\\/#organization\"},\"image\":{\"@id\":\"https:\\\/\\\/www.uartes.edu.ec\\\/sitio\\\/en\\\/blog\\\/2024\\\/04\\\/29\\\/contribucion-de-la-ia-en-procesos-creativos-debe-ser-como-herramienta-para-que-la-obra-pueda-registrarse\\\/#primaryimage\"},\"thumbnailUrl\":\"https:\\\/\\\/www.uartes.edu.ec\\\/sitio\\\/wp-content\\\/uploads\\\/2024\\\/05\\\/02-CONFERENCIA-INTELIGENCIA-ARTIFICIAL-Y-DERECHO-DE-AUTOR.jpg\",\"keywords\":[\"biblioteca de las artes\"],\"articleSection\":[\"Acad\u00e9mico\",\"Administrativos\",\"Alumni\",\"Artes\",\"Docentes\",\"Estudiantes\"],\"inLanguage\":\"en-US\",\"potentialAction\":[{\"@type\":\"CommentAction\",\"name\":\"Comment\",\"target\":[\"https:\\\/\\\/www.uartes.edu.ec\\\/sitio\\\/en\\\/blog\\\/2024\\\/04\\\/29\\\/contribucion-de-la-ia-en-procesos-creativos-debe-ser-como-herramienta-para-que-la-obra-pueda-registrarse\\\/#respond\"]}]},{\"@type\":[\"WebPage\",\"ItemPage\"],\"@id\":\"https:\\\/\\\/www.uartes.edu.ec\\\/sitio\\\/en\\\/blog\\\/2024\\\/04\\\/29\\\/contribucion-de-la-ia-en-procesos-creativos-debe-ser-como-herramienta-para-que-la-obra-pueda-registrarse\\\/\",\"url\":\"https:\\\/\\\/www.uartes.edu.ec\\\/sitio\\\/en\\\/blog\\\/2024\\\/04\\\/29\\\/contribucion-de-la-ia-en-procesos-creativos-debe-ser-como-herramienta-para-que-la-obra-pueda-registrarse\\\/\",\"name\":\"Universidad de las Artes - Contribuci\u00f3n de la IA en procesos creativos debe ser como herramienta para que la obra pueda registrarse\",\"isPartOf\":{\"@id\":\"https:\\\/\\\/www.uartes.edu.ec\\\/sitio\\\/en\\\/#website\"},\"primaryImageOfPage\":{\"@id\":\"https:\\\/\\\/www.uartes.edu.ec\\\/sitio\\\/en\\\/blog\\\/2024\\\/04\\\/29\\\/contribucion-de-la-ia-en-procesos-creativos-debe-ser-como-herramienta-para-que-la-obra-pueda-registrarse\\\/#primaryimage\"},\"image\":{\"@id\":\"https:\\\/\\\/www.uartes.edu.ec\\\/sitio\\\/en\\\/blog\\\/2024\\\/04\\\/29\\\/contribucion-de-la-ia-en-procesos-creativos-debe-ser-como-herramienta-para-que-la-obra-pueda-registrarse\\\/#primaryimage\"},\"thumbnailUrl\":\"https:\\\/\\\/www.uartes.edu.ec\\\/sitio\\\/wp-content\\\/uploads\\\/2024\\\/05\\\/02-CONFERENCIA-INTELIGENCIA-ARTIFICIAL-Y-DERECHO-DE-AUTOR.jpg\",\"datePublished\":\"2024-04-29T19:14:00+00:00\",\"dateModified\":\"2024-07-04T16:19:06+00:00\",\"description\":\"Universidad de las Artes - Contribuci\u00f3n de la IA en procesos creativos debe ser como herramienta para que la obra pueda registrarse\",\"breadcrumb\":{\"@id\":\"https:\\\/\\\/www.uartes.edu.ec\\\/sitio\\\/en\\\/blog\\\/2024\\\/04\\\/29\\\/contribucion-de-la-ia-en-procesos-creativos-debe-ser-como-herramienta-para-que-la-obra-pueda-registrarse\\\/#breadcrumb\"},\"inLanguage\":\"en-US\",\"potentialAction\":[{\"@type\":\"ReadAction\",\"target\":[\"https:\\\/\\\/www.uartes.edu.ec\\\/sitio\\\/en\\\/blog\\\/2024\\\/04\\\/29\\\/contribucion-de-la-ia-en-procesos-creativos-debe-ser-como-herramienta-para-que-la-obra-pueda-registrarse\\\/\"]}]},{\"@type\":\"ImageObject\",\"inLanguage\":\"en-US\",\"@id\":\"https:\\\/\\\/www.uartes.edu.ec\\\/sitio\\\/en\\\/blog\\\/2024\\\/04\\\/29\\\/contribucion-de-la-ia-en-procesos-creativos-debe-ser-como-herramienta-para-que-la-obra-pueda-registrarse\\\/#primaryimage\",\"url\":\"https:\\\/\\\/www.uartes.edu.ec\\\/sitio\\\/wp-content\\\/uploads\\\/2024\\\/05\\\/02-CONFERENCIA-INTELIGENCIA-ARTIFICIAL-Y-DERECHO-DE-AUTOR.jpg\",\"contentUrl\":\"https:\\\/\\\/www.uartes.edu.ec\\\/sitio\\\/wp-content\\\/uploads\\\/2024\\\/05\\\/02-CONFERENCIA-INTELIGENCIA-ARTIFICIAL-Y-DERECHO-DE-AUTOR.jpg\",\"width\":2000,\"height\":1333},{\"@type\":\"BreadcrumbList\",\"@id\":\"https:\\\/\\\/www.uartes.edu.ec\\\/sitio\\\/en\\\/blog\\\/2024\\\/04\\\/29\\\/contribucion-de-la-ia-en-procesos-creativos-debe-ser-como-herramienta-para-que-la-obra-pueda-registrarse\\\/#breadcrumb\",\"itemListElement\":[{\"@type\":\"ListItem\",\"position\":1,\"name\":\"Inicio\",\"item\":\"https:\\\/\\\/www.uartes.edu.ec\\\/sitio\\\/\"},{\"@type\":\"ListItem\",\"position\":2,\"name\":\"Contribuci\u00f3n de la IA en procesos creativos debe ser como herramienta para que la obra pueda registrarse\"}]},{\"@type\":\"WebSite\",\"@id\":\"https:\\\/\\\/www.uartes.edu.ec\\\/sitio\\\/en\\\/#website\",\"url\":\"https:\\\/\\\/www.uartes.edu.ec\\\/sitio\\\/en\\\/\",\"name\":\"Universidad de las Artes\",\"description\":\"Sitio oficial de la Universidad Nacional de las Artes del Ecuador\",\"publisher\":{\"@id\":\"https:\\\/\\\/www.uartes.edu.ec\\\/sitio\\\/en\\\/#organization\"},\"potentialAction\":[{\"@type\":\"SearchAction\",\"target\":{\"@type\":\"EntryPoint\",\"urlTemplate\":\"https:\\\/\\\/www.uartes.edu.ec\\\/sitio\\\/en\\\/?s={search_term_string}\"},\"query-input\":{\"@type\":\"PropertyValueSpecification\",\"valueRequired\":true,\"valueName\":\"search_term_string\"}}],\"inLanguage\":\"en-US\"},{\"@type\":\"Organization\",\"@id\":\"https:\\\/\\\/www.uartes.edu.ec\\\/sitio\\\/en\\\/#organization\",\"name\":\"Universidad de las Artes\",\"url\":\"https:\\\/\\\/www.uartes.edu.ec\\\/sitio\\\/en\\\/\",\"logo\":{\"@type\":\"ImageObject\",\"inLanguage\":\"en-US\",\"@id\":\"https:\\\/\\\/www.uartes.edu.ec\\\/sitio\\\/en\\\/#\\\/schema\\\/logo\\\/image\\\/\",\"url\":\"https:\\\/\\\/www.uartes.edu.ec\\\/sitio\\\/wp-content\\\/uploads\\\/2022\\\/07\\\/logo-ua-horizontal.png\",\"contentUrl\":\"https:\\\/\\\/www.uartes.edu.ec\\\/sitio\\\/wp-content\\\/uploads\\\/2022\\\/07\\\/logo-ua-horizontal.png\",\"width\":800,\"height\":276,\"caption\":\"Universidad de las Artes\"},\"image\":{\"@id\":\"https:\\\/\\\/www.uartes.edu.ec\\\/sitio\\\/en\\\/#\\\/schema\\\/logo\\\/image\\\/\"},\"sameAs\":[\"https:\\\/\\\/www.facebook.com\\\/uartesec\",\"https:\\\/\\\/x.com\\\/uartesec\",\"https:\\\/\\\/www.tiktok.com\\\/@uartesec\"]},{\"@type\":\"Person\",\"@id\":\"https:\\\/\\\/www.uartes.edu.ec\\\/sitio\\\/en\\\/#\\\/schema\\\/person\\\/efa1b8275797664fd7f13a79ccc0b1f4\",\"name\":\"ccortez\",\"image\":{\"@type\":\"ImageObject\",\"inLanguage\":\"en-US\",\"@id\":\"https:\\\/\\\/secure.gravatar.com\\\/avatar\\\/b2a6f664a3ae8e074346ef91775736c5ec479e637ecced6842de9dc98b5da9cd?s=96&d=mm&r=g\",\"url\":\"https:\\\/\\\/secure.gravatar.com\\\/avatar\\\/b2a6f664a3ae8e074346ef91775736c5ec479e637ecced6842de9dc98b5da9cd?s=96&d=mm&r=g\",\"contentUrl\":\"https:\\\/\\\/secure.gravatar.com\\\/avatar\\\/b2a6f664a3ae8e074346ef91775736c5ec479e637ecced6842de9dc98b5da9cd?s=96&d=mm&r=g\",\"caption\":\"ccortez\"},\"url\":\"https:\\\/\\\/www.uartes.edu.ec\\\/sitio\\\/en\\\/blog\\\/author\\\/ccortez\\\/\"}]}<\/script>\n<!-- \/ Yoast SEO plugin. -->","yoast_head_json":{"title":"Universidad de las Artes - Contribuci\u00f3n de la IA en procesos creativos debe ser como herramienta para que la obra pueda registrarse","description":"Universidad de las Artes - Contribuci\u00f3n de la IA en procesos creativos debe ser como herramienta para que la obra pueda registrarse","robots":{"index":"index","follow":"follow","max-snippet":"max-snippet:-1","max-image-preview":"max-image-preview:large","max-video-preview":"max-video-preview:-1"},"canonical":"https:\/\/www.uartes.edu.ec\/sitio\/en\/blog\/2024\/04\/29\/contribucion-de-la-ia-en-procesos-creativos-debe-ser-como-herramienta-para-que-la-obra-pueda-registrarse\/","og_locale":"en_US","og_type":"article","og_title":"Universidad de las Artes - Contribuci\u00f3n de la IA en procesos creativos debe ser como herramienta para que la obra pueda registrarse","og_description":"Universidad de las Artes - Contribuci\u00f3n de la IA en procesos creativos debe ser como herramienta para que la obra pueda registrarse","og_url":"https:\/\/www.uartes.edu.ec\/sitio\/en\/blog\/2024\/04\/29\/contribucion-de-la-ia-en-procesos-creativos-debe-ser-como-herramienta-para-que-la-obra-pueda-registrarse\/","og_site_name":"Universidad de las Artes","article_publisher":"https:\/\/www.facebook.com\/uartesec","article_published_time":"2024-04-29T19:14:00+00:00","article_modified_time":"2024-07-04T16:19:06+00:00","og_image":[{"width":2000,"height":1333,"url":"https:\/\/www.uartes.edu.ec\/sitio\/wp-content\/uploads\/2024\/05\/02-CONFERENCIA-INTELIGENCIA-ARTIFICIAL-Y-DERECHO-DE-AUTOR.jpg","type":"image\/jpeg"}],"author":"ccortez","twitter_card":"summary_large_image","twitter_creator":"@uartesec","twitter_site":"@uartesec","twitter_misc":{"Written by":"ccortez","Est. reading time":"5 minutes"},"schema":{"@context":"https:\/\/schema.org","@graph":[{"@type":"Article","@id":"https:\/\/www.uartes.edu.ec\/sitio\/en\/blog\/2024\/04\/29\/contribucion-de-la-ia-en-procesos-creativos-debe-ser-como-herramienta-para-que-la-obra-pueda-registrarse\/#article","isPartOf":{"@id":"https:\/\/www.uartes.edu.ec\/sitio\/en\/blog\/2024\/04\/29\/contribucion-de-la-ia-en-procesos-creativos-debe-ser-como-herramienta-para-que-la-obra-pueda-registrarse\/"},"author":{"name":"ccortez","@id":"https:\/\/www.uartes.edu.ec\/sitio\/en\/#\/schema\/person\/efa1b8275797664fd7f13a79ccc0b1f4"},"headline":"Contribuci\u00f3n de la IA en procesos creativos debe ser como herramienta para que la obra pueda registrarse","datePublished":"2024-04-29T19:14:00+00:00","dateModified":"2024-07-04T16:19:06+00:00","mainEntityOfPage":{"@id":"https:\/\/www.uartes.edu.ec\/sitio\/en\/blog\/2024\/04\/29\/contribucion-de-la-ia-en-procesos-creativos-debe-ser-como-herramienta-para-que-la-obra-pueda-registrarse\/"},"wordCount":829,"commentCount":0,"publisher":{"@id":"https:\/\/www.uartes.edu.ec\/sitio\/en\/#organization"},"image":{"@id":"https:\/\/www.uartes.edu.ec\/sitio\/en\/blog\/2024\/04\/29\/contribucion-de-la-ia-en-procesos-creativos-debe-ser-como-herramienta-para-que-la-obra-pueda-registrarse\/#primaryimage"},"thumbnailUrl":"https:\/\/www.uartes.edu.ec\/sitio\/wp-content\/uploads\/2024\/05\/02-CONFERENCIA-INTELIGENCIA-ARTIFICIAL-Y-DERECHO-DE-AUTOR.jpg","keywords":["biblioteca de las artes"],"articleSection":["Acad\u00e9mico","Administrativos","Alumni","Artes","Docentes","Estudiantes"],"inLanguage":"en-US","potentialAction":[{"@type":"CommentAction","name":"Comment","target":["https:\/\/www.uartes.edu.ec\/sitio\/en\/blog\/2024\/04\/29\/contribucion-de-la-ia-en-procesos-creativos-debe-ser-como-herramienta-para-que-la-obra-pueda-registrarse\/#respond"]}]},{"@type":["WebPage","ItemPage"],"@id":"https:\/\/www.uartes.edu.ec\/sitio\/en\/blog\/2024\/04\/29\/contribucion-de-la-ia-en-procesos-creativos-debe-ser-como-herramienta-para-que-la-obra-pueda-registrarse\/","url":"https:\/\/www.uartes.edu.ec\/sitio\/en\/blog\/2024\/04\/29\/contribucion-de-la-ia-en-procesos-creativos-debe-ser-como-herramienta-para-que-la-obra-pueda-registrarse\/","name":"Universidad de las Artes - Contribuci\u00f3n de la IA en procesos creativos debe ser como herramienta para que la obra pueda registrarse","isPartOf":{"@id":"https:\/\/www.uartes.edu.ec\/sitio\/en\/#website"},"primaryImageOfPage":{"@id":"https:\/\/www.uartes.edu.ec\/sitio\/en\/blog\/2024\/04\/29\/contribucion-de-la-ia-en-procesos-creativos-debe-ser-como-herramienta-para-que-la-obra-pueda-registrarse\/#primaryimage"},"image":{"@id":"https:\/\/www.uartes.edu.ec\/sitio\/en\/blog\/2024\/04\/29\/contribucion-de-la-ia-en-procesos-creativos-debe-ser-como-herramienta-para-que-la-obra-pueda-registrarse\/#primaryimage"},"thumbnailUrl":"https:\/\/www.uartes.edu.ec\/sitio\/wp-content\/uploads\/2024\/05\/02-CONFERENCIA-INTELIGENCIA-ARTIFICIAL-Y-DERECHO-DE-AUTOR.jpg","datePublished":"2024-04-29T19:14:00+00:00","dateModified":"2024-07-04T16:19:06+00:00","description":"Universidad de las Artes - Contribuci\u00f3n de la IA en procesos creativos debe ser como herramienta para que la obra pueda registrarse","breadcrumb":{"@id":"https:\/\/www.uartes.edu.ec\/sitio\/en\/blog\/2024\/04\/29\/contribucion-de-la-ia-en-procesos-creativos-debe-ser-como-herramienta-para-que-la-obra-pueda-registrarse\/#breadcrumb"},"inLanguage":"en-US","potentialAction":[{"@type":"ReadAction","target":["https:\/\/www.uartes.edu.ec\/sitio\/en\/blog\/2024\/04\/29\/contribucion-de-la-ia-en-procesos-creativos-debe-ser-como-herramienta-para-que-la-obra-pueda-registrarse\/"]}]},{"@type":"ImageObject","inLanguage":"en-US","@id":"https:\/\/www.uartes.edu.ec\/sitio\/en\/blog\/2024\/04\/29\/contribucion-de-la-ia-en-procesos-creativos-debe-ser-como-herramienta-para-que-la-obra-pueda-registrarse\/#primaryimage","url":"https:\/\/www.uartes.edu.ec\/sitio\/wp-content\/uploads\/2024\/05\/02-CONFERENCIA-INTELIGENCIA-ARTIFICIAL-Y-DERECHO-DE-AUTOR.jpg","contentUrl":"https:\/\/www.uartes.edu.ec\/sitio\/wp-content\/uploads\/2024\/05\/02-CONFERENCIA-INTELIGENCIA-ARTIFICIAL-Y-DERECHO-DE-AUTOR.jpg","width":2000,"height":1333},{"@type":"BreadcrumbList","@id":"https:\/\/www.uartes.edu.ec\/sitio\/en\/blog\/2024\/04\/29\/contribucion-de-la-ia-en-procesos-creativos-debe-ser-como-herramienta-para-que-la-obra-pueda-registrarse\/#breadcrumb","itemListElement":[{"@type":"ListItem","position":1,"name":"Inicio","item":"https:\/\/www.uartes.edu.ec\/sitio\/"},{"@type":"ListItem","position":2,"name":"Contribuci\u00f3n de la IA en procesos creativos debe ser como herramienta para que la obra pueda registrarse"}]},{"@type":"WebSite","@id":"https:\/\/www.uartes.edu.ec\/sitio\/en\/#website","url":"https:\/\/www.uartes.edu.ec\/sitio\/en\/","name":"Universidad de las Artes","description":"Sitio oficial de la Universidad Nacional de las Artes del Ecuador","publisher":{"@id":"https:\/\/www.uartes.edu.ec\/sitio\/en\/#organization"},"potentialAction":[{"@type":"SearchAction","target":{"@type":"EntryPoint","urlTemplate":"https:\/\/www.uartes.edu.ec\/sitio\/en\/?s={search_term_string}"},"query-input":{"@type":"PropertyValueSpecification","valueRequired":true,"valueName":"search_term_string"}}],"inLanguage":"en-US"},{"@type":"Organization","@id":"https:\/\/www.uartes.edu.ec\/sitio\/en\/#organization","name":"Universidad de las Artes","url":"https:\/\/www.uartes.edu.ec\/sitio\/en\/","logo":{"@type":"ImageObject","inLanguage":"en-US","@id":"https:\/\/www.uartes.edu.ec\/sitio\/en\/#\/schema\/logo\/image\/","url":"https:\/\/www.uartes.edu.ec\/sitio\/wp-content\/uploads\/2022\/07\/logo-ua-horizontal.png","contentUrl":"https:\/\/www.uartes.edu.ec\/sitio\/wp-content\/uploads\/2022\/07\/logo-ua-horizontal.png","width":800,"height":276,"caption":"Universidad de las Artes"},"image":{"@id":"https:\/\/www.uartes.edu.ec\/sitio\/en\/#\/schema\/logo\/image\/"},"sameAs":["https:\/\/www.facebook.com\/uartesec","https:\/\/x.com\/uartesec","https:\/\/www.tiktok.com\/@uartesec"]},{"@type":"Person","@id":"https:\/\/www.uartes.edu.ec\/sitio\/en\/#\/schema\/person\/efa1b8275797664fd7f13a79ccc0b1f4","name":"ccortez","image":{"@type":"ImageObject","inLanguage":"en-US","@id":"https:\/\/secure.gravatar.com\/avatar\/b2a6f664a3ae8e074346ef91775736c5ec479e637ecced6842de9dc98b5da9cd?s=96&d=mm&r=g","url":"https:\/\/secure.gravatar.com\/avatar\/b2a6f664a3ae8e074346ef91775736c5ec479e637ecced6842de9dc98b5da9cd?s=96&d=mm&r=g","contentUrl":"https:\/\/secure.gravatar.com\/avatar\/b2a6f664a3ae8e074346ef91775736c5ec479e637ecced6842de9dc98b5da9cd?s=96&d=mm&r=g","caption":"ccortez"},"url":"https:\/\/www.uartes.edu.ec\/sitio\/en\/blog\/author\/ccortez\/"}]}},"uagb_featured_image_src":{"full":["https:\/\/www.uartes.edu.ec\/sitio\/wp-content\/uploads\/2024\/05\/02-CONFERENCIA-INTELIGENCIA-ARTIFICIAL-Y-DERECHO-DE-AUTOR.jpg",2000,1333,false],"thumbnail":["https:\/\/www.uartes.edu.ec\/sitio\/wp-content\/uploads\/2024\/05\/02-CONFERENCIA-INTELIGENCIA-ARTIFICIAL-Y-DERECHO-DE-AUTOR-150x150.jpg",150,150,true],"medium":["https:\/\/www.uartes.edu.ec\/sitio\/wp-content\/uploads\/2024\/05\/02-CONFERENCIA-INTELIGENCIA-ARTIFICIAL-Y-DERECHO-DE-AUTOR-300x200.jpg",300,200,true],"medium_large":["https:\/\/www.uartes.edu.ec\/sitio\/wp-content\/uploads\/2024\/05\/02-CONFERENCIA-INTELIGENCIA-ARTIFICIAL-Y-DERECHO-DE-AUTOR-768x512.jpg",768,512,true],"large":["https:\/\/www.uartes.edu.ec\/sitio\/wp-content\/uploads\/2024\/05\/02-CONFERENCIA-INTELIGENCIA-ARTIFICIAL-Y-DERECHO-DE-AUTOR-644x429.jpg",644,429,true],"1536x1536":["https:\/\/www.uartes.edu.ec\/sitio\/wp-content\/uploads\/2024\/05\/02-CONFERENCIA-INTELIGENCIA-ARTIFICIAL-Y-DERECHO-DE-AUTOR-1536x1024.jpg",1536,1024,true],"2048x2048":["https:\/\/www.uartes.edu.ec\/sitio\/wp-content\/uploads\/2024\/05\/02-CONFERENCIA-INTELIGENCIA-ARTIFICIAL-Y-DERECHO-DE-AUTOR.jpg",2000,1333,false],"trp-custom-language-flag":["https:\/\/www.uartes.edu.ec\/sitio\/wp-content\/uploads\/2024\/05\/02-CONFERENCIA-INTELIGENCIA-ARTIFICIAL-Y-DERECHO-DE-AUTOR-18x12.jpg",18,12,true],"htmega_size_585x295":["https:\/\/www.uartes.edu.ec\/sitio\/wp-content\/uploads\/2024\/05\/02-CONFERENCIA-INTELIGENCIA-ARTIFICIAL-Y-DERECHO-DE-AUTOR-585x295.jpg",585,295,true],"htmega_size_1170x536":["https:\/\/www.uartes.edu.ec\/sitio\/wp-content\/uploads\/2024\/05\/02-CONFERENCIA-INTELIGENCIA-ARTIFICIAL-Y-DERECHO-DE-AUTOR-1170x536.jpg",1170,536,true],"htmega_size_396x360":["https:\/\/www.uartes.edu.ec\/sitio\/wp-content\/uploads\/2024\/05\/02-CONFERENCIA-INTELIGENCIA-ARTIFICIAL-Y-DERECHO-DE-AUTOR-396x360.jpg",396,360,true],"gb-block-post-grid-landscape":["https:\/\/www.uartes.edu.ec\/sitio\/wp-content\/uploads\/2024\/05\/02-CONFERENCIA-INTELIGENCIA-ARTIFICIAL-Y-DERECHO-DE-AUTOR-600x400.jpg",600,400,true],"gb-block-post-grid-square":["https:\/\/www.uartes.edu.ec\/sitio\/wp-content\/uploads\/2024\/05\/02-CONFERENCIA-INTELIGENCIA-ARTIFICIAL-Y-DERECHO-DE-AUTOR-600x600.jpg",600,600,true],"university-hub-thumb":["https:\/\/www.uartes.edu.ec\/sitio\/wp-content\/uploads\/2024\/05\/02-CONFERENCIA-INTELIGENCIA-ARTIFICIAL-Y-DERECHO-DE-AUTOR-400x267.jpg",400,267,true]},"uagb_author_info":{"display_name":"ccortez","author_link":"https:\/\/www.uartes.edu.ec\/sitio\/en\/blog\/author\/ccortez\/"},"uagb_comment_info":0,"uagb_excerpt":"Si la contribuci\u00f3n de la Inteligencia Artificial (IA) es utilizada como herramienta para la creaci\u00f3n humana puede la obra resultante ser registrada. Esta y otras reflexiones hizo el abogado Flavio Arosemena en la charla que dict\u00f3 en la Semana Cultural de Lanfor Abierta, que por el D\u00eda Internacional del Libro organiz\u00f3 la Biblioteca de las&hellip;","featured_image_src":"https:\/\/www.uartes.edu.ec\/sitio\/wp-content\/uploads\/2024\/05\/02-CONFERENCIA-INTELIGENCIA-ARTIFICIAL-Y-DERECHO-DE-AUTOR-600x400.jpg","featured_image_src_square":"https:\/\/www.uartes.edu.ec\/sitio\/wp-content\/uploads\/2024\/05\/02-CONFERENCIA-INTELIGENCIA-ARTIFICIAL-Y-DERECHO-DE-AUTOR-600x600.jpg","author_info":{"display_name":"ccortez","author_link":"https:\/\/www.uartes.edu.ec\/sitio\/en\/blog\/author\/ccortez\/"},"publishpress_future_workflow_manual_trigger":{"enabledWorkflows":[]},"distributor_meta":false,"distributor_terms":false,"distributor_media":false,"distributor_original_site_name":"Universidad de las Artes","distributor_original_site_url":"https:\/\/www.uartes.edu.ec\/sitio\/en","push-errors":false,"_links":{"self":[{"href":"https:\/\/www.uartes.edu.ec\/sitio\/en\/wp-json\/wp\/v2\/posts\/53544","targetHints":{"allow":["GET"]}}],"collection":[{"href":"https:\/\/www.uartes.edu.ec\/sitio\/en\/wp-json\/wp\/v2\/posts"}],"about":[{"href":"https:\/\/www.uartes.edu.ec\/sitio\/en\/wp-json\/wp\/v2\/types\/post"}],"author":[{"embeddable":true,"href":"https:\/\/www.uartes.edu.ec\/sitio\/en\/wp-json\/wp\/v2\/users\/10"}],"replies":[{"embeddable":true,"href":"https:\/\/www.uartes.edu.ec\/sitio\/en\/wp-json\/wp\/v2\/comments?post=53544"}],"version-history":[{"count":6,"href":"https:\/\/www.uartes.edu.ec\/sitio\/en\/wp-json\/wp\/v2\/posts\/53544\/revisions"}],"predecessor-version":[{"id":53557,"href":"https:\/\/www.uartes.edu.ec\/sitio\/en\/wp-json\/wp\/v2\/posts\/53544\/revisions\/53557"}],"wp:featuredmedia":[{"embeddable":true,"href":"https:\/\/www.uartes.edu.ec\/sitio\/en\/wp-json\/wp\/v2\/media\/53545"}],"wp:attachment":[{"href":"https:\/\/www.uartes.edu.ec\/sitio\/en\/wp-json\/wp\/v2\/media?parent=53544"}],"wp:term":[{"taxonomy":"category","embeddable":true,"href":"https:\/\/www.uartes.edu.ec\/sitio\/en\/wp-json\/wp\/v2\/categories?post=53544"},{"taxonomy":"post_tag","embeddable":true,"href":"https:\/\/www.uartes.edu.ec\/sitio\/en\/wp-json\/wp\/v2\/tags?post=53544"},{"taxonomy":"infouartes","embeddable":true,"href":"https:\/\/www.uartes.edu.ec\/sitio\/en\/wp-json\/wp\/v2\/infouartes?post=53544"}],"curies":[{"name":"wp","href":"https:\/\/api.w.org\/{rel}","templated":true}]}}