{"id":54418,"date":"2024-05-23T18:20:00","date_gmt":"2024-05-23T23:20:00","guid":{"rendered":"https:\/\/www.uartes.edu.ec\/sitio\/?p=54418"},"modified":"2024-07-04T11:18:56","modified_gmt":"2024-07-04T16:18:56","slug":"artista-uartes-rocio-soria-diaz-unica-ecuatoriana-en-estancia-virtual-anudaciones","status":"publish","type":"post","link":"https:\/\/www.uartes.edu.ec\/sitio\/en\/blog\/2024\/05\/23\/artista-uartes-rocio-soria-diaz-unica-ecuatoriana-en-estancia-virtual-anudaciones\/","title":{"rendered":"De entre 76 artistas de varios pa\u00edses, Roc\u00edo Soria D\u00edaz logra su espacio en \u201cAnudaciones\u201d, una estancia virtual"},"content":{"rendered":"<p>La artista Roc\u00edo Soria D\u00edaz, graduada de pre y posgrado de la Universidad de las Artes, es la \u00fanica representante de Ecuador en \u201cAnudaciones: Estancia de pensamiento, creaci\u00f3n y pr\u00e1cticas art\u00edsticas transdiciplinares\u201d, un espacio de encuentro e intercambio de ideas al que lleg\u00f3 tras responder a una convocatoria y quedar seleccionada junto a postulantes de Curazao, Honduras, Colombia y Argentina.<\/p>\n\n\n\n<p>En su sitio web, la Escuela Experimental de Artes (EAT), proponente de la estancia, se\u00f1ala que su prop\u00f3sito es el de articular redes solidarias de trabajo que apoyen y fomenten espacios de reciprocidad basados en la empat\u00eda y el di\u00e1logo a partir de intereses comunes, mediado esto por un enfoque afectivo en donde las\/los participantes comparten sus intereses y necesidades relacionadas con su pr\u00e1ctica art\u00edstica.<\/p>\n\n\n\n<p>\u201cAnudaciones\u201d, cuyo desarrollo es virtual, arranc\u00f3 el 6 de mayo y extender\u00e1 hasta el 5 de junio. Junto con Soria D\u00edaz participan Vesuhely Americaan, de Curazao; Dina Lagos, de Honduras; y Elena Hoyos, Alejandro Ram\u00edrez Restrepo y Mar\u00eda Fernanda Graciano G\u00f3mez, de Colombia.<\/p>\n\n\n<div class=\"wp-block-image\">\n<figure class=\"aligncenter size-large\"><img fetchpriority=\"high\" decoding=\"async\" width=\"644\" height=\"429\" src=\"https:\/\/www.uartes.edu.ec\/sitio\/wp-content\/uploads\/2024\/05\/03-ANUDACIONES-644x429.jpg\" alt=\"\" class=\"wp-image-54615\" srcset=\"https:\/\/www.uartes.edu.ec\/sitio\/wp-content\/uploads\/2024\/05\/03-ANUDACIONES-644x429.jpg 644w, https:\/\/www.uartes.edu.ec\/sitio\/wp-content\/uploads\/2024\/05\/03-ANUDACIONES-768x511.jpg 768w, https:\/\/www.uartes.edu.ec\/sitio\/wp-content\/uploads\/2024\/05\/03-ANUDACIONES.jpg 2000w, https:\/\/www.uartes.edu.ec\/sitio\/wp-content\/uploads\/2024\/05\/03-ANUDACIONES-18x12.jpg 18w, https:\/\/www.uartes.edu.ec\/sitio\/wp-content\/uploads\/2024\/05\/03-ANUDACIONES-600x399.jpg 600w, https:\/\/www.uartes.edu.ec\/sitio\/wp-content\/uploads\/2024\/05\/03-ANUDACIONES-272x182.jpg 272w\" sizes=\"(max-width: 644px) 100vw, 644px\" \/><\/figure>\n<\/div>\n\n\n<p>Para esta primera edici\u00f3n de \u201cAnudaciones\u201d, la EAT recibi\u00f3 76 aplicaciones de artistas de varios pa\u00edses con perfiles muy interesantes, seg\u00fan subraya en su web. En el primer encuentro, el Colectivo Arquitectura Expandida&nbsp;comparti\u00f3 con las\/los participantes su experiencia de trabajo con comunidades de base y c\u00f3mo los lenguajes de la arquitectura y el urbanismo construyen entramados comunitarios para la negociaci\u00f3n y el debate sobre la ciudad.<br><br>En el segundo encuentro, el di\u00e1logo se direccion\u00f3 hacia los procesos de investigaci\u00f3n y pr\u00e1cticas de trabajo de los artistas participantes. Intervinieron Roc\u00edo Soria Diaz, quien es tambi\u00e9n funcionaria UArtes, y el colombiano Alejandro Ram\u00edrez Restrepo.<br><br>Para su exposici\u00f3n, anot\u00f3 Soria D\u00edaz, prepar\u00f3 la presentaci\u00f3n de su portafolio art\u00edstico, en el que const\u00f3 \u201cPensamiento Manglar\u201d, su m\u00e1s reciente trabajo, el cual es virtual y explora la intersecci\u00f3n entre el cuerpo, el territorio, la tecnodiversidad y una neo-mitolog\u00eda, creando un di\u00e1logo especulativo sobre la coexistencia y la interdependencia.<\/p>\n\n\n\n<p>De esta obra, la artista ecuatoriana dio cuentas de su desarrollo y concepto. Tambi\u00e9n traz\u00f3 una l\u00ednea temporal de los trabajos que realiz\u00f3 desde antes, partiendo de las pr\u00e1cticas de nuevos medios digitales hasta llegar a los objetos y el proceso de descentralizaci\u00f3n de la monotecnolog\u00eda, as\u00ed como su apertura hacia la tecno diversidad.<\/p>\n\n\n<div class=\"wp-block-image\">\n<figure class=\"aligncenter size-large\"><img decoding=\"async\" width=\"644\" height=\"429\" src=\"https:\/\/www.uartes.edu.ec\/sitio\/wp-content\/uploads\/2024\/05\/01-ANUDACIONES-644x429.jpg\" alt=\"\" class=\"wp-image-54616\" srcset=\"https:\/\/www.uartes.edu.ec\/sitio\/wp-content\/uploads\/2024\/05\/01-ANUDACIONES-644x429.jpg 644w, https:\/\/www.uartes.edu.ec\/sitio\/wp-content\/uploads\/2024\/05\/01-ANUDACIONES-300x200.jpg 300w, https:\/\/www.uartes.edu.ec\/sitio\/wp-content\/uploads\/2024\/05\/01-ANUDACIONES-768x512.jpg 768w, https:\/\/www.uartes.edu.ec\/sitio\/wp-content\/uploads\/2024\/05\/01-ANUDACIONES-1536x1024.jpg 1536w, https:\/\/www.uartes.edu.ec\/sitio\/wp-content\/uploads\/2024\/05\/01-ANUDACIONES-18x12.jpg 18w, https:\/\/www.uartes.edu.ec\/sitio\/wp-content\/uploads\/2024\/05\/01-ANUDACIONES-600x400.jpg 600w, https:\/\/www.uartes.edu.ec\/sitio\/wp-content\/uploads\/2024\/05\/01-ANUDACIONES-400x267.jpg 400w, https:\/\/www.uartes.edu.ec\/sitio\/wp-content\/uploads\/2024\/05\/01-ANUDACIONES-272x182.jpg 272w, https:\/\/www.uartes.edu.ec\/sitio\/wp-content\/uploads\/2024\/05\/01-ANUDACIONES.jpg 2000w\" sizes=\"(max-width: 644px) 100vw, 644px\" \/><\/figure>\n<\/div>\n\n\n<p>\u201cHa sido lo m\u00e1s fuerte de estos \u00faltimos dos a\u00f1os; descentralizarme a m\u00ed misma desde el pensamiento que la tecnolog\u00eda es solo pantalla o los <em>high tech<\/em> que me dieron <em>feedback\u201d<\/em>, dijo.<\/p>\n\n\n\n<p>Agreg\u00f3 haber dado respuesta tambi\u00e9n a dos interrogantes que le plantearon al presentar el proyecto con el que fue seleccionada en \u201cAnudaciones\u201d: \u00bfc\u00f3mo sostener la pr\u00e1ctica art\u00edstica e investigativa a trav\u00e9s de rizomas calientes para sustentabilidad temporal y una vida de gozo? y \u00bfc\u00f3mo la neo-mitolog\u00eda construye puntos de conexi\u00f3n a trav\u00e9s de distintas cosmovisiones y tecnodiversidades?<\/p>\n\n\n\n<p>Explic\u00f3 que para la primera interrogante ha hallado respuestas en \u201cAnudaciones\u201d al conocer otras formas de gestionar y hacer pausas entre la pr\u00e1ctica art\u00edstica para gestionar o gozar de ella. \u201cLa segunda pregunta est\u00e1 un poco m\u00e1s abierta. S\u00ed he visto conexiones en esta neo-mitolog\u00eda y en los procesos que tenemos en com\u00fan con Colombia, Honduras, Curazao y Argentina \u2013en referencia a los artistas con quienes comparte la estancia virtual\u2013; hay muchos puntos que se convergen en nuestros intereses y pr\u00e1cticas art\u00edsticas a partir del tarot, de textos m\u00edsticos, del agua, entre otros\u201d.<\/p>\n\n\n\n<p>Fotos: Escuela Experimental de Arte (EAT).<\/p>","protected":false},"excerpt":{"rendered":"<p>La artista Roc\u00edo Soria D\u00edaz, graduada de pre y posgrado de la UArtes, es la \u00fanica representante de Ecuador en \u201cAnudaciones: Estancia de pensamiento, creaci\u00f3n y pr\u00e1cticas art\u00edsticas transdiciplinares\u201d, un espacio de encuentro e intercambio de ideas al que lleg\u00f3 tras responder a una convocatoria y quedar seleccionada junto a postulantes de Curazao, Honduras, Colombia y Argentina.  <\/p>","protected":false},"author":10,"featured_media":54611,"comment_status":"open","ping_status":"open","sticky":false,"template":"","format":"standard","meta":{"_acf_changed":false,"_uag_custom_page_level_css":"","_monsterinsights_skip_tracking":false,"_monsterinsights_sitenote_active":false,"_monsterinsights_sitenote_note":"","_monsterinsights_sitenote_category":0,"cybocfi_hide_featured_image":"","footnotes":""},"categories":[80,490,82,77,284,264],"tags":[1220],"infouartes":[],"class_list":["post-54418","post","type-post","status-publish","format-standard","has-post-thumbnail","hentry","category-academico","category-alumni","category-artes","category-gestion","category-investigacion","category-maestrias","tag-proyeccion-internacional"],"acf":[],"yoast_head":"<!-- This site is optimized with the Yoast SEO plugin v27.4 - https:\/\/yoast.com\/product\/yoast-seo-wordpress\/ -->\n<title>Universidad de las Artes - De entre 76 artistas de varios pa\u00edses, Roc\u00edo Soria D\u00edaz logra su espacio en \u201cAnudaciones\u201d, una estancia virtual<\/title>\n<meta name=\"description\" content=\"Universidad de las Artes - De entre 76 artistas de varios pa\u00edses, Roc\u00edo Soria D\u00edaz logra su espacio en \u201cAnudaciones\u201d, una estancia virtual\" \/>\n<meta name=\"robots\" content=\"index, follow, max-snippet:-1, max-image-preview:large, max-video-preview:-1\" \/>\n<link rel=\"canonical\" href=\"https:\/\/www.uartes.edu.ec\/sitio\/en\/blog\/2024\/05\/23\/artista-uartes-rocio-soria-diaz-unica-ecuatoriana-en-estancia-virtual-anudaciones\/\" \/>\n<meta property=\"og:locale\" content=\"en_US\" \/>\n<meta property=\"og:type\" content=\"article\" \/>\n<meta property=\"og:title\" content=\"Universidad de las Artes - De entre 76 artistas de varios pa\u00edses, Roc\u00edo Soria D\u00edaz logra su espacio en \u201cAnudaciones\u201d, una estancia virtual\" \/>\n<meta property=\"og:description\" content=\"Universidad de las Artes - De entre 76 artistas de varios pa\u00edses, Roc\u00edo Soria D\u00edaz logra su espacio en \u201cAnudaciones\u201d, una estancia virtual\" \/>\n<meta property=\"og:url\" content=\"https:\/\/www.uartes.edu.ec\/sitio\/en\/blog\/2024\/05\/23\/artista-uartes-rocio-soria-diaz-unica-ecuatoriana-en-estancia-virtual-anudaciones\/\" \/>\n<meta property=\"og:site_name\" content=\"Universidad de las Artes\" \/>\n<meta property=\"article:publisher\" content=\"https:\/\/www.facebook.com\/uartesec\" \/>\n<meta property=\"article:published_time\" content=\"2024-05-23T23:20:00+00:00\" \/>\n<meta property=\"article:modified_time\" content=\"2024-07-04T16:18:56+00:00\" \/>\n<meta property=\"og:image\" content=\"https:\/\/www.uartes.edu.ec\/sitio\/wp-content\/uploads\/2024\/05\/04-ANUDACIONES.jpg\" \/>\n\t<meta property=\"og:image:width\" content=\"2000\" \/>\n\t<meta property=\"og:image:height\" content=\"1333\" \/>\n\t<meta property=\"og:image:type\" content=\"image\/jpeg\" \/>\n<meta name=\"author\" content=\"ccortez\" \/>\n<meta name=\"twitter:card\" content=\"summary_large_image\" \/>\n<meta name=\"twitter:creator\" content=\"@uartesec\" \/>\n<meta name=\"twitter:site\" content=\"@uartesec\" \/>\n<meta name=\"twitter:label1\" content=\"Written by\" \/>\n\t<meta name=\"twitter:data1\" content=\"ccortez\" \/>\n\t<meta name=\"twitter:label2\" content=\"Est. reading time\" \/>\n\t<meta name=\"twitter:data2\" content=\"4 minutes\" \/>\n<script type=\"application\/ld+json\" class=\"yoast-schema-graph\">{\"@context\":\"https:\\\/\\\/schema.org\",\"@graph\":[{\"@type\":\"Article\",\"@id\":\"https:\\\/\\\/www.uartes.edu.ec\\\/sitio\\\/en\\\/blog\\\/2024\\\/05\\\/23\\\/artista-uartes-rocio-soria-diaz-unica-ecuatoriana-en-estancia-virtual-anudaciones\\\/#article\",\"isPartOf\":{\"@id\":\"https:\\\/\\\/www.uartes.edu.ec\\\/sitio\\\/en\\\/blog\\\/2024\\\/05\\\/23\\\/artista-uartes-rocio-soria-diaz-unica-ecuatoriana-en-estancia-virtual-anudaciones\\\/\"},\"author\":{\"name\":\"ccortez\",\"@id\":\"https:\\\/\\\/www.uartes.edu.ec\\\/sitio\\\/en\\\/#\\\/schema\\\/person\\\/efa1b8275797664fd7f13a79ccc0b1f4\"},\"headline\":\"De entre 76 artistas de varios pa\u00edses, Roc\u00edo Soria D\u00edaz logra su espacio en \u201cAnudaciones\u201d, una estancia virtual\",\"datePublished\":\"2024-05-23T23:20:00+00:00\",\"dateModified\":\"2024-07-04T16:18:56+00:00\",\"mainEntityOfPage\":{\"@id\":\"https:\\\/\\\/www.uartes.edu.ec\\\/sitio\\\/en\\\/blog\\\/2024\\\/05\\\/23\\\/artista-uartes-rocio-soria-diaz-unica-ecuatoriana-en-estancia-virtual-anudaciones\\\/\"},\"wordCount\":643,\"commentCount\":0,\"publisher\":{\"@id\":\"https:\\\/\\\/www.uartes.edu.ec\\\/sitio\\\/en\\\/#organization\"},\"image\":{\"@id\":\"https:\\\/\\\/www.uartes.edu.ec\\\/sitio\\\/en\\\/blog\\\/2024\\\/05\\\/23\\\/artista-uartes-rocio-soria-diaz-unica-ecuatoriana-en-estancia-virtual-anudaciones\\\/#primaryimage\"},\"thumbnailUrl\":\"https:\\\/\\\/www.uartes.edu.ec\\\/sitio\\\/wp-content\\\/uploads\\\/2024\\\/05\\\/04-ANUDACIONES.jpg\",\"keywords\":[\"proyecci\u00f3n internacional\"],\"articleSection\":[\"Acad\u00e9mico\",\"Alumni\",\"Artes\",\"Gesti\u00f3n\",\"Investigaci\u00f3n\",\"Maestr\u00edas\"],\"inLanguage\":\"en-US\",\"potentialAction\":[{\"@type\":\"CommentAction\",\"name\":\"Comment\",\"target\":[\"https:\\\/\\\/www.uartes.edu.ec\\\/sitio\\\/en\\\/blog\\\/2024\\\/05\\\/23\\\/artista-uartes-rocio-soria-diaz-unica-ecuatoriana-en-estancia-virtual-anudaciones\\\/#respond\"]}]},{\"@type\":[\"WebPage\",\"ItemPage\"],\"@id\":\"https:\\\/\\\/www.uartes.edu.ec\\\/sitio\\\/en\\\/blog\\\/2024\\\/05\\\/23\\\/artista-uartes-rocio-soria-diaz-unica-ecuatoriana-en-estancia-virtual-anudaciones\\\/\",\"url\":\"https:\\\/\\\/www.uartes.edu.ec\\\/sitio\\\/en\\\/blog\\\/2024\\\/05\\\/23\\\/artista-uartes-rocio-soria-diaz-unica-ecuatoriana-en-estancia-virtual-anudaciones\\\/\",\"name\":\"Universidad de las Artes - De entre 76 artistas de varios pa\u00edses, Roc\u00edo Soria D\u00edaz logra su espacio en \u201cAnudaciones\u201d, una estancia virtual\",\"isPartOf\":{\"@id\":\"https:\\\/\\\/www.uartes.edu.ec\\\/sitio\\\/en\\\/#website\"},\"primaryImageOfPage\":{\"@id\":\"https:\\\/\\\/www.uartes.edu.ec\\\/sitio\\\/en\\\/blog\\\/2024\\\/05\\\/23\\\/artista-uartes-rocio-soria-diaz-unica-ecuatoriana-en-estancia-virtual-anudaciones\\\/#primaryimage\"},\"image\":{\"@id\":\"https:\\\/\\\/www.uartes.edu.ec\\\/sitio\\\/en\\\/blog\\\/2024\\\/05\\\/23\\\/artista-uartes-rocio-soria-diaz-unica-ecuatoriana-en-estancia-virtual-anudaciones\\\/#primaryimage\"},\"thumbnailUrl\":\"https:\\\/\\\/www.uartes.edu.ec\\\/sitio\\\/wp-content\\\/uploads\\\/2024\\\/05\\\/04-ANUDACIONES.jpg\",\"datePublished\":\"2024-05-23T23:20:00+00:00\",\"dateModified\":\"2024-07-04T16:18:56+00:00\",\"description\":\"Universidad de las Artes - De entre 76 artistas de varios pa\u00edses, Roc\u00edo Soria D\u00edaz logra su espacio en \u201cAnudaciones\u201d, una estancia virtual\",\"breadcrumb\":{\"@id\":\"https:\\\/\\\/www.uartes.edu.ec\\\/sitio\\\/en\\\/blog\\\/2024\\\/05\\\/23\\\/artista-uartes-rocio-soria-diaz-unica-ecuatoriana-en-estancia-virtual-anudaciones\\\/#breadcrumb\"},\"inLanguage\":\"en-US\",\"potentialAction\":[{\"@type\":\"ReadAction\",\"target\":[\"https:\\\/\\\/www.uartes.edu.ec\\\/sitio\\\/en\\\/blog\\\/2024\\\/05\\\/23\\\/artista-uartes-rocio-soria-diaz-unica-ecuatoriana-en-estancia-virtual-anudaciones\\\/\"]}]},{\"@type\":\"ImageObject\",\"inLanguage\":\"en-US\",\"@id\":\"https:\\\/\\\/www.uartes.edu.ec\\\/sitio\\\/en\\\/blog\\\/2024\\\/05\\\/23\\\/artista-uartes-rocio-soria-diaz-unica-ecuatoriana-en-estancia-virtual-anudaciones\\\/#primaryimage\",\"url\":\"https:\\\/\\\/www.uartes.edu.ec\\\/sitio\\\/wp-content\\\/uploads\\\/2024\\\/05\\\/04-ANUDACIONES.jpg\",\"contentUrl\":\"https:\\\/\\\/www.uartes.edu.ec\\\/sitio\\\/wp-content\\\/uploads\\\/2024\\\/05\\\/04-ANUDACIONES.jpg\",\"width\":2000,\"height\":1333},{\"@type\":\"BreadcrumbList\",\"@id\":\"https:\\\/\\\/www.uartes.edu.ec\\\/sitio\\\/en\\\/blog\\\/2024\\\/05\\\/23\\\/artista-uartes-rocio-soria-diaz-unica-ecuatoriana-en-estancia-virtual-anudaciones\\\/#breadcrumb\",\"itemListElement\":[{\"@type\":\"ListItem\",\"position\":1,\"name\":\"Inicio\",\"item\":\"https:\\\/\\\/www.uartes.edu.ec\\\/sitio\\\/\"},{\"@type\":\"ListItem\",\"position\":2,\"name\":\"De entre 76 artistas de varios pa\u00edses, Roc\u00edo Soria D\u00edaz logra su espacio en \u201cAnudaciones\u201d, una estancia virtual\"}]},{\"@type\":\"WebSite\",\"@id\":\"https:\\\/\\\/www.uartes.edu.ec\\\/sitio\\\/en\\\/#website\",\"url\":\"https:\\\/\\\/www.uartes.edu.ec\\\/sitio\\\/en\\\/\",\"name\":\"Universidad de las Artes\",\"description\":\"Sitio oficial de la Universidad Nacional de las Artes del Ecuador\",\"publisher\":{\"@id\":\"https:\\\/\\\/www.uartes.edu.ec\\\/sitio\\\/en\\\/#organization\"},\"potentialAction\":[{\"@type\":\"SearchAction\",\"target\":{\"@type\":\"EntryPoint\",\"urlTemplate\":\"https:\\\/\\\/www.uartes.edu.ec\\\/sitio\\\/en\\\/?s={search_term_string}\"},\"query-input\":{\"@type\":\"PropertyValueSpecification\",\"valueRequired\":true,\"valueName\":\"search_term_string\"}}],\"inLanguage\":\"en-US\"},{\"@type\":\"Organization\",\"@id\":\"https:\\\/\\\/www.uartes.edu.ec\\\/sitio\\\/en\\\/#organization\",\"name\":\"Universidad de las Artes\",\"url\":\"https:\\\/\\\/www.uartes.edu.ec\\\/sitio\\\/en\\\/\",\"logo\":{\"@type\":\"ImageObject\",\"inLanguage\":\"en-US\",\"@id\":\"https:\\\/\\\/www.uartes.edu.ec\\\/sitio\\\/en\\\/#\\\/schema\\\/logo\\\/image\\\/\",\"url\":\"https:\\\/\\\/www.uartes.edu.ec\\\/sitio\\\/wp-content\\\/uploads\\\/2022\\\/07\\\/logo-ua-horizontal.png\",\"contentUrl\":\"https:\\\/\\\/www.uartes.edu.ec\\\/sitio\\\/wp-content\\\/uploads\\\/2022\\\/07\\\/logo-ua-horizontal.png\",\"width\":800,\"height\":276,\"caption\":\"Universidad de las Artes\"},\"image\":{\"@id\":\"https:\\\/\\\/www.uartes.edu.ec\\\/sitio\\\/en\\\/#\\\/schema\\\/logo\\\/image\\\/\"},\"sameAs\":[\"https:\\\/\\\/www.facebook.com\\\/uartesec\",\"https:\\\/\\\/x.com\\\/uartesec\",\"https:\\\/\\\/www.tiktok.com\\\/@uartesec\"]},{\"@type\":\"Person\",\"@id\":\"https:\\\/\\\/www.uartes.edu.ec\\\/sitio\\\/en\\\/#\\\/schema\\\/person\\\/efa1b8275797664fd7f13a79ccc0b1f4\",\"name\":\"ccortez\",\"image\":{\"@type\":\"ImageObject\",\"inLanguage\":\"en-US\",\"@id\":\"https:\\\/\\\/secure.gravatar.com\\\/avatar\\\/b2a6f664a3ae8e074346ef91775736c5ec479e637ecced6842de9dc98b5da9cd?s=96&d=mm&r=g\",\"url\":\"https:\\\/\\\/secure.gravatar.com\\\/avatar\\\/b2a6f664a3ae8e074346ef91775736c5ec479e637ecced6842de9dc98b5da9cd?s=96&d=mm&r=g\",\"contentUrl\":\"https:\\\/\\\/secure.gravatar.com\\\/avatar\\\/b2a6f664a3ae8e074346ef91775736c5ec479e637ecced6842de9dc98b5da9cd?s=96&d=mm&r=g\",\"caption\":\"ccortez\"},\"url\":\"https:\\\/\\\/www.uartes.edu.ec\\\/sitio\\\/en\\\/blog\\\/author\\\/ccortez\\\/\"}]}<\/script>\n<!-- \/ Yoast SEO plugin. -->","yoast_head_json":{"title":"Universidad de las Artes - De entre 76 artistas de varios pa\u00edses, Roc\u00edo Soria D\u00edaz logra su espacio en \u201cAnudaciones\u201d, una estancia virtual","description":"Universidad de las Artes - De entre 76 artistas de varios pa\u00edses, Roc\u00edo Soria D\u00edaz logra su espacio en \u201cAnudaciones\u201d, una estancia virtual","robots":{"index":"index","follow":"follow","max-snippet":"max-snippet:-1","max-image-preview":"max-image-preview:large","max-video-preview":"max-video-preview:-1"},"canonical":"https:\/\/www.uartes.edu.ec\/sitio\/en\/blog\/2024\/05\/23\/artista-uartes-rocio-soria-diaz-unica-ecuatoriana-en-estancia-virtual-anudaciones\/","og_locale":"en_US","og_type":"article","og_title":"Universidad de las Artes - De entre 76 artistas de varios pa\u00edses, Roc\u00edo Soria D\u00edaz logra su espacio en \u201cAnudaciones\u201d, una estancia virtual","og_description":"Universidad de las Artes - De entre 76 artistas de varios pa\u00edses, Roc\u00edo Soria D\u00edaz logra su espacio en \u201cAnudaciones\u201d, una estancia virtual","og_url":"https:\/\/www.uartes.edu.ec\/sitio\/en\/blog\/2024\/05\/23\/artista-uartes-rocio-soria-diaz-unica-ecuatoriana-en-estancia-virtual-anudaciones\/","og_site_name":"Universidad de las Artes","article_publisher":"https:\/\/www.facebook.com\/uartesec","article_published_time":"2024-05-23T23:20:00+00:00","article_modified_time":"2024-07-04T16:18:56+00:00","og_image":[{"width":2000,"height":1333,"url":"https:\/\/www.uartes.edu.ec\/sitio\/wp-content\/uploads\/2024\/05\/04-ANUDACIONES.jpg","type":"image\/jpeg"}],"author":"ccortez","twitter_card":"summary_large_image","twitter_creator":"@uartesec","twitter_site":"@uartesec","twitter_misc":{"Written by":"ccortez","Est. reading time":"4 minutes"},"schema":{"@context":"https:\/\/schema.org","@graph":[{"@type":"Article","@id":"https:\/\/www.uartes.edu.ec\/sitio\/en\/blog\/2024\/05\/23\/artista-uartes-rocio-soria-diaz-unica-ecuatoriana-en-estancia-virtual-anudaciones\/#article","isPartOf":{"@id":"https:\/\/www.uartes.edu.ec\/sitio\/en\/blog\/2024\/05\/23\/artista-uartes-rocio-soria-diaz-unica-ecuatoriana-en-estancia-virtual-anudaciones\/"},"author":{"name":"ccortez","@id":"https:\/\/www.uartes.edu.ec\/sitio\/en\/#\/schema\/person\/efa1b8275797664fd7f13a79ccc0b1f4"},"headline":"De entre 76 artistas de varios pa\u00edses, Roc\u00edo Soria D\u00edaz logra su espacio en \u201cAnudaciones\u201d, una estancia virtual","datePublished":"2024-05-23T23:20:00+00:00","dateModified":"2024-07-04T16:18:56+00:00","mainEntityOfPage":{"@id":"https:\/\/www.uartes.edu.ec\/sitio\/en\/blog\/2024\/05\/23\/artista-uartes-rocio-soria-diaz-unica-ecuatoriana-en-estancia-virtual-anudaciones\/"},"wordCount":643,"commentCount":0,"publisher":{"@id":"https:\/\/www.uartes.edu.ec\/sitio\/en\/#organization"},"image":{"@id":"https:\/\/www.uartes.edu.ec\/sitio\/en\/blog\/2024\/05\/23\/artista-uartes-rocio-soria-diaz-unica-ecuatoriana-en-estancia-virtual-anudaciones\/#primaryimage"},"thumbnailUrl":"https:\/\/www.uartes.edu.ec\/sitio\/wp-content\/uploads\/2024\/05\/04-ANUDACIONES.jpg","keywords":["proyecci\u00f3n internacional"],"articleSection":["Acad\u00e9mico","Alumni","Artes","Gesti\u00f3n","Investigaci\u00f3n","Maestr\u00edas"],"inLanguage":"en-US","potentialAction":[{"@type":"CommentAction","name":"Comment","target":["https:\/\/www.uartes.edu.ec\/sitio\/en\/blog\/2024\/05\/23\/artista-uartes-rocio-soria-diaz-unica-ecuatoriana-en-estancia-virtual-anudaciones\/#respond"]}]},{"@type":["WebPage","ItemPage"],"@id":"https:\/\/www.uartes.edu.ec\/sitio\/en\/blog\/2024\/05\/23\/artista-uartes-rocio-soria-diaz-unica-ecuatoriana-en-estancia-virtual-anudaciones\/","url":"https:\/\/www.uartes.edu.ec\/sitio\/en\/blog\/2024\/05\/23\/artista-uartes-rocio-soria-diaz-unica-ecuatoriana-en-estancia-virtual-anudaciones\/","name":"Universidad de las Artes - De entre 76 artistas de varios pa\u00edses, Roc\u00edo Soria D\u00edaz logra su espacio en \u201cAnudaciones\u201d, una estancia virtual","isPartOf":{"@id":"https:\/\/www.uartes.edu.ec\/sitio\/en\/#website"},"primaryImageOfPage":{"@id":"https:\/\/www.uartes.edu.ec\/sitio\/en\/blog\/2024\/05\/23\/artista-uartes-rocio-soria-diaz-unica-ecuatoriana-en-estancia-virtual-anudaciones\/#primaryimage"},"image":{"@id":"https:\/\/www.uartes.edu.ec\/sitio\/en\/blog\/2024\/05\/23\/artista-uartes-rocio-soria-diaz-unica-ecuatoriana-en-estancia-virtual-anudaciones\/#primaryimage"},"thumbnailUrl":"https:\/\/www.uartes.edu.ec\/sitio\/wp-content\/uploads\/2024\/05\/04-ANUDACIONES.jpg","datePublished":"2024-05-23T23:20:00+00:00","dateModified":"2024-07-04T16:18:56+00:00","description":"Universidad de las Artes - De entre 76 artistas de varios pa\u00edses, Roc\u00edo Soria D\u00edaz logra su espacio en \u201cAnudaciones\u201d, una estancia virtual","breadcrumb":{"@id":"https:\/\/www.uartes.edu.ec\/sitio\/en\/blog\/2024\/05\/23\/artista-uartes-rocio-soria-diaz-unica-ecuatoriana-en-estancia-virtual-anudaciones\/#breadcrumb"},"inLanguage":"en-US","potentialAction":[{"@type":"ReadAction","target":["https:\/\/www.uartes.edu.ec\/sitio\/en\/blog\/2024\/05\/23\/artista-uartes-rocio-soria-diaz-unica-ecuatoriana-en-estancia-virtual-anudaciones\/"]}]},{"@type":"ImageObject","inLanguage":"en-US","@id":"https:\/\/www.uartes.edu.ec\/sitio\/en\/blog\/2024\/05\/23\/artista-uartes-rocio-soria-diaz-unica-ecuatoriana-en-estancia-virtual-anudaciones\/#primaryimage","url":"https:\/\/www.uartes.edu.ec\/sitio\/wp-content\/uploads\/2024\/05\/04-ANUDACIONES.jpg","contentUrl":"https:\/\/www.uartes.edu.ec\/sitio\/wp-content\/uploads\/2024\/05\/04-ANUDACIONES.jpg","width":2000,"height":1333},{"@type":"BreadcrumbList","@id":"https:\/\/www.uartes.edu.ec\/sitio\/en\/blog\/2024\/05\/23\/artista-uartes-rocio-soria-diaz-unica-ecuatoriana-en-estancia-virtual-anudaciones\/#breadcrumb","itemListElement":[{"@type":"ListItem","position":1,"name":"Inicio","item":"https:\/\/www.uartes.edu.ec\/sitio\/"},{"@type":"ListItem","position":2,"name":"De entre 76 artistas de varios pa\u00edses, Roc\u00edo Soria D\u00edaz logra su espacio en \u201cAnudaciones\u201d, una estancia virtual"}]},{"@type":"WebSite","@id":"https:\/\/www.uartes.edu.ec\/sitio\/en\/#website","url":"https:\/\/www.uartes.edu.ec\/sitio\/en\/","name":"Universidad de las Artes","description":"Sitio oficial de la Universidad Nacional de las Artes del Ecuador","publisher":{"@id":"https:\/\/www.uartes.edu.ec\/sitio\/en\/#organization"},"potentialAction":[{"@type":"SearchAction","target":{"@type":"EntryPoint","urlTemplate":"https:\/\/www.uartes.edu.ec\/sitio\/en\/?s={search_term_string}"},"query-input":{"@type":"PropertyValueSpecification","valueRequired":true,"valueName":"search_term_string"}}],"inLanguage":"en-US"},{"@type":"Organization","@id":"https:\/\/www.uartes.edu.ec\/sitio\/en\/#organization","name":"Universidad de las Artes","url":"https:\/\/www.uartes.edu.ec\/sitio\/en\/","logo":{"@type":"ImageObject","inLanguage":"en-US","@id":"https:\/\/www.uartes.edu.ec\/sitio\/en\/#\/schema\/logo\/image\/","url":"https:\/\/www.uartes.edu.ec\/sitio\/wp-content\/uploads\/2022\/07\/logo-ua-horizontal.png","contentUrl":"https:\/\/www.uartes.edu.ec\/sitio\/wp-content\/uploads\/2022\/07\/logo-ua-horizontal.png","width":800,"height":276,"caption":"Universidad de las Artes"},"image":{"@id":"https:\/\/www.uartes.edu.ec\/sitio\/en\/#\/schema\/logo\/image\/"},"sameAs":["https:\/\/www.facebook.com\/uartesec","https:\/\/x.com\/uartesec","https:\/\/www.tiktok.com\/@uartesec"]},{"@type":"Person","@id":"https:\/\/www.uartes.edu.ec\/sitio\/en\/#\/schema\/person\/efa1b8275797664fd7f13a79ccc0b1f4","name":"ccortez","image":{"@type":"ImageObject","inLanguage":"en-US","@id":"https:\/\/secure.gravatar.com\/avatar\/b2a6f664a3ae8e074346ef91775736c5ec479e637ecced6842de9dc98b5da9cd?s=96&d=mm&r=g","url":"https:\/\/secure.gravatar.com\/avatar\/b2a6f664a3ae8e074346ef91775736c5ec479e637ecced6842de9dc98b5da9cd?s=96&d=mm&r=g","contentUrl":"https:\/\/secure.gravatar.com\/avatar\/b2a6f664a3ae8e074346ef91775736c5ec479e637ecced6842de9dc98b5da9cd?s=96&d=mm&r=g","caption":"ccortez"},"url":"https:\/\/www.uartes.edu.ec\/sitio\/en\/blog\/author\/ccortez\/"}]}},"uagb_featured_image_src":{"full":["https:\/\/www.uartes.edu.ec\/sitio\/wp-content\/uploads\/2024\/05\/04-ANUDACIONES.jpg",2000,1333,false],"thumbnail":["https:\/\/www.uartes.edu.ec\/sitio\/wp-content\/uploads\/2024\/05\/04-ANUDACIONES-150x150.jpg",150,150,true],"medium":["https:\/\/www.uartes.edu.ec\/sitio\/wp-content\/uploads\/2024\/05\/04-ANUDACIONES-300x200.jpg",300,200,true],"medium_large":["https:\/\/www.uartes.edu.ec\/sitio\/wp-content\/uploads\/2024\/05\/04-ANUDACIONES-768x512.jpg",768,512,true],"large":["https:\/\/www.uartes.edu.ec\/sitio\/wp-content\/uploads\/2024\/05\/04-ANUDACIONES-644x429.jpg",644,429,true],"1536x1536":["https:\/\/www.uartes.edu.ec\/sitio\/wp-content\/uploads\/2024\/05\/04-ANUDACIONES-1536x1024.jpg",1536,1024,true],"2048x2048":["https:\/\/www.uartes.edu.ec\/sitio\/wp-content\/uploads\/2024\/05\/04-ANUDACIONES.jpg",2000,1333,false],"trp-custom-language-flag":["https:\/\/www.uartes.edu.ec\/sitio\/wp-content\/uploads\/2024\/05\/04-ANUDACIONES-18x12.jpg",18,12,true],"htmega_size_585x295":["https:\/\/www.uartes.edu.ec\/sitio\/wp-content\/uploads\/2024\/05\/04-ANUDACIONES-585x295.jpg",585,295,true],"htmega_size_1170x536":["https:\/\/www.uartes.edu.ec\/sitio\/wp-content\/uploads\/2024\/05\/04-ANUDACIONES-1170x536.jpg",1170,536,true],"htmega_size_396x360":["https:\/\/www.uartes.edu.ec\/sitio\/wp-content\/uploads\/2024\/05\/04-ANUDACIONES-396x360.jpg",396,360,true],"gb-block-post-grid-landscape":["https:\/\/www.uartes.edu.ec\/sitio\/wp-content\/uploads\/2024\/05\/04-ANUDACIONES-600x400.jpg",600,400,true],"gb-block-post-grid-square":["https:\/\/www.uartes.edu.ec\/sitio\/wp-content\/uploads\/2024\/05\/04-ANUDACIONES-600x600.jpg",600,600,true],"university-hub-thumb":["https:\/\/www.uartes.edu.ec\/sitio\/wp-content\/uploads\/2024\/05\/04-ANUDACIONES-400x267.jpg",400,267,true]},"uagb_author_info":{"display_name":"ccortez","author_link":"https:\/\/www.uartes.edu.ec\/sitio\/en\/blog\/author\/ccortez\/"},"uagb_comment_info":0,"uagb_excerpt":"La artista Roc\u00edo Soria D\u00edaz, graduada de pre y posgrado de la UArtes, es la \u00fanica representante de Ecuador en \u201cAnudaciones: Estancia de pensamiento, creaci\u00f3n y pr\u00e1cticas art\u00edsticas transdiciplinares\u201d, un espacio de encuentro e intercambio de ideas al que lleg\u00f3 tras responder a una convocatoria y quedar seleccionada junto a postulantes de Curazao, Honduras, Colombia&hellip;","featured_image_src":"https:\/\/www.uartes.edu.ec\/sitio\/wp-content\/uploads\/2024\/05\/04-ANUDACIONES-600x400.jpg","featured_image_src_square":"https:\/\/www.uartes.edu.ec\/sitio\/wp-content\/uploads\/2024\/05\/04-ANUDACIONES-600x600.jpg","author_info":{"display_name":"ccortez","author_link":"https:\/\/www.uartes.edu.ec\/sitio\/en\/blog\/author\/ccortez\/"},"publishpress_future_workflow_manual_trigger":{"enabledWorkflows":[]},"distributor_meta":false,"distributor_terms":false,"distributor_media":false,"distributor_original_site_name":"Universidad de las Artes","distributor_original_site_url":"https:\/\/www.uartes.edu.ec\/sitio\/en","push-errors":false,"_links":{"self":[{"href":"https:\/\/www.uartes.edu.ec\/sitio\/en\/wp-json\/wp\/v2\/posts\/54418","targetHints":{"allow":["GET"]}}],"collection":[{"href":"https:\/\/www.uartes.edu.ec\/sitio\/en\/wp-json\/wp\/v2\/posts"}],"about":[{"href":"https:\/\/www.uartes.edu.ec\/sitio\/en\/wp-json\/wp\/v2\/types\/post"}],"author":[{"embeddable":true,"href":"https:\/\/www.uartes.edu.ec\/sitio\/en\/wp-json\/wp\/v2\/users\/10"}],"replies":[{"embeddable":true,"href":"https:\/\/www.uartes.edu.ec\/sitio\/en\/wp-json\/wp\/v2\/comments?post=54418"}],"version-history":[{"count":10,"href":"https:\/\/www.uartes.edu.ec\/sitio\/en\/wp-json\/wp\/v2\/posts\/54418\/revisions"}],"predecessor-version":[{"id":54633,"href":"https:\/\/www.uartes.edu.ec\/sitio\/en\/wp-json\/wp\/v2\/posts\/54418\/revisions\/54633"}],"wp:featuredmedia":[{"embeddable":true,"href":"https:\/\/www.uartes.edu.ec\/sitio\/en\/wp-json\/wp\/v2\/media\/54611"}],"wp:attachment":[{"href":"https:\/\/www.uartes.edu.ec\/sitio\/en\/wp-json\/wp\/v2\/media?parent=54418"}],"wp:term":[{"taxonomy":"category","embeddable":true,"href":"https:\/\/www.uartes.edu.ec\/sitio\/en\/wp-json\/wp\/v2\/categories?post=54418"},{"taxonomy":"post_tag","embeddable":true,"href":"https:\/\/www.uartes.edu.ec\/sitio\/en\/wp-json\/wp\/v2\/tags?post=54418"},{"taxonomy":"infouartes","embeddable":true,"href":"https:\/\/www.uartes.edu.ec\/sitio\/en\/wp-json\/wp\/v2\/infouartes?post=54418"}],"curies":[{"name":"wp","href":"https:\/\/api.w.org\/{rel}","templated":true}]}}