{"id":54668,"date":"2024-05-29T15:35:00","date_gmt":"2024-05-29T20:35:00","guid":{"rendered":"https:\/\/www.uartes.edu.ec\/sitio\/?p=54668"},"modified":"2024-07-04T11:18:54","modified_gmt":"2024-07-04T16:18:54","slug":"muestra-interactiva-humanx-en-la-uartes-por-campana-contra-xenofobia-y-discriminacion","status":"publish","type":"post","link":"https:\/\/www.uartes.edu.ec\/sitio\/en\/blog\/2024\/05\/29\/muestra-interactiva-humanx-en-la-uartes-por-campana-contra-xenofobia-y-discriminacion\/","title":{"rendered":"Muestra interactiva \u201cHUMANX\u201d, en la sede matriz de la UArtes por campa\u00f1a contra la xenofobia y discriminaci\u00f3n"},"content":{"rendered":"<p>En el Pasaje Illingworth del edificio de la Gobernaci\u00f3n, sede matriz de la Universidad de las Artes, se encuentra \u201cHUMANX\u201d, una exposici\u00f3n interactiva e itinerante que invita a los espectadores a conocer de cerca la realidad de las personas migrantes en el Ecuador. Inici\u00f3 su montaje el mi\u00e9rcoles 8 de mayo y permanecer\u00e1 hasta el viernes 31.<\/p>\n\n\n\n<p>Conforman la muestra t\u00f3tems de grandes dimensiones y formas, en los que no solo hay im\u00e1genes, sino abundante informaci\u00f3n con respecto a la migraci\u00f3n, la xenofobia y la discriminaci\u00f3n. Hay estad\u00edsticas que impactan y, asimismo, testimonios de personas migrantes que viven o han transitado por el pa\u00eds; son historias de vida que permiten entender lo que enfrentan las personas en situaci\u00f3n de movilidad humana. &nbsp;<\/p>\n\n\n\n<p>Desde la Secretar\u00eda de Bienestar Universitario (SBU), que est\u00e1 bajo la direcci\u00f3n de Carolina C\u00e1rdenas, quien gestion\u00f3 la realizaci\u00f3n y presencia de \u201cHUMANX\u201d en la UArtes, se indic\u00f3 que la propuesta expositiva es parte de una campa\u00f1a contra la xenofobia y la discriminaci\u00f3n.<\/p>\n\n\n<div class=\"wp-block-image\">\n<figure class=\"aligncenter size-large\"><img fetchpriority=\"high\" decoding=\"async\" width=\"644\" height=\"429\" src=\"https:\/\/www.uartes.edu.ec\/sitio\/wp-content\/uploads\/2024\/05\/05-EXPO-HUMANOS-644x429.jpg\" alt=\"\" class=\"wp-image-54670\" srcset=\"https:\/\/www.uartes.edu.ec\/sitio\/wp-content\/uploads\/2024\/05\/05-EXPO-HUMANOS-644x429.jpg 644w, https:\/\/www.uartes.edu.ec\/sitio\/wp-content\/uploads\/2024\/05\/05-EXPO-HUMANOS-768x511.jpg 768w, https:\/\/www.uartes.edu.ec\/sitio\/wp-content\/uploads\/2024\/05\/05-EXPO-HUMANOS.jpg 2000w, https:\/\/www.uartes.edu.ec\/sitio\/wp-content\/uploads\/2024\/05\/05-EXPO-HUMANOS-18x12.jpg 18w, https:\/\/www.uartes.edu.ec\/sitio\/wp-content\/uploads\/2024\/05\/05-EXPO-HUMANOS-600x399.jpg 600w, https:\/\/www.uartes.edu.ec\/sitio\/wp-content\/uploads\/2024\/05\/05-EXPO-HUMANOS-272x182.jpg 272w\" sizes=\"(max-width: 644px) 100vw, 644px\" \/><\/figure>\n<\/div>\n\n\n<p>La muestra fue financiada por la Organizaci\u00f3n Internacional para las Migraciones (OIM) en Ecuador y otras entidades, como el Banco Mundial, que apoyan la concientizaci\u00f3n, sensibilizaci\u00f3n y reflexi\u00f3n sobre el tema mediante talleres y la itinerancia de esta exposici\u00f3n.<\/p>\n\n\n\n<p>Justamente, la OIM mantiene un convenio con la UArtes y el Municipio de Guayaquil, cuyo Departamento de Movilidad Humana promueve tambi\u00e9n la campa\u00f1a. Asimismo, nuestra instituci\u00f3n y el cabildo porte\u00f1o mantienen lazos de cooperaci\u00f3n de enorme inter\u00e9s para la comunidad universitaria y la ciudadan\u00eda.<\/p>\n\n\n\n<p>InfoUArtes recorri\u00f3 \u201cHUMANX\u201d y estuvo en las actividades que la SBU organiz\u00f3 el lunes 20 de mayo para y con la comunidad estudiantil. Uno de los talleres vivenciales que se impartieron fue liderado por Natalia Roca. Las y los asistentes de este espacio<ins> <\/ins>participaron en din\u00e1micas para entender conceptos como apoyo, respaldo, seguridad y respeto; se habl\u00f3 de la xenofobia y sus \u00edndices, de la discriminaci\u00f3n y de la violencia contra las personas migrantes.<\/p>\n\n\n<div class=\"wp-block-image\">\n<figure class=\"aligncenter size-large\"><img decoding=\"async\" width=\"644\" height=\"429\" src=\"https:\/\/www.uartes.edu.ec\/sitio\/wp-content\/uploads\/2024\/05\/08-EXPO-HUMANOS-644x429.jpg\" alt=\"\" class=\"wp-image-54671\" srcset=\"https:\/\/www.uartes.edu.ec\/sitio\/wp-content\/uploads\/2024\/05\/08-EXPO-HUMANOS-644x429.jpg 644w, https:\/\/www.uartes.edu.ec\/sitio\/wp-content\/uploads\/2024\/05\/08-EXPO-HUMANOS-768x511.jpg 768w, https:\/\/www.uartes.edu.ec\/sitio\/wp-content\/uploads\/2024\/05\/08-EXPO-HUMANOS.jpg 2000w, https:\/\/www.uartes.edu.ec\/sitio\/wp-content\/uploads\/2024\/05\/08-EXPO-HUMANOS-18x12.jpg 18w, https:\/\/www.uartes.edu.ec\/sitio\/wp-content\/uploads\/2024\/05\/08-EXPO-HUMANOS-600x399.jpg 600w, https:\/\/www.uartes.edu.ec\/sitio\/wp-content\/uploads\/2024\/05\/08-EXPO-HUMANOS-272x182.jpg 272w\" sizes=\"(max-width: 644px) 100vw, 644px\" \/><\/figure>\n<\/div>\n\n<div class=\"wp-block-image\">\n<figure class=\"aligncenter size-large\"><img decoding=\"async\" width=\"644\" height=\"429\" src=\"https:\/\/www.uartes.edu.ec\/sitio\/wp-content\/uploads\/2024\/05\/09-EXPO-HUMANOS-644x429.jpg\" alt=\"\" class=\"wp-image-54673\" srcset=\"https:\/\/www.uartes.edu.ec\/sitio\/wp-content\/uploads\/2024\/05\/09-EXPO-HUMANOS-644x429.jpg 644w, https:\/\/www.uartes.edu.ec\/sitio\/wp-content\/uploads\/2024\/05\/09-EXPO-HUMANOS-768x511.jpg 768w, https:\/\/www.uartes.edu.ec\/sitio\/wp-content\/uploads\/2024\/05\/09-EXPO-HUMANOS.jpg 2000w, https:\/\/www.uartes.edu.ec\/sitio\/wp-content\/uploads\/2024\/05\/09-EXPO-HUMANOS-18x12.jpg 18w, https:\/\/www.uartes.edu.ec\/sitio\/wp-content\/uploads\/2024\/05\/09-EXPO-HUMANOS-600x399.jpg 600w, https:\/\/www.uartes.edu.ec\/sitio\/wp-content\/uploads\/2024\/05\/09-EXPO-HUMANOS-272x182.jpg 272w\" sizes=\"(max-width: 644px) 100vw, 644px\" \/><\/figure>\n<\/div>\n\n\n<p>Antes de ahondar en detalles de la muestra y de una posterior visita guiada con una representante de la OIM, vale se\u00f1alar que \u201cHUMANX\u201d es una campa\u00f1a del Sistema de Naciones Unidas en cuyo marco se han generado espacios para que personas de distintos pa\u00edses, g\u00e9neros, edades, orientaciones sexuales y ocupaciones se re\u00fanan a escucharse, aprender y reflexionar sobre la tolerancia, el respeto a la diferencia, la discriminaci\u00f3n y la xenofobia en Ecuador y a buscar soluciones para construir una sociedad m\u00e1s justa en la que todas las personas tengan acceso a una vida digna.<\/p>\n\n\n\n<p>Roca, en el taller, reflexion\u00f3 sobre el contenido de la exposici\u00f3n interactiva e hizo referencia a acciones concretas para disminuir \u00edndices relacionados con la xenofobia, como el acceso a educaci\u00f3n, salud, oportunidades de trabajo y a una informaci\u00f3n fidedigna, veraz y sin sesgos religiosos ni odio. \u201cHay muchos temas que se est\u00e1n instaurando, como el pensamiento social, y se hace hincapi\u00e9 en ello para que el maltrato y la discriminaci\u00f3n no sean tomados como una normalidad\u201d.<\/p>\n\n\n\n<p>Tras el taller, Arianne Garc\u00eda, de la OIM, tom\u00f3 la posta con una visita guiada por \u201cHUMANX\u201d. Indic\u00f3 que la productora de la exposici\u00f3n es Antonella Frisone y mostr\u00f3 ocho de los varios t\u00f3tems instalados, cuyas im\u00e1genes (en grandes formatos) de migrantes llevan a audiovisuales en los que ellos cuentan sus historias. Fueron trabajadas con realidad aumentada, tecnolog\u00eda que permite superponer elementos virtuales sobre la visi\u00f3n que se tiene de la realidad, y se puede acceder<ins> <\/ins>descargando la aplicaci\u00f3n Artivive.&nbsp;<\/p>\n\n\n<div class=\"wp-block-image\">\n<figure class=\"aligncenter size-large\"><img loading=\"lazy\" decoding=\"async\" width=\"644\" height=\"429\" src=\"https:\/\/www.uartes.edu.ec\/sitio\/wp-content\/uploads\/2024\/05\/06-EXPO-HUMANOS-644x429.jpg\" alt=\"\" class=\"wp-image-54672\" srcset=\"https:\/\/www.uartes.edu.ec\/sitio\/wp-content\/uploads\/2024\/05\/06-EXPO-HUMANOS-644x429.jpg 644w, https:\/\/www.uartes.edu.ec\/sitio\/wp-content\/uploads\/2024\/05\/06-EXPO-HUMANOS-768x511.jpg 768w, https:\/\/www.uartes.edu.ec\/sitio\/wp-content\/uploads\/2024\/05\/06-EXPO-HUMANOS.jpg 2000w, https:\/\/www.uartes.edu.ec\/sitio\/wp-content\/uploads\/2024\/05\/06-EXPO-HUMANOS-18x12.jpg 18w, https:\/\/www.uartes.edu.ec\/sitio\/wp-content\/uploads\/2024\/05\/06-EXPO-HUMANOS-600x399.jpg 600w, https:\/\/www.uartes.edu.ec\/sitio\/wp-content\/uploads\/2024\/05\/06-EXPO-HUMANOS-272x182.jpg 272w\" sizes=\"(max-width: 644px) 100vw, 644px\" \/><\/figure>\n<\/div>\n\n\n<p>Al preguntarle por qu\u00e9 la informaci\u00f3n de los t\u00f3tems hace referencia, en su mayor\u00eda, a personas<ins> <\/ins>migrantes venezolanas, Garc\u00eda indic\u00f3 que esto responde a que son las de mayor presencia en el, en relaci\u00f3n con los procedentes de Colombia y otras latitudes. Garc\u00eda agreg\u00f3 que, entre 2021 y 2023, se trabaj\u00f3 con ellos en talleres, cuyos resultados tambi\u00e9n forman parte de \u201cHUMANX\u201d.<\/p>\n\n\n\n<p>En la muestra se lee, adem\u00e1s, que a lo largo de los \u00faltimos dos a\u00f1os ha recorrido el pa\u00eds articulando procesos comunitarios de creaci\u00f3n y buscando de manera colectiva claves para la construcci\u00f3n de una sociedad m\u00e1s justa y equitativa. En esos viajes se han sumado a la comunidad HUMANX personas de distintos pa\u00edses, g\u00e9neros y edades; se han recogido m\u00faltiples voces, opiniones e historias de vida.<\/p>\n\n\n\n<p>Las cifras dan cuenta, por ejemplo, que 474.945 personas migrantes y refugiados venezolanos viven actualmente en territorio ecuatoriano, lo cual es menor al 3% de la poblaci\u00f3n total de Ecuador. La Organizaci\u00f3n Internacional del Trabajo (OIT) estima que, en todo momento, 20,9 millones de personas son v\u00edctimas de trabajo forzoso y, entre otros datos estad\u00edsticos, que en el incumplimiento de las condiciones laborales o salarios y pagos se incurre en un 36,94%; la discriminaci\u00f3n y el maltrato, en un 25,79%; y el acoso sexual, en un 3,15%.<\/p>\n\n\n\t\t\t\t\t<div\n\t\t\t\t\t\tclass=\"wp-block-uagb-image-gallery uagb-block-f0e53242\"\n\t\t\t\t\t\tstyle=\"\"\n\t\t\t\t\t>\n\t\t\t\t\t\t\t\t\t\t\t<div class=\"spectra-image-gallery spectra-image-gallery__layout--grid spectra-image-gallery__layout--grid-col-2 spectra-image-gallery__layout--grid-col-tab-2 spectra-image-gallery__layout--grid-col-mob-2\">\n\t\t\t\t\t\t\t\t\t\t\t<div class='spectra-image-gallery__media-wrapper' data-spectra-gallery-image-id='54674' tabindex=\"0\">\n\t\t\t\t\t\t\t<div class=\"spectra-image-gallery__media spectra-image-gallery__media--grid\">\n\t\t\t\t<picture>\n\t\t\t\t\t<source media=\"(min-width: 1024px)\" srcset=\"https:\/\/www.uartes.edu.ec\/sitio\/wp-content\/uploads\/2024\/05\/04-EXPO-HUMANOS-644x429.jpg\">\n\t\t\t\t\t<source media=\"(min-width: 768px)\" srcset=\"https:\/\/www.uartes.edu.ec\/sitio\/wp-content\/uploads\/2024\/05\/04-EXPO-HUMANOS-644x429.jpg\">\n\t\t\t\t\t<img decoding=\"async\" class=\"spectra-image-gallery__media-thumbnail spectra-image-gallery__media-thumbnail--grid\" src=\"https:\/\/www.uartes.edu.ec\/sitio\/wp-content\/uploads\/2024\/05\/04-EXPO-HUMANOS-300x200.jpg\" alt=\"\" loading=\"lazy\" \/>\n\t\t\t\t<\/picture>\n\t\t\t\t<div class=\"spectra-image-gallery__media-thumbnail-blurrer\"><\/div>\n\t\t\t\t\t\t\t\t\t\t\t<div class=\"spectra-image-gallery__media-thumbnail-caption-wrapper spectra-image-gallery__media-thumbnail-caption-wrapper--overlay\">\n\t\t\t\t\t\t\t\t\t\t\t<div class=\"spectra-image-gallery__media-thumbnail-caption spectra-image-gallery__media-thumbnail-caption--overlay\">\n\t\t\t\t\tNo Caption\t\t\t\t<\/div>\n\t\t\t\t\t\t\t\t\t\t<\/div>\n\t\t\t\t\t\t\t\t\t<\/div>\n\t\t\t\t\t\t<\/div>\n\t\t\t\t\t\t<div class='spectra-image-gallery__media-wrapper' data-spectra-gallery-image-id='54675' tabindex=\"0\">\n\t\t\t\t\t\t\t<div class=\"spectra-image-gallery__media spectra-image-gallery__media--grid\">\n\t\t\t\t<picture>\n\t\t\t\t\t<source media=\"(min-width: 1024px)\" srcset=\"https:\/\/www.uartes.edu.ec\/sitio\/wp-content\/uploads\/2024\/05\/03-EXPO-HUMANOS-644x429.jpg\">\n\t\t\t\t\t<source media=\"(min-width: 768px)\" srcset=\"https:\/\/www.uartes.edu.ec\/sitio\/wp-content\/uploads\/2024\/05\/03-EXPO-HUMANOS-644x429.jpg\">\n\t\t\t\t\t<img decoding=\"async\" class=\"spectra-image-gallery__media-thumbnail spectra-image-gallery__media-thumbnail--grid\" src=\"https:\/\/www.uartes.edu.ec\/sitio\/wp-content\/uploads\/2024\/05\/03-EXPO-HUMANOS-300x200.jpg\" alt=\"\" loading=\"lazy\" \/>\n\t\t\t\t<\/picture>\n\t\t\t\t<div class=\"spectra-image-gallery__media-thumbnail-blurrer\"><\/div>\n\t\t\t\t\t\t\t\t\t\t\t<div class=\"spectra-image-gallery__media-thumbnail-caption-wrapper spectra-image-gallery__media-thumbnail-caption-wrapper--overlay\">\n\t\t\t\t\t\t\t\t\t\t\t<div class=\"spectra-image-gallery__media-thumbnail-caption spectra-image-gallery__media-thumbnail-caption--overlay\">\n\t\t\t\t\tNo Caption\t\t\t\t<\/div>\n\t\t\t\t\t\t\t\t\t\t<\/div>\n\t\t\t\t\t\t\t\t\t<\/div>\n\t\t\t\t\t\t<\/div>\n\t\t\t\t\t\t\t\t\t\t<\/div>\n\t\t\t\t\t\t\t\t\t\t\t\t\t\t\t\t\t\t<\/div>\n\t\t\t\t\t\t\t\t\t\n\n\n<p><\/p>\n\n\n\n<p>En otro apartado de la muestra est\u00e1 una sesi\u00f3n donde, en grandes letras, se lee: \u201cEl arte es una herramienta que ayuda a combatir\u2026 a sensibilizarnos\u201d. All\u00ed constan im\u00e1genes de artistas que participaron en la composici\u00f3n y producci\u00f3n de la canci\u00f3n \u201cHumanx\u201d. Son doce raperos y raperas de Colombia, Venezuela y de distintas regiones y nacionalidades del Ecuador, quienes a trav\u00e9s del hip hop comparten sus vivencias y reflexiones con relaci\u00f3n a la desigualdad, la discriminaci\u00f3n y la movilidad humana.<\/p>\n\n\n\n<p>El recorrido por la muestra concluye en \u201cDos sillas juntas son una poderosa herramienta\u201d. La invitaci\u00f3n es para que igual n\u00famero de personas ocupen ese espacio de di\u00e1logo, tomen una carta y lean la pregunta que contiene. La respuesta que se d\u00e9 ser\u00e1 el resultado de una reflexi\u00f3n conjunta.&nbsp;<\/p>\n\n\n<div class=\"wp-block-image\">\n<figure class=\"aligncenter size-large\"><img loading=\"lazy\" decoding=\"async\" width=\"644\" height=\"429\" src=\"https:\/\/www.uartes.edu.ec\/sitio\/wp-content\/uploads\/2024\/05\/07-EXPO-HUMANOS-644x429.jpg\" alt=\"\" class=\"wp-image-54676\" srcset=\"https:\/\/www.uartes.edu.ec\/sitio\/wp-content\/uploads\/2024\/05\/07-EXPO-HUMANOS-644x429.jpg 644w, https:\/\/www.uartes.edu.ec\/sitio\/wp-content\/uploads\/2024\/05\/07-EXPO-HUMANOS-768x511.jpg 768w, https:\/\/www.uartes.edu.ec\/sitio\/wp-content\/uploads\/2024\/05\/07-EXPO-HUMANOS.jpg 2000w, https:\/\/www.uartes.edu.ec\/sitio\/wp-content\/uploads\/2024\/05\/07-EXPO-HUMANOS-18x12.jpg 18w, https:\/\/www.uartes.edu.ec\/sitio\/wp-content\/uploads\/2024\/05\/07-EXPO-HUMANOS-600x399.jpg 600w, https:\/\/www.uartes.edu.ec\/sitio\/wp-content\/uploads\/2024\/05\/07-EXPO-HUMANOS-272x182.jpg 272w\" sizes=\"(max-width: 644px) 100vw, 644px\" \/><\/figure>\n<\/div>\n\n\n<p><\/p>","protected":false},"excerpt":{"rendered":"<p>En el Pasaje Illingworth de la Gobernaci\u00f3n, sede matriz de la Universidad de las Artes, est\u00e1 \u201cHUMANX\u201d, una exposici\u00f3n interactiva e itinerante que invita a los espectadores a conocer de cerca la realidad de las personas migrantes en el Ecuador. Permanecer\u00e1 hasta el viernes 31 y la conforman t\u00f3tems de grandes dimensiones y formas con im\u00e1genes e informaci\u00f3n con respecto a la xenofobia y la discriminaci\u00f3n.<\/p>","protected":false},"author":10,"featured_media":54669,"comment_status":"open","ping_status":"open","sticky":false,"template":"","format":"standard","meta":{"_acf_changed":false,"_uag_custom_page_level_css":"","_monsterinsights_skip_tracking":false,"_monsterinsights_sitenote_active":false,"_monsterinsights_sitenote_note":"","_monsterinsights_sitenote_category":0,"cybocfi_hide_featured_image":"","footnotes":""},"categories":[438,265,75,76,77,83,85,79],"tags":[45],"infouartes":[],"class_list":["post-54668","post","type-post","status-publish","format-standard","has-post-thumbnail","hentry","category-administrativos","category-bienestar-universitario","category-docentes","category-estudiantes","category-gestion","category-sedes","category-servicios","category-vinculo","tag-bienestar-universitario"],"acf":[],"yoast_head":"<!-- This site is optimized with the Yoast SEO plugin v27.4 - https:\/\/yoast.com\/product\/yoast-seo-wordpress\/ -->\n<title>Universidad de las Artes - Muestra interactiva \u201cHUMANX\u201d, en la sede matriz de la UArtes por campa\u00f1a contra la xenofobia y discriminaci\u00f3n<\/title>\n<meta name=\"description\" content=\"Universidad de las Artes - Muestra interactiva \u201cHUMANX\u201d, en la sede matriz de la UArtes por campa\u00f1a contra la xenofobia y discriminaci\u00f3n\" \/>\n<meta name=\"robots\" content=\"index, follow, max-snippet:-1, max-image-preview:large, max-video-preview:-1\" \/>\n<link rel=\"canonical\" href=\"https:\/\/www.uartes.edu.ec\/sitio\/en\/blog\/2024\/05\/29\/muestra-interactiva-humanx-en-la-uartes-por-campana-contra-xenofobia-y-discriminacion\/\" \/>\n<meta property=\"og:locale\" content=\"en_US\" \/>\n<meta property=\"og:type\" content=\"article\" \/>\n<meta property=\"og:title\" content=\"Universidad de las Artes - Muestra interactiva \u201cHUMANX\u201d, en la sede matriz de la UArtes por campa\u00f1a contra la xenofobia y discriminaci\u00f3n\" \/>\n<meta property=\"og:description\" content=\"Universidad de las Artes - Muestra interactiva \u201cHUMANX\u201d, en la sede matriz de la UArtes por campa\u00f1a contra la xenofobia y discriminaci\u00f3n\" \/>\n<meta property=\"og:url\" content=\"https:\/\/www.uartes.edu.ec\/sitio\/en\/blog\/2024\/05\/29\/muestra-interactiva-humanx-en-la-uartes-por-campana-contra-xenofobia-y-discriminacion\/\" \/>\n<meta property=\"og:site_name\" content=\"Universidad de las Artes\" \/>\n<meta property=\"article:publisher\" content=\"https:\/\/www.facebook.com\/uartesec\" \/>\n<meta property=\"article:published_time\" content=\"2024-05-29T20:35:00+00:00\" \/>\n<meta property=\"article:modified_time\" content=\"2024-07-04T16:18:54+00:00\" \/>\n<meta property=\"og:image\" content=\"https:\/\/www.uartes.edu.ec\/sitio\/wp-content\/uploads\/2024\/05\/01-EXPO-HUMANOS.jpg\" \/>\n\t<meta property=\"og:image:width\" content=\"2000\" \/>\n\t<meta property=\"og:image:height\" content=\"1333\" \/>\n\t<meta property=\"og:image:type\" content=\"image\/jpeg\" \/>\n<meta name=\"author\" content=\"ccortez\" \/>\n<meta name=\"twitter:card\" content=\"summary_large_image\" \/>\n<meta name=\"twitter:creator\" content=\"@uartesec\" \/>\n<meta name=\"twitter:site\" content=\"@uartesec\" \/>\n<meta name=\"twitter:label1\" content=\"Written by\" \/>\n\t<meta name=\"twitter:data1\" content=\"ccortez\" \/>\n\t<meta name=\"twitter:label2\" content=\"Est. reading time\" \/>\n\t<meta name=\"twitter:data2\" content=\"6 minutes\" \/>\n<script type=\"application\/ld+json\" class=\"yoast-schema-graph\">{\"@context\":\"https:\\\/\\\/schema.org\",\"@graph\":[{\"@type\":\"Article\",\"@id\":\"https:\\\/\\\/www.uartes.edu.ec\\\/sitio\\\/en\\\/blog\\\/2024\\\/05\\\/29\\\/muestra-interactiva-humanx-en-la-uartes-por-campana-contra-xenofobia-y-discriminacion\\\/#article\",\"isPartOf\":{\"@id\":\"https:\\\/\\\/www.uartes.edu.ec\\\/sitio\\\/en\\\/blog\\\/2024\\\/05\\\/29\\\/muestra-interactiva-humanx-en-la-uartes-por-campana-contra-xenofobia-y-discriminacion\\\/\"},\"author\":{\"name\":\"ccortez\",\"@id\":\"https:\\\/\\\/www.uartes.edu.ec\\\/sitio\\\/en\\\/#\\\/schema\\\/person\\\/efa1b8275797664fd7f13a79ccc0b1f4\"},\"headline\":\"Muestra interactiva \u201cHUMANX\u201d, en la sede matriz de la UArtes por campa\u00f1a contra la xenofobia y discriminaci\u00f3n\",\"datePublished\":\"2024-05-29T20:35:00+00:00\",\"dateModified\":\"2024-07-04T16:18:54+00:00\",\"mainEntityOfPage\":{\"@id\":\"https:\\\/\\\/www.uartes.edu.ec\\\/sitio\\\/en\\\/blog\\\/2024\\\/05\\\/29\\\/muestra-interactiva-humanx-en-la-uartes-por-campana-contra-xenofobia-y-discriminacion\\\/\"},\"wordCount\":1011,\"commentCount\":0,\"publisher\":{\"@id\":\"https:\\\/\\\/www.uartes.edu.ec\\\/sitio\\\/en\\\/#organization\"},\"image\":{\"@id\":\"https:\\\/\\\/www.uartes.edu.ec\\\/sitio\\\/en\\\/blog\\\/2024\\\/05\\\/29\\\/muestra-interactiva-humanx-en-la-uartes-por-campana-contra-xenofobia-y-discriminacion\\\/#primaryimage\"},\"thumbnailUrl\":\"https:\\\/\\\/www.uartes.edu.ec\\\/sitio\\\/wp-content\\\/uploads\\\/2024\\\/05\\\/01-EXPO-HUMANOS.jpg\",\"keywords\":[\"bienestar universitario\"],\"articleSection\":[\"Administrativos\",\"Bienestar Universitario\",\"Docentes\",\"Estudiantes\",\"Gesti\u00f3n\",\"Sedes\",\"Servicios\",\"V\u00ednculo\"],\"inLanguage\":\"en-US\",\"potentialAction\":[{\"@type\":\"CommentAction\",\"name\":\"Comment\",\"target\":[\"https:\\\/\\\/www.uartes.edu.ec\\\/sitio\\\/en\\\/blog\\\/2024\\\/05\\\/29\\\/muestra-interactiva-humanx-en-la-uartes-por-campana-contra-xenofobia-y-discriminacion\\\/#respond\"]}]},{\"@type\":[\"WebPage\",\"ItemPage\"],\"@id\":\"https:\\\/\\\/www.uartes.edu.ec\\\/sitio\\\/en\\\/blog\\\/2024\\\/05\\\/29\\\/muestra-interactiva-humanx-en-la-uartes-por-campana-contra-xenofobia-y-discriminacion\\\/\",\"url\":\"https:\\\/\\\/www.uartes.edu.ec\\\/sitio\\\/en\\\/blog\\\/2024\\\/05\\\/29\\\/muestra-interactiva-humanx-en-la-uartes-por-campana-contra-xenofobia-y-discriminacion\\\/\",\"name\":\"Universidad de las Artes - Muestra interactiva \u201cHUMANX\u201d, en la sede matriz de la UArtes por campa\u00f1a contra la xenofobia y discriminaci\u00f3n\",\"isPartOf\":{\"@id\":\"https:\\\/\\\/www.uartes.edu.ec\\\/sitio\\\/en\\\/#website\"},\"primaryImageOfPage\":{\"@id\":\"https:\\\/\\\/www.uartes.edu.ec\\\/sitio\\\/en\\\/blog\\\/2024\\\/05\\\/29\\\/muestra-interactiva-humanx-en-la-uartes-por-campana-contra-xenofobia-y-discriminacion\\\/#primaryimage\"},\"image\":{\"@id\":\"https:\\\/\\\/www.uartes.edu.ec\\\/sitio\\\/en\\\/blog\\\/2024\\\/05\\\/29\\\/muestra-interactiva-humanx-en-la-uartes-por-campana-contra-xenofobia-y-discriminacion\\\/#primaryimage\"},\"thumbnailUrl\":\"https:\\\/\\\/www.uartes.edu.ec\\\/sitio\\\/wp-content\\\/uploads\\\/2024\\\/05\\\/01-EXPO-HUMANOS.jpg\",\"datePublished\":\"2024-05-29T20:35:00+00:00\",\"dateModified\":\"2024-07-04T16:18:54+00:00\",\"description\":\"Universidad de las Artes - Muestra interactiva \u201cHUMANX\u201d, en la sede matriz de la UArtes por campa\u00f1a contra la xenofobia y discriminaci\u00f3n\",\"breadcrumb\":{\"@id\":\"https:\\\/\\\/www.uartes.edu.ec\\\/sitio\\\/en\\\/blog\\\/2024\\\/05\\\/29\\\/muestra-interactiva-humanx-en-la-uartes-por-campana-contra-xenofobia-y-discriminacion\\\/#breadcrumb\"},\"inLanguage\":\"en-US\",\"potentialAction\":[{\"@type\":\"ReadAction\",\"target\":[\"https:\\\/\\\/www.uartes.edu.ec\\\/sitio\\\/en\\\/blog\\\/2024\\\/05\\\/29\\\/muestra-interactiva-humanx-en-la-uartes-por-campana-contra-xenofobia-y-discriminacion\\\/\"]}]},{\"@type\":\"ImageObject\",\"inLanguage\":\"en-US\",\"@id\":\"https:\\\/\\\/www.uartes.edu.ec\\\/sitio\\\/en\\\/blog\\\/2024\\\/05\\\/29\\\/muestra-interactiva-humanx-en-la-uartes-por-campana-contra-xenofobia-y-discriminacion\\\/#primaryimage\",\"url\":\"https:\\\/\\\/www.uartes.edu.ec\\\/sitio\\\/wp-content\\\/uploads\\\/2024\\\/05\\\/01-EXPO-HUMANOS.jpg\",\"contentUrl\":\"https:\\\/\\\/www.uartes.edu.ec\\\/sitio\\\/wp-content\\\/uploads\\\/2024\\\/05\\\/01-EXPO-HUMANOS.jpg\",\"width\":2000,\"height\":1333},{\"@type\":\"BreadcrumbList\",\"@id\":\"https:\\\/\\\/www.uartes.edu.ec\\\/sitio\\\/en\\\/blog\\\/2024\\\/05\\\/29\\\/muestra-interactiva-humanx-en-la-uartes-por-campana-contra-xenofobia-y-discriminacion\\\/#breadcrumb\",\"itemListElement\":[{\"@type\":\"ListItem\",\"position\":1,\"name\":\"Inicio\",\"item\":\"https:\\\/\\\/www.uartes.edu.ec\\\/sitio\\\/\"},{\"@type\":\"ListItem\",\"position\":2,\"name\":\"Muestra interactiva \u201cHUMANX\u201d, en la sede matriz de la UArtes por campa\u00f1a contra la xenofobia y discriminaci\u00f3n\"}]},{\"@type\":\"WebSite\",\"@id\":\"https:\\\/\\\/www.uartes.edu.ec\\\/sitio\\\/en\\\/#website\",\"url\":\"https:\\\/\\\/www.uartes.edu.ec\\\/sitio\\\/en\\\/\",\"name\":\"Universidad de las Artes\",\"description\":\"Sitio oficial de la Universidad Nacional de las Artes del Ecuador\",\"publisher\":{\"@id\":\"https:\\\/\\\/www.uartes.edu.ec\\\/sitio\\\/en\\\/#organization\"},\"potentialAction\":[{\"@type\":\"SearchAction\",\"target\":{\"@type\":\"EntryPoint\",\"urlTemplate\":\"https:\\\/\\\/www.uartes.edu.ec\\\/sitio\\\/en\\\/?s={search_term_string}\"},\"query-input\":{\"@type\":\"PropertyValueSpecification\",\"valueRequired\":true,\"valueName\":\"search_term_string\"}}],\"inLanguage\":\"en-US\"},{\"@type\":\"Organization\",\"@id\":\"https:\\\/\\\/www.uartes.edu.ec\\\/sitio\\\/en\\\/#organization\",\"name\":\"Universidad de las Artes\",\"url\":\"https:\\\/\\\/www.uartes.edu.ec\\\/sitio\\\/en\\\/\",\"logo\":{\"@type\":\"ImageObject\",\"inLanguage\":\"en-US\",\"@id\":\"https:\\\/\\\/www.uartes.edu.ec\\\/sitio\\\/en\\\/#\\\/schema\\\/logo\\\/image\\\/\",\"url\":\"https:\\\/\\\/www.uartes.edu.ec\\\/sitio\\\/wp-content\\\/uploads\\\/2022\\\/07\\\/logo-ua-horizontal.png\",\"contentUrl\":\"https:\\\/\\\/www.uartes.edu.ec\\\/sitio\\\/wp-content\\\/uploads\\\/2022\\\/07\\\/logo-ua-horizontal.png\",\"width\":800,\"height\":276,\"caption\":\"Universidad de las Artes\"},\"image\":{\"@id\":\"https:\\\/\\\/www.uartes.edu.ec\\\/sitio\\\/en\\\/#\\\/schema\\\/logo\\\/image\\\/\"},\"sameAs\":[\"https:\\\/\\\/www.facebook.com\\\/uartesec\",\"https:\\\/\\\/x.com\\\/uartesec\",\"https:\\\/\\\/www.tiktok.com\\\/@uartesec\"]},{\"@type\":\"Person\",\"@id\":\"https:\\\/\\\/www.uartes.edu.ec\\\/sitio\\\/en\\\/#\\\/schema\\\/person\\\/efa1b8275797664fd7f13a79ccc0b1f4\",\"name\":\"ccortez\",\"image\":{\"@type\":\"ImageObject\",\"inLanguage\":\"en-US\",\"@id\":\"https:\\\/\\\/secure.gravatar.com\\\/avatar\\\/b2a6f664a3ae8e074346ef91775736c5ec479e637ecced6842de9dc98b5da9cd?s=96&d=mm&r=g\",\"url\":\"https:\\\/\\\/secure.gravatar.com\\\/avatar\\\/b2a6f664a3ae8e074346ef91775736c5ec479e637ecced6842de9dc98b5da9cd?s=96&d=mm&r=g\",\"contentUrl\":\"https:\\\/\\\/secure.gravatar.com\\\/avatar\\\/b2a6f664a3ae8e074346ef91775736c5ec479e637ecced6842de9dc98b5da9cd?s=96&d=mm&r=g\",\"caption\":\"ccortez\"},\"url\":\"https:\\\/\\\/www.uartes.edu.ec\\\/sitio\\\/en\\\/blog\\\/author\\\/ccortez\\\/\"}]}<\/script>\n<!-- \/ Yoast SEO plugin. -->","yoast_head_json":{"title":"Universidad de las Artes - Muestra interactiva \u201cHUMANX\u201d, en la sede matriz de la UArtes por campa\u00f1a contra la xenofobia y discriminaci\u00f3n","description":"Universidad de las Artes - Muestra interactiva \u201cHUMANX\u201d, en la sede matriz de la UArtes por campa\u00f1a contra la xenofobia y discriminaci\u00f3n","robots":{"index":"index","follow":"follow","max-snippet":"max-snippet:-1","max-image-preview":"max-image-preview:large","max-video-preview":"max-video-preview:-1"},"canonical":"https:\/\/www.uartes.edu.ec\/sitio\/en\/blog\/2024\/05\/29\/muestra-interactiva-humanx-en-la-uartes-por-campana-contra-xenofobia-y-discriminacion\/","og_locale":"en_US","og_type":"article","og_title":"Universidad de las Artes - Muestra interactiva \u201cHUMANX\u201d, en la sede matriz de la UArtes por campa\u00f1a contra la xenofobia y discriminaci\u00f3n","og_description":"Universidad de las Artes - Muestra interactiva \u201cHUMANX\u201d, en la sede matriz de la UArtes por campa\u00f1a contra la xenofobia y discriminaci\u00f3n","og_url":"https:\/\/www.uartes.edu.ec\/sitio\/en\/blog\/2024\/05\/29\/muestra-interactiva-humanx-en-la-uartes-por-campana-contra-xenofobia-y-discriminacion\/","og_site_name":"Universidad de las Artes","article_publisher":"https:\/\/www.facebook.com\/uartesec","article_published_time":"2024-05-29T20:35:00+00:00","article_modified_time":"2024-07-04T16:18:54+00:00","og_image":[{"width":2000,"height":1333,"url":"https:\/\/www.uartes.edu.ec\/sitio\/wp-content\/uploads\/2024\/05\/01-EXPO-HUMANOS.jpg","type":"image\/jpeg"}],"author":"ccortez","twitter_card":"summary_large_image","twitter_creator":"@uartesec","twitter_site":"@uartesec","twitter_misc":{"Written by":"ccortez","Est. reading time":"6 minutes"},"schema":{"@context":"https:\/\/schema.org","@graph":[{"@type":"Article","@id":"https:\/\/www.uartes.edu.ec\/sitio\/en\/blog\/2024\/05\/29\/muestra-interactiva-humanx-en-la-uartes-por-campana-contra-xenofobia-y-discriminacion\/#article","isPartOf":{"@id":"https:\/\/www.uartes.edu.ec\/sitio\/en\/blog\/2024\/05\/29\/muestra-interactiva-humanx-en-la-uartes-por-campana-contra-xenofobia-y-discriminacion\/"},"author":{"name":"ccortez","@id":"https:\/\/www.uartes.edu.ec\/sitio\/en\/#\/schema\/person\/efa1b8275797664fd7f13a79ccc0b1f4"},"headline":"Muestra interactiva \u201cHUMANX\u201d, en la sede matriz de la UArtes por campa\u00f1a contra la xenofobia y discriminaci\u00f3n","datePublished":"2024-05-29T20:35:00+00:00","dateModified":"2024-07-04T16:18:54+00:00","mainEntityOfPage":{"@id":"https:\/\/www.uartes.edu.ec\/sitio\/en\/blog\/2024\/05\/29\/muestra-interactiva-humanx-en-la-uartes-por-campana-contra-xenofobia-y-discriminacion\/"},"wordCount":1011,"commentCount":0,"publisher":{"@id":"https:\/\/www.uartes.edu.ec\/sitio\/en\/#organization"},"image":{"@id":"https:\/\/www.uartes.edu.ec\/sitio\/en\/blog\/2024\/05\/29\/muestra-interactiva-humanx-en-la-uartes-por-campana-contra-xenofobia-y-discriminacion\/#primaryimage"},"thumbnailUrl":"https:\/\/www.uartes.edu.ec\/sitio\/wp-content\/uploads\/2024\/05\/01-EXPO-HUMANOS.jpg","keywords":["bienestar universitario"],"articleSection":["Administrativos","Bienestar Universitario","Docentes","Estudiantes","Gesti\u00f3n","Sedes","Servicios","V\u00ednculo"],"inLanguage":"en-US","potentialAction":[{"@type":"CommentAction","name":"Comment","target":["https:\/\/www.uartes.edu.ec\/sitio\/en\/blog\/2024\/05\/29\/muestra-interactiva-humanx-en-la-uartes-por-campana-contra-xenofobia-y-discriminacion\/#respond"]}]},{"@type":["WebPage","ItemPage"],"@id":"https:\/\/www.uartes.edu.ec\/sitio\/en\/blog\/2024\/05\/29\/muestra-interactiva-humanx-en-la-uartes-por-campana-contra-xenofobia-y-discriminacion\/","url":"https:\/\/www.uartes.edu.ec\/sitio\/en\/blog\/2024\/05\/29\/muestra-interactiva-humanx-en-la-uartes-por-campana-contra-xenofobia-y-discriminacion\/","name":"Universidad de las Artes - Muestra interactiva \u201cHUMANX\u201d, en la sede matriz de la UArtes por campa\u00f1a contra la xenofobia y discriminaci\u00f3n","isPartOf":{"@id":"https:\/\/www.uartes.edu.ec\/sitio\/en\/#website"},"primaryImageOfPage":{"@id":"https:\/\/www.uartes.edu.ec\/sitio\/en\/blog\/2024\/05\/29\/muestra-interactiva-humanx-en-la-uartes-por-campana-contra-xenofobia-y-discriminacion\/#primaryimage"},"image":{"@id":"https:\/\/www.uartes.edu.ec\/sitio\/en\/blog\/2024\/05\/29\/muestra-interactiva-humanx-en-la-uartes-por-campana-contra-xenofobia-y-discriminacion\/#primaryimage"},"thumbnailUrl":"https:\/\/www.uartes.edu.ec\/sitio\/wp-content\/uploads\/2024\/05\/01-EXPO-HUMANOS.jpg","datePublished":"2024-05-29T20:35:00+00:00","dateModified":"2024-07-04T16:18:54+00:00","description":"Universidad de las Artes - Muestra interactiva \u201cHUMANX\u201d, en la sede matriz de la UArtes por campa\u00f1a contra la xenofobia y discriminaci\u00f3n","breadcrumb":{"@id":"https:\/\/www.uartes.edu.ec\/sitio\/en\/blog\/2024\/05\/29\/muestra-interactiva-humanx-en-la-uartes-por-campana-contra-xenofobia-y-discriminacion\/#breadcrumb"},"inLanguage":"en-US","potentialAction":[{"@type":"ReadAction","target":["https:\/\/www.uartes.edu.ec\/sitio\/en\/blog\/2024\/05\/29\/muestra-interactiva-humanx-en-la-uartes-por-campana-contra-xenofobia-y-discriminacion\/"]}]},{"@type":"ImageObject","inLanguage":"en-US","@id":"https:\/\/www.uartes.edu.ec\/sitio\/en\/blog\/2024\/05\/29\/muestra-interactiva-humanx-en-la-uartes-por-campana-contra-xenofobia-y-discriminacion\/#primaryimage","url":"https:\/\/www.uartes.edu.ec\/sitio\/wp-content\/uploads\/2024\/05\/01-EXPO-HUMANOS.jpg","contentUrl":"https:\/\/www.uartes.edu.ec\/sitio\/wp-content\/uploads\/2024\/05\/01-EXPO-HUMANOS.jpg","width":2000,"height":1333},{"@type":"BreadcrumbList","@id":"https:\/\/www.uartes.edu.ec\/sitio\/en\/blog\/2024\/05\/29\/muestra-interactiva-humanx-en-la-uartes-por-campana-contra-xenofobia-y-discriminacion\/#breadcrumb","itemListElement":[{"@type":"ListItem","position":1,"name":"Inicio","item":"https:\/\/www.uartes.edu.ec\/sitio\/"},{"@type":"ListItem","position":2,"name":"Muestra interactiva \u201cHUMANX\u201d, en la sede matriz de la UArtes por campa\u00f1a contra la xenofobia y discriminaci\u00f3n"}]},{"@type":"WebSite","@id":"https:\/\/www.uartes.edu.ec\/sitio\/en\/#website","url":"https:\/\/www.uartes.edu.ec\/sitio\/en\/","name":"Universidad de las Artes","description":"Sitio oficial de la Universidad Nacional de las Artes del Ecuador","publisher":{"@id":"https:\/\/www.uartes.edu.ec\/sitio\/en\/#organization"},"potentialAction":[{"@type":"SearchAction","target":{"@type":"EntryPoint","urlTemplate":"https:\/\/www.uartes.edu.ec\/sitio\/en\/?s={search_term_string}"},"query-input":{"@type":"PropertyValueSpecification","valueRequired":true,"valueName":"search_term_string"}}],"inLanguage":"en-US"},{"@type":"Organization","@id":"https:\/\/www.uartes.edu.ec\/sitio\/en\/#organization","name":"Universidad de las Artes","url":"https:\/\/www.uartes.edu.ec\/sitio\/en\/","logo":{"@type":"ImageObject","inLanguage":"en-US","@id":"https:\/\/www.uartes.edu.ec\/sitio\/en\/#\/schema\/logo\/image\/","url":"https:\/\/www.uartes.edu.ec\/sitio\/wp-content\/uploads\/2022\/07\/logo-ua-horizontal.png","contentUrl":"https:\/\/www.uartes.edu.ec\/sitio\/wp-content\/uploads\/2022\/07\/logo-ua-horizontal.png","width":800,"height":276,"caption":"Universidad de las Artes"},"image":{"@id":"https:\/\/www.uartes.edu.ec\/sitio\/en\/#\/schema\/logo\/image\/"},"sameAs":["https:\/\/www.facebook.com\/uartesec","https:\/\/x.com\/uartesec","https:\/\/www.tiktok.com\/@uartesec"]},{"@type":"Person","@id":"https:\/\/www.uartes.edu.ec\/sitio\/en\/#\/schema\/person\/efa1b8275797664fd7f13a79ccc0b1f4","name":"ccortez","image":{"@type":"ImageObject","inLanguage":"en-US","@id":"https:\/\/secure.gravatar.com\/avatar\/b2a6f664a3ae8e074346ef91775736c5ec479e637ecced6842de9dc98b5da9cd?s=96&d=mm&r=g","url":"https:\/\/secure.gravatar.com\/avatar\/b2a6f664a3ae8e074346ef91775736c5ec479e637ecced6842de9dc98b5da9cd?s=96&d=mm&r=g","contentUrl":"https:\/\/secure.gravatar.com\/avatar\/b2a6f664a3ae8e074346ef91775736c5ec479e637ecced6842de9dc98b5da9cd?s=96&d=mm&r=g","caption":"ccortez"},"url":"https:\/\/www.uartes.edu.ec\/sitio\/en\/blog\/author\/ccortez\/"}]}},"uagb_featured_image_src":{"full":["https:\/\/www.uartes.edu.ec\/sitio\/wp-content\/uploads\/2024\/05\/01-EXPO-HUMANOS.jpg",2000,1333,false],"thumbnail":["https:\/\/www.uartes.edu.ec\/sitio\/wp-content\/uploads\/2024\/05\/01-EXPO-HUMANOS-150x150.jpg",150,150,true],"medium":["https:\/\/www.uartes.edu.ec\/sitio\/wp-content\/uploads\/2024\/05\/01-EXPO-HUMANOS-300x200.jpg",300,200,true],"medium_large":["https:\/\/www.uartes.edu.ec\/sitio\/wp-content\/uploads\/2024\/05\/01-EXPO-HUMANOS-768x512.jpg",768,512,true],"large":["https:\/\/www.uartes.edu.ec\/sitio\/wp-content\/uploads\/2024\/05\/01-EXPO-HUMANOS-644x429.jpg",644,429,true],"1536x1536":["https:\/\/www.uartes.edu.ec\/sitio\/wp-content\/uploads\/2024\/05\/01-EXPO-HUMANOS-1536x1024.jpg",1536,1024,true],"2048x2048":["https:\/\/www.uartes.edu.ec\/sitio\/wp-content\/uploads\/2024\/05\/01-EXPO-HUMANOS.jpg",2000,1333,false],"trp-custom-language-flag":["https:\/\/www.uartes.edu.ec\/sitio\/wp-content\/uploads\/2024\/05\/01-EXPO-HUMANOS-18x12.jpg",18,12,true],"htmega_size_585x295":["https:\/\/www.uartes.edu.ec\/sitio\/wp-content\/uploads\/2024\/05\/01-EXPO-HUMANOS-585x295.jpg",585,295,true],"htmega_size_1170x536":["https:\/\/www.uartes.edu.ec\/sitio\/wp-content\/uploads\/2024\/05\/01-EXPO-HUMANOS-1170x536.jpg",1170,536,true],"htmega_size_396x360":["https:\/\/www.uartes.edu.ec\/sitio\/wp-content\/uploads\/2024\/05\/01-EXPO-HUMANOS-396x360.jpg",396,360,true],"gb-block-post-grid-landscape":["https:\/\/www.uartes.edu.ec\/sitio\/wp-content\/uploads\/2024\/05\/01-EXPO-HUMANOS-600x400.jpg",600,400,true],"gb-block-post-grid-square":["https:\/\/www.uartes.edu.ec\/sitio\/wp-content\/uploads\/2024\/05\/01-EXPO-HUMANOS-600x600.jpg",600,600,true],"university-hub-thumb":["https:\/\/www.uartes.edu.ec\/sitio\/wp-content\/uploads\/2024\/05\/01-EXPO-HUMANOS-400x267.jpg",400,267,true]},"uagb_author_info":{"display_name":"ccortez","author_link":"https:\/\/www.uartes.edu.ec\/sitio\/en\/blog\/author\/ccortez\/"},"uagb_comment_info":0,"uagb_excerpt":"En el Pasaje Illingworth de la Gobernaci\u00f3n, sede matriz de la Universidad de las Artes, est\u00e1 \u201cHUMANX\u201d, una exposici\u00f3n interactiva e itinerante que invita a los espectadores a conocer de cerca la realidad de las personas migrantes en el Ecuador. Permanecer\u00e1 hasta el viernes 31 y la conforman t\u00f3tems de grandes dimensiones y formas con&hellip;","featured_image_src":"https:\/\/www.uartes.edu.ec\/sitio\/wp-content\/uploads\/2024\/05\/01-EXPO-HUMANOS-600x400.jpg","featured_image_src_square":"https:\/\/www.uartes.edu.ec\/sitio\/wp-content\/uploads\/2024\/05\/01-EXPO-HUMANOS-600x600.jpg","author_info":{"display_name":"ccortez","author_link":"https:\/\/www.uartes.edu.ec\/sitio\/en\/blog\/author\/ccortez\/"},"publishpress_future_workflow_manual_trigger":{"enabledWorkflows":[]},"distributor_meta":false,"distributor_terms":false,"distributor_media":false,"distributor_original_site_name":"Universidad de las Artes","distributor_original_site_url":"https:\/\/www.uartes.edu.ec\/sitio\/en","push-errors":false,"_links":{"self":[{"href":"https:\/\/www.uartes.edu.ec\/sitio\/en\/wp-json\/wp\/v2\/posts\/54668","targetHints":{"allow":["GET"]}}],"collection":[{"href":"https:\/\/www.uartes.edu.ec\/sitio\/en\/wp-json\/wp\/v2\/posts"}],"about":[{"href":"https:\/\/www.uartes.edu.ec\/sitio\/en\/wp-json\/wp\/v2\/types\/post"}],"author":[{"embeddable":true,"href":"https:\/\/www.uartes.edu.ec\/sitio\/en\/wp-json\/wp\/v2\/users\/10"}],"replies":[{"embeddable":true,"href":"https:\/\/www.uartes.edu.ec\/sitio\/en\/wp-json\/wp\/v2\/comments?post=54668"}],"version-history":[{"count":11,"href":"https:\/\/www.uartes.edu.ec\/sitio\/en\/wp-json\/wp\/v2\/posts\/54668\/revisions"}],"predecessor-version":[{"id":54696,"href":"https:\/\/www.uartes.edu.ec\/sitio\/en\/wp-json\/wp\/v2\/posts\/54668\/revisions\/54696"}],"wp:featuredmedia":[{"embeddable":true,"href":"https:\/\/www.uartes.edu.ec\/sitio\/en\/wp-json\/wp\/v2\/media\/54669"}],"wp:attachment":[{"href":"https:\/\/www.uartes.edu.ec\/sitio\/en\/wp-json\/wp\/v2\/media?parent=54668"}],"wp:term":[{"taxonomy":"category","embeddable":true,"href":"https:\/\/www.uartes.edu.ec\/sitio\/en\/wp-json\/wp\/v2\/categories?post=54668"},{"taxonomy":"post_tag","embeddable":true,"href":"https:\/\/www.uartes.edu.ec\/sitio\/en\/wp-json\/wp\/v2\/tags?post=54668"},{"taxonomy":"infouartes","embeddable":true,"href":"https:\/\/www.uartes.edu.ec\/sitio\/en\/wp-json\/wp\/v2\/infouartes?post=54668"}],"curies":[{"name":"wp","href":"https:\/\/api.w.org\/{rel}","templated":true}]}}