{"id":54935,"date":"2024-05-17T14:07:00","date_gmt":"2024-05-17T19:07:00","guid":{"rendered":"https:\/\/www.uartes.edu.ec\/sitio\/?p=54935"},"modified":"2024-07-04T11:18:58","modified_gmt":"2024-07-04T16:18:58","slug":"en-su-primer-taller-estudiante-josmara-escala-llevo-a-ninos-ninas-y-jovenes-a-explorar-el-cine-y-la-fotografia","status":"publish","type":"post","link":"https:\/\/www.uartes.edu.ec\/sitio\/en\/blog\/2024\/05\/17\/en-su-primer-taller-estudiante-josmara-escala-llevo-a-ninos-ninas-y-jovenes-a-explorar-el-cine-y-la-fotografia\/","title":{"rendered":"En su primera experiencia como tallerista, la estudiante Josmara Escala llev\u00f3 a ni\u00f1os y j\u00f3venes a explorar el cine y la fotograf\u00eda"},"content":{"rendered":"<p>Cursa el tercer semestre de la carrera de Cine y como parte de sus horas de servicio comunitario Josmara Escala Ram\u00edrez particip\u00f3 como tallerista en el proyecto \u201cBibliotricimoteca\u201d que dirige el docente Marcelo Leyton. Su propuesta para los participantes que se inscribieron fue la de explorar tanto el cine como la fotograf\u00eda.&nbsp;<\/p>\n\n\n\n<p>\u201cFueron chicos entre los 9 y 19 a\u00f1os los que se inscribieron al taller vacacional y uno de los mayores retos para m\u00ed fue tratar de buscar la mixtura.&nbsp;Que la ense\u00f1anza y metodolog\u00eda sea la correcta para los mayores, sus necesidades e inter\u00e9s y que, asimismo, lo que les explicaba a ellos se no sea tan dif\u00edcil de comprender para los menores\u201d, expresa.<\/p>\n\n\n\n<p>Se enfoc\u00f3, agrega, en transmitir conocimientos b\u00e1sicos sobre fotograf\u00eda, que es la base para ir a la cinematograf\u00eda. Los participantes manifestaron todo el tiempo un gran inter\u00e9s por el taller, pues quer\u00edan empezar a grabar sus propios cortometrajes. \u201cSin embargo, consider\u00e9 que lo mejor era quedarnos entre el desarrollo y la producci\u00f3n de un corto\u201d.<\/p>\n\n\n\n<p>Tambi\u00e9n se dio tiempo para ense\u00f1arles sobre el guion y los g\u00e9neros de la cinematograf\u00eda y a practicar desde la base para que pudieran comprender mejor c\u00f3mo se escribe un guion y c\u00f3mo incluso el cine es parte y\/o se une a otras artes, como la Literatura y las Artes Visuales.&nbsp;<\/p>\n\n\n\n<h3 class=\"wp-block-heading\">En la construcci\u00f3n de historias<\/h3>\n\n\n\n<p>\u201cAs\u00ed fueron conociendo c\u00f3mo el cine puede tener un impacto superpositivo, c\u00f3mo interrelacionarse con las artes y dentro de esa interrelaci\u00f3n ellos iban construyendo sus historias, escribiendo desde la idea base una <em>storyline<\/em> (breve sinopsis del guion) para luego empezar a escribir una escaleta, propiamente el guion y la construcci\u00f3n de personajes\u201d, anota Escala.&nbsp;<\/p>\n\n\n<div class=\"wp-block-image\">\n<figure class=\"aligncenter size-large\"><img decoding=\"async\" src=\"https:\/\/www.uartes.edu.ec\/sitio\/wp-content\/uploads\/2024\/06\/02-senoritas-infouartes-644x483.jpg\" alt=\"\" class=\"wp-image-55981\" \/><\/figure>\n<\/div>\n\n\n<p>Comenta que tuvo dos estudiantes que hicieron <em>pitch<\/em> (breve presentaci\u00f3n) de sus historias en el cierre del taller y que los dem\u00e1s siguieron construyendo sus historias y siendo part\u00edcipes.&nbsp;\u201cPara m\u00ed fue un aprendizaje rec\u00edproco, pues ellos siempre estaban interesados en aprender y conocer m\u00e1s de c\u00f3mo funciona el mundo del cine\u201d. Las horas de servicio comunitario cumplidas con el proyecto de \u201cBibliotricimoteca\u201d fue su primera experiencia como tallerista, un descubrimiento conjunto porque todos los d\u00edas ense\u00f1aba algo \u201cy todos los d\u00edas aprend\u00eda algo y siempre trataba de innovar, de ser creativa, de buscar m\u00e1s argumentos para incentivarlos\u201d.&nbsp;<\/p>\n\n\n\n<p>Como se trataba de un taller vacacional tampoco se propuso brindarles conocimiento complicado, sino un material que les permitiera disfrutar de la vacancia, un aprendizaje divertido. Comprendi\u00f3, dice, la labor inmensa e intensa que tienen los docentes. Fue un impacto tan positivo y un aprendizaje significativo.<\/p>\n\n\n\n<p>Concluy\u00f3 el taller con 17 participantes, quienes desde el inicio le confesaron haberse inscrito con el inter\u00e9s de ver una pel\u00edcula, lo cual siempre le pidieron y les cumpli\u00f3, \u201cpero luego solo quer\u00edan pasar viendo pel\u00edculas y la idea de verlas no era simplemente disfrutarlas como p\u00fablico, sino verlas con los ojos de lo que est\u00e1bamos aprendiendo y as\u00ed nos fuimos adentrando a ese an\u00e1lisis f\u00edlmico. El taller fue corto, pero a ellos les encant\u00f3 y pude hacer una autoevaluaci\u00f3n tanto de ellos como m\u00eda y hemos quedado encantados. Ellos y yo esperamos que se abra otro taller pr\u00f3ximamente porque quiero regresar para hacerlo\u201d.<\/p>\n\n\n\n<p>Una vez que aprendieron a sacarle mayor provecho a la fotograf\u00eda y lograr que sea buena, Escala indica que les ense\u00f1\u00f3 ediciones y t\u00e9cnicas b\u00e1sicas, lo cual se vio luego reflejado cuando al final mostraron sus im\u00e1genes y hablaron de los planos y la parte narrativa de sus historias.<\/p>\n\n\n\n<p>Uno de los participantes que no pudo estar mucho en el taller por otras actividades que desarrollaba la sorprendi\u00f3 al pedirle dar \u00e9l el discurso de cierre. En ese final hicimos un concurso de conocimientos, el an\u00e1lisis f\u00edlmico de un cortometraje, vimos las partes t\u00e9cnicas y terminamos con un pitch de dos chicos que contaron sus historias.<\/p>\n\n\n\n<p>Foto: Cuenta de FB de Vinculaci\u00f3n con la Comunidad.<\/p>","protected":false},"excerpt":{"rendered":"<p>Cursa el tercer semestre de la carrera de Cine y como parte de sus horas de servicio comunitario Josmara Escala particip\u00f3 como tallerista en el proyecto \u201cBibliotricimoteca\u201d, que dirige el docente Marcelo Leyton. Su propuesta para los participantes que se inscribieron, con edades entre los 9 y 19 a\u00f1os, fue explorar el cine y la fotograf\u00eda. Su mayor reto: tratar de buscar la mixtura, anota al compartir su experiencia.<\/p>","protected":false},"author":10,"featured_media":55973,"comment_status":"open","ping_status":"open","sticky":false,"template":"","format":"standard","meta":{"_acf_changed":false,"_uag_custom_page_level_css":"","_monsterinsights_skip_tracking":false,"_monsterinsights_sitenote_active":false,"_monsterinsights_sitenote_note":"","_monsterinsights_sitenote_category":0,"cybocfi_hide_featured_image":"","footnotes":""},"categories":[147,75,76,77,79],"tags":[1104],"infouartes":[],"class_list":["post-54935","post","type-post","status-publish","format-standard","has-post-thumbnail","hentry","category-cine","category-docentes","category-estudiantes","category-gestion","category-vinculo","tag-tallerista"],"acf":[],"yoast_head":"<!-- This site is optimized with the Yoast SEO plugin v27.4 - https:\/\/yoast.com\/product\/yoast-seo-wordpress\/ -->\n<title>Universidad de las Artes - En su primera experiencia como tallerista, la estudiante Josmara Escala llev\u00f3 a ni\u00f1os y j\u00f3venes a explorar el cine y la fotograf\u00eda<\/title>\n<meta name=\"description\" content=\"Universidad de las Artes - En su primera experiencia como tallerista, la estudiante Josmara Escala llev\u00f3 a ni\u00f1os y j\u00f3venes a explorar el cine y la fotograf\u00eda\" \/>\n<meta name=\"robots\" content=\"index, follow, max-snippet:-1, max-image-preview:large, max-video-preview:-1\" \/>\n<link rel=\"canonical\" href=\"https:\/\/www.uartes.edu.ec\/sitio\/en\/blog\/2024\/05\/17\/en-su-primer-taller-estudiante-josmara-escala-llevo-a-ninos-ninas-y-jovenes-a-explorar-el-cine-y-la-fotografia\/\" \/>\n<meta property=\"og:locale\" content=\"en_US\" \/>\n<meta property=\"og:type\" content=\"article\" \/>\n<meta property=\"og:title\" content=\"Universidad de las Artes - En su primera experiencia como tallerista, la estudiante Josmara Escala llev\u00f3 a ni\u00f1os y j\u00f3venes a explorar el cine y la fotograf\u00eda\" \/>\n<meta property=\"og:description\" content=\"Universidad de las Artes - En su primera experiencia como tallerista, la estudiante Josmara Escala llev\u00f3 a ni\u00f1os y j\u00f3venes a explorar el cine y la fotograf\u00eda\" \/>\n<meta property=\"og:url\" content=\"https:\/\/www.uartes.edu.ec\/sitio\/en\/blog\/2024\/05\/17\/en-su-primer-taller-estudiante-josmara-escala-llevo-a-ninos-ninas-y-jovenes-a-explorar-el-cine-y-la-fotografia\/\" \/>\n<meta property=\"og:site_name\" content=\"Universidad de las Artes\" \/>\n<meta property=\"article:publisher\" content=\"https:\/\/www.facebook.com\/uartesec\" \/>\n<meta property=\"article:published_time\" content=\"2024-05-17T19:07:00+00:00\" \/>\n<meta property=\"article:modified_time\" content=\"2024-07-04T16:18:58+00:00\" \/>\n<meta property=\"og:image\" content=\"https:\/\/www.uartes.edu.ec\/sitio\/wp-content\/uploads\/2024\/05\/cierre222A.jpg\" \/>\n\t<meta property=\"og:image:width\" content=\"2048\" \/>\n\t<meta property=\"og:image:height\" content=\"1365\" \/>\n\t<meta property=\"og:image:type\" content=\"image\/jpeg\" \/>\n<meta name=\"author\" content=\"ccortez\" \/>\n<meta name=\"twitter:card\" content=\"summary_large_image\" \/>\n<meta name=\"twitter:creator\" content=\"@uartesec\" \/>\n<meta name=\"twitter:site\" content=\"@uartesec\" \/>\n<meta name=\"twitter:label1\" content=\"Written by\" \/>\n\t<meta name=\"twitter:data1\" content=\"ccortez\" \/>\n\t<meta name=\"twitter:label2\" content=\"Est. reading time\" \/>\n\t<meta name=\"twitter:data2\" content=\"4 minutes\" \/>\n<script type=\"application\/ld+json\" class=\"yoast-schema-graph\">{\"@context\":\"https:\\\/\\\/schema.org\",\"@graph\":[{\"@type\":\"Article\",\"@id\":\"https:\\\/\\\/www.uartes.edu.ec\\\/sitio\\\/en\\\/blog\\\/2024\\\/05\\\/17\\\/en-su-primer-taller-estudiante-josmara-escala-llevo-a-ninos-ninas-y-jovenes-a-explorar-el-cine-y-la-fotografia\\\/#article\",\"isPartOf\":{\"@id\":\"https:\\\/\\\/www.uartes.edu.ec\\\/sitio\\\/en\\\/blog\\\/2024\\\/05\\\/17\\\/en-su-primer-taller-estudiante-josmara-escala-llevo-a-ninos-ninas-y-jovenes-a-explorar-el-cine-y-la-fotografia\\\/\"},\"author\":{\"name\":\"ccortez\",\"@id\":\"https:\\\/\\\/www.uartes.edu.ec\\\/sitio\\\/en\\\/#\\\/schema\\\/person\\\/efa1b8275797664fd7f13a79ccc0b1f4\"},\"headline\":\"En su primera experiencia como tallerista, la estudiante Josmara Escala llev\u00f3 a ni\u00f1os y j\u00f3venes a explorar el cine y la fotograf\u00eda\",\"datePublished\":\"2024-05-17T19:07:00+00:00\",\"dateModified\":\"2024-07-04T16:18:58+00:00\",\"mainEntityOfPage\":{\"@id\":\"https:\\\/\\\/www.uartes.edu.ec\\\/sitio\\\/en\\\/blog\\\/2024\\\/05\\\/17\\\/en-su-primer-taller-estudiante-josmara-escala-llevo-a-ninos-ninas-y-jovenes-a-explorar-el-cine-y-la-fotografia\\\/\"},\"wordCount\":727,\"commentCount\":0,\"publisher\":{\"@id\":\"https:\\\/\\\/www.uartes.edu.ec\\\/sitio\\\/en\\\/#organization\"},\"image\":{\"@id\":\"https:\\\/\\\/www.uartes.edu.ec\\\/sitio\\\/en\\\/blog\\\/2024\\\/05\\\/17\\\/en-su-primer-taller-estudiante-josmara-escala-llevo-a-ninos-ninas-y-jovenes-a-explorar-el-cine-y-la-fotografia\\\/#primaryimage\"},\"thumbnailUrl\":\"https:\\\/\\\/www.uartes.edu.ec\\\/sitio\\\/wp-content\\\/uploads\\\/2024\\\/05\\\/cierre222A.jpg\",\"keywords\":[\"tallerista\"],\"articleSection\":[\"Cine\",\"Docentes\",\"Estudiantes\",\"Gesti\u00f3n\",\"V\u00ednculo\"],\"inLanguage\":\"en-US\",\"potentialAction\":[{\"@type\":\"CommentAction\",\"name\":\"Comment\",\"target\":[\"https:\\\/\\\/www.uartes.edu.ec\\\/sitio\\\/en\\\/blog\\\/2024\\\/05\\\/17\\\/en-su-primer-taller-estudiante-josmara-escala-llevo-a-ninos-ninas-y-jovenes-a-explorar-el-cine-y-la-fotografia\\\/#respond\"]}]},{\"@type\":[\"WebPage\",\"ItemPage\"],\"@id\":\"https:\\\/\\\/www.uartes.edu.ec\\\/sitio\\\/en\\\/blog\\\/2024\\\/05\\\/17\\\/en-su-primer-taller-estudiante-josmara-escala-llevo-a-ninos-ninas-y-jovenes-a-explorar-el-cine-y-la-fotografia\\\/\",\"url\":\"https:\\\/\\\/www.uartes.edu.ec\\\/sitio\\\/en\\\/blog\\\/2024\\\/05\\\/17\\\/en-su-primer-taller-estudiante-josmara-escala-llevo-a-ninos-ninas-y-jovenes-a-explorar-el-cine-y-la-fotografia\\\/\",\"name\":\"Universidad de las Artes - En su primera experiencia como tallerista, la estudiante Josmara Escala llev\u00f3 a ni\u00f1os y j\u00f3venes a explorar el cine y la fotograf\u00eda\",\"isPartOf\":{\"@id\":\"https:\\\/\\\/www.uartes.edu.ec\\\/sitio\\\/en\\\/#website\"},\"primaryImageOfPage\":{\"@id\":\"https:\\\/\\\/www.uartes.edu.ec\\\/sitio\\\/en\\\/blog\\\/2024\\\/05\\\/17\\\/en-su-primer-taller-estudiante-josmara-escala-llevo-a-ninos-ninas-y-jovenes-a-explorar-el-cine-y-la-fotografia\\\/#primaryimage\"},\"image\":{\"@id\":\"https:\\\/\\\/www.uartes.edu.ec\\\/sitio\\\/en\\\/blog\\\/2024\\\/05\\\/17\\\/en-su-primer-taller-estudiante-josmara-escala-llevo-a-ninos-ninas-y-jovenes-a-explorar-el-cine-y-la-fotografia\\\/#primaryimage\"},\"thumbnailUrl\":\"https:\\\/\\\/www.uartes.edu.ec\\\/sitio\\\/wp-content\\\/uploads\\\/2024\\\/05\\\/cierre222A.jpg\",\"datePublished\":\"2024-05-17T19:07:00+00:00\",\"dateModified\":\"2024-07-04T16:18:58+00:00\",\"description\":\"Universidad de las Artes - En su primera experiencia como tallerista, la estudiante Josmara Escala llev\u00f3 a ni\u00f1os y j\u00f3venes a explorar el cine y la fotograf\u00eda\",\"breadcrumb\":{\"@id\":\"https:\\\/\\\/www.uartes.edu.ec\\\/sitio\\\/en\\\/blog\\\/2024\\\/05\\\/17\\\/en-su-primer-taller-estudiante-josmara-escala-llevo-a-ninos-ninas-y-jovenes-a-explorar-el-cine-y-la-fotografia\\\/#breadcrumb\"},\"inLanguage\":\"en-US\",\"potentialAction\":[{\"@type\":\"ReadAction\",\"target\":[\"https:\\\/\\\/www.uartes.edu.ec\\\/sitio\\\/en\\\/blog\\\/2024\\\/05\\\/17\\\/en-su-primer-taller-estudiante-josmara-escala-llevo-a-ninos-ninas-y-jovenes-a-explorar-el-cine-y-la-fotografia\\\/\"]}]},{\"@type\":\"ImageObject\",\"inLanguage\":\"en-US\",\"@id\":\"https:\\\/\\\/www.uartes.edu.ec\\\/sitio\\\/en\\\/blog\\\/2024\\\/05\\\/17\\\/en-su-primer-taller-estudiante-josmara-escala-llevo-a-ninos-ninas-y-jovenes-a-explorar-el-cine-y-la-fotografia\\\/#primaryimage\",\"url\":\"https:\\\/\\\/www.uartes.edu.ec\\\/sitio\\\/wp-content\\\/uploads\\\/2024\\\/05\\\/cierre222A.jpg\",\"contentUrl\":\"https:\\\/\\\/www.uartes.edu.ec\\\/sitio\\\/wp-content\\\/uploads\\\/2024\\\/05\\\/cierre222A.jpg\",\"width\":2048,\"height\":1365},{\"@type\":\"BreadcrumbList\",\"@id\":\"https:\\\/\\\/www.uartes.edu.ec\\\/sitio\\\/en\\\/blog\\\/2024\\\/05\\\/17\\\/en-su-primer-taller-estudiante-josmara-escala-llevo-a-ninos-ninas-y-jovenes-a-explorar-el-cine-y-la-fotografia\\\/#breadcrumb\",\"itemListElement\":[{\"@type\":\"ListItem\",\"position\":1,\"name\":\"Inicio\",\"item\":\"https:\\\/\\\/www.uartes.edu.ec\\\/sitio\\\/\"},{\"@type\":\"ListItem\",\"position\":2,\"name\":\"En su primera experiencia como tallerista, la estudiante Josmara Escala llev\u00f3 a ni\u00f1os y j\u00f3venes a explorar el cine y la fotograf\u00eda\"}]},{\"@type\":\"WebSite\",\"@id\":\"https:\\\/\\\/www.uartes.edu.ec\\\/sitio\\\/en\\\/#website\",\"url\":\"https:\\\/\\\/www.uartes.edu.ec\\\/sitio\\\/en\\\/\",\"name\":\"Universidad de las Artes\",\"description\":\"Sitio oficial de la Universidad Nacional de las Artes del Ecuador\",\"publisher\":{\"@id\":\"https:\\\/\\\/www.uartes.edu.ec\\\/sitio\\\/en\\\/#organization\"},\"potentialAction\":[{\"@type\":\"SearchAction\",\"target\":{\"@type\":\"EntryPoint\",\"urlTemplate\":\"https:\\\/\\\/www.uartes.edu.ec\\\/sitio\\\/en\\\/?s={search_term_string}\"},\"query-input\":{\"@type\":\"PropertyValueSpecification\",\"valueRequired\":true,\"valueName\":\"search_term_string\"}}],\"inLanguage\":\"en-US\"},{\"@type\":\"Organization\",\"@id\":\"https:\\\/\\\/www.uartes.edu.ec\\\/sitio\\\/en\\\/#organization\",\"name\":\"Universidad de las Artes\",\"url\":\"https:\\\/\\\/www.uartes.edu.ec\\\/sitio\\\/en\\\/\",\"logo\":{\"@type\":\"ImageObject\",\"inLanguage\":\"en-US\",\"@id\":\"https:\\\/\\\/www.uartes.edu.ec\\\/sitio\\\/en\\\/#\\\/schema\\\/logo\\\/image\\\/\",\"url\":\"https:\\\/\\\/www.uartes.edu.ec\\\/sitio\\\/wp-content\\\/uploads\\\/2022\\\/07\\\/logo-ua-horizontal.png\",\"contentUrl\":\"https:\\\/\\\/www.uartes.edu.ec\\\/sitio\\\/wp-content\\\/uploads\\\/2022\\\/07\\\/logo-ua-horizontal.png\",\"width\":800,\"height\":276,\"caption\":\"Universidad de las Artes\"},\"image\":{\"@id\":\"https:\\\/\\\/www.uartes.edu.ec\\\/sitio\\\/en\\\/#\\\/schema\\\/logo\\\/image\\\/\"},\"sameAs\":[\"https:\\\/\\\/www.facebook.com\\\/uartesec\",\"https:\\\/\\\/x.com\\\/uartesec\",\"https:\\\/\\\/www.tiktok.com\\\/@uartesec\"]},{\"@type\":\"Person\",\"@id\":\"https:\\\/\\\/www.uartes.edu.ec\\\/sitio\\\/en\\\/#\\\/schema\\\/person\\\/efa1b8275797664fd7f13a79ccc0b1f4\",\"name\":\"ccortez\",\"image\":{\"@type\":\"ImageObject\",\"inLanguage\":\"en-US\",\"@id\":\"https:\\\/\\\/secure.gravatar.com\\\/avatar\\\/b2a6f664a3ae8e074346ef91775736c5ec479e637ecced6842de9dc98b5da9cd?s=96&d=mm&r=g\",\"url\":\"https:\\\/\\\/secure.gravatar.com\\\/avatar\\\/b2a6f664a3ae8e074346ef91775736c5ec479e637ecced6842de9dc98b5da9cd?s=96&d=mm&r=g\",\"contentUrl\":\"https:\\\/\\\/secure.gravatar.com\\\/avatar\\\/b2a6f664a3ae8e074346ef91775736c5ec479e637ecced6842de9dc98b5da9cd?s=96&d=mm&r=g\",\"caption\":\"ccortez\"},\"url\":\"https:\\\/\\\/www.uartes.edu.ec\\\/sitio\\\/en\\\/blog\\\/author\\\/ccortez\\\/\"}]}<\/script>\n<!-- \/ Yoast SEO plugin. -->","yoast_head_json":{"title":"Universidad de las Artes - En su primera experiencia como tallerista, la estudiante Josmara Escala llev\u00f3 a ni\u00f1os y j\u00f3venes a explorar el cine y la fotograf\u00eda","description":"Universidad de las Artes - En su primera experiencia como tallerista, la estudiante Josmara Escala llev\u00f3 a ni\u00f1os y j\u00f3venes a explorar el cine y la fotograf\u00eda","robots":{"index":"index","follow":"follow","max-snippet":"max-snippet:-1","max-image-preview":"max-image-preview:large","max-video-preview":"max-video-preview:-1"},"canonical":"https:\/\/www.uartes.edu.ec\/sitio\/en\/blog\/2024\/05\/17\/en-su-primer-taller-estudiante-josmara-escala-llevo-a-ninos-ninas-y-jovenes-a-explorar-el-cine-y-la-fotografia\/","og_locale":"en_US","og_type":"article","og_title":"Universidad de las Artes - En su primera experiencia como tallerista, la estudiante Josmara Escala llev\u00f3 a ni\u00f1os y j\u00f3venes a explorar el cine y la fotograf\u00eda","og_description":"Universidad de las Artes - En su primera experiencia como tallerista, la estudiante Josmara Escala llev\u00f3 a ni\u00f1os y j\u00f3venes a explorar el cine y la fotograf\u00eda","og_url":"https:\/\/www.uartes.edu.ec\/sitio\/en\/blog\/2024\/05\/17\/en-su-primer-taller-estudiante-josmara-escala-llevo-a-ninos-ninas-y-jovenes-a-explorar-el-cine-y-la-fotografia\/","og_site_name":"Universidad de las Artes","article_publisher":"https:\/\/www.facebook.com\/uartesec","article_published_time":"2024-05-17T19:07:00+00:00","article_modified_time":"2024-07-04T16:18:58+00:00","og_image":[{"width":2048,"height":1365,"url":"https:\/\/www.uartes.edu.ec\/sitio\/wp-content\/uploads\/2024\/05\/cierre222A.jpg","type":"image\/jpeg"}],"author":"ccortez","twitter_card":"summary_large_image","twitter_creator":"@uartesec","twitter_site":"@uartesec","twitter_misc":{"Written by":"ccortez","Est. reading time":"4 minutes"},"schema":{"@context":"https:\/\/schema.org","@graph":[{"@type":"Article","@id":"https:\/\/www.uartes.edu.ec\/sitio\/en\/blog\/2024\/05\/17\/en-su-primer-taller-estudiante-josmara-escala-llevo-a-ninos-ninas-y-jovenes-a-explorar-el-cine-y-la-fotografia\/#article","isPartOf":{"@id":"https:\/\/www.uartes.edu.ec\/sitio\/en\/blog\/2024\/05\/17\/en-su-primer-taller-estudiante-josmara-escala-llevo-a-ninos-ninas-y-jovenes-a-explorar-el-cine-y-la-fotografia\/"},"author":{"name":"ccortez","@id":"https:\/\/www.uartes.edu.ec\/sitio\/en\/#\/schema\/person\/efa1b8275797664fd7f13a79ccc0b1f4"},"headline":"En su primera experiencia como tallerista, la estudiante Josmara Escala llev\u00f3 a ni\u00f1os y j\u00f3venes a explorar el cine y la fotograf\u00eda","datePublished":"2024-05-17T19:07:00+00:00","dateModified":"2024-07-04T16:18:58+00:00","mainEntityOfPage":{"@id":"https:\/\/www.uartes.edu.ec\/sitio\/en\/blog\/2024\/05\/17\/en-su-primer-taller-estudiante-josmara-escala-llevo-a-ninos-ninas-y-jovenes-a-explorar-el-cine-y-la-fotografia\/"},"wordCount":727,"commentCount":0,"publisher":{"@id":"https:\/\/www.uartes.edu.ec\/sitio\/en\/#organization"},"image":{"@id":"https:\/\/www.uartes.edu.ec\/sitio\/en\/blog\/2024\/05\/17\/en-su-primer-taller-estudiante-josmara-escala-llevo-a-ninos-ninas-y-jovenes-a-explorar-el-cine-y-la-fotografia\/#primaryimage"},"thumbnailUrl":"https:\/\/www.uartes.edu.ec\/sitio\/wp-content\/uploads\/2024\/05\/cierre222A.jpg","keywords":["tallerista"],"articleSection":["Cine","Docentes","Estudiantes","Gesti\u00f3n","V\u00ednculo"],"inLanguage":"en-US","potentialAction":[{"@type":"CommentAction","name":"Comment","target":["https:\/\/www.uartes.edu.ec\/sitio\/en\/blog\/2024\/05\/17\/en-su-primer-taller-estudiante-josmara-escala-llevo-a-ninos-ninas-y-jovenes-a-explorar-el-cine-y-la-fotografia\/#respond"]}]},{"@type":["WebPage","ItemPage"],"@id":"https:\/\/www.uartes.edu.ec\/sitio\/en\/blog\/2024\/05\/17\/en-su-primer-taller-estudiante-josmara-escala-llevo-a-ninos-ninas-y-jovenes-a-explorar-el-cine-y-la-fotografia\/","url":"https:\/\/www.uartes.edu.ec\/sitio\/en\/blog\/2024\/05\/17\/en-su-primer-taller-estudiante-josmara-escala-llevo-a-ninos-ninas-y-jovenes-a-explorar-el-cine-y-la-fotografia\/","name":"Universidad de las Artes - En su primera experiencia como tallerista, la estudiante Josmara Escala llev\u00f3 a ni\u00f1os y j\u00f3venes a explorar el cine y la fotograf\u00eda","isPartOf":{"@id":"https:\/\/www.uartes.edu.ec\/sitio\/en\/#website"},"primaryImageOfPage":{"@id":"https:\/\/www.uartes.edu.ec\/sitio\/en\/blog\/2024\/05\/17\/en-su-primer-taller-estudiante-josmara-escala-llevo-a-ninos-ninas-y-jovenes-a-explorar-el-cine-y-la-fotografia\/#primaryimage"},"image":{"@id":"https:\/\/www.uartes.edu.ec\/sitio\/en\/blog\/2024\/05\/17\/en-su-primer-taller-estudiante-josmara-escala-llevo-a-ninos-ninas-y-jovenes-a-explorar-el-cine-y-la-fotografia\/#primaryimage"},"thumbnailUrl":"https:\/\/www.uartes.edu.ec\/sitio\/wp-content\/uploads\/2024\/05\/cierre222A.jpg","datePublished":"2024-05-17T19:07:00+00:00","dateModified":"2024-07-04T16:18:58+00:00","description":"Universidad de las Artes - En su primera experiencia como tallerista, la estudiante Josmara Escala llev\u00f3 a ni\u00f1os y j\u00f3venes a explorar el cine y la fotograf\u00eda","breadcrumb":{"@id":"https:\/\/www.uartes.edu.ec\/sitio\/en\/blog\/2024\/05\/17\/en-su-primer-taller-estudiante-josmara-escala-llevo-a-ninos-ninas-y-jovenes-a-explorar-el-cine-y-la-fotografia\/#breadcrumb"},"inLanguage":"en-US","potentialAction":[{"@type":"ReadAction","target":["https:\/\/www.uartes.edu.ec\/sitio\/en\/blog\/2024\/05\/17\/en-su-primer-taller-estudiante-josmara-escala-llevo-a-ninos-ninas-y-jovenes-a-explorar-el-cine-y-la-fotografia\/"]}]},{"@type":"ImageObject","inLanguage":"en-US","@id":"https:\/\/www.uartes.edu.ec\/sitio\/en\/blog\/2024\/05\/17\/en-su-primer-taller-estudiante-josmara-escala-llevo-a-ninos-ninas-y-jovenes-a-explorar-el-cine-y-la-fotografia\/#primaryimage","url":"https:\/\/www.uartes.edu.ec\/sitio\/wp-content\/uploads\/2024\/05\/cierre222A.jpg","contentUrl":"https:\/\/www.uartes.edu.ec\/sitio\/wp-content\/uploads\/2024\/05\/cierre222A.jpg","width":2048,"height":1365},{"@type":"BreadcrumbList","@id":"https:\/\/www.uartes.edu.ec\/sitio\/en\/blog\/2024\/05\/17\/en-su-primer-taller-estudiante-josmara-escala-llevo-a-ninos-ninas-y-jovenes-a-explorar-el-cine-y-la-fotografia\/#breadcrumb","itemListElement":[{"@type":"ListItem","position":1,"name":"Inicio","item":"https:\/\/www.uartes.edu.ec\/sitio\/"},{"@type":"ListItem","position":2,"name":"En su primera experiencia como tallerista, la estudiante Josmara Escala llev\u00f3 a ni\u00f1os y j\u00f3venes a explorar el cine y la fotograf\u00eda"}]},{"@type":"WebSite","@id":"https:\/\/www.uartes.edu.ec\/sitio\/en\/#website","url":"https:\/\/www.uartes.edu.ec\/sitio\/en\/","name":"Universidad de las Artes","description":"Sitio oficial de la Universidad Nacional de las Artes del Ecuador","publisher":{"@id":"https:\/\/www.uartes.edu.ec\/sitio\/en\/#organization"},"potentialAction":[{"@type":"SearchAction","target":{"@type":"EntryPoint","urlTemplate":"https:\/\/www.uartes.edu.ec\/sitio\/en\/?s={search_term_string}"},"query-input":{"@type":"PropertyValueSpecification","valueRequired":true,"valueName":"search_term_string"}}],"inLanguage":"en-US"},{"@type":"Organization","@id":"https:\/\/www.uartes.edu.ec\/sitio\/en\/#organization","name":"Universidad de las Artes","url":"https:\/\/www.uartes.edu.ec\/sitio\/en\/","logo":{"@type":"ImageObject","inLanguage":"en-US","@id":"https:\/\/www.uartes.edu.ec\/sitio\/en\/#\/schema\/logo\/image\/","url":"https:\/\/www.uartes.edu.ec\/sitio\/wp-content\/uploads\/2022\/07\/logo-ua-horizontal.png","contentUrl":"https:\/\/www.uartes.edu.ec\/sitio\/wp-content\/uploads\/2022\/07\/logo-ua-horizontal.png","width":800,"height":276,"caption":"Universidad de las Artes"},"image":{"@id":"https:\/\/www.uartes.edu.ec\/sitio\/en\/#\/schema\/logo\/image\/"},"sameAs":["https:\/\/www.facebook.com\/uartesec","https:\/\/x.com\/uartesec","https:\/\/www.tiktok.com\/@uartesec"]},{"@type":"Person","@id":"https:\/\/www.uartes.edu.ec\/sitio\/en\/#\/schema\/person\/efa1b8275797664fd7f13a79ccc0b1f4","name":"ccortez","image":{"@type":"ImageObject","inLanguage":"en-US","@id":"https:\/\/secure.gravatar.com\/avatar\/b2a6f664a3ae8e074346ef91775736c5ec479e637ecced6842de9dc98b5da9cd?s=96&d=mm&r=g","url":"https:\/\/secure.gravatar.com\/avatar\/b2a6f664a3ae8e074346ef91775736c5ec479e637ecced6842de9dc98b5da9cd?s=96&d=mm&r=g","contentUrl":"https:\/\/secure.gravatar.com\/avatar\/b2a6f664a3ae8e074346ef91775736c5ec479e637ecced6842de9dc98b5da9cd?s=96&d=mm&r=g","caption":"ccortez"},"url":"https:\/\/www.uartes.edu.ec\/sitio\/en\/blog\/author\/ccortez\/"}]}},"uagb_featured_image_src":{"full":["https:\/\/www.uartes.edu.ec\/sitio\/wp-content\/uploads\/2024\/05\/cierre222A.jpg",2048,1365,false],"thumbnail":["https:\/\/www.uartes.edu.ec\/sitio\/wp-content\/uploads\/2024\/05\/cierre222A-150x150.jpg",150,150,true],"medium":["https:\/\/www.uartes.edu.ec\/sitio\/wp-content\/uploads\/2024\/05\/cierre222A-300x200.jpg",300,200,true],"medium_large":["https:\/\/www.uartes.edu.ec\/sitio\/wp-content\/uploads\/2024\/05\/cierre222A-768x512.jpg",768,512,true],"large":["https:\/\/www.uartes.edu.ec\/sitio\/wp-content\/uploads\/2024\/05\/cierre222A-644x429.jpg",644,429,true],"1536x1536":["https:\/\/www.uartes.edu.ec\/sitio\/wp-content\/uploads\/2024\/05\/cierre222A-1536x1024.jpg",1536,1024,true],"2048x2048":["https:\/\/www.uartes.edu.ec\/sitio\/wp-content\/uploads\/2024\/05\/cierre222A.jpg",2048,1365,false],"trp-custom-language-flag":["https:\/\/www.uartes.edu.ec\/sitio\/wp-content\/uploads\/2024\/05\/cierre222A-18x12.jpg",18,12,true],"htmega_size_585x295":["https:\/\/www.uartes.edu.ec\/sitio\/wp-content\/uploads\/2024\/05\/cierre222A-585x295.jpg",585,295,true],"htmega_size_1170x536":["https:\/\/www.uartes.edu.ec\/sitio\/wp-content\/uploads\/2024\/05\/cierre222A-1170x536.jpg",1170,536,true],"htmega_size_396x360":["https:\/\/www.uartes.edu.ec\/sitio\/wp-content\/uploads\/2024\/05\/cierre222A-396x360.jpg",396,360,true],"gb-block-post-grid-landscape":["https:\/\/www.uartes.edu.ec\/sitio\/wp-content\/uploads\/2024\/05\/cierre222A-600x400.jpg",600,400,true],"gb-block-post-grid-square":["https:\/\/www.uartes.edu.ec\/sitio\/wp-content\/uploads\/2024\/05\/cierre222A-600x600.jpg",600,600,true],"university-hub-thumb":["https:\/\/www.uartes.edu.ec\/sitio\/wp-content\/uploads\/2024\/05\/cierre222A-400x267.jpg",400,267,true]},"uagb_author_info":{"display_name":"ccortez","author_link":"https:\/\/www.uartes.edu.ec\/sitio\/en\/blog\/author\/ccortez\/"},"uagb_comment_info":0,"uagb_excerpt":"Cursa el tercer semestre de la carrera de Cine y como parte de sus horas de servicio comunitario Josmara Escala particip\u00f3 como tallerista en el proyecto \u201cBibliotricimoteca\u201d, que dirige el docente Marcelo Leyton. Su propuesta para los participantes que se inscribieron, con edades entre los 9 y 19 a\u00f1os, fue explorar el cine y la&hellip;","featured_image_src":"https:\/\/www.uartes.edu.ec\/sitio\/wp-content\/uploads\/2024\/05\/cierre222A-600x400.jpg","featured_image_src_square":"https:\/\/www.uartes.edu.ec\/sitio\/wp-content\/uploads\/2024\/05\/cierre222A-600x600.jpg","author_info":{"display_name":"ccortez","author_link":"https:\/\/www.uartes.edu.ec\/sitio\/en\/blog\/author\/ccortez\/"},"publishpress_future_workflow_manual_trigger":{"enabledWorkflows":[]},"distributor_meta":false,"distributor_terms":false,"distributor_media":false,"distributor_original_site_name":"Universidad de las Artes","distributor_original_site_url":"https:\/\/www.uartes.edu.ec\/sitio\/en","push-errors":false,"_links":{"self":[{"href":"https:\/\/www.uartes.edu.ec\/sitio\/en\/wp-json\/wp\/v2\/posts\/54935","targetHints":{"allow":["GET"]}}],"collection":[{"href":"https:\/\/www.uartes.edu.ec\/sitio\/en\/wp-json\/wp\/v2\/posts"}],"about":[{"href":"https:\/\/www.uartes.edu.ec\/sitio\/en\/wp-json\/wp\/v2\/types\/post"}],"author":[{"embeddable":true,"href":"https:\/\/www.uartes.edu.ec\/sitio\/en\/wp-json\/wp\/v2\/users\/10"}],"replies":[{"embeddable":true,"href":"https:\/\/www.uartes.edu.ec\/sitio\/en\/wp-json\/wp\/v2\/comments?post=54935"}],"version-history":[{"count":24,"href":"https:\/\/www.uartes.edu.ec\/sitio\/en\/wp-json\/wp\/v2\/posts\/54935\/revisions"}],"predecessor-version":[{"id":55984,"href":"https:\/\/www.uartes.edu.ec\/sitio\/en\/wp-json\/wp\/v2\/posts\/54935\/revisions\/55984"}],"wp:featuredmedia":[{"embeddable":true,"href":"https:\/\/www.uartes.edu.ec\/sitio\/en\/wp-json\/wp\/v2\/media\/55973"}],"wp:attachment":[{"href":"https:\/\/www.uartes.edu.ec\/sitio\/en\/wp-json\/wp\/v2\/media?parent=54935"}],"wp:term":[{"taxonomy":"category","embeddable":true,"href":"https:\/\/www.uartes.edu.ec\/sitio\/en\/wp-json\/wp\/v2\/categories?post=54935"},{"taxonomy":"post_tag","embeddable":true,"href":"https:\/\/www.uartes.edu.ec\/sitio\/en\/wp-json\/wp\/v2\/tags?post=54935"},{"taxonomy":"infouartes","embeddable":true,"href":"https:\/\/www.uartes.edu.ec\/sitio\/en\/wp-json\/wp\/v2\/infouartes?post=54935"}],"curies":[{"name":"wp","href":"https:\/\/api.w.org\/{rel}","templated":true}]}}