{"id":55057,"date":"2024-06-03T15:58:00","date_gmt":"2024-06-03T20:58:00","guid":{"rendered":"https:\/\/www.uartes.edu.ec\/sitio\/?p=55057"},"modified":"2024-07-04T11:18:52","modified_gmt":"2024-07-04T16:18:52","slug":"saidel-brito-llevo-muestra-eraser-a-off-arte-contemporaneo-de-cuenca","status":"publish","type":"post","link":"https:\/\/www.uartes.edu.ec\/sitio\/en\/blog\/2024\/06\/03\/saidel-brito-llevo-muestra-eraser-a-off-arte-contemporaneo-de-cuenca\/","title":{"rendered":"Saidel Brito, en la galer\u00eda OFF Arte Contempor\u00e1neo de Cuenca con \u201cEraser\u201d"},"content":{"rendered":"<p>En OFF Arte Contempor\u00e1neo, el docente UArtes Saidel Brito inaugur\u00f3 en Cuenca la muestra \u201cEraser\u201d. Sucedi\u00f3 el pasado mi\u00e9rcoles 22 de mayo y como anuncio de la apertura, la galer\u00eda de arte se\u00f1al\u00f3 que las obras del artista nacen de investigaciones sobre temas que tocan sensibilidades y que la interculturalidad est\u00e1 presente en relatos pict\u00f3ricos donde, de alguna manera, el p\u00fablico se siente identificado.<\/p>\n\n\n\n<p>La galer\u00eda de arte cuencana destaca la trayectoria de Saidel Brito, de quien resalta su formaci\u00f3n alrededor del mundo con residencia art\u00edstica en la Alemania de finales de los noventa y su presencia en los grandes espacios art\u00edsticos del Ecuador, como la X Bienal de Cuenca en 2009, de la cual fue su ganador. A continuaci\u00f3n, el texto curatorial de \u201cEraser\u201d escrito por \u00c1ngel Alonso, Barcelona, 2024: <\/p>\n\n\n\n<h3 class=\"wp-block-heading has-text-align-left\">Sugerente, sensible y m\u00faltiple<\/h3>\n\n\n\n<p>Ya es casi un lugar com\u00fan describir los tiempos que corren como un imperio de banalidad y anestesia virtual, en el que se ha confundido el entretenimiento con la felicidad, en el que reina la indiferencia ante todo lo que huela a problemas sociales. Por eso cada vez nos sorprende m\u00e1s encontrar un artista cuya obra sea contenedora de un pensamiento verdaderamente profundo, ese es el caso del cubano-ecuatoriano Saidel Brito (Matanzas, Cuba, 1973).<\/p>\n\n\n<div class=\"wp-block-image\">\n<figure class=\"aligncenter size-large\"><img decoding=\"async\" src=\"https:\/\/www.uartes.edu.ec\/sitio\/wp-content\/uploads\/2024\/06\/06-SAIDEL-BRITO-CUENCA-644x429.jpg\" alt=\"\" class=\"wp-image-55065\" \/><\/figure>\n<\/div>\n\n\n<p>En su serie \u201cEl hermano pueblo\u201d, se aleja de lo descriptivo y enfoca su investigaci\u00f3n en los aspectos internos de un fen\u00f3meno muy espec\u00edfico que nos describe desde su <em>statement: <\/em>\u201cel uso de imaginarios hist\u00f3ricos y de la gr\u00e1fica generada en los pa\u00edses del bloque comunista durante los siglos XX y XXI\u201d.<\/p>\n\n\n\n<p>Partiendo de esta base, ha elaborado un trabajo tan complejo y laber\u00edntico que resulta todo un reto para el cr\u00edtico intentar desentra\u00f1arlo. Estamos frente a un creador que prioriza el rigor de su b\u00fasqueda y no pretende la f\u00e1cil recepci\u00f3n de su propuesta art\u00edstica. Lo literal da paso a lo metaf\u00f3rico y lo visualmente impactante se mantiene al servicio de la idea, justo en ese l\u00edmite en el que los recursos usados no se exceden.<\/p>\n\n\n\n<p>Lejos de complacer al espectador, prefiere inquietarle. La comunicaci\u00f3n se establece a partir de aquella capacidad que tiene el arte para edificar un discurso visual no verbal, sugerente, sensible y m\u00faltiple, que el receptor atrapa sin la necesidad de que le sea explicado, porque lejos de obtener una c\u00f3moda respuesta se siente interpelado en su subconsciente; su curiosidad se agudiza al estar en presencia de aquello que cree conocer y al mismo tiempo siente que est\u00e1 descubriendo por primera vez. Esta dicotom\u00eda enriquece sumamente su fruici\u00f3n est\u00e9tica, pues est\u00e1 redescubriendo, bajo una nueva visi\u00f3n, lo que antes hab\u00eda consumido de forma mec\u00e1nica y lineal.<\/p>\n\n\n<div class=\"wp-block-image\">\n<figure class=\"aligncenter size-large\"><img decoding=\"async\" src=\"https:\/\/www.uartes.edu.ec\/sitio\/wp-content\/uploads\/2024\/06\/09-SAIDEL-BRITO-CUENCA-644x429.jpg\" alt=\"\" class=\"wp-image-55062\" \/><\/figure>\n<\/div>\n\n\n<p>En una obra como \u201cEl hermano pueblo IV\u201d lo que miramos nos resulta familiar, pero no lo reconocemos a primera vista; como en la experiencia del <em>d\u00e9j\u00e0 vu,<\/em> tenemos la impresi\u00f3n de haber estado all\u00ed, sentimos una sensaci\u00f3n parecida al encuentro casual que tenemos con aquel amigo de la infancia que ya ha cambiado demasiado su aspecto. Y es que lo que en esta producci\u00f3n se ha reciclado tambi\u00e9n se ha re-significado; lo que viajaba en una sola direcci\u00f3n se ha multiplicado infinitamente en una suerte de campo cu\u00e1ntico. El autor se aleja del hedonismo y no puede decirse que sea herm\u00e9tico, pero al mismo tiempo, rechaza las lecturas uniformadas.<\/p>\n\n\n\n<p>En su serie m\u00e1s reciente: \u201cT\u00e9cnicas de interrogatorio mejoradas\u201d, se proyecta de otra manera, ya que se trata de un tema que le exige otra forma de abordarlo pl\u00e1sticamente. Seg\u00fan las palabras del propio artista, el trabajo parti\u00f3 de \u00abuna serie de dibujos desarrollados por Andy Warhol en su adolescencia, que le sirvieron como mecanismo de sobrevivencia ante la dureza masculina de sus compa\u00f1eros de colegio y el acoso de los j\u00f3venes del barrio.<\/p>\n\n\n\n<p>Las \u201ct\u00e9cnicas de interrogatorio mejoradas\u201d utilizadas por la CIA fueron t\u00e1cticas de tortura y maltrato f\u00edsico y psicol\u00f3gico de detenidos, como el <em>waterboarding<\/em> (simulaci\u00f3n de ahogamiento), <em>stress positions <\/em>(posturas de estr\u00e9s), desnudez forzada, humillaci\u00f3n sexual, entre otras. Estas t\u00e9cnicas fueron consideradas violaciones a los derechos humanos y la Convenci\u00f3n contra la Tortura de las Naciones Unidas.<\/p>\n\n\n<div class=\"wp-block-image\">\n<figure class=\"aligncenter size-large\"><img decoding=\"async\" src=\"https:\/\/www.uartes.edu.ec\/sitio\/wp-content\/uploads\/2024\/06\/08-SAIDEL-BRITO-CUENCA-644x429.jpg\" alt=\"\" class=\"wp-image-55063\" \/><\/figure>\n<\/div>\n\n\n<p>El artista incorpora en su investigaci\u00f3n los dibujos de Abu Zubaydah, que se convirtieron en un testimonio visual de las pr\u00e1cticas de tortura y abuso que se llevaron a cabo en la prisi\u00f3n de Guant\u00e1namo, durante la era de la llamada guerra contra el terrorismo, declarada por el gobierno de George W. Bush despu\u00e9s de los ataques del 11 de septiembre de 2001. Las pr\u00e1cticas de tortura utilizadas por la CIA en contra de detenidos como Zubaydah, incluyeron el submarino, la privaci\u00f3n del sue\u00f1o y otras t\u00e9cnicas de interrogatorio.<\/p>\n\n\n\n<p>Las tramas de l\u00edneas presentes en estas obras no solo cumplen una funci\u00f3n est\u00e9tica, sino que contribuyen de manera significativa a la creaci\u00f3n de una atm\u00f3sfera de opresi\u00f3n y desesperanza. La repetici\u00f3n y densidad de las texturas monocrom\u00e1ticas sugieren un entorno cargado de tensi\u00f3n, convirti\u00e9ndose en un recurso narrativo que enriquece la experiencia del espectador y profundiza la lectura de la obra. El recurso pict\u00f3rico de producir el cuadro con huellas de botas militares, con apariencia cuasi digital, complejiza el relato de cada una de las piezas.<\/p>\n\n\n\n<p>&nbsp;Saidel se caracteriza por su compromiso con la realidad social, a la que aborda de una manera al mismo tiempo inteligente, cruda y directa, pero se mantiene siempre alejado de las obviedades y del panfleto.<\/p>\n\n\n\n<p>Estamos ante un artista que no se esclaviza a un modo de representaci\u00f3n \u00fanico, no trabaja a partir de un solo medio expresivo, se trata m\u00e1s bien del camino opuesto, el de utilizar las formas adecuadas a su discurso sin pretensi\u00f3n alguna de uniformidad. \u00c9l sabe que la coherencia no est\u00e1 en repetirse, sino en ser fiel a su propuesta art\u00edstica. Si la pintura \u2014y las artes visuales en general\u2014 han tenido que reelaborar su propia discursividad y asumir una l\u00f3gica de resistencia en muchos casos, aqu\u00ed ese fen\u00f3meno ocurre de manera consciente. <\/p>\n\n\n\t\t\t\t\t<div\n\t\t\t\t\t\tclass=\"wp-block-uagb-image-gallery uagb-block-f08212a1\"\n\t\t\t\t\t\tstyle=\"\"\n\t\t\t\t\t>\n\t\t\t\t\t\t\t\t\t\t\t<div class=\"spectra-image-gallery spectra-image-gallery__layout--grid spectra-image-gallery__layout--grid-col-2 spectra-image-gallery__layout--grid-col-tab-2 spectra-image-gallery__layout--grid-col-mob-2\">\n\t\t\t\t\t\t\t\t\t\t\t<div class='spectra-image-gallery__media-wrapper' data-spectra-gallery-image-id='55266' tabindex=\"0\">\n\t\t\t\t\t\t\t<div class=\"spectra-image-gallery__media spectra-image-gallery__media--grid\">\n\t\t\t\t<picture>\n\t\t\t\t\t<source media=\"(min-width: 1024px)\" srcset=\"https:\/\/www.uartes.edu.ec\/sitio\/wp-content\/uploads\/2024\/06\/07-SAIDEL-BRITO-CUENCA-644x429.jpg\">\n\t\t\t\t\t<source media=\"(min-width: 768px)\" srcset=\"https:\/\/www.uartes.edu.ec\/sitio\/wp-content\/uploads\/2024\/06\/07-SAIDEL-BRITO-CUENCA-644x429.jpg\">\n\t\t\t\t\t<img decoding=\"async\" class=\"spectra-image-gallery__media-thumbnail spectra-image-gallery__media-thumbnail--grid\" src=\"https:\/\/www.uartes.edu.ec\/sitio\/wp-content\/uploads\/2024\/06\/07-SAIDEL-BRITO-CUENCA-300x200.jpg\" alt=\"\" loading=\"lazy\" \/>\n\t\t\t\t<\/picture>\n\t\t\t\t<div class=\"spectra-image-gallery__media-thumbnail-blurrer\"><\/div>\n\t\t\t\t\t\t\t\t\t\t\t<div class=\"spectra-image-gallery__media-thumbnail-caption-wrapper spectra-image-gallery__media-thumbnail-caption-wrapper--overlay\">\n\t\t\t\t\t\t\t\t\t\t\t<div class=\"spectra-image-gallery__media-thumbnail-caption spectra-image-gallery__media-thumbnail-caption--overlay\">\n\t\t\t\t\tNo Caption\t\t\t\t<\/div>\n\t\t\t\t\t\t\t\t\t\t<\/div>\n\t\t\t\t\t\t\t\t\t<\/div>\n\t\t\t\t\t\t<\/div>\n\t\t\t\t\t\t<div class='spectra-image-gallery__media-wrapper' data-spectra-gallery-image-id='55262' tabindex=\"0\">\n\t\t\t\t\t\t\t<div class=\"spectra-image-gallery__media spectra-image-gallery__media--grid\">\n\t\t\t\t<picture>\n\t\t\t\t\t<source media=\"(min-width: 1024px)\" srcset=\"https:\/\/www.uartes.edu.ec\/sitio\/wp-content\/uploads\/2024\/06\/03-SAIDEL-BRITO-CUENCA-644x429.jpg\">\n\t\t\t\t\t<source media=\"(min-width: 768px)\" srcset=\"https:\/\/www.uartes.edu.ec\/sitio\/wp-content\/uploads\/2024\/06\/03-SAIDEL-BRITO-CUENCA-644x429.jpg\">\n\t\t\t\t\t<img decoding=\"async\" class=\"spectra-image-gallery__media-thumbnail spectra-image-gallery__media-thumbnail--grid\" src=\"https:\/\/www.uartes.edu.ec\/sitio\/wp-content\/uploads\/2024\/06\/03-SAIDEL-BRITO-CUENCA-300x200.jpg\" alt=\"\" loading=\"lazy\" \/>\n\t\t\t\t<\/picture>\n\t\t\t\t<div class=\"spectra-image-gallery__media-thumbnail-blurrer\"><\/div>\n\t\t\t\t\t\t\t\t\t\t\t<div class=\"spectra-image-gallery__media-thumbnail-caption-wrapper spectra-image-gallery__media-thumbnail-caption-wrapper--overlay\">\n\t\t\t\t\t\t\t\t\t\t\t<div class=\"spectra-image-gallery__media-thumbnail-caption spectra-image-gallery__media-thumbnail-caption--overlay\">\n\t\t\t\t\tNo Caption\t\t\t\t<\/div>\n\t\t\t\t\t\t\t\t\t\t<\/div>\n\t\t\t\t\t\t\t\t\t<\/div>\n\t\t\t\t\t\t<\/div>\n\t\t\t\t\t\t\t\t\t\t<\/div>\n\t\t\t\t\t\t\t\t\t\t\t\t\t\t\t\t\t\t<\/div>\n\t\t\t\t\t\t\t\t\t\n\n\n<p>Fotos: Cortes\u00eda Saidel Brito.<\/p>","protected":false},"excerpt":{"rendered":"<p>En OFF Arte Contempor\u00e1neo, el docente UArtes Saidel Brito inaugur\u00f3 en Cuenca la muestra \u201cEraser\u201d. Sucedi\u00f3 el 22 de mayo y como anuncio de la apertura, la galer\u00eda de arte se\u00f1al\u00f3 que las obras del artista nacen de investigaciones sobre temas que tocan sensibilidades y que la interculturalidad est\u00e1 presente en relatos pict\u00f3ricos donde, de alguna manera, el p\u00fablico se siente identificado. Acompa\u00f1a  esta entrega el texto curatorial de \u00c1ngel Alonso, Barcelona, 2024.<\/p>","protected":false},"author":10,"featured_media":55885,"comment_status":"open","ping_status":"open","sticky":false,"template":"","format":"standard","meta":{"_acf_changed":false,"_uag_custom_page_level_css":"","_monsterinsights_skip_tracking":false,"_monsterinsights_sitenote_active":false,"_monsterinsights_sitenote_note":"","_monsterinsights_sitenote_category":0,"cybocfi_hide_featured_image":"","footnotes":""},"categories":[80,82,157,75,284],"tags":[517],"infouartes":[],"class_list":["post-55057","post","type-post","status-publish","format-standard","has-post-thumbnail","hentry","category-academico","category-artes","category-artes-visuales","category-docentes","category-investigacion","tag-exposicion"],"acf":[],"yoast_head":"<!-- This site is optimized with the Yoast SEO plugin v27.4 - https:\/\/yoast.com\/product\/yoast-seo-wordpress\/ -->\n<title>Universidad de las Artes - Saidel Brito, en la galer\u00eda OFF Arte Contempor\u00e1neo de Cuenca con \u201cEraser\u201d<\/title>\n<meta name=\"description\" content=\"Universidad de las Artes - Saidel Brito, en la galer\u00eda OFF Arte Contempor\u00e1neo de Cuenca con \u201cEraser\u201d\" \/>\n<meta name=\"robots\" content=\"index, follow, max-snippet:-1, max-image-preview:large, max-video-preview:-1\" \/>\n<link rel=\"canonical\" href=\"https:\/\/www.uartes.edu.ec\/sitio\/en\/blog\/2024\/06\/03\/saidel-brito-llevo-muestra-eraser-a-off-arte-contemporaneo-de-cuenca\/\" \/>\n<meta property=\"og:locale\" content=\"en_US\" \/>\n<meta property=\"og:type\" content=\"article\" \/>\n<meta property=\"og:title\" content=\"Universidad de las Artes - Saidel Brito, en la galer\u00eda OFF Arte Contempor\u00e1neo de Cuenca con \u201cEraser\u201d\" \/>\n<meta property=\"og:description\" content=\"Universidad de las Artes - Saidel Brito, en la galer\u00eda OFF Arte Contempor\u00e1neo de Cuenca con \u201cEraser\u201d\" \/>\n<meta property=\"og:url\" content=\"https:\/\/www.uartes.edu.ec\/sitio\/en\/blog\/2024\/06\/03\/saidel-brito-llevo-muestra-eraser-a-off-arte-contemporaneo-de-cuenca\/\" \/>\n<meta property=\"og:site_name\" content=\"Universidad de las Artes\" \/>\n<meta property=\"article:publisher\" content=\"https:\/\/www.facebook.com\/uartesec\" \/>\n<meta property=\"article:published_time\" content=\"2024-06-03T20:58:00+00:00\" \/>\n<meta property=\"article:modified_time\" content=\"2024-07-04T16:18:52+00:00\" \/>\n<meta property=\"og:image\" content=\"https:\/\/www.uartes.edu.ec\/sitio\/wp-content\/uploads\/2024\/06\/05-SAIDEL-BRITO-CUENCA-1.jpg\" \/>\n\t<meta property=\"og:image:width\" content=\"2000\" \/>\n\t<meta property=\"og:image:height\" content=\"1333\" \/>\n\t<meta property=\"og:image:type\" content=\"image\/jpeg\" \/>\n<meta name=\"author\" content=\"ccortez\" \/>\n<meta name=\"twitter:card\" content=\"summary_large_image\" \/>\n<meta name=\"twitter:creator\" content=\"@uartesec\" \/>\n<meta name=\"twitter:site\" content=\"@uartesec\" \/>\n<meta name=\"twitter:label1\" content=\"Written by\" \/>\n\t<meta name=\"twitter:data1\" content=\"ccortez\" \/>\n\t<meta name=\"twitter:label2\" content=\"Est. reading time\" \/>\n\t<meta name=\"twitter:data2\" content=\"6 minutes\" \/>\n<script type=\"application\/ld+json\" class=\"yoast-schema-graph\">{\"@context\":\"https:\\\/\\\/schema.org\",\"@graph\":[{\"@type\":\"Article\",\"@id\":\"https:\\\/\\\/www.uartes.edu.ec\\\/sitio\\\/en\\\/blog\\\/2024\\\/06\\\/03\\\/saidel-brito-llevo-muestra-eraser-a-off-arte-contemporaneo-de-cuenca\\\/#article\",\"isPartOf\":{\"@id\":\"https:\\\/\\\/www.uartes.edu.ec\\\/sitio\\\/en\\\/blog\\\/2024\\\/06\\\/03\\\/saidel-brito-llevo-muestra-eraser-a-off-arte-contemporaneo-de-cuenca\\\/\"},\"author\":{\"name\":\"ccortez\",\"@id\":\"https:\\\/\\\/www.uartes.edu.ec\\\/sitio\\\/en\\\/#\\\/schema\\\/person\\\/efa1b8275797664fd7f13a79ccc0b1f4\"},\"headline\":\"Saidel Brito, en la galer\u00eda OFF Arte Contempor\u00e1neo de Cuenca con \u201cEraser\u201d\",\"datePublished\":\"2024-06-03T20:58:00+00:00\",\"dateModified\":\"2024-07-04T16:18:52+00:00\",\"mainEntityOfPage\":{\"@id\":\"https:\\\/\\\/www.uartes.edu.ec\\\/sitio\\\/en\\\/blog\\\/2024\\\/06\\\/03\\\/saidel-brito-llevo-muestra-eraser-a-off-arte-contemporaneo-de-cuenca\\\/\"},\"wordCount\":1085,\"commentCount\":0,\"publisher\":{\"@id\":\"https:\\\/\\\/www.uartes.edu.ec\\\/sitio\\\/en\\\/#organization\"},\"image\":{\"@id\":\"https:\\\/\\\/www.uartes.edu.ec\\\/sitio\\\/en\\\/blog\\\/2024\\\/06\\\/03\\\/saidel-brito-llevo-muestra-eraser-a-off-arte-contemporaneo-de-cuenca\\\/#primaryimage\"},\"thumbnailUrl\":\"https:\\\/\\\/www.uartes.edu.ec\\\/sitio\\\/wp-content\\\/uploads\\\/2024\\\/06\\\/05-SAIDEL-BRITO-CUENCA-1.jpg\",\"keywords\":[\"exposici\u00f3n\"],\"articleSection\":[\"Acad\u00e9mico\",\"Artes\",\"Artes Visuales\",\"Docentes\",\"Investigaci\u00f3n\"],\"inLanguage\":\"en-US\",\"potentialAction\":[{\"@type\":\"CommentAction\",\"name\":\"Comment\",\"target\":[\"https:\\\/\\\/www.uartes.edu.ec\\\/sitio\\\/en\\\/blog\\\/2024\\\/06\\\/03\\\/saidel-brito-llevo-muestra-eraser-a-off-arte-contemporaneo-de-cuenca\\\/#respond\"]}]},{\"@type\":[\"WebPage\",\"ItemPage\"],\"@id\":\"https:\\\/\\\/www.uartes.edu.ec\\\/sitio\\\/en\\\/blog\\\/2024\\\/06\\\/03\\\/saidel-brito-llevo-muestra-eraser-a-off-arte-contemporaneo-de-cuenca\\\/\",\"url\":\"https:\\\/\\\/www.uartes.edu.ec\\\/sitio\\\/en\\\/blog\\\/2024\\\/06\\\/03\\\/saidel-brito-llevo-muestra-eraser-a-off-arte-contemporaneo-de-cuenca\\\/\",\"name\":\"Universidad de las Artes - Saidel Brito, en la galer\u00eda OFF Arte Contempor\u00e1neo de Cuenca con \u201cEraser\u201d\",\"isPartOf\":{\"@id\":\"https:\\\/\\\/www.uartes.edu.ec\\\/sitio\\\/en\\\/#website\"},\"primaryImageOfPage\":{\"@id\":\"https:\\\/\\\/www.uartes.edu.ec\\\/sitio\\\/en\\\/blog\\\/2024\\\/06\\\/03\\\/saidel-brito-llevo-muestra-eraser-a-off-arte-contemporaneo-de-cuenca\\\/#primaryimage\"},\"image\":{\"@id\":\"https:\\\/\\\/www.uartes.edu.ec\\\/sitio\\\/en\\\/blog\\\/2024\\\/06\\\/03\\\/saidel-brito-llevo-muestra-eraser-a-off-arte-contemporaneo-de-cuenca\\\/#primaryimage\"},\"thumbnailUrl\":\"https:\\\/\\\/www.uartes.edu.ec\\\/sitio\\\/wp-content\\\/uploads\\\/2024\\\/06\\\/05-SAIDEL-BRITO-CUENCA-1.jpg\",\"datePublished\":\"2024-06-03T20:58:00+00:00\",\"dateModified\":\"2024-07-04T16:18:52+00:00\",\"description\":\"Universidad de las Artes - Saidel Brito, en la galer\u00eda OFF Arte Contempor\u00e1neo de Cuenca con \u201cEraser\u201d\",\"breadcrumb\":{\"@id\":\"https:\\\/\\\/www.uartes.edu.ec\\\/sitio\\\/en\\\/blog\\\/2024\\\/06\\\/03\\\/saidel-brito-llevo-muestra-eraser-a-off-arte-contemporaneo-de-cuenca\\\/#breadcrumb\"},\"inLanguage\":\"en-US\",\"potentialAction\":[{\"@type\":\"ReadAction\",\"target\":[\"https:\\\/\\\/www.uartes.edu.ec\\\/sitio\\\/en\\\/blog\\\/2024\\\/06\\\/03\\\/saidel-brito-llevo-muestra-eraser-a-off-arte-contemporaneo-de-cuenca\\\/\"]}]},{\"@type\":\"ImageObject\",\"inLanguage\":\"en-US\",\"@id\":\"https:\\\/\\\/www.uartes.edu.ec\\\/sitio\\\/en\\\/blog\\\/2024\\\/06\\\/03\\\/saidel-brito-llevo-muestra-eraser-a-off-arte-contemporaneo-de-cuenca\\\/#primaryimage\",\"url\":\"https:\\\/\\\/www.uartes.edu.ec\\\/sitio\\\/wp-content\\\/uploads\\\/2024\\\/06\\\/05-SAIDEL-BRITO-CUENCA-1.jpg\",\"contentUrl\":\"https:\\\/\\\/www.uartes.edu.ec\\\/sitio\\\/wp-content\\\/uploads\\\/2024\\\/06\\\/05-SAIDEL-BRITO-CUENCA-1.jpg\",\"width\":2000,\"height\":1333},{\"@type\":\"BreadcrumbList\",\"@id\":\"https:\\\/\\\/www.uartes.edu.ec\\\/sitio\\\/en\\\/blog\\\/2024\\\/06\\\/03\\\/saidel-brito-llevo-muestra-eraser-a-off-arte-contemporaneo-de-cuenca\\\/#breadcrumb\",\"itemListElement\":[{\"@type\":\"ListItem\",\"position\":1,\"name\":\"Inicio\",\"item\":\"https:\\\/\\\/www.uartes.edu.ec\\\/sitio\\\/\"},{\"@type\":\"ListItem\",\"position\":2,\"name\":\"Saidel Brito, en la galer\u00eda OFF Arte Contempor\u00e1neo de Cuenca con \u201cEraser\u201d\"}]},{\"@type\":\"WebSite\",\"@id\":\"https:\\\/\\\/www.uartes.edu.ec\\\/sitio\\\/en\\\/#website\",\"url\":\"https:\\\/\\\/www.uartes.edu.ec\\\/sitio\\\/en\\\/\",\"name\":\"Universidad de las Artes\",\"description\":\"Sitio oficial de la Universidad Nacional de las Artes del Ecuador\",\"publisher\":{\"@id\":\"https:\\\/\\\/www.uartes.edu.ec\\\/sitio\\\/en\\\/#organization\"},\"potentialAction\":[{\"@type\":\"SearchAction\",\"target\":{\"@type\":\"EntryPoint\",\"urlTemplate\":\"https:\\\/\\\/www.uartes.edu.ec\\\/sitio\\\/en\\\/?s={search_term_string}\"},\"query-input\":{\"@type\":\"PropertyValueSpecification\",\"valueRequired\":true,\"valueName\":\"search_term_string\"}}],\"inLanguage\":\"en-US\"},{\"@type\":\"Organization\",\"@id\":\"https:\\\/\\\/www.uartes.edu.ec\\\/sitio\\\/en\\\/#organization\",\"name\":\"Universidad de las Artes\",\"url\":\"https:\\\/\\\/www.uartes.edu.ec\\\/sitio\\\/en\\\/\",\"logo\":{\"@type\":\"ImageObject\",\"inLanguage\":\"en-US\",\"@id\":\"https:\\\/\\\/www.uartes.edu.ec\\\/sitio\\\/en\\\/#\\\/schema\\\/logo\\\/image\\\/\",\"url\":\"https:\\\/\\\/www.uartes.edu.ec\\\/sitio\\\/wp-content\\\/uploads\\\/2022\\\/07\\\/logo-ua-horizontal.png\",\"contentUrl\":\"https:\\\/\\\/www.uartes.edu.ec\\\/sitio\\\/wp-content\\\/uploads\\\/2022\\\/07\\\/logo-ua-horizontal.png\",\"width\":800,\"height\":276,\"caption\":\"Universidad de las Artes\"},\"image\":{\"@id\":\"https:\\\/\\\/www.uartes.edu.ec\\\/sitio\\\/en\\\/#\\\/schema\\\/logo\\\/image\\\/\"},\"sameAs\":[\"https:\\\/\\\/www.facebook.com\\\/uartesec\",\"https:\\\/\\\/x.com\\\/uartesec\",\"https:\\\/\\\/www.tiktok.com\\\/@uartesec\"]},{\"@type\":\"Person\",\"@id\":\"https:\\\/\\\/www.uartes.edu.ec\\\/sitio\\\/en\\\/#\\\/schema\\\/person\\\/efa1b8275797664fd7f13a79ccc0b1f4\",\"name\":\"ccortez\",\"image\":{\"@type\":\"ImageObject\",\"inLanguage\":\"en-US\",\"@id\":\"https:\\\/\\\/secure.gravatar.com\\\/avatar\\\/b2a6f664a3ae8e074346ef91775736c5ec479e637ecced6842de9dc98b5da9cd?s=96&d=mm&r=g\",\"url\":\"https:\\\/\\\/secure.gravatar.com\\\/avatar\\\/b2a6f664a3ae8e074346ef91775736c5ec479e637ecced6842de9dc98b5da9cd?s=96&d=mm&r=g\",\"contentUrl\":\"https:\\\/\\\/secure.gravatar.com\\\/avatar\\\/b2a6f664a3ae8e074346ef91775736c5ec479e637ecced6842de9dc98b5da9cd?s=96&d=mm&r=g\",\"caption\":\"ccortez\"},\"url\":\"https:\\\/\\\/www.uartes.edu.ec\\\/sitio\\\/en\\\/blog\\\/author\\\/ccortez\\\/\"}]}<\/script>\n<!-- \/ Yoast SEO plugin. -->","yoast_head_json":{"title":"Universidad de las Artes - Saidel Brito, en la galer\u00eda OFF Arte Contempor\u00e1neo de Cuenca con \u201cEraser\u201d","description":"Universidad de las Artes - Saidel Brito, en la galer\u00eda OFF Arte Contempor\u00e1neo de Cuenca con \u201cEraser\u201d","robots":{"index":"index","follow":"follow","max-snippet":"max-snippet:-1","max-image-preview":"max-image-preview:large","max-video-preview":"max-video-preview:-1"},"canonical":"https:\/\/www.uartes.edu.ec\/sitio\/en\/blog\/2024\/06\/03\/saidel-brito-llevo-muestra-eraser-a-off-arte-contemporaneo-de-cuenca\/","og_locale":"en_US","og_type":"article","og_title":"Universidad de las Artes - Saidel Brito, en la galer\u00eda OFF Arte Contempor\u00e1neo de Cuenca con \u201cEraser\u201d","og_description":"Universidad de las Artes - Saidel Brito, en la galer\u00eda OFF Arte Contempor\u00e1neo de Cuenca con \u201cEraser\u201d","og_url":"https:\/\/www.uartes.edu.ec\/sitio\/en\/blog\/2024\/06\/03\/saidel-brito-llevo-muestra-eraser-a-off-arte-contemporaneo-de-cuenca\/","og_site_name":"Universidad de las Artes","article_publisher":"https:\/\/www.facebook.com\/uartesec","article_published_time":"2024-06-03T20:58:00+00:00","article_modified_time":"2024-07-04T16:18:52+00:00","og_image":[{"width":2000,"height":1333,"url":"https:\/\/www.uartes.edu.ec\/sitio\/wp-content\/uploads\/2024\/06\/05-SAIDEL-BRITO-CUENCA-1.jpg","type":"image\/jpeg"}],"author":"ccortez","twitter_card":"summary_large_image","twitter_creator":"@uartesec","twitter_site":"@uartesec","twitter_misc":{"Written by":"ccortez","Est. reading time":"6 minutes"},"schema":{"@context":"https:\/\/schema.org","@graph":[{"@type":"Article","@id":"https:\/\/www.uartes.edu.ec\/sitio\/en\/blog\/2024\/06\/03\/saidel-brito-llevo-muestra-eraser-a-off-arte-contemporaneo-de-cuenca\/#article","isPartOf":{"@id":"https:\/\/www.uartes.edu.ec\/sitio\/en\/blog\/2024\/06\/03\/saidel-brito-llevo-muestra-eraser-a-off-arte-contemporaneo-de-cuenca\/"},"author":{"name":"ccortez","@id":"https:\/\/www.uartes.edu.ec\/sitio\/en\/#\/schema\/person\/efa1b8275797664fd7f13a79ccc0b1f4"},"headline":"Saidel Brito, en la galer\u00eda OFF Arte Contempor\u00e1neo de Cuenca con \u201cEraser\u201d","datePublished":"2024-06-03T20:58:00+00:00","dateModified":"2024-07-04T16:18:52+00:00","mainEntityOfPage":{"@id":"https:\/\/www.uartes.edu.ec\/sitio\/en\/blog\/2024\/06\/03\/saidel-brito-llevo-muestra-eraser-a-off-arte-contemporaneo-de-cuenca\/"},"wordCount":1085,"commentCount":0,"publisher":{"@id":"https:\/\/www.uartes.edu.ec\/sitio\/en\/#organization"},"image":{"@id":"https:\/\/www.uartes.edu.ec\/sitio\/en\/blog\/2024\/06\/03\/saidel-brito-llevo-muestra-eraser-a-off-arte-contemporaneo-de-cuenca\/#primaryimage"},"thumbnailUrl":"https:\/\/www.uartes.edu.ec\/sitio\/wp-content\/uploads\/2024\/06\/05-SAIDEL-BRITO-CUENCA-1.jpg","keywords":["exposici\u00f3n"],"articleSection":["Acad\u00e9mico","Artes","Artes Visuales","Docentes","Investigaci\u00f3n"],"inLanguage":"en-US","potentialAction":[{"@type":"CommentAction","name":"Comment","target":["https:\/\/www.uartes.edu.ec\/sitio\/en\/blog\/2024\/06\/03\/saidel-brito-llevo-muestra-eraser-a-off-arte-contemporaneo-de-cuenca\/#respond"]}]},{"@type":["WebPage","ItemPage"],"@id":"https:\/\/www.uartes.edu.ec\/sitio\/en\/blog\/2024\/06\/03\/saidel-brito-llevo-muestra-eraser-a-off-arte-contemporaneo-de-cuenca\/","url":"https:\/\/www.uartes.edu.ec\/sitio\/en\/blog\/2024\/06\/03\/saidel-brito-llevo-muestra-eraser-a-off-arte-contemporaneo-de-cuenca\/","name":"Universidad de las Artes - Saidel Brito, en la galer\u00eda OFF Arte Contempor\u00e1neo de Cuenca con \u201cEraser\u201d","isPartOf":{"@id":"https:\/\/www.uartes.edu.ec\/sitio\/en\/#website"},"primaryImageOfPage":{"@id":"https:\/\/www.uartes.edu.ec\/sitio\/en\/blog\/2024\/06\/03\/saidel-brito-llevo-muestra-eraser-a-off-arte-contemporaneo-de-cuenca\/#primaryimage"},"image":{"@id":"https:\/\/www.uartes.edu.ec\/sitio\/en\/blog\/2024\/06\/03\/saidel-brito-llevo-muestra-eraser-a-off-arte-contemporaneo-de-cuenca\/#primaryimage"},"thumbnailUrl":"https:\/\/www.uartes.edu.ec\/sitio\/wp-content\/uploads\/2024\/06\/05-SAIDEL-BRITO-CUENCA-1.jpg","datePublished":"2024-06-03T20:58:00+00:00","dateModified":"2024-07-04T16:18:52+00:00","description":"Universidad de las Artes - Saidel Brito, en la galer\u00eda OFF Arte Contempor\u00e1neo de Cuenca con \u201cEraser\u201d","breadcrumb":{"@id":"https:\/\/www.uartes.edu.ec\/sitio\/en\/blog\/2024\/06\/03\/saidel-brito-llevo-muestra-eraser-a-off-arte-contemporaneo-de-cuenca\/#breadcrumb"},"inLanguage":"en-US","potentialAction":[{"@type":"ReadAction","target":["https:\/\/www.uartes.edu.ec\/sitio\/en\/blog\/2024\/06\/03\/saidel-brito-llevo-muestra-eraser-a-off-arte-contemporaneo-de-cuenca\/"]}]},{"@type":"ImageObject","inLanguage":"en-US","@id":"https:\/\/www.uartes.edu.ec\/sitio\/en\/blog\/2024\/06\/03\/saidel-brito-llevo-muestra-eraser-a-off-arte-contemporaneo-de-cuenca\/#primaryimage","url":"https:\/\/www.uartes.edu.ec\/sitio\/wp-content\/uploads\/2024\/06\/05-SAIDEL-BRITO-CUENCA-1.jpg","contentUrl":"https:\/\/www.uartes.edu.ec\/sitio\/wp-content\/uploads\/2024\/06\/05-SAIDEL-BRITO-CUENCA-1.jpg","width":2000,"height":1333},{"@type":"BreadcrumbList","@id":"https:\/\/www.uartes.edu.ec\/sitio\/en\/blog\/2024\/06\/03\/saidel-brito-llevo-muestra-eraser-a-off-arte-contemporaneo-de-cuenca\/#breadcrumb","itemListElement":[{"@type":"ListItem","position":1,"name":"Inicio","item":"https:\/\/www.uartes.edu.ec\/sitio\/"},{"@type":"ListItem","position":2,"name":"Saidel Brito, en la galer\u00eda OFF Arte Contempor\u00e1neo de Cuenca con \u201cEraser\u201d"}]},{"@type":"WebSite","@id":"https:\/\/www.uartes.edu.ec\/sitio\/en\/#website","url":"https:\/\/www.uartes.edu.ec\/sitio\/en\/","name":"Universidad de las Artes","description":"Sitio oficial de la Universidad Nacional de las Artes del Ecuador","publisher":{"@id":"https:\/\/www.uartes.edu.ec\/sitio\/en\/#organization"},"potentialAction":[{"@type":"SearchAction","target":{"@type":"EntryPoint","urlTemplate":"https:\/\/www.uartes.edu.ec\/sitio\/en\/?s={search_term_string}"},"query-input":{"@type":"PropertyValueSpecification","valueRequired":true,"valueName":"search_term_string"}}],"inLanguage":"en-US"},{"@type":"Organization","@id":"https:\/\/www.uartes.edu.ec\/sitio\/en\/#organization","name":"Universidad de las Artes","url":"https:\/\/www.uartes.edu.ec\/sitio\/en\/","logo":{"@type":"ImageObject","inLanguage":"en-US","@id":"https:\/\/www.uartes.edu.ec\/sitio\/en\/#\/schema\/logo\/image\/","url":"https:\/\/www.uartes.edu.ec\/sitio\/wp-content\/uploads\/2022\/07\/logo-ua-horizontal.png","contentUrl":"https:\/\/www.uartes.edu.ec\/sitio\/wp-content\/uploads\/2022\/07\/logo-ua-horizontal.png","width":800,"height":276,"caption":"Universidad de las Artes"},"image":{"@id":"https:\/\/www.uartes.edu.ec\/sitio\/en\/#\/schema\/logo\/image\/"},"sameAs":["https:\/\/www.facebook.com\/uartesec","https:\/\/x.com\/uartesec","https:\/\/www.tiktok.com\/@uartesec"]},{"@type":"Person","@id":"https:\/\/www.uartes.edu.ec\/sitio\/en\/#\/schema\/person\/efa1b8275797664fd7f13a79ccc0b1f4","name":"ccortez","image":{"@type":"ImageObject","inLanguage":"en-US","@id":"https:\/\/secure.gravatar.com\/avatar\/b2a6f664a3ae8e074346ef91775736c5ec479e637ecced6842de9dc98b5da9cd?s=96&d=mm&r=g","url":"https:\/\/secure.gravatar.com\/avatar\/b2a6f664a3ae8e074346ef91775736c5ec479e637ecced6842de9dc98b5da9cd?s=96&d=mm&r=g","contentUrl":"https:\/\/secure.gravatar.com\/avatar\/b2a6f664a3ae8e074346ef91775736c5ec479e637ecced6842de9dc98b5da9cd?s=96&d=mm&r=g","caption":"ccortez"},"url":"https:\/\/www.uartes.edu.ec\/sitio\/en\/blog\/author\/ccortez\/"}]}},"uagb_featured_image_src":{"full":["https:\/\/www.uartes.edu.ec\/sitio\/wp-content\/uploads\/2024\/06\/05-SAIDEL-BRITO-CUENCA-1.jpg",2000,1333,false],"thumbnail":["https:\/\/www.uartes.edu.ec\/sitio\/wp-content\/uploads\/2024\/06\/05-SAIDEL-BRITO-CUENCA-1-150x150.jpg",150,150,true],"medium":["https:\/\/www.uartes.edu.ec\/sitio\/wp-content\/uploads\/2024\/06\/05-SAIDEL-BRITO-CUENCA-1-300x200.jpg",300,200,true],"medium_large":["https:\/\/www.uartes.edu.ec\/sitio\/wp-content\/uploads\/2024\/06\/05-SAIDEL-BRITO-CUENCA-1-768x512.jpg",768,512,true],"large":["https:\/\/www.uartes.edu.ec\/sitio\/wp-content\/uploads\/2024\/06\/05-SAIDEL-BRITO-CUENCA-1-644x429.jpg",644,429,true],"1536x1536":["https:\/\/www.uartes.edu.ec\/sitio\/wp-content\/uploads\/2024\/06\/05-SAIDEL-BRITO-CUENCA-1-1536x1024.jpg",1536,1024,true],"2048x2048":["https:\/\/www.uartes.edu.ec\/sitio\/wp-content\/uploads\/2024\/06\/05-SAIDEL-BRITO-CUENCA-1.jpg",2000,1333,false],"trp-custom-language-flag":["https:\/\/www.uartes.edu.ec\/sitio\/wp-content\/uploads\/2024\/06\/05-SAIDEL-BRITO-CUENCA-1-18x12.jpg",18,12,true],"htmega_size_585x295":["https:\/\/www.uartes.edu.ec\/sitio\/wp-content\/uploads\/2024\/06\/05-SAIDEL-BRITO-CUENCA-1-585x295.jpg",585,295,true],"htmega_size_1170x536":["https:\/\/www.uartes.edu.ec\/sitio\/wp-content\/uploads\/2024\/06\/05-SAIDEL-BRITO-CUENCA-1-1170x536.jpg",1170,536,true],"htmega_size_396x360":["https:\/\/www.uartes.edu.ec\/sitio\/wp-content\/uploads\/2024\/06\/05-SAIDEL-BRITO-CUENCA-1-396x360.jpg",396,360,true],"gb-block-post-grid-landscape":["https:\/\/www.uartes.edu.ec\/sitio\/wp-content\/uploads\/2024\/06\/05-SAIDEL-BRITO-CUENCA-1-600x400.jpg",600,400,true],"gb-block-post-grid-square":["https:\/\/www.uartes.edu.ec\/sitio\/wp-content\/uploads\/2024\/06\/05-SAIDEL-BRITO-CUENCA-1-600x600.jpg",600,600,true],"university-hub-thumb":["https:\/\/www.uartes.edu.ec\/sitio\/wp-content\/uploads\/2024\/06\/05-SAIDEL-BRITO-CUENCA-1-400x267.jpg",400,267,true]},"uagb_author_info":{"display_name":"ccortez","author_link":"https:\/\/www.uartes.edu.ec\/sitio\/en\/blog\/author\/ccortez\/"},"uagb_comment_info":0,"uagb_excerpt":"En OFF Arte Contempor\u00e1neo, el docente UArtes Saidel Brito inaugur\u00f3 en Cuenca la muestra \u201cEraser\u201d. Sucedi\u00f3 el 22 de mayo y como anuncio de la apertura, la galer\u00eda de arte se\u00f1al\u00f3 que las obras del artista nacen de investigaciones sobre temas que tocan sensibilidades y que la interculturalidad est\u00e1 presente en relatos pict\u00f3ricos donde, de&hellip;","featured_image_src":"https:\/\/www.uartes.edu.ec\/sitio\/wp-content\/uploads\/2024\/06\/05-SAIDEL-BRITO-CUENCA-1-600x400.jpg","featured_image_src_square":"https:\/\/www.uartes.edu.ec\/sitio\/wp-content\/uploads\/2024\/06\/05-SAIDEL-BRITO-CUENCA-1-600x600.jpg","author_info":{"display_name":"ccortez","author_link":"https:\/\/www.uartes.edu.ec\/sitio\/en\/blog\/author\/ccortez\/"},"publishpress_future_workflow_manual_trigger":{"enabledWorkflows":[]},"distributor_meta":false,"distributor_terms":false,"distributor_media":false,"distributor_original_site_name":"Universidad de las Artes","distributor_original_site_url":"https:\/\/www.uartes.edu.ec\/sitio\/en","push-errors":false,"_links":{"self":[{"href":"https:\/\/www.uartes.edu.ec\/sitio\/en\/wp-json\/wp\/v2\/posts\/55057","targetHints":{"allow":["GET"]}}],"collection":[{"href":"https:\/\/www.uartes.edu.ec\/sitio\/en\/wp-json\/wp\/v2\/posts"}],"about":[{"href":"https:\/\/www.uartes.edu.ec\/sitio\/en\/wp-json\/wp\/v2\/types\/post"}],"author":[{"embeddable":true,"href":"https:\/\/www.uartes.edu.ec\/sitio\/en\/wp-json\/wp\/v2\/users\/10"}],"replies":[{"embeddable":true,"href":"https:\/\/www.uartes.edu.ec\/sitio\/en\/wp-json\/wp\/v2\/comments?post=55057"}],"version-history":[{"count":28,"href":"https:\/\/www.uartes.edu.ec\/sitio\/en\/wp-json\/wp\/v2\/posts\/55057\/revisions"}],"predecessor-version":[{"id":55892,"href":"https:\/\/www.uartes.edu.ec\/sitio\/en\/wp-json\/wp\/v2\/posts\/55057\/revisions\/55892"}],"wp:featuredmedia":[{"embeddable":true,"href":"https:\/\/www.uartes.edu.ec\/sitio\/en\/wp-json\/wp\/v2\/media\/55885"}],"wp:attachment":[{"href":"https:\/\/www.uartes.edu.ec\/sitio\/en\/wp-json\/wp\/v2\/media?parent=55057"}],"wp:term":[{"taxonomy":"category","embeddable":true,"href":"https:\/\/www.uartes.edu.ec\/sitio\/en\/wp-json\/wp\/v2\/categories?post=55057"},{"taxonomy":"post_tag","embeddable":true,"href":"https:\/\/www.uartes.edu.ec\/sitio\/en\/wp-json\/wp\/v2\/tags?post=55057"},{"taxonomy":"infouartes","embeddable":true,"href":"https:\/\/www.uartes.edu.ec\/sitio\/en\/wp-json\/wp\/v2\/infouartes?post=55057"}],"curies":[{"name":"wp","href":"https:\/\/api.w.org\/{rel}","templated":true}]}}