{"id":55128,"date":"2024-06-04T00:38:00","date_gmt":"2024-06-04T05:38:00","guid":{"rendered":"https:\/\/www.uartes.edu.ec\/sitio\/?p=55128"},"modified":"2024-07-04T11:18:52","modified_gmt":"2024-07-04T16:18:52","slug":"jornada-artistica-con-coral-anima-raices-del-chota-y-el-ensamble-marimbeando-sabroso","status":"publish","type":"post","link":"https:\/\/www.uartes.edu.ec\/sitio\/en\/blog\/2024\/06\/04\/jornada-artistica-con-coral-anima-raices-del-chota-y-el-ensamble-marimbeando-sabroso\/","title":{"rendered":"Una jornada art\u00edstica en v\u00ednculo con la comunidad con Coral \u00c1nima, Ra\u00edces del Chota y ensamble Marimbeando Sabroso"},"content":{"rendered":"<p>En el Pasaje Illingworth de la Gobernaci\u00f3n, sede matriz de la Universidad de las Artes, se desarroll\u00f3 la \u201cJornada art\u00edstica: Entre ritmo &amp; percusi\u00f3n\u201d, con el prop\u00f3sito de integrar a las personas de la tercera edad a los dinamismos que se articulan desde los proyectos de Vinculaci\u00f3n con la Comunidad. Participaron la Coral \u00c1nima, que dirige la docente Yanella Duarte; la agrupaci\u00f3n Las Ra\u00edces del Chota, con el Baile La Bomba; y el ensamble Marimbeando Sabroso de la Escuela de Artes Sonoras. Narda Murillo, estudiante de Literatura, comparte una cr\u00f3nica de la actividad.<\/p>\n\n\n\n<h3 class=\"wp-block-heading\">Integrados por el ritmo y la percusi\u00f3n<\/h3>\n\n\n\n<p>Dicen que todos los edificios viejos albergan fantasmas, desconozco si el edificio del Palacio de la Gobernaci\u00f3n posee su propia leyenda urbana, lo que s\u00ed s\u00e9 es que aquel viernes 31 de mayo bailaron todos, bajo alguna especie de hechizo el piso vibr\u00f3 y las almas de los presentes disfrutaron de la celebraci\u00f3n que se dio a lugar en el Pasaje Illingworth, un espect\u00e1culo conformado por tres actos donde los desconocidos necesitaron una sola cosa para disfrutar los unos de los otros: la m\u00fasica.<\/p>\n\n\n<div class=\"wp-block-image\">\n<figure class=\"aligncenter size-large\"><img fetchpriority=\"high\" decoding=\"async\" width=\"644\" height=\"429\" src=\"https:\/\/www.uartes.edu.ec\/sitio\/wp-content\/uploads\/2024\/06\/03-EVENTO-VINCULO-PERSONAS-MAYORES-1-644x429.jpg\" alt=\"\" class=\"wp-image-55934\" srcset=\"https:\/\/www.uartes.edu.ec\/sitio\/wp-content\/uploads\/2024\/06\/03-EVENTO-VINCULO-PERSONAS-MAYORES-1-644x429.jpg 644w, https:\/\/www.uartes.edu.ec\/sitio\/wp-content\/uploads\/2024\/06\/03-EVENTO-VINCULO-PERSONAS-MAYORES-1-768x511.jpg 768w, https:\/\/www.uartes.edu.ec\/sitio\/wp-content\/uploads\/2024\/06\/03-EVENTO-VINCULO-PERSONAS-MAYORES-1.jpg 2000w, https:\/\/www.uartes.edu.ec\/sitio\/wp-content\/uploads\/2024\/06\/03-EVENTO-VINCULO-PERSONAS-MAYORES-1-18x12.jpg 18w, https:\/\/www.uartes.edu.ec\/sitio\/wp-content\/uploads\/2024\/06\/03-EVENTO-VINCULO-PERSONAS-MAYORES-1-600x399.jpg 600w, https:\/\/www.uartes.edu.ec\/sitio\/wp-content\/uploads\/2024\/06\/03-EVENTO-VINCULO-PERSONAS-MAYORES-1-272x182.jpg 272w\" sizes=\"(max-width: 644px) 100vw, 644px\" \/><\/figure>\n<\/div>\n\n\n<p>El show empez\u00f3 con una introducci\u00f3n de Yanella Duarte, quien le coment\u00f3 al p\u00fablico de qu\u00e9 trata la iniciativa del proyecto \u201cBibliotricimoteca\u201d, que tiene como prop\u00f3sito cortar esa brecha e invitar a la comunidad a ser parte de la Universidad de las Artes. Sin nada m\u00e1s que agregar, el p\u00fablico m\u00e1s que encantado recibi\u00f3 con aplausos a los adultos de la tercera edad que integran la Coral \u00c1nima, quienes ya ubicados en el escenario y acompa\u00f1ados por la m\u00fasica conmovieron con la canci\u00f3n \u201cViolencia\u201d, que se ajusta al contexto que atraviesa el pa\u00eds. La segunda interpretaci\u00f3n provoc\u00f3 las ganas escondidas que ten\u00edan los presentes por bailar, a ritmo de \u201cSe va el caim\u00e1n\u201d el p\u00fablico empez\u00f3 a mover los pies todav\u00eda t\u00edmidos.<\/p>\n\n\n\n<p>No termin\u00f3 ah\u00ed, luego el grupo de baile Las Ra\u00edces del Chota le dio c\u00e1tedra a los presentes de c\u00f3mo bailar la bomba sin perder cordura, ni botar la botella que llevaban en la cabeza Rosa Garc\u00eda y compa\u00f1\u00eda. El p\u00fablico empez\u00f3 a pararse de sus sillas porque los pies se lo exig\u00edan. Secretamente, vi cambiarse de lugar a una de las presentes, nadie sab\u00eda, pero un plan estaba coci\u00e9ndose. De pronto, los presentes sintieron el llamado de la m\u00fasica y terminaron decorando el escenario de pisadas r\u00edtmicas junto con las bailarinas y ese ser\u00eda el principio de un t\u00e1cito llamado.<\/p>\n\n\n\t\t\t\t\t<div\n\t\t\t\t\t\tclass=\"wp-block-uagb-image-gallery uagb-block-397d6596\"\n\t\t\t\t\t\tstyle=\"\"\n\t\t\t\t\t>\n\t\t\t\t\t\t\t\t\t\t\t<div class=\"spectra-image-gallery spectra-image-gallery__layout--grid spectra-image-gallery__layout--grid-col-2 spectra-image-gallery__layout--grid-col-tab-2 spectra-image-gallery__layout--grid-col-mob-2\">\n\t\t\t\t\t\t\t\t\t\t\t<div class='spectra-image-gallery__media-wrapper' data-spectra-gallery-image-id='55130' tabindex=\"0\">\n\t\t\t\t\t\t\t<div class=\"spectra-image-gallery__media spectra-image-gallery__media--grid\">\n\t\t\t\t<picture>\n\t\t\t\t\t<source media=\"(min-width: 1024px)\" srcset=\"https:\/\/www.uartes.edu.ec\/sitio\/wp-content\/uploads\/2024\/06\/08-EVENTO-VINCULO-PERSONAS-MAYORES-644x429.jpg\">\n\t\t\t\t\t<source media=\"(min-width: 768px)\" srcset=\"https:\/\/www.uartes.edu.ec\/sitio\/wp-content\/uploads\/2024\/06\/08-EVENTO-VINCULO-PERSONAS-MAYORES-644x429.jpg\">\n\t\t\t\t\t<img decoding=\"async\" class=\"spectra-image-gallery__media-thumbnail spectra-image-gallery__media-thumbnail--grid\" src=\"https:\/\/www.uartes.edu.ec\/sitio\/wp-content\/uploads\/2024\/06\/08-EVENTO-VINCULO-PERSONAS-MAYORES-300x200.jpg\" alt=\"\" loading=\"lazy\" \/>\n\t\t\t\t<\/picture>\n\t\t\t\t<div class=\"spectra-image-gallery__media-thumbnail-blurrer\"><\/div>\n\t\t\t\t\t\t\t\t\t\t\t<div class=\"spectra-image-gallery__media-thumbnail-caption-wrapper spectra-image-gallery__media-thumbnail-caption-wrapper--overlay\">\n\t\t\t\t\t\t\t\t\t\t\t<div class=\"spectra-image-gallery__media-thumbnail-caption spectra-image-gallery__media-thumbnail-caption--overlay\">\n\t\t\t\t\tNo Caption\t\t\t\t<\/div>\n\t\t\t\t\t\t\t\t\t\t<\/div>\n\t\t\t\t\t\t\t\t\t<\/div>\n\t\t\t\t\t\t<\/div>\n\t\t\t\t\t\t<div class='spectra-image-gallery__media-wrapper' data-spectra-gallery-image-id='55131' tabindex=\"0\">\n\t\t\t\t\t\t\t<div class=\"spectra-image-gallery__media spectra-image-gallery__media--grid\">\n\t\t\t\t<picture>\n\t\t\t\t\t<source media=\"(min-width: 1024px)\" srcset=\"https:\/\/www.uartes.edu.ec\/sitio\/wp-content\/uploads\/2024\/06\/07-EVENTO-VINCULO-PERSONAS-MAYORES-644x429.jpg\">\n\t\t\t\t\t<source media=\"(min-width: 768px)\" srcset=\"https:\/\/www.uartes.edu.ec\/sitio\/wp-content\/uploads\/2024\/06\/07-EVENTO-VINCULO-PERSONAS-MAYORES-644x429.jpg\">\n\t\t\t\t\t<img decoding=\"async\" class=\"spectra-image-gallery__media-thumbnail spectra-image-gallery__media-thumbnail--grid\" src=\"https:\/\/www.uartes.edu.ec\/sitio\/wp-content\/uploads\/2024\/06\/07-EVENTO-VINCULO-PERSONAS-MAYORES-300x200.jpg\" alt=\"\" loading=\"lazy\" \/>\n\t\t\t\t<\/picture>\n\t\t\t\t<div class=\"spectra-image-gallery__media-thumbnail-blurrer\"><\/div>\n\t\t\t\t\t\t\t\t\t\t\t<div class=\"spectra-image-gallery__media-thumbnail-caption-wrapper spectra-image-gallery__media-thumbnail-caption-wrapper--overlay\">\n\t\t\t\t\t\t\t\t\t\t\t<div class=\"spectra-image-gallery__media-thumbnail-caption spectra-image-gallery__media-thumbnail-caption--overlay\">\n\t\t\t\t\tNo Caption\t\t\t\t<\/div>\n\t\t\t\t\t\t\t\t\t\t<\/div>\n\t\t\t\t\t\t\t\t\t<\/div>\n\t\t\t\t\t\t<\/div>\n\t\t\t\t\t\t\t\t\t\t<\/div>\n\t\t\t\t\t\t\t\t\t\t\t\t\t\t\t\t\t\t<\/div>\n\t\t\t\t\t\t\t\t\t\n\n\n<p>Ten\u00eda que finalizar el espect\u00e1culo, no sin antes de la presentaci\u00f3n del ensamble Marimbeando Sabroso a cargo Orlin Monta\u00f1o, docente de la Escuela de Artes Sonoras, quien se tom\u00f3 unos minutos para explicar las ra\u00edces de aquella m\u00fasica, tanto religiosa como de fiesta. Lo que no se le advirti\u00f3 al p\u00fablico es que dicha m\u00fasica estar\u00eda a punto de embriagar por completo a todos los presentes y as\u00ed ocurri\u00f3. Aquella se\u00f1ora que se cambi\u00f3 de lugar sac\u00f3 decidida a bailar a todo aquel que le haya puesto el ojo y en cuesti\u00f3n de un parpadeo el Pasaje Illingworth se convirti\u00f3 en el paisaje completo de una fiesta donde estudiantes, administrativos e invitados se convirtieron en una sola masa.<\/p>\n\n\n\n<p>Aunque todo lo bueno \u2500relativamente\u2500 tiene que finalizar, de aquella jornada me llevo las palabras de Lourdes Su\u00e1rez, integrante de Coral \u00c1nima, quien coment\u00f3 que la m\u00fasica y el baile son la manifestaci\u00f3n m\u00e1s pura del ser humano y esta nos hace encontrarnos como verdaderos hermanos con las otras personas y esa ma\u00f1ana no fue la excepci\u00f3n.<\/p>\n\n\n<div class=\"wp-block-image\">\n<figure class=\"aligncenter size-large\"><img decoding=\"async\" src=\"https:\/\/www.uartes.edu.ec\/sitio\/wp-content\/uploads\/2024\/06\/01-EVENTO-VINCULO-PERSONAS-MAYORES-644x429.jpg\" alt=\"\" class=\"wp-image-55135\" \/><\/figure>\n<\/div>\n\n\n<p>Texto: Narda Murillo, estudiante de la Escuela de Literatura.<br>Fotos: Carla Erazo Santana y Narda Murillo, estudiantes UArtes.<\/p>\n\n\n\n<p><\/p>","protected":false},"excerpt":{"rendered":"<p>A fin de integrar a las personas de la tercera edad a los dinamismos que se articulan desde los proyectos de Vinculaci\u00f3n con la Comunidad, en el Pasaje Illingworth de la Gobernaci\u00f3n, sede matriz de la UArtes, se realiz\u00f3 una jornada art\u00edstica con la Coral \u00c1nima, la agrupaci\u00f3n Las Ra\u00edces del Chota y el ensamble Marimbeando Sabroso. Narda Murillo, estudiante de Literatura, comparte una cr\u00f3nica del evento.<\/p>","protected":false},"author":10,"featured_media":55257,"comment_status":"open","ping_status":"open","sticky":false,"template":"","format":"standard","meta":{"_acf_changed":false,"_uag_custom_page_level_css":"","_monsterinsights_skip_tracking":false,"_monsterinsights_sitenote_active":false,"_monsterinsights_sitenote_note":"","_monsterinsights_sitenote_category":0,"cybocfi_hide_featured_image":"","footnotes":""},"categories":[438,82,75,76,77,83,79],"tags":[540],"infouartes":[],"class_list":["post-55128","post","type-post","status-publish","format-standard","has-post-thumbnail","hentry","category-administrativos","category-artes","category-docentes","category-estudiantes","category-gestion","category-sedes","category-vinculo","tag-proyecto"],"acf":[],"yoast_head":"<!-- This site is optimized with the Yoast SEO plugin v27.4 - https:\/\/yoast.com\/product\/yoast-seo-wordpress\/ -->\n<title>Universidad de las Artes - Una jornada art\u00edstica en v\u00ednculo con la comunidad con Coral \u00c1nima, Ra\u00edces del Chota y ensamble Marimbeando Sabroso<\/title>\n<meta name=\"description\" content=\"Universidad de las Artes - Una jornada art\u00edstica en v\u00ednculo con la comunidad con Coral \u00c1nima, Ra\u00edces del Chota y ensamble Marimbeando Sabroso\" \/>\n<meta name=\"robots\" content=\"index, follow, max-snippet:-1, max-image-preview:large, max-video-preview:-1\" \/>\n<link rel=\"canonical\" href=\"https:\/\/www.uartes.edu.ec\/sitio\/en\/blog\/2024\/06\/04\/jornada-artistica-con-coral-anima-raices-del-chota-y-el-ensamble-marimbeando-sabroso\/\" \/>\n<meta property=\"og:locale\" content=\"en_US\" \/>\n<meta property=\"og:type\" content=\"article\" \/>\n<meta property=\"og:title\" content=\"Universidad de las Artes - Una jornada art\u00edstica en v\u00ednculo con la comunidad con Coral \u00c1nima, Ra\u00edces del Chota y ensamble Marimbeando Sabroso\" \/>\n<meta property=\"og:description\" content=\"Universidad de las Artes - Una jornada art\u00edstica en v\u00ednculo con la comunidad con Coral \u00c1nima, Ra\u00edces del Chota y ensamble Marimbeando Sabroso\" \/>\n<meta property=\"og:url\" content=\"https:\/\/www.uartes.edu.ec\/sitio\/en\/blog\/2024\/06\/04\/jornada-artistica-con-coral-anima-raices-del-chota-y-el-ensamble-marimbeando-sabroso\/\" \/>\n<meta property=\"og:site_name\" content=\"Universidad de las Artes\" \/>\n<meta property=\"article:publisher\" content=\"https:\/\/www.facebook.com\/uartesec\" \/>\n<meta property=\"article:published_time\" content=\"2024-06-04T05:38:00+00:00\" \/>\n<meta property=\"article:modified_time\" content=\"2024-07-04T16:18:52+00:00\" \/>\n<meta property=\"og:image\" content=\"https:\/\/www.uartes.edu.ec\/sitio\/wp-content\/uploads\/2024\/06\/06-EVENTO-VINCULO-PERSONAS-MAYORES.jpg\" \/>\n\t<meta property=\"og:image:width\" content=\"2000\" \/>\n\t<meta property=\"og:image:height\" content=\"1333\" \/>\n\t<meta property=\"og:image:type\" content=\"image\/jpeg\" \/>\n<meta name=\"author\" content=\"ccortez\" \/>\n<meta name=\"twitter:card\" content=\"summary_large_image\" \/>\n<meta name=\"twitter:creator\" content=\"@uartesec\" \/>\n<meta name=\"twitter:site\" content=\"@uartesec\" \/>\n<meta name=\"twitter:label1\" content=\"Written by\" \/>\n\t<meta name=\"twitter:data1\" content=\"ccortez\" \/>\n\t<meta name=\"twitter:label2\" content=\"Est. reading time\" \/>\n\t<meta name=\"twitter:data2\" content=\"4 minutes\" \/>\n<script type=\"application\/ld+json\" class=\"yoast-schema-graph\">{\"@context\":\"https:\\\/\\\/schema.org\",\"@graph\":[{\"@type\":\"Article\",\"@id\":\"https:\\\/\\\/www.uartes.edu.ec\\\/sitio\\\/en\\\/blog\\\/2024\\\/06\\\/04\\\/jornada-artistica-con-coral-anima-raices-del-chota-y-el-ensamble-marimbeando-sabroso\\\/#article\",\"isPartOf\":{\"@id\":\"https:\\\/\\\/www.uartes.edu.ec\\\/sitio\\\/en\\\/blog\\\/2024\\\/06\\\/04\\\/jornada-artistica-con-coral-anima-raices-del-chota-y-el-ensamble-marimbeando-sabroso\\\/\"},\"author\":{\"name\":\"ccortez\",\"@id\":\"https:\\\/\\\/www.uartes.edu.ec\\\/sitio\\\/en\\\/#\\\/schema\\\/person\\\/efa1b8275797664fd7f13a79ccc0b1f4\"},\"headline\":\"Una jornada art\u00edstica en v\u00ednculo con la comunidad con Coral \u00c1nima, Ra\u00edces del Chota y ensamble Marimbeando Sabroso\",\"datePublished\":\"2024-06-04T05:38:00+00:00\",\"dateModified\":\"2024-07-04T16:18:52+00:00\",\"mainEntityOfPage\":{\"@id\":\"https:\\\/\\\/www.uartes.edu.ec\\\/sitio\\\/en\\\/blog\\\/2024\\\/06\\\/04\\\/jornada-artistica-con-coral-anima-raices-del-chota-y-el-ensamble-marimbeando-sabroso\\\/\"},\"wordCount\":679,\"commentCount\":0,\"publisher\":{\"@id\":\"https:\\\/\\\/www.uartes.edu.ec\\\/sitio\\\/en\\\/#organization\"},\"image\":{\"@id\":\"https:\\\/\\\/www.uartes.edu.ec\\\/sitio\\\/en\\\/blog\\\/2024\\\/06\\\/04\\\/jornada-artistica-con-coral-anima-raices-del-chota-y-el-ensamble-marimbeando-sabroso\\\/#primaryimage\"},\"thumbnailUrl\":\"https:\\\/\\\/www.uartes.edu.ec\\\/sitio\\\/wp-content\\\/uploads\\\/2024\\\/06\\\/06-EVENTO-VINCULO-PERSONAS-MAYORES.jpg\",\"keywords\":[\"proyecto\"],\"articleSection\":[\"Administrativos\",\"Artes\",\"Docentes\",\"Estudiantes\",\"Gesti\u00f3n\",\"Sedes\",\"V\u00ednculo\"],\"inLanguage\":\"en-US\",\"potentialAction\":[{\"@type\":\"CommentAction\",\"name\":\"Comment\",\"target\":[\"https:\\\/\\\/www.uartes.edu.ec\\\/sitio\\\/en\\\/blog\\\/2024\\\/06\\\/04\\\/jornada-artistica-con-coral-anima-raices-del-chota-y-el-ensamble-marimbeando-sabroso\\\/#respond\"]}]},{\"@type\":[\"WebPage\",\"ItemPage\"],\"@id\":\"https:\\\/\\\/www.uartes.edu.ec\\\/sitio\\\/en\\\/blog\\\/2024\\\/06\\\/04\\\/jornada-artistica-con-coral-anima-raices-del-chota-y-el-ensamble-marimbeando-sabroso\\\/\",\"url\":\"https:\\\/\\\/www.uartes.edu.ec\\\/sitio\\\/en\\\/blog\\\/2024\\\/06\\\/04\\\/jornada-artistica-con-coral-anima-raices-del-chota-y-el-ensamble-marimbeando-sabroso\\\/\",\"name\":\"Universidad de las Artes - Una jornada art\u00edstica en v\u00ednculo con la comunidad con Coral \u00c1nima, Ra\u00edces del Chota y ensamble Marimbeando Sabroso\",\"isPartOf\":{\"@id\":\"https:\\\/\\\/www.uartes.edu.ec\\\/sitio\\\/en\\\/#website\"},\"primaryImageOfPage\":{\"@id\":\"https:\\\/\\\/www.uartes.edu.ec\\\/sitio\\\/en\\\/blog\\\/2024\\\/06\\\/04\\\/jornada-artistica-con-coral-anima-raices-del-chota-y-el-ensamble-marimbeando-sabroso\\\/#primaryimage\"},\"image\":{\"@id\":\"https:\\\/\\\/www.uartes.edu.ec\\\/sitio\\\/en\\\/blog\\\/2024\\\/06\\\/04\\\/jornada-artistica-con-coral-anima-raices-del-chota-y-el-ensamble-marimbeando-sabroso\\\/#primaryimage\"},\"thumbnailUrl\":\"https:\\\/\\\/www.uartes.edu.ec\\\/sitio\\\/wp-content\\\/uploads\\\/2024\\\/06\\\/06-EVENTO-VINCULO-PERSONAS-MAYORES.jpg\",\"datePublished\":\"2024-06-04T05:38:00+00:00\",\"dateModified\":\"2024-07-04T16:18:52+00:00\",\"description\":\"Universidad de las Artes - Una jornada art\u00edstica en v\u00ednculo con la comunidad con Coral \u00c1nima, Ra\u00edces del Chota y ensamble Marimbeando Sabroso\",\"breadcrumb\":{\"@id\":\"https:\\\/\\\/www.uartes.edu.ec\\\/sitio\\\/en\\\/blog\\\/2024\\\/06\\\/04\\\/jornada-artistica-con-coral-anima-raices-del-chota-y-el-ensamble-marimbeando-sabroso\\\/#breadcrumb\"},\"inLanguage\":\"en-US\",\"potentialAction\":[{\"@type\":\"ReadAction\",\"target\":[\"https:\\\/\\\/www.uartes.edu.ec\\\/sitio\\\/en\\\/blog\\\/2024\\\/06\\\/04\\\/jornada-artistica-con-coral-anima-raices-del-chota-y-el-ensamble-marimbeando-sabroso\\\/\"]}]},{\"@type\":\"ImageObject\",\"inLanguage\":\"en-US\",\"@id\":\"https:\\\/\\\/www.uartes.edu.ec\\\/sitio\\\/en\\\/blog\\\/2024\\\/06\\\/04\\\/jornada-artistica-con-coral-anima-raices-del-chota-y-el-ensamble-marimbeando-sabroso\\\/#primaryimage\",\"url\":\"https:\\\/\\\/www.uartes.edu.ec\\\/sitio\\\/wp-content\\\/uploads\\\/2024\\\/06\\\/06-EVENTO-VINCULO-PERSONAS-MAYORES.jpg\",\"contentUrl\":\"https:\\\/\\\/www.uartes.edu.ec\\\/sitio\\\/wp-content\\\/uploads\\\/2024\\\/06\\\/06-EVENTO-VINCULO-PERSONAS-MAYORES.jpg\",\"width\":2000,\"height\":1333},{\"@type\":\"BreadcrumbList\",\"@id\":\"https:\\\/\\\/www.uartes.edu.ec\\\/sitio\\\/en\\\/blog\\\/2024\\\/06\\\/04\\\/jornada-artistica-con-coral-anima-raices-del-chota-y-el-ensamble-marimbeando-sabroso\\\/#breadcrumb\",\"itemListElement\":[{\"@type\":\"ListItem\",\"position\":1,\"name\":\"Inicio\",\"item\":\"https:\\\/\\\/www.uartes.edu.ec\\\/sitio\\\/\"},{\"@type\":\"ListItem\",\"position\":2,\"name\":\"Una jornada art\u00edstica en v\u00ednculo con la comunidad con Coral \u00c1nima, Ra\u00edces del Chota y ensamble Marimbeando Sabroso\"}]},{\"@type\":\"WebSite\",\"@id\":\"https:\\\/\\\/www.uartes.edu.ec\\\/sitio\\\/en\\\/#website\",\"url\":\"https:\\\/\\\/www.uartes.edu.ec\\\/sitio\\\/en\\\/\",\"name\":\"Universidad de las Artes\",\"description\":\"Sitio oficial de la Universidad Nacional de las Artes del Ecuador\",\"publisher\":{\"@id\":\"https:\\\/\\\/www.uartes.edu.ec\\\/sitio\\\/en\\\/#organization\"},\"potentialAction\":[{\"@type\":\"SearchAction\",\"target\":{\"@type\":\"EntryPoint\",\"urlTemplate\":\"https:\\\/\\\/www.uartes.edu.ec\\\/sitio\\\/en\\\/?s={search_term_string}\"},\"query-input\":{\"@type\":\"PropertyValueSpecification\",\"valueRequired\":true,\"valueName\":\"search_term_string\"}}],\"inLanguage\":\"en-US\"},{\"@type\":\"Organization\",\"@id\":\"https:\\\/\\\/www.uartes.edu.ec\\\/sitio\\\/en\\\/#organization\",\"name\":\"Universidad de las Artes\",\"url\":\"https:\\\/\\\/www.uartes.edu.ec\\\/sitio\\\/en\\\/\",\"logo\":{\"@type\":\"ImageObject\",\"inLanguage\":\"en-US\",\"@id\":\"https:\\\/\\\/www.uartes.edu.ec\\\/sitio\\\/en\\\/#\\\/schema\\\/logo\\\/image\\\/\",\"url\":\"https:\\\/\\\/www.uartes.edu.ec\\\/sitio\\\/wp-content\\\/uploads\\\/2022\\\/07\\\/logo-ua-horizontal.png\",\"contentUrl\":\"https:\\\/\\\/www.uartes.edu.ec\\\/sitio\\\/wp-content\\\/uploads\\\/2022\\\/07\\\/logo-ua-horizontal.png\",\"width\":800,\"height\":276,\"caption\":\"Universidad de las Artes\"},\"image\":{\"@id\":\"https:\\\/\\\/www.uartes.edu.ec\\\/sitio\\\/en\\\/#\\\/schema\\\/logo\\\/image\\\/\"},\"sameAs\":[\"https:\\\/\\\/www.facebook.com\\\/uartesec\",\"https:\\\/\\\/x.com\\\/uartesec\",\"https:\\\/\\\/www.tiktok.com\\\/@uartesec\"]},{\"@type\":\"Person\",\"@id\":\"https:\\\/\\\/www.uartes.edu.ec\\\/sitio\\\/en\\\/#\\\/schema\\\/person\\\/efa1b8275797664fd7f13a79ccc0b1f4\",\"name\":\"ccortez\",\"image\":{\"@type\":\"ImageObject\",\"inLanguage\":\"en-US\",\"@id\":\"https:\\\/\\\/secure.gravatar.com\\\/avatar\\\/b2a6f664a3ae8e074346ef91775736c5ec479e637ecced6842de9dc98b5da9cd?s=96&d=mm&r=g\",\"url\":\"https:\\\/\\\/secure.gravatar.com\\\/avatar\\\/b2a6f664a3ae8e074346ef91775736c5ec479e637ecced6842de9dc98b5da9cd?s=96&d=mm&r=g\",\"contentUrl\":\"https:\\\/\\\/secure.gravatar.com\\\/avatar\\\/b2a6f664a3ae8e074346ef91775736c5ec479e637ecced6842de9dc98b5da9cd?s=96&d=mm&r=g\",\"caption\":\"ccortez\"},\"url\":\"https:\\\/\\\/www.uartes.edu.ec\\\/sitio\\\/en\\\/blog\\\/author\\\/ccortez\\\/\"}]}<\/script>\n<!-- \/ Yoast SEO plugin. -->","yoast_head_json":{"title":"Universidad de las Artes - Una jornada art\u00edstica en v\u00ednculo con la comunidad con Coral \u00c1nima, Ra\u00edces del Chota y ensamble Marimbeando Sabroso","description":"Universidad de las Artes - Una jornada art\u00edstica en v\u00ednculo con la comunidad con Coral \u00c1nima, Ra\u00edces del Chota y ensamble Marimbeando Sabroso","robots":{"index":"index","follow":"follow","max-snippet":"max-snippet:-1","max-image-preview":"max-image-preview:large","max-video-preview":"max-video-preview:-1"},"canonical":"https:\/\/www.uartes.edu.ec\/sitio\/en\/blog\/2024\/06\/04\/jornada-artistica-con-coral-anima-raices-del-chota-y-el-ensamble-marimbeando-sabroso\/","og_locale":"en_US","og_type":"article","og_title":"Universidad de las Artes - Una jornada art\u00edstica en v\u00ednculo con la comunidad con Coral \u00c1nima, Ra\u00edces del Chota y ensamble Marimbeando Sabroso","og_description":"Universidad de las Artes - Una jornada art\u00edstica en v\u00ednculo con la comunidad con Coral \u00c1nima, Ra\u00edces del Chota y ensamble Marimbeando Sabroso","og_url":"https:\/\/www.uartes.edu.ec\/sitio\/en\/blog\/2024\/06\/04\/jornada-artistica-con-coral-anima-raices-del-chota-y-el-ensamble-marimbeando-sabroso\/","og_site_name":"Universidad de las Artes","article_publisher":"https:\/\/www.facebook.com\/uartesec","article_published_time":"2024-06-04T05:38:00+00:00","article_modified_time":"2024-07-04T16:18:52+00:00","og_image":[{"width":2000,"height":1333,"url":"https:\/\/www.uartes.edu.ec\/sitio\/wp-content\/uploads\/2024\/06\/06-EVENTO-VINCULO-PERSONAS-MAYORES.jpg","type":"image\/jpeg"}],"author":"ccortez","twitter_card":"summary_large_image","twitter_creator":"@uartesec","twitter_site":"@uartesec","twitter_misc":{"Written by":"ccortez","Est. reading time":"4 minutes"},"schema":{"@context":"https:\/\/schema.org","@graph":[{"@type":"Article","@id":"https:\/\/www.uartes.edu.ec\/sitio\/en\/blog\/2024\/06\/04\/jornada-artistica-con-coral-anima-raices-del-chota-y-el-ensamble-marimbeando-sabroso\/#article","isPartOf":{"@id":"https:\/\/www.uartes.edu.ec\/sitio\/en\/blog\/2024\/06\/04\/jornada-artistica-con-coral-anima-raices-del-chota-y-el-ensamble-marimbeando-sabroso\/"},"author":{"name":"ccortez","@id":"https:\/\/www.uartes.edu.ec\/sitio\/en\/#\/schema\/person\/efa1b8275797664fd7f13a79ccc0b1f4"},"headline":"Una jornada art\u00edstica en v\u00ednculo con la comunidad con Coral \u00c1nima, Ra\u00edces del Chota y ensamble Marimbeando Sabroso","datePublished":"2024-06-04T05:38:00+00:00","dateModified":"2024-07-04T16:18:52+00:00","mainEntityOfPage":{"@id":"https:\/\/www.uartes.edu.ec\/sitio\/en\/blog\/2024\/06\/04\/jornada-artistica-con-coral-anima-raices-del-chota-y-el-ensamble-marimbeando-sabroso\/"},"wordCount":679,"commentCount":0,"publisher":{"@id":"https:\/\/www.uartes.edu.ec\/sitio\/en\/#organization"},"image":{"@id":"https:\/\/www.uartes.edu.ec\/sitio\/en\/blog\/2024\/06\/04\/jornada-artistica-con-coral-anima-raices-del-chota-y-el-ensamble-marimbeando-sabroso\/#primaryimage"},"thumbnailUrl":"https:\/\/www.uartes.edu.ec\/sitio\/wp-content\/uploads\/2024\/06\/06-EVENTO-VINCULO-PERSONAS-MAYORES.jpg","keywords":["proyecto"],"articleSection":["Administrativos","Artes","Docentes","Estudiantes","Gesti\u00f3n","Sedes","V\u00ednculo"],"inLanguage":"en-US","potentialAction":[{"@type":"CommentAction","name":"Comment","target":["https:\/\/www.uartes.edu.ec\/sitio\/en\/blog\/2024\/06\/04\/jornada-artistica-con-coral-anima-raices-del-chota-y-el-ensamble-marimbeando-sabroso\/#respond"]}]},{"@type":["WebPage","ItemPage"],"@id":"https:\/\/www.uartes.edu.ec\/sitio\/en\/blog\/2024\/06\/04\/jornada-artistica-con-coral-anima-raices-del-chota-y-el-ensamble-marimbeando-sabroso\/","url":"https:\/\/www.uartes.edu.ec\/sitio\/en\/blog\/2024\/06\/04\/jornada-artistica-con-coral-anima-raices-del-chota-y-el-ensamble-marimbeando-sabroso\/","name":"Universidad de las Artes - Una jornada art\u00edstica en v\u00ednculo con la comunidad con Coral \u00c1nima, Ra\u00edces del Chota y ensamble Marimbeando Sabroso","isPartOf":{"@id":"https:\/\/www.uartes.edu.ec\/sitio\/en\/#website"},"primaryImageOfPage":{"@id":"https:\/\/www.uartes.edu.ec\/sitio\/en\/blog\/2024\/06\/04\/jornada-artistica-con-coral-anima-raices-del-chota-y-el-ensamble-marimbeando-sabroso\/#primaryimage"},"image":{"@id":"https:\/\/www.uartes.edu.ec\/sitio\/en\/blog\/2024\/06\/04\/jornada-artistica-con-coral-anima-raices-del-chota-y-el-ensamble-marimbeando-sabroso\/#primaryimage"},"thumbnailUrl":"https:\/\/www.uartes.edu.ec\/sitio\/wp-content\/uploads\/2024\/06\/06-EVENTO-VINCULO-PERSONAS-MAYORES.jpg","datePublished":"2024-06-04T05:38:00+00:00","dateModified":"2024-07-04T16:18:52+00:00","description":"Universidad de las Artes - Una jornada art\u00edstica en v\u00ednculo con la comunidad con Coral \u00c1nima, Ra\u00edces del Chota y ensamble Marimbeando Sabroso","breadcrumb":{"@id":"https:\/\/www.uartes.edu.ec\/sitio\/en\/blog\/2024\/06\/04\/jornada-artistica-con-coral-anima-raices-del-chota-y-el-ensamble-marimbeando-sabroso\/#breadcrumb"},"inLanguage":"en-US","potentialAction":[{"@type":"ReadAction","target":["https:\/\/www.uartes.edu.ec\/sitio\/en\/blog\/2024\/06\/04\/jornada-artistica-con-coral-anima-raices-del-chota-y-el-ensamble-marimbeando-sabroso\/"]}]},{"@type":"ImageObject","inLanguage":"en-US","@id":"https:\/\/www.uartes.edu.ec\/sitio\/en\/blog\/2024\/06\/04\/jornada-artistica-con-coral-anima-raices-del-chota-y-el-ensamble-marimbeando-sabroso\/#primaryimage","url":"https:\/\/www.uartes.edu.ec\/sitio\/wp-content\/uploads\/2024\/06\/06-EVENTO-VINCULO-PERSONAS-MAYORES.jpg","contentUrl":"https:\/\/www.uartes.edu.ec\/sitio\/wp-content\/uploads\/2024\/06\/06-EVENTO-VINCULO-PERSONAS-MAYORES.jpg","width":2000,"height":1333},{"@type":"BreadcrumbList","@id":"https:\/\/www.uartes.edu.ec\/sitio\/en\/blog\/2024\/06\/04\/jornada-artistica-con-coral-anima-raices-del-chota-y-el-ensamble-marimbeando-sabroso\/#breadcrumb","itemListElement":[{"@type":"ListItem","position":1,"name":"Inicio","item":"https:\/\/www.uartes.edu.ec\/sitio\/"},{"@type":"ListItem","position":2,"name":"Una jornada art\u00edstica en v\u00ednculo con la comunidad con Coral \u00c1nima, Ra\u00edces del Chota y ensamble Marimbeando Sabroso"}]},{"@type":"WebSite","@id":"https:\/\/www.uartes.edu.ec\/sitio\/en\/#website","url":"https:\/\/www.uartes.edu.ec\/sitio\/en\/","name":"Universidad de las Artes","description":"Sitio oficial de la Universidad Nacional de las Artes del Ecuador","publisher":{"@id":"https:\/\/www.uartes.edu.ec\/sitio\/en\/#organization"},"potentialAction":[{"@type":"SearchAction","target":{"@type":"EntryPoint","urlTemplate":"https:\/\/www.uartes.edu.ec\/sitio\/en\/?s={search_term_string}"},"query-input":{"@type":"PropertyValueSpecification","valueRequired":true,"valueName":"search_term_string"}}],"inLanguage":"en-US"},{"@type":"Organization","@id":"https:\/\/www.uartes.edu.ec\/sitio\/en\/#organization","name":"Universidad de las Artes","url":"https:\/\/www.uartes.edu.ec\/sitio\/en\/","logo":{"@type":"ImageObject","inLanguage":"en-US","@id":"https:\/\/www.uartes.edu.ec\/sitio\/en\/#\/schema\/logo\/image\/","url":"https:\/\/www.uartes.edu.ec\/sitio\/wp-content\/uploads\/2022\/07\/logo-ua-horizontal.png","contentUrl":"https:\/\/www.uartes.edu.ec\/sitio\/wp-content\/uploads\/2022\/07\/logo-ua-horizontal.png","width":800,"height":276,"caption":"Universidad de las Artes"},"image":{"@id":"https:\/\/www.uartes.edu.ec\/sitio\/en\/#\/schema\/logo\/image\/"},"sameAs":["https:\/\/www.facebook.com\/uartesec","https:\/\/x.com\/uartesec","https:\/\/www.tiktok.com\/@uartesec"]},{"@type":"Person","@id":"https:\/\/www.uartes.edu.ec\/sitio\/en\/#\/schema\/person\/efa1b8275797664fd7f13a79ccc0b1f4","name":"ccortez","image":{"@type":"ImageObject","inLanguage":"en-US","@id":"https:\/\/secure.gravatar.com\/avatar\/b2a6f664a3ae8e074346ef91775736c5ec479e637ecced6842de9dc98b5da9cd?s=96&d=mm&r=g","url":"https:\/\/secure.gravatar.com\/avatar\/b2a6f664a3ae8e074346ef91775736c5ec479e637ecced6842de9dc98b5da9cd?s=96&d=mm&r=g","contentUrl":"https:\/\/secure.gravatar.com\/avatar\/b2a6f664a3ae8e074346ef91775736c5ec479e637ecced6842de9dc98b5da9cd?s=96&d=mm&r=g","caption":"ccortez"},"url":"https:\/\/www.uartes.edu.ec\/sitio\/en\/blog\/author\/ccortez\/"}]}},"uagb_featured_image_src":{"full":["https:\/\/www.uartes.edu.ec\/sitio\/wp-content\/uploads\/2024\/06\/06-EVENTO-VINCULO-PERSONAS-MAYORES.jpg",2000,1333,false],"thumbnail":["https:\/\/www.uartes.edu.ec\/sitio\/wp-content\/uploads\/2024\/06\/06-EVENTO-VINCULO-PERSONAS-MAYORES-150x150.jpg",150,150,true],"medium":["https:\/\/www.uartes.edu.ec\/sitio\/wp-content\/uploads\/2024\/06\/06-EVENTO-VINCULO-PERSONAS-MAYORES-300x200.jpg",300,200,true],"medium_large":["https:\/\/www.uartes.edu.ec\/sitio\/wp-content\/uploads\/2024\/06\/06-EVENTO-VINCULO-PERSONAS-MAYORES-768x512.jpg",768,512,true],"large":["https:\/\/www.uartes.edu.ec\/sitio\/wp-content\/uploads\/2024\/06\/06-EVENTO-VINCULO-PERSONAS-MAYORES-644x429.jpg",644,429,true],"1536x1536":["https:\/\/www.uartes.edu.ec\/sitio\/wp-content\/uploads\/2024\/06\/06-EVENTO-VINCULO-PERSONAS-MAYORES-1536x1024.jpg",1536,1024,true],"2048x2048":["https:\/\/www.uartes.edu.ec\/sitio\/wp-content\/uploads\/2024\/06\/06-EVENTO-VINCULO-PERSONAS-MAYORES.jpg",2000,1333,false],"trp-custom-language-flag":["https:\/\/www.uartes.edu.ec\/sitio\/wp-content\/uploads\/2024\/06\/06-EVENTO-VINCULO-PERSONAS-MAYORES-18x12.jpg",18,12,true],"htmega_size_585x295":["https:\/\/www.uartes.edu.ec\/sitio\/wp-content\/uploads\/2024\/06\/06-EVENTO-VINCULO-PERSONAS-MAYORES-585x295.jpg",585,295,true],"htmega_size_1170x536":["https:\/\/www.uartes.edu.ec\/sitio\/wp-content\/uploads\/2024\/06\/06-EVENTO-VINCULO-PERSONAS-MAYORES-1170x536.jpg",1170,536,true],"htmega_size_396x360":["https:\/\/www.uartes.edu.ec\/sitio\/wp-content\/uploads\/2024\/06\/06-EVENTO-VINCULO-PERSONAS-MAYORES-396x360.jpg",396,360,true],"gb-block-post-grid-landscape":["https:\/\/www.uartes.edu.ec\/sitio\/wp-content\/uploads\/2024\/06\/06-EVENTO-VINCULO-PERSONAS-MAYORES-600x400.jpg",600,400,true],"gb-block-post-grid-square":["https:\/\/www.uartes.edu.ec\/sitio\/wp-content\/uploads\/2024\/06\/06-EVENTO-VINCULO-PERSONAS-MAYORES-600x600.jpg",600,600,true],"university-hub-thumb":["https:\/\/www.uartes.edu.ec\/sitio\/wp-content\/uploads\/2024\/06\/06-EVENTO-VINCULO-PERSONAS-MAYORES-400x267.jpg",400,267,true]},"uagb_author_info":{"display_name":"ccortez","author_link":"https:\/\/www.uartes.edu.ec\/sitio\/en\/blog\/author\/ccortez\/"},"uagb_comment_info":0,"uagb_excerpt":"A fin de integrar a las personas de la tercera edad a los dinamismos que se articulan desde los proyectos de Vinculaci\u00f3n con la Comunidad, en el Pasaje Illingworth de la Gobernaci\u00f3n, sede matriz de la UArtes, se realiz\u00f3 una jornada art\u00edstica con la Coral \u00c1nima, la agrupaci\u00f3n Las Ra\u00edces del Chota y el ensamble&hellip;","featured_image_src":"https:\/\/www.uartes.edu.ec\/sitio\/wp-content\/uploads\/2024\/06\/06-EVENTO-VINCULO-PERSONAS-MAYORES-600x400.jpg","featured_image_src_square":"https:\/\/www.uartes.edu.ec\/sitio\/wp-content\/uploads\/2024\/06\/06-EVENTO-VINCULO-PERSONAS-MAYORES-600x600.jpg","author_info":{"display_name":"ccortez","author_link":"https:\/\/www.uartes.edu.ec\/sitio\/en\/blog\/author\/ccortez\/"},"publishpress_future_workflow_manual_trigger":{"enabledWorkflows":[]},"distributor_meta":false,"distributor_terms":false,"distributor_media":false,"distributor_original_site_name":"Universidad de las Artes","distributor_original_site_url":"https:\/\/www.uartes.edu.ec\/sitio\/en","push-errors":false,"_links":{"self":[{"href":"https:\/\/www.uartes.edu.ec\/sitio\/en\/wp-json\/wp\/v2\/posts\/55128","targetHints":{"allow":["GET"]}}],"collection":[{"href":"https:\/\/www.uartes.edu.ec\/sitio\/en\/wp-json\/wp\/v2\/posts"}],"about":[{"href":"https:\/\/www.uartes.edu.ec\/sitio\/en\/wp-json\/wp\/v2\/types\/post"}],"author":[{"embeddable":true,"href":"https:\/\/www.uartes.edu.ec\/sitio\/en\/wp-json\/wp\/v2\/users\/10"}],"replies":[{"embeddable":true,"href":"https:\/\/www.uartes.edu.ec\/sitio\/en\/wp-json\/wp\/v2\/comments?post=55128"}],"version-history":[{"count":34,"href":"https:\/\/www.uartes.edu.ec\/sitio\/en\/wp-json\/wp\/v2\/posts\/55128\/revisions"}],"predecessor-version":[{"id":55962,"href":"https:\/\/www.uartes.edu.ec\/sitio\/en\/wp-json\/wp\/v2\/posts\/55128\/revisions\/55962"}],"wp:featuredmedia":[{"embeddable":true,"href":"https:\/\/www.uartes.edu.ec\/sitio\/en\/wp-json\/wp\/v2\/media\/55257"}],"wp:attachment":[{"href":"https:\/\/www.uartes.edu.ec\/sitio\/en\/wp-json\/wp\/v2\/media?parent=55128"}],"wp:term":[{"taxonomy":"category","embeddable":true,"href":"https:\/\/www.uartes.edu.ec\/sitio\/en\/wp-json\/wp\/v2\/categories?post=55128"},{"taxonomy":"post_tag","embeddable":true,"href":"https:\/\/www.uartes.edu.ec\/sitio\/en\/wp-json\/wp\/v2\/tags?post=55128"},{"taxonomy":"infouartes","embeddable":true,"href":"https:\/\/www.uartes.edu.ec\/sitio\/en\/wp-json\/wp\/v2\/infouartes?post=55128"}],"curies":[{"name":"wp","href":"https:\/\/api.w.org\/{rel}","templated":true}]}}