{"id":5540,"date":"2019-11-15T23:06:00","date_gmt":"2019-11-16T04:06:00","guid":{"rendered":"http:\/\/www.uartes.edu.ec\/sitio\/?p=5540"},"modified":"2024-07-04T11:49:00","modified_gmt":"2024-07-04T16:49:00","slug":"klever-viera-desato-emociones-al-cierre-de-ii-encuentro-escenico","status":"publish","type":"post","link":"https:\/\/www.uartes.edu.ec\/sitio\/en\/blog\/2019\/11\/15\/klever-viera-desato-emociones-al-cierre-de-ii-encuentro-escenico\/","title":{"rendered":"Kl\u00e9ver Viera desat\u00f3 emociones al cierre de II Encuentro Esc\u00e9nico"},"content":{"rendered":"<p>Los resultados de la residencia Danza y Cotidianidad\nmarcaron el cierre del II Encuentro Esc\u00e9nico Memoria y Actualidad, organizado\npor la Escuela de Artes Esc\u00e9nicas de la Universidad de las Artes. En la Plaza P\u00fablica\ndel MZ14 estaba todo dispuesto para ver las ense\u00f1anzas que el bailar\u00edn y\ncore\u00f3grafo Kl\u00e9ver Viera hab\u00eda transmitido a los estudiantes de danza que se\nembarcaron en el proceso, desarrollado entre el 5 al 14 de noviembre.&nbsp; <\/p>\n\n\n\n<p>Kl\u00e9ver Viera, quien tambi\u00e9n particip\u00f3 \u2013el lunes el 11\u2013 &nbsp;en la mesa de di\u00e1logo \u201cCuerpo y Ritualidad\u201d,\ndej\u00f3 a los estudiantes fluir y lo que mostraron rebas\u00f3 toda expectativa, pues\nla emoci\u00f3n de los ejecutantes contagi\u00f3 a un p\u00fablico que vibrante los aplaudi\u00f3\ngrandemente.<\/p>\n\n\n\n<p>Al II Encuentro Esc\u00e9nico Kl\u00e9ver Viera lo calific\u00f3 como un espacio\npropicio y una alegr\u00eda. \u201cDesde lejos pod\u00eda sentir el olor, el sabor de esta\ninstituci\u00f3n, conozco a la gente desde hace mucho tiempo, quiz\u00e1s desde muy\nj\u00f3venes y siempre pens\u00e9 que estaban las mejores elegidas. Las que m\u00e1s pasi\u00f3n le\nponen\u201d, expres\u00f3 en alusi\u00f3n a las docentes de la carrera de Danza, de la Escuela\nde Artes Esc\u00e9nicas. <\/p>\n\n\n\n<p>Dijo haber encontrado mucha pasi\u00f3n e ilusiones por una\ncarrera que desconocen, en gran medida, \u201ccreo que el encuentro cumple con esos\nobjetivos, de ponerles ciertos par\u00e1metros y miras para que puedan mirarse\u201d. De\nlo llevado a escena, Kl\u00e9ver Viera coment\u00f3 que el p\u00fablico pudo tener un panorama\nde todas las vertientes; pr\u00e1cticamente tienen un elenco de maestras excelentes,\nest\u00e1n disciplinados, con mucho entusiasmo, sus cuerpos son trabajados y dispuestos\na reaccionar y a improvisar\u201d. <\/p>\n\n\n\n<p>A pesar de que la residencia tuvo poco tiempo, el core\u00f3grafo\ny docente indic\u00f3 haber logrado cerrar la cantidad de temas que trabajaron con el\nbolero que los llev\u00f3 al movimiento; \u201cevoca al amor, pero tambi\u00e9n nos pone en sobre\naviso de la muerte. Creo que dieron m\u00e1s de lo que me esperaba. El estar en la\nrepresentaci\u00f3n frente al p\u00fablico enciende sus pasiones sus deseos. Lo que viv\u00ed\nes m\u00e1s de lo que esperaba y hab\u00edamos trabajado\u201d. <\/p>\n\n\n\n<p>El p\u00fablico reaccion\u00f3 bien, se emocion\u00f3 tanto que se mostr\u00f3\ndispuesto, a\u00f1adi\u00f3 Kl\u00e9ver Viera.<\/p>","protected":false},"excerpt":{"rendered":"<p>Los resultados de la residencia Danza y Cotidianidad marcaron el cierre del II Encuentro Esc\u00e9nico Memoria y Actualidad, organizado por la Escuela de Artes Esc\u00e9nicas de la Universidad de las Artes.<\/p>","protected":false},"author":1,"featured_media":5541,"comment_status":"closed","ping_status":"closed","sticky":false,"template":"","format":"standard","meta":{"_acf_changed":false,"_uag_custom_page_level_css":"","_monsterinsights_skip_tracking":false,"_monsterinsights_sitenote_active":false,"_monsterinsights_sitenote_note":"","_monsterinsights_sitenote_category":0,"cybocfi_hide_featured_image":"","footnotes":""},"categories":[82,159,79],"tags":[168],"infouartes":[],"class_list":["post-5540","post","type-post","status-publish","format-standard","has-post-thumbnail","hentry","category-artes","category-artes-escenicas","category-vinculo","tag-encuentro-escenico"],"acf":[],"yoast_head":"<!-- This site is optimized with the Yoast SEO plugin v27.4 - https:\/\/yoast.com\/product\/yoast-seo-wordpress\/ -->\n<title>Universidad de las Artes - Kl\u00e9ver Viera desat\u00f3 emociones al cierre de II Encuentro Esc\u00e9nico<\/title>\n<meta name=\"description\" content=\"Universidad de las Artes - Kl\u00e9ver Viera desat\u00f3 emociones al cierre de II Encuentro Esc\u00e9nico\" \/>\n<meta name=\"robots\" content=\"index, follow, max-snippet:-1, max-image-preview:large, max-video-preview:-1\" \/>\n<link rel=\"canonical\" href=\"https:\/\/www.uartes.edu.ec\/sitio\/en\/blog\/2019\/11\/15\/klever-viera-desato-emociones-al-cierre-de-ii-encuentro-escenico\/\" \/>\n<meta property=\"og:locale\" content=\"en_US\" \/>\n<meta property=\"og:type\" content=\"article\" \/>\n<meta property=\"og:title\" content=\"Universidad de las Artes - Kl\u00e9ver Viera desat\u00f3 emociones al cierre de II Encuentro Esc\u00e9nico\" \/>\n<meta property=\"og:description\" content=\"Universidad de las Artes - Kl\u00e9ver Viera desat\u00f3 emociones al cierre de II Encuentro Esc\u00e9nico\" \/>\n<meta property=\"og:url\" content=\"https:\/\/www.uartes.edu.ec\/sitio\/en\/blog\/2019\/11\/15\/klever-viera-desato-emociones-al-cierre-de-ii-encuentro-escenico\/\" \/>\n<meta property=\"og:site_name\" content=\"Universidad de las Artes\" \/>\n<meta property=\"article:publisher\" content=\"https:\/\/www.facebook.com\/uartesec\" \/>\n<meta property=\"article:published_time\" content=\"2019-11-16T04:06:00+00:00\" \/>\n<meta property=\"article:modified_time\" content=\"2024-07-04T16:49:00+00:00\" \/>\n<meta property=\"og:image\" content=\"https:\/\/www.uartes.edu.ec\/sitio\/wp-content\/uploads\/2019\/12\/KLEVER-VIERA.jpg\" \/>\n\t<meta property=\"og:image:width\" content=\"1130\" \/>\n\t<meta property=\"og:image:height\" content=\"754\" \/>\n\t<meta property=\"og:image:type\" content=\"image\/jpeg\" \/>\n<meta name=\"author\" content=\"Universidad de las Artes\" \/>\n<meta name=\"twitter:card\" content=\"summary_large_image\" \/>\n<meta name=\"twitter:creator\" content=\"@uartesec\" \/>\n<meta name=\"twitter:site\" content=\"@uartesec\" \/>\n<meta name=\"twitter:label1\" content=\"Written by\" \/>\n\t<meta name=\"twitter:data1\" content=\"Universidad de las Artes\" \/>\n\t<meta name=\"twitter:label2\" content=\"Est. reading time\" \/>\n\t<meta name=\"twitter:data2\" content=\"2 minutes\" \/>\n<script type=\"application\/ld+json\" class=\"yoast-schema-graph\">{\"@context\":\"https:\\\/\\\/schema.org\",\"@graph\":[{\"@type\":\"Article\",\"@id\":\"https:\\\/\\\/www.uartes.edu.ec\\\/sitio\\\/en\\\/blog\\\/2019\\\/11\\\/15\\\/klever-viera-desato-emociones-al-cierre-de-ii-encuentro-escenico\\\/#article\",\"isPartOf\":{\"@id\":\"https:\\\/\\\/www.uartes.edu.ec\\\/sitio\\\/en\\\/blog\\\/2019\\\/11\\\/15\\\/klever-viera-desato-emociones-al-cierre-de-ii-encuentro-escenico\\\/\"},\"author\":{\"name\":\"Universidad de las Artes\",\"@id\":\"https:\\\/\\\/www.uartes.edu.ec\\\/sitio\\\/en\\\/#\\\/schema\\\/person\\\/f33f8c1d2af0d5c80a38c8abf458184a\"},\"headline\":\"Kl\u00e9ver Viera desat\u00f3 emociones al cierre de II Encuentro Esc\u00e9nico\",\"datePublished\":\"2019-11-16T04:06:00+00:00\",\"dateModified\":\"2024-07-04T16:49:00+00:00\",\"mainEntityOfPage\":{\"@id\":\"https:\\\/\\\/www.uartes.edu.ec\\\/sitio\\\/en\\\/blog\\\/2019\\\/11\\\/15\\\/klever-viera-desato-emociones-al-cierre-de-ii-encuentro-escenico\\\/\"},\"wordCount\":403,\"publisher\":{\"@id\":\"https:\\\/\\\/www.uartes.edu.ec\\\/sitio\\\/en\\\/#organization\"},\"image\":{\"@id\":\"https:\\\/\\\/www.uartes.edu.ec\\\/sitio\\\/en\\\/blog\\\/2019\\\/11\\\/15\\\/klever-viera-desato-emociones-al-cierre-de-ii-encuentro-escenico\\\/#primaryimage\"},\"thumbnailUrl\":\"https:\\\/\\\/www.uartes.edu.ec\\\/sitio\\\/wp-content\\\/uploads\\\/2019\\\/12\\\/KLEVER-VIERA.jpg\",\"keywords\":[\"encuentro esc\u00e9nico\"],\"articleSection\":[\"Artes\",\"Artes Esc\u00e9nicas\",\"V\u00ednculo\"],\"inLanguage\":\"en-US\"},{\"@type\":[\"WebPage\",\"ItemPage\"],\"@id\":\"https:\\\/\\\/www.uartes.edu.ec\\\/sitio\\\/en\\\/blog\\\/2019\\\/11\\\/15\\\/klever-viera-desato-emociones-al-cierre-de-ii-encuentro-escenico\\\/\",\"url\":\"https:\\\/\\\/www.uartes.edu.ec\\\/sitio\\\/en\\\/blog\\\/2019\\\/11\\\/15\\\/klever-viera-desato-emociones-al-cierre-de-ii-encuentro-escenico\\\/\",\"name\":\"Universidad de las Artes - Kl\u00e9ver Viera desat\u00f3 emociones al cierre de II Encuentro Esc\u00e9nico\",\"isPartOf\":{\"@id\":\"https:\\\/\\\/www.uartes.edu.ec\\\/sitio\\\/en\\\/#website\"},\"primaryImageOfPage\":{\"@id\":\"https:\\\/\\\/www.uartes.edu.ec\\\/sitio\\\/en\\\/blog\\\/2019\\\/11\\\/15\\\/klever-viera-desato-emociones-al-cierre-de-ii-encuentro-escenico\\\/#primaryimage\"},\"image\":{\"@id\":\"https:\\\/\\\/www.uartes.edu.ec\\\/sitio\\\/en\\\/blog\\\/2019\\\/11\\\/15\\\/klever-viera-desato-emociones-al-cierre-de-ii-encuentro-escenico\\\/#primaryimage\"},\"thumbnailUrl\":\"https:\\\/\\\/www.uartes.edu.ec\\\/sitio\\\/wp-content\\\/uploads\\\/2019\\\/12\\\/KLEVER-VIERA.jpg\",\"datePublished\":\"2019-11-16T04:06:00+00:00\",\"dateModified\":\"2024-07-04T16:49:00+00:00\",\"description\":\"Universidad de las Artes - Kl\u00e9ver Viera desat\u00f3 emociones al cierre de II Encuentro Esc\u00e9nico\",\"breadcrumb\":{\"@id\":\"https:\\\/\\\/www.uartes.edu.ec\\\/sitio\\\/en\\\/blog\\\/2019\\\/11\\\/15\\\/klever-viera-desato-emociones-al-cierre-de-ii-encuentro-escenico\\\/#breadcrumb\"},\"inLanguage\":\"en-US\",\"potentialAction\":[{\"@type\":\"ReadAction\",\"target\":[\"https:\\\/\\\/www.uartes.edu.ec\\\/sitio\\\/en\\\/blog\\\/2019\\\/11\\\/15\\\/klever-viera-desato-emociones-al-cierre-de-ii-encuentro-escenico\\\/\"]}]},{\"@type\":\"ImageObject\",\"inLanguage\":\"en-US\",\"@id\":\"https:\\\/\\\/www.uartes.edu.ec\\\/sitio\\\/en\\\/blog\\\/2019\\\/11\\\/15\\\/klever-viera-desato-emociones-al-cierre-de-ii-encuentro-escenico\\\/#primaryimage\",\"url\":\"https:\\\/\\\/www.uartes.edu.ec\\\/sitio\\\/wp-content\\\/uploads\\\/2019\\\/12\\\/KLEVER-VIERA.jpg\",\"contentUrl\":\"https:\\\/\\\/www.uartes.edu.ec\\\/sitio\\\/wp-content\\\/uploads\\\/2019\\\/12\\\/KLEVER-VIERA.jpg\",\"width\":1130,\"height\":754},{\"@type\":\"BreadcrumbList\",\"@id\":\"https:\\\/\\\/www.uartes.edu.ec\\\/sitio\\\/en\\\/blog\\\/2019\\\/11\\\/15\\\/klever-viera-desato-emociones-al-cierre-de-ii-encuentro-escenico\\\/#breadcrumb\",\"itemListElement\":[{\"@type\":\"ListItem\",\"position\":1,\"name\":\"Inicio\",\"item\":\"https:\\\/\\\/www.uartes.edu.ec\\\/sitio\\\/\"},{\"@type\":\"ListItem\",\"position\":2,\"name\":\"Kl\u00e9ver Viera desat\u00f3 emociones al cierre de II Encuentro Esc\u00e9nico\"}]},{\"@type\":\"WebSite\",\"@id\":\"https:\\\/\\\/www.uartes.edu.ec\\\/sitio\\\/en\\\/#website\",\"url\":\"https:\\\/\\\/www.uartes.edu.ec\\\/sitio\\\/en\\\/\",\"name\":\"Universidad de las Artes\",\"description\":\"Sitio oficial de la Universidad Nacional de las Artes del Ecuador\",\"publisher\":{\"@id\":\"https:\\\/\\\/www.uartes.edu.ec\\\/sitio\\\/en\\\/#organization\"},\"potentialAction\":[{\"@type\":\"SearchAction\",\"target\":{\"@type\":\"EntryPoint\",\"urlTemplate\":\"https:\\\/\\\/www.uartes.edu.ec\\\/sitio\\\/en\\\/?s={search_term_string}\"},\"query-input\":{\"@type\":\"PropertyValueSpecification\",\"valueRequired\":true,\"valueName\":\"search_term_string\"}}],\"inLanguage\":\"en-US\"},{\"@type\":\"Organization\",\"@id\":\"https:\\\/\\\/www.uartes.edu.ec\\\/sitio\\\/en\\\/#organization\",\"name\":\"Universidad de las Artes\",\"url\":\"https:\\\/\\\/www.uartes.edu.ec\\\/sitio\\\/en\\\/\",\"logo\":{\"@type\":\"ImageObject\",\"inLanguage\":\"en-US\",\"@id\":\"https:\\\/\\\/www.uartes.edu.ec\\\/sitio\\\/en\\\/#\\\/schema\\\/logo\\\/image\\\/\",\"url\":\"https:\\\/\\\/www.uartes.edu.ec\\\/sitio\\\/wp-content\\\/uploads\\\/2022\\\/07\\\/logo-ua-horizontal.png\",\"contentUrl\":\"https:\\\/\\\/www.uartes.edu.ec\\\/sitio\\\/wp-content\\\/uploads\\\/2022\\\/07\\\/logo-ua-horizontal.png\",\"width\":800,\"height\":276,\"caption\":\"Universidad de las Artes\"},\"image\":{\"@id\":\"https:\\\/\\\/www.uartes.edu.ec\\\/sitio\\\/en\\\/#\\\/schema\\\/logo\\\/image\\\/\"},\"sameAs\":[\"https:\\\/\\\/www.facebook.com\\\/uartesec\",\"https:\\\/\\\/x.com\\\/uartesec\",\"https:\\\/\\\/www.tiktok.com\\\/@uartesec\"]},{\"@type\":\"Person\",\"@id\":\"https:\\\/\\\/www.uartes.edu.ec\\\/sitio\\\/en\\\/#\\\/schema\\\/person\\\/f33f8c1d2af0d5c80a38c8abf458184a\",\"name\":\"Universidad de las Artes\",\"image\":{\"@type\":\"ImageObject\",\"inLanguage\":\"en-US\",\"@id\":\"https:\\\/\\\/secure.gravatar.com\\\/avatar\\\/52e4757902f5cfa5ac52d020e5be83cae5487519154b6c35482fe08d589f3c13?s=96&d=mm&r=g\",\"url\":\"https:\\\/\\\/secure.gravatar.com\\\/avatar\\\/52e4757902f5cfa5ac52d020e5be83cae5487519154b6c35482fe08d589f3c13?s=96&d=mm&r=g\",\"contentUrl\":\"https:\\\/\\\/secure.gravatar.com\\\/avatar\\\/52e4757902f5cfa5ac52d020e5be83cae5487519154b6c35482fe08d589f3c13?s=96&d=mm&r=g\",\"caption\":\"Universidad de las Artes\"},\"url\":\"https:\\\/\\\/www.uartes.edu.ec\\\/sitio\\\/en\\\/blog\\\/author\\\/dircomadm\\\/\"}]}<\/script>\n<!-- \/ Yoast SEO plugin. -->","yoast_head_json":{"title":"Universidad de las Artes - Kl\u00e9ver Viera desat\u00f3 emociones al cierre de II Encuentro Esc\u00e9nico","description":"Universidad de las Artes - Kl\u00e9ver Viera desat\u00f3 emociones al cierre de II Encuentro Esc\u00e9nico","robots":{"index":"index","follow":"follow","max-snippet":"max-snippet:-1","max-image-preview":"max-image-preview:large","max-video-preview":"max-video-preview:-1"},"canonical":"https:\/\/www.uartes.edu.ec\/sitio\/en\/blog\/2019\/11\/15\/klever-viera-desato-emociones-al-cierre-de-ii-encuentro-escenico\/","og_locale":"en_US","og_type":"article","og_title":"Universidad de las Artes - Kl\u00e9ver Viera desat\u00f3 emociones al cierre de II Encuentro Esc\u00e9nico","og_description":"Universidad de las Artes - Kl\u00e9ver Viera desat\u00f3 emociones al cierre de II Encuentro Esc\u00e9nico","og_url":"https:\/\/www.uartes.edu.ec\/sitio\/en\/blog\/2019\/11\/15\/klever-viera-desato-emociones-al-cierre-de-ii-encuentro-escenico\/","og_site_name":"Universidad de las Artes","article_publisher":"https:\/\/www.facebook.com\/uartesec","article_published_time":"2019-11-16T04:06:00+00:00","article_modified_time":"2024-07-04T16:49:00+00:00","og_image":[{"width":1130,"height":754,"url":"https:\/\/www.uartes.edu.ec\/sitio\/wp-content\/uploads\/2019\/12\/KLEVER-VIERA.jpg","type":"image\/jpeg"}],"author":"Universidad de las Artes","twitter_card":"summary_large_image","twitter_creator":"@uartesec","twitter_site":"@uartesec","twitter_misc":{"Written by":"Universidad de las Artes","Est. reading time":"2 minutes"},"schema":{"@context":"https:\/\/schema.org","@graph":[{"@type":"Article","@id":"https:\/\/www.uartes.edu.ec\/sitio\/en\/blog\/2019\/11\/15\/klever-viera-desato-emociones-al-cierre-de-ii-encuentro-escenico\/#article","isPartOf":{"@id":"https:\/\/www.uartes.edu.ec\/sitio\/en\/blog\/2019\/11\/15\/klever-viera-desato-emociones-al-cierre-de-ii-encuentro-escenico\/"},"author":{"name":"Universidad de las Artes","@id":"https:\/\/www.uartes.edu.ec\/sitio\/en\/#\/schema\/person\/f33f8c1d2af0d5c80a38c8abf458184a"},"headline":"Kl\u00e9ver Viera desat\u00f3 emociones al cierre de II Encuentro Esc\u00e9nico","datePublished":"2019-11-16T04:06:00+00:00","dateModified":"2024-07-04T16:49:00+00:00","mainEntityOfPage":{"@id":"https:\/\/www.uartes.edu.ec\/sitio\/en\/blog\/2019\/11\/15\/klever-viera-desato-emociones-al-cierre-de-ii-encuentro-escenico\/"},"wordCount":403,"publisher":{"@id":"https:\/\/www.uartes.edu.ec\/sitio\/en\/#organization"},"image":{"@id":"https:\/\/www.uartes.edu.ec\/sitio\/en\/blog\/2019\/11\/15\/klever-viera-desato-emociones-al-cierre-de-ii-encuentro-escenico\/#primaryimage"},"thumbnailUrl":"https:\/\/www.uartes.edu.ec\/sitio\/wp-content\/uploads\/2019\/12\/KLEVER-VIERA.jpg","keywords":["encuentro esc\u00e9nico"],"articleSection":["Artes","Artes Esc\u00e9nicas","V\u00ednculo"],"inLanguage":"en-US"},{"@type":["WebPage","ItemPage"],"@id":"https:\/\/www.uartes.edu.ec\/sitio\/en\/blog\/2019\/11\/15\/klever-viera-desato-emociones-al-cierre-de-ii-encuentro-escenico\/","url":"https:\/\/www.uartes.edu.ec\/sitio\/en\/blog\/2019\/11\/15\/klever-viera-desato-emociones-al-cierre-de-ii-encuentro-escenico\/","name":"Universidad de las Artes - Kl\u00e9ver Viera desat\u00f3 emociones al cierre de II Encuentro Esc\u00e9nico","isPartOf":{"@id":"https:\/\/www.uartes.edu.ec\/sitio\/en\/#website"},"primaryImageOfPage":{"@id":"https:\/\/www.uartes.edu.ec\/sitio\/en\/blog\/2019\/11\/15\/klever-viera-desato-emociones-al-cierre-de-ii-encuentro-escenico\/#primaryimage"},"image":{"@id":"https:\/\/www.uartes.edu.ec\/sitio\/en\/blog\/2019\/11\/15\/klever-viera-desato-emociones-al-cierre-de-ii-encuentro-escenico\/#primaryimage"},"thumbnailUrl":"https:\/\/www.uartes.edu.ec\/sitio\/wp-content\/uploads\/2019\/12\/KLEVER-VIERA.jpg","datePublished":"2019-11-16T04:06:00+00:00","dateModified":"2024-07-04T16:49:00+00:00","description":"Universidad de las Artes - Kl\u00e9ver Viera desat\u00f3 emociones al cierre de II Encuentro Esc\u00e9nico","breadcrumb":{"@id":"https:\/\/www.uartes.edu.ec\/sitio\/en\/blog\/2019\/11\/15\/klever-viera-desato-emociones-al-cierre-de-ii-encuentro-escenico\/#breadcrumb"},"inLanguage":"en-US","potentialAction":[{"@type":"ReadAction","target":["https:\/\/www.uartes.edu.ec\/sitio\/en\/blog\/2019\/11\/15\/klever-viera-desato-emociones-al-cierre-de-ii-encuentro-escenico\/"]}]},{"@type":"ImageObject","inLanguage":"en-US","@id":"https:\/\/www.uartes.edu.ec\/sitio\/en\/blog\/2019\/11\/15\/klever-viera-desato-emociones-al-cierre-de-ii-encuentro-escenico\/#primaryimage","url":"https:\/\/www.uartes.edu.ec\/sitio\/wp-content\/uploads\/2019\/12\/KLEVER-VIERA.jpg","contentUrl":"https:\/\/www.uartes.edu.ec\/sitio\/wp-content\/uploads\/2019\/12\/KLEVER-VIERA.jpg","width":1130,"height":754},{"@type":"BreadcrumbList","@id":"https:\/\/www.uartes.edu.ec\/sitio\/en\/blog\/2019\/11\/15\/klever-viera-desato-emociones-al-cierre-de-ii-encuentro-escenico\/#breadcrumb","itemListElement":[{"@type":"ListItem","position":1,"name":"Inicio","item":"https:\/\/www.uartes.edu.ec\/sitio\/"},{"@type":"ListItem","position":2,"name":"Kl\u00e9ver Viera desat\u00f3 emociones al cierre de II Encuentro Esc\u00e9nico"}]},{"@type":"WebSite","@id":"https:\/\/www.uartes.edu.ec\/sitio\/en\/#website","url":"https:\/\/www.uartes.edu.ec\/sitio\/en\/","name":"Universidad de las Artes","description":"Sitio oficial de la Universidad Nacional de las Artes del Ecuador","publisher":{"@id":"https:\/\/www.uartes.edu.ec\/sitio\/en\/#organization"},"potentialAction":[{"@type":"SearchAction","target":{"@type":"EntryPoint","urlTemplate":"https:\/\/www.uartes.edu.ec\/sitio\/en\/?s={search_term_string}"},"query-input":{"@type":"PropertyValueSpecification","valueRequired":true,"valueName":"search_term_string"}}],"inLanguage":"en-US"},{"@type":"Organization","@id":"https:\/\/www.uartes.edu.ec\/sitio\/en\/#organization","name":"Universidad de las Artes","url":"https:\/\/www.uartes.edu.ec\/sitio\/en\/","logo":{"@type":"ImageObject","inLanguage":"en-US","@id":"https:\/\/www.uartes.edu.ec\/sitio\/en\/#\/schema\/logo\/image\/","url":"https:\/\/www.uartes.edu.ec\/sitio\/wp-content\/uploads\/2022\/07\/logo-ua-horizontal.png","contentUrl":"https:\/\/www.uartes.edu.ec\/sitio\/wp-content\/uploads\/2022\/07\/logo-ua-horizontal.png","width":800,"height":276,"caption":"Universidad de las Artes"},"image":{"@id":"https:\/\/www.uartes.edu.ec\/sitio\/en\/#\/schema\/logo\/image\/"},"sameAs":["https:\/\/www.facebook.com\/uartesec","https:\/\/x.com\/uartesec","https:\/\/www.tiktok.com\/@uartesec"]},{"@type":"Person","@id":"https:\/\/www.uartes.edu.ec\/sitio\/en\/#\/schema\/person\/f33f8c1d2af0d5c80a38c8abf458184a","name":"Universidad de las Artes","image":{"@type":"ImageObject","inLanguage":"en-US","@id":"https:\/\/secure.gravatar.com\/avatar\/52e4757902f5cfa5ac52d020e5be83cae5487519154b6c35482fe08d589f3c13?s=96&d=mm&r=g","url":"https:\/\/secure.gravatar.com\/avatar\/52e4757902f5cfa5ac52d020e5be83cae5487519154b6c35482fe08d589f3c13?s=96&d=mm&r=g","contentUrl":"https:\/\/secure.gravatar.com\/avatar\/52e4757902f5cfa5ac52d020e5be83cae5487519154b6c35482fe08d589f3c13?s=96&d=mm&r=g","caption":"Universidad de las Artes"},"url":"https:\/\/www.uartes.edu.ec\/sitio\/en\/blog\/author\/dircomadm\/"}]}},"uagb_featured_image_src":{"full":["https:\/\/www.uartes.edu.ec\/sitio\/wp-content\/uploads\/2019\/12\/KLEVER-VIERA.jpg",1130,754,false],"thumbnail":["https:\/\/www.uartes.edu.ec\/sitio\/wp-content\/uploads\/2019\/12\/KLEVER-VIERA.jpg",150,100,false],"medium":["https:\/\/www.uartes.edu.ec\/sitio\/wp-content\/uploads\/2019\/12\/KLEVER-VIERA.jpg",300,200,false],"medium_large":["https:\/\/www.uartes.edu.ec\/sitio\/wp-content\/uploads\/2019\/12\/KLEVER-VIERA.jpg",768,512,false],"large":["https:\/\/www.uartes.edu.ec\/sitio\/wp-content\/uploads\/2019\/12\/KLEVER-VIERA.jpg",644,430,false],"1536x1536":["https:\/\/www.uartes.edu.ec\/sitio\/wp-content\/uploads\/2019\/12\/KLEVER-VIERA.jpg",1130,754,false],"2048x2048":["https:\/\/www.uartes.edu.ec\/sitio\/wp-content\/uploads\/2019\/12\/KLEVER-VIERA.jpg",1130,754,false],"trp-custom-language-flag":["https:\/\/www.uartes.edu.ec\/sitio\/wp-content\/uploads\/2019\/12\/KLEVER-VIERA.jpg",18,12,false],"htmega_size_585x295":["https:\/\/www.uartes.edu.ec\/sitio\/wp-content\/uploads\/2019\/12\/KLEVER-VIERA.jpg",442,295,false],"htmega_size_1170x536":["https:\/\/www.uartes.edu.ec\/sitio\/wp-content\/uploads\/2019\/12\/KLEVER-VIERA.jpg",803,536,false],"htmega_size_396x360":["https:\/\/www.uartes.edu.ec\/sitio\/wp-content\/uploads\/2019\/12\/KLEVER-VIERA.jpg",396,264,false],"gb-block-post-grid-landscape":["https:\/\/www.uartes.edu.ec\/sitio\/wp-content\/uploads\/2019\/12\/KLEVER-VIERA.jpg",600,400,false],"gb-block-post-grid-square":["https:\/\/www.uartes.edu.ec\/sitio\/wp-content\/uploads\/2019\/12\/KLEVER-VIERA.jpg",600,400,false],"university-hub-thumb":["https:\/\/www.uartes.edu.ec\/sitio\/wp-content\/uploads\/2019\/12\/KLEVER-VIERA.jpg",400,267,false],"mailpoet_newsletter_max":["https:\/\/www.uartes.edu.ec\/sitio\/wp-content\/uploads\/2019\/12\/KLEVER-VIERA.jpg",1130,754,false]},"uagb_author_info":{"display_name":"Universidad de las Artes","author_link":"https:\/\/www.uartes.edu.ec\/sitio\/en\/blog\/author\/dircomadm\/"},"uagb_comment_info":0,"uagb_excerpt":"Los resultados de la residencia Danza y Cotidianidad marcaron el cierre del II Encuentro Esc\u00e9nico Memoria y Actualidad, organizado por la Escuela de Artes Esc\u00e9nicas de la Universidad de las Artes.","featured_image_src":"https:\/\/www.uartes.edu.ec\/sitio\/wp-content\/uploads\/2019\/12\/KLEVER-VIERA.jpg","featured_image_src_square":"https:\/\/www.uartes.edu.ec\/sitio\/wp-content\/uploads\/2019\/12\/KLEVER-VIERA.jpg","author_info":{"display_name":"Universidad de las Artes","author_link":"https:\/\/www.uartes.edu.ec\/sitio\/en\/blog\/author\/dircomadm\/"},"publishpress_future_workflow_manual_trigger":{"enabledWorkflows":[]},"distributor_meta":false,"distributor_terms":false,"distributor_media":false,"distributor_original_site_name":"Universidad de las Artes","distributor_original_site_url":"https:\/\/www.uartes.edu.ec\/sitio\/en","push-errors":false,"_links":{"self":[{"href":"https:\/\/www.uartes.edu.ec\/sitio\/en\/wp-json\/wp\/v2\/posts\/5540","targetHints":{"allow":["GET"]}}],"collection":[{"href":"https:\/\/www.uartes.edu.ec\/sitio\/en\/wp-json\/wp\/v2\/posts"}],"about":[{"href":"https:\/\/www.uartes.edu.ec\/sitio\/en\/wp-json\/wp\/v2\/types\/post"}],"author":[{"embeddable":true,"href":"https:\/\/www.uartes.edu.ec\/sitio\/en\/wp-json\/wp\/v2\/users\/1"}],"replies":[{"embeddable":true,"href":"https:\/\/www.uartes.edu.ec\/sitio\/en\/wp-json\/wp\/v2\/comments?post=5540"}],"version-history":[{"count":1,"href":"https:\/\/www.uartes.edu.ec\/sitio\/en\/wp-json\/wp\/v2\/posts\/5540\/revisions"}],"predecessor-version":[{"id":5542,"href":"https:\/\/www.uartes.edu.ec\/sitio\/en\/wp-json\/wp\/v2\/posts\/5540\/revisions\/5542"}],"wp:featuredmedia":[{"embeddable":true,"href":"https:\/\/www.uartes.edu.ec\/sitio\/en\/wp-json\/wp\/v2\/media\/5541"}],"wp:attachment":[{"href":"https:\/\/www.uartes.edu.ec\/sitio\/en\/wp-json\/wp\/v2\/media?parent=5540"}],"wp:term":[{"taxonomy":"category","embeddable":true,"href":"https:\/\/www.uartes.edu.ec\/sitio\/en\/wp-json\/wp\/v2\/categories?post=5540"},{"taxonomy":"post_tag","embeddable":true,"href":"https:\/\/www.uartes.edu.ec\/sitio\/en\/wp-json\/wp\/v2\/tags?post=5540"},{"taxonomy":"infouartes","embeddable":true,"href":"https:\/\/www.uartes.edu.ec\/sitio\/en\/wp-json\/wp\/v2\/infouartes?post=5540"}],"curies":[{"name":"wp","href":"https:\/\/api.w.org\/{rel}","templated":true}]}}