{"id":55845,"date":"2024-06-14T17:25:53","date_gmt":"2024-06-14T22:25:53","guid":{"rendered":"https:\/\/www.uartes.edu.ec\/sitio\/?p=55845"},"modified":"2024-07-04T11:18:47","modified_gmt":"2024-07-04T16:18:47","slug":"dialogo-entre-autoridades-uartes-y-ministra-de-cultura-y-patrimonio-por-acciones-conjuntas","status":"publish","type":"post","link":"https:\/\/www.uartes.edu.ec\/sitio\/en\/blog\/2024\/06\/14\/dialogo-entre-autoridades-uartes-y-ministra-de-cultura-y-patrimonio-por-acciones-conjuntas\/","title":{"rendered":"Ministra de Cultura visita la UArtes y dialoga con autoridades por acciones vinculadas a la educaci\u00f3n superior"},"content":{"rendered":"<p>La Universidad de las Artes y el Ministerio de Cultura y Patrimonio mantienen un convenio marco de cooperaci\u00f3n interinstitucional y en una reciente visita que la titular de esa cartera de Estado, Romina Mu\u00f1oz, hizo a nuestras instalaciones se dialog\u00f3 acerca de nuevas alianzas para acciones conjuntas vinculadas a la educaci\u00f3n superior.<\/p>\n\n\n\n<p>La ministra Mu\u00f1oz y su equipo de trabajo llegaron a la UArtes el martes 11 de junio. Fueron recibidos en el MZ14 Centro de Producci\u00f3n e Innovaci\u00f3n por el rector William Herrera, la vicerrectora Olga L\u00f3pez y el director de la Escuela de Posgrados, Cristian Villavicencio, por cuya gesti\u00f3n fue posible la visita de la secretaria de Estado. En el di\u00e1logo mantenido se trat\u00f3, entre otros puntos, de la posibilidad de fomentar la formaci\u00f3n de cuarto nivel en funcionarios del Ministerio de Cultura y Patrimonio y miembros del RUAC (Registro \u00danico de Artistas y Gestores Culturales).<\/p>\n\n\n\n<p>Se habl\u00f3 tambi\u00e9n de posibles investigaciones conjuntas y de una participaci\u00f3n m\u00e1s activa de la UArtes en los espacios del MCyP, como el Museo Antropol\u00f3gico y de Arte Contempor\u00e1neo (MAAC), donde si bien contamos con aulas se plante\u00f3 la posibilidad de realizar programaciones culturales conjuntas con estudiantes y graduados de pre y posgrado.<\/p>\n\n\n\n<p><\/p>","protected":false},"excerpt":{"rendered":"<p>La Universidad de las Artes y el Ministerio de Cultura y Patrimonio mantienen un convenio de cooperaci\u00f3n interinstitucional y en una reciente visita de su titular, Romina Mu\u00f1oz, a nuestras instalaciones se dialog\u00f3 acerca de nuevas alianzas para acciones conjuntas vinculadas a la educaci\u00f3n superior. Fue recibida en el MZ14 por el rector William Herrera, la vicerrectora Olga L\u00f3pez y el director de la Escuela de Posgrados, Cristian Villavicencio.<\/p>","protected":false},"author":10,"featured_media":55846,"comment_status":"open","ping_status":"open","sticky":false,"template":"","format":"standard","meta":{"_acf_changed":false,"_uag_custom_page_level_css":"","_monsterinsights_skip_tracking":false,"_monsterinsights_sitenote_active":false,"_monsterinsights_sitenote_note":"","_monsterinsights_sitenote_category":0,"cybocfi_hide_featured_image":"","footnotes":""},"categories":[77,84],"tags":[281,110],"infouartes":[],"class_list":["post-55845","post","type-post","status-publish","format-standard","has-post-thumbnail","hentry","category-gestion","category-rectorado","tag-interinstitucional","tag-maestrias"],"acf":[],"yoast_head":"<!-- This site is optimized with the Yoast SEO plugin v27.4 - https:\/\/yoast.com\/product\/yoast-seo-wordpress\/ -->\n<title>Universidad de las Artes - Ministra de Cultura visita la UArtes y dialoga con autoridades por acciones vinculadas a la educaci\u00f3n superior<\/title>\n<meta name=\"description\" content=\"Universidad de las Artes - Ministra de Cultura visita la UArtes y dialoga con autoridades por acciones vinculadas a la educaci\u00f3n superior\" \/>\n<meta name=\"robots\" content=\"index, follow, max-snippet:-1, max-image-preview:large, max-video-preview:-1\" \/>\n<link rel=\"canonical\" href=\"https:\/\/www.uartes.edu.ec\/sitio\/en\/blog\/2024\/06\/14\/dialogo-entre-autoridades-uartes-y-ministra-de-cultura-y-patrimonio-por-acciones-conjuntas\/\" \/>\n<meta property=\"og:locale\" content=\"en_US\" \/>\n<meta property=\"og:type\" content=\"article\" \/>\n<meta property=\"og:title\" content=\"Universidad de las Artes - Ministra de Cultura visita la UArtes y dialoga con autoridades por acciones vinculadas a la educaci\u00f3n superior\" \/>\n<meta property=\"og:description\" content=\"Universidad de las Artes - Ministra de Cultura visita la UArtes y dialoga con autoridades por acciones vinculadas a la educaci\u00f3n superior\" \/>\n<meta property=\"og:url\" content=\"https:\/\/www.uartes.edu.ec\/sitio\/en\/blog\/2024\/06\/14\/dialogo-entre-autoridades-uartes-y-ministra-de-cultura-y-patrimonio-por-acciones-conjuntas\/\" \/>\n<meta property=\"og:site_name\" content=\"Universidad de las Artes\" \/>\n<meta property=\"article:publisher\" content=\"https:\/\/www.facebook.com\/uartesec\" \/>\n<meta property=\"article:published_time\" content=\"2024-06-14T22:25:53+00:00\" \/>\n<meta property=\"article:modified_time\" content=\"2024-07-04T16:18:47+00:00\" \/>\n<meta property=\"og:image\" content=\"https:\/\/www.uartes.edu.ec\/sitio\/wp-content\/uploads\/2024\/06\/VISITA-MINISTRA-DE-CULTURA-UARTES-02.jpg\" \/>\n\t<meta property=\"og:image:width\" content=\"2000\" \/>\n\t<meta property=\"og:image:height\" content=\"1333\" \/>\n\t<meta property=\"og:image:type\" content=\"image\/jpeg\" \/>\n<meta name=\"author\" content=\"ccortez\" \/>\n<meta name=\"twitter:card\" content=\"summary_large_image\" \/>\n<meta name=\"twitter:creator\" content=\"@uartesec\" \/>\n<meta name=\"twitter:site\" content=\"@uartesec\" \/>\n<meta name=\"twitter:label1\" content=\"Written by\" \/>\n\t<meta name=\"twitter:data1\" content=\"ccortez\" \/>\n\t<meta name=\"twitter:label2\" content=\"Est. reading time\" \/>\n\t<meta name=\"twitter:data2\" content=\"2 minutes\" \/>\n<script type=\"application\/ld+json\" class=\"yoast-schema-graph\">{\"@context\":\"https:\\\/\\\/schema.org\",\"@graph\":[{\"@type\":\"Article\",\"@id\":\"https:\\\/\\\/www.uartes.edu.ec\\\/sitio\\\/en\\\/blog\\\/2024\\\/06\\\/14\\\/dialogo-entre-autoridades-uartes-y-ministra-de-cultura-y-patrimonio-por-acciones-conjuntas\\\/#article\",\"isPartOf\":{\"@id\":\"https:\\\/\\\/www.uartes.edu.ec\\\/sitio\\\/en\\\/blog\\\/2024\\\/06\\\/14\\\/dialogo-entre-autoridades-uartes-y-ministra-de-cultura-y-patrimonio-por-acciones-conjuntas\\\/\"},\"author\":{\"name\":\"ccortez\",\"@id\":\"https:\\\/\\\/www.uartes.edu.ec\\\/sitio\\\/en\\\/#\\\/schema\\\/person\\\/efa1b8275797664fd7f13a79ccc0b1f4\"},\"headline\":\"Ministra de Cultura visita la UArtes y dialoga con autoridades por acciones vinculadas a la educaci\u00f3n superior\",\"datePublished\":\"2024-06-14T22:25:53+00:00\",\"dateModified\":\"2024-07-04T16:18:47+00:00\",\"mainEntityOfPage\":{\"@id\":\"https:\\\/\\\/www.uartes.edu.ec\\\/sitio\\\/en\\\/blog\\\/2024\\\/06\\\/14\\\/dialogo-entre-autoridades-uartes-y-ministra-de-cultura-y-patrimonio-por-acciones-conjuntas\\\/\"},\"wordCount\":233,\"commentCount\":0,\"publisher\":{\"@id\":\"https:\\\/\\\/www.uartes.edu.ec\\\/sitio\\\/en\\\/#organization\"},\"image\":{\"@id\":\"https:\\\/\\\/www.uartes.edu.ec\\\/sitio\\\/en\\\/blog\\\/2024\\\/06\\\/14\\\/dialogo-entre-autoridades-uartes-y-ministra-de-cultura-y-patrimonio-por-acciones-conjuntas\\\/#primaryimage\"},\"thumbnailUrl\":\"https:\\\/\\\/www.uartes.edu.ec\\\/sitio\\\/wp-content\\\/uploads\\\/2024\\\/06\\\/VISITA-MINISTRA-DE-CULTURA-UARTES-02.jpg\",\"keywords\":[\"interinstitucional\",\"maestr\u00edas\"],\"articleSection\":[\"Gesti\u00f3n\",\"Rectorado\"],\"inLanguage\":\"en-US\",\"potentialAction\":[{\"@type\":\"CommentAction\",\"name\":\"Comment\",\"target\":[\"https:\\\/\\\/www.uartes.edu.ec\\\/sitio\\\/en\\\/blog\\\/2024\\\/06\\\/14\\\/dialogo-entre-autoridades-uartes-y-ministra-de-cultura-y-patrimonio-por-acciones-conjuntas\\\/#respond\"]}]},{\"@type\":[\"WebPage\",\"ItemPage\"],\"@id\":\"https:\\\/\\\/www.uartes.edu.ec\\\/sitio\\\/en\\\/blog\\\/2024\\\/06\\\/14\\\/dialogo-entre-autoridades-uartes-y-ministra-de-cultura-y-patrimonio-por-acciones-conjuntas\\\/\",\"url\":\"https:\\\/\\\/www.uartes.edu.ec\\\/sitio\\\/en\\\/blog\\\/2024\\\/06\\\/14\\\/dialogo-entre-autoridades-uartes-y-ministra-de-cultura-y-patrimonio-por-acciones-conjuntas\\\/\",\"name\":\"Universidad de las Artes - Ministra de Cultura visita la UArtes y dialoga con autoridades por acciones vinculadas a la educaci\u00f3n superior\",\"isPartOf\":{\"@id\":\"https:\\\/\\\/www.uartes.edu.ec\\\/sitio\\\/en\\\/#website\"},\"primaryImageOfPage\":{\"@id\":\"https:\\\/\\\/www.uartes.edu.ec\\\/sitio\\\/en\\\/blog\\\/2024\\\/06\\\/14\\\/dialogo-entre-autoridades-uartes-y-ministra-de-cultura-y-patrimonio-por-acciones-conjuntas\\\/#primaryimage\"},\"image\":{\"@id\":\"https:\\\/\\\/www.uartes.edu.ec\\\/sitio\\\/en\\\/blog\\\/2024\\\/06\\\/14\\\/dialogo-entre-autoridades-uartes-y-ministra-de-cultura-y-patrimonio-por-acciones-conjuntas\\\/#primaryimage\"},\"thumbnailUrl\":\"https:\\\/\\\/www.uartes.edu.ec\\\/sitio\\\/wp-content\\\/uploads\\\/2024\\\/06\\\/VISITA-MINISTRA-DE-CULTURA-UARTES-02.jpg\",\"datePublished\":\"2024-06-14T22:25:53+00:00\",\"dateModified\":\"2024-07-04T16:18:47+00:00\",\"description\":\"Universidad de las Artes - Ministra de Cultura visita la UArtes y dialoga con autoridades por acciones vinculadas a la educaci\u00f3n superior\",\"breadcrumb\":{\"@id\":\"https:\\\/\\\/www.uartes.edu.ec\\\/sitio\\\/en\\\/blog\\\/2024\\\/06\\\/14\\\/dialogo-entre-autoridades-uartes-y-ministra-de-cultura-y-patrimonio-por-acciones-conjuntas\\\/#breadcrumb\"},\"inLanguage\":\"en-US\",\"potentialAction\":[{\"@type\":\"ReadAction\",\"target\":[\"https:\\\/\\\/www.uartes.edu.ec\\\/sitio\\\/en\\\/blog\\\/2024\\\/06\\\/14\\\/dialogo-entre-autoridades-uartes-y-ministra-de-cultura-y-patrimonio-por-acciones-conjuntas\\\/\"]}]},{\"@type\":\"ImageObject\",\"inLanguage\":\"en-US\",\"@id\":\"https:\\\/\\\/www.uartes.edu.ec\\\/sitio\\\/en\\\/blog\\\/2024\\\/06\\\/14\\\/dialogo-entre-autoridades-uartes-y-ministra-de-cultura-y-patrimonio-por-acciones-conjuntas\\\/#primaryimage\",\"url\":\"https:\\\/\\\/www.uartes.edu.ec\\\/sitio\\\/wp-content\\\/uploads\\\/2024\\\/06\\\/VISITA-MINISTRA-DE-CULTURA-UARTES-02.jpg\",\"contentUrl\":\"https:\\\/\\\/www.uartes.edu.ec\\\/sitio\\\/wp-content\\\/uploads\\\/2024\\\/06\\\/VISITA-MINISTRA-DE-CULTURA-UARTES-02.jpg\",\"width\":2000,\"height\":1333},{\"@type\":\"BreadcrumbList\",\"@id\":\"https:\\\/\\\/www.uartes.edu.ec\\\/sitio\\\/en\\\/blog\\\/2024\\\/06\\\/14\\\/dialogo-entre-autoridades-uartes-y-ministra-de-cultura-y-patrimonio-por-acciones-conjuntas\\\/#breadcrumb\",\"itemListElement\":[{\"@type\":\"ListItem\",\"position\":1,\"name\":\"Inicio\",\"item\":\"https:\\\/\\\/www.uartes.edu.ec\\\/sitio\\\/\"},{\"@type\":\"ListItem\",\"position\":2,\"name\":\"Ministra de Cultura visita la UArtes y dialoga con autoridades por acciones vinculadas a la educaci\u00f3n superior\"}]},{\"@type\":\"WebSite\",\"@id\":\"https:\\\/\\\/www.uartes.edu.ec\\\/sitio\\\/en\\\/#website\",\"url\":\"https:\\\/\\\/www.uartes.edu.ec\\\/sitio\\\/en\\\/\",\"name\":\"Universidad de las Artes\",\"description\":\"Sitio oficial de la Universidad Nacional de las Artes del Ecuador\",\"publisher\":{\"@id\":\"https:\\\/\\\/www.uartes.edu.ec\\\/sitio\\\/en\\\/#organization\"},\"potentialAction\":[{\"@type\":\"SearchAction\",\"target\":{\"@type\":\"EntryPoint\",\"urlTemplate\":\"https:\\\/\\\/www.uartes.edu.ec\\\/sitio\\\/en\\\/?s={search_term_string}\"},\"query-input\":{\"@type\":\"PropertyValueSpecification\",\"valueRequired\":true,\"valueName\":\"search_term_string\"}}],\"inLanguage\":\"en-US\"},{\"@type\":\"Organization\",\"@id\":\"https:\\\/\\\/www.uartes.edu.ec\\\/sitio\\\/en\\\/#organization\",\"name\":\"Universidad de las Artes\",\"url\":\"https:\\\/\\\/www.uartes.edu.ec\\\/sitio\\\/en\\\/\",\"logo\":{\"@type\":\"ImageObject\",\"inLanguage\":\"en-US\",\"@id\":\"https:\\\/\\\/www.uartes.edu.ec\\\/sitio\\\/en\\\/#\\\/schema\\\/logo\\\/image\\\/\",\"url\":\"https:\\\/\\\/www.uartes.edu.ec\\\/sitio\\\/wp-content\\\/uploads\\\/2022\\\/07\\\/logo-ua-horizontal.png\",\"contentUrl\":\"https:\\\/\\\/www.uartes.edu.ec\\\/sitio\\\/wp-content\\\/uploads\\\/2022\\\/07\\\/logo-ua-horizontal.png\",\"width\":800,\"height\":276,\"caption\":\"Universidad de las Artes\"},\"image\":{\"@id\":\"https:\\\/\\\/www.uartes.edu.ec\\\/sitio\\\/en\\\/#\\\/schema\\\/logo\\\/image\\\/\"},\"sameAs\":[\"https:\\\/\\\/www.facebook.com\\\/uartesec\",\"https:\\\/\\\/x.com\\\/uartesec\",\"https:\\\/\\\/www.tiktok.com\\\/@uartesec\"]},{\"@type\":\"Person\",\"@id\":\"https:\\\/\\\/www.uartes.edu.ec\\\/sitio\\\/en\\\/#\\\/schema\\\/person\\\/efa1b8275797664fd7f13a79ccc0b1f4\",\"name\":\"ccortez\",\"image\":{\"@type\":\"ImageObject\",\"inLanguage\":\"en-US\",\"@id\":\"https:\\\/\\\/secure.gravatar.com\\\/avatar\\\/b2a6f664a3ae8e074346ef91775736c5ec479e637ecced6842de9dc98b5da9cd?s=96&d=mm&r=g\",\"url\":\"https:\\\/\\\/secure.gravatar.com\\\/avatar\\\/b2a6f664a3ae8e074346ef91775736c5ec479e637ecced6842de9dc98b5da9cd?s=96&d=mm&r=g\",\"contentUrl\":\"https:\\\/\\\/secure.gravatar.com\\\/avatar\\\/b2a6f664a3ae8e074346ef91775736c5ec479e637ecced6842de9dc98b5da9cd?s=96&d=mm&r=g\",\"caption\":\"ccortez\"},\"url\":\"https:\\\/\\\/www.uartes.edu.ec\\\/sitio\\\/en\\\/blog\\\/author\\\/ccortez\\\/\"}]}<\/script>\n<!-- \/ Yoast SEO plugin. -->","yoast_head_json":{"title":"Universidad de las Artes - Ministra de Cultura visita la UArtes y dialoga con autoridades por acciones vinculadas a la educaci\u00f3n superior","description":"Universidad de las Artes - Ministra de Cultura visita la UArtes y dialoga con autoridades por acciones vinculadas a la educaci\u00f3n superior","robots":{"index":"index","follow":"follow","max-snippet":"max-snippet:-1","max-image-preview":"max-image-preview:large","max-video-preview":"max-video-preview:-1"},"canonical":"https:\/\/www.uartes.edu.ec\/sitio\/en\/blog\/2024\/06\/14\/dialogo-entre-autoridades-uartes-y-ministra-de-cultura-y-patrimonio-por-acciones-conjuntas\/","og_locale":"en_US","og_type":"article","og_title":"Universidad de las Artes - Ministra de Cultura visita la UArtes y dialoga con autoridades por acciones vinculadas a la educaci\u00f3n superior","og_description":"Universidad de las Artes - Ministra de Cultura visita la UArtes y dialoga con autoridades por acciones vinculadas a la educaci\u00f3n superior","og_url":"https:\/\/www.uartes.edu.ec\/sitio\/en\/blog\/2024\/06\/14\/dialogo-entre-autoridades-uartes-y-ministra-de-cultura-y-patrimonio-por-acciones-conjuntas\/","og_site_name":"Universidad de las Artes","article_publisher":"https:\/\/www.facebook.com\/uartesec","article_published_time":"2024-06-14T22:25:53+00:00","article_modified_time":"2024-07-04T16:18:47+00:00","og_image":[{"width":2000,"height":1333,"url":"https:\/\/www.uartes.edu.ec\/sitio\/wp-content\/uploads\/2024\/06\/VISITA-MINISTRA-DE-CULTURA-UARTES-02.jpg","type":"image\/jpeg"}],"author":"ccortez","twitter_card":"summary_large_image","twitter_creator":"@uartesec","twitter_site":"@uartesec","twitter_misc":{"Written by":"ccortez","Est. reading time":"2 minutes"},"schema":{"@context":"https:\/\/schema.org","@graph":[{"@type":"Article","@id":"https:\/\/www.uartes.edu.ec\/sitio\/en\/blog\/2024\/06\/14\/dialogo-entre-autoridades-uartes-y-ministra-de-cultura-y-patrimonio-por-acciones-conjuntas\/#article","isPartOf":{"@id":"https:\/\/www.uartes.edu.ec\/sitio\/en\/blog\/2024\/06\/14\/dialogo-entre-autoridades-uartes-y-ministra-de-cultura-y-patrimonio-por-acciones-conjuntas\/"},"author":{"name":"ccortez","@id":"https:\/\/www.uartes.edu.ec\/sitio\/en\/#\/schema\/person\/efa1b8275797664fd7f13a79ccc0b1f4"},"headline":"Ministra de Cultura visita la UArtes y dialoga con autoridades por acciones vinculadas a la educaci\u00f3n superior","datePublished":"2024-06-14T22:25:53+00:00","dateModified":"2024-07-04T16:18:47+00:00","mainEntityOfPage":{"@id":"https:\/\/www.uartes.edu.ec\/sitio\/en\/blog\/2024\/06\/14\/dialogo-entre-autoridades-uartes-y-ministra-de-cultura-y-patrimonio-por-acciones-conjuntas\/"},"wordCount":233,"commentCount":0,"publisher":{"@id":"https:\/\/www.uartes.edu.ec\/sitio\/en\/#organization"},"image":{"@id":"https:\/\/www.uartes.edu.ec\/sitio\/en\/blog\/2024\/06\/14\/dialogo-entre-autoridades-uartes-y-ministra-de-cultura-y-patrimonio-por-acciones-conjuntas\/#primaryimage"},"thumbnailUrl":"https:\/\/www.uartes.edu.ec\/sitio\/wp-content\/uploads\/2024\/06\/VISITA-MINISTRA-DE-CULTURA-UARTES-02.jpg","keywords":["interinstitucional","maestr\u00edas"],"articleSection":["Gesti\u00f3n","Rectorado"],"inLanguage":"en-US","potentialAction":[{"@type":"CommentAction","name":"Comment","target":["https:\/\/www.uartes.edu.ec\/sitio\/en\/blog\/2024\/06\/14\/dialogo-entre-autoridades-uartes-y-ministra-de-cultura-y-patrimonio-por-acciones-conjuntas\/#respond"]}]},{"@type":["WebPage","ItemPage"],"@id":"https:\/\/www.uartes.edu.ec\/sitio\/en\/blog\/2024\/06\/14\/dialogo-entre-autoridades-uartes-y-ministra-de-cultura-y-patrimonio-por-acciones-conjuntas\/","url":"https:\/\/www.uartes.edu.ec\/sitio\/en\/blog\/2024\/06\/14\/dialogo-entre-autoridades-uartes-y-ministra-de-cultura-y-patrimonio-por-acciones-conjuntas\/","name":"Universidad de las Artes - Ministra de Cultura visita la UArtes y dialoga con autoridades por acciones vinculadas a la educaci\u00f3n superior","isPartOf":{"@id":"https:\/\/www.uartes.edu.ec\/sitio\/en\/#website"},"primaryImageOfPage":{"@id":"https:\/\/www.uartes.edu.ec\/sitio\/en\/blog\/2024\/06\/14\/dialogo-entre-autoridades-uartes-y-ministra-de-cultura-y-patrimonio-por-acciones-conjuntas\/#primaryimage"},"image":{"@id":"https:\/\/www.uartes.edu.ec\/sitio\/en\/blog\/2024\/06\/14\/dialogo-entre-autoridades-uartes-y-ministra-de-cultura-y-patrimonio-por-acciones-conjuntas\/#primaryimage"},"thumbnailUrl":"https:\/\/www.uartes.edu.ec\/sitio\/wp-content\/uploads\/2024\/06\/VISITA-MINISTRA-DE-CULTURA-UARTES-02.jpg","datePublished":"2024-06-14T22:25:53+00:00","dateModified":"2024-07-04T16:18:47+00:00","description":"Universidad de las Artes - Ministra de Cultura visita la UArtes y dialoga con autoridades por acciones vinculadas a la educaci\u00f3n superior","breadcrumb":{"@id":"https:\/\/www.uartes.edu.ec\/sitio\/en\/blog\/2024\/06\/14\/dialogo-entre-autoridades-uartes-y-ministra-de-cultura-y-patrimonio-por-acciones-conjuntas\/#breadcrumb"},"inLanguage":"en-US","potentialAction":[{"@type":"ReadAction","target":["https:\/\/www.uartes.edu.ec\/sitio\/en\/blog\/2024\/06\/14\/dialogo-entre-autoridades-uartes-y-ministra-de-cultura-y-patrimonio-por-acciones-conjuntas\/"]}]},{"@type":"ImageObject","inLanguage":"en-US","@id":"https:\/\/www.uartes.edu.ec\/sitio\/en\/blog\/2024\/06\/14\/dialogo-entre-autoridades-uartes-y-ministra-de-cultura-y-patrimonio-por-acciones-conjuntas\/#primaryimage","url":"https:\/\/www.uartes.edu.ec\/sitio\/wp-content\/uploads\/2024\/06\/VISITA-MINISTRA-DE-CULTURA-UARTES-02.jpg","contentUrl":"https:\/\/www.uartes.edu.ec\/sitio\/wp-content\/uploads\/2024\/06\/VISITA-MINISTRA-DE-CULTURA-UARTES-02.jpg","width":2000,"height":1333},{"@type":"BreadcrumbList","@id":"https:\/\/www.uartes.edu.ec\/sitio\/en\/blog\/2024\/06\/14\/dialogo-entre-autoridades-uartes-y-ministra-de-cultura-y-patrimonio-por-acciones-conjuntas\/#breadcrumb","itemListElement":[{"@type":"ListItem","position":1,"name":"Inicio","item":"https:\/\/www.uartes.edu.ec\/sitio\/"},{"@type":"ListItem","position":2,"name":"Ministra de Cultura visita la UArtes y dialoga con autoridades por acciones vinculadas a la educaci\u00f3n superior"}]},{"@type":"WebSite","@id":"https:\/\/www.uartes.edu.ec\/sitio\/en\/#website","url":"https:\/\/www.uartes.edu.ec\/sitio\/en\/","name":"Universidad de las Artes","description":"Sitio oficial de la Universidad Nacional de las Artes del Ecuador","publisher":{"@id":"https:\/\/www.uartes.edu.ec\/sitio\/en\/#organization"},"potentialAction":[{"@type":"SearchAction","target":{"@type":"EntryPoint","urlTemplate":"https:\/\/www.uartes.edu.ec\/sitio\/en\/?s={search_term_string}"},"query-input":{"@type":"PropertyValueSpecification","valueRequired":true,"valueName":"search_term_string"}}],"inLanguage":"en-US"},{"@type":"Organization","@id":"https:\/\/www.uartes.edu.ec\/sitio\/en\/#organization","name":"Universidad de las Artes","url":"https:\/\/www.uartes.edu.ec\/sitio\/en\/","logo":{"@type":"ImageObject","inLanguage":"en-US","@id":"https:\/\/www.uartes.edu.ec\/sitio\/en\/#\/schema\/logo\/image\/","url":"https:\/\/www.uartes.edu.ec\/sitio\/wp-content\/uploads\/2022\/07\/logo-ua-horizontal.png","contentUrl":"https:\/\/www.uartes.edu.ec\/sitio\/wp-content\/uploads\/2022\/07\/logo-ua-horizontal.png","width":800,"height":276,"caption":"Universidad de las Artes"},"image":{"@id":"https:\/\/www.uartes.edu.ec\/sitio\/en\/#\/schema\/logo\/image\/"},"sameAs":["https:\/\/www.facebook.com\/uartesec","https:\/\/x.com\/uartesec","https:\/\/www.tiktok.com\/@uartesec"]},{"@type":"Person","@id":"https:\/\/www.uartes.edu.ec\/sitio\/en\/#\/schema\/person\/efa1b8275797664fd7f13a79ccc0b1f4","name":"ccortez","image":{"@type":"ImageObject","inLanguage":"en-US","@id":"https:\/\/secure.gravatar.com\/avatar\/b2a6f664a3ae8e074346ef91775736c5ec479e637ecced6842de9dc98b5da9cd?s=96&d=mm&r=g","url":"https:\/\/secure.gravatar.com\/avatar\/b2a6f664a3ae8e074346ef91775736c5ec479e637ecced6842de9dc98b5da9cd?s=96&d=mm&r=g","contentUrl":"https:\/\/secure.gravatar.com\/avatar\/b2a6f664a3ae8e074346ef91775736c5ec479e637ecced6842de9dc98b5da9cd?s=96&d=mm&r=g","caption":"ccortez"},"url":"https:\/\/www.uartes.edu.ec\/sitio\/en\/blog\/author\/ccortez\/"}]}},"uagb_featured_image_src":{"full":["https:\/\/www.uartes.edu.ec\/sitio\/wp-content\/uploads\/2024\/06\/VISITA-MINISTRA-DE-CULTURA-UARTES-02.jpg",2000,1333,false],"thumbnail":["https:\/\/www.uartes.edu.ec\/sitio\/wp-content\/uploads\/2024\/06\/VISITA-MINISTRA-DE-CULTURA-UARTES-02-150x150.jpg",150,150,true],"medium":["https:\/\/www.uartes.edu.ec\/sitio\/wp-content\/uploads\/2024\/06\/VISITA-MINISTRA-DE-CULTURA-UARTES-02-300x200.jpg",300,200,true],"medium_large":["https:\/\/www.uartes.edu.ec\/sitio\/wp-content\/uploads\/2024\/06\/VISITA-MINISTRA-DE-CULTURA-UARTES-02-768x512.jpg",768,512,true],"large":["https:\/\/www.uartes.edu.ec\/sitio\/wp-content\/uploads\/2024\/06\/VISITA-MINISTRA-DE-CULTURA-UARTES-02-644x429.jpg",644,429,true],"1536x1536":["https:\/\/www.uartes.edu.ec\/sitio\/wp-content\/uploads\/2024\/06\/VISITA-MINISTRA-DE-CULTURA-UARTES-02-1536x1024.jpg",1536,1024,true],"2048x2048":["https:\/\/www.uartes.edu.ec\/sitio\/wp-content\/uploads\/2024\/06\/VISITA-MINISTRA-DE-CULTURA-UARTES-02.jpg",2000,1333,false],"trp-custom-language-flag":["https:\/\/www.uartes.edu.ec\/sitio\/wp-content\/uploads\/2024\/06\/VISITA-MINISTRA-DE-CULTURA-UARTES-02-18x12.jpg",18,12,true],"htmega_size_585x295":["https:\/\/www.uartes.edu.ec\/sitio\/wp-content\/uploads\/2024\/06\/VISITA-MINISTRA-DE-CULTURA-UARTES-02-585x295.jpg",585,295,true],"htmega_size_1170x536":["https:\/\/www.uartes.edu.ec\/sitio\/wp-content\/uploads\/2024\/06\/VISITA-MINISTRA-DE-CULTURA-UARTES-02-1170x536.jpg",1170,536,true],"htmega_size_396x360":["https:\/\/www.uartes.edu.ec\/sitio\/wp-content\/uploads\/2024\/06\/VISITA-MINISTRA-DE-CULTURA-UARTES-02-396x360.jpg",396,360,true],"gb-block-post-grid-landscape":["https:\/\/www.uartes.edu.ec\/sitio\/wp-content\/uploads\/2024\/06\/VISITA-MINISTRA-DE-CULTURA-UARTES-02-600x400.jpg",600,400,true],"gb-block-post-grid-square":["https:\/\/www.uartes.edu.ec\/sitio\/wp-content\/uploads\/2024\/06\/VISITA-MINISTRA-DE-CULTURA-UARTES-02-600x600.jpg",600,600,true],"university-hub-thumb":["https:\/\/www.uartes.edu.ec\/sitio\/wp-content\/uploads\/2024\/06\/VISITA-MINISTRA-DE-CULTURA-UARTES-02-400x267.jpg",400,267,true],"mailpoet_newsletter_max":["https:\/\/www.uartes.edu.ec\/sitio\/wp-content\/uploads\/2024\/06\/VISITA-MINISTRA-DE-CULTURA-UARTES-02.jpg",1320,880,false]},"uagb_author_info":{"display_name":"ccortez","author_link":"https:\/\/www.uartes.edu.ec\/sitio\/en\/blog\/author\/ccortez\/"},"uagb_comment_info":0,"uagb_excerpt":"La Universidad de las Artes y el Ministerio de Cultura y Patrimonio mantienen un convenio de cooperaci\u00f3n interinstitucional y en una reciente visita de su titular, Romina Mu\u00f1oz, a nuestras instalaciones se dialog\u00f3 acerca de nuevas alianzas para acciones conjuntas vinculadas a la educaci\u00f3n superior. Fue recibida en el MZ14 por el rector William Herrera,&hellip;","featured_image_src":"https:\/\/www.uartes.edu.ec\/sitio\/wp-content\/uploads\/2024\/06\/VISITA-MINISTRA-DE-CULTURA-UARTES-02-600x400.jpg","featured_image_src_square":"https:\/\/www.uartes.edu.ec\/sitio\/wp-content\/uploads\/2024\/06\/VISITA-MINISTRA-DE-CULTURA-UARTES-02-600x600.jpg","author_info":{"display_name":"ccortez","author_link":"https:\/\/www.uartes.edu.ec\/sitio\/en\/blog\/author\/ccortez\/"},"publishpress_future_workflow_manual_trigger":{"enabledWorkflows":[]},"distributor_meta":false,"distributor_terms":false,"distributor_media":false,"distributor_original_site_name":"Universidad de las Artes","distributor_original_site_url":"https:\/\/www.uartes.edu.ec\/sitio\/en","push-errors":false,"_links":{"self":[{"href":"https:\/\/www.uartes.edu.ec\/sitio\/en\/wp-json\/wp\/v2\/posts\/55845","targetHints":{"allow":["GET"]}}],"collection":[{"href":"https:\/\/www.uartes.edu.ec\/sitio\/en\/wp-json\/wp\/v2\/posts"}],"about":[{"href":"https:\/\/www.uartes.edu.ec\/sitio\/en\/wp-json\/wp\/v2\/types\/post"}],"author":[{"embeddable":true,"href":"https:\/\/www.uartes.edu.ec\/sitio\/en\/wp-json\/wp\/v2\/users\/10"}],"replies":[{"embeddable":true,"href":"https:\/\/www.uartes.edu.ec\/sitio\/en\/wp-json\/wp\/v2\/comments?post=55845"}],"version-history":[{"count":27,"href":"https:\/\/www.uartes.edu.ec\/sitio\/en\/wp-json\/wp\/v2\/posts\/55845\/revisions"}],"predecessor-version":[{"id":55928,"href":"https:\/\/www.uartes.edu.ec\/sitio\/en\/wp-json\/wp\/v2\/posts\/55845\/revisions\/55928"}],"wp:featuredmedia":[{"embeddable":true,"href":"https:\/\/www.uartes.edu.ec\/sitio\/en\/wp-json\/wp\/v2\/media\/55846"}],"wp:attachment":[{"href":"https:\/\/www.uartes.edu.ec\/sitio\/en\/wp-json\/wp\/v2\/media?parent=55845"}],"wp:term":[{"taxonomy":"category","embeddable":true,"href":"https:\/\/www.uartes.edu.ec\/sitio\/en\/wp-json\/wp\/v2\/categories?post=55845"},{"taxonomy":"post_tag","embeddable":true,"href":"https:\/\/www.uartes.edu.ec\/sitio\/en\/wp-json\/wp\/v2\/tags?post=55845"},{"taxonomy":"infouartes","embeddable":true,"href":"https:\/\/www.uartes.edu.ec\/sitio\/en\/wp-json\/wp\/v2\/infouartes?post=55845"}],"curies":[{"name":"wp","href":"https:\/\/api.w.org\/{rel}","templated":true}]}}