{"id":56,"date":"2017-04-17T21:06:35","date_gmt":"2017-04-18T02:06:35","guid":{"rendered":"http:\/\/www.uartes.edu.ec\/infouartes\/?p=56"},"modified":"2024-07-04T11:54:22","modified_gmt":"2024-07-04T16:54:22","slug":"rector-da-la-bienvenida-al-nuevo-ciclo-academico-de-la-uartes","status":"publish","type":"post","link":"https:\/\/www.uartes.edu.ec\/sitio\/en\/blog\/2017\/04\/17\/rector-da-la-bienvenida-al-nuevo-ciclo-academico-de-la-uartes\/","title":{"rendered":"Rector da la bienvenida al nuevo ciclo acad\u00e9mico de la UArtes"},"content":{"rendered":"<p>Queridos miembros de la Comunidad Universitaria,<\/p>\n<p>Hoy iniciamos un nuevo semestre de actividades, como siempre con varios desaf\u00edos y emociones. Esta vez, la gran novedad es el inicio de actividades acad\u00e9micas de la Carrera de Danza. \u00a1Estos artistas se graduar\u00e1n en el 2021!<\/p>\n<p>Somos una instituci\u00f3n en construcci\u00f3n, pero sobre todo representamos el deseo de transformaci\u00f3n del pa\u00eds a trav\u00e9s del sector educativo, y m\u00e1s espec\u00edficamente del campo art\u00edstico.<\/p>\n<p>Crecer es complejo, ya lo sabemos. Por eso, es necesario recordar que lo verdaderamente valioso es sentar buenas ra\u00edces, flexibles y certeras, y para ello resulta indispensable cultivar la perspectiva. El sentido hist\u00f3rico, que se dice.<\/p>\n<p>Hace un a\u00f1o, en un d\u00eda como hoy (era domingo), fuimos tal vez la primera universidad en instalar un centro de atenci\u00f3n para las v\u00edctimas del terremoto. Algunos de nuestros colegas, estudiantes y amigos tomaron el camino y viajaron al epicentro de la tragedia a aportar su contingente. Naci\u00f3 la Misi\u00f3n UArtes, en la que participamos algunas decenas de miembros de esta comunidad.<\/p>\n<p>Aprendimos del sufrimiento y del empe\u00f1o ajeno.<\/p>\n<p>A apenas dos a\u00f1os de funcionamiento, somos ya una realidad. Sin embargo, solamente estamos comenzando. No lo olvidemos. Nuestra lucha por lograr un espacio en todo derecho para el sector cultural y art\u00edstico no ha concluido. A\u00fan quedan numerosos temas por resolver en t\u00e9rminos estructurales, digo esto pensando en las cosas del Estado, en los marcos legales, por ejemplo. Y no solo eso. Queda mucho por hacer, y por debatir, en nuestro propio sector, en lo que hacemos, lo que nos mueve, y sin duda tambi\u00e9n en lo que nos ilusiona o nos perturba. Nos hace falta reflexionar, y mucho, sobre las formas de nuestros debates; sobre los sentidos que entra\u00f1an, y esto es particularmente complicado en un espacio a menudo sesgado por intereses corporativistas y clientelares.<\/p>\n<p>Que este semestre que comienza sea tambi\u00e9n la oportunidad para reafirmar los sentidos de esta tarea que hemos asumido con responsabilidad y alegr\u00eda.<\/p>\n<p>Extiendo mi saludo personal, y en nombre de los miembros de la Comisi\u00f3n Gestora, a los estudiantes, a los docentes, al personal administrativo de nuestra Universidad en esta fecha nueva.<\/p>\n<p>&nbsp;<\/p>\n<p>Ramiro Noriega F.<br \/>\n<strong>Presidente de la Comisi\u00f3n Gestora y Rector de la UArtes<\/strong><\/p>","protected":false},"excerpt":{"rendered":"<p>Queridos miembros de la Comunidad Universitaria, Hoy iniciamos un nuevo semestre de actividades, como siempre con varios desaf\u00edos y emociones. Esta vez, la gran novedad es el inicio de actividades acad\u00e9micas de la Carrera de Danza. \u00a1Estos artistas se graduar\u00e1n en el 2021! Somos una instituci\u00f3n en construcci\u00f3n, pero sobre todo representamos el deseo de [&hellip;]<\/p>\n","protected":false},"author":1,"featured_media":2594,"comment_status":"closed","ping_status":"open","sticky":false,"template":"","format":"standard","meta":{"_acf_changed":false,"_uag_custom_page_level_css":"","_monsterinsights_skip_tracking":false,"_monsterinsights_sitenote_active":false,"_monsterinsights_sitenote_note":"","_monsterinsights_sitenote_category":0,"cybocfi_hide_featured_image":"","footnotes":""},"categories":[84],"tags":[],"infouartes":[],"class_list":["post-56","post","type-post","status-publish","format-standard","has-post-thumbnail","hentry","category-rectorado"],"acf":[],"yoast_head":"<!-- This site is optimized with the Yoast SEO plugin v27.4 - https:\/\/yoast.com\/product\/yoast-seo-wordpress\/ -->\n<title>Universidad de las Artes - Rector da la bienvenida al nuevo ciclo acad\u00e9mico de la UArtes<\/title>\n<meta name=\"description\" content=\"Universidad de las Artes - Rector da la bienvenida al nuevo ciclo acad\u00e9mico de la UArtes\" \/>\n<meta name=\"robots\" content=\"index, follow, max-snippet:-1, max-image-preview:large, max-video-preview:-1\" \/>\n<link rel=\"canonical\" href=\"https:\/\/www.uartes.edu.ec\/sitio\/en\/blog\/2017\/04\/17\/rector-da-la-bienvenida-al-nuevo-ciclo-academico-de-la-uartes\/\" \/>\n<meta property=\"og:locale\" content=\"en_US\" \/>\n<meta property=\"og:type\" content=\"article\" \/>\n<meta property=\"og:title\" content=\"Universidad de las Artes - Rector da la bienvenida al nuevo ciclo acad\u00e9mico de la UArtes\" \/>\n<meta property=\"og:description\" content=\"Universidad de las Artes - Rector da la bienvenida al nuevo ciclo acad\u00e9mico de la UArtes\" \/>\n<meta property=\"og:url\" content=\"https:\/\/www.uartes.edu.ec\/sitio\/en\/blog\/2017\/04\/17\/rector-da-la-bienvenida-al-nuevo-ciclo-academico-de-la-uartes\/\" \/>\n<meta property=\"og:site_name\" content=\"Universidad de las Artes\" \/>\n<meta property=\"article:publisher\" content=\"https:\/\/www.facebook.com\/uartesec\" \/>\n<meta property=\"article:published_time\" content=\"2017-04-18T02:06:35+00:00\" \/>\n<meta property=\"article:modified_time\" content=\"2024-07-04T16:54:22+00:00\" \/>\n<meta property=\"og:image\" content=\"https:\/\/www.uartes.edu.ec\/sitio\/wp-content\/uploads\/2017\/04\/UArtes-bienvenida-scaled.jpg\" \/>\n\t<meta property=\"og:image:width\" content=\"2736\" \/>\n\t<meta property=\"og:image:height\" content=\"1536\" \/>\n\t<meta property=\"og:image:type\" content=\"image\/jpeg\" \/>\n<meta name=\"author\" content=\"Universidad de las Artes\" \/>\n<meta name=\"twitter:card\" content=\"summary_large_image\" \/>\n<meta name=\"twitter:creator\" content=\"@uartesec\" \/>\n<meta name=\"twitter:site\" content=\"@uartesec\" \/>\n<meta name=\"twitter:label1\" content=\"Written by\" \/>\n\t<meta name=\"twitter:data1\" content=\"Universidad de las Artes\" \/>\n\t<meta name=\"twitter:label2\" content=\"Est. reading time\" \/>\n\t<meta name=\"twitter:data2\" content=\"2 minutes\" \/>\n<script type=\"application\/ld+json\" class=\"yoast-schema-graph\">{\"@context\":\"https:\\\/\\\/schema.org\",\"@graph\":[{\"@type\":\"Article\",\"@id\":\"https:\\\/\\\/www.uartes.edu.ec\\\/sitio\\\/en\\\/blog\\\/2017\\\/04\\\/17\\\/rector-da-la-bienvenida-al-nuevo-ciclo-academico-de-la-uartes\\\/#article\",\"isPartOf\":{\"@id\":\"https:\\\/\\\/www.uartes.edu.ec\\\/sitio\\\/en\\\/blog\\\/2017\\\/04\\\/17\\\/rector-da-la-bienvenida-al-nuevo-ciclo-academico-de-la-uartes\\\/\"},\"author\":{\"name\":\"Universidad de las Artes\",\"@id\":\"https:\\\/\\\/www.uartes.edu.ec\\\/sitio\\\/en\\\/#\\\/schema\\\/person\\\/f33f8c1d2af0d5c80a38c8abf458184a\"},\"headline\":\"Rector da la bienvenida al nuevo ciclo acad\u00e9mico de la UArtes\",\"datePublished\":\"2017-04-18T02:06:35+00:00\",\"dateModified\":\"2024-07-04T16:54:22+00:00\",\"mainEntityOfPage\":{\"@id\":\"https:\\\/\\\/www.uartes.edu.ec\\\/sitio\\\/en\\\/blog\\\/2017\\\/04\\\/17\\\/rector-da-la-bienvenida-al-nuevo-ciclo-academico-de-la-uartes\\\/\"},\"wordCount\":409,\"publisher\":{\"@id\":\"https:\\\/\\\/www.uartes.edu.ec\\\/sitio\\\/en\\\/#organization\"},\"image\":{\"@id\":\"https:\\\/\\\/www.uartes.edu.ec\\\/sitio\\\/en\\\/blog\\\/2017\\\/04\\\/17\\\/rector-da-la-bienvenida-al-nuevo-ciclo-academico-de-la-uartes\\\/#primaryimage\"},\"thumbnailUrl\":\"https:\\\/\\\/www.uartes.edu.ec\\\/sitio\\\/wp-content\\\/uploads\\\/2017\\\/04\\\/UArtes-bienvenida-scaled.jpg\",\"articleSection\":[\"Rectorado\"],\"inLanguage\":\"en-US\"},{\"@type\":[\"WebPage\",\"ItemPage\"],\"@id\":\"https:\\\/\\\/www.uartes.edu.ec\\\/sitio\\\/en\\\/blog\\\/2017\\\/04\\\/17\\\/rector-da-la-bienvenida-al-nuevo-ciclo-academico-de-la-uartes\\\/\",\"url\":\"https:\\\/\\\/www.uartes.edu.ec\\\/sitio\\\/en\\\/blog\\\/2017\\\/04\\\/17\\\/rector-da-la-bienvenida-al-nuevo-ciclo-academico-de-la-uartes\\\/\",\"name\":\"Universidad de las Artes - Rector da la bienvenida al nuevo ciclo acad\u00e9mico de la UArtes\",\"isPartOf\":{\"@id\":\"https:\\\/\\\/www.uartes.edu.ec\\\/sitio\\\/en\\\/#website\"},\"primaryImageOfPage\":{\"@id\":\"https:\\\/\\\/www.uartes.edu.ec\\\/sitio\\\/en\\\/blog\\\/2017\\\/04\\\/17\\\/rector-da-la-bienvenida-al-nuevo-ciclo-academico-de-la-uartes\\\/#primaryimage\"},\"image\":{\"@id\":\"https:\\\/\\\/www.uartes.edu.ec\\\/sitio\\\/en\\\/blog\\\/2017\\\/04\\\/17\\\/rector-da-la-bienvenida-al-nuevo-ciclo-academico-de-la-uartes\\\/#primaryimage\"},\"thumbnailUrl\":\"https:\\\/\\\/www.uartes.edu.ec\\\/sitio\\\/wp-content\\\/uploads\\\/2017\\\/04\\\/UArtes-bienvenida-scaled.jpg\",\"datePublished\":\"2017-04-18T02:06:35+00:00\",\"dateModified\":\"2024-07-04T16:54:22+00:00\",\"description\":\"Universidad de las Artes - Rector da la bienvenida al nuevo ciclo acad\u00e9mico de la UArtes\",\"breadcrumb\":{\"@id\":\"https:\\\/\\\/www.uartes.edu.ec\\\/sitio\\\/en\\\/blog\\\/2017\\\/04\\\/17\\\/rector-da-la-bienvenida-al-nuevo-ciclo-academico-de-la-uartes\\\/#breadcrumb\"},\"inLanguage\":\"en-US\",\"potentialAction\":[{\"@type\":\"ReadAction\",\"target\":[\"https:\\\/\\\/www.uartes.edu.ec\\\/sitio\\\/en\\\/blog\\\/2017\\\/04\\\/17\\\/rector-da-la-bienvenida-al-nuevo-ciclo-academico-de-la-uartes\\\/\"]}]},{\"@type\":\"ImageObject\",\"inLanguage\":\"en-US\",\"@id\":\"https:\\\/\\\/www.uartes.edu.ec\\\/sitio\\\/en\\\/blog\\\/2017\\\/04\\\/17\\\/rector-da-la-bienvenida-al-nuevo-ciclo-academico-de-la-uartes\\\/#primaryimage\",\"url\":\"https:\\\/\\\/www.uartes.edu.ec\\\/sitio\\\/wp-content\\\/uploads\\\/2017\\\/04\\\/UArtes-bienvenida-scaled.jpg\",\"contentUrl\":\"https:\\\/\\\/www.uartes.edu.ec\\\/sitio\\\/wp-content\\\/uploads\\\/2017\\\/04\\\/UArtes-bienvenida-scaled.jpg\",\"width\":2736,\"height\":1536},{\"@type\":\"BreadcrumbList\",\"@id\":\"https:\\\/\\\/www.uartes.edu.ec\\\/sitio\\\/en\\\/blog\\\/2017\\\/04\\\/17\\\/rector-da-la-bienvenida-al-nuevo-ciclo-academico-de-la-uartes\\\/#breadcrumb\",\"itemListElement\":[{\"@type\":\"ListItem\",\"position\":1,\"name\":\"Inicio\",\"item\":\"https:\\\/\\\/www.uartes.edu.ec\\\/sitio\\\/\"},{\"@type\":\"ListItem\",\"position\":2,\"name\":\"Rector da la bienvenida al nuevo ciclo acad\u00e9mico de la UArtes\"}]},{\"@type\":\"WebSite\",\"@id\":\"https:\\\/\\\/www.uartes.edu.ec\\\/sitio\\\/en\\\/#website\",\"url\":\"https:\\\/\\\/www.uartes.edu.ec\\\/sitio\\\/en\\\/\",\"name\":\"Universidad de las Artes\",\"description\":\"Sitio oficial de la Universidad Nacional de las Artes del Ecuador\",\"publisher\":{\"@id\":\"https:\\\/\\\/www.uartes.edu.ec\\\/sitio\\\/en\\\/#organization\"},\"potentialAction\":[{\"@type\":\"SearchAction\",\"target\":{\"@type\":\"EntryPoint\",\"urlTemplate\":\"https:\\\/\\\/www.uartes.edu.ec\\\/sitio\\\/en\\\/?s={search_term_string}\"},\"query-input\":{\"@type\":\"PropertyValueSpecification\",\"valueRequired\":true,\"valueName\":\"search_term_string\"}}],\"inLanguage\":\"en-US\"},{\"@type\":\"Organization\",\"@id\":\"https:\\\/\\\/www.uartes.edu.ec\\\/sitio\\\/en\\\/#organization\",\"name\":\"Universidad de las Artes\",\"url\":\"https:\\\/\\\/www.uartes.edu.ec\\\/sitio\\\/en\\\/\",\"logo\":{\"@type\":\"ImageObject\",\"inLanguage\":\"en-US\",\"@id\":\"https:\\\/\\\/www.uartes.edu.ec\\\/sitio\\\/en\\\/#\\\/schema\\\/logo\\\/image\\\/\",\"url\":\"https:\\\/\\\/www.uartes.edu.ec\\\/sitio\\\/wp-content\\\/uploads\\\/2022\\\/07\\\/logo-ua-horizontal.png\",\"contentUrl\":\"https:\\\/\\\/www.uartes.edu.ec\\\/sitio\\\/wp-content\\\/uploads\\\/2022\\\/07\\\/logo-ua-horizontal.png\",\"width\":800,\"height\":276,\"caption\":\"Universidad de las Artes\"},\"image\":{\"@id\":\"https:\\\/\\\/www.uartes.edu.ec\\\/sitio\\\/en\\\/#\\\/schema\\\/logo\\\/image\\\/\"},\"sameAs\":[\"https:\\\/\\\/www.facebook.com\\\/uartesec\",\"https:\\\/\\\/x.com\\\/uartesec\",\"https:\\\/\\\/www.tiktok.com\\\/@uartesec\"]},{\"@type\":\"Person\",\"@id\":\"https:\\\/\\\/www.uartes.edu.ec\\\/sitio\\\/en\\\/#\\\/schema\\\/person\\\/f33f8c1d2af0d5c80a38c8abf458184a\",\"name\":\"Universidad de las Artes\",\"image\":{\"@type\":\"ImageObject\",\"inLanguage\":\"en-US\",\"@id\":\"https:\\\/\\\/secure.gravatar.com\\\/avatar\\\/52e4757902f5cfa5ac52d020e5be83cae5487519154b6c35482fe08d589f3c13?s=96&d=mm&r=g\",\"url\":\"https:\\\/\\\/secure.gravatar.com\\\/avatar\\\/52e4757902f5cfa5ac52d020e5be83cae5487519154b6c35482fe08d589f3c13?s=96&d=mm&r=g\",\"contentUrl\":\"https:\\\/\\\/secure.gravatar.com\\\/avatar\\\/52e4757902f5cfa5ac52d020e5be83cae5487519154b6c35482fe08d589f3c13?s=96&d=mm&r=g\",\"caption\":\"Universidad de las Artes\"},\"url\":\"https:\\\/\\\/www.uartes.edu.ec\\\/sitio\\\/en\\\/blog\\\/author\\\/dircomadm\\\/\"}]}<\/script>\n<!-- \/ Yoast SEO plugin. -->","yoast_head_json":{"title":"Universidad de las Artes - Rector da la bienvenida al nuevo ciclo acad\u00e9mico de la UArtes","description":"Universidad de las Artes - Rector da la bienvenida al nuevo ciclo acad\u00e9mico de la UArtes","robots":{"index":"index","follow":"follow","max-snippet":"max-snippet:-1","max-image-preview":"max-image-preview:large","max-video-preview":"max-video-preview:-1"},"canonical":"https:\/\/www.uartes.edu.ec\/sitio\/en\/blog\/2017\/04\/17\/rector-da-la-bienvenida-al-nuevo-ciclo-academico-de-la-uartes\/","og_locale":"en_US","og_type":"article","og_title":"Universidad de las Artes - Rector da la bienvenida al nuevo ciclo acad\u00e9mico de la UArtes","og_description":"Universidad de las Artes - Rector da la bienvenida al nuevo ciclo acad\u00e9mico de la UArtes","og_url":"https:\/\/www.uartes.edu.ec\/sitio\/en\/blog\/2017\/04\/17\/rector-da-la-bienvenida-al-nuevo-ciclo-academico-de-la-uartes\/","og_site_name":"Universidad de las Artes","article_publisher":"https:\/\/www.facebook.com\/uartesec","article_published_time":"2017-04-18T02:06:35+00:00","article_modified_time":"2024-07-04T16:54:22+00:00","og_image":[{"width":2736,"height":1536,"url":"https:\/\/www.uartes.edu.ec\/sitio\/wp-content\/uploads\/2017\/04\/UArtes-bienvenida-scaled.jpg","type":"image\/jpeg"}],"author":"Universidad de las Artes","twitter_card":"summary_large_image","twitter_creator":"@uartesec","twitter_site":"@uartesec","twitter_misc":{"Written by":"Universidad de las Artes","Est. reading time":"2 minutes"},"schema":{"@context":"https:\/\/schema.org","@graph":[{"@type":"Article","@id":"https:\/\/www.uartes.edu.ec\/sitio\/en\/blog\/2017\/04\/17\/rector-da-la-bienvenida-al-nuevo-ciclo-academico-de-la-uartes\/#article","isPartOf":{"@id":"https:\/\/www.uartes.edu.ec\/sitio\/en\/blog\/2017\/04\/17\/rector-da-la-bienvenida-al-nuevo-ciclo-academico-de-la-uartes\/"},"author":{"name":"Universidad de las Artes","@id":"https:\/\/www.uartes.edu.ec\/sitio\/en\/#\/schema\/person\/f33f8c1d2af0d5c80a38c8abf458184a"},"headline":"Rector da la bienvenida al nuevo ciclo acad\u00e9mico de la UArtes","datePublished":"2017-04-18T02:06:35+00:00","dateModified":"2024-07-04T16:54:22+00:00","mainEntityOfPage":{"@id":"https:\/\/www.uartes.edu.ec\/sitio\/en\/blog\/2017\/04\/17\/rector-da-la-bienvenida-al-nuevo-ciclo-academico-de-la-uartes\/"},"wordCount":409,"publisher":{"@id":"https:\/\/www.uartes.edu.ec\/sitio\/en\/#organization"},"image":{"@id":"https:\/\/www.uartes.edu.ec\/sitio\/en\/blog\/2017\/04\/17\/rector-da-la-bienvenida-al-nuevo-ciclo-academico-de-la-uartes\/#primaryimage"},"thumbnailUrl":"https:\/\/www.uartes.edu.ec\/sitio\/wp-content\/uploads\/2017\/04\/UArtes-bienvenida-scaled.jpg","articleSection":["Rectorado"],"inLanguage":"en-US"},{"@type":["WebPage","ItemPage"],"@id":"https:\/\/www.uartes.edu.ec\/sitio\/en\/blog\/2017\/04\/17\/rector-da-la-bienvenida-al-nuevo-ciclo-academico-de-la-uartes\/","url":"https:\/\/www.uartes.edu.ec\/sitio\/en\/blog\/2017\/04\/17\/rector-da-la-bienvenida-al-nuevo-ciclo-academico-de-la-uartes\/","name":"Universidad de las Artes - Rector da la bienvenida al nuevo ciclo acad\u00e9mico de la UArtes","isPartOf":{"@id":"https:\/\/www.uartes.edu.ec\/sitio\/en\/#website"},"primaryImageOfPage":{"@id":"https:\/\/www.uartes.edu.ec\/sitio\/en\/blog\/2017\/04\/17\/rector-da-la-bienvenida-al-nuevo-ciclo-academico-de-la-uartes\/#primaryimage"},"image":{"@id":"https:\/\/www.uartes.edu.ec\/sitio\/en\/blog\/2017\/04\/17\/rector-da-la-bienvenida-al-nuevo-ciclo-academico-de-la-uartes\/#primaryimage"},"thumbnailUrl":"https:\/\/www.uartes.edu.ec\/sitio\/wp-content\/uploads\/2017\/04\/UArtes-bienvenida-scaled.jpg","datePublished":"2017-04-18T02:06:35+00:00","dateModified":"2024-07-04T16:54:22+00:00","description":"Universidad de las Artes - Rector da la bienvenida al nuevo ciclo acad\u00e9mico de la UArtes","breadcrumb":{"@id":"https:\/\/www.uartes.edu.ec\/sitio\/en\/blog\/2017\/04\/17\/rector-da-la-bienvenida-al-nuevo-ciclo-academico-de-la-uartes\/#breadcrumb"},"inLanguage":"en-US","potentialAction":[{"@type":"ReadAction","target":["https:\/\/www.uartes.edu.ec\/sitio\/en\/blog\/2017\/04\/17\/rector-da-la-bienvenida-al-nuevo-ciclo-academico-de-la-uartes\/"]}]},{"@type":"ImageObject","inLanguage":"en-US","@id":"https:\/\/www.uartes.edu.ec\/sitio\/en\/blog\/2017\/04\/17\/rector-da-la-bienvenida-al-nuevo-ciclo-academico-de-la-uartes\/#primaryimage","url":"https:\/\/www.uartes.edu.ec\/sitio\/wp-content\/uploads\/2017\/04\/UArtes-bienvenida-scaled.jpg","contentUrl":"https:\/\/www.uartes.edu.ec\/sitio\/wp-content\/uploads\/2017\/04\/UArtes-bienvenida-scaled.jpg","width":2736,"height":1536},{"@type":"BreadcrumbList","@id":"https:\/\/www.uartes.edu.ec\/sitio\/en\/blog\/2017\/04\/17\/rector-da-la-bienvenida-al-nuevo-ciclo-academico-de-la-uartes\/#breadcrumb","itemListElement":[{"@type":"ListItem","position":1,"name":"Inicio","item":"https:\/\/www.uartes.edu.ec\/sitio\/"},{"@type":"ListItem","position":2,"name":"Rector da la bienvenida al nuevo ciclo acad\u00e9mico de la UArtes"}]},{"@type":"WebSite","@id":"https:\/\/www.uartes.edu.ec\/sitio\/en\/#website","url":"https:\/\/www.uartes.edu.ec\/sitio\/en\/","name":"Universidad de las Artes","description":"Sitio oficial de la Universidad Nacional de las Artes del Ecuador","publisher":{"@id":"https:\/\/www.uartes.edu.ec\/sitio\/en\/#organization"},"potentialAction":[{"@type":"SearchAction","target":{"@type":"EntryPoint","urlTemplate":"https:\/\/www.uartes.edu.ec\/sitio\/en\/?s={search_term_string}"},"query-input":{"@type":"PropertyValueSpecification","valueRequired":true,"valueName":"search_term_string"}}],"inLanguage":"en-US"},{"@type":"Organization","@id":"https:\/\/www.uartes.edu.ec\/sitio\/en\/#organization","name":"Universidad de las Artes","url":"https:\/\/www.uartes.edu.ec\/sitio\/en\/","logo":{"@type":"ImageObject","inLanguage":"en-US","@id":"https:\/\/www.uartes.edu.ec\/sitio\/en\/#\/schema\/logo\/image\/","url":"https:\/\/www.uartes.edu.ec\/sitio\/wp-content\/uploads\/2022\/07\/logo-ua-horizontal.png","contentUrl":"https:\/\/www.uartes.edu.ec\/sitio\/wp-content\/uploads\/2022\/07\/logo-ua-horizontal.png","width":800,"height":276,"caption":"Universidad de las Artes"},"image":{"@id":"https:\/\/www.uartes.edu.ec\/sitio\/en\/#\/schema\/logo\/image\/"},"sameAs":["https:\/\/www.facebook.com\/uartesec","https:\/\/x.com\/uartesec","https:\/\/www.tiktok.com\/@uartesec"]},{"@type":"Person","@id":"https:\/\/www.uartes.edu.ec\/sitio\/en\/#\/schema\/person\/f33f8c1d2af0d5c80a38c8abf458184a","name":"Universidad de las Artes","image":{"@type":"ImageObject","inLanguage":"en-US","@id":"https:\/\/secure.gravatar.com\/avatar\/52e4757902f5cfa5ac52d020e5be83cae5487519154b6c35482fe08d589f3c13?s=96&d=mm&r=g","url":"https:\/\/secure.gravatar.com\/avatar\/52e4757902f5cfa5ac52d020e5be83cae5487519154b6c35482fe08d589f3c13?s=96&d=mm&r=g","contentUrl":"https:\/\/secure.gravatar.com\/avatar\/52e4757902f5cfa5ac52d020e5be83cae5487519154b6c35482fe08d589f3c13?s=96&d=mm&r=g","caption":"Universidad de las Artes"},"url":"https:\/\/www.uartes.edu.ec\/sitio\/en\/blog\/author\/dircomadm\/"}]}},"uagb_featured_image_src":{"full":["https:\/\/www.uartes.edu.ec\/sitio\/wp-content\/uploads\/2017\/04\/UArtes-bienvenida-scaled.jpg",2736,1536,false],"thumbnail":["https:\/\/www.uartes.edu.ec\/sitio\/wp-content\/uploads\/2017\/04\/UArtes-bienvenida-150x150.jpg",150,150,true],"medium":["https:\/\/www.uartes.edu.ec\/sitio\/wp-content\/uploads\/2017\/04\/UArtes-bienvenida-300x168.jpg",300,168,true],"medium_large":["https:\/\/www.uartes.edu.ec\/sitio\/wp-content\/uploads\/2017\/04\/UArtes-bienvenida-768x431.jpg",768,431,true],"large":["https:\/\/www.uartes.edu.ec\/sitio\/wp-content\/uploads\/2017\/04\/UArtes-bienvenida-1024x575.jpg",644,362,true],"1536x1536":["https:\/\/www.uartes.edu.ec\/sitio\/wp-content\/uploads\/2017\/04\/UArtes-bienvenida-scaled.jpg",1536,862,false],"2048x2048":["https:\/\/www.uartes.edu.ec\/sitio\/wp-content\/uploads\/2017\/04\/UArtes-bienvenida-scaled.jpg",2048,1150,false],"trp-custom-language-flag":["https:\/\/www.uartes.edu.ec\/sitio\/wp-content\/uploads\/2017\/04\/UArtes-bienvenida-scaled.jpg",18,10,false],"htmega_size_585x295":["https:\/\/www.uartes.edu.ec\/sitio\/wp-content\/uploads\/2017\/04\/UArtes-bienvenida-scaled.jpg",525,295,false],"htmega_size_1170x536":["https:\/\/www.uartes.edu.ec\/sitio\/wp-content\/uploads\/2017\/04\/UArtes-bienvenida-scaled.jpg",955,536,false],"htmega_size_396x360":["https:\/\/www.uartes.edu.ec\/sitio\/wp-content\/uploads\/2017\/04\/UArtes-bienvenida-scaled.jpg",396,222,false],"gb-block-post-grid-landscape":["https:\/\/www.uartes.edu.ec\/sitio\/wp-content\/uploads\/2017\/04\/UArtes-bienvenida-scaled.jpg",600,337,false],"gb-block-post-grid-square":["https:\/\/www.uartes.edu.ec\/sitio\/wp-content\/uploads\/2017\/04\/UArtes-bienvenida-scaled.jpg",600,337,false],"university-hub-thumb":["https:\/\/www.uartes.edu.ec\/sitio\/wp-content\/uploads\/2017\/04\/UArtes-bienvenida-scaled.jpg",400,225,false]},"uagb_author_info":{"display_name":"Universidad de las Artes","author_link":"https:\/\/www.uartes.edu.ec\/sitio\/en\/blog\/author\/dircomadm\/"},"uagb_comment_info":0,"uagb_excerpt":"Queridos miembros de la Comunidad Universitaria, Hoy iniciamos un nuevo semestre de actividades, como siempre con varios desaf\u00edos y emociones. Esta vez, la gran novedad es el inicio de actividades acad\u00e9micas de la Carrera de Danza. \u00a1Estos artistas se graduar\u00e1n en el 2021! Somos una instituci\u00f3n en construcci\u00f3n, pero sobre todo representamos el deseo de&hellip;","featured_image_src":"https:\/\/www.uartes.edu.ec\/sitio\/wp-content\/uploads\/2017\/04\/UArtes-bienvenida-scaled.jpg","featured_image_src_square":"https:\/\/www.uartes.edu.ec\/sitio\/wp-content\/uploads\/2017\/04\/UArtes-bienvenida-scaled.jpg","author_info":{"display_name":"Universidad de las Artes","author_link":"https:\/\/www.uartes.edu.ec\/sitio\/en\/blog\/author\/dircomadm\/"},"publishpress_future_workflow_manual_trigger":{"enabledWorkflows":[]},"distributor_meta":false,"distributor_terms":false,"distributor_media":false,"distributor_original_site_name":"Universidad de las Artes","distributor_original_site_url":"https:\/\/www.uartes.edu.ec\/sitio\/en","push-errors":false,"_links":{"self":[{"href":"https:\/\/www.uartes.edu.ec\/sitio\/en\/wp-json\/wp\/v2\/posts\/56","targetHints":{"allow":["GET"]}}],"collection":[{"href":"https:\/\/www.uartes.edu.ec\/sitio\/en\/wp-json\/wp\/v2\/posts"}],"about":[{"href":"https:\/\/www.uartes.edu.ec\/sitio\/en\/wp-json\/wp\/v2\/types\/post"}],"author":[{"embeddable":true,"href":"https:\/\/www.uartes.edu.ec\/sitio\/en\/wp-json\/wp\/v2\/users\/1"}],"replies":[{"embeddable":true,"href":"https:\/\/www.uartes.edu.ec\/sitio\/en\/wp-json\/wp\/v2\/comments?post=56"}],"version-history":[{"count":1,"href":"https:\/\/www.uartes.edu.ec\/sitio\/en\/wp-json\/wp\/v2\/posts\/56\/revisions"}],"predecessor-version":[{"id":2595,"href":"https:\/\/www.uartes.edu.ec\/sitio\/en\/wp-json\/wp\/v2\/posts\/56\/revisions\/2595"}],"wp:featuredmedia":[{"embeddable":true,"href":"https:\/\/www.uartes.edu.ec\/sitio\/en\/wp-json\/wp\/v2\/media\/2594"}],"wp:attachment":[{"href":"https:\/\/www.uartes.edu.ec\/sitio\/en\/wp-json\/wp\/v2\/media?parent=56"}],"wp:term":[{"taxonomy":"category","embeddable":true,"href":"https:\/\/www.uartes.edu.ec\/sitio\/en\/wp-json\/wp\/v2\/categories?post=56"},{"taxonomy":"post_tag","embeddable":true,"href":"https:\/\/www.uartes.edu.ec\/sitio\/en\/wp-json\/wp\/v2\/tags?post=56"},{"taxonomy":"infouartes","embeddable":true,"href":"https:\/\/www.uartes.edu.ec\/sitio\/en\/wp-json\/wp\/v2\/infouartes?post=56"}],"curies":[{"name":"wp","href":"https:\/\/api.w.org\/{rel}","templated":true}]}}