{"id":58155,"date":"2024-07-02T09:26:00","date_gmt":"2024-07-02T14:26:00","guid":{"rendered":"https:\/\/www.uartes.edu.ec\/sitio\/?p=58155"},"modified":"2024-07-12T17:34:06","modified_gmt":"2024-07-12T22:34:06","slug":"la-uartes-y-la-utm-se-juntan-para-la-elaboracion-de-mural-conmemorativo-en-la-sede-de-la-ies-manabita","status":"publish","type":"post","link":"https:\/\/www.uartes.edu.ec\/sitio\/en\/blog\/2024\/07\/02\/la-uartes-y-la-utm-se-juntan-para-la-elaboracion-de-mural-conmemorativo-en-la-sede-de-la-ies-manabita\/","title":{"rendered":"UArtes y UTM se juntan para crear mural conmemorativo en uno de los edificios de la instituci\u00f3n de educaci\u00f3n superior manabita"},"content":{"rendered":"<p>En la parte superior de la entrada principal del edificio de la Facultad de Ingenier\u00eda y Ciencias Aplicadas (FICA) de la Universidad T\u00e9cnica de Manab\u00ed (UTM) qued\u00f3 una muestra de la vinculaci\u00f3n y trabajo conjunto entre la instituci\u00f3n de educaci\u00f3n superior manabita y la Universidad de las Artes. Se trata de un mural elaborado por estudiantes de ambas IES.<\/p>\n\n\n\n<p>Ver\u00f3nica Mor\u00e1n y William Mena, estudiantes de la Escuela de Artes Visuales de la UArtes, participaron en la labor. Fueron convocados por el docente Joaqu\u00edn Serrano, quien estuvo al frente de proceso. Coinciden en que la experiencia fue grata y puso en evidencia no solo creatividad, talento y predisposici\u00f3n, sino la uni\u00f3n existente entre las IES.<\/p>\n\n\n\n<p>Desde la Direcci\u00f3n de Vinculaci\u00f3n con la Sociedad de la UArtes, Ronny Ramos, analista de convenios nacionales, indic\u00f3 que fue durante el desarrollo del \u201cIII Di\u00e1logo para Tejer Alternativas\u201d que se realiz\u00f3 en Portoviejo, en mayo pasado, que la UArtes y la UTM concertaron colaborar en la realizaci\u00f3n de un mural en las instalaciones de la instituci\u00f3n manabita como parte de las celebraciones por un nuevo aniversario de su funcionamiento.<\/p>\n\n\n\n<p>Esta colaboraci\u00f3n, coordinada por la vicerrectora acad\u00e9mica de la UTM, Ing. Mara Molina, y la directora de Vinculaci\u00f3n con la Sociedad de la UArtes, MSc. Mar\u00eda Jos\u00e9 Icaza, posibilitar\u00eda la participaci\u00f3n de un docente y dos estudiantes de la Escuela de Artes Visuales de nuestra instituci\u00f3n para lograr el objetivo propuesto.<\/p>\n\n\n<div class=\"wp-block-image\">\n<figure class=\"aligncenter size-large\"><img fetchpriority=\"high\" decoding=\"async\" width=\"644\" height=\"429\" src=\"https:\/\/www.uartes.edu.ec\/sitio\/wp-content\/uploads\/2024\/07\/02-UTM-UARTES-644x429.jpg\" alt=\"\" class=\"wp-image-58159\" srcset=\"https:\/\/www.uartes.edu.ec\/sitio\/wp-content\/uploads\/2024\/07\/02-UTM-UARTES-644x429.jpg 644w, https:\/\/www.uartes.edu.ec\/sitio\/wp-content\/uploads\/2024\/07\/02-UTM-UARTES-300x200.jpg 300w, https:\/\/www.uartes.edu.ec\/sitio\/wp-content\/uploads\/2024\/07\/02-UTM-UARTES-768x512.jpg 768w, https:\/\/www.uartes.edu.ec\/sitio\/wp-content\/uploads\/2024\/07\/02-UTM-UARTES-1536x1024.jpg 1536w, https:\/\/www.uartes.edu.ec\/sitio\/wp-content\/uploads\/2024\/07\/02-UTM-UARTES-18x12.jpg 18w, https:\/\/www.uartes.edu.ec\/sitio\/wp-content\/uploads\/2024\/07\/02-UTM-UARTES-600x400.jpg 600w, https:\/\/www.uartes.edu.ec\/sitio\/wp-content\/uploads\/2024\/07\/02-UTM-UARTES-400x267.jpg 400w, https:\/\/www.uartes.edu.ec\/sitio\/wp-content\/uploads\/2024\/07\/02-UTM-UARTES-272x182.jpg 272w, https:\/\/www.uartes.edu.ec\/sitio\/wp-content\/uploads\/2024\/07\/02-UTM-UARTES.jpg 2000w\" sizes=\"(max-width: 644px) 100vw, 644px\" \/><\/figure>\n<\/div>\n\n\n<p>Es as\u00ed como se encomend\u00f3 al docente y artista Joaqu\u00edn Serrano analizar el requerimiento y ofrecer a la UTM las consideraciones t\u00e9cnicas y log\u00edsticas para realizar el mural, as\u00ed como convocar a los estudiantes que conformar\u00edan el equipo de ejecuci\u00f3n de la propuesta art\u00edstica: William Mena y Ver\u00f3nica Mor\u00e1n, con amplia experiencia art\u00edstica ambos en la realizaci\u00f3n de murales y arte urbano.<\/p>\n\n\n\n<p>El dise\u00f1o del mural corri\u00f3 a cargo del docente-investigador de la UTM, Mg. Carlos Fern\u00e1ndez, a fin de que los estudiantes de la carrera de Arquitectura pudieran realizarlo sobre la entrada del edificio de la Facultad de Ingenier\u00eda y Ciencias Aplicada, con el apoyo y direcci\u00f3n de la UArtes.<\/p>\n\n\n\n<p>\u201cEs un tributo al esfuerzo que hacen los estudiantes por alcanzar sus metas. Es por eso que en el dise\u00f1o del mural no hay rostros, pues puede ser cualquiera de ellos, y llevan mochilas con los artefactos o materiales que utilizan en las diferentes carreras que ofrece la universidad\u201d, expres\u00f3 Fern\u00e1ndez acerca del dise\u00f1o, cuyos colores fueron pensados en la l\u00ednea de los complementarios, \u201cpara que sea algo llamativo para quien observe, principalmente teniendo en cuenta a los j\u00f3venes\u201d.<\/p>\n\n\n\n<p>Como elemento de enlace, agreg\u00f3, se utilizaron l\u00edneas a manera de cintas de colores verde y amarillo, \u201cque son los representativos de la universidad, donde se disponen iconos de acuerdo a las facultades de la UTM. As\u00ed tambi\u00e9n, en la parte central est\u00e1 un mochuelo (ave rapaz nocturna), representando al estudioso o al sabio en la cultura popular, como el camino a seguir para alcanzar el \u00e9xito acad\u00e9mico. Como manabitas, este animal tiene una distinci\u00f3n significativa, ya que tambi\u00e9n forma parte de nuestros s\u00edmbolos ancestrales\u201d.<\/p>\n\n\n<div class=\"wp-block-image\">\n<figure class=\"aligncenter size-large\"><img decoding=\"async\" width=\"644\" height=\"429\" src=\"https:\/\/www.uartes.edu.ec\/sitio\/wp-content\/uploads\/2024\/07\/06-UTM-UARTES-1-644x429.jpg\" alt=\"\" class=\"wp-image-58602\" srcset=\"https:\/\/www.uartes.edu.ec\/sitio\/wp-content\/uploads\/2024\/07\/06-UTM-UARTES-1-644x429.jpg 644w, https:\/\/www.uartes.edu.ec\/sitio\/wp-content\/uploads\/2024\/07\/06-UTM-UARTES-1-300x200.jpg 300w, https:\/\/www.uartes.edu.ec\/sitio\/wp-content\/uploads\/2024\/07\/06-UTM-UARTES-1-768x512.jpg 768w, https:\/\/www.uartes.edu.ec\/sitio\/wp-content\/uploads\/2024\/07\/06-UTM-UARTES-1-1536x1024.jpg 1536w, https:\/\/www.uartes.edu.ec\/sitio\/wp-content\/uploads\/2024\/07\/06-UTM-UARTES-1-18x12.jpg 18w, https:\/\/www.uartes.edu.ec\/sitio\/wp-content\/uploads\/2024\/07\/06-UTM-UARTES-1-400x267.jpg 400w, https:\/\/www.uartes.edu.ec\/sitio\/wp-content\/uploads\/2024\/07\/06-UTM-UARTES-1-272x182.jpg 272w, https:\/\/www.uartes.edu.ec\/sitio\/wp-content\/uploads\/2024\/07\/06-UTM-UARTES-1.jpg 2000w\" sizes=\"(max-width: 644px) 100vw, 644px\" \/><\/figure>\n<\/div>\n\n\n<p>Acompa\u00f1aron al proceso del mural: por la UTM, la vicedecana de la carrera de Arquitectura, Olguita Briones, y el docente Pablo Guadamud; y por la UArtes, Ronny Ramos, quien integr\u00f3 junto a Mor\u00e1n, Mena y Serrano la delegaci\u00f3n que viaj\u00f3 a Portoviejo. De la universidad manabita participaron en la intervenci\u00f3n los estudiantes Jimmy Mieles, Lizzie Cede\u00f1o, Andrea Vera, Fidel Castro, Adri\u00e1n Saltos y Fernando Matute.<\/p>\n\n\n\n<p>\u201cEste es el tercer a\u00f1o que la carrera de Arquitectura pinta un mural durante la semana estudiantil\u201d, revel\u00f3 la vicedecana Briones, destacando que para esta ocasi\u00f3n se decidi\u00f3 que el mural estuviera en el ingreso principal del edificio de la FICA.<\/p>\n\n\n\n<p>Vale anotar que, la ejecuci\u00f3n de esta labor conjunta produjo a quienes transitaban por la zona curiosidad y asombro, comentando que les parec\u00eda importante que los estudiantes de la UTM se involucren en actividades de creaci\u00f3n art\u00edstica como complemento a su formaci\u00f3n profesional, por lo que autoridades y docentes se mostraron satisfechos y entusiasmados de continuar generando estos acercamientos entre ambas instituciones p\u00fablicas de educaci\u00f3n superior.<\/p>\n\n\n\n<p>Debido a la extensi\u00f3n del mural, este no pudo ser finalizado en dos d\u00edas de trabajo, sin embargo, con las indicaciones proporcionadas por el docente Joaqu\u00edn Serrano y a las t\u00e9cnicas compartidas por los estudiantes de Artes Visuales de la UArtes, el equipo UTM se comprometi\u00f3 en finalizarlo en los d\u00edas siguientes para su inauguraci\u00f3n durante las actividades de celebraci\u00f3n de la UTM.<\/p>\n\n\n\t\t\t\t\t<div\n\t\t\t\t\t\tclass=\"wp-block-uagb-image-gallery uagb-block-9d95fda6\"\n\t\t\t\t\t\tstyle=\"\"\n\t\t\t\t\t>\n\t\t\t\t\t\t\t\t\t\t\t<div class=\"spectra-image-gallery spectra-image-gallery__layout--grid spectra-image-gallery__layout--grid-col-2 spectra-image-gallery__layout--grid-col-tab-2 spectra-image-gallery__layout--grid-col-mob-2\">\n\t\t\t\t\t\t\t\t\t\t\t<div class='spectra-image-gallery__media-wrapper' data-spectra-gallery-image-id='58161' tabindex=\"0\">\n\t\t\t\t\t\t\t<div class=\"spectra-image-gallery__media spectra-image-gallery__media--grid\">\n\t\t\t\t<picture>\n\t\t\t\t\t<source media=\"(min-width: 1024px)\" srcset=\"https:\/\/www.uartes.edu.ec\/sitio\/wp-content\/uploads\/2024\/07\/01-UTM-UARTES-644x429.jpg\">\n\t\t\t\t\t<source media=\"(min-width: 768px)\" srcset=\"https:\/\/www.uartes.edu.ec\/sitio\/wp-content\/uploads\/2024\/07\/01-UTM-UARTES-644x429.jpg\">\n\t\t\t\t\t<img decoding=\"async\" class=\"spectra-image-gallery__media-thumbnail spectra-image-gallery__media-thumbnail--grid\" src=\"https:\/\/www.uartes.edu.ec\/sitio\/wp-content\/uploads\/2024\/07\/01-UTM-UARTES-300x200.jpg\" alt=\"\" loading=\"lazy\" \/>\n\t\t\t\t<\/picture>\n\t\t\t\t<div class=\"spectra-image-gallery__media-thumbnail-blurrer\"><\/div>\n\t\t\t\t\t\t\t\t\t\t\t<div class=\"spectra-image-gallery__media-thumbnail-caption-wrapper spectra-image-gallery__media-thumbnail-caption-wrapper--overlay\">\n\t\t\t\t\t\t\t\t\t\t\t<div class=\"spectra-image-gallery__media-thumbnail-caption spectra-image-gallery__media-thumbnail-caption--overlay\">\n\t\t\t\t\tNo Caption\t\t\t\t<\/div>\n\t\t\t\t\t\t\t\t\t\t<\/div>\n\t\t\t\t\t\t\t\t\t<\/div>\n\t\t\t\t\t\t<\/div>\n\t\t\t\t\t\t<div class='spectra-image-gallery__media-wrapper' data-spectra-gallery-image-id='58160' tabindex=\"0\">\n\t\t\t\t\t\t\t<div class=\"spectra-image-gallery__media spectra-image-gallery__media--grid\">\n\t\t\t\t<picture>\n\t\t\t\t\t<source media=\"(min-width: 1024px)\" srcset=\"https:\/\/www.uartes.edu.ec\/sitio\/wp-content\/uploads\/2024\/07\/05-UTM-UARTES-644x429.jpg\">\n\t\t\t\t\t<source media=\"(min-width: 768px)\" srcset=\"https:\/\/www.uartes.edu.ec\/sitio\/wp-content\/uploads\/2024\/07\/05-UTM-UARTES-644x429.jpg\">\n\t\t\t\t\t<img decoding=\"async\" class=\"spectra-image-gallery__media-thumbnail spectra-image-gallery__media-thumbnail--grid\" src=\"https:\/\/www.uartes.edu.ec\/sitio\/wp-content\/uploads\/2024\/07\/05-UTM-UARTES-300x200.jpg\" alt=\"\" loading=\"lazy\" \/>\n\t\t\t\t<\/picture>\n\t\t\t\t<div class=\"spectra-image-gallery__media-thumbnail-blurrer\"><\/div>\n\t\t\t\t\t\t\t\t\t\t\t<div class=\"spectra-image-gallery__media-thumbnail-caption-wrapper spectra-image-gallery__media-thumbnail-caption-wrapper--overlay\">\n\t\t\t\t\t\t\t\t\t\t\t<div class=\"spectra-image-gallery__media-thumbnail-caption spectra-image-gallery__media-thumbnail-caption--overlay\">\n\t\t\t\t\tNo Caption\t\t\t\t<\/div>\n\t\t\t\t\t\t\t\t\t\t<\/div>\n\t\t\t\t\t\t\t\t\t<\/div>\n\t\t\t\t\t\t<\/div>\n\t\t\t\t\t\t\t\t\t\t<\/div>\n\t\t\t\t\t\t\t\t\t\t\t\t\t\t\t\t\t\t<\/div>\n\t\t\t\t\t\t\t\t\t\n\n\n<p><\/p>\n\n\n\n<p>\u201cAunque los estudiantes manabitas dec\u00edan que no sab\u00edan c\u00f3mo pintar el mural quisieron estar all\u00ed. No fueron muchos porque como se lo hizo en una parte alta y debimos pintar subidos en andamios, tuvieron temor. El profe Serrano subi\u00f3 a los andamios y creo que eso motiv\u00f3 a los estudiantes que participaron a quitarse el miedo\u201d, agreg\u00f3 la ibarre\u00f1a Ver\u00f3nica Mor\u00e1n, quien cursa el s\u00e9ptimo semestre en la Escuela de Artes Visuales.<\/p>\n\n\n\n<p>Ponder\u00f3 la uni\u00f3n entre las universidades y cont\u00f3 que con Mena asesoraron a sus pares manabitas y prepararon colores, lo cual facilita procesos, como el degradado. Mor\u00e1n tiene amplia experiencia en la elaboraci\u00f3n de murales con caligraffiti. Ha participado en varios proyectos propios, colectivos y de otros artistas, como uno elaborado en el estadio de f\u00fatbol del cant\u00f3n Sim\u00f3n Bol\u00edvar.<\/p>\n\n\n\n<p>La palabra \u201cgracias\u201d en graffiti es el tac que la identifica cuando sale a la calle a pintar. Es como su invitaci\u00f3n a buscar e investigar lo que significa y de d\u00f3nde viene, qu\u00e9 es y se siente. Una palabra ambigua, quiz\u00e1s, que ha plasmado en variados lugares: Mapasingue, Fertisa, Vergeles y el centro de Guayaquil.<\/p>\n\n\n<div class=\"wp-block-image\">\n<figure class=\"aligncenter size-large\"><img decoding=\"async\" width=\"644\" height=\"429\" src=\"https:\/\/www.uartes.edu.ec\/sitio\/wp-content\/uploads\/2024\/07\/07-UTM-UARTES-644x429.jpg\" alt=\"\" class=\"wp-image-58162\" srcset=\"https:\/\/www.uartes.edu.ec\/sitio\/wp-content\/uploads\/2024\/07\/07-UTM-UARTES-644x429.jpg 644w, https:\/\/www.uartes.edu.ec\/sitio\/wp-content\/uploads\/2024\/07\/07-UTM-UARTES-300x200.jpg 300w, https:\/\/www.uartes.edu.ec\/sitio\/wp-content\/uploads\/2024\/07\/07-UTM-UARTES-768x512.jpg 768w, https:\/\/www.uartes.edu.ec\/sitio\/wp-content\/uploads\/2024\/07\/07-UTM-UARTES-1536x1024.jpg 1536w, https:\/\/www.uartes.edu.ec\/sitio\/wp-content\/uploads\/2024\/07\/07-UTM-UARTES-18x12.jpg 18w, https:\/\/www.uartes.edu.ec\/sitio\/wp-content\/uploads\/2024\/07\/07-UTM-UARTES-600x400.jpg 600w, https:\/\/www.uartes.edu.ec\/sitio\/wp-content\/uploads\/2024\/07\/07-UTM-UARTES-400x267.jpg 400w, https:\/\/www.uartes.edu.ec\/sitio\/wp-content\/uploads\/2024\/07\/07-UTM-UARTES-272x182.jpg 272w, https:\/\/www.uartes.edu.ec\/sitio\/wp-content\/uploads\/2024\/07\/07-UTM-UARTES.jpg 2000w\" sizes=\"(max-width: 644px) 100vw, 644px\" \/><\/figure>\n<\/div>\n\n\n<p>William Mena est\u00e1 en quinto semestre de la Escuela de Artes Visuales. Ha participado con el docente Joaqu\u00edn Serrano en proyectos similares al llevado en la UTM, es decir, en elaboraci\u00f3n de murales. Admiti\u00f3 haber pensado en que iba a pintar el de la UTM, pero al llegar los esperaban estudiantes de la universidad manabita, que se encargaron de su elaboraci\u00f3n bajo sus directrices.<\/p>\n\n\n\n<p>\u201cVer\u00f3nica (Mor\u00e1n) es m\u00e1s especializada en letras y el mural los ten\u00eda. Somos amigos por el arte urbano como grafiteros. Hemos pintado varias veces en la calle\u201d, expres\u00f3. Pintan graffitis por iniciativa propia, pero tambi\u00e9n son convocados. La toma del espacio p\u00fablico es su prop\u00f3sito, no tienen la idea de da\u00f1ar propiedad privada, sino de buscar paredes en mal estado y\/o deterioradas para por medio del graffiti darles vida y cambiar el entorno.<\/p>\n\n\n\n<p>En el perfil de su whatsapp, Mena aparece como <em>Ars Moriendi,<\/em> que en el di\u00e1logo con InfoUArtes dijo que lo resume como \u201cel arte de morir\u201d, aunque su nombre art\u00edstico en redes sociales o flayers es Cad\u00e1ver F\u00e9rtil, una ambivalencia \u2013admiti\u00f3\u2013 porque considera que \u201ctodos estamos muriendo lentamente, nuestras c\u00e9lulas y cuando se va deteriorando va, a la vez, creando. La energ\u00eda no se destruye, sino que se transforma\u201d.<\/p>\n\n\n\n<p>Al mural de la UTM la se\u00f1al\u00f3 como una experiencia distinta, pues junto con Mor\u00e1n les toc\u00f3 m\u00e1s dirigir y asesorar que pintar, lo cual disfrutan; sin embargo, result\u00f3 satisfactorio tomar parte de un proyecto que la UArtes comparte con otras instituciones de educaci\u00f3n superior.<\/p>\n\n\n\t\t\t\t\t<div\n\t\t\t\t\t\tclass=\"wp-block-uagb-image-gallery uagb-block-c43a7b89\"\n\t\t\t\t\t\tstyle=\"\"\n\t\t\t\t\t>\n\t\t\t\t\t\t\t\t\t\t\t<div class=\"spectra-image-gallery spectra-image-gallery__layout--grid spectra-image-gallery__layout--grid-col-2 spectra-image-gallery__layout--grid-col-tab-2 spectra-image-gallery__layout--grid-col-mob-2\">\n\t\t\t\t\t\t\t\t\t\t\t<div class='spectra-image-gallery__media-wrapper' data-spectra-gallery-image-id='58164' tabindex=\"0\">\n\t\t\t\t\t\t\t<div class=\"spectra-image-gallery__media spectra-image-gallery__media--grid\">\n\t\t\t\t<picture>\n\t\t\t\t\t<source media=\"(min-width: 1024px)\" srcset=\"https:\/\/www.uartes.edu.ec\/sitio\/wp-content\/uploads\/2024\/07\/04-UTM-UARTES-644x429.jpg\">\n\t\t\t\t\t<source media=\"(min-width: 768px)\" srcset=\"https:\/\/www.uartes.edu.ec\/sitio\/wp-content\/uploads\/2024\/07\/04-UTM-UARTES-644x429.jpg\">\n\t\t\t\t\t<img decoding=\"async\" class=\"spectra-image-gallery__media-thumbnail spectra-image-gallery__media-thumbnail--grid\" src=\"https:\/\/www.uartes.edu.ec\/sitio\/wp-content\/uploads\/2024\/07\/04-UTM-UARTES-300x200.jpg\" alt=\"\" loading=\"lazy\" \/>\n\t\t\t\t<\/picture>\n\t\t\t\t<div class=\"spectra-image-gallery__media-thumbnail-blurrer\"><\/div>\n\t\t\t\t\t\t\t\t\t\t\t<div class=\"spectra-image-gallery__media-thumbnail-caption-wrapper spectra-image-gallery__media-thumbnail-caption-wrapper--overlay\">\n\t\t\t\t\t\t\t\t\t\t\t<div class=\"spectra-image-gallery__media-thumbnail-caption spectra-image-gallery__media-thumbnail-caption--overlay\">\n\t\t\t\t\tNo Caption\t\t\t\t<\/div>\n\t\t\t\t\t\t\t\t\t\t<\/div>\n\t\t\t\t\t\t\t\t\t<\/div>\n\t\t\t\t\t\t<\/div>\n\t\t\t\t\t\t<div class='spectra-image-gallery__media-wrapper' data-spectra-gallery-image-id='58163' tabindex=\"0\">\n\t\t\t\t\t\t\t<div class=\"spectra-image-gallery__media spectra-image-gallery__media--grid\">\n\t\t\t\t<picture>\n\t\t\t\t\t<source media=\"(min-width: 1024px)\" srcset=\"https:\/\/www.uartes.edu.ec\/sitio\/wp-content\/uploads\/2024\/07\/08-UTM-UARTES-644x429.jpg\">\n\t\t\t\t\t<source media=\"(min-width: 768px)\" srcset=\"https:\/\/www.uartes.edu.ec\/sitio\/wp-content\/uploads\/2024\/07\/08-UTM-UARTES-644x429.jpg\">\n\t\t\t\t\t<img decoding=\"async\" class=\"spectra-image-gallery__media-thumbnail spectra-image-gallery__media-thumbnail--grid\" src=\"https:\/\/www.uartes.edu.ec\/sitio\/wp-content\/uploads\/2024\/07\/08-UTM-UARTES-300x200.jpg\" alt=\"\" loading=\"lazy\" \/>\n\t\t\t\t<\/picture>\n\t\t\t\t<div class=\"spectra-image-gallery__media-thumbnail-blurrer\"><\/div>\n\t\t\t\t\t\t\t\t\t\t\t<div class=\"spectra-image-gallery__media-thumbnail-caption-wrapper spectra-image-gallery__media-thumbnail-caption-wrapper--overlay\">\n\t\t\t\t\t\t\t\t\t\t\t<div class=\"spectra-image-gallery__media-thumbnail-caption spectra-image-gallery__media-thumbnail-caption--overlay\">\n\t\t\t\t\tNo Caption\t\t\t\t<\/div>\n\t\t\t\t\t\t\t\t\t\t<\/div>\n\t\t\t\t\t\t\t\t\t<\/div>\n\t\t\t\t\t\t<\/div>\n\t\t\t\t\t\t\t\t\t\t<\/div>\n\t\t\t\t\t\t\t\t\t\t\t\t\t\t\t\t\t\t<\/div>\n\t\t\t\t\t\t\t\t\t\n\n\n<p><\/p>\n\n\n\n<p>Fotos: Ronny Ramos\/Direcci\u00f3n de Vinculaci\u00f3n con la Sociedad UArtes; William Mena\/estudiante UArtes; y UTM<\/p>","protected":false},"excerpt":{"rendered":"<p>Docentes y estudiantes de la Universidad de las Artes y de la Universidad T\u00e9cnica de Manab\u00ed (UTM) elaboraron de manera conjunta un mural para celebrar aniversario de la instituci\u00f3n de educaci\u00f3n superior manabita. El acad\u00e9mico de la UTM Mg. Carlos Fern\u00e1ndez hizo su dise\u00f1o y nuestro docente Joaqu\u00edn Serrano dirigi\u00f3 la intervenci\u00f3n, con la colaboraci\u00f3n de los alumnos UArtes Ver\u00f3nica Mor\u00e1n y William Mena. <\/p>","protected":false},"author":10,"featured_media":58156,"comment_status":"open","ping_status":"open","sticky":false,"template":"","format":"standard","meta":{"_acf_changed":false,"_uag_custom_page_level_css":"","_monsterinsights_skip_tracking":false,"_monsterinsights_sitenote_active":false,"_monsterinsights_sitenote_note":"","_monsterinsights_sitenote_category":0,"cybocfi_hide_featured_image":"","footnotes":""},"categories":[80,82,159,75,76,77,79],"tags":[993],"infouartes":[],"class_list":["post-58155","post","type-post","status-publish","format-standard","has-post-thumbnail","hentry","category-academico","category-artes","category-artes-escenicas","category-docentes","category-estudiantes","category-gestion","category-vinculo","tag-vinculacion"],"acf":[],"yoast_head":"<!-- This site is optimized with the Yoast SEO plugin v27.4 - https:\/\/yoast.com\/product\/yoast-seo-wordpress\/ -->\n<title>Universidad de las Artes - UArtes y UTM se juntan para crear mural conmemorativo en uno de los edificios de la instituci\u00f3n de educaci\u00f3n superior manabita<\/title>\n<meta name=\"description\" content=\"Universidad de las Artes - UArtes y UTM se juntan para crear mural conmemorativo en uno de los edificios de la instituci\u00f3n de educaci\u00f3n superior manabita\" \/>\n<meta name=\"robots\" content=\"index, follow, max-snippet:-1, max-image-preview:large, max-video-preview:-1\" \/>\n<link rel=\"canonical\" href=\"https:\/\/www.uartes.edu.ec\/sitio\/en\/blog\/2024\/07\/02\/la-uartes-y-la-utm-se-juntan-para-la-elaboracion-de-mural-conmemorativo-en-la-sede-de-la-ies-manabita\/\" \/>\n<meta property=\"og:locale\" content=\"en_US\" \/>\n<meta property=\"og:type\" content=\"article\" \/>\n<meta property=\"og:title\" content=\"Universidad de las Artes - UArtes y UTM se juntan para crear mural conmemorativo en uno de los edificios de la instituci\u00f3n de educaci\u00f3n superior manabita\" \/>\n<meta property=\"og:description\" content=\"Universidad de las Artes - UArtes y UTM se juntan para crear mural conmemorativo en uno de los edificios de la instituci\u00f3n de educaci\u00f3n superior manabita\" \/>\n<meta property=\"og:url\" content=\"https:\/\/www.uartes.edu.ec\/sitio\/en\/blog\/2024\/07\/02\/la-uartes-y-la-utm-se-juntan-para-la-elaboracion-de-mural-conmemorativo-en-la-sede-de-la-ies-manabita\/\" \/>\n<meta property=\"og:site_name\" content=\"Universidad de las Artes\" \/>\n<meta property=\"article:publisher\" content=\"https:\/\/www.facebook.com\/uartesec\" \/>\n<meta property=\"article:published_time\" content=\"2024-07-02T14:26:00+00:00\" \/>\n<meta property=\"article:modified_time\" content=\"2024-07-12T22:34:06+00:00\" \/>\n<meta property=\"og:image\" content=\"https:\/\/www.uartes.edu.ec\/sitio\/wp-content\/uploads\/2024\/07\/09-UTM-UARTES.jpg\" \/>\n\t<meta property=\"og:image:width\" content=\"2000\" \/>\n\t<meta property=\"og:image:height\" content=\"1333\" \/>\n\t<meta property=\"og:image:type\" content=\"image\/jpeg\" \/>\n<meta name=\"author\" content=\"ccortez\" \/>\n<meta name=\"twitter:card\" content=\"summary_large_image\" \/>\n<meta name=\"twitter:creator\" content=\"@uartesec\" \/>\n<meta name=\"twitter:site\" content=\"@uartesec\" \/>\n<meta name=\"twitter:label1\" content=\"Written by\" \/>\n\t<meta name=\"twitter:data1\" content=\"ccortez\" \/>\n\t<meta name=\"twitter:label2\" content=\"Est. reading time\" \/>\n\t<meta name=\"twitter:data2\" content=\"7 minutes\" \/>\n<script type=\"application\/ld+json\" class=\"yoast-schema-graph\">{\"@context\":\"https:\\\/\\\/schema.org\",\"@graph\":[{\"@type\":\"Article\",\"@id\":\"https:\\\/\\\/www.uartes.edu.ec\\\/sitio\\\/en\\\/blog\\\/2024\\\/07\\\/02\\\/la-uartes-y-la-utm-se-juntan-para-la-elaboracion-de-mural-conmemorativo-en-la-sede-de-la-ies-manabita\\\/#article\",\"isPartOf\":{\"@id\":\"https:\\\/\\\/www.uartes.edu.ec\\\/sitio\\\/en\\\/blog\\\/2024\\\/07\\\/02\\\/la-uartes-y-la-utm-se-juntan-para-la-elaboracion-de-mural-conmemorativo-en-la-sede-de-la-ies-manabita\\\/\"},\"author\":{\"name\":\"ccortez\",\"@id\":\"https:\\\/\\\/www.uartes.edu.ec\\\/sitio\\\/en\\\/#\\\/schema\\\/person\\\/efa1b8275797664fd7f13a79ccc0b1f4\"},\"headline\":\"UArtes y UTM se juntan para crear mural conmemorativo en uno de los edificios de la instituci\u00f3n de educaci\u00f3n superior manabita\",\"datePublished\":\"2024-07-02T14:26:00+00:00\",\"dateModified\":\"2024-07-12T22:34:06+00:00\",\"mainEntityOfPage\":{\"@id\":\"https:\\\/\\\/www.uartes.edu.ec\\\/sitio\\\/en\\\/blog\\\/2024\\\/07\\\/02\\\/la-uartes-y-la-utm-se-juntan-para-la-elaboracion-de-mural-conmemorativo-en-la-sede-de-la-ies-manabita\\\/\"},\"wordCount\":1334,\"commentCount\":0,\"publisher\":{\"@id\":\"https:\\\/\\\/www.uartes.edu.ec\\\/sitio\\\/en\\\/#organization\"},\"image\":{\"@id\":\"https:\\\/\\\/www.uartes.edu.ec\\\/sitio\\\/en\\\/blog\\\/2024\\\/07\\\/02\\\/la-uartes-y-la-utm-se-juntan-para-la-elaboracion-de-mural-conmemorativo-en-la-sede-de-la-ies-manabita\\\/#primaryimage\"},\"thumbnailUrl\":\"https:\\\/\\\/www.uartes.edu.ec\\\/sitio\\\/wp-content\\\/uploads\\\/2024\\\/07\\\/09-UTM-UARTES.jpg\",\"keywords\":[\"vinculaci\u00f3n\"],\"articleSection\":[\"Acad\u00e9mico\",\"Artes\",\"Artes Esc\u00e9nicas\",\"Docentes\",\"Estudiantes\",\"Gesti\u00f3n\",\"V\u00ednculo\"],\"inLanguage\":\"en-US\",\"potentialAction\":[{\"@type\":\"CommentAction\",\"name\":\"Comment\",\"target\":[\"https:\\\/\\\/www.uartes.edu.ec\\\/sitio\\\/en\\\/blog\\\/2024\\\/07\\\/02\\\/la-uartes-y-la-utm-se-juntan-para-la-elaboracion-de-mural-conmemorativo-en-la-sede-de-la-ies-manabita\\\/#respond\"]}]},{\"@type\":[\"WebPage\",\"ItemPage\"],\"@id\":\"https:\\\/\\\/www.uartes.edu.ec\\\/sitio\\\/en\\\/blog\\\/2024\\\/07\\\/02\\\/la-uartes-y-la-utm-se-juntan-para-la-elaboracion-de-mural-conmemorativo-en-la-sede-de-la-ies-manabita\\\/\",\"url\":\"https:\\\/\\\/www.uartes.edu.ec\\\/sitio\\\/en\\\/blog\\\/2024\\\/07\\\/02\\\/la-uartes-y-la-utm-se-juntan-para-la-elaboracion-de-mural-conmemorativo-en-la-sede-de-la-ies-manabita\\\/\",\"name\":\"Universidad de las Artes - UArtes y UTM se juntan para crear mural conmemorativo en uno de los edificios de la instituci\u00f3n de educaci\u00f3n superior manabita\",\"isPartOf\":{\"@id\":\"https:\\\/\\\/www.uartes.edu.ec\\\/sitio\\\/en\\\/#website\"},\"primaryImageOfPage\":{\"@id\":\"https:\\\/\\\/www.uartes.edu.ec\\\/sitio\\\/en\\\/blog\\\/2024\\\/07\\\/02\\\/la-uartes-y-la-utm-se-juntan-para-la-elaboracion-de-mural-conmemorativo-en-la-sede-de-la-ies-manabita\\\/#primaryimage\"},\"image\":{\"@id\":\"https:\\\/\\\/www.uartes.edu.ec\\\/sitio\\\/en\\\/blog\\\/2024\\\/07\\\/02\\\/la-uartes-y-la-utm-se-juntan-para-la-elaboracion-de-mural-conmemorativo-en-la-sede-de-la-ies-manabita\\\/#primaryimage\"},\"thumbnailUrl\":\"https:\\\/\\\/www.uartes.edu.ec\\\/sitio\\\/wp-content\\\/uploads\\\/2024\\\/07\\\/09-UTM-UARTES.jpg\",\"datePublished\":\"2024-07-02T14:26:00+00:00\",\"dateModified\":\"2024-07-12T22:34:06+00:00\",\"description\":\"Universidad de las Artes - UArtes y UTM se juntan para crear mural conmemorativo en uno de los edificios de la instituci\u00f3n de educaci\u00f3n superior manabita\",\"breadcrumb\":{\"@id\":\"https:\\\/\\\/www.uartes.edu.ec\\\/sitio\\\/en\\\/blog\\\/2024\\\/07\\\/02\\\/la-uartes-y-la-utm-se-juntan-para-la-elaboracion-de-mural-conmemorativo-en-la-sede-de-la-ies-manabita\\\/#breadcrumb\"},\"inLanguage\":\"en-US\",\"potentialAction\":[{\"@type\":\"ReadAction\",\"target\":[\"https:\\\/\\\/www.uartes.edu.ec\\\/sitio\\\/en\\\/blog\\\/2024\\\/07\\\/02\\\/la-uartes-y-la-utm-se-juntan-para-la-elaboracion-de-mural-conmemorativo-en-la-sede-de-la-ies-manabita\\\/\"]}]},{\"@type\":\"ImageObject\",\"inLanguage\":\"en-US\",\"@id\":\"https:\\\/\\\/www.uartes.edu.ec\\\/sitio\\\/en\\\/blog\\\/2024\\\/07\\\/02\\\/la-uartes-y-la-utm-se-juntan-para-la-elaboracion-de-mural-conmemorativo-en-la-sede-de-la-ies-manabita\\\/#primaryimage\",\"url\":\"https:\\\/\\\/www.uartes.edu.ec\\\/sitio\\\/wp-content\\\/uploads\\\/2024\\\/07\\\/09-UTM-UARTES.jpg\",\"contentUrl\":\"https:\\\/\\\/www.uartes.edu.ec\\\/sitio\\\/wp-content\\\/uploads\\\/2024\\\/07\\\/09-UTM-UARTES.jpg\",\"width\":2000,\"height\":1333},{\"@type\":\"BreadcrumbList\",\"@id\":\"https:\\\/\\\/www.uartes.edu.ec\\\/sitio\\\/en\\\/blog\\\/2024\\\/07\\\/02\\\/la-uartes-y-la-utm-se-juntan-para-la-elaboracion-de-mural-conmemorativo-en-la-sede-de-la-ies-manabita\\\/#breadcrumb\",\"itemListElement\":[{\"@type\":\"ListItem\",\"position\":1,\"name\":\"Inicio\",\"item\":\"https:\\\/\\\/www.uartes.edu.ec\\\/sitio\\\/\"},{\"@type\":\"ListItem\",\"position\":2,\"name\":\"UArtes y UTM se juntan para crear mural conmemorativo en uno de los edificios de la instituci\u00f3n de educaci\u00f3n superior manabita\"}]},{\"@type\":\"WebSite\",\"@id\":\"https:\\\/\\\/www.uartes.edu.ec\\\/sitio\\\/en\\\/#website\",\"url\":\"https:\\\/\\\/www.uartes.edu.ec\\\/sitio\\\/en\\\/\",\"name\":\"Universidad de las Artes\",\"description\":\"Sitio oficial de la Universidad Nacional de las Artes del Ecuador\",\"publisher\":{\"@id\":\"https:\\\/\\\/www.uartes.edu.ec\\\/sitio\\\/en\\\/#organization\"},\"potentialAction\":[{\"@type\":\"SearchAction\",\"target\":{\"@type\":\"EntryPoint\",\"urlTemplate\":\"https:\\\/\\\/www.uartes.edu.ec\\\/sitio\\\/en\\\/?s={search_term_string}\"},\"query-input\":{\"@type\":\"PropertyValueSpecification\",\"valueRequired\":true,\"valueName\":\"search_term_string\"}}],\"inLanguage\":\"en-US\"},{\"@type\":\"Organization\",\"@id\":\"https:\\\/\\\/www.uartes.edu.ec\\\/sitio\\\/en\\\/#organization\",\"name\":\"Universidad de las Artes\",\"url\":\"https:\\\/\\\/www.uartes.edu.ec\\\/sitio\\\/en\\\/\",\"logo\":{\"@type\":\"ImageObject\",\"inLanguage\":\"en-US\",\"@id\":\"https:\\\/\\\/www.uartes.edu.ec\\\/sitio\\\/en\\\/#\\\/schema\\\/logo\\\/image\\\/\",\"url\":\"https:\\\/\\\/www.uartes.edu.ec\\\/sitio\\\/wp-content\\\/uploads\\\/2022\\\/07\\\/logo-ua-horizontal.png\",\"contentUrl\":\"https:\\\/\\\/www.uartes.edu.ec\\\/sitio\\\/wp-content\\\/uploads\\\/2022\\\/07\\\/logo-ua-horizontal.png\",\"width\":800,\"height\":276,\"caption\":\"Universidad de las Artes\"},\"image\":{\"@id\":\"https:\\\/\\\/www.uartes.edu.ec\\\/sitio\\\/en\\\/#\\\/schema\\\/logo\\\/image\\\/\"},\"sameAs\":[\"https:\\\/\\\/www.facebook.com\\\/uartesec\",\"https:\\\/\\\/x.com\\\/uartesec\",\"https:\\\/\\\/www.tiktok.com\\\/@uartesec\"]},{\"@type\":\"Person\",\"@id\":\"https:\\\/\\\/www.uartes.edu.ec\\\/sitio\\\/en\\\/#\\\/schema\\\/person\\\/efa1b8275797664fd7f13a79ccc0b1f4\",\"name\":\"ccortez\",\"image\":{\"@type\":\"ImageObject\",\"inLanguage\":\"en-US\",\"@id\":\"https:\\\/\\\/secure.gravatar.com\\\/avatar\\\/b2a6f664a3ae8e074346ef91775736c5ec479e637ecced6842de9dc98b5da9cd?s=96&d=mm&r=g\",\"url\":\"https:\\\/\\\/secure.gravatar.com\\\/avatar\\\/b2a6f664a3ae8e074346ef91775736c5ec479e637ecced6842de9dc98b5da9cd?s=96&d=mm&r=g\",\"contentUrl\":\"https:\\\/\\\/secure.gravatar.com\\\/avatar\\\/b2a6f664a3ae8e074346ef91775736c5ec479e637ecced6842de9dc98b5da9cd?s=96&d=mm&r=g\",\"caption\":\"ccortez\"},\"url\":\"https:\\\/\\\/www.uartes.edu.ec\\\/sitio\\\/en\\\/blog\\\/author\\\/ccortez\\\/\"}]}<\/script>\n<!-- \/ Yoast SEO plugin. -->","yoast_head_json":{"title":"Universidad de las Artes - UArtes y UTM se juntan para crear mural conmemorativo en uno de los edificios de la instituci\u00f3n de educaci\u00f3n superior manabita","description":"Universidad de las Artes - UArtes y UTM se juntan para crear mural conmemorativo en uno de los edificios de la instituci\u00f3n de educaci\u00f3n superior manabita","robots":{"index":"index","follow":"follow","max-snippet":"max-snippet:-1","max-image-preview":"max-image-preview:large","max-video-preview":"max-video-preview:-1"},"canonical":"https:\/\/www.uartes.edu.ec\/sitio\/en\/blog\/2024\/07\/02\/la-uartes-y-la-utm-se-juntan-para-la-elaboracion-de-mural-conmemorativo-en-la-sede-de-la-ies-manabita\/","og_locale":"en_US","og_type":"article","og_title":"Universidad de las Artes - UArtes y UTM se juntan para crear mural conmemorativo en uno de los edificios de la instituci\u00f3n de educaci\u00f3n superior manabita","og_description":"Universidad de las Artes - UArtes y UTM se juntan para crear mural conmemorativo en uno de los edificios de la instituci\u00f3n de educaci\u00f3n superior manabita","og_url":"https:\/\/www.uartes.edu.ec\/sitio\/en\/blog\/2024\/07\/02\/la-uartes-y-la-utm-se-juntan-para-la-elaboracion-de-mural-conmemorativo-en-la-sede-de-la-ies-manabita\/","og_site_name":"Universidad de las Artes","article_publisher":"https:\/\/www.facebook.com\/uartesec","article_published_time":"2024-07-02T14:26:00+00:00","article_modified_time":"2024-07-12T22:34:06+00:00","og_image":[{"width":2000,"height":1333,"url":"https:\/\/www.uartes.edu.ec\/sitio\/wp-content\/uploads\/2024\/07\/09-UTM-UARTES.jpg","type":"image\/jpeg"}],"author":"ccortez","twitter_card":"summary_large_image","twitter_creator":"@uartesec","twitter_site":"@uartesec","twitter_misc":{"Written by":"ccortez","Est. reading time":"7 minutes"},"schema":{"@context":"https:\/\/schema.org","@graph":[{"@type":"Article","@id":"https:\/\/www.uartes.edu.ec\/sitio\/en\/blog\/2024\/07\/02\/la-uartes-y-la-utm-se-juntan-para-la-elaboracion-de-mural-conmemorativo-en-la-sede-de-la-ies-manabita\/#article","isPartOf":{"@id":"https:\/\/www.uartes.edu.ec\/sitio\/en\/blog\/2024\/07\/02\/la-uartes-y-la-utm-se-juntan-para-la-elaboracion-de-mural-conmemorativo-en-la-sede-de-la-ies-manabita\/"},"author":{"name":"ccortez","@id":"https:\/\/www.uartes.edu.ec\/sitio\/en\/#\/schema\/person\/efa1b8275797664fd7f13a79ccc0b1f4"},"headline":"UArtes y UTM se juntan para crear mural conmemorativo en uno de los edificios de la instituci\u00f3n de educaci\u00f3n superior manabita","datePublished":"2024-07-02T14:26:00+00:00","dateModified":"2024-07-12T22:34:06+00:00","mainEntityOfPage":{"@id":"https:\/\/www.uartes.edu.ec\/sitio\/en\/blog\/2024\/07\/02\/la-uartes-y-la-utm-se-juntan-para-la-elaboracion-de-mural-conmemorativo-en-la-sede-de-la-ies-manabita\/"},"wordCount":1334,"commentCount":0,"publisher":{"@id":"https:\/\/www.uartes.edu.ec\/sitio\/en\/#organization"},"image":{"@id":"https:\/\/www.uartes.edu.ec\/sitio\/en\/blog\/2024\/07\/02\/la-uartes-y-la-utm-se-juntan-para-la-elaboracion-de-mural-conmemorativo-en-la-sede-de-la-ies-manabita\/#primaryimage"},"thumbnailUrl":"https:\/\/www.uartes.edu.ec\/sitio\/wp-content\/uploads\/2024\/07\/09-UTM-UARTES.jpg","keywords":["vinculaci\u00f3n"],"articleSection":["Acad\u00e9mico","Artes","Artes Esc\u00e9nicas","Docentes","Estudiantes","Gesti\u00f3n","V\u00ednculo"],"inLanguage":"en-US","potentialAction":[{"@type":"CommentAction","name":"Comment","target":["https:\/\/www.uartes.edu.ec\/sitio\/en\/blog\/2024\/07\/02\/la-uartes-y-la-utm-se-juntan-para-la-elaboracion-de-mural-conmemorativo-en-la-sede-de-la-ies-manabita\/#respond"]}]},{"@type":["WebPage","ItemPage"],"@id":"https:\/\/www.uartes.edu.ec\/sitio\/en\/blog\/2024\/07\/02\/la-uartes-y-la-utm-se-juntan-para-la-elaboracion-de-mural-conmemorativo-en-la-sede-de-la-ies-manabita\/","url":"https:\/\/www.uartes.edu.ec\/sitio\/en\/blog\/2024\/07\/02\/la-uartes-y-la-utm-se-juntan-para-la-elaboracion-de-mural-conmemorativo-en-la-sede-de-la-ies-manabita\/","name":"Universidad de las Artes - UArtes y UTM se juntan para crear mural conmemorativo en uno de los edificios de la instituci\u00f3n de educaci\u00f3n superior manabita","isPartOf":{"@id":"https:\/\/www.uartes.edu.ec\/sitio\/en\/#website"},"primaryImageOfPage":{"@id":"https:\/\/www.uartes.edu.ec\/sitio\/en\/blog\/2024\/07\/02\/la-uartes-y-la-utm-se-juntan-para-la-elaboracion-de-mural-conmemorativo-en-la-sede-de-la-ies-manabita\/#primaryimage"},"image":{"@id":"https:\/\/www.uartes.edu.ec\/sitio\/en\/blog\/2024\/07\/02\/la-uartes-y-la-utm-se-juntan-para-la-elaboracion-de-mural-conmemorativo-en-la-sede-de-la-ies-manabita\/#primaryimage"},"thumbnailUrl":"https:\/\/www.uartes.edu.ec\/sitio\/wp-content\/uploads\/2024\/07\/09-UTM-UARTES.jpg","datePublished":"2024-07-02T14:26:00+00:00","dateModified":"2024-07-12T22:34:06+00:00","description":"Universidad de las Artes - UArtes y UTM se juntan para crear mural conmemorativo en uno de los edificios de la instituci\u00f3n de educaci\u00f3n superior manabita","breadcrumb":{"@id":"https:\/\/www.uartes.edu.ec\/sitio\/en\/blog\/2024\/07\/02\/la-uartes-y-la-utm-se-juntan-para-la-elaboracion-de-mural-conmemorativo-en-la-sede-de-la-ies-manabita\/#breadcrumb"},"inLanguage":"en-US","potentialAction":[{"@type":"ReadAction","target":["https:\/\/www.uartes.edu.ec\/sitio\/en\/blog\/2024\/07\/02\/la-uartes-y-la-utm-se-juntan-para-la-elaboracion-de-mural-conmemorativo-en-la-sede-de-la-ies-manabita\/"]}]},{"@type":"ImageObject","inLanguage":"en-US","@id":"https:\/\/www.uartes.edu.ec\/sitio\/en\/blog\/2024\/07\/02\/la-uartes-y-la-utm-se-juntan-para-la-elaboracion-de-mural-conmemorativo-en-la-sede-de-la-ies-manabita\/#primaryimage","url":"https:\/\/www.uartes.edu.ec\/sitio\/wp-content\/uploads\/2024\/07\/09-UTM-UARTES.jpg","contentUrl":"https:\/\/www.uartes.edu.ec\/sitio\/wp-content\/uploads\/2024\/07\/09-UTM-UARTES.jpg","width":2000,"height":1333},{"@type":"BreadcrumbList","@id":"https:\/\/www.uartes.edu.ec\/sitio\/en\/blog\/2024\/07\/02\/la-uartes-y-la-utm-se-juntan-para-la-elaboracion-de-mural-conmemorativo-en-la-sede-de-la-ies-manabita\/#breadcrumb","itemListElement":[{"@type":"ListItem","position":1,"name":"Inicio","item":"https:\/\/www.uartes.edu.ec\/sitio\/"},{"@type":"ListItem","position":2,"name":"UArtes y UTM se juntan para crear mural conmemorativo en uno de los edificios de la instituci\u00f3n de educaci\u00f3n superior manabita"}]},{"@type":"WebSite","@id":"https:\/\/www.uartes.edu.ec\/sitio\/en\/#website","url":"https:\/\/www.uartes.edu.ec\/sitio\/en\/","name":"Universidad de las Artes","description":"Sitio oficial de la Universidad Nacional de las Artes del Ecuador","publisher":{"@id":"https:\/\/www.uartes.edu.ec\/sitio\/en\/#organization"},"potentialAction":[{"@type":"SearchAction","target":{"@type":"EntryPoint","urlTemplate":"https:\/\/www.uartes.edu.ec\/sitio\/en\/?s={search_term_string}"},"query-input":{"@type":"PropertyValueSpecification","valueRequired":true,"valueName":"search_term_string"}}],"inLanguage":"en-US"},{"@type":"Organization","@id":"https:\/\/www.uartes.edu.ec\/sitio\/en\/#organization","name":"Universidad de las Artes","url":"https:\/\/www.uartes.edu.ec\/sitio\/en\/","logo":{"@type":"ImageObject","inLanguage":"en-US","@id":"https:\/\/www.uartes.edu.ec\/sitio\/en\/#\/schema\/logo\/image\/","url":"https:\/\/www.uartes.edu.ec\/sitio\/wp-content\/uploads\/2022\/07\/logo-ua-horizontal.png","contentUrl":"https:\/\/www.uartes.edu.ec\/sitio\/wp-content\/uploads\/2022\/07\/logo-ua-horizontal.png","width":800,"height":276,"caption":"Universidad de las Artes"},"image":{"@id":"https:\/\/www.uartes.edu.ec\/sitio\/en\/#\/schema\/logo\/image\/"},"sameAs":["https:\/\/www.facebook.com\/uartesec","https:\/\/x.com\/uartesec","https:\/\/www.tiktok.com\/@uartesec"]},{"@type":"Person","@id":"https:\/\/www.uartes.edu.ec\/sitio\/en\/#\/schema\/person\/efa1b8275797664fd7f13a79ccc0b1f4","name":"ccortez","image":{"@type":"ImageObject","inLanguage":"en-US","@id":"https:\/\/secure.gravatar.com\/avatar\/b2a6f664a3ae8e074346ef91775736c5ec479e637ecced6842de9dc98b5da9cd?s=96&d=mm&r=g","url":"https:\/\/secure.gravatar.com\/avatar\/b2a6f664a3ae8e074346ef91775736c5ec479e637ecced6842de9dc98b5da9cd?s=96&d=mm&r=g","contentUrl":"https:\/\/secure.gravatar.com\/avatar\/b2a6f664a3ae8e074346ef91775736c5ec479e637ecced6842de9dc98b5da9cd?s=96&d=mm&r=g","caption":"ccortez"},"url":"https:\/\/www.uartes.edu.ec\/sitio\/en\/blog\/author\/ccortez\/"}]}},"uagb_featured_image_src":{"full":["https:\/\/www.uartes.edu.ec\/sitio\/wp-content\/uploads\/2024\/07\/09-UTM-UARTES.jpg",2000,1333,false],"thumbnail":["https:\/\/www.uartes.edu.ec\/sitio\/wp-content\/uploads\/2024\/07\/09-UTM-UARTES-150x150.jpg",150,150,true],"medium":["https:\/\/www.uartes.edu.ec\/sitio\/wp-content\/uploads\/2024\/07\/09-UTM-UARTES-300x200.jpg",300,200,true],"medium_large":["https:\/\/www.uartes.edu.ec\/sitio\/wp-content\/uploads\/2024\/07\/09-UTM-UARTES-768x512.jpg",768,512,true],"large":["https:\/\/www.uartes.edu.ec\/sitio\/wp-content\/uploads\/2024\/07\/09-UTM-UARTES-644x429.jpg",644,429,true],"1536x1536":["https:\/\/www.uartes.edu.ec\/sitio\/wp-content\/uploads\/2024\/07\/09-UTM-UARTES-1536x1024.jpg",1536,1024,true],"2048x2048":["https:\/\/www.uartes.edu.ec\/sitio\/wp-content\/uploads\/2024\/07\/09-UTM-UARTES.jpg",2000,1333,false],"trp-custom-language-flag":["https:\/\/www.uartes.edu.ec\/sitio\/wp-content\/uploads\/2024\/07\/09-UTM-UARTES-18x12.jpg",18,12,true],"htmega_size_585x295":["https:\/\/www.uartes.edu.ec\/sitio\/wp-content\/uploads\/2024\/07\/09-UTM-UARTES-585x295.jpg",585,295,true],"htmega_size_1170x536":["https:\/\/www.uartes.edu.ec\/sitio\/wp-content\/uploads\/2024\/07\/09-UTM-UARTES-1170x536.jpg",1170,536,true],"htmega_size_396x360":["https:\/\/www.uartes.edu.ec\/sitio\/wp-content\/uploads\/2024\/07\/09-UTM-UARTES-396x360.jpg",396,360,true],"gb-block-post-grid-landscape":["https:\/\/www.uartes.edu.ec\/sitio\/wp-content\/uploads\/2024\/07\/09-UTM-UARTES-600x400.jpg",600,400,true],"gb-block-post-grid-square":["https:\/\/www.uartes.edu.ec\/sitio\/wp-content\/uploads\/2024\/07\/09-UTM-UARTES-600x600.jpg",600,600,true],"university-hub-thumb":["https:\/\/www.uartes.edu.ec\/sitio\/wp-content\/uploads\/2024\/07\/09-UTM-UARTES-400x267.jpg",400,267,true]},"uagb_author_info":{"display_name":"ccortez","author_link":"https:\/\/www.uartes.edu.ec\/sitio\/en\/blog\/author\/ccortez\/"},"uagb_comment_info":0,"uagb_excerpt":"Docentes y estudiantes de la Universidad de las Artes y de la Universidad T\u00e9cnica de Manab\u00ed (UTM) elaboraron de manera conjunta un mural para celebrar aniversario de la instituci\u00f3n de educaci\u00f3n superior manabita. El acad\u00e9mico de la UTM Mg. Carlos Fern\u00e1ndez hizo su dise\u00f1o y nuestro docente Joaqu\u00edn Serrano dirigi\u00f3 la intervenci\u00f3n, con la colaboraci\u00f3n&hellip;","featured_image_src":"https:\/\/www.uartes.edu.ec\/sitio\/wp-content\/uploads\/2024\/07\/09-UTM-UARTES-600x400.jpg","featured_image_src_square":"https:\/\/www.uartes.edu.ec\/sitio\/wp-content\/uploads\/2024\/07\/09-UTM-UARTES-600x600.jpg","author_info":{"display_name":"ccortez","author_link":"https:\/\/www.uartes.edu.ec\/sitio\/en\/blog\/author\/ccortez\/"},"publishpress_future_workflow_manual_trigger":{"enabledWorkflows":[]},"distributor_meta":false,"distributor_terms":false,"distributor_media":false,"distributor_original_site_name":"Universidad de las Artes","distributor_original_site_url":"https:\/\/www.uartes.edu.ec\/sitio\/en","push-errors":false,"_links":{"self":[{"href":"https:\/\/www.uartes.edu.ec\/sitio\/en\/wp-json\/wp\/v2\/posts\/58155","targetHints":{"allow":["GET"]}}],"collection":[{"href":"https:\/\/www.uartes.edu.ec\/sitio\/en\/wp-json\/wp\/v2\/posts"}],"about":[{"href":"https:\/\/www.uartes.edu.ec\/sitio\/en\/wp-json\/wp\/v2\/types\/post"}],"author":[{"embeddable":true,"href":"https:\/\/www.uartes.edu.ec\/sitio\/en\/wp-json\/wp\/v2\/users\/10"}],"replies":[{"embeddable":true,"href":"https:\/\/www.uartes.edu.ec\/sitio\/en\/wp-json\/wp\/v2\/comments?post=58155"}],"version-history":[{"count":22,"href":"https:\/\/www.uartes.edu.ec\/sitio\/en\/wp-json\/wp\/v2\/posts\/58155\/revisions"}],"predecessor-version":[{"id":58612,"href":"https:\/\/www.uartes.edu.ec\/sitio\/en\/wp-json\/wp\/v2\/posts\/58155\/revisions\/58612"}],"wp:featuredmedia":[{"embeddable":true,"href":"https:\/\/www.uartes.edu.ec\/sitio\/en\/wp-json\/wp\/v2\/media\/58156"}],"wp:attachment":[{"href":"https:\/\/www.uartes.edu.ec\/sitio\/en\/wp-json\/wp\/v2\/media?parent=58155"}],"wp:term":[{"taxonomy":"category","embeddable":true,"href":"https:\/\/www.uartes.edu.ec\/sitio\/en\/wp-json\/wp\/v2\/categories?post=58155"},{"taxonomy":"post_tag","embeddable":true,"href":"https:\/\/www.uartes.edu.ec\/sitio\/en\/wp-json\/wp\/v2\/tags?post=58155"},{"taxonomy":"infouartes","embeddable":true,"href":"https:\/\/www.uartes.edu.ec\/sitio\/en\/wp-json\/wp\/v2\/infouartes?post=58155"}],"curies":[{"name":"wp","href":"https:\/\/api.w.org\/{rel}","templated":true}]}}