{"id":58193,"date":"2024-07-03T10:13:00","date_gmt":"2024-07-03T15:13:00","guid":{"rendered":"https:\/\/www.uartes.edu.ec\/sitio\/?p=58193"},"modified":"2025-08-12T10:24:05","modified_gmt":"2025-08-12T15:24:05","slug":"instituciones-de-educacion-superior-de-la-zona-5-y-8-firman-convenio-de-ppp-con-el-municipio-de-guayaquil","status":"publish","type":"post","link":"https:\/\/www.uartes.edu.ec\/sitio\/en\/blog\/2024\/07\/03\/instituciones-de-educacion-superior-de-la-zona-5-y-8-firman-convenio-de-ppp-con-el-municipio-de-guayaquil\/","title":{"rendered":"Instituciones de educaci\u00f3n superior de zona 5 y 8 suscriben un convenio marco para las PPP con Municipio de Guayaquil"},"content":{"rendered":"<p>Las autoridades de las instituciones de educaci\u00f3n superior de la zona 5 y 8 que conforman la Red Ecuatoriana Universitaria de Vinculaci\u00f3n con la Colectividad (REUVIC), que preside la Universidad de las Artes, firmaron un Convenio Marco de Pr\u00e1cticas PreProfesionales (PPP) con el Gobierno Aut\u00f3nomo Descentralizado Municipal de Guayaquil, para el fomento del trabajo colaborativo en la construcci\u00f3n de comunidades de convivencia y paz.<\/p>\n\n\n\n<p>El acto se desarroll\u00f3 el 2 de julio de 2024, en el Sal\u00f3n de la Ciudad. Por el Municipio de Guayaquil estuvo presente el alcalde Alquiles Alvarez, as\u00ed como los ediles que integran el concejo cantonal, y los rectores de las instituciones firmantes.<\/p>\n\n\n\n<p>El doctor William Herrera, rector de la Universidad de las Artes, comparti\u00f3 la mesa directiva con las autoridades municipales y en su intervenci\u00f3n destac\u00f3 la articulaci\u00f3n de la academia con los gobiernos locales para la reconstrucci\u00f3n del tejido social y mencion\u00f3 los corredores universitarios con los que cuenta la ciudad. Junto con la UArtes la conforman en el centro de la urbe la Escuela Superior Polit\u00e9cnica del Litoral (Espol) y la Universidad de Guayaquil (UG).<\/p>\n\n\n<div class=\"wp-block-image\">\n<figure class=\"aligncenter size-large\"><img fetchpriority=\"high\" decoding=\"async\" width=\"644\" height=\"429\" src=\"https:\/\/www.uartes.edu.ec\/sitio\/wp-content\/uploads\/2024\/07\/02-PPP-MUNICIPIO-IES-UARTES-644x429.jpg\" alt=\"\" class=\"wp-image-58195\" srcset=\"https:\/\/www.uartes.edu.ec\/sitio\/wp-content\/uploads\/2024\/07\/02-PPP-MUNICIPIO-IES-UARTES-644x429.jpg 644w, https:\/\/www.uartes.edu.ec\/sitio\/wp-content\/uploads\/2024\/07\/02-PPP-MUNICIPIO-IES-UARTES-300x200.jpg 300w, https:\/\/www.uartes.edu.ec\/sitio\/wp-content\/uploads\/2024\/07\/02-PPP-MUNICIPIO-IES-UARTES-768x512.jpg 768w, https:\/\/www.uartes.edu.ec\/sitio\/wp-content\/uploads\/2024\/07\/02-PPP-MUNICIPIO-IES-UARTES-1536x1024.jpg 1536w, https:\/\/www.uartes.edu.ec\/sitio\/wp-content\/uploads\/2024\/07\/02-PPP-MUNICIPIO-IES-UARTES-18x12.jpg 18w, https:\/\/www.uartes.edu.ec\/sitio\/wp-content\/uploads\/2024\/07\/02-PPP-MUNICIPIO-IES-UARTES-600x400.jpg 600w, https:\/\/www.uartes.edu.ec\/sitio\/wp-content\/uploads\/2024\/07\/02-PPP-MUNICIPIO-IES-UARTES-400x267.jpg 400w, https:\/\/www.uartes.edu.ec\/sitio\/wp-content\/uploads\/2024\/07\/02-PPP-MUNICIPIO-IES-UARTES-272x182.jpg 272w, https:\/\/www.uartes.edu.ec\/sitio\/wp-content\/uploads\/2024\/07\/02-PPP-MUNICIPIO-IES-UARTES.jpg 2000w\" sizes=\"(max-width: 644px) 100vw, 644px\" \/><\/figure>\n<\/div>\n\n\n<p>Tambi\u00e9n presentes en la firma del convenio estuvieron los estudiantes de las instituciones de educaci\u00f3n superior e institutos de la zona 5 y 8 que suscribieron el convenio y los representantes de las direcciones de vinculaci\u00f3n con la comunidad y de pr\u00e1cticas preprofesionales.<\/p>\n\n\n\n<p>Vale destacar que los directores de Vinculaci\u00f3n con la Sociedad de las instituciones de educaci\u00f3n superior de la zona 5 y 8 de REUVIC fueron invitados \u2013en febrero pasado\u2013 por la concejal Emily Vera a una primera mesa de trabajo para socializar el instrumento legal del Convenio Marco de Pr\u00e1cticas PreProfesionales entre el Municipio de Guayaquil y las IES.<\/p>\n\n\n\n<p>Se se\u00f1al\u00f3 como principal objetivo viabilizar el desarrollo de actividades de aprendizaje orientadas a la aplicaci\u00f3n de conocimientos y\/o al desarrollo de competencias profesionales a trav\u00e9s de las PPP por parte de los universitarios, las cuales, por su car\u00e1cter y efecto acad\u00e9mico, no generan ning\u00fan v\u00ednculo ni obligaci\u00f3n laboral.<\/p>\n\n\n\t\t\t\t\t<div\n\t\t\t\t\t\tclass=\"wp-block-uagb-image-gallery uagb-block-abdc97f8\"\n\t\t\t\t\t\tstyle=\"\"\n\t\t\t\t\t>\n\t\t\t\t\t\t\t\t\t\t\t<div class=\"spectra-image-gallery spectra-image-gallery__layout--grid spectra-image-gallery__layout--grid-col-2 spectra-image-gallery__layout--grid-col-tab-2 spectra-image-gallery__layout--grid-col-mob-2\">\n\t\t\t\t\t\t\t\t\t\t\t<div class='spectra-image-gallery__media-wrapper' data-spectra-gallery-image-id='58197' tabindex=\"0\">\n\t\t\t\t\t\t\t<div class=\"spectra-image-gallery__media spectra-image-gallery__media--grid\">\n\t\t\t\t<picture>\n\t\t\t\t\t<source media=\"(min-width: 1024px)\" srcset=\"https:\/\/www.uartes.edu.ec\/sitio\/wp-content\/uploads\/2024\/07\/05-PPP-MUNICIPIO-IES-UARTES-644x429.jpg\">\n\t\t\t\t\t<source media=\"(min-width: 768px)\" srcset=\"https:\/\/www.uartes.edu.ec\/sitio\/wp-content\/uploads\/2024\/07\/05-PPP-MUNICIPIO-IES-UARTES-644x429.jpg\">\n\t\t\t\t\t<img decoding=\"async\" class=\"spectra-image-gallery__media-thumbnail spectra-image-gallery__media-thumbnail--grid\" src=\"https:\/\/www.uartes.edu.ec\/sitio\/wp-content\/uploads\/2024\/07\/05-PPP-MUNICIPIO-IES-UARTES-300x200.jpg\" alt=\"\" loading=\"lazy\" \/>\n\t\t\t\t<\/picture>\n\t\t\t\t<div class=\"spectra-image-gallery__media-thumbnail-blurrer\"><\/div>\n\t\t\t\t\t\t\t\t\t\t\t<div class=\"spectra-image-gallery__media-thumbnail-caption-wrapper spectra-image-gallery__media-thumbnail-caption-wrapper--overlay\">\n\t\t\t\t\t\t\t\t\t\t\t<div class=\"spectra-image-gallery__media-thumbnail-caption spectra-image-gallery__media-thumbnail-caption--overlay\">\n\t\t\t\t\tNo Caption\t\t\t\t<\/div>\n\t\t\t\t\t\t\t\t\t\t<\/div>\n\t\t\t\t\t\t\t\t\t<\/div>\n\t\t\t\t\t\t<\/div>\n\t\t\t\t\t\t<div class='spectra-image-gallery__media-wrapper' data-spectra-gallery-image-id='58196' tabindex=\"0\">\n\t\t\t\t\t\t\t<div class=\"spectra-image-gallery__media spectra-image-gallery__media--grid\">\n\t\t\t\t<picture>\n\t\t\t\t\t<source media=\"(min-width: 1024px)\" srcset=\"https:\/\/www.uartes.edu.ec\/sitio\/wp-content\/uploads\/2024\/07\/06-PPP-MUNICIPIO-IES-UARTES-644x429.jpg\">\n\t\t\t\t\t<source media=\"(min-width: 768px)\" srcset=\"https:\/\/www.uartes.edu.ec\/sitio\/wp-content\/uploads\/2024\/07\/06-PPP-MUNICIPIO-IES-UARTES-644x429.jpg\">\n\t\t\t\t\t<img decoding=\"async\" class=\"spectra-image-gallery__media-thumbnail spectra-image-gallery__media-thumbnail--grid\" src=\"https:\/\/www.uartes.edu.ec\/sitio\/wp-content\/uploads\/2024\/07\/06-PPP-MUNICIPIO-IES-UARTES-300x200.jpg\" alt=\"\" loading=\"lazy\" \/>\n\t\t\t\t<\/picture>\n\t\t\t\t<div class=\"spectra-image-gallery__media-thumbnail-blurrer\"><\/div>\n\t\t\t\t\t\t\t\t\t\t\t<div class=\"spectra-image-gallery__media-thumbnail-caption-wrapper spectra-image-gallery__media-thumbnail-caption-wrapper--overlay\">\n\t\t\t\t\t\t\t\t\t\t\t<div class=\"spectra-image-gallery__media-thumbnail-caption spectra-image-gallery__media-thumbnail-caption--overlay\">\n\t\t\t\t\tNo Caption\t\t\t\t<\/div>\n\t\t\t\t\t\t\t\t\t\t<\/div>\n\t\t\t\t\t\t\t\t\t<\/div>\n\t\t\t\t\t\t<\/div>\n\t\t\t\t\t\t\t\t\t\t<\/div>\n\t\t\t\t\t\t\t\t\t\t\t\t\t\t\t\t\t\t<\/div>\n\t\t\t\t\t\t\t\t\t\n\n\n<p><\/p>\n\n\n\n<p>Seguidamente, y en el curso de los relacionamientos, la concejal Vera remiti\u00f3 a los y las rectores\/as y representantes de Vinculaci\u00f3n con la Sociedad y Pr\u00e1cticas PreProfesionales de las universidades e institutos t\u00e9cnicos y tecnol\u00f3gicos de la ciudad la propuesta del convenio espec\u00edfico de PPP, el mapa de \u00e1reas de gesti\u00f3n administrativa de la alcald\u00eda de Guayaquil y el cronograma tentativo, con la finalidad de trabajar articuladamente desde los proceso de vinculaci\u00f3n e investigaci\u00f3n que permitan implementar programas y proyectos en funci\u00f3n de la nueva divisi\u00f3n administrativa de la ciudad.<\/p>\n\n\n\n<p>Tras agradecer los insumos documentales recibidos, la directora de Vinculaci\u00f3n con la Sociedad de la UArtes, MSc. Mar\u00eda Jos\u00e9 Icaza, respondi\u00f3 en marzo a la concejala Vera y remiti\u00f3 la informaci\u00f3n institucional y aportes a\u00f1adidos para su consideraci\u00f3n y gesti\u00f3n respectiva del convenio, previo a su firma.<\/p>\n\n\n\n<p>Una segunda mesa t\u00e9cnica de cooperaci\u00f3n con los responsables de Vinculaci\u00f3n con la Sociedad de las IES de la zona 5 y 8 se acord\u00f3 en abril y desarroll\u00f3 en mayo, abord\u00e1ndose entonces los avances para la firma del convenio de PPP y la socializaci\u00f3n de los objetivos del Plan Integral para la Paz, Seguridad y Convivencia Ciudadana de Guayaquil (PAZSECOG) 2024-2030.<\/p>\n\n\n<div class=\"wp-block-image\">\n<figure class=\"aligncenter size-large\"><img decoding=\"async\" width=\"644\" height=\"429\" src=\"https:\/\/www.uartes.edu.ec\/sitio\/wp-content\/uploads\/2024\/07\/04-PPP-MUNICIPIO-IES-UARTES-644x429.jpg\" alt=\"\" class=\"wp-image-58198\" srcset=\"https:\/\/www.uartes.edu.ec\/sitio\/wp-content\/uploads\/2024\/07\/04-PPP-MUNICIPIO-IES-UARTES-644x429.jpg 644w, https:\/\/www.uartes.edu.ec\/sitio\/wp-content\/uploads\/2024\/07\/04-PPP-MUNICIPIO-IES-UARTES-300x200.jpg 300w, https:\/\/www.uartes.edu.ec\/sitio\/wp-content\/uploads\/2024\/07\/04-PPP-MUNICIPIO-IES-UARTES-768x512.jpg 768w, https:\/\/www.uartes.edu.ec\/sitio\/wp-content\/uploads\/2024\/07\/04-PPP-MUNICIPIO-IES-UARTES-1536x1024.jpg 1536w, https:\/\/www.uartes.edu.ec\/sitio\/wp-content\/uploads\/2024\/07\/04-PPP-MUNICIPIO-IES-UARTES-18x12.jpg 18w, https:\/\/www.uartes.edu.ec\/sitio\/wp-content\/uploads\/2024\/07\/04-PPP-MUNICIPIO-IES-UARTES-600x400.jpg 600w, https:\/\/www.uartes.edu.ec\/sitio\/wp-content\/uploads\/2024\/07\/04-PPP-MUNICIPIO-IES-UARTES-400x267.jpg 400w, https:\/\/www.uartes.edu.ec\/sitio\/wp-content\/uploads\/2024\/07\/04-PPP-MUNICIPIO-IES-UARTES-272x182.jpg 272w, https:\/\/www.uartes.edu.ec\/sitio\/wp-content\/uploads\/2024\/07\/04-PPP-MUNICIPIO-IES-UARTES.jpg 2000w\" sizes=\"(max-width: 644px) 100vw, 644px\" \/><\/figure>\n<\/div>\n\n\n<p>Cabe anotar que, entre sus prop\u00f3sitos y estrategias institucionales, la Universidad de las Artes contempla la importancia de la cooperaci\u00f3n con gobiernos aut\u00f3nomos descentralizados para el alcance de sus objetivos en territorio. En este sentido, la UArtes ha efectuado con la actual administraci\u00f3n del cabildo porte\u00f1o actividades conjuntas que han favorecido a la ciudadan\u00eda, mediante la articulaci\u00f3n de p\u00fablicos con proyectos de vinculaci\u00f3n con la sociedad y la participaci\u00f3n institucional en encuentros y mesas de trabajo para el abordaje de temas relacionados con la reconstrucci\u00f3n del tejido social, desde esfuerzos comunes entre la academia y el gobierno local.<\/p>\n\n\n\n<p>Como resultado de estos encuentros surgi\u00f3 la iniciativa de la alcald\u00eda de Guayaquil de suscribir el convenio de PPP con cada una las universidades e institutos t\u00e9cnicos y tecnol\u00f3gicos, p\u00fablicos y privados, de la ciudad, para establecer una relaci\u00f3n rec\u00edproca que ayude a fortalecer los procesos existentes, as\u00ed como tambi\u00e9n, aquellos nuevos que se desarrollen en el marco de la cooperaci\u00f3n a establecer con la academia. Adem\u00e1s, de vincular a nuevas generaciones de futuros profesionales con contextos que los acerquen a las realidades de los distintos sectores que conforman la ciudad como contribuci\u00f3n c\u00edvica y comunitaria.<\/p>\n\n\n\n<p>En la firma del Convenio Marco de Cooperaci\u00f3n Interinstitucional de Pr\u00e1cticas PreProfesionales, junto con el rector William Herrera estuvieron por la UArtes la directora de Vinculaci\u00f3n con la Sociedad, Mar\u00eda Jos\u00e9 Icaza; la jefa de PPP, doctora Janina Su\u00e1rez; el analista de convenios nacionales, Ronny Ramos; el analista iconogr\u00e1fico, Tyrone Maridue\u00f1a; y como representante estudiantil, Mar\u00eda Emilia Puga, de la carrera de Producci\u00f3n Musical.<\/p>\n\n\n\n<p><\/p>","protected":false},"excerpt":{"rendered":"<p>Las autoridades de las instituciones de educaci\u00f3n superior de la zona 5 y 8 que conforman la Red Ecuatoriana Universitaria de Vinculaci\u00f3n con la Colectividad (REUVIC), que preside la UArtes, firmaron un Convenio Marco de Pr\u00e1cticas PreProfesionales (PPP) con el Municipio de Guayaquil, para fomentar el trabajo colaborativo en la construcci\u00f3n de comunidades de convivencia y paz.<\/p>","protected":false},"author":10,"featured_media":58194,"comment_status":"open","ping_status":"open","sticky":false,"template":"","format":"standard","meta":{"_acf_changed":false,"_uag_custom_page_level_css":"","_monsterinsights_skip_tracking":false,"_monsterinsights_sitenote_active":false,"_monsterinsights_sitenote_note":"","_monsterinsights_sitenote_category":0,"cybocfi_hide_featured_image":"","footnotes":""},"categories":[80,82,77,84,79],"tags":[993],"infouartes":[],"class_list":["post-58193","post","type-post","status-publish","format-standard","has-post-thumbnail","hentry","category-academico","category-artes","category-gestion","category-rectorado","category-vinculo","tag-vinculacion"],"acf":[],"yoast_head":"<!-- This site is optimized with the Yoast SEO plugin v27.4 - https:\/\/yoast.com\/product\/yoast-seo-wordpress\/ -->\n<title>Universidad de las Artes - Instituciones de educaci\u00f3n superior de zona 5 y 8 suscriben un convenio marco para las PPP con Municipio de Guayaquil<\/title>\n<meta name=\"description\" content=\"Universidad de las Artes - Instituciones de educaci\u00f3n superior de zona 5 y 8 suscriben un convenio marco para las PPP con Municipio de Guayaquil\" \/>\n<meta name=\"robots\" content=\"index, follow, max-snippet:-1, max-image-preview:large, max-video-preview:-1\" \/>\n<link rel=\"canonical\" href=\"https:\/\/www.uartes.edu.ec\/sitio\/en\/blog\/2024\/07\/03\/instituciones-de-educacion-superior-de-la-zona-5-y-8-firman-convenio-de-ppp-con-el-municipio-de-guayaquil\/\" \/>\n<meta property=\"og:locale\" content=\"en_US\" \/>\n<meta property=\"og:type\" content=\"article\" \/>\n<meta property=\"og:title\" content=\"Universidad de las Artes - Instituciones de educaci\u00f3n superior de zona 5 y 8 suscriben un convenio marco para las PPP con Municipio de Guayaquil\" \/>\n<meta property=\"og:description\" content=\"Universidad de las Artes - Instituciones de educaci\u00f3n superior de zona 5 y 8 suscriben un convenio marco para las PPP con Municipio de Guayaquil\" \/>\n<meta property=\"og:url\" content=\"https:\/\/www.uartes.edu.ec\/sitio\/en\/blog\/2024\/07\/03\/instituciones-de-educacion-superior-de-la-zona-5-y-8-firman-convenio-de-ppp-con-el-municipio-de-guayaquil\/\" \/>\n<meta property=\"og:site_name\" content=\"Universidad de las Artes\" \/>\n<meta property=\"article:publisher\" content=\"https:\/\/www.facebook.com\/uartesec\" \/>\n<meta property=\"article:published_time\" content=\"2024-07-03T15:13:00+00:00\" \/>\n<meta property=\"article:modified_time\" content=\"2025-08-12T15:24:05+00:00\" \/>\n<meta property=\"og:image\" content=\"https:\/\/www.uartes.edu.ec\/sitio\/wp-content\/uploads\/2024\/07\/01-PPP-MUNICIPIO-IES-UARTES.jpg\" \/>\n\t<meta property=\"og:image:width\" content=\"2000\" \/>\n\t<meta property=\"og:image:height\" content=\"1333\" \/>\n\t<meta property=\"og:image:type\" content=\"image\/jpeg\" \/>\n<meta name=\"author\" content=\"ccortez\" \/>\n<meta name=\"twitter:card\" content=\"summary_large_image\" \/>\n<meta name=\"twitter:creator\" content=\"@uartesec\" \/>\n<meta name=\"twitter:site\" content=\"@uartesec\" \/>\n<meta name=\"twitter:label1\" content=\"Written by\" \/>\n\t<meta name=\"twitter:data1\" content=\"ccortez\" \/>\n\t<meta name=\"twitter:label2\" content=\"Est. reading time\" \/>\n\t<meta name=\"twitter:data2\" content=\"5 minutes\" \/>\n<script type=\"application\/ld+json\" class=\"yoast-schema-graph\">{\"@context\":\"https:\\\/\\\/schema.org\",\"@graph\":[{\"@type\":\"Article\",\"@id\":\"https:\\\/\\\/www.uartes.edu.ec\\\/sitio\\\/en\\\/blog\\\/2024\\\/07\\\/03\\\/instituciones-de-educacion-superior-de-la-zona-5-y-8-firman-convenio-de-ppp-con-el-municipio-de-guayaquil\\\/#article\",\"isPartOf\":{\"@id\":\"https:\\\/\\\/www.uartes.edu.ec\\\/sitio\\\/en\\\/blog\\\/2024\\\/07\\\/03\\\/instituciones-de-educacion-superior-de-la-zona-5-y-8-firman-convenio-de-ppp-con-el-municipio-de-guayaquil\\\/\"},\"author\":{\"name\":\"ccortez\",\"@id\":\"https:\\\/\\\/www.uartes.edu.ec\\\/sitio\\\/en\\\/#\\\/schema\\\/person\\\/efa1b8275797664fd7f13a79ccc0b1f4\"},\"headline\":\"Instituciones de educaci\u00f3n superior de zona 5 y 8 suscriben un convenio marco para las PPP con Municipio de Guayaquil\",\"datePublished\":\"2024-07-03T15:13:00+00:00\",\"dateModified\":\"2025-08-12T15:24:05+00:00\",\"mainEntityOfPage\":{\"@id\":\"https:\\\/\\\/www.uartes.edu.ec\\\/sitio\\\/en\\\/blog\\\/2024\\\/07\\\/03\\\/instituciones-de-educacion-superior-de-la-zona-5-y-8-firman-convenio-de-ppp-con-el-municipio-de-guayaquil\\\/\"},\"wordCount\":879,\"commentCount\":0,\"publisher\":{\"@id\":\"https:\\\/\\\/www.uartes.edu.ec\\\/sitio\\\/en\\\/#organization\"},\"image\":{\"@id\":\"https:\\\/\\\/www.uartes.edu.ec\\\/sitio\\\/en\\\/blog\\\/2024\\\/07\\\/03\\\/instituciones-de-educacion-superior-de-la-zona-5-y-8-firman-convenio-de-ppp-con-el-municipio-de-guayaquil\\\/#primaryimage\"},\"thumbnailUrl\":\"https:\\\/\\\/www.uartes.edu.ec\\\/sitio\\\/wp-content\\\/uploads\\\/2024\\\/07\\\/01-PPP-MUNICIPIO-IES-UARTES.jpg\",\"keywords\":[\"vinculaci\u00f3n\"],\"articleSection\":[\"Acad\u00e9mico\",\"Artes\",\"Gesti\u00f3n\",\"Rectorado\",\"V\u00ednculo\"],\"inLanguage\":\"en-US\",\"potentialAction\":[{\"@type\":\"CommentAction\",\"name\":\"Comment\",\"target\":[\"https:\\\/\\\/www.uartes.edu.ec\\\/sitio\\\/en\\\/blog\\\/2024\\\/07\\\/03\\\/instituciones-de-educacion-superior-de-la-zona-5-y-8-firman-convenio-de-ppp-con-el-municipio-de-guayaquil\\\/#respond\"]}]},{\"@type\":[\"WebPage\",\"ItemPage\"],\"@id\":\"https:\\\/\\\/www.uartes.edu.ec\\\/sitio\\\/en\\\/blog\\\/2024\\\/07\\\/03\\\/instituciones-de-educacion-superior-de-la-zona-5-y-8-firman-convenio-de-ppp-con-el-municipio-de-guayaquil\\\/\",\"url\":\"https:\\\/\\\/www.uartes.edu.ec\\\/sitio\\\/en\\\/blog\\\/2024\\\/07\\\/03\\\/instituciones-de-educacion-superior-de-la-zona-5-y-8-firman-convenio-de-ppp-con-el-municipio-de-guayaquil\\\/\",\"name\":\"Universidad de las Artes - Instituciones de educaci\u00f3n superior de zona 5 y 8 suscriben un convenio marco para las PPP con Municipio de Guayaquil\",\"isPartOf\":{\"@id\":\"https:\\\/\\\/www.uartes.edu.ec\\\/sitio\\\/en\\\/#website\"},\"primaryImageOfPage\":{\"@id\":\"https:\\\/\\\/www.uartes.edu.ec\\\/sitio\\\/en\\\/blog\\\/2024\\\/07\\\/03\\\/instituciones-de-educacion-superior-de-la-zona-5-y-8-firman-convenio-de-ppp-con-el-municipio-de-guayaquil\\\/#primaryimage\"},\"image\":{\"@id\":\"https:\\\/\\\/www.uartes.edu.ec\\\/sitio\\\/en\\\/blog\\\/2024\\\/07\\\/03\\\/instituciones-de-educacion-superior-de-la-zona-5-y-8-firman-convenio-de-ppp-con-el-municipio-de-guayaquil\\\/#primaryimage\"},\"thumbnailUrl\":\"https:\\\/\\\/www.uartes.edu.ec\\\/sitio\\\/wp-content\\\/uploads\\\/2024\\\/07\\\/01-PPP-MUNICIPIO-IES-UARTES.jpg\",\"datePublished\":\"2024-07-03T15:13:00+00:00\",\"dateModified\":\"2025-08-12T15:24:05+00:00\",\"description\":\"Universidad de las Artes - Instituciones de educaci\u00f3n superior de zona 5 y 8 suscriben un convenio marco para las PPP con Municipio de Guayaquil\",\"breadcrumb\":{\"@id\":\"https:\\\/\\\/www.uartes.edu.ec\\\/sitio\\\/en\\\/blog\\\/2024\\\/07\\\/03\\\/instituciones-de-educacion-superior-de-la-zona-5-y-8-firman-convenio-de-ppp-con-el-municipio-de-guayaquil\\\/#breadcrumb\"},\"inLanguage\":\"en-US\",\"potentialAction\":[{\"@type\":\"ReadAction\",\"target\":[\"https:\\\/\\\/www.uartes.edu.ec\\\/sitio\\\/en\\\/blog\\\/2024\\\/07\\\/03\\\/instituciones-de-educacion-superior-de-la-zona-5-y-8-firman-convenio-de-ppp-con-el-municipio-de-guayaquil\\\/\"]}]},{\"@type\":\"ImageObject\",\"inLanguage\":\"en-US\",\"@id\":\"https:\\\/\\\/www.uartes.edu.ec\\\/sitio\\\/en\\\/blog\\\/2024\\\/07\\\/03\\\/instituciones-de-educacion-superior-de-la-zona-5-y-8-firman-convenio-de-ppp-con-el-municipio-de-guayaquil\\\/#primaryimage\",\"url\":\"https:\\\/\\\/www.uartes.edu.ec\\\/sitio\\\/wp-content\\\/uploads\\\/2024\\\/07\\\/01-PPP-MUNICIPIO-IES-UARTES.jpg\",\"contentUrl\":\"https:\\\/\\\/www.uartes.edu.ec\\\/sitio\\\/wp-content\\\/uploads\\\/2024\\\/07\\\/01-PPP-MUNICIPIO-IES-UARTES.jpg\",\"width\":2000,\"height\":1333},{\"@type\":\"BreadcrumbList\",\"@id\":\"https:\\\/\\\/www.uartes.edu.ec\\\/sitio\\\/en\\\/blog\\\/2024\\\/07\\\/03\\\/instituciones-de-educacion-superior-de-la-zona-5-y-8-firman-convenio-de-ppp-con-el-municipio-de-guayaquil\\\/#breadcrumb\",\"itemListElement\":[{\"@type\":\"ListItem\",\"position\":1,\"name\":\"Inicio\",\"item\":\"https:\\\/\\\/www.uartes.edu.ec\\\/sitio\\\/\"},{\"@type\":\"ListItem\",\"position\":2,\"name\":\"Instituciones de educaci\u00f3n superior de zona 5 y 8 suscriben un convenio marco para las PPP con el Municipio de Guayaquil\"}]},{\"@type\":\"WebSite\",\"@id\":\"https:\\\/\\\/www.uartes.edu.ec\\\/sitio\\\/en\\\/#website\",\"url\":\"https:\\\/\\\/www.uartes.edu.ec\\\/sitio\\\/en\\\/\",\"name\":\"Universidad de las Artes\",\"description\":\"Sitio oficial de la Universidad Nacional de las Artes del Ecuador\",\"publisher\":{\"@id\":\"https:\\\/\\\/www.uartes.edu.ec\\\/sitio\\\/en\\\/#organization\"},\"potentialAction\":[{\"@type\":\"SearchAction\",\"target\":{\"@type\":\"EntryPoint\",\"urlTemplate\":\"https:\\\/\\\/www.uartes.edu.ec\\\/sitio\\\/en\\\/?s={search_term_string}\"},\"query-input\":{\"@type\":\"PropertyValueSpecification\",\"valueRequired\":true,\"valueName\":\"search_term_string\"}}],\"inLanguage\":\"en-US\"},{\"@type\":\"Organization\",\"@id\":\"https:\\\/\\\/www.uartes.edu.ec\\\/sitio\\\/en\\\/#organization\",\"name\":\"Universidad de las Artes\",\"url\":\"https:\\\/\\\/www.uartes.edu.ec\\\/sitio\\\/en\\\/\",\"logo\":{\"@type\":\"ImageObject\",\"inLanguage\":\"en-US\",\"@id\":\"https:\\\/\\\/www.uartes.edu.ec\\\/sitio\\\/en\\\/#\\\/schema\\\/logo\\\/image\\\/\",\"url\":\"https:\\\/\\\/www.uartes.edu.ec\\\/sitio\\\/wp-content\\\/uploads\\\/2022\\\/07\\\/logo-ua-horizontal.png\",\"contentUrl\":\"https:\\\/\\\/www.uartes.edu.ec\\\/sitio\\\/wp-content\\\/uploads\\\/2022\\\/07\\\/logo-ua-horizontal.png\",\"width\":800,\"height\":276,\"caption\":\"Universidad de las Artes\"},\"image\":{\"@id\":\"https:\\\/\\\/www.uartes.edu.ec\\\/sitio\\\/en\\\/#\\\/schema\\\/logo\\\/image\\\/\"},\"sameAs\":[\"https:\\\/\\\/www.facebook.com\\\/uartesec\",\"https:\\\/\\\/x.com\\\/uartesec\",\"https:\\\/\\\/www.tiktok.com\\\/@uartesec\"]},{\"@type\":\"Person\",\"@id\":\"https:\\\/\\\/www.uartes.edu.ec\\\/sitio\\\/en\\\/#\\\/schema\\\/person\\\/efa1b8275797664fd7f13a79ccc0b1f4\",\"name\":\"ccortez\",\"image\":{\"@type\":\"ImageObject\",\"inLanguage\":\"en-US\",\"@id\":\"https:\\\/\\\/secure.gravatar.com\\\/avatar\\\/b2a6f664a3ae8e074346ef91775736c5ec479e637ecced6842de9dc98b5da9cd?s=96&d=mm&r=g\",\"url\":\"https:\\\/\\\/secure.gravatar.com\\\/avatar\\\/b2a6f664a3ae8e074346ef91775736c5ec479e637ecced6842de9dc98b5da9cd?s=96&d=mm&r=g\",\"contentUrl\":\"https:\\\/\\\/secure.gravatar.com\\\/avatar\\\/b2a6f664a3ae8e074346ef91775736c5ec479e637ecced6842de9dc98b5da9cd?s=96&d=mm&r=g\",\"caption\":\"ccortez\"},\"url\":\"https:\\\/\\\/www.uartes.edu.ec\\\/sitio\\\/en\\\/blog\\\/author\\\/ccortez\\\/\"}]}<\/script>\n<!-- \/ Yoast SEO plugin. -->","yoast_head_json":{"title":"Universidad de las Artes - Instituciones de educaci\u00f3n superior de zona 5 y 8 suscriben un convenio marco para las PPP con Municipio de Guayaquil","description":"Universidad de las Artes - Instituciones de educaci\u00f3n superior de zona 5 y 8 suscriben un convenio marco para las PPP con Municipio de Guayaquil","robots":{"index":"index","follow":"follow","max-snippet":"max-snippet:-1","max-image-preview":"max-image-preview:large","max-video-preview":"max-video-preview:-1"},"canonical":"https:\/\/www.uartes.edu.ec\/sitio\/en\/blog\/2024\/07\/03\/instituciones-de-educacion-superior-de-la-zona-5-y-8-firman-convenio-de-ppp-con-el-municipio-de-guayaquil\/","og_locale":"en_US","og_type":"article","og_title":"Universidad de las Artes - Instituciones de educaci\u00f3n superior de zona 5 y 8 suscriben un convenio marco para las PPP con Municipio de Guayaquil","og_description":"Universidad de las Artes - Instituciones de educaci\u00f3n superior de zona 5 y 8 suscriben un convenio marco para las PPP con Municipio de Guayaquil","og_url":"https:\/\/www.uartes.edu.ec\/sitio\/en\/blog\/2024\/07\/03\/instituciones-de-educacion-superior-de-la-zona-5-y-8-firman-convenio-de-ppp-con-el-municipio-de-guayaquil\/","og_site_name":"Universidad de las Artes","article_publisher":"https:\/\/www.facebook.com\/uartesec","article_published_time":"2024-07-03T15:13:00+00:00","article_modified_time":"2025-08-12T15:24:05+00:00","og_image":[{"width":2000,"height":1333,"url":"https:\/\/www.uartes.edu.ec\/sitio\/wp-content\/uploads\/2024\/07\/01-PPP-MUNICIPIO-IES-UARTES.jpg","type":"image\/jpeg"}],"author":"ccortez","twitter_card":"summary_large_image","twitter_creator":"@uartesec","twitter_site":"@uartesec","twitter_misc":{"Written by":"ccortez","Est. reading time":"5 minutes"},"schema":{"@context":"https:\/\/schema.org","@graph":[{"@type":"Article","@id":"https:\/\/www.uartes.edu.ec\/sitio\/en\/blog\/2024\/07\/03\/instituciones-de-educacion-superior-de-la-zona-5-y-8-firman-convenio-de-ppp-con-el-municipio-de-guayaquil\/#article","isPartOf":{"@id":"https:\/\/www.uartes.edu.ec\/sitio\/en\/blog\/2024\/07\/03\/instituciones-de-educacion-superior-de-la-zona-5-y-8-firman-convenio-de-ppp-con-el-municipio-de-guayaquil\/"},"author":{"name":"ccortez","@id":"https:\/\/www.uartes.edu.ec\/sitio\/en\/#\/schema\/person\/efa1b8275797664fd7f13a79ccc0b1f4"},"headline":"Instituciones de educaci\u00f3n superior de zona 5 y 8 suscriben un convenio marco para las PPP con Municipio de Guayaquil","datePublished":"2024-07-03T15:13:00+00:00","dateModified":"2025-08-12T15:24:05+00:00","mainEntityOfPage":{"@id":"https:\/\/www.uartes.edu.ec\/sitio\/en\/blog\/2024\/07\/03\/instituciones-de-educacion-superior-de-la-zona-5-y-8-firman-convenio-de-ppp-con-el-municipio-de-guayaquil\/"},"wordCount":879,"commentCount":0,"publisher":{"@id":"https:\/\/www.uartes.edu.ec\/sitio\/en\/#organization"},"image":{"@id":"https:\/\/www.uartes.edu.ec\/sitio\/en\/blog\/2024\/07\/03\/instituciones-de-educacion-superior-de-la-zona-5-y-8-firman-convenio-de-ppp-con-el-municipio-de-guayaquil\/#primaryimage"},"thumbnailUrl":"https:\/\/www.uartes.edu.ec\/sitio\/wp-content\/uploads\/2024\/07\/01-PPP-MUNICIPIO-IES-UARTES.jpg","keywords":["vinculaci\u00f3n"],"articleSection":["Acad\u00e9mico","Artes","Gesti\u00f3n","Rectorado","V\u00ednculo"],"inLanguage":"en-US","potentialAction":[{"@type":"CommentAction","name":"Comment","target":["https:\/\/www.uartes.edu.ec\/sitio\/en\/blog\/2024\/07\/03\/instituciones-de-educacion-superior-de-la-zona-5-y-8-firman-convenio-de-ppp-con-el-municipio-de-guayaquil\/#respond"]}]},{"@type":["WebPage","ItemPage"],"@id":"https:\/\/www.uartes.edu.ec\/sitio\/en\/blog\/2024\/07\/03\/instituciones-de-educacion-superior-de-la-zona-5-y-8-firman-convenio-de-ppp-con-el-municipio-de-guayaquil\/","url":"https:\/\/www.uartes.edu.ec\/sitio\/en\/blog\/2024\/07\/03\/instituciones-de-educacion-superior-de-la-zona-5-y-8-firman-convenio-de-ppp-con-el-municipio-de-guayaquil\/","name":"Universidad de las Artes - Instituciones de educaci\u00f3n superior de zona 5 y 8 suscriben un convenio marco para las PPP con Municipio de Guayaquil","isPartOf":{"@id":"https:\/\/www.uartes.edu.ec\/sitio\/en\/#website"},"primaryImageOfPage":{"@id":"https:\/\/www.uartes.edu.ec\/sitio\/en\/blog\/2024\/07\/03\/instituciones-de-educacion-superior-de-la-zona-5-y-8-firman-convenio-de-ppp-con-el-municipio-de-guayaquil\/#primaryimage"},"image":{"@id":"https:\/\/www.uartes.edu.ec\/sitio\/en\/blog\/2024\/07\/03\/instituciones-de-educacion-superior-de-la-zona-5-y-8-firman-convenio-de-ppp-con-el-municipio-de-guayaquil\/#primaryimage"},"thumbnailUrl":"https:\/\/www.uartes.edu.ec\/sitio\/wp-content\/uploads\/2024\/07\/01-PPP-MUNICIPIO-IES-UARTES.jpg","datePublished":"2024-07-03T15:13:00+00:00","dateModified":"2025-08-12T15:24:05+00:00","description":"Universidad de las Artes - Instituciones de educaci\u00f3n superior de zona 5 y 8 suscriben un convenio marco para las PPP con Municipio de Guayaquil","breadcrumb":{"@id":"https:\/\/www.uartes.edu.ec\/sitio\/en\/blog\/2024\/07\/03\/instituciones-de-educacion-superior-de-la-zona-5-y-8-firman-convenio-de-ppp-con-el-municipio-de-guayaquil\/#breadcrumb"},"inLanguage":"en-US","potentialAction":[{"@type":"ReadAction","target":["https:\/\/www.uartes.edu.ec\/sitio\/en\/blog\/2024\/07\/03\/instituciones-de-educacion-superior-de-la-zona-5-y-8-firman-convenio-de-ppp-con-el-municipio-de-guayaquil\/"]}]},{"@type":"ImageObject","inLanguage":"en-US","@id":"https:\/\/www.uartes.edu.ec\/sitio\/en\/blog\/2024\/07\/03\/instituciones-de-educacion-superior-de-la-zona-5-y-8-firman-convenio-de-ppp-con-el-municipio-de-guayaquil\/#primaryimage","url":"https:\/\/www.uartes.edu.ec\/sitio\/wp-content\/uploads\/2024\/07\/01-PPP-MUNICIPIO-IES-UARTES.jpg","contentUrl":"https:\/\/www.uartes.edu.ec\/sitio\/wp-content\/uploads\/2024\/07\/01-PPP-MUNICIPIO-IES-UARTES.jpg","width":2000,"height":1333},{"@type":"BreadcrumbList","@id":"https:\/\/www.uartes.edu.ec\/sitio\/en\/blog\/2024\/07\/03\/instituciones-de-educacion-superior-de-la-zona-5-y-8-firman-convenio-de-ppp-con-el-municipio-de-guayaquil\/#breadcrumb","itemListElement":[{"@type":"ListItem","position":1,"name":"Inicio","item":"https:\/\/www.uartes.edu.ec\/sitio\/"},{"@type":"ListItem","position":2,"name":"Instituciones de educaci\u00f3n superior de zona 5 y 8 suscriben un convenio marco para las PPP con el Municipio de Guayaquil"}]},{"@type":"WebSite","@id":"https:\/\/www.uartes.edu.ec\/sitio\/en\/#website","url":"https:\/\/www.uartes.edu.ec\/sitio\/en\/","name":"Universidad de las Artes","description":"Sitio oficial de la Universidad Nacional de las Artes del Ecuador","publisher":{"@id":"https:\/\/www.uartes.edu.ec\/sitio\/en\/#organization"},"potentialAction":[{"@type":"SearchAction","target":{"@type":"EntryPoint","urlTemplate":"https:\/\/www.uartes.edu.ec\/sitio\/en\/?s={search_term_string}"},"query-input":{"@type":"PropertyValueSpecification","valueRequired":true,"valueName":"search_term_string"}}],"inLanguage":"en-US"},{"@type":"Organization","@id":"https:\/\/www.uartes.edu.ec\/sitio\/en\/#organization","name":"Universidad de las Artes","url":"https:\/\/www.uartes.edu.ec\/sitio\/en\/","logo":{"@type":"ImageObject","inLanguage":"en-US","@id":"https:\/\/www.uartes.edu.ec\/sitio\/en\/#\/schema\/logo\/image\/","url":"https:\/\/www.uartes.edu.ec\/sitio\/wp-content\/uploads\/2022\/07\/logo-ua-horizontal.png","contentUrl":"https:\/\/www.uartes.edu.ec\/sitio\/wp-content\/uploads\/2022\/07\/logo-ua-horizontal.png","width":800,"height":276,"caption":"Universidad de las Artes"},"image":{"@id":"https:\/\/www.uartes.edu.ec\/sitio\/en\/#\/schema\/logo\/image\/"},"sameAs":["https:\/\/www.facebook.com\/uartesec","https:\/\/x.com\/uartesec","https:\/\/www.tiktok.com\/@uartesec"]},{"@type":"Person","@id":"https:\/\/www.uartes.edu.ec\/sitio\/en\/#\/schema\/person\/efa1b8275797664fd7f13a79ccc0b1f4","name":"ccortez","image":{"@type":"ImageObject","inLanguage":"en-US","@id":"https:\/\/secure.gravatar.com\/avatar\/b2a6f664a3ae8e074346ef91775736c5ec479e637ecced6842de9dc98b5da9cd?s=96&d=mm&r=g","url":"https:\/\/secure.gravatar.com\/avatar\/b2a6f664a3ae8e074346ef91775736c5ec479e637ecced6842de9dc98b5da9cd?s=96&d=mm&r=g","contentUrl":"https:\/\/secure.gravatar.com\/avatar\/b2a6f664a3ae8e074346ef91775736c5ec479e637ecced6842de9dc98b5da9cd?s=96&d=mm&r=g","caption":"ccortez"},"url":"https:\/\/www.uartes.edu.ec\/sitio\/en\/blog\/author\/ccortez\/"}]}},"uagb_featured_image_src":{"full":["https:\/\/www.uartes.edu.ec\/sitio\/wp-content\/uploads\/2024\/07\/01-PPP-MUNICIPIO-IES-UARTES.jpg",2000,1333,false],"thumbnail":["https:\/\/www.uartes.edu.ec\/sitio\/wp-content\/uploads\/2024\/07\/01-PPP-MUNICIPIO-IES-UARTES-150x150.jpg",150,150,true],"medium":["https:\/\/www.uartes.edu.ec\/sitio\/wp-content\/uploads\/2024\/07\/01-PPP-MUNICIPIO-IES-UARTES-300x200.jpg",300,200,true],"medium_large":["https:\/\/www.uartes.edu.ec\/sitio\/wp-content\/uploads\/2024\/07\/01-PPP-MUNICIPIO-IES-UARTES-768x512.jpg",768,512,true],"large":["https:\/\/www.uartes.edu.ec\/sitio\/wp-content\/uploads\/2024\/07\/01-PPP-MUNICIPIO-IES-UARTES-644x429.jpg",644,429,true],"1536x1536":["https:\/\/www.uartes.edu.ec\/sitio\/wp-content\/uploads\/2024\/07\/01-PPP-MUNICIPIO-IES-UARTES-1536x1024.jpg",1536,1024,true],"2048x2048":["https:\/\/www.uartes.edu.ec\/sitio\/wp-content\/uploads\/2024\/07\/01-PPP-MUNICIPIO-IES-UARTES.jpg",2000,1333,false],"trp-custom-language-flag":["https:\/\/www.uartes.edu.ec\/sitio\/wp-content\/uploads\/2024\/07\/01-PPP-MUNICIPIO-IES-UARTES-18x12.jpg",18,12,true],"htmega_size_585x295":["https:\/\/www.uartes.edu.ec\/sitio\/wp-content\/uploads\/2024\/07\/01-PPP-MUNICIPIO-IES-UARTES-585x295.jpg",585,295,true],"htmega_size_1170x536":["https:\/\/www.uartes.edu.ec\/sitio\/wp-content\/uploads\/2024\/07\/01-PPP-MUNICIPIO-IES-UARTES-1170x536.jpg",1170,536,true],"htmega_size_396x360":["https:\/\/www.uartes.edu.ec\/sitio\/wp-content\/uploads\/2024\/07\/01-PPP-MUNICIPIO-IES-UARTES-396x360.jpg",396,360,true],"gb-block-post-grid-landscape":["https:\/\/www.uartes.edu.ec\/sitio\/wp-content\/uploads\/2024\/07\/01-PPP-MUNICIPIO-IES-UARTES-600x400.jpg",600,400,true],"gb-block-post-grid-square":["https:\/\/www.uartes.edu.ec\/sitio\/wp-content\/uploads\/2024\/07\/01-PPP-MUNICIPIO-IES-UARTES-600x600.jpg",600,600,true],"university-hub-thumb":["https:\/\/www.uartes.edu.ec\/sitio\/wp-content\/uploads\/2024\/07\/01-PPP-MUNICIPIO-IES-UARTES-400x267.jpg",400,267,true]},"uagb_author_info":{"display_name":"ccortez","author_link":"https:\/\/www.uartes.edu.ec\/sitio\/en\/blog\/author\/ccortez\/"},"uagb_comment_info":0,"uagb_excerpt":"Las autoridades de las instituciones de educaci\u00f3n superior de la zona 5 y 8 que conforman la Red Ecuatoriana Universitaria de Vinculaci\u00f3n con la Colectividad (REUVIC), que preside la UArtes, firmaron un Convenio Marco de Pr\u00e1cticas PreProfesionales (PPP) con el Municipio de Guayaquil, para fomentar el trabajo colaborativo en la construcci\u00f3n de comunidades de convivencia&hellip;","featured_image_src":"https:\/\/www.uartes.edu.ec\/sitio\/wp-content\/uploads\/2024\/07\/01-PPP-MUNICIPIO-IES-UARTES-600x400.jpg","featured_image_src_square":"https:\/\/www.uartes.edu.ec\/sitio\/wp-content\/uploads\/2024\/07\/01-PPP-MUNICIPIO-IES-UARTES-600x600.jpg","author_info":{"display_name":"ccortez","author_link":"https:\/\/www.uartes.edu.ec\/sitio\/en\/blog\/author\/ccortez\/"},"publishpress_future_workflow_manual_trigger":{"enabledWorkflows":[]},"distributor_meta":false,"distributor_terms":false,"distributor_media":false,"distributor_original_site_name":"Universidad de las Artes","distributor_original_site_url":"https:\/\/www.uartes.edu.ec\/sitio\/en","push-errors":false,"_links":{"self":[{"href":"https:\/\/www.uartes.edu.ec\/sitio\/en\/wp-json\/wp\/v2\/posts\/58193","targetHints":{"allow":["GET"]}}],"collection":[{"href":"https:\/\/www.uartes.edu.ec\/sitio\/en\/wp-json\/wp\/v2\/posts"}],"about":[{"href":"https:\/\/www.uartes.edu.ec\/sitio\/en\/wp-json\/wp\/v2\/types\/post"}],"author":[{"embeddable":true,"href":"https:\/\/www.uartes.edu.ec\/sitio\/en\/wp-json\/wp\/v2\/users\/10"}],"replies":[{"embeddable":true,"href":"https:\/\/www.uartes.edu.ec\/sitio\/en\/wp-json\/wp\/v2\/comments?post=58193"}],"version-history":[{"count":33,"href":"https:\/\/www.uartes.edu.ec\/sitio\/en\/wp-json\/wp\/v2\/posts\/58193\/revisions"}],"predecessor-version":[{"id":76603,"href":"https:\/\/www.uartes.edu.ec\/sitio\/en\/wp-json\/wp\/v2\/posts\/58193\/revisions\/76603"}],"wp:featuredmedia":[{"embeddable":true,"href":"https:\/\/www.uartes.edu.ec\/sitio\/en\/wp-json\/wp\/v2\/media\/58194"}],"wp:attachment":[{"href":"https:\/\/www.uartes.edu.ec\/sitio\/en\/wp-json\/wp\/v2\/media?parent=58193"}],"wp:term":[{"taxonomy":"category","embeddable":true,"href":"https:\/\/www.uartes.edu.ec\/sitio\/en\/wp-json\/wp\/v2\/categories?post=58193"},{"taxonomy":"post_tag","embeddable":true,"href":"https:\/\/www.uartes.edu.ec\/sitio\/en\/wp-json\/wp\/v2\/tags?post=58193"},{"taxonomy":"infouartes","embeddable":true,"href":"https:\/\/www.uartes.edu.ec\/sitio\/en\/wp-json\/wp\/v2\/infouartes?post=58193"}],"curies":[{"name":"wp","href":"https:\/\/api.w.org\/{rel}","templated":true}]}}