{"id":58251,"date":"2024-07-05T17:49:42","date_gmt":"2024-07-05T22:49:42","guid":{"rendered":"https:\/\/www.uartes.edu.ec\/sitio\/?p=58251"},"modified":"2024-07-11T18:45:34","modified_gmt":"2024-07-11T23:45:34","slug":"en-dialogo-con-tres-de-las-artistas-uartes-que-intervinieron-en-arte-mujeres-y-espacio-publico","status":"publish","type":"post","link":"https:\/\/www.uartes.edu.ec\/sitio\/en\/blog\/2024\/07\/05\/en-dialogo-con-tres-de-las-artistas-uartes-que-intervinieron-en-arte-mujeres-y-espacio-publico\/","title":{"rendered":"En di\u00e1logo con tres de las estudiantes UArtes que intervinieron en la V edici\u00f3n de \u201cArte, mujeres y espacio p\u00fablico\u201d"},"content":{"rendered":"<p>\u201cArte, mujeres y espacio p\u00fablico\u201d tuvo en este a\u00f1o, su V edici\u00f3n, una destacada participaci\u00f3n de estudiantes y alumni de la Universidad de las Artes, quienes pudieron compartir sus talentos con las invitadas nacionales e internacionales y mostrar en sus obras parte de su identidad, esencia, total entrega y predisposici\u00f3n por el arte y la libertad que esta les ofrece.&nbsp;&nbsp;<\/p>\n\n\n\n<p>Por los pasillos del pabell\u00f3n Pablo Palacio del edificio de la Gobernaci\u00f3n, sede matriz de la UArtes, se desplegaron pinceles, tarros de pintura y escaleras. Las convocadas para&nbsp;plasmar en las paredes de los espacios dispuestos como grandes lienzos miraban el vac\u00edo so\u00f1ando despiertas con el resultado final de sus propuestas o ideando c\u00f3mo plasmar su yo y de c\u00f3mo quedar\u00edan sus obras a la vista de la comunidad universitaria y del p\u00fablico en general. &nbsp;<\/p>\n\n\n\n<p>Durante toda una semana, del 2 al 6 de julio, artistas como Roc\u00edo Soria, Rafaela Salazar y Amy Jaramillo, entre otras, colorearon sus manos, brazos, rostros y vestimentas con tonos brillantes, como turquesa, rojo, amarillo y rosa, pero tambi\u00e9n con colores m\u00e1s fr\u00edos como el negro y el blanco,&nbsp;&nbsp;<\/p>\n\n\n\t\t\t\t\t<div\n\t\t\t\t\t\tclass=\"wp-block-uagb-image-gallery uagb-block-9e7e4c66\"\n\t\t\t\t\t\tstyle=\"\"\n\t\t\t\t\t>\n\t\t\t\t\t\t\t\t\t\t\t<div class=\"spectra-image-gallery spectra-image-gallery__layout--grid spectra-image-gallery__layout--grid-col-2 spectra-image-gallery__layout--grid-col-tab-2 spectra-image-gallery__layout--grid-col-mob-2\">\n\t\t\t\t\t\t\t\t\t\t\t<div class='spectra-image-gallery__media-wrapper' data-spectra-gallery-image-id='58377' tabindex=\"0\">\n\t\t\t\t\t\t\t<div class=\"spectra-image-gallery__media spectra-image-gallery__media--grid\">\n\t\t\t\t<picture>\n\t\t\t\t\t<source media=\"(min-width: 1024px)\" srcset=\"https:\/\/www.uartes.edu.ec\/sitio\/wp-content\/uploads\/2024\/07\/15-ARTES-MyE-2024-644x429.jpg\">\n\t\t\t\t\t<source media=\"(min-width: 768px)\" srcset=\"https:\/\/www.uartes.edu.ec\/sitio\/wp-content\/uploads\/2024\/07\/15-ARTES-MyE-2024-644x429.jpg\">\n\t\t\t\t\t<img decoding=\"async\" class=\"spectra-image-gallery__media-thumbnail spectra-image-gallery__media-thumbnail--grid\" src=\"https:\/\/www.uartes.edu.ec\/sitio\/wp-content\/uploads\/2024\/07\/15-ARTES-MyE-2024-300x200.jpg\" alt=\"\" loading=\"lazy\" \/>\n\t\t\t\t<\/picture>\n\t\t\t\t<div class=\"spectra-image-gallery__media-thumbnail-blurrer\"><\/div>\n\t\t\t\t\t\t\t\t\t\t\t<div class=\"spectra-image-gallery__media-thumbnail-caption-wrapper spectra-image-gallery__media-thumbnail-caption-wrapper--overlay\">\n\t\t\t\t\t\t\t\t\t\t\t<div class=\"spectra-image-gallery__media-thumbnail-caption spectra-image-gallery__media-thumbnail-caption--overlay\">\n\t\t\t\t\tNo Caption\t\t\t\t<\/div>\n\t\t\t\t\t\t\t\t\t\t<\/div>\n\t\t\t\t\t\t\t\t\t<\/div>\n\t\t\t\t\t\t<\/div>\n\t\t\t\t\t\t<div class='spectra-image-gallery__media-wrapper' data-spectra-gallery-image-id='58376' tabindex=\"0\">\n\t\t\t\t\t\t\t<div class=\"spectra-image-gallery__media spectra-image-gallery__media--grid\">\n\t\t\t\t<picture>\n\t\t\t\t\t<source media=\"(min-width: 1024px)\" srcset=\"https:\/\/www.uartes.edu.ec\/sitio\/wp-content\/uploads\/2024\/07\/17-ARTES-MyE-2024-644x429.jpg\">\n\t\t\t\t\t<source media=\"(min-width: 768px)\" srcset=\"https:\/\/www.uartes.edu.ec\/sitio\/wp-content\/uploads\/2024\/07\/17-ARTES-MyE-2024-644x429.jpg\">\n\t\t\t\t\t<img decoding=\"async\" class=\"spectra-image-gallery__media-thumbnail spectra-image-gallery__media-thumbnail--grid\" src=\"https:\/\/www.uartes.edu.ec\/sitio\/wp-content\/uploads\/2024\/07\/17-ARTES-MyE-2024-300x200.jpg\" alt=\"\" loading=\"lazy\" \/>\n\t\t\t\t<\/picture>\n\t\t\t\t<div class=\"spectra-image-gallery__media-thumbnail-blurrer\"><\/div>\n\t\t\t\t\t\t\t\t\t\t\t<div class=\"spectra-image-gallery__media-thumbnail-caption-wrapper spectra-image-gallery__media-thumbnail-caption-wrapper--overlay\">\n\t\t\t\t\t\t\t\t\t\t\t<div class=\"spectra-image-gallery__media-thumbnail-caption spectra-image-gallery__media-thumbnail-caption--overlay\">\n\t\t\t\t\tNo Caption\t\t\t\t<\/div>\n\t\t\t\t\t\t\t\t\t\t<\/div>\n\t\t\t\t\t\t\t\t\t<\/div>\n\t\t\t\t\t\t<\/div>\n\t\t\t\t\t\t\t\t\t\t<\/div>\n\t\t\t\t\t\t\t\t\t\t\t\t\t\t\t\t\t\t<\/div>\n\t\t\t\t\t\t\t\t\t\n\n\n<p><\/p>\n\n\n\n<p>El concepto de las artes visuales cobr\u00f3 vida en los pasillos y, a trav\u00e9s de distintas t\u00e9cnicas y estilos, se pudo demostrar una amplia y profunda diversidad de formas de expresi\u00f3n; as\u00ed mismo, los sentimientos, motivaciones e ideolog\u00edas escondidos dentro de trazos y pinceladas de todas las mujeres que participaron en esta actividad crearon un lazo invisible entre las artistas, las obras y los espectadores.&nbsp;&nbsp;<\/p>\n\n\n\n<p>La estudiante de octavo semestre de la Escuela de Artes Visuales, Amy Jaramillo, impresion\u00f3 a quienes pasaban junto a ella con el caligraffiti que estaba pintando con una mezcla de colores en negro, blanco y rojo.&nbsp;Esta t\u00e9cnica con la que la artista confiesa tener especial afinaci\u00f3n es caligraf\u00eda combinada con graffiti, un estilo que se fundamenta en un juego de letras que se convierten en s\u00edmbolos. Una obra que empieza como algo simple, pero con el uso de formas geom\u00e9tricas y variaciones en los trazos se vuelve mucho m\u00e1s complejo.&nbsp;<\/p>\n\n\n<div class=\"wp-block-image\">\n<figure class=\"aligncenter size-large\"><img fetchpriority=\"high\" decoding=\"async\" width=\"644\" height=\"429\" src=\"https:\/\/www.uartes.edu.ec\/sitio\/wp-content\/uploads\/2024\/07\/22-ARTES-MyE-2024-644x429.jpg\" alt=\"\" class=\"wp-image-58378\" srcset=\"https:\/\/www.uartes.edu.ec\/sitio\/wp-content\/uploads\/2024\/07\/22-ARTES-MyE-2024-644x429.jpg 644w, https:\/\/www.uartes.edu.ec\/sitio\/wp-content\/uploads\/2024\/07\/22-ARTES-MyE-2024-300x200.jpg 300w, https:\/\/www.uartes.edu.ec\/sitio\/wp-content\/uploads\/2024\/07\/22-ARTES-MyE-2024-768x512.jpg 768w, https:\/\/www.uartes.edu.ec\/sitio\/wp-content\/uploads\/2024\/07\/22-ARTES-MyE-2024-1536x1024.jpg 1536w, https:\/\/www.uartes.edu.ec\/sitio\/wp-content\/uploads\/2024\/07\/22-ARTES-MyE-2024-18x12.jpg 18w, https:\/\/www.uartes.edu.ec\/sitio\/wp-content\/uploads\/2024\/07\/22-ARTES-MyE-2024-400x267.jpg 400w, https:\/\/www.uartes.edu.ec\/sitio\/wp-content\/uploads\/2024\/07\/22-ARTES-MyE-2024-272x182.jpg 272w, https:\/\/www.uartes.edu.ec\/sitio\/wp-content\/uploads\/2024\/07\/22-ARTES-MyE-2024.jpg 2000w\" sizes=\"(max-width: 644px) 100vw, 644px\" \/><\/figure>\n<\/div>\n\n\n<p>\u201cYo soy resultado de la pandemia, eso me hizo salir a pintar en la calle, pues siempre pintaba en las paredes de mi casa o donde estaban mis amigos. Nunca me gust\u00f3 el lienzo\u201d, anot\u00f3 Amy Jaramillo, revelando las razones por las cuales la caligraf\u00eda es tan especial para ella. \u201cSiempre improviso porque de eso se trata m\u00e1s que todo, el caligraffiti m\u00e1s que caligraf\u00eda abstracta es ir improvisando en el momento\u201d.&nbsp;<\/p>\n\n\n\n<p>Rafaela Salazar, quien en febrero pasado obtuvo su licenciatura en Artes Visuales, dijo que volvi\u00f3 a la universidad por invitaci\u00f3n de la mentalizadora y curadora de la muestra, la docente UArtes&nbsp;Mar\u00eda Fernanda L\u00f3pez, a quien le expres\u00f3 sinceros agradecimientos. Con respecto a su obra dijo que trabaja con ilustraciones de animales h\u00edbridos, en este caso, las ratas. Se\u00f1al\u00f3 tambi\u00e9n que la ideolog\u00eda del punk es parte de su vida y de su cotidiano y que dentro de esta cultura se utiliza mucho este animal para representar ciertas acciones, personajes o vivencias propias.&nbsp;<\/p>\n\n\n\n<p>\u201cLa elecci\u00f3n de colores como el blanco, negro y gris los utilizo siempre. Me gusta mucho jugar con la idea de la caricatura antigua, del comic viejo. Es algo que a m\u00ed siempre me llam\u00f3 la atenci\u00f3n\u201d, agreg\u00f3. Como verdadera punkera refiri\u00f3 valerse mucho de la punci\u00f3n del momento, de la improvisaci\u00f3n; procura no difuminar ni usar t\u00e9cnicas m\u00e1s prolijas, pues no est\u00e1n dentro de sus intereses. Le gusta el trazo fuerte y que se llegue a ver un poco sucio al final.&nbsp;<\/p>\n\n\n<div class=\"wp-block-image\">\n<figure class=\"aligncenter size-large\"><img decoding=\"async\" width=\"644\" height=\"429\" src=\"https:\/\/www.uartes.edu.ec\/sitio\/wp-content\/uploads\/2024\/07\/23-ARTES-MyE-2024-644x429.jpg\" alt=\"\" class=\"wp-image-58379\" srcset=\"https:\/\/www.uartes.edu.ec\/sitio\/wp-content\/uploads\/2024\/07\/23-ARTES-MyE-2024-644x429.jpg 644w, https:\/\/www.uartes.edu.ec\/sitio\/wp-content\/uploads\/2024\/07\/23-ARTES-MyE-2024-300x200.jpg 300w, https:\/\/www.uartes.edu.ec\/sitio\/wp-content\/uploads\/2024\/07\/23-ARTES-MyE-2024-768x512.jpg 768w, https:\/\/www.uartes.edu.ec\/sitio\/wp-content\/uploads\/2024\/07\/23-ARTES-MyE-2024-1536x1024.jpg 1536w, https:\/\/www.uartes.edu.ec\/sitio\/wp-content\/uploads\/2024\/07\/23-ARTES-MyE-2024-18x12.jpg 18w, https:\/\/www.uartes.edu.ec\/sitio\/wp-content\/uploads\/2024\/07\/23-ARTES-MyE-2024-400x267.jpg 400w, https:\/\/www.uartes.edu.ec\/sitio\/wp-content\/uploads\/2024\/07\/23-ARTES-MyE-2024-272x182.jpg 272w, https:\/\/www.uartes.edu.ec\/sitio\/wp-content\/uploads\/2024\/07\/23-ARTES-MyE-2024.jpg 2000w\" sizes=\"(max-width: 644px) 100vw, 644px\" \/><\/figure>\n<\/div>\n\n\n<p>En contraste, Roc\u00edo Soria D\u00edaz, graduada en pre y posgrado en la UArtes, realiz\u00f3 con vibrantes tonalidades un paisaje en muralismo contempor\u00e1neo. Dijo que, a trav\u00e9s de su obra, busca amenizar los d\u00edas, que los espectadores se sientan gusto al verla y que, con la intervenci\u00f3n de im\u00e1genes, se puedan trasladar hacia lo tradicional, es decir, la pintura.&nbsp;&nbsp;<\/p>\n\n\n\n<p>Gracias a la admiraci\u00f3n que manifest\u00f3 sentir por los artistas ecuatorianos que trabajan con paisajes, Soria D\u00edaz precis\u00f3 que busca dar a sus trabajos un giro y presentarlos desde lo psicod\u00e9lico, lo colorido, lo sensible. La paleta de brillantes colores es algo que la caracteriza, lleva trabajando con ella casi diez a\u00f1os y siente debilidad por los tonos pasteles, lo llamativo. \u201cEs muy gratificante, para m\u00ed es un honor estar en este espacio y siempre ser\u00e1 un honor volver a gestionar las pr\u00e1cticas art\u00edsticas dentro de la universidad. Es un orgullo estar en &#8216;Arte, mujeres y espacio p\u00fablico&#8217;, se siente muy bien\u201d, expres\u00f3.&nbsp;<\/p>\n\n\n\t\t\t\t\t<div\n\t\t\t\t\t\tclass=\"wp-block-uagb-image-gallery uagb-block-3d84752c\"\n\t\t\t\t\t\tstyle=\"\"\n\t\t\t\t\t>\n\t\t\t\t\t\t\t\t\t\t\t<div class=\"spectra-image-gallery spectra-image-gallery__layout--grid spectra-image-gallery__layout--grid-col-2 spectra-image-gallery__layout--grid-col-tab-2 spectra-image-gallery__layout--grid-col-mob-2\">\n\t\t\t\t\t\t\t\t\t\t\t<div class='spectra-image-gallery__media-wrapper' data-spectra-gallery-image-id='58381' tabindex=\"0\">\n\t\t\t\t\t\t\t<div class=\"spectra-image-gallery__media spectra-image-gallery__media--grid\">\n\t\t\t\t<picture>\n\t\t\t\t\t<source media=\"(min-width: 1024px)\" srcset=\"https:\/\/www.uartes.edu.ec\/sitio\/wp-content\/uploads\/2024\/07\/21-ARTES-MyE-2024-644x429.jpg\">\n\t\t\t\t\t<source media=\"(min-width: 768px)\" srcset=\"https:\/\/www.uartes.edu.ec\/sitio\/wp-content\/uploads\/2024\/07\/21-ARTES-MyE-2024-644x429.jpg\">\n\t\t\t\t\t<img decoding=\"async\" class=\"spectra-image-gallery__media-thumbnail spectra-image-gallery__media-thumbnail--grid\" src=\"https:\/\/www.uartes.edu.ec\/sitio\/wp-content\/uploads\/2024\/07\/21-ARTES-MyE-2024-300x200.jpg\" alt=\"\" loading=\"lazy\" \/>\n\t\t\t\t<\/picture>\n\t\t\t\t<div class=\"spectra-image-gallery__media-thumbnail-blurrer\"><\/div>\n\t\t\t\t\t\t\t\t\t\t\t<div class=\"spectra-image-gallery__media-thumbnail-caption-wrapper spectra-image-gallery__media-thumbnail-caption-wrapper--overlay\">\n\t\t\t\t\t\t\t\t\t\t\t<div class=\"spectra-image-gallery__media-thumbnail-caption spectra-image-gallery__media-thumbnail-caption--overlay\">\n\t\t\t\t\tNo Caption\t\t\t\t<\/div>\n\t\t\t\t\t\t\t\t\t\t<\/div>\n\t\t\t\t\t\t\t\t\t<\/div>\n\t\t\t\t\t\t<\/div>\n\t\t\t\t\t\t<div class='spectra-image-gallery__media-wrapper' data-spectra-gallery-image-id='58380' tabindex=\"0\">\n\t\t\t\t\t\t\t<div class=\"spectra-image-gallery__media spectra-image-gallery__media--grid\">\n\t\t\t\t<picture>\n\t\t\t\t\t<source media=\"(min-width: 1024px)\" srcset=\"https:\/\/www.uartes.edu.ec\/sitio\/wp-content\/uploads\/2024\/07\/16-ARTES-MyE-2024-644x429.jpg\">\n\t\t\t\t\t<source media=\"(min-width: 768px)\" srcset=\"https:\/\/www.uartes.edu.ec\/sitio\/wp-content\/uploads\/2024\/07\/16-ARTES-MyE-2024-644x429.jpg\">\n\t\t\t\t\t<img decoding=\"async\" class=\"spectra-image-gallery__media-thumbnail spectra-image-gallery__media-thumbnail--grid\" src=\"https:\/\/www.uartes.edu.ec\/sitio\/wp-content\/uploads\/2024\/07\/16-ARTES-MyE-2024-300x200.jpg\" alt=\"\" loading=\"lazy\" \/>\n\t\t\t\t<\/picture>\n\t\t\t\t<div class=\"spectra-image-gallery__media-thumbnail-blurrer\"><\/div>\n\t\t\t\t\t\t\t\t\t\t\t<div class=\"spectra-image-gallery__media-thumbnail-caption-wrapper spectra-image-gallery__media-thumbnail-caption-wrapper--overlay\">\n\t\t\t\t\t\t\t\t\t\t\t<div class=\"spectra-image-gallery__media-thumbnail-caption spectra-image-gallery__media-thumbnail-caption--overlay\">\n\t\t\t\t\tNo Caption\t\t\t\t<\/div>\n\t\t\t\t\t\t\t\t\t\t<\/div>\n\t\t\t\t\t\t\t\t\t<\/div>\n\t\t\t\t\t\t<\/div>\n\t\t\t\t\t\t\t\t\t\t<\/div>\n\t\t\t\t\t\t\t\t\t\t\t\t\t\t\t\t\t\t<\/div>\n\t\t\t\t\t\t\t\t\t\n\n\n<p><\/p>\n\n\n\n<h3 class=\"wp-block-heading\">Otras expositoras de la UArtes e invitada<\/h3>\n\n\n\n<p>De la carrera de Artes Visuales tambi\u00e9n participaron en \u201cArte, mujeres y espacio p\u00fablico\u201d: <br>Nicole Olvera, cuya l\u00ednea de trabajo e investigaci\u00f3n se centra en los medios bidimensionales y obras instalativas, sus obras a nivel t\u00e9cnico se caracterizan por los colores pasteles, los brillos y las texturas. La tem\u00e1tica de sus obras trata temas como las relaciones del cerebro a los sentimientos, a los estados y razones del comportamiento humano.<\/p>\n\n\n\n<p>Naomi Moreira, quien es miembro de Casa Col\u00e9rica, sumerge su pr\u00e1ctica art\u00edstica en la exploraci\u00f3n de temas que evocan nostalgia, memoria y situaciones cotidianas; utiliza una variedad de medios, desde la escritura hasta el archivo, as\u00ed como la pintura y el dibujo; busca capturar la esencia de estas experiencias humanas, motivaci\u00f3n que surge de un profundo deseo de establecer conexiones entre su obra y el espectador, utilizando sus propias vivencias como puente. Es su inter\u00e9s crear espacios donde el espectador pueda reflejarse, recortar y reconectar con momentos pasados.<\/p>\n\n\n\n<p>De Casa Col\u00e9rica es tambi\u00e9n integrante Valentina Zapata, dibujante e ilustradora que estudi\u00f3 en el Colegio de Bellas Artes. Se interesa por retratar a personas y algunos animales que le gustan, adem\u00e1s de entornos pantanosos y acu\u00e1ticos; gusta en sus trabajos de la saturaci\u00f3n y el contraste porque son vibrantes y llaman la atenci\u00f3n.<\/p>\n\n\n\n<p>Noelia Sosa Delgado (<em>Sawness<\/em>) est\u00e1 en octavo semestre y centra su l\u00ednea de trabajo e investigaci\u00f3n en los medios biodimensionales y digitales, junto al modelado y la impresi\u00f3n en 3D; sus obras a nivel t\u00e9cnico se caracterizan por ahondar en la simplificaci\u00f3n de las formas, contornos definidos, el juego con la perspectiva, sensaci\u00f3n volum\u00e9trica conseguida mediante el extraordinario colorido. La tem\u00e1tica de sus obras pretende exponer una visi\u00f3n femenina hecha a base de colores pastel, sum\u00e1ndole elementos pop y simbolog\u00eda local ecuatoriana.<\/p>\n\n\n\n<p>Michelle Fajardo Far\u00edas (<em>Miokat<\/em>) est\u00e1 en el itinerario de Pr\u00e1cticas Bidimensionales de la Escuela de Artes Visuales y desarrolla sus propuestas entorno a las emociones plasmadas en el transitar de las calles. Ha participado en varias exposiciones colectivas, como Ecro Expandido I y II, en el CIF del MZ14 Centro de Producci\u00f3n e Innovaci\u00f3n UArtes; en la selecci\u00f3n \u201cIrrupciones\u201d del Museo Luis Noboa Baranjo<em>;<\/em> y en la selecci\u00f3n oficial del Sal\u00f3n de la Mujer edici\u00f3n 25 de la Casa de la Cultura Ecuatoriana N\u00facleo del Guayas.<\/p>\n\n\n\n<p>Texto y fotos: Romina Ram\u00edrez, estudiante de la Escuela de Literatura\/Carmen Cortez y Tyrone Maridue\u00f1a, Dircom\u00a0\u00a0<\/p>","protected":false},"excerpt":{"rendered":"<p>La alumna Amy Jaramillo y las graduadas Rafaela Salazar y Roc\u00edo Soria D\u00edaz son tres de las estudiantes y alumni que participaron en la quinta edici\u00f3n de \u201cArte, mujeres y espacio p\u00fablico\u201d, que en este a\u00f1o tuvo una notoria intervenci\u00f3n de artistas UArtes. Ellas comparten su experiencia en la propuesta expositiva, cuya mentalizadora y curadora es la docente Mar\u00eda Fernanda L\u00f3pez.  <\/p>","protected":false},"author":10,"featured_media":58375,"comment_status":"open","ping_status":"open","sticky":false,"template":"","format":"standard","meta":{"_acf_changed":false,"_uag_custom_page_level_css":"","_monsterinsights_skip_tracking":false,"_monsterinsights_sitenote_active":false,"_monsterinsights_sitenote_note":"","_monsterinsights_sitenote_category":0,"cybocfi_hide_featured_image":"","footnotes":""},"categories":[490,82,75,76,83],"tags":[590],"infouartes":[],"class_list":["post-58251","post","type-post","status-publish","format-standard","has-post-thumbnail","hentry","category-alumni","category-artes","category-docentes","category-estudiantes","category-sedes","tag-muestra"],"acf":[],"yoast_head":"<!-- This site is optimized with the Yoast SEO plugin v27.4 - https:\/\/yoast.com\/product\/yoast-seo-wordpress\/ -->\n<title>Universidad de las Artes - En di\u00e1logo con tres de las estudiantes UArtes que intervinieron en la V edici\u00f3n de \u201cArte, mujeres y espacio p\u00fablico\u201d<\/title>\n<meta name=\"description\" content=\"Universidad de las Artes - En di\u00e1logo con tres de las estudiantes UArtes que intervinieron en la V edici\u00f3n de \u201cArte, mujeres y espacio p\u00fablico\u201d\" \/>\n<meta name=\"robots\" content=\"index, follow, max-snippet:-1, max-image-preview:large, max-video-preview:-1\" \/>\n<link rel=\"canonical\" href=\"https:\/\/www.uartes.edu.ec\/sitio\/en\/blog\/2024\/07\/05\/en-dialogo-con-tres-de-las-artistas-uartes-que-intervinieron-en-arte-mujeres-y-espacio-publico\/\" \/>\n<meta property=\"og:locale\" content=\"en_US\" \/>\n<meta property=\"og:type\" content=\"article\" \/>\n<meta property=\"og:title\" content=\"Universidad de las Artes - En di\u00e1logo con tres de las estudiantes UArtes que intervinieron en la V edici\u00f3n de \u201cArte, mujeres y espacio p\u00fablico\u201d\" \/>\n<meta property=\"og:description\" content=\"Universidad de las Artes - En di\u00e1logo con tres de las estudiantes UArtes que intervinieron en la V edici\u00f3n de \u201cArte, mujeres y espacio p\u00fablico\u201d\" \/>\n<meta property=\"og:url\" content=\"https:\/\/www.uartes.edu.ec\/sitio\/en\/blog\/2024\/07\/05\/en-dialogo-con-tres-de-las-artistas-uartes-que-intervinieron-en-arte-mujeres-y-espacio-publico\/\" \/>\n<meta property=\"og:site_name\" content=\"Universidad de las Artes\" \/>\n<meta property=\"article:publisher\" content=\"https:\/\/www.facebook.com\/uartesec\" \/>\n<meta property=\"article:published_time\" content=\"2024-07-05T22:49:42+00:00\" \/>\n<meta property=\"article:modified_time\" content=\"2024-07-11T23:45:34+00:00\" \/>\n<meta property=\"og:image\" content=\"https:\/\/www.uartes.edu.ec\/sitio\/wp-content\/uploads\/2024\/07\/18-ARTES-MyE-2024.jpg\" \/>\n\t<meta property=\"og:image:width\" content=\"2000\" \/>\n\t<meta property=\"og:image:height\" content=\"1333\" \/>\n\t<meta property=\"og:image:type\" content=\"image\/jpeg\" \/>\n<meta name=\"author\" content=\"ccortez\" \/>\n<meta name=\"twitter:card\" content=\"summary_large_image\" \/>\n<meta name=\"twitter:creator\" content=\"@uartesec\" \/>\n<meta name=\"twitter:site\" content=\"@uartesec\" \/>\n<meta name=\"twitter:label1\" content=\"Written by\" \/>\n\t<meta name=\"twitter:data1\" content=\"ccortez\" \/>\n\t<meta name=\"twitter:label2\" content=\"Est. reading time\" \/>\n\t<meta name=\"twitter:data2\" content=\"6 minutes\" \/>\n<script type=\"application\/ld+json\" class=\"yoast-schema-graph\">{\"@context\":\"https:\\\/\\\/schema.org\",\"@graph\":[{\"@type\":\"Article\",\"@id\":\"https:\\\/\\\/www.uartes.edu.ec\\\/sitio\\\/en\\\/blog\\\/2024\\\/07\\\/05\\\/en-dialogo-con-tres-de-las-artistas-uartes-que-intervinieron-en-arte-mujeres-y-espacio-publico\\\/#article\",\"isPartOf\":{\"@id\":\"https:\\\/\\\/www.uartes.edu.ec\\\/sitio\\\/en\\\/blog\\\/2024\\\/07\\\/05\\\/en-dialogo-con-tres-de-las-artistas-uartes-que-intervinieron-en-arte-mujeres-y-espacio-publico\\\/\"},\"author\":{\"name\":\"ccortez\",\"@id\":\"https:\\\/\\\/www.uartes.edu.ec\\\/sitio\\\/en\\\/#\\\/schema\\\/person\\\/efa1b8275797664fd7f13a79ccc0b1f4\"},\"headline\":\"En di\u00e1logo con tres de las estudiantes UArtes que intervinieron en la V edici\u00f3n de \u201cArte, mujeres y espacio p\u00fablico\u201d\",\"datePublished\":\"2024-07-05T22:49:42+00:00\",\"dateModified\":\"2024-07-11T23:45:34+00:00\",\"mainEntityOfPage\":{\"@id\":\"https:\\\/\\\/www.uartes.edu.ec\\\/sitio\\\/en\\\/blog\\\/2024\\\/07\\\/05\\\/en-dialogo-con-tres-de-las-artistas-uartes-que-intervinieron-en-arte-mujeres-y-espacio-publico\\\/\"},\"wordCount\":1289,\"commentCount\":0,\"publisher\":{\"@id\":\"https:\\\/\\\/www.uartes.edu.ec\\\/sitio\\\/en\\\/#organization\"},\"image\":{\"@id\":\"https:\\\/\\\/www.uartes.edu.ec\\\/sitio\\\/en\\\/blog\\\/2024\\\/07\\\/05\\\/en-dialogo-con-tres-de-las-artistas-uartes-que-intervinieron-en-arte-mujeres-y-espacio-publico\\\/#primaryimage\"},\"thumbnailUrl\":\"https:\\\/\\\/www.uartes.edu.ec\\\/sitio\\\/wp-content\\\/uploads\\\/2024\\\/07\\\/18-ARTES-MyE-2024.jpg\",\"keywords\":[\"muestra\"],\"articleSection\":[\"Alumni\",\"Artes\",\"Docentes\",\"Estudiantes\",\"Sedes\"],\"inLanguage\":\"en-US\",\"potentialAction\":[{\"@type\":\"CommentAction\",\"name\":\"Comment\",\"target\":[\"https:\\\/\\\/www.uartes.edu.ec\\\/sitio\\\/en\\\/blog\\\/2024\\\/07\\\/05\\\/en-dialogo-con-tres-de-las-artistas-uartes-que-intervinieron-en-arte-mujeres-y-espacio-publico\\\/#respond\"]}]},{\"@type\":[\"WebPage\",\"ItemPage\"],\"@id\":\"https:\\\/\\\/www.uartes.edu.ec\\\/sitio\\\/en\\\/blog\\\/2024\\\/07\\\/05\\\/en-dialogo-con-tres-de-las-artistas-uartes-que-intervinieron-en-arte-mujeres-y-espacio-publico\\\/\",\"url\":\"https:\\\/\\\/www.uartes.edu.ec\\\/sitio\\\/en\\\/blog\\\/2024\\\/07\\\/05\\\/en-dialogo-con-tres-de-las-artistas-uartes-que-intervinieron-en-arte-mujeres-y-espacio-publico\\\/\",\"name\":\"Universidad de las Artes - En di\u00e1logo con tres de las estudiantes UArtes que intervinieron en la V edici\u00f3n de \u201cArte, mujeres y espacio p\u00fablico\u201d\",\"isPartOf\":{\"@id\":\"https:\\\/\\\/www.uartes.edu.ec\\\/sitio\\\/en\\\/#website\"},\"primaryImageOfPage\":{\"@id\":\"https:\\\/\\\/www.uartes.edu.ec\\\/sitio\\\/en\\\/blog\\\/2024\\\/07\\\/05\\\/en-dialogo-con-tres-de-las-artistas-uartes-que-intervinieron-en-arte-mujeres-y-espacio-publico\\\/#primaryimage\"},\"image\":{\"@id\":\"https:\\\/\\\/www.uartes.edu.ec\\\/sitio\\\/en\\\/blog\\\/2024\\\/07\\\/05\\\/en-dialogo-con-tres-de-las-artistas-uartes-que-intervinieron-en-arte-mujeres-y-espacio-publico\\\/#primaryimage\"},\"thumbnailUrl\":\"https:\\\/\\\/www.uartes.edu.ec\\\/sitio\\\/wp-content\\\/uploads\\\/2024\\\/07\\\/18-ARTES-MyE-2024.jpg\",\"datePublished\":\"2024-07-05T22:49:42+00:00\",\"dateModified\":\"2024-07-11T23:45:34+00:00\",\"description\":\"Universidad de las Artes - En di\u00e1logo con tres de las estudiantes UArtes que intervinieron en la V edici\u00f3n de \u201cArte, mujeres y espacio p\u00fablico\u201d\",\"breadcrumb\":{\"@id\":\"https:\\\/\\\/www.uartes.edu.ec\\\/sitio\\\/en\\\/blog\\\/2024\\\/07\\\/05\\\/en-dialogo-con-tres-de-las-artistas-uartes-que-intervinieron-en-arte-mujeres-y-espacio-publico\\\/#breadcrumb\"},\"inLanguage\":\"en-US\",\"potentialAction\":[{\"@type\":\"ReadAction\",\"target\":[\"https:\\\/\\\/www.uartes.edu.ec\\\/sitio\\\/en\\\/blog\\\/2024\\\/07\\\/05\\\/en-dialogo-con-tres-de-las-artistas-uartes-que-intervinieron-en-arte-mujeres-y-espacio-publico\\\/\"]}]},{\"@type\":\"ImageObject\",\"inLanguage\":\"en-US\",\"@id\":\"https:\\\/\\\/www.uartes.edu.ec\\\/sitio\\\/en\\\/blog\\\/2024\\\/07\\\/05\\\/en-dialogo-con-tres-de-las-artistas-uartes-que-intervinieron-en-arte-mujeres-y-espacio-publico\\\/#primaryimage\",\"url\":\"https:\\\/\\\/www.uartes.edu.ec\\\/sitio\\\/wp-content\\\/uploads\\\/2024\\\/07\\\/18-ARTES-MyE-2024.jpg\",\"contentUrl\":\"https:\\\/\\\/www.uartes.edu.ec\\\/sitio\\\/wp-content\\\/uploads\\\/2024\\\/07\\\/18-ARTES-MyE-2024.jpg\",\"width\":2000,\"height\":1333},{\"@type\":\"BreadcrumbList\",\"@id\":\"https:\\\/\\\/www.uartes.edu.ec\\\/sitio\\\/en\\\/blog\\\/2024\\\/07\\\/05\\\/en-dialogo-con-tres-de-las-artistas-uartes-que-intervinieron-en-arte-mujeres-y-espacio-publico\\\/#breadcrumb\",\"itemListElement\":[{\"@type\":\"ListItem\",\"position\":1,\"name\":\"Inicio\",\"item\":\"https:\\\/\\\/www.uartes.edu.ec\\\/sitio\\\/\"},{\"@type\":\"ListItem\",\"position\":2,\"name\":\"En di\u00e1logo con tres de las estudiantes UArtes que intervinieron en la V edici\u00f3n de \u201cArte, mujeres y espacio p\u00fablico\u201d\"}]},{\"@type\":\"WebSite\",\"@id\":\"https:\\\/\\\/www.uartes.edu.ec\\\/sitio\\\/en\\\/#website\",\"url\":\"https:\\\/\\\/www.uartes.edu.ec\\\/sitio\\\/en\\\/\",\"name\":\"Universidad de las Artes\",\"description\":\"Sitio oficial de la Universidad Nacional de las Artes del Ecuador\",\"publisher\":{\"@id\":\"https:\\\/\\\/www.uartes.edu.ec\\\/sitio\\\/en\\\/#organization\"},\"potentialAction\":[{\"@type\":\"SearchAction\",\"target\":{\"@type\":\"EntryPoint\",\"urlTemplate\":\"https:\\\/\\\/www.uartes.edu.ec\\\/sitio\\\/en\\\/?s={search_term_string}\"},\"query-input\":{\"@type\":\"PropertyValueSpecification\",\"valueRequired\":true,\"valueName\":\"search_term_string\"}}],\"inLanguage\":\"en-US\"},{\"@type\":\"Organization\",\"@id\":\"https:\\\/\\\/www.uartes.edu.ec\\\/sitio\\\/en\\\/#organization\",\"name\":\"Universidad de las Artes\",\"url\":\"https:\\\/\\\/www.uartes.edu.ec\\\/sitio\\\/en\\\/\",\"logo\":{\"@type\":\"ImageObject\",\"inLanguage\":\"en-US\",\"@id\":\"https:\\\/\\\/www.uartes.edu.ec\\\/sitio\\\/en\\\/#\\\/schema\\\/logo\\\/image\\\/\",\"url\":\"https:\\\/\\\/www.uartes.edu.ec\\\/sitio\\\/wp-content\\\/uploads\\\/2022\\\/07\\\/logo-ua-horizontal.png\",\"contentUrl\":\"https:\\\/\\\/www.uartes.edu.ec\\\/sitio\\\/wp-content\\\/uploads\\\/2022\\\/07\\\/logo-ua-horizontal.png\",\"width\":800,\"height\":276,\"caption\":\"Universidad de las Artes\"},\"image\":{\"@id\":\"https:\\\/\\\/www.uartes.edu.ec\\\/sitio\\\/en\\\/#\\\/schema\\\/logo\\\/image\\\/\"},\"sameAs\":[\"https:\\\/\\\/www.facebook.com\\\/uartesec\",\"https:\\\/\\\/x.com\\\/uartesec\",\"https:\\\/\\\/www.tiktok.com\\\/@uartesec\"]},{\"@type\":\"Person\",\"@id\":\"https:\\\/\\\/www.uartes.edu.ec\\\/sitio\\\/en\\\/#\\\/schema\\\/person\\\/efa1b8275797664fd7f13a79ccc0b1f4\",\"name\":\"ccortez\",\"image\":{\"@type\":\"ImageObject\",\"inLanguage\":\"en-US\",\"@id\":\"https:\\\/\\\/secure.gravatar.com\\\/avatar\\\/b2a6f664a3ae8e074346ef91775736c5ec479e637ecced6842de9dc98b5da9cd?s=96&d=mm&r=g\",\"url\":\"https:\\\/\\\/secure.gravatar.com\\\/avatar\\\/b2a6f664a3ae8e074346ef91775736c5ec479e637ecced6842de9dc98b5da9cd?s=96&d=mm&r=g\",\"contentUrl\":\"https:\\\/\\\/secure.gravatar.com\\\/avatar\\\/b2a6f664a3ae8e074346ef91775736c5ec479e637ecced6842de9dc98b5da9cd?s=96&d=mm&r=g\",\"caption\":\"ccortez\"},\"url\":\"https:\\\/\\\/www.uartes.edu.ec\\\/sitio\\\/en\\\/blog\\\/author\\\/ccortez\\\/\"}]}<\/script>\n<!-- \/ Yoast SEO plugin. -->","yoast_head_json":{"title":"Universidad de las Artes - En di\u00e1logo con tres de las estudiantes UArtes que intervinieron en la V edici\u00f3n de \u201cArte, mujeres y espacio p\u00fablico\u201d","description":"Universidad de las Artes - En di\u00e1logo con tres de las estudiantes UArtes que intervinieron en la V edici\u00f3n de \u201cArte, mujeres y espacio p\u00fablico\u201d","robots":{"index":"index","follow":"follow","max-snippet":"max-snippet:-1","max-image-preview":"max-image-preview:large","max-video-preview":"max-video-preview:-1"},"canonical":"https:\/\/www.uartes.edu.ec\/sitio\/en\/blog\/2024\/07\/05\/en-dialogo-con-tres-de-las-artistas-uartes-que-intervinieron-en-arte-mujeres-y-espacio-publico\/","og_locale":"en_US","og_type":"article","og_title":"Universidad de las Artes - En di\u00e1logo con tres de las estudiantes UArtes que intervinieron en la V edici\u00f3n de \u201cArte, mujeres y espacio p\u00fablico\u201d","og_description":"Universidad de las Artes - En di\u00e1logo con tres de las estudiantes UArtes que intervinieron en la V edici\u00f3n de \u201cArte, mujeres y espacio p\u00fablico\u201d","og_url":"https:\/\/www.uartes.edu.ec\/sitio\/en\/blog\/2024\/07\/05\/en-dialogo-con-tres-de-las-artistas-uartes-que-intervinieron-en-arte-mujeres-y-espacio-publico\/","og_site_name":"Universidad de las Artes","article_publisher":"https:\/\/www.facebook.com\/uartesec","article_published_time":"2024-07-05T22:49:42+00:00","article_modified_time":"2024-07-11T23:45:34+00:00","og_image":[{"width":2000,"height":1333,"url":"https:\/\/www.uartes.edu.ec\/sitio\/wp-content\/uploads\/2024\/07\/18-ARTES-MyE-2024.jpg","type":"image\/jpeg"}],"author":"ccortez","twitter_card":"summary_large_image","twitter_creator":"@uartesec","twitter_site":"@uartesec","twitter_misc":{"Written by":"ccortez","Est. reading time":"6 minutes"},"schema":{"@context":"https:\/\/schema.org","@graph":[{"@type":"Article","@id":"https:\/\/www.uartes.edu.ec\/sitio\/en\/blog\/2024\/07\/05\/en-dialogo-con-tres-de-las-artistas-uartes-que-intervinieron-en-arte-mujeres-y-espacio-publico\/#article","isPartOf":{"@id":"https:\/\/www.uartes.edu.ec\/sitio\/en\/blog\/2024\/07\/05\/en-dialogo-con-tres-de-las-artistas-uartes-que-intervinieron-en-arte-mujeres-y-espacio-publico\/"},"author":{"name":"ccortez","@id":"https:\/\/www.uartes.edu.ec\/sitio\/en\/#\/schema\/person\/efa1b8275797664fd7f13a79ccc0b1f4"},"headline":"En di\u00e1logo con tres de las estudiantes UArtes que intervinieron en la V edici\u00f3n de \u201cArte, mujeres y espacio p\u00fablico\u201d","datePublished":"2024-07-05T22:49:42+00:00","dateModified":"2024-07-11T23:45:34+00:00","mainEntityOfPage":{"@id":"https:\/\/www.uartes.edu.ec\/sitio\/en\/blog\/2024\/07\/05\/en-dialogo-con-tres-de-las-artistas-uartes-que-intervinieron-en-arte-mujeres-y-espacio-publico\/"},"wordCount":1289,"commentCount":0,"publisher":{"@id":"https:\/\/www.uartes.edu.ec\/sitio\/en\/#organization"},"image":{"@id":"https:\/\/www.uartes.edu.ec\/sitio\/en\/blog\/2024\/07\/05\/en-dialogo-con-tres-de-las-artistas-uartes-que-intervinieron-en-arte-mujeres-y-espacio-publico\/#primaryimage"},"thumbnailUrl":"https:\/\/www.uartes.edu.ec\/sitio\/wp-content\/uploads\/2024\/07\/18-ARTES-MyE-2024.jpg","keywords":["muestra"],"articleSection":["Alumni","Artes","Docentes","Estudiantes","Sedes"],"inLanguage":"en-US","potentialAction":[{"@type":"CommentAction","name":"Comment","target":["https:\/\/www.uartes.edu.ec\/sitio\/en\/blog\/2024\/07\/05\/en-dialogo-con-tres-de-las-artistas-uartes-que-intervinieron-en-arte-mujeres-y-espacio-publico\/#respond"]}]},{"@type":["WebPage","ItemPage"],"@id":"https:\/\/www.uartes.edu.ec\/sitio\/en\/blog\/2024\/07\/05\/en-dialogo-con-tres-de-las-artistas-uartes-que-intervinieron-en-arte-mujeres-y-espacio-publico\/","url":"https:\/\/www.uartes.edu.ec\/sitio\/en\/blog\/2024\/07\/05\/en-dialogo-con-tres-de-las-artistas-uartes-que-intervinieron-en-arte-mujeres-y-espacio-publico\/","name":"Universidad de las Artes - En di\u00e1logo con tres de las estudiantes UArtes que intervinieron en la V edici\u00f3n de \u201cArte, mujeres y espacio p\u00fablico\u201d","isPartOf":{"@id":"https:\/\/www.uartes.edu.ec\/sitio\/en\/#website"},"primaryImageOfPage":{"@id":"https:\/\/www.uartes.edu.ec\/sitio\/en\/blog\/2024\/07\/05\/en-dialogo-con-tres-de-las-artistas-uartes-que-intervinieron-en-arte-mujeres-y-espacio-publico\/#primaryimage"},"image":{"@id":"https:\/\/www.uartes.edu.ec\/sitio\/en\/blog\/2024\/07\/05\/en-dialogo-con-tres-de-las-artistas-uartes-que-intervinieron-en-arte-mujeres-y-espacio-publico\/#primaryimage"},"thumbnailUrl":"https:\/\/www.uartes.edu.ec\/sitio\/wp-content\/uploads\/2024\/07\/18-ARTES-MyE-2024.jpg","datePublished":"2024-07-05T22:49:42+00:00","dateModified":"2024-07-11T23:45:34+00:00","description":"Universidad de las Artes - En di\u00e1logo con tres de las estudiantes UArtes que intervinieron en la V edici\u00f3n de \u201cArte, mujeres y espacio p\u00fablico\u201d","breadcrumb":{"@id":"https:\/\/www.uartes.edu.ec\/sitio\/en\/blog\/2024\/07\/05\/en-dialogo-con-tres-de-las-artistas-uartes-que-intervinieron-en-arte-mujeres-y-espacio-publico\/#breadcrumb"},"inLanguage":"en-US","potentialAction":[{"@type":"ReadAction","target":["https:\/\/www.uartes.edu.ec\/sitio\/en\/blog\/2024\/07\/05\/en-dialogo-con-tres-de-las-artistas-uartes-que-intervinieron-en-arte-mujeres-y-espacio-publico\/"]}]},{"@type":"ImageObject","inLanguage":"en-US","@id":"https:\/\/www.uartes.edu.ec\/sitio\/en\/blog\/2024\/07\/05\/en-dialogo-con-tres-de-las-artistas-uartes-que-intervinieron-en-arte-mujeres-y-espacio-publico\/#primaryimage","url":"https:\/\/www.uartes.edu.ec\/sitio\/wp-content\/uploads\/2024\/07\/18-ARTES-MyE-2024.jpg","contentUrl":"https:\/\/www.uartes.edu.ec\/sitio\/wp-content\/uploads\/2024\/07\/18-ARTES-MyE-2024.jpg","width":2000,"height":1333},{"@type":"BreadcrumbList","@id":"https:\/\/www.uartes.edu.ec\/sitio\/en\/blog\/2024\/07\/05\/en-dialogo-con-tres-de-las-artistas-uartes-que-intervinieron-en-arte-mujeres-y-espacio-publico\/#breadcrumb","itemListElement":[{"@type":"ListItem","position":1,"name":"Inicio","item":"https:\/\/www.uartes.edu.ec\/sitio\/"},{"@type":"ListItem","position":2,"name":"En di\u00e1logo con tres de las estudiantes UArtes que intervinieron en la V edici\u00f3n de \u201cArte, mujeres y espacio p\u00fablico\u201d"}]},{"@type":"WebSite","@id":"https:\/\/www.uartes.edu.ec\/sitio\/en\/#website","url":"https:\/\/www.uartes.edu.ec\/sitio\/en\/","name":"Universidad de las Artes","description":"Sitio oficial de la Universidad Nacional de las Artes del Ecuador","publisher":{"@id":"https:\/\/www.uartes.edu.ec\/sitio\/en\/#organization"},"potentialAction":[{"@type":"SearchAction","target":{"@type":"EntryPoint","urlTemplate":"https:\/\/www.uartes.edu.ec\/sitio\/en\/?s={search_term_string}"},"query-input":{"@type":"PropertyValueSpecification","valueRequired":true,"valueName":"search_term_string"}}],"inLanguage":"en-US"},{"@type":"Organization","@id":"https:\/\/www.uartes.edu.ec\/sitio\/en\/#organization","name":"Universidad de las Artes","url":"https:\/\/www.uartes.edu.ec\/sitio\/en\/","logo":{"@type":"ImageObject","inLanguage":"en-US","@id":"https:\/\/www.uartes.edu.ec\/sitio\/en\/#\/schema\/logo\/image\/","url":"https:\/\/www.uartes.edu.ec\/sitio\/wp-content\/uploads\/2022\/07\/logo-ua-horizontal.png","contentUrl":"https:\/\/www.uartes.edu.ec\/sitio\/wp-content\/uploads\/2022\/07\/logo-ua-horizontal.png","width":800,"height":276,"caption":"Universidad de las Artes"},"image":{"@id":"https:\/\/www.uartes.edu.ec\/sitio\/en\/#\/schema\/logo\/image\/"},"sameAs":["https:\/\/www.facebook.com\/uartesec","https:\/\/x.com\/uartesec","https:\/\/www.tiktok.com\/@uartesec"]},{"@type":"Person","@id":"https:\/\/www.uartes.edu.ec\/sitio\/en\/#\/schema\/person\/efa1b8275797664fd7f13a79ccc0b1f4","name":"ccortez","image":{"@type":"ImageObject","inLanguage":"en-US","@id":"https:\/\/secure.gravatar.com\/avatar\/b2a6f664a3ae8e074346ef91775736c5ec479e637ecced6842de9dc98b5da9cd?s=96&d=mm&r=g","url":"https:\/\/secure.gravatar.com\/avatar\/b2a6f664a3ae8e074346ef91775736c5ec479e637ecced6842de9dc98b5da9cd?s=96&d=mm&r=g","contentUrl":"https:\/\/secure.gravatar.com\/avatar\/b2a6f664a3ae8e074346ef91775736c5ec479e637ecced6842de9dc98b5da9cd?s=96&d=mm&r=g","caption":"ccortez"},"url":"https:\/\/www.uartes.edu.ec\/sitio\/en\/blog\/author\/ccortez\/"}]}},"uagb_featured_image_src":{"full":["https:\/\/www.uartes.edu.ec\/sitio\/wp-content\/uploads\/2024\/07\/18-ARTES-MyE-2024.jpg",2000,1333,false],"thumbnail":["https:\/\/www.uartes.edu.ec\/sitio\/wp-content\/uploads\/2024\/07\/18-ARTES-MyE-2024-150x150.jpg",150,150,true],"medium":["https:\/\/www.uartes.edu.ec\/sitio\/wp-content\/uploads\/2024\/07\/18-ARTES-MyE-2024-300x200.jpg",300,200,true],"medium_large":["https:\/\/www.uartes.edu.ec\/sitio\/wp-content\/uploads\/2024\/07\/18-ARTES-MyE-2024-768x512.jpg",768,512,true],"large":["https:\/\/www.uartes.edu.ec\/sitio\/wp-content\/uploads\/2024\/07\/18-ARTES-MyE-2024-644x429.jpg",644,429,true],"1536x1536":["https:\/\/www.uartes.edu.ec\/sitio\/wp-content\/uploads\/2024\/07\/18-ARTES-MyE-2024-1536x1024.jpg",1536,1024,true],"2048x2048":["https:\/\/www.uartes.edu.ec\/sitio\/wp-content\/uploads\/2024\/07\/18-ARTES-MyE-2024.jpg",2000,1333,false],"trp-custom-language-flag":["https:\/\/www.uartes.edu.ec\/sitio\/wp-content\/uploads\/2024\/07\/18-ARTES-MyE-2024-18x12.jpg",18,12,true],"htmega_size_585x295":["https:\/\/www.uartes.edu.ec\/sitio\/wp-content\/uploads\/2024\/07\/18-ARTES-MyE-2024-585x295.jpg",585,295,true],"htmega_size_1170x536":["https:\/\/www.uartes.edu.ec\/sitio\/wp-content\/uploads\/2024\/07\/18-ARTES-MyE-2024-1170x536.jpg",1170,536,true],"htmega_size_396x360":["https:\/\/www.uartes.edu.ec\/sitio\/wp-content\/uploads\/2024\/07\/18-ARTES-MyE-2024-396x360.jpg",396,360,true],"gb-block-post-grid-landscape":["https:\/\/www.uartes.edu.ec\/sitio\/wp-content\/uploads\/2024\/07\/18-ARTES-MyE-2024.jpg",600,400,false],"gb-block-post-grid-square":["https:\/\/www.uartes.edu.ec\/sitio\/wp-content\/uploads\/2024\/07\/18-ARTES-MyE-2024.jpg",600,400,false],"university-hub-thumb":["https:\/\/www.uartes.edu.ec\/sitio\/wp-content\/uploads\/2024\/07\/18-ARTES-MyE-2024-400x267.jpg",400,267,true],"mailpoet_newsletter_max":["https:\/\/www.uartes.edu.ec\/sitio\/wp-content\/uploads\/2024\/07\/18-ARTES-MyE-2024.jpg",1320,880,false]},"uagb_author_info":{"display_name":"ccortez","author_link":"https:\/\/www.uartes.edu.ec\/sitio\/en\/blog\/author\/ccortez\/"},"uagb_comment_info":0,"uagb_excerpt":"La alumna Amy Jaramillo y las graduadas Rafaela Salazar y Roc\u00edo Soria D\u00edaz son tres de las estudiantes y alumni que participaron en la quinta edici\u00f3n de \u201cArte, mujeres y espacio p\u00fablico\u201d, que en este a\u00f1o tuvo una notoria intervenci\u00f3n de artistas UArtes. Ellas comparten su experiencia en la propuesta expositiva, cuya mentalizadora y curadora&hellip;","featured_image_src":"https:\/\/www.uartes.edu.ec\/sitio\/wp-content\/uploads\/2024\/07\/18-ARTES-MyE-2024.jpg","featured_image_src_square":"https:\/\/www.uartes.edu.ec\/sitio\/wp-content\/uploads\/2024\/07\/18-ARTES-MyE-2024.jpg","author_info":{"display_name":"ccortez","author_link":"https:\/\/www.uartes.edu.ec\/sitio\/en\/blog\/author\/ccortez\/"},"publishpress_future_workflow_manual_trigger":{"enabledWorkflows":[]},"distributor_meta":false,"distributor_terms":false,"distributor_media":false,"distributor_original_site_name":"Universidad de las Artes","distributor_original_site_url":"https:\/\/www.uartes.edu.ec\/sitio\/en","push-errors":false,"_links":{"self":[{"href":"https:\/\/www.uartes.edu.ec\/sitio\/en\/wp-json\/wp\/v2\/posts\/58251","targetHints":{"allow":["GET"]}}],"collection":[{"href":"https:\/\/www.uartes.edu.ec\/sitio\/en\/wp-json\/wp\/v2\/posts"}],"about":[{"href":"https:\/\/www.uartes.edu.ec\/sitio\/en\/wp-json\/wp\/v2\/types\/post"}],"author":[{"embeddable":true,"href":"https:\/\/www.uartes.edu.ec\/sitio\/en\/wp-json\/wp\/v2\/users\/10"}],"replies":[{"embeddable":true,"href":"https:\/\/www.uartes.edu.ec\/sitio\/en\/wp-json\/wp\/v2\/comments?post=58251"}],"version-history":[{"count":22,"href":"https:\/\/www.uartes.edu.ec\/sitio\/en\/wp-json\/wp\/v2\/posts\/58251\/revisions"}],"predecessor-version":[{"id":58443,"href":"https:\/\/www.uartes.edu.ec\/sitio\/en\/wp-json\/wp\/v2\/posts\/58251\/revisions\/58443"}],"wp:featuredmedia":[{"embeddable":true,"href":"https:\/\/www.uartes.edu.ec\/sitio\/en\/wp-json\/wp\/v2\/media\/58375"}],"wp:attachment":[{"href":"https:\/\/www.uartes.edu.ec\/sitio\/en\/wp-json\/wp\/v2\/media?parent=58251"}],"wp:term":[{"taxonomy":"category","embeddable":true,"href":"https:\/\/www.uartes.edu.ec\/sitio\/en\/wp-json\/wp\/v2\/categories?post=58251"},{"taxonomy":"post_tag","embeddable":true,"href":"https:\/\/www.uartes.edu.ec\/sitio\/en\/wp-json\/wp\/v2\/tags?post=58251"},{"taxonomy":"infouartes","embeddable":true,"href":"https:\/\/www.uartes.edu.ec\/sitio\/en\/wp-json\/wp\/v2\/infouartes?post=58251"}],"curies":[{"name":"wp","href":"https:\/\/api.w.org\/{rel}","templated":true}]}}