{"id":58342,"date":"2024-07-10T16:14:00","date_gmt":"2024-07-10T21:14:00","guid":{"rendered":"https:\/\/www.uartes.edu.ec\/sitio\/?p=58342"},"modified":"2024-08-14T17:03:35","modified_gmt":"2024-08-14T22:03:35","slug":"en-el-inicio-de-case-ghost-kim-e-iskra-expusieron-los-resultados-de-su-preparacion-en-la-escuela-de-djs","status":"publish","type":"post","link":"https:\/\/www.uartes.edu.ec\/sitio\/en\/blog\/2024\/07\/10\/en-el-inicio-de-case-ghost-kim-e-iskra-expusieron-los-resultados-de-su-preparacion-en-la-escuela-de-djs\/","title":{"rendered":"En el inicio de CASE, \u201cGhost\u201d, \u201cKing\u201d e \u201cIskra\u201d expusieron los resultados de su preparaci\u00f3n en la Escuela de DJ\u2019s"},"content":{"rendered":"<p>La presentaci\u00f3n de los DJ\u2019s <em>Ghost, King <\/em>e <em>Iskra<\/em> no solo marc\u00f3 el cierre del acto inaugural de las Conferencias de Audio y Sonido del Ecuador (CASE), organizadas por la Escuela de Artes Sonoras de la Universidad de las Artes, constituy\u00f3 tambi\u00e9n una muestra de resultados de la preparaci\u00f3n de ellos en la Escuela de DJ, un proyecto que lleva adelante nuestra instituci\u00f3n y que en enero pasado gradu\u00f3 a su primera promoci\u00f3n.<\/p>\n\n\n\n<p>La Escuela de DJ\u2019s naci\u00f3 como una propuesta en la Escuela de Artes Sonoras y se plante\u00f3 luego como proyecto a la Direcci\u00f3n de Vinculaci\u00f3n con la Sociedad, donde se concret\u00f3 como parte del programa Escuela de las Artes del Guayas que la Universidad de las Artes lleva en conjunto con la Prefectura.<\/p>\n\n\n<div class=\"wp-block-image\">\n<figure class=\"aligncenter size-large\"><img fetchpriority=\"high\" decoding=\"async\" width=\"644\" height=\"429\" src=\"https:\/\/www.uartes.edu.ec\/sitio\/wp-content\/uploads\/2024\/07\/06-CASE-644x429.jpg\" alt=\"\" class=\"wp-image-58344\" srcset=\"https:\/\/www.uartes.edu.ec\/sitio\/wp-content\/uploads\/2024\/07\/06-CASE-644x429.jpg 644w, https:\/\/www.uartes.edu.ec\/sitio\/wp-content\/uploads\/2024\/07\/06-CASE-300x200.jpg 300w, https:\/\/www.uartes.edu.ec\/sitio\/wp-content\/uploads\/2024\/07\/06-CASE-768x512.jpg 768w, https:\/\/www.uartes.edu.ec\/sitio\/wp-content\/uploads\/2024\/07\/06-CASE-1536x1024.jpg 1536w, https:\/\/www.uartes.edu.ec\/sitio\/wp-content\/uploads\/2024\/07\/06-CASE-18x12.jpg 18w, https:\/\/www.uartes.edu.ec\/sitio\/wp-content\/uploads\/2024\/07\/06-CASE-400x267.jpg 400w, https:\/\/www.uartes.edu.ec\/sitio\/wp-content\/uploads\/2024\/07\/06-CASE-272x182.jpg 272w, https:\/\/www.uartes.edu.ec\/sitio\/wp-content\/uploads\/2024\/07\/06-CASE.jpg 2000w\" sizes=\"(max-width: 644px) 100vw, 644px\" \/><\/figure>\n<\/div>\n\n\n<p>El DJ <em>Ghost,<\/em> cuyo nombre de pila es Jos\u00e9 Antonio Vera, es uno de los 23 alumnos que en enero pasado obtuvo su certificaci\u00f3n y gradu\u00f3 en la primera promoci\u00f3n de la Escuela de DJ, que entonces tuvo como instructor a V\u00edctor (<em>Vatiix<\/em>) Espinosa, alumni y hoy funcionario de la UArtes. Su talento, sumado al conocimiento de las t\u00e9cnicas al realizar las mezclas que puso a bailar a la comunidad universitaria y p\u00fablico que acudi\u00f3 a la jornada inaugural, sorprendi\u00f3 a todos, en especial por demostrar que su discapacidad f\u00edsica, pues no posee por completo sus extremidades superiores ni inferiores, no ha sido impedimento para alcanzar sus objetivos.<\/p>\n\n\n\n<p>\u201c\u00c9l nos cont\u00f3 que naci\u00f3 con esa condici\u00f3n, pero jam\u00e1s se rindi\u00f3 y lo demostr\u00f3 durante el proceso formativo que tuvo junto a los otros 22 estudiantes de esa primera promoci\u00f3n\u201d, expresa <em>Vatiix,<\/em> quien como artista y profesional considera que la Escuela de DJ\u2019s es un gran aporte totalmente nuevo para la sociedad, donde quienes se capacitan trabajan con varios g\u00e9neros musicales y no solo electr\u00f3nico.<\/p>\n\n\n\n<p>Justamente, <em>Vatiix <\/em>coment\u00f3 que DJ Ghost puso todo tipo de m\u00fasica bailable, desde reggaet\u00f3n hasta la llamada chicha. \u201cMe sent\u00ed en casa y en una fiesta. No estoy ya en la Escuela de DJ\u2019s, pero siempre me voy a sentir parte de un proceso que hemos visto nacer y que se mantiene; pronto se graduar\u00e1 a su segunda promoci\u00f3n\u201d, expres\u00f3.<\/p>\n\n\n<div class=\"wp-block-image\">\n<figure class=\"aligncenter size-large\"><img decoding=\"async\" width=\"644\" height=\"429\" src=\"https:\/\/www.uartes.edu.ec\/sitio\/wp-content\/uploads\/2024\/07\/11-CASE-644x429.jpg\" alt=\"\" class=\"wp-image-58347\" srcset=\"https:\/\/www.uartes.edu.ec\/sitio\/wp-content\/uploads\/2024\/07\/11-CASE-644x429.jpg 644w, https:\/\/www.uartes.edu.ec\/sitio\/wp-content\/uploads\/2024\/07\/11-CASE-300x200.jpg 300w, https:\/\/www.uartes.edu.ec\/sitio\/wp-content\/uploads\/2024\/07\/11-CASE-768x512.jpg 768w, https:\/\/www.uartes.edu.ec\/sitio\/wp-content\/uploads\/2024\/07\/11-CASE-1536x1024.jpg 1536w, https:\/\/www.uartes.edu.ec\/sitio\/wp-content\/uploads\/2024\/07\/11-CASE-18x12.jpg 18w, https:\/\/www.uartes.edu.ec\/sitio\/wp-content\/uploads\/2024\/07\/11-CASE-400x267.jpg 400w, https:\/\/www.uartes.edu.ec\/sitio\/wp-content\/uploads\/2024\/07\/11-CASE-272x182.jpg 272w, https:\/\/www.uartes.edu.ec\/sitio\/wp-content\/uploads\/2024\/07\/11-CASE.jpg 2000w\" sizes=\"(max-width: 644px) 100vw, 644px\" \/><\/figure>\n<\/div>\n\n\n<p>En di\u00e1logo con InfoUArtes, DJ<a> <em>Ghost<\/em><\/a> cont\u00f3 que lleva m\u00e1s de 15 a\u00f1os de actividad y que cuando supo de la Escuela de las Artes quiso que la experticia lograda tenga sustento te\u00f3rico y ganar, adem\u00e1s, mayor conocimiento en cuanto a t\u00e9cnicas y producci\u00f3n. Su discapacidad, a\u00f1adi\u00f3, no ha sido impedimento ni lo ha limitado en llegar a sus metas y lograr sue\u00f1os. Uno de ellos es estudiar Producci\u00f3n Musical, lo cual ya est\u00e1 planificando. Para sus mezclas dijo recurrir a todos los g\u00e9neros musicales, puesto que le gusta; lo suyo es el crossover y a su cuenta de YouTube ha subido muchas de sus mezclas.<\/p>\n\n\n\n<p>Rey Abad, conocido como DJ <em><a>K<\/a>ing<\/em> se\u00f1ala como una gran experiencia participar en la jornada inaugural de las Conferencias de Audio y Sonido del Ecuador (CASE). Indica que decidi\u00f3 inscribirse en la Escuela de DJ\u2019s, pertenece a la segunda promoci\u00f3n, porque a pesar de tener 15 a\u00f1os de experiencia en el \u00e1mbito, aprendiendo por su cuenta, quer\u00eda afianzar conocimientos, conocer la teor\u00eda y aprendiendo m\u00e1s de la t\u00e9cnica. \u201cAdem\u00e1s, es sumamente importante tener un certificado\u201d.<\/p>\n\n\n<div class=\"wp-block-image\">\n<figure class=\"aligncenter size-large\"><img decoding=\"async\" width=\"644\" height=\"429\" src=\"https:\/\/www.uartes.edu.ec\/sitio\/wp-content\/uploads\/2024\/07\/12-CASE-644x429.jpg\" alt=\"\" class=\"wp-image-58345\" srcset=\"https:\/\/www.uartes.edu.ec\/sitio\/wp-content\/uploads\/2024\/07\/12-CASE-644x429.jpg 644w, https:\/\/www.uartes.edu.ec\/sitio\/wp-content\/uploads\/2024\/07\/12-CASE-300x200.jpg 300w, https:\/\/www.uartes.edu.ec\/sitio\/wp-content\/uploads\/2024\/07\/12-CASE-768x512.jpg 768w, https:\/\/www.uartes.edu.ec\/sitio\/wp-content\/uploads\/2024\/07\/12-CASE-1536x1024.jpg 1536w, https:\/\/www.uartes.edu.ec\/sitio\/wp-content\/uploads\/2024\/07\/12-CASE-18x12.jpg 18w, https:\/\/www.uartes.edu.ec\/sitio\/wp-content\/uploads\/2024\/07\/12-CASE-400x267.jpg 400w, https:\/\/www.uartes.edu.ec\/sitio\/wp-content\/uploads\/2024\/07\/12-CASE-272x182.jpg 272w, https:\/\/www.uartes.edu.ec\/sitio\/wp-content\/uploads\/2024\/07\/12-CASE.jpg 2000w\" sizes=\"(max-width: 644px) 100vw, 644px\" \/><\/figure>\n<\/div>\n\n\n<p>Iskra Landucci particip\u00f3 en 2018 en el Miss Ecuador, quedando entre las finalistas, es creadora de contenido, <em>streamer<\/em> y modelo. Su participaci\u00f3n en el acto inaugural de CASE fue la primera presentaci\u00f3n como DJ. No usa seud\u00f3nimos porque prefiere el nombre que le dieron sus padres. Confes\u00f3 que al inicio se sent\u00eda algo avergonzada y que lleva apenas un mes en la Escuela de DJ\u2019s. \u201cCreo que son\u00e9 bien, una que otra baja, pero lo arregl\u00e9 enseguida\u201d, indica. En cuanto a mezclas se inclina por el <em>hardtech,<\/em> pero lo consider\u00f3 demasiado fuerte para la ma\u00f1ana, as\u00ed es que opt\u00f3 por crear un set de m\u00fasica disco, la cual creci\u00f3 escuch\u00e1ndola porque a su padre le gusta.<\/p>\n\n\n\n<p>En su intervenci\u00f3n tras las participaciones de <em>Ghost, King <\/em>e <em>Iskra, <\/em>el docente Pedro Segovia, director de la Escuela de DJ\u2019s, mencion\u00f3 que, en el proyecto de la EAS que se ejecuta en coordinaci\u00f3n con la Direcci\u00f3n de Vinculaci\u00f3n con la Sociedad y las Escuelas de las Artes del Guayas, \u201cbuscamos que ellos resalten, desde la academia buscamos formarles y capacitarles para que sean aportantes dentro de nuestra econom\u00eda industrial y art\u00edstica\u201d. Adelant\u00f3 que para septiembre pr\u00f3ximo se est\u00e1 programando una casa abierta de la escuela, donde se desarrollar\u00e1n paneles con la tem\u00e1tica de la mujer en el \u00e1mbito y se dialogar\u00e1 con los DJ\u2019s pioneros de Guayaquil\u201d.&nbsp;<\/p>\n\n\n<div class=\"wp-block-image\">\n<figure class=\"aligncenter size-large\"><img loading=\"lazy\" decoding=\"async\" width=\"644\" height=\"429\" src=\"https:\/\/www.uartes.edu.ec\/sitio\/wp-content\/uploads\/2024\/07\/13-CASE-644x429.jpg\" alt=\"\" class=\"wp-image-58346\" srcset=\"https:\/\/www.uartes.edu.ec\/sitio\/wp-content\/uploads\/2024\/07\/13-CASE-644x429.jpg 644w, https:\/\/www.uartes.edu.ec\/sitio\/wp-content\/uploads\/2024\/07\/13-CASE-300x200.jpg 300w, https:\/\/www.uartes.edu.ec\/sitio\/wp-content\/uploads\/2024\/07\/13-CASE-768x512.jpg 768w, https:\/\/www.uartes.edu.ec\/sitio\/wp-content\/uploads\/2024\/07\/13-CASE-1536x1024.jpg 1536w, https:\/\/www.uartes.edu.ec\/sitio\/wp-content\/uploads\/2024\/07\/13-CASE-18x12.jpg 18w, https:\/\/www.uartes.edu.ec\/sitio\/wp-content\/uploads\/2024\/07\/13-CASE-400x267.jpg 400w, https:\/\/www.uartes.edu.ec\/sitio\/wp-content\/uploads\/2024\/07\/13-CASE-272x182.jpg 272w, https:\/\/www.uartes.edu.ec\/sitio\/wp-content\/uploads\/2024\/07\/13-CASE.jpg 2000w\" sizes=\"(max-width: 644px) 100vw, 644px\" \/><\/figure>\n<\/div>\n\n\n<p>Abraham Calvachi, instructor de la Escuela de DJ\u2019s, se gradu\u00f3 en la UArtes en 2020, tras cursar estudios en el ITAE (Instituto Superior Tecnol\u00f3gico de Artes del Ecuador). Dicta las clases los s\u00e1bados y domingos, con quince alumnos por d\u00eda, en una de las aulas del Pabell\u00f3n Araceli Gilbert, donde cuenta con dos salas de ensayo para las pr\u00e1cticas. \u201cLlevamos dos meses de clases y todo lo que desarrollaron los DJ\u2019s esta ma\u00f1ana lo hemos visto en aula: transiciones, canciones, vol\u00famenes\u2026, todo bien analizado a la hora de mezclar\u201d.<\/p>\n\n\n\n<p>Calvachi revela que, desde el tiempo en el ITAE, donde estuvo a cargo del estudio de grabaci\u00f3n, ha venido interviniendo en la docencia, ayudando a los profesores, y le fue agradando. Para impartir clases se requiere de vocaci\u00f3n y tambi\u00e9n uno aprende. Me gusta la ac\u00fastica y la m\u00fasica y en 2007 fui DJ y me met\u00ed luego en la producci\u00f3n, sin dejar esa faceta\u201d.<\/p>","protected":false},"excerpt":{"rendered":"<p>La presentaci\u00f3n de los DJ\u2019s \u00abGhost\u00bb, \u00abKing\u00bb e \u00abIskra\u00bb no solo marc\u00f3 el cierre del acto inaugural de las Conferencias de Audio y Sonido del Ecuador (CASE), organizadas por la Escuela de Artes Sonoras de la UArtes, constituy\u00f3 tambi\u00e9n una muestra de resultados de la preparaci\u00f3n de ellos en la Escuela de DJ, un proyecto que lleva adelante nuestra instituci\u00f3n y que en enero pasado gradu\u00f3 a su primera promoci\u00f3n. <\/p>","protected":false},"author":10,"featured_media":58343,"comment_status":"open","ping_status":"open","sticky":false,"template":"","format":"standard","meta":{"_acf_changed":false,"_uag_custom_page_level_css":"","_monsterinsights_skip_tracking":false,"_monsterinsights_sitenote_active":false,"_monsterinsights_sitenote_note":"","_monsterinsights_sitenote_category":0,"cybocfi_hide_featured_image":"","footnotes":""},"categories":[80,82,150,75,76,77],"tags":[1241],"infouartes":[],"class_list":["post-58342","post","type-post","status-publish","format-standard","has-post-thumbnail","hentry","category-academico","category-artes","category-artes-sonoras","category-docentes","category-estudiantes","category-gestion","tag-proceso-formativo"],"acf":[],"yoast_head":"<!-- This site is optimized with the Yoast SEO plugin v27.4 - https:\/\/yoast.com\/product\/yoast-seo-wordpress\/ -->\n<title>Universidad de las Artes - En el inicio de CASE, \u201cGhost\u201d, \u201cKing\u201d e \u201cIskra\u201d expusieron los resultados de su preparaci\u00f3n en la Escuela de DJ\u2019s<\/title>\n<meta name=\"description\" content=\"Universidad de las Artes - En el inicio de CASE, \u201cGhost\u201d, \u201cKing\u201d e \u201cIskra\u201d expusieron los resultados de su preparaci\u00f3n en la Escuela de DJ\u2019s\" \/>\n<meta name=\"robots\" content=\"index, follow, max-snippet:-1, max-image-preview:large, max-video-preview:-1\" \/>\n<link rel=\"canonical\" href=\"https:\/\/www.uartes.edu.ec\/sitio\/en\/blog\/2024\/07\/10\/en-el-inicio-de-case-ghost-kim-e-iskra-expusieron-los-resultados-de-su-preparacion-en-la-escuela-de-djs\/\" \/>\n<meta property=\"og:locale\" content=\"en_US\" \/>\n<meta property=\"og:type\" content=\"article\" \/>\n<meta property=\"og:title\" content=\"Universidad de las Artes - En el inicio de CASE, \u201cGhost\u201d, \u201cKing\u201d e \u201cIskra\u201d expusieron los resultados de su preparaci\u00f3n en la Escuela de DJ\u2019s\" \/>\n<meta property=\"og:description\" content=\"Universidad de las Artes - En el inicio de CASE, \u201cGhost\u201d, \u201cKing\u201d e \u201cIskra\u201d expusieron los resultados de su preparaci\u00f3n en la Escuela de DJ\u2019s\" \/>\n<meta property=\"og:url\" content=\"https:\/\/www.uartes.edu.ec\/sitio\/en\/blog\/2024\/07\/10\/en-el-inicio-de-case-ghost-kim-e-iskra-expusieron-los-resultados-de-su-preparacion-en-la-escuela-de-djs\/\" \/>\n<meta property=\"og:site_name\" content=\"Universidad de las Artes\" \/>\n<meta property=\"article:publisher\" content=\"https:\/\/www.facebook.com\/uartesec\" \/>\n<meta property=\"article:published_time\" content=\"2024-07-10T21:14:00+00:00\" \/>\n<meta property=\"article:modified_time\" content=\"2024-08-14T22:03:35+00:00\" \/>\n<meta property=\"og:image\" content=\"https:\/\/www.uartes.edu.ec\/sitio\/wp-content\/uploads\/2024\/07\/07-CASE-1.jpg\" \/>\n\t<meta property=\"og:image:width\" content=\"2000\" \/>\n\t<meta property=\"og:image:height\" content=\"1333\" \/>\n\t<meta property=\"og:image:type\" content=\"image\/jpeg\" \/>\n<meta name=\"author\" content=\"ccortez\" \/>\n<meta name=\"twitter:card\" content=\"summary_large_image\" \/>\n<meta name=\"twitter:creator\" content=\"@uartesec\" \/>\n<meta name=\"twitter:site\" content=\"@uartesec\" \/>\n<meta name=\"twitter:label1\" content=\"Written by\" \/>\n\t<meta name=\"twitter:data1\" content=\"ccortez\" \/>\n\t<meta name=\"twitter:label2\" content=\"Est. reading time\" \/>\n\t<meta name=\"twitter:data2\" content=\"6 minutes\" \/>\n<script type=\"application\/ld+json\" class=\"yoast-schema-graph\">{\"@context\":\"https:\\\/\\\/schema.org\",\"@graph\":[{\"@type\":\"Article\",\"@id\":\"https:\\\/\\\/www.uartes.edu.ec\\\/sitio\\\/en\\\/blog\\\/2024\\\/07\\\/10\\\/en-el-inicio-de-case-ghost-kim-e-iskra-expusieron-los-resultados-de-su-preparacion-en-la-escuela-de-djs\\\/#article\",\"isPartOf\":{\"@id\":\"https:\\\/\\\/www.uartes.edu.ec\\\/sitio\\\/en\\\/blog\\\/2024\\\/07\\\/10\\\/en-el-inicio-de-case-ghost-kim-e-iskra-expusieron-los-resultados-de-su-preparacion-en-la-escuela-de-djs\\\/\"},\"author\":{\"name\":\"ccortez\",\"@id\":\"https:\\\/\\\/www.uartes.edu.ec\\\/sitio\\\/en\\\/#\\\/schema\\\/person\\\/efa1b8275797664fd7f13a79ccc0b1f4\"},\"headline\":\"En el inicio de CASE, \u201cGhost\u201d, \u201cKing\u201d e \u201cIskra\u201d expusieron los resultados de su preparaci\u00f3n en la Escuela de DJ\u2019s\",\"datePublished\":\"2024-07-10T21:14:00+00:00\",\"dateModified\":\"2024-08-14T22:03:35+00:00\",\"mainEntityOfPage\":{\"@id\":\"https:\\\/\\\/www.uartes.edu.ec\\\/sitio\\\/en\\\/blog\\\/2024\\\/07\\\/10\\\/en-el-inicio-de-case-ghost-kim-e-iskra-expusieron-los-resultados-de-su-preparacion-en-la-escuela-de-djs\\\/\"},\"wordCount\":1014,\"commentCount\":0,\"publisher\":{\"@id\":\"https:\\\/\\\/www.uartes.edu.ec\\\/sitio\\\/en\\\/#organization\"},\"image\":{\"@id\":\"https:\\\/\\\/www.uartes.edu.ec\\\/sitio\\\/en\\\/blog\\\/2024\\\/07\\\/10\\\/en-el-inicio-de-case-ghost-kim-e-iskra-expusieron-los-resultados-de-su-preparacion-en-la-escuela-de-djs\\\/#primaryimage\"},\"thumbnailUrl\":\"https:\\\/\\\/www.uartes.edu.ec\\\/sitio\\\/wp-content\\\/uploads\\\/2024\\\/07\\\/07-CASE-1.jpg\",\"keywords\":[\"proceso formativo\"],\"articleSection\":[\"Acad\u00e9mico\",\"Artes\",\"Artes Sonoras\",\"Docentes\",\"Estudiantes\",\"Gesti\u00f3n\"],\"inLanguage\":\"en-US\",\"potentialAction\":[{\"@type\":\"CommentAction\",\"name\":\"Comment\",\"target\":[\"https:\\\/\\\/www.uartes.edu.ec\\\/sitio\\\/en\\\/blog\\\/2024\\\/07\\\/10\\\/en-el-inicio-de-case-ghost-kim-e-iskra-expusieron-los-resultados-de-su-preparacion-en-la-escuela-de-djs\\\/#respond\"]}]},{\"@type\":[\"WebPage\",\"ItemPage\"],\"@id\":\"https:\\\/\\\/www.uartes.edu.ec\\\/sitio\\\/en\\\/blog\\\/2024\\\/07\\\/10\\\/en-el-inicio-de-case-ghost-kim-e-iskra-expusieron-los-resultados-de-su-preparacion-en-la-escuela-de-djs\\\/\",\"url\":\"https:\\\/\\\/www.uartes.edu.ec\\\/sitio\\\/en\\\/blog\\\/2024\\\/07\\\/10\\\/en-el-inicio-de-case-ghost-kim-e-iskra-expusieron-los-resultados-de-su-preparacion-en-la-escuela-de-djs\\\/\",\"name\":\"Universidad de las Artes - En el inicio de CASE, \u201cGhost\u201d, \u201cKing\u201d e \u201cIskra\u201d expusieron los resultados de su preparaci\u00f3n en la Escuela de DJ\u2019s\",\"isPartOf\":{\"@id\":\"https:\\\/\\\/www.uartes.edu.ec\\\/sitio\\\/en\\\/#website\"},\"primaryImageOfPage\":{\"@id\":\"https:\\\/\\\/www.uartes.edu.ec\\\/sitio\\\/en\\\/blog\\\/2024\\\/07\\\/10\\\/en-el-inicio-de-case-ghost-kim-e-iskra-expusieron-los-resultados-de-su-preparacion-en-la-escuela-de-djs\\\/#primaryimage\"},\"image\":{\"@id\":\"https:\\\/\\\/www.uartes.edu.ec\\\/sitio\\\/en\\\/blog\\\/2024\\\/07\\\/10\\\/en-el-inicio-de-case-ghost-kim-e-iskra-expusieron-los-resultados-de-su-preparacion-en-la-escuela-de-djs\\\/#primaryimage\"},\"thumbnailUrl\":\"https:\\\/\\\/www.uartes.edu.ec\\\/sitio\\\/wp-content\\\/uploads\\\/2024\\\/07\\\/07-CASE-1.jpg\",\"datePublished\":\"2024-07-10T21:14:00+00:00\",\"dateModified\":\"2024-08-14T22:03:35+00:00\",\"description\":\"Universidad de las Artes - En el inicio de CASE, \u201cGhost\u201d, \u201cKing\u201d e \u201cIskra\u201d expusieron los resultados de su preparaci\u00f3n en la Escuela de DJ\u2019s\",\"breadcrumb\":{\"@id\":\"https:\\\/\\\/www.uartes.edu.ec\\\/sitio\\\/en\\\/blog\\\/2024\\\/07\\\/10\\\/en-el-inicio-de-case-ghost-kim-e-iskra-expusieron-los-resultados-de-su-preparacion-en-la-escuela-de-djs\\\/#breadcrumb\"},\"inLanguage\":\"en-US\",\"potentialAction\":[{\"@type\":\"ReadAction\",\"target\":[\"https:\\\/\\\/www.uartes.edu.ec\\\/sitio\\\/en\\\/blog\\\/2024\\\/07\\\/10\\\/en-el-inicio-de-case-ghost-kim-e-iskra-expusieron-los-resultados-de-su-preparacion-en-la-escuela-de-djs\\\/\"]}]},{\"@type\":\"ImageObject\",\"inLanguage\":\"en-US\",\"@id\":\"https:\\\/\\\/www.uartes.edu.ec\\\/sitio\\\/en\\\/blog\\\/2024\\\/07\\\/10\\\/en-el-inicio-de-case-ghost-kim-e-iskra-expusieron-los-resultados-de-su-preparacion-en-la-escuela-de-djs\\\/#primaryimage\",\"url\":\"https:\\\/\\\/www.uartes.edu.ec\\\/sitio\\\/wp-content\\\/uploads\\\/2024\\\/07\\\/07-CASE-1.jpg\",\"contentUrl\":\"https:\\\/\\\/www.uartes.edu.ec\\\/sitio\\\/wp-content\\\/uploads\\\/2024\\\/07\\\/07-CASE-1.jpg\",\"width\":2000,\"height\":1333},{\"@type\":\"BreadcrumbList\",\"@id\":\"https:\\\/\\\/www.uartes.edu.ec\\\/sitio\\\/en\\\/blog\\\/2024\\\/07\\\/10\\\/en-el-inicio-de-case-ghost-kim-e-iskra-expusieron-los-resultados-de-su-preparacion-en-la-escuela-de-djs\\\/#breadcrumb\",\"itemListElement\":[{\"@type\":\"ListItem\",\"position\":1,\"name\":\"Inicio\",\"item\":\"https:\\\/\\\/www.uartes.edu.ec\\\/sitio\\\/\"},{\"@type\":\"ListItem\",\"position\":2,\"name\":\"En el inicio de CASE, \u201cGhost\u201d, \u201cKing\u201d e \u201cIskra\u201d expusieron los resultados de su preparaci\u00f3n en la Escuela de DJ\u2019s\"}]},{\"@type\":\"WebSite\",\"@id\":\"https:\\\/\\\/www.uartes.edu.ec\\\/sitio\\\/en\\\/#website\",\"url\":\"https:\\\/\\\/www.uartes.edu.ec\\\/sitio\\\/en\\\/\",\"name\":\"Universidad de las Artes\",\"description\":\"Sitio oficial de la Universidad Nacional de las Artes del Ecuador\",\"publisher\":{\"@id\":\"https:\\\/\\\/www.uartes.edu.ec\\\/sitio\\\/en\\\/#organization\"},\"potentialAction\":[{\"@type\":\"SearchAction\",\"target\":{\"@type\":\"EntryPoint\",\"urlTemplate\":\"https:\\\/\\\/www.uartes.edu.ec\\\/sitio\\\/en\\\/?s={search_term_string}\"},\"query-input\":{\"@type\":\"PropertyValueSpecification\",\"valueRequired\":true,\"valueName\":\"search_term_string\"}}],\"inLanguage\":\"en-US\"},{\"@type\":\"Organization\",\"@id\":\"https:\\\/\\\/www.uartes.edu.ec\\\/sitio\\\/en\\\/#organization\",\"name\":\"Universidad de las Artes\",\"url\":\"https:\\\/\\\/www.uartes.edu.ec\\\/sitio\\\/en\\\/\",\"logo\":{\"@type\":\"ImageObject\",\"inLanguage\":\"en-US\",\"@id\":\"https:\\\/\\\/www.uartes.edu.ec\\\/sitio\\\/en\\\/#\\\/schema\\\/logo\\\/image\\\/\",\"url\":\"https:\\\/\\\/www.uartes.edu.ec\\\/sitio\\\/wp-content\\\/uploads\\\/2022\\\/07\\\/logo-ua-horizontal.png\",\"contentUrl\":\"https:\\\/\\\/www.uartes.edu.ec\\\/sitio\\\/wp-content\\\/uploads\\\/2022\\\/07\\\/logo-ua-horizontal.png\",\"width\":800,\"height\":276,\"caption\":\"Universidad de las Artes\"},\"image\":{\"@id\":\"https:\\\/\\\/www.uartes.edu.ec\\\/sitio\\\/en\\\/#\\\/schema\\\/logo\\\/image\\\/\"},\"sameAs\":[\"https:\\\/\\\/www.facebook.com\\\/uartesec\",\"https:\\\/\\\/x.com\\\/uartesec\",\"https:\\\/\\\/www.tiktok.com\\\/@uartesec\"]},{\"@type\":\"Person\",\"@id\":\"https:\\\/\\\/www.uartes.edu.ec\\\/sitio\\\/en\\\/#\\\/schema\\\/person\\\/efa1b8275797664fd7f13a79ccc0b1f4\",\"name\":\"ccortez\",\"image\":{\"@type\":\"ImageObject\",\"inLanguage\":\"en-US\",\"@id\":\"https:\\\/\\\/secure.gravatar.com\\\/avatar\\\/b2a6f664a3ae8e074346ef91775736c5ec479e637ecced6842de9dc98b5da9cd?s=96&d=mm&r=g\",\"url\":\"https:\\\/\\\/secure.gravatar.com\\\/avatar\\\/b2a6f664a3ae8e074346ef91775736c5ec479e637ecced6842de9dc98b5da9cd?s=96&d=mm&r=g\",\"contentUrl\":\"https:\\\/\\\/secure.gravatar.com\\\/avatar\\\/b2a6f664a3ae8e074346ef91775736c5ec479e637ecced6842de9dc98b5da9cd?s=96&d=mm&r=g\",\"caption\":\"ccortez\"},\"url\":\"https:\\\/\\\/www.uartes.edu.ec\\\/sitio\\\/en\\\/blog\\\/author\\\/ccortez\\\/\"}]}<\/script>\n<!-- \/ Yoast SEO plugin. -->","yoast_head_json":{"title":"Universidad de las Artes - En el inicio de CASE, \u201cGhost\u201d, \u201cKing\u201d e \u201cIskra\u201d expusieron los resultados de su preparaci\u00f3n en la Escuela de DJ\u2019s","description":"Universidad de las Artes - En el inicio de CASE, \u201cGhost\u201d, \u201cKing\u201d e \u201cIskra\u201d expusieron los resultados de su preparaci\u00f3n en la Escuela de DJ\u2019s","robots":{"index":"index","follow":"follow","max-snippet":"max-snippet:-1","max-image-preview":"max-image-preview:large","max-video-preview":"max-video-preview:-1"},"canonical":"https:\/\/www.uartes.edu.ec\/sitio\/en\/blog\/2024\/07\/10\/en-el-inicio-de-case-ghost-kim-e-iskra-expusieron-los-resultados-de-su-preparacion-en-la-escuela-de-djs\/","og_locale":"en_US","og_type":"article","og_title":"Universidad de las Artes - En el inicio de CASE, \u201cGhost\u201d, \u201cKing\u201d e \u201cIskra\u201d expusieron los resultados de su preparaci\u00f3n en la Escuela de DJ\u2019s","og_description":"Universidad de las Artes - En el inicio de CASE, \u201cGhost\u201d, \u201cKing\u201d e \u201cIskra\u201d expusieron los resultados de su preparaci\u00f3n en la Escuela de DJ\u2019s","og_url":"https:\/\/www.uartes.edu.ec\/sitio\/en\/blog\/2024\/07\/10\/en-el-inicio-de-case-ghost-kim-e-iskra-expusieron-los-resultados-de-su-preparacion-en-la-escuela-de-djs\/","og_site_name":"Universidad de las Artes","article_publisher":"https:\/\/www.facebook.com\/uartesec","article_published_time":"2024-07-10T21:14:00+00:00","article_modified_time":"2024-08-14T22:03:35+00:00","og_image":[{"width":2000,"height":1333,"url":"https:\/\/www.uartes.edu.ec\/sitio\/wp-content\/uploads\/2024\/07\/07-CASE-1.jpg","type":"image\/jpeg"}],"author":"ccortez","twitter_card":"summary_large_image","twitter_creator":"@uartesec","twitter_site":"@uartesec","twitter_misc":{"Written by":"ccortez","Est. reading time":"6 minutes"},"schema":{"@context":"https:\/\/schema.org","@graph":[{"@type":"Article","@id":"https:\/\/www.uartes.edu.ec\/sitio\/en\/blog\/2024\/07\/10\/en-el-inicio-de-case-ghost-kim-e-iskra-expusieron-los-resultados-de-su-preparacion-en-la-escuela-de-djs\/#article","isPartOf":{"@id":"https:\/\/www.uartes.edu.ec\/sitio\/en\/blog\/2024\/07\/10\/en-el-inicio-de-case-ghost-kim-e-iskra-expusieron-los-resultados-de-su-preparacion-en-la-escuela-de-djs\/"},"author":{"name":"ccortez","@id":"https:\/\/www.uartes.edu.ec\/sitio\/en\/#\/schema\/person\/efa1b8275797664fd7f13a79ccc0b1f4"},"headline":"En el inicio de CASE, \u201cGhost\u201d, \u201cKing\u201d e \u201cIskra\u201d expusieron los resultados de su preparaci\u00f3n en la Escuela de DJ\u2019s","datePublished":"2024-07-10T21:14:00+00:00","dateModified":"2024-08-14T22:03:35+00:00","mainEntityOfPage":{"@id":"https:\/\/www.uartes.edu.ec\/sitio\/en\/blog\/2024\/07\/10\/en-el-inicio-de-case-ghost-kim-e-iskra-expusieron-los-resultados-de-su-preparacion-en-la-escuela-de-djs\/"},"wordCount":1014,"commentCount":0,"publisher":{"@id":"https:\/\/www.uartes.edu.ec\/sitio\/en\/#organization"},"image":{"@id":"https:\/\/www.uartes.edu.ec\/sitio\/en\/blog\/2024\/07\/10\/en-el-inicio-de-case-ghost-kim-e-iskra-expusieron-los-resultados-de-su-preparacion-en-la-escuela-de-djs\/#primaryimage"},"thumbnailUrl":"https:\/\/www.uartes.edu.ec\/sitio\/wp-content\/uploads\/2024\/07\/07-CASE-1.jpg","keywords":["proceso formativo"],"articleSection":["Acad\u00e9mico","Artes","Artes Sonoras","Docentes","Estudiantes","Gesti\u00f3n"],"inLanguage":"en-US","potentialAction":[{"@type":"CommentAction","name":"Comment","target":["https:\/\/www.uartes.edu.ec\/sitio\/en\/blog\/2024\/07\/10\/en-el-inicio-de-case-ghost-kim-e-iskra-expusieron-los-resultados-de-su-preparacion-en-la-escuela-de-djs\/#respond"]}]},{"@type":["WebPage","ItemPage"],"@id":"https:\/\/www.uartes.edu.ec\/sitio\/en\/blog\/2024\/07\/10\/en-el-inicio-de-case-ghost-kim-e-iskra-expusieron-los-resultados-de-su-preparacion-en-la-escuela-de-djs\/","url":"https:\/\/www.uartes.edu.ec\/sitio\/en\/blog\/2024\/07\/10\/en-el-inicio-de-case-ghost-kim-e-iskra-expusieron-los-resultados-de-su-preparacion-en-la-escuela-de-djs\/","name":"Universidad de las Artes - En el inicio de CASE, \u201cGhost\u201d, \u201cKing\u201d e \u201cIskra\u201d expusieron los resultados de su preparaci\u00f3n en la Escuela de DJ\u2019s","isPartOf":{"@id":"https:\/\/www.uartes.edu.ec\/sitio\/en\/#website"},"primaryImageOfPage":{"@id":"https:\/\/www.uartes.edu.ec\/sitio\/en\/blog\/2024\/07\/10\/en-el-inicio-de-case-ghost-kim-e-iskra-expusieron-los-resultados-de-su-preparacion-en-la-escuela-de-djs\/#primaryimage"},"image":{"@id":"https:\/\/www.uartes.edu.ec\/sitio\/en\/blog\/2024\/07\/10\/en-el-inicio-de-case-ghost-kim-e-iskra-expusieron-los-resultados-de-su-preparacion-en-la-escuela-de-djs\/#primaryimage"},"thumbnailUrl":"https:\/\/www.uartes.edu.ec\/sitio\/wp-content\/uploads\/2024\/07\/07-CASE-1.jpg","datePublished":"2024-07-10T21:14:00+00:00","dateModified":"2024-08-14T22:03:35+00:00","description":"Universidad de las Artes - En el inicio de CASE, \u201cGhost\u201d, \u201cKing\u201d e \u201cIskra\u201d expusieron los resultados de su preparaci\u00f3n en la Escuela de DJ\u2019s","breadcrumb":{"@id":"https:\/\/www.uartes.edu.ec\/sitio\/en\/blog\/2024\/07\/10\/en-el-inicio-de-case-ghost-kim-e-iskra-expusieron-los-resultados-de-su-preparacion-en-la-escuela-de-djs\/#breadcrumb"},"inLanguage":"en-US","potentialAction":[{"@type":"ReadAction","target":["https:\/\/www.uartes.edu.ec\/sitio\/en\/blog\/2024\/07\/10\/en-el-inicio-de-case-ghost-kim-e-iskra-expusieron-los-resultados-de-su-preparacion-en-la-escuela-de-djs\/"]}]},{"@type":"ImageObject","inLanguage":"en-US","@id":"https:\/\/www.uartes.edu.ec\/sitio\/en\/blog\/2024\/07\/10\/en-el-inicio-de-case-ghost-kim-e-iskra-expusieron-los-resultados-de-su-preparacion-en-la-escuela-de-djs\/#primaryimage","url":"https:\/\/www.uartes.edu.ec\/sitio\/wp-content\/uploads\/2024\/07\/07-CASE-1.jpg","contentUrl":"https:\/\/www.uartes.edu.ec\/sitio\/wp-content\/uploads\/2024\/07\/07-CASE-1.jpg","width":2000,"height":1333},{"@type":"BreadcrumbList","@id":"https:\/\/www.uartes.edu.ec\/sitio\/en\/blog\/2024\/07\/10\/en-el-inicio-de-case-ghost-kim-e-iskra-expusieron-los-resultados-de-su-preparacion-en-la-escuela-de-djs\/#breadcrumb","itemListElement":[{"@type":"ListItem","position":1,"name":"Inicio","item":"https:\/\/www.uartes.edu.ec\/sitio\/"},{"@type":"ListItem","position":2,"name":"En el inicio de CASE, \u201cGhost\u201d, \u201cKing\u201d e \u201cIskra\u201d expusieron los resultados de su preparaci\u00f3n en la Escuela de DJ\u2019s"}]},{"@type":"WebSite","@id":"https:\/\/www.uartes.edu.ec\/sitio\/en\/#website","url":"https:\/\/www.uartes.edu.ec\/sitio\/en\/","name":"Universidad de las Artes","description":"Sitio oficial de la Universidad Nacional de las Artes del Ecuador","publisher":{"@id":"https:\/\/www.uartes.edu.ec\/sitio\/en\/#organization"},"potentialAction":[{"@type":"SearchAction","target":{"@type":"EntryPoint","urlTemplate":"https:\/\/www.uartes.edu.ec\/sitio\/en\/?s={search_term_string}"},"query-input":{"@type":"PropertyValueSpecification","valueRequired":true,"valueName":"search_term_string"}}],"inLanguage":"en-US"},{"@type":"Organization","@id":"https:\/\/www.uartes.edu.ec\/sitio\/en\/#organization","name":"Universidad de las Artes","url":"https:\/\/www.uartes.edu.ec\/sitio\/en\/","logo":{"@type":"ImageObject","inLanguage":"en-US","@id":"https:\/\/www.uartes.edu.ec\/sitio\/en\/#\/schema\/logo\/image\/","url":"https:\/\/www.uartes.edu.ec\/sitio\/wp-content\/uploads\/2022\/07\/logo-ua-horizontal.png","contentUrl":"https:\/\/www.uartes.edu.ec\/sitio\/wp-content\/uploads\/2022\/07\/logo-ua-horizontal.png","width":800,"height":276,"caption":"Universidad de las Artes"},"image":{"@id":"https:\/\/www.uartes.edu.ec\/sitio\/en\/#\/schema\/logo\/image\/"},"sameAs":["https:\/\/www.facebook.com\/uartesec","https:\/\/x.com\/uartesec","https:\/\/www.tiktok.com\/@uartesec"]},{"@type":"Person","@id":"https:\/\/www.uartes.edu.ec\/sitio\/en\/#\/schema\/person\/efa1b8275797664fd7f13a79ccc0b1f4","name":"ccortez","image":{"@type":"ImageObject","inLanguage":"en-US","@id":"https:\/\/secure.gravatar.com\/avatar\/b2a6f664a3ae8e074346ef91775736c5ec479e637ecced6842de9dc98b5da9cd?s=96&d=mm&r=g","url":"https:\/\/secure.gravatar.com\/avatar\/b2a6f664a3ae8e074346ef91775736c5ec479e637ecced6842de9dc98b5da9cd?s=96&d=mm&r=g","contentUrl":"https:\/\/secure.gravatar.com\/avatar\/b2a6f664a3ae8e074346ef91775736c5ec479e637ecced6842de9dc98b5da9cd?s=96&d=mm&r=g","caption":"ccortez"},"url":"https:\/\/www.uartes.edu.ec\/sitio\/en\/blog\/author\/ccortez\/"}]}},"uagb_featured_image_src":{"full":["https:\/\/www.uartes.edu.ec\/sitio\/wp-content\/uploads\/2024\/07\/07-CASE-1.jpg",2000,1333,false],"thumbnail":["https:\/\/www.uartes.edu.ec\/sitio\/wp-content\/uploads\/2024\/07\/07-CASE-1-150x150.jpg",150,150,true],"medium":["https:\/\/www.uartes.edu.ec\/sitio\/wp-content\/uploads\/2024\/07\/07-CASE-1-300x200.jpg",300,200,true],"medium_large":["https:\/\/www.uartes.edu.ec\/sitio\/wp-content\/uploads\/2024\/07\/07-CASE-1-768x512.jpg",768,512,true],"large":["https:\/\/www.uartes.edu.ec\/sitio\/wp-content\/uploads\/2024\/07\/07-CASE-1-644x429.jpg",644,429,true],"1536x1536":["https:\/\/www.uartes.edu.ec\/sitio\/wp-content\/uploads\/2024\/07\/07-CASE-1-1536x1024.jpg",1536,1024,true],"2048x2048":["https:\/\/www.uartes.edu.ec\/sitio\/wp-content\/uploads\/2024\/07\/07-CASE-1.jpg",2000,1333,false],"trp-custom-language-flag":["https:\/\/www.uartes.edu.ec\/sitio\/wp-content\/uploads\/2024\/07\/07-CASE-1-18x12.jpg",18,12,true],"htmega_size_585x295":["https:\/\/www.uartes.edu.ec\/sitio\/wp-content\/uploads\/2024\/07\/07-CASE-1-585x295.jpg",585,295,true],"htmega_size_1170x536":["https:\/\/www.uartes.edu.ec\/sitio\/wp-content\/uploads\/2024\/07\/07-CASE-1-1170x536.jpg",1170,536,true],"htmega_size_396x360":["https:\/\/www.uartes.edu.ec\/sitio\/wp-content\/uploads\/2024\/07\/07-CASE-1-396x360.jpg",396,360,true],"gb-block-post-grid-landscape":["https:\/\/www.uartes.edu.ec\/sitio\/wp-content\/uploads\/2024\/07\/07-CASE-1.jpg",600,400,false],"gb-block-post-grid-square":["https:\/\/www.uartes.edu.ec\/sitio\/wp-content\/uploads\/2024\/07\/07-CASE-1.jpg",600,400,false],"university-hub-thumb":["https:\/\/www.uartes.edu.ec\/sitio\/wp-content\/uploads\/2024\/07\/07-CASE-1-400x267.jpg",400,267,true]},"uagb_author_info":{"display_name":"ccortez","author_link":"https:\/\/www.uartes.edu.ec\/sitio\/en\/blog\/author\/ccortez\/"},"uagb_comment_info":0,"uagb_excerpt":"La presentaci\u00f3n de los DJ\u2019s \"Ghost\", \"King\" e \"Iskra\" no solo marc\u00f3 el cierre del acto inaugural de las Conferencias de Audio y Sonido del Ecuador (CASE), organizadas por la Escuela de Artes Sonoras de la UArtes, constituy\u00f3 tambi\u00e9n una muestra de resultados de la preparaci\u00f3n de ellos en la Escuela de DJ, un proyecto&hellip;","featured_image_src":"https:\/\/www.uartes.edu.ec\/sitio\/wp-content\/uploads\/2024\/07\/07-CASE-1.jpg","featured_image_src_square":"https:\/\/www.uartes.edu.ec\/sitio\/wp-content\/uploads\/2024\/07\/07-CASE-1.jpg","author_info":{"display_name":"ccortez","author_link":"https:\/\/www.uartes.edu.ec\/sitio\/en\/blog\/author\/ccortez\/"},"publishpress_future_workflow_manual_trigger":{"enabledWorkflows":[]},"distributor_meta":false,"distributor_terms":false,"distributor_media":false,"distributor_original_site_name":"Universidad de las Artes","distributor_original_site_url":"https:\/\/www.uartes.edu.ec\/sitio\/en","push-errors":false,"_links":{"self":[{"href":"https:\/\/www.uartes.edu.ec\/sitio\/en\/wp-json\/wp\/v2\/posts\/58342","targetHints":{"allow":["GET"]}}],"collection":[{"href":"https:\/\/www.uartes.edu.ec\/sitio\/en\/wp-json\/wp\/v2\/posts"}],"about":[{"href":"https:\/\/www.uartes.edu.ec\/sitio\/en\/wp-json\/wp\/v2\/types\/post"}],"author":[{"embeddable":true,"href":"https:\/\/www.uartes.edu.ec\/sitio\/en\/wp-json\/wp\/v2\/users\/10"}],"replies":[{"embeddable":true,"href":"https:\/\/www.uartes.edu.ec\/sitio\/en\/wp-json\/wp\/v2\/comments?post=58342"}],"version-history":[{"count":22,"href":"https:\/\/www.uartes.edu.ec\/sitio\/en\/wp-json\/wp\/v2\/posts\/58342\/revisions"}],"predecessor-version":[{"id":60698,"href":"https:\/\/www.uartes.edu.ec\/sitio\/en\/wp-json\/wp\/v2\/posts\/58342\/revisions\/60698"}],"wp:featuredmedia":[{"embeddable":true,"href":"https:\/\/www.uartes.edu.ec\/sitio\/en\/wp-json\/wp\/v2\/media\/58343"}],"wp:attachment":[{"href":"https:\/\/www.uartes.edu.ec\/sitio\/en\/wp-json\/wp\/v2\/media?parent=58342"}],"wp:term":[{"taxonomy":"category","embeddable":true,"href":"https:\/\/www.uartes.edu.ec\/sitio\/en\/wp-json\/wp\/v2\/categories?post=58342"},{"taxonomy":"post_tag","embeddable":true,"href":"https:\/\/www.uartes.edu.ec\/sitio\/en\/wp-json\/wp\/v2\/tags?post=58342"},{"taxonomy":"infouartes","embeddable":true,"href":"https:\/\/www.uartes.edu.ec\/sitio\/en\/wp-json\/wp\/v2\/infouartes?post=58342"}],"curies":[{"name":"wp","href":"https:\/\/api.w.org\/{rel}","templated":true}]}}