{"id":58444,"date":"2024-07-01T15:10:00","date_gmt":"2024-07-01T20:10:00","guid":{"rendered":"https:\/\/www.uartes.edu.ec\/sitio\/?p=58444"},"modified":"2024-07-12T09:35:15","modified_gmt":"2024-07-12T14:35:15","slug":"de-la-relacion-entre-filosofia-ciencias-y-artes-trato-seminario-que-dicto-juan-gonzalo-moreno","status":"publish","type":"post","link":"https:\/\/www.uartes.edu.ec\/sitio\/en\/blog\/2024\/07\/01\/de-la-relacion-entre-filosofia-ciencias-y-artes-trato-seminario-que-dicto-juan-gonzalo-moreno\/","title":{"rendered":"De la relaci\u00f3n filosof\u00eda, ciencias y artes trat\u00f3 en seminario Juan Gonzalo Moreno"},"content":{"rendered":"<p>De la relaci\u00f3n entre la filosof\u00eda, las ciencias y las artes trat\u00f3 Juan Gonzalo Moreno, mag\u00edster en Filosof\u00eda por la Universidad Nacional de Medell\u00edn, en el seminario \u201cLa desintegraci\u00f3n de la forma del mundo: \u00bfjuega dios a los dados?\u201d que dict\u00f3 del 10 al 14 de junio, en la Biblioteca de las Artes.<\/p>\n\n\n\n<p>Moreno estructur\u00f3 el seminario en cinco secciones con las tem\u00e1ticas: \u00bfQu\u00e9 es un paradigma?; Paradigma astron\u00f3mico: cosmos, necesidad y esencia; Paradigma meteorol\u00f3gico: caos (Michel Serres), azar (Clement Rosset) y acontecimiento (Gilles Deleuze); Honorato de Balzac: \u201cLa obra maestra desconocida\u201d (caos), Jorge Luis Borges: \u201cLa loter\u00eda de Babilonia\u201d (azar) y Richard Serra: Equal-Parallel\/Guernica-Bengasi (acontecimiento); y, Crist\u00f3bal Holzapfel. El juego del mundo.<\/p>\n\n\n\n<p>Como objetivos del seminario, su expositor plante\u00f3 reconocer el impacto que tienen las fracturas epistemol\u00f3gicas en las pr\u00e1cticas art\u00edsticas y entender la filosof\u00eda del arte como el terreno de los conceptos que permiten entender las pr\u00e1cticas art\u00edsticas. En su metodolog\u00eda, Moreno les dio a las tres primeras sesiones un car\u00e1cter te\u00f3rico y en las dos \u00faltimas analiz\u00f3 junto con los participantes algunos objetos de car\u00e1cter est\u00e9tico. Se hizo la lectura de textos entregados oportunamente.<\/p>\n\n\n<div class=\"wp-block-image\">\n<figure class=\"aligncenter size-large\"><img fetchpriority=\"high\" decoding=\"async\" width=\"644\" height=\"429\" src=\"https:\/\/www.uartes.edu.ec\/sitio\/wp-content\/uploads\/2024\/07\/03-SEMINARIO-LA-DESINTEGRACION-DE-LA-FORMA-DEL-MUNDO-JUAN-GONZALO-MORENO-644x429.jpg\" alt=\"\" class=\"wp-image-58447\" srcset=\"https:\/\/www.uartes.edu.ec\/sitio\/wp-content\/uploads\/2024\/07\/03-SEMINARIO-LA-DESINTEGRACION-DE-LA-FORMA-DEL-MUNDO-JUAN-GONZALO-MORENO-644x429.jpg 644w, https:\/\/www.uartes.edu.ec\/sitio\/wp-content\/uploads\/2024\/07\/03-SEMINARIO-LA-DESINTEGRACION-DE-LA-FORMA-DEL-MUNDO-JUAN-GONZALO-MORENO-300x200.jpg 300w, https:\/\/www.uartes.edu.ec\/sitio\/wp-content\/uploads\/2024\/07\/03-SEMINARIO-LA-DESINTEGRACION-DE-LA-FORMA-DEL-MUNDO-JUAN-GONZALO-MORENO-768x512.jpg 768w, https:\/\/www.uartes.edu.ec\/sitio\/wp-content\/uploads\/2024\/07\/03-SEMINARIO-LA-DESINTEGRACION-DE-LA-FORMA-DEL-MUNDO-JUAN-GONZALO-MORENO-1536x1024.jpg 1536w, https:\/\/www.uartes.edu.ec\/sitio\/wp-content\/uploads\/2024\/07\/03-SEMINARIO-LA-DESINTEGRACION-DE-LA-FORMA-DEL-MUNDO-JUAN-GONZALO-MORENO-18x12.jpg 18w, https:\/\/www.uartes.edu.ec\/sitio\/wp-content\/uploads\/2024\/07\/03-SEMINARIO-LA-DESINTEGRACION-DE-LA-FORMA-DEL-MUNDO-JUAN-GONZALO-MORENO-400x267.jpg 400w, https:\/\/www.uartes.edu.ec\/sitio\/wp-content\/uploads\/2024\/07\/03-SEMINARIO-LA-DESINTEGRACION-DE-LA-FORMA-DEL-MUNDO-JUAN-GONZALO-MORENO-272x182.jpg 272w, https:\/\/www.uartes.edu.ec\/sitio\/wp-content\/uploads\/2024\/07\/03-SEMINARIO-LA-DESINTEGRACION-DE-LA-FORMA-DEL-MUNDO-JUAN-GONZALO-MORENO.jpg 2000w\" sizes=\"(max-width: 644px) 100vw, 644px\" \/><\/figure>\n<\/div>\n\n\n<p>Apoyado con material audiovisual, Juan Gonzalo Moreno, quien es docente en \u00e1reas de l\u00f3gica, est\u00e9tica y semi\u00f3tica, mencion\u00f3 que \u201cla casa del ser \u2013refugio contra los embates del no ser\u2013 se levanta sobre tres pilares: el orden, la regularidad y la permanencia. La materia prima de los tres pilares fue amasada por los alba\u00f1iles de la antig\u00fcedad griega que nos legaron la obra negra. Astron\u00f3mico llamaremos a dicho paradigma nacido en medio de las especulaciones de los inquietos presocr\u00e1ticos\u201d.<\/p>\n\n\n\n<p>Agreg\u00f3 que los constructores que continuaron la tradici\u00f3n perfeccionaron la edificaci\u00f3n y el maestro de obra (Godofredo) Leibniz culmin\u00f3 el trabajo con el yeso de la \u201cRaz\u00f3n Suficiente\u201d. \u201cIsaac Newton levant\u00f3 su catedral sobre los mismos fundamentos, los principios matem\u00e1ticos de la naturaleza son la manifestaci\u00f3n palmaria del orden causal que gobierna los cuerpos inmutables del mundo. Los principios de Newton celebran el orden divino del universo. Al final, la divinidad omnisciente y omnipotente se regocijar\u00e1 con el espect\u00e1culo de su Magna Obra y bendecir\u00e1 la eficacia de los laboriosos obreros\u201d.<\/p>\n\n\n\n<h3 class=\"wp-block-heading\">Visi\u00f3n del mundo de la modernidad<\/h3>\n\n\n\n<p>Estamos ante el paradigma que como un legislador invisible determina la visi\u00f3n del mundo de la \u2013bien o mal llamada\u2013 modernidad. Sabido es que el venerable paradigma comienza a agrietarse en el siglo XIX: el nacimiento de la termodin\u00e1mica hizo tambalear el orden reversible de los fen\u00f3menos contemplados por la f\u00edsica cl\u00e1sica, las geometr\u00edas no ecludianas cuestionaron las certezas de orden matem\u00e1tico y la teor\u00eda de la evoluci\u00f3n mostr\u00f3 los dientes del azar en la emergencia de las especies.<\/p>\n\n\n\n<p>\u201c(\u2026) El trasfondo de la existencia es de orden ca\u00f3tico, la emergencia de los existentes es un producto del azar y en la realidad no hay esencias, sino procesos o acontecimientos. Como meteorol\u00f3gico denominaremos el nuevo paradigma siguiendo algunas sugerencias de Michel Serres, quien constata el irrebatible hecho de que &#8216;lo duro no dura&#8217;; un repentino se\u00edsmo lo rompe. No es f\u00e1cil digerir semejante men\u00fa y posiblemente algunos no estar\u00e1n dispuestos a transigir con que la casa del ser no es una edificaci\u00f3n s\u00f3lida, segura y acogedora, sino una agujereada y amenazante madriguera asediada por un perpetuo noise (del franc\u00e9s antiguo, que significa el ruido y el furor) tal y como se revela en la laber\u00edntica y rizom\u00e1tica Construcci\u00f3n de Franz Kafka\u201d.<\/p>\n\n\n\n<h3 class=\"wp-block-heading\">La proposici\u00f3n del fundamento<\/h3>\n\n\n\n<p>En el desarrollo del seminario, adelant\u00f3 Moreno, recurrir\u00eda a las artes, la filosof\u00eda y la ciencia con el fin de ilustrar los contenidos te\u00f3ricos expuestos. \u201cTerminaremos el seminario con las desconcertantes conclusiones de Mart\u00edn Heidegger en La proposici\u00f3n del fundamento, ampliamente discutidas por el fil\u00f3sofo chileno Crist\u00f3bal Holzapfel en La cr\u00edtica de la raz\u00f3n l\u00fadica. All\u00ed Heidegger reformula el principio de raz\u00f3n suficiente de Leibniz de la siguiente y lapidaria manera &#8216;mientras dios juega, viene a ser mundo&#8217;\u201d.<\/p>\n\n\n\n<p>Juan Gonzalo Moreno, quien es profesional pensionado de la Facultad de Ciencias Humanas y Econ\u00f3micas de la Universidad de Medell\u00edn y tiene entre sus t\u00edtulos el de Ingenier\u00eda Mec\u00e1nica por la Universidad Pontificia Bolivariana, estuvo en la UArtes por invitaci\u00f3n del Vicerrectorado de Posgrados e Investigaci\u00f3n en Artes, con el apoyo de las direcciones de la Escuela de Posgrados y de Pol\u00edticas de Investigaci\u00f3n en Artes.<\/p>\n\n\n\n<p>Es autor de obras como \u201cGeosof\u00eda y otros ensayos\u201d (2008) y coautor de los libros \u201cFlores a su tumba\u201d (2018) y \u201cEl efecto Deleuze\u201d (2016). Tambi\u00e9n es especialista en la filosof\u00eda y el pensamiento contempor\u00e1neo, a partir de autores como Gilles Deleuze, Michel Serres, C.\u202fS. Peirce, Michel Foucault, entre otros.<\/p>","protected":false},"excerpt":{"rendered":"<p>\u201cLa desintegraci\u00f3n de la forma del mundo: \u00bfjuega dios a los dados?\u201d fue el seminario que el mag\u00edster en Filosof\u00eda por la Universidad Nacional de Medell\u00edn Juan Gonzalo Moreno dict\u00f3 en la UArtes por gesti\u00f3n del Vicerrectorado de Posgrados e Investigaci\u00f3n en Artes, con el apoyo de las direcciones de la Escuela de Posgrados y de Pol\u00edticas de Investigaci\u00f3n en Artes; fue del 10 al 14 de junio en la Biblioteca de las Artes.<\/p>","protected":false},"author":10,"featured_media":58446,"comment_status":"open","ping_status":"open","sticky":false,"template":"","format":"standard","meta":{"_acf_changed":false,"_uag_custom_page_level_css":"","_monsterinsights_skip_tracking":false,"_monsterinsights_sitenote_active":false,"_monsterinsights_sitenote_note":"","_monsterinsights_sitenote_category":0,"cybocfi_hide_featured_image":"","footnotes":""},"categories":[490,75,76,77,284],"tags":[1054],"infouartes":[],"class_list":["post-58444","post","type-post","status-publish","format-standard","has-post-thumbnail","hentry","category-alumni","category-docentes","category-estudiantes","category-gestion","category-investigacion","tag-formacion"],"acf":[],"yoast_head":"<!-- This site is optimized with the Yoast SEO plugin v27.4 - https:\/\/yoast.com\/product\/yoast-seo-wordpress\/ -->\n<title>Universidad de las Artes - De la relaci\u00f3n filosof\u00eda, ciencias y artes trat\u00f3 en seminario Juan Gonzalo Moreno<\/title>\n<meta name=\"description\" content=\"Universidad de las Artes - De la relaci\u00f3n filosof\u00eda, ciencias y artes trat\u00f3 en seminario Juan Gonzalo Moreno\" \/>\n<meta name=\"robots\" content=\"index, follow, max-snippet:-1, max-image-preview:large, max-video-preview:-1\" \/>\n<link rel=\"canonical\" href=\"https:\/\/www.uartes.edu.ec\/sitio\/en\/blog\/2024\/07\/01\/de-la-relacion-entre-filosofia-ciencias-y-artes-trato-seminario-que-dicto-juan-gonzalo-moreno\/\" \/>\n<meta property=\"og:locale\" content=\"en_US\" \/>\n<meta property=\"og:type\" content=\"article\" \/>\n<meta property=\"og:title\" content=\"Universidad de las Artes - De la relaci\u00f3n filosof\u00eda, ciencias y artes trat\u00f3 en seminario Juan Gonzalo Moreno\" \/>\n<meta property=\"og:description\" content=\"Universidad de las Artes - De la relaci\u00f3n filosof\u00eda, ciencias y artes trat\u00f3 en seminario Juan Gonzalo Moreno\" \/>\n<meta property=\"og:url\" content=\"https:\/\/www.uartes.edu.ec\/sitio\/en\/blog\/2024\/07\/01\/de-la-relacion-entre-filosofia-ciencias-y-artes-trato-seminario-que-dicto-juan-gonzalo-moreno\/\" \/>\n<meta property=\"og:site_name\" content=\"Universidad de las Artes\" \/>\n<meta property=\"article:publisher\" content=\"https:\/\/www.facebook.com\/uartesec\" \/>\n<meta property=\"article:published_time\" content=\"2024-07-01T20:10:00+00:00\" \/>\n<meta property=\"article:modified_time\" content=\"2024-07-12T14:35:15+00:00\" \/>\n<meta property=\"og:image\" content=\"https:\/\/www.uartes.edu.ec\/sitio\/wp-content\/uploads\/2024\/07\/01-SEMINARIO-LA-DESINTEGRACION-DE-LA-FORMA-DEL-MUNDO-JUAN-GONZALO-MORENO-1.jpg\" \/>\n\t<meta property=\"og:image:width\" content=\"2000\" \/>\n\t<meta property=\"og:image:height\" content=\"1333\" \/>\n\t<meta property=\"og:image:type\" content=\"image\/jpeg\" \/>\n<meta name=\"author\" content=\"ccortez\" \/>\n<meta name=\"twitter:card\" content=\"summary_large_image\" \/>\n<meta name=\"twitter:creator\" content=\"@uartesec\" \/>\n<meta name=\"twitter:site\" content=\"@uartesec\" \/>\n<meta name=\"twitter:label1\" content=\"Written by\" \/>\n\t<meta name=\"twitter:data1\" content=\"ccortez\" \/>\n\t<meta name=\"twitter:label2\" content=\"Est. reading time\" \/>\n\t<meta name=\"twitter:data2\" content=\"4 minutes\" \/>\n<script type=\"application\/ld+json\" class=\"yoast-schema-graph\">{\"@context\":\"https:\\\/\\\/schema.org\",\"@graph\":[{\"@type\":\"Article\",\"@id\":\"https:\\\/\\\/www.uartes.edu.ec\\\/sitio\\\/en\\\/blog\\\/2024\\\/07\\\/01\\\/de-la-relacion-entre-filosofia-ciencias-y-artes-trato-seminario-que-dicto-juan-gonzalo-moreno\\\/#article\",\"isPartOf\":{\"@id\":\"https:\\\/\\\/www.uartes.edu.ec\\\/sitio\\\/en\\\/blog\\\/2024\\\/07\\\/01\\\/de-la-relacion-entre-filosofia-ciencias-y-artes-trato-seminario-que-dicto-juan-gonzalo-moreno\\\/\"},\"author\":{\"name\":\"ccortez\",\"@id\":\"https:\\\/\\\/www.uartes.edu.ec\\\/sitio\\\/en\\\/#\\\/schema\\\/person\\\/efa1b8275797664fd7f13a79ccc0b1f4\"},\"headline\":\"De la relaci\u00f3n filosof\u00eda, ciencias y artes trat\u00f3 en seminario Juan Gonzalo Moreno\",\"datePublished\":\"2024-07-01T20:10:00+00:00\",\"dateModified\":\"2024-07-12T14:35:15+00:00\",\"mainEntityOfPage\":{\"@id\":\"https:\\\/\\\/www.uartes.edu.ec\\\/sitio\\\/en\\\/blog\\\/2024\\\/07\\\/01\\\/de-la-relacion-entre-filosofia-ciencias-y-artes-trato-seminario-que-dicto-juan-gonzalo-moreno\\\/\"},\"wordCount\":854,\"commentCount\":0,\"publisher\":{\"@id\":\"https:\\\/\\\/www.uartes.edu.ec\\\/sitio\\\/en\\\/#organization\"},\"image\":{\"@id\":\"https:\\\/\\\/www.uartes.edu.ec\\\/sitio\\\/en\\\/blog\\\/2024\\\/07\\\/01\\\/de-la-relacion-entre-filosofia-ciencias-y-artes-trato-seminario-que-dicto-juan-gonzalo-moreno\\\/#primaryimage\"},\"thumbnailUrl\":\"https:\\\/\\\/www.uartes.edu.ec\\\/sitio\\\/wp-content\\\/uploads\\\/2024\\\/07\\\/01-SEMINARIO-LA-DESINTEGRACION-DE-LA-FORMA-DEL-MUNDO-JUAN-GONZALO-MORENO-1.jpg\",\"keywords\":[\"formaci\u00f3n\"],\"articleSection\":[\"Alumni\",\"Docentes\",\"Estudiantes\",\"Gesti\u00f3n\",\"Investigaci\u00f3n\"],\"inLanguage\":\"en-US\",\"potentialAction\":[{\"@type\":\"CommentAction\",\"name\":\"Comment\",\"target\":[\"https:\\\/\\\/www.uartes.edu.ec\\\/sitio\\\/en\\\/blog\\\/2024\\\/07\\\/01\\\/de-la-relacion-entre-filosofia-ciencias-y-artes-trato-seminario-que-dicto-juan-gonzalo-moreno\\\/#respond\"]}]},{\"@type\":[\"WebPage\",\"ItemPage\"],\"@id\":\"https:\\\/\\\/www.uartes.edu.ec\\\/sitio\\\/en\\\/blog\\\/2024\\\/07\\\/01\\\/de-la-relacion-entre-filosofia-ciencias-y-artes-trato-seminario-que-dicto-juan-gonzalo-moreno\\\/\",\"url\":\"https:\\\/\\\/www.uartes.edu.ec\\\/sitio\\\/en\\\/blog\\\/2024\\\/07\\\/01\\\/de-la-relacion-entre-filosofia-ciencias-y-artes-trato-seminario-que-dicto-juan-gonzalo-moreno\\\/\",\"name\":\"Universidad de las Artes - De la relaci\u00f3n filosof\u00eda, ciencias y artes trat\u00f3 en seminario Juan Gonzalo Moreno\",\"isPartOf\":{\"@id\":\"https:\\\/\\\/www.uartes.edu.ec\\\/sitio\\\/en\\\/#website\"},\"primaryImageOfPage\":{\"@id\":\"https:\\\/\\\/www.uartes.edu.ec\\\/sitio\\\/en\\\/blog\\\/2024\\\/07\\\/01\\\/de-la-relacion-entre-filosofia-ciencias-y-artes-trato-seminario-que-dicto-juan-gonzalo-moreno\\\/#primaryimage\"},\"image\":{\"@id\":\"https:\\\/\\\/www.uartes.edu.ec\\\/sitio\\\/en\\\/blog\\\/2024\\\/07\\\/01\\\/de-la-relacion-entre-filosofia-ciencias-y-artes-trato-seminario-que-dicto-juan-gonzalo-moreno\\\/#primaryimage\"},\"thumbnailUrl\":\"https:\\\/\\\/www.uartes.edu.ec\\\/sitio\\\/wp-content\\\/uploads\\\/2024\\\/07\\\/01-SEMINARIO-LA-DESINTEGRACION-DE-LA-FORMA-DEL-MUNDO-JUAN-GONZALO-MORENO-1.jpg\",\"datePublished\":\"2024-07-01T20:10:00+00:00\",\"dateModified\":\"2024-07-12T14:35:15+00:00\",\"description\":\"Universidad de las Artes - De la relaci\u00f3n filosof\u00eda, ciencias y artes trat\u00f3 en seminario Juan Gonzalo Moreno\",\"breadcrumb\":{\"@id\":\"https:\\\/\\\/www.uartes.edu.ec\\\/sitio\\\/en\\\/blog\\\/2024\\\/07\\\/01\\\/de-la-relacion-entre-filosofia-ciencias-y-artes-trato-seminario-que-dicto-juan-gonzalo-moreno\\\/#breadcrumb\"},\"inLanguage\":\"en-US\",\"potentialAction\":[{\"@type\":\"ReadAction\",\"target\":[\"https:\\\/\\\/www.uartes.edu.ec\\\/sitio\\\/en\\\/blog\\\/2024\\\/07\\\/01\\\/de-la-relacion-entre-filosofia-ciencias-y-artes-trato-seminario-que-dicto-juan-gonzalo-moreno\\\/\"]}]},{\"@type\":\"ImageObject\",\"inLanguage\":\"en-US\",\"@id\":\"https:\\\/\\\/www.uartes.edu.ec\\\/sitio\\\/en\\\/blog\\\/2024\\\/07\\\/01\\\/de-la-relacion-entre-filosofia-ciencias-y-artes-trato-seminario-que-dicto-juan-gonzalo-moreno\\\/#primaryimage\",\"url\":\"https:\\\/\\\/www.uartes.edu.ec\\\/sitio\\\/wp-content\\\/uploads\\\/2024\\\/07\\\/01-SEMINARIO-LA-DESINTEGRACION-DE-LA-FORMA-DEL-MUNDO-JUAN-GONZALO-MORENO-1.jpg\",\"contentUrl\":\"https:\\\/\\\/www.uartes.edu.ec\\\/sitio\\\/wp-content\\\/uploads\\\/2024\\\/07\\\/01-SEMINARIO-LA-DESINTEGRACION-DE-LA-FORMA-DEL-MUNDO-JUAN-GONZALO-MORENO-1.jpg\",\"width\":2000,\"height\":1333},{\"@type\":\"BreadcrumbList\",\"@id\":\"https:\\\/\\\/www.uartes.edu.ec\\\/sitio\\\/en\\\/blog\\\/2024\\\/07\\\/01\\\/de-la-relacion-entre-filosofia-ciencias-y-artes-trato-seminario-que-dicto-juan-gonzalo-moreno\\\/#breadcrumb\",\"itemListElement\":[{\"@type\":\"ListItem\",\"position\":1,\"name\":\"Inicio\",\"item\":\"https:\\\/\\\/www.uartes.edu.ec\\\/sitio\\\/\"},{\"@type\":\"ListItem\",\"position\":2,\"name\":\"De la relaci\u00f3n filosof\u00eda, ciencias y artes trat\u00f3 en seminario Juan Gonzalo Moreno\"}]},{\"@type\":\"WebSite\",\"@id\":\"https:\\\/\\\/www.uartes.edu.ec\\\/sitio\\\/en\\\/#website\",\"url\":\"https:\\\/\\\/www.uartes.edu.ec\\\/sitio\\\/en\\\/\",\"name\":\"Universidad de las Artes\",\"description\":\"Sitio oficial de la Universidad Nacional de las Artes del Ecuador\",\"publisher\":{\"@id\":\"https:\\\/\\\/www.uartes.edu.ec\\\/sitio\\\/en\\\/#organization\"},\"potentialAction\":[{\"@type\":\"SearchAction\",\"target\":{\"@type\":\"EntryPoint\",\"urlTemplate\":\"https:\\\/\\\/www.uartes.edu.ec\\\/sitio\\\/en\\\/?s={search_term_string}\"},\"query-input\":{\"@type\":\"PropertyValueSpecification\",\"valueRequired\":true,\"valueName\":\"search_term_string\"}}],\"inLanguage\":\"en-US\"},{\"@type\":\"Organization\",\"@id\":\"https:\\\/\\\/www.uartes.edu.ec\\\/sitio\\\/en\\\/#organization\",\"name\":\"Universidad de las Artes\",\"url\":\"https:\\\/\\\/www.uartes.edu.ec\\\/sitio\\\/en\\\/\",\"logo\":{\"@type\":\"ImageObject\",\"inLanguage\":\"en-US\",\"@id\":\"https:\\\/\\\/www.uartes.edu.ec\\\/sitio\\\/en\\\/#\\\/schema\\\/logo\\\/image\\\/\",\"url\":\"https:\\\/\\\/www.uartes.edu.ec\\\/sitio\\\/wp-content\\\/uploads\\\/2022\\\/07\\\/logo-ua-horizontal.png\",\"contentUrl\":\"https:\\\/\\\/www.uartes.edu.ec\\\/sitio\\\/wp-content\\\/uploads\\\/2022\\\/07\\\/logo-ua-horizontal.png\",\"width\":800,\"height\":276,\"caption\":\"Universidad de las Artes\"},\"image\":{\"@id\":\"https:\\\/\\\/www.uartes.edu.ec\\\/sitio\\\/en\\\/#\\\/schema\\\/logo\\\/image\\\/\"},\"sameAs\":[\"https:\\\/\\\/www.facebook.com\\\/uartesec\",\"https:\\\/\\\/x.com\\\/uartesec\",\"https:\\\/\\\/www.tiktok.com\\\/@uartesec\"]},{\"@type\":\"Person\",\"@id\":\"https:\\\/\\\/www.uartes.edu.ec\\\/sitio\\\/en\\\/#\\\/schema\\\/person\\\/efa1b8275797664fd7f13a79ccc0b1f4\",\"name\":\"ccortez\",\"image\":{\"@type\":\"ImageObject\",\"inLanguage\":\"en-US\",\"@id\":\"https:\\\/\\\/secure.gravatar.com\\\/avatar\\\/b2a6f664a3ae8e074346ef91775736c5ec479e637ecced6842de9dc98b5da9cd?s=96&d=mm&r=g\",\"url\":\"https:\\\/\\\/secure.gravatar.com\\\/avatar\\\/b2a6f664a3ae8e074346ef91775736c5ec479e637ecced6842de9dc98b5da9cd?s=96&d=mm&r=g\",\"contentUrl\":\"https:\\\/\\\/secure.gravatar.com\\\/avatar\\\/b2a6f664a3ae8e074346ef91775736c5ec479e637ecced6842de9dc98b5da9cd?s=96&d=mm&r=g\",\"caption\":\"ccortez\"},\"url\":\"https:\\\/\\\/www.uartes.edu.ec\\\/sitio\\\/en\\\/blog\\\/author\\\/ccortez\\\/\"}]}<\/script>\n<!-- \/ Yoast SEO plugin. -->","yoast_head_json":{"title":"Universidad de las Artes - De la relaci\u00f3n filosof\u00eda, ciencias y artes trat\u00f3 en seminario Juan Gonzalo Moreno","description":"Universidad de las Artes - De la relaci\u00f3n filosof\u00eda, ciencias y artes trat\u00f3 en seminario Juan Gonzalo Moreno","robots":{"index":"index","follow":"follow","max-snippet":"max-snippet:-1","max-image-preview":"max-image-preview:large","max-video-preview":"max-video-preview:-1"},"canonical":"https:\/\/www.uartes.edu.ec\/sitio\/en\/blog\/2024\/07\/01\/de-la-relacion-entre-filosofia-ciencias-y-artes-trato-seminario-que-dicto-juan-gonzalo-moreno\/","og_locale":"en_US","og_type":"article","og_title":"Universidad de las Artes - De la relaci\u00f3n filosof\u00eda, ciencias y artes trat\u00f3 en seminario Juan Gonzalo Moreno","og_description":"Universidad de las Artes - De la relaci\u00f3n filosof\u00eda, ciencias y artes trat\u00f3 en seminario Juan Gonzalo Moreno","og_url":"https:\/\/www.uartes.edu.ec\/sitio\/en\/blog\/2024\/07\/01\/de-la-relacion-entre-filosofia-ciencias-y-artes-trato-seminario-que-dicto-juan-gonzalo-moreno\/","og_site_name":"Universidad de las Artes","article_publisher":"https:\/\/www.facebook.com\/uartesec","article_published_time":"2024-07-01T20:10:00+00:00","article_modified_time":"2024-07-12T14:35:15+00:00","og_image":[{"width":2000,"height":1333,"url":"https:\/\/www.uartes.edu.ec\/sitio\/wp-content\/uploads\/2024\/07\/01-SEMINARIO-LA-DESINTEGRACION-DE-LA-FORMA-DEL-MUNDO-JUAN-GONZALO-MORENO-1.jpg","type":"image\/jpeg"}],"author":"ccortez","twitter_card":"summary_large_image","twitter_creator":"@uartesec","twitter_site":"@uartesec","twitter_misc":{"Written by":"ccortez","Est. reading time":"4 minutes"},"schema":{"@context":"https:\/\/schema.org","@graph":[{"@type":"Article","@id":"https:\/\/www.uartes.edu.ec\/sitio\/en\/blog\/2024\/07\/01\/de-la-relacion-entre-filosofia-ciencias-y-artes-trato-seminario-que-dicto-juan-gonzalo-moreno\/#article","isPartOf":{"@id":"https:\/\/www.uartes.edu.ec\/sitio\/en\/blog\/2024\/07\/01\/de-la-relacion-entre-filosofia-ciencias-y-artes-trato-seminario-que-dicto-juan-gonzalo-moreno\/"},"author":{"name":"ccortez","@id":"https:\/\/www.uartes.edu.ec\/sitio\/en\/#\/schema\/person\/efa1b8275797664fd7f13a79ccc0b1f4"},"headline":"De la relaci\u00f3n filosof\u00eda, ciencias y artes trat\u00f3 en seminario Juan Gonzalo Moreno","datePublished":"2024-07-01T20:10:00+00:00","dateModified":"2024-07-12T14:35:15+00:00","mainEntityOfPage":{"@id":"https:\/\/www.uartes.edu.ec\/sitio\/en\/blog\/2024\/07\/01\/de-la-relacion-entre-filosofia-ciencias-y-artes-trato-seminario-que-dicto-juan-gonzalo-moreno\/"},"wordCount":854,"commentCount":0,"publisher":{"@id":"https:\/\/www.uartes.edu.ec\/sitio\/en\/#organization"},"image":{"@id":"https:\/\/www.uartes.edu.ec\/sitio\/en\/blog\/2024\/07\/01\/de-la-relacion-entre-filosofia-ciencias-y-artes-trato-seminario-que-dicto-juan-gonzalo-moreno\/#primaryimage"},"thumbnailUrl":"https:\/\/www.uartes.edu.ec\/sitio\/wp-content\/uploads\/2024\/07\/01-SEMINARIO-LA-DESINTEGRACION-DE-LA-FORMA-DEL-MUNDO-JUAN-GONZALO-MORENO-1.jpg","keywords":["formaci\u00f3n"],"articleSection":["Alumni","Docentes","Estudiantes","Gesti\u00f3n","Investigaci\u00f3n"],"inLanguage":"en-US","potentialAction":[{"@type":"CommentAction","name":"Comment","target":["https:\/\/www.uartes.edu.ec\/sitio\/en\/blog\/2024\/07\/01\/de-la-relacion-entre-filosofia-ciencias-y-artes-trato-seminario-que-dicto-juan-gonzalo-moreno\/#respond"]}]},{"@type":["WebPage","ItemPage"],"@id":"https:\/\/www.uartes.edu.ec\/sitio\/en\/blog\/2024\/07\/01\/de-la-relacion-entre-filosofia-ciencias-y-artes-trato-seminario-que-dicto-juan-gonzalo-moreno\/","url":"https:\/\/www.uartes.edu.ec\/sitio\/en\/blog\/2024\/07\/01\/de-la-relacion-entre-filosofia-ciencias-y-artes-trato-seminario-que-dicto-juan-gonzalo-moreno\/","name":"Universidad de las Artes - De la relaci\u00f3n filosof\u00eda, ciencias y artes trat\u00f3 en seminario Juan Gonzalo Moreno","isPartOf":{"@id":"https:\/\/www.uartes.edu.ec\/sitio\/en\/#website"},"primaryImageOfPage":{"@id":"https:\/\/www.uartes.edu.ec\/sitio\/en\/blog\/2024\/07\/01\/de-la-relacion-entre-filosofia-ciencias-y-artes-trato-seminario-que-dicto-juan-gonzalo-moreno\/#primaryimage"},"image":{"@id":"https:\/\/www.uartes.edu.ec\/sitio\/en\/blog\/2024\/07\/01\/de-la-relacion-entre-filosofia-ciencias-y-artes-trato-seminario-que-dicto-juan-gonzalo-moreno\/#primaryimage"},"thumbnailUrl":"https:\/\/www.uartes.edu.ec\/sitio\/wp-content\/uploads\/2024\/07\/01-SEMINARIO-LA-DESINTEGRACION-DE-LA-FORMA-DEL-MUNDO-JUAN-GONZALO-MORENO-1.jpg","datePublished":"2024-07-01T20:10:00+00:00","dateModified":"2024-07-12T14:35:15+00:00","description":"Universidad de las Artes - De la relaci\u00f3n filosof\u00eda, ciencias y artes trat\u00f3 en seminario Juan Gonzalo Moreno","breadcrumb":{"@id":"https:\/\/www.uartes.edu.ec\/sitio\/en\/blog\/2024\/07\/01\/de-la-relacion-entre-filosofia-ciencias-y-artes-trato-seminario-que-dicto-juan-gonzalo-moreno\/#breadcrumb"},"inLanguage":"en-US","potentialAction":[{"@type":"ReadAction","target":["https:\/\/www.uartes.edu.ec\/sitio\/en\/blog\/2024\/07\/01\/de-la-relacion-entre-filosofia-ciencias-y-artes-trato-seminario-que-dicto-juan-gonzalo-moreno\/"]}]},{"@type":"ImageObject","inLanguage":"en-US","@id":"https:\/\/www.uartes.edu.ec\/sitio\/en\/blog\/2024\/07\/01\/de-la-relacion-entre-filosofia-ciencias-y-artes-trato-seminario-que-dicto-juan-gonzalo-moreno\/#primaryimage","url":"https:\/\/www.uartes.edu.ec\/sitio\/wp-content\/uploads\/2024\/07\/01-SEMINARIO-LA-DESINTEGRACION-DE-LA-FORMA-DEL-MUNDO-JUAN-GONZALO-MORENO-1.jpg","contentUrl":"https:\/\/www.uartes.edu.ec\/sitio\/wp-content\/uploads\/2024\/07\/01-SEMINARIO-LA-DESINTEGRACION-DE-LA-FORMA-DEL-MUNDO-JUAN-GONZALO-MORENO-1.jpg","width":2000,"height":1333},{"@type":"BreadcrumbList","@id":"https:\/\/www.uartes.edu.ec\/sitio\/en\/blog\/2024\/07\/01\/de-la-relacion-entre-filosofia-ciencias-y-artes-trato-seminario-que-dicto-juan-gonzalo-moreno\/#breadcrumb","itemListElement":[{"@type":"ListItem","position":1,"name":"Inicio","item":"https:\/\/www.uartes.edu.ec\/sitio\/"},{"@type":"ListItem","position":2,"name":"De la relaci\u00f3n filosof\u00eda, ciencias y artes trat\u00f3 en seminario Juan Gonzalo Moreno"}]},{"@type":"WebSite","@id":"https:\/\/www.uartes.edu.ec\/sitio\/en\/#website","url":"https:\/\/www.uartes.edu.ec\/sitio\/en\/","name":"Universidad de las Artes","description":"Sitio oficial de la Universidad Nacional de las Artes del Ecuador","publisher":{"@id":"https:\/\/www.uartes.edu.ec\/sitio\/en\/#organization"},"potentialAction":[{"@type":"SearchAction","target":{"@type":"EntryPoint","urlTemplate":"https:\/\/www.uartes.edu.ec\/sitio\/en\/?s={search_term_string}"},"query-input":{"@type":"PropertyValueSpecification","valueRequired":true,"valueName":"search_term_string"}}],"inLanguage":"en-US"},{"@type":"Organization","@id":"https:\/\/www.uartes.edu.ec\/sitio\/en\/#organization","name":"Universidad de las Artes","url":"https:\/\/www.uartes.edu.ec\/sitio\/en\/","logo":{"@type":"ImageObject","inLanguage":"en-US","@id":"https:\/\/www.uartes.edu.ec\/sitio\/en\/#\/schema\/logo\/image\/","url":"https:\/\/www.uartes.edu.ec\/sitio\/wp-content\/uploads\/2022\/07\/logo-ua-horizontal.png","contentUrl":"https:\/\/www.uartes.edu.ec\/sitio\/wp-content\/uploads\/2022\/07\/logo-ua-horizontal.png","width":800,"height":276,"caption":"Universidad de las Artes"},"image":{"@id":"https:\/\/www.uartes.edu.ec\/sitio\/en\/#\/schema\/logo\/image\/"},"sameAs":["https:\/\/www.facebook.com\/uartesec","https:\/\/x.com\/uartesec","https:\/\/www.tiktok.com\/@uartesec"]},{"@type":"Person","@id":"https:\/\/www.uartes.edu.ec\/sitio\/en\/#\/schema\/person\/efa1b8275797664fd7f13a79ccc0b1f4","name":"ccortez","image":{"@type":"ImageObject","inLanguage":"en-US","@id":"https:\/\/secure.gravatar.com\/avatar\/b2a6f664a3ae8e074346ef91775736c5ec479e637ecced6842de9dc98b5da9cd?s=96&d=mm&r=g","url":"https:\/\/secure.gravatar.com\/avatar\/b2a6f664a3ae8e074346ef91775736c5ec479e637ecced6842de9dc98b5da9cd?s=96&d=mm&r=g","contentUrl":"https:\/\/secure.gravatar.com\/avatar\/b2a6f664a3ae8e074346ef91775736c5ec479e637ecced6842de9dc98b5da9cd?s=96&d=mm&r=g","caption":"ccortez"},"url":"https:\/\/www.uartes.edu.ec\/sitio\/en\/blog\/author\/ccortez\/"}]}},"uagb_featured_image_src":{"full":["https:\/\/www.uartes.edu.ec\/sitio\/wp-content\/uploads\/2024\/07\/01-SEMINARIO-LA-DESINTEGRACION-DE-LA-FORMA-DEL-MUNDO-JUAN-GONZALO-MORENO-1.jpg",2000,1333,false],"thumbnail":["https:\/\/www.uartes.edu.ec\/sitio\/wp-content\/uploads\/2024\/07\/01-SEMINARIO-LA-DESINTEGRACION-DE-LA-FORMA-DEL-MUNDO-JUAN-GONZALO-MORENO-1-150x150.jpg",150,150,true],"medium":["https:\/\/www.uartes.edu.ec\/sitio\/wp-content\/uploads\/2024\/07\/01-SEMINARIO-LA-DESINTEGRACION-DE-LA-FORMA-DEL-MUNDO-JUAN-GONZALO-MORENO-1-300x200.jpg",300,200,true],"medium_large":["https:\/\/www.uartes.edu.ec\/sitio\/wp-content\/uploads\/2024\/07\/01-SEMINARIO-LA-DESINTEGRACION-DE-LA-FORMA-DEL-MUNDO-JUAN-GONZALO-MORENO-1-768x512.jpg",768,512,true],"large":["https:\/\/www.uartes.edu.ec\/sitio\/wp-content\/uploads\/2024\/07\/01-SEMINARIO-LA-DESINTEGRACION-DE-LA-FORMA-DEL-MUNDO-JUAN-GONZALO-MORENO-1-644x429.jpg",644,429,true],"1536x1536":["https:\/\/www.uartes.edu.ec\/sitio\/wp-content\/uploads\/2024\/07\/01-SEMINARIO-LA-DESINTEGRACION-DE-LA-FORMA-DEL-MUNDO-JUAN-GONZALO-MORENO-1-1536x1024.jpg",1536,1024,true],"2048x2048":["https:\/\/www.uartes.edu.ec\/sitio\/wp-content\/uploads\/2024\/07\/01-SEMINARIO-LA-DESINTEGRACION-DE-LA-FORMA-DEL-MUNDO-JUAN-GONZALO-MORENO-1.jpg",2000,1333,false],"trp-custom-language-flag":["https:\/\/www.uartes.edu.ec\/sitio\/wp-content\/uploads\/2024\/07\/01-SEMINARIO-LA-DESINTEGRACION-DE-LA-FORMA-DEL-MUNDO-JUAN-GONZALO-MORENO-1-18x12.jpg",18,12,true],"htmega_size_585x295":["https:\/\/www.uartes.edu.ec\/sitio\/wp-content\/uploads\/2024\/07\/01-SEMINARIO-LA-DESINTEGRACION-DE-LA-FORMA-DEL-MUNDO-JUAN-GONZALO-MORENO-1-585x295.jpg",585,295,true],"htmega_size_1170x536":["https:\/\/www.uartes.edu.ec\/sitio\/wp-content\/uploads\/2024\/07\/01-SEMINARIO-LA-DESINTEGRACION-DE-LA-FORMA-DEL-MUNDO-JUAN-GONZALO-MORENO-1-1170x536.jpg",1170,536,true],"htmega_size_396x360":["https:\/\/www.uartes.edu.ec\/sitio\/wp-content\/uploads\/2024\/07\/01-SEMINARIO-LA-DESINTEGRACION-DE-LA-FORMA-DEL-MUNDO-JUAN-GONZALO-MORENO-1-396x360.jpg",396,360,true],"gb-block-post-grid-landscape":["https:\/\/www.uartes.edu.ec\/sitio\/wp-content\/uploads\/2024\/07\/01-SEMINARIO-LA-DESINTEGRACION-DE-LA-FORMA-DEL-MUNDO-JUAN-GONZALO-MORENO-1.jpg",600,400,false],"gb-block-post-grid-square":["https:\/\/www.uartes.edu.ec\/sitio\/wp-content\/uploads\/2024\/07\/01-SEMINARIO-LA-DESINTEGRACION-DE-LA-FORMA-DEL-MUNDO-JUAN-GONZALO-MORENO-1.jpg",600,400,false],"university-hub-thumb":["https:\/\/www.uartes.edu.ec\/sitio\/wp-content\/uploads\/2024\/07\/01-SEMINARIO-LA-DESINTEGRACION-DE-LA-FORMA-DEL-MUNDO-JUAN-GONZALO-MORENO-1-400x267.jpg",400,267,true]},"uagb_author_info":{"display_name":"ccortez","author_link":"https:\/\/www.uartes.edu.ec\/sitio\/en\/blog\/author\/ccortez\/"},"uagb_comment_info":0,"uagb_excerpt":"\u201cLa desintegraci\u00f3n de la forma del mundo: \u00bfjuega dios a los dados?\u201d fue el seminario que el mag\u00edster en Filosof\u00eda por la Universidad Nacional de Medell\u00edn Juan Gonzalo Moreno dict\u00f3 en la UArtes por gesti\u00f3n del Vicerrectorado de Posgrados e Investigaci\u00f3n en Artes, con el apoyo de las direcciones de la Escuela de Posgrados y&hellip;","featured_image_src":"https:\/\/www.uartes.edu.ec\/sitio\/wp-content\/uploads\/2024\/07\/01-SEMINARIO-LA-DESINTEGRACION-DE-LA-FORMA-DEL-MUNDO-JUAN-GONZALO-MORENO-1.jpg","featured_image_src_square":"https:\/\/www.uartes.edu.ec\/sitio\/wp-content\/uploads\/2024\/07\/01-SEMINARIO-LA-DESINTEGRACION-DE-LA-FORMA-DEL-MUNDO-JUAN-GONZALO-MORENO-1.jpg","author_info":{"display_name":"ccortez","author_link":"https:\/\/www.uartes.edu.ec\/sitio\/en\/blog\/author\/ccortez\/"},"publishpress_future_workflow_manual_trigger":{"enabledWorkflows":[]},"distributor_meta":false,"distributor_terms":false,"distributor_media":false,"distributor_original_site_name":"Universidad de las Artes","distributor_original_site_url":"https:\/\/www.uartes.edu.ec\/sitio\/en","push-errors":false,"_links":{"self":[{"href":"https:\/\/www.uartes.edu.ec\/sitio\/en\/wp-json\/wp\/v2\/posts\/58444","targetHints":{"allow":["GET"]}}],"collection":[{"href":"https:\/\/www.uartes.edu.ec\/sitio\/en\/wp-json\/wp\/v2\/posts"}],"about":[{"href":"https:\/\/www.uartes.edu.ec\/sitio\/en\/wp-json\/wp\/v2\/types\/post"}],"author":[{"embeddable":true,"href":"https:\/\/www.uartes.edu.ec\/sitio\/en\/wp-json\/wp\/v2\/users\/10"}],"replies":[{"embeddable":true,"href":"https:\/\/www.uartes.edu.ec\/sitio\/en\/wp-json\/wp\/v2\/comments?post=58444"}],"version-history":[{"count":7,"href":"https:\/\/www.uartes.edu.ec\/sitio\/en\/wp-json\/wp\/v2\/posts\/58444\/revisions"}],"predecessor-version":[{"id":58458,"href":"https:\/\/www.uartes.edu.ec\/sitio\/en\/wp-json\/wp\/v2\/posts\/58444\/revisions\/58458"}],"wp:featuredmedia":[{"embeddable":true,"href":"https:\/\/www.uartes.edu.ec\/sitio\/en\/wp-json\/wp\/v2\/media\/58446"}],"wp:attachment":[{"href":"https:\/\/www.uartes.edu.ec\/sitio\/en\/wp-json\/wp\/v2\/media?parent=58444"}],"wp:term":[{"taxonomy":"category","embeddable":true,"href":"https:\/\/www.uartes.edu.ec\/sitio\/en\/wp-json\/wp\/v2\/categories?post=58444"},{"taxonomy":"post_tag","embeddable":true,"href":"https:\/\/www.uartes.edu.ec\/sitio\/en\/wp-json\/wp\/v2\/tags?post=58444"},{"taxonomy":"infouartes","embeddable":true,"href":"https:\/\/www.uartes.edu.ec\/sitio\/en\/wp-json\/wp\/v2\/infouartes?post=58444"}],"curies":[{"name":"wp","href":"https:\/\/api.w.org\/{rel}","templated":true}]}}