{"id":58918,"date":"2024-07-17T11:31:00","date_gmt":"2024-07-17T16:31:00","guid":{"rendered":"https:\/\/www.uartes.edu.ec\/sitio\/?p=58918"},"modified":"2024-07-21T23:52:07","modified_gmt":"2024-07-22T04:52:07","slug":"festival-cole-2024-con-dos-categorias-en-su-segunda-edicion-inscripciones-abiertas-para-artes-musicales-y-artes-visuales","status":"publish","type":"post","link":"https:\/\/www.uartes.edu.ec\/sitio\/en\/blog\/2024\/07\/17\/festival-cole-2024-con-dos-categorias-en-su-segunda-edicion-inscripciones-abiertas-para-artes-musicales-y-artes-visuales\/","title":{"rendered":"Festival Cole 2024 con dos categor\u00edas en su segunda edici\u00f3n; inscripciones abiertas para las Artes Musicales y Artes Visuales"},"content":{"rendered":"<p>El Festival Cole de la Universidad de las Artes llega este 2024 a su segunda edici\u00f3n y la convocatoria para intervenir en esta propuesta que busca estimular la creatividad y expresi\u00f3n art\u00edstica de los j\u00f3venes estudiantes del Guayas estar\u00e1 abierta hasta el 15 de agosto pr\u00f3ximo (arranc\u00f3 el pasado 15 de junio).<\/p>\n\n\n\n<p>Dirigida a los colegios del Guayas, cuyos representantes deber\u00e1n cursar el bachillerato, la presente edici\u00f3n trae novedades, pues a la categor\u00eda de Artes Musicales con la que naci\u00f3 en 2023 se suman las Artes Visuales, se\u00f1alan Soraya Campos y Jonathan Pilay, directores en ese orden de la Biblioteca de las Artes y el Centro de Producci\u00f3n e Innovaci\u00f3n MZ14, sus organizadores.<\/p>\n\n\n<div class=\"wp-block-image\">\n<figure class=\"aligncenter size-large\"><img fetchpriority=\"high\" decoding=\"async\" width=\"644\" height=\"429\" src=\"https:\/\/www.uartes.edu.ec\/sitio\/wp-content\/uploads\/2024\/07\/12-INTERCOLEGIAL-644x429.jpg\" alt=\"\" class=\"wp-image-58920\" srcset=\"https:\/\/www.uartes.edu.ec\/sitio\/wp-content\/uploads\/2024\/07\/12-INTERCOLEGIAL-644x429.jpg 644w, https:\/\/www.uartes.edu.ec\/sitio\/wp-content\/uploads\/2024\/07\/12-INTERCOLEGIAL-300x200.jpg 300w, https:\/\/www.uartes.edu.ec\/sitio\/wp-content\/uploads\/2024\/07\/12-INTERCOLEGIAL-768x512.jpg 768w, https:\/\/www.uartes.edu.ec\/sitio\/wp-content\/uploads\/2024\/07\/12-INTERCOLEGIAL-1536x1024.jpg 1536w, https:\/\/www.uartes.edu.ec\/sitio\/wp-content\/uploads\/2024\/07\/12-INTERCOLEGIAL-18x12.jpg 18w, https:\/\/www.uartes.edu.ec\/sitio\/wp-content\/uploads\/2024\/07\/12-INTERCOLEGIAL-400x267.jpg 400w, https:\/\/www.uartes.edu.ec\/sitio\/wp-content\/uploads\/2024\/07\/12-INTERCOLEGIAL-272x182.jpg 272w, https:\/\/www.uartes.edu.ec\/sitio\/wp-content\/uploads\/2024\/07\/12-INTERCOLEGIAL.jpg 2000w\" sizes=\"(max-width: 644px) 100vw, 644px\" \/><\/figure>\n<\/div>\n\n\n<p>La primera edici\u00f3n estuvo pensada en las Artes Musicales y en el Pasaje Illingworth tuvimos un gran festival donde recibimos a m\u00e1s de diez bandas colegiales, a sus familiares, compa\u00f1eros y compa\u00f1eras de clase; fue una fiesta de las artes y de la m\u00fasica que nos permiti\u00f3 vivir un momento intenso como comunidad universitaria, se\u00f1ala el rector William Herrera, quien considera que es justamente por esa primera experiencia que se ampli\u00f3 la convocatoria a otras pr\u00e1cticas art\u00edsticas.<\/p>\n\n\n\n<p>\u201cDe esa primera edici\u00f3n nos qued\u00f3 el aprendizaje e inter\u00e9s de los mismos colegios y chicos que buscan relacionarse con la universidad mediante otro tipo de pr\u00e1cticas art\u00edsticas. Artes Visuales tiene una licenciatura y ha hecho un trabajo muy importante de formaci\u00f3n con graduadas y graduados que son plenamente reconocidos\u201d, refiere el rector. La idea es ir incluyendo m\u00e1s pr\u00e1cticas art\u00edsticas, como Creaci\u00f3n Teatral y Danza, y que el Festival Cole se convierta en una verdadera fiesta de las artes para la juventud.<\/p>\n\n\n<div class=\"wp-block-image\">\n<figure class=\"aligncenter size-large\"><img decoding=\"async\" width=\"644\" height=\"429\" src=\"https:\/\/www.uartes.edu.ec\/sitio\/wp-content\/uploads\/2024\/07\/01-INTERCOLEGIAL-644x429.jpg\" alt=\"\" class=\"wp-image-58921\" srcset=\"https:\/\/www.uartes.edu.ec\/sitio\/wp-content\/uploads\/2024\/07\/01-INTERCOLEGIAL-644x429.jpg 644w, https:\/\/www.uartes.edu.ec\/sitio\/wp-content\/uploads\/2024\/07\/01-INTERCOLEGIAL-300x200.jpg 300w, https:\/\/www.uartes.edu.ec\/sitio\/wp-content\/uploads\/2024\/07\/01-INTERCOLEGIAL-768x512.jpg 768w, https:\/\/www.uartes.edu.ec\/sitio\/wp-content\/uploads\/2024\/07\/01-INTERCOLEGIAL-1536x1024.jpg 1536w, https:\/\/www.uartes.edu.ec\/sitio\/wp-content\/uploads\/2024\/07\/01-INTERCOLEGIAL-18x12.jpg 18w, https:\/\/www.uartes.edu.ec\/sitio\/wp-content\/uploads\/2024\/07\/01-INTERCOLEGIAL-400x267.jpg 400w, https:\/\/www.uartes.edu.ec\/sitio\/wp-content\/uploads\/2024\/07\/01-INTERCOLEGIAL-272x182.jpg 272w, https:\/\/www.uartes.edu.ec\/sitio\/wp-content\/uploads\/2024\/07\/01-INTERCOLEGIAL.jpg 2000w\" sizes=\"(max-width: 644px) 100vw, 644px\" \/><\/figure>\n<\/div>\n\n\n<p>Al igual que en la primera edici\u00f3n, la final del Festival Cole 2024, cuya premiaci\u00f3n se realizar\u00e1 el 27 de septiembre, tendr\u00e1 lugar en el antiguo Palacio de la Gobernaci\u00f3n, sede principal de la UArtes, que con el tiempo y con estas iniciativas se est\u00e1 transformando en un verdadero Palacio de las Artes, indica el rector Herrera.<\/p>\n\n\n\n<p>A\u00f1ade que nuestra instituci\u00f3n tiene el compromiso de abrir el acceso a las artes y la cultura para los ni\u00f1os, ni\u00f1as y adolescentes. Es parte de nuestra misi\u00f3n la promoci\u00f3n de los ejercicios culturales y con iniciativas como el Festival Cole permitimos que j\u00f3venes de la ciudad y del Guayas tengan un acercamiento directo a la universidad desde la misma pr\u00e1ctica art\u00edstica.<\/p>\n\n\n\n<p>\u201cEn nuestra misma planificaci\u00f3n y plan estrat\u00e9gico que est\u00e1 vigente, en el objetivo de vinculaci\u00f3n con la sociedad hemos planteado que uno de los p\u00fablicos prioritarios o segmentos de la poblaci\u00f3n con los que queremos trabajar son los y las adolescentes porque estamos conscientes de que en el contexto actual que atraviesa la ciudad y el pa\u00eds, de violencia e inseguridad, tenemos que fortalecer nuestro compromiso con las adolescencias y no hay mejor herramienta desde la UArtes que el acercamiento a la pr\u00e1ctica art\u00edstica\u201d, manifiesta el rector. &nbsp;<\/p>\n\n\n\n<p>Inscripciones a: linktr.ee\/Biblio.UArtes<\/p>\n\n\n\n<p>Las im\u00e1genes corresponden a la primera edici\u00f3n del Festival Cole, desarrollada en 2023.<\/p>","protected":false},"excerpt":{"rendered":"<p>El 15 de junio arranc\u00f3 la convocatoria para la segunda edici\u00f3n del Festival Cole, que organizado por la Biblioteca de las Artes y el Centro de Producci\u00f3n e Innovaci\u00f3n MZ14 de la UArtes tendr\u00e1 en este a\u00f1o dos categor\u00edas: Artes Musicales y Artes Visuales. Est\u00e1 dirigida a los colegios del Guayas, cuyos representantes, quienes deber\u00e1n cursar el bachillerato, tendr\u00e1n hasta el 15 de agosto para inscribirse.<\/p>","protected":false},"author":10,"featured_media":58919,"comment_status":"open","ping_status":"open","sticky":false,"template":"","format":"standard","meta":{"_acf_changed":false,"_uag_custom_page_level_css":"","_monsterinsights_skip_tracking":false,"_monsterinsights_sitenote_active":false,"_monsterinsights_sitenote_note":"","_monsterinsights_sitenote_category":0,"cybocfi_hide_featured_image":"","footnotes":""},"categories":[82,77,83,79],"tags":[1031],"infouartes":[],"class_list":["post-58918","post","type-post","status-publish","format-standard","has-post-thumbnail","hentry","category-artes","category-gestion","category-sedes","category-vinculo","tag-certamen"],"acf":[],"yoast_head":"<!-- This site is optimized with the Yoast SEO plugin v27.4 - https:\/\/yoast.com\/product\/yoast-seo-wordpress\/ -->\n<title>Universidad de las Artes - Festival Cole 2024 con dos categor\u00edas en su segunda edici\u00f3n; inscripciones abiertas para las Artes Musicales y Artes Visuales<\/title>\n<meta name=\"description\" content=\"Universidad de las Artes - Festival Cole 2024 con dos categor\u00edas en su segunda edici\u00f3n; inscripciones abiertas para las Artes Musicales y Artes Visuales\" \/>\n<meta name=\"robots\" content=\"index, follow, max-snippet:-1, max-image-preview:large, max-video-preview:-1\" \/>\n<link rel=\"canonical\" href=\"https:\/\/www.uartes.edu.ec\/sitio\/en\/blog\/2024\/07\/17\/festival-cole-2024-con-dos-categorias-en-su-segunda-edicion-inscripciones-abiertas-para-artes-musicales-y-artes-visuales\/\" \/>\n<meta property=\"og:locale\" content=\"en_US\" \/>\n<meta property=\"og:type\" content=\"article\" \/>\n<meta property=\"og:title\" content=\"Universidad de las Artes - Festival Cole 2024 con dos categor\u00edas en su segunda edici\u00f3n; inscripciones abiertas para las Artes Musicales y Artes Visuales\" \/>\n<meta property=\"og:description\" content=\"Universidad de las Artes - Festival Cole 2024 con dos categor\u00edas en su segunda edici\u00f3n; inscripciones abiertas para las Artes Musicales y Artes Visuales\" \/>\n<meta property=\"og:url\" content=\"https:\/\/www.uartes.edu.ec\/sitio\/en\/blog\/2024\/07\/17\/festival-cole-2024-con-dos-categorias-en-su-segunda-edicion-inscripciones-abiertas-para-artes-musicales-y-artes-visuales\/\" \/>\n<meta property=\"og:site_name\" content=\"Universidad de las Artes\" \/>\n<meta property=\"article:publisher\" content=\"https:\/\/www.facebook.com\/uartesec\" \/>\n<meta property=\"article:published_time\" content=\"2024-07-17T16:31:00+00:00\" \/>\n<meta property=\"article:modified_time\" content=\"2024-07-22T04:52:07+00:00\" \/>\n<meta property=\"og:image\" content=\"https:\/\/www.uartes.edu.ec\/sitio\/wp-content\/uploads\/2024\/07\/08-INTERCOLEGIAL.jpg\" \/>\n\t<meta property=\"og:image:width\" content=\"2000\" \/>\n\t<meta property=\"og:image:height\" content=\"1333\" \/>\n\t<meta property=\"og:image:type\" content=\"image\/jpeg\" \/>\n<meta name=\"author\" content=\"ccortez\" \/>\n<meta name=\"twitter:card\" content=\"summary_large_image\" \/>\n<meta name=\"twitter:creator\" content=\"@uartesec\" \/>\n<meta name=\"twitter:site\" content=\"@uartesec\" \/>\n<meta name=\"twitter:label1\" content=\"Written by\" \/>\n\t<meta name=\"twitter:data1\" content=\"ccortez\" \/>\n\t<meta name=\"twitter:label2\" content=\"Est. reading time\" \/>\n\t<meta name=\"twitter:data2\" content=\"3 minutes\" \/>\n<script type=\"application\/ld+json\" class=\"yoast-schema-graph\">{\"@context\":\"https:\\\/\\\/schema.org\",\"@graph\":[{\"@type\":\"Article\",\"@id\":\"https:\\\/\\\/www.uartes.edu.ec\\\/sitio\\\/en\\\/blog\\\/2024\\\/07\\\/17\\\/festival-cole-2024-con-dos-categorias-en-su-segunda-edicion-inscripciones-abiertas-para-artes-musicales-y-artes-visuales\\\/#article\",\"isPartOf\":{\"@id\":\"https:\\\/\\\/www.uartes.edu.ec\\\/sitio\\\/en\\\/blog\\\/2024\\\/07\\\/17\\\/festival-cole-2024-con-dos-categorias-en-su-segunda-edicion-inscripciones-abiertas-para-artes-musicales-y-artes-visuales\\\/\"},\"author\":{\"name\":\"ccortez\",\"@id\":\"https:\\\/\\\/www.uartes.edu.ec\\\/sitio\\\/en\\\/#\\\/schema\\\/person\\\/efa1b8275797664fd7f13a79ccc0b1f4\"},\"headline\":\"Festival Cole 2024 con dos categor\u00edas en su segunda edici\u00f3n; inscripciones abiertas para las Artes Musicales y Artes Visuales\",\"datePublished\":\"2024-07-17T16:31:00+00:00\",\"dateModified\":\"2024-07-22T04:52:07+00:00\",\"mainEntityOfPage\":{\"@id\":\"https:\\\/\\\/www.uartes.edu.ec\\\/sitio\\\/en\\\/blog\\\/2024\\\/07\\\/17\\\/festival-cole-2024-con-dos-categorias-en-su-segunda-edicion-inscripciones-abiertas-para-artes-musicales-y-artes-visuales\\\/\"},\"wordCount\":562,\"commentCount\":0,\"publisher\":{\"@id\":\"https:\\\/\\\/www.uartes.edu.ec\\\/sitio\\\/en\\\/#organization\"},\"image\":{\"@id\":\"https:\\\/\\\/www.uartes.edu.ec\\\/sitio\\\/en\\\/blog\\\/2024\\\/07\\\/17\\\/festival-cole-2024-con-dos-categorias-en-su-segunda-edicion-inscripciones-abiertas-para-artes-musicales-y-artes-visuales\\\/#primaryimage\"},\"thumbnailUrl\":\"https:\\\/\\\/www.uartes.edu.ec\\\/sitio\\\/wp-content\\\/uploads\\\/2024\\\/07\\\/08-INTERCOLEGIAL.jpg\",\"keywords\":[\"certamen\"],\"articleSection\":[\"Artes\",\"Gesti\u00f3n\",\"Sedes\",\"V\u00ednculo\"],\"inLanguage\":\"en-US\",\"potentialAction\":[{\"@type\":\"CommentAction\",\"name\":\"Comment\",\"target\":[\"https:\\\/\\\/www.uartes.edu.ec\\\/sitio\\\/en\\\/blog\\\/2024\\\/07\\\/17\\\/festival-cole-2024-con-dos-categorias-en-su-segunda-edicion-inscripciones-abiertas-para-artes-musicales-y-artes-visuales\\\/#respond\"]}]},{\"@type\":[\"WebPage\",\"ItemPage\"],\"@id\":\"https:\\\/\\\/www.uartes.edu.ec\\\/sitio\\\/en\\\/blog\\\/2024\\\/07\\\/17\\\/festival-cole-2024-con-dos-categorias-en-su-segunda-edicion-inscripciones-abiertas-para-artes-musicales-y-artes-visuales\\\/\",\"url\":\"https:\\\/\\\/www.uartes.edu.ec\\\/sitio\\\/en\\\/blog\\\/2024\\\/07\\\/17\\\/festival-cole-2024-con-dos-categorias-en-su-segunda-edicion-inscripciones-abiertas-para-artes-musicales-y-artes-visuales\\\/\",\"name\":\"Universidad de las Artes - Festival Cole 2024 con dos categor\u00edas en su segunda edici\u00f3n; inscripciones abiertas para las Artes Musicales y Artes Visuales\",\"isPartOf\":{\"@id\":\"https:\\\/\\\/www.uartes.edu.ec\\\/sitio\\\/en\\\/#website\"},\"primaryImageOfPage\":{\"@id\":\"https:\\\/\\\/www.uartes.edu.ec\\\/sitio\\\/en\\\/blog\\\/2024\\\/07\\\/17\\\/festival-cole-2024-con-dos-categorias-en-su-segunda-edicion-inscripciones-abiertas-para-artes-musicales-y-artes-visuales\\\/#primaryimage\"},\"image\":{\"@id\":\"https:\\\/\\\/www.uartes.edu.ec\\\/sitio\\\/en\\\/blog\\\/2024\\\/07\\\/17\\\/festival-cole-2024-con-dos-categorias-en-su-segunda-edicion-inscripciones-abiertas-para-artes-musicales-y-artes-visuales\\\/#primaryimage\"},\"thumbnailUrl\":\"https:\\\/\\\/www.uartes.edu.ec\\\/sitio\\\/wp-content\\\/uploads\\\/2024\\\/07\\\/08-INTERCOLEGIAL.jpg\",\"datePublished\":\"2024-07-17T16:31:00+00:00\",\"dateModified\":\"2024-07-22T04:52:07+00:00\",\"description\":\"Universidad de las Artes - Festival Cole 2024 con dos categor\u00edas en su segunda edici\u00f3n; inscripciones abiertas para las Artes Musicales y Artes Visuales\",\"breadcrumb\":{\"@id\":\"https:\\\/\\\/www.uartes.edu.ec\\\/sitio\\\/en\\\/blog\\\/2024\\\/07\\\/17\\\/festival-cole-2024-con-dos-categorias-en-su-segunda-edicion-inscripciones-abiertas-para-artes-musicales-y-artes-visuales\\\/#breadcrumb\"},\"inLanguage\":\"en-US\",\"potentialAction\":[{\"@type\":\"ReadAction\",\"target\":[\"https:\\\/\\\/www.uartes.edu.ec\\\/sitio\\\/en\\\/blog\\\/2024\\\/07\\\/17\\\/festival-cole-2024-con-dos-categorias-en-su-segunda-edicion-inscripciones-abiertas-para-artes-musicales-y-artes-visuales\\\/\"]}]},{\"@type\":\"ImageObject\",\"inLanguage\":\"en-US\",\"@id\":\"https:\\\/\\\/www.uartes.edu.ec\\\/sitio\\\/en\\\/blog\\\/2024\\\/07\\\/17\\\/festival-cole-2024-con-dos-categorias-en-su-segunda-edicion-inscripciones-abiertas-para-artes-musicales-y-artes-visuales\\\/#primaryimage\",\"url\":\"https:\\\/\\\/www.uartes.edu.ec\\\/sitio\\\/wp-content\\\/uploads\\\/2024\\\/07\\\/08-INTERCOLEGIAL.jpg\",\"contentUrl\":\"https:\\\/\\\/www.uartes.edu.ec\\\/sitio\\\/wp-content\\\/uploads\\\/2024\\\/07\\\/08-INTERCOLEGIAL.jpg\",\"width\":2000,\"height\":1333},{\"@type\":\"BreadcrumbList\",\"@id\":\"https:\\\/\\\/www.uartes.edu.ec\\\/sitio\\\/en\\\/blog\\\/2024\\\/07\\\/17\\\/festival-cole-2024-con-dos-categorias-en-su-segunda-edicion-inscripciones-abiertas-para-artes-musicales-y-artes-visuales\\\/#breadcrumb\",\"itemListElement\":[{\"@type\":\"ListItem\",\"position\":1,\"name\":\"Inicio\",\"item\":\"https:\\\/\\\/www.uartes.edu.ec\\\/sitio\\\/\"},{\"@type\":\"ListItem\",\"position\":2,\"name\":\"Festival Cole 2024 con dos categor\u00edas en su segunda edici\u00f3n; inscripciones abiertas para las Artes Musicales y Artes Visuales\"}]},{\"@type\":\"WebSite\",\"@id\":\"https:\\\/\\\/www.uartes.edu.ec\\\/sitio\\\/en\\\/#website\",\"url\":\"https:\\\/\\\/www.uartes.edu.ec\\\/sitio\\\/en\\\/\",\"name\":\"Universidad de las Artes\",\"description\":\"Sitio oficial de la Universidad Nacional de las Artes del Ecuador\",\"publisher\":{\"@id\":\"https:\\\/\\\/www.uartes.edu.ec\\\/sitio\\\/en\\\/#organization\"},\"potentialAction\":[{\"@type\":\"SearchAction\",\"target\":{\"@type\":\"EntryPoint\",\"urlTemplate\":\"https:\\\/\\\/www.uartes.edu.ec\\\/sitio\\\/en\\\/?s={search_term_string}\"},\"query-input\":{\"@type\":\"PropertyValueSpecification\",\"valueRequired\":true,\"valueName\":\"search_term_string\"}}],\"inLanguage\":\"en-US\"},{\"@type\":\"Organization\",\"@id\":\"https:\\\/\\\/www.uartes.edu.ec\\\/sitio\\\/en\\\/#organization\",\"name\":\"Universidad de las Artes\",\"url\":\"https:\\\/\\\/www.uartes.edu.ec\\\/sitio\\\/en\\\/\",\"logo\":{\"@type\":\"ImageObject\",\"inLanguage\":\"en-US\",\"@id\":\"https:\\\/\\\/www.uartes.edu.ec\\\/sitio\\\/en\\\/#\\\/schema\\\/logo\\\/image\\\/\",\"url\":\"https:\\\/\\\/www.uartes.edu.ec\\\/sitio\\\/wp-content\\\/uploads\\\/2022\\\/07\\\/logo-ua-horizontal.png\",\"contentUrl\":\"https:\\\/\\\/www.uartes.edu.ec\\\/sitio\\\/wp-content\\\/uploads\\\/2022\\\/07\\\/logo-ua-horizontal.png\",\"width\":800,\"height\":276,\"caption\":\"Universidad de las Artes\"},\"image\":{\"@id\":\"https:\\\/\\\/www.uartes.edu.ec\\\/sitio\\\/en\\\/#\\\/schema\\\/logo\\\/image\\\/\"},\"sameAs\":[\"https:\\\/\\\/www.facebook.com\\\/uartesec\",\"https:\\\/\\\/x.com\\\/uartesec\",\"https:\\\/\\\/www.tiktok.com\\\/@uartesec\"]},{\"@type\":\"Person\",\"@id\":\"https:\\\/\\\/www.uartes.edu.ec\\\/sitio\\\/en\\\/#\\\/schema\\\/person\\\/efa1b8275797664fd7f13a79ccc0b1f4\",\"name\":\"ccortez\",\"image\":{\"@type\":\"ImageObject\",\"inLanguage\":\"en-US\",\"@id\":\"https:\\\/\\\/secure.gravatar.com\\\/avatar\\\/b2a6f664a3ae8e074346ef91775736c5ec479e637ecced6842de9dc98b5da9cd?s=96&d=mm&r=g\",\"url\":\"https:\\\/\\\/secure.gravatar.com\\\/avatar\\\/b2a6f664a3ae8e074346ef91775736c5ec479e637ecced6842de9dc98b5da9cd?s=96&d=mm&r=g\",\"contentUrl\":\"https:\\\/\\\/secure.gravatar.com\\\/avatar\\\/b2a6f664a3ae8e074346ef91775736c5ec479e637ecced6842de9dc98b5da9cd?s=96&d=mm&r=g\",\"caption\":\"ccortez\"},\"url\":\"https:\\\/\\\/www.uartes.edu.ec\\\/sitio\\\/en\\\/blog\\\/author\\\/ccortez\\\/\"}]}<\/script>\n<!-- \/ Yoast SEO plugin. -->","yoast_head_json":{"title":"Universidad de las Artes - Festival Cole 2024 con dos categor\u00edas en su segunda edici\u00f3n; inscripciones abiertas para las Artes Musicales y Artes Visuales","description":"Universidad de las Artes - Festival Cole 2024 con dos categor\u00edas en su segunda edici\u00f3n; inscripciones abiertas para las Artes Musicales y Artes Visuales","robots":{"index":"index","follow":"follow","max-snippet":"max-snippet:-1","max-image-preview":"max-image-preview:large","max-video-preview":"max-video-preview:-1"},"canonical":"https:\/\/www.uartes.edu.ec\/sitio\/en\/blog\/2024\/07\/17\/festival-cole-2024-con-dos-categorias-en-su-segunda-edicion-inscripciones-abiertas-para-artes-musicales-y-artes-visuales\/","og_locale":"en_US","og_type":"article","og_title":"Universidad de las Artes - Festival Cole 2024 con dos categor\u00edas en su segunda edici\u00f3n; inscripciones abiertas para las Artes Musicales y Artes Visuales","og_description":"Universidad de las Artes - Festival Cole 2024 con dos categor\u00edas en su segunda edici\u00f3n; inscripciones abiertas para las Artes Musicales y Artes Visuales","og_url":"https:\/\/www.uartes.edu.ec\/sitio\/en\/blog\/2024\/07\/17\/festival-cole-2024-con-dos-categorias-en-su-segunda-edicion-inscripciones-abiertas-para-artes-musicales-y-artes-visuales\/","og_site_name":"Universidad de las Artes","article_publisher":"https:\/\/www.facebook.com\/uartesec","article_published_time":"2024-07-17T16:31:00+00:00","article_modified_time":"2024-07-22T04:52:07+00:00","og_image":[{"width":2000,"height":1333,"url":"https:\/\/www.uartes.edu.ec\/sitio\/wp-content\/uploads\/2024\/07\/08-INTERCOLEGIAL.jpg","type":"image\/jpeg"}],"author":"ccortez","twitter_card":"summary_large_image","twitter_creator":"@uartesec","twitter_site":"@uartesec","twitter_misc":{"Written by":"ccortez","Est. reading time":"3 minutes"},"schema":{"@context":"https:\/\/schema.org","@graph":[{"@type":"Article","@id":"https:\/\/www.uartes.edu.ec\/sitio\/en\/blog\/2024\/07\/17\/festival-cole-2024-con-dos-categorias-en-su-segunda-edicion-inscripciones-abiertas-para-artes-musicales-y-artes-visuales\/#article","isPartOf":{"@id":"https:\/\/www.uartes.edu.ec\/sitio\/en\/blog\/2024\/07\/17\/festival-cole-2024-con-dos-categorias-en-su-segunda-edicion-inscripciones-abiertas-para-artes-musicales-y-artes-visuales\/"},"author":{"name":"ccortez","@id":"https:\/\/www.uartes.edu.ec\/sitio\/en\/#\/schema\/person\/efa1b8275797664fd7f13a79ccc0b1f4"},"headline":"Festival Cole 2024 con dos categor\u00edas en su segunda edici\u00f3n; inscripciones abiertas para las Artes Musicales y Artes Visuales","datePublished":"2024-07-17T16:31:00+00:00","dateModified":"2024-07-22T04:52:07+00:00","mainEntityOfPage":{"@id":"https:\/\/www.uartes.edu.ec\/sitio\/en\/blog\/2024\/07\/17\/festival-cole-2024-con-dos-categorias-en-su-segunda-edicion-inscripciones-abiertas-para-artes-musicales-y-artes-visuales\/"},"wordCount":562,"commentCount":0,"publisher":{"@id":"https:\/\/www.uartes.edu.ec\/sitio\/en\/#organization"},"image":{"@id":"https:\/\/www.uartes.edu.ec\/sitio\/en\/blog\/2024\/07\/17\/festival-cole-2024-con-dos-categorias-en-su-segunda-edicion-inscripciones-abiertas-para-artes-musicales-y-artes-visuales\/#primaryimage"},"thumbnailUrl":"https:\/\/www.uartes.edu.ec\/sitio\/wp-content\/uploads\/2024\/07\/08-INTERCOLEGIAL.jpg","keywords":["certamen"],"articleSection":["Artes","Gesti\u00f3n","Sedes","V\u00ednculo"],"inLanguage":"en-US","potentialAction":[{"@type":"CommentAction","name":"Comment","target":["https:\/\/www.uartes.edu.ec\/sitio\/en\/blog\/2024\/07\/17\/festival-cole-2024-con-dos-categorias-en-su-segunda-edicion-inscripciones-abiertas-para-artes-musicales-y-artes-visuales\/#respond"]}]},{"@type":["WebPage","ItemPage"],"@id":"https:\/\/www.uartes.edu.ec\/sitio\/en\/blog\/2024\/07\/17\/festival-cole-2024-con-dos-categorias-en-su-segunda-edicion-inscripciones-abiertas-para-artes-musicales-y-artes-visuales\/","url":"https:\/\/www.uartes.edu.ec\/sitio\/en\/blog\/2024\/07\/17\/festival-cole-2024-con-dos-categorias-en-su-segunda-edicion-inscripciones-abiertas-para-artes-musicales-y-artes-visuales\/","name":"Universidad de las Artes - Festival Cole 2024 con dos categor\u00edas en su segunda edici\u00f3n; inscripciones abiertas para las Artes Musicales y Artes Visuales","isPartOf":{"@id":"https:\/\/www.uartes.edu.ec\/sitio\/en\/#website"},"primaryImageOfPage":{"@id":"https:\/\/www.uartes.edu.ec\/sitio\/en\/blog\/2024\/07\/17\/festival-cole-2024-con-dos-categorias-en-su-segunda-edicion-inscripciones-abiertas-para-artes-musicales-y-artes-visuales\/#primaryimage"},"image":{"@id":"https:\/\/www.uartes.edu.ec\/sitio\/en\/blog\/2024\/07\/17\/festival-cole-2024-con-dos-categorias-en-su-segunda-edicion-inscripciones-abiertas-para-artes-musicales-y-artes-visuales\/#primaryimage"},"thumbnailUrl":"https:\/\/www.uartes.edu.ec\/sitio\/wp-content\/uploads\/2024\/07\/08-INTERCOLEGIAL.jpg","datePublished":"2024-07-17T16:31:00+00:00","dateModified":"2024-07-22T04:52:07+00:00","description":"Universidad de las Artes - Festival Cole 2024 con dos categor\u00edas en su segunda edici\u00f3n; inscripciones abiertas para las Artes Musicales y Artes Visuales","breadcrumb":{"@id":"https:\/\/www.uartes.edu.ec\/sitio\/en\/blog\/2024\/07\/17\/festival-cole-2024-con-dos-categorias-en-su-segunda-edicion-inscripciones-abiertas-para-artes-musicales-y-artes-visuales\/#breadcrumb"},"inLanguage":"en-US","potentialAction":[{"@type":"ReadAction","target":["https:\/\/www.uartes.edu.ec\/sitio\/en\/blog\/2024\/07\/17\/festival-cole-2024-con-dos-categorias-en-su-segunda-edicion-inscripciones-abiertas-para-artes-musicales-y-artes-visuales\/"]}]},{"@type":"ImageObject","inLanguage":"en-US","@id":"https:\/\/www.uartes.edu.ec\/sitio\/en\/blog\/2024\/07\/17\/festival-cole-2024-con-dos-categorias-en-su-segunda-edicion-inscripciones-abiertas-para-artes-musicales-y-artes-visuales\/#primaryimage","url":"https:\/\/www.uartes.edu.ec\/sitio\/wp-content\/uploads\/2024\/07\/08-INTERCOLEGIAL.jpg","contentUrl":"https:\/\/www.uartes.edu.ec\/sitio\/wp-content\/uploads\/2024\/07\/08-INTERCOLEGIAL.jpg","width":2000,"height":1333},{"@type":"BreadcrumbList","@id":"https:\/\/www.uartes.edu.ec\/sitio\/en\/blog\/2024\/07\/17\/festival-cole-2024-con-dos-categorias-en-su-segunda-edicion-inscripciones-abiertas-para-artes-musicales-y-artes-visuales\/#breadcrumb","itemListElement":[{"@type":"ListItem","position":1,"name":"Inicio","item":"https:\/\/www.uartes.edu.ec\/sitio\/"},{"@type":"ListItem","position":2,"name":"Festival Cole 2024 con dos categor\u00edas en su segunda edici\u00f3n; inscripciones abiertas para las Artes Musicales y Artes Visuales"}]},{"@type":"WebSite","@id":"https:\/\/www.uartes.edu.ec\/sitio\/en\/#website","url":"https:\/\/www.uartes.edu.ec\/sitio\/en\/","name":"Universidad de las Artes","description":"Sitio oficial de la Universidad Nacional de las Artes del Ecuador","publisher":{"@id":"https:\/\/www.uartes.edu.ec\/sitio\/en\/#organization"},"potentialAction":[{"@type":"SearchAction","target":{"@type":"EntryPoint","urlTemplate":"https:\/\/www.uartes.edu.ec\/sitio\/en\/?s={search_term_string}"},"query-input":{"@type":"PropertyValueSpecification","valueRequired":true,"valueName":"search_term_string"}}],"inLanguage":"en-US"},{"@type":"Organization","@id":"https:\/\/www.uartes.edu.ec\/sitio\/en\/#organization","name":"Universidad de las Artes","url":"https:\/\/www.uartes.edu.ec\/sitio\/en\/","logo":{"@type":"ImageObject","inLanguage":"en-US","@id":"https:\/\/www.uartes.edu.ec\/sitio\/en\/#\/schema\/logo\/image\/","url":"https:\/\/www.uartes.edu.ec\/sitio\/wp-content\/uploads\/2022\/07\/logo-ua-horizontal.png","contentUrl":"https:\/\/www.uartes.edu.ec\/sitio\/wp-content\/uploads\/2022\/07\/logo-ua-horizontal.png","width":800,"height":276,"caption":"Universidad de las Artes"},"image":{"@id":"https:\/\/www.uartes.edu.ec\/sitio\/en\/#\/schema\/logo\/image\/"},"sameAs":["https:\/\/www.facebook.com\/uartesec","https:\/\/x.com\/uartesec","https:\/\/www.tiktok.com\/@uartesec"]},{"@type":"Person","@id":"https:\/\/www.uartes.edu.ec\/sitio\/en\/#\/schema\/person\/efa1b8275797664fd7f13a79ccc0b1f4","name":"ccortez","image":{"@type":"ImageObject","inLanguage":"en-US","@id":"https:\/\/secure.gravatar.com\/avatar\/b2a6f664a3ae8e074346ef91775736c5ec479e637ecced6842de9dc98b5da9cd?s=96&d=mm&r=g","url":"https:\/\/secure.gravatar.com\/avatar\/b2a6f664a3ae8e074346ef91775736c5ec479e637ecced6842de9dc98b5da9cd?s=96&d=mm&r=g","contentUrl":"https:\/\/secure.gravatar.com\/avatar\/b2a6f664a3ae8e074346ef91775736c5ec479e637ecced6842de9dc98b5da9cd?s=96&d=mm&r=g","caption":"ccortez"},"url":"https:\/\/www.uartes.edu.ec\/sitio\/en\/blog\/author\/ccortez\/"}]}},"uagb_featured_image_src":{"full":["https:\/\/www.uartes.edu.ec\/sitio\/wp-content\/uploads\/2024\/07\/08-INTERCOLEGIAL.jpg",2000,1333,false],"thumbnail":["https:\/\/www.uartes.edu.ec\/sitio\/wp-content\/uploads\/2024\/07\/08-INTERCOLEGIAL-150x150.jpg",150,150,true],"medium":["https:\/\/www.uartes.edu.ec\/sitio\/wp-content\/uploads\/2024\/07\/08-INTERCOLEGIAL-300x200.jpg",300,200,true],"medium_large":["https:\/\/www.uartes.edu.ec\/sitio\/wp-content\/uploads\/2024\/07\/08-INTERCOLEGIAL-768x512.jpg",768,512,true],"large":["https:\/\/www.uartes.edu.ec\/sitio\/wp-content\/uploads\/2024\/07\/08-INTERCOLEGIAL-644x429.jpg",644,429,true],"1536x1536":["https:\/\/www.uartes.edu.ec\/sitio\/wp-content\/uploads\/2024\/07\/08-INTERCOLEGIAL-1536x1024.jpg",1536,1024,true],"2048x2048":["https:\/\/www.uartes.edu.ec\/sitio\/wp-content\/uploads\/2024\/07\/08-INTERCOLEGIAL.jpg",2000,1333,false],"trp-custom-language-flag":["https:\/\/www.uartes.edu.ec\/sitio\/wp-content\/uploads\/2024\/07\/08-INTERCOLEGIAL-18x12.jpg",18,12,true],"htmega_size_585x295":["https:\/\/www.uartes.edu.ec\/sitio\/wp-content\/uploads\/2024\/07\/08-INTERCOLEGIAL-585x295.jpg",585,295,true],"htmega_size_1170x536":["https:\/\/www.uartes.edu.ec\/sitio\/wp-content\/uploads\/2024\/07\/08-INTERCOLEGIAL-1170x536.jpg",1170,536,true],"htmega_size_396x360":["https:\/\/www.uartes.edu.ec\/sitio\/wp-content\/uploads\/2024\/07\/08-INTERCOLEGIAL-396x360.jpg",396,360,true],"gb-block-post-grid-landscape":["https:\/\/www.uartes.edu.ec\/sitio\/wp-content\/uploads\/2024\/07\/08-INTERCOLEGIAL.jpg",600,400,false],"gb-block-post-grid-square":["https:\/\/www.uartes.edu.ec\/sitio\/wp-content\/uploads\/2024\/07\/08-INTERCOLEGIAL.jpg",600,400,false],"university-hub-thumb":["https:\/\/www.uartes.edu.ec\/sitio\/wp-content\/uploads\/2024\/07\/08-INTERCOLEGIAL-400x267.jpg",400,267,true],"mailpoet_newsletter_max":["https:\/\/www.uartes.edu.ec\/sitio\/wp-content\/uploads\/2024\/07\/08-INTERCOLEGIAL.jpg",1320,880,false]},"uagb_author_info":{"display_name":"ccortez","author_link":"https:\/\/www.uartes.edu.ec\/sitio\/en\/blog\/author\/ccortez\/"},"uagb_comment_info":0,"uagb_excerpt":"El 15 de junio arranc\u00f3 la convocatoria para la segunda edici\u00f3n del Festival Cole, que organizado por la Biblioteca de las Artes y el Centro de Producci\u00f3n e Innovaci\u00f3n MZ14 de la UArtes tendr\u00e1 en este a\u00f1o dos categor\u00edas: Artes Musicales y Artes Visuales. Est\u00e1 dirigida a los colegios del Guayas, cuyos representantes, quienes deber\u00e1n&hellip;","featured_image_src":"https:\/\/www.uartes.edu.ec\/sitio\/wp-content\/uploads\/2024\/07\/08-INTERCOLEGIAL.jpg","featured_image_src_square":"https:\/\/www.uartes.edu.ec\/sitio\/wp-content\/uploads\/2024\/07\/08-INTERCOLEGIAL.jpg","author_info":{"display_name":"ccortez","author_link":"https:\/\/www.uartes.edu.ec\/sitio\/en\/blog\/author\/ccortez\/"},"publishpress_future_workflow_manual_trigger":{"enabledWorkflows":[]},"distributor_meta":false,"distributor_terms":false,"distributor_media":false,"distributor_original_site_name":"Universidad de las Artes","distributor_original_site_url":"https:\/\/www.uartes.edu.ec\/sitio\/en","push-errors":false,"_links":{"self":[{"href":"https:\/\/www.uartes.edu.ec\/sitio\/en\/wp-json\/wp\/v2\/posts\/58918","targetHints":{"allow":["GET"]}}],"collection":[{"href":"https:\/\/www.uartes.edu.ec\/sitio\/en\/wp-json\/wp\/v2\/posts"}],"about":[{"href":"https:\/\/www.uartes.edu.ec\/sitio\/en\/wp-json\/wp\/v2\/types\/post"}],"author":[{"embeddable":true,"href":"https:\/\/www.uartes.edu.ec\/sitio\/en\/wp-json\/wp\/v2\/users\/10"}],"replies":[{"embeddable":true,"href":"https:\/\/www.uartes.edu.ec\/sitio\/en\/wp-json\/wp\/v2\/comments?post=58918"}],"version-history":[{"count":13,"href":"https:\/\/www.uartes.edu.ec\/sitio\/en\/wp-json\/wp\/v2\/posts\/58918\/revisions"}],"predecessor-version":[{"id":58937,"href":"https:\/\/www.uartes.edu.ec\/sitio\/en\/wp-json\/wp\/v2\/posts\/58918\/revisions\/58937"}],"wp:featuredmedia":[{"embeddable":true,"href":"https:\/\/www.uartes.edu.ec\/sitio\/en\/wp-json\/wp\/v2\/media\/58919"}],"wp:attachment":[{"href":"https:\/\/www.uartes.edu.ec\/sitio\/en\/wp-json\/wp\/v2\/media?parent=58918"}],"wp:term":[{"taxonomy":"category","embeddable":true,"href":"https:\/\/www.uartes.edu.ec\/sitio\/en\/wp-json\/wp\/v2\/categories?post=58918"},{"taxonomy":"post_tag","embeddable":true,"href":"https:\/\/www.uartes.edu.ec\/sitio\/en\/wp-json\/wp\/v2\/tags?post=58918"},{"taxonomy":"infouartes","embeddable":true,"href":"https:\/\/www.uartes.edu.ec\/sitio\/en\/wp-json\/wp\/v2\/infouartes?post=58918"}],"curies":[{"name":"wp","href":"https:\/\/api.w.org\/{rel}","templated":true}]}}