{"id":60088,"date":"2024-07-30T15:10:00","date_gmt":"2024-07-30T20:10:00","guid":{"rendered":"https:\/\/www.uartes.edu.ec\/sitio\/?p=60088"},"modified":"2024-08-02T15:14:30","modified_gmt":"2024-08-02T20:14:30","slug":"vanessa-choez-y-daniel-morales-estudiantes-que-obtuvieron-tercer-lugar-y-mencion-de-honor-en-el-salon-de-julio-2024","status":"publish","type":"post","link":"https:\/\/www.uartes.edu.ec\/sitio\/en\/blog\/2024\/07\/30\/vanessa-choez-y-daniel-morales-estudiantes-que-obtuvieron-tercer-lugar-y-mencion-de-honor-en-el-salon-de-julio-2024\/","title":{"rendered":"Los estudiantes Vanessa Ch\u00f3ez y Daniel Morales obtuvieron el tercer lugar y una menci\u00f3n de honor en Sal\u00f3n de Julio 2024"},"content":{"rendered":"<p>Estudiantes de la Universidad de las Artes volvieron a conquistar el Sal\u00f3n de Julio del Municipio de Guayaquil. En su edici\u00f3n n\u00famero 63, cuya direcci\u00f3n estuvo a cargo del docente UArtes Ruslan Torres, tambi\u00e9n director de la Escuela de Artes Visuales, fueron Vanessa Ch\u00f3ez y Daniel Morales, quienes tras responder a la convocatoria y quedar entre los 27 seleccionados para la exposici\u00f3n se alzaron con el tercer lugar y una menci\u00f3n de honor, respectivamente.<\/p>\n\n\n\n<p>Vanessa Ch\u00f3ez tiene 22 a\u00f1os y cursa el sexto semestre de la carrera de Artes Visuales. La obra que llev\u00f3 al Sal\u00f3n de Julio fue \u201cBestiario criminal\u201d, la cual, se\u00f1ala, representa a las agrupaciones criminales que acechan la Perla del Pac\u00edfico. La pieza, justamente, fue una tarea de clase, para la cual decidi\u00f3 agrupar toda la iconograf\u00eda de las bandas criminales. \u201cEn la actualidad todos estamos con este temor y mi obra se inspir\u00f3 en ese sentimiento\u201d.<\/p>\n\n\n<div class=\"wp-block-image\">\n<figure class=\"aligncenter size-large\"><img fetchpriority=\"high\" decoding=\"async\" width=\"644\" height=\"429\" src=\"https:\/\/www.uartes.edu.ec\/sitio\/wp-content\/uploads\/2024\/08\/01-VANESSA-ALEXANDRA-CHOEZ-CARRERA-SALON-DE-JULIO-TERCER-LUGAR-644x429.jpg\" alt=\"\" class=\"wp-image-60090\" srcset=\"https:\/\/www.uartes.edu.ec\/sitio\/wp-content\/uploads\/2024\/08\/01-VANESSA-ALEXANDRA-CHOEZ-CARRERA-SALON-DE-JULIO-TERCER-LUGAR-644x429.jpg 644w, https:\/\/www.uartes.edu.ec\/sitio\/wp-content\/uploads\/2024\/08\/01-VANESSA-ALEXANDRA-CHOEZ-CARRERA-SALON-DE-JULIO-TERCER-LUGAR-300x200.jpg 300w, https:\/\/www.uartes.edu.ec\/sitio\/wp-content\/uploads\/2024\/08\/01-VANESSA-ALEXANDRA-CHOEZ-CARRERA-SALON-DE-JULIO-TERCER-LUGAR-768x512.jpg 768w, https:\/\/www.uartes.edu.ec\/sitio\/wp-content\/uploads\/2024\/08\/01-VANESSA-ALEXANDRA-CHOEZ-CARRERA-SALON-DE-JULIO-TERCER-LUGAR-1536x1024.jpg 1536w, https:\/\/www.uartes.edu.ec\/sitio\/wp-content\/uploads\/2024\/08\/01-VANESSA-ALEXANDRA-CHOEZ-CARRERA-SALON-DE-JULIO-TERCER-LUGAR-18x12.jpg 18w, https:\/\/www.uartes.edu.ec\/sitio\/wp-content\/uploads\/2024\/08\/01-VANESSA-ALEXANDRA-CHOEZ-CARRERA-SALON-DE-JULIO-TERCER-LUGAR-400x267.jpg 400w, https:\/\/www.uartes.edu.ec\/sitio\/wp-content\/uploads\/2024\/08\/01-VANESSA-ALEXANDRA-CHOEZ-CARRERA-SALON-DE-JULIO-TERCER-LUGAR-272x182.jpg 272w, https:\/\/www.uartes.edu.ec\/sitio\/wp-content\/uploads\/2024\/08\/01-VANESSA-ALEXANDRA-CHOEZ-CARRERA-SALON-DE-JULIO-TERCER-LUGAR.jpg 2000w\" sizes=\"(max-width: 644px) 100vw, 644px\" \/><\/figure>\n<\/div>\n\n\n<p>En di\u00e1logo con InfoUArtes, Ch\u00f3ez anota que al principio no sab\u00eda qu\u00e9 hacer para la tarea y que luego de dos semanas de investigaciones en las que fue recogiendo informaci\u00f3n de su inter\u00e9s y registrando situaciones que la rodeaban, como las noticias sobre cr\u00edmenes e inseguridad crecientes en Guayaquil, decidi\u00f3 agrupar todas las iconograf\u00edas de esas bandas criminales para plantear una propuesta. Tambi\u00e9n le resultaba interesante el personaje ficticio Bestiario y lo relacion\u00f3, pues ya sea en cuentos, leyendas o relatos siempre ocasionaba caos a su alrededor, as\u00ed como lo hacen las agrupaciones delictivas, sumi\u00e9ndonos en un temor constante.<\/p>\n\n\n\n<p>\u201cEs la primera que vez que participo en este tipo de convocatorias\u201d, indica Vanessa Ch\u00f3ez, quien agradece al docente Marcos Restrepo por alentarlos a participar. Admite que su intervenci\u00f3n en el Sal\u00f3n de Julio 2024 la llen\u00f3 de nervios, pero se manifiesta contenta de haber tomado parte y conocer a grandes talentos. \u201cEl tercer lugar significa mucho para mi carrera, pues a pesar de mi corta trayectoria me demuestra que puedo dar mucho m\u00e1s en mis creaciones y posicionarme como una artista. Personalmente es un premio que me enorgullece y me motiva a seguir creciendo, aprendiendo y mejorando en este proceso\u201d.<\/p>\n\n\n<div class=\"wp-block-image\">\n<figure class=\"aligncenter size-large\"><img decoding=\"async\" width=\"644\" height=\"429\" src=\"https:\/\/www.uartes.edu.ec\/sitio\/wp-content\/uploads\/2024\/08\/03-VANESSA-ALEXANDRA-CHOEZ-CARRERA-SALON-DE-JULIO-TERCER-LUGAR-644x429.jpg\" alt=\"\" class=\"wp-image-60091\" srcset=\"https:\/\/www.uartes.edu.ec\/sitio\/wp-content\/uploads\/2024\/08\/03-VANESSA-ALEXANDRA-CHOEZ-CARRERA-SALON-DE-JULIO-TERCER-LUGAR-644x429.jpg 644w, https:\/\/www.uartes.edu.ec\/sitio\/wp-content\/uploads\/2024\/08\/03-VANESSA-ALEXANDRA-CHOEZ-CARRERA-SALON-DE-JULIO-TERCER-LUGAR-300x200.jpg 300w, https:\/\/www.uartes.edu.ec\/sitio\/wp-content\/uploads\/2024\/08\/03-VANESSA-ALEXANDRA-CHOEZ-CARRERA-SALON-DE-JULIO-TERCER-LUGAR-768x512.jpg 768w, https:\/\/www.uartes.edu.ec\/sitio\/wp-content\/uploads\/2024\/08\/03-VANESSA-ALEXANDRA-CHOEZ-CARRERA-SALON-DE-JULIO-TERCER-LUGAR-1536x1024.jpg 1536w, https:\/\/www.uartes.edu.ec\/sitio\/wp-content\/uploads\/2024\/08\/03-VANESSA-ALEXANDRA-CHOEZ-CARRERA-SALON-DE-JULIO-TERCER-LUGAR-18x12.jpg 18w, https:\/\/www.uartes.edu.ec\/sitio\/wp-content\/uploads\/2024\/08\/03-VANESSA-ALEXANDRA-CHOEZ-CARRERA-SALON-DE-JULIO-TERCER-LUGAR-400x267.jpg 400w, https:\/\/www.uartes.edu.ec\/sitio\/wp-content\/uploads\/2024\/08\/03-VANESSA-ALEXANDRA-CHOEZ-CARRERA-SALON-DE-JULIO-TERCER-LUGAR-272x182.jpg 272w, https:\/\/www.uartes.edu.ec\/sitio\/wp-content\/uploads\/2024\/08\/03-VANESSA-ALEXANDRA-CHOEZ-CARRERA-SALON-DE-JULIO-TERCER-LUGAR.jpg 2000w\" sizes=\"(max-width: 644px) 100vw, 644px\" \/><\/figure>\n<\/div>\n\n\n<p>Son tres a\u00f1os y medio los que lleva estudiando en la UArtes, agrega. Su trayectoria es corta y se ha centrado en los aprendizajes que ha ido ganando tanto en la parte pr\u00e1ctica, t\u00e9cnica y te\u00f3rica, refiere. Ha participado en dos exposiciones colectivas. La primera en 2022, titulada \u201cSolo dibujo\u201d y dirigida por el docente Joaqu\u00edn Serrano, la cual estuvo en dos espacios expositivos: Michugo Dorado, en Monta\u00f1ita, y el Museo Nah\u00edm Isa\u00edas, en Guayaquil. A inicios de este a\u00f1o particip\u00f3 en \u201cDetonantes\u201d, muestra presentada en el Museo Luis Noboa Naranjo junto compa\u00f1eros de la universidad.<\/p>\n\n\n\n<h3 class=\"wp-block-heading\">Menci\u00f3n de honor por \u201cS\/L (Sin lugar)<\/h3>\n\n\n\n<p>Daniel Morales cursa el s\u00e9ptimo semestre de la carrera de Artes Visuales, en el itinerario Pr\u00e1cticas Bidimensionales, y se dedica, adem\u00e1s, a la m\u00fasica y artes esc\u00e9nicas.&nbsp;La menci\u00f3n de honor que obtuvo en el Sal\u00f3n de Julio 2024 fue por la obra \u201cS\/L (Sin lugar)\u201d, la cual, comenta a InfoUArtes, surgi\u00f3 durante uno de los frecuentes recorridos que realiza con su pareja para hospedarse&nbsp;moment\u00e1neamente&nbsp;en&nbsp;uno de los&nbsp;hoteles&nbsp;de la calle V\u00edctor Manuel Rend\u00f3n, en Guayaquil. \u201cVivimos lejos de aquel sector y el trayecto hasta llegar a nuestro destino resulta atemorizante\u201d, expresa, revelando tambi\u00e9n que fue la observaci\u00f3n que hizo de la vida nocturna de la zona, que re\u00fane a personas de largas noches, convirtiendo al sector en una suerte de periferia en medio del centro de la ciudad.<\/p>\n\n\n<div class=\"wp-block-image\">\n<figure class=\"aligncenter size-large\"><img decoding=\"async\" width=\"644\" height=\"429\" src=\"https:\/\/www.uartes.edu.ec\/sitio\/wp-content\/uploads\/2024\/08\/04-DANIEL-ALEJANDRO-INAUGURACION-SJ-644x429.jpg\" alt=\"\" class=\"wp-image-60092\" srcset=\"https:\/\/www.uartes.edu.ec\/sitio\/wp-content\/uploads\/2024\/08\/04-DANIEL-ALEJANDRO-INAUGURACION-SJ-644x429.jpg 644w, https:\/\/www.uartes.edu.ec\/sitio\/wp-content\/uploads\/2024\/08\/04-DANIEL-ALEJANDRO-INAUGURACION-SJ-300x200.jpg 300w, https:\/\/www.uartes.edu.ec\/sitio\/wp-content\/uploads\/2024\/08\/04-DANIEL-ALEJANDRO-INAUGURACION-SJ-768x512.jpg 768w, https:\/\/www.uartes.edu.ec\/sitio\/wp-content\/uploads\/2024\/08\/04-DANIEL-ALEJANDRO-INAUGURACION-SJ-1536x1024.jpg 1536w, https:\/\/www.uartes.edu.ec\/sitio\/wp-content\/uploads\/2024\/08\/04-DANIEL-ALEJANDRO-INAUGURACION-SJ-18x12.jpg 18w, https:\/\/www.uartes.edu.ec\/sitio\/wp-content\/uploads\/2024\/08\/04-DANIEL-ALEJANDRO-INAUGURACION-SJ-400x267.jpg 400w, https:\/\/www.uartes.edu.ec\/sitio\/wp-content\/uploads\/2024\/08\/04-DANIEL-ALEJANDRO-INAUGURACION-SJ-272x182.jpg 272w, https:\/\/www.uartes.edu.ec\/sitio\/wp-content\/uploads\/2024\/08\/04-DANIEL-ALEJANDRO-INAUGURACION-SJ.jpg 2000w\" sizes=\"(max-width: 644px) 100vw, 644px\" \/><\/figure>\n<\/div>\n\n\n<p>Para la concepci\u00f3n de su obra le fue indispensable recorrer el sito, acompa\u00f1ado de un registro fotogr\u00e1fico. Esa observaci\u00f3n activa le ofreci\u00f3 luz a detalles que han pasado desapercibidos durante las caminatas nocturnas. Fueron necesarios m\u00faltiples bocetos miniatura para llegar a la composici\u00f3n final, explica Morales.&nbsp;<\/p>\n\n\n\n<p>La obra, a\u00f1ade, busca ofrecer un acercamiento hacia la experiencia de transitar la calle como si se tratara de un <em>storyboard<\/em> cinematogr\u00e1fico, atravesado por soluciones visuales recurrentes en su pr\u00e1ctica. Tras este objetivo decidi\u00f3 hacer uso de ne\u00f3n flex para crear el letrero del establecimiento, material al no se hab\u00eda enfrentado antes, por lo que la ejecuci\u00f3n de esa parte de su propuesta represent\u00f3 uno de los retos m\u00e1s complejos de todo el proceso.<\/p>\n\n\n\n<p>Un factor que alivian\u00f3 la aventura de materializar&nbsp;\u201cS\/L\u201d&nbsp;fue el uso de las acuarelas y el papel, t\u00e9cnica y soporte con los que ha resuelto la mayor parte de su trabajo durante a\u00f1os, explica y agradece quienes hicieron posible&nbsp;&#8216;S\/L&#8217;, entre ellos: Ariel Orbe, Ruth Cruz, Pedro Guevara, Monglass Enmarcaciones, Samuel Saltos, sus padres y Adri\u00e1n De La Cruz.&nbsp;<\/p>\n\n\n<div class=\"wp-block-image\">\n<figure class=\"aligncenter size-large\"><img loading=\"lazy\" decoding=\"async\" width=\"644\" height=\"429\" src=\"https:\/\/www.uartes.edu.ec\/sitio\/wp-content\/uploads\/2024\/08\/05-DANIEL-ALEJANDRO-INAUGURACION-SJ-1-644x429.jpg\" alt=\"\" class=\"wp-image-60095\" srcset=\"https:\/\/www.uartes.edu.ec\/sitio\/wp-content\/uploads\/2024\/08\/05-DANIEL-ALEJANDRO-INAUGURACION-SJ-1-644x429.jpg 644w, https:\/\/www.uartes.edu.ec\/sitio\/wp-content\/uploads\/2024\/08\/05-DANIEL-ALEJANDRO-INAUGURACION-SJ-1-300x200.jpg 300w, https:\/\/www.uartes.edu.ec\/sitio\/wp-content\/uploads\/2024\/08\/05-DANIEL-ALEJANDRO-INAUGURACION-SJ-1-768x512.jpg 768w, https:\/\/www.uartes.edu.ec\/sitio\/wp-content\/uploads\/2024\/08\/05-DANIEL-ALEJANDRO-INAUGURACION-SJ-1-1536x1024.jpg 1536w, https:\/\/www.uartes.edu.ec\/sitio\/wp-content\/uploads\/2024\/08\/05-DANIEL-ALEJANDRO-INAUGURACION-SJ-1-18x12.jpg 18w, https:\/\/www.uartes.edu.ec\/sitio\/wp-content\/uploads\/2024\/08\/05-DANIEL-ALEJANDRO-INAUGURACION-SJ-1-400x267.jpg 400w, https:\/\/www.uartes.edu.ec\/sitio\/wp-content\/uploads\/2024\/08\/05-DANIEL-ALEJANDRO-INAUGURACION-SJ-1-272x182.jpg 272w, https:\/\/www.uartes.edu.ec\/sitio\/wp-content\/uploads\/2024\/08\/05-DANIEL-ALEJANDRO-INAUGURACION-SJ-1.jpg 2000w\" sizes=\"(max-width: 644px) 100vw, 644px\" \/><\/figure>\n<\/div>\n\n\n<p>Para Morales, la edici\u00f3n 63 fue su segunda postulaci\u00f3n al Sal\u00f3n de Julio y su primera vez en la exposici\u00f3n del Museo Municipal de Guayaquil. \u201cS\/L!\u201d se presenta, subraya, como la toma de espacio en una ciudad donde a\u00fan se perpet\u00faan ejercicios de poder para mantener al margen a las disidencias sexuales. \u201cEsto se manifiesta a trav\u00e9s de din\u00e1micas cotidianas que vulneran la integridad de quienes conformamos la comunidad LGBTQ+. Durante la inauguraci\u00f3n del sal\u00f3n mi obra fue detonante de conversaciones sobre experiencias en torno a este tema. Aquel espacio en el que se dio esta charla colectiva se sent\u00eda seguro. Ese d\u00eda, todxs ten\u00edamos lugar para encontrarnos\u201d.&nbsp;<\/p>\n\n\n\n<p>Obtener una menci\u00f3n de honor con esta obra en particular representa un aterrizaje, as\u00ed como un punto de partida, manifiesta Morales. \u201cLlegar a&nbsp;&#8216;S\/L&#8217; requiri\u00f3 de un largo viaje a trav\u00e9s de las soluciones visuales que acostumbro para abordar estos temas. Hace exactamente un a\u00f1o me encontraba creando obras cuyo objetivo principal era exteriorizar sentires por medio de informaci\u00f3n codificada, obstaculizando la comprensi\u00f3n de su contenido.&nbsp;&#8216;S\/L&#8217;&nbsp;rebasa el deseo de proteger la vulnerabilidad: la exhibe\u201d.&nbsp;<\/p>\n\n\n<div class=\"wp-block-image\">\n<figure class=\"aligncenter size-large\"><img loading=\"lazy\" decoding=\"async\" width=\"644\" height=\"429\" src=\"https:\/\/www.uartes.edu.ec\/sitio\/wp-content\/uploads\/2024\/08\/06-DANIEL-ALEJANDRO-PROCESO-SJ-1-644x429.jpg\" alt=\"\" class=\"wp-image-60096\" srcset=\"https:\/\/www.uartes.edu.ec\/sitio\/wp-content\/uploads\/2024\/08\/06-DANIEL-ALEJANDRO-PROCESO-SJ-1-644x429.jpg 644w, https:\/\/www.uartes.edu.ec\/sitio\/wp-content\/uploads\/2024\/08\/06-DANIEL-ALEJANDRO-PROCESO-SJ-1-300x200.jpg 300w, https:\/\/www.uartes.edu.ec\/sitio\/wp-content\/uploads\/2024\/08\/06-DANIEL-ALEJANDRO-PROCESO-SJ-1-768x512.jpg 768w, https:\/\/www.uartes.edu.ec\/sitio\/wp-content\/uploads\/2024\/08\/06-DANIEL-ALEJANDRO-PROCESO-SJ-1-1536x1024.jpg 1536w, https:\/\/www.uartes.edu.ec\/sitio\/wp-content\/uploads\/2024\/08\/06-DANIEL-ALEJANDRO-PROCESO-SJ-1-18x12.jpg 18w, https:\/\/www.uartes.edu.ec\/sitio\/wp-content\/uploads\/2024\/08\/06-DANIEL-ALEJANDRO-PROCESO-SJ-1-400x267.jpg 400w, https:\/\/www.uartes.edu.ec\/sitio\/wp-content\/uploads\/2024\/08\/06-DANIEL-ALEJANDRO-PROCESO-SJ-1-272x182.jpg 272w, https:\/\/www.uartes.edu.ec\/sitio\/wp-content\/uploads\/2024\/08\/06-DANIEL-ALEJANDRO-PROCESO-SJ-1.jpg 2000w\" sizes=\"(max-width: 644px) 100vw, 644px\" \/><\/figure>\n<\/div>\n\n\n<p>Volver al Museo Municipal le result\u00f3 emotivo, confiesa, puesto que su primera experiencia exponiendo se dio all\u00ed con una obra que fue seleccionada en el Festival de Artes al Aire Libre de 2019. Desde entonces ha tomado parte en varias exposiciones colectivas en Guayaquil, Samborond\u00f3n y Quito. Entre las m\u00e1s recientes: \u201cLos que sienten\u201d (Museo Nah\u00edm Isa\u00edas, 2023); \u201cYo Soy\u201d (Fundaci\u00f3n ProArte, 2024); \u201cEl que busca, encuentra\u201d (Galer\u00eda CIF, 2023); y \u201cPosibles territorios de exploraci\u00f3n rom\u00e1ntica\u201d (Museo Nacional del Cacao, 2024).&nbsp;<\/p>\n\n\n\n<h3 class=\"wp-block-heading\">Jurado y otros ganadores<\/h3>\n\n\n\n<p>El primer lugar del Sal\u00f3n de Julio lo gan\u00f3 Lenin Mera Constante con \u201cFosforito\u201d, pieza que hace referencia al clima de inseguridad que se vive en el pa\u00eds. El segundo, el artista Yauri Muenala y la obra \u201cWatarishka-Nudos cr\u00edticos\u201d, elaborada en textura del ma\u00edz sobre lienzo; fue ganador en 2023 del Premio Mariano Aguilera y su propuesta refleja la lucha de los derechos territoriales, culturales y ling\u00fc\u00edsticos de la poblaci\u00f3n ind\u00edgena. La primera menci\u00f3n de honor fue para H\u00e9ctor Valverde por \u201cSagrado Coraz\u00f3n de Jes\u00fas Salva al Ecuador\u201d y la segunda para David Orbea por \u201cM Villavicencio: la persistencia de la memoria\u201d.<\/p>\n\n\n\n<p>El jurado de la 63 edici\u00f3n del Sal\u00f3n de Julio lo integraron Duniesky&nbsp;Martin (Cuba), Sair&nbsp;Garc\u00eda (Colombia) y Anal\u00eda&nbsp;Segal (Argentina). Las 27 obras que se exhiben en el Museo Municipal de Guayaquil fueron seleccionadas por un jurado conformado por Matilde Ampuero, Hern\u00e1n Pacurucu y Juan Pablo Ordo\u00f1ez.<\/p>\n\n\n\n<p>El Sal\u00f3n de Julio 2024 estar\u00e1 abierto hasta el 30 de septiembre y se puede visitar de martes a s\u00e1bado, de 09:30 a 17:30.<\/p>\n\n\n\n<p>Fotos: Cortes\u00eda Vanessa Ch\u00f3ez y Daniel Morales, artistas estudiantes de Artes Visuales.<\/p>","protected":false},"excerpt":{"rendered":"<p>Estudiantes UArtes volvieron a conquistar el Sal\u00f3n de Julio. En su edici\u00f3n 63, cuya direcci\u00f3n estuvo a cargo del docente Ruslan Torres, tambi\u00e9n director de la Escuela de Artes Visuales, fueron Vanessa Ch\u00f3ez y Daniel Morales quienes, tras responder a la convocatoria y quedar entre los 27 seleccionados para la exposici\u00f3n, se alzaron con el tercer lugar y una menci\u00f3n de honor, respectivamente.<\/p>","protected":false},"author":10,"featured_media":60089,"comment_status":"open","ping_status":"open","sticky":false,"template":"","format":"standard","meta":{"_acf_changed":false,"_uag_custom_page_level_css":"","_monsterinsights_skip_tracking":false,"_monsterinsights_sitenote_active":false,"_monsterinsights_sitenote_note":"","_monsterinsights_sitenote_category":0,"cybocfi_hide_featured_image":"","footnotes":""},"categories":[80,82,157,75,76,77],"tags":[1031],"infouartes":[],"class_list":["post-60088","post","type-post","status-publish","format-standard","has-post-thumbnail","hentry","category-academico","category-artes","category-artes-visuales","category-docentes","category-estudiantes","category-gestion","tag-certamen"],"acf":[],"yoast_head":"<!-- This site is optimized with the Yoast SEO plugin v27.4 - https:\/\/yoast.com\/product\/yoast-seo-wordpress\/ -->\n<title>Universidad de las Artes - Los estudiantes Vanessa Ch\u00f3ez y Daniel Morales obtuvieron el tercer lugar y una menci\u00f3n de honor en Sal\u00f3n de Julio 2024<\/title>\n<meta name=\"description\" content=\"Universidad de las Artes - Los estudiantes Vanessa Ch\u00f3ez y Daniel Morales obtuvieron el tercer lugar y una menci\u00f3n de honor en Sal\u00f3n de Julio 2024\" \/>\n<meta name=\"robots\" content=\"index, follow, max-snippet:-1, max-image-preview:large, max-video-preview:-1\" \/>\n<link rel=\"canonical\" href=\"https:\/\/www.uartes.edu.ec\/sitio\/en\/blog\/2024\/07\/30\/vanessa-choez-y-daniel-morales-estudiantes-que-obtuvieron-tercer-lugar-y-mencion-de-honor-en-el-salon-de-julio-2024\/\" \/>\n<meta property=\"og:locale\" content=\"en_US\" \/>\n<meta property=\"og:type\" content=\"article\" \/>\n<meta property=\"og:title\" content=\"Universidad de las Artes - Los estudiantes Vanessa Ch\u00f3ez y Daniel Morales obtuvieron el tercer lugar y una menci\u00f3n de honor en Sal\u00f3n de Julio 2024\" \/>\n<meta property=\"og:description\" content=\"Universidad de las Artes - Los estudiantes Vanessa Ch\u00f3ez y Daniel Morales obtuvieron el tercer lugar y una menci\u00f3n de honor en Sal\u00f3n de Julio 2024\" \/>\n<meta property=\"og:url\" content=\"https:\/\/www.uartes.edu.ec\/sitio\/en\/blog\/2024\/07\/30\/vanessa-choez-y-daniel-morales-estudiantes-que-obtuvieron-tercer-lugar-y-mencion-de-honor-en-el-salon-de-julio-2024\/\" \/>\n<meta property=\"og:site_name\" content=\"Universidad de las Artes\" \/>\n<meta property=\"article:publisher\" content=\"https:\/\/www.facebook.com\/uartesec\" \/>\n<meta property=\"article:published_time\" content=\"2024-07-30T20:10:00+00:00\" \/>\n<meta property=\"article:modified_time\" content=\"2024-08-02T20:14:30+00:00\" \/>\n<meta property=\"og:image\" content=\"https:\/\/www.uartes.edu.ec\/sitio\/wp-content\/uploads\/2024\/08\/02-VANESSA-ALEXANDRA-CHOEZ-CARRERA-SALON-DE-JULIO-TERCER-LUGAR.jpg\" \/>\n\t<meta property=\"og:image:width\" content=\"2000\" \/>\n\t<meta property=\"og:image:height\" content=\"1333\" \/>\n\t<meta property=\"og:image:type\" content=\"image\/jpeg\" \/>\n<meta name=\"author\" content=\"ccortez\" \/>\n<meta name=\"twitter:card\" content=\"summary_large_image\" \/>\n<meta name=\"twitter:creator\" content=\"@uartesec\" \/>\n<meta name=\"twitter:site\" content=\"@uartesec\" \/>\n<meta name=\"twitter:label1\" content=\"Written by\" \/>\n\t<meta name=\"twitter:data1\" content=\"ccortez\" \/>\n\t<meta name=\"twitter:label2\" content=\"Est. reading time\" \/>\n\t<meta name=\"twitter:data2\" content=\"7 minutes\" \/>\n<script type=\"application\/ld+json\" class=\"yoast-schema-graph\">{\"@context\":\"https:\\\/\\\/schema.org\",\"@graph\":[{\"@type\":\"Article\",\"@id\":\"https:\\\/\\\/www.uartes.edu.ec\\\/sitio\\\/en\\\/blog\\\/2024\\\/07\\\/30\\\/vanessa-choez-y-daniel-morales-estudiantes-que-obtuvieron-tercer-lugar-y-mencion-de-honor-en-el-salon-de-julio-2024\\\/#article\",\"isPartOf\":{\"@id\":\"https:\\\/\\\/www.uartes.edu.ec\\\/sitio\\\/en\\\/blog\\\/2024\\\/07\\\/30\\\/vanessa-choez-y-daniel-morales-estudiantes-que-obtuvieron-tercer-lugar-y-mencion-de-honor-en-el-salon-de-julio-2024\\\/\"},\"author\":{\"name\":\"ccortez\",\"@id\":\"https:\\\/\\\/www.uartes.edu.ec\\\/sitio\\\/en\\\/#\\\/schema\\\/person\\\/efa1b8275797664fd7f13a79ccc0b1f4\"},\"headline\":\"Los estudiantes Vanessa Ch\u00f3ez y Daniel Morales obtuvieron el tercer lugar y una menci\u00f3n de honor en Sal\u00f3n de Julio 2024\",\"datePublished\":\"2024-07-30T20:10:00+00:00\",\"dateModified\":\"2024-08-02T20:14:30+00:00\",\"mainEntityOfPage\":{\"@id\":\"https:\\\/\\\/www.uartes.edu.ec\\\/sitio\\\/en\\\/blog\\\/2024\\\/07\\\/30\\\/vanessa-choez-y-daniel-morales-estudiantes-que-obtuvieron-tercer-lugar-y-mencion-de-honor-en-el-salon-de-julio-2024\\\/\"},\"wordCount\":1367,\"commentCount\":0,\"publisher\":{\"@id\":\"https:\\\/\\\/www.uartes.edu.ec\\\/sitio\\\/en\\\/#organization\"},\"image\":{\"@id\":\"https:\\\/\\\/www.uartes.edu.ec\\\/sitio\\\/en\\\/blog\\\/2024\\\/07\\\/30\\\/vanessa-choez-y-daniel-morales-estudiantes-que-obtuvieron-tercer-lugar-y-mencion-de-honor-en-el-salon-de-julio-2024\\\/#primaryimage\"},\"thumbnailUrl\":\"https:\\\/\\\/www.uartes.edu.ec\\\/sitio\\\/wp-content\\\/uploads\\\/2024\\\/08\\\/02-VANESSA-ALEXANDRA-CHOEZ-CARRERA-SALON-DE-JULIO-TERCER-LUGAR.jpg\",\"keywords\":[\"certamen\"],\"articleSection\":[\"Acad\u00e9mico\",\"Artes\",\"Artes Visuales\",\"Docentes\",\"Estudiantes\",\"Gesti\u00f3n\"],\"inLanguage\":\"en-US\",\"potentialAction\":[{\"@type\":\"CommentAction\",\"name\":\"Comment\",\"target\":[\"https:\\\/\\\/www.uartes.edu.ec\\\/sitio\\\/en\\\/blog\\\/2024\\\/07\\\/30\\\/vanessa-choez-y-daniel-morales-estudiantes-que-obtuvieron-tercer-lugar-y-mencion-de-honor-en-el-salon-de-julio-2024\\\/#respond\"]}]},{\"@type\":[\"WebPage\",\"ItemPage\"],\"@id\":\"https:\\\/\\\/www.uartes.edu.ec\\\/sitio\\\/en\\\/blog\\\/2024\\\/07\\\/30\\\/vanessa-choez-y-daniel-morales-estudiantes-que-obtuvieron-tercer-lugar-y-mencion-de-honor-en-el-salon-de-julio-2024\\\/\",\"url\":\"https:\\\/\\\/www.uartes.edu.ec\\\/sitio\\\/en\\\/blog\\\/2024\\\/07\\\/30\\\/vanessa-choez-y-daniel-morales-estudiantes-que-obtuvieron-tercer-lugar-y-mencion-de-honor-en-el-salon-de-julio-2024\\\/\",\"name\":\"Universidad de las Artes - Los estudiantes Vanessa Ch\u00f3ez y Daniel Morales obtuvieron el tercer lugar y una menci\u00f3n de honor en Sal\u00f3n de Julio 2024\",\"isPartOf\":{\"@id\":\"https:\\\/\\\/www.uartes.edu.ec\\\/sitio\\\/en\\\/#website\"},\"primaryImageOfPage\":{\"@id\":\"https:\\\/\\\/www.uartes.edu.ec\\\/sitio\\\/en\\\/blog\\\/2024\\\/07\\\/30\\\/vanessa-choez-y-daniel-morales-estudiantes-que-obtuvieron-tercer-lugar-y-mencion-de-honor-en-el-salon-de-julio-2024\\\/#primaryimage\"},\"image\":{\"@id\":\"https:\\\/\\\/www.uartes.edu.ec\\\/sitio\\\/en\\\/blog\\\/2024\\\/07\\\/30\\\/vanessa-choez-y-daniel-morales-estudiantes-que-obtuvieron-tercer-lugar-y-mencion-de-honor-en-el-salon-de-julio-2024\\\/#primaryimage\"},\"thumbnailUrl\":\"https:\\\/\\\/www.uartes.edu.ec\\\/sitio\\\/wp-content\\\/uploads\\\/2024\\\/08\\\/02-VANESSA-ALEXANDRA-CHOEZ-CARRERA-SALON-DE-JULIO-TERCER-LUGAR.jpg\",\"datePublished\":\"2024-07-30T20:10:00+00:00\",\"dateModified\":\"2024-08-02T20:14:30+00:00\",\"description\":\"Universidad de las Artes - Los estudiantes Vanessa Ch\u00f3ez y Daniel Morales obtuvieron el tercer lugar y una menci\u00f3n de honor en Sal\u00f3n de Julio 2024\",\"breadcrumb\":{\"@id\":\"https:\\\/\\\/www.uartes.edu.ec\\\/sitio\\\/en\\\/blog\\\/2024\\\/07\\\/30\\\/vanessa-choez-y-daniel-morales-estudiantes-que-obtuvieron-tercer-lugar-y-mencion-de-honor-en-el-salon-de-julio-2024\\\/#breadcrumb\"},\"inLanguage\":\"en-US\",\"potentialAction\":[{\"@type\":\"ReadAction\",\"target\":[\"https:\\\/\\\/www.uartes.edu.ec\\\/sitio\\\/en\\\/blog\\\/2024\\\/07\\\/30\\\/vanessa-choez-y-daniel-morales-estudiantes-que-obtuvieron-tercer-lugar-y-mencion-de-honor-en-el-salon-de-julio-2024\\\/\"]}]},{\"@type\":\"ImageObject\",\"inLanguage\":\"en-US\",\"@id\":\"https:\\\/\\\/www.uartes.edu.ec\\\/sitio\\\/en\\\/blog\\\/2024\\\/07\\\/30\\\/vanessa-choez-y-daniel-morales-estudiantes-que-obtuvieron-tercer-lugar-y-mencion-de-honor-en-el-salon-de-julio-2024\\\/#primaryimage\",\"url\":\"https:\\\/\\\/www.uartes.edu.ec\\\/sitio\\\/wp-content\\\/uploads\\\/2024\\\/08\\\/02-VANESSA-ALEXANDRA-CHOEZ-CARRERA-SALON-DE-JULIO-TERCER-LUGAR.jpg\",\"contentUrl\":\"https:\\\/\\\/www.uartes.edu.ec\\\/sitio\\\/wp-content\\\/uploads\\\/2024\\\/08\\\/02-VANESSA-ALEXANDRA-CHOEZ-CARRERA-SALON-DE-JULIO-TERCER-LUGAR.jpg\",\"width\":2000,\"height\":1333},{\"@type\":\"BreadcrumbList\",\"@id\":\"https:\\\/\\\/www.uartes.edu.ec\\\/sitio\\\/en\\\/blog\\\/2024\\\/07\\\/30\\\/vanessa-choez-y-daniel-morales-estudiantes-que-obtuvieron-tercer-lugar-y-mencion-de-honor-en-el-salon-de-julio-2024\\\/#breadcrumb\",\"itemListElement\":[{\"@type\":\"ListItem\",\"position\":1,\"name\":\"Inicio\",\"item\":\"https:\\\/\\\/www.uartes.edu.ec\\\/sitio\\\/\"},{\"@type\":\"ListItem\",\"position\":2,\"name\":\"Los estudiantes Vanessa Ch\u00f3ez y Daniel Morales obtuvieron el tercer lugar y una menci\u00f3n de honor en Sal\u00f3n de Julio 2024\"}]},{\"@type\":\"WebSite\",\"@id\":\"https:\\\/\\\/www.uartes.edu.ec\\\/sitio\\\/en\\\/#website\",\"url\":\"https:\\\/\\\/www.uartes.edu.ec\\\/sitio\\\/en\\\/\",\"name\":\"Universidad de las Artes\",\"description\":\"Sitio oficial de la Universidad Nacional de las Artes del Ecuador\",\"publisher\":{\"@id\":\"https:\\\/\\\/www.uartes.edu.ec\\\/sitio\\\/en\\\/#organization\"},\"potentialAction\":[{\"@type\":\"SearchAction\",\"target\":{\"@type\":\"EntryPoint\",\"urlTemplate\":\"https:\\\/\\\/www.uartes.edu.ec\\\/sitio\\\/en\\\/?s={search_term_string}\"},\"query-input\":{\"@type\":\"PropertyValueSpecification\",\"valueRequired\":true,\"valueName\":\"search_term_string\"}}],\"inLanguage\":\"en-US\"},{\"@type\":\"Organization\",\"@id\":\"https:\\\/\\\/www.uartes.edu.ec\\\/sitio\\\/en\\\/#organization\",\"name\":\"Universidad de las Artes\",\"url\":\"https:\\\/\\\/www.uartes.edu.ec\\\/sitio\\\/en\\\/\",\"logo\":{\"@type\":\"ImageObject\",\"inLanguage\":\"en-US\",\"@id\":\"https:\\\/\\\/www.uartes.edu.ec\\\/sitio\\\/en\\\/#\\\/schema\\\/logo\\\/image\\\/\",\"url\":\"https:\\\/\\\/www.uartes.edu.ec\\\/sitio\\\/wp-content\\\/uploads\\\/2022\\\/07\\\/logo-ua-horizontal.png\",\"contentUrl\":\"https:\\\/\\\/www.uartes.edu.ec\\\/sitio\\\/wp-content\\\/uploads\\\/2022\\\/07\\\/logo-ua-horizontal.png\",\"width\":800,\"height\":276,\"caption\":\"Universidad de las Artes\"},\"image\":{\"@id\":\"https:\\\/\\\/www.uartes.edu.ec\\\/sitio\\\/en\\\/#\\\/schema\\\/logo\\\/image\\\/\"},\"sameAs\":[\"https:\\\/\\\/www.facebook.com\\\/uartesec\",\"https:\\\/\\\/x.com\\\/uartesec\",\"https:\\\/\\\/www.tiktok.com\\\/@uartesec\"]},{\"@type\":\"Person\",\"@id\":\"https:\\\/\\\/www.uartes.edu.ec\\\/sitio\\\/en\\\/#\\\/schema\\\/person\\\/efa1b8275797664fd7f13a79ccc0b1f4\",\"name\":\"ccortez\",\"image\":{\"@type\":\"ImageObject\",\"inLanguage\":\"en-US\",\"@id\":\"https:\\\/\\\/secure.gravatar.com\\\/avatar\\\/b2a6f664a3ae8e074346ef91775736c5ec479e637ecced6842de9dc98b5da9cd?s=96&d=mm&r=g\",\"url\":\"https:\\\/\\\/secure.gravatar.com\\\/avatar\\\/b2a6f664a3ae8e074346ef91775736c5ec479e637ecced6842de9dc98b5da9cd?s=96&d=mm&r=g\",\"contentUrl\":\"https:\\\/\\\/secure.gravatar.com\\\/avatar\\\/b2a6f664a3ae8e074346ef91775736c5ec479e637ecced6842de9dc98b5da9cd?s=96&d=mm&r=g\",\"caption\":\"ccortez\"},\"url\":\"https:\\\/\\\/www.uartes.edu.ec\\\/sitio\\\/en\\\/blog\\\/author\\\/ccortez\\\/\"}]}<\/script>\n<!-- \/ Yoast SEO plugin. -->","yoast_head_json":{"title":"Universidad de las Artes - Los estudiantes Vanessa Ch\u00f3ez y Daniel Morales obtuvieron el tercer lugar y una menci\u00f3n de honor en Sal\u00f3n de Julio 2024","description":"Universidad de las Artes - Los estudiantes Vanessa Ch\u00f3ez y Daniel Morales obtuvieron el tercer lugar y una menci\u00f3n de honor en Sal\u00f3n de Julio 2024","robots":{"index":"index","follow":"follow","max-snippet":"max-snippet:-1","max-image-preview":"max-image-preview:large","max-video-preview":"max-video-preview:-1"},"canonical":"https:\/\/www.uartes.edu.ec\/sitio\/en\/blog\/2024\/07\/30\/vanessa-choez-y-daniel-morales-estudiantes-que-obtuvieron-tercer-lugar-y-mencion-de-honor-en-el-salon-de-julio-2024\/","og_locale":"en_US","og_type":"article","og_title":"Universidad de las Artes - Los estudiantes Vanessa Ch\u00f3ez y Daniel Morales obtuvieron el tercer lugar y una menci\u00f3n de honor en Sal\u00f3n de Julio 2024","og_description":"Universidad de las Artes - Los estudiantes Vanessa Ch\u00f3ez y Daniel Morales obtuvieron el tercer lugar y una menci\u00f3n de honor en Sal\u00f3n de Julio 2024","og_url":"https:\/\/www.uartes.edu.ec\/sitio\/en\/blog\/2024\/07\/30\/vanessa-choez-y-daniel-morales-estudiantes-que-obtuvieron-tercer-lugar-y-mencion-de-honor-en-el-salon-de-julio-2024\/","og_site_name":"Universidad de las Artes","article_publisher":"https:\/\/www.facebook.com\/uartesec","article_published_time":"2024-07-30T20:10:00+00:00","article_modified_time":"2024-08-02T20:14:30+00:00","og_image":[{"width":2000,"height":1333,"url":"https:\/\/www.uartes.edu.ec\/sitio\/wp-content\/uploads\/2024\/08\/02-VANESSA-ALEXANDRA-CHOEZ-CARRERA-SALON-DE-JULIO-TERCER-LUGAR.jpg","type":"image\/jpeg"}],"author":"ccortez","twitter_card":"summary_large_image","twitter_creator":"@uartesec","twitter_site":"@uartesec","twitter_misc":{"Written by":"ccortez","Est. reading time":"7 minutes"},"schema":{"@context":"https:\/\/schema.org","@graph":[{"@type":"Article","@id":"https:\/\/www.uartes.edu.ec\/sitio\/en\/blog\/2024\/07\/30\/vanessa-choez-y-daniel-morales-estudiantes-que-obtuvieron-tercer-lugar-y-mencion-de-honor-en-el-salon-de-julio-2024\/#article","isPartOf":{"@id":"https:\/\/www.uartes.edu.ec\/sitio\/en\/blog\/2024\/07\/30\/vanessa-choez-y-daniel-morales-estudiantes-que-obtuvieron-tercer-lugar-y-mencion-de-honor-en-el-salon-de-julio-2024\/"},"author":{"name":"ccortez","@id":"https:\/\/www.uartes.edu.ec\/sitio\/en\/#\/schema\/person\/efa1b8275797664fd7f13a79ccc0b1f4"},"headline":"Los estudiantes Vanessa Ch\u00f3ez y Daniel Morales obtuvieron el tercer lugar y una menci\u00f3n de honor en Sal\u00f3n de Julio 2024","datePublished":"2024-07-30T20:10:00+00:00","dateModified":"2024-08-02T20:14:30+00:00","mainEntityOfPage":{"@id":"https:\/\/www.uartes.edu.ec\/sitio\/en\/blog\/2024\/07\/30\/vanessa-choez-y-daniel-morales-estudiantes-que-obtuvieron-tercer-lugar-y-mencion-de-honor-en-el-salon-de-julio-2024\/"},"wordCount":1367,"commentCount":0,"publisher":{"@id":"https:\/\/www.uartes.edu.ec\/sitio\/en\/#organization"},"image":{"@id":"https:\/\/www.uartes.edu.ec\/sitio\/en\/blog\/2024\/07\/30\/vanessa-choez-y-daniel-morales-estudiantes-que-obtuvieron-tercer-lugar-y-mencion-de-honor-en-el-salon-de-julio-2024\/#primaryimage"},"thumbnailUrl":"https:\/\/www.uartes.edu.ec\/sitio\/wp-content\/uploads\/2024\/08\/02-VANESSA-ALEXANDRA-CHOEZ-CARRERA-SALON-DE-JULIO-TERCER-LUGAR.jpg","keywords":["certamen"],"articleSection":["Acad\u00e9mico","Artes","Artes Visuales","Docentes","Estudiantes","Gesti\u00f3n"],"inLanguage":"en-US","potentialAction":[{"@type":"CommentAction","name":"Comment","target":["https:\/\/www.uartes.edu.ec\/sitio\/en\/blog\/2024\/07\/30\/vanessa-choez-y-daniel-morales-estudiantes-que-obtuvieron-tercer-lugar-y-mencion-de-honor-en-el-salon-de-julio-2024\/#respond"]}]},{"@type":["WebPage","ItemPage"],"@id":"https:\/\/www.uartes.edu.ec\/sitio\/en\/blog\/2024\/07\/30\/vanessa-choez-y-daniel-morales-estudiantes-que-obtuvieron-tercer-lugar-y-mencion-de-honor-en-el-salon-de-julio-2024\/","url":"https:\/\/www.uartes.edu.ec\/sitio\/en\/blog\/2024\/07\/30\/vanessa-choez-y-daniel-morales-estudiantes-que-obtuvieron-tercer-lugar-y-mencion-de-honor-en-el-salon-de-julio-2024\/","name":"Universidad de las Artes - Los estudiantes Vanessa Ch\u00f3ez y Daniel Morales obtuvieron el tercer lugar y una menci\u00f3n de honor en Sal\u00f3n de Julio 2024","isPartOf":{"@id":"https:\/\/www.uartes.edu.ec\/sitio\/en\/#website"},"primaryImageOfPage":{"@id":"https:\/\/www.uartes.edu.ec\/sitio\/en\/blog\/2024\/07\/30\/vanessa-choez-y-daniel-morales-estudiantes-que-obtuvieron-tercer-lugar-y-mencion-de-honor-en-el-salon-de-julio-2024\/#primaryimage"},"image":{"@id":"https:\/\/www.uartes.edu.ec\/sitio\/en\/blog\/2024\/07\/30\/vanessa-choez-y-daniel-morales-estudiantes-que-obtuvieron-tercer-lugar-y-mencion-de-honor-en-el-salon-de-julio-2024\/#primaryimage"},"thumbnailUrl":"https:\/\/www.uartes.edu.ec\/sitio\/wp-content\/uploads\/2024\/08\/02-VANESSA-ALEXANDRA-CHOEZ-CARRERA-SALON-DE-JULIO-TERCER-LUGAR.jpg","datePublished":"2024-07-30T20:10:00+00:00","dateModified":"2024-08-02T20:14:30+00:00","description":"Universidad de las Artes - Los estudiantes Vanessa Ch\u00f3ez y Daniel Morales obtuvieron el tercer lugar y una menci\u00f3n de honor en Sal\u00f3n de Julio 2024","breadcrumb":{"@id":"https:\/\/www.uartes.edu.ec\/sitio\/en\/blog\/2024\/07\/30\/vanessa-choez-y-daniel-morales-estudiantes-que-obtuvieron-tercer-lugar-y-mencion-de-honor-en-el-salon-de-julio-2024\/#breadcrumb"},"inLanguage":"en-US","potentialAction":[{"@type":"ReadAction","target":["https:\/\/www.uartes.edu.ec\/sitio\/en\/blog\/2024\/07\/30\/vanessa-choez-y-daniel-morales-estudiantes-que-obtuvieron-tercer-lugar-y-mencion-de-honor-en-el-salon-de-julio-2024\/"]}]},{"@type":"ImageObject","inLanguage":"en-US","@id":"https:\/\/www.uartes.edu.ec\/sitio\/en\/blog\/2024\/07\/30\/vanessa-choez-y-daniel-morales-estudiantes-que-obtuvieron-tercer-lugar-y-mencion-de-honor-en-el-salon-de-julio-2024\/#primaryimage","url":"https:\/\/www.uartes.edu.ec\/sitio\/wp-content\/uploads\/2024\/08\/02-VANESSA-ALEXANDRA-CHOEZ-CARRERA-SALON-DE-JULIO-TERCER-LUGAR.jpg","contentUrl":"https:\/\/www.uartes.edu.ec\/sitio\/wp-content\/uploads\/2024\/08\/02-VANESSA-ALEXANDRA-CHOEZ-CARRERA-SALON-DE-JULIO-TERCER-LUGAR.jpg","width":2000,"height":1333},{"@type":"BreadcrumbList","@id":"https:\/\/www.uartes.edu.ec\/sitio\/en\/blog\/2024\/07\/30\/vanessa-choez-y-daniel-morales-estudiantes-que-obtuvieron-tercer-lugar-y-mencion-de-honor-en-el-salon-de-julio-2024\/#breadcrumb","itemListElement":[{"@type":"ListItem","position":1,"name":"Inicio","item":"https:\/\/www.uartes.edu.ec\/sitio\/"},{"@type":"ListItem","position":2,"name":"Los estudiantes Vanessa Ch\u00f3ez y Daniel Morales obtuvieron el tercer lugar y una menci\u00f3n de honor en Sal\u00f3n de Julio 2024"}]},{"@type":"WebSite","@id":"https:\/\/www.uartes.edu.ec\/sitio\/en\/#website","url":"https:\/\/www.uartes.edu.ec\/sitio\/en\/","name":"Universidad de las Artes","description":"Sitio oficial de la Universidad Nacional de las Artes del Ecuador","publisher":{"@id":"https:\/\/www.uartes.edu.ec\/sitio\/en\/#organization"},"potentialAction":[{"@type":"SearchAction","target":{"@type":"EntryPoint","urlTemplate":"https:\/\/www.uartes.edu.ec\/sitio\/en\/?s={search_term_string}"},"query-input":{"@type":"PropertyValueSpecification","valueRequired":true,"valueName":"search_term_string"}}],"inLanguage":"en-US"},{"@type":"Organization","@id":"https:\/\/www.uartes.edu.ec\/sitio\/en\/#organization","name":"Universidad de las Artes","url":"https:\/\/www.uartes.edu.ec\/sitio\/en\/","logo":{"@type":"ImageObject","inLanguage":"en-US","@id":"https:\/\/www.uartes.edu.ec\/sitio\/en\/#\/schema\/logo\/image\/","url":"https:\/\/www.uartes.edu.ec\/sitio\/wp-content\/uploads\/2022\/07\/logo-ua-horizontal.png","contentUrl":"https:\/\/www.uartes.edu.ec\/sitio\/wp-content\/uploads\/2022\/07\/logo-ua-horizontal.png","width":800,"height":276,"caption":"Universidad de las Artes"},"image":{"@id":"https:\/\/www.uartes.edu.ec\/sitio\/en\/#\/schema\/logo\/image\/"},"sameAs":["https:\/\/www.facebook.com\/uartesec","https:\/\/x.com\/uartesec","https:\/\/www.tiktok.com\/@uartesec"]},{"@type":"Person","@id":"https:\/\/www.uartes.edu.ec\/sitio\/en\/#\/schema\/person\/efa1b8275797664fd7f13a79ccc0b1f4","name":"ccortez","image":{"@type":"ImageObject","inLanguage":"en-US","@id":"https:\/\/secure.gravatar.com\/avatar\/b2a6f664a3ae8e074346ef91775736c5ec479e637ecced6842de9dc98b5da9cd?s=96&d=mm&r=g","url":"https:\/\/secure.gravatar.com\/avatar\/b2a6f664a3ae8e074346ef91775736c5ec479e637ecced6842de9dc98b5da9cd?s=96&d=mm&r=g","contentUrl":"https:\/\/secure.gravatar.com\/avatar\/b2a6f664a3ae8e074346ef91775736c5ec479e637ecced6842de9dc98b5da9cd?s=96&d=mm&r=g","caption":"ccortez"},"url":"https:\/\/www.uartes.edu.ec\/sitio\/en\/blog\/author\/ccortez\/"}]}},"uagb_featured_image_src":{"full":["https:\/\/www.uartes.edu.ec\/sitio\/wp-content\/uploads\/2024\/08\/02-VANESSA-ALEXANDRA-CHOEZ-CARRERA-SALON-DE-JULIO-TERCER-LUGAR.jpg",2000,1333,false],"thumbnail":["https:\/\/www.uartes.edu.ec\/sitio\/wp-content\/uploads\/2024\/08\/02-VANESSA-ALEXANDRA-CHOEZ-CARRERA-SALON-DE-JULIO-TERCER-LUGAR-150x150.jpg",150,150,true],"medium":["https:\/\/www.uartes.edu.ec\/sitio\/wp-content\/uploads\/2024\/08\/02-VANESSA-ALEXANDRA-CHOEZ-CARRERA-SALON-DE-JULIO-TERCER-LUGAR-300x200.jpg",300,200,true],"medium_large":["https:\/\/www.uartes.edu.ec\/sitio\/wp-content\/uploads\/2024\/08\/02-VANESSA-ALEXANDRA-CHOEZ-CARRERA-SALON-DE-JULIO-TERCER-LUGAR-768x512.jpg",768,512,true],"large":["https:\/\/www.uartes.edu.ec\/sitio\/wp-content\/uploads\/2024\/08\/02-VANESSA-ALEXANDRA-CHOEZ-CARRERA-SALON-DE-JULIO-TERCER-LUGAR-644x429.jpg",644,429,true],"1536x1536":["https:\/\/www.uartes.edu.ec\/sitio\/wp-content\/uploads\/2024\/08\/02-VANESSA-ALEXANDRA-CHOEZ-CARRERA-SALON-DE-JULIO-TERCER-LUGAR-1536x1024.jpg",1536,1024,true],"2048x2048":["https:\/\/www.uartes.edu.ec\/sitio\/wp-content\/uploads\/2024\/08\/02-VANESSA-ALEXANDRA-CHOEZ-CARRERA-SALON-DE-JULIO-TERCER-LUGAR.jpg",2000,1333,false],"trp-custom-language-flag":["https:\/\/www.uartes.edu.ec\/sitio\/wp-content\/uploads\/2024\/08\/02-VANESSA-ALEXANDRA-CHOEZ-CARRERA-SALON-DE-JULIO-TERCER-LUGAR-18x12.jpg",18,12,true],"htmega_size_585x295":["https:\/\/www.uartes.edu.ec\/sitio\/wp-content\/uploads\/2024\/08\/02-VANESSA-ALEXANDRA-CHOEZ-CARRERA-SALON-DE-JULIO-TERCER-LUGAR-585x295.jpg",585,295,true],"htmega_size_1170x536":["https:\/\/www.uartes.edu.ec\/sitio\/wp-content\/uploads\/2024\/08\/02-VANESSA-ALEXANDRA-CHOEZ-CARRERA-SALON-DE-JULIO-TERCER-LUGAR-1170x536.jpg",1170,536,true],"htmega_size_396x360":["https:\/\/www.uartes.edu.ec\/sitio\/wp-content\/uploads\/2024\/08\/02-VANESSA-ALEXANDRA-CHOEZ-CARRERA-SALON-DE-JULIO-TERCER-LUGAR-396x360.jpg",396,360,true],"gb-block-post-grid-landscape":["https:\/\/www.uartes.edu.ec\/sitio\/wp-content\/uploads\/2024\/08\/02-VANESSA-ALEXANDRA-CHOEZ-CARRERA-SALON-DE-JULIO-TERCER-LUGAR.jpg",600,400,false],"gb-block-post-grid-square":["https:\/\/www.uartes.edu.ec\/sitio\/wp-content\/uploads\/2024\/08\/02-VANESSA-ALEXANDRA-CHOEZ-CARRERA-SALON-DE-JULIO-TERCER-LUGAR.jpg",600,400,false],"university-hub-thumb":["https:\/\/www.uartes.edu.ec\/sitio\/wp-content\/uploads\/2024\/08\/02-VANESSA-ALEXANDRA-CHOEZ-CARRERA-SALON-DE-JULIO-TERCER-LUGAR-400x267.jpg",400,267,true]},"uagb_author_info":{"display_name":"ccortez","author_link":"https:\/\/www.uartes.edu.ec\/sitio\/en\/blog\/author\/ccortez\/"},"uagb_comment_info":0,"uagb_excerpt":"Estudiantes UArtes volvieron a conquistar el Sal\u00f3n de Julio. En su edici\u00f3n 63, cuya direcci\u00f3n estuvo a cargo del docente Ruslan Torres, tambi\u00e9n director de la Escuela de Artes Visuales, fueron Vanessa Ch\u00f3ez y Daniel Morales quienes, tras responder a la convocatoria y quedar entre los 27 seleccionados para la exposici\u00f3n, se alzaron con el&hellip;","featured_image_src":"https:\/\/www.uartes.edu.ec\/sitio\/wp-content\/uploads\/2024\/08\/02-VANESSA-ALEXANDRA-CHOEZ-CARRERA-SALON-DE-JULIO-TERCER-LUGAR.jpg","featured_image_src_square":"https:\/\/www.uartes.edu.ec\/sitio\/wp-content\/uploads\/2024\/08\/02-VANESSA-ALEXANDRA-CHOEZ-CARRERA-SALON-DE-JULIO-TERCER-LUGAR.jpg","author_info":{"display_name":"ccortez","author_link":"https:\/\/www.uartes.edu.ec\/sitio\/en\/blog\/author\/ccortez\/"},"publishpress_future_workflow_manual_trigger":{"enabledWorkflows":[]},"distributor_meta":false,"distributor_terms":false,"distributor_media":false,"distributor_original_site_name":"Universidad de las Artes","distributor_original_site_url":"https:\/\/www.uartes.edu.ec\/sitio\/en","push-errors":false,"_links":{"self":[{"href":"https:\/\/www.uartes.edu.ec\/sitio\/en\/wp-json\/wp\/v2\/posts\/60088","targetHints":{"allow":["GET"]}}],"collection":[{"href":"https:\/\/www.uartes.edu.ec\/sitio\/en\/wp-json\/wp\/v2\/posts"}],"about":[{"href":"https:\/\/www.uartes.edu.ec\/sitio\/en\/wp-json\/wp\/v2\/types\/post"}],"author":[{"embeddable":true,"href":"https:\/\/www.uartes.edu.ec\/sitio\/en\/wp-json\/wp\/v2\/users\/10"}],"replies":[{"embeddable":true,"href":"https:\/\/www.uartes.edu.ec\/sitio\/en\/wp-json\/wp\/v2\/comments?post=60088"}],"version-history":[{"count":11,"href":"https:\/\/www.uartes.edu.ec\/sitio\/en\/wp-json\/wp\/v2\/posts\/60088\/revisions"}],"predecessor-version":[{"id":60113,"href":"https:\/\/www.uartes.edu.ec\/sitio\/en\/wp-json\/wp\/v2\/posts\/60088\/revisions\/60113"}],"wp:featuredmedia":[{"embeddable":true,"href":"https:\/\/www.uartes.edu.ec\/sitio\/en\/wp-json\/wp\/v2\/media\/60089"}],"wp:attachment":[{"href":"https:\/\/www.uartes.edu.ec\/sitio\/en\/wp-json\/wp\/v2\/media?parent=60088"}],"wp:term":[{"taxonomy":"category","embeddable":true,"href":"https:\/\/www.uartes.edu.ec\/sitio\/en\/wp-json\/wp\/v2\/categories?post=60088"},{"taxonomy":"post_tag","embeddable":true,"href":"https:\/\/www.uartes.edu.ec\/sitio\/en\/wp-json\/wp\/v2\/tags?post=60088"},{"taxonomy":"infouartes","embeddable":true,"href":"https:\/\/www.uartes.edu.ec\/sitio\/en\/wp-json\/wp\/v2\/infouartes?post=60088"}],"curies":[{"name":"wp","href":"https:\/\/api.w.org\/{rel}","templated":true}]}}