{"id":60241,"date":"2024-08-02T18:01:00","date_gmt":"2024-08-02T23:01:00","guid":{"rendered":"https:\/\/www.uartes.edu.ec\/sitio\/?p=60241"},"modified":"2024-08-07T17:50:10","modified_gmt":"2024-08-07T22:50:10","slug":"con-son-sazon-y-arrullos-se-presentaron-resultados-del-proyecto-cocina-afroecuatoriana-y-patrimonio-cultural","status":"publish","type":"post","link":"https:\/\/www.uartes.edu.ec\/sitio\/en\/blog\/2024\/08\/02\/con-son-sazon-y-arrullos-se-presentaron-resultados-del-proyecto-cocina-afroecuatoriana-y-patrimonio-cultural\/","title":{"rendered":"Con Son, Saz\u00f3n y Arrullos se presentaron los resultados del proyecto \u201cCocina afroecuatoriana y patrimonio cultural\u201d"},"content":{"rendered":"<p>Como una celebraci\u00f3n de nuestro compromiso compartido con la transformaci\u00f3n social y la justicia se\u00f1al\u00f3 el vicerrector acad\u00e9mico Bradley Hilgert a la \u201cFeria gastron\u00f3mica y cultural Son, Saz\u00f3n y Arrullos\u201d, concebida para dar a conocer los resultados del proyecto \u201cCocina afroecuatoriana y patrimonio cultural: avivando la colaboraci\u00f3n social y la resiliencia comunitaria a trav\u00e9s del arte, la comida y la innovaci\u00f3n\u201d.<\/p>\n\n\n\n<p>El proyecto arranc\u00f3 en 2022 con la participaci\u00f3n de docentes y estudiantes de la Universidad de las Artes, as\u00ed como acad\u00e9micos de Oklahoma State University, quienes trabajaron en conjunto con las organizaciones sociales: Fundaci\u00f3n Karibu, Hilarte Asociaci\u00f3n Comunitaria y UNTHA (Uni\u00f3n Nacional de Trabajadoras del Hogar y Afines).<\/p>\n\n\n\n<p>La feria tuvo lugar el 31 de julio en el Pasaje Illingworth y Malakita, antiguo Palacio de la Gobernaci\u00f3n, sede matriz de la Universidad de las Artes. All\u00ed, junto a los voceros de las organizaciones mencionadas y de las comunidades donde se desarroll\u00f3 el proyecto, estuvieron nuestras autoridades y de la Embajada y el Consulado de los Estados Unidos en Ecuador, la c\u00f3nsul General Adjunta Mary Fisk-Ritter.<\/p>\n\n\n<div class=\"wp-block-image\">\n<figure class=\"aligncenter size-large\"><img fetchpriority=\"high\" decoding=\"async\" width=\"644\" height=\"429\" src=\"https:\/\/www.uartes.edu.ec\/sitio\/wp-content\/uploads\/2024\/08\/13-SON-SAZON-Y-ARRULLOS-644x429.jpg\" alt=\"\" class=\"wp-image-60335\" srcset=\"https:\/\/www.uartes.edu.ec\/sitio\/wp-content\/uploads\/2024\/08\/13-SON-SAZON-Y-ARRULLOS-644x429.jpg 644w, https:\/\/www.uartes.edu.ec\/sitio\/wp-content\/uploads\/2024\/08\/13-SON-SAZON-Y-ARRULLOS-300x200.jpg 300w, https:\/\/www.uartes.edu.ec\/sitio\/wp-content\/uploads\/2024\/08\/13-SON-SAZON-Y-ARRULLOS-768x512.jpg 768w, https:\/\/www.uartes.edu.ec\/sitio\/wp-content\/uploads\/2024\/08\/13-SON-SAZON-Y-ARRULLOS-1536x1024.jpg 1536w, https:\/\/www.uartes.edu.ec\/sitio\/wp-content\/uploads\/2024\/08\/13-SON-SAZON-Y-ARRULLOS-18x12.jpg 18w, https:\/\/www.uartes.edu.ec\/sitio\/wp-content\/uploads\/2024\/08\/13-SON-SAZON-Y-ARRULLOS-600x400.jpg 600w, https:\/\/www.uartes.edu.ec\/sitio\/wp-content\/uploads\/2024\/08\/13-SON-SAZON-Y-ARRULLOS-400x267.jpg 400w, https:\/\/www.uartes.edu.ec\/sitio\/wp-content\/uploads\/2024\/08\/13-SON-SAZON-Y-ARRULLOS-272x182.jpg 272w, https:\/\/www.uartes.edu.ec\/sitio\/wp-content\/uploads\/2024\/08\/13-SON-SAZON-Y-ARRULLOS.jpg 2000w\" sizes=\"(max-width: 644px) 100vw, 644px\" \/><\/figure>\n<\/div>\n\n\n<p>El acto tuvo como anfitriona a Kelly Caicedo, de la Fundaci\u00f3n Karibu, que tras dar la bienvenida anunci\u00f3 las intervenciones del rector William Herrera y del vicerrector Bradley Hilgert, quien, aunque no pudo acudir a la cita, quiso compartir la experiencia del proyecto \u201cCocina afroecuatoriana y patrimonio cultural: avivando la colaboraci\u00f3n social y la resiliencia comunitaria a trav\u00e9s del arte, la comida y la innovaci\u00f3n\u201d, cuya g\u00e9nesis data de hace ocho a\u00f1os. Alejandra Zambrano, directora de las escuelas de Literatura y Cine (e), dio lectura a su discurso.<\/p>\n\n\n\n<p>Los ocho a\u00f1os mencionados corresponden al tiempo en que la Universidad de las Artes se vincul\u00f3 con el Barrio Nigeria por invitaci\u00f3n de Carlos Valencia, un momento que Hilgert se\u00f1al\u00f3 como fundacional para \u00e9l y nuestra instituci\u00f3n, pues conocimos el significado profundo de la vinculaci\u00f3n con la sociedad. El vicerrector record\u00f3 que \u00e9l les dec\u00eda: Es no vernos como espectadores que solo llegamos al evento a hacer masa, a aplaudir, sino tambi\u00e9n como actores fundamentales, actores principales de algo que de una u otra manera nos ata\u00f1e a todos. Que podamos decir despu\u00e9s de uno, dos, tres, cuatro a\u00f1os, estos son resultados de lo que se hizo.<\/p>\n\n\n<div class=\"wp-block-image\">\n<figure class=\"aligncenter size-large\"><img decoding=\"async\" width=\"644\" height=\"429\" src=\"https:\/\/www.uartes.edu.ec\/sitio\/wp-content\/uploads\/2024\/08\/04-SON-SAZON-Y-ARRULLOS-644x429.jpg\" alt=\"\" class=\"wp-image-60338\" srcset=\"https:\/\/www.uartes.edu.ec\/sitio\/wp-content\/uploads\/2024\/08\/04-SON-SAZON-Y-ARRULLOS-644x429.jpg 644w, https:\/\/www.uartes.edu.ec\/sitio\/wp-content\/uploads\/2024\/08\/04-SON-SAZON-Y-ARRULLOS-300x200.jpg 300w, https:\/\/www.uartes.edu.ec\/sitio\/wp-content\/uploads\/2024\/08\/04-SON-SAZON-Y-ARRULLOS-768x512.jpg 768w, https:\/\/www.uartes.edu.ec\/sitio\/wp-content\/uploads\/2024\/08\/04-SON-SAZON-Y-ARRULLOS-1536x1024.jpg 1536w, https:\/\/www.uartes.edu.ec\/sitio\/wp-content\/uploads\/2024\/08\/04-SON-SAZON-Y-ARRULLOS-18x12.jpg 18w, https:\/\/www.uartes.edu.ec\/sitio\/wp-content\/uploads\/2024\/08\/04-SON-SAZON-Y-ARRULLOS-600x400.jpg 600w, https:\/\/www.uartes.edu.ec\/sitio\/wp-content\/uploads\/2024\/08\/04-SON-SAZON-Y-ARRULLOS-400x267.jpg 400w, https:\/\/www.uartes.edu.ec\/sitio\/wp-content\/uploads\/2024\/08\/04-SON-SAZON-Y-ARRULLOS-272x182.jpg 272w, https:\/\/www.uartes.edu.ec\/sitio\/wp-content\/uploads\/2024\/08\/04-SON-SAZON-Y-ARRULLOS.jpg 2000w\" sizes=\"(max-width: 644px) 100vw, 644px\" \/><\/figure>\n<\/div>\n\n<div class=\"wp-block-image\">\n<figure class=\"aligncenter size-large\"><img decoding=\"async\" width=\"644\" height=\"429\" src=\"https:\/\/www.uartes.edu.ec\/sitio\/wp-content\/uploads\/2024\/08\/06-SON-SAZON-Y-ARRULLOS-1-1-644x429.jpg\" alt=\"\" class=\"wp-image-60344\" srcset=\"https:\/\/www.uartes.edu.ec\/sitio\/wp-content\/uploads\/2024\/08\/06-SON-SAZON-Y-ARRULLOS-1-1-644x429.jpg 644w, https:\/\/www.uartes.edu.ec\/sitio\/wp-content\/uploads\/2024\/08\/06-SON-SAZON-Y-ARRULLOS-1-1-300x200.jpg 300w, https:\/\/www.uartes.edu.ec\/sitio\/wp-content\/uploads\/2024\/08\/06-SON-SAZON-Y-ARRULLOS-1-1-768x512.jpg 768w, https:\/\/www.uartes.edu.ec\/sitio\/wp-content\/uploads\/2024\/08\/06-SON-SAZON-Y-ARRULLOS-1-1-1536x1024.jpg 1536w, https:\/\/www.uartes.edu.ec\/sitio\/wp-content\/uploads\/2024\/08\/06-SON-SAZON-Y-ARRULLOS-1-1-18x12.jpg 18w, https:\/\/www.uartes.edu.ec\/sitio\/wp-content\/uploads\/2024\/08\/06-SON-SAZON-Y-ARRULLOS-1-1-600x400.jpg 600w, https:\/\/www.uartes.edu.ec\/sitio\/wp-content\/uploads\/2024\/08\/06-SON-SAZON-Y-ARRULLOS-1-1-400x267.jpg 400w, https:\/\/www.uartes.edu.ec\/sitio\/wp-content\/uploads\/2024\/08\/06-SON-SAZON-Y-ARRULLOS-1-1-272x182.jpg 272w, https:\/\/www.uartes.edu.ec\/sitio\/wp-content\/uploads\/2024\/08\/06-SON-SAZON-Y-ARRULLOS-1-1.jpg 2000w\" sizes=\"(max-width: 644px) 100vw, 644px\" \/><\/figure>\n<\/div>\n\n\n<p>\u201cEl evento es la muestra de que ustedes ya son actores principales y aqu\u00ed vemos los resultados de lo que hemos venido haciendo\u201d, anot\u00f3 Hilgert, agradeciendo tambi\u00e9n a Ana Carrillo, docente y hoy directora del Departamento de Teor\u00eda Cr\u00edtica y Pr\u00e1cticas Experimentales. \u201cTal vez no form\u00f3 parte directa de este proyecto, pero lo que hemos hecho aqu\u00ed se ha construido sobre el proyecto Nigeria que comenzamos con Carlos (Valencia)\u201d.<\/p>\n\n\n\n<p>En la rese\u00f1a, el vicerrector acad\u00e9mico indic\u00f3 que nada habr\u00eda sido posible sin la participaci\u00f3n activa de Fundaci\u00f3n Karibu, Hilarte y UNTHA, y destac\u00f3 el trabajo que realizan en sus comunidades y lo que ha significado su aporte para la Universidad de las Artes. \u201cHoy celebro todo lo que hemos logrado, lo que han logrado y reitero el compromiso que tiene la UArtes de seguir trabajando hacia la transformaci\u00f3n social y una sociedad m\u00e1s justa\u201d.<\/p>\n\n\n\n<p>Expres\u00f3 agradecimientos a Alejandra Zambrano por sumarse desde la propuesta del proyecto y su esfuerzo constante para ampliar su alcance; a Nicol\u00e1s Schvarzberg, por aceptar el reto de liderar el proyecto cuando para tras asumir como vicerrector acad\u00e9mico se le complic\u00f3 hacerlo; a Yuliana Ortiz, por ser pilar fundamental del proceso; y a Susan Togra, directora de Relaciones Internacionales UArtes, por encargarse junto con Patricia Cevallos, integrante de su equipo, de los componentes administrativos.<\/p>\n\n\n\n<p>Agradeci\u00f3 tambi\u00e9n a su equipo del Vicerrectorado Acad\u00e9mico por enfrentar algunos retos administrativos y ser administrador de los contratos, y al rector William Herrera por el apoyo incondicional con todo lo que implica este emprendimiento institucional. <\/p>\n\n\n<div class=\"wp-block-image\">\n<figure class=\"aligncenter size-large\"><img loading=\"lazy\" decoding=\"async\" width=\"644\" height=\"466\" src=\"https:\/\/www.uartes.edu.ec\/sitio\/wp-content\/uploads\/2024\/08\/07-SON-SAZON-Y-ARRULLOS-1-644x466.jpg\" alt=\"\" class=\"wp-image-60345\" srcset=\"https:\/\/www.uartes.edu.ec\/sitio\/wp-content\/uploads\/2024\/08\/07-SON-SAZON-Y-ARRULLOS-1-644x466.jpg 644w, https:\/\/www.uartes.edu.ec\/sitio\/wp-content\/uploads\/2024\/08\/07-SON-SAZON-Y-ARRULLOS-1-300x217.jpg 300w, https:\/\/www.uartes.edu.ec\/sitio\/wp-content\/uploads\/2024\/08\/07-SON-SAZON-Y-ARRULLOS-1-768x556.jpg 768w, https:\/\/www.uartes.edu.ec\/sitio\/wp-content\/uploads\/2024\/08\/07-SON-SAZON-Y-ARRULLOS-1-1536x1112.jpg 1536w, https:\/\/www.uartes.edu.ec\/sitio\/wp-content\/uploads\/2024\/08\/07-SON-SAZON-Y-ARRULLOS-1-18x12.jpg 18w, https:\/\/www.uartes.edu.ec\/sitio\/wp-content\/uploads\/2024\/08\/07-SON-SAZON-Y-ARRULLOS-1-400x290.jpg 400w, https:\/\/www.uartes.edu.ec\/sitio\/wp-content\/uploads\/2024\/08\/07-SON-SAZON-Y-ARRULLOS-1.jpg 1841w\" sizes=\"(max-width: 644px) 100vw, 644px\" \/><\/figure>\n<\/div>\n\n\n<p>Bradley Hilgert enfatiz\u00f3 su gratitud a la Embajada y al Consulado de Estados Unidos, a la c\u00f3nsul General Adjunta Mary Fisk-Ritter por estar en el acto de cierre del proyecto y reconoci\u00f3 a Olga Bashbush por el apoyo otorgado. \u201cElla, junto con Carlos Coello, ha tenido una paciencia tremenda con nosotros; estamos eternamente agradecidos por su inter\u00e9s y apoyo\u201d.<\/p>\n\n\n\n<p>En el prop\u00f3sito de preservar y documentar la cultura afroecuatoriana participaron profesores de la Universidad Estatal de Oklahoma, Estados Unidos, quienes brindaron capacitaciones sobre emprendimiento a 70 miembros de Fundaci\u00f3n Karibu, Hilarte Asociaci\u00f3n Comunitaria y UNTHA, dictando talleres sobre administraci\u00f3n de negocios, fijaci\u00f3n de precios, control de calidad y servicio al cliente, a fin de darles valor agregado a sus productos.&nbsp;<\/p>\n\n\n\n<p>Adem\u00e1s del componente de apoyo al emprendimiento, en lo art\u00edstico y la conservaci\u00f3n del patrimonio inmaterial, los docentes y estudiantes de la UArtes conceptualizaron y desarrollaron con las comunidades videos documentales sobre procesos culinarios y saberes de transmisi\u00f3n oral. Se cre\u00f3, adem\u00e1s, un libro de recetas de cocina t\u00edpica afroecuatoriana y un grupo de marimba grab\u00f3 un disco en los estudios de la universidad.<\/p>\n\n\n\t\t\t\t\t<div\n\t\t\t\t\t\tclass=\"wp-block-uagb-image-gallery uagb-block-79686126\"\n\t\t\t\t\t\tstyle=\"\"\n\t\t\t\t\t>\n\t\t\t\t\t\t\t\t\t\t\t<div class=\"spectra-image-gallery spectra-image-gallery__layout--grid spectra-image-gallery__layout--grid-col-2 spectra-image-gallery__layout--grid-col-tab-2 spectra-image-gallery__layout--grid-col-mob-2\">\n\t\t\t\t\t\t\t\t\t\t\t<div class='spectra-image-gallery__media-wrapper' data-spectra-gallery-image-id='60346' tabindex=\"0\">\n\t\t\t\t\t\t\t<div class=\"spectra-image-gallery__media spectra-image-gallery__media--grid\">\n\t\t\t\t<picture>\n\t\t\t\t\t<source media=\"(min-width: 1024px)\" srcset=\"https:\/\/www.uartes.edu.ec\/sitio\/wp-content\/uploads\/2024\/08\/12-SON-SAZON-Y-ARRULLOS-644x429.jpg\">\n\t\t\t\t\t<source media=\"(min-width: 768px)\" srcset=\"https:\/\/www.uartes.edu.ec\/sitio\/wp-content\/uploads\/2024\/08\/12-SON-SAZON-Y-ARRULLOS-644x429.jpg\">\n\t\t\t\t\t<img decoding=\"async\" class=\"spectra-image-gallery__media-thumbnail spectra-image-gallery__media-thumbnail--grid\" src=\"https:\/\/www.uartes.edu.ec\/sitio\/wp-content\/uploads\/2024\/08\/12-SON-SAZON-Y-ARRULLOS-300x200.jpg\" alt=\"\" loading=\"lazy\" \/>\n\t\t\t\t<\/picture>\n\t\t\t\t<div class=\"spectra-image-gallery__media-thumbnail-blurrer\"><\/div>\n\t\t\t\t\t\t\t\t\t\t\t<div class=\"spectra-image-gallery__media-thumbnail-caption-wrapper spectra-image-gallery__media-thumbnail-caption-wrapper--overlay\">\n\t\t\t\t\t\t\t\t\t\t\t<div class=\"spectra-image-gallery__media-thumbnail-caption spectra-image-gallery__media-thumbnail-caption--overlay\">\n\t\t\t\t\tNo Caption\t\t\t\t<\/div>\n\t\t\t\t\t\t\t\t\t\t<\/div>\n\t\t\t\t\t\t\t\t\t<\/div>\n\t\t\t\t\t\t<\/div>\n\t\t\t\t\t\t<div class='spectra-image-gallery__media-wrapper' data-spectra-gallery-image-id='60347' tabindex=\"0\">\n\t\t\t\t\t\t\t<div class=\"spectra-image-gallery__media spectra-image-gallery__media--grid\">\n\t\t\t\t<picture>\n\t\t\t\t\t<source media=\"(min-width: 1024px)\" srcset=\"https:\/\/www.uartes.edu.ec\/sitio\/wp-content\/uploads\/2024\/08\/11-SON-SAZON-Y-ARRULLOS-644x429.jpg\">\n\t\t\t\t\t<source media=\"(min-width: 768px)\" srcset=\"https:\/\/www.uartes.edu.ec\/sitio\/wp-content\/uploads\/2024\/08\/11-SON-SAZON-Y-ARRULLOS-644x429.jpg\">\n\t\t\t\t\t<img decoding=\"async\" class=\"spectra-image-gallery__media-thumbnail spectra-image-gallery__media-thumbnail--grid\" src=\"https:\/\/www.uartes.edu.ec\/sitio\/wp-content\/uploads\/2024\/08\/11-SON-SAZON-Y-ARRULLOS-300x200.jpg\" alt=\"\" loading=\"lazy\" \/>\n\t\t\t\t<\/picture>\n\t\t\t\t<div class=\"spectra-image-gallery__media-thumbnail-blurrer\"><\/div>\n\t\t\t\t\t\t\t\t\t\t\t<div class=\"spectra-image-gallery__media-thumbnail-caption-wrapper spectra-image-gallery__media-thumbnail-caption-wrapper--overlay\">\n\t\t\t\t\t\t\t\t\t\t\t<div class=\"spectra-image-gallery__media-thumbnail-caption spectra-image-gallery__media-thumbnail-caption--overlay\">\n\t\t\t\t\tNo Caption\t\t\t\t<\/div>\n\t\t\t\t\t\t\t\t\t\t<\/div>\n\t\t\t\t\t\t\t\t\t<\/div>\n\t\t\t\t\t\t<\/div>\n\t\t\t\t\t\t\t\t\t\t<\/div>\n\t\t\t\t\t\t\t\t\t\t\t\t\t\t\t\t\t\t<\/div>\n\t\t\t\t\t\t\t\t\t\n\n\n<p>La vinculaci\u00f3n con la comunidad y la investigaci\u00f3n a trav\u00e9s de las artes se combinaron en el desarrollo del proyecto, el cual emple\u00f3 metodolog\u00edas participativas y adopt\u00f3 rituales y pr\u00e1cticas propias de la cultura negra, como el tapa\u2019o conversado y el mentidero. De igual forma, durante su ejecuci\u00f3n se efectuaron ferias culturales y gastron\u00f3micas que constituyeron un espacio de visibilizaci\u00f3n del patrimonio afroecuatoriano, a trav\u00e9s de presentaciones musicales, danc\u00edsticas y lecturas literarias, y una oportunidad para generar recursos con la venta de comida. La iniciativa contempla la implementaci\u00f3n de cocinas comunitarias, a fin de impulsar el emprendimiento gastron\u00f3mico y cultural en la comunidad.<\/p>\n\n\n\n<p>Al igual que las autoridades UArtes, en el acto intervino la c\u00f3nsul general adjunta Mary Fisk-Ritter, de la Embajada y el Consulado de Estados Unidos. Se presentaron audiovisuales con testimonios de los voceros de las organizaciones participantes y los videos documentales antes referidos; representantes de Fundaci\u00f3n Karibu, Hilarte y UNTHA dieron cuenta de sus experiencias en el trabajo con las comunidades; hubo m\u00fasica con el ensamble de marimba, que interpret\u00f3 las canciones de Son, Saz\u00f3n y Arrullos; y Yuliana Ortiz comparti\u00f3 poemas del libro de autobiograf\u00eda de mujeres negras, publicaci\u00f3n que visibiliza sus recorridos, experiencias y propuestas como actoras culturales<\/p>\n\n\n\n<p>Asimismo, se hizo la presentaci\u00f3n y lectura de recetarios, que fueron entregados por Alejandra Zambrano al rector. Al finalizar el acto, el p\u00fablico pudo degustar los platos t\u00edpicos, como corviche, encocao, guatita y bollos, que las comunidades participantes llevaron como parte de su emprendimiento.<\/p>\n\n\n<div class=\"wp-block-image\">\n<figure class=\"aligncenter size-large\"><img loading=\"lazy\" decoding=\"async\" width=\"644\" height=\"429\" src=\"https:\/\/www.uartes.edu.ec\/sitio\/wp-content\/uploads\/2024\/08\/14-SON-SAZON-Y-ARRULLOS-644x429.jpg\" alt=\"\" class=\"wp-image-60349\" srcset=\"https:\/\/www.uartes.edu.ec\/sitio\/wp-content\/uploads\/2024\/08\/14-SON-SAZON-Y-ARRULLOS-644x429.jpg 644w, https:\/\/www.uartes.edu.ec\/sitio\/wp-content\/uploads\/2024\/08\/14-SON-SAZON-Y-ARRULLOS-300x200.jpg 300w, https:\/\/www.uartes.edu.ec\/sitio\/wp-content\/uploads\/2024\/08\/14-SON-SAZON-Y-ARRULLOS-768x512.jpg 768w, https:\/\/www.uartes.edu.ec\/sitio\/wp-content\/uploads\/2024\/08\/14-SON-SAZON-Y-ARRULLOS-1536x1024.jpg 1536w, https:\/\/www.uartes.edu.ec\/sitio\/wp-content\/uploads\/2024\/08\/14-SON-SAZON-Y-ARRULLOS-18x12.jpg 18w, https:\/\/www.uartes.edu.ec\/sitio\/wp-content\/uploads\/2024\/08\/14-SON-SAZON-Y-ARRULLOS-600x400.jpg 600w, https:\/\/www.uartes.edu.ec\/sitio\/wp-content\/uploads\/2024\/08\/14-SON-SAZON-Y-ARRULLOS-400x267.jpg 400w, https:\/\/www.uartes.edu.ec\/sitio\/wp-content\/uploads\/2024\/08\/14-SON-SAZON-Y-ARRULLOS-272x182.jpg 272w, https:\/\/www.uartes.edu.ec\/sitio\/wp-content\/uploads\/2024\/08\/14-SON-SAZON-Y-ARRULLOS.jpg 2000w\" sizes=\"(max-width: 644px) 100vw, 644px\" \/><\/figure>\n<\/div>\n\n<div class=\"wp-block-image\">\n<figure class=\"aligncenter size-large\"><img loading=\"lazy\" decoding=\"async\" width=\"644\" height=\"429\" src=\"https:\/\/www.uartes.edu.ec\/sitio\/wp-content\/uploads\/2024\/08\/09-SON-SAZON-Y-ARRULLOS-644x429.jpg\" alt=\"\" class=\"wp-image-60348\" srcset=\"https:\/\/www.uartes.edu.ec\/sitio\/wp-content\/uploads\/2024\/08\/09-SON-SAZON-Y-ARRULLOS-644x429.jpg 644w, https:\/\/www.uartes.edu.ec\/sitio\/wp-content\/uploads\/2024\/08\/09-SON-SAZON-Y-ARRULLOS-300x200.jpg 300w, https:\/\/www.uartes.edu.ec\/sitio\/wp-content\/uploads\/2024\/08\/09-SON-SAZON-Y-ARRULLOS-768x512.jpg 768w, https:\/\/www.uartes.edu.ec\/sitio\/wp-content\/uploads\/2024\/08\/09-SON-SAZON-Y-ARRULLOS-1536x1024.jpg 1536w, https:\/\/www.uartes.edu.ec\/sitio\/wp-content\/uploads\/2024\/08\/09-SON-SAZON-Y-ARRULLOS-18x12.jpg 18w, https:\/\/www.uartes.edu.ec\/sitio\/wp-content\/uploads\/2024\/08\/09-SON-SAZON-Y-ARRULLOS-600x400.jpg 600w, https:\/\/www.uartes.edu.ec\/sitio\/wp-content\/uploads\/2024\/08\/09-SON-SAZON-Y-ARRULLOS-400x267.jpg 400w, https:\/\/www.uartes.edu.ec\/sitio\/wp-content\/uploads\/2024\/08\/09-SON-SAZON-Y-ARRULLOS-272x182.jpg 272w, https:\/\/www.uartes.edu.ec\/sitio\/wp-content\/uploads\/2024\/08\/09-SON-SAZON-Y-ARRULLOS.jpg 2000w\" sizes=\"(max-width: 644px) 100vw, 644px\" \/><\/figure>\n<\/div>","protected":false},"excerpt":{"rendered":"<p>La Universidad de las Artes y la Embajada y el Consulado de los Estados Unidos en Ecuador presentaron en la \u201cFeria gastron\u00f3mica y cultural Son, Saz\u00f3n y Arrullos\u201d los resultados del proyecto \u201cCocina afroecuatoriana y patrimonio cultural: avivando la colaboraci\u00f3n social y la resiliencia comunitaria a trav\u00e9s del arte, la comida y la innovaci\u00f3n\u201d. Fue el 31 de julio, en el Pasaje Illingworth y Malakita, antiguo Palacio de la Gobernaci\u00f3n, sede matriz de la UArtes. <\/p>","protected":false},"author":10,"featured_media":60334,"comment_status":"open","ping_status":"open","sticky":false,"template":"","format":"standard","meta":{"_acf_changed":false,"_uag_custom_page_level_css":"","_monsterinsights_skip_tracking":false,"_monsterinsights_sitenote_active":false,"_monsterinsights_sitenote_note":"","_monsterinsights_sitenote_category":0,"cybocfi_hide_featured_image":"","footnotes":""},"categories":[80,75,76,77,284,79],"tags":[993],"infouartes":[],"class_list":["post-60241","post","type-post","status-publish","format-standard","has-post-thumbnail","hentry","category-academico","category-docentes","category-estudiantes","category-gestion","category-investigacion","category-vinculo","tag-vinculacion"],"acf":[],"yoast_head":"<!-- This site is optimized with the Yoast SEO plugin v27.4 - https:\/\/yoast.com\/product\/yoast-seo-wordpress\/ -->\n<title>Universidad de las Artes - Con Son, Saz\u00f3n y Arrullos se presentaron los resultados del proyecto \u201cCocina afroecuatoriana y patrimonio cultural\u201d<\/title>\n<meta name=\"description\" content=\"Universidad de las Artes - Con Son, Saz\u00f3n y Arrullos se presentaron los resultados del proyecto \u201cCocina afroecuatoriana y patrimonio cultural\u201d\" \/>\n<meta name=\"robots\" content=\"index, follow, max-snippet:-1, max-image-preview:large, max-video-preview:-1\" \/>\n<link rel=\"canonical\" href=\"https:\/\/www.uartes.edu.ec\/sitio\/en\/blog\/2024\/08\/02\/con-son-sazon-y-arrullos-se-presentaron-resultados-del-proyecto-cocina-afroecuatoriana-y-patrimonio-cultural\/\" \/>\n<meta property=\"og:locale\" content=\"en_US\" \/>\n<meta property=\"og:type\" content=\"article\" \/>\n<meta property=\"og:title\" content=\"Universidad de las Artes - Con Son, Saz\u00f3n y Arrullos se presentaron los resultados del proyecto \u201cCocina afroecuatoriana y patrimonio cultural\u201d\" \/>\n<meta property=\"og:description\" content=\"Universidad de las Artes - Con Son, Saz\u00f3n y Arrullos se presentaron los resultados del proyecto \u201cCocina afroecuatoriana y patrimonio cultural\u201d\" \/>\n<meta property=\"og:url\" content=\"https:\/\/www.uartes.edu.ec\/sitio\/en\/blog\/2024\/08\/02\/con-son-sazon-y-arrullos-se-presentaron-resultados-del-proyecto-cocina-afroecuatoriana-y-patrimonio-cultural\/\" \/>\n<meta property=\"og:site_name\" content=\"Universidad de las Artes\" \/>\n<meta property=\"article:publisher\" content=\"https:\/\/www.facebook.com\/uartesec\" \/>\n<meta property=\"article:published_time\" content=\"2024-08-02T23:01:00+00:00\" \/>\n<meta property=\"article:modified_time\" content=\"2024-08-07T22:50:10+00:00\" \/>\n<meta property=\"og:image\" content=\"https:\/\/www.uartes.edu.ec\/sitio\/wp-content\/uploads\/2024\/08\/10-SON-SAZON-Y-ARRULLOS.jpg\" \/>\n\t<meta property=\"og:image:width\" content=\"2000\" \/>\n\t<meta property=\"og:image:height\" content=\"1333\" \/>\n\t<meta property=\"og:image:type\" content=\"image\/jpeg\" \/>\n<meta name=\"author\" content=\"ccortez\" \/>\n<meta name=\"twitter:card\" content=\"summary_large_image\" \/>\n<meta name=\"twitter:creator\" content=\"@uartesec\" \/>\n<meta name=\"twitter:site\" content=\"@uartesec\" \/>\n<meta name=\"twitter:label1\" content=\"Written by\" \/>\n\t<meta name=\"twitter:data1\" content=\"ccortez\" \/>\n\t<meta name=\"twitter:label2\" content=\"Est. reading time\" \/>\n\t<meta name=\"twitter:data2\" content=\"7 minutes\" \/>\n<script type=\"application\/ld+json\" class=\"yoast-schema-graph\">{\"@context\":\"https:\\\/\\\/schema.org\",\"@graph\":[{\"@type\":\"Article\",\"@id\":\"https:\\\/\\\/www.uartes.edu.ec\\\/sitio\\\/en\\\/blog\\\/2024\\\/08\\\/02\\\/con-son-sazon-y-arrullos-se-presentaron-resultados-del-proyecto-cocina-afroecuatoriana-y-patrimonio-cultural\\\/#article\",\"isPartOf\":{\"@id\":\"https:\\\/\\\/www.uartes.edu.ec\\\/sitio\\\/en\\\/blog\\\/2024\\\/08\\\/02\\\/con-son-sazon-y-arrullos-se-presentaron-resultados-del-proyecto-cocina-afroecuatoriana-y-patrimonio-cultural\\\/\"},\"author\":{\"name\":\"ccortez\",\"@id\":\"https:\\\/\\\/www.uartes.edu.ec\\\/sitio\\\/en\\\/#\\\/schema\\\/person\\\/efa1b8275797664fd7f13a79ccc0b1f4\"},\"headline\":\"Con Son, Saz\u00f3n y Arrullos se presentaron los resultados del proyecto \u201cCocina afroecuatoriana y patrimonio cultural\u201d\",\"datePublished\":\"2024-08-02T23:01:00+00:00\",\"dateModified\":\"2024-08-07T22:50:10+00:00\",\"mainEntityOfPage\":{\"@id\":\"https:\\\/\\\/www.uartes.edu.ec\\\/sitio\\\/en\\\/blog\\\/2024\\\/08\\\/02\\\/con-son-sazon-y-arrullos-se-presentaron-resultados-del-proyecto-cocina-afroecuatoriana-y-patrimonio-cultural\\\/\"},\"wordCount\":1153,\"commentCount\":1,\"publisher\":{\"@id\":\"https:\\\/\\\/www.uartes.edu.ec\\\/sitio\\\/en\\\/#organization\"},\"image\":{\"@id\":\"https:\\\/\\\/www.uartes.edu.ec\\\/sitio\\\/en\\\/blog\\\/2024\\\/08\\\/02\\\/con-son-sazon-y-arrullos-se-presentaron-resultados-del-proyecto-cocina-afroecuatoriana-y-patrimonio-cultural\\\/#primaryimage\"},\"thumbnailUrl\":\"https:\\\/\\\/www.uartes.edu.ec\\\/sitio\\\/wp-content\\\/uploads\\\/2024\\\/08\\\/10-SON-SAZON-Y-ARRULLOS.jpg\",\"keywords\":[\"vinculaci\u00f3n\"],\"articleSection\":[\"Acad\u00e9mico\",\"Docentes\",\"Estudiantes\",\"Gesti\u00f3n\",\"Investigaci\u00f3n\",\"V\u00ednculo\"],\"inLanguage\":\"en-US\",\"potentialAction\":[{\"@type\":\"CommentAction\",\"name\":\"Comment\",\"target\":[\"https:\\\/\\\/www.uartes.edu.ec\\\/sitio\\\/en\\\/blog\\\/2024\\\/08\\\/02\\\/con-son-sazon-y-arrullos-se-presentaron-resultados-del-proyecto-cocina-afroecuatoriana-y-patrimonio-cultural\\\/#respond\"]}]},{\"@type\":[\"WebPage\",\"ItemPage\"],\"@id\":\"https:\\\/\\\/www.uartes.edu.ec\\\/sitio\\\/en\\\/blog\\\/2024\\\/08\\\/02\\\/con-son-sazon-y-arrullos-se-presentaron-resultados-del-proyecto-cocina-afroecuatoriana-y-patrimonio-cultural\\\/\",\"url\":\"https:\\\/\\\/www.uartes.edu.ec\\\/sitio\\\/en\\\/blog\\\/2024\\\/08\\\/02\\\/con-son-sazon-y-arrullos-se-presentaron-resultados-del-proyecto-cocina-afroecuatoriana-y-patrimonio-cultural\\\/\",\"name\":\"Universidad de las Artes - Con Son, Saz\u00f3n y Arrullos se presentaron los resultados del proyecto \u201cCocina afroecuatoriana y patrimonio cultural\u201d\",\"isPartOf\":{\"@id\":\"https:\\\/\\\/www.uartes.edu.ec\\\/sitio\\\/en\\\/#website\"},\"primaryImageOfPage\":{\"@id\":\"https:\\\/\\\/www.uartes.edu.ec\\\/sitio\\\/en\\\/blog\\\/2024\\\/08\\\/02\\\/con-son-sazon-y-arrullos-se-presentaron-resultados-del-proyecto-cocina-afroecuatoriana-y-patrimonio-cultural\\\/#primaryimage\"},\"image\":{\"@id\":\"https:\\\/\\\/www.uartes.edu.ec\\\/sitio\\\/en\\\/blog\\\/2024\\\/08\\\/02\\\/con-son-sazon-y-arrullos-se-presentaron-resultados-del-proyecto-cocina-afroecuatoriana-y-patrimonio-cultural\\\/#primaryimage\"},\"thumbnailUrl\":\"https:\\\/\\\/www.uartes.edu.ec\\\/sitio\\\/wp-content\\\/uploads\\\/2024\\\/08\\\/10-SON-SAZON-Y-ARRULLOS.jpg\",\"datePublished\":\"2024-08-02T23:01:00+00:00\",\"dateModified\":\"2024-08-07T22:50:10+00:00\",\"description\":\"Universidad de las Artes - Con Son, Saz\u00f3n y Arrullos se presentaron los resultados del proyecto \u201cCocina afroecuatoriana y patrimonio cultural\u201d\",\"breadcrumb\":{\"@id\":\"https:\\\/\\\/www.uartes.edu.ec\\\/sitio\\\/en\\\/blog\\\/2024\\\/08\\\/02\\\/con-son-sazon-y-arrullos-se-presentaron-resultados-del-proyecto-cocina-afroecuatoriana-y-patrimonio-cultural\\\/#breadcrumb\"},\"inLanguage\":\"en-US\",\"potentialAction\":[{\"@type\":\"ReadAction\",\"target\":[\"https:\\\/\\\/www.uartes.edu.ec\\\/sitio\\\/en\\\/blog\\\/2024\\\/08\\\/02\\\/con-son-sazon-y-arrullos-se-presentaron-resultados-del-proyecto-cocina-afroecuatoriana-y-patrimonio-cultural\\\/\"]}]},{\"@type\":\"ImageObject\",\"inLanguage\":\"en-US\",\"@id\":\"https:\\\/\\\/www.uartes.edu.ec\\\/sitio\\\/en\\\/blog\\\/2024\\\/08\\\/02\\\/con-son-sazon-y-arrullos-se-presentaron-resultados-del-proyecto-cocina-afroecuatoriana-y-patrimonio-cultural\\\/#primaryimage\",\"url\":\"https:\\\/\\\/www.uartes.edu.ec\\\/sitio\\\/wp-content\\\/uploads\\\/2024\\\/08\\\/10-SON-SAZON-Y-ARRULLOS.jpg\",\"contentUrl\":\"https:\\\/\\\/www.uartes.edu.ec\\\/sitio\\\/wp-content\\\/uploads\\\/2024\\\/08\\\/10-SON-SAZON-Y-ARRULLOS.jpg\",\"width\":2000,\"height\":1333},{\"@type\":\"BreadcrumbList\",\"@id\":\"https:\\\/\\\/www.uartes.edu.ec\\\/sitio\\\/en\\\/blog\\\/2024\\\/08\\\/02\\\/con-son-sazon-y-arrullos-se-presentaron-resultados-del-proyecto-cocina-afroecuatoriana-y-patrimonio-cultural\\\/#breadcrumb\",\"itemListElement\":[{\"@type\":\"ListItem\",\"position\":1,\"name\":\"Inicio\",\"item\":\"https:\\\/\\\/www.uartes.edu.ec\\\/sitio\\\/\"},{\"@type\":\"ListItem\",\"position\":2,\"name\":\"Con Son, Saz\u00f3n y Arrullos se presentaron los resultados del proyecto \u201cCocina afroecuatoriana y patrimonio cultural\u201d\"}]},{\"@type\":\"WebSite\",\"@id\":\"https:\\\/\\\/www.uartes.edu.ec\\\/sitio\\\/en\\\/#website\",\"url\":\"https:\\\/\\\/www.uartes.edu.ec\\\/sitio\\\/en\\\/\",\"name\":\"Universidad de las Artes\",\"description\":\"Sitio oficial de la Universidad Nacional de las Artes del Ecuador\",\"publisher\":{\"@id\":\"https:\\\/\\\/www.uartes.edu.ec\\\/sitio\\\/en\\\/#organization\"},\"potentialAction\":[{\"@type\":\"SearchAction\",\"target\":{\"@type\":\"EntryPoint\",\"urlTemplate\":\"https:\\\/\\\/www.uartes.edu.ec\\\/sitio\\\/en\\\/?s={search_term_string}\"},\"query-input\":{\"@type\":\"PropertyValueSpecification\",\"valueRequired\":true,\"valueName\":\"search_term_string\"}}],\"inLanguage\":\"en-US\"},{\"@type\":\"Organization\",\"@id\":\"https:\\\/\\\/www.uartes.edu.ec\\\/sitio\\\/en\\\/#organization\",\"name\":\"Universidad de las Artes\",\"url\":\"https:\\\/\\\/www.uartes.edu.ec\\\/sitio\\\/en\\\/\",\"logo\":{\"@type\":\"ImageObject\",\"inLanguage\":\"en-US\",\"@id\":\"https:\\\/\\\/www.uartes.edu.ec\\\/sitio\\\/en\\\/#\\\/schema\\\/logo\\\/image\\\/\",\"url\":\"https:\\\/\\\/www.uartes.edu.ec\\\/sitio\\\/wp-content\\\/uploads\\\/2022\\\/07\\\/logo-ua-horizontal.png\",\"contentUrl\":\"https:\\\/\\\/www.uartes.edu.ec\\\/sitio\\\/wp-content\\\/uploads\\\/2022\\\/07\\\/logo-ua-horizontal.png\",\"width\":800,\"height\":276,\"caption\":\"Universidad de las Artes\"},\"image\":{\"@id\":\"https:\\\/\\\/www.uartes.edu.ec\\\/sitio\\\/en\\\/#\\\/schema\\\/logo\\\/image\\\/\"},\"sameAs\":[\"https:\\\/\\\/www.facebook.com\\\/uartesec\",\"https:\\\/\\\/x.com\\\/uartesec\",\"https:\\\/\\\/www.tiktok.com\\\/@uartesec\"]},{\"@type\":\"Person\",\"@id\":\"https:\\\/\\\/www.uartes.edu.ec\\\/sitio\\\/en\\\/#\\\/schema\\\/person\\\/efa1b8275797664fd7f13a79ccc0b1f4\",\"name\":\"ccortez\",\"image\":{\"@type\":\"ImageObject\",\"inLanguage\":\"en-US\",\"@id\":\"https:\\\/\\\/secure.gravatar.com\\\/avatar\\\/b2a6f664a3ae8e074346ef91775736c5ec479e637ecced6842de9dc98b5da9cd?s=96&d=mm&r=g\",\"url\":\"https:\\\/\\\/secure.gravatar.com\\\/avatar\\\/b2a6f664a3ae8e074346ef91775736c5ec479e637ecced6842de9dc98b5da9cd?s=96&d=mm&r=g\",\"contentUrl\":\"https:\\\/\\\/secure.gravatar.com\\\/avatar\\\/b2a6f664a3ae8e074346ef91775736c5ec479e637ecced6842de9dc98b5da9cd?s=96&d=mm&r=g\",\"caption\":\"ccortez\"},\"url\":\"https:\\\/\\\/www.uartes.edu.ec\\\/sitio\\\/en\\\/blog\\\/author\\\/ccortez\\\/\"}]}<\/script>\n<!-- \/ Yoast SEO plugin. -->","yoast_head_json":{"title":"Universidad de las Artes - Con Son, Saz\u00f3n y Arrullos se presentaron los resultados del proyecto \u201cCocina afroecuatoriana y patrimonio cultural\u201d","description":"Universidad de las Artes - Con Son, Saz\u00f3n y Arrullos se presentaron los resultados del proyecto \u201cCocina afroecuatoriana y patrimonio cultural\u201d","robots":{"index":"index","follow":"follow","max-snippet":"max-snippet:-1","max-image-preview":"max-image-preview:large","max-video-preview":"max-video-preview:-1"},"canonical":"https:\/\/www.uartes.edu.ec\/sitio\/en\/blog\/2024\/08\/02\/con-son-sazon-y-arrullos-se-presentaron-resultados-del-proyecto-cocina-afroecuatoriana-y-patrimonio-cultural\/","og_locale":"en_US","og_type":"article","og_title":"Universidad de las Artes - Con Son, Saz\u00f3n y Arrullos se presentaron los resultados del proyecto \u201cCocina afroecuatoriana y patrimonio cultural\u201d","og_description":"Universidad de las Artes - Con Son, Saz\u00f3n y Arrullos se presentaron los resultados del proyecto \u201cCocina afroecuatoriana y patrimonio cultural\u201d","og_url":"https:\/\/www.uartes.edu.ec\/sitio\/en\/blog\/2024\/08\/02\/con-son-sazon-y-arrullos-se-presentaron-resultados-del-proyecto-cocina-afroecuatoriana-y-patrimonio-cultural\/","og_site_name":"Universidad de las Artes","article_publisher":"https:\/\/www.facebook.com\/uartesec","article_published_time":"2024-08-02T23:01:00+00:00","article_modified_time":"2024-08-07T22:50:10+00:00","og_image":[{"width":2000,"height":1333,"url":"https:\/\/www.uartes.edu.ec\/sitio\/wp-content\/uploads\/2024\/08\/10-SON-SAZON-Y-ARRULLOS.jpg","type":"image\/jpeg"}],"author":"ccortez","twitter_card":"summary_large_image","twitter_creator":"@uartesec","twitter_site":"@uartesec","twitter_misc":{"Written by":"ccortez","Est. reading time":"7 minutes"},"schema":{"@context":"https:\/\/schema.org","@graph":[{"@type":"Article","@id":"https:\/\/www.uartes.edu.ec\/sitio\/en\/blog\/2024\/08\/02\/con-son-sazon-y-arrullos-se-presentaron-resultados-del-proyecto-cocina-afroecuatoriana-y-patrimonio-cultural\/#article","isPartOf":{"@id":"https:\/\/www.uartes.edu.ec\/sitio\/en\/blog\/2024\/08\/02\/con-son-sazon-y-arrullos-se-presentaron-resultados-del-proyecto-cocina-afroecuatoriana-y-patrimonio-cultural\/"},"author":{"name":"ccortez","@id":"https:\/\/www.uartes.edu.ec\/sitio\/en\/#\/schema\/person\/efa1b8275797664fd7f13a79ccc0b1f4"},"headline":"Con Son, Saz\u00f3n y Arrullos se presentaron los resultados del proyecto \u201cCocina afroecuatoriana y patrimonio cultural\u201d","datePublished":"2024-08-02T23:01:00+00:00","dateModified":"2024-08-07T22:50:10+00:00","mainEntityOfPage":{"@id":"https:\/\/www.uartes.edu.ec\/sitio\/en\/blog\/2024\/08\/02\/con-son-sazon-y-arrullos-se-presentaron-resultados-del-proyecto-cocina-afroecuatoriana-y-patrimonio-cultural\/"},"wordCount":1153,"commentCount":1,"publisher":{"@id":"https:\/\/www.uartes.edu.ec\/sitio\/en\/#organization"},"image":{"@id":"https:\/\/www.uartes.edu.ec\/sitio\/en\/blog\/2024\/08\/02\/con-son-sazon-y-arrullos-se-presentaron-resultados-del-proyecto-cocina-afroecuatoriana-y-patrimonio-cultural\/#primaryimage"},"thumbnailUrl":"https:\/\/www.uartes.edu.ec\/sitio\/wp-content\/uploads\/2024\/08\/10-SON-SAZON-Y-ARRULLOS.jpg","keywords":["vinculaci\u00f3n"],"articleSection":["Acad\u00e9mico","Docentes","Estudiantes","Gesti\u00f3n","Investigaci\u00f3n","V\u00ednculo"],"inLanguage":"en-US","potentialAction":[{"@type":"CommentAction","name":"Comment","target":["https:\/\/www.uartes.edu.ec\/sitio\/en\/blog\/2024\/08\/02\/con-son-sazon-y-arrullos-se-presentaron-resultados-del-proyecto-cocina-afroecuatoriana-y-patrimonio-cultural\/#respond"]}]},{"@type":["WebPage","ItemPage"],"@id":"https:\/\/www.uartes.edu.ec\/sitio\/en\/blog\/2024\/08\/02\/con-son-sazon-y-arrullos-se-presentaron-resultados-del-proyecto-cocina-afroecuatoriana-y-patrimonio-cultural\/","url":"https:\/\/www.uartes.edu.ec\/sitio\/en\/blog\/2024\/08\/02\/con-son-sazon-y-arrullos-se-presentaron-resultados-del-proyecto-cocina-afroecuatoriana-y-patrimonio-cultural\/","name":"Universidad de las Artes - Con Son, Saz\u00f3n y Arrullos se presentaron los resultados del proyecto \u201cCocina afroecuatoriana y patrimonio cultural\u201d","isPartOf":{"@id":"https:\/\/www.uartes.edu.ec\/sitio\/en\/#website"},"primaryImageOfPage":{"@id":"https:\/\/www.uartes.edu.ec\/sitio\/en\/blog\/2024\/08\/02\/con-son-sazon-y-arrullos-se-presentaron-resultados-del-proyecto-cocina-afroecuatoriana-y-patrimonio-cultural\/#primaryimage"},"image":{"@id":"https:\/\/www.uartes.edu.ec\/sitio\/en\/blog\/2024\/08\/02\/con-son-sazon-y-arrullos-se-presentaron-resultados-del-proyecto-cocina-afroecuatoriana-y-patrimonio-cultural\/#primaryimage"},"thumbnailUrl":"https:\/\/www.uartes.edu.ec\/sitio\/wp-content\/uploads\/2024\/08\/10-SON-SAZON-Y-ARRULLOS.jpg","datePublished":"2024-08-02T23:01:00+00:00","dateModified":"2024-08-07T22:50:10+00:00","description":"Universidad de las Artes - Con Son, Saz\u00f3n y Arrullos se presentaron los resultados del proyecto \u201cCocina afroecuatoriana y patrimonio cultural\u201d","breadcrumb":{"@id":"https:\/\/www.uartes.edu.ec\/sitio\/en\/blog\/2024\/08\/02\/con-son-sazon-y-arrullos-se-presentaron-resultados-del-proyecto-cocina-afroecuatoriana-y-patrimonio-cultural\/#breadcrumb"},"inLanguage":"en-US","potentialAction":[{"@type":"ReadAction","target":["https:\/\/www.uartes.edu.ec\/sitio\/en\/blog\/2024\/08\/02\/con-son-sazon-y-arrullos-se-presentaron-resultados-del-proyecto-cocina-afroecuatoriana-y-patrimonio-cultural\/"]}]},{"@type":"ImageObject","inLanguage":"en-US","@id":"https:\/\/www.uartes.edu.ec\/sitio\/en\/blog\/2024\/08\/02\/con-son-sazon-y-arrullos-se-presentaron-resultados-del-proyecto-cocina-afroecuatoriana-y-patrimonio-cultural\/#primaryimage","url":"https:\/\/www.uartes.edu.ec\/sitio\/wp-content\/uploads\/2024\/08\/10-SON-SAZON-Y-ARRULLOS.jpg","contentUrl":"https:\/\/www.uartes.edu.ec\/sitio\/wp-content\/uploads\/2024\/08\/10-SON-SAZON-Y-ARRULLOS.jpg","width":2000,"height":1333},{"@type":"BreadcrumbList","@id":"https:\/\/www.uartes.edu.ec\/sitio\/en\/blog\/2024\/08\/02\/con-son-sazon-y-arrullos-se-presentaron-resultados-del-proyecto-cocina-afroecuatoriana-y-patrimonio-cultural\/#breadcrumb","itemListElement":[{"@type":"ListItem","position":1,"name":"Inicio","item":"https:\/\/www.uartes.edu.ec\/sitio\/"},{"@type":"ListItem","position":2,"name":"Con Son, Saz\u00f3n y Arrullos se presentaron los resultados del proyecto \u201cCocina afroecuatoriana y patrimonio cultural\u201d"}]},{"@type":"WebSite","@id":"https:\/\/www.uartes.edu.ec\/sitio\/en\/#website","url":"https:\/\/www.uartes.edu.ec\/sitio\/en\/","name":"Universidad de las Artes","description":"Sitio oficial de la Universidad Nacional de las Artes del Ecuador","publisher":{"@id":"https:\/\/www.uartes.edu.ec\/sitio\/en\/#organization"},"potentialAction":[{"@type":"SearchAction","target":{"@type":"EntryPoint","urlTemplate":"https:\/\/www.uartes.edu.ec\/sitio\/en\/?s={search_term_string}"},"query-input":{"@type":"PropertyValueSpecification","valueRequired":true,"valueName":"search_term_string"}}],"inLanguage":"en-US"},{"@type":"Organization","@id":"https:\/\/www.uartes.edu.ec\/sitio\/en\/#organization","name":"Universidad de las Artes","url":"https:\/\/www.uartes.edu.ec\/sitio\/en\/","logo":{"@type":"ImageObject","inLanguage":"en-US","@id":"https:\/\/www.uartes.edu.ec\/sitio\/en\/#\/schema\/logo\/image\/","url":"https:\/\/www.uartes.edu.ec\/sitio\/wp-content\/uploads\/2022\/07\/logo-ua-horizontal.png","contentUrl":"https:\/\/www.uartes.edu.ec\/sitio\/wp-content\/uploads\/2022\/07\/logo-ua-horizontal.png","width":800,"height":276,"caption":"Universidad de las Artes"},"image":{"@id":"https:\/\/www.uartes.edu.ec\/sitio\/en\/#\/schema\/logo\/image\/"},"sameAs":["https:\/\/www.facebook.com\/uartesec","https:\/\/x.com\/uartesec","https:\/\/www.tiktok.com\/@uartesec"]},{"@type":"Person","@id":"https:\/\/www.uartes.edu.ec\/sitio\/en\/#\/schema\/person\/efa1b8275797664fd7f13a79ccc0b1f4","name":"ccortez","image":{"@type":"ImageObject","inLanguage":"en-US","@id":"https:\/\/secure.gravatar.com\/avatar\/b2a6f664a3ae8e074346ef91775736c5ec479e637ecced6842de9dc98b5da9cd?s=96&d=mm&r=g","url":"https:\/\/secure.gravatar.com\/avatar\/b2a6f664a3ae8e074346ef91775736c5ec479e637ecced6842de9dc98b5da9cd?s=96&d=mm&r=g","contentUrl":"https:\/\/secure.gravatar.com\/avatar\/b2a6f664a3ae8e074346ef91775736c5ec479e637ecced6842de9dc98b5da9cd?s=96&d=mm&r=g","caption":"ccortez"},"url":"https:\/\/www.uartes.edu.ec\/sitio\/en\/blog\/author\/ccortez\/"}]}},"uagb_featured_image_src":{"full":["https:\/\/www.uartes.edu.ec\/sitio\/wp-content\/uploads\/2024\/08\/10-SON-SAZON-Y-ARRULLOS.jpg",2000,1333,false],"thumbnail":["https:\/\/www.uartes.edu.ec\/sitio\/wp-content\/uploads\/2024\/08\/10-SON-SAZON-Y-ARRULLOS-150x150.jpg",150,150,true],"medium":["https:\/\/www.uartes.edu.ec\/sitio\/wp-content\/uploads\/2024\/08\/10-SON-SAZON-Y-ARRULLOS-300x200.jpg",300,200,true],"medium_large":["https:\/\/www.uartes.edu.ec\/sitio\/wp-content\/uploads\/2024\/08\/10-SON-SAZON-Y-ARRULLOS-768x512.jpg",768,512,true],"large":["https:\/\/www.uartes.edu.ec\/sitio\/wp-content\/uploads\/2024\/08\/10-SON-SAZON-Y-ARRULLOS-644x429.jpg",644,429,true],"1536x1536":["https:\/\/www.uartes.edu.ec\/sitio\/wp-content\/uploads\/2024\/08\/10-SON-SAZON-Y-ARRULLOS-1536x1024.jpg",1536,1024,true],"2048x2048":["https:\/\/www.uartes.edu.ec\/sitio\/wp-content\/uploads\/2024\/08\/10-SON-SAZON-Y-ARRULLOS.jpg",2000,1333,false],"trp-custom-language-flag":["https:\/\/www.uartes.edu.ec\/sitio\/wp-content\/uploads\/2024\/08\/10-SON-SAZON-Y-ARRULLOS-18x12.jpg",18,12,true],"htmega_size_585x295":["https:\/\/www.uartes.edu.ec\/sitio\/wp-content\/uploads\/2024\/08\/10-SON-SAZON-Y-ARRULLOS-585x295.jpg",585,295,true],"htmega_size_1170x536":["https:\/\/www.uartes.edu.ec\/sitio\/wp-content\/uploads\/2024\/08\/10-SON-SAZON-Y-ARRULLOS-1170x536.jpg",1170,536,true],"htmega_size_396x360":["https:\/\/www.uartes.edu.ec\/sitio\/wp-content\/uploads\/2024\/08\/10-SON-SAZON-Y-ARRULLOS-396x360.jpg",396,360,true],"gb-block-post-grid-landscape":["https:\/\/www.uartes.edu.ec\/sitio\/wp-content\/uploads\/2024\/08\/10-SON-SAZON-Y-ARRULLOS-600x400.jpg",600,400,true],"gb-block-post-grid-square":["https:\/\/www.uartes.edu.ec\/sitio\/wp-content\/uploads\/2024\/08\/10-SON-SAZON-Y-ARRULLOS-600x600.jpg",600,600,true],"university-hub-thumb":["https:\/\/www.uartes.edu.ec\/sitio\/wp-content\/uploads\/2024\/08\/10-SON-SAZON-Y-ARRULLOS-400x267.jpg",400,267,true],"mailpoet_newsletter_max":["https:\/\/www.uartes.edu.ec\/sitio\/wp-content\/uploads\/2024\/08\/10-SON-SAZON-Y-ARRULLOS.jpg",1320,880,false]},"uagb_author_info":{"display_name":"ccortez","author_link":"https:\/\/www.uartes.edu.ec\/sitio\/en\/blog\/author\/ccortez\/"},"uagb_comment_info":1,"uagb_excerpt":"La Universidad de las Artes y la Embajada y el Consulado de los Estados Unidos en Ecuador presentaron en la \u201cFeria gastron\u00f3mica y cultural Son, Saz\u00f3n y Arrullos\u201d los resultados del proyecto \u201cCocina afroecuatoriana y patrimonio cultural: avivando la colaboraci\u00f3n social y la resiliencia comunitaria a trav\u00e9s del arte, la comida y la innovaci\u00f3n\u201d. Fue&hellip;","featured_image_src":"https:\/\/www.uartes.edu.ec\/sitio\/wp-content\/uploads\/2024\/08\/10-SON-SAZON-Y-ARRULLOS-600x400.jpg","featured_image_src_square":"https:\/\/www.uartes.edu.ec\/sitio\/wp-content\/uploads\/2024\/08\/10-SON-SAZON-Y-ARRULLOS-600x600.jpg","author_info":{"display_name":"ccortez","author_link":"https:\/\/www.uartes.edu.ec\/sitio\/en\/blog\/author\/ccortez\/"},"publishpress_future_workflow_manual_trigger":{"enabledWorkflows":[]},"distributor_meta":false,"distributor_terms":false,"distributor_media":false,"distributor_original_site_name":"Universidad de las Artes","distributor_original_site_url":"https:\/\/www.uartes.edu.ec\/sitio\/en","push-errors":false,"_links":{"self":[{"href":"https:\/\/www.uartes.edu.ec\/sitio\/en\/wp-json\/wp\/v2\/posts\/60241","targetHints":{"allow":["GET"]}}],"collection":[{"href":"https:\/\/www.uartes.edu.ec\/sitio\/en\/wp-json\/wp\/v2\/posts"}],"about":[{"href":"https:\/\/www.uartes.edu.ec\/sitio\/en\/wp-json\/wp\/v2\/types\/post"}],"author":[{"embeddable":true,"href":"https:\/\/www.uartes.edu.ec\/sitio\/en\/wp-json\/wp\/v2\/users\/10"}],"replies":[{"embeddable":true,"href":"https:\/\/www.uartes.edu.ec\/sitio\/en\/wp-json\/wp\/v2\/comments?post=60241"}],"version-history":[{"count":8,"href":"https:\/\/www.uartes.edu.ec\/sitio\/en\/wp-json\/wp\/v2\/posts\/60241\/revisions"}],"predecessor-version":[{"id":60356,"href":"https:\/\/www.uartes.edu.ec\/sitio\/en\/wp-json\/wp\/v2\/posts\/60241\/revisions\/60356"}],"wp:featuredmedia":[{"embeddable":true,"href":"https:\/\/www.uartes.edu.ec\/sitio\/en\/wp-json\/wp\/v2\/media\/60334"}],"wp:attachment":[{"href":"https:\/\/www.uartes.edu.ec\/sitio\/en\/wp-json\/wp\/v2\/media?parent=60241"}],"wp:term":[{"taxonomy":"category","embeddable":true,"href":"https:\/\/www.uartes.edu.ec\/sitio\/en\/wp-json\/wp\/v2\/categories?post=60241"},{"taxonomy":"post_tag","embeddable":true,"href":"https:\/\/www.uartes.edu.ec\/sitio\/en\/wp-json\/wp\/v2\/tags?post=60241"},{"taxonomy":"infouartes","embeddable":true,"href":"https:\/\/www.uartes.edu.ec\/sitio\/en\/wp-json\/wp\/v2\/infouartes?post=60241"}],"curies":[{"name":"wp","href":"https:\/\/api.w.org\/{rel}","templated":true}]}}