{"id":60735,"date":"2024-07-29T09:59:00","date_gmt":"2024-07-29T14:59:00","guid":{"rendered":"https:\/\/www.uartes.edu.ec\/sitio\/?p=60735"},"modified":"2024-10-21T15:33:51","modified_gmt":"2024-10-21T20:33:51","slug":"como-se-expresa-la-interdisciplinariedad-en-contextos-institucionales-tema-del-rector-william-herrera-en-simposio-de-ucuenca","status":"publish","type":"post","link":"https:\/\/www.uartes.edu.ec\/sitio\/en\/blog\/2024\/07\/29\/como-se-expresa-la-interdisciplinariedad-en-contextos-institucionales-tema-del-rector-william-herrera-en-simposio-de-ucuenca\/","title":{"rendered":"\u201c\u00bfC\u00f3mo se expresa la interdisciplinariedad en contextos institucionales?\u201d, an\u00e1lisis del rector de UArtes en simposio de UCuenca"},"content":{"rendered":"<p>Organizado por el Departamento Interdisciplinario de Espacio y Poblaci\u00f3n (DIEP) de la Universidad de Cuenca, se desarroll\u00f3 del 17 al 19 de julio en la capital azuaya el \u201clll Simposio de Espacio, Poblaci\u00f3n y Sostenibilidad\u201d, cita a la que nuestro rector, doctor William Herrera, fue invitado a participar para dictar junto a la rectora de la instituci\u00f3n anfitriona, doctora Augusta Hermida, una de las conferencias introductorias enmarcada en los retos y perspectivas de la interdisciplinariedad.<\/p>\n\n\n\n<p>Cabe anotar que, el DIEP de UCuenca celebra en este 2024 diez a\u00f1os y con el simposio busc\u00f3 reflejar esa d\u00e9cada de aprendizajes y avances, abordando las tem\u00e1ticas Habitar, Subsistir, Convivir y Crear como horizonte y reto, centr\u00e1ndose en puntos donde las dimensiones econ\u00f3micas, sociales, ambientales y culturales de la sostenibilidad se integran en la vida cotidiana de las personas.<\/p>\n\n\n\n<p>En su intervenci\u00f3n, el doctor Herrera reflexion\u00f3 acerca de \u201c\u00bfC\u00f3mo se expresa la interdisciplinariedad en contextos institucionales?\u201d, pregunta que dijo interpretar a partir de la experiencia individual y colectiva que ha significado participar en la construcci\u00f3n de la Universidad de las Artes del Ecuador.<\/p>\n\n\n<div class=\"wp-block-image\">\n<figure class=\"aligncenter size-large\"><img fetchpriority=\"high\" decoding=\"async\" width=\"644\" height=\"483\" src=\"https:\/\/www.uartes.edu.ec\/sitio\/wp-content\/uploads\/2024\/08\/simposio8-644x483.jpg\" alt=\"\" class=\"wp-image-60737\" srcset=\"https:\/\/www.uartes.edu.ec\/sitio\/wp-content\/uploads\/2024\/08\/simposio8-644x483.jpg 644w, https:\/\/www.uartes.edu.ec\/sitio\/wp-content\/uploads\/2024\/08\/simposio8-300x225.jpg 300w, https:\/\/www.uartes.edu.ec\/sitio\/wp-content\/uploads\/2024\/08\/simposio8-768x576.jpg 768w, https:\/\/www.uartes.edu.ec\/sitio\/wp-content\/uploads\/2024\/08\/simposio8-1536x1152.jpg 1536w, https:\/\/www.uartes.edu.ec\/sitio\/wp-content\/uploads\/2024\/08\/simposio8-16x12.jpg 16w, https:\/\/www.uartes.edu.ec\/sitio\/wp-content\/uploads\/2024\/08\/simposio8-400x300.jpg 400w, https:\/\/www.uartes.edu.ec\/sitio\/wp-content\/uploads\/2024\/08\/simposio8.jpg 2000w\" sizes=\"(max-width: 644px) 100vw, 644px\" \/><\/figure>\n<\/div>\n\n\n<p>La creaci\u00f3n por Ley de la UArtes en 2023 se inscribe en un entrelazamiento de diversos acontecimientos desde hace casi un siglo, en los que constan iniciativas impulsadas por artistas y formadores de artistas que han activado procesos de ense\u00f1anza y luchado por su reconocimiento. En el caso guayaquile\u00f1o, la fundaci\u00f3n en 1925 de la Escuela de Bellas Artes o la apertura en 1941 de la Escuela Municipal de Artes Pl\u00e1sticas, convertida tres d\u00e9cadas despu\u00e9s en el Colegio Municipal de Bellas Artes Juan Jos\u00e9 Plaza, y en la puesta en marcha del Instituto Superior Tecnol\u00f3gico de Artes del Ecuador, que se cre\u00f3 a inicios del siglo XXI y aport\u00f3 con infraestructura y propuestas curriculares, as\u00ed como con la circulaci\u00f3n, transferencia y presencia de sus propios artistas-docentes, personal administrativo y estudiantes, quienes tras un amplio proceso de homologaci\u00f3n formaron parte de las primeras promociones de las licenciaturas en Artes Visuales, Creaci\u00f3n Teatral y Producci\u00f3n Musical.<\/p>\n\n\n\n<p>Se conecta tambi\u00e9n con la historia de procesos de formaci\u00f3n superior en artes, como la Facultad de Artes de la Universidad Central o la Facultad de Artes de la Universidad de Cuenca, siendo instituciones donde se formaron \u2013a nivel de grado y posgrado\u2013 varios de los artistas docentes que fundaron y trabajan hoy en la Universidad de las Artes.<\/p>\n\n\n\n<p>El rector sum\u00f3 los procesos de educaci\u00f3n no formal, como los talleres de escritura y grabado y los laboratorios de teatro, que dejaron huella en los sectores art\u00edsticos y culturales de Guayaquil y del pa\u00eds, y que fueron determinantes para romper con las categor\u00edas decimon\u00f3nicas de \u201calta cultura\u201d y \u201cbaja cultura\u201d. El relato hist\u00f3rico podr\u00eda expandirse e inscribir a la Universidad de las Artes en la historia de los procesos de formaci\u00f3n superior en artes de Am\u00e9rica Latina, de Cuba, Colombia y Argentina, subray\u00f3.<\/p>\n\n\n<div class=\"wp-block-image\">\n<figure class=\"aligncenter size-large\"><img decoding=\"async\" width=\"644\" height=\"483\" src=\"https:\/\/www.uartes.edu.ec\/sitio\/wp-content\/uploads\/2024\/08\/simposio7-644x483.jpg\" alt=\"\" class=\"wp-image-60738\" srcset=\"https:\/\/www.uartes.edu.ec\/sitio\/wp-content\/uploads\/2024\/08\/simposio7-644x483.jpg 644w, https:\/\/www.uartes.edu.ec\/sitio\/wp-content\/uploads\/2024\/08\/simposio7-300x225.jpg 300w, https:\/\/www.uartes.edu.ec\/sitio\/wp-content\/uploads\/2024\/08\/simposio7-768x576.jpg 768w, https:\/\/www.uartes.edu.ec\/sitio\/wp-content\/uploads\/2024\/08\/simposio7-1536x1152.jpg 1536w, https:\/\/www.uartes.edu.ec\/sitio\/wp-content\/uploads\/2024\/08\/simposio7-16x12.jpg 16w, https:\/\/www.uartes.edu.ec\/sitio\/wp-content\/uploads\/2024\/08\/simposio7-400x300.jpg 400w, https:\/\/www.uartes.edu.ec\/sitio\/wp-content\/uploads\/2024\/08\/simposio7.jpg 2000w\" sizes=\"(max-width: 644px) 100vw, 644px\" \/><\/figure>\n<\/div>\n\n\n<p>Agreg\u00f3 que la creaci\u00f3n de la UArtes se materializa en un contexto pol\u00edtico, social e institucional determinado, en el que se crean tres otras universidades p\u00fablicas: la Universidad Nacional de Educaci\u00f3n, en la provincia del Ca\u00f1ar; la Universidad Regional Amaz\u00f3nica IKIAM, en la provincia de Napo; y la Universidad Yachay Tech, en la provincia de Imbabura.<\/p>\n\n\n\n<p>La creaci\u00f3n de estas cuatro universidades p\u00fablicas se caracteriza por la reforma del Sistema de Educaci\u00f3n Superior, en particular durante el gobierno de Rafael Correa, que se produce, adem\u00e1s, tras un periodo de m\u00e1s de quince a\u00f1os, caracterizado por un crecimiento exponencial de nuevas universidades particulares autofinanciadas. (\u2026) La creaci\u00f3n de estas cuatro universidades p\u00fablicas fue concebida como una de las estrategias para fomentar nuevos ecosistemas de innovaci\u00f3n, una econom\u00eda del conocimiento y en el caso espec\u00edfico de la UArtes como una pieza clave en los esquemas de fomento de emprendimientos e \u201cindustrias culturales\u201d, concepto que se moviliza con frecuencia en los \u00faltimos tiempos en los c\u00edrculos de la pol\u00edtica cultural del pa\u00eds, pero que est\u00e1 muy alejado de las heterog\u00e9neas realidades econ\u00f3micas de los sectores art\u00edsticos y culturales del pa\u00eds.<\/p>\n\n\n\n<p>Ante el desaf\u00edo de la valoraci\u00f3n de las formas de conocimiento sensible y la puesta en valor de lo singular de la investigaci\u00f3n art\u00edstica, la UArtes propone un marco que integra la indagaci\u00f3n no solo sobre las artes, sino en particular en artes, para las artes y a trav\u00e9s de las artes, como una fuente leg\u00edtima de conocimiento y un recurso reflexivo que tiende a la efectiva ampliaci\u00f3n de las fronteras de la ense\u00f1anza superior en artes por la v\u00eda de la experimentaci\u00f3n constante.<\/p>\n\n\n<div class=\"wp-block-image\">\n<figure class=\"aligncenter size-large\"><img decoding=\"async\" width=\"644\" height=\"483\" src=\"https:\/\/www.uartes.edu.ec\/sitio\/wp-content\/uploads\/2024\/08\/simposio3-644x483.jpg\" alt=\"\" class=\"wp-image-60739\" srcset=\"https:\/\/www.uartes.edu.ec\/sitio\/wp-content\/uploads\/2024\/08\/simposio3-644x483.jpg 644w, https:\/\/www.uartes.edu.ec\/sitio\/wp-content\/uploads\/2024\/08\/simposio3-300x225.jpg 300w, https:\/\/www.uartes.edu.ec\/sitio\/wp-content\/uploads\/2024\/08\/simposio3-768x576.jpg 768w, https:\/\/www.uartes.edu.ec\/sitio\/wp-content\/uploads\/2024\/08\/simposio3-1536x1152.jpg 1536w, https:\/\/www.uartes.edu.ec\/sitio\/wp-content\/uploads\/2024\/08\/simposio3-16x12.jpg 16w, https:\/\/www.uartes.edu.ec\/sitio\/wp-content\/uploads\/2024\/08\/simposio3-400x300.jpg 400w, https:\/\/www.uartes.edu.ec\/sitio\/wp-content\/uploads\/2024\/08\/simposio3.jpg 2000w\" sizes=\"(max-width: 644px) 100vw, 644px\" \/><\/figure>\n<\/div>\n\n\n<p>El rector William Herrera tambi\u00e9n se refiri\u00f3 al Modelo Educativo Pedag\u00f3gico UArtes, que ha representado casi diez a\u00f1os de discusi\u00f3n y se fundamenta en tres pilares esenciales: sentipensar, saber cuidar y saber crear. El \u201csentipensar\u201d hace referencia a la exploraci\u00f3n y reflexi\u00f3n sobre las emociones, experiencias y sensaciones y al uso de esa informaci\u00f3n como fuente de creaci\u00f3n y conocimientos, permitiendo explorar a trav\u00e9s de herramientas y t\u00e9cnicas art\u00edsticas desde los distintos \u00e1mbitos, f\u00edsicos y metaf\u00edsicos, y plantear preguntas cr\u00edticas, como nuestra construcci\u00f3n como seres individuales y en relaci\u00f3n con lxs otrxs.<\/p>\n\n\n\n<p>El \u201csaber cuidar\u201d nos env\u00eda a una \u00e9tica del cuidado. La educaci\u00f3n, especialmente desde las artes y la educaci\u00f3n sensible, se compromete con el mantenimiento y la valoraci\u00f3n de la vida y el trabajo en todas sus manifestaciones, incluyendo la creatividad, las sensibilidades, las relaciones afectivas y las incidencias del conocimiento en la sociedad.<\/p>\n\n\n\n<p>El \u201csaber crear\u201d enfatiza que el conocimiento no solo se adquiere a trav\u00e9s de procesos abstractos, sino de experiencias directas y concretas, y que la potencialidad de aprender est\u00e1 tanto en el sujeto como en la colectividad que experimenta, desde sus m\u00faltiples dimensiones. Los enfoques interdisciplinarios permiten a los estudiantes abordar problemas complejos desde m\u00faltiples perspectivas, equip\u00e1ndolos con habilidades pr\u00e1cticas y un entendimiento amplio y cr\u00edtico del mundo. <\/p>\n\n\n\n<p>Todo esto toma sentido, en el caso de la Universidad de las Artes, cuando est\u00e1 profundamente vinculado a dos dimensiones claves que nos conectan con la sociedad ecuatoriana: la interculturalidad, es decir, la promoci\u00f3n de modelos de convivencia cultural, de aprendizaje y de desarrollo de los saberes basado en el respeto, la aceptaci\u00f3n y la interacci\u00f3n enriquecedora con el otro, con lo distinto; y el ejercicio de los derechos culturales. Finalmente, la principal apuesta es construir una universidad que defienda y promueva una agenda por los derechos: el derecho a la educaci\u00f3n, a la cultura, al ocio, a la vida y a una vida digna.<\/p>\n\n\n<div class=\"wp-block-image\">\n<figure class=\"aligncenter size-large\"><img loading=\"lazy\" decoding=\"async\" width=\"644\" height=\"483\" src=\"https:\/\/www.uartes.edu.ec\/sitio\/wp-content\/uploads\/2024\/08\/simposio4-644x483.jpg\" alt=\"\" class=\"wp-image-60740\" srcset=\"https:\/\/www.uartes.edu.ec\/sitio\/wp-content\/uploads\/2024\/08\/simposio4-644x483.jpg 644w, https:\/\/www.uartes.edu.ec\/sitio\/wp-content\/uploads\/2024\/08\/simposio4-300x225.jpg 300w, https:\/\/www.uartes.edu.ec\/sitio\/wp-content\/uploads\/2024\/08\/simposio4-768x576.jpg 768w, https:\/\/www.uartes.edu.ec\/sitio\/wp-content\/uploads\/2024\/08\/simposio4-1536x1152.jpg 1536w, https:\/\/www.uartes.edu.ec\/sitio\/wp-content\/uploads\/2024\/08\/simposio4-16x12.jpg 16w, https:\/\/www.uartes.edu.ec\/sitio\/wp-content\/uploads\/2024\/08\/simposio4-400x300.jpg 400w, https:\/\/www.uartes.edu.ec\/sitio\/wp-content\/uploads\/2024\/08\/simposio4.jpg 2000w\" sizes=\"(max-width: 644px) 100vw, 644px\" \/><\/figure>\n<\/div>\n\n\n<p>Fotos: cuenta de la red social de Facebook de la Universidad de Cuenca.<\/p>","protected":false},"excerpt":{"rendered":"<p>Organizado por el Departamento Interdisciplinario de Espacio y Poblaci\u00f3n de UCuenca, se desarroll\u00f3 en la capital azuaya el \u201clll Simposio de Espacio, Poblaci\u00f3n y Sostenibilidad\u201d. El rector William Herrera reflexion\u00f3 acerca de \u201c\u00bfC\u00f3mo se expresa la interdisciplinariedad en contextos institucionales?\u201d. Lo hizo, dijo, a partir de la experiencia individual y colectiva que ha significado participar en la construcci\u00f3n de la UArtes del Ecuador.<\/p>","protected":false},"author":10,"featured_media":60736,"comment_status":"open","ping_status":"open","sticky":false,"template":"","format":"standard","meta":{"_acf_changed":false,"_uag_custom_page_level_css":"","_monsterinsights_skip_tracking":false,"_monsterinsights_sitenote_active":false,"_monsterinsights_sitenote_note":"","_monsterinsights_sitenote_category":0,"cybocfi_hide_featured_image":"","footnotes":""},"categories":[80,77,84,79],"tags":[1256],"infouartes":[1287],"class_list":["post-60735","post","type-post","status-publish","format-standard","has-post-thumbnail","hentry","category-academico","category-gestion","category-rectorado","category-vinculo","tag-conferencia","infouartes-somos-uartes"],"acf":[],"yoast_head":"<!-- This site is optimized with the Yoast SEO plugin v27.4 - https:\/\/yoast.com\/product\/yoast-seo-wordpress\/ -->\n<title>Universidad de las Artes - \u201c\u00bfC\u00f3mo se expresa la interdisciplinariedad en contextos institucionales?\u201d, an\u00e1lisis del rector de UArtes en simposio de UCuenca<\/title>\n<meta name=\"description\" content=\"Universidad de las Artes - \u201c\u00bfC\u00f3mo se expresa la interdisciplinariedad en contextos institucionales?\u201d, an\u00e1lisis del rector de UArtes en simposio de UCuenca\" \/>\n<meta name=\"robots\" content=\"index, follow, max-snippet:-1, max-image-preview:large, max-video-preview:-1\" \/>\n<link rel=\"canonical\" href=\"https:\/\/www.uartes.edu.ec\/sitio\/en\/blog\/2024\/07\/29\/como-se-expresa-la-interdisciplinariedad-en-contextos-institucionales-tema-del-rector-william-herrera-en-simposio-de-ucuenca\/\" \/>\n<meta property=\"og:locale\" content=\"en_US\" \/>\n<meta property=\"og:type\" content=\"article\" \/>\n<meta property=\"og:title\" content=\"Universidad de las Artes - \u201c\u00bfC\u00f3mo se expresa la interdisciplinariedad en contextos institucionales?\u201d, an\u00e1lisis del rector de UArtes en simposio de UCuenca\" \/>\n<meta property=\"og:description\" content=\"Universidad de las Artes - \u201c\u00bfC\u00f3mo se expresa la interdisciplinariedad en contextos institucionales?\u201d, an\u00e1lisis del rector de UArtes en simposio de UCuenca\" \/>\n<meta property=\"og:url\" content=\"https:\/\/www.uartes.edu.ec\/sitio\/en\/blog\/2024\/07\/29\/como-se-expresa-la-interdisciplinariedad-en-contextos-institucionales-tema-del-rector-william-herrera-en-simposio-de-ucuenca\/\" \/>\n<meta property=\"og:site_name\" content=\"Universidad de las Artes\" \/>\n<meta property=\"article:publisher\" content=\"https:\/\/www.facebook.com\/uartesec\" \/>\n<meta property=\"article:published_time\" content=\"2024-07-29T14:59:00+00:00\" \/>\n<meta property=\"article:modified_time\" content=\"2024-10-21T20:33:51+00:00\" \/>\n<meta property=\"og:image\" content=\"https:\/\/www.uartes.edu.ec\/sitio\/wp-content\/uploads\/2024\/08\/simposio5.jpg\" \/>\n\t<meta property=\"og:image:width\" content=\"2000\" \/>\n\t<meta property=\"og:image:height\" content=\"1500\" \/>\n\t<meta property=\"og:image:type\" content=\"image\/jpeg\" \/>\n<meta name=\"author\" content=\"ccortez\" \/>\n<meta name=\"twitter:card\" content=\"summary_large_image\" \/>\n<meta name=\"twitter:creator\" content=\"@uartesec\" \/>\n<meta name=\"twitter:site\" content=\"@uartesec\" \/>\n<meta name=\"twitter:label1\" content=\"Written by\" \/>\n\t<meta name=\"twitter:data1\" content=\"ccortez\" \/>\n\t<meta name=\"twitter:label2\" content=\"Est. reading time\" \/>\n\t<meta name=\"twitter:data2\" content=\"6 minutes\" \/>\n<script type=\"application\/ld+json\" class=\"yoast-schema-graph\">{\"@context\":\"https:\\\/\\\/schema.org\",\"@graph\":[{\"@type\":\"Article\",\"@id\":\"https:\\\/\\\/www.uartes.edu.ec\\\/sitio\\\/en\\\/blog\\\/2024\\\/07\\\/29\\\/como-se-expresa-la-interdisciplinariedad-en-contextos-institucionales-tema-del-rector-william-herrera-en-simposio-de-ucuenca\\\/#article\",\"isPartOf\":{\"@id\":\"https:\\\/\\\/www.uartes.edu.ec\\\/sitio\\\/en\\\/blog\\\/2024\\\/07\\\/29\\\/como-se-expresa-la-interdisciplinariedad-en-contextos-institucionales-tema-del-rector-william-herrera-en-simposio-de-ucuenca\\\/\"},\"author\":{\"name\":\"ccortez\",\"@id\":\"https:\\\/\\\/www.uartes.edu.ec\\\/sitio\\\/en\\\/#\\\/schema\\\/person\\\/efa1b8275797664fd7f13a79ccc0b1f4\"},\"headline\":\"\u201c\u00bfC\u00f3mo se expresa la interdisciplinariedad en contextos institucionales?\u201d, an\u00e1lisis del rector de UArtes en simposio de UCuenca\",\"datePublished\":\"2024-07-29T14:59:00+00:00\",\"dateModified\":\"2024-10-21T20:33:51+00:00\",\"mainEntityOfPage\":{\"@id\":\"https:\\\/\\\/www.uartes.edu.ec\\\/sitio\\\/en\\\/blog\\\/2024\\\/07\\\/29\\\/como-se-expresa-la-interdisciplinariedad-en-contextos-institucionales-tema-del-rector-william-herrera-en-simposio-de-ucuenca\\\/\"},\"wordCount\":1190,\"commentCount\":0,\"publisher\":{\"@id\":\"https:\\\/\\\/www.uartes.edu.ec\\\/sitio\\\/en\\\/#organization\"},\"image\":{\"@id\":\"https:\\\/\\\/www.uartes.edu.ec\\\/sitio\\\/en\\\/blog\\\/2024\\\/07\\\/29\\\/como-se-expresa-la-interdisciplinariedad-en-contextos-institucionales-tema-del-rector-william-herrera-en-simposio-de-ucuenca\\\/#primaryimage\"},\"thumbnailUrl\":\"https:\\\/\\\/www.uartes.edu.ec\\\/sitio\\\/wp-content\\\/uploads\\\/2024\\\/08\\\/simposio5.jpg\",\"keywords\":[\"conferencia\"],\"articleSection\":[\"Acad\u00e9mico\",\"Gesti\u00f3n\",\"Rectorado\",\"V\u00ednculo\"],\"inLanguage\":\"en-US\",\"potentialAction\":[{\"@type\":\"CommentAction\",\"name\":\"Comment\",\"target\":[\"https:\\\/\\\/www.uartes.edu.ec\\\/sitio\\\/en\\\/blog\\\/2024\\\/07\\\/29\\\/como-se-expresa-la-interdisciplinariedad-en-contextos-institucionales-tema-del-rector-william-herrera-en-simposio-de-ucuenca\\\/#respond\"]}]},{\"@type\":[\"WebPage\",\"ItemPage\"],\"@id\":\"https:\\\/\\\/www.uartes.edu.ec\\\/sitio\\\/en\\\/blog\\\/2024\\\/07\\\/29\\\/como-se-expresa-la-interdisciplinariedad-en-contextos-institucionales-tema-del-rector-william-herrera-en-simposio-de-ucuenca\\\/\",\"url\":\"https:\\\/\\\/www.uartes.edu.ec\\\/sitio\\\/en\\\/blog\\\/2024\\\/07\\\/29\\\/como-se-expresa-la-interdisciplinariedad-en-contextos-institucionales-tema-del-rector-william-herrera-en-simposio-de-ucuenca\\\/\",\"name\":\"Universidad de las Artes - \u201c\u00bfC\u00f3mo se expresa la interdisciplinariedad en contextos institucionales?\u201d, an\u00e1lisis del rector de UArtes en simposio de UCuenca\",\"isPartOf\":{\"@id\":\"https:\\\/\\\/www.uartes.edu.ec\\\/sitio\\\/en\\\/#website\"},\"primaryImageOfPage\":{\"@id\":\"https:\\\/\\\/www.uartes.edu.ec\\\/sitio\\\/en\\\/blog\\\/2024\\\/07\\\/29\\\/como-se-expresa-la-interdisciplinariedad-en-contextos-institucionales-tema-del-rector-william-herrera-en-simposio-de-ucuenca\\\/#primaryimage\"},\"image\":{\"@id\":\"https:\\\/\\\/www.uartes.edu.ec\\\/sitio\\\/en\\\/blog\\\/2024\\\/07\\\/29\\\/como-se-expresa-la-interdisciplinariedad-en-contextos-institucionales-tema-del-rector-william-herrera-en-simposio-de-ucuenca\\\/#primaryimage\"},\"thumbnailUrl\":\"https:\\\/\\\/www.uartes.edu.ec\\\/sitio\\\/wp-content\\\/uploads\\\/2024\\\/08\\\/simposio5.jpg\",\"datePublished\":\"2024-07-29T14:59:00+00:00\",\"dateModified\":\"2024-10-21T20:33:51+00:00\",\"description\":\"Universidad de las Artes - \u201c\u00bfC\u00f3mo se expresa la interdisciplinariedad en contextos institucionales?\u201d, an\u00e1lisis del rector de UArtes en simposio de UCuenca\",\"breadcrumb\":{\"@id\":\"https:\\\/\\\/www.uartes.edu.ec\\\/sitio\\\/en\\\/blog\\\/2024\\\/07\\\/29\\\/como-se-expresa-la-interdisciplinariedad-en-contextos-institucionales-tema-del-rector-william-herrera-en-simposio-de-ucuenca\\\/#breadcrumb\"},\"inLanguage\":\"en-US\",\"potentialAction\":[{\"@type\":\"ReadAction\",\"target\":[\"https:\\\/\\\/www.uartes.edu.ec\\\/sitio\\\/en\\\/blog\\\/2024\\\/07\\\/29\\\/como-se-expresa-la-interdisciplinariedad-en-contextos-institucionales-tema-del-rector-william-herrera-en-simposio-de-ucuenca\\\/\"]}]},{\"@type\":\"ImageObject\",\"inLanguage\":\"en-US\",\"@id\":\"https:\\\/\\\/www.uartes.edu.ec\\\/sitio\\\/en\\\/blog\\\/2024\\\/07\\\/29\\\/como-se-expresa-la-interdisciplinariedad-en-contextos-institucionales-tema-del-rector-william-herrera-en-simposio-de-ucuenca\\\/#primaryimage\",\"url\":\"https:\\\/\\\/www.uartes.edu.ec\\\/sitio\\\/wp-content\\\/uploads\\\/2024\\\/08\\\/simposio5.jpg\",\"contentUrl\":\"https:\\\/\\\/www.uartes.edu.ec\\\/sitio\\\/wp-content\\\/uploads\\\/2024\\\/08\\\/simposio5.jpg\",\"width\":2000,\"height\":1500},{\"@type\":\"BreadcrumbList\",\"@id\":\"https:\\\/\\\/www.uartes.edu.ec\\\/sitio\\\/en\\\/blog\\\/2024\\\/07\\\/29\\\/como-se-expresa-la-interdisciplinariedad-en-contextos-institucionales-tema-del-rector-william-herrera-en-simposio-de-ucuenca\\\/#breadcrumb\",\"itemListElement\":[{\"@type\":\"ListItem\",\"position\":1,\"name\":\"Inicio\",\"item\":\"https:\\\/\\\/www.uartes.edu.ec\\\/sitio\\\/\"},{\"@type\":\"ListItem\",\"position\":2,\"name\":\"\u201c\u00bfC\u00f3mo se expresa la interdisciplinariedad en contextos institucionales?\u201d, an\u00e1lisis del rector de UArtes en simposio de UCuenca\"}]},{\"@type\":\"WebSite\",\"@id\":\"https:\\\/\\\/www.uartes.edu.ec\\\/sitio\\\/en\\\/#website\",\"url\":\"https:\\\/\\\/www.uartes.edu.ec\\\/sitio\\\/en\\\/\",\"name\":\"Universidad de las Artes\",\"description\":\"Sitio oficial de la Universidad Nacional de las Artes del Ecuador\",\"publisher\":{\"@id\":\"https:\\\/\\\/www.uartes.edu.ec\\\/sitio\\\/en\\\/#organization\"},\"potentialAction\":[{\"@type\":\"SearchAction\",\"target\":{\"@type\":\"EntryPoint\",\"urlTemplate\":\"https:\\\/\\\/www.uartes.edu.ec\\\/sitio\\\/en\\\/?s={search_term_string}\"},\"query-input\":{\"@type\":\"PropertyValueSpecification\",\"valueRequired\":true,\"valueName\":\"search_term_string\"}}],\"inLanguage\":\"en-US\"},{\"@type\":\"Organization\",\"@id\":\"https:\\\/\\\/www.uartes.edu.ec\\\/sitio\\\/en\\\/#organization\",\"name\":\"Universidad de las Artes\",\"url\":\"https:\\\/\\\/www.uartes.edu.ec\\\/sitio\\\/en\\\/\",\"logo\":{\"@type\":\"ImageObject\",\"inLanguage\":\"en-US\",\"@id\":\"https:\\\/\\\/www.uartes.edu.ec\\\/sitio\\\/en\\\/#\\\/schema\\\/logo\\\/image\\\/\",\"url\":\"https:\\\/\\\/www.uartes.edu.ec\\\/sitio\\\/wp-content\\\/uploads\\\/2022\\\/07\\\/logo-ua-horizontal.png\",\"contentUrl\":\"https:\\\/\\\/www.uartes.edu.ec\\\/sitio\\\/wp-content\\\/uploads\\\/2022\\\/07\\\/logo-ua-horizontal.png\",\"width\":800,\"height\":276,\"caption\":\"Universidad de las Artes\"},\"image\":{\"@id\":\"https:\\\/\\\/www.uartes.edu.ec\\\/sitio\\\/en\\\/#\\\/schema\\\/logo\\\/image\\\/\"},\"sameAs\":[\"https:\\\/\\\/www.facebook.com\\\/uartesec\",\"https:\\\/\\\/x.com\\\/uartesec\",\"https:\\\/\\\/www.tiktok.com\\\/@uartesec\"]},{\"@type\":\"Person\",\"@id\":\"https:\\\/\\\/www.uartes.edu.ec\\\/sitio\\\/en\\\/#\\\/schema\\\/person\\\/efa1b8275797664fd7f13a79ccc0b1f4\",\"name\":\"ccortez\",\"image\":{\"@type\":\"ImageObject\",\"inLanguage\":\"en-US\",\"@id\":\"https:\\\/\\\/secure.gravatar.com\\\/avatar\\\/b2a6f664a3ae8e074346ef91775736c5ec479e637ecced6842de9dc98b5da9cd?s=96&d=mm&r=g\",\"url\":\"https:\\\/\\\/secure.gravatar.com\\\/avatar\\\/b2a6f664a3ae8e074346ef91775736c5ec479e637ecced6842de9dc98b5da9cd?s=96&d=mm&r=g\",\"contentUrl\":\"https:\\\/\\\/secure.gravatar.com\\\/avatar\\\/b2a6f664a3ae8e074346ef91775736c5ec479e637ecced6842de9dc98b5da9cd?s=96&d=mm&r=g\",\"caption\":\"ccortez\"},\"url\":\"https:\\\/\\\/www.uartes.edu.ec\\\/sitio\\\/en\\\/blog\\\/author\\\/ccortez\\\/\"}]}<\/script>\n<!-- \/ Yoast SEO plugin. -->","yoast_head_json":{"title":"Universidad de las Artes - \u201c\u00bfC\u00f3mo se expresa la interdisciplinariedad en contextos institucionales?\u201d, an\u00e1lisis del rector de UArtes en simposio de UCuenca","description":"Universidad de las Artes - \u201c\u00bfC\u00f3mo se expresa la interdisciplinariedad en contextos institucionales?\u201d, an\u00e1lisis del rector de UArtes en simposio de UCuenca","robots":{"index":"index","follow":"follow","max-snippet":"max-snippet:-1","max-image-preview":"max-image-preview:large","max-video-preview":"max-video-preview:-1"},"canonical":"https:\/\/www.uartes.edu.ec\/sitio\/en\/blog\/2024\/07\/29\/como-se-expresa-la-interdisciplinariedad-en-contextos-institucionales-tema-del-rector-william-herrera-en-simposio-de-ucuenca\/","og_locale":"en_US","og_type":"article","og_title":"Universidad de las Artes - \u201c\u00bfC\u00f3mo se expresa la interdisciplinariedad en contextos institucionales?\u201d, an\u00e1lisis del rector de UArtes en simposio de UCuenca","og_description":"Universidad de las Artes - \u201c\u00bfC\u00f3mo se expresa la interdisciplinariedad en contextos institucionales?\u201d, an\u00e1lisis del rector de UArtes en simposio de UCuenca","og_url":"https:\/\/www.uartes.edu.ec\/sitio\/en\/blog\/2024\/07\/29\/como-se-expresa-la-interdisciplinariedad-en-contextos-institucionales-tema-del-rector-william-herrera-en-simposio-de-ucuenca\/","og_site_name":"Universidad de las Artes","article_publisher":"https:\/\/www.facebook.com\/uartesec","article_published_time":"2024-07-29T14:59:00+00:00","article_modified_time":"2024-10-21T20:33:51+00:00","og_image":[{"width":2000,"height":1500,"url":"https:\/\/www.uartes.edu.ec\/sitio\/wp-content\/uploads\/2024\/08\/simposio5.jpg","type":"image\/jpeg"}],"author":"ccortez","twitter_card":"summary_large_image","twitter_creator":"@uartesec","twitter_site":"@uartesec","twitter_misc":{"Written by":"ccortez","Est. reading time":"6 minutes"},"schema":{"@context":"https:\/\/schema.org","@graph":[{"@type":"Article","@id":"https:\/\/www.uartes.edu.ec\/sitio\/en\/blog\/2024\/07\/29\/como-se-expresa-la-interdisciplinariedad-en-contextos-institucionales-tema-del-rector-william-herrera-en-simposio-de-ucuenca\/#article","isPartOf":{"@id":"https:\/\/www.uartes.edu.ec\/sitio\/en\/blog\/2024\/07\/29\/como-se-expresa-la-interdisciplinariedad-en-contextos-institucionales-tema-del-rector-william-herrera-en-simposio-de-ucuenca\/"},"author":{"name":"ccortez","@id":"https:\/\/www.uartes.edu.ec\/sitio\/en\/#\/schema\/person\/efa1b8275797664fd7f13a79ccc0b1f4"},"headline":"\u201c\u00bfC\u00f3mo se expresa la interdisciplinariedad en contextos institucionales?\u201d, an\u00e1lisis del rector de UArtes en simposio de UCuenca","datePublished":"2024-07-29T14:59:00+00:00","dateModified":"2024-10-21T20:33:51+00:00","mainEntityOfPage":{"@id":"https:\/\/www.uartes.edu.ec\/sitio\/en\/blog\/2024\/07\/29\/como-se-expresa-la-interdisciplinariedad-en-contextos-institucionales-tema-del-rector-william-herrera-en-simposio-de-ucuenca\/"},"wordCount":1190,"commentCount":0,"publisher":{"@id":"https:\/\/www.uartes.edu.ec\/sitio\/en\/#organization"},"image":{"@id":"https:\/\/www.uartes.edu.ec\/sitio\/en\/blog\/2024\/07\/29\/como-se-expresa-la-interdisciplinariedad-en-contextos-institucionales-tema-del-rector-william-herrera-en-simposio-de-ucuenca\/#primaryimage"},"thumbnailUrl":"https:\/\/www.uartes.edu.ec\/sitio\/wp-content\/uploads\/2024\/08\/simposio5.jpg","keywords":["conferencia"],"articleSection":["Acad\u00e9mico","Gesti\u00f3n","Rectorado","V\u00ednculo"],"inLanguage":"en-US","potentialAction":[{"@type":"CommentAction","name":"Comment","target":["https:\/\/www.uartes.edu.ec\/sitio\/en\/blog\/2024\/07\/29\/como-se-expresa-la-interdisciplinariedad-en-contextos-institucionales-tema-del-rector-william-herrera-en-simposio-de-ucuenca\/#respond"]}]},{"@type":["WebPage","ItemPage"],"@id":"https:\/\/www.uartes.edu.ec\/sitio\/en\/blog\/2024\/07\/29\/como-se-expresa-la-interdisciplinariedad-en-contextos-institucionales-tema-del-rector-william-herrera-en-simposio-de-ucuenca\/","url":"https:\/\/www.uartes.edu.ec\/sitio\/en\/blog\/2024\/07\/29\/como-se-expresa-la-interdisciplinariedad-en-contextos-institucionales-tema-del-rector-william-herrera-en-simposio-de-ucuenca\/","name":"Universidad de las Artes - \u201c\u00bfC\u00f3mo se expresa la interdisciplinariedad en contextos institucionales?\u201d, an\u00e1lisis del rector de UArtes en simposio de UCuenca","isPartOf":{"@id":"https:\/\/www.uartes.edu.ec\/sitio\/en\/#website"},"primaryImageOfPage":{"@id":"https:\/\/www.uartes.edu.ec\/sitio\/en\/blog\/2024\/07\/29\/como-se-expresa-la-interdisciplinariedad-en-contextos-institucionales-tema-del-rector-william-herrera-en-simposio-de-ucuenca\/#primaryimage"},"image":{"@id":"https:\/\/www.uartes.edu.ec\/sitio\/en\/blog\/2024\/07\/29\/como-se-expresa-la-interdisciplinariedad-en-contextos-institucionales-tema-del-rector-william-herrera-en-simposio-de-ucuenca\/#primaryimage"},"thumbnailUrl":"https:\/\/www.uartes.edu.ec\/sitio\/wp-content\/uploads\/2024\/08\/simposio5.jpg","datePublished":"2024-07-29T14:59:00+00:00","dateModified":"2024-10-21T20:33:51+00:00","description":"Universidad de las Artes - \u201c\u00bfC\u00f3mo se expresa la interdisciplinariedad en contextos institucionales?\u201d, an\u00e1lisis del rector de UArtes en simposio de UCuenca","breadcrumb":{"@id":"https:\/\/www.uartes.edu.ec\/sitio\/en\/blog\/2024\/07\/29\/como-se-expresa-la-interdisciplinariedad-en-contextos-institucionales-tema-del-rector-william-herrera-en-simposio-de-ucuenca\/#breadcrumb"},"inLanguage":"en-US","potentialAction":[{"@type":"ReadAction","target":["https:\/\/www.uartes.edu.ec\/sitio\/en\/blog\/2024\/07\/29\/como-se-expresa-la-interdisciplinariedad-en-contextos-institucionales-tema-del-rector-william-herrera-en-simposio-de-ucuenca\/"]}]},{"@type":"ImageObject","inLanguage":"en-US","@id":"https:\/\/www.uartes.edu.ec\/sitio\/en\/blog\/2024\/07\/29\/como-se-expresa-la-interdisciplinariedad-en-contextos-institucionales-tema-del-rector-william-herrera-en-simposio-de-ucuenca\/#primaryimage","url":"https:\/\/www.uartes.edu.ec\/sitio\/wp-content\/uploads\/2024\/08\/simposio5.jpg","contentUrl":"https:\/\/www.uartes.edu.ec\/sitio\/wp-content\/uploads\/2024\/08\/simposio5.jpg","width":2000,"height":1500},{"@type":"BreadcrumbList","@id":"https:\/\/www.uartes.edu.ec\/sitio\/en\/blog\/2024\/07\/29\/como-se-expresa-la-interdisciplinariedad-en-contextos-institucionales-tema-del-rector-william-herrera-en-simposio-de-ucuenca\/#breadcrumb","itemListElement":[{"@type":"ListItem","position":1,"name":"Inicio","item":"https:\/\/www.uartes.edu.ec\/sitio\/"},{"@type":"ListItem","position":2,"name":"\u201c\u00bfC\u00f3mo se expresa la interdisciplinariedad en contextos institucionales?\u201d, an\u00e1lisis del rector de UArtes en simposio de UCuenca"}]},{"@type":"WebSite","@id":"https:\/\/www.uartes.edu.ec\/sitio\/en\/#website","url":"https:\/\/www.uartes.edu.ec\/sitio\/en\/","name":"Universidad de las Artes","description":"Sitio oficial de la Universidad Nacional de las Artes del Ecuador","publisher":{"@id":"https:\/\/www.uartes.edu.ec\/sitio\/en\/#organization"},"potentialAction":[{"@type":"SearchAction","target":{"@type":"EntryPoint","urlTemplate":"https:\/\/www.uartes.edu.ec\/sitio\/en\/?s={search_term_string}"},"query-input":{"@type":"PropertyValueSpecification","valueRequired":true,"valueName":"search_term_string"}}],"inLanguage":"en-US"},{"@type":"Organization","@id":"https:\/\/www.uartes.edu.ec\/sitio\/en\/#organization","name":"Universidad de las Artes","url":"https:\/\/www.uartes.edu.ec\/sitio\/en\/","logo":{"@type":"ImageObject","inLanguage":"en-US","@id":"https:\/\/www.uartes.edu.ec\/sitio\/en\/#\/schema\/logo\/image\/","url":"https:\/\/www.uartes.edu.ec\/sitio\/wp-content\/uploads\/2022\/07\/logo-ua-horizontal.png","contentUrl":"https:\/\/www.uartes.edu.ec\/sitio\/wp-content\/uploads\/2022\/07\/logo-ua-horizontal.png","width":800,"height":276,"caption":"Universidad de las Artes"},"image":{"@id":"https:\/\/www.uartes.edu.ec\/sitio\/en\/#\/schema\/logo\/image\/"},"sameAs":["https:\/\/www.facebook.com\/uartesec","https:\/\/x.com\/uartesec","https:\/\/www.tiktok.com\/@uartesec"]},{"@type":"Person","@id":"https:\/\/www.uartes.edu.ec\/sitio\/en\/#\/schema\/person\/efa1b8275797664fd7f13a79ccc0b1f4","name":"ccortez","image":{"@type":"ImageObject","inLanguage":"en-US","@id":"https:\/\/secure.gravatar.com\/avatar\/b2a6f664a3ae8e074346ef91775736c5ec479e637ecced6842de9dc98b5da9cd?s=96&d=mm&r=g","url":"https:\/\/secure.gravatar.com\/avatar\/b2a6f664a3ae8e074346ef91775736c5ec479e637ecced6842de9dc98b5da9cd?s=96&d=mm&r=g","contentUrl":"https:\/\/secure.gravatar.com\/avatar\/b2a6f664a3ae8e074346ef91775736c5ec479e637ecced6842de9dc98b5da9cd?s=96&d=mm&r=g","caption":"ccortez"},"url":"https:\/\/www.uartes.edu.ec\/sitio\/en\/blog\/author\/ccortez\/"}]}},"uagb_featured_image_src":{"full":["https:\/\/www.uartes.edu.ec\/sitio\/wp-content\/uploads\/2024\/08\/simposio5.jpg",2000,1500,false],"thumbnail":["https:\/\/www.uartes.edu.ec\/sitio\/wp-content\/uploads\/2024\/08\/simposio5-150x150.jpg",150,150,true],"medium":["https:\/\/www.uartes.edu.ec\/sitio\/wp-content\/uploads\/2024\/08\/simposio5-300x225.jpg",300,225,true],"medium_large":["https:\/\/www.uartes.edu.ec\/sitio\/wp-content\/uploads\/2024\/08\/simposio5-768x576.jpg",768,576,true],"large":["https:\/\/www.uartes.edu.ec\/sitio\/wp-content\/uploads\/2024\/08\/simposio5-644x483.jpg",644,483,true],"1536x1536":["https:\/\/www.uartes.edu.ec\/sitio\/wp-content\/uploads\/2024\/08\/simposio5-1536x1152.jpg",1536,1152,true],"2048x2048":["https:\/\/www.uartes.edu.ec\/sitio\/wp-content\/uploads\/2024\/08\/simposio5.jpg",2000,1500,false],"trp-custom-language-flag":["https:\/\/www.uartes.edu.ec\/sitio\/wp-content\/uploads\/2024\/08\/simposio5-16x12.jpg",16,12,true],"htmega_size_585x295":["https:\/\/www.uartes.edu.ec\/sitio\/wp-content\/uploads\/2024\/08\/simposio5-585x295.jpg",585,295,true],"htmega_size_1170x536":["https:\/\/www.uartes.edu.ec\/sitio\/wp-content\/uploads\/2024\/08\/simposio5-1170x536.jpg",1170,536,true],"htmega_size_396x360":["https:\/\/www.uartes.edu.ec\/sitio\/wp-content\/uploads\/2024\/08\/simposio5-396x360.jpg",396,360,true],"gb-block-post-grid-landscape":["https:\/\/www.uartes.edu.ec\/sitio\/wp-content\/uploads\/2024\/08\/simposio5-600x400.jpg",600,400,true],"gb-block-post-grid-square":["https:\/\/www.uartes.edu.ec\/sitio\/wp-content\/uploads\/2024\/08\/simposio5-600x600.jpg",600,600,true],"university-hub-thumb":["https:\/\/www.uartes.edu.ec\/sitio\/wp-content\/uploads\/2024\/08\/simposio5-400x300.jpg",400,300,true]},"uagb_author_info":{"display_name":"ccortez","author_link":"https:\/\/www.uartes.edu.ec\/sitio\/en\/blog\/author\/ccortez\/"},"uagb_comment_info":0,"uagb_excerpt":"Organizado por el Departamento Interdisciplinario de Espacio y Poblaci\u00f3n de UCuenca, se desarroll\u00f3 en la capital azuaya el \u201clll Simposio de Espacio, Poblaci\u00f3n y Sostenibilidad\u201d. El rector William Herrera reflexion\u00f3 acerca de \u201c\u00bfC\u00f3mo se expresa la interdisciplinariedad en contextos institucionales?\u201d. Lo hizo, dijo, a partir de la experiencia individual y colectiva que ha significado participar&hellip;","featured_image_src":"https:\/\/www.uartes.edu.ec\/sitio\/wp-content\/uploads\/2024\/08\/simposio5-600x400.jpg","featured_image_src_square":"https:\/\/www.uartes.edu.ec\/sitio\/wp-content\/uploads\/2024\/08\/simposio5-600x600.jpg","author_info":{"display_name":"ccortez","author_link":"https:\/\/www.uartes.edu.ec\/sitio\/en\/blog\/author\/ccortez\/"},"publishpress_future_workflow_manual_trigger":{"enabledWorkflows":[]},"distributor_meta":false,"distributor_terms":false,"distributor_media":false,"distributor_original_site_name":"Universidad de las Artes","distributor_original_site_url":"https:\/\/www.uartes.edu.ec\/sitio\/en","push-errors":false,"_links":{"self":[{"href":"https:\/\/www.uartes.edu.ec\/sitio\/en\/wp-json\/wp\/v2\/posts\/60735","targetHints":{"allow":["GET"]}}],"collection":[{"href":"https:\/\/www.uartes.edu.ec\/sitio\/en\/wp-json\/wp\/v2\/posts"}],"about":[{"href":"https:\/\/www.uartes.edu.ec\/sitio\/en\/wp-json\/wp\/v2\/types\/post"}],"author":[{"embeddable":true,"href":"https:\/\/www.uartes.edu.ec\/sitio\/en\/wp-json\/wp\/v2\/users\/10"}],"replies":[{"embeddable":true,"href":"https:\/\/www.uartes.edu.ec\/sitio\/en\/wp-json\/wp\/v2\/comments?post=60735"}],"version-history":[{"count":16,"href":"https:\/\/www.uartes.edu.ec\/sitio\/en\/wp-json\/wp\/v2\/posts\/60735\/revisions"}],"predecessor-version":[{"id":60769,"href":"https:\/\/www.uartes.edu.ec\/sitio\/en\/wp-json\/wp\/v2\/posts\/60735\/revisions\/60769"}],"wp:featuredmedia":[{"embeddable":true,"href":"https:\/\/www.uartes.edu.ec\/sitio\/en\/wp-json\/wp\/v2\/media\/60736"}],"wp:attachment":[{"href":"https:\/\/www.uartes.edu.ec\/sitio\/en\/wp-json\/wp\/v2\/media?parent=60735"}],"wp:term":[{"taxonomy":"category","embeddable":true,"href":"https:\/\/www.uartes.edu.ec\/sitio\/en\/wp-json\/wp\/v2\/categories?post=60735"},{"taxonomy":"post_tag","embeddable":true,"href":"https:\/\/www.uartes.edu.ec\/sitio\/en\/wp-json\/wp\/v2\/tags?post=60735"},{"taxonomy":"infouartes","embeddable":true,"href":"https:\/\/www.uartes.edu.ec\/sitio\/en\/wp-json\/wp\/v2\/infouartes?post=60735"}],"curies":[{"name":"wp","href":"https:\/\/api.w.org\/{rel}","templated":true}]}}