{"id":61102,"date":"2024-08-28T14:49:00","date_gmt":"2024-08-28T19:49:00","guid":{"rendered":"https:\/\/www.uartes.edu.ec\/sitio\/?p=61102"},"modified":"2024-09-01T19:11:34","modified_gmt":"2024-09-02T00:11:34","slug":"daea-impulsa-taller-basico-de-lengua-de-senas-para-docentes-personal-de-apoyo-academico-y-funcionarios-uartes","status":"publish","type":"post","link":"https:\/\/www.uartes.edu.ec\/sitio\/en\/blog\/2024\/08\/28\/daea-impulsa-taller-basico-de-lengua-de-senas-para-docentes-personal-de-apoyo-academico-y-funcionarios-uartes\/","title":{"rendered":"DAEA promueve taller b\u00e1sico de lengua de se\u00f1as para docentes, personal de apoyo acad\u00e9mico y funcionarios de la UArtes"},"content":{"rendered":"<p>\u201cProporcionar conocimientos necesarios a docentes, personal de apoyo acad\u00e9mico y funcionarios de la Universidad de las Artes para que puedan interactuar y comunicarse de manera efectiva con alumnos que tengan discapacidad auditiva, facilitando as\u00ed un entorno educativo inclusivo y promoviendo la participaci\u00f3n activa de todos los estudiantes en las actividades acad\u00e9micas\u201d.<\/p>\n\n\n\n<p>Es el objetivo del taller b\u00e1sico de \u201cLengua de se\u00f1as ecuatoriana\u201d (LSEC) que la Direcci\u00f3n de Acompa\u00f1amiento al \u00c9xito Acad\u00e9mico (DAEA) inici\u00f3 este martes 27 de agosto y extender\u00e1 hasta el martes hasta el 19 de noviembre. Lo imparte Giovanna Ricaurte, su t\u00e9cnica de apoyo docente, quien en esa primera sesi\u00f3n ense\u00f1\u00f3 las letras del abecedario manual, lo cual llev\u00f3 al deletreo de los nombres de los participantes.<\/p>\n\n\n\n<p>Como parte del equipo de la Direcci\u00f3n de Comunicaci\u00f3n acud\u00ed para hacer la reporter\u00eda para el InfoUArtes. Lo cierto es que tras realizar los respectivos registros me qued\u00e9 atenta al conocimiento compartido por Giovanna Ricaurte.<\/p>\n\n\n<div class=\"wp-block-image\">\n<figure class=\"aligncenter size-large\"><img fetchpriority=\"high\" decoding=\"async\" width=\"644\" height=\"429\" src=\"https:\/\/www.uartes.edu.ec\/sitio\/wp-content\/uploads\/2024\/09\/03-LENGUAJE-DE-SENIAS-644x429.jpg\" alt=\"\" class=\"wp-image-61104\" srcset=\"https:\/\/www.uartes.edu.ec\/sitio\/wp-content\/uploads\/2024\/09\/03-LENGUAJE-DE-SENIAS-644x429.jpg 644w, https:\/\/www.uartes.edu.ec\/sitio\/wp-content\/uploads\/2024\/09\/03-LENGUAJE-DE-SENIAS-300x200.jpg 300w, https:\/\/www.uartes.edu.ec\/sitio\/wp-content\/uploads\/2024\/09\/03-LENGUAJE-DE-SENIAS-768x512.jpg 768w, https:\/\/www.uartes.edu.ec\/sitio\/wp-content\/uploads\/2024\/09\/03-LENGUAJE-DE-SENIAS-1536x1024.jpg 1536w, https:\/\/www.uartes.edu.ec\/sitio\/wp-content\/uploads\/2024\/09\/03-LENGUAJE-DE-SENIAS-18x12.jpg 18w, https:\/\/www.uartes.edu.ec\/sitio\/wp-content\/uploads\/2024\/09\/03-LENGUAJE-DE-SENIAS-600x400.jpg 600w, https:\/\/www.uartes.edu.ec\/sitio\/wp-content\/uploads\/2024\/09\/03-LENGUAJE-DE-SENIAS-400x267.jpg 400w, https:\/\/www.uartes.edu.ec\/sitio\/wp-content\/uploads\/2024\/09\/03-LENGUAJE-DE-SENIAS-272x182.jpg 272w, https:\/\/www.uartes.edu.ec\/sitio\/wp-content\/uploads\/2024\/09\/03-LENGUAJE-DE-SENIAS.jpg 2000w\" sizes=\"(max-width: 644px) 100vw, 644px\" \/><\/figure>\n<\/div>\n\n\n<p>Entr\u00e9 al segundo horario del curso \u2013que se dicta cada martes, de 08:30 a 09:30 y de 12:00 a 13:00\u2013 y me enganch\u00e9 por la practicidad y did\u00e1ctica de la tallerista. All\u00ed estaban, entre otros, docentes como Marcelo Leyton, de la Escuela de Artes Esc\u00e9nicas; Byron Cevallos, de la Escuela de Literatura; Monserrate Magrovejo, del Departamento de Lenguas Extranjeras; y Meining Cheung, de la Escuela de Artes Sonoras.<\/p>\n\n\n\n<p>Atentos todos y tambi\u00e9n expectantes, en la jornada aprendimos que el abecedario manual de lenguas de se\u00f1as no es universal, sino que var\u00eda por pa\u00eds \u2013de all\u00ed la especificaci\u00f3n de lengua de se\u00f1as ecuatorianas\u2013 y que solo se usa para deletrear nombres, siglas, direcci\u00f3n y correo electr\u00f3nico.<\/p>\n\n\n\n<p>La lengua de se\u00f1as es la identidad de la persona con discapacidad auditiva, es su idioma y tambi\u00e9n \u201cun sistema ling\u00fc\u00edstico completo porque tiene todas las propiedades necesarias para ser considerada una lengua natural. Tiene una gram\u00e1tica estructurada, es productiva y arbitraria, permite el desplazamiento en el tiempo y el espacio, y est\u00e1 enraizada en la cultura de sus usuarios. Adem\u00e1s, la dualidad de su estructura le permite combinar elementos b\u00e1sicos para formar un n\u00famero infinito de significados\u201d.<\/p>\n\n\n<div class=\"wp-block-image\">\n<figure class=\"aligncenter size-large\"><img decoding=\"async\" width=\"644\" height=\"429\" src=\"https:\/\/www.uartes.edu.ec\/sitio\/wp-content\/uploads\/2024\/09\/02-LENGUAJE-DE-SENIAS-644x429.jpg\" alt=\"\" class=\"wp-image-61105\" srcset=\"https:\/\/www.uartes.edu.ec\/sitio\/wp-content\/uploads\/2024\/09\/02-LENGUAJE-DE-SENIAS-644x429.jpg 644w, https:\/\/www.uartes.edu.ec\/sitio\/wp-content\/uploads\/2024\/09\/02-LENGUAJE-DE-SENIAS-300x200.jpg 300w, https:\/\/www.uartes.edu.ec\/sitio\/wp-content\/uploads\/2024\/09\/02-LENGUAJE-DE-SENIAS-768x512.jpg 768w, https:\/\/www.uartes.edu.ec\/sitio\/wp-content\/uploads\/2024\/09\/02-LENGUAJE-DE-SENIAS-1536x1024.jpg 1536w, https:\/\/www.uartes.edu.ec\/sitio\/wp-content\/uploads\/2024\/09\/02-LENGUAJE-DE-SENIAS-18x12.jpg 18w, https:\/\/www.uartes.edu.ec\/sitio\/wp-content\/uploads\/2024\/09\/02-LENGUAJE-DE-SENIAS-600x400.jpg 600w, https:\/\/www.uartes.edu.ec\/sitio\/wp-content\/uploads\/2024\/09\/02-LENGUAJE-DE-SENIAS-400x267.jpg 400w, https:\/\/www.uartes.edu.ec\/sitio\/wp-content\/uploads\/2024\/09\/02-LENGUAJE-DE-SENIAS-272x182.jpg 272w, https:\/\/www.uartes.edu.ec\/sitio\/wp-content\/uploads\/2024\/09\/02-LENGUAJE-DE-SENIAS.jpg 2000w\" sizes=\"(max-width: 644px) 100vw, 644px\" \/><\/figure>\n<\/div>\n\n\n<p>Giovanna Ricaurte no solo explic\u00f3 cada una de las letras que se dibujan con las manos, sino que nos fue incentivando a que practic\u00e1ramos al mismo tiempo en que \u00edbamos conociendo c\u00f3mo son las 27 letras del alfabeto de la lengua de se\u00f1as y las que, seg\u00fan la RAE, ya no se escriben, pero se usan, como la ch, la doble r y la doble l.<\/p>\n\n\n\n<p>Una vez descubiertas las letras en la lengua de se\u00f1as, nos toc\u00f3 salir a presentarnos e ir deletreando manualmente nuestros nombres. Tambi\u00e9n nos facilit\u00f3 gestos con los que se saluda, se pide atenci\u00f3n, se repite cuando algo no queda claro, entre otros.<\/p>\n\n\n\n<p>La segunda clase ser\u00e1 el martes 3 de septiembre, en los horarios antes anotados. En la programaci\u00f3n que la tallerista ha preparado con los temas que ir\u00e1 desarrollando constan el aprendizaje de los n\u00fameros, d\u00edas de la semana, meses del a\u00f1o, tiempo, saludos y normas de cortes\u00eda, entre otros.<\/p>\n\n\n\n<p>Texto y fotos: Carmen Cortez\/Dircom<\/p>","protected":false},"excerpt":{"rendered":"<p>\u201cProporcionar conocimientos necesarios para que puedan interactuar y comunicarse de manera efectiva con alumnos que tengan discapacidad auditiva, facilitando as\u00ed un entorno educativo inclusivo\u201d. Es el objetivo del taller b\u00e1sico de lengua de se\u00f1as que la Direcci\u00f3n de Acompa\u00f1amiento al \u00c9xito Acad\u00e9mico inici\u00f3 este 27 de agosto. Lo imparte su t\u00e9cnica de apoyo docente, Giovanna Ricaurte.<\/p>","protected":false},"author":10,"featured_media":61103,"comment_status":"open","ping_status":"open","sticky":false,"template":"","format":"standard","meta":{"_acf_changed":false,"_uag_custom_page_level_css":"","_monsterinsights_skip_tracking":false,"_monsterinsights_sitenote_active":false,"_monsterinsights_sitenote_note":"","_monsterinsights_sitenote_category":0,"cybocfi_hide_featured_image":"","footnotes":""},"categories":[80,438,159,150,157,147,75,77,175],"tags":[538],"infouartes":[],"class_list":["post-61102","post","type-post","status-publish","format-standard","has-post-thumbnail","hentry","category-academico","category-administrativos","category-artes-escenicas","category-artes-sonoras","category-artes-visuales","category-cine","category-docentes","category-gestion","category-literatura","tag-capacitacion"],"acf":[],"yoast_head":"<!-- This site is optimized with the Yoast SEO plugin v27.4 - https:\/\/yoast.com\/product\/yoast-seo-wordpress\/ -->\n<title>Universidad de las Artes - DAEA promueve taller b\u00e1sico de lengua de se\u00f1as para docentes, personal de apoyo acad\u00e9mico y funcionarios de la UArtes<\/title>\n<meta name=\"description\" content=\"Universidad de las Artes - DAEA promueve taller b\u00e1sico de lengua de se\u00f1as para docentes, personal de apoyo acad\u00e9mico y funcionarios de la UArtes\" \/>\n<meta name=\"robots\" content=\"index, follow, max-snippet:-1, max-image-preview:large, max-video-preview:-1\" \/>\n<link rel=\"canonical\" href=\"https:\/\/www.uartes.edu.ec\/sitio\/en\/blog\/2024\/08\/28\/daea-impulsa-taller-basico-de-lengua-de-senas-para-docentes-personal-de-apoyo-academico-y-funcionarios-uartes\/\" \/>\n<meta property=\"og:locale\" content=\"en_US\" \/>\n<meta property=\"og:type\" content=\"article\" \/>\n<meta property=\"og:title\" content=\"Universidad de las Artes - DAEA promueve taller b\u00e1sico de lengua de se\u00f1as para docentes, personal de apoyo acad\u00e9mico y funcionarios de la UArtes\" \/>\n<meta property=\"og:description\" content=\"Universidad de las Artes - DAEA promueve taller b\u00e1sico de lengua de se\u00f1as para docentes, personal de apoyo acad\u00e9mico y funcionarios de la UArtes\" \/>\n<meta property=\"og:url\" content=\"https:\/\/www.uartes.edu.ec\/sitio\/en\/blog\/2024\/08\/28\/daea-impulsa-taller-basico-de-lengua-de-senas-para-docentes-personal-de-apoyo-academico-y-funcionarios-uartes\/\" \/>\n<meta property=\"og:site_name\" content=\"Universidad de las Artes\" \/>\n<meta property=\"article:publisher\" content=\"https:\/\/www.facebook.com\/uartesec\" \/>\n<meta property=\"article:published_time\" content=\"2024-08-28T19:49:00+00:00\" \/>\n<meta property=\"article:modified_time\" content=\"2024-09-02T00:11:34+00:00\" \/>\n<meta property=\"og:image\" content=\"https:\/\/www.uartes.edu.ec\/sitio\/wp-content\/uploads\/2024\/09\/01-LENGUAJE-DE-SENIAS.jpg\" \/>\n\t<meta property=\"og:image:width\" content=\"2000\" \/>\n\t<meta property=\"og:image:height\" content=\"1333\" \/>\n\t<meta property=\"og:image:type\" content=\"image\/jpeg\" \/>\n<meta name=\"author\" content=\"ccortez\" \/>\n<meta name=\"twitter:card\" content=\"summary_large_image\" \/>\n<meta name=\"twitter:creator\" content=\"@uartesec\" \/>\n<meta name=\"twitter:site\" content=\"@uartesec\" \/>\n<meta name=\"twitter:label1\" content=\"Written by\" \/>\n\t<meta name=\"twitter:data1\" content=\"ccortez\" \/>\n\t<meta name=\"twitter:label2\" content=\"Est. reading time\" \/>\n\t<meta name=\"twitter:data2\" content=\"3 minutes\" \/>\n<script type=\"application\/ld+json\" class=\"yoast-schema-graph\">{\"@context\":\"https:\\\/\\\/schema.org\",\"@graph\":[{\"@type\":\"Article\",\"@id\":\"https:\\\/\\\/www.uartes.edu.ec\\\/sitio\\\/en\\\/blog\\\/2024\\\/08\\\/28\\\/daea-impulsa-taller-basico-de-lengua-de-senas-para-docentes-personal-de-apoyo-academico-y-funcionarios-uartes\\\/#article\",\"isPartOf\":{\"@id\":\"https:\\\/\\\/www.uartes.edu.ec\\\/sitio\\\/en\\\/blog\\\/2024\\\/08\\\/28\\\/daea-impulsa-taller-basico-de-lengua-de-senas-para-docentes-personal-de-apoyo-academico-y-funcionarios-uartes\\\/\"},\"author\":{\"name\":\"ccortez\",\"@id\":\"https:\\\/\\\/www.uartes.edu.ec\\\/sitio\\\/en\\\/#\\\/schema\\\/person\\\/efa1b8275797664fd7f13a79ccc0b1f4\"},\"headline\":\"DAEA promueve taller b\u00e1sico de lengua de se\u00f1as para docentes, personal de apoyo acad\u00e9mico y funcionarios de la UArtes\",\"datePublished\":\"2024-08-28T19:49:00+00:00\",\"dateModified\":\"2024-09-02T00:11:34+00:00\",\"mainEntityOfPage\":{\"@id\":\"https:\\\/\\\/www.uartes.edu.ec\\\/sitio\\\/en\\\/blog\\\/2024\\\/08\\\/28\\\/daea-impulsa-taller-basico-de-lengua-de-senas-para-docentes-personal-de-apoyo-academico-y-funcionarios-uartes\\\/\"},\"wordCount\":566,\"commentCount\":0,\"publisher\":{\"@id\":\"https:\\\/\\\/www.uartes.edu.ec\\\/sitio\\\/en\\\/#organization\"},\"image\":{\"@id\":\"https:\\\/\\\/www.uartes.edu.ec\\\/sitio\\\/en\\\/blog\\\/2024\\\/08\\\/28\\\/daea-impulsa-taller-basico-de-lengua-de-senas-para-docentes-personal-de-apoyo-academico-y-funcionarios-uartes\\\/#primaryimage\"},\"thumbnailUrl\":\"https:\\\/\\\/www.uartes.edu.ec\\\/sitio\\\/wp-content\\\/uploads\\\/2024\\\/09\\\/01-LENGUAJE-DE-SENIAS.jpg\",\"keywords\":[\"capacitaci\u00f3n\"],\"articleSection\":[\"Acad\u00e9mico\",\"Administrativos\",\"Artes Esc\u00e9nicas\",\"Artes Sonoras\",\"Artes Visuales\",\"Cine\",\"Docentes\",\"Gesti\u00f3n\",\"Literatura\"],\"inLanguage\":\"en-US\",\"potentialAction\":[{\"@type\":\"CommentAction\",\"name\":\"Comment\",\"target\":[\"https:\\\/\\\/www.uartes.edu.ec\\\/sitio\\\/en\\\/blog\\\/2024\\\/08\\\/28\\\/daea-impulsa-taller-basico-de-lengua-de-senas-para-docentes-personal-de-apoyo-academico-y-funcionarios-uartes\\\/#respond\"]}]},{\"@type\":[\"WebPage\",\"ItemPage\"],\"@id\":\"https:\\\/\\\/www.uartes.edu.ec\\\/sitio\\\/en\\\/blog\\\/2024\\\/08\\\/28\\\/daea-impulsa-taller-basico-de-lengua-de-senas-para-docentes-personal-de-apoyo-academico-y-funcionarios-uartes\\\/\",\"url\":\"https:\\\/\\\/www.uartes.edu.ec\\\/sitio\\\/en\\\/blog\\\/2024\\\/08\\\/28\\\/daea-impulsa-taller-basico-de-lengua-de-senas-para-docentes-personal-de-apoyo-academico-y-funcionarios-uartes\\\/\",\"name\":\"Universidad de las Artes - DAEA promueve taller b\u00e1sico de lengua de se\u00f1as para docentes, personal de apoyo acad\u00e9mico y funcionarios de la UArtes\",\"isPartOf\":{\"@id\":\"https:\\\/\\\/www.uartes.edu.ec\\\/sitio\\\/en\\\/#website\"},\"primaryImageOfPage\":{\"@id\":\"https:\\\/\\\/www.uartes.edu.ec\\\/sitio\\\/en\\\/blog\\\/2024\\\/08\\\/28\\\/daea-impulsa-taller-basico-de-lengua-de-senas-para-docentes-personal-de-apoyo-academico-y-funcionarios-uartes\\\/#primaryimage\"},\"image\":{\"@id\":\"https:\\\/\\\/www.uartes.edu.ec\\\/sitio\\\/en\\\/blog\\\/2024\\\/08\\\/28\\\/daea-impulsa-taller-basico-de-lengua-de-senas-para-docentes-personal-de-apoyo-academico-y-funcionarios-uartes\\\/#primaryimage\"},\"thumbnailUrl\":\"https:\\\/\\\/www.uartes.edu.ec\\\/sitio\\\/wp-content\\\/uploads\\\/2024\\\/09\\\/01-LENGUAJE-DE-SENIAS.jpg\",\"datePublished\":\"2024-08-28T19:49:00+00:00\",\"dateModified\":\"2024-09-02T00:11:34+00:00\",\"description\":\"Universidad de las Artes - DAEA promueve taller b\u00e1sico de lengua de se\u00f1as para docentes, personal de apoyo acad\u00e9mico y funcionarios de la UArtes\",\"breadcrumb\":{\"@id\":\"https:\\\/\\\/www.uartes.edu.ec\\\/sitio\\\/en\\\/blog\\\/2024\\\/08\\\/28\\\/daea-impulsa-taller-basico-de-lengua-de-senas-para-docentes-personal-de-apoyo-academico-y-funcionarios-uartes\\\/#breadcrumb\"},\"inLanguage\":\"en-US\",\"potentialAction\":[{\"@type\":\"ReadAction\",\"target\":[\"https:\\\/\\\/www.uartes.edu.ec\\\/sitio\\\/en\\\/blog\\\/2024\\\/08\\\/28\\\/daea-impulsa-taller-basico-de-lengua-de-senas-para-docentes-personal-de-apoyo-academico-y-funcionarios-uartes\\\/\"]}]},{\"@type\":\"ImageObject\",\"inLanguage\":\"en-US\",\"@id\":\"https:\\\/\\\/www.uartes.edu.ec\\\/sitio\\\/en\\\/blog\\\/2024\\\/08\\\/28\\\/daea-impulsa-taller-basico-de-lengua-de-senas-para-docentes-personal-de-apoyo-academico-y-funcionarios-uartes\\\/#primaryimage\",\"url\":\"https:\\\/\\\/www.uartes.edu.ec\\\/sitio\\\/wp-content\\\/uploads\\\/2024\\\/09\\\/01-LENGUAJE-DE-SENIAS.jpg\",\"contentUrl\":\"https:\\\/\\\/www.uartes.edu.ec\\\/sitio\\\/wp-content\\\/uploads\\\/2024\\\/09\\\/01-LENGUAJE-DE-SENIAS.jpg\",\"width\":2000,\"height\":1333},{\"@type\":\"BreadcrumbList\",\"@id\":\"https:\\\/\\\/www.uartes.edu.ec\\\/sitio\\\/en\\\/blog\\\/2024\\\/08\\\/28\\\/daea-impulsa-taller-basico-de-lengua-de-senas-para-docentes-personal-de-apoyo-academico-y-funcionarios-uartes\\\/#breadcrumb\",\"itemListElement\":[{\"@type\":\"ListItem\",\"position\":1,\"name\":\"Inicio\",\"item\":\"https:\\\/\\\/www.uartes.edu.ec\\\/sitio\\\/\"},{\"@type\":\"ListItem\",\"position\":2,\"name\":\"DAEA promueve taller b\u00e1sico de lengua de se\u00f1as para docentes, personal de apoyo acad\u00e9mico y funcionarios de la UArtes\"}]},{\"@type\":\"WebSite\",\"@id\":\"https:\\\/\\\/www.uartes.edu.ec\\\/sitio\\\/en\\\/#website\",\"url\":\"https:\\\/\\\/www.uartes.edu.ec\\\/sitio\\\/en\\\/\",\"name\":\"Universidad de las Artes\",\"description\":\"Sitio oficial de la Universidad Nacional de las Artes del Ecuador\",\"publisher\":{\"@id\":\"https:\\\/\\\/www.uartes.edu.ec\\\/sitio\\\/en\\\/#organization\"},\"potentialAction\":[{\"@type\":\"SearchAction\",\"target\":{\"@type\":\"EntryPoint\",\"urlTemplate\":\"https:\\\/\\\/www.uartes.edu.ec\\\/sitio\\\/en\\\/?s={search_term_string}\"},\"query-input\":{\"@type\":\"PropertyValueSpecification\",\"valueRequired\":true,\"valueName\":\"search_term_string\"}}],\"inLanguage\":\"en-US\"},{\"@type\":\"Organization\",\"@id\":\"https:\\\/\\\/www.uartes.edu.ec\\\/sitio\\\/en\\\/#organization\",\"name\":\"Universidad de las Artes\",\"url\":\"https:\\\/\\\/www.uartes.edu.ec\\\/sitio\\\/en\\\/\",\"logo\":{\"@type\":\"ImageObject\",\"inLanguage\":\"en-US\",\"@id\":\"https:\\\/\\\/www.uartes.edu.ec\\\/sitio\\\/en\\\/#\\\/schema\\\/logo\\\/image\\\/\",\"url\":\"https:\\\/\\\/www.uartes.edu.ec\\\/sitio\\\/wp-content\\\/uploads\\\/2022\\\/07\\\/logo-ua-horizontal.png\",\"contentUrl\":\"https:\\\/\\\/www.uartes.edu.ec\\\/sitio\\\/wp-content\\\/uploads\\\/2022\\\/07\\\/logo-ua-horizontal.png\",\"width\":800,\"height\":276,\"caption\":\"Universidad de las Artes\"},\"image\":{\"@id\":\"https:\\\/\\\/www.uartes.edu.ec\\\/sitio\\\/en\\\/#\\\/schema\\\/logo\\\/image\\\/\"},\"sameAs\":[\"https:\\\/\\\/www.facebook.com\\\/uartesec\",\"https:\\\/\\\/x.com\\\/uartesec\",\"https:\\\/\\\/www.tiktok.com\\\/@uartesec\"]},{\"@type\":\"Person\",\"@id\":\"https:\\\/\\\/www.uartes.edu.ec\\\/sitio\\\/en\\\/#\\\/schema\\\/person\\\/efa1b8275797664fd7f13a79ccc0b1f4\",\"name\":\"ccortez\",\"image\":{\"@type\":\"ImageObject\",\"inLanguage\":\"en-US\",\"@id\":\"https:\\\/\\\/secure.gravatar.com\\\/avatar\\\/b2a6f664a3ae8e074346ef91775736c5ec479e637ecced6842de9dc98b5da9cd?s=96&d=mm&r=g\",\"url\":\"https:\\\/\\\/secure.gravatar.com\\\/avatar\\\/b2a6f664a3ae8e074346ef91775736c5ec479e637ecced6842de9dc98b5da9cd?s=96&d=mm&r=g\",\"contentUrl\":\"https:\\\/\\\/secure.gravatar.com\\\/avatar\\\/b2a6f664a3ae8e074346ef91775736c5ec479e637ecced6842de9dc98b5da9cd?s=96&d=mm&r=g\",\"caption\":\"ccortez\"},\"url\":\"https:\\\/\\\/www.uartes.edu.ec\\\/sitio\\\/en\\\/blog\\\/author\\\/ccortez\\\/\"}]}<\/script>\n<!-- \/ Yoast SEO plugin. -->","yoast_head_json":{"title":"Universidad de las Artes - DAEA promueve taller b\u00e1sico de lengua de se\u00f1as para docentes, personal de apoyo acad\u00e9mico y funcionarios de la UArtes","description":"Universidad de las Artes - DAEA promueve taller b\u00e1sico de lengua de se\u00f1as para docentes, personal de apoyo acad\u00e9mico y funcionarios de la UArtes","robots":{"index":"index","follow":"follow","max-snippet":"max-snippet:-1","max-image-preview":"max-image-preview:large","max-video-preview":"max-video-preview:-1"},"canonical":"https:\/\/www.uartes.edu.ec\/sitio\/en\/blog\/2024\/08\/28\/daea-impulsa-taller-basico-de-lengua-de-senas-para-docentes-personal-de-apoyo-academico-y-funcionarios-uartes\/","og_locale":"en_US","og_type":"article","og_title":"Universidad de las Artes - DAEA promueve taller b\u00e1sico de lengua de se\u00f1as para docentes, personal de apoyo acad\u00e9mico y funcionarios de la UArtes","og_description":"Universidad de las Artes - DAEA promueve taller b\u00e1sico de lengua de se\u00f1as para docentes, personal de apoyo acad\u00e9mico y funcionarios de la UArtes","og_url":"https:\/\/www.uartes.edu.ec\/sitio\/en\/blog\/2024\/08\/28\/daea-impulsa-taller-basico-de-lengua-de-senas-para-docentes-personal-de-apoyo-academico-y-funcionarios-uartes\/","og_site_name":"Universidad de las Artes","article_publisher":"https:\/\/www.facebook.com\/uartesec","article_published_time":"2024-08-28T19:49:00+00:00","article_modified_time":"2024-09-02T00:11:34+00:00","og_image":[{"width":2000,"height":1333,"url":"https:\/\/www.uartes.edu.ec\/sitio\/wp-content\/uploads\/2024\/09\/01-LENGUAJE-DE-SENIAS.jpg","type":"image\/jpeg"}],"author":"ccortez","twitter_card":"summary_large_image","twitter_creator":"@uartesec","twitter_site":"@uartesec","twitter_misc":{"Written by":"ccortez","Est. reading time":"3 minutes"},"schema":{"@context":"https:\/\/schema.org","@graph":[{"@type":"Article","@id":"https:\/\/www.uartes.edu.ec\/sitio\/en\/blog\/2024\/08\/28\/daea-impulsa-taller-basico-de-lengua-de-senas-para-docentes-personal-de-apoyo-academico-y-funcionarios-uartes\/#article","isPartOf":{"@id":"https:\/\/www.uartes.edu.ec\/sitio\/en\/blog\/2024\/08\/28\/daea-impulsa-taller-basico-de-lengua-de-senas-para-docentes-personal-de-apoyo-academico-y-funcionarios-uartes\/"},"author":{"name":"ccortez","@id":"https:\/\/www.uartes.edu.ec\/sitio\/en\/#\/schema\/person\/efa1b8275797664fd7f13a79ccc0b1f4"},"headline":"DAEA promueve taller b\u00e1sico de lengua de se\u00f1as para docentes, personal de apoyo acad\u00e9mico y funcionarios de la UArtes","datePublished":"2024-08-28T19:49:00+00:00","dateModified":"2024-09-02T00:11:34+00:00","mainEntityOfPage":{"@id":"https:\/\/www.uartes.edu.ec\/sitio\/en\/blog\/2024\/08\/28\/daea-impulsa-taller-basico-de-lengua-de-senas-para-docentes-personal-de-apoyo-academico-y-funcionarios-uartes\/"},"wordCount":566,"commentCount":0,"publisher":{"@id":"https:\/\/www.uartes.edu.ec\/sitio\/en\/#organization"},"image":{"@id":"https:\/\/www.uartes.edu.ec\/sitio\/en\/blog\/2024\/08\/28\/daea-impulsa-taller-basico-de-lengua-de-senas-para-docentes-personal-de-apoyo-academico-y-funcionarios-uartes\/#primaryimage"},"thumbnailUrl":"https:\/\/www.uartes.edu.ec\/sitio\/wp-content\/uploads\/2024\/09\/01-LENGUAJE-DE-SENIAS.jpg","keywords":["capacitaci\u00f3n"],"articleSection":["Acad\u00e9mico","Administrativos","Artes Esc\u00e9nicas","Artes Sonoras","Artes Visuales","Cine","Docentes","Gesti\u00f3n","Literatura"],"inLanguage":"en-US","potentialAction":[{"@type":"CommentAction","name":"Comment","target":["https:\/\/www.uartes.edu.ec\/sitio\/en\/blog\/2024\/08\/28\/daea-impulsa-taller-basico-de-lengua-de-senas-para-docentes-personal-de-apoyo-academico-y-funcionarios-uartes\/#respond"]}]},{"@type":["WebPage","ItemPage"],"@id":"https:\/\/www.uartes.edu.ec\/sitio\/en\/blog\/2024\/08\/28\/daea-impulsa-taller-basico-de-lengua-de-senas-para-docentes-personal-de-apoyo-academico-y-funcionarios-uartes\/","url":"https:\/\/www.uartes.edu.ec\/sitio\/en\/blog\/2024\/08\/28\/daea-impulsa-taller-basico-de-lengua-de-senas-para-docentes-personal-de-apoyo-academico-y-funcionarios-uartes\/","name":"Universidad de las Artes - DAEA promueve taller b\u00e1sico de lengua de se\u00f1as para docentes, personal de apoyo acad\u00e9mico y funcionarios de la UArtes","isPartOf":{"@id":"https:\/\/www.uartes.edu.ec\/sitio\/en\/#website"},"primaryImageOfPage":{"@id":"https:\/\/www.uartes.edu.ec\/sitio\/en\/blog\/2024\/08\/28\/daea-impulsa-taller-basico-de-lengua-de-senas-para-docentes-personal-de-apoyo-academico-y-funcionarios-uartes\/#primaryimage"},"image":{"@id":"https:\/\/www.uartes.edu.ec\/sitio\/en\/blog\/2024\/08\/28\/daea-impulsa-taller-basico-de-lengua-de-senas-para-docentes-personal-de-apoyo-academico-y-funcionarios-uartes\/#primaryimage"},"thumbnailUrl":"https:\/\/www.uartes.edu.ec\/sitio\/wp-content\/uploads\/2024\/09\/01-LENGUAJE-DE-SENIAS.jpg","datePublished":"2024-08-28T19:49:00+00:00","dateModified":"2024-09-02T00:11:34+00:00","description":"Universidad de las Artes - DAEA promueve taller b\u00e1sico de lengua de se\u00f1as para docentes, personal de apoyo acad\u00e9mico y funcionarios de la UArtes","breadcrumb":{"@id":"https:\/\/www.uartes.edu.ec\/sitio\/en\/blog\/2024\/08\/28\/daea-impulsa-taller-basico-de-lengua-de-senas-para-docentes-personal-de-apoyo-academico-y-funcionarios-uartes\/#breadcrumb"},"inLanguage":"en-US","potentialAction":[{"@type":"ReadAction","target":["https:\/\/www.uartes.edu.ec\/sitio\/en\/blog\/2024\/08\/28\/daea-impulsa-taller-basico-de-lengua-de-senas-para-docentes-personal-de-apoyo-academico-y-funcionarios-uartes\/"]}]},{"@type":"ImageObject","inLanguage":"en-US","@id":"https:\/\/www.uartes.edu.ec\/sitio\/en\/blog\/2024\/08\/28\/daea-impulsa-taller-basico-de-lengua-de-senas-para-docentes-personal-de-apoyo-academico-y-funcionarios-uartes\/#primaryimage","url":"https:\/\/www.uartes.edu.ec\/sitio\/wp-content\/uploads\/2024\/09\/01-LENGUAJE-DE-SENIAS.jpg","contentUrl":"https:\/\/www.uartes.edu.ec\/sitio\/wp-content\/uploads\/2024\/09\/01-LENGUAJE-DE-SENIAS.jpg","width":2000,"height":1333},{"@type":"BreadcrumbList","@id":"https:\/\/www.uartes.edu.ec\/sitio\/en\/blog\/2024\/08\/28\/daea-impulsa-taller-basico-de-lengua-de-senas-para-docentes-personal-de-apoyo-academico-y-funcionarios-uartes\/#breadcrumb","itemListElement":[{"@type":"ListItem","position":1,"name":"Inicio","item":"https:\/\/www.uartes.edu.ec\/sitio\/"},{"@type":"ListItem","position":2,"name":"DAEA promueve taller b\u00e1sico de lengua de se\u00f1as para docentes, personal de apoyo acad\u00e9mico y funcionarios de la UArtes"}]},{"@type":"WebSite","@id":"https:\/\/www.uartes.edu.ec\/sitio\/en\/#website","url":"https:\/\/www.uartes.edu.ec\/sitio\/en\/","name":"Universidad de las Artes","description":"Sitio oficial de la Universidad Nacional de las Artes del Ecuador","publisher":{"@id":"https:\/\/www.uartes.edu.ec\/sitio\/en\/#organization"},"potentialAction":[{"@type":"SearchAction","target":{"@type":"EntryPoint","urlTemplate":"https:\/\/www.uartes.edu.ec\/sitio\/en\/?s={search_term_string}"},"query-input":{"@type":"PropertyValueSpecification","valueRequired":true,"valueName":"search_term_string"}}],"inLanguage":"en-US"},{"@type":"Organization","@id":"https:\/\/www.uartes.edu.ec\/sitio\/en\/#organization","name":"Universidad de las Artes","url":"https:\/\/www.uartes.edu.ec\/sitio\/en\/","logo":{"@type":"ImageObject","inLanguage":"en-US","@id":"https:\/\/www.uartes.edu.ec\/sitio\/en\/#\/schema\/logo\/image\/","url":"https:\/\/www.uartes.edu.ec\/sitio\/wp-content\/uploads\/2022\/07\/logo-ua-horizontal.png","contentUrl":"https:\/\/www.uartes.edu.ec\/sitio\/wp-content\/uploads\/2022\/07\/logo-ua-horizontal.png","width":800,"height":276,"caption":"Universidad de las Artes"},"image":{"@id":"https:\/\/www.uartes.edu.ec\/sitio\/en\/#\/schema\/logo\/image\/"},"sameAs":["https:\/\/www.facebook.com\/uartesec","https:\/\/x.com\/uartesec","https:\/\/www.tiktok.com\/@uartesec"]},{"@type":"Person","@id":"https:\/\/www.uartes.edu.ec\/sitio\/en\/#\/schema\/person\/efa1b8275797664fd7f13a79ccc0b1f4","name":"ccortez","image":{"@type":"ImageObject","inLanguage":"en-US","@id":"https:\/\/secure.gravatar.com\/avatar\/b2a6f664a3ae8e074346ef91775736c5ec479e637ecced6842de9dc98b5da9cd?s=96&d=mm&r=g","url":"https:\/\/secure.gravatar.com\/avatar\/b2a6f664a3ae8e074346ef91775736c5ec479e637ecced6842de9dc98b5da9cd?s=96&d=mm&r=g","contentUrl":"https:\/\/secure.gravatar.com\/avatar\/b2a6f664a3ae8e074346ef91775736c5ec479e637ecced6842de9dc98b5da9cd?s=96&d=mm&r=g","caption":"ccortez"},"url":"https:\/\/www.uartes.edu.ec\/sitio\/en\/blog\/author\/ccortez\/"}]}},"uagb_featured_image_src":{"full":["https:\/\/www.uartes.edu.ec\/sitio\/wp-content\/uploads\/2024\/09\/01-LENGUAJE-DE-SENIAS.jpg",2000,1333,false],"thumbnail":["https:\/\/www.uartes.edu.ec\/sitio\/wp-content\/uploads\/2024\/09\/01-LENGUAJE-DE-SENIAS-150x150.jpg",150,150,true],"medium":["https:\/\/www.uartes.edu.ec\/sitio\/wp-content\/uploads\/2024\/09\/01-LENGUAJE-DE-SENIAS-300x200.jpg",300,200,true],"medium_large":["https:\/\/www.uartes.edu.ec\/sitio\/wp-content\/uploads\/2024\/09\/01-LENGUAJE-DE-SENIAS-768x512.jpg",768,512,true],"large":["https:\/\/www.uartes.edu.ec\/sitio\/wp-content\/uploads\/2024\/09\/01-LENGUAJE-DE-SENIAS-644x429.jpg",644,429,true],"1536x1536":["https:\/\/www.uartes.edu.ec\/sitio\/wp-content\/uploads\/2024\/09\/01-LENGUAJE-DE-SENIAS-1536x1024.jpg",1536,1024,true],"2048x2048":["https:\/\/www.uartes.edu.ec\/sitio\/wp-content\/uploads\/2024\/09\/01-LENGUAJE-DE-SENIAS.jpg",2000,1333,false],"trp-custom-language-flag":["https:\/\/www.uartes.edu.ec\/sitio\/wp-content\/uploads\/2024\/09\/01-LENGUAJE-DE-SENIAS-18x12.jpg",18,12,true],"htmega_size_585x295":["https:\/\/www.uartes.edu.ec\/sitio\/wp-content\/uploads\/2024\/09\/01-LENGUAJE-DE-SENIAS-585x295.jpg",585,295,true],"htmega_size_1170x536":["https:\/\/www.uartes.edu.ec\/sitio\/wp-content\/uploads\/2024\/09\/01-LENGUAJE-DE-SENIAS-1170x536.jpg",1170,536,true],"htmega_size_396x360":["https:\/\/www.uartes.edu.ec\/sitio\/wp-content\/uploads\/2024\/09\/01-LENGUAJE-DE-SENIAS-396x360.jpg",396,360,true],"gb-block-post-grid-landscape":["https:\/\/www.uartes.edu.ec\/sitio\/wp-content\/uploads\/2024\/09\/01-LENGUAJE-DE-SENIAS-600x400.jpg",600,400,true],"gb-block-post-grid-square":["https:\/\/www.uartes.edu.ec\/sitio\/wp-content\/uploads\/2024\/09\/01-LENGUAJE-DE-SENIAS-600x600.jpg",600,600,true],"university-hub-thumb":["https:\/\/www.uartes.edu.ec\/sitio\/wp-content\/uploads\/2024\/09\/01-LENGUAJE-DE-SENIAS-400x267.jpg",400,267,true]},"uagb_author_info":{"display_name":"ccortez","author_link":"https:\/\/www.uartes.edu.ec\/sitio\/en\/blog\/author\/ccortez\/"},"uagb_comment_info":0,"uagb_excerpt":"\u201cProporcionar conocimientos necesarios para que puedan interactuar y comunicarse de manera efectiva con alumnos que tengan discapacidad auditiva, facilitando as\u00ed un entorno educativo inclusivo\u201d. Es el objetivo del taller b\u00e1sico de lengua de se\u00f1as que la Direcci\u00f3n de Acompa\u00f1amiento al \u00c9xito Acad\u00e9mico inici\u00f3 este 27 de agosto. Lo imparte su t\u00e9cnica de apoyo docente, Giovanna&hellip;","featured_image_src":"https:\/\/www.uartes.edu.ec\/sitio\/wp-content\/uploads\/2024\/09\/01-LENGUAJE-DE-SENIAS-600x400.jpg","featured_image_src_square":"https:\/\/www.uartes.edu.ec\/sitio\/wp-content\/uploads\/2024\/09\/01-LENGUAJE-DE-SENIAS-600x600.jpg","author_info":{"display_name":"ccortez","author_link":"https:\/\/www.uartes.edu.ec\/sitio\/en\/blog\/author\/ccortez\/"},"publishpress_future_workflow_manual_trigger":{"enabledWorkflows":[]},"distributor_meta":false,"distributor_terms":false,"distributor_media":false,"distributor_original_site_name":"Universidad de las Artes","distributor_original_site_url":"https:\/\/www.uartes.edu.ec\/sitio\/en","push-errors":false,"_links":{"self":[{"href":"https:\/\/www.uartes.edu.ec\/sitio\/en\/wp-json\/wp\/v2\/posts\/61102","targetHints":{"allow":["GET"]}}],"collection":[{"href":"https:\/\/www.uartes.edu.ec\/sitio\/en\/wp-json\/wp\/v2\/posts"}],"about":[{"href":"https:\/\/www.uartes.edu.ec\/sitio\/en\/wp-json\/wp\/v2\/types\/post"}],"author":[{"embeddable":true,"href":"https:\/\/www.uartes.edu.ec\/sitio\/en\/wp-json\/wp\/v2\/users\/10"}],"replies":[{"embeddable":true,"href":"https:\/\/www.uartes.edu.ec\/sitio\/en\/wp-json\/wp\/v2\/comments?post=61102"}],"version-history":[{"count":11,"href":"https:\/\/www.uartes.edu.ec\/sitio\/en\/wp-json\/wp\/v2\/posts\/61102\/revisions"}],"predecessor-version":[{"id":61121,"href":"https:\/\/www.uartes.edu.ec\/sitio\/en\/wp-json\/wp\/v2\/posts\/61102\/revisions\/61121"}],"wp:featuredmedia":[{"embeddable":true,"href":"https:\/\/www.uartes.edu.ec\/sitio\/en\/wp-json\/wp\/v2\/media\/61103"}],"wp:attachment":[{"href":"https:\/\/www.uartes.edu.ec\/sitio\/en\/wp-json\/wp\/v2\/media?parent=61102"}],"wp:term":[{"taxonomy":"category","embeddable":true,"href":"https:\/\/www.uartes.edu.ec\/sitio\/en\/wp-json\/wp\/v2\/categories?post=61102"},{"taxonomy":"post_tag","embeddable":true,"href":"https:\/\/www.uartes.edu.ec\/sitio\/en\/wp-json\/wp\/v2\/tags?post=61102"},{"taxonomy":"infouartes","embeddable":true,"href":"https:\/\/www.uartes.edu.ec\/sitio\/en\/wp-json\/wp\/v2\/infouartes?post=61102"}],"curies":[{"name":"wp","href":"https:\/\/api.w.org\/{rel}","templated":true}]}}