{"id":61167,"date":"2024-08-30T13:27:00","date_gmt":"2024-08-30T18:27:00","guid":{"rendered":"https:\/\/www.uartes.edu.ec\/sitio\/?p=61167"},"modified":"2024-09-02T13:45:20","modified_gmt":"2024-09-02T18:45:20","slug":"uartes-firma-convenio-con-la-cinemateca-nacional-de-la-cce-para-practicas-preprofesionales-de-la-comunidad-estudiantil","status":"publish","type":"post","link":"https:\/\/www.uartes.edu.ec\/sitio\/en\/blog\/2024\/08\/30\/uartes-firma-convenio-con-la-cinemateca-nacional-de-la-cce-para-practicas-preprofesionales-de-la-comunidad-estudiantil\/","title":{"rendered":"UArtes y Cinemateca Nacional firman un convenio espec\u00edfico para que estudiantes realicen sus Pr\u00e1cticas PreProfesionales"},"content":{"rendered":"<p>Un Convenio Espec\u00edfico de Pr\u00e1cticas PreProfesionales firm\u00f3 la Universidad de las Artes con la Cinemateca Nacional Ulises Estrella de la Casa de la Cultura Ecuatoriana (CCE). La suscripci\u00f3n se dio en el marco de la celebraci\u00f3n que la instituci\u00f3n cultural hace en Guayaquil de los 100 a\u00f1os del cine ecuatoriano, para lo cual se programaron proyecciones y foros del 29 de agosto al 1 de septiembre; la UArtes y su Centro de Producci\u00f3n e Innovaci\u00f3n MZ14 es una de las sedes, as\u00ed como el N\u00facleo del Guayas de la CCE y el Museo Antropol\u00f3gico y de Arte Contempor\u00e1neo (MAAC).<\/p>\n\n\n\n<p>Firmaron el convenio el presidente de la CCE, Fernando Cer\u00f3n, y la jefa de Pr\u00e1cticas PreProfesionales de la UArtes, Janina Su\u00e1rez. Durante el acto se destac\u00f3 la importancia del trabajo en conjunto y se mencionaron entre los objetivos la ejecuci\u00f3n de actividades orientadas a la aplicaci\u00f3n de conocimientos y\/o al desarrollo de competencias profesionales por parte de los estudiantes de grado de nuestra universidad.<\/p>\n\n\n\n<h3 class=\"wp-block-heading\">En proyectos y actividades <\/h3>\n\n\n\n<p>Esto ser\u00e1 posible, se anot\u00f3, a trav\u00e9s del cumplimiento de horas de pr\u00e1cticas preprofesionales en los proyectos y actividades de la Cinemateca Nacional, las cuales tienen car\u00e1cter y efecto acad\u00e9mico \u2013y no generan ning\u00fan v\u00ednculo ni obligaci\u00f3n laboral y de pasant\u00edas, seg\u00fan la normativa correspondiente\u2013, con el fin de fortalecer los conocimientos y complementar la formaci\u00f3n profesional del estudiantado, as\u00ed como para contribuir con la gesti\u00f3n institucional de la entidad receptora. El convenio espec\u00edfico tendr\u00e1 dos a\u00f1os de duraci\u00f3n.<\/p>\n\n\n<div class=\"wp-block-image\">\n<figure class=\"aligncenter size-large\"><img fetchpriority=\"high\" decoding=\"async\" width=\"644\" height=\"429\" src=\"https:\/\/www.uartes.edu.ec\/sitio\/wp-content\/uploads\/2024\/08\/13-CASA-DE-LA-CULTURA-CENTENARIO-CINE-644x429.jpg\" alt=\"\" class=\"wp-image-61268\" srcset=\"https:\/\/www.uartes.edu.ec\/sitio\/wp-content\/uploads\/2024\/08\/13-CASA-DE-LA-CULTURA-CENTENARIO-CINE-644x429.jpg 644w, https:\/\/www.uartes.edu.ec\/sitio\/wp-content\/uploads\/2024\/08\/13-CASA-DE-LA-CULTURA-CENTENARIO-CINE-300x200.jpg 300w, https:\/\/www.uartes.edu.ec\/sitio\/wp-content\/uploads\/2024\/08\/13-CASA-DE-LA-CULTURA-CENTENARIO-CINE-768x512.jpg 768w, https:\/\/www.uartes.edu.ec\/sitio\/wp-content\/uploads\/2024\/08\/13-CASA-DE-LA-CULTURA-CENTENARIO-CINE-1536x1024.jpg 1536w, https:\/\/www.uartes.edu.ec\/sitio\/wp-content\/uploads\/2024\/08\/13-CASA-DE-LA-CULTURA-CENTENARIO-CINE-18x12.jpg 18w, https:\/\/www.uartes.edu.ec\/sitio\/wp-content\/uploads\/2024\/08\/13-CASA-DE-LA-CULTURA-CENTENARIO-CINE-600x400.jpg 600w, https:\/\/www.uartes.edu.ec\/sitio\/wp-content\/uploads\/2024\/08\/13-CASA-DE-LA-CULTURA-CENTENARIO-CINE-400x267.jpg 400w, https:\/\/www.uartes.edu.ec\/sitio\/wp-content\/uploads\/2024\/08\/13-CASA-DE-LA-CULTURA-CENTENARIO-CINE-272x182.jpg 272w, https:\/\/www.uartes.edu.ec\/sitio\/wp-content\/uploads\/2024\/08\/13-CASA-DE-LA-CULTURA-CENTENARIO-CINE.jpg 2000w\" sizes=\"(max-width: 644px) 100vw, 644px\" \/><\/figure>\n<\/div>\n\n\n<p>Cabe anotar que, la Cinemateca Nacional fue creada en 1981 por el poeta y cineasta Ulises Estrella \u2013de quien toma su nombre\u2013 para la recuperaci\u00f3n del patrimonio audiovisual; se constituye como el \u00fanico custodio del patrimonio f\u00edlmico ecuatoriano, gracias a un acuerdo ministerial del 3 de julio de 1989 y mandato del mismo a\u00f1o. Su misi\u00f3n es gestionar y difundir el patrimonio f\u00edlmico ecuatoriano y el audiovisual independiente a trav\u00e9s de la programaci\u00f3n de cine y la formaci\u00f3n de p\u00fablicos, a fin de fortalecer la memoria e identidad del pa\u00eds y su creciente industria audiovisual.<\/p>\n\n\n\n<h3 class=\"wp-block-heading\">CCE y UArtes, en convenio desde 2022<\/h3>\n\n\n\n<p>Asimismo, vale destacar que la UArtes y la CCE mantienen desde 2022 un Convenio Marco de Cooperaci\u00f3n Interinstitucional con el prop\u00f3sito de fomentar, formular y desarrollar programas, proyectos y actividades conjuntas de formaci\u00f3n, vinculaci\u00f3n e investigaci\u00f3n que contribuyan a la promoci\u00f3n y difusi\u00f3n de las artes y las culturas a trav\u00e9s de las direcciones nacionales y los n\u00facleos provinciales de la Casa de la Cultura, con un enfoque territorial y en beneficio de la sociedad ecuatoriana.<\/p>\n\n\n\n<p>En la cl\u00e1usula tercera de dicho convenio, la UArtes y la CCE se comprometen a generar convenios espec\u00edficos por cada proyecto definido que tribute al cumplimiento de los objetivos, es as\u00ed como surgi\u00f3 la iniciativa del acuerdo suscrito este 29 de agosto de 2024, el cual permitir\u00e1 la programaci\u00f3n de actividades en territorio con nuestros estudiantes.<\/p>\n\n\n\n<p>En la imagen, Martha Rizzo (izq.), directora de la Casa de la Cultura Ecuatoriana N\u00facleo del Guayas; Janina Su\u00e1rez, docente y jefa de Pr\u00e1cticas PreProfesionales UArtes; Fernando Cer\u00f3n, presidente de la Sede Nacional de la Casa de la Cultura Ecuatoriana; William Herrera, rector de la Universidad de las Artes; Mariuxi Alem\u00e1n, directora de la Cinemateca Nacional de la CCE; y Ronny Ramos, analista de convenios nacionales de la Direcci\u00f3n de Vinculaci\u00f3n con la Sociedad UArtes.<\/p>\n\n\n\n<p>Fotos: Vinculaci\u00f3n con la Sociedad UArtes\/Casa de la Cultura Ecuatoriana.<\/p>","protected":false},"excerpt":{"rendered":"<p>Un Convenio Espec\u00edfico de Pr\u00e1cticas PreProfesionales firm\u00f3 la Universidad de las Artes con la Cinemateca Nacional Ulises Estrella de la Casa de la Cultura Ecuatoriana (CCE), a fin de la comunidad estudiantil pueda participar en proyectos y actividades de la entidad. La suscripci\u00f3n se dio en el marco de la celebraci\u00f3n que la instituci\u00f3n cultural hace en Guayaquil de los 100 a\u00f1os del cine ecuatoriano. <\/p>","protected":false},"author":10,"featured_media":61168,"comment_status":"open","ping_status":"open","sticky":false,"template":"","format":"standard","meta":{"_acf_changed":false,"_uag_custom_page_level_css":"","_monsterinsights_skip_tracking":false,"_monsterinsights_sitenote_active":false,"_monsterinsights_sitenote_note":"","_monsterinsights_sitenote_category":0,"cybocfi_hide_featured_image":"","footnotes":""},"categories":[80,76,77,79],"tags":[1266],"infouartes":[],"class_list":["post-61167","post","type-post","status-publish","format-standard","has-post-thumbnail","hentry","category-academico","category-estudiantes","category-gestion","category-vinculo","tag-proyectos-y-actividades"],"acf":[],"yoast_head":"<!-- This site is optimized with the Yoast SEO plugin v27.4 - https:\/\/yoast.com\/product\/yoast-seo-wordpress\/ -->\n<title>Universidad de las Artes - UArtes y Cinemateca Nacional firman un convenio espec\u00edfico para que estudiantes realicen sus Pr\u00e1cticas PreProfesionales<\/title>\n<meta name=\"description\" content=\"Universidad de las Artes - UArtes y Cinemateca Nacional firman un convenio espec\u00edfico para que estudiantes realicen sus Pr\u00e1cticas PreProfesionales\" \/>\n<meta name=\"robots\" content=\"index, follow, max-snippet:-1, max-image-preview:large, max-video-preview:-1\" \/>\n<link rel=\"canonical\" href=\"https:\/\/www.uartes.edu.ec\/sitio\/en\/blog\/2024\/08\/30\/uartes-firma-convenio-con-la-cinemateca-nacional-de-la-cce-para-practicas-preprofesionales-de-la-comunidad-estudiantil\/\" \/>\n<meta property=\"og:locale\" content=\"en_US\" \/>\n<meta property=\"og:type\" content=\"article\" \/>\n<meta property=\"og:title\" content=\"Universidad de las Artes - UArtes y Cinemateca Nacional firman un convenio espec\u00edfico para que estudiantes realicen sus Pr\u00e1cticas PreProfesionales\" \/>\n<meta property=\"og:description\" content=\"Universidad de las Artes - UArtes y Cinemateca Nacional firman un convenio espec\u00edfico para que estudiantes realicen sus Pr\u00e1cticas PreProfesionales\" \/>\n<meta property=\"og:url\" content=\"https:\/\/www.uartes.edu.ec\/sitio\/en\/blog\/2024\/08\/30\/uartes-firma-convenio-con-la-cinemateca-nacional-de-la-cce-para-practicas-preprofesionales-de-la-comunidad-estudiantil\/\" \/>\n<meta property=\"og:site_name\" content=\"Universidad de las Artes\" \/>\n<meta property=\"article:publisher\" content=\"https:\/\/www.facebook.com\/uartesec\" \/>\n<meta property=\"article:published_time\" content=\"2024-08-30T18:27:00+00:00\" \/>\n<meta property=\"article:modified_time\" content=\"2024-09-02T18:45:20+00:00\" \/>\n<meta property=\"og:image\" content=\"https:\/\/www.uartes.edu.ec\/sitio\/wp-content\/uploads\/2024\/09\/01-CASA-DE-LA-CULTURA-CENTENARIO-CINE.jpg\" \/>\n\t<meta property=\"og:image:width\" content=\"2000\" \/>\n\t<meta property=\"og:image:height\" content=\"1333\" \/>\n\t<meta property=\"og:image:type\" content=\"image\/jpeg\" \/>\n<meta name=\"author\" content=\"ccortez\" \/>\n<meta name=\"twitter:card\" content=\"summary_large_image\" \/>\n<meta name=\"twitter:creator\" content=\"@uartesec\" \/>\n<meta name=\"twitter:site\" content=\"@uartesec\" \/>\n<meta name=\"twitter:label1\" content=\"Written by\" \/>\n\t<meta name=\"twitter:data1\" content=\"ccortez\" \/>\n\t<meta name=\"twitter:label2\" content=\"Est. reading time\" \/>\n\t<meta name=\"twitter:data2\" content=\"3 minutes\" \/>\n<script type=\"application\/ld+json\" class=\"yoast-schema-graph\">{\"@context\":\"https:\\\/\\\/schema.org\",\"@graph\":[{\"@type\":\"Article\",\"@id\":\"https:\\\/\\\/www.uartes.edu.ec\\\/sitio\\\/en\\\/blog\\\/2024\\\/08\\\/30\\\/uartes-firma-convenio-con-la-cinemateca-nacional-de-la-cce-para-practicas-preprofesionales-de-la-comunidad-estudiantil\\\/#article\",\"isPartOf\":{\"@id\":\"https:\\\/\\\/www.uartes.edu.ec\\\/sitio\\\/en\\\/blog\\\/2024\\\/08\\\/30\\\/uartes-firma-convenio-con-la-cinemateca-nacional-de-la-cce-para-practicas-preprofesionales-de-la-comunidad-estudiantil\\\/\"},\"author\":{\"name\":\"ccortez\",\"@id\":\"https:\\\/\\\/www.uartes.edu.ec\\\/sitio\\\/en\\\/#\\\/schema\\\/person\\\/efa1b8275797664fd7f13a79ccc0b1f4\"},\"headline\":\"UArtes y Cinemateca Nacional firman un convenio espec\u00edfico para que estudiantes realicen sus Pr\u00e1cticas PreProfesionales\",\"datePublished\":\"2024-08-30T18:27:00+00:00\",\"dateModified\":\"2024-09-02T18:45:20+00:00\",\"mainEntityOfPage\":{\"@id\":\"https:\\\/\\\/www.uartes.edu.ec\\\/sitio\\\/en\\\/blog\\\/2024\\\/08\\\/30\\\/uartes-firma-convenio-con-la-cinemateca-nacional-de-la-cce-para-practicas-preprofesionales-de-la-comunidad-estudiantil\\\/\"},\"wordCount\":634,\"commentCount\":0,\"publisher\":{\"@id\":\"https:\\\/\\\/www.uartes.edu.ec\\\/sitio\\\/en\\\/#organization\"},\"image\":{\"@id\":\"https:\\\/\\\/www.uartes.edu.ec\\\/sitio\\\/en\\\/blog\\\/2024\\\/08\\\/30\\\/uartes-firma-convenio-con-la-cinemateca-nacional-de-la-cce-para-practicas-preprofesionales-de-la-comunidad-estudiantil\\\/#primaryimage\"},\"thumbnailUrl\":\"https:\\\/\\\/www.uartes.edu.ec\\\/sitio\\\/wp-content\\\/uploads\\\/2024\\\/09\\\/01-CASA-DE-LA-CULTURA-CENTENARIO-CINE.jpg\",\"keywords\":[\"proyectos y actividades\"],\"articleSection\":[\"Acad\u00e9mico\",\"Estudiantes\",\"Gesti\u00f3n\",\"V\u00ednculo\"],\"inLanguage\":\"en-US\",\"potentialAction\":[{\"@type\":\"CommentAction\",\"name\":\"Comment\",\"target\":[\"https:\\\/\\\/www.uartes.edu.ec\\\/sitio\\\/en\\\/blog\\\/2024\\\/08\\\/30\\\/uartes-firma-convenio-con-la-cinemateca-nacional-de-la-cce-para-practicas-preprofesionales-de-la-comunidad-estudiantil\\\/#respond\"]}]},{\"@type\":[\"WebPage\",\"ItemPage\"],\"@id\":\"https:\\\/\\\/www.uartes.edu.ec\\\/sitio\\\/en\\\/blog\\\/2024\\\/08\\\/30\\\/uartes-firma-convenio-con-la-cinemateca-nacional-de-la-cce-para-practicas-preprofesionales-de-la-comunidad-estudiantil\\\/\",\"url\":\"https:\\\/\\\/www.uartes.edu.ec\\\/sitio\\\/en\\\/blog\\\/2024\\\/08\\\/30\\\/uartes-firma-convenio-con-la-cinemateca-nacional-de-la-cce-para-practicas-preprofesionales-de-la-comunidad-estudiantil\\\/\",\"name\":\"Universidad de las Artes - UArtes y Cinemateca Nacional firman un convenio espec\u00edfico para que estudiantes realicen sus Pr\u00e1cticas PreProfesionales\",\"isPartOf\":{\"@id\":\"https:\\\/\\\/www.uartes.edu.ec\\\/sitio\\\/en\\\/#website\"},\"primaryImageOfPage\":{\"@id\":\"https:\\\/\\\/www.uartes.edu.ec\\\/sitio\\\/en\\\/blog\\\/2024\\\/08\\\/30\\\/uartes-firma-convenio-con-la-cinemateca-nacional-de-la-cce-para-practicas-preprofesionales-de-la-comunidad-estudiantil\\\/#primaryimage\"},\"image\":{\"@id\":\"https:\\\/\\\/www.uartes.edu.ec\\\/sitio\\\/en\\\/blog\\\/2024\\\/08\\\/30\\\/uartes-firma-convenio-con-la-cinemateca-nacional-de-la-cce-para-practicas-preprofesionales-de-la-comunidad-estudiantil\\\/#primaryimage\"},\"thumbnailUrl\":\"https:\\\/\\\/www.uartes.edu.ec\\\/sitio\\\/wp-content\\\/uploads\\\/2024\\\/09\\\/01-CASA-DE-LA-CULTURA-CENTENARIO-CINE.jpg\",\"datePublished\":\"2024-08-30T18:27:00+00:00\",\"dateModified\":\"2024-09-02T18:45:20+00:00\",\"description\":\"Universidad de las Artes - UArtes y Cinemateca Nacional firman un convenio espec\u00edfico para que estudiantes realicen sus Pr\u00e1cticas PreProfesionales\",\"breadcrumb\":{\"@id\":\"https:\\\/\\\/www.uartes.edu.ec\\\/sitio\\\/en\\\/blog\\\/2024\\\/08\\\/30\\\/uartes-firma-convenio-con-la-cinemateca-nacional-de-la-cce-para-practicas-preprofesionales-de-la-comunidad-estudiantil\\\/#breadcrumb\"},\"inLanguage\":\"en-US\",\"potentialAction\":[{\"@type\":\"ReadAction\",\"target\":[\"https:\\\/\\\/www.uartes.edu.ec\\\/sitio\\\/en\\\/blog\\\/2024\\\/08\\\/30\\\/uartes-firma-convenio-con-la-cinemateca-nacional-de-la-cce-para-practicas-preprofesionales-de-la-comunidad-estudiantil\\\/\"]}]},{\"@type\":\"ImageObject\",\"inLanguage\":\"en-US\",\"@id\":\"https:\\\/\\\/www.uartes.edu.ec\\\/sitio\\\/en\\\/blog\\\/2024\\\/08\\\/30\\\/uartes-firma-convenio-con-la-cinemateca-nacional-de-la-cce-para-practicas-preprofesionales-de-la-comunidad-estudiantil\\\/#primaryimage\",\"url\":\"https:\\\/\\\/www.uartes.edu.ec\\\/sitio\\\/wp-content\\\/uploads\\\/2024\\\/09\\\/01-CASA-DE-LA-CULTURA-CENTENARIO-CINE.jpg\",\"contentUrl\":\"https:\\\/\\\/www.uartes.edu.ec\\\/sitio\\\/wp-content\\\/uploads\\\/2024\\\/09\\\/01-CASA-DE-LA-CULTURA-CENTENARIO-CINE.jpg\",\"width\":2000,\"height\":1333},{\"@type\":\"BreadcrumbList\",\"@id\":\"https:\\\/\\\/www.uartes.edu.ec\\\/sitio\\\/en\\\/blog\\\/2024\\\/08\\\/30\\\/uartes-firma-convenio-con-la-cinemateca-nacional-de-la-cce-para-practicas-preprofesionales-de-la-comunidad-estudiantil\\\/#breadcrumb\",\"itemListElement\":[{\"@type\":\"ListItem\",\"position\":1,\"name\":\"Inicio\",\"item\":\"https:\\\/\\\/www.uartes.edu.ec\\\/sitio\\\/\"},{\"@type\":\"ListItem\",\"position\":2,\"name\":\"UArtes y Cinemateca Nacional firman un convenio espec\u00edfico para que estudiantes realicen sus Pr\u00e1cticas PreProfesionales\"}]},{\"@type\":\"WebSite\",\"@id\":\"https:\\\/\\\/www.uartes.edu.ec\\\/sitio\\\/en\\\/#website\",\"url\":\"https:\\\/\\\/www.uartes.edu.ec\\\/sitio\\\/en\\\/\",\"name\":\"Universidad de las Artes\",\"description\":\"Sitio oficial de la Universidad Nacional de las Artes del Ecuador\",\"publisher\":{\"@id\":\"https:\\\/\\\/www.uartes.edu.ec\\\/sitio\\\/en\\\/#organization\"},\"potentialAction\":[{\"@type\":\"SearchAction\",\"target\":{\"@type\":\"EntryPoint\",\"urlTemplate\":\"https:\\\/\\\/www.uartes.edu.ec\\\/sitio\\\/en\\\/?s={search_term_string}\"},\"query-input\":{\"@type\":\"PropertyValueSpecification\",\"valueRequired\":true,\"valueName\":\"search_term_string\"}}],\"inLanguage\":\"en-US\"},{\"@type\":\"Organization\",\"@id\":\"https:\\\/\\\/www.uartes.edu.ec\\\/sitio\\\/en\\\/#organization\",\"name\":\"Universidad de las Artes\",\"url\":\"https:\\\/\\\/www.uartes.edu.ec\\\/sitio\\\/en\\\/\",\"logo\":{\"@type\":\"ImageObject\",\"inLanguage\":\"en-US\",\"@id\":\"https:\\\/\\\/www.uartes.edu.ec\\\/sitio\\\/en\\\/#\\\/schema\\\/logo\\\/image\\\/\",\"url\":\"https:\\\/\\\/www.uartes.edu.ec\\\/sitio\\\/wp-content\\\/uploads\\\/2022\\\/07\\\/logo-ua-horizontal.png\",\"contentUrl\":\"https:\\\/\\\/www.uartes.edu.ec\\\/sitio\\\/wp-content\\\/uploads\\\/2022\\\/07\\\/logo-ua-horizontal.png\",\"width\":800,\"height\":276,\"caption\":\"Universidad de las Artes\"},\"image\":{\"@id\":\"https:\\\/\\\/www.uartes.edu.ec\\\/sitio\\\/en\\\/#\\\/schema\\\/logo\\\/image\\\/\"},\"sameAs\":[\"https:\\\/\\\/www.facebook.com\\\/uartesec\",\"https:\\\/\\\/x.com\\\/uartesec\",\"https:\\\/\\\/www.tiktok.com\\\/@uartesec\"]},{\"@type\":\"Person\",\"@id\":\"https:\\\/\\\/www.uartes.edu.ec\\\/sitio\\\/en\\\/#\\\/schema\\\/person\\\/efa1b8275797664fd7f13a79ccc0b1f4\",\"name\":\"ccortez\",\"image\":{\"@type\":\"ImageObject\",\"inLanguage\":\"en-US\",\"@id\":\"https:\\\/\\\/secure.gravatar.com\\\/avatar\\\/b2a6f664a3ae8e074346ef91775736c5ec479e637ecced6842de9dc98b5da9cd?s=96&d=mm&r=g\",\"url\":\"https:\\\/\\\/secure.gravatar.com\\\/avatar\\\/b2a6f664a3ae8e074346ef91775736c5ec479e637ecced6842de9dc98b5da9cd?s=96&d=mm&r=g\",\"contentUrl\":\"https:\\\/\\\/secure.gravatar.com\\\/avatar\\\/b2a6f664a3ae8e074346ef91775736c5ec479e637ecced6842de9dc98b5da9cd?s=96&d=mm&r=g\",\"caption\":\"ccortez\"},\"url\":\"https:\\\/\\\/www.uartes.edu.ec\\\/sitio\\\/en\\\/blog\\\/author\\\/ccortez\\\/\"}]}<\/script>\n<!-- \/ Yoast SEO plugin. -->","yoast_head_json":{"title":"Universidad de las Artes - UArtes y Cinemateca Nacional firman un convenio espec\u00edfico para que estudiantes realicen sus Pr\u00e1cticas PreProfesionales","description":"Universidad de las Artes - UArtes y Cinemateca Nacional firman un convenio espec\u00edfico para que estudiantes realicen sus Pr\u00e1cticas PreProfesionales","robots":{"index":"index","follow":"follow","max-snippet":"max-snippet:-1","max-image-preview":"max-image-preview:large","max-video-preview":"max-video-preview:-1"},"canonical":"https:\/\/www.uartes.edu.ec\/sitio\/en\/blog\/2024\/08\/30\/uartes-firma-convenio-con-la-cinemateca-nacional-de-la-cce-para-practicas-preprofesionales-de-la-comunidad-estudiantil\/","og_locale":"en_US","og_type":"article","og_title":"Universidad de las Artes - UArtes y Cinemateca Nacional firman un convenio espec\u00edfico para que estudiantes realicen sus Pr\u00e1cticas PreProfesionales","og_description":"Universidad de las Artes - UArtes y Cinemateca Nacional firman un convenio espec\u00edfico para que estudiantes realicen sus Pr\u00e1cticas PreProfesionales","og_url":"https:\/\/www.uartes.edu.ec\/sitio\/en\/blog\/2024\/08\/30\/uartes-firma-convenio-con-la-cinemateca-nacional-de-la-cce-para-practicas-preprofesionales-de-la-comunidad-estudiantil\/","og_site_name":"Universidad de las Artes","article_publisher":"https:\/\/www.facebook.com\/uartesec","article_published_time":"2024-08-30T18:27:00+00:00","article_modified_time":"2024-09-02T18:45:20+00:00","og_image":[{"width":2000,"height":1333,"url":"https:\/\/www.uartes.edu.ec\/sitio\/wp-content\/uploads\/2024\/09\/01-CASA-DE-LA-CULTURA-CENTENARIO-CINE.jpg","type":"image\/jpeg"}],"author":"ccortez","twitter_card":"summary_large_image","twitter_creator":"@uartesec","twitter_site":"@uartesec","twitter_misc":{"Written by":"ccortez","Est. reading time":"3 minutes"},"schema":{"@context":"https:\/\/schema.org","@graph":[{"@type":"Article","@id":"https:\/\/www.uartes.edu.ec\/sitio\/en\/blog\/2024\/08\/30\/uartes-firma-convenio-con-la-cinemateca-nacional-de-la-cce-para-practicas-preprofesionales-de-la-comunidad-estudiantil\/#article","isPartOf":{"@id":"https:\/\/www.uartes.edu.ec\/sitio\/en\/blog\/2024\/08\/30\/uartes-firma-convenio-con-la-cinemateca-nacional-de-la-cce-para-practicas-preprofesionales-de-la-comunidad-estudiantil\/"},"author":{"name":"ccortez","@id":"https:\/\/www.uartes.edu.ec\/sitio\/en\/#\/schema\/person\/efa1b8275797664fd7f13a79ccc0b1f4"},"headline":"UArtes y Cinemateca Nacional firman un convenio espec\u00edfico para que estudiantes realicen sus Pr\u00e1cticas PreProfesionales","datePublished":"2024-08-30T18:27:00+00:00","dateModified":"2024-09-02T18:45:20+00:00","mainEntityOfPage":{"@id":"https:\/\/www.uartes.edu.ec\/sitio\/en\/blog\/2024\/08\/30\/uartes-firma-convenio-con-la-cinemateca-nacional-de-la-cce-para-practicas-preprofesionales-de-la-comunidad-estudiantil\/"},"wordCount":634,"commentCount":0,"publisher":{"@id":"https:\/\/www.uartes.edu.ec\/sitio\/en\/#organization"},"image":{"@id":"https:\/\/www.uartes.edu.ec\/sitio\/en\/blog\/2024\/08\/30\/uartes-firma-convenio-con-la-cinemateca-nacional-de-la-cce-para-practicas-preprofesionales-de-la-comunidad-estudiantil\/#primaryimage"},"thumbnailUrl":"https:\/\/www.uartes.edu.ec\/sitio\/wp-content\/uploads\/2024\/09\/01-CASA-DE-LA-CULTURA-CENTENARIO-CINE.jpg","keywords":["proyectos y actividades"],"articleSection":["Acad\u00e9mico","Estudiantes","Gesti\u00f3n","V\u00ednculo"],"inLanguage":"en-US","potentialAction":[{"@type":"CommentAction","name":"Comment","target":["https:\/\/www.uartes.edu.ec\/sitio\/en\/blog\/2024\/08\/30\/uartes-firma-convenio-con-la-cinemateca-nacional-de-la-cce-para-practicas-preprofesionales-de-la-comunidad-estudiantil\/#respond"]}]},{"@type":["WebPage","ItemPage"],"@id":"https:\/\/www.uartes.edu.ec\/sitio\/en\/blog\/2024\/08\/30\/uartes-firma-convenio-con-la-cinemateca-nacional-de-la-cce-para-practicas-preprofesionales-de-la-comunidad-estudiantil\/","url":"https:\/\/www.uartes.edu.ec\/sitio\/en\/blog\/2024\/08\/30\/uartes-firma-convenio-con-la-cinemateca-nacional-de-la-cce-para-practicas-preprofesionales-de-la-comunidad-estudiantil\/","name":"Universidad de las Artes - UArtes y Cinemateca Nacional firman un convenio espec\u00edfico para que estudiantes realicen sus Pr\u00e1cticas PreProfesionales","isPartOf":{"@id":"https:\/\/www.uartes.edu.ec\/sitio\/en\/#website"},"primaryImageOfPage":{"@id":"https:\/\/www.uartes.edu.ec\/sitio\/en\/blog\/2024\/08\/30\/uartes-firma-convenio-con-la-cinemateca-nacional-de-la-cce-para-practicas-preprofesionales-de-la-comunidad-estudiantil\/#primaryimage"},"image":{"@id":"https:\/\/www.uartes.edu.ec\/sitio\/en\/blog\/2024\/08\/30\/uartes-firma-convenio-con-la-cinemateca-nacional-de-la-cce-para-practicas-preprofesionales-de-la-comunidad-estudiantil\/#primaryimage"},"thumbnailUrl":"https:\/\/www.uartes.edu.ec\/sitio\/wp-content\/uploads\/2024\/09\/01-CASA-DE-LA-CULTURA-CENTENARIO-CINE.jpg","datePublished":"2024-08-30T18:27:00+00:00","dateModified":"2024-09-02T18:45:20+00:00","description":"Universidad de las Artes - UArtes y Cinemateca Nacional firman un convenio espec\u00edfico para que estudiantes realicen sus Pr\u00e1cticas PreProfesionales","breadcrumb":{"@id":"https:\/\/www.uartes.edu.ec\/sitio\/en\/blog\/2024\/08\/30\/uartes-firma-convenio-con-la-cinemateca-nacional-de-la-cce-para-practicas-preprofesionales-de-la-comunidad-estudiantil\/#breadcrumb"},"inLanguage":"en-US","potentialAction":[{"@type":"ReadAction","target":["https:\/\/www.uartes.edu.ec\/sitio\/en\/blog\/2024\/08\/30\/uartes-firma-convenio-con-la-cinemateca-nacional-de-la-cce-para-practicas-preprofesionales-de-la-comunidad-estudiantil\/"]}]},{"@type":"ImageObject","inLanguage":"en-US","@id":"https:\/\/www.uartes.edu.ec\/sitio\/en\/blog\/2024\/08\/30\/uartes-firma-convenio-con-la-cinemateca-nacional-de-la-cce-para-practicas-preprofesionales-de-la-comunidad-estudiantil\/#primaryimage","url":"https:\/\/www.uartes.edu.ec\/sitio\/wp-content\/uploads\/2024\/09\/01-CASA-DE-LA-CULTURA-CENTENARIO-CINE.jpg","contentUrl":"https:\/\/www.uartes.edu.ec\/sitio\/wp-content\/uploads\/2024\/09\/01-CASA-DE-LA-CULTURA-CENTENARIO-CINE.jpg","width":2000,"height":1333},{"@type":"BreadcrumbList","@id":"https:\/\/www.uartes.edu.ec\/sitio\/en\/blog\/2024\/08\/30\/uartes-firma-convenio-con-la-cinemateca-nacional-de-la-cce-para-practicas-preprofesionales-de-la-comunidad-estudiantil\/#breadcrumb","itemListElement":[{"@type":"ListItem","position":1,"name":"Inicio","item":"https:\/\/www.uartes.edu.ec\/sitio\/"},{"@type":"ListItem","position":2,"name":"UArtes y Cinemateca Nacional firman un convenio espec\u00edfico para que estudiantes realicen sus Pr\u00e1cticas PreProfesionales"}]},{"@type":"WebSite","@id":"https:\/\/www.uartes.edu.ec\/sitio\/en\/#website","url":"https:\/\/www.uartes.edu.ec\/sitio\/en\/","name":"Universidad de las Artes","description":"Sitio oficial de la Universidad Nacional de las Artes del Ecuador","publisher":{"@id":"https:\/\/www.uartes.edu.ec\/sitio\/en\/#organization"},"potentialAction":[{"@type":"SearchAction","target":{"@type":"EntryPoint","urlTemplate":"https:\/\/www.uartes.edu.ec\/sitio\/en\/?s={search_term_string}"},"query-input":{"@type":"PropertyValueSpecification","valueRequired":true,"valueName":"search_term_string"}}],"inLanguage":"en-US"},{"@type":"Organization","@id":"https:\/\/www.uartes.edu.ec\/sitio\/en\/#organization","name":"Universidad de las Artes","url":"https:\/\/www.uartes.edu.ec\/sitio\/en\/","logo":{"@type":"ImageObject","inLanguage":"en-US","@id":"https:\/\/www.uartes.edu.ec\/sitio\/en\/#\/schema\/logo\/image\/","url":"https:\/\/www.uartes.edu.ec\/sitio\/wp-content\/uploads\/2022\/07\/logo-ua-horizontal.png","contentUrl":"https:\/\/www.uartes.edu.ec\/sitio\/wp-content\/uploads\/2022\/07\/logo-ua-horizontal.png","width":800,"height":276,"caption":"Universidad de las Artes"},"image":{"@id":"https:\/\/www.uartes.edu.ec\/sitio\/en\/#\/schema\/logo\/image\/"},"sameAs":["https:\/\/www.facebook.com\/uartesec","https:\/\/x.com\/uartesec","https:\/\/www.tiktok.com\/@uartesec"]},{"@type":"Person","@id":"https:\/\/www.uartes.edu.ec\/sitio\/en\/#\/schema\/person\/efa1b8275797664fd7f13a79ccc0b1f4","name":"ccortez","image":{"@type":"ImageObject","inLanguage":"en-US","@id":"https:\/\/secure.gravatar.com\/avatar\/b2a6f664a3ae8e074346ef91775736c5ec479e637ecced6842de9dc98b5da9cd?s=96&d=mm&r=g","url":"https:\/\/secure.gravatar.com\/avatar\/b2a6f664a3ae8e074346ef91775736c5ec479e637ecced6842de9dc98b5da9cd?s=96&d=mm&r=g","contentUrl":"https:\/\/secure.gravatar.com\/avatar\/b2a6f664a3ae8e074346ef91775736c5ec479e637ecced6842de9dc98b5da9cd?s=96&d=mm&r=g","caption":"ccortez"},"url":"https:\/\/www.uartes.edu.ec\/sitio\/en\/blog\/author\/ccortez\/"}]}},"uagb_featured_image_src":{"full":["https:\/\/www.uartes.edu.ec\/sitio\/wp-content\/uploads\/2024\/09\/01-CASA-DE-LA-CULTURA-CENTENARIO-CINE.jpg",2000,1333,false],"thumbnail":["https:\/\/www.uartes.edu.ec\/sitio\/wp-content\/uploads\/2024\/09\/01-CASA-DE-LA-CULTURA-CENTENARIO-CINE-150x150.jpg",150,150,true],"medium":["https:\/\/www.uartes.edu.ec\/sitio\/wp-content\/uploads\/2024\/09\/01-CASA-DE-LA-CULTURA-CENTENARIO-CINE-300x200.jpg",300,200,true],"medium_large":["https:\/\/www.uartes.edu.ec\/sitio\/wp-content\/uploads\/2024\/09\/01-CASA-DE-LA-CULTURA-CENTENARIO-CINE-768x512.jpg",768,512,true],"large":["https:\/\/www.uartes.edu.ec\/sitio\/wp-content\/uploads\/2024\/09\/01-CASA-DE-LA-CULTURA-CENTENARIO-CINE-644x429.jpg",644,429,true],"1536x1536":["https:\/\/www.uartes.edu.ec\/sitio\/wp-content\/uploads\/2024\/09\/01-CASA-DE-LA-CULTURA-CENTENARIO-CINE-1536x1024.jpg",1536,1024,true],"2048x2048":["https:\/\/www.uartes.edu.ec\/sitio\/wp-content\/uploads\/2024\/09\/01-CASA-DE-LA-CULTURA-CENTENARIO-CINE.jpg",2000,1333,false],"trp-custom-language-flag":["https:\/\/www.uartes.edu.ec\/sitio\/wp-content\/uploads\/2024\/09\/01-CASA-DE-LA-CULTURA-CENTENARIO-CINE-18x12.jpg",18,12,true],"htmega_size_585x295":["https:\/\/www.uartes.edu.ec\/sitio\/wp-content\/uploads\/2024\/09\/01-CASA-DE-LA-CULTURA-CENTENARIO-CINE-585x295.jpg",585,295,true],"htmega_size_1170x536":["https:\/\/www.uartes.edu.ec\/sitio\/wp-content\/uploads\/2024\/09\/01-CASA-DE-LA-CULTURA-CENTENARIO-CINE-1170x536.jpg",1170,536,true],"htmega_size_396x360":["https:\/\/www.uartes.edu.ec\/sitio\/wp-content\/uploads\/2024\/09\/01-CASA-DE-LA-CULTURA-CENTENARIO-CINE-396x360.jpg",396,360,true],"gb-block-post-grid-landscape":["https:\/\/www.uartes.edu.ec\/sitio\/wp-content\/uploads\/2024\/09\/01-CASA-DE-LA-CULTURA-CENTENARIO-CINE-600x400.jpg",600,400,true],"gb-block-post-grid-square":["https:\/\/www.uartes.edu.ec\/sitio\/wp-content\/uploads\/2024\/09\/01-CASA-DE-LA-CULTURA-CENTENARIO-CINE-600x600.jpg",600,600,true],"university-hub-thumb":["https:\/\/www.uartes.edu.ec\/sitio\/wp-content\/uploads\/2024\/09\/01-CASA-DE-LA-CULTURA-CENTENARIO-CINE-400x267.jpg",400,267,true]},"uagb_author_info":{"display_name":"ccortez","author_link":"https:\/\/www.uartes.edu.ec\/sitio\/en\/blog\/author\/ccortez\/"},"uagb_comment_info":0,"uagb_excerpt":"Un Convenio Espec\u00edfico de Pr\u00e1cticas PreProfesionales firm\u00f3 la Universidad de las Artes con la Cinemateca Nacional Ulises Estrella de la Casa de la Cultura Ecuatoriana (CCE), a fin de la comunidad estudiantil pueda participar en proyectos y actividades de la entidad. La suscripci\u00f3n se dio en el marco de la celebraci\u00f3n que la instituci\u00f3n cultural&hellip;","featured_image_src":"https:\/\/www.uartes.edu.ec\/sitio\/wp-content\/uploads\/2024\/09\/01-CASA-DE-LA-CULTURA-CENTENARIO-CINE-600x400.jpg","featured_image_src_square":"https:\/\/www.uartes.edu.ec\/sitio\/wp-content\/uploads\/2024\/09\/01-CASA-DE-LA-CULTURA-CENTENARIO-CINE-600x600.jpg","author_info":{"display_name":"ccortez","author_link":"https:\/\/www.uartes.edu.ec\/sitio\/en\/blog\/author\/ccortez\/"},"publishpress_future_workflow_manual_trigger":{"enabledWorkflows":[]},"distributor_meta":false,"distributor_terms":false,"distributor_media":false,"distributor_original_site_name":"Universidad de las Artes","distributor_original_site_url":"https:\/\/www.uartes.edu.ec\/sitio\/en","push-errors":false,"_links":{"self":[{"href":"https:\/\/www.uartes.edu.ec\/sitio\/en\/wp-json\/wp\/v2\/posts\/61167","targetHints":{"allow":["GET"]}}],"collection":[{"href":"https:\/\/www.uartes.edu.ec\/sitio\/en\/wp-json\/wp\/v2\/posts"}],"about":[{"href":"https:\/\/www.uartes.edu.ec\/sitio\/en\/wp-json\/wp\/v2\/types\/post"}],"author":[{"embeddable":true,"href":"https:\/\/www.uartes.edu.ec\/sitio\/en\/wp-json\/wp\/v2\/users\/10"}],"replies":[{"embeddable":true,"href":"https:\/\/www.uartes.edu.ec\/sitio\/en\/wp-json\/wp\/v2\/comments?post=61167"}],"version-history":[{"count":7,"href":"https:\/\/www.uartes.edu.ec\/sitio\/en\/wp-json\/wp\/v2\/posts\/61167\/revisions"}],"predecessor-version":[{"id":61277,"href":"https:\/\/www.uartes.edu.ec\/sitio\/en\/wp-json\/wp\/v2\/posts\/61167\/revisions\/61277"}],"wp:featuredmedia":[{"embeddable":true,"href":"https:\/\/www.uartes.edu.ec\/sitio\/en\/wp-json\/wp\/v2\/media\/61168"}],"wp:attachment":[{"href":"https:\/\/www.uartes.edu.ec\/sitio\/en\/wp-json\/wp\/v2\/media?parent=61167"}],"wp:term":[{"taxonomy":"category","embeddable":true,"href":"https:\/\/www.uartes.edu.ec\/sitio\/en\/wp-json\/wp\/v2\/categories?post=61167"},{"taxonomy":"post_tag","embeddable":true,"href":"https:\/\/www.uartes.edu.ec\/sitio\/en\/wp-json\/wp\/v2\/tags?post=61167"},{"taxonomy":"infouartes","embeddable":true,"href":"https:\/\/www.uartes.edu.ec\/sitio\/en\/wp-json\/wp\/v2\/infouartes?post=61167"}],"curies":[{"name":"wp","href":"https:\/\/api.w.org\/{rel}","templated":true}]}}