{"id":6150,"date":"2020-02-03T15:39:31","date_gmt":"2020-02-03T20:39:31","guid":{"rendered":"http:\/\/www.uartes.edu.ec\/sitio\/?p=6150"},"modified":"2024-07-04T11:48:40","modified_gmt":"2024-07-04T16:48:40","slug":"preliminar-cuadernos-de-trabajo-mostrara-los-proyectos-artisticos-de-estudiantes-de-la-uartes","status":"publish","type":"post","link":"https:\/\/www.uartes.edu.ec\/sitio\/en\/blog\/2020\/02\/03\/preliminar-cuadernos-de-trabajo-mostrara-los-proyectos-artisticos-de-estudiantes-de-la-uartes\/","title":{"rendered":"\u201cPreliminar: cuadernos de trabajo\u201d mostrar\u00e1 los  proyectos art\u00edsticos de estudiantes de la UArtes"},"content":{"rendered":"<p class=\"has-text-align-right\"><em>\u00abLos proyectos art\u00edsticos que salen cada semestre quedaban almacenados <br> y buscamos visibilizarlos, que se difundan y sean validados como un producto de investigaci\u00f3n y producci\u00f3n acad\u00e9mica y art\u00edstica. ILIA supli\u00f3 el vac\u00edo que hab\u00eda en la UArtes y se abri\u00f3 la convocatoria.\u201d, <\/em>Olmedo Guerra.<\/p>\n\n\n\n<p>Desde el pasado 15 de enero en la p\u00e1gina web de la\nUniversidad de las Artes se dio inicio a la convocatoria de \u201cPreliminar:\ncuadernos de trabajo\u201d, una invitaci\u00f3n para que los estudiantes de todas las\nescuelas de la UArtes compartan sus trabajos de investigaci\u00f3n y creaci\u00f3n\nrealizados durante el semestre. <\/p>\n\n\n\n<p>Olmedo Guerra, quien cursa el quinto semestre de la Escuela de Literatura, est\u00e1 al frente de la propuesta que llevo junto con varios de sus compa\u00f1eros al Instituto Latinoamericano de Investigaci\u00f3n en Artes (ILIA), en donde realiza sus pr\u00e1cticas pre-profesionales. En di\u00e1logo con InfoUArtes, \u00e9l da detalles de la convocatoria abierta para Preliminar, la cual se\u00f1ala como la primera revista digital para estudiantes.<\/p>\n\n\n\n<p><strong>\u00bfC\u00f3mo nace la idea de Preliminar?<\/strong><\/p>\n\n\n\n<p>La idea surgi\u00f3 a partir del involucramiento de estudiantes en el\ntrabajo del Instituto Latinoamericano de Investigaci\u00f3n en Artes, y en su\nconstataci\u00f3n sobre la necesidad de evidenciar los aportes que el cuerpo\nestudiantil hace a la investigaci\u00f3n en artes de la universidad. A partir de\nello, el equipo del ILIA asume el reto de dise\u00f1ar e implementar un proyecto editorial\nque recupere los trabajos de investigacion-creacion generados en el aula de\nclase. As\u00ed nace&nbsp; Preliminar: cuadernos de\ntrabajo, como un proyecto de estudiantes para estudiantes de la UArtes,\nbuscando hacer hincapi\u00e9 en que nuestros procesos de creaci\u00f3n art\u00edsticos est\u00e1n\nintr\u00ednsecamente ligados a la investigaci\u00f3n y, por ende, a la producci\u00f3n de\nconocimiento. <\/p>\n\n\n\n<p><strong>\u00bfA qu\u00e9 trabajos se refiere?<\/strong><\/p>\n\n\n\n<p>Uno de los principales objetivos de Preliminar, es reforzar una de las\nideas insigne de la universidad: la creaci\u00f3n art\u00edstica. Se receptan trabajos en\ndiferentes formatos, buscando reforzar la idea de la multiplicidad de formas\nque puede tomar la investigaci\u00f3n en artes.&nbsp;\nPreliminar propondr\u00e1 una plataforma multiformatos en la cual coexistir\u00e1n\ntextos escritos de diferentes registros, videos, podcasts, fotograf\u00edas,\nmaterial de visuales y pl\u00e1sticas, composiciones sonoras, registros de obras\nesc\u00e9nicas, obras literarias, mapas, entre varios otros. <\/p>\n\n\n\n<p><strong>\u00bfDe todas las asignaturas?<\/strong><\/p>\n\n\n\n<p>S\u00ed. El objetivo es que de las materias que cursamos logremos\nidentificar cu\u00e1les son los trabajos potencialmente publicables. Considero que\nPreliminar es tambi\u00e9n un proyecto que incentiva a los estudiantes a potenciar\nla calidad de sus trabajos con miras a una publicaci\u00f3n, que da como resultado\nla visibilizaci\u00f3n de esos trabajos y el consecuente di\u00e1logo de saberes. <\/p>\n\n\n\n<p><strong>\u00bfHabr\u00e1 alguna estructura de\npublicaci\u00f3n?<\/strong><\/p>\n\n\n\n<p>En una primera fase, el proyecto tiene el desafio de recolectar los\ntrabajos de los estudiantes. Evaluaremos la respuesta del claustro\nuniversitario, y en funci\u00f3n de la cantidad de trabajos recopilados, se dise\u00f1ar\u00e1\nla plataforma editorial que mejor convenga a los objetivos trazados. Buscaremos\nnutrirnos de experiencias creativas generadas por los estudiantes (como\ntangente o como los diversos proyectos de fanzine) para dise\u00f1ar un proyecto\neditorial que cumpla con los c\u00e1nones del rigor acad\u00e9mico, pero que a la vez\ninnove en sus formatos, que invite a la lectura y a la circulaci\u00f3n de sus\ncontenidos. El objetivo del proyecto busca reconocer que las formas de validaci\u00f3n\nacad\u00e9mica en el arte no solamente se realizan a trav\u00e9s de publicaciones\nescritas, sino tambi\u00e9n a trav\u00e9s de procesos diversos que experimentan con\nformatos no tradicionales y que convergen en obras art\u00edsticas. <\/p>\n\n\n\n<p><strong>\u00bfCu\u00e1ndo se empezar\u00e1n a subir las\npublicaciones y qui\u00e9nes podr\u00e1n acceder a ellas y c\u00f3mo? &nbsp;&nbsp;<\/strong><\/p>\n\n\n\n<p>La convocatoria finalizar\u00e1 el 2 de marzo del 2020, a partir de esa\nfecha el equipo editorial de Preliminar pasar\u00e1 por la fase de revisi\u00f3n, edici\u00f3n\ny diagramaci\u00f3n de los trabajos. Tenemos previsto lanzar nuestro primer n\u00famero\nen junio pr\u00f3ximo. Los trabajos ser\u00e1n publicados por colecciones digitales y\nestar\u00e1n disponibles en el repositorio de la Universidad de las Artes y en la\np\u00e1gina web del ILIA. <\/p>\n\n\n\n<p><strong>Estos son los pasos para\npostular:<\/strong><\/p>\n\n\n\n<ul class=\"wp-block-list\"><li>Ingresa a la p\u00e1gina del ILIA, secci\u00f3n\n\u201cConvocatorias\u201d y revisa las bases de postulaci\u00f3n. <a href=\"http:\/\/ilia.uartes.edu.ec\/\">http:\/\/ilia.uartes.edu.ec\/<\/a><\/li><li>Identifica el trabajo que deseas postular.<\/li><li>Adapta el formato de tu trabajo en funci\u00f3n de\nlas bases.<\/li><li>Gestiona la firma aval del docente y firma tu\npostulaci\u00f3n.<\/li><li>Ingresa al SGA, da click en \u201cConvocatoria\nPreliminar\u201d y llena el formulario de aplicaci\u00f3n.<\/li><li>Recibe un correo de verificaci\u00f3n.<\/li><\/ul>","protected":false},"excerpt":{"rendered":"<p>\u00abLos proyectos art\u00edsticos que salen cada semestre quedaban almacenados<br \/>\n y buscamos visibilizarlos, que se difundan y sean validados como un producto de investigaci\u00f3n y producci\u00f3n acad\u00e9mica y art\u00edstica. ILIA supli\u00f3 el vac\u00edo que hab\u00eda en la UArtes y se abri\u00f3 la convocatoria.\u201d, Olmedo Guerra.<\/p>","protected":false},"author":1,"featured_media":6151,"comment_status":"closed","ping_status":"closed","sticky":false,"template":"","format":"standard","meta":{"_acf_changed":false,"_uag_custom_page_level_css":"","_monsterinsights_skip_tracking":false,"_monsterinsights_sitenote_active":false,"_monsterinsights_sitenote_note":"","_monsterinsights_sitenote_category":0,"cybocfi_hide_featured_image":"","footnotes":""},"categories":[80,76,175],"tags":[],"infouartes":[],"class_list":["post-6150","post","type-post","status-publish","format-standard","has-post-thumbnail","hentry","category-academico","category-estudiantes","category-literatura"],"acf":[],"yoast_head":"<!-- This site is optimized with the Yoast SEO plugin v27.4 - https:\/\/yoast.com\/product\/yoast-seo-wordpress\/ -->\n<title>Universidad de las Artes - \u201cPreliminar: cuadernos de trabajo\u201d mostrar\u00e1 los proyectos art\u00edsticos de estudiantes de la UArtes<\/title>\n<meta name=\"description\" content=\"Universidad de las Artes - \u201cPreliminar: cuadernos de trabajo\u201d mostrar\u00e1 los proyectos art\u00edsticos de estudiantes de la UArtes\" \/>\n<meta name=\"robots\" content=\"index, follow, max-snippet:-1, max-image-preview:large, max-video-preview:-1\" \/>\n<link rel=\"canonical\" href=\"https:\/\/www.uartes.edu.ec\/sitio\/en\/blog\/2020\/02\/03\/preliminar-cuadernos-de-trabajo-mostrara-los-proyectos-artisticos-de-estudiantes-de-la-uartes\/\" \/>\n<meta property=\"og:locale\" content=\"en_US\" \/>\n<meta property=\"og:type\" content=\"article\" \/>\n<meta property=\"og:title\" content=\"Universidad de las Artes - \u201cPreliminar: cuadernos de trabajo\u201d mostrar\u00e1 los proyectos art\u00edsticos de estudiantes de la UArtes\" \/>\n<meta property=\"og:description\" content=\"Universidad de las Artes - \u201cPreliminar: cuadernos de trabajo\u201d mostrar\u00e1 los proyectos art\u00edsticos de estudiantes de la UArtes\" \/>\n<meta property=\"og:url\" content=\"https:\/\/www.uartes.edu.ec\/sitio\/en\/blog\/2020\/02\/03\/preliminar-cuadernos-de-trabajo-mostrara-los-proyectos-artisticos-de-estudiantes-de-la-uartes\/\" \/>\n<meta property=\"og:site_name\" content=\"Universidad de las Artes\" \/>\n<meta property=\"article:publisher\" content=\"https:\/\/www.facebook.com\/uartesec\" \/>\n<meta property=\"article:published_time\" content=\"2020-02-03T20:39:31+00:00\" \/>\n<meta property=\"article:modified_time\" content=\"2024-07-04T16:48:40+00:00\" \/>\n<meta property=\"og:image\" content=\"https:\/\/www.uartes.edu.ec\/sitio\/wp-content\/uploads\/2020\/02\/OLMEDO-GUERRA.jpg\" \/>\n\t<meta property=\"og:image:width\" content=\"2000\" \/>\n\t<meta property=\"og:image:height\" content=\"1333\" \/>\n\t<meta property=\"og:image:type\" content=\"image\/jpeg\" \/>\n<meta name=\"author\" content=\"Universidad de las Artes\" \/>\n<meta name=\"twitter:card\" content=\"summary_large_image\" \/>\n<meta name=\"twitter:creator\" content=\"@uartesec\" \/>\n<meta name=\"twitter:site\" content=\"@uartesec\" \/>\n<meta name=\"twitter:label1\" content=\"Written by\" \/>\n\t<meta name=\"twitter:data1\" content=\"Universidad de las Artes\" \/>\n\t<meta name=\"twitter:label2\" content=\"Est. reading time\" \/>\n\t<meta name=\"twitter:data2\" content=\"4 minutes\" \/>\n<script type=\"application\/ld+json\" class=\"yoast-schema-graph\">{\"@context\":\"https:\\\/\\\/schema.org\",\"@graph\":[{\"@type\":\"Article\",\"@id\":\"https:\\\/\\\/www.uartes.edu.ec\\\/sitio\\\/en\\\/blog\\\/2020\\\/02\\\/03\\\/preliminar-cuadernos-de-trabajo-mostrara-los-proyectos-artisticos-de-estudiantes-de-la-uartes\\\/#article\",\"isPartOf\":{\"@id\":\"https:\\\/\\\/www.uartes.edu.ec\\\/sitio\\\/en\\\/blog\\\/2020\\\/02\\\/03\\\/preliminar-cuadernos-de-trabajo-mostrara-los-proyectos-artisticos-de-estudiantes-de-la-uartes\\\/\"},\"author\":{\"name\":\"Universidad de las Artes\",\"@id\":\"https:\\\/\\\/www.uartes.edu.ec\\\/sitio\\\/en\\\/#\\\/schema\\\/person\\\/f33f8c1d2af0d5c80a38c8abf458184a\"},\"headline\":\"\u201cPreliminar: cuadernos de trabajo\u201d mostrar\u00e1 los proyectos art\u00edsticos de estudiantes de la UArtes\",\"datePublished\":\"2020-02-03T20:39:31+00:00\",\"dateModified\":\"2024-07-04T16:48:40+00:00\",\"mainEntityOfPage\":{\"@id\":\"https:\\\/\\\/www.uartes.edu.ec\\\/sitio\\\/en\\\/blog\\\/2020\\\/02\\\/03\\\/preliminar-cuadernos-de-trabajo-mostrara-los-proyectos-artisticos-de-estudiantes-de-la-uartes\\\/\"},\"wordCount\":801,\"publisher\":{\"@id\":\"https:\\\/\\\/www.uartes.edu.ec\\\/sitio\\\/en\\\/#organization\"},\"image\":{\"@id\":\"https:\\\/\\\/www.uartes.edu.ec\\\/sitio\\\/en\\\/blog\\\/2020\\\/02\\\/03\\\/preliminar-cuadernos-de-trabajo-mostrara-los-proyectos-artisticos-de-estudiantes-de-la-uartes\\\/#primaryimage\"},\"thumbnailUrl\":\"https:\\\/\\\/www.uartes.edu.ec\\\/sitio\\\/wp-content\\\/uploads\\\/2020\\\/02\\\/OLMEDO-GUERRA.jpg\",\"articleSection\":[\"Acad\u00e9mico\",\"Estudiantes\",\"Literatura\"],\"inLanguage\":\"en-US\"},{\"@type\":[\"WebPage\",\"ItemPage\"],\"@id\":\"https:\\\/\\\/www.uartes.edu.ec\\\/sitio\\\/en\\\/blog\\\/2020\\\/02\\\/03\\\/preliminar-cuadernos-de-trabajo-mostrara-los-proyectos-artisticos-de-estudiantes-de-la-uartes\\\/\",\"url\":\"https:\\\/\\\/www.uartes.edu.ec\\\/sitio\\\/en\\\/blog\\\/2020\\\/02\\\/03\\\/preliminar-cuadernos-de-trabajo-mostrara-los-proyectos-artisticos-de-estudiantes-de-la-uartes\\\/\",\"name\":\"Universidad de las Artes - \u201cPreliminar: cuadernos de trabajo\u201d mostrar\u00e1 los proyectos art\u00edsticos de estudiantes de la UArtes\",\"isPartOf\":{\"@id\":\"https:\\\/\\\/www.uartes.edu.ec\\\/sitio\\\/en\\\/#website\"},\"primaryImageOfPage\":{\"@id\":\"https:\\\/\\\/www.uartes.edu.ec\\\/sitio\\\/en\\\/blog\\\/2020\\\/02\\\/03\\\/preliminar-cuadernos-de-trabajo-mostrara-los-proyectos-artisticos-de-estudiantes-de-la-uartes\\\/#primaryimage\"},\"image\":{\"@id\":\"https:\\\/\\\/www.uartes.edu.ec\\\/sitio\\\/en\\\/blog\\\/2020\\\/02\\\/03\\\/preliminar-cuadernos-de-trabajo-mostrara-los-proyectos-artisticos-de-estudiantes-de-la-uartes\\\/#primaryimage\"},\"thumbnailUrl\":\"https:\\\/\\\/www.uartes.edu.ec\\\/sitio\\\/wp-content\\\/uploads\\\/2020\\\/02\\\/OLMEDO-GUERRA.jpg\",\"datePublished\":\"2020-02-03T20:39:31+00:00\",\"dateModified\":\"2024-07-04T16:48:40+00:00\",\"description\":\"Universidad de las Artes - \u201cPreliminar: cuadernos de trabajo\u201d mostrar\u00e1 los proyectos art\u00edsticos de estudiantes de la UArtes\",\"breadcrumb\":{\"@id\":\"https:\\\/\\\/www.uartes.edu.ec\\\/sitio\\\/en\\\/blog\\\/2020\\\/02\\\/03\\\/preliminar-cuadernos-de-trabajo-mostrara-los-proyectos-artisticos-de-estudiantes-de-la-uartes\\\/#breadcrumb\"},\"inLanguage\":\"en-US\",\"potentialAction\":[{\"@type\":\"ReadAction\",\"target\":[\"https:\\\/\\\/www.uartes.edu.ec\\\/sitio\\\/en\\\/blog\\\/2020\\\/02\\\/03\\\/preliminar-cuadernos-de-trabajo-mostrara-los-proyectos-artisticos-de-estudiantes-de-la-uartes\\\/\"]}]},{\"@type\":\"ImageObject\",\"inLanguage\":\"en-US\",\"@id\":\"https:\\\/\\\/www.uartes.edu.ec\\\/sitio\\\/en\\\/blog\\\/2020\\\/02\\\/03\\\/preliminar-cuadernos-de-trabajo-mostrara-los-proyectos-artisticos-de-estudiantes-de-la-uartes\\\/#primaryimage\",\"url\":\"https:\\\/\\\/www.uartes.edu.ec\\\/sitio\\\/wp-content\\\/uploads\\\/2020\\\/02\\\/OLMEDO-GUERRA.jpg\",\"contentUrl\":\"https:\\\/\\\/www.uartes.edu.ec\\\/sitio\\\/wp-content\\\/uploads\\\/2020\\\/02\\\/OLMEDO-GUERRA.jpg\",\"width\":2000,\"height\":1333},{\"@type\":\"BreadcrumbList\",\"@id\":\"https:\\\/\\\/www.uartes.edu.ec\\\/sitio\\\/en\\\/blog\\\/2020\\\/02\\\/03\\\/preliminar-cuadernos-de-trabajo-mostrara-los-proyectos-artisticos-de-estudiantes-de-la-uartes\\\/#breadcrumb\",\"itemListElement\":[{\"@type\":\"ListItem\",\"position\":1,\"name\":\"Inicio\",\"item\":\"https:\\\/\\\/www.uartes.edu.ec\\\/sitio\\\/\"},{\"@type\":\"ListItem\",\"position\":2,\"name\":\"\u201cPreliminar: cuadernos de trabajo\u201d mostrar\u00e1 los proyectos art\u00edsticos de estudiantes de la UArtes\"}]},{\"@type\":\"WebSite\",\"@id\":\"https:\\\/\\\/www.uartes.edu.ec\\\/sitio\\\/en\\\/#website\",\"url\":\"https:\\\/\\\/www.uartes.edu.ec\\\/sitio\\\/en\\\/\",\"name\":\"Universidad de las Artes\",\"description\":\"Sitio oficial de la Universidad Nacional de las Artes del Ecuador\",\"publisher\":{\"@id\":\"https:\\\/\\\/www.uartes.edu.ec\\\/sitio\\\/en\\\/#organization\"},\"potentialAction\":[{\"@type\":\"SearchAction\",\"target\":{\"@type\":\"EntryPoint\",\"urlTemplate\":\"https:\\\/\\\/www.uartes.edu.ec\\\/sitio\\\/en\\\/?s={search_term_string}\"},\"query-input\":{\"@type\":\"PropertyValueSpecification\",\"valueRequired\":true,\"valueName\":\"search_term_string\"}}],\"inLanguage\":\"en-US\"},{\"@type\":\"Organization\",\"@id\":\"https:\\\/\\\/www.uartes.edu.ec\\\/sitio\\\/en\\\/#organization\",\"name\":\"Universidad de las Artes\",\"url\":\"https:\\\/\\\/www.uartes.edu.ec\\\/sitio\\\/en\\\/\",\"logo\":{\"@type\":\"ImageObject\",\"inLanguage\":\"en-US\",\"@id\":\"https:\\\/\\\/www.uartes.edu.ec\\\/sitio\\\/en\\\/#\\\/schema\\\/logo\\\/image\\\/\",\"url\":\"https:\\\/\\\/www.uartes.edu.ec\\\/sitio\\\/wp-content\\\/uploads\\\/2022\\\/07\\\/logo-ua-horizontal.png\",\"contentUrl\":\"https:\\\/\\\/www.uartes.edu.ec\\\/sitio\\\/wp-content\\\/uploads\\\/2022\\\/07\\\/logo-ua-horizontal.png\",\"width\":800,\"height\":276,\"caption\":\"Universidad de las Artes\"},\"image\":{\"@id\":\"https:\\\/\\\/www.uartes.edu.ec\\\/sitio\\\/en\\\/#\\\/schema\\\/logo\\\/image\\\/\"},\"sameAs\":[\"https:\\\/\\\/www.facebook.com\\\/uartesec\",\"https:\\\/\\\/x.com\\\/uartesec\",\"https:\\\/\\\/www.tiktok.com\\\/@uartesec\"]},{\"@type\":\"Person\",\"@id\":\"https:\\\/\\\/www.uartes.edu.ec\\\/sitio\\\/en\\\/#\\\/schema\\\/person\\\/f33f8c1d2af0d5c80a38c8abf458184a\",\"name\":\"Universidad de las Artes\",\"image\":{\"@type\":\"ImageObject\",\"inLanguage\":\"en-US\",\"@id\":\"https:\\\/\\\/secure.gravatar.com\\\/avatar\\\/52e4757902f5cfa5ac52d020e5be83cae5487519154b6c35482fe08d589f3c13?s=96&d=mm&r=g\",\"url\":\"https:\\\/\\\/secure.gravatar.com\\\/avatar\\\/52e4757902f5cfa5ac52d020e5be83cae5487519154b6c35482fe08d589f3c13?s=96&d=mm&r=g\",\"contentUrl\":\"https:\\\/\\\/secure.gravatar.com\\\/avatar\\\/52e4757902f5cfa5ac52d020e5be83cae5487519154b6c35482fe08d589f3c13?s=96&d=mm&r=g\",\"caption\":\"Universidad de las Artes\"},\"url\":\"https:\\\/\\\/www.uartes.edu.ec\\\/sitio\\\/en\\\/blog\\\/author\\\/dircomadm\\\/\"}]}<\/script>\n<!-- \/ Yoast SEO plugin. -->","yoast_head_json":{"title":"Universidad de las Artes - \u201cPreliminar: cuadernos de trabajo\u201d mostrar\u00e1 los proyectos art\u00edsticos de estudiantes de la UArtes","description":"Universidad de las Artes - \u201cPreliminar: cuadernos de trabajo\u201d mostrar\u00e1 los proyectos art\u00edsticos de estudiantes de la UArtes","robots":{"index":"index","follow":"follow","max-snippet":"max-snippet:-1","max-image-preview":"max-image-preview:large","max-video-preview":"max-video-preview:-1"},"canonical":"https:\/\/www.uartes.edu.ec\/sitio\/en\/blog\/2020\/02\/03\/preliminar-cuadernos-de-trabajo-mostrara-los-proyectos-artisticos-de-estudiantes-de-la-uartes\/","og_locale":"en_US","og_type":"article","og_title":"Universidad de las Artes - \u201cPreliminar: cuadernos de trabajo\u201d mostrar\u00e1 los proyectos art\u00edsticos de estudiantes de la UArtes","og_description":"Universidad de las Artes - \u201cPreliminar: cuadernos de trabajo\u201d mostrar\u00e1 los proyectos art\u00edsticos de estudiantes de la UArtes","og_url":"https:\/\/www.uartes.edu.ec\/sitio\/en\/blog\/2020\/02\/03\/preliminar-cuadernos-de-trabajo-mostrara-los-proyectos-artisticos-de-estudiantes-de-la-uartes\/","og_site_name":"Universidad de las Artes","article_publisher":"https:\/\/www.facebook.com\/uartesec","article_published_time":"2020-02-03T20:39:31+00:00","article_modified_time":"2024-07-04T16:48:40+00:00","og_image":[{"width":2000,"height":1333,"url":"https:\/\/www.uartes.edu.ec\/sitio\/wp-content\/uploads\/2020\/02\/OLMEDO-GUERRA.jpg","type":"image\/jpeg"}],"author":"Universidad de las Artes","twitter_card":"summary_large_image","twitter_creator":"@uartesec","twitter_site":"@uartesec","twitter_misc":{"Written by":"Universidad de las Artes","Est. reading time":"4 minutes"},"schema":{"@context":"https:\/\/schema.org","@graph":[{"@type":"Article","@id":"https:\/\/www.uartes.edu.ec\/sitio\/en\/blog\/2020\/02\/03\/preliminar-cuadernos-de-trabajo-mostrara-los-proyectos-artisticos-de-estudiantes-de-la-uartes\/#article","isPartOf":{"@id":"https:\/\/www.uartes.edu.ec\/sitio\/en\/blog\/2020\/02\/03\/preliminar-cuadernos-de-trabajo-mostrara-los-proyectos-artisticos-de-estudiantes-de-la-uartes\/"},"author":{"name":"Universidad de las Artes","@id":"https:\/\/www.uartes.edu.ec\/sitio\/en\/#\/schema\/person\/f33f8c1d2af0d5c80a38c8abf458184a"},"headline":"\u201cPreliminar: cuadernos de trabajo\u201d mostrar\u00e1 los proyectos art\u00edsticos de estudiantes de la UArtes","datePublished":"2020-02-03T20:39:31+00:00","dateModified":"2024-07-04T16:48:40+00:00","mainEntityOfPage":{"@id":"https:\/\/www.uartes.edu.ec\/sitio\/en\/blog\/2020\/02\/03\/preliminar-cuadernos-de-trabajo-mostrara-los-proyectos-artisticos-de-estudiantes-de-la-uartes\/"},"wordCount":801,"publisher":{"@id":"https:\/\/www.uartes.edu.ec\/sitio\/en\/#organization"},"image":{"@id":"https:\/\/www.uartes.edu.ec\/sitio\/en\/blog\/2020\/02\/03\/preliminar-cuadernos-de-trabajo-mostrara-los-proyectos-artisticos-de-estudiantes-de-la-uartes\/#primaryimage"},"thumbnailUrl":"https:\/\/www.uartes.edu.ec\/sitio\/wp-content\/uploads\/2020\/02\/OLMEDO-GUERRA.jpg","articleSection":["Acad\u00e9mico","Estudiantes","Literatura"],"inLanguage":"en-US"},{"@type":["WebPage","ItemPage"],"@id":"https:\/\/www.uartes.edu.ec\/sitio\/en\/blog\/2020\/02\/03\/preliminar-cuadernos-de-trabajo-mostrara-los-proyectos-artisticos-de-estudiantes-de-la-uartes\/","url":"https:\/\/www.uartes.edu.ec\/sitio\/en\/blog\/2020\/02\/03\/preliminar-cuadernos-de-trabajo-mostrara-los-proyectos-artisticos-de-estudiantes-de-la-uartes\/","name":"Universidad de las Artes - \u201cPreliminar: cuadernos de trabajo\u201d mostrar\u00e1 los proyectos art\u00edsticos de estudiantes de la UArtes","isPartOf":{"@id":"https:\/\/www.uartes.edu.ec\/sitio\/en\/#website"},"primaryImageOfPage":{"@id":"https:\/\/www.uartes.edu.ec\/sitio\/en\/blog\/2020\/02\/03\/preliminar-cuadernos-de-trabajo-mostrara-los-proyectos-artisticos-de-estudiantes-de-la-uartes\/#primaryimage"},"image":{"@id":"https:\/\/www.uartes.edu.ec\/sitio\/en\/blog\/2020\/02\/03\/preliminar-cuadernos-de-trabajo-mostrara-los-proyectos-artisticos-de-estudiantes-de-la-uartes\/#primaryimage"},"thumbnailUrl":"https:\/\/www.uartes.edu.ec\/sitio\/wp-content\/uploads\/2020\/02\/OLMEDO-GUERRA.jpg","datePublished":"2020-02-03T20:39:31+00:00","dateModified":"2024-07-04T16:48:40+00:00","description":"Universidad de las Artes - \u201cPreliminar: cuadernos de trabajo\u201d mostrar\u00e1 los proyectos art\u00edsticos de estudiantes de la UArtes","breadcrumb":{"@id":"https:\/\/www.uartes.edu.ec\/sitio\/en\/blog\/2020\/02\/03\/preliminar-cuadernos-de-trabajo-mostrara-los-proyectos-artisticos-de-estudiantes-de-la-uartes\/#breadcrumb"},"inLanguage":"en-US","potentialAction":[{"@type":"ReadAction","target":["https:\/\/www.uartes.edu.ec\/sitio\/en\/blog\/2020\/02\/03\/preliminar-cuadernos-de-trabajo-mostrara-los-proyectos-artisticos-de-estudiantes-de-la-uartes\/"]}]},{"@type":"ImageObject","inLanguage":"en-US","@id":"https:\/\/www.uartes.edu.ec\/sitio\/en\/blog\/2020\/02\/03\/preliminar-cuadernos-de-trabajo-mostrara-los-proyectos-artisticos-de-estudiantes-de-la-uartes\/#primaryimage","url":"https:\/\/www.uartes.edu.ec\/sitio\/wp-content\/uploads\/2020\/02\/OLMEDO-GUERRA.jpg","contentUrl":"https:\/\/www.uartes.edu.ec\/sitio\/wp-content\/uploads\/2020\/02\/OLMEDO-GUERRA.jpg","width":2000,"height":1333},{"@type":"BreadcrumbList","@id":"https:\/\/www.uartes.edu.ec\/sitio\/en\/blog\/2020\/02\/03\/preliminar-cuadernos-de-trabajo-mostrara-los-proyectos-artisticos-de-estudiantes-de-la-uartes\/#breadcrumb","itemListElement":[{"@type":"ListItem","position":1,"name":"Inicio","item":"https:\/\/www.uartes.edu.ec\/sitio\/"},{"@type":"ListItem","position":2,"name":"\u201cPreliminar: cuadernos de trabajo\u201d mostrar\u00e1 los proyectos art\u00edsticos de estudiantes de la UArtes"}]},{"@type":"WebSite","@id":"https:\/\/www.uartes.edu.ec\/sitio\/en\/#website","url":"https:\/\/www.uartes.edu.ec\/sitio\/en\/","name":"Universidad de las Artes","description":"Sitio oficial de la Universidad Nacional de las Artes del Ecuador","publisher":{"@id":"https:\/\/www.uartes.edu.ec\/sitio\/en\/#organization"},"potentialAction":[{"@type":"SearchAction","target":{"@type":"EntryPoint","urlTemplate":"https:\/\/www.uartes.edu.ec\/sitio\/en\/?s={search_term_string}"},"query-input":{"@type":"PropertyValueSpecification","valueRequired":true,"valueName":"search_term_string"}}],"inLanguage":"en-US"},{"@type":"Organization","@id":"https:\/\/www.uartes.edu.ec\/sitio\/en\/#organization","name":"Universidad de las Artes","url":"https:\/\/www.uartes.edu.ec\/sitio\/en\/","logo":{"@type":"ImageObject","inLanguage":"en-US","@id":"https:\/\/www.uartes.edu.ec\/sitio\/en\/#\/schema\/logo\/image\/","url":"https:\/\/www.uartes.edu.ec\/sitio\/wp-content\/uploads\/2022\/07\/logo-ua-horizontal.png","contentUrl":"https:\/\/www.uartes.edu.ec\/sitio\/wp-content\/uploads\/2022\/07\/logo-ua-horizontal.png","width":800,"height":276,"caption":"Universidad de las Artes"},"image":{"@id":"https:\/\/www.uartes.edu.ec\/sitio\/en\/#\/schema\/logo\/image\/"},"sameAs":["https:\/\/www.facebook.com\/uartesec","https:\/\/x.com\/uartesec","https:\/\/www.tiktok.com\/@uartesec"]},{"@type":"Person","@id":"https:\/\/www.uartes.edu.ec\/sitio\/en\/#\/schema\/person\/f33f8c1d2af0d5c80a38c8abf458184a","name":"Universidad de las Artes","image":{"@type":"ImageObject","inLanguage":"en-US","@id":"https:\/\/secure.gravatar.com\/avatar\/52e4757902f5cfa5ac52d020e5be83cae5487519154b6c35482fe08d589f3c13?s=96&d=mm&r=g","url":"https:\/\/secure.gravatar.com\/avatar\/52e4757902f5cfa5ac52d020e5be83cae5487519154b6c35482fe08d589f3c13?s=96&d=mm&r=g","contentUrl":"https:\/\/secure.gravatar.com\/avatar\/52e4757902f5cfa5ac52d020e5be83cae5487519154b6c35482fe08d589f3c13?s=96&d=mm&r=g","caption":"Universidad de las Artes"},"url":"https:\/\/www.uartes.edu.ec\/sitio\/en\/blog\/author\/dircomadm\/"}]}},"uagb_featured_image_src":{"full":["https:\/\/www.uartes.edu.ec\/sitio\/wp-content\/uploads\/2020\/02\/OLMEDO-GUERRA.jpg",2000,1333,false],"thumbnail":["https:\/\/www.uartes.edu.ec\/sitio\/wp-content\/uploads\/2020\/02\/OLMEDO-GUERRA-150x150.jpg",150,150,true],"medium":["https:\/\/www.uartes.edu.ec\/sitio\/wp-content\/uploads\/2020\/02\/OLMEDO-GUERRA-300x200.jpg",300,200,true],"medium_large":["https:\/\/www.uartes.edu.ec\/sitio\/wp-content\/uploads\/2020\/02\/OLMEDO-GUERRA-768x512.jpg",768,512,true],"large":["https:\/\/www.uartes.edu.ec\/sitio\/wp-content\/uploads\/2020\/02\/OLMEDO-GUERRA-644x429.jpg",644,429,true],"1536x1536":["https:\/\/www.uartes.edu.ec\/sitio\/wp-content\/uploads\/2020\/02\/OLMEDO-GUERRA-1536x1024.jpg",1536,1024,true],"2048x2048":["https:\/\/www.uartes.edu.ec\/sitio\/wp-content\/uploads\/2020\/02\/OLMEDO-GUERRA.jpg",2000,1333,false],"trp-custom-language-flag":["https:\/\/www.uartes.edu.ec\/sitio\/wp-content\/uploads\/2020\/02\/OLMEDO-GUERRA.jpg",18,12,false],"htmega_size_585x295":["https:\/\/www.uartes.edu.ec\/sitio\/wp-content\/uploads\/2020\/02\/OLMEDO-GUERRA.jpg",443,295,false],"htmega_size_1170x536":["https:\/\/www.uartes.edu.ec\/sitio\/wp-content\/uploads\/2020\/02\/OLMEDO-GUERRA.jpg",804,536,false],"htmega_size_396x360":["https:\/\/www.uartes.edu.ec\/sitio\/wp-content\/uploads\/2020\/02\/OLMEDO-GUERRA.jpg",396,264,false],"gb-block-post-grid-landscape":["https:\/\/www.uartes.edu.ec\/sitio\/wp-content\/uploads\/2020\/02\/OLMEDO-GUERRA.jpg",600,400,false],"gb-block-post-grid-square":["https:\/\/www.uartes.edu.ec\/sitio\/wp-content\/uploads\/2020\/02\/OLMEDO-GUERRA.jpg",600,400,false],"university-hub-thumb":["https:\/\/www.uartes.edu.ec\/sitio\/wp-content\/uploads\/2020\/02\/OLMEDO-GUERRA-400x267.jpg",400,267,true],"mailpoet_newsletter_max":["https:\/\/www.uartes.edu.ec\/sitio\/wp-content\/uploads\/2020\/02\/OLMEDO-GUERRA.jpg",1320,880,false]},"uagb_author_info":{"display_name":"Universidad de las Artes","author_link":"https:\/\/www.uartes.edu.ec\/sitio\/en\/blog\/author\/dircomadm\/"},"uagb_comment_info":0,"uagb_excerpt":"\"Los proyectos art\u00edsticos que salen cada semestre quedaban almacenados y buscamos visibilizarlos, que se difundan y sean validados como un producto de investigaci\u00f3n y producci\u00f3n acad\u00e9mica y art\u00edstica. ILIA supli\u00f3 el vac\u00edo que hab\u00eda en la UArtes y se abri\u00f3 la convocatoria.\u201d, Olmedo Guerra.","featured_image_src":"https:\/\/www.uartes.edu.ec\/sitio\/wp-content\/uploads\/2020\/02\/OLMEDO-GUERRA.jpg","featured_image_src_square":"https:\/\/www.uartes.edu.ec\/sitio\/wp-content\/uploads\/2020\/02\/OLMEDO-GUERRA.jpg","author_info":{"display_name":"Universidad de las Artes","author_link":"https:\/\/www.uartes.edu.ec\/sitio\/en\/blog\/author\/dircomadm\/"},"publishpress_future_workflow_manual_trigger":{"enabledWorkflows":[]},"distributor_meta":false,"distributor_terms":false,"distributor_media":false,"distributor_original_site_name":"Universidad de las Artes","distributor_original_site_url":"https:\/\/www.uartes.edu.ec\/sitio\/en","push-errors":false,"_links":{"self":[{"href":"https:\/\/www.uartes.edu.ec\/sitio\/en\/wp-json\/wp\/v2\/posts\/6150","targetHints":{"allow":["GET"]}}],"collection":[{"href":"https:\/\/www.uartes.edu.ec\/sitio\/en\/wp-json\/wp\/v2\/posts"}],"about":[{"href":"https:\/\/www.uartes.edu.ec\/sitio\/en\/wp-json\/wp\/v2\/types\/post"}],"author":[{"embeddable":true,"href":"https:\/\/www.uartes.edu.ec\/sitio\/en\/wp-json\/wp\/v2\/users\/1"}],"replies":[{"embeddable":true,"href":"https:\/\/www.uartes.edu.ec\/sitio\/en\/wp-json\/wp\/v2\/comments?post=6150"}],"version-history":[{"count":2,"href":"https:\/\/www.uartes.edu.ec\/sitio\/en\/wp-json\/wp\/v2\/posts\/6150\/revisions"}],"predecessor-version":[{"id":6193,"href":"https:\/\/www.uartes.edu.ec\/sitio\/en\/wp-json\/wp\/v2\/posts\/6150\/revisions\/6193"}],"wp:featuredmedia":[{"embeddable":true,"href":"https:\/\/www.uartes.edu.ec\/sitio\/en\/wp-json\/wp\/v2\/media\/6151"}],"wp:attachment":[{"href":"https:\/\/www.uartes.edu.ec\/sitio\/en\/wp-json\/wp\/v2\/media?parent=6150"}],"wp:term":[{"taxonomy":"category","embeddable":true,"href":"https:\/\/www.uartes.edu.ec\/sitio\/en\/wp-json\/wp\/v2\/categories?post=6150"},{"taxonomy":"post_tag","embeddable":true,"href":"https:\/\/www.uartes.edu.ec\/sitio\/en\/wp-json\/wp\/v2\/tags?post=6150"},{"taxonomy":"infouartes","embeddable":true,"href":"https:\/\/www.uartes.edu.ec\/sitio\/en\/wp-json\/wp\/v2\/infouartes?post=6150"}],"curies":[{"name":"wp","href":"https:\/\/api.w.org\/{rel}","templated":true}]}}