{"id":61614,"date":"2024-09-12T10:11:00","date_gmt":"2024-09-12T15:11:00","guid":{"rendered":"https:\/\/www.uartes.edu.ec\/sitio\/?p=61614"},"modified":"2024-09-13T10:47:13","modified_gmt":"2024-09-13T15:47:13","slug":"ensamble-de-gamelan-uartes-presente-con-la-obra-om-en-el-festival-ecuador-jazz-2024-de-quito","status":"publish","type":"post","link":"https:\/\/www.uartes.edu.ec\/sitio\/en\/blog\/2024\/09\/12\/ensamble-de-gamelan-uartes-presente-con-la-obra-om-en-el-festival-ecuador-jazz-2024-de-quito\/","title":{"rendered":"Docentes y estudiantes del Ensamble de Gamel\u00e1n UArtes participar\u00e1n con la obra \u201cOM\u201d en el Festival Ecuador Jazz 2024"},"content":{"rendered":"<p>Este mi\u00e9rcoles 11 de septiembre se dio inicio en Quito a la decimonovena edici\u00f3n del Festival Ecuador Jazz, la cual se extender\u00e1 hasta el domingo 29. El Ensamble de Gamel\u00e1n de la Universidad de las Artes tendr\u00e1 presencia en esta cita, concebida como punto de encuentro para varias propuestas musicales del mundo.<\/p>\n\n\n\n<p>La presentaci\u00f3n del Ensamble de Gamel\u00e1n de la UArtes ser\u00e1 el s\u00e1bado 14 de septiembre, a las 17:00, en el Teatro Nacional Sucre de Quito. A ese escenario subir\u00e1 con un repertorio que fusiona elementos del jazz con los sonidos del instrumento tradicional del pa\u00eds asi\u00e1tico, el cual se encuentra en la UArtes por el convenio que nuestra instituci\u00f3n suscribi\u00f3 con la Embajada de Indonesia en Ecuador.<\/p>\n\n\n\n<p>Justamente, la participaci\u00f3n del ensamble en el festival es posible gracias al valioso apoyo de la Embajada de Indonesia en Ecuador, que ha sido socio estrat\u00e9gico de la UArtes desde 2022 y cuya vinculaci\u00f3n se ha realizado desde la Direcci\u00f3n de Relaciones Internacionales y la Escuela de Artes Sonoras (EAS).<\/p>\n\n\n<div class=\"wp-block-image\">\n<figure class=\"aligncenter size-large\"><img fetchpriority=\"high\" decoding=\"async\" width=\"644\" height=\"429\" src=\"https:\/\/www.uartes.edu.ec\/sitio\/wp-content\/uploads\/2024\/09\/09-GAMELAN-DANIELA-MASCARO-644x429.jpg\" alt=\"\" class=\"wp-image-61620\" srcset=\"https:\/\/www.uartes.edu.ec\/sitio\/wp-content\/uploads\/2024\/09\/09-GAMELAN-DANIELA-MASCARO-644x429.jpg 644w, https:\/\/www.uartes.edu.ec\/sitio\/wp-content\/uploads\/2024\/09\/09-GAMELAN-DANIELA-MASCARO-300x200.jpg 300w, https:\/\/www.uartes.edu.ec\/sitio\/wp-content\/uploads\/2024\/09\/09-GAMELAN-DANIELA-MASCARO-768x512.jpg 768w, https:\/\/www.uartes.edu.ec\/sitio\/wp-content\/uploads\/2024\/09\/09-GAMELAN-DANIELA-MASCARO-1536x1024.jpg 1536w, https:\/\/www.uartes.edu.ec\/sitio\/wp-content\/uploads\/2024\/09\/09-GAMELAN-DANIELA-MASCARO-18x12.jpg 18w, https:\/\/www.uartes.edu.ec\/sitio\/wp-content\/uploads\/2024\/09\/09-GAMELAN-DANIELA-MASCARO-600x400.jpg 600w, https:\/\/www.uartes.edu.ec\/sitio\/wp-content\/uploads\/2024\/09\/09-GAMELAN-DANIELA-MASCARO-400x267.jpg 400w, https:\/\/www.uartes.edu.ec\/sitio\/wp-content\/uploads\/2024\/09\/09-GAMELAN-DANIELA-MASCARO-272x182.jpg 272w, https:\/\/www.uartes.edu.ec\/sitio\/wp-content\/uploads\/2024\/09\/09-GAMELAN-DANIELA-MASCARO.jpg 2000w\" sizes=\"(max-width: 644px) 100vw, 644px\" \/><\/figure>\n<\/div>\n\n\n<p>La intervenci\u00f3n de nuestro ensamble en el evento quite\u00f1o lo posiciona y ampl\u00eda su trayectoria art\u00edstica a nivel nacional. Permite, adem\u00e1s, compartir los resultados obtenidos de la ense\u00f1anza del instrumento tradicional que profesores y estudiantes han recibido a lo largo de los dos \u00faltimos semestres, bajo la direcci\u00f3n del maestro Ngadimin, docente indonesio invitado.<\/p>\n\n\n\n<p>El Ensamble de Gamel\u00e1n UArtes lo integran estudiantes y docentes de la EAS, a quienes se suma la alumna Daniela Mascar\u00f3 de la Vera, quien recientemente retorn\u00f3 de Yogyakarta, ciudad indonesia donde curs\u00f3 el programa \u201cArt\/Culture (Traditional Dance, Karawitan, Handicraft, Pure Fine, Ethnomusicology)\u201d en el Instituto de Arte de Yogyakarta, gracias a la beca Darmasiswa otorgada por el gobierno del pa\u00eds asi\u00e1tico en 2023.<\/p>\n\n\n\n<p>Cabe anotar que, el ensamble es parte de las asignaturas de Pr\u00e1ctica Individual y Colectiva de la carrera de Artes Musicales y Sonoras. Dario D\u00e1valos, graduado UArtes que tambi\u00e9n ha estado a cargo de la ense\u00f1anza del instrumento, indic\u00f3 que semestre a semestre ingresan nuevos estudiantes, pero que se mantienen algunos.<\/p>\n\n\n<div class=\"wp-block-image\">\n<figure class=\"aligncenter size-large\"><img decoding=\"async\" width=\"644\" height=\"429\" src=\"https:\/\/www.uartes.edu.ec\/sitio\/wp-content\/uploads\/2024\/09\/04-GAMELAN-DANIELA-MASCARO-644x429.jpg\" alt=\"\" class=\"wp-image-61621\" srcset=\"https:\/\/www.uartes.edu.ec\/sitio\/wp-content\/uploads\/2024\/09\/04-GAMELAN-DANIELA-MASCARO-644x429.jpg 644w, https:\/\/www.uartes.edu.ec\/sitio\/wp-content\/uploads\/2024\/09\/04-GAMELAN-DANIELA-MASCARO-300x200.jpg 300w, https:\/\/www.uartes.edu.ec\/sitio\/wp-content\/uploads\/2024\/09\/04-GAMELAN-DANIELA-MASCARO-768x512.jpg 768w, https:\/\/www.uartes.edu.ec\/sitio\/wp-content\/uploads\/2024\/09\/04-GAMELAN-DANIELA-MASCARO-1536x1024.jpg 1536w, https:\/\/www.uartes.edu.ec\/sitio\/wp-content\/uploads\/2024\/09\/04-GAMELAN-DANIELA-MASCARO-18x12.jpg 18w, https:\/\/www.uartes.edu.ec\/sitio\/wp-content\/uploads\/2024\/09\/04-GAMELAN-DANIELA-MASCARO-600x400.jpg 600w, https:\/\/www.uartes.edu.ec\/sitio\/wp-content\/uploads\/2024\/09\/04-GAMELAN-DANIELA-MASCARO-400x267.jpg 400w, https:\/\/www.uartes.edu.ec\/sitio\/wp-content\/uploads\/2024\/09\/04-GAMELAN-DANIELA-MASCARO-272x182.jpg 272w, https:\/\/www.uartes.edu.ec\/sitio\/wp-content\/uploads\/2024\/09\/04-GAMELAN-DANIELA-MASCARO.jpg 2000w\" sizes=\"(max-width: 644px) 100vw, 644px\" \/><\/figure>\n<\/div>\n\n\n<p>Para la presentaci\u00f3n en Quito integrar\u00e1n el gamel\u00e1n Natalie Chinga (tocando el demung), Jos\u00e9 David Rojas (guitarra y sarong), Adriana Garc\u00eda Venegas (gong, kempul y voz), Juan Sebasti\u00e1n Mite (kennong y bajo), Michael Rojas Cede\u00f1o (guitarra y sarong), Francisco Xavier Mazzini (voz y kendang), Lizeth Guam\u00e1n Gus\u00f1ay (boonang), Aisha Granados (gambang) y Fabiana N\u00fa\u00f1ez (demung). Con ellos, Dario D\u00e1valos Ciurliza, en el kalimba y el tape; el docente Andrey Astaiza, en el corno y la kalimba; el profesor Carlos \u201cCharlie\u201d Alb\u00e1n, en la percusi\u00f3n; y Javier Andr\u00e9s Ocampo, director de la EAS, en el saxof\u00f3n. Daniela Mascar\u00f3 tocar\u00e1 el bonang penerus.<\/p>\n\n\n\n<p>En la UArtes, el gamel\u00e1n se encuentra en la Sala de Etnomusicolog\u00eda ubicada en el MZ14 Centro de Producci\u00f3n e Innovaci\u00f3n, su ingreso se dio en 2022 cuando la direcci\u00f3n de la Escuela de Artes Sonoras estaba a cargo de Andrey Astaiza, quien junto a Relaciones Internacionales propici\u00f3 la vinculaci\u00f3n con la Embajada de Indonesia en Ecuador. Ha estado tambi\u00e9n inmerso en los aprendizajes con el instrumento y las participaciones del ensamble en eventos como el Festival Ecuador Jazz 2024. Es el cuarto, indic\u00f3, trayendo a la memoria las presentaciones realizadas en los festivales de Artes Vivas de Loja, OM de Jazz y M\u00fasica Ultramoderna.<\/p>\n\n\n\n<p>\u201cEl Ensamble de Gamel\u00e1n sigue en el programa de estudios de la Universidad de las Artes por nuestro modelo pedag\u00f3gico, que tiene que ver con las m\u00fasicas del mundo\u201d, expres\u00f3 Astaiza, reiterando que \u201cla m\u00fasica no tiene apellido; nos interesan las m\u00fasicas\u201d.<\/p>\n\n\n<div class=\"wp-block-image\">\n<figure class=\"aligncenter size-large\"><img decoding=\"async\" width=\"644\" height=\"429\" src=\"https:\/\/www.uartes.edu.ec\/sitio\/wp-content\/uploads\/2024\/09\/10-GAMELAN-DANIELA-MASCARO-644x429.jpg\" alt=\"\" class=\"wp-image-61622\" srcset=\"https:\/\/www.uartes.edu.ec\/sitio\/wp-content\/uploads\/2024\/09\/10-GAMELAN-DANIELA-MASCARO-644x429.jpg 644w, https:\/\/www.uartes.edu.ec\/sitio\/wp-content\/uploads\/2024\/09\/10-GAMELAN-DANIELA-MASCARO-300x200.jpg 300w, https:\/\/www.uartes.edu.ec\/sitio\/wp-content\/uploads\/2024\/09\/10-GAMELAN-DANIELA-MASCARO-768x512.jpg 768w, https:\/\/www.uartes.edu.ec\/sitio\/wp-content\/uploads\/2024\/09\/10-GAMELAN-DANIELA-MASCARO-1536x1024.jpg 1536w, https:\/\/www.uartes.edu.ec\/sitio\/wp-content\/uploads\/2024\/09\/10-GAMELAN-DANIELA-MASCARO-18x12.jpg 18w, https:\/\/www.uartes.edu.ec\/sitio\/wp-content\/uploads\/2024\/09\/10-GAMELAN-DANIELA-MASCARO-600x400.jpg 600w, https:\/\/www.uartes.edu.ec\/sitio\/wp-content\/uploads\/2024\/09\/10-GAMELAN-DANIELA-MASCARO-400x267.jpg 400w, https:\/\/www.uartes.edu.ec\/sitio\/wp-content\/uploads\/2024\/09\/10-GAMELAN-DANIELA-MASCARO-272x182.jpg 272w, https:\/\/www.uartes.edu.ec\/sitio\/wp-content\/uploads\/2024\/09\/10-GAMELAN-DANIELA-MASCARO.jpg 2000w\" sizes=\"(max-width: 644px) 100vw, 644px\" \/><\/figure>\n<\/div>\n\n\n<p>El repertorio que se ha preparado es la obra OM, creada por Andrey Astaiza en composici\u00f3n colaborativa con Dario D\u00e1valos y los estudiantes del ensamble.&nbsp;Tiene una duraci\u00f3n de alrededor de 30 minutos \u2013sin pausa\u2013 y fusiona la sonoridad del gamel\u00e1n con algunos ritmos ecuatorianos.<\/p>\n\n\n\n<p>Expectantes por la presentaci\u00f3n de este s\u00e1bado 14 de septiembre, Aisha Granados y Fabiana N\u00fa\u00f1ez, dos de las integrantes del ensamble, destacaron la preparaci\u00f3n que han tenido para compartir con la audiencia las fusiones que han logrado bajo la direcci\u00f3n de Astaiza. La primera tocar\u00e1 el gambang y la segunda el demung.<\/p>\n\n\n\n<p>Tocaremos una mezcla de jazz con lo nuestro tradicional, dijo N\u00fa\u00f1ez, quien en la EAS cursa la carrera de Artes Musicales y Sonoras. \u201cNuestra obra dura 30 minutos y se divide en tres partes. La primera es andarele; la segunda, la t\u00e9cnica imbal; y la tercera voz\u201d, agreg\u00f3. Granados, por su parte, destac\u00f3 cada uno de los ensayos que han tenido para el evento y poder aportar con ideas para que las fusiones propuestas resulten espectaculares.&nbsp;\u201cEstamos hablando de fusiones que tengan que ver con el jazz, pero tambi\u00e9n con los sonidos nuevos y diferente\u201d.<\/p>\n\n\n\n<p>Fotos; Cindy Zambrano Cede\u00f1o, carrera Artes Musicales y Sonoras. Corresponden al ensayo del Ensamble de Gamel\u00e1n UArtes del mi\u00e9rcoles 11 de septiembre. Constan los estudiantes y docentes que se presentar\u00e1n en el Festival Ecuador Jazz 2024; con ellos, Daniela Mascar\u00f3 (en la tercera imagen), quien cumpli\u00f3 una beca de un a\u00f1o en Indonesia.<\/p>","protected":false},"excerpt":{"rendered":"<p>La presentaci\u00f3n del Ensamble de Gamel\u00e1n ser\u00e1 este 14 de septiembre en el Teatro Nacional Sucre de Quito. Su participaci\u00f3n en el Festival Ecuador Jazz 2024 es posible gracias al apoyo de la Embajada de Indonesia en el pa\u00eds, socio estrat\u00e9gico de la UArtes desde 2022 y cuya vinculaci\u00f3n se ha realizado desde la Direcci\u00f3n de Relaciones Internacionales y la Escuela de Artes Sonoras. <\/p>","protected":false},"author":10,"featured_media":61619,"comment_status":"open","ping_status":"open","sticky":false,"template":"","format":"standard","meta":{"_acf_changed":false,"_uag_custom_page_level_css":"","_monsterinsights_skip_tracking":false,"_monsterinsights_sitenote_active":false,"_monsterinsights_sitenote_note":"","_monsterinsights_sitenote_category":0,"cybocfi_hide_featured_image":"","footnotes":""},"categories":[150,75,76,77,79],"tags":[528],"infouartes":[],"class_list":["post-61614","post","type-post","status-publish","format-standard","has-post-thumbnail","hentry","category-artes-sonoras","category-docentes","category-estudiantes","category-gestion","category-vinculo","tag-relacionamiento"],"acf":[],"yoast_head":"<!-- This site is optimized with the Yoast SEO plugin v27.4 - https:\/\/yoast.com\/product\/yoast-seo-wordpress\/ -->\n<title>Universidad de las Artes - Docentes y estudiantes del Ensamble de Gamel\u00e1n UArtes participar\u00e1n con la obra \u201cOM\u201d en el Festival Ecuador Jazz 2024<\/title>\n<meta name=\"description\" content=\"Universidad de las Artes - Docentes y estudiantes del Ensamble de Gamel\u00e1n UArtes participar\u00e1n con la obra \u201cOM\u201d en el Festival Ecuador Jazz 2024\" \/>\n<meta name=\"robots\" content=\"index, follow, max-snippet:-1, max-image-preview:large, max-video-preview:-1\" \/>\n<link rel=\"canonical\" href=\"https:\/\/www.uartes.edu.ec\/sitio\/en\/blog\/2024\/09\/12\/ensamble-de-gamelan-uartes-presente-con-la-obra-om-en-el-festival-ecuador-jazz-2024-de-quito\/\" \/>\n<meta property=\"og:locale\" content=\"en_US\" \/>\n<meta property=\"og:type\" content=\"article\" \/>\n<meta property=\"og:title\" content=\"Universidad de las Artes - Docentes y estudiantes del Ensamble de Gamel\u00e1n UArtes participar\u00e1n con la obra \u201cOM\u201d en el Festival Ecuador Jazz 2024\" \/>\n<meta property=\"og:description\" content=\"Universidad de las Artes - Docentes y estudiantes del Ensamble de Gamel\u00e1n UArtes participar\u00e1n con la obra \u201cOM\u201d en el Festival Ecuador Jazz 2024\" \/>\n<meta property=\"og:url\" content=\"https:\/\/www.uartes.edu.ec\/sitio\/en\/blog\/2024\/09\/12\/ensamble-de-gamelan-uartes-presente-con-la-obra-om-en-el-festival-ecuador-jazz-2024-de-quito\/\" \/>\n<meta property=\"og:site_name\" content=\"Universidad de las Artes\" \/>\n<meta property=\"article:publisher\" content=\"https:\/\/www.facebook.com\/uartesec\" \/>\n<meta property=\"article:published_time\" content=\"2024-09-12T15:11:00+00:00\" \/>\n<meta property=\"article:modified_time\" content=\"2024-09-13T15:47:13+00:00\" \/>\n<meta property=\"og:image\" content=\"https:\/\/www.uartes.edu.ec\/sitio\/wp-content\/uploads\/2024\/09\/05-GAMELAN-DANIELA-MASCARO.jpg\" \/>\n\t<meta property=\"og:image:width\" content=\"2000\" \/>\n\t<meta property=\"og:image:height\" content=\"1333\" \/>\n\t<meta property=\"og:image:type\" content=\"image\/jpeg\" \/>\n<meta name=\"author\" content=\"ccortez\" \/>\n<meta name=\"twitter:card\" content=\"summary_large_image\" \/>\n<meta name=\"twitter:creator\" content=\"@uartesec\" \/>\n<meta name=\"twitter:site\" content=\"@uartesec\" \/>\n<meta name=\"twitter:label1\" content=\"Written by\" \/>\n\t<meta name=\"twitter:data1\" content=\"ccortez\" \/>\n\t<meta name=\"twitter:label2\" content=\"Est. reading time\" \/>\n\t<meta name=\"twitter:data2\" content=\"5 minutes\" \/>\n<script type=\"application\/ld+json\" class=\"yoast-schema-graph\">{\"@context\":\"https:\\\/\\\/schema.org\",\"@graph\":[{\"@type\":\"Article\",\"@id\":\"https:\\\/\\\/www.uartes.edu.ec\\\/sitio\\\/en\\\/blog\\\/2024\\\/09\\\/12\\\/ensamble-de-gamelan-uartes-presente-con-la-obra-om-en-el-festival-ecuador-jazz-2024-de-quito\\\/#article\",\"isPartOf\":{\"@id\":\"https:\\\/\\\/www.uartes.edu.ec\\\/sitio\\\/en\\\/blog\\\/2024\\\/09\\\/12\\\/ensamble-de-gamelan-uartes-presente-con-la-obra-om-en-el-festival-ecuador-jazz-2024-de-quito\\\/\"},\"author\":{\"name\":\"ccortez\",\"@id\":\"https:\\\/\\\/www.uartes.edu.ec\\\/sitio\\\/en\\\/#\\\/schema\\\/person\\\/efa1b8275797664fd7f13a79ccc0b1f4\"},\"headline\":\"Docentes y estudiantes del Ensamble de Gamel\u00e1n UArtes participar\u00e1n con la obra \u201cOM\u201d en el Festival Ecuador Jazz 2024\",\"datePublished\":\"2024-09-12T15:11:00+00:00\",\"dateModified\":\"2024-09-13T15:47:13+00:00\",\"mainEntityOfPage\":{\"@id\":\"https:\\\/\\\/www.uartes.edu.ec\\\/sitio\\\/en\\\/blog\\\/2024\\\/09\\\/12\\\/ensamble-de-gamelan-uartes-presente-con-la-obra-om-en-el-festival-ecuador-jazz-2024-de-quito\\\/\"},\"wordCount\":912,\"commentCount\":0,\"publisher\":{\"@id\":\"https:\\\/\\\/www.uartes.edu.ec\\\/sitio\\\/en\\\/#organization\"},\"image\":{\"@id\":\"https:\\\/\\\/www.uartes.edu.ec\\\/sitio\\\/en\\\/blog\\\/2024\\\/09\\\/12\\\/ensamble-de-gamelan-uartes-presente-con-la-obra-om-en-el-festival-ecuador-jazz-2024-de-quito\\\/#primaryimage\"},\"thumbnailUrl\":\"https:\\\/\\\/www.uartes.edu.ec\\\/sitio\\\/wp-content\\\/uploads\\\/2024\\\/09\\\/05-GAMELAN-DANIELA-MASCARO.jpg\",\"keywords\":[\"relacionamiento\"],\"articleSection\":[\"Artes Sonoras\",\"Docentes\",\"Estudiantes\",\"Gesti\u00f3n\",\"V\u00ednculo\"],\"inLanguage\":\"en-US\",\"potentialAction\":[{\"@type\":\"CommentAction\",\"name\":\"Comment\",\"target\":[\"https:\\\/\\\/www.uartes.edu.ec\\\/sitio\\\/en\\\/blog\\\/2024\\\/09\\\/12\\\/ensamble-de-gamelan-uartes-presente-con-la-obra-om-en-el-festival-ecuador-jazz-2024-de-quito\\\/#respond\"]}]},{\"@type\":[\"WebPage\",\"ItemPage\"],\"@id\":\"https:\\\/\\\/www.uartes.edu.ec\\\/sitio\\\/en\\\/blog\\\/2024\\\/09\\\/12\\\/ensamble-de-gamelan-uartes-presente-con-la-obra-om-en-el-festival-ecuador-jazz-2024-de-quito\\\/\",\"url\":\"https:\\\/\\\/www.uartes.edu.ec\\\/sitio\\\/en\\\/blog\\\/2024\\\/09\\\/12\\\/ensamble-de-gamelan-uartes-presente-con-la-obra-om-en-el-festival-ecuador-jazz-2024-de-quito\\\/\",\"name\":\"Universidad de las Artes - Docentes y estudiantes del Ensamble de Gamel\u00e1n UArtes participar\u00e1n con la obra \u201cOM\u201d en el Festival Ecuador Jazz 2024\",\"isPartOf\":{\"@id\":\"https:\\\/\\\/www.uartes.edu.ec\\\/sitio\\\/en\\\/#website\"},\"primaryImageOfPage\":{\"@id\":\"https:\\\/\\\/www.uartes.edu.ec\\\/sitio\\\/en\\\/blog\\\/2024\\\/09\\\/12\\\/ensamble-de-gamelan-uartes-presente-con-la-obra-om-en-el-festival-ecuador-jazz-2024-de-quito\\\/#primaryimage\"},\"image\":{\"@id\":\"https:\\\/\\\/www.uartes.edu.ec\\\/sitio\\\/en\\\/blog\\\/2024\\\/09\\\/12\\\/ensamble-de-gamelan-uartes-presente-con-la-obra-om-en-el-festival-ecuador-jazz-2024-de-quito\\\/#primaryimage\"},\"thumbnailUrl\":\"https:\\\/\\\/www.uartes.edu.ec\\\/sitio\\\/wp-content\\\/uploads\\\/2024\\\/09\\\/05-GAMELAN-DANIELA-MASCARO.jpg\",\"datePublished\":\"2024-09-12T15:11:00+00:00\",\"dateModified\":\"2024-09-13T15:47:13+00:00\",\"description\":\"Universidad de las Artes - Docentes y estudiantes del Ensamble de Gamel\u00e1n UArtes participar\u00e1n con la obra \u201cOM\u201d en el Festival Ecuador Jazz 2024\",\"breadcrumb\":{\"@id\":\"https:\\\/\\\/www.uartes.edu.ec\\\/sitio\\\/en\\\/blog\\\/2024\\\/09\\\/12\\\/ensamble-de-gamelan-uartes-presente-con-la-obra-om-en-el-festival-ecuador-jazz-2024-de-quito\\\/#breadcrumb\"},\"inLanguage\":\"en-US\",\"potentialAction\":[{\"@type\":\"ReadAction\",\"target\":[\"https:\\\/\\\/www.uartes.edu.ec\\\/sitio\\\/en\\\/blog\\\/2024\\\/09\\\/12\\\/ensamble-de-gamelan-uartes-presente-con-la-obra-om-en-el-festival-ecuador-jazz-2024-de-quito\\\/\"]}]},{\"@type\":\"ImageObject\",\"inLanguage\":\"en-US\",\"@id\":\"https:\\\/\\\/www.uartes.edu.ec\\\/sitio\\\/en\\\/blog\\\/2024\\\/09\\\/12\\\/ensamble-de-gamelan-uartes-presente-con-la-obra-om-en-el-festival-ecuador-jazz-2024-de-quito\\\/#primaryimage\",\"url\":\"https:\\\/\\\/www.uartes.edu.ec\\\/sitio\\\/wp-content\\\/uploads\\\/2024\\\/09\\\/05-GAMELAN-DANIELA-MASCARO.jpg\",\"contentUrl\":\"https:\\\/\\\/www.uartes.edu.ec\\\/sitio\\\/wp-content\\\/uploads\\\/2024\\\/09\\\/05-GAMELAN-DANIELA-MASCARO.jpg\",\"width\":2000,\"height\":1333},{\"@type\":\"BreadcrumbList\",\"@id\":\"https:\\\/\\\/www.uartes.edu.ec\\\/sitio\\\/en\\\/blog\\\/2024\\\/09\\\/12\\\/ensamble-de-gamelan-uartes-presente-con-la-obra-om-en-el-festival-ecuador-jazz-2024-de-quito\\\/#breadcrumb\",\"itemListElement\":[{\"@type\":\"ListItem\",\"position\":1,\"name\":\"Inicio\",\"item\":\"https:\\\/\\\/www.uartes.edu.ec\\\/sitio\\\/\"},{\"@type\":\"ListItem\",\"position\":2,\"name\":\"Docentes y estudiantes del Ensamble de Gamel\u00e1n UArtes participar\u00e1n con la obra \u201cOM\u201d en el Festival Ecuador Jazz 2024\"}]},{\"@type\":\"WebSite\",\"@id\":\"https:\\\/\\\/www.uartes.edu.ec\\\/sitio\\\/en\\\/#website\",\"url\":\"https:\\\/\\\/www.uartes.edu.ec\\\/sitio\\\/en\\\/\",\"name\":\"Universidad de las Artes\",\"description\":\"Sitio oficial de la Universidad Nacional de las Artes del Ecuador\",\"publisher\":{\"@id\":\"https:\\\/\\\/www.uartes.edu.ec\\\/sitio\\\/en\\\/#organization\"},\"potentialAction\":[{\"@type\":\"SearchAction\",\"target\":{\"@type\":\"EntryPoint\",\"urlTemplate\":\"https:\\\/\\\/www.uartes.edu.ec\\\/sitio\\\/en\\\/?s={search_term_string}\"},\"query-input\":{\"@type\":\"PropertyValueSpecification\",\"valueRequired\":true,\"valueName\":\"search_term_string\"}}],\"inLanguage\":\"en-US\"},{\"@type\":\"Organization\",\"@id\":\"https:\\\/\\\/www.uartes.edu.ec\\\/sitio\\\/en\\\/#organization\",\"name\":\"Universidad de las Artes\",\"url\":\"https:\\\/\\\/www.uartes.edu.ec\\\/sitio\\\/en\\\/\",\"logo\":{\"@type\":\"ImageObject\",\"inLanguage\":\"en-US\",\"@id\":\"https:\\\/\\\/www.uartes.edu.ec\\\/sitio\\\/en\\\/#\\\/schema\\\/logo\\\/image\\\/\",\"url\":\"https:\\\/\\\/www.uartes.edu.ec\\\/sitio\\\/wp-content\\\/uploads\\\/2022\\\/07\\\/logo-ua-horizontal.png\",\"contentUrl\":\"https:\\\/\\\/www.uartes.edu.ec\\\/sitio\\\/wp-content\\\/uploads\\\/2022\\\/07\\\/logo-ua-horizontal.png\",\"width\":800,\"height\":276,\"caption\":\"Universidad de las Artes\"},\"image\":{\"@id\":\"https:\\\/\\\/www.uartes.edu.ec\\\/sitio\\\/en\\\/#\\\/schema\\\/logo\\\/image\\\/\"},\"sameAs\":[\"https:\\\/\\\/www.facebook.com\\\/uartesec\",\"https:\\\/\\\/x.com\\\/uartesec\",\"https:\\\/\\\/www.tiktok.com\\\/@uartesec\"]},{\"@type\":\"Person\",\"@id\":\"https:\\\/\\\/www.uartes.edu.ec\\\/sitio\\\/en\\\/#\\\/schema\\\/person\\\/efa1b8275797664fd7f13a79ccc0b1f4\",\"name\":\"ccortez\",\"image\":{\"@type\":\"ImageObject\",\"inLanguage\":\"en-US\",\"@id\":\"https:\\\/\\\/secure.gravatar.com\\\/avatar\\\/b2a6f664a3ae8e074346ef91775736c5ec479e637ecced6842de9dc98b5da9cd?s=96&d=mm&r=g\",\"url\":\"https:\\\/\\\/secure.gravatar.com\\\/avatar\\\/b2a6f664a3ae8e074346ef91775736c5ec479e637ecced6842de9dc98b5da9cd?s=96&d=mm&r=g\",\"contentUrl\":\"https:\\\/\\\/secure.gravatar.com\\\/avatar\\\/b2a6f664a3ae8e074346ef91775736c5ec479e637ecced6842de9dc98b5da9cd?s=96&d=mm&r=g\",\"caption\":\"ccortez\"},\"url\":\"https:\\\/\\\/www.uartes.edu.ec\\\/sitio\\\/en\\\/blog\\\/author\\\/ccortez\\\/\"}]}<\/script>\n<!-- \/ Yoast SEO plugin. -->","yoast_head_json":{"title":"Universidad de las Artes - Docentes y estudiantes del Ensamble de Gamel\u00e1n UArtes participar\u00e1n con la obra \u201cOM\u201d en el Festival Ecuador Jazz 2024","description":"Universidad de las Artes - Docentes y estudiantes del Ensamble de Gamel\u00e1n UArtes participar\u00e1n con la obra \u201cOM\u201d en el Festival Ecuador Jazz 2024","robots":{"index":"index","follow":"follow","max-snippet":"max-snippet:-1","max-image-preview":"max-image-preview:large","max-video-preview":"max-video-preview:-1"},"canonical":"https:\/\/www.uartes.edu.ec\/sitio\/en\/blog\/2024\/09\/12\/ensamble-de-gamelan-uartes-presente-con-la-obra-om-en-el-festival-ecuador-jazz-2024-de-quito\/","og_locale":"en_US","og_type":"article","og_title":"Universidad de las Artes - Docentes y estudiantes del Ensamble de Gamel\u00e1n UArtes participar\u00e1n con la obra \u201cOM\u201d en el Festival Ecuador Jazz 2024","og_description":"Universidad de las Artes - Docentes y estudiantes del Ensamble de Gamel\u00e1n UArtes participar\u00e1n con la obra \u201cOM\u201d en el Festival Ecuador Jazz 2024","og_url":"https:\/\/www.uartes.edu.ec\/sitio\/en\/blog\/2024\/09\/12\/ensamble-de-gamelan-uartes-presente-con-la-obra-om-en-el-festival-ecuador-jazz-2024-de-quito\/","og_site_name":"Universidad de las Artes","article_publisher":"https:\/\/www.facebook.com\/uartesec","article_published_time":"2024-09-12T15:11:00+00:00","article_modified_time":"2024-09-13T15:47:13+00:00","og_image":[{"width":2000,"height":1333,"url":"https:\/\/www.uartes.edu.ec\/sitio\/wp-content\/uploads\/2024\/09\/05-GAMELAN-DANIELA-MASCARO.jpg","type":"image\/jpeg"}],"author":"ccortez","twitter_card":"summary_large_image","twitter_creator":"@uartesec","twitter_site":"@uartesec","twitter_misc":{"Written by":"ccortez","Est. reading time":"5 minutes"},"schema":{"@context":"https:\/\/schema.org","@graph":[{"@type":"Article","@id":"https:\/\/www.uartes.edu.ec\/sitio\/en\/blog\/2024\/09\/12\/ensamble-de-gamelan-uartes-presente-con-la-obra-om-en-el-festival-ecuador-jazz-2024-de-quito\/#article","isPartOf":{"@id":"https:\/\/www.uartes.edu.ec\/sitio\/en\/blog\/2024\/09\/12\/ensamble-de-gamelan-uartes-presente-con-la-obra-om-en-el-festival-ecuador-jazz-2024-de-quito\/"},"author":{"name":"ccortez","@id":"https:\/\/www.uartes.edu.ec\/sitio\/en\/#\/schema\/person\/efa1b8275797664fd7f13a79ccc0b1f4"},"headline":"Docentes y estudiantes del Ensamble de Gamel\u00e1n UArtes participar\u00e1n con la obra \u201cOM\u201d en el Festival Ecuador Jazz 2024","datePublished":"2024-09-12T15:11:00+00:00","dateModified":"2024-09-13T15:47:13+00:00","mainEntityOfPage":{"@id":"https:\/\/www.uartes.edu.ec\/sitio\/en\/blog\/2024\/09\/12\/ensamble-de-gamelan-uartes-presente-con-la-obra-om-en-el-festival-ecuador-jazz-2024-de-quito\/"},"wordCount":912,"commentCount":0,"publisher":{"@id":"https:\/\/www.uartes.edu.ec\/sitio\/en\/#organization"},"image":{"@id":"https:\/\/www.uartes.edu.ec\/sitio\/en\/blog\/2024\/09\/12\/ensamble-de-gamelan-uartes-presente-con-la-obra-om-en-el-festival-ecuador-jazz-2024-de-quito\/#primaryimage"},"thumbnailUrl":"https:\/\/www.uartes.edu.ec\/sitio\/wp-content\/uploads\/2024\/09\/05-GAMELAN-DANIELA-MASCARO.jpg","keywords":["relacionamiento"],"articleSection":["Artes Sonoras","Docentes","Estudiantes","Gesti\u00f3n","V\u00ednculo"],"inLanguage":"en-US","potentialAction":[{"@type":"CommentAction","name":"Comment","target":["https:\/\/www.uartes.edu.ec\/sitio\/en\/blog\/2024\/09\/12\/ensamble-de-gamelan-uartes-presente-con-la-obra-om-en-el-festival-ecuador-jazz-2024-de-quito\/#respond"]}]},{"@type":["WebPage","ItemPage"],"@id":"https:\/\/www.uartes.edu.ec\/sitio\/en\/blog\/2024\/09\/12\/ensamble-de-gamelan-uartes-presente-con-la-obra-om-en-el-festival-ecuador-jazz-2024-de-quito\/","url":"https:\/\/www.uartes.edu.ec\/sitio\/en\/blog\/2024\/09\/12\/ensamble-de-gamelan-uartes-presente-con-la-obra-om-en-el-festival-ecuador-jazz-2024-de-quito\/","name":"Universidad de las Artes - Docentes y estudiantes del Ensamble de Gamel\u00e1n UArtes participar\u00e1n con la obra \u201cOM\u201d en el Festival Ecuador Jazz 2024","isPartOf":{"@id":"https:\/\/www.uartes.edu.ec\/sitio\/en\/#website"},"primaryImageOfPage":{"@id":"https:\/\/www.uartes.edu.ec\/sitio\/en\/blog\/2024\/09\/12\/ensamble-de-gamelan-uartes-presente-con-la-obra-om-en-el-festival-ecuador-jazz-2024-de-quito\/#primaryimage"},"image":{"@id":"https:\/\/www.uartes.edu.ec\/sitio\/en\/blog\/2024\/09\/12\/ensamble-de-gamelan-uartes-presente-con-la-obra-om-en-el-festival-ecuador-jazz-2024-de-quito\/#primaryimage"},"thumbnailUrl":"https:\/\/www.uartes.edu.ec\/sitio\/wp-content\/uploads\/2024\/09\/05-GAMELAN-DANIELA-MASCARO.jpg","datePublished":"2024-09-12T15:11:00+00:00","dateModified":"2024-09-13T15:47:13+00:00","description":"Universidad de las Artes - Docentes y estudiantes del Ensamble de Gamel\u00e1n UArtes participar\u00e1n con la obra \u201cOM\u201d en el Festival Ecuador Jazz 2024","breadcrumb":{"@id":"https:\/\/www.uartes.edu.ec\/sitio\/en\/blog\/2024\/09\/12\/ensamble-de-gamelan-uartes-presente-con-la-obra-om-en-el-festival-ecuador-jazz-2024-de-quito\/#breadcrumb"},"inLanguage":"en-US","potentialAction":[{"@type":"ReadAction","target":["https:\/\/www.uartes.edu.ec\/sitio\/en\/blog\/2024\/09\/12\/ensamble-de-gamelan-uartes-presente-con-la-obra-om-en-el-festival-ecuador-jazz-2024-de-quito\/"]}]},{"@type":"ImageObject","inLanguage":"en-US","@id":"https:\/\/www.uartes.edu.ec\/sitio\/en\/blog\/2024\/09\/12\/ensamble-de-gamelan-uartes-presente-con-la-obra-om-en-el-festival-ecuador-jazz-2024-de-quito\/#primaryimage","url":"https:\/\/www.uartes.edu.ec\/sitio\/wp-content\/uploads\/2024\/09\/05-GAMELAN-DANIELA-MASCARO.jpg","contentUrl":"https:\/\/www.uartes.edu.ec\/sitio\/wp-content\/uploads\/2024\/09\/05-GAMELAN-DANIELA-MASCARO.jpg","width":2000,"height":1333},{"@type":"BreadcrumbList","@id":"https:\/\/www.uartes.edu.ec\/sitio\/en\/blog\/2024\/09\/12\/ensamble-de-gamelan-uartes-presente-con-la-obra-om-en-el-festival-ecuador-jazz-2024-de-quito\/#breadcrumb","itemListElement":[{"@type":"ListItem","position":1,"name":"Inicio","item":"https:\/\/www.uartes.edu.ec\/sitio\/"},{"@type":"ListItem","position":2,"name":"Docentes y estudiantes del Ensamble de Gamel\u00e1n UArtes participar\u00e1n con la obra \u201cOM\u201d en el Festival Ecuador Jazz 2024"}]},{"@type":"WebSite","@id":"https:\/\/www.uartes.edu.ec\/sitio\/en\/#website","url":"https:\/\/www.uartes.edu.ec\/sitio\/en\/","name":"Universidad de las Artes","description":"Sitio oficial de la Universidad Nacional de las Artes del Ecuador","publisher":{"@id":"https:\/\/www.uartes.edu.ec\/sitio\/en\/#organization"},"potentialAction":[{"@type":"SearchAction","target":{"@type":"EntryPoint","urlTemplate":"https:\/\/www.uartes.edu.ec\/sitio\/en\/?s={search_term_string}"},"query-input":{"@type":"PropertyValueSpecification","valueRequired":true,"valueName":"search_term_string"}}],"inLanguage":"en-US"},{"@type":"Organization","@id":"https:\/\/www.uartes.edu.ec\/sitio\/en\/#organization","name":"Universidad de las Artes","url":"https:\/\/www.uartes.edu.ec\/sitio\/en\/","logo":{"@type":"ImageObject","inLanguage":"en-US","@id":"https:\/\/www.uartes.edu.ec\/sitio\/en\/#\/schema\/logo\/image\/","url":"https:\/\/www.uartes.edu.ec\/sitio\/wp-content\/uploads\/2022\/07\/logo-ua-horizontal.png","contentUrl":"https:\/\/www.uartes.edu.ec\/sitio\/wp-content\/uploads\/2022\/07\/logo-ua-horizontal.png","width":800,"height":276,"caption":"Universidad de las Artes"},"image":{"@id":"https:\/\/www.uartes.edu.ec\/sitio\/en\/#\/schema\/logo\/image\/"},"sameAs":["https:\/\/www.facebook.com\/uartesec","https:\/\/x.com\/uartesec","https:\/\/www.tiktok.com\/@uartesec"]},{"@type":"Person","@id":"https:\/\/www.uartes.edu.ec\/sitio\/en\/#\/schema\/person\/efa1b8275797664fd7f13a79ccc0b1f4","name":"ccortez","image":{"@type":"ImageObject","inLanguage":"en-US","@id":"https:\/\/secure.gravatar.com\/avatar\/b2a6f664a3ae8e074346ef91775736c5ec479e637ecced6842de9dc98b5da9cd?s=96&d=mm&r=g","url":"https:\/\/secure.gravatar.com\/avatar\/b2a6f664a3ae8e074346ef91775736c5ec479e637ecced6842de9dc98b5da9cd?s=96&d=mm&r=g","contentUrl":"https:\/\/secure.gravatar.com\/avatar\/b2a6f664a3ae8e074346ef91775736c5ec479e637ecced6842de9dc98b5da9cd?s=96&d=mm&r=g","caption":"ccortez"},"url":"https:\/\/www.uartes.edu.ec\/sitio\/en\/blog\/author\/ccortez\/"}]}},"uagb_featured_image_src":{"full":["https:\/\/www.uartes.edu.ec\/sitio\/wp-content\/uploads\/2024\/09\/05-GAMELAN-DANIELA-MASCARO.jpg",2000,1333,false],"thumbnail":["https:\/\/www.uartes.edu.ec\/sitio\/wp-content\/uploads\/2024\/09\/05-GAMELAN-DANIELA-MASCARO-150x150.jpg",150,150,true],"medium":["https:\/\/www.uartes.edu.ec\/sitio\/wp-content\/uploads\/2024\/09\/05-GAMELAN-DANIELA-MASCARO-300x200.jpg",300,200,true],"medium_large":["https:\/\/www.uartes.edu.ec\/sitio\/wp-content\/uploads\/2024\/09\/05-GAMELAN-DANIELA-MASCARO-768x512.jpg",768,512,true],"large":["https:\/\/www.uartes.edu.ec\/sitio\/wp-content\/uploads\/2024\/09\/05-GAMELAN-DANIELA-MASCARO-644x429.jpg",644,429,true],"1536x1536":["https:\/\/www.uartes.edu.ec\/sitio\/wp-content\/uploads\/2024\/09\/05-GAMELAN-DANIELA-MASCARO-1536x1024.jpg",1536,1024,true],"2048x2048":["https:\/\/www.uartes.edu.ec\/sitio\/wp-content\/uploads\/2024\/09\/05-GAMELAN-DANIELA-MASCARO.jpg",2000,1333,false],"trp-custom-language-flag":["https:\/\/www.uartes.edu.ec\/sitio\/wp-content\/uploads\/2024\/09\/05-GAMELAN-DANIELA-MASCARO-18x12.jpg",18,12,true],"htmega_size_585x295":["https:\/\/www.uartes.edu.ec\/sitio\/wp-content\/uploads\/2024\/09\/05-GAMELAN-DANIELA-MASCARO-585x295.jpg",585,295,true],"htmega_size_1170x536":["https:\/\/www.uartes.edu.ec\/sitio\/wp-content\/uploads\/2024\/09\/05-GAMELAN-DANIELA-MASCARO-1170x536.jpg",1170,536,true],"htmega_size_396x360":["https:\/\/www.uartes.edu.ec\/sitio\/wp-content\/uploads\/2024\/09\/05-GAMELAN-DANIELA-MASCARO-396x360.jpg",396,360,true],"gb-block-post-grid-landscape":["https:\/\/www.uartes.edu.ec\/sitio\/wp-content\/uploads\/2024\/09\/05-GAMELAN-DANIELA-MASCARO-600x400.jpg",600,400,true],"gb-block-post-grid-square":["https:\/\/www.uartes.edu.ec\/sitio\/wp-content\/uploads\/2024\/09\/05-GAMELAN-DANIELA-MASCARO-600x600.jpg",600,600,true],"university-hub-thumb":["https:\/\/www.uartes.edu.ec\/sitio\/wp-content\/uploads\/2024\/09\/05-GAMELAN-DANIELA-MASCARO-400x267.jpg",400,267,true],"mailpoet_newsletter_max":["https:\/\/www.uartes.edu.ec\/sitio\/wp-content\/uploads\/2024\/09\/05-GAMELAN-DANIELA-MASCARO.jpg",1320,880,false]},"uagb_author_info":{"display_name":"ccortez","author_link":"https:\/\/www.uartes.edu.ec\/sitio\/en\/blog\/author\/ccortez\/"},"uagb_comment_info":0,"uagb_excerpt":"La presentaci\u00f3n del Ensamble de Gamel\u00e1n ser\u00e1 este 14 de septiembre en el Teatro Nacional Sucre de Quito. Su participaci\u00f3n en el Festival Ecuador Jazz 2024 es posible gracias al apoyo de la Embajada de Indonesia en el pa\u00eds, socio estrat\u00e9gico de la UArtes desde 2022 y cuya vinculaci\u00f3n se ha realizado desde la Direcci\u00f3n&hellip;","featured_image_src":"https:\/\/www.uartes.edu.ec\/sitio\/wp-content\/uploads\/2024\/09\/05-GAMELAN-DANIELA-MASCARO-600x400.jpg","featured_image_src_square":"https:\/\/www.uartes.edu.ec\/sitio\/wp-content\/uploads\/2024\/09\/05-GAMELAN-DANIELA-MASCARO-600x600.jpg","author_info":{"display_name":"ccortez","author_link":"https:\/\/www.uartes.edu.ec\/sitio\/en\/blog\/author\/ccortez\/"},"publishpress_future_workflow_manual_trigger":{"enabledWorkflows":[]},"distributor_meta":false,"distributor_terms":false,"distributor_media":false,"distributor_original_site_name":"Universidad de las Artes","distributor_original_site_url":"https:\/\/www.uartes.edu.ec\/sitio\/en","push-errors":false,"_links":{"self":[{"href":"https:\/\/www.uartes.edu.ec\/sitio\/en\/wp-json\/wp\/v2\/posts\/61614","targetHints":{"allow":["GET"]}}],"collection":[{"href":"https:\/\/www.uartes.edu.ec\/sitio\/en\/wp-json\/wp\/v2\/posts"}],"about":[{"href":"https:\/\/www.uartes.edu.ec\/sitio\/en\/wp-json\/wp\/v2\/types\/post"}],"author":[{"embeddable":true,"href":"https:\/\/www.uartes.edu.ec\/sitio\/en\/wp-json\/wp\/v2\/users\/10"}],"replies":[{"embeddable":true,"href":"https:\/\/www.uartes.edu.ec\/sitio\/en\/wp-json\/wp\/v2\/comments?post=61614"}],"version-history":[{"count":8,"href":"https:\/\/www.uartes.edu.ec\/sitio\/en\/wp-json\/wp\/v2\/posts\/61614\/revisions"}],"predecessor-version":[{"id":61635,"href":"https:\/\/www.uartes.edu.ec\/sitio\/en\/wp-json\/wp\/v2\/posts\/61614\/revisions\/61635"}],"wp:featuredmedia":[{"embeddable":true,"href":"https:\/\/www.uartes.edu.ec\/sitio\/en\/wp-json\/wp\/v2\/media\/61619"}],"wp:attachment":[{"href":"https:\/\/www.uartes.edu.ec\/sitio\/en\/wp-json\/wp\/v2\/media?parent=61614"}],"wp:term":[{"taxonomy":"category","embeddable":true,"href":"https:\/\/www.uartes.edu.ec\/sitio\/en\/wp-json\/wp\/v2\/categories?post=61614"},{"taxonomy":"post_tag","embeddable":true,"href":"https:\/\/www.uartes.edu.ec\/sitio\/en\/wp-json\/wp\/v2\/tags?post=61614"},{"taxonomy":"infouartes","embeddable":true,"href":"https:\/\/www.uartes.edu.ec\/sitio\/en\/wp-json\/wp\/v2\/infouartes?post=61614"}],"curies":[{"name":"wp","href":"https:\/\/api.w.org\/{rel}","templated":true}]}}