{"id":6199,"date":"2020-02-05T15:05:27","date_gmt":"2020-02-05T20:05:27","guid":{"rendered":"http:\/\/www.uartes.edu.ec\/sitio\/?p=6199"},"modified":"2024-07-04T11:48:38","modified_gmt":"2024-07-04T16:48:38","slug":"un-pie-en-las-tablas-iniciara-en-marzo-con-80-inscritos","status":"publish","type":"post","link":"https:\/\/www.uartes.edu.ec\/sitio\/en\/blog\/2020\/02\/05\/un-pie-en-las-tablas-iniciara-en-marzo-con-80-inscritos\/","title":{"rendered":"\u201cUn pie en las tablas\u201d iniciar\u00e1 en marzo con 80 inscritos"},"content":{"rendered":"<p class=\"has-text-align-right\"><em>La convocatoria al taller la realizaron docentes que participan en el\nproyecto colectivo de investigaci\u00f3n \u201cAn\u00e1lisis de metodolog\u00eda y procesos con los\ngrupos de teatro universitario de Guayaquil para comprender la noci\u00f3n del\namateur moderno\u201d.<\/em><\/p>\n\n\n\n<p>La mayor\u00eda se enter\u00f3 por las redes sociales y el sitio web de la Universidad de las Artes y en menor n\u00famero, por amigos con los que comparte el inter\u00e9s de incursionar en la actuaci\u00f3n. Las historias son varias, como varias son las expectativas de quienes el lunes 27 y martes 28 de enero del 2020 acudieron a la convocatoria \u201cUn pie en las tablas\u201d, realizada por los docentes que participan en el proyecto colectivo de investigaci\u00f3n \u00abAn\u00e1lisis de metodolog\u00eda y procesos en los grupos de teatro universitario de Guayaquil para comprender la noci\u00f3n del amateur moderno\u00bb. &nbsp;&nbsp;&nbsp;&nbsp;&nbsp;&nbsp;<\/p>\n\n\n\n<p>A la reuni\u00f3n en la terraza de la Biblioteca de las Artes asistieron\nestudiantes de la UArtes y otras instituciones acad\u00e9micas, pero tambi\u00e9n\nciudadanos que quer\u00edan saber de qu\u00e9 se trataba. Mait\u00e9 Mart\u00ednez, por ejemplo, cursa\nel cuarto semestre de la carrera de Psicolog\u00eda en la Universidad Salesiana y\ncont\u00f3 que al enterarse por Instagram de la convocatoria no lo dud\u00f3 y se dio\ntiempo. \u201cMe pareci\u00f3 incre\u00edble que la Universidad de las Artes ofreciera este\nespacio a la colectividad. Es una oportunidad grand\u00edsima poder nutrirse de los\nprofesores y de la grupalidad, esencial en estos movimientos art\u00edsticos\u201d,\nexpres\u00f3. <\/p>\n\n\n\n<p>\u201cUn pie en las tablas\u201d tuvo m\u00e1s de 90 interesados, 80 de\nellos se registraron formalmente, coment\u00f3 Jorge Tigrero, profesor de Nivelaci\u00f3n\ny de la Unidad Transversal de Teor\u00edas Cr\u00edticas y Pr\u00e1cticas Experimentales en\nArtes y director del proyecto. Record\u00f3 que \u201cUn pie en las tablas\u201d es un taller\nde teatro que arrancar\u00e1 en marzo pr\u00f3ximo y se extender\u00e1 hasta julio, mes en el\nque se estrenar\u00e1 una obra teatral. <\/p>\n\n\n\n<p>Las 80 personas registradas integrar\u00e1n dos grupos. El\nprimero recibir\u00e1 clases los d\u00edas mi\u00e9rcoles y viernes, de 17h00 a 20h00 en el Edificio\nT\u00e1bara, y estar\u00e1 a cargo de Marcelo Leyton, codirector del proyecto y\nsubdirector de la Escuela de Creaci\u00f3n Teatral de la UArtes. El segundo grupo,\nen el ITAE, igualmente los mi\u00e9rcoles y viernes, de 17h00 a 20h00; lo impartir\u00e1\nLorena Toro. Como investigadora interviene Rosario Saona.<\/p>\n\n\n\n<p>\u201cEn marzo pr\u00f3ximo se afianzar\u00e1n las bases para poder generar\nejercicios de trabajo colectivo, con el objetivo final que es la obra de teatro\u201d,\nmencion\u00f3 Tigrero. Es de anotar que la propuesta colectiva qued\u00f3 entre los\nganadores del II Concurso de Proyectos de Investigaci\u00f3n convocado por la\nUniversidad de las Artes. \u201cLa convocatoria ha sido exitosa y as\u00ed como ellos\ntienen expectativas nosotros tambi\u00e9n las tenemos. Ser\u00e1 una experiencia valiosa\npara todos\u201d, expres\u00f3. <\/p>\n\n\n\n<p>Jes\u00fas L\u00f3pez y Daniela Dyer, quienes est\u00e1n en el primer\nsemestre de Creaci\u00f3n Teatral, coincidieron en que llegaron a \u201cUn pie en las\ntablas\u201d atra\u00eddos por la participaci\u00f3n de docentes con amplia trayectoria. \u201cQueremos\naprender m\u00e1s de las t\u00e9cnicas y las metodolog\u00edas, y ver el proceso de aquellos\ncon ninguna experiencia en el teatro\u201d. Con igual entusiasmo Angie Fern\u00e1ndez, de\n23 a\u00f1os, cont\u00f3 que tras suspender sus estudios de enfermer\u00eda en el Tecnol\u00f3gico\nBolivariano participar en un taller de teatro \u201cse present\u00f3 como una nueva y\ngran oportunidad\u201d.<\/p>","protected":false},"excerpt":{"rendered":"<p>La convocatoria al taller la realizaron docentes que participan en el proyecto colectivo de investigaci\u00f3n \u201cAn\u00e1lisis de metodolog\u00eda y procesos con los grupos de teatro universitario de Guayaquil para comprender la noci\u00f3n del amateur moderno\u201d.<\/p>","protected":false},"author":1,"featured_media":6200,"comment_status":"closed","ping_status":"closed","sticky":false,"template":"","format":"standard","meta":{"_acf_changed":false,"_uag_custom_page_level_css":"","_monsterinsights_skip_tracking":false,"_monsterinsights_sitenote_active":false,"_monsterinsights_sitenote_note":"","_monsterinsights_sitenote_category":0,"cybocfi_hide_featured_image":"","footnotes":""},"categories":[80,82,159,75,76],"tags":[41],"infouartes":[],"class_list":["post-6199","post","type-post","status-publish","format-standard","has-post-thumbnail","hentry","category-academico","category-artes","category-artes-escenicas","category-docentes","category-estudiantes","tag-biblioteca"],"acf":[],"yoast_head":"<!-- This site is optimized with the Yoast SEO plugin v27.4 - https:\/\/yoast.com\/product\/yoast-seo-wordpress\/ -->\n<title>Universidad de las Artes - \u201cUn pie en las tablas\u201d iniciar\u00e1 en marzo con 80 inscritos<\/title>\n<meta name=\"description\" content=\"Universidad de las Artes - \u201cUn pie en las tablas\u201d iniciar\u00e1 en marzo con 80 inscritos\" \/>\n<meta name=\"robots\" content=\"index, follow, max-snippet:-1, max-image-preview:large, max-video-preview:-1\" \/>\n<link rel=\"canonical\" href=\"https:\/\/www.uartes.edu.ec\/sitio\/en\/blog\/2020\/02\/05\/un-pie-en-las-tablas-iniciara-en-marzo-con-80-inscritos\/\" \/>\n<meta property=\"og:locale\" content=\"en_US\" \/>\n<meta property=\"og:type\" content=\"article\" \/>\n<meta property=\"og:title\" content=\"Universidad de las Artes - \u201cUn pie en las tablas\u201d iniciar\u00e1 en marzo con 80 inscritos\" \/>\n<meta property=\"og:description\" content=\"Universidad de las Artes - \u201cUn pie en las tablas\u201d iniciar\u00e1 en marzo con 80 inscritos\" \/>\n<meta property=\"og:url\" content=\"https:\/\/www.uartes.edu.ec\/sitio\/en\/blog\/2020\/02\/05\/un-pie-en-las-tablas-iniciara-en-marzo-con-80-inscritos\/\" \/>\n<meta property=\"og:site_name\" content=\"Universidad de las Artes\" \/>\n<meta property=\"article:publisher\" content=\"https:\/\/www.facebook.com\/uartesec\" \/>\n<meta property=\"article:published_time\" content=\"2020-02-05T20:05:27+00:00\" \/>\n<meta property=\"article:modified_time\" content=\"2024-07-04T16:48:38+00:00\" \/>\n<meta property=\"og:image\" content=\"https:\/\/www.uartes.edu.ec\/sitio\/wp-content\/uploads\/2020\/02\/UN-PIE-EN-LAS-TABLAS.jpg\" \/>\n\t<meta property=\"og:image:width\" content=\"2000\" \/>\n\t<meta property=\"og:image:height\" content=\"1333\" \/>\n\t<meta property=\"og:image:type\" content=\"image\/jpeg\" \/>\n<meta name=\"author\" content=\"Universidad de las Artes\" \/>\n<meta name=\"twitter:card\" content=\"summary_large_image\" \/>\n<meta name=\"twitter:creator\" content=\"@uartesec\" \/>\n<meta name=\"twitter:site\" content=\"@uartesec\" \/>\n<meta name=\"twitter:label1\" content=\"Written by\" \/>\n\t<meta name=\"twitter:data1\" content=\"Universidad de las Artes\" \/>\n\t<meta name=\"twitter:label2\" content=\"Est. reading time\" \/>\n\t<meta name=\"twitter:data2\" content=\"3 minutes\" \/>\n<script type=\"application\/ld+json\" class=\"yoast-schema-graph\">{\"@context\":\"https:\\\/\\\/schema.org\",\"@graph\":[{\"@type\":\"Article\",\"@id\":\"https:\\\/\\\/www.uartes.edu.ec\\\/sitio\\\/en\\\/blog\\\/2020\\\/02\\\/05\\\/un-pie-en-las-tablas-iniciara-en-marzo-con-80-inscritos\\\/#article\",\"isPartOf\":{\"@id\":\"https:\\\/\\\/www.uartes.edu.ec\\\/sitio\\\/en\\\/blog\\\/2020\\\/02\\\/05\\\/un-pie-en-las-tablas-iniciara-en-marzo-con-80-inscritos\\\/\"},\"author\":{\"name\":\"Universidad de las Artes\",\"@id\":\"https:\\\/\\\/www.uartes.edu.ec\\\/sitio\\\/en\\\/#\\\/schema\\\/person\\\/f33f8c1d2af0d5c80a38c8abf458184a\"},\"headline\":\"\u201cUn pie en las tablas\u201d iniciar\u00e1 en marzo con 80 inscritos\",\"datePublished\":\"2020-02-05T20:05:27+00:00\",\"dateModified\":\"2024-07-04T16:48:38+00:00\",\"mainEntityOfPage\":{\"@id\":\"https:\\\/\\\/www.uartes.edu.ec\\\/sitio\\\/en\\\/blog\\\/2020\\\/02\\\/05\\\/un-pie-en-las-tablas-iniciara-en-marzo-con-80-inscritos\\\/\"},\"wordCount\":590,\"publisher\":{\"@id\":\"https:\\\/\\\/www.uartes.edu.ec\\\/sitio\\\/en\\\/#organization\"},\"image\":{\"@id\":\"https:\\\/\\\/www.uartes.edu.ec\\\/sitio\\\/en\\\/blog\\\/2020\\\/02\\\/05\\\/un-pie-en-las-tablas-iniciara-en-marzo-con-80-inscritos\\\/#primaryimage\"},\"thumbnailUrl\":\"https:\\\/\\\/www.uartes.edu.ec\\\/sitio\\\/wp-content\\\/uploads\\\/2020\\\/02\\\/UN-PIE-EN-LAS-TABLAS.jpg\",\"keywords\":[\"biblioteca\"],\"articleSection\":[\"Acad\u00e9mico\",\"Artes\",\"Artes Esc\u00e9nicas\",\"Docentes\",\"Estudiantes\"],\"inLanguage\":\"en-US\"},{\"@type\":[\"WebPage\",\"ItemPage\"],\"@id\":\"https:\\\/\\\/www.uartes.edu.ec\\\/sitio\\\/en\\\/blog\\\/2020\\\/02\\\/05\\\/un-pie-en-las-tablas-iniciara-en-marzo-con-80-inscritos\\\/\",\"url\":\"https:\\\/\\\/www.uartes.edu.ec\\\/sitio\\\/en\\\/blog\\\/2020\\\/02\\\/05\\\/un-pie-en-las-tablas-iniciara-en-marzo-con-80-inscritos\\\/\",\"name\":\"Universidad de las Artes - \u201cUn pie en las tablas\u201d iniciar\u00e1 en marzo con 80 inscritos\",\"isPartOf\":{\"@id\":\"https:\\\/\\\/www.uartes.edu.ec\\\/sitio\\\/en\\\/#website\"},\"primaryImageOfPage\":{\"@id\":\"https:\\\/\\\/www.uartes.edu.ec\\\/sitio\\\/en\\\/blog\\\/2020\\\/02\\\/05\\\/un-pie-en-las-tablas-iniciara-en-marzo-con-80-inscritos\\\/#primaryimage\"},\"image\":{\"@id\":\"https:\\\/\\\/www.uartes.edu.ec\\\/sitio\\\/en\\\/blog\\\/2020\\\/02\\\/05\\\/un-pie-en-las-tablas-iniciara-en-marzo-con-80-inscritos\\\/#primaryimage\"},\"thumbnailUrl\":\"https:\\\/\\\/www.uartes.edu.ec\\\/sitio\\\/wp-content\\\/uploads\\\/2020\\\/02\\\/UN-PIE-EN-LAS-TABLAS.jpg\",\"datePublished\":\"2020-02-05T20:05:27+00:00\",\"dateModified\":\"2024-07-04T16:48:38+00:00\",\"description\":\"Universidad de las Artes - \u201cUn pie en las tablas\u201d iniciar\u00e1 en marzo con 80 inscritos\",\"breadcrumb\":{\"@id\":\"https:\\\/\\\/www.uartes.edu.ec\\\/sitio\\\/en\\\/blog\\\/2020\\\/02\\\/05\\\/un-pie-en-las-tablas-iniciara-en-marzo-con-80-inscritos\\\/#breadcrumb\"},\"inLanguage\":\"en-US\",\"potentialAction\":[{\"@type\":\"ReadAction\",\"target\":[\"https:\\\/\\\/www.uartes.edu.ec\\\/sitio\\\/en\\\/blog\\\/2020\\\/02\\\/05\\\/un-pie-en-las-tablas-iniciara-en-marzo-con-80-inscritos\\\/\"]}]},{\"@type\":\"ImageObject\",\"inLanguage\":\"en-US\",\"@id\":\"https:\\\/\\\/www.uartes.edu.ec\\\/sitio\\\/en\\\/blog\\\/2020\\\/02\\\/05\\\/un-pie-en-las-tablas-iniciara-en-marzo-con-80-inscritos\\\/#primaryimage\",\"url\":\"https:\\\/\\\/www.uartes.edu.ec\\\/sitio\\\/wp-content\\\/uploads\\\/2020\\\/02\\\/UN-PIE-EN-LAS-TABLAS.jpg\",\"contentUrl\":\"https:\\\/\\\/www.uartes.edu.ec\\\/sitio\\\/wp-content\\\/uploads\\\/2020\\\/02\\\/UN-PIE-EN-LAS-TABLAS.jpg\",\"width\":2000,\"height\":1333},{\"@type\":\"BreadcrumbList\",\"@id\":\"https:\\\/\\\/www.uartes.edu.ec\\\/sitio\\\/en\\\/blog\\\/2020\\\/02\\\/05\\\/un-pie-en-las-tablas-iniciara-en-marzo-con-80-inscritos\\\/#breadcrumb\",\"itemListElement\":[{\"@type\":\"ListItem\",\"position\":1,\"name\":\"Inicio\",\"item\":\"https:\\\/\\\/www.uartes.edu.ec\\\/sitio\\\/\"},{\"@type\":\"ListItem\",\"position\":2,\"name\":\"\u201cUn pie en las tablas\u201d iniciar\u00e1 en marzo con 80 inscritos\"}]},{\"@type\":\"WebSite\",\"@id\":\"https:\\\/\\\/www.uartes.edu.ec\\\/sitio\\\/en\\\/#website\",\"url\":\"https:\\\/\\\/www.uartes.edu.ec\\\/sitio\\\/en\\\/\",\"name\":\"Universidad de las Artes\",\"description\":\"Sitio oficial de la Universidad Nacional de las Artes del Ecuador\",\"publisher\":{\"@id\":\"https:\\\/\\\/www.uartes.edu.ec\\\/sitio\\\/en\\\/#organization\"},\"potentialAction\":[{\"@type\":\"SearchAction\",\"target\":{\"@type\":\"EntryPoint\",\"urlTemplate\":\"https:\\\/\\\/www.uartes.edu.ec\\\/sitio\\\/en\\\/?s={search_term_string}\"},\"query-input\":{\"@type\":\"PropertyValueSpecification\",\"valueRequired\":true,\"valueName\":\"search_term_string\"}}],\"inLanguage\":\"en-US\"},{\"@type\":\"Organization\",\"@id\":\"https:\\\/\\\/www.uartes.edu.ec\\\/sitio\\\/en\\\/#organization\",\"name\":\"Universidad de las Artes\",\"url\":\"https:\\\/\\\/www.uartes.edu.ec\\\/sitio\\\/en\\\/\",\"logo\":{\"@type\":\"ImageObject\",\"inLanguage\":\"en-US\",\"@id\":\"https:\\\/\\\/www.uartes.edu.ec\\\/sitio\\\/en\\\/#\\\/schema\\\/logo\\\/image\\\/\",\"url\":\"https:\\\/\\\/www.uartes.edu.ec\\\/sitio\\\/wp-content\\\/uploads\\\/2022\\\/07\\\/logo-ua-horizontal.png\",\"contentUrl\":\"https:\\\/\\\/www.uartes.edu.ec\\\/sitio\\\/wp-content\\\/uploads\\\/2022\\\/07\\\/logo-ua-horizontal.png\",\"width\":800,\"height\":276,\"caption\":\"Universidad de las Artes\"},\"image\":{\"@id\":\"https:\\\/\\\/www.uartes.edu.ec\\\/sitio\\\/en\\\/#\\\/schema\\\/logo\\\/image\\\/\"},\"sameAs\":[\"https:\\\/\\\/www.facebook.com\\\/uartesec\",\"https:\\\/\\\/x.com\\\/uartesec\",\"https:\\\/\\\/www.tiktok.com\\\/@uartesec\"]},{\"@type\":\"Person\",\"@id\":\"https:\\\/\\\/www.uartes.edu.ec\\\/sitio\\\/en\\\/#\\\/schema\\\/person\\\/f33f8c1d2af0d5c80a38c8abf458184a\",\"name\":\"Universidad de las Artes\",\"image\":{\"@type\":\"ImageObject\",\"inLanguage\":\"en-US\",\"@id\":\"https:\\\/\\\/secure.gravatar.com\\\/avatar\\\/52e4757902f5cfa5ac52d020e5be83cae5487519154b6c35482fe08d589f3c13?s=96&d=mm&r=g\",\"url\":\"https:\\\/\\\/secure.gravatar.com\\\/avatar\\\/52e4757902f5cfa5ac52d020e5be83cae5487519154b6c35482fe08d589f3c13?s=96&d=mm&r=g\",\"contentUrl\":\"https:\\\/\\\/secure.gravatar.com\\\/avatar\\\/52e4757902f5cfa5ac52d020e5be83cae5487519154b6c35482fe08d589f3c13?s=96&d=mm&r=g\",\"caption\":\"Universidad de las Artes\"},\"url\":\"https:\\\/\\\/www.uartes.edu.ec\\\/sitio\\\/en\\\/blog\\\/author\\\/dircomadm\\\/\"}]}<\/script>\n<!-- \/ Yoast SEO plugin. -->","yoast_head_json":{"title":"Universidad de las Artes - \u201cUn pie en las tablas\u201d iniciar\u00e1 en marzo con 80 inscritos","description":"Universidad de las Artes - \u201cUn pie en las tablas\u201d iniciar\u00e1 en marzo con 80 inscritos","robots":{"index":"index","follow":"follow","max-snippet":"max-snippet:-1","max-image-preview":"max-image-preview:large","max-video-preview":"max-video-preview:-1"},"canonical":"https:\/\/www.uartes.edu.ec\/sitio\/en\/blog\/2020\/02\/05\/un-pie-en-las-tablas-iniciara-en-marzo-con-80-inscritos\/","og_locale":"en_US","og_type":"article","og_title":"Universidad de las Artes - \u201cUn pie en las tablas\u201d iniciar\u00e1 en marzo con 80 inscritos","og_description":"Universidad de las Artes - \u201cUn pie en las tablas\u201d iniciar\u00e1 en marzo con 80 inscritos","og_url":"https:\/\/www.uartes.edu.ec\/sitio\/en\/blog\/2020\/02\/05\/un-pie-en-las-tablas-iniciara-en-marzo-con-80-inscritos\/","og_site_name":"Universidad de las Artes","article_publisher":"https:\/\/www.facebook.com\/uartesec","article_published_time":"2020-02-05T20:05:27+00:00","article_modified_time":"2024-07-04T16:48:38+00:00","og_image":[{"width":2000,"height":1333,"url":"https:\/\/www.uartes.edu.ec\/sitio\/wp-content\/uploads\/2020\/02\/UN-PIE-EN-LAS-TABLAS.jpg","type":"image\/jpeg"}],"author":"Universidad de las Artes","twitter_card":"summary_large_image","twitter_creator":"@uartesec","twitter_site":"@uartesec","twitter_misc":{"Written by":"Universidad de las Artes","Est. reading time":"3 minutes"},"schema":{"@context":"https:\/\/schema.org","@graph":[{"@type":"Article","@id":"https:\/\/www.uartes.edu.ec\/sitio\/en\/blog\/2020\/02\/05\/un-pie-en-las-tablas-iniciara-en-marzo-con-80-inscritos\/#article","isPartOf":{"@id":"https:\/\/www.uartes.edu.ec\/sitio\/en\/blog\/2020\/02\/05\/un-pie-en-las-tablas-iniciara-en-marzo-con-80-inscritos\/"},"author":{"name":"Universidad de las Artes","@id":"https:\/\/www.uartes.edu.ec\/sitio\/en\/#\/schema\/person\/f33f8c1d2af0d5c80a38c8abf458184a"},"headline":"\u201cUn pie en las tablas\u201d iniciar\u00e1 en marzo con 80 inscritos","datePublished":"2020-02-05T20:05:27+00:00","dateModified":"2024-07-04T16:48:38+00:00","mainEntityOfPage":{"@id":"https:\/\/www.uartes.edu.ec\/sitio\/en\/blog\/2020\/02\/05\/un-pie-en-las-tablas-iniciara-en-marzo-con-80-inscritos\/"},"wordCount":590,"publisher":{"@id":"https:\/\/www.uartes.edu.ec\/sitio\/en\/#organization"},"image":{"@id":"https:\/\/www.uartes.edu.ec\/sitio\/en\/blog\/2020\/02\/05\/un-pie-en-las-tablas-iniciara-en-marzo-con-80-inscritos\/#primaryimage"},"thumbnailUrl":"https:\/\/www.uartes.edu.ec\/sitio\/wp-content\/uploads\/2020\/02\/UN-PIE-EN-LAS-TABLAS.jpg","keywords":["biblioteca"],"articleSection":["Acad\u00e9mico","Artes","Artes Esc\u00e9nicas","Docentes","Estudiantes"],"inLanguage":"en-US"},{"@type":["WebPage","ItemPage"],"@id":"https:\/\/www.uartes.edu.ec\/sitio\/en\/blog\/2020\/02\/05\/un-pie-en-las-tablas-iniciara-en-marzo-con-80-inscritos\/","url":"https:\/\/www.uartes.edu.ec\/sitio\/en\/blog\/2020\/02\/05\/un-pie-en-las-tablas-iniciara-en-marzo-con-80-inscritos\/","name":"Universidad de las Artes - \u201cUn pie en las tablas\u201d iniciar\u00e1 en marzo con 80 inscritos","isPartOf":{"@id":"https:\/\/www.uartes.edu.ec\/sitio\/en\/#website"},"primaryImageOfPage":{"@id":"https:\/\/www.uartes.edu.ec\/sitio\/en\/blog\/2020\/02\/05\/un-pie-en-las-tablas-iniciara-en-marzo-con-80-inscritos\/#primaryimage"},"image":{"@id":"https:\/\/www.uartes.edu.ec\/sitio\/en\/blog\/2020\/02\/05\/un-pie-en-las-tablas-iniciara-en-marzo-con-80-inscritos\/#primaryimage"},"thumbnailUrl":"https:\/\/www.uartes.edu.ec\/sitio\/wp-content\/uploads\/2020\/02\/UN-PIE-EN-LAS-TABLAS.jpg","datePublished":"2020-02-05T20:05:27+00:00","dateModified":"2024-07-04T16:48:38+00:00","description":"Universidad de las Artes - \u201cUn pie en las tablas\u201d iniciar\u00e1 en marzo con 80 inscritos","breadcrumb":{"@id":"https:\/\/www.uartes.edu.ec\/sitio\/en\/blog\/2020\/02\/05\/un-pie-en-las-tablas-iniciara-en-marzo-con-80-inscritos\/#breadcrumb"},"inLanguage":"en-US","potentialAction":[{"@type":"ReadAction","target":["https:\/\/www.uartes.edu.ec\/sitio\/en\/blog\/2020\/02\/05\/un-pie-en-las-tablas-iniciara-en-marzo-con-80-inscritos\/"]}]},{"@type":"ImageObject","inLanguage":"en-US","@id":"https:\/\/www.uartes.edu.ec\/sitio\/en\/blog\/2020\/02\/05\/un-pie-en-las-tablas-iniciara-en-marzo-con-80-inscritos\/#primaryimage","url":"https:\/\/www.uartes.edu.ec\/sitio\/wp-content\/uploads\/2020\/02\/UN-PIE-EN-LAS-TABLAS.jpg","contentUrl":"https:\/\/www.uartes.edu.ec\/sitio\/wp-content\/uploads\/2020\/02\/UN-PIE-EN-LAS-TABLAS.jpg","width":2000,"height":1333},{"@type":"BreadcrumbList","@id":"https:\/\/www.uartes.edu.ec\/sitio\/en\/blog\/2020\/02\/05\/un-pie-en-las-tablas-iniciara-en-marzo-con-80-inscritos\/#breadcrumb","itemListElement":[{"@type":"ListItem","position":1,"name":"Inicio","item":"https:\/\/www.uartes.edu.ec\/sitio\/"},{"@type":"ListItem","position":2,"name":"\u201cUn pie en las tablas\u201d iniciar\u00e1 en marzo con 80 inscritos"}]},{"@type":"WebSite","@id":"https:\/\/www.uartes.edu.ec\/sitio\/en\/#website","url":"https:\/\/www.uartes.edu.ec\/sitio\/en\/","name":"Universidad de las Artes","description":"Sitio oficial de la Universidad Nacional de las Artes del Ecuador","publisher":{"@id":"https:\/\/www.uartes.edu.ec\/sitio\/en\/#organization"},"potentialAction":[{"@type":"SearchAction","target":{"@type":"EntryPoint","urlTemplate":"https:\/\/www.uartes.edu.ec\/sitio\/en\/?s={search_term_string}"},"query-input":{"@type":"PropertyValueSpecification","valueRequired":true,"valueName":"search_term_string"}}],"inLanguage":"en-US"},{"@type":"Organization","@id":"https:\/\/www.uartes.edu.ec\/sitio\/en\/#organization","name":"Universidad de las Artes","url":"https:\/\/www.uartes.edu.ec\/sitio\/en\/","logo":{"@type":"ImageObject","inLanguage":"en-US","@id":"https:\/\/www.uartes.edu.ec\/sitio\/en\/#\/schema\/logo\/image\/","url":"https:\/\/www.uartes.edu.ec\/sitio\/wp-content\/uploads\/2022\/07\/logo-ua-horizontal.png","contentUrl":"https:\/\/www.uartes.edu.ec\/sitio\/wp-content\/uploads\/2022\/07\/logo-ua-horizontal.png","width":800,"height":276,"caption":"Universidad de las Artes"},"image":{"@id":"https:\/\/www.uartes.edu.ec\/sitio\/en\/#\/schema\/logo\/image\/"},"sameAs":["https:\/\/www.facebook.com\/uartesec","https:\/\/x.com\/uartesec","https:\/\/www.tiktok.com\/@uartesec"]},{"@type":"Person","@id":"https:\/\/www.uartes.edu.ec\/sitio\/en\/#\/schema\/person\/f33f8c1d2af0d5c80a38c8abf458184a","name":"Universidad de las Artes","image":{"@type":"ImageObject","inLanguage":"en-US","@id":"https:\/\/secure.gravatar.com\/avatar\/52e4757902f5cfa5ac52d020e5be83cae5487519154b6c35482fe08d589f3c13?s=96&d=mm&r=g","url":"https:\/\/secure.gravatar.com\/avatar\/52e4757902f5cfa5ac52d020e5be83cae5487519154b6c35482fe08d589f3c13?s=96&d=mm&r=g","contentUrl":"https:\/\/secure.gravatar.com\/avatar\/52e4757902f5cfa5ac52d020e5be83cae5487519154b6c35482fe08d589f3c13?s=96&d=mm&r=g","caption":"Universidad de las Artes"},"url":"https:\/\/www.uartes.edu.ec\/sitio\/en\/blog\/author\/dircomadm\/"}]}},"uagb_featured_image_src":{"full":["https:\/\/www.uartes.edu.ec\/sitio\/wp-content\/uploads\/2020\/02\/UN-PIE-EN-LAS-TABLAS.jpg",2000,1333,false],"thumbnail":["https:\/\/www.uartes.edu.ec\/sitio\/wp-content\/uploads\/2020\/02\/UN-PIE-EN-LAS-TABLAS-150x150.jpg",150,150,true],"medium":["https:\/\/www.uartes.edu.ec\/sitio\/wp-content\/uploads\/2020\/02\/UN-PIE-EN-LAS-TABLAS-300x200.jpg",300,200,true],"medium_large":["https:\/\/www.uartes.edu.ec\/sitio\/wp-content\/uploads\/2020\/02\/UN-PIE-EN-LAS-TABLAS-768x512.jpg",768,512,true],"large":["https:\/\/www.uartes.edu.ec\/sitio\/wp-content\/uploads\/2020\/02\/UN-PIE-EN-LAS-TABLAS-644x429.jpg",644,429,true],"1536x1536":["https:\/\/www.uartes.edu.ec\/sitio\/wp-content\/uploads\/2020\/02\/UN-PIE-EN-LAS-TABLAS-1536x1024.jpg",1536,1024,true],"2048x2048":["https:\/\/www.uartes.edu.ec\/sitio\/wp-content\/uploads\/2020\/02\/UN-PIE-EN-LAS-TABLAS.jpg",2000,1333,false],"trp-custom-language-flag":["https:\/\/www.uartes.edu.ec\/sitio\/wp-content\/uploads\/2020\/02\/UN-PIE-EN-LAS-TABLAS.jpg",18,12,false],"htmega_size_585x295":["https:\/\/www.uartes.edu.ec\/sitio\/wp-content\/uploads\/2020\/02\/UN-PIE-EN-LAS-TABLAS.jpg",443,295,false],"htmega_size_1170x536":["https:\/\/www.uartes.edu.ec\/sitio\/wp-content\/uploads\/2020\/02\/UN-PIE-EN-LAS-TABLAS.jpg",804,536,false],"htmega_size_396x360":["https:\/\/www.uartes.edu.ec\/sitio\/wp-content\/uploads\/2020\/02\/UN-PIE-EN-LAS-TABLAS.jpg",396,264,false],"gb-block-post-grid-landscape":["https:\/\/www.uartes.edu.ec\/sitio\/wp-content\/uploads\/2020\/02\/UN-PIE-EN-LAS-TABLAS.jpg",600,400,false],"gb-block-post-grid-square":["https:\/\/www.uartes.edu.ec\/sitio\/wp-content\/uploads\/2020\/02\/UN-PIE-EN-LAS-TABLAS.jpg",600,400,false],"university-hub-thumb":["https:\/\/www.uartes.edu.ec\/sitio\/wp-content\/uploads\/2020\/02\/UN-PIE-EN-LAS-TABLAS-400x267.jpg",400,267,true],"mailpoet_newsletter_max":["https:\/\/www.uartes.edu.ec\/sitio\/wp-content\/uploads\/2020\/02\/UN-PIE-EN-LAS-TABLAS.jpg",1320,880,false]},"uagb_author_info":{"display_name":"Universidad de las Artes","author_link":"https:\/\/www.uartes.edu.ec\/sitio\/en\/blog\/author\/dircomadm\/"},"uagb_comment_info":0,"uagb_excerpt":"La convocatoria al taller la realizaron docentes que participan en el proyecto colectivo de investigaci\u00f3n \u201cAn\u00e1lisis de metodolog\u00eda y procesos con los grupos de teatro universitario de Guayaquil para comprender la noci\u00f3n del amateur moderno\u201d.","featured_image_src":"https:\/\/www.uartes.edu.ec\/sitio\/wp-content\/uploads\/2020\/02\/UN-PIE-EN-LAS-TABLAS.jpg","featured_image_src_square":"https:\/\/www.uartes.edu.ec\/sitio\/wp-content\/uploads\/2020\/02\/UN-PIE-EN-LAS-TABLAS.jpg","author_info":{"display_name":"Universidad de las Artes","author_link":"https:\/\/www.uartes.edu.ec\/sitio\/en\/blog\/author\/dircomadm\/"},"publishpress_future_workflow_manual_trigger":{"enabledWorkflows":[]},"distributor_meta":false,"distributor_terms":false,"distributor_media":false,"distributor_original_site_name":"Universidad de las Artes","distributor_original_site_url":"https:\/\/www.uartes.edu.ec\/sitio\/en","push-errors":false,"_links":{"self":[{"href":"https:\/\/www.uartes.edu.ec\/sitio\/en\/wp-json\/wp\/v2\/posts\/6199","targetHints":{"allow":["GET"]}}],"collection":[{"href":"https:\/\/www.uartes.edu.ec\/sitio\/en\/wp-json\/wp\/v2\/posts"}],"about":[{"href":"https:\/\/www.uartes.edu.ec\/sitio\/en\/wp-json\/wp\/v2\/types\/post"}],"author":[{"embeddable":true,"href":"https:\/\/www.uartes.edu.ec\/sitio\/en\/wp-json\/wp\/v2\/users\/1"}],"replies":[{"embeddable":true,"href":"https:\/\/www.uartes.edu.ec\/sitio\/en\/wp-json\/wp\/v2\/comments?post=6199"}],"version-history":[{"count":2,"href":"https:\/\/www.uartes.edu.ec\/sitio\/en\/wp-json\/wp\/v2\/posts\/6199\/revisions"}],"predecessor-version":[{"id":6202,"href":"https:\/\/www.uartes.edu.ec\/sitio\/en\/wp-json\/wp\/v2\/posts\/6199\/revisions\/6202"}],"wp:featuredmedia":[{"embeddable":true,"href":"https:\/\/www.uartes.edu.ec\/sitio\/en\/wp-json\/wp\/v2\/media\/6200"}],"wp:attachment":[{"href":"https:\/\/www.uartes.edu.ec\/sitio\/en\/wp-json\/wp\/v2\/media?parent=6199"}],"wp:term":[{"taxonomy":"category","embeddable":true,"href":"https:\/\/www.uartes.edu.ec\/sitio\/en\/wp-json\/wp\/v2\/categories?post=6199"},{"taxonomy":"post_tag","embeddable":true,"href":"https:\/\/www.uartes.edu.ec\/sitio\/en\/wp-json\/wp\/v2\/tags?post=6199"},{"taxonomy":"infouartes","embeddable":true,"href":"https:\/\/www.uartes.edu.ec\/sitio\/en\/wp-json\/wp\/v2\/infouartes?post=6199"}],"curies":[{"name":"wp","href":"https:\/\/api.w.org\/{rel}","templated":true}]}}