{"id":61997,"date":"2024-09-16T12:33:36","date_gmt":"2024-09-16T17:33:36","guid":{"rendered":"https:\/\/www.uartes.edu.ec\/sitio\/?p=61997"},"modified":"2024-09-20T14:16:10","modified_gmt":"2024-09-20T19:16:10","slug":"luis-chenche-llevo-al-maac-subversion-estructuras-mas-alla-de-lo-visible-el-artista-radicado-en-paris-se-graduo-en-la-uartes","status":"publish","type":"post","link":"https:\/\/www.uartes.edu.ec\/sitio\/en\/blog\/2024\/09\/16\/luis-chenche-llevo-al-maac-subversion-estructuras-mas-alla-de-lo-visible-el-artista-radicado-en-paris-se-graduo-en-la-uartes\/","title":{"rendered":"Luis Chenche llev\u00f3 al MAAC \u201cSubversi\u00f3n: Estructuras m\u00e1s all\u00e1 de lo visible\u201d; el artista radicado en Par\u00eds se gradu\u00f3 en la UArtes"},"content":{"rendered":"<p>En el 2016, Luis Chenche particip\u00f3 en la Bienal de Cuenca y obtuvo un premio para hacer una residencia en Par\u00eds. Se fue en 2017 y de regreso al pa\u00eds realiz\u00f3 en 2019 su exposici\u00f3n de grado y la respectiva defensa de su tesis, gradu\u00e1ndose en ese a\u00f1o en la Escuela de Artes Visuales de la Universidad de las Artes, menci\u00f3n Pintura. Tuvo luego la oportunidad de volver a Francia para estudiar una maestr\u00eda sobre investigaci\u00f3n art\u00edstica y creaci\u00f3n contempor\u00e1nea, lo cual le ha permitido desarrollar mucho m\u00e1s sus indagaciones.<\/p>\n\n\n\n<p>Sus intereses en la investigaci\u00f3n art\u00edstica se han vuelto m\u00e1s evidentes en sus procesos creativos y acercamiento al trabajo de la l\u00ednea y del dibujo. Se refuerzan m\u00e1s y hace piezas con una escala desafiante, permiti\u00e9ndole tener niveles de perspectiva.&nbsp;En su obra, Luis Chenche explora y resignifica espacios urbanos no oficiales, como ruinas y escombros. Utiliza medios diversos \u2013pintura, instalaci\u00f3n, fotograf\u00eda, video y dibujos\u2013 con un enfoque en el detallismo propio de la tipograf\u00eda.<\/p>\n\n\n\n<p>Luis Chenche se encuentra en el pa\u00eds y el pasado 5 de septiembre inaugur\u00f3 en una de las salas del Museo Antropol\u00f3gico y de Arte Contempor\u00e1neo (MAAC) la exposici\u00f3n \u201cSubversi\u00f3n: Estructuras m\u00e1s all\u00e1 de lo visible\u201d, que se mantendr\u00e1 hasta el 3 de noviembre pr\u00f3ximo. Anota que presenta su obra por invitaci\u00f3n de la Fundaci\u00f3n Eacheve, a la que agradece por la confianza, as\u00ed como los esfuerzos que hace por apoyar, incentivar y promover el trabajo de artistas ecuatorianos que est\u00e1n dentro y fuera del pa\u00eds.<\/p>\n\n\n<div class=\"wp-block-image\">\n<figure class=\"aligncenter size-large\"><img fetchpriority=\"high\" decoding=\"async\" width=\"644\" height=\"429\" src=\"https:\/\/www.uartes.edu.ec\/sitio\/wp-content\/uploads\/2024\/09\/02-CHENCHE-644x429.jpg\" alt=\"\" class=\"wp-image-62005\" srcset=\"https:\/\/www.uartes.edu.ec\/sitio\/wp-content\/uploads\/2024\/09\/02-CHENCHE-644x429.jpg 644w, https:\/\/www.uartes.edu.ec\/sitio\/wp-content\/uploads\/2024\/09\/02-CHENCHE-300x200.jpg 300w, https:\/\/www.uartes.edu.ec\/sitio\/wp-content\/uploads\/2024\/09\/02-CHENCHE-768x512.jpg 768w, https:\/\/www.uartes.edu.ec\/sitio\/wp-content\/uploads\/2024\/09\/02-CHENCHE-1536x1024.jpg 1536w, https:\/\/www.uartes.edu.ec\/sitio\/wp-content\/uploads\/2024\/09\/02-CHENCHE-18x12.jpg 18w, https:\/\/www.uartes.edu.ec\/sitio\/wp-content\/uploads\/2024\/09\/02-CHENCHE-600x400.jpg 600w, https:\/\/www.uartes.edu.ec\/sitio\/wp-content\/uploads\/2024\/09\/02-CHENCHE-400x267.jpg 400w, https:\/\/www.uartes.edu.ec\/sitio\/wp-content\/uploads\/2024\/09\/02-CHENCHE-272x182.jpg 272w, https:\/\/www.uartes.edu.ec\/sitio\/wp-content\/uploads\/2024\/09\/02-CHENCHE.jpg 2000w\" sizes=\"(max-width: 644px) 100vw, 644px\" \/><\/figure>\n<\/div>\n\n\n<p>La curadora de la muestra del artista graduado UArtes es la alumnus Ivanna Santoro, quien, en el texto curatorial del despegable que recibe el visitante al entrar en la sala del MAAC, se\u00f1ala que resulta estimulante adentrarse en el coraz\u00f3n de la contradicci\u00f3n \u201cpara orientarnos en la \u2018Subversi\u00f3n: Estructuras m\u00e1s all\u00e1 de lo visible\u2019. Su t\u00edtulo deviene enclave de ese horizonte cruzado entre aquello que vemos y lo que podemos imaginar y resignificar, siempre que estemos dispuestos a comprender el valor de nuevas perspectivas\u201d.<\/p>\n\n\n\n<p>\u201cMe alegra much\u00edsimo tener ese tipo de energ\u00eda que son muy comprometidas\u201d, refiere Luis Chenche, haciendo referencia a la Fundaci\u00f3n Eacheve y a Ivanna Santoro. \u201cSon energ\u00edas que se requieren para este tipo de exposiciones y mucha disciplina\u201d, agrega, revelando que para la muestra ten\u00eda dos piezas, las cuales centraliz\u00f3 en el espacio expositivo y acompa\u00f1\u00f3 con dos piezas de la Bienal de Cuenca, as\u00ed como de un video realizado en Par\u00eds, otros dibujos y reflexiones y una pieza m\u00e1s inmersiva, ubicada en tres paredes de la sala del MAAC.<\/p>\n\n\n\n<p>Estas piezas son envolventes y el visitante al acercarse y alejarse puede descubrir elementos que en primer plano se vuelven ca\u00f3ticos. Su propuesta es, justamente, hacer una subversi\u00f3n coadyuvada por la cercan\u00eda y el alejamiento que lleva a explorar y encontrar elementos, a detenerse en el andar. \u201cA detenernos en una sociedad que parece vivir en una aceleraci\u00f3n importante que impide no solo parar, sino reflexionar. Estas obras procuran tener ese espacio de reflexi\u00f3n. Subversi\u00f3n es tener otra cara que de momento damos por sentado y que, de repente, al acercarnos nos lleva a encontrar muchos m\u00e1s detalles\u201d.<\/p>\n\n\n<div class=\"wp-block-image\">\n<figure class=\"aligncenter size-large\"><img decoding=\"async\" width=\"644\" height=\"429\" src=\"https:\/\/www.uartes.edu.ec\/sitio\/wp-content\/uploads\/2024\/09\/05-CHENCHE-644x429.jpg\" alt=\"\" class=\"wp-image-62007\" srcset=\"https:\/\/www.uartes.edu.ec\/sitio\/wp-content\/uploads\/2024\/09\/05-CHENCHE-644x429.jpg 644w, https:\/\/www.uartes.edu.ec\/sitio\/wp-content\/uploads\/2024\/09\/05-CHENCHE-300x200.jpg 300w, https:\/\/www.uartes.edu.ec\/sitio\/wp-content\/uploads\/2024\/09\/05-CHENCHE-768x512.jpg 768w, https:\/\/www.uartes.edu.ec\/sitio\/wp-content\/uploads\/2024\/09\/05-CHENCHE-1536x1024.jpg 1536w, https:\/\/www.uartes.edu.ec\/sitio\/wp-content\/uploads\/2024\/09\/05-CHENCHE-18x12.jpg 18w, https:\/\/www.uartes.edu.ec\/sitio\/wp-content\/uploads\/2024\/09\/05-CHENCHE-600x400.jpg 600w, https:\/\/www.uartes.edu.ec\/sitio\/wp-content\/uploads\/2024\/09\/05-CHENCHE-400x267.jpg 400w, https:\/\/www.uartes.edu.ec\/sitio\/wp-content\/uploads\/2024\/09\/05-CHENCHE-272x182.jpg 272w, https:\/\/www.uartes.edu.ec\/sitio\/wp-content\/uploads\/2024\/09\/05-CHENCHE.jpg 2000w\" sizes=\"(max-width: 644px) 100vw, 644px\" \/><\/figure>\n<\/div>\n\n\n<p>De la muestra, la curadora Ivanna Santoro se\u00f1ala que la l\u00ednea entre lo visible y lo invisible se difumina, permitiendo ver m\u00e1s all\u00e1 de lo evidente. \u201cLe otorga di\u00e1logo a espacios e im\u00e1genes de la ciudad desconectados de sus funciones iniciales, pero resignificados en nuestra mirada, buscando, quiz\u00e1s, esas capas previas que, en su momento, tambi\u00e9n se erigieron con la promesa del futuro en sus bases\u201d.<\/p>\n\n\n\n<p>La curadora agrega que las l\u00edneas de Luis Chenche, como hilos del tiempo, \u201cnos gu\u00edan a trav\u00e9s de un paisaje donde cada ruina guarda una promesa de relectura si sabemos acercarnos a ella con detenimiento, y cada estructura es un disparador de cuestionamientos\u201d.<\/p>\n\n\n\n<p>Naci\u00f3 en Guayaquil y ha pasado los \u00faltimos cinco a\u00f1os trabajando desde Par\u00eds, experiencia que le ha permitido a Luis Chenche desarrollar una estrategia art\u00edstica comparativa de las din\u00e1micas urbanas de estas dos ciudades. En el uso de sus l\u00edneas topogr\u00e1ficas muestra y cuestiona la fragilidad de las estructuras f\u00edsicas y, por extensi\u00f3n, las sociales, siempre como visiones de las debilidades de las ciudades modernas o sus espacios ruinosos.<\/p>\n\n\n\n<p>De su trabajo art\u00edstico, el artista comenta que en la misma UArtes tuvo exposiciones que le llevaron a explorar formatos m\u00e1s grandes en paredes, haciendo lo mismo en varios espacios de Par\u00eds e incluso de otros pa\u00edses. Esto le ha permitido tener un portafolio que va creciendo y mostrando piezas. En 2021 particip\u00f3 en la BienalSur, lo cual indica mencionar no solo por su relevancia, sino porque son las bienales y otros eventos en los que ha intervenido los que han contribuido a su formaci\u00f3n y a ganar solidez con obras como la que llev\u00f3 al MAAC.<\/p>\n\n\n\n<p>En Ecuador, Luis Chenche est\u00e1 de pasada. Confiesa que vino solo para la muestra que tiene en el MAAC y que retornar\u00e1 a Par\u00eds para continuar con su trabajo art\u00edstico. <\/p>\n\n\n<div class=\"wp-block-image\">\n<figure class=\"aligncenter size-large\"><img decoding=\"async\" width=\"644\" height=\"429\" src=\"https:\/\/www.uartes.edu.ec\/sitio\/wp-content\/uploads\/2024\/09\/07-IVANA-SANTORO-644x429.jpg\" alt=\"\" class=\"wp-image-62006\" srcset=\"https:\/\/www.uartes.edu.ec\/sitio\/wp-content\/uploads\/2024\/09\/07-IVANA-SANTORO-644x429.jpg 644w, https:\/\/www.uartes.edu.ec\/sitio\/wp-content\/uploads\/2024\/09\/07-IVANA-SANTORO-300x200.jpg 300w, https:\/\/www.uartes.edu.ec\/sitio\/wp-content\/uploads\/2024\/09\/07-IVANA-SANTORO-768x512.jpg 768w, https:\/\/www.uartes.edu.ec\/sitio\/wp-content\/uploads\/2024\/09\/07-IVANA-SANTORO-1536x1024.jpg 1536w, https:\/\/www.uartes.edu.ec\/sitio\/wp-content\/uploads\/2024\/09\/07-IVANA-SANTORO-18x12.jpg 18w, https:\/\/www.uartes.edu.ec\/sitio\/wp-content\/uploads\/2024\/09\/07-IVANA-SANTORO-600x400.jpg 600w, https:\/\/www.uartes.edu.ec\/sitio\/wp-content\/uploads\/2024\/09\/07-IVANA-SANTORO-400x267.jpg 400w, https:\/\/www.uartes.edu.ec\/sitio\/wp-content\/uploads\/2024\/09\/07-IVANA-SANTORO-272x182.jpg 272w, https:\/\/www.uartes.edu.ec\/sitio\/wp-content\/uploads\/2024\/09\/07-IVANA-SANTORO.jpg 2000w\" sizes=\"(max-width: 644px) 100vw, 644px\" \/><\/figure>\n<\/div>\n\n\n<p>Texto y fotos: Carmen Cortez\/Dircom. En las im\u00e1genes, la muestra de Luis Chenche en el MAAC, donde permanecer\u00e1 hasta el 3 de noviembre pr\u00f3ximo. Sobre estas l\u00edneas el artista junto a la curadora de su obra, Ivanna Santoro.<\/p>","protected":false},"excerpt":{"rendered":"<p>En 2019 obtuvo la licenciatura en Artes Visuales en la UArtes y viaj\u00f3 a Par\u00eds para cursar una maestr\u00eda en investigaci\u00f3n art\u00edstica y creaci\u00f3n contempor\u00e1nea. Luis Chenche volvi\u00f3 al pa\u00eds para inaugurar en el MAAC la exposici\u00f3n \u201cSubversi\u00f3n: Estructuras m\u00e1s all\u00e1 de lo visible\u201d, a la que su curadora, la alumnus Ivanna Santoro, se\u00f1ala como un espacio de reflexi\u00f3n que transforma las contradicciones en posibilidades de re-conocimiento.<\/p>","protected":false},"author":10,"featured_media":62004,"comment_status":"open","ping_status":"open","sticky":false,"template":"","format":"standard","meta":{"_acf_changed":false,"_uag_custom_page_level_css":"","_monsterinsights_skip_tracking":false,"_monsterinsights_sitenote_active":false,"_monsterinsights_sitenote_note":"","_monsterinsights_sitenote_category":0,"cybocfi_hide_featured_image":"","footnotes":""},"categories":[490,82,157],"tags":[1274],"infouartes":[],"class_list":["post-61997","post","type-post","status-publish","format-standard","has-post-thumbnail","hentry","category-alumni","category-artes","category-artes-visuales","tag-graduado"],"acf":[],"yoast_head":"<!-- This site is optimized with the Yoast SEO plugin v27.4 - https:\/\/yoast.com\/product\/yoast-seo-wordpress\/ -->\n<title>Universidad de las Artes - Luis Chenche llev\u00f3 al MAAC \u201cSubversi\u00f3n: Estructuras m\u00e1s all\u00e1 de lo visible\u201d; el artista radicado en Par\u00eds se gradu\u00f3 en la UArtes<\/title>\n<meta name=\"description\" content=\"Universidad de las Artes - Luis Chenche llev\u00f3 al MAAC \u201cSubversi\u00f3n: Estructuras m\u00e1s all\u00e1 de lo visible\u201d; el artista radicado en Par\u00eds se gradu\u00f3 en la UArtes\" \/>\n<meta name=\"robots\" content=\"index, follow, max-snippet:-1, max-image-preview:large, max-video-preview:-1\" \/>\n<link rel=\"canonical\" href=\"https:\/\/www.uartes.edu.ec\/sitio\/en\/blog\/2024\/09\/16\/luis-chenche-llevo-al-maac-subversion-estructuras-mas-alla-de-lo-visible-el-artista-radicado-en-paris-se-graduo-en-la-uartes\/\" \/>\n<meta property=\"og:locale\" content=\"en_US\" \/>\n<meta property=\"og:type\" content=\"article\" \/>\n<meta property=\"og:title\" content=\"Universidad de las Artes - Luis Chenche llev\u00f3 al MAAC \u201cSubversi\u00f3n: Estructuras m\u00e1s all\u00e1 de lo visible\u201d; el artista radicado en Par\u00eds se gradu\u00f3 en la UArtes\" \/>\n<meta property=\"og:description\" content=\"Universidad de las Artes - Luis Chenche llev\u00f3 al MAAC \u201cSubversi\u00f3n: Estructuras m\u00e1s all\u00e1 de lo visible\u201d; el artista radicado en Par\u00eds se gradu\u00f3 en la UArtes\" \/>\n<meta property=\"og:url\" content=\"https:\/\/www.uartes.edu.ec\/sitio\/en\/blog\/2024\/09\/16\/luis-chenche-llevo-al-maac-subversion-estructuras-mas-alla-de-lo-visible-el-artista-radicado-en-paris-se-graduo-en-la-uartes\/\" \/>\n<meta property=\"og:site_name\" content=\"Universidad de las Artes\" \/>\n<meta property=\"article:publisher\" content=\"https:\/\/www.facebook.com\/uartesec\" \/>\n<meta property=\"article:published_time\" content=\"2024-09-16T17:33:36+00:00\" \/>\n<meta property=\"article:modified_time\" content=\"2024-09-20T19:16:10+00:00\" \/>\n<meta property=\"og:image\" content=\"https:\/\/www.uartes.edu.ec\/sitio\/wp-content\/uploads\/2024\/09\/03-CHENCHE.jpg\" \/>\n\t<meta property=\"og:image:width\" content=\"2000\" \/>\n\t<meta property=\"og:image:height\" content=\"1333\" \/>\n\t<meta property=\"og:image:type\" content=\"image\/jpeg\" \/>\n<meta name=\"author\" content=\"ccortez\" \/>\n<meta name=\"twitter:card\" content=\"summary_large_image\" \/>\n<meta name=\"twitter:creator\" content=\"@uartesec\" \/>\n<meta name=\"twitter:site\" content=\"@uartesec\" \/>\n<meta name=\"twitter:label1\" content=\"Written by\" \/>\n\t<meta name=\"twitter:data1\" content=\"ccortez\" \/>\n\t<meta name=\"twitter:label2\" content=\"Est. reading time\" \/>\n\t<meta name=\"twitter:data2\" content=\"5 minutes\" \/>\n<script type=\"application\/ld+json\" class=\"yoast-schema-graph\">{\"@context\":\"https:\\\/\\\/schema.org\",\"@graph\":[{\"@type\":\"Article\",\"@id\":\"https:\\\/\\\/www.uartes.edu.ec\\\/sitio\\\/en\\\/blog\\\/2024\\\/09\\\/16\\\/luis-chenche-llevo-al-maac-subversion-estructuras-mas-alla-de-lo-visible-el-artista-radicado-en-paris-se-graduo-en-la-uartes\\\/#article\",\"isPartOf\":{\"@id\":\"https:\\\/\\\/www.uartes.edu.ec\\\/sitio\\\/en\\\/blog\\\/2024\\\/09\\\/16\\\/luis-chenche-llevo-al-maac-subversion-estructuras-mas-alla-de-lo-visible-el-artista-radicado-en-paris-se-graduo-en-la-uartes\\\/\"},\"author\":{\"name\":\"ccortez\",\"@id\":\"https:\\\/\\\/www.uartes.edu.ec\\\/sitio\\\/en\\\/#\\\/schema\\\/person\\\/efa1b8275797664fd7f13a79ccc0b1f4\"},\"headline\":\"Luis Chenche llev\u00f3 al MAAC \u201cSubversi\u00f3n: Estructuras m\u00e1s all\u00e1 de lo visible\u201d; el artista radicado en Par\u00eds se gradu\u00f3 en la UArtes\",\"datePublished\":\"2024-09-16T17:33:36+00:00\",\"dateModified\":\"2024-09-20T19:16:10+00:00\",\"mainEntityOfPage\":{\"@id\":\"https:\\\/\\\/www.uartes.edu.ec\\\/sitio\\\/en\\\/blog\\\/2024\\\/09\\\/16\\\/luis-chenche-llevo-al-maac-subversion-estructuras-mas-alla-de-lo-visible-el-artista-radicado-en-paris-se-graduo-en-la-uartes\\\/\"},\"wordCount\":966,\"commentCount\":0,\"publisher\":{\"@id\":\"https:\\\/\\\/www.uartes.edu.ec\\\/sitio\\\/en\\\/#organization\"},\"image\":{\"@id\":\"https:\\\/\\\/www.uartes.edu.ec\\\/sitio\\\/en\\\/blog\\\/2024\\\/09\\\/16\\\/luis-chenche-llevo-al-maac-subversion-estructuras-mas-alla-de-lo-visible-el-artista-radicado-en-paris-se-graduo-en-la-uartes\\\/#primaryimage\"},\"thumbnailUrl\":\"https:\\\/\\\/www.uartes.edu.ec\\\/sitio\\\/wp-content\\\/uploads\\\/2024\\\/09\\\/03-CHENCHE.jpg\",\"keywords\":[\"graduado\"],\"articleSection\":[\"Alumni\",\"Artes\",\"Artes Visuales\"],\"inLanguage\":\"en-US\",\"potentialAction\":[{\"@type\":\"CommentAction\",\"name\":\"Comment\",\"target\":[\"https:\\\/\\\/www.uartes.edu.ec\\\/sitio\\\/en\\\/blog\\\/2024\\\/09\\\/16\\\/luis-chenche-llevo-al-maac-subversion-estructuras-mas-alla-de-lo-visible-el-artista-radicado-en-paris-se-graduo-en-la-uartes\\\/#respond\"]}]},{\"@type\":[\"WebPage\",\"ItemPage\"],\"@id\":\"https:\\\/\\\/www.uartes.edu.ec\\\/sitio\\\/en\\\/blog\\\/2024\\\/09\\\/16\\\/luis-chenche-llevo-al-maac-subversion-estructuras-mas-alla-de-lo-visible-el-artista-radicado-en-paris-se-graduo-en-la-uartes\\\/\",\"url\":\"https:\\\/\\\/www.uartes.edu.ec\\\/sitio\\\/en\\\/blog\\\/2024\\\/09\\\/16\\\/luis-chenche-llevo-al-maac-subversion-estructuras-mas-alla-de-lo-visible-el-artista-radicado-en-paris-se-graduo-en-la-uartes\\\/\",\"name\":\"Universidad de las Artes - Luis Chenche llev\u00f3 al MAAC \u201cSubversi\u00f3n: Estructuras m\u00e1s all\u00e1 de lo visible\u201d; el artista radicado en Par\u00eds se gradu\u00f3 en la UArtes\",\"isPartOf\":{\"@id\":\"https:\\\/\\\/www.uartes.edu.ec\\\/sitio\\\/en\\\/#website\"},\"primaryImageOfPage\":{\"@id\":\"https:\\\/\\\/www.uartes.edu.ec\\\/sitio\\\/en\\\/blog\\\/2024\\\/09\\\/16\\\/luis-chenche-llevo-al-maac-subversion-estructuras-mas-alla-de-lo-visible-el-artista-radicado-en-paris-se-graduo-en-la-uartes\\\/#primaryimage\"},\"image\":{\"@id\":\"https:\\\/\\\/www.uartes.edu.ec\\\/sitio\\\/en\\\/blog\\\/2024\\\/09\\\/16\\\/luis-chenche-llevo-al-maac-subversion-estructuras-mas-alla-de-lo-visible-el-artista-radicado-en-paris-se-graduo-en-la-uartes\\\/#primaryimage\"},\"thumbnailUrl\":\"https:\\\/\\\/www.uartes.edu.ec\\\/sitio\\\/wp-content\\\/uploads\\\/2024\\\/09\\\/03-CHENCHE.jpg\",\"datePublished\":\"2024-09-16T17:33:36+00:00\",\"dateModified\":\"2024-09-20T19:16:10+00:00\",\"description\":\"Universidad de las Artes - Luis Chenche llev\u00f3 al MAAC \u201cSubversi\u00f3n: Estructuras m\u00e1s all\u00e1 de lo visible\u201d; el artista radicado en Par\u00eds se gradu\u00f3 en la UArtes\",\"breadcrumb\":{\"@id\":\"https:\\\/\\\/www.uartes.edu.ec\\\/sitio\\\/en\\\/blog\\\/2024\\\/09\\\/16\\\/luis-chenche-llevo-al-maac-subversion-estructuras-mas-alla-de-lo-visible-el-artista-radicado-en-paris-se-graduo-en-la-uartes\\\/#breadcrumb\"},\"inLanguage\":\"en-US\",\"potentialAction\":[{\"@type\":\"ReadAction\",\"target\":[\"https:\\\/\\\/www.uartes.edu.ec\\\/sitio\\\/en\\\/blog\\\/2024\\\/09\\\/16\\\/luis-chenche-llevo-al-maac-subversion-estructuras-mas-alla-de-lo-visible-el-artista-radicado-en-paris-se-graduo-en-la-uartes\\\/\"]}]},{\"@type\":\"ImageObject\",\"inLanguage\":\"en-US\",\"@id\":\"https:\\\/\\\/www.uartes.edu.ec\\\/sitio\\\/en\\\/blog\\\/2024\\\/09\\\/16\\\/luis-chenche-llevo-al-maac-subversion-estructuras-mas-alla-de-lo-visible-el-artista-radicado-en-paris-se-graduo-en-la-uartes\\\/#primaryimage\",\"url\":\"https:\\\/\\\/www.uartes.edu.ec\\\/sitio\\\/wp-content\\\/uploads\\\/2024\\\/09\\\/03-CHENCHE.jpg\",\"contentUrl\":\"https:\\\/\\\/www.uartes.edu.ec\\\/sitio\\\/wp-content\\\/uploads\\\/2024\\\/09\\\/03-CHENCHE.jpg\",\"width\":2000,\"height\":1333},{\"@type\":\"BreadcrumbList\",\"@id\":\"https:\\\/\\\/www.uartes.edu.ec\\\/sitio\\\/en\\\/blog\\\/2024\\\/09\\\/16\\\/luis-chenche-llevo-al-maac-subversion-estructuras-mas-alla-de-lo-visible-el-artista-radicado-en-paris-se-graduo-en-la-uartes\\\/#breadcrumb\",\"itemListElement\":[{\"@type\":\"ListItem\",\"position\":1,\"name\":\"Inicio\",\"item\":\"https:\\\/\\\/www.uartes.edu.ec\\\/sitio\\\/\"},{\"@type\":\"ListItem\",\"position\":2,\"name\":\"Luis Chenche llev\u00f3 al MAAC \u201cSubversi\u00f3n: Estructuras m\u00e1s all\u00e1 de lo visible\u201d; el artista radicado en Par\u00eds se gradu\u00f3 en la UArtes\"}]},{\"@type\":\"WebSite\",\"@id\":\"https:\\\/\\\/www.uartes.edu.ec\\\/sitio\\\/en\\\/#website\",\"url\":\"https:\\\/\\\/www.uartes.edu.ec\\\/sitio\\\/en\\\/\",\"name\":\"Universidad de las Artes\",\"description\":\"Sitio oficial de la Universidad Nacional de las Artes del Ecuador\",\"publisher\":{\"@id\":\"https:\\\/\\\/www.uartes.edu.ec\\\/sitio\\\/en\\\/#organization\"},\"potentialAction\":[{\"@type\":\"SearchAction\",\"target\":{\"@type\":\"EntryPoint\",\"urlTemplate\":\"https:\\\/\\\/www.uartes.edu.ec\\\/sitio\\\/en\\\/?s={search_term_string}\"},\"query-input\":{\"@type\":\"PropertyValueSpecification\",\"valueRequired\":true,\"valueName\":\"search_term_string\"}}],\"inLanguage\":\"en-US\"},{\"@type\":\"Organization\",\"@id\":\"https:\\\/\\\/www.uartes.edu.ec\\\/sitio\\\/en\\\/#organization\",\"name\":\"Universidad de las Artes\",\"url\":\"https:\\\/\\\/www.uartes.edu.ec\\\/sitio\\\/en\\\/\",\"logo\":{\"@type\":\"ImageObject\",\"inLanguage\":\"en-US\",\"@id\":\"https:\\\/\\\/www.uartes.edu.ec\\\/sitio\\\/en\\\/#\\\/schema\\\/logo\\\/image\\\/\",\"url\":\"https:\\\/\\\/www.uartes.edu.ec\\\/sitio\\\/wp-content\\\/uploads\\\/2022\\\/07\\\/logo-ua-horizontal.png\",\"contentUrl\":\"https:\\\/\\\/www.uartes.edu.ec\\\/sitio\\\/wp-content\\\/uploads\\\/2022\\\/07\\\/logo-ua-horizontal.png\",\"width\":800,\"height\":276,\"caption\":\"Universidad de las Artes\"},\"image\":{\"@id\":\"https:\\\/\\\/www.uartes.edu.ec\\\/sitio\\\/en\\\/#\\\/schema\\\/logo\\\/image\\\/\"},\"sameAs\":[\"https:\\\/\\\/www.facebook.com\\\/uartesec\",\"https:\\\/\\\/x.com\\\/uartesec\",\"https:\\\/\\\/www.tiktok.com\\\/@uartesec\"]},{\"@type\":\"Person\",\"@id\":\"https:\\\/\\\/www.uartes.edu.ec\\\/sitio\\\/en\\\/#\\\/schema\\\/person\\\/efa1b8275797664fd7f13a79ccc0b1f4\",\"name\":\"ccortez\",\"image\":{\"@type\":\"ImageObject\",\"inLanguage\":\"en-US\",\"@id\":\"https:\\\/\\\/secure.gravatar.com\\\/avatar\\\/b2a6f664a3ae8e074346ef91775736c5ec479e637ecced6842de9dc98b5da9cd?s=96&d=mm&r=g\",\"url\":\"https:\\\/\\\/secure.gravatar.com\\\/avatar\\\/b2a6f664a3ae8e074346ef91775736c5ec479e637ecced6842de9dc98b5da9cd?s=96&d=mm&r=g\",\"contentUrl\":\"https:\\\/\\\/secure.gravatar.com\\\/avatar\\\/b2a6f664a3ae8e074346ef91775736c5ec479e637ecced6842de9dc98b5da9cd?s=96&d=mm&r=g\",\"caption\":\"ccortez\"},\"url\":\"https:\\\/\\\/www.uartes.edu.ec\\\/sitio\\\/en\\\/blog\\\/author\\\/ccortez\\\/\"}]}<\/script>\n<!-- \/ Yoast SEO plugin. -->","yoast_head_json":{"title":"Universidad de las Artes - Luis Chenche llev\u00f3 al MAAC \u201cSubversi\u00f3n: Estructuras m\u00e1s all\u00e1 de lo visible\u201d; el artista radicado en Par\u00eds se gradu\u00f3 en la UArtes","description":"Universidad de las Artes - Luis Chenche llev\u00f3 al MAAC \u201cSubversi\u00f3n: Estructuras m\u00e1s all\u00e1 de lo visible\u201d; el artista radicado en Par\u00eds se gradu\u00f3 en la UArtes","robots":{"index":"index","follow":"follow","max-snippet":"max-snippet:-1","max-image-preview":"max-image-preview:large","max-video-preview":"max-video-preview:-1"},"canonical":"https:\/\/www.uartes.edu.ec\/sitio\/en\/blog\/2024\/09\/16\/luis-chenche-llevo-al-maac-subversion-estructuras-mas-alla-de-lo-visible-el-artista-radicado-en-paris-se-graduo-en-la-uartes\/","og_locale":"en_US","og_type":"article","og_title":"Universidad de las Artes - Luis Chenche llev\u00f3 al MAAC \u201cSubversi\u00f3n: Estructuras m\u00e1s all\u00e1 de lo visible\u201d; el artista radicado en Par\u00eds se gradu\u00f3 en la UArtes","og_description":"Universidad de las Artes - Luis Chenche llev\u00f3 al MAAC \u201cSubversi\u00f3n: Estructuras m\u00e1s all\u00e1 de lo visible\u201d; el artista radicado en Par\u00eds se gradu\u00f3 en la UArtes","og_url":"https:\/\/www.uartes.edu.ec\/sitio\/en\/blog\/2024\/09\/16\/luis-chenche-llevo-al-maac-subversion-estructuras-mas-alla-de-lo-visible-el-artista-radicado-en-paris-se-graduo-en-la-uartes\/","og_site_name":"Universidad de las Artes","article_publisher":"https:\/\/www.facebook.com\/uartesec","article_published_time":"2024-09-16T17:33:36+00:00","article_modified_time":"2024-09-20T19:16:10+00:00","og_image":[{"width":2000,"height":1333,"url":"https:\/\/www.uartes.edu.ec\/sitio\/wp-content\/uploads\/2024\/09\/03-CHENCHE.jpg","type":"image\/jpeg"}],"author":"ccortez","twitter_card":"summary_large_image","twitter_creator":"@uartesec","twitter_site":"@uartesec","twitter_misc":{"Written by":"ccortez","Est. reading time":"5 minutes"},"schema":{"@context":"https:\/\/schema.org","@graph":[{"@type":"Article","@id":"https:\/\/www.uartes.edu.ec\/sitio\/en\/blog\/2024\/09\/16\/luis-chenche-llevo-al-maac-subversion-estructuras-mas-alla-de-lo-visible-el-artista-radicado-en-paris-se-graduo-en-la-uartes\/#article","isPartOf":{"@id":"https:\/\/www.uartes.edu.ec\/sitio\/en\/blog\/2024\/09\/16\/luis-chenche-llevo-al-maac-subversion-estructuras-mas-alla-de-lo-visible-el-artista-radicado-en-paris-se-graduo-en-la-uartes\/"},"author":{"name":"ccortez","@id":"https:\/\/www.uartes.edu.ec\/sitio\/en\/#\/schema\/person\/efa1b8275797664fd7f13a79ccc0b1f4"},"headline":"Luis Chenche llev\u00f3 al MAAC \u201cSubversi\u00f3n: Estructuras m\u00e1s all\u00e1 de lo visible\u201d; el artista radicado en Par\u00eds se gradu\u00f3 en la UArtes","datePublished":"2024-09-16T17:33:36+00:00","dateModified":"2024-09-20T19:16:10+00:00","mainEntityOfPage":{"@id":"https:\/\/www.uartes.edu.ec\/sitio\/en\/blog\/2024\/09\/16\/luis-chenche-llevo-al-maac-subversion-estructuras-mas-alla-de-lo-visible-el-artista-radicado-en-paris-se-graduo-en-la-uartes\/"},"wordCount":966,"commentCount":0,"publisher":{"@id":"https:\/\/www.uartes.edu.ec\/sitio\/en\/#organization"},"image":{"@id":"https:\/\/www.uartes.edu.ec\/sitio\/en\/blog\/2024\/09\/16\/luis-chenche-llevo-al-maac-subversion-estructuras-mas-alla-de-lo-visible-el-artista-radicado-en-paris-se-graduo-en-la-uartes\/#primaryimage"},"thumbnailUrl":"https:\/\/www.uartes.edu.ec\/sitio\/wp-content\/uploads\/2024\/09\/03-CHENCHE.jpg","keywords":["graduado"],"articleSection":["Alumni","Artes","Artes Visuales"],"inLanguage":"en-US","potentialAction":[{"@type":"CommentAction","name":"Comment","target":["https:\/\/www.uartes.edu.ec\/sitio\/en\/blog\/2024\/09\/16\/luis-chenche-llevo-al-maac-subversion-estructuras-mas-alla-de-lo-visible-el-artista-radicado-en-paris-se-graduo-en-la-uartes\/#respond"]}]},{"@type":["WebPage","ItemPage"],"@id":"https:\/\/www.uartes.edu.ec\/sitio\/en\/blog\/2024\/09\/16\/luis-chenche-llevo-al-maac-subversion-estructuras-mas-alla-de-lo-visible-el-artista-radicado-en-paris-se-graduo-en-la-uartes\/","url":"https:\/\/www.uartes.edu.ec\/sitio\/en\/blog\/2024\/09\/16\/luis-chenche-llevo-al-maac-subversion-estructuras-mas-alla-de-lo-visible-el-artista-radicado-en-paris-se-graduo-en-la-uartes\/","name":"Universidad de las Artes - Luis Chenche llev\u00f3 al MAAC \u201cSubversi\u00f3n: Estructuras m\u00e1s all\u00e1 de lo visible\u201d; el artista radicado en Par\u00eds se gradu\u00f3 en la UArtes","isPartOf":{"@id":"https:\/\/www.uartes.edu.ec\/sitio\/en\/#website"},"primaryImageOfPage":{"@id":"https:\/\/www.uartes.edu.ec\/sitio\/en\/blog\/2024\/09\/16\/luis-chenche-llevo-al-maac-subversion-estructuras-mas-alla-de-lo-visible-el-artista-radicado-en-paris-se-graduo-en-la-uartes\/#primaryimage"},"image":{"@id":"https:\/\/www.uartes.edu.ec\/sitio\/en\/blog\/2024\/09\/16\/luis-chenche-llevo-al-maac-subversion-estructuras-mas-alla-de-lo-visible-el-artista-radicado-en-paris-se-graduo-en-la-uartes\/#primaryimage"},"thumbnailUrl":"https:\/\/www.uartes.edu.ec\/sitio\/wp-content\/uploads\/2024\/09\/03-CHENCHE.jpg","datePublished":"2024-09-16T17:33:36+00:00","dateModified":"2024-09-20T19:16:10+00:00","description":"Universidad de las Artes - Luis Chenche llev\u00f3 al MAAC \u201cSubversi\u00f3n: Estructuras m\u00e1s all\u00e1 de lo visible\u201d; el artista radicado en Par\u00eds se gradu\u00f3 en la UArtes","breadcrumb":{"@id":"https:\/\/www.uartes.edu.ec\/sitio\/en\/blog\/2024\/09\/16\/luis-chenche-llevo-al-maac-subversion-estructuras-mas-alla-de-lo-visible-el-artista-radicado-en-paris-se-graduo-en-la-uartes\/#breadcrumb"},"inLanguage":"en-US","potentialAction":[{"@type":"ReadAction","target":["https:\/\/www.uartes.edu.ec\/sitio\/en\/blog\/2024\/09\/16\/luis-chenche-llevo-al-maac-subversion-estructuras-mas-alla-de-lo-visible-el-artista-radicado-en-paris-se-graduo-en-la-uartes\/"]}]},{"@type":"ImageObject","inLanguage":"en-US","@id":"https:\/\/www.uartes.edu.ec\/sitio\/en\/blog\/2024\/09\/16\/luis-chenche-llevo-al-maac-subversion-estructuras-mas-alla-de-lo-visible-el-artista-radicado-en-paris-se-graduo-en-la-uartes\/#primaryimage","url":"https:\/\/www.uartes.edu.ec\/sitio\/wp-content\/uploads\/2024\/09\/03-CHENCHE.jpg","contentUrl":"https:\/\/www.uartes.edu.ec\/sitio\/wp-content\/uploads\/2024\/09\/03-CHENCHE.jpg","width":2000,"height":1333},{"@type":"BreadcrumbList","@id":"https:\/\/www.uartes.edu.ec\/sitio\/en\/blog\/2024\/09\/16\/luis-chenche-llevo-al-maac-subversion-estructuras-mas-alla-de-lo-visible-el-artista-radicado-en-paris-se-graduo-en-la-uartes\/#breadcrumb","itemListElement":[{"@type":"ListItem","position":1,"name":"Inicio","item":"https:\/\/www.uartes.edu.ec\/sitio\/"},{"@type":"ListItem","position":2,"name":"Luis Chenche llev\u00f3 al MAAC \u201cSubversi\u00f3n: Estructuras m\u00e1s all\u00e1 de lo visible\u201d; el artista radicado en Par\u00eds se gradu\u00f3 en la UArtes"}]},{"@type":"WebSite","@id":"https:\/\/www.uartes.edu.ec\/sitio\/en\/#website","url":"https:\/\/www.uartes.edu.ec\/sitio\/en\/","name":"Universidad de las Artes","description":"Sitio oficial de la Universidad Nacional de las Artes del Ecuador","publisher":{"@id":"https:\/\/www.uartes.edu.ec\/sitio\/en\/#organization"},"potentialAction":[{"@type":"SearchAction","target":{"@type":"EntryPoint","urlTemplate":"https:\/\/www.uartes.edu.ec\/sitio\/en\/?s={search_term_string}"},"query-input":{"@type":"PropertyValueSpecification","valueRequired":true,"valueName":"search_term_string"}}],"inLanguage":"en-US"},{"@type":"Organization","@id":"https:\/\/www.uartes.edu.ec\/sitio\/en\/#organization","name":"Universidad de las Artes","url":"https:\/\/www.uartes.edu.ec\/sitio\/en\/","logo":{"@type":"ImageObject","inLanguage":"en-US","@id":"https:\/\/www.uartes.edu.ec\/sitio\/en\/#\/schema\/logo\/image\/","url":"https:\/\/www.uartes.edu.ec\/sitio\/wp-content\/uploads\/2022\/07\/logo-ua-horizontal.png","contentUrl":"https:\/\/www.uartes.edu.ec\/sitio\/wp-content\/uploads\/2022\/07\/logo-ua-horizontal.png","width":800,"height":276,"caption":"Universidad de las Artes"},"image":{"@id":"https:\/\/www.uartes.edu.ec\/sitio\/en\/#\/schema\/logo\/image\/"},"sameAs":["https:\/\/www.facebook.com\/uartesec","https:\/\/x.com\/uartesec","https:\/\/www.tiktok.com\/@uartesec"]},{"@type":"Person","@id":"https:\/\/www.uartes.edu.ec\/sitio\/en\/#\/schema\/person\/efa1b8275797664fd7f13a79ccc0b1f4","name":"ccortez","image":{"@type":"ImageObject","inLanguage":"en-US","@id":"https:\/\/secure.gravatar.com\/avatar\/b2a6f664a3ae8e074346ef91775736c5ec479e637ecced6842de9dc98b5da9cd?s=96&d=mm&r=g","url":"https:\/\/secure.gravatar.com\/avatar\/b2a6f664a3ae8e074346ef91775736c5ec479e637ecced6842de9dc98b5da9cd?s=96&d=mm&r=g","contentUrl":"https:\/\/secure.gravatar.com\/avatar\/b2a6f664a3ae8e074346ef91775736c5ec479e637ecced6842de9dc98b5da9cd?s=96&d=mm&r=g","caption":"ccortez"},"url":"https:\/\/www.uartes.edu.ec\/sitio\/en\/blog\/author\/ccortez\/"}]}},"uagb_featured_image_src":{"full":["https:\/\/www.uartes.edu.ec\/sitio\/wp-content\/uploads\/2024\/09\/03-CHENCHE.jpg",2000,1333,false],"thumbnail":["https:\/\/www.uartes.edu.ec\/sitio\/wp-content\/uploads\/2024\/09\/03-CHENCHE-150x150.jpg",150,150,true],"medium":["https:\/\/www.uartes.edu.ec\/sitio\/wp-content\/uploads\/2024\/09\/03-CHENCHE-300x200.jpg",300,200,true],"medium_large":["https:\/\/www.uartes.edu.ec\/sitio\/wp-content\/uploads\/2024\/09\/03-CHENCHE-768x512.jpg",768,512,true],"large":["https:\/\/www.uartes.edu.ec\/sitio\/wp-content\/uploads\/2024\/09\/03-CHENCHE-644x429.jpg",644,429,true],"1536x1536":["https:\/\/www.uartes.edu.ec\/sitio\/wp-content\/uploads\/2024\/09\/03-CHENCHE-1536x1024.jpg",1536,1024,true],"2048x2048":["https:\/\/www.uartes.edu.ec\/sitio\/wp-content\/uploads\/2024\/09\/03-CHENCHE.jpg",2000,1333,false],"trp-custom-language-flag":["https:\/\/www.uartes.edu.ec\/sitio\/wp-content\/uploads\/2024\/09\/03-CHENCHE-18x12.jpg",18,12,true],"htmega_size_585x295":["https:\/\/www.uartes.edu.ec\/sitio\/wp-content\/uploads\/2024\/09\/03-CHENCHE-585x295.jpg",585,295,true],"htmega_size_1170x536":["https:\/\/www.uartes.edu.ec\/sitio\/wp-content\/uploads\/2024\/09\/03-CHENCHE-1170x536.jpg",1170,536,true],"htmega_size_396x360":["https:\/\/www.uartes.edu.ec\/sitio\/wp-content\/uploads\/2024\/09\/03-CHENCHE-396x360.jpg",396,360,true],"gb-block-post-grid-landscape":["https:\/\/www.uartes.edu.ec\/sitio\/wp-content\/uploads\/2024\/09\/03-CHENCHE-600x400.jpg",600,400,true],"gb-block-post-grid-square":["https:\/\/www.uartes.edu.ec\/sitio\/wp-content\/uploads\/2024\/09\/03-CHENCHE-600x600.jpg",600,600,true],"university-hub-thumb":["https:\/\/www.uartes.edu.ec\/sitio\/wp-content\/uploads\/2024\/09\/03-CHENCHE-400x267.jpg",400,267,true],"mailpoet_newsletter_max":["https:\/\/www.uartes.edu.ec\/sitio\/wp-content\/uploads\/2024\/09\/03-CHENCHE.jpg",1320,880,false]},"uagb_author_info":{"display_name":"ccortez","author_link":"https:\/\/www.uartes.edu.ec\/sitio\/en\/blog\/author\/ccortez\/"},"uagb_comment_info":0,"uagb_excerpt":"En 2019 obtuvo la licenciatura en Artes Visuales en la UArtes y viaj\u00f3 a Par\u00eds para cursar una maestr\u00eda en investigaci\u00f3n art\u00edstica y creaci\u00f3n contempor\u00e1nea. Luis Chenche volvi\u00f3 al pa\u00eds para inaugurar en el MAAC la exposici\u00f3n \u201cSubversi\u00f3n: Estructuras m\u00e1s all\u00e1 de lo visible\u201d, a la que su curadora, la alumnus Ivanna Santoro, se\u00f1ala como&hellip;","featured_image_src":"https:\/\/www.uartes.edu.ec\/sitio\/wp-content\/uploads\/2024\/09\/03-CHENCHE-600x400.jpg","featured_image_src_square":"https:\/\/www.uartes.edu.ec\/sitio\/wp-content\/uploads\/2024\/09\/03-CHENCHE-600x600.jpg","author_info":{"display_name":"ccortez","author_link":"https:\/\/www.uartes.edu.ec\/sitio\/en\/blog\/author\/ccortez\/"},"publishpress_future_workflow_manual_trigger":{"enabledWorkflows":[]},"distributor_meta":false,"distributor_terms":false,"distributor_media":false,"distributor_original_site_name":"Universidad de las Artes","distributor_original_site_url":"https:\/\/www.uartes.edu.ec\/sitio\/en","push-errors":false,"_links":{"self":[{"href":"https:\/\/www.uartes.edu.ec\/sitio\/en\/wp-json\/wp\/v2\/posts\/61997","targetHints":{"allow":["GET"]}}],"collection":[{"href":"https:\/\/www.uartes.edu.ec\/sitio\/en\/wp-json\/wp\/v2\/posts"}],"about":[{"href":"https:\/\/www.uartes.edu.ec\/sitio\/en\/wp-json\/wp\/v2\/types\/post"}],"author":[{"embeddable":true,"href":"https:\/\/www.uartes.edu.ec\/sitio\/en\/wp-json\/wp\/v2\/users\/10"}],"replies":[{"embeddable":true,"href":"https:\/\/www.uartes.edu.ec\/sitio\/en\/wp-json\/wp\/v2\/comments?post=61997"}],"version-history":[{"count":12,"href":"https:\/\/www.uartes.edu.ec\/sitio\/en\/wp-json\/wp\/v2\/posts\/61997\/revisions"}],"predecessor-version":[{"id":62023,"href":"https:\/\/www.uartes.edu.ec\/sitio\/en\/wp-json\/wp\/v2\/posts\/61997\/revisions\/62023"}],"wp:featuredmedia":[{"embeddable":true,"href":"https:\/\/www.uartes.edu.ec\/sitio\/en\/wp-json\/wp\/v2\/media\/62004"}],"wp:attachment":[{"href":"https:\/\/www.uartes.edu.ec\/sitio\/en\/wp-json\/wp\/v2\/media?parent=61997"}],"wp:term":[{"taxonomy":"category","embeddable":true,"href":"https:\/\/www.uartes.edu.ec\/sitio\/en\/wp-json\/wp\/v2\/categories?post=61997"},{"taxonomy":"post_tag","embeddable":true,"href":"https:\/\/www.uartes.edu.ec\/sitio\/en\/wp-json\/wp\/v2\/tags?post=61997"},{"taxonomy":"infouartes","embeddable":true,"href":"https:\/\/www.uartes.edu.ec\/sitio\/en\/wp-json\/wp\/v2\/infouartes?post=61997"}],"curies":[{"name":"wp","href":"https:\/\/api.w.org\/{rel}","templated":true}]}}