{"id":62000,"date":"2024-09-20T14:24:00","date_gmt":"2024-09-20T19:24:00","guid":{"rendered":"https:\/\/www.uartes.edu.ec\/sitio\/?p=62000"},"modified":"2024-09-20T18:06:12","modified_gmt":"2024-09-20T23:06:12","slug":"la-curaduria-inquieto-a-ivanna-santoro-desde-la-primera-clase-de-artes-visuales-en-la-uartes","status":"publish","type":"post","link":"https:\/\/www.uartes.edu.ec\/sitio\/en\/blog\/2024\/09\/20\/la-curaduria-inquieto-a-ivanna-santoro-desde-la-primera-clase-de-artes-visuales-en-la-uartes\/","title":{"rendered":"La curadur\u00eda inquiet\u00f3 a Ivanna Santoro desde su primera clase de Artes Visuales"},"content":{"rendered":"<p>Cuando Ivanna Santoro se gradu\u00f3 en la Escuela de Artes Visuales de la Universidad de las Artes indica que no hab\u00eda los itinerarios que ahora y por ello opt\u00f3 por lo te\u00f3rico.&nbsp;Lo comenta para sustentar que desde que decidi\u00f3 estudiar en la UArtes se interes\u00f3 por la curadur\u00eda y la manera en que se puede llevar a escena la obra de un artista.<\/p>\n\n\n\n<p>\u201cEl curador viene a ser como un c\u00f3mplice del artista en todo el proceso para la exhibici\u00f3n que prev\u00e9 realizar. Siempre me llam\u00f3 la atenci\u00f3n eso y en el libro \u2018Curacionismo\u2019 \u2013del cr\u00edtico, editor y profesor de arte canadiense David Balzer\u2013 recuerdo haber le\u00eddo que era sumamente importante para un curador tener una licenciatura en Artes Visuales, pues tambi\u00e9n toca hacer obra. Es lo que hice durante mi preparaci\u00f3n acad\u00e9mica en la UArtes, aunque siempre insist\u00ed en el empe\u00f1o de hacer curadur\u00eda\u201d, afirma.<\/p>\n\n\n\n<p>Hacer obra le permiti\u00f3 entender la sensibilidad del artista. Lo experiment\u00f3 en ella y lo vio en el trabajo de sus compa\u00f1eros, ayud\u00e1ndola a materializar sus anhelos en la posibilidad de asumir la parte curatorial. Que le gusta mucho enfocarse en la museograf\u00eda, revela, pues considera que los textos de sala tienen que ser amigables para el p\u00fablico en general, llev\u00e1ndolo incluso a plantearse inquietudes; como un peque\u00f1o abrebocas para el cuestionamiento.<\/p>\n\n\n\n<p>La muestra del artista y alumnus Luis Chenche en el MAAC es una de las m\u00e1s recientes exposiciones a las que Ivanna Santoro hizo curadur\u00eda. Se titula \u201cSubversi\u00f3n: Estructuras m\u00e1s all\u00e1 de lo visible\u201d y como se\u00f1ala en su texto curatorial, la propuesta es un espacio de reflexi\u00f3n, donde la l\u00ednea entre lo visible y lo invisible se difumina, permitiendo ver m\u00e1s all\u00e1 de lo evidente. \u201c(\u2026) En el uso de sus l\u00edneas topogr\u00e1ficas muestra y cuestiona la fragilidad de las estructuras f\u00edsicas y, por extensi\u00f3n, las sociales, siempre como visiones de las debilidades de las ciudades modernas o sus espacios ruinosos\u201d.<\/p>\n\n\n<div class=\"wp-block-image\">\n<figure class=\"aligncenter size-large\"><img fetchpriority=\"high\" decoding=\"async\" width=\"644\" height=\"429\" src=\"https:\/\/www.uartes.edu.ec\/sitio\/wp-content\/uploads\/2024\/09\/06-IVANA-SANTORO-644x429.jpg\" alt=\"\" class=\"wp-image-62002\" srcset=\"https:\/\/www.uartes.edu.ec\/sitio\/wp-content\/uploads\/2024\/09\/06-IVANA-SANTORO-644x429.jpg 644w, https:\/\/www.uartes.edu.ec\/sitio\/wp-content\/uploads\/2024\/09\/06-IVANA-SANTORO-300x200.jpg 300w, https:\/\/www.uartes.edu.ec\/sitio\/wp-content\/uploads\/2024\/09\/06-IVANA-SANTORO-768x512.jpg 768w, https:\/\/www.uartes.edu.ec\/sitio\/wp-content\/uploads\/2024\/09\/06-IVANA-SANTORO-1536x1024.jpg 1536w, https:\/\/www.uartes.edu.ec\/sitio\/wp-content\/uploads\/2024\/09\/06-IVANA-SANTORO-18x12.jpg 18w, https:\/\/www.uartes.edu.ec\/sitio\/wp-content\/uploads\/2024\/09\/06-IVANA-SANTORO-600x400.jpg 600w, https:\/\/www.uartes.edu.ec\/sitio\/wp-content\/uploads\/2024\/09\/06-IVANA-SANTORO-400x267.jpg 400w, https:\/\/www.uartes.edu.ec\/sitio\/wp-content\/uploads\/2024\/09\/06-IVANA-SANTORO-272x182.jpg 272w, https:\/\/www.uartes.edu.ec\/sitio\/wp-content\/uploads\/2024\/09\/06-IVANA-SANTORO.jpg 2000w\" sizes=\"(max-width: 644px) 100vw, 644px\" \/><\/figure>\n<\/div>\n\n\n<p>Santoro agrega que en la exposici\u00f3n de Chenche pudo explorar en la museograf\u00eda, utilizando elementos como las estructuras que soportan sus piezas y las maderas recicladas. \u201cHay un di\u00e1logo directo con el espacio donde est\u00e1 siendo expuesta la obra, el MAAC, que tiene parte de su infraestructura en remodelaci\u00f3n, haciendo interesante tomar esos materiales que iban a ser desechados \u2013como pedazos de madera\u2013, para reutilizarlos. Fue una resignificaci\u00f3n de material que son escombros y ruinas\u201d.&nbsp;<\/p>\n\n\n\n<p>La pr\u00e1ctica art\u00edstica de Luis Chenche se inspira mucho en andar y caminar la ciudad \u201cy a eso se invita a quienes acuden a visitar la muestra. Tambi\u00e9n a acercarse, alejarse, mirar, sentarse\u2026\u201d, refiere Santoro, quien ha realizado a la fecha alrededor de diez curadur\u00edas. Entre otras, las muestras de Tue Miranda, en el Museo Nacional del Cacao, y Janio Navarrete, en Espacio Onder. \u201cMi primera curadur\u00eda fue en la UArtes y desde entonces he aprendido mucho. Un mont\u00f3n, dir\u00eda, y me doy cuenta tambi\u00e9n de que (cada curador) tenemos nuestros intereses. Yo vengo tambi\u00e9n del teatro, por ejemplo, y es quiz\u00e1s por ello que considero s\u00faper importante la parte museogr\u00e1fica. Me interesa mucho que la muestra sea m\u00e1s interactiva\u201d. \u00a0<\/p>\n\n\n\n<p>Que no hay que tenerle miedo al arte, expresa Santoro, por cuya raz\u00f3n, como en el caso de \u201cSubversi\u00f3n: Estructuras m\u00e1s all\u00e1 de lo visible\u201d, siempre est\u00e1 invitando al p\u00fablico que visita las exposiciones a recorrerlas. Manifiesta que recientemente estuvo en una exposici\u00f3n de pintura en Quito, lo cual le result\u00f3 un reto porque ya no le resulta tan estimulante ver muestras solo de pintura; se pudo, no obstante, hacer un juego museogr\u00e1fico interesante e inmersivo, al punto de que gente lleg\u00f3 a llorar en la exhibici\u00f3n. \u201cAll\u00ed es cuando veo lo importante que es la puesta en escena para que la pieza de arte se disfrute y analice, y sea un disparador de pensamiento cr\u00edtico\u201d.&nbsp;<\/p>\n\n\n\n<p>Ivanna Santoro tiene 29 a\u00f1os y confiesa que siempre ha trabajado en la producci\u00f3n, lo cual disfruta mucho y la ha llevado a trabajar sin pensarlo mayormente, como en un proceso muy intuitivo. Recientemente hizo un diplomado de educaci\u00f3n art\u00edstica, pero confiesa sentirse en pa\u00f1ales y tener a\u00fan mucho que aprender. \u201cLa museograf\u00eda es un campo que requiere de mucha exploraci\u00f3n\u201d.\u00a0<\/p>\n\n\n\n<p>A los estudiantes que tienen inter\u00e9s por la curadur\u00eda, y de su experiencia, Santoro les indica que como curadores hay muchas formas de hacerlo. \u201cUnos son m\u00e1s hist\u00f3ricos y sit\u00faan al artista en un contexto, otros somos un poco m\u00e1s interactivos e inclinamos por c\u00f3mo se va a vivir la exposici\u00f3n. Adem\u00e1s, creo que hay que lanzarse. La primera curadur\u00eda que hice fue una exposici\u00f3n de arte urbano. Aprend\u00ed haciendo, desde pintando las paredes hasta poniendo los clavos, proyecciones, c\u00e9dulas. Lanzarse sin miedo, que en el camino y en constante preparaci\u00f3n se va aprendiendo\u201d.<\/p>\n\n\n\n<p>Texto y foto: Carmen Cortez\/Dircom. En la portada, Ivanna Santoro con el artista Luis Chenche; la imagen en la que aparece sola la proporcion\u00f3 la curadora. <\/p>\n\n\n\n<p><\/p>","protected":false},"excerpt":{"rendered":"<p>Desde que inici\u00f3 sus estudios en la Universidad de las Artes, Ivanna Santoro se interes\u00f3 por la curadur\u00eda. Por ello es que luego de graduarse en la Escuela de Artes Visuales ese ha sido su \u00e1mbito profesional. Ha curado alrededor de diez muestras, comenta y se\u00f1ala como las primeras a las de sus compa\u00f1eros de carrera. Entre las recientes: \u00abQuimera\u00bb del artista y estudiante Tue Miranda y \u201cSubversi\u00f3n\u00bb del alumnus Luis Chenche, artista radicado en Par\u00eds que expone en el MAAC. <\/p>","protected":false},"author":10,"featured_media":62001,"comment_status":"open","ping_status":"open","sticky":false,"template":"","format":"standard","meta":{"_acf_changed":false,"_uag_custom_page_level_css":"","_monsterinsights_skip_tracking":false,"_monsterinsights_sitenote_active":false,"_monsterinsights_sitenote_note":"","_monsterinsights_sitenote_category":0,"cybocfi_hide_featured_image":"","footnotes":""},"categories":[80,490,82,157],"tags":[1275],"infouartes":[],"class_list":["post-62000","post","type-post","status-publish","format-standard","has-post-thumbnail","hentry","category-academico","category-alumni","category-artes","category-artes-visuales","tag-ambito-profesional"],"acf":[],"yoast_head":"<!-- This site is optimized with the Yoast SEO plugin v27.4 - https:\/\/yoast.com\/product\/yoast-seo-wordpress\/ -->\n<title>Universidad de las Artes - La curadur\u00eda inquiet\u00f3 a Ivanna Santoro desde su primera clase de Artes Visuales<\/title>\n<meta name=\"description\" content=\"Universidad de las Artes - La curadur\u00eda inquiet\u00f3 a Ivanna Santoro desde su primera clase de Artes Visuales\" \/>\n<meta name=\"robots\" content=\"index, follow, max-snippet:-1, max-image-preview:large, max-video-preview:-1\" \/>\n<link rel=\"canonical\" href=\"https:\/\/www.uartes.edu.ec\/sitio\/en\/blog\/2024\/09\/20\/la-curaduria-inquieto-a-ivanna-santoro-desde-la-primera-clase-de-artes-visuales-en-la-uartes\/\" \/>\n<meta property=\"og:locale\" content=\"en_US\" \/>\n<meta property=\"og:type\" content=\"article\" \/>\n<meta property=\"og:title\" content=\"Universidad de las Artes - La curadur\u00eda inquiet\u00f3 a Ivanna Santoro desde su primera clase de Artes Visuales\" \/>\n<meta property=\"og:description\" content=\"Universidad de las Artes - La curadur\u00eda inquiet\u00f3 a Ivanna Santoro desde su primera clase de Artes Visuales\" \/>\n<meta property=\"og:url\" content=\"https:\/\/www.uartes.edu.ec\/sitio\/en\/blog\/2024\/09\/20\/la-curaduria-inquieto-a-ivanna-santoro-desde-la-primera-clase-de-artes-visuales-en-la-uartes\/\" \/>\n<meta property=\"og:site_name\" content=\"Universidad de las Artes\" \/>\n<meta property=\"article:publisher\" content=\"https:\/\/www.facebook.com\/uartesec\" \/>\n<meta property=\"article:published_time\" content=\"2024-09-20T19:24:00+00:00\" \/>\n<meta property=\"article:modified_time\" content=\"2024-09-20T23:06:12+00:00\" \/>\n<meta property=\"og:image\" content=\"https:\/\/www.uartes.edu.ec\/sitio\/wp-content\/uploads\/2024\/09\/04-CHENCHE.jpg\" \/>\n\t<meta property=\"og:image:width\" content=\"2000\" \/>\n\t<meta property=\"og:image:height\" content=\"1333\" \/>\n\t<meta property=\"og:image:type\" content=\"image\/jpeg\" \/>\n<meta name=\"author\" content=\"ccortez\" \/>\n<meta name=\"twitter:card\" content=\"summary_large_image\" \/>\n<meta name=\"twitter:creator\" content=\"@uartesec\" \/>\n<meta name=\"twitter:site\" content=\"@uartesec\" \/>\n<meta name=\"twitter:label1\" content=\"Written by\" \/>\n\t<meta name=\"twitter:data1\" content=\"ccortez\" \/>\n\t<meta name=\"twitter:label2\" content=\"Est. reading time\" \/>\n\t<meta name=\"twitter:data2\" content=\"5 minutes\" \/>\n<script type=\"application\/ld+json\" class=\"yoast-schema-graph\">{\"@context\":\"https:\\\/\\\/schema.org\",\"@graph\":[{\"@type\":\"Article\",\"@id\":\"https:\\\/\\\/www.uartes.edu.ec\\\/sitio\\\/en\\\/blog\\\/2024\\\/09\\\/20\\\/la-curaduria-inquieto-a-ivanna-santoro-desde-la-primera-clase-de-artes-visuales-en-la-uartes\\\/#article\",\"isPartOf\":{\"@id\":\"https:\\\/\\\/www.uartes.edu.ec\\\/sitio\\\/en\\\/blog\\\/2024\\\/09\\\/20\\\/la-curaduria-inquieto-a-ivanna-santoro-desde-la-primera-clase-de-artes-visuales-en-la-uartes\\\/\"},\"author\":{\"name\":\"ccortez\",\"@id\":\"https:\\\/\\\/www.uartes.edu.ec\\\/sitio\\\/en\\\/#\\\/schema\\\/person\\\/efa1b8275797664fd7f13a79ccc0b1f4\"},\"headline\":\"La curadur\u00eda inquiet\u00f3 a Ivanna Santoro desde su primera clase de Artes Visuales\",\"datePublished\":\"2024-09-20T19:24:00+00:00\",\"dateModified\":\"2024-09-20T23:06:12+00:00\",\"mainEntityOfPage\":{\"@id\":\"https:\\\/\\\/www.uartes.edu.ec\\\/sitio\\\/en\\\/blog\\\/2024\\\/09\\\/20\\\/la-curaduria-inquieto-a-ivanna-santoro-desde-la-primera-clase-de-artes-visuales-en-la-uartes\\\/\"},\"wordCount\":907,\"commentCount\":0,\"publisher\":{\"@id\":\"https:\\\/\\\/www.uartes.edu.ec\\\/sitio\\\/en\\\/#organization\"},\"image\":{\"@id\":\"https:\\\/\\\/www.uartes.edu.ec\\\/sitio\\\/en\\\/blog\\\/2024\\\/09\\\/20\\\/la-curaduria-inquieto-a-ivanna-santoro-desde-la-primera-clase-de-artes-visuales-en-la-uartes\\\/#primaryimage\"},\"thumbnailUrl\":\"https:\\\/\\\/www.uartes.edu.ec\\\/sitio\\\/wp-content\\\/uploads\\\/2024\\\/09\\\/04-CHENCHE.jpg\",\"keywords\":[\"\u00e1mbito profesional\"],\"articleSection\":[\"Acad\u00e9mico\",\"Alumni\",\"Artes\",\"Artes Visuales\"],\"inLanguage\":\"en-US\",\"potentialAction\":[{\"@type\":\"CommentAction\",\"name\":\"Comment\",\"target\":[\"https:\\\/\\\/www.uartes.edu.ec\\\/sitio\\\/en\\\/blog\\\/2024\\\/09\\\/20\\\/la-curaduria-inquieto-a-ivanna-santoro-desde-la-primera-clase-de-artes-visuales-en-la-uartes\\\/#respond\"]}]},{\"@type\":[\"WebPage\",\"ItemPage\"],\"@id\":\"https:\\\/\\\/www.uartes.edu.ec\\\/sitio\\\/en\\\/blog\\\/2024\\\/09\\\/20\\\/la-curaduria-inquieto-a-ivanna-santoro-desde-la-primera-clase-de-artes-visuales-en-la-uartes\\\/\",\"url\":\"https:\\\/\\\/www.uartes.edu.ec\\\/sitio\\\/en\\\/blog\\\/2024\\\/09\\\/20\\\/la-curaduria-inquieto-a-ivanna-santoro-desde-la-primera-clase-de-artes-visuales-en-la-uartes\\\/\",\"name\":\"Universidad de las Artes - La curadur\u00eda inquiet\u00f3 a Ivanna Santoro desde su primera clase de Artes Visuales\",\"isPartOf\":{\"@id\":\"https:\\\/\\\/www.uartes.edu.ec\\\/sitio\\\/en\\\/#website\"},\"primaryImageOfPage\":{\"@id\":\"https:\\\/\\\/www.uartes.edu.ec\\\/sitio\\\/en\\\/blog\\\/2024\\\/09\\\/20\\\/la-curaduria-inquieto-a-ivanna-santoro-desde-la-primera-clase-de-artes-visuales-en-la-uartes\\\/#primaryimage\"},\"image\":{\"@id\":\"https:\\\/\\\/www.uartes.edu.ec\\\/sitio\\\/en\\\/blog\\\/2024\\\/09\\\/20\\\/la-curaduria-inquieto-a-ivanna-santoro-desde-la-primera-clase-de-artes-visuales-en-la-uartes\\\/#primaryimage\"},\"thumbnailUrl\":\"https:\\\/\\\/www.uartes.edu.ec\\\/sitio\\\/wp-content\\\/uploads\\\/2024\\\/09\\\/04-CHENCHE.jpg\",\"datePublished\":\"2024-09-20T19:24:00+00:00\",\"dateModified\":\"2024-09-20T23:06:12+00:00\",\"description\":\"Universidad de las Artes - La curadur\u00eda inquiet\u00f3 a Ivanna Santoro desde su primera clase de Artes Visuales\",\"breadcrumb\":{\"@id\":\"https:\\\/\\\/www.uartes.edu.ec\\\/sitio\\\/en\\\/blog\\\/2024\\\/09\\\/20\\\/la-curaduria-inquieto-a-ivanna-santoro-desde-la-primera-clase-de-artes-visuales-en-la-uartes\\\/#breadcrumb\"},\"inLanguage\":\"en-US\",\"potentialAction\":[{\"@type\":\"ReadAction\",\"target\":[\"https:\\\/\\\/www.uartes.edu.ec\\\/sitio\\\/en\\\/blog\\\/2024\\\/09\\\/20\\\/la-curaduria-inquieto-a-ivanna-santoro-desde-la-primera-clase-de-artes-visuales-en-la-uartes\\\/\"]}]},{\"@type\":\"ImageObject\",\"inLanguage\":\"en-US\",\"@id\":\"https:\\\/\\\/www.uartes.edu.ec\\\/sitio\\\/en\\\/blog\\\/2024\\\/09\\\/20\\\/la-curaduria-inquieto-a-ivanna-santoro-desde-la-primera-clase-de-artes-visuales-en-la-uartes\\\/#primaryimage\",\"url\":\"https:\\\/\\\/www.uartes.edu.ec\\\/sitio\\\/wp-content\\\/uploads\\\/2024\\\/09\\\/04-CHENCHE.jpg\",\"contentUrl\":\"https:\\\/\\\/www.uartes.edu.ec\\\/sitio\\\/wp-content\\\/uploads\\\/2024\\\/09\\\/04-CHENCHE.jpg\",\"width\":2000,\"height\":1333},{\"@type\":\"BreadcrumbList\",\"@id\":\"https:\\\/\\\/www.uartes.edu.ec\\\/sitio\\\/en\\\/blog\\\/2024\\\/09\\\/20\\\/la-curaduria-inquieto-a-ivanna-santoro-desde-la-primera-clase-de-artes-visuales-en-la-uartes\\\/#breadcrumb\",\"itemListElement\":[{\"@type\":\"ListItem\",\"position\":1,\"name\":\"Inicio\",\"item\":\"https:\\\/\\\/www.uartes.edu.ec\\\/sitio\\\/\"},{\"@type\":\"ListItem\",\"position\":2,\"name\":\"La curadur\u00eda inquiet\u00f3 a Ivanna Santoro desde su primera clase de Artes Visuales\"}]},{\"@type\":\"WebSite\",\"@id\":\"https:\\\/\\\/www.uartes.edu.ec\\\/sitio\\\/en\\\/#website\",\"url\":\"https:\\\/\\\/www.uartes.edu.ec\\\/sitio\\\/en\\\/\",\"name\":\"Universidad de las Artes\",\"description\":\"Sitio oficial de la Universidad Nacional de las Artes del Ecuador\",\"publisher\":{\"@id\":\"https:\\\/\\\/www.uartes.edu.ec\\\/sitio\\\/en\\\/#organization\"},\"potentialAction\":[{\"@type\":\"SearchAction\",\"target\":{\"@type\":\"EntryPoint\",\"urlTemplate\":\"https:\\\/\\\/www.uartes.edu.ec\\\/sitio\\\/en\\\/?s={search_term_string}\"},\"query-input\":{\"@type\":\"PropertyValueSpecification\",\"valueRequired\":true,\"valueName\":\"search_term_string\"}}],\"inLanguage\":\"en-US\"},{\"@type\":\"Organization\",\"@id\":\"https:\\\/\\\/www.uartes.edu.ec\\\/sitio\\\/en\\\/#organization\",\"name\":\"Universidad de las Artes\",\"url\":\"https:\\\/\\\/www.uartes.edu.ec\\\/sitio\\\/en\\\/\",\"logo\":{\"@type\":\"ImageObject\",\"inLanguage\":\"en-US\",\"@id\":\"https:\\\/\\\/www.uartes.edu.ec\\\/sitio\\\/en\\\/#\\\/schema\\\/logo\\\/image\\\/\",\"url\":\"https:\\\/\\\/www.uartes.edu.ec\\\/sitio\\\/wp-content\\\/uploads\\\/2022\\\/07\\\/logo-ua-horizontal.png\",\"contentUrl\":\"https:\\\/\\\/www.uartes.edu.ec\\\/sitio\\\/wp-content\\\/uploads\\\/2022\\\/07\\\/logo-ua-horizontal.png\",\"width\":800,\"height\":276,\"caption\":\"Universidad de las Artes\"},\"image\":{\"@id\":\"https:\\\/\\\/www.uartes.edu.ec\\\/sitio\\\/en\\\/#\\\/schema\\\/logo\\\/image\\\/\"},\"sameAs\":[\"https:\\\/\\\/www.facebook.com\\\/uartesec\",\"https:\\\/\\\/x.com\\\/uartesec\",\"https:\\\/\\\/www.tiktok.com\\\/@uartesec\"]},{\"@type\":\"Person\",\"@id\":\"https:\\\/\\\/www.uartes.edu.ec\\\/sitio\\\/en\\\/#\\\/schema\\\/person\\\/efa1b8275797664fd7f13a79ccc0b1f4\",\"name\":\"ccortez\",\"image\":{\"@type\":\"ImageObject\",\"inLanguage\":\"en-US\",\"@id\":\"https:\\\/\\\/secure.gravatar.com\\\/avatar\\\/b2a6f664a3ae8e074346ef91775736c5ec479e637ecced6842de9dc98b5da9cd?s=96&d=mm&r=g\",\"url\":\"https:\\\/\\\/secure.gravatar.com\\\/avatar\\\/b2a6f664a3ae8e074346ef91775736c5ec479e637ecced6842de9dc98b5da9cd?s=96&d=mm&r=g\",\"contentUrl\":\"https:\\\/\\\/secure.gravatar.com\\\/avatar\\\/b2a6f664a3ae8e074346ef91775736c5ec479e637ecced6842de9dc98b5da9cd?s=96&d=mm&r=g\",\"caption\":\"ccortez\"},\"url\":\"https:\\\/\\\/www.uartes.edu.ec\\\/sitio\\\/en\\\/blog\\\/author\\\/ccortez\\\/\"}]}<\/script>\n<!-- \/ Yoast SEO plugin. -->","yoast_head_json":{"title":"Universidad de las Artes - La curadur\u00eda inquiet\u00f3 a Ivanna Santoro desde su primera clase de Artes Visuales","description":"Universidad de las Artes - La curadur\u00eda inquiet\u00f3 a Ivanna Santoro desde su primera clase de Artes Visuales","robots":{"index":"index","follow":"follow","max-snippet":"max-snippet:-1","max-image-preview":"max-image-preview:large","max-video-preview":"max-video-preview:-1"},"canonical":"https:\/\/www.uartes.edu.ec\/sitio\/en\/blog\/2024\/09\/20\/la-curaduria-inquieto-a-ivanna-santoro-desde-la-primera-clase-de-artes-visuales-en-la-uartes\/","og_locale":"en_US","og_type":"article","og_title":"Universidad de las Artes - La curadur\u00eda inquiet\u00f3 a Ivanna Santoro desde su primera clase de Artes Visuales","og_description":"Universidad de las Artes - La curadur\u00eda inquiet\u00f3 a Ivanna Santoro desde su primera clase de Artes Visuales","og_url":"https:\/\/www.uartes.edu.ec\/sitio\/en\/blog\/2024\/09\/20\/la-curaduria-inquieto-a-ivanna-santoro-desde-la-primera-clase-de-artes-visuales-en-la-uartes\/","og_site_name":"Universidad de las Artes","article_publisher":"https:\/\/www.facebook.com\/uartesec","article_published_time":"2024-09-20T19:24:00+00:00","article_modified_time":"2024-09-20T23:06:12+00:00","og_image":[{"width":2000,"height":1333,"url":"https:\/\/www.uartes.edu.ec\/sitio\/wp-content\/uploads\/2024\/09\/04-CHENCHE.jpg","type":"image\/jpeg"}],"author":"ccortez","twitter_card":"summary_large_image","twitter_creator":"@uartesec","twitter_site":"@uartesec","twitter_misc":{"Written by":"ccortez","Est. reading time":"5 minutes"},"schema":{"@context":"https:\/\/schema.org","@graph":[{"@type":"Article","@id":"https:\/\/www.uartes.edu.ec\/sitio\/en\/blog\/2024\/09\/20\/la-curaduria-inquieto-a-ivanna-santoro-desde-la-primera-clase-de-artes-visuales-en-la-uartes\/#article","isPartOf":{"@id":"https:\/\/www.uartes.edu.ec\/sitio\/en\/blog\/2024\/09\/20\/la-curaduria-inquieto-a-ivanna-santoro-desde-la-primera-clase-de-artes-visuales-en-la-uartes\/"},"author":{"name":"ccortez","@id":"https:\/\/www.uartes.edu.ec\/sitio\/en\/#\/schema\/person\/efa1b8275797664fd7f13a79ccc0b1f4"},"headline":"La curadur\u00eda inquiet\u00f3 a Ivanna Santoro desde su primera clase de Artes Visuales","datePublished":"2024-09-20T19:24:00+00:00","dateModified":"2024-09-20T23:06:12+00:00","mainEntityOfPage":{"@id":"https:\/\/www.uartes.edu.ec\/sitio\/en\/blog\/2024\/09\/20\/la-curaduria-inquieto-a-ivanna-santoro-desde-la-primera-clase-de-artes-visuales-en-la-uartes\/"},"wordCount":907,"commentCount":0,"publisher":{"@id":"https:\/\/www.uartes.edu.ec\/sitio\/en\/#organization"},"image":{"@id":"https:\/\/www.uartes.edu.ec\/sitio\/en\/blog\/2024\/09\/20\/la-curaduria-inquieto-a-ivanna-santoro-desde-la-primera-clase-de-artes-visuales-en-la-uartes\/#primaryimage"},"thumbnailUrl":"https:\/\/www.uartes.edu.ec\/sitio\/wp-content\/uploads\/2024\/09\/04-CHENCHE.jpg","keywords":["\u00e1mbito profesional"],"articleSection":["Acad\u00e9mico","Alumni","Artes","Artes Visuales"],"inLanguage":"en-US","potentialAction":[{"@type":"CommentAction","name":"Comment","target":["https:\/\/www.uartes.edu.ec\/sitio\/en\/blog\/2024\/09\/20\/la-curaduria-inquieto-a-ivanna-santoro-desde-la-primera-clase-de-artes-visuales-en-la-uartes\/#respond"]}]},{"@type":["WebPage","ItemPage"],"@id":"https:\/\/www.uartes.edu.ec\/sitio\/en\/blog\/2024\/09\/20\/la-curaduria-inquieto-a-ivanna-santoro-desde-la-primera-clase-de-artes-visuales-en-la-uartes\/","url":"https:\/\/www.uartes.edu.ec\/sitio\/en\/blog\/2024\/09\/20\/la-curaduria-inquieto-a-ivanna-santoro-desde-la-primera-clase-de-artes-visuales-en-la-uartes\/","name":"Universidad de las Artes - La curadur\u00eda inquiet\u00f3 a Ivanna Santoro desde su primera clase de Artes Visuales","isPartOf":{"@id":"https:\/\/www.uartes.edu.ec\/sitio\/en\/#website"},"primaryImageOfPage":{"@id":"https:\/\/www.uartes.edu.ec\/sitio\/en\/blog\/2024\/09\/20\/la-curaduria-inquieto-a-ivanna-santoro-desde-la-primera-clase-de-artes-visuales-en-la-uartes\/#primaryimage"},"image":{"@id":"https:\/\/www.uartes.edu.ec\/sitio\/en\/blog\/2024\/09\/20\/la-curaduria-inquieto-a-ivanna-santoro-desde-la-primera-clase-de-artes-visuales-en-la-uartes\/#primaryimage"},"thumbnailUrl":"https:\/\/www.uartes.edu.ec\/sitio\/wp-content\/uploads\/2024\/09\/04-CHENCHE.jpg","datePublished":"2024-09-20T19:24:00+00:00","dateModified":"2024-09-20T23:06:12+00:00","description":"Universidad de las Artes - La curadur\u00eda inquiet\u00f3 a Ivanna Santoro desde su primera clase de Artes Visuales","breadcrumb":{"@id":"https:\/\/www.uartes.edu.ec\/sitio\/en\/blog\/2024\/09\/20\/la-curaduria-inquieto-a-ivanna-santoro-desde-la-primera-clase-de-artes-visuales-en-la-uartes\/#breadcrumb"},"inLanguage":"en-US","potentialAction":[{"@type":"ReadAction","target":["https:\/\/www.uartes.edu.ec\/sitio\/en\/blog\/2024\/09\/20\/la-curaduria-inquieto-a-ivanna-santoro-desde-la-primera-clase-de-artes-visuales-en-la-uartes\/"]}]},{"@type":"ImageObject","inLanguage":"en-US","@id":"https:\/\/www.uartes.edu.ec\/sitio\/en\/blog\/2024\/09\/20\/la-curaduria-inquieto-a-ivanna-santoro-desde-la-primera-clase-de-artes-visuales-en-la-uartes\/#primaryimage","url":"https:\/\/www.uartes.edu.ec\/sitio\/wp-content\/uploads\/2024\/09\/04-CHENCHE.jpg","contentUrl":"https:\/\/www.uartes.edu.ec\/sitio\/wp-content\/uploads\/2024\/09\/04-CHENCHE.jpg","width":2000,"height":1333},{"@type":"BreadcrumbList","@id":"https:\/\/www.uartes.edu.ec\/sitio\/en\/blog\/2024\/09\/20\/la-curaduria-inquieto-a-ivanna-santoro-desde-la-primera-clase-de-artes-visuales-en-la-uartes\/#breadcrumb","itemListElement":[{"@type":"ListItem","position":1,"name":"Inicio","item":"https:\/\/www.uartes.edu.ec\/sitio\/"},{"@type":"ListItem","position":2,"name":"La curadur\u00eda inquiet\u00f3 a Ivanna Santoro desde su primera clase de Artes Visuales"}]},{"@type":"WebSite","@id":"https:\/\/www.uartes.edu.ec\/sitio\/en\/#website","url":"https:\/\/www.uartes.edu.ec\/sitio\/en\/","name":"Universidad de las Artes","description":"Sitio oficial de la Universidad Nacional de las Artes del Ecuador","publisher":{"@id":"https:\/\/www.uartes.edu.ec\/sitio\/en\/#organization"},"potentialAction":[{"@type":"SearchAction","target":{"@type":"EntryPoint","urlTemplate":"https:\/\/www.uartes.edu.ec\/sitio\/en\/?s={search_term_string}"},"query-input":{"@type":"PropertyValueSpecification","valueRequired":true,"valueName":"search_term_string"}}],"inLanguage":"en-US"},{"@type":"Organization","@id":"https:\/\/www.uartes.edu.ec\/sitio\/en\/#organization","name":"Universidad de las Artes","url":"https:\/\/www.uartes.edu.ec\/sitio\/en\/","logo":{"@type":"ImageObject","inLanguage":"en-US","@id":"https:\/\/www.uartes.edu.ec\/sitio\/en\/#\/schema\/logo\/image\/","url":"https:\/\/www.uartes.edu.ec\/sitio\/wp-content\/uploads\/2022\/07\/logo-ua-horizontal.png","contentUrl":"https:\/\/www.uartes.edu.ec\/sitio\/wp-content\/uploads\/2022\/07\/logo-ua-horizontal.png","width":800,"height":276,"caption":"Universidad de las Artes"},"image":{"@id":"https:\/\/www.uartes.edu.ec\/sitio\/en\/#\/schema\/logo\/image\/"},"sameAs":["https:\/\/www.facebook.com\/uartesec","https:\/\/x.com\/uartesec","https:\/\/www.tiktok.com\/@uartesec"]},{"@type":"Person","@id":"https:\/\/www.uartes.edu.ec\/sitio\/en\/#\/schema\/person\/efa1b8275797664fd7f13a79ccc0b1f4","name":"ccortez","image":{"@type":"ImageObject","inLanguage":"en-US","@id":"https:\/\/secure.gravatar.com\/avatar\/b2a6f664a3ae8e074346ef91775736c5ec479e637ecced6842de9dc98b5da9cd?s=96&d=mm&r=g","url":"https:\/\/secure.gravatar.com\/avatar\/b2a6f664a3ae8e074346ef91775736c5ec479e637ecced6842de9dc98b5da9cd?s=96&d=mm&r=g","contentUrl":"https:\/\/secure.gravatar.com\/avatar\/b2a6f664a3ae8e074346ef91775736c5ec479e637ecced6842de9dc98b5da9cd?s=96&d=mm&r=g","caption":"ccortez"},"url":"https:\/\/www.uartes.edu.ec\/sitio\/en\/blog\/author\/ccortez\/"}]}},"uagb_featured_image_src":{"full":["https:\/\/www.uartes.edu.ec\/sitio\/wp-content\/uploads\/2024\/09\/04-CHENCHE.jpg",2000,1333,false],"thumbnail":["https:\/\/www.uartes.edu.ec\/sitio\/wp-content\/uploads\/2024\/09\/04-CHENCHE-150x150.jpg",150,150,true],"medium":["https:\/\/www.uartes.edu.ec\/sitio\/wp-content\/uploads\/2024\/09\/04-CHENCHE-300x200.jpg",300,200,true],"medium_large":["https:\/\/www.uartes.edu.ec\/sitio\/wp-content\/uploads\/2024\/09\/04-CHENCHE-768x512.jpg",768,512,true],"large":["https:\/\/www.uartes.edu.ec\/sitio\/wp-content\/uploads\/2024\/09\/04-CHENCHE-644x429.jpg",644,429,true],"1536x1536":["https:\/\/www.uartes.edu.ec\/sitio\/wp-content\/uploads\/2024\/09\/04-CHENCHE-1536x1024.jpg",1536,1024,true],"2048x2048":["https:\/\/www.uartes.edu.ec\/sitio\/wp-content\/uploads\/2024\/09\/04-CHENCHE.jpg",2000,1333,false],"trp-custom-language-flag":["https:\/\/www.uartes.edu.ec\/sitio\/wp-content\/uploads\/2024\/09\/04-CHENCHE-18x12.jpg",18,12,true],"htmega_size_585x295":["https:\/\/www.uartes.edu.ec\/sitio\/wp-content\/uploads\/2024\/09\/04-CHENCHE-585x295.jpg",585,295,true],"htmega_size_1170x536":["https:\/\/www.uartes.edu.ec\/sitio\/wp-content\/uploads\/2024\/09\/04-CHENCHE-1170x536.jpg",1170,536,true],"htmega_size_396x360":["https:\/\/www.uartes.edu.ec\/sitio\/wp-content\/uploads\/2024\/09\/04-CHENCHE-396x360.jpg",396,360,true],"gb-block-post-grid-landscape":["https:\/\/www.uartes.edu.ec\/sitio\/wp-content\/uploads\/2024\/09\/04-CHENCHE-600x400.jpg",600,400,true],"gb-block-post-grid-square":["https:\/\/www.uartes.edu.ec\/sitio\/wp-content\/uploads\/2024\/09\/04-CHENCHE-600x600.jpg",600,600,true],"university-hub-thumb":["https:\/\/www.uartes.edu.ec\/sitio\/wp-content\/uploads\/2024\/09\/04-CHENCHE-400x267.jpg",400,267,true],"mailpoet_newsletter_max":["https:\/\/www.uartes.edu.ec\/sitio\/wp-content\/uploads\/2024\/09\/04-CHENCHE.jpg",1320,880,false]},"uagb_author_info":{"display_name":"ccortez","author_link":"https:\/\/www.uartes.edu.ec\/sitio\/en\/blog\/author\/ccortez\/"},"uagb_comment_info":0,"uagb_excerpt":"Desde que inici\u00f3 sus estudios en la Universidad de las Artes, Ivanna Santoro se interes\u00f3 por la curadur\u00eda. Por ello es que luego de graduarse en la Escuela de Artes Visuales ese ha sido su \u00e1mbito profesional. Ha curado alrededor de diez muestras, comenta y se\u00f1ala como las primeras a las de sus compa\u00f1eros de&hellip;","featured_image_src":"https:\/\/www.uartes.edu.ec\/sitio\/wp-content\/uploads\/2024\/09\/04-CHENCHE-600x400.jpg","featured_image_src_square":"https:\/\/www.uartes.edu.ec\/sitio\/wp-content\/uploads\/2024\/09\/04-CHENCHE-600x600.jpg","author_info":{"display_name":"ccortez","author_link":"https:\/\/www.uartes.edu.ec\/sitio\/en\/blog\/author\/ccortez\/"},"publishpress_future_workflow_manual_trigger":{"enabledWorkflows":[]},"distributor_meta":false,"distributor_terms":false,"distributor_media":false,"distributor_original_site_name":"Universidad de las Artes","distributor_original_site_url":"https:\/\/www.uartes.edu.ec\/sitio\/en","push-errors":false,"_links":{"self":[{"href":"https:\/\/www.uartes.edu.ec\/sitio\/en\/wp-json\/wp\/v2\/posts\/62000","targetHints":{"allow":["GET"]}}],"collection":[{"href":"https:\/\/www.uartes.edu.ec\/sitio\/en\/wp-json\/wp\/v2\/posts"}],"about":[{"href":"https:\/\/www.uartes.edu.ec\/sitio\/en\/wp-json\/wp\/v2\/types\/post"}],"author":[{"embeddable":true,"href":"https:\/\/www.uartes.edu.ec\/sitio\/en\/wp-json\/wp\/v2\/users\/10"}],"replies":[{"embeddable":true,"href":"https:\/\/www.uartes.edu.ec\/sitio\/en\/wp-json\/wp\/v2\/comments?post=62000"}],"version-history":[{"count":8,"href":"https:\/\/www.uartes.edu.ec\/sitio\/en\/wp-json\/wp\/v2\/posts\/62000\/revisions"}],"predecessor-version":[{"id":62113,"href":"https:\/\/www.uartes.edu.ec\/sitio\/en\/wp-json\/wp\/v2\/posts\/62000\/revisions\/62113"}],"wp:featuredmedia":[{"embeddable":true,"href":"https:\/\/www.uartes.edu.ec\/sitio\/en\/wp-json\/wp\/v2\/media\/62001"}],"wp:attachment":[{"href":"https:\/\/www.uartes.edu.ec\/sitio\/en\/wp-json\/wp\/v2\/media?parent=62000"}],"wp:term":[{"taxonomy":"category","embeddable":true,"href":"https:\/\/www.uartes.edu.ec\/sitio\/en\/wp-json\/wp\/v2\/categories?post=62000"},{"taxonomy":"post_tag","embeddable":true,"href":"https:\/\/www.uartes.edu.ec\/sitio\/en\/wp-json\/wp\/v2\/tags?post=62000"},{"taxonomy":"infouartes","embeddable":true,"href":"https:\/\/www.uartes.edu.ec\/sitio\/en\/wp-json\/wp\/v2\/infouartes?post=62000"}],"curies":[{"name":"wp","href":"https:\/\/api.w.org\/{rel}","templated":true}]}}