{"id":6215,"date":"2020-02-06T21:40:00","date_gmt":"2020-02-07T02:40:00","guid":{"rendered":"http:\/\/www.uartes.edu.ec\/sitio\/?p=6215"},"modified":"2024-07-04T11:48:38","modified_gmt":"2024-07-04T16:48:38","slug":"ninos-comelibros-y-club-de-lectura-en-libreria-rita-lecumberri-del-fce","status":"publish","type":"post","link":"https:\/\/www.uartes.edu.ec\/sitio\/en\/blog\/2020\/02\/06\/ninos-comelibros-y-club-de-lectura-en-libreria-rita-lecumberri-del-fce\/","title":{"rendered":"Ni\u00f1os comelibros y Club de Lectura, en librer\u00eda Rita Lecumberri del FCE"},"content":{"rendered":"<p>Incentivar la lectura desde corta edad para promover en\nni\u00f1as y ni\u00f1os confianza y creatividad, y tejer, adem\u00e1s, un lazo afectivo cuando\nla lectura es acompa\u00f1ada propone la Librer\u00eda Rita Lecumberri del Fondo de\nCultura Econ\u00f3mica (FCE), ubicada en la Sala R\u00eda de la Biblioteca de las Artes. <\/p>\n\n\n\n<p>En este espacio de creaci\u00f3n y educaci\u00f3n en artes para ni\u00f1as\ny ni\u00f1os se realizan desde el 2 de febrero pasado el programa de Mediaci\u00f3n de lectura,\ndenominado Ni\u00f1os comelibros, y el Club de lectura. Ambos se extender\u00e1n los siguientes\ndomingos de este mes: el 9, 16 y 23, desde las 11h30 hasta las 12h30. <\/p>\n\n\n\n<p>El primero, que estar\u00e1 a cargo de Jordan Mosquera, quien\nobtuvo el t\u00edtulo de licenciado en Literatura en la Universidad de las Artes,\nest\u00e1 dirigido a ni\u00f1as y ni\u00f1os. <\/p>\n\n\n\n<p>El segundo, bajo la conducci\u00f3n de Denisse Zambrano, es una\nactividad paralela a fin de que los adultos que llevan a sus hijos o familiares\na Ni\u00f1os comelibros puedan tambi\u00e9n participar de la lectura. La modalidad, se\nexplica desde la gesti\u00f3n cultural del FCE, es analizar una determinada obra.\nDurante este mes la publicaci\u00f3n es \u201cD\u00edas sin ti\u201d, novela de ficci\u00f3n de la\nescritora espa\u00f1ola Elvira Sastre. En cada sesi\u00f3n se leer\u00e1n de tres en tres los cap\u00edtulos\ndel libro propuesto, surgir\u00e1 entonces el an\u00e1lisis y la discusi\u00f3n, un compartir de\nideas y pensamientos que ir\u00e1 afianzando la propuesta del Club de lectura. <\/p>","protected":false},"excerpt":{"rendered":"<p>Incentivar la lectura desde corta edad para promover en ni\u00f1as y ni\u00f1os confianza y creatividad, y tejer, adem\u00e1s, un lazo afectivo cuando la lectura es acompa\u00f1ada propone la Librer\u00eda Rita Lecumberri del FCE, ubicada en la Sala R\u00eda de la Biblioteca de las Artes. <\/p>","protected":false},"author":1,"featured_media":6220,"comment_status":"closed","ping_status":"closed","sticky":false,"template":"","format":"standard","meta":{"_acf_changed":false,"_uag_custom_page_level_css":"","_monsterinsights_skip_tracking":false,"_monsterinsights_sitenote_active":false,"_monsterinsights_sitenote_note":"","_monsterinsights_sitenote_category":0,"cybocfi_hide_featured_image":"","footnotes":""},"categories":[76,175,79],"tags":[41],"infouartes":[],"class_list":["post-6215","post","type-post","status-publish","format-standard","has-post-thumbnail","hentry","category-estudiantes","category-literatura","category-vinculo","tag-biblioteca"],"acf":[],"yoast_head":"<!-- This site is optimized with the Yoast SEO plugin v27.4 - https:\/\/yoast.com\/product\/yoast-seo-wordpress\/ -->\n<title>Universidad de las Artes - Ni\u00f1os comelibros y Club de Lectura, en librer\u00eda Rita Lecumberri del FCE<\/title>\n<meta name=\"description\" content=\"Universidad de las Artes - Ni\u00f1os comelibros y Club de Lectura, en librer\u00eda Rita Lecumberri del FCE\" \/>\n<meta name=\"robots\" content=\"index, follow, max-snippet:-1, max-image-preview:large, max-video-preview:-1\" \/>\n<link rel=\"canonical\" href=\"https:\/\/www.uartes.edu.ec\/sitio\/en\/blog\/2020\/02\/06\/ninos-comelibros-y-club-de-lectura-en-libreria-rita-lecumberri-del-fce\/\" \/>\n<meta property=\"og:locale\" content=\"en_US\" \/>\n<meta property=\"og:type\" content=\"article\" \/>\n<meta property=\"og:title\" content=\"Universidad de las Artes - Ni\u00f1os comelibros y Club de Lectura, en librer\u00eda Rita Lecumberri del FCE\" \/>\n<meta property=\"og:description\" content=\"Universidad de las Artes - Ni\u00f1os comelibros y Club de Lectura, en librer\u00eda Rita Lecumberri del FCE\" \/>\n<meta property=\"og:url\" content=\"https:\/\/www.uartes.edu.ec\/sitio\/en\/blog\/2020\/02\/06\/ninos-comelibros-y-club-de-lectura-en-libreria-rita-lecumberri-del-fce\/\" \/>\n<meta property=\"og:site_name\" content=\"Universidad de las Artes\" \/>\n<meta property=\"article:publisher\" content=\"https:\/\/www.facebook.com\/uartesec\" \/>\n<meta property=\"article:published_time\" content=\"2020-02-07T02:40:00+00:00\" \/>\n<meta property=\"article:modified_time\" content=\"2024-07-04T16:48:38+00:00\" \/>\n<meta property=\"og:image\" content=\"https:\/\/www.uartes.edu.ec\/sitio\/wp-content\/uploads\/2020\/02\/RITA-LECUMBERRI-LECTURA-RIA_-2.jpg\" \/>\n\t<meta property=\"og:image:width\" content=\"2000\" \/>\n\t<meta property=\"og:image:height\" content=\"1333\" \/>\n\t<meta property=\"og:image:type\" content=\"image\/jpeg\" \/>\n<meta name=\"author\" content=\"Universidad de las Artes\" \/>\n<meta name=\"twitter:card\" content=\"summary_large_image\" \/>\n<meta name=\"twitter:creator\" content=\"@uartesec\" \/>\n<meta name=\"twitter:site\" content=\"@uartesec\" \/>\n<meta name=\"twitter:label1\" content=\"Written by\" \/>\n\t<meta name=\"twitter:data1\" content=\"Universidad de las Artes\" \/>\n\t<meta name=\"twitter:label2\" content=\"Est. reading time\" \/>\n\t<meta name=\"twitter:data2\" content=\"1 minute\" \/>\n<script type=\"application\/ld+json\" class=\"yoast-schema-graph\">{\"@context\":\"https:\\\/\\\/schema.org\",\"@graph\":[{\"@type\":\"Article\",\"@id\":\"https:\\\/\\\/www.uartes.edu.ec\\\/sitio\\\/en\\\/blog\\\/2020\\\/02\\\/06\\\/ninos-comelibros-y-club-de-lectura-en-libreria-rita-lecumberri-del-fce\\\/#article\",\"isPartOf\":{\"@id\":\"https:\\\/\\\/www.uartes.edu.ec\\\/sitio\\\/en\\\/blog\\\/2020\\\/02\\\/06\\\/ninos-comelibros-y-club-de-lectura-en-libreria-rita-lecumberri-del-fce\\\/\"},\"author\":{\"name\":\"Universidad de las Artes\",\"@id\":\"https:\\\/\\\/www.uartes.edu.ec\\\/sitio\\\/en\\\/#\\\/schema\\\/person\\\/f33f8c1d2af0d5c80a38c8abf458184a\"},\"headline\":\"Ni\u00f1os comelibros y Club de Lectura, en librer\u00eda Rita Lecumberri del FCE\",\"datePublished\":\"2020-02-07T02:40:00+00:00\",\"dateModified\":\"2024-07-04T16:48:38+00:00\",\"mainEntityOfPage\":{\"@id\":\"https:\\\/\\\/www.uartes.edu.ec\\\/sitio\\\/en\\\/blog\\\/2020\\\/02\\\/06\\\/ninos-comelibros-y-club-de-lectura-en-libreria-rita-lecumberri-del-fce\\\/\"},\"wordCount\":275,\"publisher\":{\"@id\":\"https:\\\/\\\/www.uartes.edu.ec\\\/sitio\\\/en\\\/#organization\"},\"image\":{\"@id\":\"https:\\\/\\\/www.uartes.edu.ec\\\/sitio\\\/en\\\/blog\\\/2020\\\/02\\\/06\\\/ninos-comelibros-y-club-de-lectura-en-libreria-rita-lecumberri-del-fce\\\/#primaryimage\"},\"thumbnailUrl\":\"https:\\\/\\\/www.uartes.edu.ec\\\/sitio\\\/wp-content\\\/uploads\\\/2020\\\/02\\\/RITA-LECUMBERRI-LECTURA-RIA_-2.jpg\",\"keywords\":[\"biblioteca\"],\"articleSection\":[\"Estudiantes\",\"Literatura\",\"V\u00ednculo\"],\"inLanguage\":\"en-US\"},{\"@type\":[\"WebPage\",\"ItemPage\"],\"@id\":\"https:\\\/\\\/www.uartes.edu.ec\\\/sitio\\\/en\\\/blog\\\/2020\\\/02\\\/06\\\/ninos-comelibros-y-club-de-lectura-en-libreria-rita-lecumberri-del-fce\\\/\",\"url\":\"https:\\\/\\\/www.uartes.edu.ec\\\/sitio\\\/en\\\/blog\\\/2020\\\/02\\\/06\\\/ninos-comelibros-y-club-de-lectura-en-libreria-rita-lecumberri-del-fce\\\/\",\"name\":\"Universidad de las Artes - Ni\u00f1os comelibros y Club de Lectura, en librer\u00eda Rita Lecumberri del FCE\",\"isPartOf\":{\"@id\":\"https:\\\/\\\/www.uartes.edu.ec\\\/sitio\\\/en\\\/#website\"},\"primaryImageOfPage\":{\"@id\":\"https:\\\/\\\/www.uartes.edu.ec\\\/sitio\\\/en\\\/blog\\\/2020\\\/02\\\/06\\\/ninos-comelibros-y-club-de-lectura-en-libreria-rita-lecumberri-del-fce\\\/#primaryimage\"},\"image\":{\"@id\":\"https:\\\/\\\/www.uartes.edu.ec\\\/sitio\\\/en\\\/blog\\\/2020\\\/02\\\/06\\\/ninos-comelibros-y-club-de-lectura-en-libreria-rita-lecumberri-del-fce\\\/#primaryimage\"},\"thumbnailUrl\":\"https:\\\/\\\/www.uartes.edu.ec\\\/sitio\\\/wp-content\\\/uploads\\\/2020\\\/02\\\/RITA-LECUMBERRI-LECTURA-RIA_-2.jpg\",\"datePublished\":\"2020-02-07T02:40:00+00:00\",\"dateModified\":\"2024-07-04T16:48:38+00:00\",\"description\":\"Universidad de las Artes - Ni\u00f1os comelibros y Club de Lectura, en librer\u00eda Rita Lecumberri del FCE\",\"breadcrumb\":{\"@id\":\"https:\\\/\\\/www.uartes.edu.ec\\\/sitio\\\/en\\\/blog\\\/2020\\\/02\\\/06\\\/ninos-comelibros-y-club-de-lectura-en-libreria-rita-lecumberri-del-fce\\\/#breadcrumb\"},\"inLanguage\":\"en-US\",\"potentialAction\":[{\"@type\":\"ReadAction\",\"target\":[\"https:\\\/\\\/www.uartes.edu.ec\\\/sitio\\\/en\\\/blog\\\/2020\\\/02\\\/06\\\/ninos-comelibros-y-club-de-lectura-en-libreria-rita-lecumberri-del-fce\\\/\"]}]},{\"@type\":\"ImageObject\",\"inLanguage\":\"en-US\",\"@id\":\"https:\\\/\\\/www.uartes.edu.ec\\\/sitio\\\/en\\\/blog\\\/2020\\\/02\\\/06\\\/ninos-comelibros-y-club-de-lectura-en-libreria-rita-lecumberri-del-fce\\\/#primaryimage\",\"url\":\"https:\\\/\\\/www.uartes.edu.ec\\\/sitio\\\/wp-content\\\/uploads\\\/2020\\\/02\\\/RITA-LECUMBERRI-LECTURA-RIA_-2.jpg\",\"contentUrl\":\"https:\\\/\\\/www.uartes.edu.ec\\\/sitio\\\/wp-content\\\/uploads\\\/2020\\\/02\\\/RITA-LECUMBERRI-LECTURA-RIA_-2.jpg\",\"width\":2000,\"height\":1333},{\"@type\":\"BreadcrumbList\",\"@id\":\"https:\\\/\\\/www.uartes.edu.ec\\\/sitio\\\/en\\\/blog\\\/2020\\\/02\\\/06\\\/ninos-comelibros-y-club-de-lectura-en-libreria-rita-lecumberri-del-fce\\\/#breadcrumb\",\"itemListElement\":[{\"@type\":\"ListItem\",\"position\":1,\"name\":\"Inicio\",\"item\":\"https:\\\/\\\/www.uartes.edu.ec\\\/sitio\\\/\"},{\"@type\":\"ListItem\",\"position\":2,\"name\":\"Ni\u00f1os comelibros y Club de Lectura, en librer\u00eda Rita Lecumberri del FCE\"}]},{\"@type\":\"WebSite\",\"@id\":\"https:\\\/\\\/www.uartes.edu.ec\\\/sitio\\\/en\\\/#website\",\"url\":\"https:\\\/\\\/www.uartes.edu.ec\\\/sitio\\\/en\\\/\",\"name\":\"Universidad de las Artes\",\"description\":\"Sitio oficial de la Universidad Nacional de las Artes del Ecuador\",\"publisher\":{\"@id\":\"https:\\\/\\\/www.uartes.edu.ec\\\/sitio\\\/en\\\/#organization\"},\"potentialAction\":[{\"@type\":\"SearchAction\",\"target\":{\"@type\":\"EntryPoint\",\"urlTemplate\":\"https:\\\/\\\/www.uartes.edu.ec\\\/sitio\\\/en\\\/?s={search_term_string}\"},\"query-input\":{\"@type\":\"PropertyValueSpecification\",\"valueRequired\":true,\"valueName\":\"search_term_string\"}}],\"inLanguage\":\"en-US\"},{\"@type\":\"Organization\",\"@id\":\"https:\\\/\\\/www.uartes.edu.ec\\\/sitio\\\/en\\\/#organization\",\"name\":\"Universidad de las Artes\",\"url\":\"https:\\\/\\\/www.uartes.edu.ec\\\/sitio\\\/en\\\/\",\"logo\":{\"@type\":\"ImageObject\",\"inLanguage\":\"en-US\",\"@id\":\"https:\\\/\\\/www.uartes.edu.ec\\\/sitio\\\/en\\\/#\\\/schema\\\/logo\\\/image\\\/\",\"url\":\"https:\\\/\\\/www.uartes.edu.ec\\\/sitio\\\/wp-content\\\/uploads\\\/2022\\\/07\\\/logo-ua-horizontal.png\",\"contentUrl\":\"https:\\\/\\\/www.uartes.edu.ec\\\/sitio\\\/wp-content\\\/uploads\\\/2022\\\/07\\\/logo-ua-horizontal.png\",\"width\":800,\"height\":276,\"caption\":\"Universidad de las Artes\"},\"image\":{\"@id\":\"https:\\\/\\\/www.uartes.edu.ec\\\/sitio\\\/en\\\/#\\\/schema\\\/logo\\\/image\\\/\"},\"sameAs\":[\"https:\\\/\\\/www.facebook.com\\\/uartesec\",\"https:\\\/\\\/x.com\\\/uartesec\",\"https:\\\/\\\/www.tiktok.com\\\/@uartesec\"]},{\"@type\":\"Person\",\"@id\":\"https:\\\/\\\/www.uartes.edu.ec\\\/sitio\\\/en\\\/#\\\/schema\\\/person\\\/f33f8c1d2af0d5c80a38c8abf458184a\",\"name\":\"Universidad de las Artes\",\"image\":{\"@type\":\"ImageObject\",\"inLanguage\":\"en-US\",\"@id\":\"https:\\\/\\\/secure.gravatar.com\\\/avatar\\\/52e4757902f5cfa5ac52d020e5be83cae5487519154b6c35482fe08d589f3c13?s=96&d=mm&r=g\",\"url\":\"https:\\\/\\\/secure.gravatar.com\\\/avatar\\\/52e4757902f5cfa5ac52d020e5be83cae5487519154b6c35482fe08d589f3c13?s=96&d=mm&r=g\",\"contentUrl\":\"https:\\\/\\\/secure.gravatar.com\\\/avatar\\\/52e4757902f5cfa5ac52d020e5be83cae5487519154b6c35482fe08d589f3c13?s=96&d=mm&r=g\",\"caption\":\"Universidad de las Artes\"},\"url\":\"https:\\\/\\\/www.uartes.edu.ec\\\/sitio\\\/en\\\/blog\\\/author\\\/dircomadm\\\/\"}]}<\/script>\n<!-- \/ Yoast SEO plugin. -->","yoast_head_json":{"title":"Universidad de las Artes - Ni\u00f1os comelibros y Club de Lectura, en librer\u00eda Rita Lecumberri del FCE","description":"Universidad de las Artes - Ni\u00f1os comelibros y Club de Lectura, en librer\u00eda Rita Lecumberri del FCE","robots":{"index":"index","follow":"follow","max-snippet":"max-snippet:-1","max-image-preview":"max-image-preview:large","max-video-preview":"max-video-preview:-1"},"canonical":"https:\/\/www.uartes.edu.ec\/sitio\/en\/blog\/2020\/02\/06\/ninos-comelibros-y-club-de-lectura-en-libreria-rita-lecumberri-del-fce\/","og_locale":"en_US","og_type":"article","og_title":"Universidad de las Artes - Ni\u00f1os comelibros y Club de Lectura, en librer\u00eda Rita Lecumberri del FCE","og_description":"Universidad de las Artes - Ni\u00f1os comelibros y Club de Lectura, en librer\u00eda Rita Lecumberri del FCE","og_url":"https:\/\/www.uartes.edu.ec\/sitio\/en\/blog\/2020\/02\/06\/ninos-comelibros-y-club-de-lectura-en-libreria-rita-lecumberri-del-fce\/","og_site_name":"Universidad de las Artes","article_publisher":"https:\/\/www.facebook.com\/uartesec","article_published_time":"2020-02-07T02:40:00+00:00","article_modified_time":"2024-07-04T16:48:38+00:00","og_image":[{"width":2000,"height":1333,"url":"https:\/\/www.uartes.edu.ec\/sitio\/wp-content\/uploads\/2020\/02\/RITA-LECUMBERRI-LECTURA-RIA_-2.jpg","type":"image\/jpeg"}],"author":"Universidad de las Artes","twitter_card":"summary_large_image","twitter_creator":"@uartesec","twitter_site":"@uartesec","twitter_misc":{"Written by":"Universidad de las Artes","Est. reading time":"1 minute"},"schema":{"@context":"https:\/\/schema.org","@graph":[{"@type":"Article","@id":"https:\/\/www.uartes.edu.ec\/sitio\/en\/blog\/2020\/02\/06\/ninos-comelibros-y-club-de-lectura-en-libreria-rita-lecumberri-del-fce\/#article","isPartOf":{"@id":"https:\/\/www.uartes.edu.ec\/sitio\/en\/blog\/2020\/02\/06\/ninos-comelibros-y-club-de-lectura-en-libreria-rita-lecumberri-del-fce\/"},"author":{"name":"Universidad de las Artes","@id":"https:\/\/www.uartes.edu.ec\/sitio\/en\/#\/schema\/person\/f33f8c1d2af0d5c80a38c8abf458184a"},"headline":"Ni\u00f1os comelibros y Club de Lectura, en librer\u00eda Rita Lecumberri del FCE","datePublished":"2020-02-07T02:40:00+00:00","dateModified":"2024-07-04T16:48:38+00:00","mainEntityOfPage":{"@id":"https:\/\/www.uartes.edu.ec\/sitio\/en\/blog\/2020\/02\/06\/ninos-comelibros-y-club-de-lectura-en-libreria-rita-lecumberri-del-fce\/"},"wordCount":275,"publisher":{"@id":"https:\/\/www.uartes.edu.ec\/sitio\/en\/#organization"},"image":{"@id":"https:\/\/www.uartes.edu.ec\/sitio\/en\/blog\/2020\/02\/06\/ninos-comelibros-y-club-de-lectura-en-libreria-rita-lecumberri-del-fce\/#primaryimage"},"thumbnailUrl":"https:\/\/www.uartes.edu.ec\/sitio\/wp-content\/uploads\/2020\/02\/RITA-LECUMBERRI-LECTURA-RIA_-2.jpg","keywords":["biblioteca"],"articleSection":["Estudiantes","Literatura","V\u00ednculo"],"inLanguage":"en-US"},{"@type":["WebPage","ItemPage"],"@id":"https:\/\/www.uartes.edu.ec\/sitio\/en\/blog\/2020\/02\/06\/ninos-comelibros-y-club-de-lectura-en-libreria-rita-lecumberri-del-fce\/","url":"https:\/\/www.uartes.edu.ec\/sitio\/en\/blog\/2020\/02\/06\/ninos-comelibros-y-club-de-lectura-en-libreria-rita-lecumberri-del-fce\/","name":"Universidad de las Artes - Ni\u00f1os comelibros y Club de Lectura, en librer\u00eda Rita Lecumberri del FCE","isPartOf":{"@id":"https:\/\/www.uartes.edu.ec\/sitio\/en\/#website"},"primaryImageOfPage":{"@id":"https:\/\/www.uartes.edu.ec\/sitio\/en\/blog\/2020\/02\/06\/ninos-comelibros-y-club-de-lectura-en-libreria-rita-lecumberri-del-fce\/#primaryimage"},"image":{"@id":"https:\/\/www.uartes.edu.ec\/sitio\/en\/blog\/2020\/02\/06\/ninos-comelibros-y-club-de-lectura-en-libreria-rita-lecumberri-del-fce\/#primaryimage"},"thumbnailUrl":"https:\/\/www.uartes.edu.ec\/sitio\/wp-content\/uploads\/2020\/02\/RITA-LECUMBERRI-LECTURA-RIA_-2.jpg","datePublished":"2020-02-07T02:40:00+00:00","dateModified":"2024-07-04T16:48:38+00:00","description":"Universidad de las Artes - Ni\u00f1os comelibros y Club de Lectura, en librer\u00eda Rita Lecumberri del FCE","breadcrumb":{"@id":"https:\/\/www.uartes.edu.ec\/sitio\/en\/blog\/2020\/02\/06\/ninos-comelibros-y-club-de-lectura-en-libreria-rita-lecumberri-del-fce\/#breadcrumb"},"inLanguage":"en-US","potentialAction":[{"@type":"ReadAction","target":["https:\/\/www.uartes.edu.ec\/sitio\/en\/blog\/2020\/02\/06\/ninos-comelibros-y-club-de-lectura-en-libreria-rita-lecumberri-del-fce\/"]}]},{"@type":"ImageObject","inLanguage":"en-US","@id":"https:\/\/www.uartes.edu.ec\/sitio\/en\/blog\/2020\/02\/06\/ninos-comelibros-y-club-de-lectura-en-libreria-rita-lecumberri-del-fce\/#primaryimage","url":"https:\/\/www.uartes.edu.ec\/sitio\/wp-content\/uploads\/2020\/02\/RITA-LECUMBERRI-LECTURA-RIA_-2.jpg","contentUrl":"https:\/\/www.uartes.edu.ec\/sitio\/wp-content\/uploads\/2020\/02\/RITA-LECUMBERRI-LECTURA-RIA_-2.jpg","width":2000,"height":1333},{"@type":"BreadcrumbList","@id":"https:\/\/www.uartes.edu.ec\/sitio\/en\/blog\/2020\/02\/06\/ninos-comelibros-y-club-de-lectura-en-libreria-rita-lecumberri-del-fce\/#breadcrumb","itemListElement":[{"@type":"ListItem","position":1,"name":"Inicio","item":"https:\/\/www.uartes.edu.ec\/sitio\/"},{"@type":"ListItem","position":2,"name":"Ni\u00f1os comelibros y Club de Lectura, en librer\u00eda Rita Lecumberri del FCE"}]},{"@type":"WebSite","@id":"https:\/\/www.uartes.edu.ec\/sitio\/en\/#website","url":"https:\/\/www.uartes.edu.ec\/sitio\/en\/","name":"Universidad de las Artes","description":"Sitio oficial de la Universidad Nacional de las Artes del Ecuador","publisher":{"@id":"https:\/\/www.uartes.edu.ec\/sitio\/en\/#organization"},"potentialAction":[{"@type":"SearchAction","target":{"@type":"EntryPoint","urlTemplate":"https:\/\/www.uartes.edu.ec\/sitio\/en\/?s={search_term_string}"},"query-input":{"@type":"PropertyValueSpecification","valueRequired":true,"valueName":"search_term_string"}}],"inLanguage":"en-US"},{"@type":"Organization","@id":"https:\/\/www.uartes.edu.ec\/sitio\/en\/#organization","name":"Universidad de las Artes","url":"https:\/\/www.uartes.edu.ec\/sitio\/en\/","logo":{"@type":"ImageObject","inLanguage":"en-US","@id":"https:\/\/www.uartes.edu.ec\/sitio\/en\/#\/schema\/logo\/image\/","url":"https:\/\/www.uartes.edu.ec\/sitio\/wp-content\/uploads\/2022\/07\/logo-ua-horizontal.png","contentUrl":"https:\/\/www.uartes.edu.ec\/sitio\/wp-content\/uploads\/2022\/07\/logo-ua-horizontal.png","width":800,"height":276,"caption":"Universidad de las Artes"},"image":{"@id":"https:\/\/www.uartes.edu.ec\/sitio\/en\/#\/schema\/logo\/image\/"},"sameAs":["https:\/\/www.facebook.com\/uartesec","https:\/\/x.com\/uartesec","https:\/\/www.tiktok.com\/@uartesec"]},{"@type":"Person","@id":"https:\/\/www.uartes.edu.ec\/sitio\/en\/#\/schema\/person\/f33f8c1d2af0d5c80a38c8abf458184a","name":"Universidad de las Artes","image":{"@type":"ImageObject","inLanguage":"en-US","@id":"https:\/\/secure.gravatar.com\/avatar\/52e4757902f5cfa5ac52d020e5be83cae5487519154b6c35482fe08d589f3c13?s=96&d=mm&r=g","url":"https:\/\/secure.gravatar.com\/avatar\/52e4757902f5cfa5ac52d020e5be83cae5487519154b6c35482fe08d589f3c13?s=96&d=mm&r=g","contentUrl":"https:\/\/secure.gravatar.com\/avatar\/52e4757902f5cfa5ac52d020e5be83cae5487519154b6c35482fe08d589f3c13?s=96&d=mm&r=g","caption":"Universidad de las Artes"},"url":"https:\/\/www.uartes.edu.ec\/sitio\/en\/blog\/author\/dircomadm\/"}]}},"uagb_featured_image_src":{"full":["https:\/\/www.uartes.edu.ec\/sitio\/wp-content\/uploads\/2020\/02\/RITA-LECUMBERRI-LECTURA-RIA_-2.jpg",2000,1333,false],"thumbnail":["https:\/\/www.uartes.edu.ec\/sitio\/wp-content\/uploads\/2020\/02\/RITA-LECUMBERRI-LECTURA-RIA_-2-150x150.jpg",150,150,true],"medium":["https:\/\/www.uartes.edu.ec\/sitio\/wp-content\/uploads\/2020\/02\/RITA-LECUMBERRI-LECTURA-RIA_-2-300x200.jpg",300,200,true],"medium_large":["https:\/\/www.uartes.edu.ec\/sitio\/wp-content\/uploads\/2020\/02\/RITA-LECUMBERRI-LECTURA-RIA_-2-768x512.jpg",768,512,true],"large":["https:\/\/www.uartes.edu.ec\/sitio\/wp-content\/uploads\/2020\/02\/RITA-LECUMBERRI-LECTURA-RIA_-2-644x429.jpg",644,429,true],"1536x1536":["https:\/\/www.uartes.edu.ec\/sitio\/wp-content\/uploads\/2020\/02\/RITA-LECUMBERRI-LECTURA-RIA_-2-1536x1024.jpg",1536,1024,true],"2048x2048":["https:\/\/www.uartes.edu.ec\/sitio\/wp-content\/uploads\/2020\/02\/RITA-LECUMBERRI-LECTURA-RIA_-2.jpg",2000,1333,false],"trp-custom-language-flag":["https:\/\/www.uartes.edu.ec\/sitio\/wp-content\/uploads\/2020\/02\/RITA-LECUMBERRI-LECTURA-RIA_-2.jpg",18,12,false],"htmega_size_585x295":["https:\/\/www.uartes.edu.ec\/sitio\/wp-content\/uploads\/2020\/02\/RITA-LECUMBERRI-LECTURA-RIA_-2.jpg",443,295,false],"htmega_size_1170x536":["https:\/\/www.uartes.edu.ec\/sitio\/wp-content\/uploads\/2020\/02\/RITA-LECUMBERRI-LECTURA-RIA_-2.jpg",804,536,false],"htmega_size_396x360":["https:\/\/www.uartes.edu.ec\/sitio\/wp-content\/uploads\/2020\/02\/RITA-LECUMBERRI-LECTURA-RIA_-2.jpg",396,264,false],"gb-block-post-grid-landscape":["https:\/\/www.uartes.edu.ec\/sitio\/wp-content\/uploads\/2020\/02\/RITA-LECUMBERRI-LECTURA-RIA_-2.jpg",600,400,false],"gb-block-post-grid-square":["https:\/\/www.uartes.edu.ec\/sitio\/wp-content\/uploads\/2020\/02\/RITA-LECUMBERRI-LECTURA-RIA_-2.jpg",600,400,false],"university-hub-thumb":["https:\/\/www.uartes.edu.ec\/sitio\/wp-content\/uploads\/2020\/02\/RITA-LECUMBERRI-LECTURA-RIA_-2-400x267.jpg",400,267,true],"mailpoet_newsletter_max":["https:\/\/www.uartes.edu.ec\/sitio\/wp-content\/uploads\/2020\/02\/RITA-LECUMBERRI-LECTURA-RIA_-2.jpg",1320,880,false]},"uagb_author_info":{"display_name":"Universidad de las Artes","author_link":"https:\/\/www.uartes.edu.ec\/sitio\/en\/blog\/author\/dircomadm\/"},"uagb_comment_info":0,"uagb_excerpt":"Incentivar la lectura desde corta edad para promover en ni\u00f1as y ni\u00f1os confianza y creatividad, y tejer, adem\u00e1s, un lazo afectivo cuando la lectura es acompa\u00f1ada propone la Librer\u00eda Rita Lecumberri del FCE, ubicada en la Sala R\u00eda de la Biblioteca de las Artes.","featured_image_src":"https:\/\/www.uartes.edu.ec\/sitio\/wp-content\/uploads\/2020\/02\/RITA-LECUMBERRI-LECTURA-RIA_-2.jpg","featured_image_src_square":"https:\/\/www.uartes.edu.ec\/sitio\/wp-content\/uploads\/2020\/02\/RITA-LECUMBERRI-LECTURA-RIA_-2.jpg","author_info":{"display_name":"Universidad de las Artes","author_link":"https:\/\/www.uartes.edu.ec\/sitio\/en\/blog\/author\/dircomadm\/"},"publishpress_future_workflow_manual_trigger":{"enabledWorkflows":[]},"distributor_meta":false,"distributor_terms":false,"distributor_media":false,"distributor_original_site_name":"Universidad de las Artes","distributor_original_site_url":"https:\/\/www.uartes.edu.ec\/sitio\/en","push-errors":false,"_links":{"self":[{"href":"https:\/\/www.uartes.edu.ec\/sitio\/en\/wp-json\/wp\/v2\/posts\/6215","targetHints":{"allow":["GET"]}}],"collection":[{"href":"https:\/\/www.uartes.edu.ec\/sitio\/en\/wp-json\/wp\/v2\/posts"}],"about":[{"href":"https:\/\/www.uartes.edu.ec\/sitio\/en\/wp-json\/wp\/v2\/types\/post"}],"author":[{"embeddable":true,"href":"https:\/\/www.uartes.edu.ec\/sitio\/en\/wp-json\/wp\/v2\/users\/1"}],"replies":[{"embeddable":true,"href":"https:\/\/www.uartes.edu.ec\/sitio\/en\/wp-json\/wp\/v2\/comments?post=6215"}],"version-history":[{"count":2,"href":"https:\/\/www.uartes.edu.ec\/sitio\/en\/wp-json\/wp\/v2\/posts\/6215\/revisions"}],"predecessor-version":[{"id":6223,"href":"https:\/\/www.uartes.edu.ec\/sitio\/en\/wp-json\/wp\/v2\/posts\/6215\/revisions\/6223"}],"wp:featuredmedia":[{"embeddable":true,"href":"https:\/\/www.uartes.edu.ec\/sitio\/en\/wp-json\/wp\/v2\/media\/6220"}],"wp:attachment":[{"href":"https:\/\/www.uartes.edu.ec\/sitio\/en\/wp-json\/wp\/v2\/media?parent=6215"}],"wp:term":[{"taxonomy":"category","embeddable":true,"href":"https:\/\/www.uartes.edu.ec\/sitio\/en\/wp-json\/wp\/v2\/categories?post=6215"},{"taxonomy":"post_tag","embeddable":true,"href":"https:\/\/www.uartes.edu.ec\/sitio\/en\/wp-json\/wp\/v2\/tags?post=6215"},{"taxonomy":"infouartes","embeddable":true,"href":"https:\/\/www.uartes.edu.ec\/sitio\/en\/wp-json\/wp\/v2\/infouartes?post=6215"}],"curies":[{"name":"wp","href":"https:\/\/api.w.org\/{rel}","templated":true}]}}