{"id":62324,"date":"2024-09-26T14:27:00","date_gmt":"2024-09-26T19:27:00","guid":{"rendered":"https:\/\/www.uartes.edu.ec\/sitio\/?p=62324"},"modified":"2024-09-28T11:56:10","modified_gmt":"2024-09-28T16:56:10","slug":"primero-apus-y-en-octubre-visualmov-los-pasos-del-colectivo-senna-cultura-que-integran-estudiantes-y-alumni","status":"publish","type":"post","link":"https:\/\/www.uartes.edu.ec\/sitio\/en\/blog\/2024\/09\/26\/primero-apus-y-en-octubre-visualmov-los-pasos-del-colectivo-senna-cultura-que-integran-estudiantes-y-alumni\/","title":{"rendered":"Primero \u201cApus\u201d y en octubre \u201cVisualMov\u201d, los pasos del Colectivo Senna Cultura que integran estudiantes y alumni de la UArtes"},"content":{"rendered":"<p>Artes visuales, sonoras y danza contempor\u00e1nea se fusionan en \u201cApus, entre resonar de gigantes\u201d, una obra inmersiva creada de manera conjunta por estudiantes y alumni de la Universidad de las Artes, integrados en el Colectivo Senna Cultura. Ya tuvo su estreno en Teatro Casa Zona Escena, a inicios del presente mes, y sus int\u00e9rpretes creadores analizan la posibilidad de llevarla a otros espacios.<\/p>\n\n\n\n<p>Del colectivo, es Fernanda Lara, bailarina y alumnus de Danza, quien comparte detalles de la obra, desde su concepci\u00f3n, proceso y desarrollo. Inicia dando cuenta de quienes junto con ella participaron en \u201cApus\u201d: los alumni Johan Garrido, artista visual, y Noelia Almeida, bailarina, as\u00ed como los estudiantes Bladimir Malaver, bailar\u00edn; Aron Camacho, dise\u00f1ador lum\u00ednico; y Marcelo L\u00f3pez, m\u00fasico, quienes cursan el octavo semestre de Artes Esc\u00e9nicas y Producci\u00f3n Musical, respectivamente.<\/p>\n\n\n\n<p>Adelant\u00f3 que, tras esta presentaci\u00f3n, el colectivo prepara su primer festival de video danzas \u201cVisualMov\u201d. Tendr\u00e1 lugar los d\u00edas 3 y 4 de octubre en la Sala de Cine del MZ14 Centro de Producci\u00f3n e Innovaci\u00f3n UArtes. Su cartelera incluir\u00e1 obras de artistas reconocidos, como Omar Aguirre y Jorge Parra, y al t\u00e9rmino de las proyecciones habr\u00e1 conversatorios, a fin de que el p\u00fablico conozca m\u00e1s sobre los procesos creativos.<\/p>\n\n\n<div class=\"wp-block-image\">\n<figure class=\"aligncenter size-large\"><img fetchpriority=\"high\" decoding=\"async\" width=\"644\" height=\"483\" src=\"https:\/\/www.uartes.edu.ec\/sitio\/wp-content\/uploads\/2024\/09\/APUS-4_16x9-1-644x483.jpg\" alt=\"\" class=\"wp-image-62326\" srcset=\"https:\/\/www.uartes.edu.ec\/sitio\/wp-content\/uploads\/2024\/09\/APUS-4_16x9-1-644x483.jpg 644w, https:\/\/www.uartes.edu.ec\/sitio\/wp-content\/uploads\/2024\/09\/APUS-4_16x9-1-300x225.jpg 300w, https:\/\/www.uartes.edu.ec\/sitio\/wp-content\/uploads\/2024\/09\/APUS-4_16x9-1-768x576.jpg 768w, https:\/\/www.uartes.edu.ec\/sitio\/wp-content\/uploads\/2024\/09\/APUS-4_16x9-1-1536x1152.jpg 1536w, https:\/\/www.uartes.edu.ec\/sitio\/wp-content\/uploads\/2024\/09\/APUS-4_16x9-1-16x12.jpg 16w, https:\/\/www.uartes.edu.ec\/sitio\/wp-content\/uploads\/2024\/09\/APUS-4_16x9-1-400x300.jpg 400w, https:\/\/www.uartes.edu.ec\/sitio\/wp-content\/uploads\/2024\/09\/APUS-4_16x9-1.jpg 1777w\" sizes=\"(max-width: 644px) 100vw, 644px\" \/><\/figure>\n<\/div>\n\n\n<h3 class=\"wp-block-heading\">Historia y memoria cobran vida<\/h3>\n\n\n\n<p>Retomando la obra inmersiva presentada, Lara explica que se inspira en los Apus, monta\u00f1as sagradas de las culturas andinas e invita a los espectadores a sumergirse en un espacio donde historia y memoria cobran vida a trav\u00e9s del arte contempor\u00e1neo. La propuesta es que el p\u00fablico no solo observe, sino que viva la experiencia de este di\u00e1logo entre el cuerpo y la naturaleza.<\/p>\n\n\n\n<p>\u201cNuestro prop\u00f3sito es que los asistentes experimenten c\u00f3mo el entorno natural no solo moldea el paisaje, sino tambi\u00e9n nuestras emociones y percepciones. Cada movimiento, sonido e imagen contribuye a una reflexi\u00f3n sobre la simbiosis entre el ser humano y la tierra, creando un espacio en el que naturaleza y cuerpo se entrelazan\u201d.<\/p>\n\n\n\n<p>Agrega que la reflexi\u00f3n sobre las monta\u00f1as que plantean no es solo como formaciones geol\u00f3gicas, sino como met\u00e1foras del cuerpo. Estructuras que cargan historias, tensiones y transformaciones. \u201cApus\u201d busca transmitir la sensibilidad de ambos territorios, mostrando c\u00f3mo comparten la capacidad de resistir, sostener y mutar bajo la presi\u00f3n del tiempo y los elementos.<\/p>\n\n\n\n<p>El nombre \u201cApus\u201d lo eligieron por su significado \u201ccomo deidad o esp\u00edritu sagrado de las monta\u00f1as en la cosmovisi\u00f3n andina. Los pueblos que habitan los Andes, como los incas, los reverenciaban como protectores de las comunidades y naturaleza. \u201cCuando hablamos del resonar de gigantes, sentimos que estos seres monta\u00f1osos vibran entre s\u00ed, modelando tanto la geograf\u00eda como nuestras corporalidades\u201d.<\/p>\n\n\n<div class=\"wp-block-image\">\n<figure class=\"aligncenter size-large\"><img decoding=\"async\" width=\"644\" height=\"483\" src=\"https:\/\/www.uartes.edu.ec\/sitio\/wp-content\/uploads\/2024\/09\/APUS-3_16x9-1-644x483.jpg\" alt=\"\" class=\"wp-image-62327\" srcset=\"https:\/\/www.uartes.edu.ec\/sitio\/wp-content\/uploads\/2024\/09\/APUS-3_16x9-1-644x483.jpg 644w, https:\/\/www.uartes.edu.ec\/sitio\/wp-content\/uploads\/2024\/09\/APUS-3_16x9-1-300x225.jpg 300w, https:\/\/www.uartes.edu.ec\/sitio\/wp-content\/uploads\/2024\/09\/APUS-3_16x9-1-768x576.jpg 768w, https:\/\/www.uartes.edu.ec\/sitio\/wp-content\/uploads\/2024\/09\/APUS-3_16x9-1-1536x1152.jpg 1536w, https:\/\/www.uartes.edu.ec\/sitio\/wp-content\/uploads\/2024\/09\/APUS-3_16x9-1-16x12.jpg 16w, https:\/\/www.uartes.edu.ec\/sitio\/wp-content\/uploads\/2024\/09\/APUS-3_16x9-1-400x300.jpg 400w, https:\/\/www.uartes.edu.ec\/sitio\/wp-content\/uploads\/2024\/09\/APUS-3_16x9-1.jpg 1777w\" sizes=\"(max-width: 644px) 100vw, 644px\" \/><\/figure>\n<\/div>\n\n\n<p>El estreno de la obra fue un desaf\u00edo como gestores, productores y artistas, impuls\u00e1ndolos a ser m\u00e1s ingeniosos durante el proceso creativo. \u201cEn este camino, encontramos colaboradores dispuestos a unirse a nuestra traves\u00eda. Establecimos dos convenios clave: con la Escuela de Danza Katarsis y con la marca RetroCheap\u201d.<\/p>\n\n\n\n<h3 class=\"wp-block-heading\">Obra se sustenta en investigaciones<\/h3>\n\n\n\n<p>Indica tambi\u00e9n que la obra se construye como parte de una investigaci\u00f3n m\u00e1s amplia que se fundamenta en dos tesis: la visual \u201cSer monta\u00f1a\u201d de Johan Garrido y la de danza \u201cCartograf\u00edas Latentes\u201d, que es suya. Es a partir de estas propuestas que surgi\u00f3 la idea de crear una obra inmersiva que construya de los cuestionamientos sobre el cuerpo, la naturaleza, el acto de observar y ser observados.<\/p>\n\n\n\n<p>\u201cLlevar \u2018Apus\u2019 al Teatro Zona Escena fue crucial para nuestro desarrollo como artistas emergentes. Este espacio nos brind\u00f3 la oportunidad de visibilizar nuestro trabajo en un entorno profesional\u201d, manifiesta y reitera que, aunque no hay todav\u00eda fechas programadas en otros lugares, tienen como meta llevarla a distintos escenarios y compartir la experiencia con diversas audiencias.<\/p>\n\n\n<div class=\"wp-block-image\">\n<figure class=\"aligncenter size-large\"><img decoding=\"async\" width=\"644\" height=\"483\" src=\"https:\/\/www.uartes.edu.ec\/sitio\/wp-content\/uploads\/2024\/09\/APUS-2_16x9-644x483.jpg\" alt=\"\" class=\"wp-image-62328\" srcset=\"https:\/\/www.uartes.edu.ec\/sitio\/wp-content\/uploads\/2024\/09\/APUS-2_16x9-644x483.jpg 644w, https:\/\/www.uartes.edu.ec\/sitio\/wp-content\/uploads\/2024\/09\/APUS-2_16x9-300x225.jpg 300w, https:\/\/www.uartes.edu.ec\/sitio\/wp-content\/uploads\/2024\/09\/APUS-2_16x9-768x576.jpg 768w, https:\/\/www.uartes.edu.ec\/sitio\/wp-content\/uploads\/2024\/09\/APUS-2_16x9-1536x1152.jpg 1536w, https:\/\/www.uartes.edu.ec\/sitio\/wp-content\/uploads\/2024\/09\/APUS-2_16x9-16x12.jpg 16w, https:\/\/www.uartes.edu.ec\/sitio\/wp-content\/uploads\/2024\/09\/APUS-2_16x9-400x300.jpg 400w, https:\/\/www.uartes.edu.ec\/sitio\/wp-content\/uploads\/2024\/09\/APUS-2_16x9.jpg 1777w\" sizes=\"(max-width: 644px) 100vw, 644px\" \/><\/figure>\n<\/div>\n\n\n<p>El Colectivo Senna Cultura, se\u00f1ala Lara, es un grupo multidisciplinario de artistas dedicados a explorar las fronteras entre diferentes formas de arte. Con un enfoque en la creaci\u00f3n de experiencias inmersivas, sus proyectos buscan conectar profundamente con el espectador, invit\u00e1ndolo a un di\u00e1logo entre las artes esc\u00e9nicas, visuales y los ambientes sonoros.<\/p>\n\n\n\n<h3 class=\"wp-block-heading\">Los int\u00e9rpretes creadores<\/h3>\n\n\n\n<p>Fernanda Lara: co-productora de Senna Cultura y co-creadora del Colectivo Acuarela. Licenciada en Danza por la UArtes, con especializaci\u00f3n en Pedagog\u00eda. Se desempe\u00f1a como productora, gestora cultural e int\u00e9rprete, creando obras de danza y proyectos culturales trans-interdisciplinarios. Su trabajo se enfoca en la investigaci\u00f3n de las corporalidades en relaci\u00f3n con sus entornos geogr\u00e1ficos y memorias colectivas. Posee conocimientos en som\u00e1tica, ballet, danza contempor\u00e1nea, medios audiovisuales e historia del arte.<\/p>\n\n\n\n<p>Marcelo L\u00f3pez: compositor y productor musical, estudiante UArtes de Producci\u00f3n Musical. Su trabajo se inclina hacia las artes esc\u00e9nicas y audiovisuales. Ha colaborado con varios artistas dentro de la escena y participado en festivales a nivel nacional. Se aproxima a las artes esc\u00e9nicas desde el paisaje sonoro para generar una sensaci\u00f3n envolvente en el espectador.&nbsp;<\/p>\n\n\n<div class=\"wp-block-image\">\n<figure class=\"aligncenter size-large\"><img loading=\"lazy\" decoding=\"async\" width=\"644\" height=\"483\" src=\"https:\/\/www.uartes.edu.ec\/sitio\/wp-content\/uploads\/2024\/09\/APUS-1_16x9-1-644x483.jpg\" alt=\"\" class=\"wp-image-62329\" srcset=\"https:\/\/www.uartes.edu.ec\/sitio\/wp-content\/uploads\/2024\/09\/APUS-1_16x9-1-644x483.jpg 644w, https:\/\/www.uartes.edu.ec\/sitio\/wp-content\/uploads\/2024\/09\/APUS-1_16x9-1-300x225.jpg 300w, https:\/\/www.uartes.edu.ec\/sitio\/wp-content\/uploads\/2024\/09\/APUS-1_16x9-1-768x576.jpg 768w, https:\/\/www.uartes.edu.ec\/sitio\/wp-content\/uploads\/2024\/09\/APUS-1_16x9-1-1536x1152.jpg 1536w, https:\/\/www.uartes.edu.ec\/sitio\/wp-content\/uploads\/2024\/09\/APUS-1_16x9-1-16x12.jpg 16w, https:\/\/www.uartes.edu.ec\/sitio\/wp-content\/uploads\/2024\/09\/APUS-1_16x9-1-400x300.jpg 400w, https:\/\/www.uartes.edu.ec\/sitio\/wp-content\/uploads\/2024\/09\/APUS-1_16x9-1.jpg 1777w\" sizes=\"(max-width: 644px) 100vw, 644px\" \/><\/figure>\n<\/div>\n\n\n<p>Noelia Almeida: co-creadora del Colectivo Acuarela. Su experiencia en danza incluye la contempor\u00e1nea, principios de ballet y&nbsp;<em>cheerleading.<\/em>&nbsp;Licenciada en Danza por la UArtes, actualmente se desempe\u00f1a como docente y participa en obras como directora e int\u00e9rprete, enfoc\u00e1ndose en la exploraci\u00f3n del movimiento desde aspectos sensibles y escriturales relacionados con el habitar.<\/p>\n\n\n\n<p>Gohan Garrido: su camino en el arte ha estado impulsado por la b\u00fasqueda constante de capturar la esencia de cada experiencia. Ha participado en proyectos art\u00edsticos como \u201cArte para no olvidar\u201d (residencia), \u201cPacha de titanes\u201d (exposici\u00f3n), \u201cCon los pies descalzos\u201d (performance) y \u00abSer monta\u00f1a\u00bb, su muestra. Actualmente canaliza su pr\u00e1ctica art\u00edstica en la producci\u00f3n de proyectos con inter\u00e9s en lo trans\/interdisciplinar, especialmente en fotograf\u00eda, performance, danza y el medioambiente.<\/p>\n\n\n\n<p>Aar\u00f3n Camacho: Artista interdisciplinario de 22 a\u00f1os originario de Arenillas, inicia su carrera art\u00edstica a los 13 en grupos locales. Curs\u00f3 la licenciatura en Danza en la UArtes desde 2020, participando en obras de danza contempor\u00e1nea, folklore y musicales; en 2023 amplia sus conocimientos en la Universidad Federal de Bah\u00eda (UFBA), Brasil. Actualmente explora el dise\u00f1o lum\u00ednico para puestas en escena. La curiosidad y la b\u00fasqueda constante de expresi\u00f3n lo define como artista. Le interesa explorar la interconexi\u00f3n entre danza, dise\u00f1o lum\u00ednico y narrativa visual.<\/p>\n\n\n\n<p>Bladimir Malaver,&nbsp;<em>Blady Mikel:<\/em>&nbsp;originario de Sarayaku, inici\u00f3 sus estudios de Danza durante 7 a\u00f1os en la Escuela de Formaci\u00f3n Art\u00edstica profesional Step Dance con los maestros Albert Romero y Pamela Sambache. Particip\u00f3 en varias competencias de Electro Dance en Ecuador, Colombia y Per\u00fa. Ha recibido varios talleres de bailes tropicales y urban dance, como hip hop dance, popping, waacking, dancehall, breaking, electro y locking.&nbsp;<\/p>\n\n\n<div class=\"wp-block-image\">\n<figure class=\"aligncenter size-large\"><img loading=\"lazy\" decoding=\"async\" width=\"644\" height=\"483\" src=\"https:\/\/www.uartes.edu.ec\/sitio\/wp-content\/uploads\/2024\/09\/AFICHE1-APUS-1-1-644x483.jpg\" alt=\"\" class=\"wp-image-62330\" srcset=\"https:\/\/www.uartes.edu.ec\/sitio\/wp-content\/uploads\/2024\/09\/AFICHE1-APUS-1-1-644x483.jpg 644w, https:\/\/www.uartes.edu.ec\/sitio\/wp-content\/uploads\/2024\/09\/AFICHE1-APUS-1-1-300x225.jpg 300w, https:\/\/www.uartes.edu.ec\/sitio\/wp-content\/uploads\/2024\/09\/AFICHE1-APUS-1-1-768x576.jpg 768w, https:\/\/www.uartes.edu.ec\/sitio\/wp-content\/uploads\/2024\/09\/AFICHE1-APUS-1-1-1536x1152.jpg 1536w, https:\/\/www.uartes.edu.ec\/sitio\/wp-content\/uploads\/2024\/09\/AFICHE1-APUS-1-1-16x12.jpg 16w, https:\/\/www.uartes.edu.ec\/sitio\/wp-content\/uploads\/2024\/09\/AFICHE1-APUS-1-1-400x300.jpg 400w, https:\/\/www.uartes.edu.ec\/sitio\/wp-content\/uploads\/2024\/09\/AFICHE1-APUS-1-1.jpg 1777w\" sizes=\"(max-width: 644px) 100vw, 644px\" \/><\/figure>\n<\/div>\n\n\n<p>Texto y fotos. colaboraci\u00f3n de Fernanda Lara\/Colectivo Senna Cultura.<\/p>\n\n\n\n<p><\/p>","protected":false},"excerpt":{"rendered":"<p>Artes visuales, sonoras y danza contempor\u00e1nea se fusionan en \u201cApus, entre resonar de gigantes\u201d, una obra inmersiva creada por estudiantes y alumni de la UArtes, integrados en el Colectivo Senna Cultura. Ya tuvo su estreno en Teatro Casa Zona Escena, a inicios de mes, y sus int\u00e9rpretes creadores analizan llevarla a otros espacios. Tambi\u00e9n se preparan para su primer festival de video danzas \u201cVisualMov\u201d.<\/p>","protected":false},"author":10,"featured_media":62325,"comment_status":"open","ping_status":"open","sticky":false,"template":"","format":"standard","meta":{"_acf_changed":false,"_uag_custom_page_level_css":"","_monsterinsights_skip_tracking":false,"_monsterinsights_sitenote_active":false,"_monsterinsights_sitenote_note":"","_monsterinsights_sitenote_category":0,"cybocfi_hide_featured_image":"","footnotes":""},"categories":[80,490,82,159,76],"tags":[],"infouartes":[],"class_list":["post-62324","post","type-post","status-publish","format-standard","has-post-thumbnail","hentry","category-academico","category-alumni","category-artes","category-artes-escenicas","category-estudiantes"],"acf":[],"yoast_head":"<!-- This site is optimized with the Yoast SEO plugin v27.4 - https:\/\/yoast.com\/product\/yoast-seo-wordpress\/ -->\n<title>Universidad de las Artes - Primero \u201cApus\u201d y en octubre \u201cVisualMov\u201d, los pasos del Colectivo Senna Cultura que integran estudiantes y alumni de la UArtes<\/title>\n<meta name=\"description\" content=\"Universidad de las Artes - Primero \u201cApus\u201d y en octubre \u201cVisualMov\u201d, los pasos del Colectivo Senna Cultura que integran estudiantes y alumni de la UArtes\" \/>\n<meta name=\"robots\" content=\"index, follow, max-snippet:-1, max-image-preview:large, max-video-preview:-1\" \/>\n<link rel=\"canonical\" href=\"https:\/\/www.uartes.edu.ec\/sitio\/en\/blog\/2024\/09\/26\/primero-apus-y-en-octubre-visualmov-los-pasos-del-colectivo-senna-cultura-que-integran-estudiantes-y-alumni\/\" \/>\n<meta property=\"og:locale\" content=\"en_US\" \/>\n<meta property=\"og:type\" content=\"article\" \/>\n<meta property=\"og:title\" content=\"Universidad de las Artes - Primero \u201cApus\u201d y en octubre \u201cVisualMov\u201d, los pasos del Colectivo Senna Cultura que integran estudiantes y alumni de la UArtes\" \/>\n<meta property=\"og:description\" content=\"Universidad de las Artes - Primero \u201cApus\u201d y en octubre \u201cVisualMov\u201d, los pasos del Colectivo Senna Cultura que integran estudiantes y alumni de la UArtes\" \/>\n<meta property=\"og:url\" content=\"https:\/\/www.uartes.edu.ec\/sitio\/en\/blog\/2024\/09\/26\/primero-apus-y-en-octubre-visualmov-los-pasos-del-colectivo-senna-cultura-que-integran-estudiantes-y-alumni\/\" \/>\n<meta property=\"og:site_name\" content=\"Universidad de las Artes\" \/>\n<meta property=\"article:publisher\" content=\"https:\/\/www.facebook.com\/uartesec\" \/>\n<meta property=\"article:published_time\" content=\"2024-09-26T19:27:00+00:00\" \/>\n<meta property=\"article:modified_time\" content=\"2024-09-28T16:56:10+00:00\" \/>\n<meta property=\"og:image\" content=\"https:\/\/www.uartes.edu.ec\/sitio\/wp-content\/uploads\/2024\/09\/APUS-55-1.jpg\" \/>\n\t<meta property=\"og:image:width\" content=\"1777\" \/>\n\t<meta property=\"og:image:height\" content=\"1333\" \/>\n\t<meta property=\"og:image:type\" content=\"image\/jpeg\" \/>\n<meta name=\"author\" content=\"ccortez\" \/>\n<meta name=\"twitter:card\" content=\"summary_large_image\" \/>\n<meta name=\"twitter:creator\" content=\"@uartesec\" \/>\n<meta name=\"twitter:site\" content=\"@uartesec\" \/>\n<meta name=\"twitter:label1\" content=\"Written by\" \/>\n\t<meta name=\"twitter:data1\" content=\"ccortez\" \/>\n\t<meta name=\"twitter:label2\" content=\"Est. reading time\" \/>\n\t<meta name=\"twitter:data2\" content=\"7 minutes\" \/>\n<script type=\"application\/ld+json\" class=\"yoast-schema-graph\">{\"@context\":\"https:\\\/\\\/schema.org\",\"@graph\":[{\"@type\":\"Article\",\"@id\":\"https:\\\/\\\/www.uartes.edu.ec\\\/sitio\\\/en\\\/blog\\\/2024\\\/09\\\/26\\\/primero-apus-y-en-octubre-visualmov-los-pasos-del-colectivo-senna-cultura-que-integran-estudiantes-y-alumni\\\/#article\",\"isPartOf\":{\"@id\":\"https:\\\/\\\/www.uartes.edu.ec\\\/sitio\\\/en\\\/blog\\\/2024\\\/09\\\/26\\\/primero-apus-y-en-octubre-visualmov-los-pasos-del-colectivo-senna-cultura-que-integran-estudiantes-y-alumni\\\/\"},\"author\":{\"name\":\"ccortez\",\"@id\":\"https:\\\/\\\/www.uartes.edu.ec\\\/sitio\\\/en\\\/#\\\/schema\\\/person\\\/efa1b8275797664fd7f13a79ccc0b1f4\"},\"headline\":\"Primero \u201cApus\u201d y en octubre \u201cVisualMov\u201d, los pasos del Colectivo Senna Cultura que integran estudiantes y alumni de la UArtes\",\"datePublished\":\"2024-09-26T19:27:00+00:00\",\"dateModified\":\"2024-09-28T16:56:10+00:00\",\"mainEntityOfPage\":{\"@id\":\"https:\\\/\\\/www.uartes.edu.ec\\\/sitio\\\/en\\\/blog\\\/2024\\\/09\\\/26\\\/primero-apus-y-en-octubre-visualmov-los-pasos-del-colectivo-senna-cultura-que-integran-estudiantes-y-alumni\\\/\"},\"wordCount\":1188,\"commentCount\":0,\"publisher\":{\"@id\":\"https:\\\/\\\/www.uartes.edu.ec\\\/sitio\\\/en\\\/#organization\"},\"image\":{\"@id\":\"https:\\\/\\\/www.uartes.edu.ec\\\/sitio\\\/en\\\/blog\\\/2024\\\/09\\\/26\\\/primero-apus-y-en-octubre-visualmov-los-pasos-del-colectivo-senna-cultura-que-integran-estudiantes-y-alumni\\\/#primaryimage\"},\"thumbnailUrl\":\"https:\\\/\\\/www.uartes.edu.ec\\\/sitio\\\/wp-content\\\/uploads\\\/2024\\\/09\\\/APUS-55-1.jpg\",\"articleSection\":[\"Acad\u00e9mico\",\"Alumni\",\"Artes\",\"Artes Esc\u00e9nicas\",\"Estudiantes\"],\"inLanguage\":\"en-US\",\"potentialAction\":[{\"@type\":\"CommentAction\",\"name\":\"Comment\",\"target\":[\"https:\\\/\\\/www.uartes.edu.ec\\\/sitio\\\/en\\\/blog\\\/2024\\\/09\\\/26\\\/primero-apus-y-en-octubre-visualmov-los-pasos-del-colectivo-senna-cultura-que-integran-estudiantes-y-alumni\\\/#respond\"]}]},{\"@type\":[\"WebPage\",\"ItemPage\"],\"@id\":\"https:\\\/\\\/www.uartes.edu.ec\\\/sitio\\\/en\\\/blog\\\/2024\\\/09\\\/26\\\/primero-apus-y-en-octubre-visualmov-los-pasos-del-colectivo-senna-cultura-que-integran-estudiantes-y-alumni\\\/\",\"url\":\"https:\\\/\\\/www.uartes.edu.ec\\\/sitio\\\/en\\\/blog\\\/2024\\\/09\\\/26\\\/primero-apus-y-en-octubre-visualmov-los-pasos-del-colectivo-senna-cultura-que-integran-estudiantes-y-alumni\\\/\",\"name\":\"Universidad de las Artes - Primero \u201cApus\u201d y en octubre \u201cVisualMov\u201d, los pasos del Colectivo Senna Cultura que integran estudiantes y alumni de la UArtes\",\"isPartOf\":{\"@id\":\"https:\\\/\\\/www.uartes.edu.ec\\\/sitio\\\/en\\\/#website\"},\"primaryImageOfPage\":{\"@id\":\"https:\\\/\\\/www.uartes.edu.ec\\\/sitio\\\/en\\\/blog\\\/2024\\\/09\\\/26\\\/primero-apus-y-en-octubre-visualmov-los-pasos-del-colectivo-senna-cultura-que-integran-estudiantes-y-alumni\\\/#primaryimage\"},\"image\":{\"@id\":\"https:\\\/\\\/www.uartes.edu.ec\\\/sitio\\\/en\\\/blog\\\/2024\\\/09\\\/26\\\/primero-apus-y-en-octubre-visualmov-los-pasos-del-colectivo-senna-cultura-que-integran-estudiantes-y-alumni\\\/#primaryimage\"},\"thumbnailUrl\":\"https:\\\/\\\/www.uartes.edu.ec\\\/sitio\\\/wp-content\\\/uploads\\\/2024\\\/09\\\/APUS-55-1.jpg\",\"datePublished\":\"2024-09-26T19:27:00+00:00\",\"dateModified\":\"2024-09-28T16:56:10+00:00\",\"description\":\"Universidad de las Artes - Primero \u201cApus\u201d y en octubre \u201cVisualMov\u201d, los pasos del Colectivo Senna Cultura que integran estudiantes y alumni de la UArtes\",\"breadcrumb\":{\"@id\":\"https:\\\/\\\/www.uartes.edu.ec\\\/sitio\\\/en\\\/blog\\\/2024\\\/09\\\/26\\\/primero-apus-y-en-octubre-visualmov-los-pasos-del-colectivo-senna-cultura-que-integran-estudiantes-y-alumni\\\/#breadcrumb\"},\"inLanguage\":\"en-US\",\"potentialAction\":[{\"@type\":\"ReadAction\",\"target\":[\"https:\\\/\\\/www.uartes.edu.ec\\\/sitio\\\/en\\\/blog\\\/2024\\\/09\\\/26\\\/primero-apus-y-en-octubre-visualmov-los-pasos-del-colectivo-senna-cultura-que-integran-estudiantes-y-alumni\\\/\"]}]},{\"@type\":\"ImageObject\",\"inLanguage\":\"en-US\",\"@id\":\"https:\\\/\\\/www.uartes.edu.ec\\\/sitio\\\/en\\\/blog\\\/2024\\\/09\\\/26\\\/primero-apus-y-en-octubre-visualmov-los-pasos-del-colectivo-senna-cultura-que-integran-estudiantes-y-alumni\\\/#primaryimage\",\"url\":\"https:\\\/\\\/www.uartes.edu.ec\\\/sitio\\\/wp-content\\\/uploads\\\/2024\\\/09\\\/APUS-55-1.jpg\",\"contentUrl\":\"https:\\\/\\\/www.uartes.edu.ec\\\/sitio\\\/wp-content\\\/uploads\\\/2024\\\/09\\\/APUS-55-1.jpg\",\"width\":1777,\"height\":1333},{\"@type\":\"BreadcrumbList\",\"@id\":\"https:\\\/\\\/www.uartes.edu.ec\\\/sitio\\\/en\\\/blog\\\/2024\\\/09\\\/26\\\/primero-apus-y-en-octubre-visualmov-los-pasos-del-colectivo-senna-cultura-que-integran-estudiantes-y-alumni\\\/#breadcrumb\",\"itemListElement\":[{\"@type\":\"ListItem\",\"position\":1,\"name\":\"Inicio\",\"item\":\"https:\\\/\\\/www.uartes.edu.ec\\\/sitio\\\/\"},{\"@type\":\"ListItem\",\"position\":2,\"name\":\"Primero \u201cApus\u201d y en octubre \u201cVisualMov\u201d, los pasos del Colectivo Senna Cultura que integran estudiantes y alumni de la UArtes\"}]},{\"@type\":\"WebSite\",\"@id\":\"https:\\\/\\\/www.uartes.edu.ec\\\/sitio\\\/en\\\/#website\",\"url\":\"https:\\\/\\\/www.uartes.edu.ec\\\/sitio\\\/en\\\/\",\"name\":\"Universidad de las Artes\",\"description\":\"Sitio oficial de la Universidad Nacional de las Artes del Ecuador\",\"publisher\":{\"@id\":\"https:\\\/\\\/www.uartes.edu.ec\\\/sitio\\\/en\\\/#organization\"},\"potentialAction\":[{\"@type\":\"SearchAction\",\"target\":{\"@type\":\"EntryPoint\",\"urlTemplate\":\"https:\\\/\\\/www.uartes.edu.ec\\\/sitio\\\/en\\\/?s={search_term_string}\"},\"query-input\":{\"@type\":\"PropertyValueSpecification\",\"valueRequired\":true,\"valueName\":\"search_term_string\"}}],\"inLanguage\":\"en-US\"},{\"@type\":\"Organization\",\"@id\":\"https:\\\/\\\/www.uartes.edu.ec\\\/sitio\\\/en\\\/#organization\",\"name\":\"Universidad de las Artes\",\"url\":\"https:\\\/\\\/www.uartes.edu.ec\\\/sitio\\\/en\\\/\",\"logo\":{\"@type\":\"ImageObject\",\"inLanguage\":\"en-US\",\"@id\":\"https:\\\/\\\/www.uartes.edu.ec\\\/sitio\\\/en\\\/#\\\/schema\\\/logo\\\/image\\\/\",\"url\":\"https:\\\/\\\/www.uartes.edu.ec\\\/sitio\\\/wp-content\\\/uploads\\\/2022\\\/07\\\/logo-ua-horizontal.png\",\"contentUrl\":\"https:\\\/\\\/www.uartes.edu.ec\\\/sitio\\\/wp-content\\\/uploads\\\/2022\\\/07\\\/logo-ua-horizontal.png\",\"width\":800,\"height\":276,\"caption\":\"Universidad de las Artes\"},\"image\":{\"@id\":\"https:\\\/\\\/www.uartes.edu.ec\\\/sitio\\\/en\\\/#\\\/schema\\\/logo\\\/image\\\/\"},\"sameAs\":[\"https:\\\/\\\/www.facebook.com\\\/uartesec\",\"https:\\\/\\\/x.com\\\/uartesec\",\"https:\\\/\\\/www.tiktok.com\\\/@uartesec\"]},{\"@type\":\"Person\",\"@id\":\"https:\\\/\\\/www.uartes.edu.ec\\\/sitio\\\/en\\\/#\\\/schema\\\/person\\\/efa1b8275797664fd7f13a79ccc0b1f4\",\"name\":\"ccortez\",\"image\":{\"@type\":\"ImageObject\",\"inLanguage\":\"en-US\",\"@id\":\"https:\\\/\\\/secure.gravatar.com\\\/avatar\\\/b2a6f664a3ae8e074346ef91775736c5ec479e637ecced6842de9dc98b5da9cd?s=96&d=mm&r=g\",\"url\":\"https:\\\/\\\/secure.gravatar.com\\\/avatar\\\/b2a6f664a3ae8e074346ef91775736c5ec479e637ecced6842de9dc98b5da9cd?s=96&d=mm&r=g\",\"contentUrl\":\"https:\\\/\\\/secure.gravatar.com\\\/avatar\\\/b2a6f664a3ae8e074346ef91775736c5ec479e637ecced6842de9dc98b5da9cd?s=96&d=mm&r=g\",\"caption\":\"ccortez\"},\"url\":\"https:\\\/\\\/www.uartes.edu.ec\\\/sitio\\\/en\\\/blog\\\/author\\\/ccortez\\\/\"}]}<\/script>\n<!-- \/ Yoast SEO plugin. -->","yoast_head_json":{"title":"Universidad de las Artes - Primero \u201cApus\u201d y en octubre \u201cVisualMov\u201d, los pasos del Colectivo Senna Cultura que integran estudiantes y alumni de la UArtes","description":"Universidad de las Artes - Primero \u201cApus\u201d y en octubre \u201cVisualMov\u201d, los pasos del Colectivo Senna Cultura que integran estudiantes y alumni de la UArtes","robots":{"index":"index","follow":"follow","max-snippet":"max-snippet:-1","max-image-preview":"max-image-preview:large","max-video-preview":"max-video-preview:-1"},"canonical":"https:\/\/www.uartes.edu.ec\/sitio\/en\/blog\/2024\/09\/26\/primero-apus-y-en-octubre-visualmov-los-pasos-del-colectivo-senna-cultura-que-integran-estudiantes-y-alumni\/","og_locale":"en_US","og_type":"article","og_title":"Universidad de las Artes - Primero \u201cApus\u201d y en octubre \u201cVisualMov\u201d, los pasos del Colectivo Senna Cultura que integran estudiantes y alumni de la UArtes","og_description":"Universidad de las Artes - Primero \u201cApus\u201d y en octubre \u201cVisualMov\u201d, los pasos del Colectivo Senna Cultura que integran estudiantes y alumni de la UArtes","og_url":"https:\/\/www.uartes.edu.ec\/sitio\/en\/blog\/2024\/09\/26\/primero-apus-y-en-octubre-visualmov-los-pasos-del-colectivo-senna-cultura-que-integran-estudiantes-y-alumni\/","og_site_name":"Universidad de las Artes","article_publisher":"https:\/\/www.facebook.com\/uartesec","article_published_time":"2024-09-26T19:27:00+00:00","article_modified_time":"2024-09-28T16:56:10+00:00","og_image":[{"width":1777,"height":1333,"url":"https:\/\/www.uartes.edu.ec\/sitio\/wp-content\/uploads\/2024\/09\/APUS-55-1.jpg","type":"image\/jpeg"}],"author":"ccortez","twitter_card":"summary_large_image","twitter_creator":"@uartesec","twitter_site":"@uartesec","twitter_misc":{"Written by":"ccortez","Est. reading time":"7 minutes"},"schema":{"@context":"https:\/\/schema.org","@graph":[{"@type":"Article","@id":"https:\/\/www.uartes.edu.ec\/sitio\/en\/blog\/2024\/09\/26\/primero-apus-y-en-octubre-visualmov-los-pasos-del-colectivo-senna-cultura-que-integran-estudiantes-y-alumni\/#article","isPartOf":{"@id":"https:\/\/www.uartes.edu.ec\/sitio\/en\/blog\/2024\/09\/26\/primero-apus-y-en-octubre-visualmov-los-pasos-del-colectivo-senna-cultura-que-integran-estudiantes-y-alumni\/"},"author":{"name":"ccortez","@id":"https:\/\/www.uartes.edu.ec\/sitio\/en\/#\/schema\/person\/efa1b8275797664fd7f13a79ccc0b1f4"},"headline":"Primero \u201cApus\u201d y en octubre \u201cVisualMov\u201d, los pasos del Colectivo Senna Cultura que integran estudiantes y alumni de la UArtes","datePublished":"2024-09-26T19:27:00+00:00","dateModified":"2024-09-28T16:56:10+00:00","mainEntityOfPage":{"@id":"https:\/\/www.uartes.edu.ec\/sitio\/en\/blog\/2024\/09\/26\/primero-apus-y-en-octubre-visualmov-los-pasos-del-colectivo-senna-cultura-que-integran-estudiantes-y-alumni\/"},"wordCount":1188,"commentCount":0,"publisher":{"@id":"https:\/\/www.uartes.edu.ec\/sitio\/en\/#organization"},"image":{"@id":"https:\/\/www.uartes.edu.ec\/sitio\/en\/blog\/2024\/09\/26\/primero-apus-y-en-octubre-visualmov-los-pasos-del-colectivo-senna-cultura-que-integran-estudiantes-y-alumni\/#primaryimage"},"thumbnailUrl":"https:\/\/www.uartes.edu.ec\/sitio\/wp-content\/uploads\/2024\/09\/APUS-55-1.jpg","articleSection":["Acad\u00e9mico","Alumni","Artes","Artes Esc\u00e9nicas","Estudiantes"],"inLanguage":"en-US","potentialAction":[{"@type":"CommentAction","name":"Comment","target":["https:\/\/www.uartes.edu.ec\/sitio\/en\/blog\/2024\/09\/26\/primero-apus-y-en-octubre-visualmov-los-pasos-del-colectivo-senna-cultura-que-integran-estudiantes-y-alumni\/#respond"]}]},{"@type":["WebPage","ItemPage"],"@id":"https:\/\/www.uartes.edu.ec\/sitio\/en\/blog\/2024\/09\/26\/primero-apus-y-en-octubre-visualmov-los-pasos-del-colectivo-senna-cultura-que-integran-estudiantes-y-alumni\/","url":"https:\/\/www.uartes.edu.ec\/sitio\/en\/blog\/2024\/09\/26\/primero-apus-y-en-octubre-visualmov-los-pasos-del-colectivo-senna-cultura-que-integran-estudiantes-y-alumni\/","name":"Universidad de las Artes - Primero \u201cApus\u201d y en octubre \u201cVisualMov\u201d, los pasos del Colectivo Senna Cultura que integran estudiantes y alumni de la UArtes","isPartOf":{"@id":"https:\/\/www.uartes.edu.ec\/sitio\/en\/#website"},"primaryImageOfPage":{"@id":"https:\/\/www.uartes.edu.ec\/sitio\/en\/blog\/2024\/09\/26\/primero-apus-y-en-octubre-visualmov-los-pasos-del-colectivo-senna-cultura-que-integran-estudiantes-y-alumni\/#primaryimage"},"image":{"@id":"https:\/\/www.uartes.edu.ec\/sitio\/en\/blog\/2024\/09\/26\/primero-apus-y-en-octubre-visualmov-los-pasos-del-colectivo-senna-cultura-que-integran-estudiantes-y-alumni\/#primaryimage"},"thumbnailUrl":"https:\/\/www.uartes.edu.ec\/sitio\/wp-content\/uploads\/2024\/09\/APUS-55-1.jpg","datePublished":"2024-09-26T19:27:00+00:00","dateModified":"2024-09-28T16:56:10+00:00","description":"Universidad de las Artes - Primero \u201cApus\u201d y en octubre \u201cVisualMov\u201d, los pasos del Colectivo Senna Cultura que integran estudiantes y alumni de la UArtes","breadcrumb":{"@id":"https:\/\/www.uartes.edu.ec\/sitio\/en\/blog\/2024\/09\/26\/primero-apus-y-en-octubre-visualmov-los-pasos-del-colectivo-senna-cultura-que-integran-estudiantes-y-alumni\/#breadcrumb"},"inLanguage":"en-US","potentialAction":[{"@type":"ReadAction","target":["https:\/\/www.uartes.edu.ec\/sitio\/en\/blog\/2024\/09\/26\/primero-apus-y-en-octubre-visualmov-los-pasos-del-colectivo-senna-cultura-que-integran-estudiantes-y-alumni\/"]}]},{"@type":"ImageObject","inLanguage":"en-US","@id":"https:\/\/www.uartes.edu.ec\/sitio\/en\/blog\/2024\/09\/26\/primero-apus-y-en-octubre-visualmov-los-pasos-del-colectivo-senna-cultura-que-integran-estudiantes-y-alumni\/#primaryimage","url":"https:\/\/www.uartes.edu.ec\/sitio\/wp-content\/uploads\/2024\/09\/APUS-55-1.jpg","contentUrl":"https:\/\/www.uartes.edu.ec\/sitio\/wp-content\/uploads\/2024\/09\/APUS-55-1.jpg","width":1777,"height":1333},{"@type":"BreadcrumbList","@id":"https:\/\/www.uartes.edu.ec\/sitio\/en\/blog\/2024\/09\/26\/primero-apus-y-en-octubre-visualmov-los-pasos-del-colectivo-senna-cultura-que-integran-estudiantes-y-alumni\/#breadcrumb","itemListElement":[{"@type":"ListItem","position":1,"name":"Inicio","item":"https:\/\/www.uartes.edu.ec\/sitio\/"},{"@type":"ListItem","position":2,"name":"Primero \u201cApus\u201d y en octubre \u201cVisualMov\u201d, los pasos del Colectivo Senna Cultura que integran estudiantes y alumni de la UArtes"}]},{"@type":"WebSite","@id":"https:\/\/www.uartes.edu.ec\/sitio\/en\/#website","url":"https:\/\/www.uartes.edu.ec\/sitio\/en\/","name":"Universidad de las Artes","description":"Sitio oficial de la Universidad Nacional de las Artes del Ecuador","publisher":{"@id":"https:\/\/www.uartes.edu.ec\/sitio\/en\/#organization"},"potentialAction":[{"@type":"SearchAction","target":{"@type":"EntryPoint","urlTemplate":"https:\/\/www.uartes.edu.ec\/sitio\/en\/?s={search_term_string}"},"query-input":{"@type":"PropertyValueSpecification","valueRequired":true,"valueName":"search_term_string"}}],"inLanguage":"en-US"},{"@type":"Organization","@id":"https:\/\/www.uartes.edu.ec\/sitio\/en\/#organization","name":"Universidad de las Artes","url":"https:\/\/www.uartes.edu.ec\/sitio\/en\/","logo":{"@type":"ImageObject","inLanguage":"en-US","@id":"https:\/\/www.uartes.edu.ec\/sitio\/en\/#\/schema\/logo\/image\/","url":"https:\/\/www.uartes.edu.ec\/sitio\/wp-content\/uploads\/2022\/07\/logo-ua-horizontal.png","contentUrl":"https:\/\/www.uartes.edu.ec\/sitio\/wp-content\/uploads\/2022\/07\/logo-ua-horizontal.png","width":800,"height":276,"caption":"Universidad de las Artes"},"image":{"@id":"https:\/\/www.uartes.edu.ec\/sitio\/en\/#\/schema\/logo\/image\/"},"sameAs":["https:\/\/www.facebook.com\/uartesec","https:\/\/x.com\/uartesec","https:\/\/www.tiktok.com\/@uartesec"]},{"@type":"Person","@id":"https:\/\/www.uartes.edu.ec\/sitio\/en\/#\/schema\/person\/efa1b8275797664fd7f13a79ccc0b1f4","name":"ccortez","image":{"@type":"ImageObject","inLanguage":"en-US","@id":"https:\/\/secure.gravatar.com\/avatar\/b2a6f664a3ae8e074346ef91775736c5ec479e637ecced6842de9dc98b5da9cd?s=96&d=mm&r=g","url":"https:\/\/secure.gravatar.com\/avatar\/b2a6f664a3ae8e074346ef91775736c5ec479e637ecced6842de9dc98b5da9cd?s=96&d=mm&r=g","contentUrl":"https:\/\/secure.gravatar.com\/avatar\/b2a6f664a3ae8e074346ef91775736c5ec479e637ecced6842de9dc98b5da9cd?s=96&d=mm&r=g","caption":"ccortez"},"url":"https:\/\/www.uartes.edu.ec\/sitio\/en\/blog\/author\/ccortez\/"}]}},"uagb_featured_image_src":{"full":["https:\/\/www.uartes.edu.ec\/sitio\/wp-content\/uploads\/2024\/09\/APUS-55-1.jpg",1777,1333,false],"thumbnail":["https:\/\/www.uartes.edu.ec\/sitio\/wp-content\/uploads\/2024\/09\/APUS-55-1-150x150.jpg",150,150,true],"medium":["https:\/\/www.uartes.edu.ec\/sitio\/wp-content\/uploads\/2024\/09\/APUS-55-1-300x225.jpg",300,225,true],"medium_large":["https:\/\/www.uartes.edu.ec\/sitio\/wp-content\/uploads\/2024\/09\/APUS-55-1-768x576.jpg",768,576,true],"large":["https:\/\/www.uartes.edu.ec\/sitio\/wp-content\/uploads\/2024\/09\/APUS-55-1-644x483.jpg",644,483,true],"1536x1536":["https:\/\/www.uartes.edu.ec\/sitio\/wp-content\/uploads\/2024\/09\/APUS-55-1-1536x1152.jpg",1536,1152,true],"2048x2048":["https:\/\/www.uartes.edu.ec\/sitio\/wp-content\/uploads\/2024\/09\/APUS-55-1.jpg",1777,1333,false],"trp-custom-language-flag":["https:\/\/www.uartes.edu.ec\/sitio\/wp-content\/uploads\/2024\/09\/APUS-55-1-16x12.jpg",16,12,true],"htmega_size_585x295":["https:\/\/www.uartes.edu.ec\/sitio\/wp-content\/uploads\/2024\/09\/APUS-55-1-585x295.jpg",585,295,true],"htmega_size_1170x536":["https:\/\/www.uartes.edu.ec\/sitio\/wp-content\/uploads\/2024\/09\/APUS-55-1-1170x536.jpg",1170,536,true],"htmega_size_396x360":["https:\/\/www.uartes.edu.ec\/sitio\/wp-content\/uploads\/2024\/09\/APUS-55-1-396x360.jpg",396,360,true],"gb-block-post-grid-landscape":["https:\/\/www.uartes.edu.ec\/sitio\/wp-content\/uploads\/2024\/09\/APUS-55-1-600x400.jpg",600,400,true],"gb-block-post-grid-square":["https:\/\/www.uartes.edu.ec\/sitio\/wp-content\/uploads\/2024\/09\/APUS-55-1-600x600.jpg",600,600,true],"university-hub-thumb":["https:\/\/www.uartes.edu.ec\/sitio\/wp-content\/uploads\/2024\/09\/APUS-55-1-400x300.jpg",400,300,true]},"uagb_author_info":{"display_name":"ccortez","author_link":"https:\/\/www.uartes.edu.ec\/sitio\/en\/blog\/author\/ccortez\/"},"uagb_comment_info":0,"uagb_excerpt":"Artes visuales, sonoras y danza contempor\u00e1nea se fusionan en \u201cApus, entre resonar de gigantes\u201d, una obra inmersiva creada por estudiantes y alumni de la UArtes, integrados en el Colectivo Senna Cultura. Ya tuvo su estreno en Teatro Casa Zona Escena, a inicios de mes, y sus int\u00e9rpretes creadores analizan llevarla a otros espacios. Tambi\u00e9n se&hellip;","featured_image_src":"https:\/\/www.uartes.edu.ec\/sitio\/wp-content\/uploads\/2024\/09\/APUS-55-1-600x400.jpg","featured_image_src_square":"https:\/\/www.uartes.edu.ec\/sitio\/wp-content\/uploads\/2024\/09\/APUS-55-1-600x600.jpg","author_info":{"display_name":"ccortez","author_link":"https:\/\/www.uartes.edu.ec\/sitio\/en\/blog\/author\/ccortez\/"},"publishpress_future_workflow_manual_trigger":{"enabledWorkflows":[]},"distributor_meta":false,"distributor_terms":false,"distributor_media":false,"distributor_original_site_name":"Universidad de las Artes","distributor_original_site_url":"https:\/\/www.uartes.edu.ec\/sitio\/en","push-errors":false,"_links":{"self":[{"href":"https:\/\/www.uartes.edu.ec\/sitio\/en\/wp-json\/wp\/v2\/posts\/62324","targetHints":{"allow":["GET"]}}],"collection":[{"href":"https:\/\/www.uartes.edu.ec\/sitio\/en\/wp-json\/wp\/v2\/posts"}],"about":[{"href":"https:\/\/www.uartes.edu.ec\/sitio\/en\/wp-json\/wp\/v2\/types\/post"}],"author":[{"embeddable":true,"href":"https:\/\/www.uartes.edu.ec\/sitio\/en\/wp-json\/wp\/v2\/users\/10"}],"replies":[{"embeddable":true,"href":"https:\/\/www.uartes.edu.ec\/sitio\/en\/wp-json\/wp\/v2\/comments?post=62324"}],"version-history":[{"count":4,"href":"https:\/\/www.uartes.edu.ec\/sitio\/en\/wp-json\/wp\/v2\/posts\/62324\/revisions"}],"predecessor-version":[{"id":62336,"href":"https:\/\/www.uartes.edu.ec\/sitio\/en\/wp-json\/wp\/v2\/posts\/62324\/revisions\/62336"}],"wp:featuredmedia":[{"embeddable":true,"href":"https:\/\/www.uartes.edu.ec\/sitio\/en\/wp-json\/wp\/v2\/media\/62325"}],"wp:attachment":[{"href":"https:\/\/www.uartes.edu.ec\/sitio\/en\/wp-json\/wp\/v2\/media?parent=62324"}],"wp:term":[{"taxonomy":"category","embeddable":true,"href":"https:\/\/www.uartes.edu.ec\/sitio\/en\/wp-json\/wp\/v2\/categories?post=62324"},{"taxonomy":"post_tag","embeddable":true,"href":"https:\/\/www.uartes.edu.ec\/sitio\/en\/wp-json\/wp\/v2\/tags?post=62324"},{"taxonomy":"infouartes","embeddable":true,"href":"https:\/\/www.uartes.edu.ec\/sitio\/en\/wp-json\/wp\/v2\/infouartes?post=62324"}],"curies":[{"name":"wp","href":"https:\/\/api.w.org\/{rel}","templated":true}]}}