{"id":62343,"date":"2024-09-30T15:14:00","date_gmt":"2024-09-30T20:14:00","guid":{"rendered":"https:\/\/www.uartes.edu.ec\/sitio\/?p=62343"},"modified":"2024-10-01T14:37:18","modified_gmt":"2024-10-01T19:37:18","slug":"las-artes-visuales-tuvieron-su-espacio-en-festival-uartes","status":"publish","type":"post","link":"https:\/\/www.uartes.edu.ec\/sitio\/en\/blog\/2024\/09\/30\/las-artes-visuales-tuvieron-su-espacio-en-festival-uartes\/","title":{"rendered":"Artes Visuales ampliaron la competencia"},"content":{"rendered":"<p>Bernardita Quintero, Karla Mirelly Mercado y M\u00eda Cortez fueron, junto con sus profesores y familiares, las primeras en arribar al Pasaje Illingworth del antiguo Palacio de la Gobernaci\u00f3n, sede matriz de la Universidad de las Artes, para tomar parte en el Festival Cole que en este 2024, su segunda edici\u00f3n, tuvo dos categor\u00edas: Artes Musicales y Artes Visuales.<\/p>\n\n\n\n<p>Las estudiantes en menci\u00f3n representaron este viernes 27 de septiembre a los colegios y unidades educativas que se inscribieron para la segunda entrega de la cita, organizada por la UArtes y sus unidades: Biblioteca de las Artes y MZ14 Centro de Producci\u00f3n e Innovaci\u00f3n. Quintero, Mercado y Cortez coincidieron en que sus participaciones se dieron por el incentivo de sus docentes, pero, principalmente, porque les apasiona dibujar y pintar.&nbsp;<\/p>\n\n\n\n<p>El Festival Cole 2024 arranc\u00f3 pasadas las 09:00 con las concursantes de Artes Visuales ubicadas en unas carpas y con todos los implementos proporcionados por Artline, empresa auspiciante, para que realizaran sus obras. Deb\u00edan inspirarse en el patrimonial Palacio de la Gobernaci\u00f3n, que en este a\u00f1o cumple un centenario y es el campus centro de la UArtes.<\/p>\n\n\n<div class=\"wp-block-image\">\n<figure class=\"aligncenter size-large\"><img fetchpriority=\"high\" decoding=\"async\" width=\"644\" height=\"429\" src=\"https:\/\/www.uartes.edu.ec\/sitio\/wp-content\/uploads\/2024\/10\/05-FESTIVAL-UA-COLE-644x429.jpg\" alt=\"\" class=\"wp-image-62361\" srcset=\"https:\/\/www.uartes.edu.ec\/sitio\/wp-content\/uploads\/2024\/10\/05-FESTIVAL-UA-COLE-644x429.jpg 644w, https:\/\/www.uartes.edu.ec\/sitio\/wp-content\/uploads\/2024\/10\/05-FESTIVAL-UA-COLE-300x200.jpg 300w, https:\/\/www.uartes.edu.ec\/sitio\/wp-content\/uploads\/2024\/10\/05-FESTIVAL-UA-COLE-768x512.jpg 768w, https:\/\/www.uartes.edu.ec\/sitio\/wp-content\/uploads\/2024\/10\/05-FESTIVAL-UA-COLE-1536x1024.jpg 1536w, https:\/\/www.uartes.edu.ec\/sitio\/wp-content\/uploads\/2024\/10\/05-FESTIVAL-UA-COLE-18x12.jpg 18w, https:\/\/www.uartes.edu.ec\/sitio\/wp-content\/uploads\/2024\/10\/05-FESTIVAL-UA-COLE-600x400.jpg 600w, https:\/\/www.uartes.edu.ec\/sitio\/wp-content\/uploads\/2024\/10\/05-FESTIVAL-UA-COLE-400x267.jpg 400w, https:\/\/www.uartes.edu.ec\/sitio\/wp-content\/uploads\/2024\/10\/05-FESTIVAL-UA-COLE-272x182.jpg 272w, https:\/\/www.uartes.edu.ec\/sitio\/wp-content\/uploads\/2024\/10\/05-FESTIVAL-UA-COLE.jpg 2000w\" sizes=\"(max-width: 644px) 100vw, 644px\" \/><\/figure>\n<\/div>\n\n\n<figure class=\"wp-block-gallery has-nested-images columns-default is-cropped wp-block-gallery-1 is-layout-flex wp-block-gallery-is-layout-flex\">\n<figure class=\"wp-block-image size-large\"><img decoding=\"async\" width=\"644\" height=\"429\" data-id=\"62358\" src=\"https:\/\/www.uartes.edu.ec\/sitio\/wp-content\/uploads\/2024\/10\/04-FESTIVAL-UA-COLE-644x429.jpg\" alt=\"\" class=\"wp-image-62358\" srcset=\"https:\/\/www.uartes.edu.ec\/sitio\/wp-content\/uploads\/2024\/10\/04-FESTIVAL-UA-COLE-644x429.jpg 644w, https:\/\/www.uartes.edu.ec\/sitio\/wp-content\/uploads\/2024\/10\/04-FESTIVAL-UA-COLE-300x200.jpg 300w, https:\/\/www.uartes.edu.ec\/sitio\/wp-content\/uploads\/2024\/10\/04-FESTIVAL-UA-COLE-768x512.jpg 768w, https:\/\/www.uartes.edu.ec\/sitio\/wp-content\/uploads\/2024\/10\/04-FESTIVAL-UA-COLE-1536x1024.jpg 1536w, https:\/\/www.uartes.edu.ec\/sitio\/wp-content\/uploads\/2024\/10\/04-FESTIVAL-UA-COLE-18x12.jpg 18w, https:\/\/www.uartes.edu.ec\/sitio\/wp-content\/uploads\/2024\/10\/04-FESTIVAL-UA-COLE-600x400.jpg 600w, https:\/\/www.uartes.edu.ec\/sitio\/wp-content\/uploads\/2024\/10\/04-FESTIVAL-UA-COLE-400x267.jpg 400w, https:\/\/www.uartes.edu.ec\/sitio\/wp-content\/uploads\/2024\/10\/04-FESTIVAL-UA-COLE-272x182.jpg 272w, https:\/\/www.uartes.edu.ec\/sitio\/wp-content\/uploads\/2024\/10\/04-FESTIVAL-UA-COLE.jpg 2000w\" sizes=\"(max-width: 644px) 100vw, 644px\" \/><\/figure>\n\n\n\n<figure class=\"wp-block-image size-large\"><img decoding=\"async\" width=\"644\" height=\"429\" data-id=\"62359\" src=\"https:\/\/www.uartes.edu.ec\/sitio\/wp-content\/uploads\/2024\/10\/06-FESTIVAL-UA-COLE-644x429.jpg\" alt=\"\" class=\"wp-image-62359\" srcset=\"https:\/\/www.uartes.edu.ec\/sitio\/wp-content\/uploads\/2024\/10\/06-FESTIVAL-UA-COLE-644x429.jpg 644w, https:\/\/www.uartes.edu.ec\/sitio\/wp-content\/uploads\/2024\/10\/06-FESTIVAL-UA-COLE-300x200.jpg 300w, https:\/\/www.uartes.edu.ec\/sitio\/wp-content\/uploads\/2024\/10\/06-FESTIVAL-UA-COLE-768x512.jpg 768w, https:\/\/www.uartes.edu.ec\/sitio\/wp-content\/uploads\/2024\/10\/06-FESTIVAL-UA-COLE-1536x1024.jpg 1536w, https:\/\/www.uartes.edu.ec\/sitio\/wp-content\/uploads\/2024\/10\/06-FESTIVAL-UA-COLE-18x12.jpg 18w, https:\/\/www.uartes.edu.ec\/sitio\/wp-content\/uploads\/2024\/10\/06-FESTIVAL-UA-COLE-600x400.jpg 600w, https:\/\/www.uartes.edu.ec\/sitio\/wp-content\/uploads\/2024\/10\/06-FESTIVAL-UA-COLE-400x267.jpg 400w, https:\/\/www.uartes.edu.ec\/sitio\/wp-content\/uploads\/2024\/10\/06-FESTIVAL-UA-COLE-272x182.jpg 272w, https:\/\/www.uartes.edu.ec\/sitio\/wp-content\/uploads\/2024\/10\/06-FESTIVAL-UA-COLE.jpg 2000w\" sizes=\"(max-width: 644px) 100vw, 644px\" \/><\/figure>\n\n\n\n<figure class=\"wp-block-image size-large\"><img loading=\"lazy\" decoding=\"async\" width=\"644\" height=\"429\" data-id=\"62360\" src=\"https:\/\/www.uartes.edu.ec\/sitio\/wp-content\/uploads\/2024\/10\/03-FESTIVAL-UA-COLE-644x429.jpg\" alt=\"\" class=\"wp-image-62360\" srcset=\"https:\/\/www.uartes.edu.ec\/sitio\/wp-content\/uploads\/2024\/10\/03-FESTIVAL-UA-COLE-644x429.jpg 644w, https:\/\/www.uartes.edu.ec\/sitio\/wp-content\/uploads\/2024\/10\/03-FESTIVAL-UA-COLE-300x200.jpg 300w, https:\/\/www.uartes.edu.ec\/sitio\/wp-content\/uploads\/2024\/10\/03-FESTIVAL-UA-COLE-768x512.jpg 768w, https:\/\/www.uartes.edu.ec\/sitio\/wp-content\/uploads\/2024\/10\/03-FESTIVAL-UA-COLE-1536x1024.jpg 1536w, https:\/\/www.uartes.edu.ec\/sitio\/wp-content\/uploads\/2024\/10\/03-FESTIVAL-UA-COLE-18x12.jpg 18w, https:\/\/www.uartes.edu.ec\/sitio\/wp-content\/uploads\/2024\/10\/03-FESTIVAL-UA-COLE-600x400.jpg 600w, https:\/\/www.uartes.edu.ec\/sitio\/wp-content\/uploads\/2024\/10\/03-FESTIVAL-UA-COLE-400x267.jpg 400w, https:\/\/www.uartes.edu.ec\/sitio\/wp-content\/uploads\/2024\/10\/03-FESTIVAL-UA-COLE-272x182.jpg 272w, https:\/\/www.uartes.edu.ec\/sitio\/wp-content\/uploads\/2024\/10\/03-FESTIVAL-UA-COLE.jpg 2000w\" sizes=\"(max-width: 644px) 100vw, 644px\" \/><\/figure>\n<\/figure>\n\n\n\n<p><\/p>\n\n\n\n<p>Acorde a lo programado, las tres participantes tuvieron hasta las 16:30 para trabajar sus propuestas. Seguidamente, los miembros del jurado: Rusl\u00e1n Torres y Juan Carlos Fern\u00e1ndez, director y docente de la Escuela de Artes Visuales, respectivamente, y Andrea Mej\u00eda, del Museo Nacional del Cacao, acudieron a evaluar las obras para determinar el primero, segundo y tercer lugar. Los resultados se conocieron en la premiaci\u00f3n, que tuvo lugar tras las presentaciones de los concursantes en Artes Musicales.<\/p>\n\n\n\n<p>Mientras trabajaba en su obra, a la que titul\u00f3 \u201cIrradiando arte\u201d, Bernardita Quintero, de 16 a\u00f1os y alumna de la Unidad Educativa San Jos\u00e9 de la Beneficencia de Se\u00f1oras, cont\u00f3 que pintar y dibujar siempre han sido su pasi\u00f3n. Celebr\u00f3 que se incentive el arte con festivales como el organizado por la UArtes, \u201cpermiti\u00e9ndonos a los estudiantes de colegios y unidades educativas participar y descubrir nuestras aficiones y talentos\u201d. A\u00fan no ha decidido del todo la carrera que estudiar\u00e1, dijo, \u201cpero la Universidad de las Artes est\u00e1 entre mis opciones\u201d.<\/p>\n\n\n\n<p>A Quintero la acompa\u00f1aron su pap\u00e1, Francisco, y su profesor, Wilar Soto, quien se gradu\u00f3 en la UArtes en Producci\u00f3n Musical y en el plantel se desempe\u00f1a en Educaci\u00f3n Cultural Art\u00edstica (ECA). \u201cA Bernardita le gustan las artes, pues tambi\u00e9n toca el viol\u00edn. Trabaja m\u00e1s con pintura acr\u00edlica, pero el material que le proporcion\u00f3 Art Line estaba bien\u201d, anot\u00f3 el progenitor. El docente y alumnus refiri\u00f3 que desde la primera edici\u00f3n del festival quisieron participar, pero se les pas\u00f3 el periodo de inscripci\u00f3n.<\/p>\n\n\n<div class=\"wp-block-image\">\n<figure class=\"aligncenter size-large\"><img loading=\"lazy\" decoding=\"async\" width=\"644\" height=\"429\" src=\"https:\/\/www.uartes.edu.ec\/sitio\/wp-content\/uploads\/2024\/10\/07-FESTIVAL-UA-COLE-644x429.jpg\" alt=\"\" class=\"wp-image-62363\" srcset=\"https:\/\/www.uartes.edu.ec\/sitio\/wp-content\/uploads\/2024\/10\/07-FESTIVAL-UA-COLE-644x429.jpg 644w, https:\/\/www.uartes.edu.ec\/sitio\/wp-content\/uploads\/2024\/10\/07-FESTIVAL-UA-COLE-300x200.jpg 300w, https:\/\/www.uartes.edu.ec\/sitio\/wp-content\/uploads\/2024\/10\/07-FESTIVAL-UA-COLE-768x512.jpg 768w, https:\/\/www.uartes.edu.ec\/sitio\/wp-content\/uploads\/2024\/10\/07-FESTIVAL-UA-COLE-1536x1024.jpg 1536w, https:\/\/www.uartes.edu.ec\/sitio\/wp-content\/uploads\/2024\/10\/07-FESTIVAL-UA-COLE-18x12.jpg 18w, https:\/\/www.uartes.edu.ec\/sitio\/wp-content\/uploads\/2024\/10\/07-FESTIVAL-UA-COLE-600x400.jpg 600w, https:\/\/www.uartes.edu.ec\/sitio\/wp-content\/uploads\/2024\/10\/07-FESTIVAL-UA-COLE-400x267.jpg 400w, https:\/\/www.uartes.edu.ec\/sitio\/wp-content\/uploads\/2024\/10\/07-FESTIVAL-UA-COLE-272x182.jpg 272w, https:\/\/www.uartes.edu.ec\/sitio\/wp-content\/uploads\/2024\/10\/07-FESTIVAL-UA-COLE.jpg 2000w\" sizes=\"(max-width: 644px) 100vw, 644px\" \/><\/figure>\n<\/div>\n\n<div class=\"wp-block-image\">\n<figure class=\"aligncenter size-large\"><img loading=\"lazy\" decoding=\"async\" width=\"644\" height=\"429\" src=\"https:\/\/www.uartes.edu.ec\/sitio\/wp-content\/uploads\/2024\/10\/11-FESTIVAL-UA-COLE-644x429.jpg\" alt=\"\" class=\"wp-image-62364\" srcset=\"https:\/\/www.uartes.edu.ec\/sitio\/wp-content\/uploads\/2024\/10\/11-FESTIVAL-UA-COLE-644x429.jpg 644w, https:\/\/www.uartes.edu.ec\/sitio\/wp-content\/uploads\/2024\/10\/11-FESTIVAL-UA-COLE-300x200.jpg 300w, https:\/\/www.uartes.edu.ec\/sitio\/wp-content\/uploads\/2024\/10\/11-FESTIVAL-UA-COLE-768x512.jpg 768w, https:\/\/www.uartes.edu.ec\/sitio\/wp-content\/uploads\/2024\/10\/11-FESTIVAL-UA-COLE-1536x1024.jpg 1536w, https:\/\/www.uartes.edu.ec\/sitio\/wp-content\/uploads\/2024\/10\/11-FESTIVAL-UA-COLE-18x12.jpg 18w, https:\/\/www.uartes.edu.ec\/sitio\/wp-content\/uploads\/2024\/10\/11-FESTIVAL-UA-COLE-600x400.jpg 600w, https:\/\/www.uartes.edu.ec\/sitio\/wp-content\/uploads\/2024\/10\/11-FESTIVAL-UA-COLE-400x267.jpg 400w, https:\/\/www.uartes.edu.ec\/sitio\/wp-content\/uploads\/2024\/10\/11-FESTIVAL-UA-COLE-272x182.jpg 272w, https:\/\/www.uartes.edu.ec\/sitio\/wp-content\/uploads\/2024\/10\/11-FESTIVAL-UA-COLE.jpg 2000w\" sizes=\"(max-width: 644px) 100vw, 644px\" \/><\/figure>\n<\/div>\n\n\n<p>De la Unidad Educativa Particular Baltasara Calder\u00f3n de Rocafuerte particip\u00f3 Karla Mirelly Mercado Olmedo, de 17 a\u00f1os. A su pintura la titul\u00f3 \u201cLluvia de ideas\u201d. Est\u00e1 en tercero del bachillerato y estudia Ciencias. Particip\u00f3, dijo, porque su maestra de ECA le mostr\u00f3 la solicitud para el concurso y le interes\u00f3. Su deseo es estudiar en la UArtes, confes\u00f3, por lo que consider\u00f3 importante conocerla y vivir la experiencia del festival.<\/p>\n\n\n\n<p>Tras cumplir con las bases del concurso e inscribirse empez\u00f3 a trabajar en bocetos. Tuvo cuatro ideas y fue la \u00faltima con la que intervino. Su mam\u00e1, Nelly Olmedo, coment\u00f3 que desde cuarto de b\u00e1sica su hija manifest\u00f3 el deseo de estudiar artes. \u201cPens\u00e9 que era cosa de ni\u00f1os, pero a medida que fue creciendo se inclin\u00f3 m\u00e1s por el dibujo y la pintura; me ped\u00eda que le comprara los materiales para hacer lo que ama y anhela\u201d.<\/p>\n\n\n\n<p>Mirelly tiene como meta estudiar en la Universidad de las Artes, revel\u00f3 su mam\u00e1, quien atribuy\u00f3 que su amor por la pintura naci\u00f3 de lo que en un momento vio como dificultad. \u201cDeb\u00eda hacer un dibujo y le pidi\u00f3 ayuda al hermano, pero \u00e9l se neg\u00f3 indic\u00e1ndole que pod\u00eda hacerlo. Como madre tambi\u00e9n la incentiv\u00e9 a superar lo que ve\u00eda como imposibilidad y lo hizo\u201d.<\/p>\n\n\n\n<p>M\u00eda Geovanna Cortez Masache, estudiante de la Unidad Educativa Rep\u00fablica de Francia, titul\u00f3 a su obra \u201cEl arte guayaquile\u00f1o expresado en la cotidianidad\u201d. Su mam\u00e1, Am\u00e9rica, quien la acompa\u00f1\u00f3, cont\u00f3 que, aunque su hija cursa el segundo de diversificado de Inform\u00e1tica, la pintura le gusta desde peque\u00f1a. El pap\u00e1 (ya fallecido) estaba interesado en las artes, le gustaba la Producci\u00f3n Musical porque se dedicaba a la ingenier\u00eda de sonido y su hermano, Daniel, toca el violonchelo y el tromb\u00f3n.<\/p>\n\n\n<div class=\"wp-block-image\">\n<figure class=\"aligncenter size-large\"><img loading=\"lazy\" decoding=\"async\" width=\"644\" height=\"429\" src=\"https:\/\/www.uartes.edu.ec\/sitio\/wp-content\/uploads\/2024\/10\/12-FESTIVAL-UA-COLE-644x429.jpg\" alt=\"\" class=\"wp-image-62365\" srcset=\"https:\/\/www.uartes.edu.ec\/sitio\/wp-content\/uploads\/2024\/10\/12-FESTIVAL-UA-COLE-644x429.jpg 644w, https:\/\/www.uartes.edu.ec\/sitio\/wp-content\/uploads\/2024\/10\/12-FESTIVAL-UA-COLE-300x200.jpg 300w, https:\/\/www.uartes.edu.ec\/sitio\/wp-content\/uploads\/2024\/10\/12-FESTIVAL-UA-COLE-768x512.jpg 768w, https:\/\/www.uartes.edu.ec\/sitio\/wp-content\/uploads\/2024\/10\/12-FESTIVAL-UA-COLE-1536x1024.jpg 1536w, https:\/\/www.uartes.edu.ec\/sitio\/wp-content\/uploads\/2024\/10\/12-FESTIVAL-UA-COLE-18x12.jpg 18w, https:\/\/www.uartes.edu.ec\/sitio\/wp-content\/uploads\/2024\/10\/12-FESTIVAL-UA-COLE-600x400.jpg 600w, https:\/\/www.uartes.edu.ec\/sitio\/wp-content\/uploads\/2024\/10\/12-FESTIVAL-UA-COLE-400x267.jpg 400w, https:\/\/www.uartes.edu.ec\/sitio\/wp-content\/uploads\/2024\/10\/12-FESTIVAL-UA-COLE-272x182.jpg 272w, https:\/\/www.uartes.edu.ec\/sitio\/wp-content\/uploads\/2024\/10\/12-FESTIVAL-UA-COLE.jpg 2000w\" sizes=\"(max-width: 644px) 100vw, 644px\" \/><\/figure>\n<\/div>\n\n\n<p>Transcurrido el tiempo para la realizaci\u00f3n de las obras y tras la evaluaci\u00f3n del jurado y las presentaciones de Artes Musicales, el Festival Cole 2024 entreg\u00f3 los reconocimientos a las concursantes de Artes Visuales. Los conductores de la cita, Jos\u00e9 Carabajo, funcionario UArtes, y Zaida Valdiviezo, invitaron a los jueces al escenario para que revelaran qui\u00e9nes obtuvieron el primero, segundo y tercer lugar, y compartieran tambi\u00e9n las razones para la selecci\u00f3n que hicieron.<\/p>\n\n\n\n<p>El primer lugar lo obtuvo Mirelly Quintero, quien mencion\u00f3 que en su obra fusion\u00f3 la arquitectura y las artes. \u201cTienen una relaci\u00f3n estrecha y las plasm\u00e9 en bombillos, que son ideas en cuyo interior dibuj\u00e9 infraestructuras con diferentes estilos: barroco, g\u00f3tico, cl\u00e1sico y moderno, y en medio nuestra UArtes, que es donde voy a estudiar\u201d.<\/p>\n\n\n\n<p>Bernardita Quintero gan\u00f3 el segundo lugar y dijo haberse inspirado en la unidad, esa que se propicia en el atardecer y que en su obra se compagina con el arte y en la patrimonial infraestructura del antiguo Palacio de la Gobernaci\u00f3n, hoy sede matriz de la UArtes.<\/p>\n\n\n\n<p>M\u00eda Cortez se llev\u00f3 el tercer lugar y al hablar de su obra dijo que se centr\u00f3 en la persistencia del arte cl\u00e1sico, representado en la infraestructura de la Universidad de las Artes y el arte moderno expresado en una categor\u00eda.<\/p>\n\n\n\n<p>En las im\u00e1genes, inicio, desarrollo y premiaci\u00f3n de las participantes en el Festival Cole 2024, categor\u00eda Artes Visuales. <\/p>","protected":false},"excerpt":{"rendered":"<p>Bernardita Quintero, Mirelly Mercado y M\u00eda Cortez fueron, junto con sus profesores y familiares, las primeras en arribar al Pasaje Illingworth del antiguo Palacio de la Gobernaci\u00f3n, sede matriz de la Universidad de las Artes, para tomar parte en el Festival Cole que, en su segunda edici\u00f3n, tuvo dos categor\u00edas: Artes Musicales y Artes Visuales. Ellas representaron el viernes 27 de septiembre a los colegios y unidades educativas que se inscribieron para la cita, organizada por la Biblioteca de las Artes y el MZ14 Centro de Producci\u00f3n e Innovaci\u00f3n. <\/p>","protected":false},"author":10,"featured_media":62357,"comment_status":"open","ping_status":"open","sticky":false,"template":"","format":"standard","meta":{"_acf_changed":false,"_uag_custom_page_level_css":"","_monsterinsights_skip_tracking":false,"_monsterinsights_sitenote_active":false,"_monsterinsights_sitenote_note":"","_monsterinsights_sitenote_category":0,"cybocfi_hide_featured_image":"","footnotes":""},"categories":[82,150,157,75,77,83,79],"tags":[1277],"infouartes":[],"class_list":["post-62343","post","type-post","status-publish","format-standard","has-post-thumbnail","hentry","category-artes","category-artes-sonoras","category-artes-visuales","category-docentes","category-gestion","category-sedes","category-vinculo","tag-biblioteca-y-mz14"],"acf":[],"yoast_head":"<!-- This site is optimized with the Yoast SEO plugin v27.4 - https:\/\/yoast.com\/product\/yoast-seo-wordpress\/ -->\n<title>Universidad de las Artes - Artes Visuales ampliaron la competencia<\/title>\n<meta name=\"description\" content=\"Universidad de las Artes - Artes Visuales ampliaron la competencia\" \/>\n<meta name=\"robots\" content=\"index, follow, max-snippet:-1, max-image-preview:large, max-video-preview:-1\" \/>\n<link rel=\"canonical\" href=\"https:\/\/www.uartes.edu.ec\/sitio\/en\/blog\/2024\/09\/30\/las-artes-visuales-tuvieron-su-espacio-en-festival-uartes\/\" \/>\n<meta property=\"og:locale\" content=\"en_US\" \/>\n<meta property=\"og:type\" content=\"article\" \/>\n<meta property=\"og:title\" content=\"Universidad de las Artes - Artes Visuales ampliaron la competencia\" \/>\n<meta property=\"og:description\" content=\"Universidad de las Artes - Artes Visuales ampliaron la competencia\" \/>\n<meta property=\"og:url\" content=\"https:\/\/www.uartes.edu.ec\/sitio\/en\/blog\/2024\/09\/30\/las-artes-visuales-tuvieron-su-espacio-en-festival-uartes\/\" \/>\n<meta property=\"og:site_name\" content=\"Universidad de las Artes\" \/>\n<meta property=\"article:publisher\" content=\"https:\/\/www.facebook.com\/uartesec\" \/>\n<meta property=\"article:published_time\" content=\"2024-09-30T20:14:00+00:00\" \/>\n<meta property=\"article:modified_time\" content=\"2024-10-01T19:37:18+00:00\" \/>\n<meta property=\"og:image\" content=\"https:\/\/www.uartes.edu.ec\/sitio\/wp-content\/uploads\/2024\/10\/09-FESTIVAL-UA-COLE-1.jpg\" \/>\n\t<meta property=\"og:image:width\" content=\"2000\" \/>\n\t<meta property=\"og:image:height\" content=\"1333\" \/>\n\t<meta property=\"og:image:type\" content=\"image\/jpeg\" \/>\n<meta name=\"author\" content=\"ccortez\" \/>\n<meta name=\"twitter:card\" content=\"summary_large_image\" \/>\n<meta name=\"twitter:creator\" content=\"@uartesec\" \/>\n<meta name=\"twitter:site\" content=\"@uartesec\" \/>\n<meta name=\"twitter:label1\" content=\"Written by\" \/>\n\t<meta name=\"twitter:data1\" content=\"ccortez\" \/>\n\t<meta name=\"twitter:label2\" content=\"Est. reading time\" \/>\n\t<meta name=\"twitter:data2\" content=\"6 minutes\" \/>\n<script type=\"application\/ld+json\" class=\"yoast-schema-graph\">{\"@context\":\"https:\\\/\\\/schema.org\",\"@graph\":[{\"@type\":\"Article\",\"@id\":\"https:\\\/\\\/www.uartes.edu.ec\\\/sitio\\\/en\\\/blog\\\/2024\\\/09\\\/30\\\/las-artes-visuales-tuvieron-su-espacio-en-festival-uartes\\\/#article\",\"isPartOf\":{\"@id\":\"https:\\\/\\\/www.uartes.edu.ec\\\/sitio\\\/en\\\/blog\\\/2024\\\/09\\\/30\\\/las-artes-visuales-tuvieron-su-espacio-en-festival-uartes\\\/\"},\"author\":{\"name\":\"ccortez\",\"@id\":\"https:\\\/\\\/www.uartes.edu.ec\\\/sitio\\\/en\\\/#\\\/schema\\\/person\\\/efa1b8275797664fd7f13a79ccc0b1f4\"},\"headline\":\"Artes Visuales ampliaron la competencia\",\"datePublished\":\"2024-09-30T20:14:00+00:00\",\"dateModified\":\"2024-10-01T19:37:18+00:00\",\"mainEntityOfPage\":{\"@id\":\"https:\\\/\\\/www.uartes.edu.ec\\\/sitio\\\/en\\\/blog\\\/2024\\\/09\\\/30\\\/las-artes-visuales-tuvieron-su-espacio-en-festival-uartes\\\/\"},\"wordCount\":1021,\"commentCount\":0,\"publisher\":{\"@id\":\"https:\\\/\\\/www.uartes.edu.ec\\\/sitio\\\/en\\\/#organization\"},\"image\":{\"@id\":\"https:\\\/\\\/www.uartes.edu.ec\\\/sitio\\\/en\\\/blog\\\/2024\\\/09\\\/30\\\/las-artes-visuales-tuvieron-su-espacio-en-festival-uartes\\\/#primaryimage\"},\"thumbnailUrl\":\"https:\\\/\\\/www.uartes.edu.ec\\\/sitio\\\/wp-content\\\/uploads\\\/2024\\\/10\\\/09-FESTIVAL-UA-COLE-1.jpg\",\"keywords\":[\"biblioteca y MZ14\"],\"articleSection\":[\"Artes\",\"Artes Sonoras\",\"Artes Visuales\",\"Docentes\",\"Gesti\u00f3n\",\"Sedes\",\"V\u00ednculo\"],\"inLanguage\":\"en-US\",\"potentialAction\":[{\"@type\":\"CommentAction\",\"name\":\"Comment\",\"target\":[\"https:\\\/\\\/www.uartes.edu.ec\\\/sitio\\\/en\\\/blog\\\/2024\\\/09\\\/30\\\/las-artes-visuales-tuvieron-su-espacio-en-festival-uartes\\\/#respond\"]}]},{\"@type\":[\"WebPage\",\"ItemPage\"],\"@id\":\"https:\\\/\\\/www.uartes.edu.ec\\\/sitio\\\/en\\\/blog\\\/2024\\\/09\\\/30\\\/las-artes-visuales-tuvieron-su-espacio-en-festival-uartes\\\/\",\"url\":\"https:\\\/\\\/www.uartes.edu.ec\\\/sitio\\\/en\\\/blog\\\/2024\\\/09\\\/30\\\/las-artes-visuales-tuvieron-su-espacio-en-festival-uartes\\\/\",\"name\":\"Universidad de las Artes - Artes Visuales ampliaron la competencia\",\"isPartOf\":{\"@id\":\"https:\\\/\\\/www.uartes.edu.ec\\\/sitio\\\/en\\\/#website\"},\"primaryImageOfPage\":{\"@id\":\"https:\\\/\\\/www.uartes.edu.ec\\\/sitio\\\/en\\\/blog\\\/2024\\\/09\\\/30\\\/las-artes-visuales-tuvieron-su-espacio-en-festival-uartes\\\/#primaryimage\"},\"image\":{\"@id\":\"https:\\\/\\\/www.uartes.edu.ec\\\/sitio\\\/en\\\/blog\\\/2024\\\/09\\\/30\\\/las-artes-visuales-tuvieron-su-espacio-en-festival-uartes\\\/#primaryimage\"},\"thumbnailUrl\":\"https:\\\/\\\/www.uartes.edu.ec\\\/sitio\\\/wp-content\\\/uploads\\\/2024\\\/10\\\/09-FESTIVAL-UA-COLE-1.jpg\",\"datePublished\":\"2024-09-30T20:14:00+00:00\",\"dateModified\":\"2024-10-01T19:37:18+00:00\",\"description\":\"Universidad de las Artes - Artes Visuales ampliaron la competencia\",\"breadcrumb\":{\"@id\":\"https:\\\/\\\/www.uartes.edu.ec\\\/sitio\\\/en\\\/blog\\\/2024\\\/09\\\/30\\\/las-artes-visuales-tuvieron-su-espacio-en-festival-uartes\\\/#breadcrumb\"},\"inLanguage\":\"en-US\",\"potentialAction\":[{\"@type\":\"ReadAction\",\"target\":[\"https:\\\/\\\/www.uartes.edu.ec\\\/sitio\\\/en\\\/blog\\\/2024\\\/09\\\/30\\\/las-artes-visuales-tuvieron-su-espacio-en-festival-uartes\\\/\"]}]},{\"@type\":\"ImageObject\",\"inLanguage\":\"en-US\",\"@id\":\"https:\\\/\\\/www.uartes.edu.ec\\\/sitio\\\/en\\\/blog\\\/2024\\\/09\\\/30\\\/las-artes-visuales-tuvieron-su-espacio-en-festival-uartes\\\/#primaryimage\",\"url\":\"https:\\\/\\\/www.uartes.edu.ec\\\/sitio\\\/wp-content\\\/uploads\\\/2024\\\/10\\\/09-FESTIVAL-UA-COLE-1.jpg\",\"contentUrl\":\"https:\\\/\\\/www.uartes.edu.ec\\\/sitio\\\/wp-content\\\/uploads\\\/2024\\\/10\\\/09-FESTIVAL-UA-COLE-1.jpg\",\"width\":2000,\"height\":1333},{\"@type\":\"BreadcrumbList\",\"@id\":\"https:\\\/\\\/www.uartes.edu.ec\\\/sitio\\\/en\\\/blog\\\/2024\\\/09\\\/30\\\/las-artes-visuales-tuvieron-su-espacio-en-festival-uartes\\\/#breadcrumb\",\"itemListElement\":[{\"@type\":\"ListItem\",\"position\":1,\"name\":\"Inicio\",\"item\":\"https:\\\/\\\/www.uartes.edu.ec\\\/sitio\\\/\"},{\"@type\":\"ListItem\",\"position\":2,\"name\":\"Artes Visuales ampliaron la competencia\"}]},{\"@type\":\"WebSite\",\"@id\":\"https:\\\/\\\/www.uartes.edu.ec\\\/sitio\\\/en\\\/#website\",\"url\":\"https:\\\/\\\/www.uartes.edu.ec\\\/sitio\\\/en\\\/\",\"name\":\"Universidad de las Artes\",\"description\":\"Sitio oficial de la Universidad Nacional de las Artes del Ecuador\",\"publisher\":{\"@id\":\"https:\\\/\\\/www.uartes.edu.ec\\\/sitio\\\/en\\\/#organization\"},\"potentialAction\":[{\"@type\":\"SearchAction\",\"target\":{\"@type\":\"EntryPoint\",\"urlTemplate\":\"https:\\\/\\\/www.uartes.edu.ec\\\/sitio\\\/en\\\/?s={search_term_string}\"},\"query-input\":{\"@type\":\"PropertyValueSpecification\",\"valueRequired\":true,\"valueName\":\"search_term_string\"}}],\"inLanguage\":\"en-US\"},{\"@type\":\"Organization\",\"@id\":\"https:\\\/\\\/www.uartes.edu.ec\\\/sitio\\\/en\\\/#organization\",\"name\":\"Universidad de las Artes\",\"url\":\"https:\\\/\\\/www.uartes.edu.ec\\\/sitio\\\/en\\\/\",\"logo\":{\"@type\":\"ImageObject\",\"inLanguage\":\"en-US\",\"@id\":\"https:\\\/\\\/www.uartes.edu.ec\\\/sitio\\\/en\\\/#\\\/schema\\\/logo\\\/image\\\/\",\"url\":\"https:\\\/\\\/www.uartes.edu.ec\\\/sitio\\\/wp-content\\\/uploads\\\/2022\\\/07\\\/logo-ua-horizontal.png\",\"contentUrl\":\"https:\\\/\\\/www.uartes.edu.ec\\\/sitio\\\/wp-content\\\/uploads\\\/2022\\\/07\\\/logo-ua-horizontal.png\",\"width\":800,\"height\":276,\"caption\":\"Universidad de las Artes\"},\"image\":{\"@id\":\"https:\\\/\\\/www.uartes.edu.ec\\\/sitio\\\/en\\\/#\\\/schema\\\/logo\\\/image\\\/\"},\"sameAs\":[\"https:\\\/\\\/www.facebook.com\\\/uartesec\",\"https:\\\/\\\/x.com\\\/uartesec\",\"https:\\\/\\\/www.tiktok.com\\\/@uartesec\"]},{\"@type\":\"Person\",\"@id\":\"https:\\\/\\\/www.uartes.edu.ec\\\/sitio\\\/en\\\/#\\\/schema\\\/person\\\/efa1b8275797664fd7f13a79ccc0b1f4\",\"name\":\"ccortez\",\"image\":{\"@type\":\"ImageObject\",\"inLanguage\":\"en-US\",\"@id\":\"https:\\\/\\\/secure.gravatar.com\\\/avatar\\\/b2a6f664a3ae8e074346ef91775736c5ec479e637ecced6842de9dc98b5da9cd?s=96&d=mm&r=g\",\"url\":\"https:\\\/\\\/secure.gravatar.com\\\/avatar\\\/b2a6f664a3ae8e074346ef91775736c5ec479e637ecced6842de9dc98b5da9cd?s=96&d=mm&r=g\",\"contentUrl\":\"https:\\\/\\\/secure.gravatar.com\\\/avatar\\\/b2a6f664a3ae8e074346ef91775736c5ec479e637ecced6842de9dc98b5da9cd?s=96&d=mm&r=g\",\"caption\":\"ccortez\"},\"url\":\"https:\\\/\\\/www.uartes.edu.ec\\\/sitio\\\/en\\\/blog\\\/author\\\/ccortez\\\/\"}]}<\/script>\n<!-- \/ Yoast SEO plugin. -->","yoast_head_json":{"title":"Universidad de las Artes - Artes Visuales ampliaron la competencia","description":"Universidad de las Artes - Artes Visuales ampliaron la competencia","robots":{"index":"index","follow":"follow","max-snippet":"max-snippet:-1","max-image-preview":"max-image-preview:large","max-video-preview":"max-video-preview:-1"},"canonical":"https:\/\/www.uartes.edu.ec\/sitio\/en\/blog\/2024\/09\/30\/las-artes-visuales-tuvieron-su-espacio-en-festival-uartes\/","og_locale":"en_US","og_type":"article","og_title":"Universidad de las Artes - Artes Visuales ampliaron la competencia","og_description":"Universidad de las Artes - Artes Visuales ampliaron la competencia","og_url":"https:\/\/www.uartes.edu.ec\/sitio\/en\/blog\/2024\/09\/30\/las-artes-visuales-tuvieron-su-espacio-en-festival-uartes\/","og_site_name":"Universidad de las Artes","article_publisher":"https:\/\/www.facebook.com\/uartesec","article_published_time":"2024-09-30T20:14:00+00:00","article_modified_time":"2024-10-01T19:37:18+00:00","og_image":[{"width":2000,"height":1333,"url":"https:\/\/www.uartes.edu.ec\/sitio\/wp-content\/uploads\/2024\/10\/09-FESTIVAL-UA-COLE-1.jpg","type":"image\/jpeg"}],"author":"ccortez","twitter_card":"summary_large_image","twitter_creator":"@uartesec","twitter_site":"@uartesec","twitter_misc":{"Written by":"ccortez","Est. reading time":"6 minutes"},"schema":{"@context":"https:\/\/schema.org","@graph":[{"@type":"Article","@id":"https:\/\/www.uartes.edu.ec\/sitio\/en\/blog\/2024\/09\/30\/las-artes-visuales-tuvieron-su-espacio-en-festival-uartes\/#article","isPartOf":{"@id":"https:\/\/www.uartes.edu.ec\/sitio\/en\/blog\/2024\/09\/30\/las-artes-visuales-tuvieron-su-espacio-en-festival-uartes\/"},"author":{"name":"ccortez","@id":"https:\/\/www.uartes.edu.ec\/sitio\/en\/#\/schema\/person\/efa1b8275797664fd7f13a79ccc0b1f4"},"headline":"Artes Visuales ampliaron la competencia","datePublished":"2024-09-30T20:14:00+00:00","dateModified":"2024-10-01T19:37:18+00:00","mainEntityOfPage":{"@id":"https:\/\/www.uartes.edu.ec\/sitio\/en\/blog\/2024\/09\/30\/las-artes-visuales-tuvieron-su-espacio-en-festival-uartes\/"},"wordCount":1021,"commentCount":0,"publisher":{"@id":"https:\/\/www.uartes.edu.ec\/sitio\/en\/#organization"},"image":{"@id":"https:\/\/www.uartes.edu.ec\/sitio\/en\/blog\/2024\/09\/30\/las-artes-visuales-tuvieron-su-espacio-en-festival-uartes\/#primaryimage"},"thumbnailUrl":"https:\/\/www.uartes.edu.ec\/sitio\/wp-content\/uploads\/2024\/10\/09-FESTIVAL-UA-COLE-1.jpg","keywords":["biblioteca y MZ14"],"articleSection":["Artes","Artes Sonoras","Artes Visuales","Docentes","Gesti\u00f3n","Sedes","V\u00ednculo"],"inLanguage":"en-US","potentialAction":[{"@type":"CommentAction","name":"Comment","target":["https:\/\/www.uartes.edu.ec\/sitio\/en\/blog\/2024\/09\/30\/las-artes-visuales-tuvieron-su-espacio-en-festival-uartes\/#respond"]}]},{"@type":["WebPage","ItemPage"],"@id":"https:\/\/www.uartes.edu.ec\/sitio\/en\/blog\/2024\/09\/30\/las-artes-visuales-tuvieron-su-espacio-en-festival-uartes\/","url":"https:\/\/www.uartes.edu.ec\/sitio\/en\/blog\/2024\/09\/30\/las-artes-visuales-tuvieron-su-espacio-en-festival-uartes\/","name":"Universidad de las Artes - Artes Visuales ampliaron la competencia","isPartOf":{"@id":"https:\/\/www.uartes.edu.ec\/sitio\/en\/#website"},"primaryImageOfPage":{"@id":"https:\/\/www.uartes.edu.ec\/sitio\/en\/blog\/2024\/09\/30\/las-artes-visuales-tuvieron-su-espacio-en-festival-uartes\/#primaryimage"},"image":{"@id":"https:\/\/www.uartes.edu.ec\/sitio\/en\/blog\/2024\/09\/30\/las-artes-visuales-tuvieron-su-espacio-en-festival-uartes\/#primaryimage"},"thumbnailUrl":"https:\/\/www.uartes.edu.ec\/sitio\/wp-content\/uploads\/2024\/10\/09-FESTIVAL-UA-COLE-1.jpg","datePublished":"2024-09-30T20:14:00+00:00","dateModified":"2024-10-01T19:37:18+00:00","description":"Universidad de las Artes - Artes Visuales ampliaron la competencia","breadcrumb":{"@id":"https:\/\/www.uartes.edu.ec\/sitio\/en\/blog\/2024\/09\/30\/las-artes-visuales-tuvieron-su-espacio-en-festival-uartes\/#breadcrumb"},"inLanguage":"en-US","potentialAction":[{"@type":"ReadAction","target":["https:\/\/www.uartes.edu.ec\/sitio\/en\/blog\/2024\/09\/30\/las-artes-visuales-tuvieron-su-espacio-en-festival-uartes\/"]}]},{"@type":"ImageObject","inLanguage":"en-US","@id":"https:\/\/www.uartes.edu.ec\/sitio\/en\/blog\/2024\/09\/30\/las-artes-visuales-tuvieron-su-espacio-en-festival-uartes\/#primaryimage","url":"https:\/\/www.uartes.edu.ec\/sitio\/wp-content\/uploads\/2024\/10\/09-FESTIVAL-UA-COLE-1.jpg","contentUrl":"https:\/\/www.uartes.edu.ec\/sitio\/wp-content\/uploads\/2024\/10\/09-FESTIVAL-UA-COLE-1.jpg","width":2000,"height":1333},{"@type":"BreadcrumbList","@id":"https:\/\/www.uartes.edu.ec\/sitio\/en\/blog\/2024\/09\/30\/las-artes-visuales-tuvieron-su-espacio-en-festival-uartes\/#breadcrumb","itemListElement":[{"@type":"ListItem","position":1,"name":"Inicio","item":"https:\/\/www.uartes.edu.ec\/sitio\/"},{"@type":"ListItem","position":2,"name":"Artes Visuales ampliaron la competencia"}]},{"@type":"WebSite","@id":"https:\/\/www.uartes.edu.ec\/sitio\/en\/#website","url":"https:\/\/www.uartes.edu.ec\/sitio\/en\/","name":"Universidad de las Artes","description":"Sitio oficial de la Universidad Nacional de las Artes del Ecuador","publisher":{"@id":"https:\/\/www.uartes.edu.ec\/sitio\/en\/#organization"},"potentialAction":[{"@type":"SearchAction","target":{"@type":"EntryPoint","urlTemplate":"https:\/\/www.uartes.edu.ec\/sitio\/en\/?s={search_term_string}"},"query-input":{"@type":"PropertyValueSpecification","valueRequired":true,"valueName":"search_term_string"}}],"inLanguage":"en-US"},{"@type":"Organization","@id":"https:\/\/www.uartes.edu.ec\/sitio\/en\/#organization","name":"Universidad de las Artes","url":"https:\/\/www.uartes.edu.ec\/sitio\/en\/","logo":{"@type":"ImageObject","inLanguage":"en-US","@id":"https:\/\/www.uartes.edu.ec\/sitio\/en\/#\/schema\/logo\/image\/","url":"https:\/\/www.uartes.edu.ec\/sitio\/wp-content\/uploads\/2022\/07\/logo-ua-horizontal.png","contentUrl":"https:\/\/www.uartes.edu.ec\/sitio\/wp-content\/uploads\/2022\/07\/logo-ua-horizontal.png","width":800,"height":276,"caption":"Universidad de las Artes"},"image":{"@id":"https:\/\/www.uartes.edu.ec\/sitio\/en\/#\/schema\/logo\/image\/"},"sameAs":["https:\/\/www.facebook.com\/uartesec","https:\/\/x.com\/uartesec","https:\/\/www.tiktok.com\/@uartesec"]},{"@type":"Person","@id":"https:\/\/www.uartes.edu.ec\/sitio\/en\/#\/schema\/person\/efa1b8275797664fd7f13a79ccc0b1f4","name":"ccortez","image":{"@type":"ImageObject","inLanguage":"en-US","@id":"https:\/\/secure.gravatar.com\/avatar\/b2a6f664a3ae8e074346ef91775736c5ec479e637ecced6842de9dc98b5da9cd?s=96&d=mm&r=g","url":"https:\/\/secure.gravatar.com\/avatar\/b2a6f664a3ae8e074346ef91775736c5ec479e637ecced6842de9dc98b5da9cd?s=96&d=mm&r=g","contentUrl":"https:\/\/secure.gravatar.com\/avatar\/b2a6f664a3ae8e074346ef91775736c5ec479e637ecced6842de9dc98b5da9cd?s=96&d=mm&r=g","caption":"ccortez"},"url":"https:\/\/www.uartes.edu.ec\/sitio\/en\/blog\/author\/ccortez\/"}]}},"uagb_featured_image_src":{"full":["https:\/\/www.uartes.edu.ec\/sitio\/wp-content\/uploads\/2024\/10\/09-FESTIVAL-UA-COLE-1.jpg",2000,1333,false],"thumbnail":["https:\/\/www.uartes.edu.ec\/sitio\/wp-content\/uploads\/2024\/10\/09-FESTIVAL-UA-COLE-1-150x150.jpg",150,150,true],"medium":["https:\/\/www.uartes.edu.ec\/sitio\/wp-content\/uploads\/2024\/10\/09-FESTIVAL-UA-COLE-1-300x200.jpg",300,200,true],"medium_large":["https:\/\/www.uartes.edu.ec\/sitio\/wp-content\/uploads\/2024\/10\/09-FESTIVAL-UA-COLE-1-768x512.jpg",768,512,true],"large":["https:\/\/www.uartes.edu.ec\/sitio\/wp-content\/uploads\/2024\/10\/09-FESTIVAL-UA-COLE-1-644x429.jpg",644,429,true],"1536x1536":["https:\/\/www.uartes.edu.ec\/sitio\/wp-content\/uploads\/2024\/10\/09-FESTIVAL-UA-COLE-1-1536x1024.jpg",1536,1024,true],"2048x2048":["https:\/\/www.uartes.edu.ec\/sitio\/wp-content\/uploads\/2024\/10\/09-FESTIVAL-UA-COLE-1.jpg",2000,1333,false],"trp-custom-language-flag":["https:\/\/www.uartes.edu.ec\/sitio\/wp-content\/uploads\/2024\/10\/09-FESTIVAL-UA-COLE-1-18x12.jpg",18,12,true],"htmega_size_585x295":["https:\/\/www.uartes.edu.ec\/sitio\/wp-content\/uploads\/2024\/10\/09-FESTIVAL-UA-COLE-1-585x295.jpg",585,295,true],"htmega_size_1170x536":["https:\/\/www.uartes.edu.ec\/sitio\/wp-content\/uploads\/2024\/10\/09-FESTIVAL-UA-COLE-1-1170x536.jpg",1170,536,true],"htmega_size_396x360":["https:\/\/www.uartes.edu.ec\/sitio\/wp-content\/uploads\/2024\/10\/09-FESTIVAL-UA-COLE-1-396x360.jpg",396,360,true],"gb-block-post-grid-landscape":["https:\/\/www.uartes.edu.ec\/sitio\/wp-content\/uploads\/2024\/10\/09-FESTIVAL-UA-COLE-1-600x400.jpg",600,400,true],"gb-block-post-grid-square":["https:\/\/www.uartes.edu.ec\/sitio\/wp-content\/uploads\/2024\/10\/09-FESTIVAL-UA-COLE-1-600x600.jpg",600,600,true],"university-hub-thumb":["https:\/\/www.uartes.edu.ec\/sitio\/wp-content\/uploads\/2024\/10\/09-FESTIVAL-UA-COLE-1-400x267.jpg",400,267,true]},"uagb_author_info":{"display_name":"ccortez","author_link":"https:\/\/www.uartes.edu.ec\/sitio\/en\/blog\/author\/ccortez\/"},"uagb_comment_info":0,"uagb_excerpt":"Bernardita Quintero, Mirelly Mercado y M\u00eda Cortez fueron, junto con sus profesores y familiares, las primeras en arribar al Pasaje Illingworth del antiguo Palacio de la Gobernaci\u00f3n, sede matriz de la Universidad de las Artes, para tomar parte en el Festival Cole que, en su segunda edici\u00f3n, tuvo dos categor\u00edas: Artes Musicales y Artes Visuales.&hellip;","featured_image_src":"https:\/\/www.uartes.edu.ec\/sitio\/wp-content\/uploads\/2024\/10\/09-FESTIVAL-UA-COLE-1-600x400.jpg","featured_image_src_square":"https:\/\/www.uartes.edu.ec\/sitio\/wp-content\/uploads\/2024\/10\/09-FESTIVAL-UA-COLE-1-600x600.jpg","author_info":{"display_name":"ccortez","author_link":"https:\/\/www.uartes.edu.ec\/sitio\/en\/blog\/author\/ccortez\/"},"publishpress_future_workflow_manual_trigger":{"enabledWorkflows":[]},"distributor_meta":false,"distributor_terms":false,"distributor_media":false,"distributor_original_site_name":"Universidad de las Artes","distributor_original_site_url":"https:\/\/www.uartes.edu.ec\/sitio\/en","push-errors":false,"_links":{"self":[{"href":"https:\/\/www.uartes.edu.ec\/sitio\/en\/wp-json\/wp\/v2\/posts\/62343","targetHints":{"allow":["GET"]}}],"collection":[{"href":"https:\/\/www.uartes.edu.ec\/sitio\/en\/wp-json\/wp\/v2\/posts"}],"about":[{"href":"https:\/\/www.uartes.edu.ec\/sitio\/en\/wp-json\/wp\/v2\/types\/post"}],"author":[{"embeddable":true,"href":"https:\/\/www.uartes.edu.ec\/sitio\/en\/wp-json\/wp\/v2\/users\/10"}],"replies":[{"embeddable":true,"href":"https:\/\/www.uartes.edu.ec\/sitio\/en\/wp-json\/wp\/v2\/comments?post=62343"}],"version-history":[{"count":13,"href":"https:\/\/www.uartes.edu.ec\/sitio\/en\/wp-json\/wp\/v2\/posts\/62343\/revisions"}],"predecessor-version":[{"id":62464,"href":"https:\/\/www.uartes.edu.ec\/sitio\/en\/wp-json\/wp\/v2\/posts\/62343\/revisions\/62464"}],"wp:featuredmedia":[{"embeddable":true,"href":"https:\/\/www.uartes.edu.ec\/sitio\/en\/wp-json\/wp\/v2\/media\/62357"}],"wp:attachment":[{"href":"https:\/\/www.uartes.edu.ec\/sitio\/en\/wp-json\/wp\/v2\/media?parent=62343"}],"wp:term":[{"taxonomy":"category","embeddable":true,"href":"https:\/\/www.uartes.edu.ec\/sitio\/en\/wp-json\/wp\/v2\/categories?post=62343"},{"taxonomy":"post_tag","embeddable":true,"href":"https:\/\/www.uartes.edu.ec\/sitio\/en\/wp-json\/wp\/v2\/tags?post=62343"},{"taxonomy":"infouartes","embeddable":true,"href":"https:\/\/www.uartes.edu.ec\/sitio\/en\/wp-json\/wp\/v2\/infouartes?post=62343"}],"curies":[{"name":"wp","href":"https:\/\/api.w.org\/{rel}","templated":true}]}}