{"id":624,"date":"2017-07-26T15:08:41","date_gmt":"2017-07-26T20:08:41","guid":{"rendered":"http:\/\/www.uartes.edu.ec\/infouartes\/?p=624"},"modified":"2024-07-04T11:54:15","modified_gmt":"2024-07-04T16:54:15","slug":"estudiantes-eligen-representantes-en-la-comision-general-de-evaluacion-interna","status":"publish","type":"post","link":"https:\/\/www.uartes.edu.ec\/sitio\/en\/blog\/2017\/07\/26\/estudiantes-eligen-representantes-en-la-comision-general-de-evaluacion-interna\/","title":{"rendered":"Estudiantes eligen representantes en la Comisi\u00f3n General de Evaluaci\u00f3n Interna"},"content":{"rendered":"<p>La ma\u00f1ana del pasado viernes 21 de julio de 2017, se realizaron las asambleas generales de estudiantes de las diferentes Escuelas de la Universidad de las Artes del Ecuador (UArtes). El prop\u00f3sito de estas reuniones fue que los alumnos pudieran elegir a sus delegados por Escuelas quienes, a su vez, designar\u00e1n a un representante para formar parte de la Comisi\u00f3n General de Evaluaci\u00f3n Interna.<\/p>\n<p>La Comisi\u00f3n de Evaluaci\u00f3n Interna, aprobada por la Comisi\u00f3n Gestora el pasado mes de mayo, ser\u00e1 la responsable de la ejecuci\u00f3n de los procesos de autoevaluaci\u00f3n, de la coordinaci\u00f3n institucional con el CEAACES, as\u00ed como del seguimiento de las pol\u00edticas y planes que implemente la instituci\u00f3n para avanzar en la excelencia acad\u00e9mica y la eficiencia de su gesti\u00f3n. Estar\u00e1 conformada adem\u00e1s por representantes de las autoridades de la instituci\u00f3n, de las Escuelas, \u00e1reas administrativas, docentes y empleados y trabajadores de la UArtes.<\/p>\n<p>La jornada c\u00edvico-estudiantil se vivi\u00f3 sin contratiempo. Los estudiantes se organizaron de manera responsable y aut\u00f3noma. En el caso de las Escuelas de Artes Visuales, Artes Sonoras y Literatura, las asambleas eligieron a sus respectivos delegados. Las asambleas de las Escuelas de Cine y Artes Esc\u00e9nicas optaron por un sistema de votaci\u00f3n en l\u00ednea, cuyo resultado se dio a conocer el d\u00eda de ayer martes 25 de julio.<\/p>\n<p>Resultando elegidos los siguientes estudiantes:<\/p>\n<ul>\n<li>Tamara Gui\u00f1ansaca (delegada) y Jefferson Castro (alterno) de la Escuela\u00a0Artes Esc\u00e9nicas.<\/li>\n<li>Gino Plaza (delegado) de la Escuela Artes Visuales.<\/li>\n<li>Yasser Quevedo (delegado) y Alison Herrera (alterna) de la Escuela Cine.<\/li>\n<li>Isabel Mac\u00edas (delegada) y Michael Pereira (alterno) de la Escuela Literatura.<\/li>\n<\/ul>\n<p>La asamblea de la Escuela de Artes Sonoras decidi\u00f3 tener un delegado por carrera:<\/p>\n<ul>\n<li>Andrea Mazzini (delegada) y Paulina Barahona (alterna) de la carrera de Artes Musicales.<\/li>\n<li>Samaela Campos (delegada) y Ariana Ballesteros (alterna) de la carrera de Producci\u00f3n Musical.<\/li>\n<\/ul>\n<p>Una vez elegidos, los delegados y delegados alternos por Escuela se reunieron la ma\u00f1ana de este mi\u00e9rcoles 26 de julio para designar a un representante de los estudiantes para integrar la Comisi\u00f3n General de Evaluaci\u00f3n Interna, siendo escogidos los siguientes estudiantes:<\/p>\n<ul>\n<li>Isabel Mac\u00edas, delegada, de la Escuela de Literatura.<\/li>\n<li>Andrea Mazzini, alterna, de la Escuela de Artes Sonoras.<\/li>\n<\/ul>\n<p>As\u00ed, en el marco de la ley, la UArtes marcha hacia la autonom\u00eda universitaria y la acreditaci\u00f3n institucional.<\/p>","protected":false},"excerpt":{"rendered":"<p>La ma\u00f1ana del pasado viernes 21 de julio de 2017, se realizaron las asambleas generales de estudiantes de las diferentes Escuelas de la Universidad de las Artes del Ecuador (UArtes). El prop\u00f3sito de estas reuniones fue que los alumnos pudieran elegir a sus delegados por Escuelas quienes, a su vez, designar\u00e1n a un representante para [&hellip;]<\/p>\n","protected":false},"author":1,"featured_media":625,"comment_status":"closed","ping_status":"open","sticky":false,"template":"","format":"standard","meta":{"_acf_changed":false,"_uag_custom_page_level_css":"","_monsterinsights_skip_tracking":false,"_monsterinsights_sitenote_active":false,"_monsterinsights_sitenote_note":"","_monsterinsights_sitenote_category":0,"cybocfi_hide_featured_image":"","footnotes":""},"categories":[76],"tags":[],"infouartes":[],"class_list":["post-624","post","type-post","status-publish","format-standard","has-post-thumbnail","hentry","category-estudiantes"],"acf":[],"yoast_head":"<!-- This site is optimized with the Yoast SEO plugin v27.4 - https:\/\/yoast.com\/product\/yoast-seo-wordpress\/ -->\n<title>Universidad de las Artes - Estudiantes eligen representantes en la Comisi\u00f3n General de Evaluaci\u00f3n Interna<\/title>\n<meta name=\"description\" content=\"Universidad de las Artes - Estudiantes eligen representantes en la Comisi\u00f3n General de Evaluaci\u00f3n Interna\" \/>\n<meta name=\"robots\" content=\"index, follow, max-snippet:-1, max-image-preview:large, max-video-preview:-1\" \/>\n<link rel=\"canonical\" href=\"https:\/\/www.uartes.edu.ec\/sitio\/en\/blog\/2017\/07\/26\/estudiantes-eligen-representantes-en-la-comision-general-de-evaluacion-interna\/\" \/>\n<meta property=\"og:locale\" content=\"en_US\" \/>\n<meta property=\"og:type\" content=\"article\" \/>\n<meta property=\"og:title\" content=\"Universidad de las Artes - Estudiantes eligen representantes en la Comisi\u00f3n General de Evaluaci\u00f3n Interna\" \/>\n<meta property=\"og:description\" content=\"Universidad de las Artes - Estudiantes eligen representantes en la Comisi\u00f3n General de Evaluaci\u00f3n Interna\" \/>\n<meta property=\"og:url\" content=\"https:\/\/www.uartes.edu.ec\/sitio\/en\/blog\/2017\/07\/26\/estudiantes-eligen-representantes-en-la-comision-general-de-evaluacion-interna\/\" \/>\n<meta property=\"og:site_name\" content=\"Universidad de las Artes\" \/>\n<meta property=\"article:publisher\" content=\"https:\/\/www.facebook.com\/uartesec\" \/>\n<meta property=\"article:published_time\" content=\"2017-07-26T20:08:41+00:00\" \/>\n<meta property=\"article:modified_time\" content=\"2024-07-04T16:54:15+00:00\" \/>\n<meta name=\"author\" content=\"Universidad de las Artes\" \/>\n<meta name=\"twitter:card\" content=\"summary_large_image\" \/>\n<meta name=\"twitter:creator\" content=\"@uartesec\" \/>\n<meta name=\"twitter:site\" content=\"@uartesec\" \/>\n<meta name=\"twitter:label1\" content=\"Written by\" \/>\n\t<meta name=\"twitter:data1\" content=\"Universidad de las Artes\" \/>\n\t<meta name=\"twitter:label2\" content=\"Est. reading time\" \/>\n\t<meta name=\"twitter:data2\" content=\"2 minutes\" \/>\n<script type=\"application\/ld+json\" class=\"yoast-schema-graph\">{\"@context\":\"https:\\\/\\\/schema.org\",\"@graph\":[{\"@type\":\"Article\",\"@id\":\"https:\\\/\\\/www.uartes.edu.ec\\\/sitio\\\/en\\\/blog\\\/2017\\\/07\\\/26\\\/estudiantes-eligen-representantes-en-la-comision-general-de-evaluacion-interna\\\/#article\",\"isPartOf\":{\"@id\":\"https:\\\/\\\/www.uartes.edu.ec\\\/sitio\\\/en\\\/blog\\\/2017\\\/07\\\/26\\\/estudiantes-eligen-representantes-en-la-comision-general-de-evaluacion-interna\\\/\"},\"author\":{\"name\":\"Universidad de las Artes\",\"@id\":\"https:\\\/\\\/www.uartes.edu.ec\\\/sitio\\\/en\\\/#\\\/schema\\\/person\\\/f33f8c1d2af0d5c80a38c8abf458184a\"},\"headline\":\"Estudiantes eligen representantes en la Comisi\u00f3n General de Evaluaci\u00f3n Interna\",\"datePublished\":\"2017-07-26T20:08:41+00:00\",\"dateModified\":\"2024-07-04T16:54:15+00:00\",\"mainEntityOfPage\":{\"@id\":\"https:\\\/\\\/www.uartes.edu.ec\\\/sitio\\\/en\\\/blog\\\/2017\\\/07\\\/26\\\/estudiantes-eligen-representantes-en-la-comision-general-de-evaluacion-interna\\\/\"},\"wordCount\":419,\"publisher\":{\"@id\":\"https:\\\/\\\/www.uartes.edu.ec\\\/sitio\\\/en\\\/#organization\"},\"image\":{\"@id\":\"https:\\\/\\\/www.uartes.edu.ec\\\/sitio\\\/en\\\/blog\\\/2017\\\/07\\\/26\\\/estudiantes-eligen-representantes-en-la-comision-general-de-evaluacion-interna\\\/#primaryimage\"},\"thumbnailUrl\":\"\",\"articleSection\":[\"Estudiantes\"],\"inLanguage\":\"en-US\"},{\"@type\":[\"WebPage\",\"ItemPage\"],\"@id\":\"https:\\\/\\\/www.uartes.edu.ec\\\/sitio\\\/en\\\/blog\\\/2017\\\/07\\\/26\\\/estudiantes-eligen-representantes-en-la-comision-general-de-evaluacion-interna\\\/\",\"url\":\"https:\\\/\\\/www.uartes.edu.ec\\\/sitio\\\/en\\\/blog\\\/2017\\\/07\\\/26\\\/estudiantes-eligen-representantes-en-la-comision-general-de-evaluacion-interna\\\/\",\"name\":\"Universidad de las Artes - Estudiantes eligen representantes en la Comisi\u00f3n General de Evaluaci\u00f3n Interna\",\"isPartOf\":{\"@id\":\"https:\\\/\\\/www.uartes.edu.ec\\\/sitio\\\/en\\\/#website\"},\"primaryImageOfPage\":{\"@id\":\"https:\\\/\\\/www.uartes.edu.ec\\\/sitio\\\/en\\\/blog\\\/2017\\\/07\\\/26\\\/estudiantes-eligen-representantes-en-la-comision-general-de-evaluacion-interna\\\/#primaryimage\"},\"image\":{\"@id\":\"https:\\\/\\\/www.uartes.edu.ec\\\/sitio\\\/en\\\/blog\\\/2017\\\/07\\\/26\\\/estudiantes-eligen-representantes-en-la-comision-general-de-evaluacion-interna\\\/#primaryimage\"},\"thumbnailUrl\":\"\",\"datePublished\":\"2017-07-26T20:08:41+00:00\",\"dateModified\":\"2024-07-04T16:54:15+00:00\",\"description\":\"Universidad de las Artes - Estudiantes eligen representantes en la Comisi\u00f3n General de Evaluaci\u00f3n Interna\",\"breadcrumb\":{\"@id\":\"https:\\\/\\\/www.uartes.edu.ec\\\/sitio\\\/en\\\/blog\\\/2017\\\/07\\\/26\\\/estudiantes-eligen-representantes-en-la-comision-general-de-evaluacion-interna\\\/#breadcrumb\"},\"inLanguage\":\"en-US\",\"potentialAction\":[{\"@type\":\"ReadAction\",\"target\":[\"https:\\\/\\\/www.uartes.edu.ec\\\/sitio\\\/en\\\/blog\\\/2017\\\/07\\\/26\\\/estudiantes-eligen-representantes-en-la-comision-general-de-evaluacion-interna\\\/\"]}]},{\"@type\":\"ImageObject\",\"inLanguage\":\"en-US\",\"@id\":\"https:\\\/\\\/www.uartes.edu.ec\\\/sitio\\\/en\\\/blog\\\/2017\\\/07\\\/26\\\/estudiantes-eligen-representantes-en-la-comision-general-de-evaluacion-interna\\\/#primaryimage\",\"url\":\"\",\"contentUrl\":\"\"},{\"@type\":\"BreadcrumbList\",\"@id\":\"https:\\\/\\\/www.uartes.edu.ec\\\/sitio\\\/en\\\/blog\\\/2017\\\/07\\\/26\\\/estudiantes-eligen-representantes-en-la-comision-general-de-evaluacion-interna\\\/#breadcrumb\",\"itemListElement\":[{\"@type\":\"ListItem\",\"position\":1,\"name\":\"Inicio\",\"item\":\"https:\\\/\\\/www.uartes.edu.ec\\\/sitio\\\/\"},{\"@type\":\"ListItem\",\"position\":2,\"name\":\"Estudiantes eligen representantes en la Comisi\u00f3n General de Evaluaci\u00f3n Interna\"}]},{\"@type\":\"WebSite\",\"@id\":\"https:\\\/\\\/www.uartes.edu.ec\\\/sitio\\\/en\\\/#website\",\"url\":\"https:\\\/\\\/www.uartes.edu.ec\\\/sitio\\\/en\\\/\",\"name\":\"Universidad de las Artes\",\"description\":\"Sitio oficial de la Universidad Nacional de las Artes del Ecuador\",\"publisher\":{\"@id\":\"https:\\\/\\\/www.uartes.edu.ec\\\/sitio\\\/en\\\/#organization\"},\"potentialAction\":[{\"@type\":\"SearchAction\",\"target\":{\"@type\":\"EntryPoint\",\"urlTemplate\":\"https:\\\/\\\/www.uartes.edu.ec\\\/sitio\\\/en\\\/?s={search_term_string}\"},\"query-input\":{\"@type\":\"PropertyValueSpecification\",\"valueRequired\":true,\"valueName\":\"search_term_string\"}}],\"inLanguage\":\"en-US\"},{\"@type\":\"Organization\",\"@id\":\"https:\\\/\\\/www.uartes.edu.ec\\\/sitio\\\/en\\\/#organization\",\"name\":\"Universidad de las Artes\",\"url\":\"https:\\\/\\\/www.uartes.edu.ec\\\/sitio\\\/en\\\/\",\"logo\":{\"@type\":\"ImageObject\",\"inLanguage\":\"en-US\",\"@id\":\"https:\\\/\\\/www.uartes.edu.ec\\\/sitio\\\/en\\\/#\\\/schema\\\/logo\\\/image\\\/\",\"url\":\"https:\\\/\\\/www.uartes.edu.ec\\\/sitio\\\/wp-content\\\/uploads\\\/2022\\\/07\\\/logo-ua-horizontal.png\",\"contentUrl\":\"https:\\\/\\\/www.uartes.edu.ec\\\/sitio\\\/wp-content\\\/uploads\\\/2022\\\/07\\\/logo-ua-horizontal.png\",\"width\":800,\"height\":276,\"caption\":\"Universidad de las Artes\"},\"image\":{\"@id\":\"https:\\\/\\\/www.uartes.edu.ec\\\/sitio\\\/en\\\/#\\\/schema\\\/logo\\\/image\\\/\"},\"sameAs\":[\"https:\\\/\\\/www.facebook.com\\\/uartesec\",\"https:\\\/\\\/x.com\\\/uartesec\",\"https:\\\/\\\/www.tiktok.com\\\/@uartesec\"]},{\"@type\":\"Person\",\"@id\":\"https:\\\/\\\/www.uartes.edu.ec\\\/sitio\\\/en\\\/#\\\/schema\\\/person\\\/f33f8c1d2af0d5c80a38c8abf458184a\",\"name\":\"Universidad de las Artes\",\"image\":{\"@type\":\"ImageObject\",\"inLanguage\":\"en-US\",\"@id\":\"https:\\\/\\\/secure.gravatar.com\\\/avatar\\\/52e4757902f5cfa5ac52d020e5be83cae5487519154b6c35482fe08d589f3c13?s=96&d=mm&r=g\",\"url\":\"https:\\\/\\\/secure.gravatar.com\\\/avatar\\\/52e4757902f5cfa5ac52d020e5be83cae5487519154b6c35482fe08d589f3c13?s=96&d=mm&r=g\",\"contentUrl\":\"https:\\\/\\\/secure.gravatar.com\\\/avatar\\\/52e4757902f5cfa5ac52d020e5be83cae5487519154b6c35482fe08d589f3c13?s=96&d=mm&r=g\",\"caption\":\"Universidad de las Artes\"},\"url\":\"https:\\\/\\\/www.uartes.edu.ec\\\/sitio\\\/en\\\/blog\\\/author\\\/dircomadm\\\/\"}]}<\/script>\n<!-- \/ Yoast SEO plugin. -->","yoast_head_json":{"title":"Universidad de las Artes - Estudiantes eligen representantes en la Comisi\u00f3n General de Evaluaci\u00f3n Interna","description":"Universidad de las Artes - Estudiantes eligen representantes en la Comisi\u00f3n General de Evaluaci\u00f3n Interna","robots":{"index":"index","follow":"follow","max-snippet":"max-snippet:-1","max-image-preview":"max-image-preview:large","max-video-preview":"max-video-preview:-1"},"canonical":"https:\/\/www.uartes.edu.ec\/sitio\/en\/blog\/2017\/07\/26\/estudiantes-eligen-representantes-en-la-comision-general-de-evaluacion-interna\/","og_locale":"en_US","og_type":"article","og_title":"Universidad de las Artes - Estudiantes eligen representantes en la Comisi\u00f3n General de Evaluaci\u00f3n Interna","og_description":"Universidad de las Artes - Estudiantes eligen representantes en la Comisi\u00f3n General de Evaluaci\u00f3n Interna","og_url":"https:\/\/www.uartes.edu.ec\/sitio\/en\/blog\/2017\/07\/26\/estudiantes-eligen-representantes-en-la-comision-general-de-evaluacion-interna\/","og_site_name":"Universidad de las Artes","article_publisher":"https:\/\/www.facebook.com\/uartesec","article_published_time":"2017-07-26T20:08:41+00:00","article_modified_time":"2024-07-04T16:54:15+00:00","author":"Universidad de las Artes","twitter_card":"summary_large_image","twitter_creator":"@uartesec","twitter_site":"@uartesec","twitter_misc":{"Written by":"Universidad de las Artes","Est. reading time":"2 minutes"},"schema":{"@context":"https:\/\/schema.org","@graph":[{"@type":"Article","@id":"https:\/\/www.uartes.edu.ec\/sitio\/en\/blog\/2017\/07\/26\/estudiantes-eligen-representantes-en-la-comision-general-de-evaluacion-interna\/#article","isPartOf":{"@id":"https:\/\/www.uartes.edu.ec\/sitio\/en\/blog\/2017\/07\/26\/estudiantes-eligen-representantes-en-la-comision-general-de-evaluacion-interna\/"},"author":{"name":"Universidad de las Artes","@id":"https:\/\/www.uartes.edu.ec\/sitio\/en\/#\/schema\/person\/f33f8c1d2af0d5c80a38c8abf458184a"},"headline":"Estudiantes eligen representantes en la Comisi\u00f3n General de Evaluaci\u00f3n Interna","datePublished":"2017-07-26T20:08:41+00:00","dateModified":"2024-07-04T16:54:15+00:00","mainEntityOfPage":{"@id":"https:\/\/www.uartes.edu.ec\/sitio\/en\/blog\/2017\/07\/26\/estudiantes-eligen-representantes-en-la-comision-general-de-evaluacion-interna\/"},"wordCount":419,"publisher":{"@id":"https:\/\/www.uartes.edu.ec\/sitio\/en\/#organization"},"image":{"@id":"https:\/\/www.uartes.edu.ec\/sitio\/en\/blog\/2017\/07\/26\/estudiantes-eligen-representantes-en-la-comision-general-de-evaluacion-interna\/#primaryimage"},"thumbnailUrl":"","articleSection":["Estudiantes"],"inLanguage":"en-US"},{"@type":["WebPage","ItemPage"],"@id":"https:\/\/www.uartes.edu.ec\/sitio\/en\/blog\/2017\/07\/26\/estudiantes-eligen-representantes-en-la-comision-general-de-evaluacion-interna\/","url":"https:\/\/www.uartes.edu.ec\/sitio\/en\/blog\/2017\/07\/26\/estudiantes-eligen-representantes-en-la-comision-general-de-evaluacion-interna\/","name":"Universidad de las Artes - Estudiantes eligen representantes en la Comisi\u00f3n General de Evaluaci\u00f3n Interna","isPartOf":{"@id":"https:\/\/www.uartes.edu.ec\/sitio\/en\/#website"},"primaryImageOfPage":{"@id":"https:\/\/www.uartes.edu.ec\/sitio\/en\/blog\/2017\/07\/26\/estudiantes-eligen-representantes-en-la-comision-general-de-evaluacion-interna\/#primaryimage"},"image":{"@id":"https:\/\/www.uartes.edu.ec\/sitio\/en\/blog\/2017\/07\/26\/estudiantes-eligen-representantes-en-la-comision-general-de-evaluacion-interna\/#primaryimage"},"thumbnailUrl":"","datePublished":"2017-07-26T20:08:41+00:00","dateModified":"2024-07-04T16:54:15+00:00","description":"Universidad de las Artes - Estudiantes eligen representantes en la Comisi\u00f3n General de Evaluaci\u00f3n Interna","breadcrumb":{"@id":"https:\/\/www.uartes.edu.ec\/sitio\/en\/blog\/2017\/07\/26\/estudiantes-eligen-representantes-en-la-comision-general-de-evaluacion-interna\/#breadcrumb"},"inLanguage":"en-US","potentialAction":[{"@type":"ReadAction","target":["https:\/\/www.uartes.edu.ec\/sitio\/en\/blog\/2017\/07\/26\/estudiantes-eligen-representantes-en-la-comision-general-de-evaluacion-interna\/"]}]},{"@type":"ImageObject","inLanguage":"en-US","@id":"https:\/\/www.uartes.edu.ec\/sitio\/en\/blog\/2017\/07\/26\/estudiantes-eligen-representantes-en-la-comision-general-de-evaluacion-interna\/#primaryimage","url":"","contentUrl":""},{"@type":"BreadcrumbList","@id":"https:\/\/www.uartes.edu.ec\/sitio\/en\/blog\/2017\/07\/26\/estudiantes-eligen-representantes-en-la-comision-general-de-evaluacion-interna\/#breadcrumb","itemListElement":[{"@type":"ListItem","position":1,"name":"Inicio","item":"https:\/\/www.uartes.edu.ec\/sitio\/"},{"@type":"ListItem","position":2,"name":"Estudiantes eligen representantes en la Comisi\u00f3n General de Evaluaci\u00f3n Interna"}]},{"@type":"WebSite","@id":"https:\/\/www.uartes.edu.ec\/sitio\/en\/#website","url":"https:\/\/www.uartes.edu.ec\/sitio\/en\/","name":"Universidad de las Artes","description":"Sitio oficial de la Universidad Nacional de las Artes del Ecuador","publisher":{"@id":"https:\/\/www.uartes.edu.ec\/sitio\/en\/#organization"},"potentialAction":[{"@type":"SearchAction","target":{"@type":"EntryPoint","urlTemplate":"https:\/\/www.uartes.edu.ec\/sitio\/en\/?s={search_term_string}"},"query-input":{"@type":"PropertyValueSpecification","valueRequired":true,"valueName":"search_term_string"}}],"inLanguage":"en-US"},{"@type":"Organization","@id":"https:\/\/www.uartes.edu.ec\/sitio\/en\/#organization","name":"Universidad de las Artes","url":"https:\/\/www.uartes.edu.ec\/sitio\/en\/","logo":{"@type":"ImageObject","inLanguage":"en-US","@id":"https:\/\/www.uartes.edu.ec\/sitio\/en\/#\/schema\/logo\/image\/","url":"https:\/\/www.uartes.edu.ec\/sitio\/wp-content\/uploads\/2022\/07\/logo-ua-horizontal.png","contentUrl":"https:\/\/www.uartes.edu.ec\/sitio\/wp-content\/uploads\/2022\/07\/logo-ua-horizontal.png","width":800,"height":276,"caption":"Universidad de las Artes"},"image":{"@id":"https:\/\/www.uartes.edu.ec\/sitio\/en\/#\/schema\/logo\/image\/"},"sameAs":["https:\/\/www.facebook.com\/uartesec","https:\/\/x.com\/uartesec","https:\/\/www.tiktok.com\/@uartesec"]},{"@type":"Person","@id":"https:\/\/www.uartes.edu.ec\/sitio\/en\/#\/schema\/person\/f33f8c1d2af0d5c80a38c8abf458184a","name":"Universidad de las Artes","image":{"@type":"ImageObject","inLanguage":"en-US","@id":"https:\/\/secure.gravatar.com\/avatar\/52e4757902f5cfa5ac52d020e5be83cae5487519154b6c35482fe08d589f3c13?s=96&d=mm&r=g","url":"https:\/\/secure.gravatar.com\/avatar\/52e4757902f5cfa5ac52d020e5be83cae5487519154b6c35482fe08d589f3c13?s=96&d=mm&r=g","contentUrl":"https:\/\/secure.gravatar.com\/avatar\/52e4757902f5cfa5ac52d020e5be83cae5487519154b6c35482fe08d589f3c13?s=96&d=mm&r=g","caption":"Universidad de las Artes"},"url":"https:\/\/www.uartes.edu.ec\/sitio\/en\/blog\/author\/dircomadm\/"}]}},"uagb_featured_image_src":{"full":false,"thumbnail":false,"medium":false,"medium_large":false,"large":false,"1536x1536":false,"2048x2048":false,"trp-custom-language-flag":false,"htmega_size_585x295":false,"htmega_size_1170x536":false,"htmega_size_396x360":false,"gb-block-post-grid-landscape":false,"gb-block-post-grid-square":false,"university-hub-thumb":false},"uagb_author_info":{"display_name":"Universidad de las Artes","author_link":"https:\/\/www.uartes.edu.ec\/sitio\/en\/blog\/author\/dircomadm\/"},"uagb_comment_info":0,"uagb_excerpt":"La ma\u00f1ana del pasado viernes 21 de julio de 2017, se realizaron las asambleas generales de estudiantes de las diferentes Escuelas de la Universidad de las Artes del Ecuador (UArtes). El prop\u00f3sito de estas reuniones fue que los alumnos pudieran elegir a sus delegados por Escuelas quienes, a su vez, designar\u00e1n a un representante para&hellip;","featured_image_src":null,"featured_image_src_square":null,"author_info":{"display_name":"Universidad de las Artes","author_link":"https:\/\/www.uartes.edu.ec\/sitio\/en\/blog\/author\/dircomadm\/"},"publishpress_future_workflow_manual_trigger":{"enabledWorkflows":[]},"distributor_meta":false,"distributor_terms":false,"distributor_media":false,"distributor_original_site_name":"Universidad de las Artes","distributor_original_site_url":"https:\/\/www.uartes.edu.ec\/sitio\/en","push-errors":false,"_links":{"self":[{"href":"https:\/\/www.uartes.edu.ec\/sitio\/en\/wp-json\/wp\/v2\/posts\/624","targetHints":{"allow":["GET"]}}],"collection":[{"href":"https:\/\/www.uartes.edu.ec\/sitio\/en\/wp-json\/wp\/v2\/posts"}],"about":[{"href":"https:\/\/www.uartes.edu.ec\/sitio\/en\/wp-json\/wp\/v2\/types\/post"}],"author":[{"embeddable":true,"href":"https:\/\/www.uartes.edu.ec\/sitio\/en\/wp-json\/wp\/v2\/users\/1"}],"replies":[{"embeddable":true,"href":"https:\/\/www.uartes.edu.ec\/sitio\/en\/wp-json\/wp\/v2\/comments?post=624"}],"version-history":[{"count":1,"href":"https:\/\/www.uartes.edu.ec\/sitio\/en\/wp-json\/wp\/v2\/posts\/624\/revisions"}],"predecessor-version":[{"id":58017,"href":"https:\/\/www.uartes.edu.ec\/sitio\/en\/wp-json\/wp\/v2\/posts\/624\/revisions\/58017"}],"wp:featuredmedia":[{"embeddable":true,"href":"https:\/\/www.uartes.edu.ec\/sitio\/en\/wp-json\/wp\/v2\/pages\/625"}],"wp:attachment":[{"href":"https:\/\/www.uartes.edu.ec\/sitio\/en\/wp-json\/wp\/v2\/media?parent=624"}],"wp:term":[{"taxonomy":"category","embeddable":true,"href":"https:\/\/www.uartes.edu.ec\/sitio\/en\/wp-json\/wp\/v2\/categories?post=624"},{"taxonomy":"post_tag","embeddable":true,"href":"https:\/\/www.uartes.edu.ec\/sitio\/en\/wp-json\/wp\/v2\/tags?post=624"},{"taxonomy":"infouartes","embeddable":true,"href":"https:\/\/www.uartes.edu.ec\/sitio\/en\/wp-json\/wp\/v2\/infouartes?post=624"}],"curies":[{"name":"wp","href":"https:\/\/api.w.org\/{rel}","templated":true}]}}