{"id":62427,"date":"2024-09-30T14:12:00","date_gmt":"2024-09-30T19:12:00","guid":{"rendered":"https:\/\/www.uartes.edu.ec\/sitio\/?p=62427"},"modified":"2024-10-21T14:57:46","modified_gmt":"2024-10-21T19:57:46","slug":"estudiantes-de-colegios-y-unidades-educativas-de-guayaquil-cantaron-pasillos-en-el-ii-festival-cole","status":"publish","type":"post","link":"https:\/\/www.uartes.edu.ec\/sitio\/en\/blog\/2024\/09\/30\/estudiantes-de-colegios-y-unidades-educativas-de-guayaquil-cantaron-pasillos-en-el-ii-festival-cole\/","title":{"rendered":"Alumnos de colegios y unidades educativas se inspiraron en el pasillo para Festival Cole"},"content":{"rendered":"<p>Con el pasillo como fuente de inspiraci\u00f3n para las Artes Musicales y el antiguo Palacio de la Gobernaci\u00f3n, sede matriz de la Universidad de las Artes, como la tem\u00e1tica para las propuestas de Artes Visuales \u2013por cumplirse en este a\u00f1o el centenario de la patrimonial edificaci\u00f3n\u2013, se desarroll\u00f3 el viernes 27 de septiembre la segunda edici\u00f3n del Festival Cole que en este 2024, como se anota, tuvo dos categor\u00edas.<\/p>\n\n\n\n<p>Organizado por la UArtes, su biblioteca y el MZ14 Centro de Producci\u00f3n e Innovaci\u00f3n, la cita congreg\u00f3 a los estudiantes de los colegios y unidades educativas a los que representaron, a sus compa\u00f1eros, autoridades, maestros y familiares. El punto de reuni\u00f3n fue el Pasaje Illingworth, donde la jornada arranc\u00f3 pasadas las 09:00 con las alumnas que se inscribieron en la categor\u00eda de Artes Visuales dibujando y pintando en vivo.<\/p>\n\n\n\n<p>Una vez cumplido el tiempo que los organizadores dieron para que las concursantes trabajaran en sus propuestas de dibujo y pintura, se dio la presentaci\u00f3n de los estudiantes inscritos en la categor\u00eda de Artes Musicales. Fueron cuatro los planteles que intervinieron: los colegios San Jos\u00e9 de la Beneficencia de Se\u00f1oras, Nueva Alborada y Thomas Moore, y la Unidad Educativa Rep\u00fablica de Francia.<\/p>\n\n\n<div class=\"wp-block-image\">\n<figure class=\"aligncenter size-large\"><img fetchpriority=\"high\" decoding=\"async\" width=\"644\" height=\"429\" src=\"https:\/\/www.uartes.edu.ec\/sitio\/wp-content\/uploads\/2024\/10\/15-FESTIVAL-UA-COLE-644x429.jpg\" alt=\"\" class=\"wp-image-62430\" srcset=\"https:\/\/www.uartes.edu.ec\/sitio\/wp-content\/uploads\/2024\/10\/15-FESTIVAL-UA-COLE-644x429.jpg 644w, https:\/\/www.uartes.edu.ec\/sitio\/wp-content\/uploads\/2024\/10\/15-FESTIVAL-UA-COLE-300x200.jpg 300w, https:\/\/www.uartes.edu.ec\/sitio\/wp-content\/uploads\/2024\/10\/15-FESTIVAL-UA-COLE-768x512.jpg 768w, https:\/\/www.uartes.edu.ec\/sitio\/wp-content\/uploads\/2024\/10\/15-FESTIVAL-UA-COLE-1536x1024.jpg 1536w, https:\/\/www.uartes.edu.ec\/sitio\/wp-content\/uploads\/2024\/10\/15-FESTIVAL-UA-COLE-18x12.jpg 18w, https:\/\/www.uartes.edu.ec\/sitio\/wp-content\/uploads\/2024\/10\/15-FESTIVAL-UA-COLE-600x400.jpg 600w, https:\/\/www.uartes.edu.ec\/sitio\/wp-content\/uploads\/2024\/10\/15-FESTIVAL-UA-COLE-400x267.jpg 400w, https:\/\/www.uartes.edu.ec\/sitio\/wp-content\/uploads\/2024\/10\/15-FESTIVAL-UA-COLE-272x182.jpg 272w, https:\/\/www.uartes.edu.ec\/sitio\/wp-content\/uploads\/2024\/10\/15-FESTIVAL-UA-COLE.jpg 2000w\" sizes=\"(max-width: 644px) 100vw, 644px\" \/><\/figure>\n<\/div>\n\n\n<p>La bienvenida a la segunda edici\u00f3n de Festival Cole 2024 la dio el rector de la UArtes, doctor William Herrera. Tras agradecer a la audiencia por acompa\u00f1ar a la universidad en la cita, se\u00f1al\u00f3 que el pa\u00eds no atraviesa un buen momento y que, ante las noticias devastadoras sobre la violencia y el tema de los incendios en Quito, Guayaquil y otros sectores del pa\u00eds, \u201csiento que tenemos la necesidad y el compromiso de darles buenas noticias\u201d.<\/p>\n\n\n\n<p>El Festival Cole 2024 es una buena noticia, dijo, puesto que le permite a los chicos y chicas ejercer su creatividad y expresar sus procesos art\u00edsticos, \u201csobre todo en lo que estamos ampliamente comprometidos: permitirles el ejercicio de los derechos culturales desde un espacio p\u00fablico\u201d, anot\u00f3 el rector y reiter\u00f3 su gratitud a los j\u00f3venes por presentar sus propuestas, a las autoridades educativas y padres de familia por acompa\u00f1arlos, ya que muchas veces los chicos que deciden estudiar artes no reciben el apoyo de la familia.<\/p>\n\n\n\n<p>Asimismo, el rector agradeci\u00f3 a las empresas que decidieron apoyar al festival, as\u00ed como al Municipio de Guayaquil, cuya Direcci\u00f3n de Acci\u00f3n Social y Educaci\u00f3n (DASE) entreg\u00f3 tablets a las y los participantes. Del Cabildo porte\u00f1o asistieron la directora de Patrimonio Cultural, Karina Nogales; el jefe de la Biblioteca Municipal, Joaqu\u00edn Moscoso; y de Promoci\u00f3n Cultural, Alby L\u00f3pez.<\/p>\n\n\n\n<p>En su intervenci\u00f3n, Nogales agradeci\u00f3 a la UArtes por la invitaci\u00f3n al Festival Cole 2024, destacando que eventos como la cita dirigida a estudiantes de planteles de la ciudad y provincia, a fin de brindarles un espacio donde sus talentos sean reconocidos. \u201cEstos son el resultado de esfuerzos interinstitucionales que permiten generar espacios de arte y cultura y en buena hora si es para los j\u00f3venes\u201d, refiri\u00f3 la funcionaria.<\/p>\n\n\n<div class=\"wp-block-image\">\n<figure class=\"aligncenter size-large\"><img decoding=\"async\" width=\"644\" height=\"429\" src=\"https:\/\/www.uartes.edu.ec\/sitio\/wp-content\/uploads\/2024\/10\/14-FESTIVAL-UA-COLE-644x429.jpg\" alt=\"\" class=\"wp-image-62429\" srcset=\"https:\/\/www.uartes.edu.ec\/sitio\/wp-content\/uploads\/2024\/10\/14-FESTIVAL-UA-COLE-644x429.jpg 644w, https:\/\/www.uartes.edu.ec\/sitio\/wp-content\/uploads\/2024\/10\/14-FESTIVAL-UA-COLE-300x200.jpg 300w, https:\/\/www.uartes.edu.ec\/sitio\/wp-content\/uploads\/2024\/10\/14-FESTIVAL-UA-COLE-768x512.jpg 768w, https:\/\/www.uartes.edu.ec\/sitio\/wp-content\/uploads\/2024\/10\/14-FESTIVAL-UA-COLE-1536x1024.jpg 1536w, https:\/\/www.uartes.edu.ec\/sitio\/wp-content\/uploads\/2024\/10\/14-FESTIVAL-UA-COLE-18x12.jpg 18w, https:\/\/www.uartes.edu.ec\/sitio\/wp-content\/uploads\/2024\/10\/14-FESTIVAL-UA-COLE-600x400.jpg 600w, https:\/\/www.uartes.edu.ec\/sitio\/wp-content\/uploads\/2024\/10\/14-FESTIVAL-UA-COLE-400x267.jpg 400w, https:\/\/www.uartes.edu.ec\/sitio\/wp-content\/uploads\/2024\/10\/14-FESTIVAL-UA-COLE-272x182.jpg 272w, https:\/\/www.uartes.edu.ec\/sitio\/wp-content\/uploads\/2024\/10\/14-FESTIVAL-UA-COLE.jpg 2000w\" sizes=\"(max-width: 644px) 100vw, 644px\" \/><\/figure>\n<\/div>\n\n\n<p>Tras las presentaciones de los participantes y ya entrada la noche, los maestros de ceremonia Jos\u00e9 Carabajo, funcionario UArtes, y Zaida Valdiviezo, convocaron a los jueces de la categor\u00eda de Artes Visuales: los docentes Rusl\u00e1n Torres y Juan Carlos Fern\u00e1ndez, y la alumnus Andrea Mej\u00eda, del Museo Nacional del Cacao, para que revelaran los nombres de quienes obtuvieron el primero, segundo y tercer lugar. En ese orden quedaron Mirelly Mercado Olmedo, de la Unidad Educativa Particular Baltasara Calder\u00f3n de Rocafuerte; Bernardita Quintero, de la Unidad Educativa San Jos\u00e9 de la Beneficencia de Se\u00f1oras; y M\u00eda Cortez Masache, de la Unidad Educativa Rep\u00fablica de Francia.<\/p>\n\n\n\n<p>Seguidamente, en medio de la algarab\u00eda del p\u00fablico y el contagiante buen humor y \u00e1nimo de Jos\u00e9 Carabajo y Zaida Valdiviezo fueron tambi\u00e9n convocados los jueces de la categor\u00eda de Artes Musicales para que dieran a conocer qui\u00e9nes se alzaron con el primero, segundo, tercero y cuarto lugar en la competencia. &nbsp;&nbsp;<\/p>\n\n\n\n<p>Javier Andr\u00e9s Ocampo, m\u00fasico saxofonista, productor, compositor e int\u00e9rprete, quien se desempe\u00f1a como docente y director de la Escuela de Artes Sonoras, anot\u00f3 que los resultados eran solo una parte porque lo m\u00e1s importante es el proceso, \u201cel cual hace que vengan y se sientan con la valent\u00eda de subir al escenario y compartir lo que por tantas horas han trabajado y c\u00f3mo se lo han imaginado\u201d.<\/p>\n\n\n<div class=\"wp-block-image\">\n<figure class=\"aligncenter size-large\"><img decoding=\"async\" width=\"644\" height=\"429\" src=\"https:\/\/www.uartes.edu.ec\/sitio\/wp-content\/uploads\/2024\/10\/16-FESTIVAL-UA-COLE-644x429.jpg\" alt=\"\" class=\"wp-image-62431\" srcset=\"https:\/\/www.uartes.edu.ec\/sitio\/wp-content\/uploads\/2024\/10\/16-FESTIVAL-UA-COLE-644x429.jpg 644w, https:\/\/www.uartes.edu.ec\/sitio\/wp-content\/uploads\/2024\/10\/16-FESTIVAL-UA-COLE-300x200.jpg 300w, https:\/\/www.uartes.edu.ec\/sitio\/wp-content\/uploads\/2024\/10\/16-FESTIVAL-UA-COLE-768x512.jpg 768w, https:\/\/www.uartes.edu.ec\/sitio\/wp-content\/uploads\/2024\/10\/16-FESTIVAL-UA-COLE-1536x1024.jpg 1536w, https:\/\/www.uartes.edu.ec\/sitio\/wp-content\/uploads\/2024\/10\/16-FESTIVAL-UA-COLE-18x12.jpg 18w, https:\/\/www.uartes.edu.ec\/sitio\/wp-content\/uploads\/2024\/10\/16-FESTIVAL-UA-COLE-600x400.jpg 600w, https:\/\/www.uartes.edu.ec\/sitio\/wp-content\/uploads\/2024\/10\/16-FESTIVAL-UA-COLE-400x267.jpg 400w, https:\/\/www.uartes.edu.ec\/sitio\/wp-content\/uploads\/2024\/10\/16-FESTIVAL-UA-COLE-272x182.jpg 272w, https:\/\/www.uartes.edu.ec\/sitio\/wp-content\/uploads\/2024\/10\/16-FESTIVAL-UA-COLE.jpg 2000w\" sizes=\"(max-width: 644px) 100vw, 644px\" \/><\/figure>\n<\/div>\n\n\n<p>Ocampo mencion\u00f3 que fueron los \u00edtems calidad interpretativa, vocalizaci\u00f3n y desenvolvimiento esc\u00e9nico que lo llevaron junto a los otros dos jurados \u2013el reconocido int\u00e9rprete Jonathan Luna y la mag\u00edster en Composici\u00f3n Musical por la UArtes Evelyn Mor\u00e1n Rugel\u2013 a seleccionar a los ganadores. \u201cTodo tiene que ver con la voz y el desarrollo en el escenario\u201d, manifest\u00f3 y agreg\u00f3 que coincidieron en el orden que iba a se\u00f1alar, agradeciendo a los planteles y padres de familia por promover en los j\u00f3venes el deseo de hacer m\u00fasica y expresarse en uno de los g\u00e9neros m\u00e1s importantes para los ecuatorianos: el pasillo.<\/p>\n\n\n\n<p>Del colegio Nueva Alborada, el grupo integrado por Joaqu\u00edn Ramos, Allissa Malan, Dom\u00e9nica Flores, David C\u00f3rdoba y Piero Ram\u00edrez obtuvo el cuarto lugar. Ellos interpretaron el tema \u201c\u00daltimo aliento\u201d.<\/p>\n\n\n\n<p>El tercer lugar fue para el d\u00fao conformado por Sasha Maquil\u00f3n e Ingrid Mej\u00eda, estudiantes de la Unidad Educativa San Jos\u00e9 de la Beneficencia de Se\u00f1oras que interpretaron el pasillo \u201cAl morir de las tardes\u201d. Pararse en una tarima es bastante dif\u00edcil, dijo Jonathan Luna al anunciarlas. Las cantantes coincidieron en su gusto por el pasillo, el cual Mej\u00eda anot\u00f3 interpretar desde los 4 a\u00f1os.<\/p>\n\n\n\n<p>Jes\u00fas Lucas Anchundia, Fiorella Ramos Murillo, David Quiroz Calle, Fabio Prado Palacios y Noemi Ord\u00f3\u00f1ez M\u00e1rquez, de la Unidad Educativa Rep\u00fablica de Francia, lograron el segundo lugar con el tema \u201cGuayaquil de mis recuerdos\u201d. Tras felicitarlos, Evelyn Mor\u00e1n celebr\u00f3 que se incentive a los j\u00f3venes valorar un g\u00e9nero tan nuestro como es el pasillo.<\/p>\n\n\n<div class=\"wp-block-image\">\n<figure class=\"aligncenter size-large\"><img loading=\"lazy\" decoding=\"async\" width=\"644\" height=\"429\" src=\"https:\/\/www.uartes.edu.ec\/sitio\/wp-content\/uploads\/2024\/10\/17-FESTIVAL-UA-COLE-644x429.jpg\" alt=\"\" class=\"wp-image-62432\" srcset=\"https:\/\/www.uartes.edu.ec\/sitio\/wp-content\/uploads\/2024\/10\/17-FESTIVAL-UA-COLE-644x429.jpg 644w, https:\/\/www.uartes.edu.ec\/sitio\/wp-content\/uploads\/2024\/10\/17-FESTIVAL-UA-COLE-300x200.jpg 300w, https:\/\/www.uartes.edu.ec\/sitio\/wp-content\/uploads\/2024\/10\/17-FESTIVAL-UA-COLE-768x512.jpg 768w, https:\/\/www.uartes.edu.ec\/sitio\/wp-content\/uploads\/2024\/10\/17-FESTIVAL-UA-COLE-1536x1024.jpg 1536w, https:\/\/www.uartes.edu.ec\/sitio\/wp-content\/uploads\/2024\/10\/17-FESTIVAL-UA-COLE-18x12.jpg 18w, https:\/\/www.uartes.edu.ec\/sitio\/wp-content\/uploads\/2024\/10\/17-FESTIVAL-UA-COLE-600x400.jpg 600w, https:\/\/www.uartes.edu.ec\/sitio\/wp-content\/uploads\/2024\/10\/17-FESTIVAL-UA-COLE-400x267.jpg 400w, https:\/\/www.uartes.edu.ec\/sitio\/wp-content\/uploads\/2024\/10\/17-FESTIVAL-UA-COLE-272x182.jpg 272w, https:\/\/www.uartes.edu.ec\/sitio\/wp-content\/uploads\/2024\/10\/17-FESTIVAL-UA-COLE.jpg 2000w\" sizes=\"(max-width: 644px) 100vw, 644px\" \/><\/figure>\n<\/div>\n\n\n<p>El primer lugar lo obtuvieron Camila Rodr\u00edguez, Juan Pa\u00fal Montalv\u00e1n, Ricardo Le\u00f3n, Francisco Oliva y Cristina V\u00e1squez, de la Unidad Educativa Biling\u00fce Thomas More y con el tema \u201cMi recuerdo\u201d. Antes de entregar el reconocimiento, Javier Ocampo se\u00f1al\u00f3 que en los concursos lo que se pregunta el jurado es \u201cqui\u00e9n me deja menos preguntas y qui\u00e9n siento da mucho m\u00e1s completo, lo cual no significa que los dem\u00e1s no hayan hecho algo bien. Es muy importante porque son los detalles muy peque\u00f1os los que hacen la diferencia\u201d. Refiri\u00e9ndose a los ganadores indic\u00f3 que ellos se adue\u00f1aron del espacio y su presentaci\u00f3n dej\u00f3 muy pocas dudas.<\/p>\n\n\n\n<p>Del primer lugar alcanzado, Camila Rodr\u00edguez, quien hizo d\u00fao con Juan Pa\u00fal, confes\u00f3 que no se lo esperaba y que los agradecimientos no bastaban; \u201clas palabras no son suficientes para expresar la emoci\u00f3n de haber ganado. Dedicamos muchas horas a la preparaci\u00f3n para el festival y todo rindi\u00f3 frutos\u201d, indic\u00f3 la alumna de tercero de bachillerato.<\/p>\n\n\n\n<p>Impresionado por el premio obtenido se manifest\u00f3 Juan Pa\u00fal \u201cy tambi\u00e9n orgulloso por representar al pasillo ecuatoriano. Los profesores y el colegio nos animaron a participar, tenemos amor por el arte y la m\u00fasica. Todo lo hacemos con coraz\u00f3n\u201d.<\/p>\n\n\n\n<p>Arnaldo Oquendo, profesor del Thomas More, no solo anim\u00f3 a sus estudiantes a participar, sino que compuso la canci\u00f3n con la que compitieron en el Festival Cole 2024. \u201cQu\u00e9 bueno que se fomente este tipo de concursos que realzan al talento ecuatoriano y a nuestra m\u00fasica. Los chicos hicieron y dieron su mejor esfuerzo\u201d, anot\u00f3 el docente, quien cuenta con composiciones de variado g\u00e9nero, incluido el himno del plantel en el que labora.<\/p>\n\n\n\n<p>Al igual que en la primera edici\u00f3n, la segunda propuesta del Festival Cole result\u00f3 una fiesta donde los participantes pudieron demostrar su talento, ser alentados por un p\u00fablico que disfrut\u00f3 de sus intervenciones y recibir los consejos de un jurado experimentado que celebr\u00f3 haber tomado parte en la cita. Se vio tambi\u00e9n en escena a un artista que cuenta con algunos \u00e9xitos musicales en el pa\u00eds, como Jonathan Luna, quien comparti\u00f3 dos festejos que nos suma como comunidad: los cumplea\u00f1os de Jeffry Luna, su hermano, y de Luisa Pozo, ambos funcionarios del MZ14, una de las unidades organizadora del intercolegial art\u00edstico.     <\/p>\n\n\n\n<p><\/p>","protected":false},"excerpt":{"rendered":"<p>Con el pasillo como fuente de inspiraci\u00f3n para las Artes Musicales y el antiguo Palacio de la Gobernaci\u00f3n, sede matriz de la Universidad de las Artes, como la tem\u00e1tica para las propuestas de Artes Visuales, se desarroll\u00f3 el viernes 27 de septiembre la II edici\u00f3n del Festival Cole. Organizado por la UArtes, su biblioteca y el MZ14 Centro de Producci\u00f3n e Innovaci\u00f3n, el evento art\u00edstico congreg\u00f3 a estudiantes de colegios y unidades educativas de Guayaquil.<\/p>","protected":false},"author":10,"featured_media":62428,"comment_status":"open","ping_status":"open","sticky":false,"template":"","format":"standard","meta":{"_acf_changed":false,"_uag_custom_page_level_css":"","_monsterinsights_skip_tracking":false,"_monsterinsights_sitenote_active":false,"_monsterinsights_sitenote_note":"","_monsterinsights_sitenote_category":0,"cybocfi_hide_featured_image":"","footnotes":""},"categories":[82,150,157,75,77,83,79],"tags":[1277],"infouartes":[1290],"class_list":["post-62427","post","type-post","status-publish","format-standard","has-post-thumbnail","hentry","category-artes","category-artes-sonoras","category-artes-visuales","category-docentes","category-gestion","category-sedes","category-vinculo","tag-biblioteca-y-mz14","infouartes-para-la-comunidad"],"acf":[],"yoast_head":"<!-- This site is optimized with the Yoast SEO plugin v27.4 - https:\/\/yoast.com\/product\/yoast-seo-wordpress\/ -->\n<title>Universidad de las Artes - Alumnos de colegios y unidades educativas se inspiraron en el pasillo para Festival Cole<\/title>\n<meta name=\"description\" content=\"Universidad de las Artes - Alumnos de colegios y unidades educativas se inspiraron en el pasillo para Festival Cole\" \/>\n<meta name=\"robots\" content=\"index, follow, max-snippet:-1, max-image-preview:large, max-video-preview:-1\" \/>\n<link rel=\"canonical\" href=\"https:\/\/www.uartes.edu.ec\/sitio\/en\/blog\/2024\/09\/30\/estudiantes-de-colegios-y-unidades-educativas-de-guayaquil-cantaron-pasillos-en-el-ii-festival-cole\/\" \/>\n<meta property=\"og:locale\" content=\"en_US\" \/>\n<meta property=\"og:type\" content=\"article\" \/>\n<meta property=\"og:title\" content=\"Universidad de las Artes - Alumnos de colegios y unidades educativas se inspiraron en el pasillo para Festival Cole\" \/>\n<meta property=\"og:description\" content=\"Universidad de las Artes - Alumnos de colegios y unidades educativas se inspiraron en el pasillo para Festival Cole\" \/>\n<meta property=\"og:url\" content=\"https:\/\/www.uartes.edu.ec\/sitio\/en\/blog\/2024\/09\/30\/estudiantes-de-colegios-y-unidades-educativas-de-guayaquil-cantaron-pasillos-en-el-ii-festival-cole\/\" \/>\n<meta property=\"og:site_name\" content=\"Universidad de las Artes\" \/>\n<meta property=\"article:publisher\" content=\"https:\/\/www.facebook.com\/uartesec\" \/>\n<meta property=\"article:published_time\" content=\"2024-09-30T19:12:00+00:00\" \/>\n<meta property=\"article:modified_time\" content=\"2024-10-21T19:57:46+00:00\" \/>\n<meta property=\"og:image\" content=\"https:\/\/www.uartes.edu.ec\/sitio\/wp-content\/uploads\/2024\/10\/13-FESTIVAL-UA-COLE.jpg\" \/>\n\t<meta property=\"og:image:width\" content=\"2000\" \/>\n\t<meta property=\"og:image:height\" content=\"1333\" \/>\n\t<meta property=\"og:image:type\" content=\"image\/jpeg\" \/>\n<meta name=\"author\" content=\"ccortez\" \/>\n<meta name=\"twitter:card\" content=\"summary_large_image\" \/>\n<meta name=\"twitter:creator\" content=\"@uartesec\" \/>\n<meta name=\"twitter:site\" content=\"@uartesec\" \/>\n<meta name=\"twitter:label1\" content=\"Written by\" \/>\n\t<meta name=\"twitter:data1\" content=\"ccortez\" \/>\n\t<meta name=\"twitter:label2\" content=\"Est. reading time\" \/>\n\t<meta name=\"twitter:data2\" content=\"8 minutes\" \/>\n<script type=\"application\/ld+json\" class=\"yoast-schema-graph\">{\"@context\":\"https:\\\/\\\/schema.org\",\"@graph\":[{\"@type\":\"Article\",\"@id\":\"https:\\\/\\\/www.uartes.edu.ec\\\/sitio\\\/en\\\/blog\\\/2024\\\/09\\\/30\\\/estudiantes-de-colegios-y-unidades-educativas-de-guayaquil-cantaron-pasillos-en-el-ii-festival-cole\\\/#article\",\"isPartOf\":{\"@id\":\"https:\\\/\\\/www.uartes.edu.ec\\\/sitio\\\/en\\\/blog\\\/2024\\\/09\\\/30\\\/estudiantes-de-colegios-y-unidades-educativas-de-guayaquil-cantaron-pasillos-en-el-ii-festival-cole\\\/\"},\"author\":{\"name\":\"ccortez\",\"@id\":\"https:\\\/\\\/www.uartes.edu.ec\\\/sitio\\\/en\\\/#\\\/schema\\\/person\\\/efa1b8275797664fd7f13a79ccc0b1f4\"},\"headline\":\"Alumnos de colegios y unidades educativas se inspiraron en el pasillo para Festival Cole\",\"datePublished\":\"2024-09-30T19:12:00+00:00\",\"dateModified\":\"2024-10-21T19:57:46+00:00\",\"mainEntityOfPage\":{\"@id\":\"https:\\\/\\\/www.uartes.edu.ec\\\/sitio\\\/en\\\/blog\\\/2024\\\/09\\\/30\\\/estudiantes-de-colegios-y-unidades-educativas-de-guayaquil-cantaron-pasillos-en-el-ii-festival-cole\\\/\"},\"wordCount\":1459,\"commentCount\":0,\"publisher\":{\"@id\":\"https:\\\/\\\/www.uartes.edu.ec\\\/sitio\\\/en\\\/#organization\"},\"image\":{\"@id\":\"https:\\\/\\\/www.uartes.edu.ec\\\/sitio\\\/en\\\/blog\\\/2024\\\/09\\\/30\\\/estudiantes-de-colegios-y-unidades-educativas-de-guayaquil-cantaron-pasillos-en-el-ii-festival-cole\\\/#primaryimage\"},\"thumbnailUrl\":\"https:\\\/\\\/www.uartes.edu.ec\\\/sitio\\\/wp-content\\\/uploads\\\/2024\\\/10\\\/13-FESTIVAL-UA-COLE.jpg\",\"keywords\":[\"biblioteca y MZ14\"],\"articleSection\":[\"Artes\",\"Artes Sonoras\",\"Artes Visuales\",\"Docentes\",\"Gesti\u00f3n\",\"Sedes\",\"V\u00ednculo\"],\"inLanguage\":\"en-US\",\"potentialAction\":[{\"@type\":\"CommentAction\",\"name\":\"Comment\",\"target\":[\"https:\\\/\\\/www.uartes.edu.ec\\\/sitio\\\/en\\\/blog\\\/2024\\\/09\\\/30\\\/estudiantes-de-colegios-y-unidades-educativas-de-guayaquil-cantaron-pasillos-en-el-ii-festival-cole\\\/#respond\"]}]},{\"@type\":[\"WebPage\",\"ItemPage\"],\"@id\":\"https:\\\/\\\/www.uartes.edu.ec\\\/sitio\\\/en\\\/blog\\\/2024\\\/09\\\/30\\\/estudiantes-de-colegios-y-unidades-educativas-de-guayaquil-cantaron-pasillos-en-el-ii-festival-cole\\\/\",\"url\":\"https:\\\/\\\/www.uartes.edu.ec\\\/sitio\\\/en\\\/blog\\\/2024\\\/09\\\/30\\\/estudiantes-de-colegios-y-unidades-educativas-de-guayaquil-cantaron-pasillos-en-el-ii-festival-cole\\\/\",\"name\":\"Universidad de las Artes - Alumnos de colegios y unidades educativas se inspiraron en el pasillo para Festival Cole\",\"isPartOf\":{\"@id\":\"https:\\\/\\\/www.uartes.edu.ec\\\/sitio\\\/en\\\/#website\"},\"primaryImageOfPage\":{\"@id\":\"https:\\\/\\\/www.uartes.edu.ec\\\/sitio\\\/en\\\/blog\\\/2024\\\/09\\\/30\\\/estudiantes-de-colegios-y-unidades-educativas-de-guayaquil-cantaron-pasillos-en-el-ii-festival-cole\\\/#primaryimage\"},\"image\":{\"@id\":\"https:\\\/\\\/www.uartes.edu.ec\\\/sitio\\\/en\\\/blog\\\/2024\\\/09\\\/30\\\/estudiantes-de-colegios-y-unidades-educativas-de-guayaquil-cantaron-pasillos-en-el-ii-festival-cole\\\/#primaryimage\"},\"thumbnailUrl\":\"https:\\\/\\\/www.uartes.edu.ec\\\/sitio\\\/wp-content\\\/uploads\\\/2024\\\/10\\\/13-FESTIVAL-UA-COLE.jpg\",\"datePublished\":\"2024-09-30T19:12:00+00:00\",\"dateModified\":\"2024-10-21T19:57:46+00:00\",\"description\":\"Universidad de las Artes - Alumnos de colegios y unidades educativas se inspiraron en el pasillo para Festival Cole\",\"breadcrumb\":{\"@id\":\"https:\\\/\\\/www.uartes.edu.ec\\\/sitio\\\/en\\\/blog\\\/2024\\\/09\\\/30\\\/estudiantes-de-colegios-y-unidades-educativas-de-guayaquil-cantaron-pasillos-en-el-ii-festival-cole\\\/#breadcrumb\"},\"inLanguage\":\"en-US\",\"potentialAction\":[{\"@type\":\"ReadAction\",\"target\":[\"https:\\\/\\\/www.uartes.edu.ec\\\/sitio\\\/en\\\/blog\\\/2024\\\/09\\\/30\\\/estudiantes-de-colegios-y-unidades-educativas-de-guayaquil-cantaron-pasillos-en-el-ii-festival-cole\\\/\"]}]},{\"@type\":\"ImageObject\",\"inLanguage\":\"en-US\",\"@id\":\"https:\\\/\\\/www.uartes.edu.ec\\\/sitio\\\/en\\\/blog\\\/2024\\\/09\\\/30\\\/estudiantes-de-colegios-y-unidades-educativas-de-guayaquil-cantaron-pasillos-en-el-ii-festival-cole\\\/#primaryimage\",\"url\":\"https:\\\/\\\/www.uartes.edu.ec\\\/sitio\\\/wp-content\\\/uploads\\\/2024\\\/10\\\/13-FESTIVAL-UA-COLE.jpg\",\"contentUrl\":\"https:\\\/\\\/www.uartes.edu.ec\\\/sitio\\\/wp-content\\\/uploads\\\/2024\\\/10\\\/13-FESTIVAL-UA-COLE.jpg\",\"width\":2000,\"height\":1333},{\"@type\":\"BreadcrumbList\",\"@id\":\"https:\\\/\\\/www.uartes.edu.ec\\\/sitio\\\/en\\\/blog\\\/2024\\\/09\\\/30\\\/estudiantes-de-colegios-y-unidades-educativas-de-guayaquil-cantaron-pasillos-en-el-ii-festival-cole\\\/#breadcrumb\",\"itemListElement\":[{\"@type\":\"ListItem\",\"position\":1,\"name\":\"Inicio\",\"item\":\"https:\\\/\\\/www.uartes.edu.ec\\\/sitio\\\/\"},{\"@type\":\"ListItem\",\"position\":2,\"name\":\"Alumnos de colegios y unidades educativas se inspiraron en el pasillo para Festival Cole\"}]},{\"@type\":\"WebSite\",\"@id\":\"https:\\\/\\\/www.uartes.edu.ec\\\/sitio\\\/en\\\/#website\",\"url\":\"https:\\\/\\\/www.uartes.edu.ec\\\/sitio\\\/en\\\/\",\"name\":\"Universidad de las Artes\",\"description\":\"Sitio oficial de la Universidad Nacional de las Artes del Ecuador\",\"publisher\":{\"@id\":\"https:\\\/\\\/www.uartes.edu.ec\\\/sitio\\\/en\\\/#organization\"},\"potentialAction\":[{\"@type\":\"SearchAction\",\"target\":{\"@type\":\"EntryPoint\",\"urlTemplate\":\"https:\\\/\\\/www.uartes.edu.ec\\\/sitio\\\/en\\\/?s={search_term_string}\"},\"query-input\":{\"@type\":\"PropertyValueSpecification\",\"valueRequired\":true,\"valueName\":\"search_term_string\"}}],\"inLanguage\":\"en-US\"},{\"@type\":\"Organization\",\"@id\":\"https:\\\/\\\/www.uartes.edu.ec\\\/sitio\\\/en\\\/#organization\",\"name\":\"Universidad de las Artes\",\"url\":\"https:\\\/\\\/www.uartes.edu.ec\\\/sitio\\\/en\\\/\",\"logo\":{\"@type\":\"ImageObject\",\"inLanguage\":\"en-US\",\"@id\":\"https:\\\/\\\/www.uartes.edu.ec\\\/sitio\\\/en\\\/#\\\/schema\\\/logo\\\/image\\\/\",\"url\":\"https:\\\/\\\/www.uartes.edu.ec\\\/sitio\\\/wp-content\\\/uploads\\\/2022\\\/07\\\/logo-ua-horizontal.png\",\"contentUrl\":\"https:\\\/\\\/www.uartes.edu.ec\\\/sitio\\\/wp-content\\\/uploads\\\/2022\\\/07\\\/logo-ua-horizontal.png\",\"width\":800,\"height\":276,\"caption\":\"Universidad de las Artes\"},\"image\":{\"@id\":\"https:\\\/\\\/www.uartes.edu.ec\\\/sitio\\\/en\\\/#\\\/schema\\\/logo\\\/image\\\/\"},\"sameAs\":[\"https:\\\/\\\/www.facebook.com\\\/uartesec\",\"https:\\\/\\\/x.com\\\/uartesec\",\"https:\\\/\\\/www.tiktok.com\\\/@uartesec\"]},{\"@type\":\"Person\",\"@id\":\"https:\\\/\\\/www.uartes.edu.ec\\\/sitio\\\/en\\\/#\\\/schema\\\/person\\\/efa1b8275797664fd7f13a79ccc0b1f4\",\"name\":\"ccortez\",\"image\":{\"@type\":\"ImageObject\",\"inLanguage\":\"en-US\",\"@id\":\"https:\\\/\\\/secure.gravatar.com\\\/avatar\\\/b2a6f664a3ae8e074346ef91775736c5ec479e637ecced6842de9dc98b5da9cd?s=96&d=mm&r=g\",\"url\":\"https:\\\/\\\/secure.gravatar.com\\\/avatar\\\/b2a6f664a3ae8e074346ef91775736c5ec479e637ecced6842de9dc98b5da9cd?s=96&d=mm&r=g\",\"contentUrl\":\"https:\\\/\\\/secure.gravatar.com\\\/avatar\\\/b2a6f664a3ae8e074346ef91775736c5ec479e637ecced6842de9dc98b5da9cd?s=96&d=mm&r=g\",\"caption\":\"ccortez\"},\"url\":\"https:\\\/\\\/www.uartes.edu.ec\\\/sitio\\\/en\\\/blog\\\/author\\\/ccortez\\\/\"}]}<\/script>\n<!-- \/ Yoast SEO plugin. -->","yoast_head_json":{"title":"Universidad de las Artes - Alumnos de colegios y unidades educativas se inspiraron en el pasillo para Festival Cole","description":"Universidad de las Artes - Alumnos de colegios y unidades educativas se inspiraron en el pasillo para Festival Cole","robots":{"index":"index","follow":"follow","max-snippet":"max-snippet:-1","max-image-preview":"max-image-preview:large","max-video-preview":"max-video-preview:-1"},"canonical":"https:\/\/www.uartes.edu.ec\/sitio\/en\/blog\/2024\/09\/30\/estudiantes-de-colegios-y-unidades-educativas-de-guayaquil-cantaron-pasillos-en-el-ii-festival-cole\/","og_locale":"en_US","og_type":"article","og_title":"Universidad de las Artes - Alumnos de colegios y unidades educativas se inspiraron en el pasillo para Festival Cole","og_description":"Universidad de las Artes - Alumnos de colegios y unidades educativas se inspiraron en el pasillo para Festival Cole","og_url":"https:\/\/www.uartes.edu.ec\/sitio\/en\/blog\/2024\/09\/30\/estudiantes-de-colegios-y-unidades-educativas-de-guayaquil-cantaron-pasillos-en-el-ii-festival-cole\/","og_site_name":"Universidad de las Artes","article_publisher":"https:\/\/www.facebook.com\/uartesec","article_published_time":"2024-09-30T19:12:00+00:00","article_modified_time":"2024-10-21T19:57:46+00:00","og_image":[{"width":2000,"height":1333,"url":"https:\/\/www.uartes.edu.ec\/sitio\/wp-content\/uploads\/2024\/10\/13-FESTIVAL-UA-COLE.jpg","type":"image\/jpeg"}],"author":"ccortez","twitter_card":"summary_large_image","twitter_creator":"@uartesec","twitter_site":"@uartesec","twitter_misc":{"Written by":"ccortez","Est. reading time":"8 minutes"},"schema":{"@context":"https:\/\/schema.org","@graph":[{"@type":"Article","@id":"https:\/\/www.uartes.edu.ec\/sitio\/en\/blog\/2024\/09\/30\/estudiantes-de-colegios-y-unidades-educativas-de-guayaquil-cantaron-pasillos-en-el-ii-festival-cole\/#article","isPartOf":{"@id":"https:\/\/www.uartes.edu.ec\/sitio\/en\/blog\/2024\/09\/30\/estudiantes-de-colegios-y-unidades-educativas-de-guayaquil-cantaron-pasillos-en-el-ii-festival-cole\/"},"author":{"name":"ccortez","@id":"https:\/\/www.uartes.edu.ec\/sitio\/en\/#\/schema\/person\/efa1b8275797664fd7f13a79ccc0b1f4"},"headline":"Alumnos de colegios y unidades educativas se inspiraron en el pasillo para Festival Cole","datePublished":"2024-09-30T19:12:00+00:00","dateModified":"2024-10-21T19:57:46+00:00","mainEntityOfPage":{"@id":"https:\/\/www.uartes.edu.ec\/sitio\/en\/blog\/2024\/09\/30\/estudiantes-de-colegios-y-unidades-educativas-de-guayaquil-cantaron-pasillos-en-el-ii-festival-cole\/"},"wordCount":1459,"commentCount":0,"publisher":{"@id":"https:\/\/www.uartes.edu.ec\/sitio\/en\/#organization"},"image":{"@id":"https:\/\/www.uartes.edu.ec\/sitio\/en\/blog\/2024\/09\/30\/estudiantes-de-colegios-y-unidades-educativas-de-guayaquil-cantaron-pasillos-en-el-ii-festival-cole\/#primaryimage"},"thumbnailUrl":"https:\/\/www.uartes.edu.ec\/sitio\/wp-content\/uploads\/2024\/10\/13-FESTIVAL-UA-COLE.jpg","keywords":["biblioteca y MZ14"],"articleSection":["Artes","Artes Sonoras","Artes Visuales","Docentes","Gesti\u00f3n","Sedes","V\u00ednculo"],"inLanguage":"en-US","potentialAction":[{"@type":"CommentAction","name":"Comment","target":["https:\/\/www.uartes.edu.ec\/sitio\/en\/blog\/2024\/09\/30\/estudiantes-de-colegios-y-unidades-educativas-de-guayaquil-cantaron-pasillos-en-el-ii-festival-cole\/#respond"]}]},{"@type":["WebPage","ItemPage"],"@id":"https:\/\/www.uartes.edu.ec\/sitio\/en\/blog\/2024\/09\/30\/estudiantes-de-colegios-y-unidades-educativas-de-guayaquil-cantaron-pasillos-en-el-ii-festival-cole\/","url":"https:\/\/www.uartes.edu.ec\/sitio\/en\/blog\/2024\/09\/30\/estudiantes-de-colegios-y-unidades-educativas-de-guayaquil-cantaron-pasillos-en-el-ii-festival-cole\/","name":"Universidad de las Artes - Alumnos de colegios y unidades educativas se inspiraron en el pasillo para Festival Cole","isPartOf":{"@id":"https:\/\/www.uartes.edu.ec\/sitio\/en\/#website"},"primaryImageOfPage":{"@id":"https:\/\/www.uartes.edu.ec\/sitio\/en\/blog\/2024\/09\/30\/estudiantes-de-colegios-y-unidades-educativas-de-guayaquil-cantaron-pasillos-en-el-ii-festival-cole\/#primaryimage"},"image":{"@id":"https:\/\/www.uartes.edu.ec\/sitio\/en\/blog\/2024\/09\/30\/estudiantes-de-colegios-y-unidades-educativas-de-guayaquil-cantaron-pasillos-en-el-ii-festival-cole\/#primaryimage"},"thumbnailUrl":"https:\/\/www.uartes.edu.ec\/sitio\/wp-content\/uploads\/2024\/10\/13-FESTIVAL-UA-COLE.jpg","datePublished":"2024-09-30T19:12:00+00:00","dateModified":"2024-10-21T19:57:46+00:00","description":"Universidad de las Artes - Alumnos de colegios y unidades educativas se inspiraron en el pasillo para Festival Cole","breadcrumb":{"@id":"https:\/\/www.uartes.edu.ec\/sitio\/en\/blog\/2024\/09\/30\/estudiantes-de-colegios-y-unidades-educativas-de-guayaquil-cantaron-pasillos-en-el-ii-festival-cole\/#breadcrumb"},"inLanguage":"en-US","potentialAction":[{"@type":"ReadAction","target":["https:\/\/www.uartes.edu.ec\/sitio\/en\/blog\/2024\/09\/30\/estudiantes-de-colegios-y-unidades-educativas-de-guayaquil-cantaron-pasillos-en-el-ii-festival-cole\/"]}]},{"@type":"ImageObject","inLanguage":"en-US","@id":"https:\/\/www.uartes.edu.ec\/sitio\/en\/blog\/2024\/09\/30\/estudiantes-de-colegios-y-unidades-educativas-de-guayaquil-cantaron-pasillos-en-el-ii-festival-cole\/#primaryimage","url":"https:\/\/www.uartes.edu.ec\/sitio\/wp-content\/uploads\/2024\/10\/13-FESTIVAL-UA-COLE.jpg","contentUrl":"https:\/\/www.uartes.edu.ec\/sitio\/wp-content\/uploads\/2024\/10\/13-FESTIVAL-UA-COLE.jpg","width":2000,"height":1333},{"@type":"BreadcrumbList","@id":"https:\/\/www.uartes.edu.ec\/sitio\/en\/blog\/2024\/09\/30\/estudiantes-de-colegios-y-unidades-educativas-de-guayaquil-cantaron-pasillos-en-el-ii-festival-cole\/#breadcrumb","itemListElement":[{"@type":"ListItem","position":1,"name":"Inicio","item":"https:\/\/www.uartes.edu.ec\/sitio\/"},{"@type":"ListItem","position":2,"name":"Alumnos de colegios y unidades educativas se inspiraron en el pasillo para Festival Cole"}]},{"@type":"WebSite","@id":"https:\/\/www.uartes.edu.ec\/sitio\/en\/#website","url":"https:\/\/www.uartes.edu.ec\/sitio\/en\/","name":"Universidad de las Artes","description":"Sitio oficial de la Universidad Nacional de las Artes del Ecuador","publisher":{"@id":"https:\/\/www.uartes.edu.ec\/sitio\/en\/#organization"},"potentialAction":[{"@type":"SearchAction","target":{"@type":"EntryPoint","urlTemplate":"https:\/\/www.uartes.edu.ec\/sitio\/en\/?s={search_term_string}"},"query-input":{"@type":"PropertyValueSpecification","valueRequired":true,"valueName":"search_term_string"}}],"inLanguage":"en-US"},{"@type":"Organization","@id":"https:\/\/www.uartes.edu.ec\/sitio\/en\/#organization","name":"Universidad de las Artes","url":"https:\/\/www.uartes.edu.ec\/sitio\/en\/","logo":{"@type":"ImageObject","inLanguage":"en-US","@id":"https:\/\/www.uartes.edu.ec\/sitio\/en\/#\/schema\/logo\/image\/","url":"https:\/\/www.uartes.edu.ec\/sitio\/wp-content\/uploads\/2022\/07\/logo-ua-horizontal.png","contentUrl":"https:\/\/www.uartes.edu.ec\/sitio\/wp-content\/uploads\/2022\/07\/logo-ua-horizontal.png","width":800,"height":276,"caption":"Universidad de las Artes"},"image":{"@id":"https:\/\/www.uartes.edu.ec\/sitio\/en\/#\/schema\/logo\/image\/"},"sameAs":["https:\/\/www.facebook.com\/uartesec","https:\/\/x.com\/uartesec","https:\/\/www.tiktok.com\/@uartesec"]},{"@type":"Person","@id":"https:\/\/www.uartes.edu.ec\/sitio\/en\/#\/schema\/person\/efa1b8275797664fd7f13a79ccc0b1f4","name":"ccortez","image":{"@type":"ImageObject","inLanguage":"en-US","@id":"https:\/\/secure.gravatar.com\/avatar\/b2a6f664a3ae8e074346ef91775736c5ec479e637ecced6842de9dc98b5da9cd?s=96&d=mm&r=g","url":"https:\/\/secure.gravatar.com\/avatar\/b2a6f664a3ae8e074346ef91775736c5ec479e637ecced6842de9dc98b5da9cd?s=96&d=mm&r=g","contentUrl":"https:\/\/secure.gravatar.com\/avatar\/b2a6f664a3ae8e074346ef91775736c5ec479e637ecced6842de9dc98b5da9cd?s=96&d=mm&r=g","caption":"ccortez"},"url":"https:\/\/www.uartes.edu.ec\/sitio\/en\/blog\/author\/ccortez\/"}]}},"uagb_featured_image_src":{"full":["https:\/\/www.uartes.edu.ec\/sitio\/wp-content\/uploads\/2024\/10\/13-FESTIVAL-UA-COLE.jpg",2000,1333,false],"thumbnail":["https:\/\/www.uartes.edu.ec\/sitio\/wp-content\/uploads\/2024\/10\/13-FESTIVAL-UA-COLE-150x150.jpg",150,150,true],"medium":["https:\/\/www.uartes.edu.ec\/sitio\/wp-content\/uploads\/2024\/10\/13-FESTIVAL-UA-COLE-300x200.jpg",300,200,true],"medium_large":["https:\/\/www.uartes.edu.ec\/sitio\/wp-content\/uploads\/2024\/10\/13-FESTIVAL-UA-COLE-768x512.jpg",768,512,true],"large":["https:\/\/www.uartes.edu.ec\/sitio\/wp-content\/uploads\/2024\/10\/13-FESTIVAL-UA-COLE-644x429.jpg",644,429,true],"1536x1536":["https:\/\/www.uartes.edu.ec\/sitio\/wp-content\/uploads\/2024\/10\/13-FESTIVAL-UA-COLE-1536x1024.jpg",1536,1024,true],"2048x2048":["https:\/\/www.uartes.edu.ec\/sitio\/wp-content\/uploads\/2024\/10\/13-FESTIVAL-UA-COLE.jpg",2000,1333,false],"trp-custom-language-flag":["https:\/\/www.uartes.edu.ec\/sitio\/wp-content\/uploads\/2024\/10\/13-FESTIVAL-UA-COLE-18x12.jpg",18,12,true],"htmega_size_585x295":["https:\/\/www.uartes.edu.ec\/sitio\/wp-content\/uploads\/2024\/10\/13-FESTIVAL-UA-COLE-585x295.jpg",585,295,true],"htmega_size_1170x536":["https:\/\/www.uartes.edu.ec\/sitio\/wp-content\/uploads\/2024\/10\/13-FESTIVAL-UA-COLE-1170x536.jpg",1170,536,true],"htmega_size_396x360":["https:\/\/www.uartes.edu.ec\/sitio\/wp-content\/uploads\/2024\/10\/13-FESTIVAL-UA-COLE-396x360.jpg",396,360,true],"gb-block-post-grid-landscape":["https:\/\/www.uartes.edu.ec\/sitio\/wp-content\/uploads\/2024\/10\/13-FESTIVAL-UA-COLE-600x400.jpg",600,400,true],"gb-block-post-grid-square":["https:\/\/www.uartes.edu.ec\/sitio\/wp-content\/uploads\/2024\/10\/13-FESTIVAL-UA-COLE-600x600.jpg",600,600,true],"university-hub-thumb":["https:\/\/www.uartes.edu.ec\/sitio\/wp-content\/uploads\/2024\/10\/13-FESTIVAL-UA-COLE-400x267.jpg",400,267,true]},"uagb_author_info":{"display_name":"ccortez","author_link":"https:\/\/www.uartes.edu.ec\/sitio\/en\/blog\/author\/ccortez\/"},"uagb_comment_info":0,"uagb_excerpt":"Con el pasillo como fuente de inspiraci\u00f3n para las Artes Musicales y el antiguo Palacio de la Gobernaci\u00f3n, sede matriz de la Universidad de las Artes, como la tem\u00e1tica para las propuestas de Artes Visuales, se desarroll\u00f3 el viernes 27 de septiembre la II edici\u00f3n del Festival Cole. Organizado por la UArtes, su biblioteca y&hellip;","featured_image_src":"https:\/\/www.uartes.edu.ec\/sitio\/wp-content\/uploads\/2024\/10\/13-FESTIVAL-UA-COLE-600x400.jpg","featured_image_src_square":"https:\/\/www.uartes.edu.ec\/sitio\/wp-content\/uploads\/2024\/10\/13-FESTIVAL-UA-COLE-600x600.jpg","author_info":{"display_name":"ccortez","author_link":"https:\/\/www.uartes.edu.ec\/sitio\/en\/blog\/author\/ccortez\/"},"publishpress_future_workflow_manual_trigger":{"enabledWorkflows":[]},"distributor_meta":false,"distributor_terms":false,"distributor_media":false,"distributor_original_site_name":"Universidad de las Artes","distributor_original_site_url":"https:\/\/www.uartes.edu.ec\/sitio\/en","push-errors":false,"_links":{"self":[{"href":"https:\/\/www.uartes.edu.ec\/sitio\/en\/wp-json\/wp\/v2\/posts\/62427","targetHints":{"allow":["GET"]}}],"collection":[{"href":"https:\/\/www.uartes.edu.ec\/sitio\/en\/wp-json\/wp\/v2\/posts"}],"about":[{"href":"https:\/\/www.uartes.edu.ec\/sitio\/en\/wp-json\/wp\/v2\/types\/post"}],"author":[{"embeddable":true,"href":"https:\/\/www.uartes.edu.ec\/sitio\/en\/wp-json\/wp\/v2\/users\/10"}],"replies":[{"embeddable":true,"href":"https:\/\/www.uartes.edu.ec\/sitio\/en\/wp-json\/wp\/v2\/comments?post=62427"}],"version-history":[{"count":10,"href":"https:\/\/www.uartes.edu.ec\/sitio\/en\/wp-json\/wp\/v2\/posts\/62427\/revisions"}],"predecessor-version":[{"id":62450,"href":"https:\/\/www.uartes.edu.ec\/sitio\/en\/wp-json\/wp\/v2\/posts\/62427\/revisions\/62450"}],"wp:featuredmedia":[{"embeddable":true,"href":"https:\/\/www.uartes.edu.ec\/sitio\/en\/wp-json\/wp\/v2\/media\/62428"}],"wp:attachment":[{"href":"https:\/\/www.uartes.edu.ec\/sitio\/en\/wp-json\/wp\/v2\/media?parent=62427"}],"wp:term":[{"taxonomy":"category","embeddable":true,"href":"https:\/\/www.uartes.edu.ec\/sitio\/en\/wp-json\/wp\/v2\/categories?post=62427"},{"taxonomy":"post_tag","embeddable":true,"href":"https:\/\/www.uartes.edu.ec\/sitio\/en\/wp-json\/wp\/v2\/tags?post=62427"},{"taxonomy":"infouartes","embeddable":true,"href":"https:\/\/www.uartes.edu.ec\/sitio\/en\/wp-json\/wp\/v2\/infouartes?post=62427"}],"curies":[{"name":"wp","href":"https:\/\/api.w.org\/{rel}","templated":true}]}}