{"id":62847,"date":"2024-10-09T13:25:00","date_gmt":"2024-10-09T18:25:00","guid":{"rendered":"https:\/\/www.uartes.edu.ec\/sitio\/?p=62847"},"modified":"2024-10-21T14:55:49","modified_gmt":"2024-10-21T19:55:49","slug":"en-multiforme-gracia-muestra-personal-de-la-artista-y-docente-amalina-bomnin-en-la-galeria-cif-del-mz14","status":"publish","type":"post","link":"https:\/\/www.uartes.edu.ec\/sitio\/en\/blog\/2024\/10\/09\/en-multiforme-gracia-muestra-personal-de-la-artista-y-docente-amalina-bomnin-en-la-galeria-cif-del-mz14\/","title":{"rendered":"\u201cEn multiforme gracia\u201d Amalina Bomnin aborda procesos de autosanaci\u00f3n; videos, fotograf\u00edas y performance en la Galer\u00eda CIF"},"content":{"rendered":"<p>Fotograf\u00eda, video, objeto y performance. Son algunos de los recursos y soportes art\u00edsticos que componen la muestra \u201cEn multiforme gracia\u201d de la artista y docente de la Universidad de las Artes Amalina Bomnin. Inaugurada el pasado 27 de septiembre, la propuesta expositiva se mantendr\u00e1 hasta el 18 de octubre en la Galer\u00eda CIF del MZ14 Centro de Producci\u00f3n e Innovaci\u00f3n UArtes.<\/p>\n\n\n\n<p>\u201cNo es que Amalina pretenda desmaterializarse o hacerse invisible, a lo sumo ella est\u00e1 representando mediante una acci\u00f3n muy extravagante, pero real, el rol hist\u00f3rico y cotidiano otorgado a la mujer en el esquema patriarcal\u201d. El texto es uno de los varios que est\u00e1n escritos en la pared del espacio, sosteniendo un \u201ccariz autobiogr\u00e1fico que no excluye el comentario social\u201d, como se\u00f1ala Elvia Rosa Castro, curadora de la muestra.<\/p>\n\n\n\n<figure class=\"wp-block-gallery has-nested-images columns-default is-cropped wp-block-gallery-1 is-layout-flex wp-block-gallery-is-layout-flex\">\n<figure class=\"wp-block-image size-large\"><img fetchpriority=\"high\" decoding=\"async\" width=\"644\" height=\"429\" data-id=\"62935\" src=\"https:\/\/www.uartes.edu.ec\/sitio\/wp-content\/uploads\/2024\/10\/07-AMALINA-MZ14-EN-MULTIFORME-GRACIA-644x429.jpg\" alt=\"\" class=\"wp-image-62935\" srcset=\"https:\/\/www.uartes.edu.ec\/sitio\/wp-content\/uploads\/2024\/10\/07-AMALINA-MZ14-EN-MULTIFORME-GRACIA-644x429.jpg 644w, https:\/\/www.uartes.edu.ec\/sitio\/wp-content\/uploads\/2024\/10\/07-AMALINA-MZ14-EN-MULTIFORME-GRACIA-300x200.jpg 300w, https:\/\/www.uartes.edu.ec\/sitio\/wp-content\/uploads\/2024\/10\/07-AMALINA-MZ14-EN-MULTIFORME-GRACIA-768x512.jpg 768w, https:\/\/www.uartes.edu.ec\/sitio\/wp-content\/uploads\/2024\/10\/07-AMALINA-MZ14-EN-MULTIFORME-GRACIA-1536x1024.jpg 1536w, https:\/\/www.uartes.edu.ec\/sitio\/wp-content\/uploads\/2024\/10\/07-AMALINA-MZ14-EN-MULTIFORME-GRACIA-18x12.jpg 18w, https:\/\/www.uartes.edu.ec\/sitio\/wp-content\/uploads\/2024\/10\/07-AMALINA-MZ14-EN-MULTIFORME-GRACIA-600x400.jpg 600w, https:\/\/www.uartes.edu.ec\/sitio\/wp-content\/uploads\/2024\/10\/07-AMALINA-MZ14-EN-MULTIFORME-GRACIA-400x267.jpg 400w, https:\/\/www.uartes.edu.ec\/sitio\/wp-content\/uploads\/2024\/10\/07-AMALINA-MZ14-EN-MULTIFORME-GRACIA-272x182.jpg 272w, https:\/\/www.uartes.edu.ec\/sitio\/wp-content\/uploads\/2024\/10\/07-AMALINA-MZ14-EN-MULTIFORME-GRACIA.jpg 2000w\" sizes=\"(max-width: 644px) 100vw, 644px\" \/><\/figure>\n\n\n\n<figure class=\"wp-block-image size-large\"><img decoding=\"async\" width=\"644\" height=\"429\" data-id=\"62931\" src=\"https:\/\/www.uartes.edu.ec\/sitio\/wp-content\/uploads\/2024\/10\/11-AMALINA-MZ14-EN-MULTIFORME-GRACIA-644x429.jpg\" alt=\"\" class=\"wp-image-62931\" srcset=\"https:\/\/www.uartes.edu.ec\/sitio\/wp-content\/uploads\/2024\/10\/11-AMALINA-MZ14-EN-MULTIFORME-GRACIA-644x429.jpg 644w, https:\/\/www.uartes.edu.ec\/sitio\/wp-content\/uploads\/2024\/10\/11-AMALINA-MZ14-EN-MULTIFORME-GRACIA-300x200.jpg 300w, https:\/\/www.uartes.edu.ec\/sitio\/wp-content\/uploads\/2024\/10\/11-AMALINA-MZ14-EN-MULTIFORME-GRACIA-768x512.jpg 768w, https:\/\/www.uartes.edu.ec\/sitio\/wp-content\/uploads\/2024\/10\/11-AMALINA-MZ14-EN-MULTIFORME-GRACIA-1536x1024.jpg 1536w, https:\/\/www.uartes.edu.ec\/sitio\/wp-content\/uploads\/2024\/10\/11-AMALINA-MZ14-EN-MULTIFORME-GRACIA-18x12.jpg 18w, https:\/\/www.uartes.edu.ec\/sitio\/wp-content\/uploads\/2024\/10\/11-AMALINA-MZ14-EN-MULTIFORME-GRACIA-600x400.jpg 600w, https:\/\/www.uartes.edu.ec\/sitio\/wp-content\/uploads\/2024\/10\/11-AMALINA-MZ14-EN-MULTIFORME-GRACIA-400x267.jpg 400w, https:\/\/www.uartes.edu.ec\/sitio\/wp-content\/uploads\/2024\/10\/11-AMALINA-MZ14-EN-MULTIFORME-GRACIA-272x182.jpg 272w, https:\/\/www.uartes.edu.ec\/sitio\/wp-content\/uploads\/2024\/10\/11-AMALINA-MZ14-EN-MULTIFORME-GRACIA.jpg 2000w\" sizes=\"(max-width: 644px) 100vw, 644px\" \/><\/figure>\n\n\n\n<figure class=\"wp-block-image size-large\"><img decoding=\"async\" width=\"644\" height=\"429\" data-id=\"62934\" src=\"https:\/\/www.uartes.edu.ec\/sitio\/wp-content\/uploads\/2024\/10\/08-AMALINA-MZ14-EN-MULTIFORME-GRACIA-644x429.jpg\" alt=\"\" class=\"wp-image-62934\" srcset=\"https:\/\/www.uartes.edu.ec\/sitio\/wp-content\/uploads\/2024\/10\/08-AMALINA-MZ14-EN-MULTIFORME-GRACIA-644x429.jpg 644w, https:\/\/www.uartes.edu.ec\/sitio\/wp-content\/uploads\/2024\/10\/08-AMALINA-MZ14-EN-MULTIFORME-GRACIA-300x200.jpg 300w, https:\/\/www.uartes.edu.ec\/sitio\/wp-content\/uploads\/2024\/10\/08-AMALINA-MZ14-EN-MULTIFORME-GRACIA-768x512.jpg 768w, https:\/\/www.uartes.edu.ec\/sitio\/wp-content\/uploads\/2024\/10\/08-AMALINA-MZ14-EN-MULTIFORME-GRACIA-1536x1024.jpg 1536w, https:\/\/www.uartes.edu.ec\/sitio\/wp-content\/uploads\/2024\/10\/08-AMALINA-MZ14-EN-MULTIFORME-GRACIA-18x12.jpg 18w, https:\/\/www.uartes.edu.ec\/sitio\/wp-content\/uploads\/2024\/10\/08-AMALINA-MZ14-EN-MULTIFORME-GRACIA-600x400.jpg 600w, https:\/\/www.uartes.edu.ec\/sitio\/wp-content\/uploads\/2024\/10\/08-AMALINA-MZ14-EN-MULTIFORME-GRACIA-400x267.jpg 400w, https:\/\/www.uartes.edu.ec\/sitio\/wp-content\/uploads\/2024\/10\/08-AMALINA-MZ14-EN-MULTIFORME-GRACIA-272x182.jpg 272w, https:\/\/www.uartes.edu.ec\/sitio\/wp-content\/uploads\/2024\/10\/08-AMALINA-MZ14-EN-MULTIFORME-GRACIA.jpg 2000w\" sizes=\"(max-width: 644px) 100vw, 644px\" \/><\/figure>\n<\/figure>\n\n\n\n<figure class=\"wp-block-gallery has-nested-images columns-default is-cropped wp-block-gallery-2 is-layout-flex wp-block-gallery-is-layout-flex\">\n<figure class=\"wp-block-image size-large\"><img loading=\"lazy\" decoding=\"async\" width=\"644\" height=\"429\" data-id=\"62941\" src=\"https:\/\/www.uartes.edu.ec\/sitio\/wp-content\/uploads\/2024\/10\/14-AMALINA-MZ14-EN-MULTIFORME-GRACIA-1-644x429.jpg\" alt=\"\" class=\"wp-image-62941\" srcset=\"https:\/\/www.uartes.edu.ec\/sitio\/wp-content\/uploads\/2024\/10\/14-AMALINA-MZ14-EN-MULTIFORME-GRACIA-1-644x429.jpg 644w, https:\/\/www.uartes.edu.ec\/sitio\/wp-content\/uploads\/2024\/10\/14-AMALINA-MZ14-EN-MULTIFORME-GRACIA-1-300x200.jpg 300w, https:\/\/www.uartes.edu.ec\/sitio\/wp-content\/uploads\/2024\/10\/14-AMALINA-MZ14-EN-MULTIFORME-GRACIA-1-768x512.jpg 768w, https:\/\/www.uartes.edu.ec\/sitio\/wp-content\/uploads\/2024\/10\/14-AMALINA-MZ14-EN-MULTIFORME-GRACIA-1-1536x1024.jpg 1536w, https:\/\/www.uartes.edu.ec\/sitio\/wp-content\/uploads\/2024\/10\/14-AMALINA-MZ14-EN-MULTIFORME-GRACIA-1-18x12.jpg 18w, https:\/\/www.uartes.edu.ec\/sitio\/wp-content\/uploads\/2024\/10\/14-AMALINA-MZ14-EN-MULTIFORME-GRACIA-1-600x400.jpg 600w, https:\/\/www.uartes.edu.ec\/sitio\/wp-content\/uploads\/2024\/10\/14-AMALINA-MZ14-EN-MULTIFORME-GRACIA-1-400x267.jpg 400w, https:\/\/www.uartes.edu.ec\/sitio\/wp-content\/uploads\/2024\/10\/14-AMALINA-MZ14-EN-MULTIFORME-GRACIA-1-272x182.jpg 272w, https:\/\/www.uartes.edu.ec\/sitio\/wp-content\/uploads\/2024\/10\/14-AMALINA-MZ14-EN-MULTIFORME-GRACIA-1.jpg 2000w\" sizes=\"(max-width: 644px) 100vw, 644px\" \/><\/figure>\n\n\n\n<figure class=\"wp-block-image size-large\"><img loading=\"lazy\" decoding=\"async\" width=\"644\" height=\"429\" data-id=\"62942\" src=\"https:\/\/www.uartes.edu.ec\/sitio\/wp-content\/uploads\/2024\/10\/13-AMALINA-MZ14-EN-MULTIFORME-GRACIA-1-644x429.jpg\" alt=\"\" class=\"wp-image-62942\" srcset=\"https:\/\/www.uartes.edu.ec\/sitio\/wp-content\/uploads\/2024\/10\/13-AMALINA-MZ14-EN-MULTIFORME-GRACIA-1-644x429.jpg 644w, https:\/\/www.uartes.edu.ec\/sitio\/wp-content\/uploads\/2024\/10\/13-AMALINA-MZ14-EN-MULTIFORME-GRACIA-1-300x200.jpg 300w, https:\/\/www.uartes.edu.ec\/sitio\/wp-content\/uploads\/2024\/10\/13-AMALINA-MZ14-EN-MULTIFORME-GRACIA-1-768x512.jpg 768w, https:\/\/www.uartes.edu.ec\/sitio\/wp-content\/uploads\/2024\/10\/13-AMALINA-MZ14-EN-MULTIFORME-GRACIA-1-1536x1024.jpg 1536w, https:\/\/www.uartes.edu.ec\/sitio\/wp-content\/uploads\/2024\/10\/13-AMALINA-MZ14-EN-MULTIFORME-GRACIA-1-18x12.jpg 18w, https:\/\/www.uartes.edu.ec\/sitio\/wp-content\/uploads\/2024\/10\/13-AMALINA-MZ14-EN-MULTIFORME-GRACIA-1-600x400.jpg 600w, https:\/\/www.uartes.edu.ec\/sitio\/wp-content\/uploads\/2024\/10\/13-AMALINA-MZ14-EN-MULTIFORME-GRACIA-1-400x267.jpg 400w, https:\/\/www.uartes.edu.ec\/sitio\/wp-content\/uploads\/2024\/10\/13-AMALINA-MZ14-EN-MULTIFORME-GRACIA-1-272x182.jpg 272w, https:\/\/www.uartes.edu.ec\/sitio\/wp-content\/uploads\/2024\/10\/13-AMALINA-MZ14-EN-MULTIFORME-GRACIA-1.jpg 2000w\" sizes=\"(max-width: 644px) 100vw, 644px\" \/><\/figure>\n<\/figure>\n\n\n\n<p>Tambi\u00e9n de Castro, la artista comparte el siguiente texto curatorial: \u201cEn multiforme gracia\u201d se alimenta del discurso de ra\u00edz b\u00edblica para posicionarse como el resultado de un proceso personal de autoconocimiento, desmantelamiento y autosanaci\u00f3n. \u00bfA qu\u00e9 equivaldr\u00eda un quehacer en multiforme gracia? Ser\u00eda sin miedo a reiniciarse a pesar de los continuos desaf\u00edos. Desde el proceso subyacente en el arribo a un contexto desconocido, hasta cuestionamientos respecto a la crianza familiar constituyen material de an\u00e1lisis en estas piezas que se exponen a trav\u00e9s de medios como la fotograf\u00eda, el video, el objeto y la performance\u201d.<\/p>\n\n\n\n<p>La curadora anota tambi\u00e9n que \u201ct\u00f3picos como la violencia estructural, la fragilizaci\u00f3n de las sensibilidades hacia los ecosistemas, los estigmas asociados a lo femenino, son algunas de las problem\u00e1ticas abordadas en la muestra.<\/p>\n\n\n\n<figure class=\"wp-block-gallery has-nested-images columns-default is-cropped wp-block-gallery-3 is-layout-flex wp-block-gallery-is-layout-flex\">\n<figure class=\"wp-block-image size-large\"><img loading=\"lazy\" decoding=\"async\" width=\"644\" height=\"429\" data-id=\"62938\" src=\"https:\/\/www.uartes.edu.ec\/sitio\/wp-content\/uploads\/2024\/10\/03-AMALINA-MZ14-EN-MULTIFORME-GRACIA-644x429.jpg\" alt=\"\" class=\"wp-image-62938\" srcset=\"https:\/\/www.uartes.edu.ec\/sitio\/wp-content\/uploads\/2024\/10\/03-AMALINA-MZ14-EN-MULTIFORME-GRACIA-644x429.jpg 644w, https:\/\/www.uartes.edu.ec\/sitio\/wp-content\/uploads\/2024\/10\/03-AMALINA-MZ14-EN-MULTIFORME-GRACIA-300x200.jpg 300w, https:\/\/www.uartes.edu.ec\/sitio\/wp-content\/uploads\/2024\/10\/03-AMALINA-MZ14-EN-MULTIFORME-GRACIA-768x512.jpg 768w, https:\/\/www.uartes.edu.ec\/sitio\/wp-content\/uploads\/2024\/10\/03-AMALINA-MZ14-EN-MULTIFORME-GRACIA-1536x1024.jpg 1536w, https:\/\/www.uartes.edu.ec\/sitio\/wp-content\/uploads\/2024\/10\/03-AMALINA-MZ14-EN-MULTIFORME-GRACIA-18x12.jpg 18w, https:\/\/www.uartes.edu.ec\/sitio\/wp-content\/uploads\/2024\/10\/03-AMALINA-MZ14-EN-MULTIFORME-GRACIA-600x400.jpg 600w, https:\/\/www.uartes.edu.ec\/sitio\/wp-content\/uploads\/2024\/10\/03-AMALINA-MZ14-EN-MULTIFORME-GRACIA-400x267.jpg 400w, https:\/\/www.uartes.edu.ec\/sitio\/wp-content\/uploads\/2024\/10\/03-AMALINA-MZ14-EN-MULTIFORME-GRACIA-272x182.jpg 272w, https:\/\/www.uartes.edu.ec\/sitio\/wp-content\/uploads\/2024\/10\/03-AMALINA-MZ14-EN-MULTIFORME-GRACIA.jpg 2000w\" sizes=\"(max-width: 644px) 100vw, 644px\" \/><\/figure>\n\n\n\n<figure class=\"wp-block-image size-large\"><img loading=\"lazy\" decoding=\"async\" width=\"644\" height=\"429\" data-id=\"62933\" src=\"https:\/\/www.uartes.edu.ec\/sitio\/wp-content\/uploads\/2024\/10\/09-AMALINA-MZ14-EN-MULTIFORME-GRACIA-644x429.jpg\" alt=\"\" class=\"wp-image-62933\" srcset=\"https:\/\/www.uartes.edu.ec\/sitio\/wp-content\/uploads\/2024\/10\/09-AMALINA-MZ14-EN-MULTIFORME-GRACIA-644x429.jpg 644w, https:\/\/www.uartes.edu.ec\/sitio\/wp-content\/uploads\/2024\/10\/09-AMALINA-MZ14-EN-MULTIFORME-GRACIA-300x200.jpg 300w, https:\/\/www.uartes.edu.ec\/sitio\/wp-content\/uploads\/2024\/10\/09-AMALINA-MZ14-EN-MULTIFORME-GRACIA-768x512.jpg 768w, https:\/\/www.uartes.edu.ec\/sitio\/wp-content\/uploads\/2024\/10\/09-AMALINA-MZ14-EN-MULTIFORME-GRACIA-1536x1024.jpg 1536w, https:\/\/www.uartes.edu.ec\/sitio\/wp-content\/uploads\/2024\/10\/09-AMALINA-MZ14-EN-MULTIFORME-GRACIA-18x12.jpg 18w, https:\/\/www.uartes.edu.ec\/sitio\/wp-content\/uploads\/2024\/10\/09-AMALINA-MZ14-EN-MULTIFORME-GRACIA-600x400.jpg 600w, https:\/\/www.uartes.edu.ec\/sitio\/wp-content\/uploads\/2024\/10\/09-AMALINA-MZ14-EN-MULTIFORME-GRACIA-400x267.jpg 400w, https:\/\/www.uartes.edu.ec\/sitio\/wp-content\/uploads\/2024\/10\/09-AMALINA-MZ14-EN-MULTIFORME-GRACIA-272x182.jpg 272w, https:\/\/www.uartes.edu.ec\/sitio\/wp-content\/uploads\/2024\/10\/09-AMALINA-MZ14-EN-MULTIFORME-GRACIA.jpg 2000w\" sizes=\"(max-width: 644px) 100vw, 644px\" \/><\/figure>\n<\/figure>\n\n\n\n<figure class=\"wp-block-gallery has-nested-images columns-default is-cropped wp-block-gallery-4 is-layout-flex wp-block-gallery-is-layout-flex\">\n<figure class=\"wp-block-image size-large\"><img loading=\"lazy\" decoding=\"async\" width=\"644\" height=\"429\" data-id=\"62937\" src=\"https:\/\/www.uartes.edu.ec\/sitio\/wp-content\/uploads\/2024\/10\/04-AMALINA-MZ14-EN-MULTIFORME-GRACIA-644x429.jpg\" alt=\"\" class=\"wp-image-62937\" srcset=\"https:\/\/www.uartes.edu.ec\/sitio\/wp-content\/uploads\/2024\/10\/04-AMALINA-MZ14-EN-MULTIFORME-GRACIA-644x429.jpg 644w, https:\/\/www.uartes.edu.ec\/sitio\/wp-content\/uploads\/2024\/10\/04-AMALINA-MZ14-EN-MULTIFORME-GRACIA-300x200.jpg 300w, https:\/\/www.uartes.edu.ec\/sitio\/wp-content\/uploads\/2024\/10\/04-AMALINA-MZ14-EN-MULTIFORME-GRACIA-768x512.jpg 768w, https:\/\/www.uartes.edu.ec\/sitio\/wp-content\/uploads\/2024\/10\/04-AMALINA-MZ14-EN-MULTIFORME-GRACIA-1536x1024.jpg 1536w, https:\/\/www.uartes.edu.ec\/sitio\/wp-content\/uploads\/2024\/10\/04-AMALINA-MZ14-EN-MULTIFORME-GRACIA-18x12.jpg 18w, https:\/\/www.uartes.edu.ec\/sitio\/wp-content\/uploads\/2024\/10\/04-AMALINA-MZ14-EN-MULTIFORME-GRACIA-600x400.jpg 600w, https:\/\/www.uartes.edu.ec\/sitio\/wp-content\/uploads\/2024\/10\/04-AMALINA-MZ14-EN-MULTIFORME-GRACIA-400x267.jpg 400w, https:\/\/www.uartes.edu.ec\/sitio\/wp-content\/uploads\/2024\/10\/04-AMALINA-MZ14-EN-MULTIFORME-GRACIA-272x182.jpg 272w, https:\/\/www.uartes.edu.ec\/sitio\/wp-content\/uploads\/2024\/10\/04-AMALINA-MZ14-EN-MULTIFORME-GRACIA.jpg 2000w\" sizes=\"(max-width: 644px) 100vw, 644px\" \/><\/figure>\n\n\n\n<figure class=\"wp-block-image size-large\"><img loading=\"lazy\" decoding=\"async\" width=\"644\" height=\"429\" data-id=\"62940\" src=\"https:\/\/www.uartes.edu.ec\/sitio\/wp-content\/uploads\/2024\/10\/01-AMALINA-MZ14-EN-MULTIFORME-GRACIA-644x429.jpg\" alt=\"\" class=\"wp-image-62940\" srcset=\"https:\/\/www.uartes.edu.ec\/sitio\/wp-content\/uploads\/2024\/10\/01-AMALINA-MZ14-EN-MULTIFORME-GRACIA-644x429.jpg 644w, https:\/\/www.uartes.edu.ec\/sitio\/wp-content\/uploads\/2024\/10\/01-AMALINA-MZ14-EN-MULTIFORME-GRACIA-300x200.jpg 300w, https:\/\/www.uartes.edu.ec\/sitio\/wp-content\/uploads\/2024\/10\/01-AMALINA-MZ14-EN-MULTIFORME-GRACIA-768x512.jpg 768w, https:\/\/www.uartes.edu.ec\/sitio\/wp-content\/uploads\/2024\/10\/01-AMALINA-MZ14-EN-MULTIFORME-GRACIA-1536x1024.jpg 1536w, https:\/\/www.uartes.edu.ec\/sitio\/wp-content\/uploads\/2024\/10\/01-AMALINA-MZ14-EN-MULTIFORME-GRACIA-18x12.jpg 18w, https:\/\/www.uartes.edu.ec\/sitio\/wp-content\/uploads\/2024\/10\/01-AMALINA-MZ14-EN-MULTIFORME-GRACIA-600x400.jpg 600w, https:\/\/www.uartes.edu.ec\/sitio\/wp-content\/uploads\/2024\/10\/01-AMALINA-MZ14-EN-MULTIFORME-GRACIA-400x267.jpg 400w, https:\/\/www.uartes.edu.ec\/sitio\/wp-content\/uploads\/2024\/10\/01-AMALINA-MZ14-EN-MULTIFORME-GRACIA-272x182.jpg 272w, https:\/\/www.uartes.edu.ec\/sitio\/wp-content\/uploads\/2024\/10\/01-AMALINA-MZ14-EN-MULTIFORME-GRACIA.jpg 2000w\" sizes=\"(max-width: 644px) 100vw, 644px\" \/><\/figure>\n<\/figure>\n\n\n<div class=\"wp-block-image\">\n<figure class=\"aligncenter size-large\"><img loading=\"lazy\" decoding=\"async\" width=\"644\" height=\"429\" src=\"https:\/\/www.uartes.edu.ec\/sitio\/wp-content\/uploads\/2024\/10\/06-AMALINA-MZ14-EN-MULTIFORME-GRACIA-1-644x429.jpg\" alt=\"\" class=\"wp-image-62943\" srcset=\"https:\/\/www.uartes.edu.ec\/sitio\/wp-content\/uploads\/2024\/10\/06-AMALINA-MZ14-EN-MULTIFORME-GRACIA-1-644x429.jpg 644w, https:\/\/www.uartes.edu.ec\/sitio\/wp-content\/uploads\/2024\/10\/06-AMALINA-MZ14-EN-MULTIFORME-GRACIA-1-300x200.jpg 300w, https:\/\/www.uartes.edu.ec\/sitio\/wp-content\/uploads\/2024\/10\/06-AMALINA-MZ14-EN-MULTIFORME-GRACIA-1-768x512.jpg 768w, https:\/\/www.uartes.edu.ec\/sitio\/wp-content\/uploads\/2024\/10\/06-AMALINA-MZ14-EN-MULTIFORME-GRACIA-1-1536x1024.jpg 1536w, https:\/\/www.uartes.edu.ec\/sitio\/wp-content\/uploads\/2024\/10\/06-AMALINA-MZ14-EN-MULTIFORME-GRACIA-1-18x12.jpg 18w, https:\/\/www.uartes.edu.ec\/sitio\/wp-content\/uploads\/2024\/10\/06-AMALINA-MZ14-EN-MULTIFORME-GRACIA-1-600x400.jpg 600w, https:\/\/www.uartes.edu.ec\/sitio\/wp-content\/uploads\/2024\/10\/06-AMALINA-MZ14-EN-MULTIFORME-GRACIA-1-400x267.jpg 400w, https:\/\/www.uartes.edu.ec\/sitio\/wp-content\/uploads\/2024\/10\/06-AMALINA-MZ14-EN-MULTIFORME-GRACIA-1-272x182.jpg 272w, https:\/\/www.uartes.edu.ec\/sitio\/wp-content\/uploads\/2024\/10\/06-AMALINA-MZ14-EN-MULTIFORME-GRACIA-1.jpg 2000w\" sizes=\"(max-width: 644px) 100vw, 644px\" \/><\/figure>\n<\/div>\n\n\n<p>Fotos: Alejandro N\u00fa\u00f1ez @mantecaproducciones<\/p>\n\n\n\n<p><\/p>","protected":false},"excerpt":{"rendered":"<p>Fotograf\u00eda, video, objeto y performance. Son algunos de los recursos y soportes art\u00edsticos que componen la muestra \u201cEn multiforme gracia\u201d de la artista y docente de la Universidad de las Artes Amalina Bomnin. Inaugurada el pasado 27 de septiembre, la propuesta expositiva se mantendr\u00e1 hasta el 18 de octubre en la Galer\u00eda CIF del MZ14 Centro de Producci\u00f3n e Innovaci\u00f3n UArtes.<\/p>","protected":false},"author":10,"featured_media":62939,"comment_status":"open","ping_status":"open","sticky":false,"template":"","format":"standard","meta":{"_acf_changed":false,"_uag_custom_page_level_css":"","_monsterinsights_skip_tracking":false,"_monsterinsights_sitenote_active":false,"_monsterinsights_sitenote_note":"","_monsterinsights_sitenote_category":0,"cybocfi_hide_featured_image":"","footnotes":""},"categories":[80,82,75,83,174],"tags":[517],"infouartes":[1288],"class_list":["post-62847","post","type-post","status-publish","format-standard","has-post-thumbnail","hentry","category-academico","category-artes","category-docentes","category-sedes","category-transversal","tag-exposicion","infouartes-produccion-artistica"],"acf":[],"yoast_head":"<!-- This site is optimized with the Yoast SEO plugin v27.4 - https:\/\/yoast.com\/product\/yoast-seo-wordpress\/ -->\n<title>Universidad de las Artes - \u201cEn multiforme gracia\u201d Amalina Bomnin aborda procesos de autosanaci\u00f3n; videos, fotograf\u00edas y performance en la Galer\u00eda CIF<\/title>\n<meta name=\"description\" content=\"Universidad de las Artes - \u201cEn multiforme gracia\u201d Amalina Bomnin aborda procesos de autosanaci\u00f3n; videos, fotograf\u00edas y performance en la Galer\u00eda CIF\" \/>\n<meta name=\"robots\" content=\"index, follow, max-snippet:-1, max-image-preview:large, max-video-preview:-1\" \/>\n<link rel=\"canonical\" href=\"https:\/\/www.uartes.edu.ec\/sitio\/en\/blog\/2024\/10\/09\/en-multiforme-gracia-muestra-personal-de-la-artista-y-docente-amalina-bomnin-en-la-galeria-cif-del-mz14\/\" \/>\n<meta property=\"og:locale\" content=\"en_US\" \/>\n<meta property=\"og:type\" content=\"article\" \/>\n<meta property=\"og:title\" content=\"Universidad de las Artes - \u201cEn multiforme gracia\u201d Amalina Bomnin aborda procesos de autosanaci\u00f3n; videos, fotograf\u00edas y performance en la Galer\u00eda CIF\" \/>\n<meta property=\"og:description\" content=\"Universidad de las Artes - \u201cEn multiforme gracia\u201d Amalina Bomnin aborda procesos de autosanaci\u00f3n; videos, fotograf\u00edas y performance en la Galer\u00eda CIF\" \/>\n<meta property=\"og:url\" content=\"https:\/\/www.uartes.edu.ec\/sitio\/en\/blog\/2024\/10\/09\/en-multiforme-gracia-muestra-personal-de-la-artista-y-docente-amalina-bomnin-en-la-galeria-cif-del-mz14\/\" \/>\n<meta property=\"og:site_name\" content=\"Universidad de las Artes\" \/>\n<meta property=\"article:publisher\" content=\"https:\/\/www.facebook.com\/uartesec\" \/>\n<meta property=\"article:published_time\" content=\"2024-10-09T18:25:00+00:00\" \/>\n<meta property=\"article:modified_time\" content=\"2024-10-21T19:55:49+00:00\" \/>\n<meta property=\"og:image\" content=\"https:\/\/www.uartes.edu.ec\/sitio\/wp-content\/uploads\/2024\/10\/02-AMALINA-MZ14-EN-MULTIFORME-GRACIA.jpg\" \/>\n\t<meta property=\"og:image:width\" content=\"2000\" \/>\n\t<meta property=\"og:image:height\" content=\"1333\" \/>\n\t<meta property=\"og:image:type\" content=\"image\/jpeg\" \/>\n<meta name=\"author\" content=\"ccortez\" \/>\n<meta name=\"twitter:card\" content=\"summary_large_image\" \/>\n<meta name=\"twitter:creator\" content=\"@uartesec\" \/>\n<meta name=\"twitter:site\" content=\"@uartesec\" \/>\n<meta name=\"twitter:label1\" content=\"Written by\" \/>\n\t<meta name=\"twitter:data1\" content=\"ccortez\" \/>\n\t<meta name=\"twitter:label2\" content=\"Est. reading time\" \/>\n\t<meta name=\"twitter:data2\" content=\"4 minutes\" \/>\n<script type=\"application\/ld+json\" class=\"yoast-schema-graph\">{\"@context\":\"https:\\\/\\\/schema.org\",\"@graph\":[{\"@type\":\"Article\",\"@id\":\"https:\\\/\\\/www.uartes.edu.ec\\\/sitio\\\/en\\\/blog\\\/2024\\\/10\\\/09\\\/en-multiforme-gracia-muestra-personal-de-la-artista-y-docente-amalina-bomnin-en-la-galeria-cif-del-mz14\\\/#article\",\"isPartOf\":{\"@id\":\"https:\\\/\\\/www.uartes.edu.ec\\\/sitio\\\/en\\\/blog\\\/2024\\\/10\\\/09\\\/en-multiforme-gracia-muestra-personal-de-la-artista-y-docente-amalina-bomnin-en-la-galeria-cif-del-mz14\\\/\"},\"author\":{\"name\":\"ccortez\",\"@id\":\"https:\\\/\\\/www.uartes.edu.ec\\\/sitio\\\/en\\\/#\\\/schema\\\/person\\\/efa1b8275797664fd7f13a79ccc0b1f4\"},\"headline\":\"\u201cEn multiforme gracia\u201d Amalina Bomnin aborda procesos de autosanaci\u00f3n; videos, fotograf\u00edas y performance en la Galer\u00eda CIF\",\"datePublished\":\"2024-10-09T18:25:00+00:00\",\"dateModified\":\"2024-10-21T19:55:49+00:00\",\"mainEntityOfPage\":{\"@id\":\"https:\\\/\\\/www.uartes.edu.ec\\\/sitio\\\/en\\\/blog\\\/2024\\\/10\\\/09\\\/en-multiforme-gracia-muestra-personal-de-la-artista-y-docente-amalina-bomnin-en-la-galeria-cif-del-mz14\\\/\"},\"wordCount\":305,\"commentCount\":0,\"publisher\":{\"@id\":\"https:\\\/\\\/www.uartes.edu.ec\\\/sitio\\\/en\\\/#organization\"},\"image\":{\"@id\":\"https:\\\/\\\/www.uartes.edu.ec\\\/sitio\\\/en\\\/blog\\\/2024\\\/10\\\/09\\\/en-multiforme-gracia-muestra-personal-de-la-artista-y-docente-amalina-bomnin-en-la-galeria-cif-del-mz14\\\/#primaryimage\"},\"thumbnailUrl\":\"https:\\\/\\\/www.uartes.edu.ec\\\/sitio\\\/wp-content\\\/uploads\\\/2024\\\/10\\\/02-AMALINA-MZ14-EN-MULTIFORME-GRACIA.jpg\",\"keywords\":[\"exposici\u00f3n\"],\"articleSection\":[\"Acad\u00e9mico\",\"Artes\",\"Docentes\",\"Sedes\",\"Transversal\"],\"inLanguage\":\"en-US\",\"potentialAction\":[{\"@type\":\"CommentAction\",\"name\":\"Comment\",\"target\":[\"https:\\\/\\\/www.uartes.edu.ec\\\/sitio\\\/en\\\/blog\\\/2024\\\/10\\\/09\\\/en-multiforme-gracia-muestra-personal-de-la-artista-y-docente-amalina-bomnin-en-la-galeria-cif-del-mz14\\\/#respond\"]}]},{\"@type\":[\"WebPage\",\"ItemPage\"],\"@id\":\"https:\\\/\\\/www.uartes.edu.ec\\\/sitio\\\/en\\\/blog\\\/2024\\\/10\\\/09\\\/en-multiforme-gracia-muestra-personal-de-la-artista-y-docente-amalina-bomnin-en-la-galeria-cif-del-mz14\\\/\",\"url\":\"https:\\\/\\\/www.uartes.edu.ec\\\/sitio\\\/en\\\/blog\\\/2024\\\/10\\\/09\\\/en-multiforme-gracia-muestra-personal-de-la-artista-y-docente-amalina-bomnin-en-la-galeria-cif-del-mz14\\\/\",\"name\":\"Universidad de las Artes - \u201cEn multiforme gracia\u201d Amalina Bomnin aborda procesos de autosanaci\u00f3n; videos, fotograf\u00edas y performance en la Galer\u00eda CIF\",\"isPartOf\":{\"@id\":\"https:\\\/\\\/www.uartes.edu.ec\\\/sitio\\\/en\\\/#website\"},\"primaryImageOfPage\":{\"@id\":\"https:\\\/\\\/www.uartes.edu.ec\\\/sitio\\\/en\\\/blog\\\/2024\\\/10\\\/09\\\/en-multiforme-gracia-muestra-personal-de-la-artista-y-docente-amalina-bomnin-en-la-galeria-cif-del-mz14\\\/#primaryimage\"},\"image\":{\"@id\":\"https:\\\/\\\/www.uartes.edu.ec\\\/sitio\\\/en\\\/blog\\\/2024\\\/10\\\/09\\\/en-multiforme-gracia-muestra-personal-de-la-artista-y-docente-amalina-bomnin-en-la-galeria-cif-del-mz14\\\/#primaryimage\"},\"thumbnailUrl\":\"https:\\\/\\\/www.uartes.edu.ec\\\/sitio\\\/wp-content\\\/uploads\\\/2024\\\/10\\\/02-AMALINA-MZ14-EN-MULTIFORME-GRACIA.jpg\",\"datePublished\":\"2024-10-09T18:25:00+00:00\",\"dateModified\":\"2024-10-21T19:55:49+00:00\",\"description\":\"Universidad de las Artes - \u201cEn multiforme gracia\u201d Amalina Bomnin aborda procesos de autosanaci\u00f3n; videos, fotograf\u00edas y performance en la Galer\u00eda CIF\",\"breadcrumb\":{\"@id\":\"https:\\\/\\\/www.uartes.edu.ec\\\/sitio\\\/en\\\/blog\\\/2024\\\/10\\\/09\\\/en-multiforme-gracia-muestra-personal-de-la-artista-y-docente-amalina-bomnin-en-la-galeria-cif-del-mz14\\\/#breadcrumb\"},\"inLanguage\":\"en-US\",\"potentialAction\":[{\"@type\":\"ReadAction\",\"target\":[\"https:\\\/\\\/www.uartes.edu.ec\\\/sitio\\\/en\\\/blog\\\/2024\\\/10\\\/09\\\/en-multiforme-gracia-muestra-personal-de-la-artista-y-docente-amalina-bomnin-en-la-galeria-cif-del-mz14\\\/\"]}]},{\"@type\":\"ImageObject\",\"inLanguage\":\"en-US\",\"@id\":\"https:\\\/\\\/www.uartes.edu.ec\\\/sitio\\\/en\\\/blog\\\/2024\\\/10\\\/09\\\/en-multiforme-gracia-muestra-personal-de-la-artista-y-docente-amalina-bomnin-en-la-galeria-cif-del-mz14\\\/#primaryimage\",\"url\":\"https:\\\/\\\/www.uartes.edu.ec\\\/sitio\\\/wp-content\\\/uploads\\\/2024\\\/10\\\/02-AMALINA-MZ14-EN-MULTIFORME-GRACIA.jpg\",\"contentUrl\":\"https:\\\/\\\/www.uartes.edu.ec\\\/sitio\\\/wp-content\\\/uploads\\\/2024\\\/10\\\/02-AMALINA-MZ14-EN-MULTIFORME-GRACIA.jpg\",\"width\":2000,\"height\":1333},{\"@type\":\"BreadcrumbList\",\"@id\":\"https:\\\/\\\/www.uartes.edu.ec\\\/sitio\\\/en\\\/blog\\\/2024\\\/10\\\/09\\\/en-multiforme-gracia-muestra-personal-de-la-artista-y-docente-amalina-bomnin-en-la-galeria-cif-del-mz14\\\/#breadcrumb\",\"itemListElement\":[{\"@type\":\"ListItem\",\"position\":1,\"name\":\"Inicio\",\"item\":\"https:\\\/\\\/www.uartes.edu.ec\\\/sitio\\\/\"},{\"@type\":\"ListItem\",\"position\":2,\"name\":\"\u201cEn multiforme gracia\u201d Amalina Bomnin aborda procesos de autosanaci\u00f3n; videos, fotograf\u00edas y performance en la Galer\u00eda CIF\"}]},{\"@type\":\"WebSite\",\"@id\":\"https:\\\/\\\/www.uartes.edu.ec\\\/sitio\\\/en\\\/#website\",\"url\":\"https:\\\/\\\/www.uartes.edu.ec\\\/sitio\\\/en\\\/\",\"name\":\"Universidad de las Artes\",\"description\":\"Sitio oficial de la Universidad Nacional de las Artes del Ecuador\",\"publisher\":{\"@id\":\"https:\\\/\\\/www.uartes.edu.ec\\\/sitio\\\/en\\\/#organization\"},\"potentialAction\":[{\"@type\":\"SearchAction\",\"target\":{\"@type\":\"EntryPoint\",\"urlTemplate\":\"https:\\\/\\\/www.uartes.edu.ec\\\/sitio\\\/en\\\/?s={search_term_string}\"},\"query-input\":{\"@type\":\"PropertyValueSpecification\",\"valueRequired\":true,\"valueName\":\"search_term_string\"}}],\"inLanguage\":\"en-US\"},{\"@type\":\"Organization\",\"@id\":\"https:\\\/\\\/www.uartes.edu.ec\\\/sitio\\\/en\\\/#organization\",\"name\":\"Universidad de las Artes\",\"url\":\"https:\\\/\\\/www.uartes.edu.ec\\\/sitio\\\/en\\\/\",\"logo\":{\"@type\":\"ImageObject\",\"inLanguage\":\"en-US\",\"@id\":\"https:\\\/\\\/www.uartes.edu.ec\\\/sitio\\\/en\\\/#\\\/schema\\\/logo\\\/image\\\/\",\"url\":\"https:\\\/\\\/www.uartes.edu.ec\\\/sitio\\\/wp-content\\\/uploads\\\/2022\\\/07\\\/logo-ua-horizontal.png\",\"contentUrl\":\"https:\\\/\\\/www.uartes.edu.ec\\\/sitio\\\/wp-content\\\/uploads\\\/2022\\\/07\\\/logo-ua-horizontal.png\",\"width\":800,\"height\":276,\"caption\":\"Universidad de las Artes\"},\"image\":{\"@id\":\"https:\\\/\\\/www.uartes.edu.ec\\\/sitio\\\/en\\\/#\\\/schema\\\/logo\\\/image\\\/\"},\"sameAs\":[\"https:\\\/\\\/www.facebook.com\\\/uartesec\",\"https:\\\/\\\/x.com\\\/uartesec\",\"https:\\\/\\\/www.tiktok.com\\\/@uartesec\"]},{\"@type\":\"Person\",\"@id\":\"https:\\\/\\\/www.uartes.edu.ec\\\/sitio\\\/en\\\/#\\\/schema\\\/person\\\/efa1b8275797664fd7f13a79ccc0b1f4\",\"name\":\"ccortez\",\"image\":{\"@type\":\"ImageObject\",\"inLanguage\":\"en-US\",\"@id\":\"https:\\\/\\\/secure.gravatar.com\\\/avatar\\\/b2a6f664a3ae8e074346ef91775736c5ec479e637ecced6842de9dc98b5da9cd?s=96&d=mm&r=g\",\"url\":\"https:\\\/\\\/secure.gravatar.com\\\/avatar\\\/b2a6f664a3ae8e074346ef91775736c5ec479e637ecced6842de9dc98b5da9cd?s=96&d=mm&r=g\",\"contentUrl\":\"https:\\\/\\\/secure.gravatar.com\\\/avatar\\\/b2a6f664a3ae8e074346ef91775736c5ec479e637ecced6842de9dc98b5da9cd?s=96&d=mm&r=g\",\"caption\":\"ccortez\"},\"url\":\"https:\\\/\\\/www.uartes.edu.ec\\\/sitio\\\/en\\\/blog\\\/author\\\/ccortez\\\/\"}]}<\/script>\n<!-- \/ Yoast SEO plugin. -->","yoast_head_json":{"title":"Universidad de las Artes - \u201cEn multiforme gracia\u201d Amalina Bomnin aborda procesos de autosanaci\u00f3n; videos, fotograf\u00edas y performance en la Galer\u00eda CIF","description":"Universidad de las Artes - \u201cEn multiforme gracia\u201d Amalina Bomnin aborda procesos de autosanaci\u00f3n; videos, fotograf\u00edas y performance en la Galer\u00eda CIF","robots":{"index":"index","follow":"follow","max-snippet":"max-snippet:-1","max-image-preview":"max-image-preview:large","max-video-preview":"max-video-preview:-1"},"canonical":"https:\/\/www.uartes.edu.ec\/sitio\/en\/blog\/2024\/10\/09\/en-multiforme-gracia-muestra-personal-de-la-artista-y-docente-amalina-bomnin-en-la-galeria-cif-del-mz14\/","og_locale":"en_US","og_type":"article","og_title":"Universidad de las Artes - \u201cEn multiforme gracia\u201d Amalina Bomnin aborda procesos de autosanaci\u00f3n; videos, fotograf\u00edas y performance en la Galer\u00eda CIF","og_description":"Universidad de las Artes - \u201cEn multiforme gracia\u201d Amalina Bomnin aborda procesos de autosanaci\u00f3n; videos, fotograf\u00edas y performance en la Galer\u00eda CIF","og_url":"https:\/\/www.uartes.edu.ec\/sitio\/en\/blog\/2024\/10\/09\/en-multiforme-gracia-muestra-personal-de-la-artista-y-docente-amalina-bomnin-en-la-galeria-cif-del-mz14\/","og_site_name":"Universidad de las Artes","article_publisher":"https:\/\/www.facebook.com\/uartesec","article_published_time":"2024-10-09T18:25:00+00:00","article_modified_time":"2024-10-21T19:55:49+00:00","og_image":[{"width":2000,"height":1333,"url":"https:\/\/www.uartes.edu.ec\/sitio\/wp-content\/uploads\/2024\/10\/02-AMALINA-MZ14-EN-MULTIFORME-GRACIA.jpg","type":"image\/jpeg"}],"author":"ccortez","twitter_card":"summary_large_image","twitter_creator":"@uartesec","twitter_site":"@uartesec","twitter_misc":{"Written by":"ccortez","Est. reading time":"4 minutes"},"schema":{"@context":"https:\/\/schema.org","@graph":[{"@type":"Article","@id":"https:\/\/www.uartes.edu.ec\/sitio\/en\/blog\/2024\/10\/09\/en-multiforme-gracia-muestra-personal-de-la-artista-y-docente-amalina-bomnin-en-la-galeria-cif-del-mz14\/#article","isPartOf":{"@id":"https:\/\/www.uartes.edu.ec\/sitio\/en\/blog\/2024\/10\/09\/en-multiforme-gracia-muestra-personal-de-la-artista-y-docente-amalina-bomnin-en-la-galeria-cif-del-mz14\/"},"author":{"name":"ccortez","@id":"https:\/\/www.uartes.edu.ec\/sitio\/en\/#\/schema\/person\/efa1b8275797664fd7f13a79ccc0b1f4"},"headline":"\u201cEn multiforme gracia\u201d Amalina Bomnin aborda procesos de autosanaci\u00f3n; videos, fotograf\u00edas y performance en la Galer\u00eda CIF","datePublished":"2024-10-09T18:25:00+00:00","dateModified":"2024-10-21T19:55:49+00:00","mainEntityOfPage":{"@id":"https:\/\/www.uartes.edu.ec\/sitio\/en\/blog\/2024\/10\/09\/en-multiforme-gracia-muestra-personal-de-la-artista-y-docente-amalina-bomnin-en-la-galeria-cif-del-mz14\/"},"wordCount":305,"commentCount":0,"publisher":{"@id":"https:\/\/www.uartes.edu.ec\/sitio\/en\/#organization"},"image":{"@id":"https:\/\/www.uartes.edu.ec\/sitio\/en\/blog\/2024\/10\/09\/en-multiforme-gracia-muestra-personal-de-la-artista-y-docente-amalina-bomnin-en-la-galeria-cif-del-mz14\/#primaryimage"},"thumbnailUrl":"https:\/\/www.uartes.edu.ec\/sitio\/wp-content\/uploads\/2024\/10\/02-AMALINA-MZ14-EN-MULTIFORME-GRACIA.jpg","keywords":["exposici\u00f3n"],"articleSection":["Acad\u00e9mico","Artes","Docentes","Sedes","Transversal"],"inLanguage":"en-US","potentialAction":[{"@type":"CommentAction","name":"Comment","target":["https:\/\/www.uartes.edu.ec\/sitio\/en\/blog\/2024\/10\/09\/en-multiforme-gracia-muestra-personal-de-la-artista-y-docente-amalina-bomnin-en-la-galeria-cif-del-mz14\/#respond"]}]},{"@type":["WebPage","ItemPage"],"@id":"https:\/\/www.uartes.edu.ec\/sitio\/en\/blog\/2024\/10\/09\/en-multiforme-gracia-muestra-personal-de-la-artista-y-docente-amalina-bomnin-en-la-galeria-cif-del-mz14\/","url":"https:\/\/www.uartes.edu.ec\/sitio\/en\/blog\/2024\/10\/09\/en-multiforme-gracia-muestra-personal-de-la-artista-y-docente-amalina-bomnin-en-la-galeria-cif-del-mz14\/","name":"Universidad de las Artes - \u201cEn multiforme gracia\u201d Amalina Bomnin aborda procesos de autosanaci\u00f3n; videos, fotograf\u00edas y performance en la Galer\u00eda CIF","isPartOf":{"@id":"https:\/\/www.uartes.edu.ec\/sitio\/en\/#website"},"primaryImageOfPage":{"@id":"https:\/\/www.uartes.edu.ec\/sitio\/en\/blog\/2024\/10\/09\/en-multiforme-gracia-muestra-personal-de-la-artista-y-docente-amalina-bomnin-en-la-galeria-cif-del-mz14\/#primaryimage"},"image":{"@id":"https:\/\/www.uartes.edu.ec\/sitio\/en\/blog\/2024\/10\/09\/en-multiforme-gracia-muestra-personal-de-la-artista-y-docente-amalina-bomnin-en-la-galeria-cif-del-mz14\/#primaryimage"},"thumbnailUrl":"https:\/\/www.uartes.edu.ec\/sitio\/wp-content\/uploads\/2024\/10\/02-AMALINA-MZ14-EN-MULTIFORME-GRACIA.jpg","datePublished":"2024-10-09T18:25:00+00:00","dateModified":"2024-10-21T19:55:49+00:00","description":"Universidad de las Artes - \u201cEn multiforme gracia\u201d Amalina Bomnin aborda procesos de autosanaci\u00f3n; videos, fotograf\u00edas y performance en la Galer\u00eda CIF","breadcrumb":{"@id":"https:\/\/www.uartes.edu.ec\/sitio\/en\/blog\/2024\/10\/09\/en-multiforme-gracia-muestra-personal-de-la-artista-y-docente-amalina-bomnin-en-la-galeria-cif-del-mz14\/#breadcrumb"},"inLanguage":"en-US","potentialAction":[{"@type":"ReadAction","target":["https:\/\/www.uartes.edu.ec\/sitio\/en\/blog\/2024\/10\/09\/en-multiforme-gracia-muestra-personal-de-la-artista-y-docente-amalina-bomnin-en-la-galeria-cif-del-mz14\/"]}]},{"@type":"ImageObject","inLanguage":"en-US","@id":"https:\/\/www.uartes.edu.ec\/sitio\/en\/blog\/2024\/10\/09\/en-multiforme-gracia-muestra-personal-de-la-artista-y-docente-amalina-bomnin-en-la-galeria-cif-del-mz14\/#primaryimage","url":"https:\/\/www.uartes.edu.ec\/sitio\/wp-content\/uploads\/2024\/10\/02-AMALINA-MZ14-EN-MULTIFORME-GRACIA.jpg","contentUrl":"https:\/\/www.uartes.edu.ec\/sitio\/wp-content\/uploads\/2024\/10\/02-AMALINA-MZ14-EN-MULTIFORME-GRACIA.jpg","width":2000,"height":1333},{"@type":"BreadcrumbList","@id":"https:\/\/www.uartes.edu.ec\/sitio\/en\/blog\/2024\/10\/09\/en-multiforme-gracia-muestra-personal-de-la-artista-y-docente-amalina-bomnin-en-la-galeria-cif-del-mz14\/#breadcrumb","itemListElement":[{"@type":"ListItem","position":1,"name":"Inicio","item":"https:\/\/www.uartes.edu.ec\/sitio\/"},{"@type":"ListItem","position":2,"name":"\u201cEn multiforme gracia\u201d Amalina Bomnin aborda procesos de autosanaci\u00f3n; videos, fotograf\u00edas y performance en la Galer\u00eda CIF"}]},{"@type":"WebSite","@id":"https:\/\/www.uartes.edu.ec\/sitio\/en\/#website","url":"https:\/\/www.uartes.edu.ec\/sitio\/en\/","name":"Universidad de las Artes","description":"Sitio oficial de la Universidad Nacional de las Artes del Ecuador","publisher":{"@id":"https:\/\/www.uartes.edu.ec\/sitio\/en\/#organization"},"potentialAction":[{"@type":"SearchAction","target":{"@type":"EntryPoint","urlTemplate":"https:\/\/www.uartes.edu.ec\/sitio\/en\/?s={search_term_string}"},"query-input":{"@type":"PropertyValueSpecification","valueRequired":true,"valueName":"search_term_string"}}],"inLanguage":"en-US"},{"@type":"Organization","@id":"https:\/\/www.uartes.edu.ec\/sitio\/en\/#organization","name":"Universidad de las Artes","url":"https:\/\/www.uartes.edu.ec\/sitio\/en\/","logo":{"@type":"ImageObject","inLanguage":"en-US","@id":"https:\/\/www.uartes.edu.ec\/sitio\/en\/#\/schema\/logo\/image\/","url":"https:\/\/www.uartes.edu.ec\/sitio\/wp-content\/uploads\/2022\/07\/logo-ua-horizontal.png","contentUrl":"https:\/\/www.uartes.edu.ec\/sitio\/wp-content\/uploads\/2022\/07\/logo-ua-horizontal.png","width":800,"height":276,"caption":"Universidad de las Artes"},"image":{"@id":"https:\/\/www.uartes.edu.ec\/sitio\/en\/#\/schema\/logo\/image\/"},"sameAs":["https:\/\/www.facebook.com\/uartesec","https:\/\/x.com\/uartesec","https:\/\/www.tiktok.com\/@uartesec"]},{"@type":"Person","@id":"https:\/\/www.uartes.edu.ec\/sitio\/en\/#\/schema\/person\/efa1b8275797664fd7f13a79ccc0b1f4","name":"ccortez","image":{"@type":"ImageObject","inLanguage":"en-US","@id":"https:\/\/secure.gravatar.com\/avatar\/b2a6f664a3ae8e074346ef91775736c5ec479e637ecced6842de9dc98b5da9cd?s=96&d=mm&r=g","url":"https:\/\/secure.gravatar.com\/avatar\/b2a6f664a3ae8e074346ef91775736c5ec479e637ecced6842de9dc98b5da9cd?s=96&d=mm&r=g","contentUrl":"https:\/\/secure.gravatar.com\/avatar\/b2a6f664a3ae8e074346ef91775736c5ec479e637ecced6842de9dc98b5da9cd?s=96&d=mm&r=g","caption":"ccortez"},"url":"https:\/\/www.uartes.edu.ec\/sitio\/en\/blog\/author\/ccortez\/"}]}},"uagb_featured_image_src":{"full":["https:\/\/www.uartes.edu.ec\/sitio\/wp-content\/uploads\/2024\/10\/02-AMALINA-MZ14-EN-MULTIFORME-GRACIA.jpg",2000,1333,false],"thumbnail":["https:\/\/www.uartes.edu.ec\/sitio\/wp-content\/uploads\/2024\/10\/02-AMALINA-MZ14-EN-MULTIFORME-GRACIA-150x150.jpg",150,150,true],"medium":["https:\/\/www.uartes.edu.ec\/sitio\/wp-content\/uploads\/2024\/10\/02-AMALINA-MZ14-EN-MULTIFORME-GRACIA-300x200.jpg",300,200,true],"medium_large":["https:\/\/www.uartes.edu.ec\/sitio\/wp-content\/uploads\/2024\/10\/02-AMALINA-MZ14-EN-MULTIFORME-GRACIA-768x512.jpg",768,512,true],"large":["https:\/\/www.uartes.edu.ec\/sitio\/wp-content\/uploads\/2024\/10\/02-AMALINA-MZ14-EN-MULTIFORME-GRACIA-644x429.jpg",644,429,true],"1536x1536":["https:\/\/www.uartes.edu.ec\/sitio\/wp-content\/uploads\/2024\/10\/02-AMALINA-MZ14-EN-MULTIFORME-GRACIA-1536x1024.jpg",1536,1024,true],"2048x2048":["https:\/\/www.uartes.edu.ec\/sitio\/wp-content\/uploads\/2024\/10\/02-AMALINA-MZ14-EN-MULTIFORME-GRACIA.jpg",2000,1333,false],"trp-custom-language-flag":["https:\/\/www.uartes.edu.ec\/sitio\/wp-content\/uploads\/2024\/10\/02-AMALINA-MZ14-EN-MULTIFORME-GRACIA-18x12.jpg",18,12,true],"htmega_size_585x295":["https:\/\/www.uartes.edu.ec\/sitio\/wp-content\/uploads\/2024\/10\/02-AMALINA-MZ14-EN-MULTIFORME-GRACIA-585x295.jpg",585,295,true],"htmega_size_1170x536":["https:\/\/www.uartes.edu.ec\/sitio\/wp-content\/uploads\/2024\/10\/02-AMALINA-MZ14-EN-MULTIFORME-GRACIA-1170x536.jpg",1170,536,true],"htmega_size_396x360":["https:\/\/www.uartes.edu.ec\/sitio\/wp-content\/uploads\/2024\/10\/02-AMALINA-MZ14-EN-MULTIFORME-GRACIA-396x360.jpg",396,360,true],"gb-block-post-grid-landscape":["https:\/\/www.uartes.edu.ec\/sitio\/wp-content\/uploads\/2024\/10\/02-AMALINA-MZ14-EN-MULTIFORME-GRACIA-600x400.jpg",600,400,true],"gb-block-post-grid-square":["https:\/\/www.uartes.edu.ec\/sitio\/wp-content\/uploads\/2024\/10\/02-AMALINA-MZ14-EN-MULTIFORME-GRACIA-600x600.jpg",600,600,true],"university-hub-thumb":["https:\/\/www.uartes.edu.ec\/sitio\/wp-content\/uploads\/2024\/10\/02-AMALINA-MZ14-EN-MULTIFORME-GRACIA-400x267.jpg",400,267,true],"mailpoet_newsletter_max":["https:\/\/www.uartes.edu.ec\/sitio\/wp-content\/uploads\/2024\/10\/02-AMALINA-MZ14-EN-MULTIFORME-GRACIA.jpg",1320,880,false]},"uagb_author_info":{"display_name":"ccortez","author_link":"https:\/\/www.uartes.edu.ec\/sitio\/en\/blog\/author\/ccortez\/"},"uagb_comment_info":0,"uagb_excerpt":"Fotograf\u00eda, video, objeto y performance. Son algunos de los recursos y soportes art\u00edsticos que componen la muestra \u201cEn multiforme gracia\u201d de la artista y docente de la Universidad de las Artes Amalina Bomnin. Inaugurada el pasado 27 de septiembre, la propuesta expositiva se mantendr\u00e1 hasta el 18 de octubre en la Galer\u00eda CIF del MZ14&hellip;","featured_image_src":"https:\/\/www.uartes.edu.ec\/sitio\/wp-content\/uploads\/2024\/10\/02-AMALINA-MZ14-EN-MULTIFORME-GRACIA-600x400.jpg","featured_image_src_square":"https:\/\/www.uartes.edu.ec\/sitio\/wp-content\/uploads\/2024\/10\/02-AMALINA-MZ14-EN-MULTIFORME-GRACIA-600x600.jpg","author_info":{"display_name":"ccortez","author_link":"https:\/\/www.uartes.edu.ec\/sitio\/en\/blog\/author\/ccortez\/"},"publishpress_future_workflow_manual_trigger":{"enabledWorkflows":[]},"distributor_meta":false,"distributor_terms":false,"distributor_media":false,"distributor_original_site_name":"Universidad de las Artes","distributor_original_site_url":"https:\/\/www.uartes.edu.ec\/sitio\/en","push-errors":false,"_links":{"self":[{"href":"https:\/\/www.uartes.edu.ec\/sitio\/en\/wp-json\/wp\/v2\/posts\/62847","targetHints":{"allow":["GET"]}}],"collection":[{"href":"https:\/\/www.uartes.edu.ec\/sitio\/en\/wp-json\/wp\/v2\/posts"}],"about":[{"href":"https:\/\/www.uartes.edu.ec\/sitio\/en\/wp-json\/wp\/v2\/types\/post"}],"author":[{"embeddable":true,"href":"https:\/\/www.uartes.edu.ec\/sitio\/en\/wp-json\/wp\/v2\/users\/10"}],"replies":[{"embeddable":true,"href":"https:\/\/www.uartes.edu.ec\/sitio\/en\/wp-json\/wp\/v2\/comments?post=62847"}],"version-history":[{"count":6,"href":"https:\/\/www.uartes.edu.ec\/sitio\/en\/wp-json\/wp\/v2\/posts\/62847\/revisions"}],"predecessor-version":[{"id":62951,"href":"https:\/\/www.uartes.edu.ec\/sitio\/en\/wp-json\/wp\/v2\/posts\/62847\/revisions\/62951"}],"wp:featuredmedia":[{"embeddable":true,"href":"https:\/\/www.uartes.edu.ec\/sitio\/en\/wp-json\/wp\/v2\/media\/62939"}],"wp:attachment":[{"href":"https:\/\/www.uartes.edu.ec\/sitio\/en\/wp-json\/wp\/v2\/media?parent=62847"}],"wp:term":[{"taxonomy":"category","embeddable":true,"href":"https:\/\/www.uartes.edu.ec\/sitio\/en\/wp-json\/wp\/v2\/categories?post=62847"},{"taxonomy":"post_tag","embeddable":true,"href":"https:\/\/www.uartes.edu.ec\/sitio\/en\/wp-json\/wp\/v2\/tags?post=62847"},{"taxonomy":"infouartes","embeddable":true,"href":"https:\/\/www.uartes.edu.ec\/sitio\/en\/wp-json\/wp\/v2\/infouartes?post=62847"}],"curies":[{"name":"wp","href":"https:\/\/api.w.org\/{rel}","templated":true}]}}