{"id":62907,"date":"2024-10-11T14:15:00","date_gmt":"2024-10-11T19:15:00","guid":{"rendered":"https:\/\/www.uartes.edu.ec\/sitio\/?p=62907"},"modified":"2024-10-21T14:52:57","modified_gmt":"2024-10-21T19:52:57","slug":"mesas-de-dialogo-y-presentaciones-de-manglar-2024","status":"publish","type":"post","link":"https:\/\/www.uartes.edu.ec\/sitio\/en\/blog\/2024\/10\/11\/mesas-de-dialogo-y-presentaciones-de-manglar-2024\/","title":{"rendered":"Mesas de di\u00e1logo y conciertos de Manglar"},"content":{"rendered":"<p>Mesas de di\u00e1logo y debate, talleres, conciertos y presentaciones de los resultados de las residencias comunitarias en barrios de Guayaquil, como Cerro del Carmen, Isla Trinitaria, Monte Sina\u00ed y Basti\u00f3n Popular, marcaron la tercera edici\u00f3n de \u201cManglar 2024: Encuentros de arte, educaci\u00f3n y espacio p\u00fablico\u201d, evento organizado por la carrera de Educaci\u00f3n Art\u00edstica Intercultural y el Departamento Transversal de la Universidad de las Artes.<\/p>\n\n\n\n<p>La cita arranc\u00f3 la ma\u00f1ana del lunes 7 de octubre en territorio, con la muestra de la residencia comunitaria de la Escuela del Cerro del Carmen. Al mediod\u00eda tuvo lugar su inauguraci\u00f3n, en la Plaza P\u00fablica del MZ14 Centro de Producci\u00f3n e Innovaci\u00f3n UArtes, con la participaci\u00f3n del rector William Herrera, los vicerrectores Olga L\u00f3pez y Bradley Hilgert, as\u00ed como de los directores de escuelas, docentes, estudiantes y administrativos.<\/p>\n\n\n\n<p>Byron Cevallos, coordinador de la carrera de Educaci\u00f3n Art\u00edstica Intercultural, hizo la presentaci\u00f3n del encuentro, mencionando el contenido de la agenda y sus componentes: \u201cIntermareal\u201d, que corresponde a la residencia de proyectos art\u00edsticos comunitarios en Guayaquil; Rizomas, espacio de intercambio de experiencias y aprendizajes con invitados nacionales y proyectos de investigaci\u00f3n y vinculaci\u00f3n de la UArtes; Aula abierta, talleres abiertos a la colectividad sobre metodolog\u00edas educativas en artes y experiencias de gesti\u00f3n cultural comunitaria; y asamblea \u201cMangle Rojo\u201d, programada para el final del evento, espacio en el que se recoger\u00e1n las experiencias y conclusiones de las cuatro propuestas en residencia.<\/p>\n\n\n<div class=\"wp-block-image\">\n<figure class=\"aligncenter size-large\"><img fetchpriority=\"high\" decoding=\"async\" width=\"644\" height=\"429\" src=\"https:\/\/www.uartes.edu.ec\/sitio\/wp-content\/uploads\/2024\/10\/05-TALLER-MANGLAR-644x429.jpg\" alt=\"\" class=\"wp-image-62909\" srcset=\"https:\/\/www.uartes.edu.ec\/sitio\/wp-content\/uploads\/2024\/10\/05-TALLER-MANGLAR-644x429.jpg 644w, https:\/\/www.uartes.edu.ec\/sitio\/wp-content\/uploads\/2024\/10\/05-TALLER-MANGLAR-300x200.jpg 300w, https:\/\/www.uartes.edu.ec\/sitio\/wp-content\/uploads\/2024\/10\/05-TALLER-MANGLAR-768x512.jpg 768w, https:\/\/www.uartes.edu.ec\/sitio\/wp-content\/uploads\/2024\/10\/05-TALLER-MANGLAR-1536x1024.jpg 1536w, https:\/\/www.uartes.edu.ec\/sitio\/wp-content\/uploads\/2024\/10\/05-TALLER-MANGLAR-18x12.jpg 18w, https:\/\/www.uartes.edu.ec\/sitio\/wp-content\/uploads\/2024\/10\/05-TALLER-MANGLAR-600x400.jpg 600w, https:\/\/www.uartes.edu.ec\/sitio\/wp-content\/uploads\/2024\/10\/05-TALLER-MANGLAR-400x267.jpg 400w, https:\/\/www.uartes.edu.ec\/sitio\/wp-content\/uploads\/2024\/10\/05-TALLER-MANGLAR-272x182.jpg 272w, https:\/\/www.uartes.edu.ec\/sitio\/wp-content\/uploads\/2024\/10\/05-TALLER-MANGLAR.jpg 2000w\" sizes=\"(max-width: 644px) 100vw, 644px\" \/><\/figure>\n<\/div>\n\n\n<p>El invitado internacional Joseph Pierce, escritor y docente de Stony brook University, dict\u00f3 seguidamente la charla magistral \u201cEl cuerpo indio: desde la etno- a la indege-pornograf\u00eda\u201d. La primera jornada de Manglar 2024 concluy\u00f3 con la presentaci\u00f3n del Ensamble Andino de la Escuela de Artes Sonoras en la Plaza P\u00fablica del MZ14.<\/p>\n\n\n\n<p>En el segundo d\u00eda del encuentro, en la Plaza P\u00fablica del MZ14 se desarroll\u00f3 la primera de tres mesas de di\u00e1logo. El tema abordado fue \u201cExtractivismos, arte y resistencia comunitaria\u201d y participaron: Natalia Roca, del Colectivo Entretejidas; Jonathan Borbor, del Comit\u00e9 Forestal Comuna Ol\u00f3n; Alma Alvarado, coordinadora de la Juventud Huancavilca de la comuna ancestral Engabao y Abel Cabrera, de 20 a\u00f1os, uno de sus integrantes, quien destac\u00f3 la participaci\u00f3n que tienen en la promoci\u00f3n de la identidad y cultura, as\u00ed como la formaci\u00f3n y el fomento a iniciativas colectivas y actividades culturales que fortalezcan los lazos con sus ra\u00edces e incentiven la preservaci\u00f3n y toma de conciencia de sus historias. Moder\u00f3 el di\u00e1logo Ana Carrillo, docente y directora del Departamento Transversal.<\/p>\n\n\n\n<p>La jornada del martes 8 de octubre concluy\u00f3 con la proyecci\u00f3n y el foro \u201cCuando los Mangles se van (1984), de Camilo Luzuriaga, con quien se mantuvo un di\u00e1logo online v\u00eda Zoom. La presentaci\u00f3n la hizo Cineclub \u201cCinemaScape\u201d en la Sala de Cine del MZ14.<\/p>\n\n\n<div class=\"wp-block-image\">\n<figure class=\"aligncenter size-large\"><img decoding=\"async\" width=\"644\" height=\"429\" src=\"https:\/\/www.uartes.edu.ec\/sitio\/wp-content\/uploads\/2024\/10\/07-MESA-YULIANELA-MANGLAR-644x429.jpg\" alt=\"\" class=\"wp-image-62910\" srcset=\"https:\/\/www.uartes.edu.ec\/sitio\/wp-content\/uploads\/2024\/10\/07-MESA-YULIANELA-MANGLAR-644x429.jpg 644w, https:\/\/www.uartes.edu.ec\/sitio\/wp-content\/uploads\/2024\/10\/07-MESA-YULIANELA-MANGLAR-300x200.jpg 300w, https:\/\/www.uartes.edu.ec\/sitio\/wp-content\/uploads\/2024\/10\/07-MESA-YULIANELA-MANGLAR-768x512.jpg 768w, https:\/\/www.uartes.edu.ec\/sitio\/wp-content\/uploads\/2024\/10\/07-MESA-YULIANELA-MANGLAR-1536x1024.jpg 1536w, https:\/\/www.uartes.edu.ec\/sitio\/wp-content\/uploads\/2024\/10\/07-MESA-YULIANELA-MANGLAR-18x12.jpg 18w, https:\/\/www.uartes.edu.ec\/sitio\/wp-content\/uploads\/2024\/10\/07-MESA-YULIANELA-MANGLAR-600x400.jpg 600w, https:\/\/www.uartes.edu.ec\/sitio\/wp-content\/uploads\/2024\/10\/07-MESA-YULIANELA-MANGLAR-400x267.jpg 400w, https:\/\/www.uartes.edu.ec\/sitio\/wp-content\/uploads\/2024\/10\/07-MESA-YULIANELA-MANGLAR-272x182.jpg 272w, https:\/\/www.uartes.edu.ec\/sitio\/wp-content\/uploads\/2024\/10\/07-MESA-YULIANELA-MANGLAR.jpg 2000w\" sizes=\"(max-width: 644px) 100vw, 644px\" \/><\/figure>\n<\/div>\n\n<div class=\"wp-block-image\">\n<figure class=\"aligncenter size-large\"><img decoding=\"async\" width=\"644\" height=\"429\" src=\"https:\/\/www.uartes.edu.ec\/sitio\/wp-content\/uploads\/2024\/10\/01-MESA-YULIANELA-MANGLAR-644x429.jpg\" alt=\"\" class=\"wp-image-62911\" srcset=\"https:\/\/www.uartes.edu.ec\/sitio\/wp-content\/uploads\/2024\/10\/01-MESA-YULIANELA-MANGLAR-644x429.jpg 644w, https:\/\/www.uartes.edu.ec\/sitio\/wp-content\/uploads\/2024\/10\/01-MESA-YULIANELA-MANGLAR-300x200.jpg 300w, https:\/\/www.uartes.edu.ec\/sitio\/wp-content\/uploads\/2024\/10\/01-MESA-YULIANELA-MANGLAR-768x512.jpg 768w, https:\/\/www.uartes.edu.ec\/sitio\/wp-content\/uploads\/2024\/10\/01-MESA-YULIANELA-MANGLAR-1536x1024.jpg 1536w, https:\/\/www.uartes.edu.ec\/sitio\/wp-content\/uploads\/2024\/10\/01-MESA-YULIANELA-MANGLAR-18x12.jpg 18w, https:\/\/www.uartes.edu.ec\/sitio\/wp-content\/uploads\/2024\/10\/01-MESA-YULIANELA-MANGLAR-600x400.jpg 600w, https:\/\/www.uartes.edu.ec\/sitio\/wp-content\/uploads\/2024\/10\/01-MESA-YULIANELA-MANGLAR-400x267.jpg 400w, https:\/\/www.uartes.edu.ec\/sitio\/wp-content\/uploads\/2024\/10\/01-MESA-YULIANELA-MANGLAR-272x182.jpg 272w, https:\/\/www.uartes.edu.ec\/sitio\/wp-content\/uploads\/2024\/10\/01-MESA-YULIANELA-MANGLAR.jpg 2000w\" sizes=\"(max-width: 644px) 100vw, 644px\" \/><\/figure>\n<\/div>\n\n\n<p>Con la mesa de di\u00e1logo \u201cFortalecimiento de actores en territorio desde la cultura, el arte y el patrimonio inmaterial\u201d arranc\u00f3 el tercer d\u00eda de Manglar 2024 en la Plaza P\u00fablica del MZ14. Participaron Samuel Titua\u00f1a Lema, director de la Bienal Al Zur-Ich, en modalidad virtual; el alumnus Carlos Vizca\u00edno; y el docente Nicol\u00e1s Schvarzverg. Intervino como moderadora Mar\u00eda Jos\u00e9 Icaza, directora de Vinculaci\u00f3n con la Sociedad UArtes.<\/p>\n\n\n\n<p>El jueves 10 de octubre, en la mesa de di\u00e1logo se habl\u00f3 de \u201cTejer comunidades. M\u00e9todos de trabajo para la conformaci\u00f3n de espacios seguros\u201d, con la participaci\u00f3n de Priscila Aguirre, docente de la Escuela de Cine; Jorge Tigrero, docente de la Escuela de Literatura; y el alumnus Jordy Tapia. Moder\u00f3 el encuentro Yulianela P\u00e9rez, directora de Pol\u00edticas de Investigaci\u00f3n en Artes.<\/p>\n\n\n\n<p>Dos presentaciones marcaron el cierre del final del encuentro: \u201cManglar El\u00e9ctrico\u201d, con las intervenciones de los docentes de la Escuela de Artes Sonoras: Rub\u00e9n Riera, Adina Izarra y Meining Cheung, quien es tambi\u00e9n secretaria de Aseguramiento de la Calidad en la Educaci\u00f3n; tuvo lugar en la Sala de Experimentaci\u00f3n Sonora del MZ14. El segundo concierto se dio en la terraza con el Ensamble M\u00fasicas de Pac\u00edfico de la EAS, que brind\u00f3 \u201cMarimbeando Sabroso\u201d, y Fabrikante, conocido como el poeta del rap ecuatoriano.<\/p>\n\n\n\n<figure class=\"wp-block-gallery has-nested-images columns-default is-cropped wp-block-gallery-1 is-layout-flex wp-block-gallery-is-layout-flex\">\n<figure class=\"wp-block-image size-large\"><img loading=\"lazy\" decoding=\"async\" width=\"644\" height=\"429\" data-id=\"62916\" src=\"https:\/\/www.uartes.edu.ec\/sitio\/wp-content\/uploads\/2024\/10\/05-MESA-YULIANELA-MANGLAR-644x429.jpg\" alt=\"\" class=\"wp-image-62916\" srcset=\"https:\/\/www.uartes.edu.ec\/sitio\/wp-content\/uploads\/2024\/10\/05-MESA-YULIANELA-MANGLAR-644x429.jpg 644w, https:\/\/www.uartes.edu.ec\/sitio\/wp-content\/uploads\/2024\/10\/05-MESA-YULIANELA-MANGLAR-300x200.jpg 300w, https:\/\/www.uartes.edu.ec\/sitio\/wp-content\/uploads\/2024\/10\/05-MESA-YULIANELA-MANGLAR-768x512.jpg 768w, https:\/\/www.uartes.edu.ec\/sitio\/wp-content\/uploads\/2024\/10\/05-MESA-YULIANELA-MANGLAR-1536x1024.jpg 1536w, https:\/\/www.uartes.edu.ec\/sitio\/wp-content\/uploads\/2024\/10\/05-MESA-YULIANELA-MANGLAR-18x12.jpg 18w, https:\/\/www.uartes.edu.ec\/sitio\/wp-content\/uploads\/2024\/10\/05-MESA-YULIANELA-MANGLAR-600x400.jpg 600w, https:\/\/www.uartes.edu.ec\/sitio\/wp-content\/uploads\/2024\/10\/05-MESA-YULIANELA-MANGLAR-400x267.jpg 400w, https:\/\/www.uartes.edu.ec\/sitio\/wp-content\/uploads\/2024\/10\/05-MESA-YULIANELA-MANGLAR-272x182.jpg 272w, https:\/\/www.uartes.edu.ec\/sitio\/wp-content\/uploads\/2024\/10\/05-MESA-YULIANELA-MANGLAR.jpg 2000w\" sizes=\"(max-width: 644px) 100vw, 644px\" \/><\/figure>\n\n\n\n<figure class=\"wp-block-image size-large\"><img loading=\"lazy\" decoding=\"async\" width=\"644\" height=\"429\" data-id=\"62915\" src=\"https:\/\/www.uartes.edu.ec\/sitio\/wp-content\/uploads\/2024\/10\/04-MESA-YULIANELA-MANGLAR-1-644x429.jpg\" alt=\"\" class=\"wp-image-62915\" srcset=\"https:\/\/www.uartes.edu.ec\/sitio\/wp-content\/uploads\/2024\/10\/04-MESA-YULIANELA-MANGLAR-1-644x429.jpg 644w, https:\/\/www.uartes.edu.ec\/sitio\/wp-content\/uploads\/2024\/10\/04-MESA-YULIANELA-MANGLAR-1-300x200.jpg 300w, https:\/\/www.uartes.edu.ec\/sitio\/wp-content\/uploads\/2024\/10\/04-MESA-YULIANELA-MANGLAR-1-768x512.jpg 768w, https:\/\/www.uartes.edu.ec\/sitio\/wp-content\/uploads\/2024\/10\/04-MESA-YULIANELA-MANGLAR-1-1536x1024.jpg 1536w, https:\/\/www.uartes.edu.ec\/sitio\/wp-content\/uploads\/2024\/10\/04-MESA-YULIANELA-MANGLAR-1-18x12.jpg 18w, https:\/\/www.uartes.edu.ec\/sitio\/wp-content\/uploads\/2024\/10\/04-MESA-YULIANELA-MANGLAR-1-600x400.jpg 600w, https:\/\/www.uartes.edu.ec\/sitio\/wp-content\/uploads\/2024\/10\/04-MESA-YULIANELA-MANGLAR-1-400x267.jpg 400w, https:\/\/www.uartes.edu.ec\/sitio\/wp-content\/uploads\/2024\/10\/04-MESA-YULIANELA-MANGLAR-1-272x182.jpg 272w, https:\/\/www.uartes.edu.ec\/sitio\/wp-content\/uploads\/2024\/10\/04-MESA-YULIANELA-MANGLAR-1.jpg 2000w\" sizes=\"(max-width: 644px) 100vw, 644px\" \/><\/figure>\n<\/figure>\n\n\n\n<figure class=\"wp-block-gallery has-nested-images columns-default is-cropped wp-block-gallery-2 is-layout-flex wp-block-gallery-is-layout-flex\">\n<figure class=\"wp-block-image size-large\"><img loading=\"lazy\" decoding=\"async\" width=\"644\" height=\"429\" data-id=\"62913\" src=\"https:\/\/www.uartes.edu.ec\/sitio\/wp-content\/uploads\/2024\/10\/03-MESA-YULIANELA-MANGLAR-644x429.jpg\" alt=\"\" class=\"wp-image-62913\" srcset=\"https:\/\/www.uartes.edu.ec\/sitio\/wp-content\/uploads\/2024\/10\/03-MESA-YULIANELA-MANGLAR-644x429.jpg 644w, https:\/\/www.uartes.edu.ec\/sitio\/wp-content\/uploads\/2024\/10\/03-MESA-YULIANELA-MANGLAR-300x200.jpg 300w, https:\/\/www.uartes.edu.ec\/sitio\/wp-content\/uploads\/2024\/10\/03-MESA-YULIANELA-MANGLAR-768x512.jpg 768w, https:\/\/www.uartes.edu.ec\/sitio\/wp-content\/uploads\/2024\/10\/03-MESA-YULIANELA-MANGLAR-1536x1024.jpg 1536w, https:\/\/www.uartes.edu.ec\/sitio\/wp-content\/uploads\/2024\/10\/03-MESA-YULIANELA-MANGLAR-18x12.jpg 18w, https:\/\/www.uartes.edu.ec\/sitio\/wp-content\/uploads\/2024\/10\/03-MESA-YULIANELA-MANGLAR-600x400.jpg 600w, https:\/\/www.uartes.edu.ec\/sitio\/wp-content\/uploads\/2024\/10\/03-MESA-YULIANELA-MANGLAR-400x267.jpg 400w, https:\/\/www.uartes.edu.ec\/sitio\/wp-content\/uploads\/2024\/10\/03-MESA-YULIANELA-MANGLAR-272x182.jpg 272w, https:\/\/www.uartes.edu.ec\/sitio\/wp-content\/uploads\/2024\/10\/03-MESA-YULIANELA-MANGLAR.jpg 2000w\" sizes=\"(max-width: 644px) 100vw, 644px\" \/><\/figure>\n\n\n\n<figure class=\"wp-block-image size-large\"><img loading=\"lazy\" decoding=\"async\" width=\"644\" height=\"429\" data-id=\"62914\" src=\"https:\/\/www.uartes.edu.ec\/sitio\/wp-content\/uploads\/2024\/10\/02-MESA-YULIANELA-MANGLAR-644x429.jpg\" alt=\"\" class=\"wp-image-62914\" srcset=\"https:\/\/www.uartes.edu.ec\/sitio\/wp-content\/uploads\/2024\/10\/02-MESA-YULIANELA-MANGLAR-644x429.jpg 644w, https:\/\/www.uartes.edu.ec\/sitio\/wp-content\/uploads\/2024\/10\/02-MESA-YULIANELA-MANGLAR-300x200.jpg 300w, https:\/\/www.uartes.edu.ec\/sitio\/wp-content\/uploads\/2024\/10\/02-MESA-YULIANELA-MANGLAR-768x512.jpg 768w, https:\/\/www.uartes.edu.ec\/sitio\/wp-content\/uploads\/2024\/10\/02-MESA-YULIANELA-MANGLAR-1536x1024.jpg 1536w, https:\/\/www.uartes.edu.ec\/sitio\/wp-content\/uploads\/2024\/10\/02-MESA-YULIANELA-MANGLAR-18x12.jpg 18w, https:\/\/www.uartes.edu.ec\/sitio\/wp-content\/uploads\/2024\/10\/02-MESA-YULIANELA-MANGLAR-600x400.jpg 600w, https:\/\/www.uartes.edu.ec\/sitio\/wp-content\/uploads\/2024\/10\/02-MESA-YULIANELA-MANGLAR-400x267.jpg 400w, https:\/\/www.uartes.edu.ec\/sitio\/wp-content\/uploads\/2024\/10\/02-MESA-YULIANELA-MANGLAR-272x182.jpg 272w, https:\/\/www.uartes.edu.ec\/sitio\/wp-content\/uploads\/2024\/10\/02-MESA-YULIANELA-MANGLAR.jpg 2000w\" sizes=\"(max-width: 644px) 100vw, 644px\" \/><\/figure>\n<\/figure>\n\n\n\n<p><\/p>","protected":false},"excerpt":{"rendered":"<p>Los extractivismos, artes y resistencia comunitaria fueron \u2013junto con el fortalecimiento de actores en territorio y los m\u00e9todos de trabajo para la conformaci\u00f3n de espacios seguros\u2013 los temas que se abordaron en las mesas de di\u00e1logo de \u201cManglar 2024: Encuentros de arte, educaci\u00f3n y espacio p\u00fablico\u201d. La cita, organizada por la Universidad de las Artes, tuvo tambi\u00e9n talleres, conciertos y presentaciones de resultados de las residencias comunitarias realizadas en barrios de Guayaquil.<\/p>","protected":false},"author":10,"featured_media":62908,"comment_status":"open","ping_status":"open","sticky":false,"template":"","format":"standard","meta":{"_acf_changed":false,"_uag_custom_page_level_css":"","_monsterinsights_skip_tracking":false,"_monsterinsights_sitenote_active":false,"_monsterinsights_sitenote_note":"","_monsterinsights_sitenote_category":0,"cybocfi_hide_featured_image":"","footnotes":""},"categories":[80,490,82,75,76,77,284,175,83,174,79],"tags":[414],"infouartes":[1289],"class_list":["post-62907","post","type-post","status-publish","format-standard","has-post-thumbnail","hentry","category-academico","category-alumni","category-artes","category-docentes","category-estudiantes","category-gestion","category-investigacion","category-literatura","category-sedes","category-transversal","category-vinculo","tag-encuentros","infouartes-investigar-las-artes"],"acf":[],"yoast_head":"<!-- This site is optimized with the Yoast SEO plugin v27.4 - https:\/\/yoast.com\/product\/yoast-seo-wordpress\/ -->\n<title>Universidad de las Artes - Mesas de di\u00e1logo y conciertos de Manglar<\/title>\n<meta name=\"description\" content=\"Universidad de las Artes - Mesas de di\u00e1logo y conciertos de Manglar\" \/>\n<meta name=\"robots\" content=\"index, follow, max-snippet:-1, max-image-preview:large, max-video-preview:-1\" \/>\n<link rel=\"canonical\" href=\"https:\/\/www.uartes.edu.ec\/sitio\/en\/blog\/2024\/10\/11\/mesas-de-dialogo-y-presentaciones-de-manglar-2024\/\" \/>\n<meta property=\"og:locale\" content=\"en_US\" \/>\n<meta property=\"og:type\" content=\"article\" \/>\n<meta property=\"og:title\" content=\"Universidad de las Artes - Mesas de di\u00e1logo y conciertos de Manglar\" \/>\n<meta property=\"og:description\" content=\"Universidad de las Artes - Mesas de di\u00e1logo y conciertos de Manglar\" \/>\n<meta property=\"og:url\" content=\"https:\/\/www.uartes.edu.ec\/sitio\/en\/blog\/2024\/10\/11\/mesas-de-dialogo-y-presentaciones-de-manglar-2024\/\" \/>\n<meta property=\"og:site_name\" content=\"Universidad de las Artes\" \/>\n<meta property=\"article:publisher\" content=\"https:\/\/www.facebook.com\/uartesec\" \/>\n<meta property=\"article:published_time\" content=\"2024-10-11T19:15:00+00:00\" \/>\n<meta property=\"article:modified_time\" content=\"2024-10-21T19:52:57+00:00\" \/>\n<meta property=\"og:image\" content=\"https:\/\/www.uartes.edu.ec\/sitio\/wp-content\/uploads\/2024\/10\/01-MANGLAR-EXTRACTIVISMO.jpg\" \/>\n\t<meta property=\"og:image:width\" content=\"2000\" \/>\n\t<meta property=\"og:image:height\" content=\"1333\" \/>\n\t<meta property=\"og:image:type\" content=\"image\/jpeg\" \/>\n<meta name=\"author\" content=\"ccortez\" \/>\n<meta name=\"twitter:card\" content=\"summary_large_image\" \/>\n<meta name=\"twitter:creator\" content=\"@uartesec\" \/>\n<meta name=\"twitter:site\" content=\"@uartesec\" \/>\n<meta name=\"twitter:label1\" content=\"Written by\" \/>\n\t<meta name=\"twitter:data1\" content=\"ccortez\" \/>\n\t<meta name=\"twitter:label2\" content=\"Est. reading time\" \/>\n\t<meta name=\"twitter:data2\" content=\"5 minutes\" \/>\n<script type=\"application\/ld+json\" class=\"yoast-schema-graph\">{\"@context\":\"https:\\\/\\\/schema.org\",\"@graph\":[{\"@type\":\"Article\",\"@id\":\"https:\\\/\\\/www.uartes.edu.ec\\\/sitio\\\/en\\\/blog\\\/2024\\\/10\\\/11\\\/mesas-de-dialogo-y-presentaciones-de-manglar-2024\\\/#article\",\"isPartOf\":{\"@id\":\"https:\\\/\\\/www.uartes.edu.ec\\\/sitio\\\/en\\\/blog\\\/2024\\\/10\\\/11\\\/mesas-de-dialogo-y-presentaciones-de-manglar-2024\\\/\"},\"author\":{\"name\":\"ccortez\",\"@id\":\"https:\\\/\\\/www.uartes.edu.ec\\\/sitio\\\/en\\\/#\\\/schema\\\/person\\\/efa1b8275797664fd7f13a79ccc0b1f4\"},\"headline\":\"Mesas de di\u00e1logo y conciertos de Manglar\",\"datePublished\":\"2024-10-11T19:15:00+00:00\",\"dateModified\":\"2024-10-21T19:52:57+00:00\",\"mainEntityOfPage\":{\"@id\":\"https:\\\/\\\/www.uartes.edu.ec\\\/sitio\\\/en\\\/blog\\\/2024\\\/10\\\/11\\\/mesas-de-dialogo-y-presentaciones-de-manglar-2024\\\/\"},\"wordCount\":725,\"commentCount\":0,\"publisher\":{\"@id\":\"https:\\\/\\\/www.uartes.edu.ec\\\/sitio\\\/en\\\/#organization\"},\"image\":{\"@id\":\"https:\\\/\\\/www.uartes.edu.ec\\\/sitio\\\/en\\\/blog\\\/2024\\\/10\\\/11\\\/mesas-de-dialogo-y-presentaciones-de-manglar-2024\\\/#primaryimage\"},\"thumbnailUrl\":\"https:\\\/\\\/www.uartes.edu.ec\\\/sitio\\\/wp-content\\\/uploads\\\/2024\\\/10\\\/01-MANGLAR-EXTRACTIVISMO.jpg\",\"keywords\":[\"encuentros\"],\"articleSection\":[\"Acad\u00e9mico\",\"Alumni\",\"Artes\",\"Docentes\",\"Estudiantes\",\"Gesti\u00f3n\",\"Investigaci\u00f3n\",\"Literatura\",\"Sedes\",\"Transversal\",\"V\u00ednculo\"],\"inLanguage\":\"en-US\",\"potentialAction\":[{\"@type\":\"CommentAction\",\"name\":\"Comment\",\"target\":[\"https:\\\/\\\/www.uartes.edu.ec\\\/sitio\\\/en\\\/blog\\\/2024\\\/10\\\/11\\\/mesas-de-dialogo-y-presentaciones-de-manglar-2024\\\/#respond\"]}]},{\"@type\":[\"WebPage\",\"ItemPage\"],\"@id\":\"https:\\\/\\\/www.uartes.edu.ec\\\/sitio\\\/en\\\/blog\\\/2024\\\/10\\\/11\\\/mesas-de-dialogo-y-presentaciones-de-manglar-2024\\\/\",\"url\":\"https:\\\/\\\/www.uartes.edu.ec\\\/sitio\\\/en\\\/blog\\\/2024\\\/10\\\/11\\\/mesas-de-dialogo-y-presentaciones-de-manglar-2024\\\/\",\"name\":\"Universidad de las Artes - Mesas de di\u00e1logo y conciertos de Manglar\",\"isPartOf\":{\"@id\":\"https:\\\/\\\/www.uartes.edu.ec\\\/sitio\\\/en\\\/#website\"},\"primaryImageOfPage\":{\"@id\":\"https:\\\/\\\/www.uartes.edu.ec\\\/sitio\\\/en\\\/blog\\\/2024\\\/10\\\/11\\\/mesas-de-dialogo-y-presentaciones-de-manglar-2024\\\/#primaryimage\"},\"image\":{\"@id\":\"https:\\\/\\\/www.uartes.edu.ec\\\/sitio\\\/en\\\/blog\\\/2024\\\/10\\\/11\\\/mesas-de-dialogo-y-presentaciones-de-manglar-2024\\\/#primaryimage\"},\"thumbnailUrl\":\"https:\\\/\\\/www.uartes.edu.ec\\\/sitio\\\/wp-content\\\/uploads\\\/2024\\\/10\\\/01-MANGLAR-EXTRACTIVISMO.jpg\",\"datePublished\":\"2024-10-11T19:15:00+00:00\",\"dateModified\":\"2024-10-21T19:52:57+00:00\",\"description\":\"Universidad de las Artes - Mesas de di\u00e1logo y conciertos de Manglar\",\"breadcrumb\":{\"@id\":\"https:\\\/\\\/www.uartes.edu.ec\\\/sitio\\\/en\\\/blog\\\/2024\\\/10\\\/11\\\/mesas-de-dialogo-y-presentaciones-de-manglar-2024\\\/#breadcrumb\"},\"inLanguage\":\"en-US\",\"potentialAction\":[{\"@type\":\"ReadAction\",\"target\":[\"https:\\\/\\\/www.uartes.edu.ec\\\/sitio\\\/en\\\/blog\\\/2024\\\/10\\\/11\\\/mesas-de-dialogo-y-presentaciones-de-manglar-2024\\\/\"]}]},{\"@type\":\"ImageObject\",\"inLanguage\":\"en-US\",\"@id\":\"https:\\\/\\\/www.uartes.edu.ec\\\/sitio\\\/en\\\/blog\\\/2024\\\/10\\\/11\\\/mesas-de-dialogo-y-presentaciones-de-manglar-2024\\\/#primaryimage\",\"url\":\"https:\\\/\\\/www.uartes.edu.ec\\\/sitio\\\/wp-content\\\/uploads\\\/2024\\\/10\\\/01-MANGLAR-EXTRACTIVISMO.jpg\",\"contentUrl\":\"https:\\\/\\\/www.uartes.edu.ec\\\/sitio\\\/wp-content\\\/uploads\\\/2024\\\/10\\\/01-MANGLAR-EXTRACTIVISMO.jpg\",\"width\":2000,\"height\":1333},{\"@type\":\"BreadcrumbList\",\"@id\":\"https:\\\/\\\/www.uartes.edu.ec\\\/sitio\\\/en\\\/blog\\\/2024\\\/10\\\/11\\\/mesas-de-dialogo-y-presentaciones-de-manglar-2024\\\/#breadcrumb\",\"itemListElement\":[{\"@type\":\"ListItem\",\"position\":1,\"name\":\"Inicio\",\"item\":\"https:\\\/\\\/www.uartes.edu.ec\\\/sitio\\\/\"},{\"@type\":\"ListItem\",\"position\":2,\"name\":\"Mesas de di\u00e1logo y conciertos de Manglar\"}]},{\"@type\":\"WebSite\",\"@id\":\"https:\\\/\\\/www.uartes.edu.ec\\\/sitio\\\/en\\\/#website\",\"url\":\"https:\\\/\\\/www.uartes.edu.ec\\\/sitio\\\/en\\\/\",\"name\":\"Universidad de las Artes\",\"description\":\"Sitio oficial de la Universidad Nacional de las Artes del Ecuador\",\"publisher\":{\"@id\":\"https:\\\/\\\/www.uartes.edu.ec\\\/sitio\\\/en\\\/#organization\"},\"potentialAction\":[{\"@type\":\"SearchAction\",\"target\":{\"@type\":\"EntryPoint\",\"urlTemplate\":\"https:\\\/\\\/www.uartes.edu.ec\\\/sitio\\\/en\\\/?s={search_term_string}\"},\"query-input\":{\"@type\":\"PropertyValueSpecification\",\"valueRequired\":true,\"valueName\":\"search_term_string\"}}],\"inLanguage\":\"en-US\"},{\"@type\":\"Organization\",\"@id\":\"https:\\\/\\\/www.uartes.edu.ec\\\/sitio\\\/en\\\/#organization\",\"name\":\"Universidad de las Artes\",\"url\":\"https:\\\/\\\/www.uartes.edu.ec\\\/sitio\\\/en\\\/\",\"logo\":{\"@type\":\"ImageObject\",\"inLanguage\":\"en-US\",\"@id\":\"https:\\\/\\\/www.uartes.edu.ec\\\/sitio\\\/en\\\/#\\\/schema\\\/logo\\\/image\\\/\",\"url\":\"https:\\\/\\\/www.uartes.edu.ec\\\/sitio\\\/wp-content\\\/uploads\\\/2022\\\/07\\\/logo-ua-horizontal.png\",\"contentUrl\":\"https:\\\/\\\/www.uartes.edu.ec\\\/sitio\\\/wp-content\\\/uploads\\\/2022\\\/07\\\/logo-ua-horizontal.png\",\"width\":800,\"height\":276,\"caption\":\"Universidad de las Artes\"},\"image\":{\"@id\":\"https:\\\/\\\/www.uartes.edu.ec\\\/sitio\\\/en\\\/#\\\/schema\\\/logo\\\/image\\\/\"},\"sameAs\":[\"https:\\\/\\\/www.facebook.com\\\/uartesec\",\"https:\\\/\\\/x.com\\\/uartesec\",\"https:\\\/\\\/www.tiktok.com\\\/@uartesec\"]},{\"@type\":\"Person\",\"@id\":\"https:\\\/\\\/www.uartes.edu.ec\\\/sitio\\\/en\\\/#\\\/schema\\\/person\\\/efa1b8275797664fd7f13a79ccc0b1f4\",\"name\":\"ccortez\",\"image\":{\"@type\":\"ImageObject\",\"inLanguage\":\"en-US\",\"@id\":\"https:\\\/\\\/secure.gravatar.com\\\/avatar\\\/b2a6f664a3ae8e074346ef91775736c5ec479e637ecced6842de9dc98b5da9cd?s=96&d=mm&r=g\",\"url\":\"https:\\\/\\\/secure.gravatar.com\\\/avatar\\\/b2a6f664a3ae8e074346ef91775736c5ec479e637ecced6842de9dc98b5da9cd?s=96&d=mm&r=g\",\"contentUrl\":\"https:\\\/\\\/secure.gravatar.com\\\/avatar\\\/b2a6f664a3ae8e074346ef91775736c5ec479e637ecced6842de9dc98b5da9cd?s=96&d=mm&r=g\",\"caption\":\"ccortez\"},\"url\":\"https:\\\/\\\/www.uartes.edu.ec\\\/sitio\\\/en\\\/blog\\\/author\\\/ccortez\\\/\"}]}<\/script>\n<!-- \/ Yoast SEO plugin. -->","yoast_head_json":{"title":"Universidad de las Artes - Mesas de di\u00e1logo y conciertos de Manglar","description":"Universidad de las Artes - Mesas de di\u00e1logo y conciertos de Manglar","robots":{"index":"index","follow":"follow","max-snippet":"max-snippet:-1","max-image-preview":"max-image-preview:large","max-video-preview":"max-video-preview:-1"},"canonical":"https:\/\/www.uartes.edu.ec\/sitio\/en\/blog\/2024\/10\/11\/mesas-de-dialogo-y-presentaciones-de-manglar-2024\/","og_locale":"en_US","og_type":"article","og_title":"Universidad de las Artes - Mesas de di\u00e1logo y conciertos de Manglar","og_description":"Universidad de las Artes - Mesas de di\u00e1logo y conciertos de Manglar","og_url":"https:\/\/www.uartes.edu.ec\/sitio\/en\/blog\/2024\/10\/11\/mesas-de-dialogo-y-presentaciones-de-manglar-2024\/","og_site_name":"Universidad de las Artes","article_publisher":"https:\/\/www.facebook.com\/uartesec","article_published_time":"2024-10-11T19:15:00+00:00","article_modified_time":"2024-10-21T19:52:57+00:00","og_image":[{"width":2000,"height":1333,"url":"https:\/\/www.uartes.edu.ec\/sitio\/wp-content\/uploads\/2024\/10\/01-MANGLAR-EXTRACTIVISMO.jpg","type":"image\/jpeg"}],"author":"ccortez","twitter_card":"summary_large_image","twitter_creator":"@uartesec","twitter_site":"@uartesec","twitter_misc":{"Written by":"ccortez","Est. reading time":"5 minutes"},"schema":{"@context":"https:\/\/schema.org","@graph":[{"@type":"Article","@id":"https:\/\/www.uartes.edu.ec\/sitio\/en\/blog\/2024\/10\/11\/mesas-de-dialogo-y-presentaciones-de-manglar-2024\/#article","isPartOf":{"@id":"https:\/\/www.uartes.edu.ec\/sitio\/en\/blog\/2024\/10\/11\/mesas-de-dialogo-y-presentaciones-de-manglar-2024\/"},"author":{"name":"ccortez","@id":"https:\/\/www.uartes.edu.ec\/sitio\/en\/#\/schema\/person\/efa1b8275797664fd7f13a79ccc0b1f4"},"headline":"Mesas de di\u00e1logo y conciertos de Manglar","datePublished":"2024-10-11T19:15:00+00:00","dateModified":"2024-10-21T19:52:57+00:00","mainEntityOfPage":{"@id":"https:\/\/www.uartes.edu.ec\/sitio\/en\/blog\/2024\/10\/11\/mesas-de-dialogo-y-presentaciones-de-manglar-2024\/"},"wordCount":725,"commentCount":0,"publisher":{"@id":"https:\/\/www.uartes.edu.ec\/sitio\/en\/#organization"},"image":{"@id":"https:\/\/www.uartes.edu.ec\/sitio\/en\/blog\/2024\/10\/11\/mesas-de-dialogo-y-presentaciones-de-manglar-2024\/#primaryimage"},"thumbnailUrl":"https:\/\/www.uartes.edu.ec\/sitio\/wp-content\/uploads\/2024\/10\/01-MANGLAR-EXTRACTIVISMO.jpg","keywords":["encuentros"],"articleSection":["Acad\u00e9mico","Alumni","Artes","Docentes","Estudiantes","Gesti\u00f3n","Investigaci\u00f3n","Literatura","Sedes","Transversal","V\u00ednculo"],"inLanguage":"en-US","potentialAction":[{"@type":"CommentAction","name":"Comment","target":["https:\/\/www.uartes.edu.ec\/sitio\/en\/blog\/2024\/10\/11\/mesas-de-dialogo-y-presentaciones-de-manglar-2024\/#respond"]}]},{"@type":["WebPage","ItemPage"],"@id":"https:\/\/www.uartes.edu.ec\/sitio\/en\/blog\/2024\/10\/11\/mesas-de-dialogo-y-presentaciones-de-manglar-2024\/","url":"https:\/\/www.uartes.edu.ec\/sitio\/en\/blog\/2024\/10\/11\/mesas-de-dialogo-y-presentaciones-de-manglar-2024\/","name":"Universidad de las Artes - Mesas de di\u00e1logo y conciertos de Manglar","isPartOf":{"@id":"https:\/\/www.uartes.edu.ec\/sitio\/en\/#website"},"primaryImageOfPage":{"@id":"https:\/\/www.uartes.edu.ec\/sitio\/en\/blog\/2024\/10\/11\/mesas-de-dialogo-y-presentaciones-de-manglar-2024\/#primaryimage"},"image":{"@id":"https:\/\/www.uartes.edu.ec\/sitio\/en\/blog\/2024\/10\/11\/mesas-de-dialogo-y-presentaciones-de-manglar-2024\/#primaryimage"},"thumbnailUrl":"https:\/\/www.uartes.edu.ec\/sitio\/wp-content\/uploads\/2024\/10\/01-MANGLAR-EXTRACTIVISMO.jpg","datePublished":"2024-10-11T19:15:00+00:00","dateModified":"2024-10-21T19:52:57+00:00","description":"Universidad de las Artes - Mesas de di\u00e1logo y conciertos de Manglar","breadcrumb":{"@id":"https:\/\/www.uartes.edu.ec\/sitio\/en\/blog\/2024\/10\/11\/mesas-de-dialogo-y-presentaciones-de-manglar-2024\/#breadcrumb"},"inLanguage":"en-US","potentialAction":[{"@type":"ReadAction","target":["https:\/\/www.uartes.edu.ec\/sitio\/en\/blog\/2024\/10\/11\/mesas-de-dialogo-y-presentaciones-de-manglar-2024\/"]}]},{"@type":"ImageObject","inLanguage":"en-US","@id":"https:\/\/www.uartes.edu.ec\/sitio\/en\/blog\/2024\/10\/11\/mesas-de-dialogo-y-presentaciones-de-manglar-2024\/#primaryimage","url":"https:\/\/www.uartes.edu.ec\/sitio\/wp-content\/uploads\/2024\/10\/01-MANGLAR-EXTRACTIVISMO.jpg","contentUrl":"https:\/\/www.uartes.edu.ec\/sitio\/wp-content\/uploads\/2024\/10\/01-MANGLAR-EXTRACTIVISMO.jpg","width":2000,"height":1333},{"@type":"BreadcrumbList","@id":"https:\/\/www.uartes.edu.ec\/sitio\/en\/blog\/2024\/10\/11\/mesas-de-dialogo-y-presentaciones-de-manglar-2024\/#breadcrumb","itemListElement":[{"@type":"ListItem","position":1,"name":"Inicio","item":"https:\/\/www.uartes.edu.ec\/sitio\/"},{"@type":"ListItem","position":2,"name":"Mesas de di\u00e1logo y conciertos de Manglar"}]},{"@type":"WebSite","@id":"https:\/\/www.uartes.edu.ec\/sitio\/en\/#website","url":"https:\/\/www.uartes.edu.ec\/sitio\/en\/","name":"Universidad de las Artes","description":"Sitio oficial de la Universidad Nacional de las Artes del Ecuador","publisher":{"@id":"https:\/\/www.uartes.edu.ec\/sitio\/en\/#organization"},"potentialAction":[{"@type":"SearchAction","target":{"@type":"EntryPoint","urlTemplate":"https:\/\/www.uartes.edu.ec\/sitio\/en\/?s={search_term_string}"},"query-input":{"@type":"PropertyValueSpecification","valueRequired":true,"valueName":"search_term_string"}}],"inLanguage":"en-US"},{"@type":"Organization","@id":"https:\/\/www.uartes.edu.ec\/sitio\/en\/#organization","name":"Universidad de las Artes","url":"https:\/\/www.uartes.edu.ec\/sitio\/en\/","logo":{"@type":"ImageObject","inLanguage":"en-US","@id":"https:\/\/www.uartes.edu.ec\/sitio\/en\/#\/schema\/logo\/image\/","url":"https:\/\/www.uartes.edu.ec\/sitio\/wp-content\/uploads\/2022\/07\/logo-ua-horizontal.png","contentUrl":"https:\/\/www.uartes.edu.ec\/sitio\/wp-content\/uploads\/2022\/07\/logo-ua-horizontal.png","width":800,"height":276,"caption":"Universidad de las Artes"},"image":{"@id":"https:\/\/www.uartes.edu.ec\/sitio\/en\/#\/schema\/logo\/image\/"},"sameAs":["https:\/\/www.facebook.com\/uartesec","https:\/\/x.com\/uartesec","https:\/\/www.tiktok.com\/@uartesec"]},{"@type":"Person","@id":"https:\/\/www.uartes.edu.ec\/sitio\/en\/#\/schema\/person\/efa1b8275797664fd7f13a79ccc0b1f4","name":"ccortez","image":{"@type":"ImageObject","inLanguage":"en-US","@id":"https:\/\/secure.gravatar.com\/avatar\/b2a6f664a3ae8e074346ef91775736c5ec479e637ecced6842de9dc98b5da9cd?s=96&d=mm&r=g","url":"https:\/\/secure.gravatar.com\/avatar\/b2a6f664a3ae8e074346ef91775736c5ec479e637ecced6842de9dc98b5da9cd?s=96&d=mm&r=g","contentUrl":"https:\/\/secure.gravatar.com\/avatar\/b2a6f664a3ae8e074346ef91775736c5ec479e637ecced6842de9dc98b5da9cd?s=96&d=mm&r=g","caption":"ccortez"},"url":"https:\/\/www.uartes.edu.ec\/sitio\/en\/blog\/author\/ccortez\/"}]}},"uagb_featured_image_src":{"full":["https:\/\/www.uartes.edu.ec\/sitio\/wp-content\/uploads\/2024\/10\/01-MANGLAR-EXTRACTIVISMO.jpg",2000,1333,false],"thumbnail":["https:\/\/www.uartes.edu.ec\/sitio\/wp-content\/uploads\/2024\/10\/01-MANGLAR-EXTRACTIVISMO-150x150.jpg",150,150,true],"medium":["https:\/\/www.uartes.edu.ec\/sitio\/wp-content\/uploads\/2024\/10\/01-MANGLAR-EXTRACTIVISMO-300x200.jpg",300,200,true],"medium_large":["https:\/\/www.uartes.edu.ec\/sitio\/wp-content\/uploads\/2024\/10\/01-MANGLAR-EXTRACTIVISMO-768x512.jpg",768,512,true],"large":["https:\/\/www.uartes.edu.ec\/sitio\/wp-content\/uploads\/2024\/10\/01-MANGLAR-EXTRACTIVISMO-644x429.jpg",644,429,true],"1536x1536":["https:\/\/www.uartes.edu.ec\/sitio\/wp-content\/uploads\/2024\/10\/01-MANGLAR-EXTRACTIVISMO-1536x1024.jpg",1536,1024,true],"2048x2048":["https:\/\/www.uartes.edu.ec\/sitio\/wp-content\/uploads\/2024\/10\/01-MANGLAR-EXTRACTIVISMO.jpg",2000,1333,false],"trp-custom-language-flag":["https:\/\/www.uartes.edu.ec\/sitio\/wp-content\/uploads\/2024\/10\/01-MANGLAR-EXTRACTIVISMO-18x12.jpg",18,12,true],"htmega_size_585x295":["https:\/\/www.uartes.edu.ec\/sitio\/wp-content\/uploads\/2024\/10\/01-MANGLAR-EXTRACTIVISMO-585x295.jpg",585,295,true],"htmega_size_1170x536":["https:\/\/www.uartes.edu.ec\/sitio\/wp-content\/uploads\/2024\/10\/01-MANGLAR-EXTRACTIVISMO-1170x536.jpg",1170,536,true],"htmega_size_396x360":["https:\/\/www.uartes.edu.ec\/sitio\/wp-content\/uploads\/2024\/10\/01-MANGLAR-EXTRACTIVISMO-396x360.jpg",396,360,true],"gb-block-post-grid-landscape":["https:\/\/www.uartes.edu.ec\/sitio\/wp-content\/uploads\/2024\/10\/01-MANGLAR-EXTRACTIVISMO-600x400.jpg",600,400,true],"gb-block-post-grid-square":["https:\/\/www.uartes.edu.ec\/sitio\/wp-content\/uploads\/2024\/10\/01-MANGLAR-EXTRACTIVISMO-600x600.jpg",600,600,true],"university-hub-thumb":["https:\/\/www.uartes.edu.ec\/sitio\/wp-content\/uploads\/2024\/10\/01-MANGLAR-EXTRACTIVISMO-400x267.jpg",400,267,true],"mailpoet_newsletter_max":["https:\/\/www.uartes.edu.ec\/sitio\/wp-content\/uploads\/2024\/10\/01-MANGLAR-EXTRACTIVISMO.jpg",1320,880,false]},"uagb_author_info":{"display_name":"ccortez","author_link":"https:\/\/www.uartes.edu.ec\/sitio\/en\/blog\/author\/ccortez\/"},"uagb_comment_info":0,"uagb_excerpt":"Los extractivismos, artes y resistencia comunitaria fueron \u2013junto con el fortalecimiento de actores en territorio y los m\u00e9todos de trabajo para la conformaci\u00f3n de espacios seguros\u2013 los temas que se abordaron en las mesas de di\u00e1logo de \u201cManglar 2024: Encuentros de arte, educaci\u00f3n y espacio p\u00fablico\u201d. La cita, organizada por la Universidad de las Artes,&hellip;","featured_image_src":"https:\/\/www.uartes.edu.ec\/sitio\/wp-content\/uploads\/2024\/10\/01-MANGLAR-EXTRACTIVISMO-600x400.jpg","featured_image_src_square":"https:\/\/www.uartes.edu.ec\/sitio\/wp-content\/uploads\/2024\/10\/01-MANGLAR-EXTRACTIVISMO-600x600.jpg","author_info":{"display_name":"ccortez","author_link":"https:\/\/www.uartes.edu.ec\/sitio\/en\/blog\/author\/ccortez\/"},"publishpress_future_workflow_manual_trigger":{"enabledWorkflows":[]},"distributor_meta":false,"distributor_terms":false,"distributor_media":false,"distributor_original_site_name":"Universidad de las Artes","distributor_original_site_url":"https:\/\/www.uartes.edu.ec\/sitio\/en","push-errors":false,"_links":{"self":[{"href":"https:\/\/www.uartes.edu.ec\/sitio\/en\/wp-json\/wp\/v2\/posts\/62907","targetHints":{"allow":["GET"]}}],"collection":[{"href":"https:\/\/www.uartes.edu.ec\/sitio\/en\/wp-json\/wp\/v2\/posts"}],"about":[{"href":"https:\/\/www.uartes.edu.ec\/sitio\/en\/wp-json\/wp\/v2\/types\/post"}],"author":[{"embeddable":true,"href":"https:\/\/www.uartes.edu.ec\/sitio\/en\/wp-json\/wp\/v2\/users\/10"}],"replies":[{"embeddable":true,"href":"https:\/\/www.uartes.edu.ec\/sitio\/en\/wp-json\/wp\/v2\/comments?post=62907"}],"version-history":[{"count":8,"href":"https:\/\/www.uartes.edu.ec\/sitio\/en\/wp-json\/wp\/v2\/posts\/62907\/revisions"}],"predecessor-version":[{"id":62954,"href":"https:\/\/www.uartes.edu.ec\/sitio\/en\/wp-json\/wp\/v2\/posts\/62907\/revisions\/62954"}],"wp:featuredmedia":[{"embeddable":true,"href":"https:\/\/www.uartes.edu.ec\/sitio\/en\/wp-json\/wp\/v2\/media\/62908"}],"wp:attachment":[{"href":"https:\/\/www.uartes.edu.ec\/sitio\/en\/wp-json\/wp\/v2\/media?parent=62907"}],"wp:term":[{"taxonomy":"category","embeddable":true,"href":"https:\/\/www.uartes.edu.ec\/sitio\/en\/wp-json\/wp\/v2\/categories?post=62907"},{"taxonomy":"post_tag","embeddable":true,"href":"https:\/\/www.uartes.edu.ec\/sitio\/en\/wp-json\/wp\/v2\/tags?post=62907"},{"taxonomy":"infouartes","embeddable":true,"href":"https:\/\/www.uartes.edu.ec\/sitio\/en\/wp-json\/wp\/v2\/infouartes?post=62907"}],"curies":[{"name":"wp","href":"https:\/\/api.w.org\/{rel}","templated":true}]}}