{"id":62974,"date":"2024-10-08T16:45:00","date_gmt":"2024-10-08T21:45:00","guid":{"rendered":"https:\/\/www.uartes.edu.ec\/sitio\/?p=62974"},"modified":"2024-11-12T09:08:44","modified_gmt":"2024-11-12T14:08:44","slug":"el-cuerpo-indio-desde-la-etno-a-la-indege-pornografia-charla-de-joseph-pierce-academico-y-ciudadano-de-la-nacion-cherokee","status":"publish","type":"post","link":"https:\/\/www.uartes.edu.ec\/sitio\/en\/blog\/2024\/10\/08\/el-cuerpo-indio-desde-la-etno-a-la-indege-pornografia-charla-de-joseph-pierce-academico-y-ciudadano-de-la-nacion-cherokee\/","title":{"rendered":"\u201cEl cuerpo indio: desde la etno- a la indege-pornograf\u00eda\u201d, charla de Joseph Pierce en Manglar; acad\u00e9mico tambi\u00e9n dict\u00f3 un taller"},"content":{"rendered":"<p>La charla magistral \u201cEl cuerpo indio: desde la etno- a la indege-pornograf\u00eda\u201d dio a conocer al escritor y acad\u00e9mico Joseph Pierce en la Universidad de las Artes. Vino invitado por la Escuela de Literatura para participar en \u201cManglar 2024: Encuentros de arte, educaci\u00f3n y espacio p\u00fablico\u201d, que se desarrolla en las instalaciones UArtes \u2013como en la Plaza P\u00fablica del MZ14, donde tuvo lugar la ponencia\u2013 y varios barrios de la ciudad.<\/p>\n\n\n\n<p>La exposici\u00f3n de Pierce se registr\u00f3 este lunes 7 de octubre, en la jornada inaugural de la cita. Fue una de sus participaciones, pues desde hoy, martes 8, hasta el jueves 10 dictar\u00e1 el taller pedag\u00f3gico \u201cTendencias de las narrativas del Siglo XXI\u201d, en el Sal\u00f3n Multifuncional de la Biblioteca de las Artes.<\/p>\n\n\n\n<p>Joseph Pierce es docente de Literatura de la Universidad de Stony Brook y ciudadano de la naci\u00f3n Cherokee; cuenta con varias publicaciones y entre las m\u00e1s recientes \u201cFive Manifestos for the Beautiful World\u201d,&nbsp;de la colecci\u00f3n Alquimia de Penguin Random House Canad\u00e1, que la directora de la Escuela de Literatura, Alejandra Zambrano, mencion\u00f3 en su intervenci\u00f3n la inauguraci\u00f3n de Manglar 2024.<\/p>\n\n\n<div class=\"wp-block-image\">\n<figure class=\"aligncenter size-large\"><img fetchpriority=\"high\" decoding=\"async\" width=\"644\" height=\"429\" src=\"https:\/\/www.uartes.edu.ec\/sitio\/wp-content\/uploads\/2024\/10\/13-MANGLAR-INAUGURACION-1-644x429.jpg\" alt=\"\" class=\"wp-image-62976\" srcset=\"https:\/\/www.uartes.edu.ec\/sitio\/wp-content\/uploads\/2024\/10\/13-MANGLAR-INAUGURACION-1-644x429.jpg 644w, https:\/\/www.uartes.edu.ec\/sitio\/wp-content\/uploads\/2024\/10\/13-MANGLAR-INAUGURACION-1-300x200.jpg 300w, https:\/\/www.uartes.edu.ec\/sitio\/wp-content\/uploads\/2024\/10\/13-MANGLAR-INAUGURACION-1-768x512.jpg 768w, https:\/\/www.uartes.edu.ec\/sitio\/wp-content\/uploads\/2024\/10\/13-MANGLAR-INAUGURACION-1-1536x1024.jpg 1536w, https:\/\/www.uartes.edu.ec\/sitio\/wp-content\/uploads\/2024\/10\/13-MANGLAR-INAUGURACION-1-18x12.jpg 18w, https:\/\/www.uartes.edu.ec\/sitio\/wp-content\/uploads\/2024\/10\/13-MANGLAR-INAUGURACION-1-600x400.jpg 600w, https:\/\/www.uartes.edu.ec\/sitio\/wp-content\/uploads\/2024\/10\/13-MANGLAR-INAUGURACION-1-400x267.jpg 400w, https:\/\/www.uartes.edu.ec\/sitio\/wp-content\/uploads\/2024\/10\/13-MANGLAR-INAUGURACION-1-272x182.jpg 272w, https:\/\/www.uartes.edu.ec\/sitio\/wp-content\/uploads\/2024\/10\/13-MANGLAR-INAUGURACION-1.jpg 2000w\" sizes=\"(max-width: 644px) 100vw, 644px\" \/><\/figure>\n<\/div>\n\n\n<figure class=\"wp-block-gallery has-nested-images columns-default is-cropped wp-block-gallery-1 is-layout-flex wp-block-gallery-is-layout-flex\">\n<figure class=\"wp-block-image size-large\"><img decoding=\"async\" width=\"644\" height=\"429\" data-id=\"62978\" src=\"https:\/\/www.uartes.edu.ec\/sitio\/wp-content\/uploads\/2024\/10\/03-TALLER-MANGLAR-644x429.jpg\" alt=\"\" class=\"wp-image-62978\" srcset=\"https:\/\/www.uartes.edu.ec\/sitio\/wp-content\/uploads\/2024\/10\/03-TALLER-MANGLAR-644x429.jpg 644w, https:\/\/www.uartes.edu.ec\/sitio\/wp-content\/uploads\/2024\/10\/03-TALLER-MANGLAR-300x200.jpg 300w, https:\/\/www.uartes.edu.ec\/sitio\/wp-content\/uploads\/2024\/10\/03-TALLER-MANGLAR-768x512.jpg 768w, https:\/\/www.uartes.edu.ec\/sitio\/wp-content\/uploads\/2024\/10\/03-TALLER-MANGLAR-1536x1024.jpg 1536w, https:\/\/www.uartes.edu.ec\/sitio\/wp-content\/uploads\/2024\/10\/03-TALLER-MANGLAR-18x12.jpg 18w, https:\/\/www.uartes.edu.ec\/sitio\/wp-content\/uploads\/2024\/10\/03-TALLER-MANGLAR-600x400.jpg 600w, https:\/\/www.uartes.edu.ec\/sitio\/wp-content\/uploads\/2024\/10\/03-TALLER-MANGLAR-400x267.jpg 400w, https:\/\/www.uartes.edu.ec\/sitio\/wp-content\/uploads\/2024\/10\/03-TALLER-MANGLAR-272x182.jpg 272w, https:\/\/www.uartes.edu.ec\/sitio\/wp-content\/uploads\/2024\/10\/03-TALLER-MANGLAR.jpg 2000w\" sizes=\"(max-width: 644px) 100vw, 644px\" \/><\/figure>\n\n\n\n<figure class=\"wp-block-image size-large\"><img decoding=\"async\" width=\"644\" height=\"429\" data-id=\"62979\" src=\"https:\/\/www.uartes.edu.ec\/sitio\/wp-content\/uploads\/2024\/10\/01-TALLER-MANGLAR-644x429.jpg\" alt=\"\" class=\"wp-image-62979\" srcset=\"https:\/\/www.uartes.edu.ec\/sitio\/wp-content\/uploads\/2024\/10\/01-TALLER-MANGLAR-644x429.jpg 644w, https:\/\/www.uartes.edu.ec\/sitio\/wp-content\/uploads\/2024\/10\/01-TALLER-MANGLAR-300x200.jpg 300w, https:\/\/www.uartes.edu.ec\/sitio\/wp-content\/uploads\/2024\/10\/01-TALLER-MANGLAR-768x512.jpg 768w, https:\/\/www.uartes.edu.ec\/sitio\/wp-content\/uploads\/2024\/10\/01-TALLER-MANGLAR-1536x1024.jpg 1536w, https:\/\/www.uartes.edu.ec\/sitio\/wp-content\/uploads\/2024\/10\/01-TALLER-MANGLAR-18x12.jpg 18w, https:\/\/www.uartes.edu.ec\/sitio\/wp-content\/uploads\/2024\/10\/01-TALLER-MANGLAR-600x400.jpg 600w, https:\/\/www.uartes.edu.ec\/sitio\/wp-content\/uploads\/2024\/10\/01-TALLER-MANGLAR-400x267.jpg 400w, https:\/\/www.uartes.edu.ec\/sitio\/wp-content\/uploads\/2024\/10\/01-TALLER-MANGLAR-272x182.jpg 272w, https:\/\/www.uartes.edu.ec\/sitio\/wp-content\/uploads\/2024\/10\/01-TALLER-MANGLAR.jpg 2000w\" sizes=\"(max-width: 644px) 100vw, 644px\" \/><\/figure>\n<\/figure>\n\n\n\n<h3 class=\"wp-block-heading\">Cuerpo ind\u00edgena en el imaginario colonial<\/h3>\n\n\n\n<p>Antes de la charla magistral, en di\u00e1logo con InfoUArtes Pierce adelant\u00f3 que el argumento y la provocaci\u00f3n inicial de su exposici\u00f3n se sustentaba en que el cuerpo ind\u00edgena siempre est\u00e1 desnudo en el imaginario colonial y que desde los primeros relatos coloniales que describen cuerpos ind\u00edgenas, se fascinan casi de manera lasciva de las partes \u00edntimas de las diferentes comunidades que encuentran. Ese imaginario etnopornogr\u00e1fico ha perdurado a lo largo de los siglos, sostuvo.<\/p>\n\n\n\n<p>Agreg\u00f3 que el concepto de desnudo es europeo, que no lo ten\u00edan los ind\u00edgenas y que viene de la propuesta moral que implicaba un juicio a los cuerpos. Tambi\u00e9n del proceso de dar g\u00e9nero a estos cuerpos, que muchas de estas comunidades no ten\u00edan el mismo binarismo de g\u00e9nero con lo que implica eso para la pol\u00edtica, la cultura, la econom\u00eda y el arte. \u201cDesde una perspectiva hol\u00edstica estoy tratando de vincular el cuerpo erotizado con la pol\u00edtica de resistencia anticolonial\u201d.<\/p>\n\n\n\n<p>El tema lo propuso para Manglar 2024 porque el pr\u00f3ximo a\u00f1o presentar\u00e1 un libro y pens\u00f3 oportuno tratar de socializar esas ideas en la cita. Mencion\u00f3 tambi\u00e9n que para el taller pedag\u00f3gico \u201cTendencias de las narrativas del siglo XXI\u201d se propuso explorar nuevas formas narrativas centradas en interculturalidad, archivos contrahegem\u00f3nicos y po\u00e9ticas del margen con enfoque en el sur global y feminismos de coloniales.<\/p>\n\n\n\n<p>Manglar 2024, anot\u00f3, lo trajo por primera vez a Guayaquil, pero no a Ecuador porque con Alejandra Zambrano, a quien le une una amistad de casi 20 a\u00f1os, estudiaron el doctorado e hicieron proyectos de educaci\u00f3n art\u00edstica en Bah\u00eda de Car\u00e1quez y Quito, y tambi\u00e9n en otras partes de Latinoam\u00e9rica.<\/p>\n\n\n<div class=\"wp-block-image\">\n<figure class=\"aligncenter size-large\"><img loading=\"lazy\" decoding=\"async\" width=\"644\" height=\"429\" src=\"https:\/\/www.uartes.edu.ec\/sitio\/wp-content\/uploads\/2024\/10\/11-MANGLAR-INAUGURACION-1-644x429.jpg\" alt=\"\" class=\"wp-image-62980\" srcset=\"https:\/\/www.uartes.edu.ec\/sitio\/wp-content\/uploads\/2024\/10\/11-MANGLAR-INAUGURACION-1-644x429.jpg 644w, https:\/\/www.uartes.edu.ec\/sitio\/wp-content\/uploads\/2024\/10\/11-MANGLAR-INAUGURACION-1-300x200.jpg 300w, https:\/\/www.uartes.edu.ec\/sitio\/wp-content\/uploads\/2024\/10\/11-MANGLAR-INAUGURACION-1-768x512.jpg 768w, https:\/\/www.uartes.edu.ec\/sitio\/wp-content\/uploads\/2024\/10\/11-MANGLAR-INAUGURACION-1-1536x1024.jpg 1536w, https:\/\/www.uartes.edu.ec\/sitio\/wp-content\/uploads\/2024\/10\/11-MANGLAR-INAUGURACION-1-18x12.jpg 18w, https:\/\/www.uartes.edu.ec\/sitio\/wp-content\/uploads\/2024\/10\/11-MANGLAR-INAUGURACION-1-600x400.jpg 600w, https:\/\/www.uartes.edu.ec\/sitio\/wp-content\/uploads\/2024\/10\/11-MANGLAR-INAUGURACION-1-400x267.jpg 400w, https:\/\/www.uartes.edu.ec\/sitio\/wp-content\/uploads\/2024\/10\/11-MANGLAR-INAUGURACION-1-272x182.jpg 272w, https:\/\/www.uartes.edu.ec\/sitio\/wp-content\/uploads\/2024\/10\/11-MANGLAR-INAUGURACION-1.jpg 2000w\" sizes=\"(max-width: 644px) 100vw, 644px\" \/><\/figure>\n<\/div>\n\n\n<h3 class=\"wp-block-heading\">Presentaci\u00f3n se deriva de nuevo libro<\/h3>\n\n\n\n<p>Ya en la charla magistral, Joseph Pierce reiter\u00f3 que su presentaci\u00f3n se derivaba de uno de los cap\u00edtulos del libro que publicar\u00e1 en 2025.&nbsp;Se titula \u201cCuerpo\u201d y consta de una introducci\u00f3n hist\u00f3rica y tres casos concretos en los que analiza el cuerpo ind\u00edgena desnudo. Su metodolog\u00eda depende de dos conceptos claves: la especulaci\u00f3n en su doble acepci\u00f3n, que se refiere a una mirada hacia el horizonte tanto hacia adentro en autocontemplaci\u00f3n como la relaci\u00f3n que significa algo espec\u00edfico en el contexto ind\u00edgena, la reciprocidad, el mantenimiento del cosmos, la pol\u00edtica y la cultura a trav\u00e9s del ejercicio del mutuo reconocimiento con seres humanos y no humanos, pero tambi\u00e9n significa historia, relatar, contar en su conjunto.<\/p>\n\n\n\n<p>Que intentaba encontrar formas de relatar y relacionar, las cuales oscilan entre un anclaje ancestral y un futuro posible especulativo, refiri\u00f3 en la pantalla (ubicada del lado derecho de la Plaza P\u00fablica del MZ14 Centro de Producci\u00f3n e Innovaci\u00f3n UArtes) se le\u00eda \u201cArgumento: el indio siempre est\u00e1 encuerado en el imaginario colonial\u201d.&nbsp;<\/p>\n\n\n\n<p>\u201cTener un cuerpo indio es estar expuesto a la mirada tanto de la fantas\u00eda colonial como del r\u00e9gimen colonial, depende del despojo del territorio ind\u00edgena\u201d, refiri\u00f3, se\u00f1alando que si en el \u00e1mbito de la historia del arte un desnudo se concibe como una representaci\u00f3n art\u00edstica del ser humano, el indio, que no tiene la misma humanidad que el ser humano, no puede estar ni representarse como un desnudo, sino siempre inevitable encuerado.&nbsp;<\/p>\n\n\n\n<h3 class=\"wp-block-heading\">Cuerpo encuerado incluso cuando est\u00e1 vestido<\/h3>\n\n\n\n<p>Cuando se estudia el cuerpo ind\u00edgena, explic\u00f3 Pierce, ese cuerpo es despojado de sus relaciones cosmol\u00f3gicas epist\u00e9micas, despojado de las series de acciones que constituyen su praxis. (\u2026) El cuerpo ind\u00edgena queda encuerado incluso cuando est\u00e1 vestido. La ropa no nos salvar\u00e1. El indio encuerado es un tropo que ha sido aprovechado para demostrar el supuesto atraso y salvajismo de los pueblos ind\u00edgenas durante siglos, expres\u00f3 y agreg\u00f3 que las primeras inscripciones de los pueblos ind\u00edgenas por parte de los conquistadores se centran en su desnudez, la cual los europeos entendieron como una prueba del atraso moral y feminizaci\u00f3n.&nbsp;<\/p>\n\n\n\n<figure class=\"wp-block-gallery has-nested-images columns-default is-cropped wp-block-gallery-2 is-layout-flex wp-block-gallery-is-layout-flex\">\n<figure class=\"wp-block-image size-large\"><img loading=\"lazy\" decoding=\"async\" width=\"644\" height=\"429\" data-id=\"62983\" src=\"https:\/\/www.uartes.edu.ec\/sitio\/wp-content\/uploads\/2024\/10\/14-MANGLAR-INAUGURACION-1-644x429.jpg\" alt=\"\" class=\"wp-image-62983\" srcset=\"https:\/\/www.uartes.edu.ec\/sitio\/wp-content\/uploads\/2024\/10\/14-MANGLAR-INAUGURACION-1-644x429.jpg 644w, https:\/\/www.uartes.edu.ec\/sitio\/wp-content\/uploads\/2024\/10\/14-MANGLAR-INAUGURACION-1-300x200.jpg 300w, https:\/\/www.uartes.edu.ec\/sitio\/wp-content\/uploads\/2024\/10\/14-MANGLAR-INAUGURACION-1-768x512.jpg 768w, https:\/\/www.uartes.edu.ec\/sitio\/wp-content\/uploads\/2024\/10\/14-MANGLAR-INAUGURACION-1-1536x1024.jpg 1536w, https:\/\/www.uartes.edu.ec\/sitio\/wp-content\/uploads\/2024\/10\/14-MANGLAR-INAUGURACION-1-18x12.jpg 18w, https:\/\/www.uartes.edu.ec\/sitio\/wp-content\/uploads\/2024\/10\/14-MANGLAR-INAUGURACION-1-600x400.jpg 600w, https:\/\/www.uartes.edu.ec\/sitio\/wp-content\/uploads\/2024\/10\/14-MANGLAR-INAUGURACION-1-400x267.jpg 400w, https:\/\/www.uartes.edu.ec\/sitio\/wp-content\/uploads\/2024\/10\/14-MANGLAR-INAUGURACION-1-272x182.jpg 272w, https:\/\/www.uartes.edu.ec\/sitio\/wp-content\/uploads\/2024\/10\/14-MANGLAR-INAUGURACION-1.jpg 2000w\" sizes=\"(max-width: 644px) 100vw, 644px\" \/><\/figure>\n\n\n\n<figure class=\"wp-block-image size-large\"><img decoding=\"async\" data-id=\"62982\" src=\"https:\/\/www.uartes.edu.ec\/sitio\/wp-content\/uploads\/2024\/10\/09-MANGLAR-INAUGURACION-1-644x429.jpg\" alt=\"\" class=\"wp-image-62982\" \/><\/figure>\n<\/figure>\n\n\n\n<p><\/p>\n\n\n\n<p>Desde las primeras representaciones de los pueblos ind\u00edgenas encuerados hasta el desarrollo de las t\u00e9cnicas antropol\u00f3gicas de observaci\u00f3n y estudio, el conocimiento sobre los indios se facilit\u00f3 despojando su cuerpo de ropa. Ya sea a trav\u00e9s de t\u00e9cnicas pictogr\u00e1ficas o del estudio antropom\u00e9trico, el cuerpo del ind\u00edgena se ha tomado como t\u00e9cnica de \u201ctransparentar la verdad de su historia y su futuro\u201d, esa premisa es lo que algunos cr\u00edticos han desarrollado como la etnopornograf\u00eda.&nbsp;<\/p>\n\n\n\n<p>Desde esta perspectiva, dijo Pierce, toda observaci\u00f3n colonial se basa en un deseo de saber y de crear la otredad. No es simplemente una laguna de conocimientos cient\u00edficos, sino una incitaci\u00f3n a dominar lo que la ciencia afirma que a\u00fan no conoce. La etnopornograf\u00eda es un modo de observaci\u00f3n colonial que se relaciona con un deseo profundamente arraigado de penetrar al otro, descubrir al otro. No es simplemente entrar en un territorio previamente desconocido, sino tomar posesi\u00f3n de su conocimiento y as\u00ed como el territorio y los cuerpos que producen y mantienen ese conocimiento en los relatos coloniales, los cuerpos indios son bellos, esbeltos, carnosos. La tierra exuberante, incitante. Esperando ambos ser tomados. Esa conexi\u00f3n entre carne, corporalidad, tierra y poder es central en todos los relatos que aboguen por el derecho de adue\u00f1arse de esta tierra.&nbsp;<\/p>\n\n\n\n<h3 class=\"wp-block-heading\">Encuentro entre ind\u00edgenas y europeos<\/h3>\n\n\n\n<p>Hizo alusi\u00f3n a una famosa imagen del primer encuentro entre los pueblos ind\u00edgenas y los europeos: la aleg\u00f3rica \u2018Am\u00e9rica\u2019, que es un grabado hecho a partir de un dibujo de 1580 de una ind\u00edgena y Am\u00e9rico Vespucio, mencion\u00f3 Pierce mostr\u00e1ndolo en pantalla. Que ha recibido mucha atenci\u00f3n acad\u00e9mica desde una variedad de perspectivas, anot\u00f3, se\u00f1alando que parte de su atractivo como alegor\u00eda es que puede soportar interpretaciones divergentes para decir que marca un binarismo de g\u00e9nero, una relaci\u00f3n de poder desigual y un deseo sexual colonial a partir del cuerpo ind\u00edgena desnudo. Vespucio se representa con la vestimenta de la ciencia del poder pol\u00edtico de Europa, mientras la india espera merecer su colonizaci\u00f3n debido a su desnudez y aqu\u00ed su canibalismo.&nbsp;<\/p>\n\n\n<div class=\"wp-block-image\">\n<figure class=\"aligncenter size-large\"><img loading=\"lazy\" decoding=\"async\" width=\"644\" height=\"429\" src=\"https:\/\/www.uartes.edu.ec\/sitio\/wp-content\/uploads\/2024\/10\/12-MANGLAR-INAUGURACION-644x429.jpg\" alt=\"\" class=\"wp-image-62984\" srcset=\"https:\/\/www.uartes.edu.ec\/sitio\/wp-content\/uploads\/2024\/10\/12-MANGLAR-INAUGURACION-644x429.jpg 644w, https:\/\/www.uartes.edu.ec\/sitio\/wp-content\/uploads\/2024\/10\/12-MANGLAR-INAUGURACION-300x200.jpg 300w, https:\/\/www.uartes.edu.ec\/sitio\/wp-content\/uploads\/2024\/10\/12-MANGLAR-INAUGURACION-768x512.jpg 768w, https:\/\/www.uartes.edu.ec\/sitio\/wp-content\/uploads\/2024\/10\/12-MANGLAR-INAUGURACION-1536x1024.jpg 1536w, https:\/\/www.uartes.edu.ec\/sitio\/wp-content\/uploads\/2024\/10\/12-MANGLAR-INAUGURACION-18x12.jpg 18w, https:\/\/www.uartes.edu.ec\/sitio\/wp-content\/uploads\/2024\/10\/12-MANGLAR-INAUGURACION-600x400.jpg 600w, https:\/\/www.uartes.edu.ec\/sitio\/wp-content\/uploads\/2024\/10\/12-MANGLAR-INAUGURACION-400x267.jpg 400w, https:\/\/www.uartes.edu.ec\/sitio\/wp-content\/uploads\/2024\/10\/12-MANGLAR-INAUGURACION-272x182.jpg 272w, https:\/\/www.uartes.edu.ec\/sitio\/wp-content\/uploads\/2024\/10\/12-MANGLAR-INAUGURACION.jpg 2000w\" sizes=\"(max-width: 644px) 100vw, 644px\" \/><\/figure>\n<\/div>\n\n\n<p>Seguidamente, Joseph Pierce anunci\u00f3 que saltar\u00eda al Norte de Argentina y alrededor de 300 a\u00f1os para analizar al antrop\u00f3logo que reemplaza el conquistador a lo largo del siglo XIX, buscando formas cada vez m\u00e1s precisas de ordenar los cuerpos. La fotograf\u00eda antropom\u00e9trica lleg\u00f3 a constituir la metodolog\u00eda taxon\u00f3mica preferida. Los antrop\u00f3logos imaginaron la fotograf\u00eda como una extensi\u00f3n de la visi\u00f3n objetiva de la ciencia positivista, utilizaron la fotograf\u00eda no solo para documentar diferentes tipos humanos, sino para consagrar esas diferencias como parte del creciente consenso occidental que sosten\u00eda que el sujeto blanco europeo representaba la c\u00faspide de la civilizaci\u00f3n.<\/p>\n\n\n\n<p>Para justificar objetivamente la superioridad blanca, los cient\u00edficos necesitaban una base de datos de mediciones humanas \u2013idealmente de todos los diferentes pueblos\u2013 para hacer inferencias que, por supuesto, estaban predeterminadas sobre la jerarqu\u00eda del desarrollo humano. Esta jerarqu\u00eda posicionaba a los blancos como el grupo m\u00e1s desarrollado o civilizado y a los ind\u00edgenas y afrodescendientes en una fase anterior del desarrollo hist\u00f3rico.<\/p>\n\n\n\n<p>El expositor comparti\u00f3 informaci\u00f3n de Lehmann-Nitsche, quien public\u00f3 su investigaci\u00f3n en 1908 con un informe titulado \u201cEstudios antropol\u00f3gicos sobre los Chiriguanos, Chorotes, Matacos y Tobas (Chaco occidental)\u201d, el cual incluy\u00f3 medidas, color de piel, ojos, cabello y salud dental de aproximadamente 160 trabajadores ind\u00edgenas.<\/p>\n\n\n\n<p>Tambi\u00e9n, y al t\u00e9rmino de su ponencia, Joseph Pierce hizo referencia al monumento de Guayas &nbsp;&nbsp;Quil (2016). La vio al llegar a Guayaquil y al buscar en internet ley\u00f3 un art\u00edculo donde el exalcalde Nebot indic\u00f3 que faltaba un monumento a nuestro origen. Se pregunt\u00f3, entonces, para qui\u00e9n\u2026 qu\u00e9 historia, qu\u00e9 trabajo art\u00edstico y social, Guayas y Quil forjados en bronce con un hijo que, supuestamente, representa el cuerpo del pueblo guayaquile\u00f1o. \u00a1Otra Am\u00e9rica aleg\u00f3rica! \u201cY no puedo dejar de pensar que el argumento sigue vigente: el indio siempre est\u00e1 encuerado en el imaginario colonial (\u2026)\u201d.<\/p>\n\n\n\n<p>Seguidamente a la intervenci\u00f3n de Pierce, se dio espacio para las preguntas y reflexiones del p\u00fablico, en su mayor\u00eda de la comunidad UArtes.<\/p>","protected":false},"excerpt":{"rendered":"<p>La charla magistral \u201cEl cuerpo indio: desde la etno- a la indege-pornograf\u00eda\u201d dio a conocer al acad\u00e9mico Joseph Pierce en la Universidad de las Artes. Vino invitado por la Escuela de Literatura para participar en \u201cManglar 2024: Encuentros de arte, educaci\u00f3n y espacio p\u00fablico\u201d, que se desrrolla en las instalaciones UArtes \u2013como en la Plaza P\u00fablica del MZ14, donde tuvo lugar la ponencia\u2013 y varios barrios de la ciudad.<\/p>","protected":false},"author":10,"featured_media":62976,"comment_status":"open","ping_status":"open","sticky":false,"template":"","format":"standard","meta":{"_acf_changed":false,"_uag_custom_page_level_css":"","_monsterinsights_skip_tracking":false,"_monsterinsights_sitenote_active":false,"_monsterinsights_sitenote_note":"","_monsterinsights_sitenote_category":0,"cybocfi_hide_featured_image":"","footnotes":""},"categories":[80,77,284,175,83],"tags":[1284],"infouartes":[1289],"class_list":["post-62974","post","type-post","status-publish","format-standard","has-post-thumbnail","hentry","category-academico","category-gestion","category-investigacion","category-literatura","category-sedes","tag-manglar-2024","infouartes-investigar-las-artes"],"acf":[],"yoast_head":"<!-- This site is optimized with the Yoast SEO plugin v27.4 - https:\/\/yoast.com\/product\/yoast-seo-wordpress\/ -->\n<title>Universidad de las Artes - \u201cEl cuerpo indio: desde la etno- a la indege-pornograf\u00eda\u201d, charla de Joseph Pierce en Manglar; acad\u00e9mico tambi\u00e9n dict\u00f3 un taller<\/title>\n<meta name=\"description\" content=\"Universidad de las Artes - \u201cEl cuerpo indio: desde la etno- a la indege-pornograf\u00eda\u201d, charla de Joseph Pierce en Manglar; acad\u00e9mico tambi\u00e9n dict\u00f3 un taller\" \/>\n<meta name=\"robots\" content=\"index, follow, max-snippet:-1, max-image-preview:large, max-video-preview:-1\" \/>\n<link rel=\"canonical\" href=\"https:\/\/www.uartes.edu.ec\/sitio\/en\/blog\/2024\/10\/08\/el-cuerpo-indio-desde-la-etno-a-la-indege-pornografia-charla-de-joseph-pierce-academico-y-ciudadano-de-la-nacion-cherokee\/\" \/>\n<meta property=\"og:locale\" content=\"en_US\" \/>\n<meta property=\"og:type\" content=\"article\" \/>\n<meta property=\"og:title\" content=\"Universidad de las Artes - \u201cEl cuerpo indio: desde la etno- a la indege-pornograf\u00eda\u201d, charla de Joseph Pierce en Manglar; acad\u00e9mico tambi\u00e9n dict\u00f3 un taller\" \/>\n<meta property=\"og:description\" content=\"Universidad de las Artes - \u201cEl cuerpo indio: desde la etno- a la indege-pornograf\u00eda\u201d, charla de Joseph Pierce en Manglar; acad\u00e9mico tambi\u00e9n dict\u00f3 un taller\" \/>\n<meta property=\"og:url\" content=\"https:\/\/www.uartes.edu.ec\/sitio\/en\/blog\/2024\/10\/08\/el-cuerpo-indio-desde-la-etno-a-la-indege-pornografia-charla-de-joseph-pierce-academico-y-ciudadano-de-la-nacion-cherokee\/\" \/>\n<meta property=\"og:site_name\" content=\"Universidad de las Artes\" \/>\n<meta property=\"article:publisher\" content=\"https:\/\/www.facebook.com\/uartesec\" \/>\n<meta property=\"article:published_time\" content=\"2024-10-08T21:45:00+00:00\" \/>\n<meta property=\"article:modified_time\" content=\"2024-11-12T14:08:44+00:00\" \/>\n<meta property=\"og:image\" content=\"https:\/\/www.uartes.edu.ec\/sitio\/wp-content\/uploads\/2024\/10\/13-MANGLAR-INAUGURACION-1.jpg\" \/>\n\t<meta property=\"og:image:width\" content=\"2000\" \/>\n\t<meta property=\"og:image:height\" content=\"1333\" \/>\n\t<meta property=\"og:image:type\" content=\"image\/jpeg\" \/>\n<meta name=\"author\" content=\"ccortez\" \/>\n<meta name=\"twitter:card\" content=\"summary_large_image\" \/>\n<meta name=\"twitter:creator\" content=\"@uartesec\" \/>\n<meta name=\"twitter:site\" content=\"@uartesec\" \/>\n<meta name=\"twitter:label1\" content=\"Written by\" \/>\n\t<meta name=\"twitter:data1\" content=\"ccortez\" \/>\n\t<meta name=\"twitter:label2\" content=\"Est. reading time\" \/>\n\t<meta name=\"twitter:data2\" content=\"9 minutes\" \/>\n<script type=\"application\/ld+json\" class=\"yoast-schema-graph\">{\"@context\":\"https:\\\/\\\/schema.org\",\"@graph\":[{\"@type\":\"Article\",\"@id\":\"https:\\\/\\\/www.uartes.edu.ec\\\/sitio\\\/en\\\/blog\\\/2024\\\/10\\\/08\\\/el-cuerpo-indio-desde-la-etno-a-la-indege-pornografia-charla-de-joseph-pierce-academico-y-ciudadano-de-la-nacion-cherokee\\\/#article\",\"isPartOf\":{\"@id\":\"https:\\\/\\\/www.uartes.edu.ec\\\/sitio\\\/en\\\/blog\\\/2024\\\/10\\\/08\\\/el-cuerpo-indio-desde-la-etno-a-la-indege-pornografia-charla-de-joseph-pierce-academico-y-ciudadano-de-la-nacion-cherokee\\\/\"},\"author\":{\"name\":\"ccortez\",\"@id\":\"https:\\\/\\\/www.uartes.edu.ec\\\/sitio\\\/en\\\/#\\\/schema\\\/person\\\/efa1b8275797664fd7f13a79ccc0b1f4\"},\"headline\":\"\u201cEl cuerpo indio: desde la etno- a la indege-pornograf\u00eda\u201d, charla de Joseph Pierce en Manglar; acad\u00e9mico tambi\u00e9n dict\u00f3 un taller\",\"datePublished\":\"2024-10-08T21:45:00+00:00\",\"dateModified\":\"2024-11-12T14:08:44+00:00\",\"mainEntityOfPage\":{\"@id\":\"https:\\\/\\\/www.uartes.edu.ec\\\/sitio\\\/en\\\/blog\\\/2024\\\/10\\\/08\\\/el-cuerpo-indio-desde-la-etno-a-la-indege-pornografia-charla-de-joseph-pierce-academico-y-ciudadano-de-la-nacion-cherokee\\\/\"},\"wordCount\":1640,\"commentCount\":0,\"publisher\":{\"@id\":\"https:\\\/\\\/www.uartes.edu.ec\\\/sitio\\\/en\\\/#organization\"},\"image\":{\"@id\":\"https:\\\/\\\/www.uartes.edu.ec\\\/sitio\\\/en\\\/blog\\\/2024\\\/10\\\/08\\\/el-cuerpo-indio-desde-la-etno-a-la-indege-pornografia-charla-de-joseph-pierce-academico-y-ciudadano-de-la-nacion-cherokee\\\/#primaryimage\"},\"thumbnailUrl\":\"https:\\\/\\\/www.uartes.edu.ec\\\/sitio\\\/wp-content\\\/uploads\\\/2024\\\/10\\\/13-MANGLAR-INAUGURACION-1.jpg\",\"keywords\":[\"Manglar 2024\"],\"articleSection\":[\"Acad\u00e9mico\",\"Gesti\u00f3n\",\"Investigaci\u00f3n\",\"Literatura\",\"Sedes\"],\"inLanguage\":\"en-US\",\"potentialAction\":[{\"@type\":\"CommentAction\",\"name\":\"Comment\",\"target\":[\"https:\\\/\\\/www.uartes.edu.ec\\\/sitio\\\/en\\\/blog\\\/2024\\\/10\\\/08\\\/el-cuerpo-indio-desde-la-etno-a-la-indege-pornografia-charla-de-joseph-pierce-academico-y-ciudadano-de-la-nacion-cherokee\\\/#respond\"]}]},{\"@type\":[\"WebPage\",\"ItemPage\"],\"@id\":\"https:\\\/\\\/www.uartes.edu.ec\\\/sitio\\\/en\\\/blog\\\/2024\\\/10\\\/08\\\/el-cuerpo-indio-desde-la-etno-a-la-indege-pornografia-charla-de-joseph-pierce-academico-y-ciudadano-de-la-nacion-cherokee\\\/\",\"url\":\"https:\\\/\\\/www.uartes.edu.ec\\\/sitio\\\/en\\\/blog\\\/2024\\\/10\\\/08\\\/el-cuerpo-indio-desde-la-etno-a-la-indege-pornografia-charla-de-joseph-pierce-academico-y-ciudadano-de-la-nacion-cherokee\\\/\",\"name\":\"Universidad de las Artes - \u201cEl cuerpo indio: desde la etno- a la indege-pornograf\u00eda\u201d, charla de Joseph Pierce en Manglar; acad\u00e9mico tambi\u00e9n dict\u00f3 un taller\",\"isPartOf\":{\"@id\":\"https:\\\/\\\/www.uartes.edu.ec\\\/sitio\\\/en\\\/#website\"},\"primaryImageOfPage\":{\"@id\":\"https:\\\/\\\/www.uartes.edu.ec\\\/sitio\\\/en\\\/blog\\\/2024\\\/10\\\/08\\\/el-cuerpo-indio-desde-la-etno-a-la-indege-pornografia-charla-de-joseph-pierce-academico-y-ciudadano-de-la-nacion-cherokee\\\/#primaryimage\"},\"image\":{\"@id\":\"https:\\\/\\\/www.uartes.edu.ec\\\/sitio\\\/en\\\/blog\\\/2024\\\/10\\\/08\\\/el-cuerpo-indio-desde-la-etno-a-la-indege-pornografia-charla-de-joseph-pierce-academico-y-ciudadano-de-la-nacion-cherokee\\\/#primaryimage\"},\"thumbnailUrl\":\"https:\\\/\\\/www.uartes.edu.ec\\\/sitio\\\/wp-content\\\/uploads\\\/2024\\\/10\\\/13-MANGLAR-INAUGURACION-1.jpg\",\"datePublished\":\"2024-10-08T21:45:00+00:00\",\"dateModified\":\"2024-11-12T14:08:44+00:00\",\"description\":\"Universidad de las Artes - \u201cEl cuerpo indio: desde la etno- a la indege-pornograf\u00eda\u201d, charla de Joseph Pierce en Manglar; acad\u00e9mico tambi\u00e9n dict\u00f3 un taller\",\"breadcrumb\":{\"@id\":\"https:\\\/\\\/www.uartes.edu.ec\\\/sitio\\\/en\\\/blog\\\/2024\\\/10\\\/08\\\/el-cuerpo-indio-desde-la-etno-a-la-indege-pornografia-charla-de-joseph-pierce-academico-y-ciudadano-de-la-nacion-cherokee\\\/#breadcrumb\"},\"inLanguage\":\"en-US\",\"potentialAction\":[{\"@type\":\"ReadAction\",\"target\":[\"https:\\\/\\\/www.uartes.edu.ec\\\/sitio\\\/en\\\/blog\\\/2024\\\/10\\\/08\\\/el-cuerpo-indio-desde-la-etno-a-la-indege-pornografia-charla-de-joseph-pierce-academico-y-ciudadano-de-la-nacion-cherokee\\\/\"]}]},{\"@type\":\"ImageObject\",\"inLanguage\":\"en-US\",\"@id\":\"https:\\\/\\\/www.uartes.edu.ec\\\/sitio\\\/en\\\/blog\\\/2024\\\/10\\\/08\\\/el-cuerpo-indio-desde-la-etno-a-la-indege-pornografia-charla-de-joseph-pierce-academico-y-ciudadano-de-la-nacion-cherokee\\\/#primaryimage\",\"url\":\"https:\\\/\\\/www.uartes.edu.ec\\\/sitio\\\/wp-content\\\/uploads\\\/2024\\\/10\\\/13-MANGLAR-INAUGURACION-1.jpg\",\"contentUrl\":\"https:\\\/\\\/www.uartes.edu.ec\\\/sitio\\\/wp-content\\\/uploads\\\/2024\\\/10\\\/13-MANGLAR-INAUGURACION-1.jpg\",\"width\":2000,\"height\":1333},{\"@type\":\"BreadcrumbList\",\"@id\":\"https:\\\/\\\/www.uartes.edu.ec\\\/sitio\\\/en\\\/blog\\\/2024\\\/10\\\/08\\\/el-cuerpo-indio-desde-la-etno-a-la-indege-pornografia-charla-de-joseph-pierce-academico-y-ciudadano-de-la-nacion-cherokee\\\/#breadcrumb\",\"itemListElement\":[{\"@type\":\"ListItem\",\"position\":1,\"name\":\"Inicio\",\"item\":\"https:\\\/\\\/www.uartes.edu.ec\\\/sitio\\\/\"},{\"@type\":\"ListItem\",\"position\":2,\"name\":\"\u201cEl cuerpo indio: desde la etno- a la indege-pornograf\u00eda\u201d, charla de Joseph Pierce en Manglar; acad\u00e9mico tambi\u00e9n dict\u00f3 un taller\"}]},{\"@type\":\"WebSite\",\"@id\":\"https:\\\/\\\/www.uartes.edu.ec\\\/sitio\\\/en\\\/#website\",\"url\":\"https:\\\/\\\/www.uartes.edu.ec\\\/sitio\\\/en\\\/\",\"name\":\"Universidad de las Artes\",\"description\":\"Sitio oficial de la Universidad Nacional de las Artes del Ecuador\",\"publisher\":{\"@id\":\"https:\\\/\\\/www.uartes.edu.ec\\\/sitio\\\/en\\\/#organization\"},\"potentialAction\":[{\"@type\":\"SearchAction\",\"target\":{\"@type\":\"EntryPoint\",\"urlTemplate\":\"https:\\\/\\\/www.uartes.edu.ec\\\/sitio\\\/en\\\/?s={search_term_string}\"},\"query-input\":{\"@type\":\"PropertyValueSpecification\",\"valueRequired\":true,\"valueName\":\"search_term_string\"}}],\"inLanguage\":\"en-US\"},{\"@type\":\"Organization\",\"@id\":\"https:\\\/\\\/www.uartes.edu.ec\\\/sitio\\\/en\\\/#organization\",\"name\":\"Universidad de las Artes\",\"url\":\"https:\\\/\\\/www.uartes.edu.ec\\\/sitio\\\/en\\\/\",\"logo\":{\"@type\":\"ImageObject\",\"inLanguage\":\"en-US\",\"@id\":\"https:\\\/\\\/www.uartes.edu.ec\\\/sitio\\\/en\\\/#\\\/schema\\\/logo\\\/image\\\/\",\"url\":\"https:\\\/\\\/www.uartes.edu.ec\\\/sitio\\\/wp-content\\\/uploads\\\/2022\\\/07\\\/logo-ua-horizontal.png\",\"contentUrl\":\"https:\\\/\\\/www.uartes.edu.ec\\\/sitio\\\/wp-content\\\/uploads\\\/2022\\\/07\\\/logo-ua-horizontal.png\",\"width\":800,\"height\":276,\"caption\":\"Universidad de las Artes\"},\"image\":{\"@id\":\"https:\\\/\\\/www.uartes.edu.ec\\\/sitio\\\/en\\\/#\\\/schema\\\/logo\\\/image\\\/\"},\"sameAs\":[\"https:\\\/\\\/www.facebook.com\\\/uartesec\",\"https:\\\/\\\/x.com\\\/uartesec\",\"https:\\\/\\\/www.tiktok.com\\\/@uartesec\"]},{\"@type\":\"Person\",\"@id\":\"https:\\\/\\\/www.uartes.edu.ec\\\/sitio\\\/en\\\/#\\\/schema\\\/person\\\/efa1b8275797664fd7f13a79ccc0b1f4\",\"name\":\"ccortez\",\"image\":{\"@type\":\"ImageObject\",\"inLanguage\":\"en-US\",\"@id\":\"https:\\\/\\\/secure.gravatar.com\\\/avatar\\\/b2a6f664a3ae8e074346ef91775736c5ec479e637ecced6842de9dc98b5da9cd?s=96&d=mm&r=g\",\"url\":\"https:\\\/\\\/secure.gravatar.com\\\/avatar\\\/b2a6f664a3ae8e074346ef91775736c5ec479e637ecced6842de9dc98b5da9cd?s=96&d=mm&r=g\",\"contentUrl\":\"https:\\\/\\\/secure.gravatar.com\\\/avatar\\\/b2a6f664a3ae8e074346ef91775736c5ec479e637ecced6842de9dc98b5da9cd?s=96&d=mm&r=g\",\"caption\":\"ccortez\"},\"url\":\"https:\\\/\\\/www.uartes.edu.ec\\\/sitio\\\/en\\\/blog\\\/author\\\/ccortez\\\/\"}]}<\/script>\n<!-- \/ Yoast SEO plugin. -->","yoast_head_json":{"title":"Universidad de las Artes - \u201cEl cuerpo indio: desde la etno- a la indege-pornograf\u00eda\u201d, charla de Joseph Pierce en Manglar; acad\u00e9mico tambi\u00e9n dict\u00f3 un taller","description":"Universidad de las Artes - \u201cEl cuerpo indio: desde la etno- a la indege-pornograf\u00eda\u201d, charla de Joseph Pierce en Manglar; acad\u00e9mico tambi\u00e9n dict\u00f3 un taller","robots":{"index":"index","follow":"follow","max-snippet":"max-snippet:-1","max-image-preview":"max-image-preview:large","max-video-preview":"max-video-preview:-1"},"canonical":"https:\/\/www.uartes.edu.ec\/sitio\/en\/blog\/2024\/10\/08\/el-cuerpo-indio-desde-la-etno-a-la-indege-pornografia-charla-de-joseph-pierce-academico-y-ciudadano-de-la-nacion-cherokee\/","og_locale":"en_US","og_type":"article","og_title":"Universidad de las Artes - \u201cEl cuerpo indio: desde la etno- a la indege-pornograf\u00eda\u201d, charla de Joseph Pierce en Manglar; acad\u00e9mico tambi\u00e9n dict\u00f3 un taller","og_description":"Universidad de las Artes - \u201cEl cuerpo indio: desde la etno- a la indege-pornograf\u00eda\u201d, charla de Joseph Pierce en Manglar; acad\u00e9mico tambi\u00e9n dict\u00f3 un taller","og_url":"https:\/\/www.uartes.edu.ec\/sitio\/en\/blog\/2024\/10\/08\/el-cuerpo-indio-desde-la-etno-a-la-indege-pornografia-charla-de-joseph-pierce-academico-y-ciudadano-de-la-nacion-cherokee\/","og_site_name":"Universidad de las Artes","article_publisher":"https:\/\/www.facebook.com\/uartesec","article_published_time":"2024-10-08T21:45:00+00:00","article_modified_time":"2024-11-12T14:08:44+00:00","og_image":[{"width":2000,"height":1333,"url":"https:\/\/www.uartes.edu.ec\/sitio\/wp-content\/uploads\/2024\/10\/13-MANGLAR-INAUGURACION-1.jpg","type":"image\/jpeg"}],"author":"ccortez","twitter_card":"summary_large_image","twitter_creator":"@uartesec","twitter_site":"@uartesec","twitter_misc":{"Written by":"ccortez","Est. reading time":"9 minutes"},"schema":{"@context":"https:\/\/schema.org","@graph":[{"@type":"Article","@id":"https:\/\/www.uartes.edu.ec\/sitio\/en\/blog\/2024\/10\/08\/el-cuerpo-indio-desde-la-etno-a-la-indege-pornografia-charla-de-joseph-pierce-academico-y-ciudadano-de-la-nacion-cherokee\/#article","isPartOf":{"@id":"https:\/\/www.uartes.edu.ec\/sitio\/en\/blog\/2024\/10\/08\/el-cuerpo-indio-desde-la-etno-a-la-indege-pornografia-charla-de-joseph-pierce-academico-y-ciudadano-de-la-nacion-cherokee\/"},"author":{"name":"ccortez","@id":"https:\/\/www.uartes.edu.ec\/sitio\/en\/#\/schema\/person\/efa1b8275797664fd7f13a79ccc0b1f4"},"headline":"\u201cEl cuerpo indio: desde la etno- a la indege-pornograf\u00eda\u201d, charla de Joseph Pierce en Manglar; acad\u00e9mico tambi\u00e9n dict\u00f3 un taller","datePublished":"2024-10-08T21:45:00+00:00","dateModified":"2024-11-12T14:08:44+00:00","mainEntityOfPage":{"@id":"https:\/\/www.uartes.edu.ec\/sitio\/en\/blog\/2024\/10\/08\/el-cuerpo-indio-desde-la-etno-a-la-indege-pornografia-charla-de-joseph-pierce-academico-y-ciudadano-de-la-nacion-cherokee\/"},"wordCount":1640,"commentCount":0,"publisher":{"@id":"https:\/\/www.uartes.edu.ec\/sitio\/en\/#organization"},"image":{"@id":"https:\/\/www.uartes.edu.ec\/sitio\/en\/blog\/2024\/10\/08\/el-cuerpo-indio-desde-la-etno-a-la-indege-pornografia-charla-de-joseph-pierce-academico-y-ciudadano-de-la-nacion-cherokee\/#primaryimage"},"thumbnailUrl":"https:\/\/www.uartes.edu.ec\/sitio\/wp-content\/uploads\/2024\/10\/13-MANGLAR-INAUGURACION-1.jpg","keywords":["Manglar 2024"],"articleSection":["Acad\u00e9mico","Gesti\u00f3n","Investigaci\u00f3n","Literatura","Sedes"],"inLanguage":"en-US","potentialAction":[{"@type":"CommentAction","name":"Comment","target":["https:\/\/www.uartes.edu.ec\/sitio\/en\/blog\/2024\/10\/08\/el-cuerpo-indio-desde-la-etno-a-la-indege-pornografia-charla-de-joseph-pierce-academico-y-ciudadano-de-la-nacion-cherokee\/#respond"]}]},{"@type":["WebPage","ItemPage"],"@id":"https:\/\/www.uartes.edu.ec\/sitio\/en\/blog\/2024\/10\/08\/el-cuerpo-indio-desde-la-etno-a-la-indege-pornografia-charla-de-joseph-pierce-academico-y-ciudadano-de-la-nacion-cherokee\/","url":"https:\/\/www.uartes.edu.ec\/sitio\/en\/blog\/2024\/10\/08\/el-cuerpo-indio-desde-la-etno-a-la-indege-pornografia-charla-de-joseph-pierce-academico-y-ciudadano-de-la-nacion-cherokee\/","name":"Universidad de las Artes - \u201cEl cuerpo indio: desde la etno- a la indege-pornograf\u00eda\u201d, charla de Joseph Pierce en Manglar; acad\u00e9mico tambi\u00e9n dict\u00f3 un taller","isPartOf":{"@id":"https:\/\/www.uartes.edu.ec\/sitio\/en\/#website"},"primaryImageOfPage":{"@id":"https:\/\/www.uartes.edu.ec\/sitio\/en\/blog\/2024\/10\/08\/el-cuerpo-indio-desde-la-etno-a-la-indege-pornografia-charla-de-joseph-pierce-academico-y-ciudadano-de-la-nacion-cherokee\/#primaryimage"},"image":{"@id":"https:\/\/www.uartes.edu.ec\/sitio\/en\/blog\/2024\/10\/08\/el-cuerpo-indio-desde-la-etno-a-la-indege-pornografia-charla-de-joseph-pierce-academico-y-ciudadano-de-la-nacion-cherokee\/#primaryimage"},"thumbnailUrl":"https:\/\/www.uartes.edu.ec\/sitio\/wp-content\/uploads\/2024\/10\/13-MANGLAR-INAUGURACION-1.jpg","datePublished":"2024-10-08T21:45:00+00:00","dateModified":"2024-11-12T14:08:44+00:00","description":"Universidad de las Artes - \u201cEl cuerpo indio: desde la etno- a la indege-pornograf\u00eda\u201d, charla de Joseph Pierce en Manglar; acad\u00e9mico tambi\u00e9n dict\u00f3 un taller","breadcrumb":{"@id":"https:\/\/www.uartes.edu.ec\/sitio\/en\/blog\/2024\/10\/08\/el-cuerpo-indio-desde-la-etno-a-la-indege-pornografia-charla-de-joseph-pierce-academico-y-ciudadano-de-la-nacion-cherokee\/#breadcrumb"},"inLanguage":"en-US","potentialAction":[{"@type":"ReadAction","target":["https:\/\/www.uartes.edu.ec\/sitio\/en\/blog\/2024\/10\/08\/el-cuerpo-indio-desde-la-etno-a-la-indege-pornografia-charla-de-joseph-pierce-academico-y-ciudadano-de-la-nacion-cherokee\/"]}]},{"@type":"ImageObject","inLanguage":"en-US","@id":"https:\/\/www.uartes.edu.ec\/sitio\/en\/blog\/2024\/10\/08\/el-cuerpo-indio-desde-la-etno-a-la-indege-pornografia-charla-de-joseph-pierce-academico-y-ciudadano-de-la-nacion-cherokee\/#primaryimage","url":"https:\/\/www.uartes.edu.ec\/sitio\/wp-content\/uploads\/2024\/10\/13-MANGLAR-INAUGURACION-1.jpg","contentUrl":"https:\/\/www.uartes.edu.ec\/sitio\/wp-content\/uploads\/2024\/10\/13-MANGLAR-INAUGURACION-1.jpg","width":2000,"height":1333},{"@type":"BreadcrumbList","@id":"https:\/\/www.uartes.edu.ec\/sitio\/en\/blog\/2024\/10\/08\/el-cuerpo-indio-desde-la-etno-a-la-indege-pornografia-charla-de-joseph-pierce-academico-y-ciudadano-de-la-nacion-cherokee\/#breadcrumb","itemListElement":[{"@type":"ListItem","position":1,"name":"Inicio","item":"https:\/\/www.uartes.edu.ec\/sitio\/"},{"@type":"ListItem","position":2,"name":"\u201cEl cuerpo indio: desde la etno- a la indege-pornograf\u00eda\u201d, charla de Joseph Pierce en Manglar; acad\u00e9mico tambi\u00e9n dict\u00f3 un taller"}]},{"@type":"WebSite","@id":"https:\/\/www.uartes.edu.ec\/sitio\/en\/#website","url":"https:\/\/www.uartes.edu.ec\/sitio\/en\/","name":"Universidad de las Artes","description":"Sitio oficial de la Universidad Nacional de las Artes del Ecuador","publisher":{"@id":"https:\/\/www.uartes.edu.ec\/sitio\/en\/#organization"},"potentialAction":[{"@type":"SearchAction","target":{"@type":"EntryPoint","urlTemplate":"https:\/\/www.uartes.edu.ec\/sitio\/en\/?s={search_term_string}"},"query-input":{"@type":"PropertyValueSpecification","valueRequired":true,"valueName":"search_term_string"}}],"inLanguage":"en-US"},{"@type":"Organization","@id":"https:\/\/www.uartes.edu.ec\/sitio\/en\/#organization","name":"Universidad de las Artes","url":"https:\/\/www.uartes.edu.ec\/sitio\/en\/","logo":{"@type":"ImageObject","inLanguage":"en-US","@id":"https:\/\/www.uartes.edu.ec\/sitio\/en\/#\/schema\/logo\/image\/","url":"https:\/\/www.uartes.edu.ec\/sitio\/wp-content\/uploads\/2022\/07\/logo-ua-horizontal.png","contentUrl":"https:\/\/www.uartes.edu.ec\/sitio\/wp-content\/uploads\/2022\/07\/logo-ua-horizontal.png","width":800,"height":276,"caption":"Universidad de las Artes"},"image":{"@id":"https:\/\/www.uartes.edu.ec\/sitio\/en\/#\/schema\/logo\/image\/"},"sameAs":["https:\/\/www.facebook.com\/uartesec","https:\/\/x.com\/uartesec","https:\/\/www.tiktok.com\/@uartesec"]},{"@type":"Person","@id":"https:\/\/www.uartes.edu.ec\/sitio\/en\/#\/schema\/person\/efa1b8275797664fd7f13a79ccc0b1f4","name":"ccortez","image":{"@type":"ImageObject","inLanguage":"en-US","@id":"https:\/\/secure.gravatar.com\/avatar\/b2a6f664a3ae8e074346ef91775736c5ec479e637ecced6842de9dc98b5da9cd?s=96&d=mm&r=g","url":"https:\/\/secure.gravatar.com\/avatar\/b2a6f664a3ae8e074346ef91775736c5ec479e637ecced6842de9dc98b5da9cd?s=96&d=mm&r=g","contentUrl":"https:\/\/secure.gravatar.com\/avatar\/b2a6f664a3ae8e074346ef91775736c5ec479e637ecced6842de9dc98b5da9cd?s=96&d=mm&r=g","caption":"ccortez"},"url":"https:\/\/www.uartes.edu.ec\/sitio\/en\/blog\/author\/ccortez\/"}]}},"uagb_featured_image_src":{"full":["https:\/\/www.uartes.edu.ec\/sitio\/wp-content\/uploads\/2024\/10\/13-MANGLAR-INAUGURACION-1.jpg",2000,1333,false],"thumbnail":["https:\/\/www.uartes.edu.ec\/sitio\/wp-content\/uploads\/2024\/10\/13-MANGLAR-INAUGURACION-1-150x150.jpg",150,150,true],"medium":["https:\/\/www.uartes.edu.ec\/sitio\/wp-content\/uploads\/2024\/10\/13-MANGLAR-INAUGURACION-1-300x200.jpg",300,200,true],"medium_large":["https:\/\/www.uartes.edu.ec\/sitio\/wp-content\/uploads\/2024\/10\/13-MANGLAR-INAUGURACION-1-768x512.jpg",768,512,true],"large":["https:\/\/www.uartes.edu.ec\/sitio\/wp-content\/uploads\/2024\/10\/13-MANGLAR-INAUGURACION-1-644x429.jpg",644,429,true],"1536x1536":["https:\/\/www.uartes.edu.ec\/sitio\/wp-content\/uploads\/2024\/10\/13-MANGLAR-INAUGURACION-1-1536x1024.jpg",1536,1024,true],"2048x2048":["https:\/\/www.uartes.edu.ec\/sitio\/wp-content\/uploads\/2024\/10\/13-MANGLAR-INAUGURACION-1.jpg",2000,1333,false],"trp-custom-language-flag":["https:\/\/www.uartes.edu.ec\/sitio\/wp-content\/uploads\/2024\/10\/13-MANGLAR-INAUGURACION-1-18x12.jpg",18,12,true],"htmega_size_585x295":["https:\/\/www.uartes.edu.ec\/sitio\/wp-content\/uploads\/2024\/10\/13-MANGLAR-INAUGURACION-1-585x295.jpg",585,295,true],"htmega_size_1170x536":["https:\/\/www.uartes.edu.ec\/sitio\/wp-content\/uploads\/2024\/10\/13-MANGLAR-INAUGURACION-1-1170x536.jpg",1170,536,true],"htmega_size_396x360":["https:\/\/www.uartes.edu.ec\/sitio\/wp-content\/uploads\/2024\/10\/13-MANGLAR-INAUGURACION-1-396x360.jpg",396,360,true],"gb-block-post-grid-landscape":["https:\/\/www.uartes.edu.ec\/sitio\/wp-content\/uploads\/2024\/10\/13-MANGLAR-INAUGURACION-1-600x400.jpg",600,400,true],"gb-block-post-grid-square":["https:\/\/www.uartes.edu.ec\/sitio\/wp-content\/uploads\/2024\/10\/13-MANGLAR-INAUGURACION-1-600x600.jpg",600,600,true],"university-hub-thumb":["https:\/\/www.uartes.edu.ec\/sitio\/wp-content\/uploads\/2024\/10\/13-MANGLAR-INAUGURACION-1-400x267.jpg",400,267,true],"mailpoet_newsletter_max":["https:\/\/www.uartes.edu.ec\/sitio\/wp-content\/uploads\/2024\/10\/13-MANGLAR-INAUGURACION-1.jpg",1320,880,false]},"uagb_author_info":{"display_name":"ccortez","author_link":"https:\/\/www.uartes.edu.ec\/sitio\/en\/blog\/author\/ccortez\/"},"uagb_comment_info":0,"uagb_excerpt":"La charla magistral \u201cEl cuerpo indio: desde la etno- a la indege-pornograf\u00eda\u201d dio a conocer al acad\u00e9mico Joseph Pierce en la Universidad de las Artes. Vino invitado por la Escuela de Literatura para participar en \u201cManglar 2024: Encuentros de arte, educaci\u00f3n y espacio p\u00fablico\u201d, que se desrrolla en las instalaciones UArtes \u2013como en la Plaza&hellip;","featured_image_src":"https:\/\/www.uartes.edu.ec\/sitio\/wp-content\/uploads\/2024\/10\/13-MANGLAR-INAUGURACION-1-600x400.jpg","featured_image_src_square":"https:\/\/www.uartes.edu.ec\/sitio\/wp-content\/uploads\/2024\/10\/13-MANGLAR-INAUGURACION-1-600x600.jpg","author_info":{"display_name":"ccortez","author_link":"https:\/\/www.uartes.edu.ec\/sitio\/en\/blog\/author\/ccortez\/"},"publishpress_future_workflow_manual_trigger":{"enabledWorkflows":[]},"distributor_meta":false,"distributor_terms":false,"distributor_media":false,"distributor_original_site_name":"Universidad de las Artes","distributor_original_site_url":"https:\/\/www.uartes.edu.ec\/sitio\/en","push-errors":false,"_links":{"self":[{"href":"https:\/\/www.uartes.edu.ec\/sitio\/en\/wp-json\/wp\/v2\/posts\/62974","targetHints":{"allow":["GET"]}}],"collection":[{"href":"https:\/\/www.uartes.edu.ec\/sitio\/en\/wp-json\/wp\/v2\/posts"}],"about":[{"href":"https:\/\/www.uartes.edu.ec\/sitio\/en\/wp-json\/wp\/v2\/types\/post"}],"author":[{"embeddable":true,"href":"https:\/\/www.uartes.edu.ec\/sitio\/en\/wp-json\/wp\/v2\/users\/10"}],"replies":[{"embeddable":true,"href":"https:\/\/www.uartes.edu.ec\/sitio\/en\/wp-json\/wp\/v2\/comments?post=62974"}],"version-history":[{"count":10,"href":"https:\/\/www.uartes.edu.ec\/sitio\/en\/wp-json\/wp\/v2\/posts\/62974\/revisions"}],"predecessor-version":[{"id":63001,"href":"https:\/\/www.uartes.edu.ec\/sitio\/en\/wp-json\/wp\/v2\/posts\/62974\/revisions\/63001"}],"wp:featuredmedia":[{"embeddable":true,"href":"https:\/\/www.uartes.edu.ec\/sitio\/en\/wp-json\/wp\/v2\/media\/62976"}],"wp:attachment":[{"href":"https:\/\/www.uartes.edu.ec\/sitio\/en\/wp-json\/wp\/v2\/media?parent=62974"}],"wp:term":[{"taxonomy":"category","embeddable":true,"href":"https:\/\/www.uartes.edu.ec\/sitio\/en\/wp-json\/wp\/v2\/categories?post=62974"},{"taxonomy":"post_tag","embeddable":true,"href":"https:\/\/www.uartes.edu.ec\/sitio\/en\/wp-json\/wp\/v2\/tags?post=62974"},{"taxonomy":"infouartes","embeddable":true,"href":"https:\/\/www.uartes.edu.ec\/sitio\/en\/wp-json\/wp\/v2\/infouartes?post=62974"}],"curies":[{"name":"wp","href":"https:\/\/api.w.org\/{rel}","templated":true}]}}