{"id":63050,"date":"2024-10-17T15:22:54","date_gmt":"2024-10-17T20:22:54","guid":{"rendered":"https:\/\/www.uartes.edu.ec\/sitio\/?p=63050"},"modified":"2025-08-12T10:21:15","modified_gmt":"2025-08-12T15:21:15","slug":"proyecto-de-investigacion-de-uartes-ucuenca-y-unae-gana-convocatoria-de-cedia","status":"publish","type":"post","link":"https:\/\/www.uartes.edu.ec\/sitio\/en\/blog\/2024\/10\/17\/proyecto-de-investigacion-de-uartes-ucuenca-y-unae-gana-convocatoria-de-cedia\/","title":{"rendered":"Proyecto de investigaci\u00f3n del docente UArtes Luis P\u00e1ez y pares de UNAE y UCuenca gana convocatoria de CEDIA"},"content":{"rendered":"<p>La noticia de que el proyecto \u201cInnovaci\u00f3n socio-cultural y pol\u00edticas del cuidado: construcci\u00f3n y difusi\u00f3n de etnograf\u00edas sensoriales basadas en la pr\u00e1ctica creativa, sobre las maternidades diversas en el Sur del Ecuador\u201d hab\u00eda ganado fondos de la Corporaci\u00f3n Ecuatoriana para el Desarrollo de la Investigaci\u00f3n y la Academia (CEDIA) emociona doblemente a la Universidad de las Artes, su comunidad y autoridades.<\/p>\n\n\n\n<p>Primero, porque el proyecto de investigaci\u00f3n, que respondi\u00f3 a la convocatoria I+D+i XIX 2024 de CEDIA y result\u00f3 seleccionado de entre 117 postulaciones, es una propuesta desarrollada de manera conjunta por el docente UArtes Luis Alberto P\u00e1ez Von Lippke, del Departamento Transversal, y docentes de la Universidad de Cuenca (UCuenca) y de la Universidad Nacional de Educaci\u00f3n (UNAE).<\/p>\n\n\n\n<p>Segundo, porque es la primera vez que un proyecto de investigaci\u00f3n en Artes y Humanidades gana fondos de CEDIA, \u201cque por lo general no son exclusivos para las artes, sino destinados a otras \u00e1reas del conocimiento como la agricultura, la tecnolog\u00eda o las ingenier\u00edas. La convocatoria fue para ciencia, tecnolog\u00eda e innovaci\u00f3n y las artes forman parte de este ecosistema del conocimiento. Postulamos y como la propuesta es s\u00f3lida, ganamos\u201d, se\u00f1ala Luis P\u00e1ez, agregando que el puntaje que obtuvieron fue uno de los mayores entre los proyectos ganadores.<\/p>\n\n\n\n<p>De c\u00f3mo surge el proyecto, sus objetivos, el trabajo conjunto de las tres universidades y su desarrollo fueron algunas de las inquietudes planteadas a Luis P\u00e1ez, quien las responde partiendo de que la UArtes, la UCuenca y la UNAE son parte, junto a la Universidad Central, de REDIC, la Red de Investigaciones Creativas. Ganar el fondo de CEDIA es una clara muestra de resultados y de las alianzas entre las IES.<\/p>\n\n\n<div class=\"wp-block-image\">\n<figure class=\"aligncenter size-large\"><img fetchpriority=\"high\" decoding=\"async\" width=\"644\" height=\"429\" src=\"https:\/\/www.uartes.edu.ec\/sitio\/wp-content\/uploads\/2024\/10\/LUIS-PAEZ-4-644x429.jpg\" alt=\"\" class=\"wp-image-63055\" srcset=\"https:\/\/www.uartes.edu.ec\/sitio\/wp-content\/uploads\/2024\/10\/LUIS-PAEZ-4-644x429.jpg 644w, https:\/\/www.uartes.edu.ec\/sitio\/wp-content\/uploads\/2024\/10\/LUIS-PAEZ-4-300x200.jpg 300w, https:\/\/www.uartes.edu.ec\/sitio\/wp-content\/uploads\/2024\/10\/LUIS-PAEZ-4-768x512.jpg 768w, https:\/\/www.uartes.edu.ec\/sitio\/wp-content\/uploads\/2024\/10\/LUIS-PAEZ-4-1536x1024.jpg 1536w, https:\/\/www.uartes.edu.ec\/sitio\/wp-content\/uploads\/2024\/10\/LUIS-PAEZ-4-18x12.jpg 18w, https:\/\/www.uartes.edu.ec\/sitio\/wp-content\/uploads\/2024\/10\/LUIS-PAEZ-4-600x400.jpg 600w, https:\/\/www.uartes.edu.ec\/sitio\/wp-content\/uploads\/2024\/10\/LUIS-PAEZ-4-400x267.jpg 400w, https:\/\/www.uartes.edu.ec\/sitio\/wp-content\/uploads\/2024\/10\/LUIS-PAEZ-4-272x182.jpg 272w, https:\/\/www.uartes.edu.ec\/sitio\/wp-content\/uploads\/2024\/10\/LUIS-PAEZ-4.jpg 2000w\" sizes=\"(max-width: 644px) 100vw, 644px\" \/><\/figure>\n<\/div>\n\n\n<p>Con Luis P\u00e1ez intervienen en el proyecto los tambi\u00e9n acad\u00e9micos-investigadores Rosana Corral Maldonado, quien lo dirige; Mar\u00eda Teresa Galarza, Paola V\u00e1zquez, Ricardo Salcedo, Patricio Carpio, Geovanny Guzm\u00e1n y Tania Chapa. Nuestro docente se\u00f1ala que Galarza y Corral idearon el proyecto, pues previamente ven\u00edan trabajando en la tem\u00e1tica, y que, por su dimensi\u00f3n intercultural, anclada en el Sur del pa\u00eds, propusieron una alianza con la UArtes, que trabaja en algunos frentes, como la interculturalidad con el pueblo afroguayaquile\u00f1o.<\/p>\n\n\n\n<p>En la sustentaci\u00f3n presentada al CEDIA, del proyecto se destaca su indagaci\u00f3n sobre las pr\u00e1cticas de cuidado materno entre mujeres-madres kichwa, shuar, achuar, afro-ecuatoriana, y mujeres-madres en situaci\u00f3n de movilidad humana en el Austro ecuatoriano y Guayaquil. El objetivo es crear un entorno digital que albergue im\u00e1genes, sonidos, textos y obras, representando de manera culturalmente pertinente diversas pr\u00e1cticas de cuidado materno en la regi\u00f3n.<\/p>\n\n\n\n<p>Con ello, se busca reconocer y valorar el aporte del ejercicio cotidiano de maternar, documentando estas pr\u00e1cticas como recursos socioculturales significativos y fomentando el intercambio de saberes. Desde una perspectiva de g\u00e9nero e interculturalidad, este proyecto pretende contribuir al reconocimiento y valoraci\u00f3n del trabajo maternal en el contexto de las pol\u00edticas y econom\u00eda del cuidado en Ecuador y la regi\u00f3n.<\/p>\n\n\n\n<p>\u201cIntegra la noci\u00f3n de pueblos y nacionalidades, puesto que el proyecto trabajar\u00e1 con pueblo afrodescendiente en Guayaquil, con la nacionalidad kichwa del Austro \u2013lo que es Ca\u00f1ar y Azuay\u2013 y con nacionalidades shuar y achuar de la Amazonia; son tres grandes territorios y cuatro grandes culturas con las que trabajaremos esta tem\u00e1tica\u201d, explica P\u00e1ez.<\/p>\n\n\n\n<p>A\u00f1ade que la pol\u00edtica y la econom\u00eda de cuidado es una corriente relativamente nueva que basa su matriz de pensamiento y sentimiento desde el cuidado de las infancias. Se toma de referencia aquellas pr\u00e1cticas de maternidades y cuidado de las infancias de las culturas antes mencionadas.<\/p>\n\n\n<div class=\"wp-block-image\">\n<figure class=\"aligncenter size-large\"><img decoding=\"async\" width=\"644\" height=\"429\" src=\"https:\/\/www.uartes.edu.ec\/sitio\/wp-content\/uploads\/2024\/10\/LUIS-PAEZ-1-644x429.jpg\" alt=\"\" class=\"wp-image-63056\" srcset=\"https:\/\/www.uartes.edu.ec\/sitio\/wp-content\/uploads\/2024\/10\/LUIS-PAEZ-1-644x429.jpg 644w, https:\/\/www.uartes.edu.ec\/sitio\/wp-content\/uploads\/2024\/10\/LUIS-PAEZ-1-300x200.jpg 300w, https:\/\/www.uartes.edu.ec\/sitio\/wp-content\/uploads\/2024\/10\/LUIS-PAEZ-1-768x512.jpg 768w, https:\/\/www.uartes.edu.ec\/sitio\/wp-content\/uploads\/2024\/10\/LUIS-PAEZ-1-1536x1024.jpg 1536w, https:\/\/www.uartes.edu.ec\/sitio\/wp-content\/uploads\/2024\/10\/LUIS-PAEZ-1-18x12.jpg 18w, https:\/\/www.uartes.edu.ec\/sitio\/wp-content\/uploads\/2024\/10\/LUIS-PAEZ-1-600x400.jpg 600w, https:\/\/www.uartes.edu.ec\/sitio\/wp-content\/uploads\/2024\/10\/LUIS-PAEZ-1-400x267.jpg 400w, https:\/\/www.uartes.edu.ec\/sitio\/wp-content\/uploads\/2024\/10\/LUIS-PAEZ-1-272x182.jpg 272w, https:\/\/www.uartes.edu.ec\/sitio\/wp-content\/uploads\/2024\/10\/LUIS-PAEZ-1.jpg 2000w\" sizes=\"(max-width: 644px) 100vw, 644px\" \/><\/figure>\n<\/div>\n\n\n<p>\u00bfCu\u00e1l es el componente art\u00edstico? P\u00e1ez responde que, a trav\u00e9s de una investigaci\u00f3n basada en artes, se conjuga tambi\u00e9n la etnograf\u00eda \u2013en este caso la sensorial\u2013 y los productos que se pretenden realizar en el plazo de doce meses, a partir de enero de 2025, y socializarlo al a\u00f1o siguiente (2026).<\/p>\n\n\n\n<p>Los productos que se documentar\u00e1n, a fin de aportar a visibilizar y poner en valor las pr\u00e1cticas de cuidado materno de mujeres pertenecientes a la diversidad \u00e9tnica y\/o en situaci\u00f3n de movilidad radicadas en el Austro ecuatoriano y en la ciudad de Guayaquil, son: un repositorio y entorno digital compuesto por im\u00e1genes, sonidos, textos y objetos de arte textil, que constituya un espacio comunitario de interacci\u00f3n para compartir pr\u00e1cticas y experiencias de cuidado entre mujeres-madres de diversidad \u00e9tnica y\/o en situaci\u00f3n de movilidad humana.<\/p>\n\n\n\n<p>Tambi\u00e9n la documentaci\u00f3n mediante un art\u00edculo acad\u00e9mico, 100 fotograf\u00edas, quince registros sonoros, un cortometraje documental, un libro-cat\u00e1logo y al menos 20 piezas textiles de uso dom\u00e9stico; pr\u00e1cticas, saberes y experiencias de cuidado de las mujeres-madres, asegurando una representaci\u00f3n inclusiva y diversa de las distintas nacionalidades y pueblos ind\u00edgenas y afrodescendientes del Ecuador, as\u00ed como de las personas en situaci\u00f3n de movilidad humana radicadas en el Austro ecuatoriano y Guayaquil.<\/p>\n\n\n\n<p>Entre los productos se menciona, adem\u00e1s, la creaci\u00f3n de espacios de interacci\u00f3n y apoyo comunitario donde las mujeres-madres puedan compartir, comentar y colaborar en torno a sus pr\u00e1cticas y saberes de cuidado, mediante la construcci\u00f3n de una manta textil de co-creaci\u00f3n, fomentando el intercambio cultural y el fortalecimiento de redes de apoyo.<\/p>\n\n\n\n<p>Realizar dos procesos formativos con instituciones educativas y comunidades de Azuay y Ca\u00f1ar, empleando los recursos multimedia, a fin de sensibilizar sobre las realidades y los desaf\u00edos que enfrentan las mujeres-madres de distintas nacionalidades y pueblos ind\u00edgenas y afrodescendientes del Ecuador, y aquellas en situaci\u00f3n de movilidad humana.<\/p>\n\n\n\n<p>As\u00ed tambi\u00e9n, establecer alianzas estrat\u00e9gicas de cooperaci\u00f3n interinstitucional para garantizar la sostenibilidad y el mantenimiento continuo de la plataforma digital, asegurando su actualizaci\u00f3n regular y la inclusi\u00f3n de nuevos contenidos y funcionalidades basadas en las necesidades y sugerencias de la comunidad de usuarias.<\/p>\n\n\n\n<p>\u201cTodos aportamos para el proyecto desde nuestras diferentes experticias. Redactamos la propuesta y la presentamos hace algunos meses y recientemente recibimos la grata noticia de la selecci\u00f3n. Son casi 50 mil d\u00f3lares que se recibir\u00e1n para la ejecuci\u00f3n del proyecto, los cuales se espera contribuyan, desde las artes, a posicionar a las l\u00f3gicas de cuidados desde las maternidades diversas de nuestro pa\u00eds. \u201cEstamos muy contentas y contentos\u201d, concluy\u00f3 el docente UArtes.<\/p>\n\n\n\n<p>En im\u00e1genes, Luis P\u00e1ez en varias actividades de vinculaci\u00f3n con la sociedad cumplidas en territorio con la Fundaci\u00f3n Karibu, en los sectores de Cisne 2 e Isla Trinitaria. El docente dirigi\u00f3 el proyecto Pacha y actualmente La Esnaqui.<\/p>\n\n\n\n<p><\/p>","protected":false},"excerpt":{"rendered":"<p>El proyecto de investigaci\u00f3n \u201cInnovaci\u00f3n socio-cultural y pol\u00edticas del cuidado: construcci\u00f3n y difusi\u00f3n de etnograf\u00edas sensoriales basadas en la pr\u00e1ctica creativa, sobre las maternidades diversas en el Sur del Ecuador\u201d del docente UArtes Luis P\u00e1ez y acad\u00e9micos de UCuenca y UNAE, es uno de los 20 ganadores de la convocatoria de CEDIA y el primero de Artes y Humanidades en obtenerlo.<\/p>","protected":false},"author":10,"featured_media":63054,"comment_status":"open","ping_status":"open","sticky":false,"template":"","format":"standard","meta":{"_acf_changed":false,"_uag_custom_page_level_css":"","_monsterinsights_skip_tracking":false,"_monsterinsights_sitenote_active":false,"_monsterinsights_sitenote_note":"","_monsterinsights_sitenote_category":0,"cybocfi_hide_featured_image":"","footnotes":""},"categories":[80,75,77,284,174,79],"tags":[1286],"infouartes":[1289],"class_list":["post-63050","post","type-post","status-publish","format-standard","has-post-thumbnail","hentry","category-academico","category-docentes","category-gestion","category-investigacion","category-transversal","category-vinculo","tag-artes-y-humanidades","infouartes-investigar-las-artes"],"acf":[],"yoast_head":"<!-- This site is optimized with the Yoast SEO plugin v27.4 - https:\/\/yoast.com\/product\/yoast-seo-wordpress\/ -->\n<title>Universidad de las Artes - Proyecto de investigaci\u00f3n del docente UArtes Luis P\u00e1ez y pares de UNAE y UCuenca gana convocatoria de CEDIA<\/title>\n<meta name=\"description\" content=\"Universidad de las Artes - Proyecto de investigaci\u00f3n del docente UArtes Luis P\u00e1ez y pares de UNAE y UCuenca gana convocatoria de CEDIA\" \/>\n<meta name=\"robots\" content=\"index, follow, max-snippet:-1, max-image-preview:large, max-video-preview:-1\" \/>\n<link rel=\"canonical\" href=\"https:\/\/www.uartes.edu.ec\/sitio\/en\/blog\/2024\/10\/17\/proyecto-de-investigacion-de-uartes-ucuenca-y-unae-gana-convocatoria-de-cedia\/\" \/>\n<meta property=\"og:locale\" content=\"en_US\" \/>\n<meta property=\"og:type\" content=\"article\" \/>\n<meta property=\"og:title\" content=\"Universidad de las Artes - Proyecto de investigaci\u00f3n del docente UArtes Luis P\u00e1ez y pares de UNAE y UCuenca gana convocatoria de CEDIA\" \/>\n<meta property=\"og:description\" content=\"Universidad de las Artes - Proyecto de investigaci\u00f3n del docente UArtes Luis P\u00e1ez y pares de UNAE y UCuenca gana convocatoria de CEDIA\" \/>\n<meta property=\"og:url\" content=\"https:\/\/www.uartes.edu.ec\/sitio\/en\/blog\/2024\/10\/17\/proyecto-de-investigacion-de-uartes-ucuenca-y-unae-gana-convocatoria-de-cedia\/\" \/>\n<meta property=\"og:site_name\" content=\"Universidad de las Artes\" \/>\n<meta property=\"article:publisher\" content=\"https:\/\/www.facebook.com\/uartesec\" \/>\n<meta property=\"article:published_time\" content=\"2024-10-17T20:22:54+00:00\" \/>\n<meta property=\"article:modified_time\" content=\"2025-08-12T15:21:15+00:00\" \/>\n<meta property=\"og:image\" content=\"https:\/\/www.uartes.edu.ec\/sitio\/wp-content\/uploads\/2024\/10\/LUIS-PAEZ-3.jpg\" \/>\n\t<meta property=\"og:image:width\" content=\"2000\" \/>\n\t<meta property=\"og:image:height\" content=\"1333\" \/>\n\t<meta property=\"og:image:type\" content=\"image\/jpeg\" \/>\n<meta name=\"author\" content=\"ccortez\" \/>\n<meta name=\"twitter:card\" content=\"summary_large_image\" \/>\n<meta name=\"twitter:creator\" content=\"@uartesec\" \/>\n<meta name=\"twitter:site\" content=\"@uartesec\" \/>\n<meta name=\"twitter:label1\" content=\"Written by\" \/>\n\t<meta name=\"twitter:data1\" content=\"ccortez\" \/>\n\t<meta name=\"twitter:label2\" content=\"Est. reading time\" \/>\n\t<meta name=\"twitter:data2\" content=\"6 minutes\" \/>\n<script type=\"application\/ld+json\" class=\"yoast-schema-graph\">{\"@context\":\"https:\\\/\\\/schema.org\",\"@graph\":[{\"@type\":\"Article\",\"@id\":\"https:\\\/\\\/www.uartes.edu.ec\\\/sitio\\\/en\\\/blog\\\/2024\\\/10\\\/17\\\/proyecto-de-investigacion-de-uartes-ucuenca-y-unae-gana-convocatoria-de-cedia\\\/#article\",\"isPartOf\":{\"@id\":\"https:\\\/\\\/www.uartes.edu.ec\\\/sitio\\\/en\\\/blog\\\/2024\\\/10\\\/17\\\/proyecto-de-investigacion-de-uartes-ucuenca-y-unae-gana-convocatoria-de-cedia\\\/\"},\"author\":{\"name\":\"ccortez\",\"@id\":\"https:\\\/\\\/www.uartes.edu.ec\\\/sitio\\\/en\\\/#\\\/schema\\\/person\\\/efa1b8275797664fd7f13a79ccc0b1f4\"},\"headline\":\"Proyecto de investigaci\u00f3n del docente UArtes Luis P\u00e1ez y pares de UNAE y UCuenca gana convocatoria de CEDIA\",\"datePublished\":\"2024-10-17T20:22:54+00:00\",\"dateModified\":\"2025-08-12T15:21:15+00:00\",\"mainEntityOfPage\":{\"@id\":\"https:\\\/\\\/www.uartes.edu.ec\\\/sitio\\\/en\\\/blog\\\/2024\\\/10\\\/17\\\/proyecto-de-investigacion-de-uartes-ucuenca-y-unae-gana-convocatoria-de-cedia\\\/\"},\"wordCount\":1157,\"commentCount\":0,\"publisher\":{\"@id\":\"https:\\\/\\\/www.uartes.edu.ec\\\/sitio\\\/en\\\/#organization\"},\"image\":{\"@id\":\"https:\\\/\\\/www.uartes.edu.ec\\\/sitio\\\/en\\\/blog\\\/2024\\\/10\\\/17\\\/proyecto-de-investigacion-de-uartes-ucuenca-y-unae-gana-convocatoria-de-cedia\\\/#primaryimage\"},\"thumbnailUrl\":\"https:\\\/\\\/www.uartes.edu.ec\\\/sitio\\\/wp-content\\\/uploads\\\/2024\\\/10\\\/LUIS-PAEZ-3.jpg\",\"keywords\":[\"artes y humanidades\"],\"articleSection\":[\"Acad\u00e9mico\",\"Docentes\",\"Gesti\u00f3n\",\"Investigaci\u00f3n\",\"Transversal\",\"V\u00ednculo\"],\"inLanguage\":\"en-US\",\"potentialAction\":[{\"@type\":\"CommentAction\",\"name\":\"Comment\",\"target\":[\"https:\\\/\\\/www.uartes.edu.ec\\\/sitio\\\/en\\\/blog\\\/2024\\\/10\\\/17\\\/proyecto-de-investigacion-de-uartes-ucuenca-y-unae-gana-convocatoria-de-cedia\\\/#respond\"]}]},{\"@type\":[\"WebPage\",\"ItemPage\"],\"@id\":\"https:\\\/\\\/www.uartes.edu.ec\\\/sitio\\\/en\\\/blog\\\/2024\\\/10\\\/17\\\/proyecto-de-investigacion-de-uartes-ucuenca-y-unae-gana-convocatoria-de-cedia\\\/\",\"url\":\"https:\\\/\\\/www.uartes.edu.ec\\\/sitio\\\/en\\\/blog\\\/2024\\\/10\\\/17\\\/proyecto-de-investigacion-de-uartes-ucuenca-y-unae-gana-convocatoria-de-cedia\\\/\",\"name\":\"Universidad de las Artes - Proyecto de investigaci\u00f3n del docente UArtes Luis P\u00e1ez y pares de UNAE y UCuenca gana convocatoria de CEDIA\",\"isPartOf\":{\"@id\":\"https:\\\/\\\/www.uartes.edu.ec\\\/sitio\\\/en\\\/#website\"},\"primaryImageOfPage\":{\"@id\":\"https:\\\/\\\/www.uartes.edu.ec\\\/sitio\\\/en\\\/blog\\\/2024\\\/10\\\/17\\\/proyecto-de-investigacion-de-uartes-ucuenca-y-unae-gana-convocatoria-de-cedia\\\/#primaryimage\"},\"image\":{\"@id\":\"https:\\\/\\\/www.uartes.edu.ec\\\/sitio\\\/en\\\/blog\\\/2024\\\/10\\\/17\\\/proyecto-de-investigacion-de-uartes-ucuenca-y-unae-gana-convocatoria-de-cedia\\\/#primaryimage\"},\"thumbnailUrl\":\"https:\\\/\\\/www.uartes.edu.ec\\\/sitio\\\/wp-content\\\/uploads\\\/2024\\\/10\\\/LUIS-PAEZ-3.jpg\",\"datePublished\":\"2024-10-17T20:22:54+00:00\",\"dateModified\":\"2025-08-12T15:21:15+00:00\",\"description\":\"Universidad de las Artes - Proyecto de investigaci\u00f3n del docente UArtes Luis P\u00e1ez y pares de UNAE y UCuenca gana convocatoria de CEDIA\",\"breadcrumb\":{\"@id\":\"https:\\\/\\\/www.uartes.edu.ec\\\/sitio\\\/en\\\/blog\\\/2024\\\/10\\\/17\\\/proyecto-de-investigacion-de-uartes-ucuenca-y-unae-gana-convocatoria-de-cedia\\\/#breadcrumb\"},\"inLanguage\":\"en-US\",\"potentialAction\":[{\"@type\":\"ReadAction\",\"target\":[\"https:\\\/\\\/www.uartes.edu.ec\\\/sitio\\\/en\\\/blog\\\/2024\\\/10\\\/17\\\/proyecto-de-investigacion-de-uartes-ucuenca-y-unae-gana-convocatoria-de-cedia\\\/\"]}]},{\"@type\":\"ImageObject\",\"inLanguage\":\"en-US\",\"@id\":\"https:\\\/\\\/www.uartes.edu.ec\\\/sitio\\\/en\\\/blog\\\/2024\\\/10\\\/17\\\/proyecto-de-investigacion-de-uartes-ucuenca-y-unae-gana-convocatoria-de-cedia\\\/#primaryimage\",\"url\":\"https:\\\/\\\/www.uartes.edu.ec\\\/sitio\\\/wp-content\\\/uploads\\\/2024\\\/10\\\/LUIS-PAEZ-3.jpg\",\"contentUrl\":\"https:\\\/\\\/www.uartes.edu.ec\\\/sitio\\\/wp-content\\\/uploads\\\/2024\\\/10\\\/LUIS-PAEZ-3.jpg\",\"width\":2000,\"height\":1333},{\"@type\":\"BreadcrumbList\",\"@id\":\"https:\\\/\\\/www.uartes.edu.ec\\\/sitio\\\/en\\\/blog\\\/2024\\\/10\\\/17\\\/proyecto-de-investigacion-de-uartes-ucuenca-y-unae-gana-convocatoria-de-cedia\\\/#breadcrumb\",\"itemListElement\":[{\"@type\":\"ListItem\",\"position\":1,\"name\":\"Inicio\",\"item\":\"https:\\\/\\\/www.uartes.edu.ec\\\/sitio\\\/\"},{\"@type\":\"ListItem\",\"position\":2,\"name\":\"Proyecto de investigaci\u00f3n del docente UArtes Luis P\u00e1ez y pares de UNAE y UCuenca gana convocatoria de CEDIA\"}]},{\"@type\":\"WebSite\",\"@id\":\"https:\\\/\\\/www.uartes.edu.ec\\\/sitio\\\/en\\\/#website\",\"url\":\"https:\\\/\\\/www.uartes.edu.ec\\\/sitio\\\/en\\\/\",\"name\":\"Universidad de las Artes\",\"description\":\"Sitio oficial de la Universidad Nacional de las Artes del Ecuador\",\"publisher\":{\"@id\":\"https:\\\/\\\/www.uartes.edu.ec\\\/sitio\\\/en\\\/#organization\"},\"potentialAction\":[{\"@type\":\"SearchAction\",\"target\":{\"@type\":\"EntryPoint\",\"urlTemplate\":\"https:\\\/\\\/www.uartes.edu.ec\\\/sitio\\\/en\\\/?s={search_term_string}\"},\"query-input\":{\"@type\":\"PropertyValueSpecification\",\"valueRequired\":true,\"valueName\":\"search_term_string\"}}],\"inLanguage\":\"en-US\"},{\"@type\":\"Organization\",\"@id\":\"https:\\\/\\\/www.uartes.edu.ec\\\/sitio\\\/en\\\/#organization\",\"name\":\"Universidad de las Artes\",\"url\":\"https:\\\/\\\/www.uartes.edu.ec\\\/sitio\\\/en\\\/\",\"logo\":{\"@type\":\"ImageObject\",\"inLanguage\":\"en-US\",\"@id\":\"https:\\\/\\\/www.uartes.edu.ec\\\/sitio\\\/en\\\/#\\\/schema\\\/logo\\\/image\\\/\",\"url\":\"https:\\\/\\\/www.uartes.edu.ec\\\/sitio\\\/wp-content\\\/uploads\\\/2022\\\/07\\\/logo-ua-horizontal.png\",\"contentUrl\":\"https:\\\/\\\/www.uartes.edu.ec\\\/sitio\\\/wp-content\\\/uploads\\\/2022\\\/07\\\/logo-ua-horizontal.png\",\"width\":800,\"height\":276,\"caption\":\"Universidad de las Artes\"},\"image\":{\"@id\":\"https:\\\/\\\/www.uartes.edu.ec\\\/sitio\\\/en\\\/#\\\/schema\\\/logo\\\/image\\\/\"},\"sameAs\":[\"https:\\\/\\\/www.facebook.com\\\/uartesec\",\"https:\\\/\\\/x.com\\\/uartesec\",\"https:\\\/\\\/www.tiktok.com\\\/@uartesec\"]},{\"@type\":\"Person\",\"@id\":\"https:\\\/\\\/www.uartes.edu.ec\\\/sitio\\\/en\\\/#\\\/schema\\\/person\\\/efa1b8275797664fd7f13a79ccc0b1f4\",\"name\":\"ccortez\",\"image\":{\"@type\":\"ImageObject\",\"inLanguage\":\"en-US\",\"@id\":\"https:\\\/\\\/secure.gravatar.com\\\/avatar\\\/b2a6f664a3ae8e074346ef91775736c5ec479e637ecced6842de9dc98b5da9cd?s=96&d=mm&r=g\",\"url\":\"https:\\\/\\\/secure.gravatar.com\\\/avatar\\\/b2a6f664a3ae8e074346ef91775736c5ec479e637ecced6842de9dc98b5da9cd?s=96&d=mm&r=g\",\"contentUrl\":\"https:\\\/\\\/secure.gravatar.com\\\/avatar\\\/b2a6f664a3ae8e074346ef91775736c5ec479e637ecced6842de9dc98b5da9cd?s=96&d=mm&r=g\",\"caption\":\"ccortez\"},\"url\":\"https:\\\/\\\/www.uartes.edu.ec\\\/sitio\\\/en\\\/blog\\\/author\\\/ccortez\\\/\"}]}<\/script>\n<!-- \/ Yoast SEO plugin. -->","yoast_head_json":{"title":"Universidad de las Artes - Proyecto de investigaci\u00f3n del docente UArtes Luis P\u00e1ez y pares de UNAE y UCuenca gana convocatoria de CEDIA","description":"Universidad de las Artes - Proyecto de investigaci\u00f3n del docente UArtes Luis P\u00e1ez y pares de UNAE y UCuenca gana convocatoria de CEDIA","robots":{"index":"index","follow":"follow","max-snippet":"max-snippet:-1","max-image-preview":"max-image-preview:large","max-video-preview":"max-video-preview:-1"},"canonical":"https:\/\/www.uartes.edu.ec\/sitio\/en\/blog\/2024\/10\/17\/proyecto-de-investigacion-de-uartes-ucuenca-y-unae-gana-convocatoria-de-cedia\/","og_locale":"en_US","og_type":"article","og_title":"Universidad de las Artes - Proyecto de investigaci\u00f3n del docente UArtes Luis P\u00e1ez y pares de UNAE y UCuenca gana convocatoria de CEDIA","og_description":"Universidad de las Artes - Proyecto de investigaci\u00f3n del docente UArtes Luis P\u00e1ez y pares de UNAE y UCuenca gana convocatoria de CEDIA","og_url":"https:\/\/www.uartes.edu.ec\/sitio\/en\/blog\/2024\/10\/17\/proyecto-de-investigacion-de-uartes-ucuenca-y-unae-gana-convocatoria-de-cedia\/","og_site_name":"Universidad de las Artes","article_publisher":"https:\/\/www.facebook.com\/uartesec","article_published_time":"2024-10-17T20:22:54+00:00","article_modified_time":"2025-08-12T15:21:15+00:00","og_image":[{"width":2000,"height":1333,"url":"https:\/\/www.uartes.edu.ec\/sitio\/wp-content\/uploads\/2024\/10\/LUIS-PAEZ-3.jpg","type":"image\/jpeg"}],"author":"ccortez","twitter_card":"summary_large_image","twitter_creator":"@uartesec","twitter_site":"@uartesec","twitter_misc":{"Written by":"ccortez","Est. reading time":"6 minutes"},"schema":{"@context":"https:\/\/schema.org","@graph":[{"@type":"Article","@id":"https:\/\/www.uartes.edu.ec\/sitio\/en\/blog\/2024\/10\/17\/proyecto-de-investigacion-de-uartes-ucuenca-y-unae-gana-convocatoria-de-cedia\/#article","isPartOf":{"@id":"https:\/\/www.uartes.edu.ec\/sitio\/en\/blog\/2024\/10\/17\/proyecto-de-investigacion-de-uartes-ucuenca-y-unae-gana-convocatoria-de-cedia\/"},"author":{"name":"ccortez","@id":"https:\/\/www.uartes.edu.ec\/sitio\/en\/#\/schema\/person\/efa1b8275797664fd7f13a79ccc0b1f4"},"headline":"Proyecto de investigaci\u00f3n del docente UArtes Luis P\u00e1ez y pares de UNAE y UCuenca gana convocatoria de CEDIA","datePublished":"2024-10-17T20:22:54+00:00","dateModified":"2025-08-12T15:21:15+00:00","mainEntityOfPage":{"@id":"https:\/\/www.uartes.edu.ec\/sitio\/en\/blog\/2024\/10\/17\/proyecto-de-investigacion-de-uartes-ucuenca-y-unae-gana-convocatoria-de-cedia\/"},"wordCount":1157,"commentCount":0,"publisher":{"@id":"https:\/\/www.uartes.edu.ec\/sitio\/en\/#organization"},"image":{"@id":"https:\/\/www.uartes.edu.ec\/sitio\/en\/blog\/2024\/10\/17\/proyecto-de-investigacion-de-uartes-ucuenca-y-unae-gana-convocatoria-de-cedia\/#primaryimage"},"thumbnailUrl":"https:\/\/www.uartes.edu.ec\/sitio\/wp-content\/uploads\/2024\/10\/LUIS-PAEZ-3.jpg","keywords":["artes y humanidades"],"articleSection":["Acad\u00e9mico","Docentes","Gesti\u00f3n","Investigaci\u00f3n","Transversal","V\u00ednculo"],"inLanguage":"en-US","potentialAction":[{"@type":"CommentAction","name":"Comment","target":["https:\/\/www.uartes.edu.ec\/sitio\/en\/blog\/2024\/10\/17\/proyecto-de-investigacion-de-uartes-ucuenca-y-unae-gana-convocatoria-de-cedia\/#respond"]}]},{"@type":["WebPage","ItemPage"],"@id":"https:\/\/www.uartes.edu.ec\/sitio\/en\/blog\/2024\/10\/17\/proyecto-de-investigacion-de-uartes-ucuenca-y-unae-gana-convocatoria-de-cedia\/","url":"https:\/\/www.uartes.edu.ec\/sitio\/en\/blog\/2024\/10\/17\/proyecto-de-investigacion-de-uartes-ucuenca-y-unae-gana-convocatoria-de-cedia\/","name":"Universidad de las Artes - Proyecto de investigaci\u00f3n del docente UArtes Luis P\u00e1ez y pares de UNAE y UCuenca gana convocatoria de CEDIA","isPartOf":{"@id":"https:\/\/www.uartes.edu.ec\/sitio\/en\/#website"},"primaryImageOfPage":{"@id":"https:\/\/www.uartes.edu.ec\/sitio\/en\/blog\/2024\/10\/17\/proyecto-de-investigacion-de-uartes-ucuenca-y-unae-gana-convocatoria-de-cedia\/#primaryimage"},"image":{"@id":"https:\/\/www.uartes.edu.ec\/sitio\/en\/blog\/2024\/10\/17\/proyecto-de-investigacion-de-uartes-ucuenca-y-unae-gana-convocatoria-de-cedia\/#primaryimage"},"thumbnailUrl":"https:\/\/www.uartes.edu.ec\/sitio\/wp-content\/uploads\/2024\/10\/LUIS-PAEZ-3.jpg","datePublished":"2024-10-17T20:22:54+00:00","dateModified":"2025-08-12T15:21:15+00:00","description":"Universidad de las Artes - Proyecto de investigaci\u00f3n del docente UArtes Luis P\u00e1ez y pares de UNAE y UCuenca gana convocatoria de CEDIA","breadcrumb":{"@id":"https:\/\/www.uartes.edu.ec\/sitio\/en\/blog\/2024\/10\/17\/proyecto-de-investigacion-de-uartes-ucuenca-y-unae-gana-convocatoria-de-cedia\/#breadcrumb"},"inLanguage":"en-US","potentialAction":[{"@type":"ReadAction","target":["https:\/\/www.uartes.edu.ec\/sitio\/en\/blog\/2024\/10\/17\/proyecto-de-investigacion-de-uartes-ucuenca-y-unae-gana-convocatoria-de-cedia\/"]}]},{"@type":"ImageObject","inLanguage":"en-US","@id":"https:\/\/www.uartes.edu.ec\/sitio\/en\/blog\/2024\/10\/17\/proyecto-de-investigacion-de-uartes-ucuenca-y-unae-gana-convocatoria-de-cedia\/#primaryimage","url":"https:\/\/www.uartes.edu.ec\/sitio\/wp-content\/uploads\/2024\/10\/LUIS-PAEZ-3.jpg","contentUrl":"https:\/\/www.uartes.edu.ec\/sitio\/wp-content\/uploads\/2024\/10\/LUIS-PAEZ-3.jpg","width":2000,"height":1333},{"@type":"BreadcrumbList","@id":"https:\/\/www.uartes.edu.ec\/sitio\/en\/blog\/2024\/10\/17\/proyecto-de-investigacion-de-uartes-ucuenca-y-unae-gana-convocatoria-de-cedia\/#breadcrumb","itemListElement":[{"@type":"ListItem","position":1,"name":"Inicio","item":"https:\/\/www.uartes.edu.ec\/sitio\/"},{"@type":"ListItem","position":2,"name":"Proyecto de investigaci\u00f3n del docente UArtes Luis P\u00e1ez y pares de UNAE y UCuenca gana convocatoria de CEDIA"}]},{"@type":"WebSite","@id":"https:\/\/www.uartes.edu.ec\/sitio\/en\/#website","url":"https:\/\/www.uartes.edu.ec\/sitio\/en\/","name":"Universidad de las Artes","description":"Sitio oficial de la Universidad Nacional de las Artes del Ecuador","publisher":{"@id":"https:\/\/www.uartes.edu.ec\/sitio\/en\/#organization"},"potentialAction":[{"@type":"SearchAction","target":{"@type":"EntryPoint","urlTemplate":"https:\/\/www.uartes.edu.ec\/sitio\/en\/?s={search_term_string}"},"query-input":{"@type":"PropertyValueSpecification","valueRequired":true,"valueName":"search_term_string"}}],"inLanguage":"en-US"},{"@type":"Organization","@id":"https:\/\/www.uartes.edu.ec\/sitio\/en\/#organization","name":"Universidad de las Artes","url":"https:\/\/www.uartes.edu.ec\/sitio\/en\/","logo":{"@type":"ImageObject","inLanguage":"en-US","@id":"https:\/\/www.uartes.edu.ec\/sitio\/en\/#\/schema\/logo\/image\/","url":"https:\/\/www.uartes.edu.ec\/sitio\/wp-content\/uploads\/2022\/07\/logo-ua-horizontal.png","contentUrl":"https:\/\/www.uartes.edu.ec\/sitio\/wp-content\/uploads\/2022\/07\/logo-ua-horizontal.png","width":800,"height":276,"caption":"Universidad de las Artes"},"image":{"@id":"https:\/\/www.uartes.edu.ec\/sitio\/en\/#\/schema\/logo\/image\/"},"sameAs":["https:\/\/www.facebook.com\/uartesec","https:\/\/x.com\/uartesec","https:\/\/www.tiktok.com\/@uartesec"]},{"@type":"Person","@id":"https:\/\/www.uartes.edu.ec\/sitio\/en\/#\/schema\/person\/efa1b8275797664fd7f13a79ccc0b1f4","name":"ccortez","image":{"@type":"ImageObject","inLanguage":"en-US","@id":"https:\/\/secure.gravatar.com\/avatar\/b2a6f664a3ae8e074346ef91775736c5ec479e637ecced6842de9dc98b5da9cd?s=96&d=mm&r=g","url":"https:\/\/secure.gravatar.com\/avatar\/b2a6f664a3ae8e074346ef91775736c5ec479e637ecced6842de9dc98b5da9cd?s=96&d=mm&r=g","contentUrl":"https:\/\/secure.gravatar.com\/avatar\/b2a6f664a3ae8e074346ef91775736c5ec479e637ecced6842de9dc98b5da9cd?s=96&d=mm&r=g","caption":"ccortez"},"url":"https:\/\/www.uartes.edu.ec\/sitio\/en\/blog\/author\/ccortez\/"}]}},"uagb_featured_image_src":{"full":["https:\/\/www.uartes.edu.ec\/sitio\/wp-content\/uploads\/2024\/10\/LUIS-PAEZ-3.jpg",2000,1333,false],"thumbnail":["https:\/\/www.uartes.edu.ec\/sitio\/wp-content\/uploads\/2024\/10\/LUIS-PAEZ-3-150x150.jpg",150,150,true],"medium":["https:\/\/www.uartes.edu.ec\/sitio\/wp-content\/uploads\/2024\/10\/LUIS-PAEZ-3-300x200.jpg",300,200,true],"medium_large":["https:\/\/www.uartes.edu.ec\/sitio\/wp-content\/uploads\/2024\/10\/LUIS-PAEZ-3-768x512.jpg",768,512,true],"large":["https:\/\/www.uartes.edu.ec\/sitio\/wp-content\/uploads\/2024\/10\/LUIS-PAEZ-3-644x429.jpg",644,429,true],"1536x1536":["https:\/\/www.uartes.edu.ec\/sitio\/wp-content\/uploads\/2024\/10\/LUIS-PAEZ-3-1536x1024.jpg",1536,1024,true],"2048x2048":["https:\/\/www.uartes.edu.ec\/sitio\/wp-content\/uploads\/2024\/10\/LUIS-PAEZ-3.jpg",2000,1333,false],"trp-custom-language-flag":["https:\/\/www.uartes.edu.ec\/sitio\/wp-content\/uploads\/2024\/10\/LUIS-PAEZ-3-18x12.jpg",18,12,true],"htmega_size_585x295":["https:\/\/www.uartes.edu.ec\/sitio\/wp-content\/uploads\/2024\/10\/LUIS-PAEZ-3-585x295.jpg",585,295,true],"htmega_size_1170x536":["https:\/\/www.uartes.edu.ec\/sitio\/wp-content\/uploads\/2024\/10\/LUIS-PAEZ-3-1170x536.jpg",1170,536,true],"htmega_size_396x360":["https:\/\/www.uartes.edu.ec\/sitio\/wp-content\/uploads\/2024\/10\/LUIS-PAEZ-3-396x360.jpg",396,360,true],"gb-block-post-grid-landscape":["https:\/\/www.uartes.edu.ec\/sitio\/wp-content\/uploads\/2024\/10\/LUIS-PAEZ-3-600x400.jpg",600,400,true],"gb-block-post-grid-square":["https:\/\/www.uartes.edu.ec\/sitio\/wp-content\/uploads\/2024\/10\/LUIS-PAEZ-3-600x600.jpg",600,600,true],"university-hub-thumb":["https:\/\/www.uartes.edu.ec\/sitio\/wp-content\/uploads\/2024\/10\/LUIS-PAEZ-3-400x267.jpg",400,267,true],"mailpoet_newsletter_max":["https:\/\/www.uartes.edu.ec\/sitio\/wp-content\/uploads\/2024\/10\/LUIS-PAEZ-3.jpg",1320,880,false]},"uagb_author_info":{"display_name":"ccortez","author_link":"https:\/\/www.uartes.edu.ec\/sitio\/en\/blog\/author\/ccortez\/"},"uagb_comment_info":0,"uagb_excerpt":"El proyecto de investigaci\u00f3n \u201cInnovaci\u00f3n socio-cultural y pol\u00edticas del cuidado: construcci\u00f3n y difusi\u00f3n de etnograf\u00edas sensoriales basadas en la pr\u00e1ctica creativa, sobre las maternidades diversas en el Sur del Ecuador\u201d del docente UArtes Luis P\u00e1ez y acad\u00e9micos de UCuenca y UNAE, es uno de los 20 ganadores de la convocatoria de CEDIA y el primero&hellip;","featured_image_src":"https:\/\/www.uartes.edu.ec\/sitio\/wp-content\/uploads\/2024\/10\/LUIS-PAEZ-3-600x400.jpg","featured_image_src_square":"https:\/\/www.uartes.edu.ec\/sitio\/wp-content\/uploads\/2024\/10\/LUIS-PAEZ-3-600x600.jpg","author_info":{"display_name":"ccortez","author_link":"https:\/\/www.uartes.edu.ec\/sitio\/en\/blog\/author\/ccortez\/"},"publishpress_future_workflow_manual_trigger":{"enabledWorkflows":[]},"distributor_meta":false,"distributor_terms":false,"distributor_media":false,"distributor_original_site_name":"Universidad de las Artes","distributor_original_site_url":"https:\/\/www.uartes.edu.ec\/sitio\/en","push-errors":false,"_links":{"self":[{"href":"https:\/\/www.uartes.edu.ec\/sitio\/en\/wp-json\/wp\/v2\/posts\/63050","targetHints":{"allow":["GET"]}}],"collection":[{"href":"https:\/\/www.uartes.edu.ec\/sitio\/en\/wp-json\/wp\/v2\/posts"}],"about":[{"href":"https:\/\/www.uartes.edu.ec\/sitio\/en\/wp-json\/wp\/v2\/types\/post"}],"author":[{"embeddable":true,"href":"https:\/\/www.uartes.edu.ec\/sitio\/en\/wp-json\/wp\/v2\/users\/10"}],"replies":[{"embeddable":true,"href":"https:\/\/www.uartes.edu.ec\/sitio\/en\/wp-json\/wp\/v2\/comments?post=63050"}],"version-history":[{"count":15,"href":"https:\/\/www.uartes.edu.ec\/sitio\/en\/wp-json\/wp\/v2\/posts\/63050\/revisions"}],"predecessor-version":[{"id":76597,"href":"https:\/\/www.uartes.edu.ec\/sitio\/en\/wp-json\/wp\/v2\/posts\/63050\/revisions\/76597"}],"wp:featuredmedia":[{"embeddable":true,"href":"https:\/\/www.uartes.edu.ec\/sitio\/en\/wp-json\/wp\/v2\/media\/63054"}],"wp:attachment":[{"href":"https:\/\/www.uartes.edu.ec\/sitio\/en\/wp-json\/wp\/v2\/media?parent=63050"}],"wp:term":[{"taxonomy":"category","embeddable":true,"href":"https:\/\/www.uartes.edu.ec\/sitio\/en\/wp-json\/wp\/v2\/categories?post=63050"},{"taxonomy":"post_tag","embeddable":true,"href":"https:\/\/www.uartes.edu.ec\/sitio\/en\/wp-json\/wp\/v2\/tags?post=63050"},{"taxonomy":"infouartes","embeddable":true,"href":"https:\/\/www.uartes.edu.ec\/sitio\/en\/wp-json\/wp\/v2\/infouartes?post=63050"}],"curies":[{"name":"wp","href":"https:\/\/api.w.org\/{rel}","templated":true}]}}