{"id":63374,"date":"2024-10-23T16:58:00","date_gmt":"2024-10-23T21:58:00","guid":{"rendered":"https:\/\/www.uartes.edu.ec\/sitio\/?p=63374"},"modified":"2024-10-30T16:36:48","modified_gmt":"2024-10-30T21:36:48","slug":"natalia-shupingahua-presenta-danzando-los-candados","status":"publish","type":"post","link":"https:\/\/www.uartes.edu.ec\/sitio\/en\/blog\/2024\/10\/23\/natalia-shupingahua-presenta-danzando-los-candados\/","title":{"rendered":"\u201cDanzando los candados\u201d a escena"},"content":{"rendered":"<p>Se presenta este viernes 25 de octubre, a las 19:00, en Casa Zona Escena. Es la obra \u201cDanzando los candados\u201d de Nadia Shupingahua, estudiante de la Escuela de Artes Esc\u00e9nicas de la Universidad de las Artes, quien comparte con InfoUArtes detalles de su producci\u00f3n, la cual desarroll\u00f3 dentro de su proceso de titulaci\u00f3n y abord\u00f3 las memorias de violencia en los linajes femeninos y c\u00f3mo estos vestigios pueden detonar en una danza. Con ella las bailarinas Ximena Pacheco y Dom\u00e9nica Alc\u00edvar.<\/p>\n\n\n\n<p>\u201cEl tema fue bastante sensible, de tal manera que tener a la docente Blanca Rivadeneira como mi tutora fue imprescindible para que mi investigaci\u00f3n tenga una profundidad adecuada, sin llegar a afectar mi sentir emocional y psicol\u00f3gico, dado que trabaj\u00e9 con los recuerdos de mi infancia, etapa donde experiment\u00e9 y fui testigo de un gran nivel de violencia\u201d, indica Nadia Shupingahua.<\/p>\n\n\n\n<p>Para el proceso de su propuesta escogi\u00f3 las memorias de violencia por ser, agrega, uno de los tantos puntos en com\u00fan que tienen las mujeres de su familia. \u201cAun cuando somos personas responsables, fuertes, trabajadoras y perseverantes, nuestras relaciones conyugales est\u00e1n manchadas por maltratos y agresiones que van desde el \u00e1mbito psicol\u00f3gico hasta el f\u00edsico\u201d.<\/p>\n\n\n\n<h3 class=\"wp-block-heading\">Creaci\u00f3n esc\u00e9nica a partir de las huellas<\/h3>\n\n\n\n<p>Las huellas de dichos patrones y vivencias tienen una gran potencia e influencia en su cuerpo, el cual ahora contiene tambi\u00e9n herramientas y metodolog\u00edas de composici\u00f3n en danza que Nadia afirma haber ocupado para detonar una creaci\u00f3n esc\u00e9nica en base a todas esas huellas que la atraviesan.<\/p>\n\n\n<div class=\"wp-block-image\">\n<figure class=\"aligncenter size-large\"><img fetchpriority=\"high\" decoding=\"async\" width=\"644\" height=\"483\" src=\"https:\/\/www.uartes.edu.ec\/sitio\/wp-content\/uploads\/2024\/10\/NadiaPreDefensa-51-644x483.jpg\" alt=\"\" class=\"wp-image-63376\" srcset=\"https:\/\/www.uartes.edu.ec\/sitio\/wp-content\/uploads\/2024\/10\/NadiaPreDefensa-51-644x483.jpg 644w, https:\/\/www.uartes.edu.ec\/sitio\/wp-content\/uploads\/2024\/10\/NadiaPreDefensa-51-300x225.jpg 300w, https:\/\/www.uartes.edu.ec\/sitio\/wp-content\/uploads\/2024\/10\/NadiaPreDefensa-51-768x576.jpg 768w, https:\/\/www.uartes.edu.ec\/sitio\/wp-content\/uploads\/2024\/10\/NadiaPreDefensa-51-1536x1152.jpg 1536w, https:\/\/www.uartes.edu.ec\/sitio\/wp-content\/uploads\/2024\/10\/NadiaPreDefensa-51-16x12.jpg 16w, https:\/\/www.uartes.edu.ec\/sitio\/wp-content\/uploads\/2024\/10\/NadiaPreDefensa-51-400x300.jpg 400w, https:\/\/www.uartes.edu.ec\/sitio\/wp-content\/uploads\/2024\/10\/NadiaPreDefensa-51.jpg 1777w\" sizes=\"(max-width: 644px) 100vw, 644px\" \/><\/figure>\n<\/div>\n\n\n<p>Llevar las memorias violentas de un cuerpo a un proceso creativo ha sido una experiencia que le ha permitido viajar por distintas etapas, en las cuales ha ido encontrando diversos caminos que le han mostrado c\u00f3mo su cuerpo, a trav\u00e9s de la danza, puede resignificar las heridas de un linaje femenino lleno de vestigios dolorosos.<\/p>\n\n\n\n<p>\u201cEsta investigaci\u00f3n comenz\u00f3 siendo bastante personal, no obstante, tener a dos mujeres m\u00e1s en el proceso, Ximena Pacheco y Dom\u00e9nica Alc\u00edvar, me signific\u00f3 repensar la metodolog\u00eda propuesta al principio, donde propon\u00eda exploraciones en soledad. Cada cuerpo posee sus propios vestigios, as\u00ed como los de sus familias, por ende, me fue necesario encontrar la manera de tejer las huellas de las tres, dado que, si solamente se trabajaba con mis recuerdos, ellas no podr\u00edan identificarse con la esencia de la obra\u201d, expresa.<\/p>\n\n\n\n<p>Nadia Shupingahua sostiene que le parece pertinente mencionar que tener a estas grandes bailarinas en el equipo le ayud\u00f3 de gran manera a la creaci\u00f3n de esta obra, puesto que poseen un nivel de sensibilidad que atraviesa la t\u00e9cnica misma, no obstante, no la abandona, fue sin duda una experiencia muy bonita componer junto con ellas.<\/p>\n\n\n\n<h3 class=\"wp-block-heading\">Opiniones de Dom\u00e9nica Alc\u00edvar y Ximena Pacheco<\/h3>\n\n\n\n<p>Con respecto a la obra, Dom\u00e9nica Alc\u00edvar se\u00f1ala que el proceso que llev\u00f3 en la obra le permiti\u00f3 reconectar con una herencia emocional que llevaba guardada dentro de s\u00ed. \u201cA partir de esto pude simult\u00e1neamente sanar con las heridas que dejan las cadenas en mi cuerpo. Pude traer el pasado y danzar desde la feminidad que he construido y a la vez heredado. Fui abuela, madre e hija simult\u00e1neamente y a lo largo de este proceso se hall\u00f3 una manera de traerlas a la escena y danzar con ellas y las cicatrices que traemos en nosotras. En esta obra cada una trabaj\u00f3 desde los linajes femeninos que hemos heredado de las mujeres en nuestra familia y fue interesante indagar en las formas de abordar estas sensibilidades&nbsp;en&nbsp;el&nbsp;proceso\u201d.<\/p>\n\n\n\n<p>Ximena Pacheco, por su parte, sostiene que \u201cDanzando los candados\u201d fue para ella un proceso creativo de alto impacto a nivel emocional al principio, ya que, a manera de an\u00e1lisis personal, revivi\u00f3 momentos pasados que la marcaron mucho negativamente. \u201cTuve que sobrevellarlos, palparlos, danzarlos y comenzar a (re)tejer mis historias desde la bondad, asimilando que despu\u00e9s de todo el caos y la tristeza, mi cuerpo no merece autocastigarse. \u201cDanzando los candados\u201d me llev\u00f3 a una monta\u00f1a rusa de emociones compartidas, que se sosten\u00eda, y se sostiene, por el cari\u00f1o y la escucha de mis compa\u00f1eras de escena: mi madre&nbsp;y&nbsp;mi&nbsp;abuela\u201d.<\/p>\n\n\n<div class=\"wp-block-image\">\n<figure class=\"aligncenter size-large\"><img decoding=\"async\" width=\"644\" height=\"483\" src=\"https:\/\/www.uartes.edu.ec\/sitio\/wp-content\/uploads\/2024\/10\/NADIA333-644x483.jpg\" alt=\"\" class=\"wp-image-63423\" srcset=\"https:\/\/www.uartes.edu.ec\/sitio\/wp-content\/uploads\/2024\/10\/NADIA333-644x483.jpg 644w, https:\/\/www.uartes.edu.ec\/sitio\/wp-content\/uploads\/2024\/10\/NADIA333-300x225.jpg 300w, https:\/\/www.uartes.edu.ec\/sitio\/wp-content\/uploads\/2024\/10\/NADIA333-768x576.jpg 768w, https:\/\/www.uartes.edu.ec\/sitio\/wp-content\/uploads\/2024\/10\/NADIA333-1536x1152.jpg 1536w, https:\/\/www.uartes.edu.ec\/sitio\/wp-content\/uploads\/2024\/10\/NADIA333-16x12.jpg 16w, https:\/\/www.uartes.edu.ec\/sitio\/wp-content\/uploads\/2024\/10\/NADIA333-400x300.jpg 400w, https:\/\/www.uartes.edu.ec\/sitio\/wp-content\/uploads\/2024\/10\/NADIA333.jpg 1777w\" sizes=\"(max-width: 644px) 100vw, 644px\" \/><\/figure>\n<\/div>\n\n\n<p>Tras las expresiones de Alc\u00edvar y Pacheco, Nadia indica que tener la experiencia de quedar atrapada en los recuerdos de su infancia le permiti\u00f3 guiar a sus dos int\u00e9rpretes de manera m\u00e1s cuidadosa y sensible. \u201cEs por ello que el di\u00e1logo con ellas se transform\u00f3 en un espacio clave para evitar que se dejen afectar demasiado por tales memorias, sin perder la sensibilidad que se requer\u00eda para las exploraciones corporales\u201d.<\/p>\n\n\n\n<p>La b\u00fasqueda de memorias violentas se realiz\u00f3 desde un viaje introspectivo hacia el cuerpo, donde la meditaci\u00f3n y la escritura fueron grandes aliados, meditar permiti\u00f3 acceder al pasado y as\u00ed poder recordar los hechos que el cuerpo vivi\u00f3 hace ya muchos a\u00f1os. Escribir en cambio, fue la manera de acentuar tales vestigios en una materialidad, en este caso, el papel.<\/p>\n\n\n\n<h3 class=\"wp-block-heading\">El equipo y los agradecimientos<\/h3>\n\n\n\n<p>La m\u00fasica y el acompa\u00f1amiento sonoro que posee la obra estuvo a cargo de Mauricio Bomb\u00f3n, quien con su destreza y sensibilidad supo escuchar y comprender la necesidad de la obra, \u201cDanzando los candados\u201d posee una canci\u00f3n in\u00e9dita, que es cantada en vivo por las int\u00e9rpretes, importante mencionar que no estaba prevista, sin embargo, ahora es el distintivo de la creaci\u00f3n.<\/p>\n\n\n\n<p>En la parte lum\u00ednica estuvo Esther Herrera, quien tambi\u00e9n se dej\u00f3 atravesar por el tema, dando como resultado una est\u00e9tica de iluminaci\u00f3n donde los colores \u00e1mbar y azul danzan entre los cuerpos permiti\u00e9ndoles complementarse de manera armoniosa con la m\u00fasica y el movimiento.<\/p>\n\n\n\n<p>\u201cPara el vestuario nos ayud\u00f3 Mar\u00eda Aspiazu, una gran mujer que me supo guiar en el dise\u00f1o del vestido que nos ponemos para la obra, puesto que para obras de danza no solo se toma en cuenta que vaya con la esencia de la creaci\u00f3n esc\u00e9nica, sino que tambi\u00e9n sea c\u00f3modo para las int\u00e9rpretes\u201d, revela Nadia.<\/p>\n\n\n\n<p>\u201cDanzando los candados\u201d se construy\u00f3, adem\u00e1s, con el apoyo de muchas otras personas. Nadia agradece a Katarsis Dance Studio de Khystel Ortiz por brindar su espacio para los ensayos, a\u00fan despu\u00e9s de haber culminado su proceso de sustentaci\u00f3n.<\/p>\n\n\n\n<p>\u201cMe siento muy emocionada por presentar nuevamente esta creaci\u00f3n, debido a que ha sido una obra que he concebido desde mis entra\u00f1as y mis heridas; me alegra profundamente haber sido invitada al Festival Fragmentos de Junio\u201d, refiere y finaliza manifestando que la obra no solo expresa y danza las huellas de las tres personas que est\u00e1n en escena, sino tambi\u00e9n el de muchas otras mujeres. \u201cVisibiliza de alguna manera la resistencia de muchos otros cuerpos femeninos que han sido atravesados por las garras del monstruo. Danzamos, entonces, rompiendo los candados de nuestros linajes, pero tambi\u00e9n de un colectivo que sobrevive y seguir\u00e1 sobreviviendo a la injusta violencia de su historia\u201d.<\/p>\n\n\n\n<p>Texto: colaboraci\u00f3n de Nadia Shupingahua. Fotos: Emilio Llerena<\/p>\n\n\n\n<p><\/p>","protected":false},"excerpt":{"rendered":"<p>Se presenta este viernes 25 de octubre, a las 19:00, en Casa Zona Escena. Es la obra \u201cDanzando los candados\u201d de Nadia Shupingahua, estudiante de la Escuela de Artes Esc\u00e9nicas de la UArtes, quien comparte detalles de su producci\u00f3n, la cual desarroll\u00f3 dentro de su proceso de titulaci\u00f3n y en su contenido aborda las memorias de violencia en los linajes femeninos y c\u00f3mo estos vestigios pueden detonar en una danza. Con ella las bailarinas Ximena Pacheco y Dom\u00e9nica Alc\u00edvar.<\/p>","protected":false},"author":10,"featured_media":63375,"comment_status":"open","ping_status":"open","sticky":false,"template":"","format":"standard","meta":{"_acf_changed":false,"_uag_custom_page_level_css":"","_monsterinsights_skip_tracking":false,"_monsterinsights_sitenote_active":false,"_monsterinsights_sitenote_note":"","_monsterinsights_sitenote_category":0,"cybocfi_hide_featured_image":"","footnotes":""},"categories":[80,82,159,75,77,79],"tags":[518],"infouartes":[1288],"class_list":["post-63374","post","type-post","status-publish","format-standard","has-post-thumbnail","hentry","category-academico","category-artes","category-artes-escenicas","category-docentes","category-gestion","category-vinculo","tag-produccion","infouartes-produccion-artistica"],"acf":[],"yoast_head":"<!-- This site is optimized with the Yoast SEO plugin v27.4 - https:\/\/yoast.com\/product\/yoast-seo-wordpress\/ -->\n<title>Universidad de las Artes - \u201cDanzando los candados\u201d a escena<\/title>\n<meta name=\"description\" content=\"Universidad de las Artes - \u201cDanzando los candados\u201d a escena\" \/>\n<meta name=\"robots\" content=\"index, follow, max-snippet:-1, max-image-preview:large, max-video-preview:-1\" \/>\n<link rel=\"canonical\" href=\"https:\/\/www.uartes.edu.ec\/sitio\/en\/blog\/2024\/10\/23\/natalia-shupingahua-presenta-danzando-los-candados\/\" \/>\n<meta property=\"og:locale\" content=\"en_US\" \/>\n<meta property=\"og:type\" content=\"article\" \/>\n<meta property=\"og:title\" content=\"Universidad de las Artes - \u201cDanzando los candados\u201d a escena\" \/>\n<meta property=\"og:description\" content=\"Universidad de las Artes - \u201cDanzando los candados\u201d a escena\" \/>\n<meta property=\"og:url\" content=\"https:\/\/www.uartes.edu.ec\/sitio\/en\/blog\/2024\/10\/23\/natalia-shupingahua-presenta-danzando-los-candados\/\" \/>\n<meta property=\"og:site_name\" content=\"Universidad de las Artes\" \/>\n<meta property=\"article:publisher\" content=\"https:\/\/www.facebook.com\/uartesec\" \/>\n<meta property=\"article:published_time\" content=\"2024-10-23T21:58:00+00:00\" \/>\n<meta property=\"article:modified_time\" content=\"2024-10-30T21:36:48+00:00\" \/>\n<meta property=\"og:image\" content=\"https:\/\/www.uartes.edu.ec\/sitio\/wp-content\/uploads\/2024\/10\/Nadia2222-e1730324199852.jpg\" \/>\n\t<meta property=\"og:image:width\" content=\"1776\" \/>\n\t<meta property=\"og:image:height\" content=\"1184\" \/>\n\t<meta property=\"og:image:type\" content=\"image\/jpeg\" \/>\n<meta name=\"author\" content=\"ccortez\" \/>\n<meta name=\"twitter:card\" content=\"summary_large_image\" \/>\n<meta name=\"twitter:creator\" content=\"@uartesec\" \/>\n<meta name=\"twitter:site\" content=\"@uartesec\" \/>\n<meta name=\"twitter:label1\" content=\"Written by\" \/>\n\t<meta name=\"twitter:data1\" content=\"ccortez\" \/>\n\t<meta name=\"twitter:label2\" content=\"Est. reading time\" \/>\n\t<meta name=\"twitter:data2\" content=\"6 minutes\" \/>\n<script type=\"application\/ld+json\" class=\"yoast-schema-graph\">{\"@context\":\"https:\\\/\\\/schema.org\",\"@graph\":[{\"@type\":\"Article\",\"@id\":\"https:\\\/\\\/www.uartes.edu.ec\\\/sitio\\\/en\\\/blog\\\/2024\\\/10\\\/23\\\/natalia-shupingahua-presenta-danzando-los-candados\\\/#article\",\"isPartOf\":{\"@id\":\"https:\\\/\\\/www.uartes.edu.ec\\\/sitio\\\/en\\\/blog\\\/2024\\\/10\\\/23\\\/natalia-shupingahua-presenta-danzando-los-candados\\\/\"},\"author\":{\"name\":\"ccortez\",\"@id\":\"https:\\\/\\\/www.uartes.edu.ec\\\/sitio\\\/en\\\/#\\\/schema\\\/person\\\/efa1b8275797664fd7f13a79ccc0b1f4\"},\"headline\":\"\u201cDanzando los candados\u201d a escena\",\"datePublished\":\"2024-10-23T21:58:00+00:00\",\"dateModified\":\"2024-10-30T21:36:48+00:00\",\"mainEntityOfPage\":{\"@id\":\"https:\\\/\\\/www.uartes.edu.ec\\\/sitio\\\/en\\\/blog\\\/2024\\\/10\\\/23\\\/natalia-shupingahua-presenta-danzando-los-candados\\\/\"},\"wordCount\":1223,\"commentCount\":0,\"publisher\":{\"@id\":\"https:\\\/\\\/www.uartes.edu.ec\\\/sitio\\\/en\\\/#organization\"},\"image\":{\"@id\":\"https:\\\/\\\/www.uartes.edu.ec\\\/sitio\\\/en\\\/blog\\\/2024\\\/10\\\/23\\\/natalia-shupingahua-presenta-danzando-los-candados\\\/#primaryimage\"},\"thumbnailUrl\":\"https:\\\/\\\/www.uartes.edu.ec\\\/sitio\\\/wp-content\\\/uploads\\\/2024\\\/10\\\/Nadia2222-e1730324199852.jpg\",\"keywords\":[\"producci\u00f3n\"],\"articleSection\":[\"Acad\u00e9mico\",\"Artes\",\"Artes Esc\u00e9nicas\",\"Docentes\",\"Gesti\u00f3n\",\"V\u00ednculo\"],\"inLanguage\":\"en-US\",\"potentialAction\":[{\"@type\":\"CommentAction\",\"name\":\"Comment\",\"target\":[\"https:\\\/\\\/www.uartes.edu.ec\\\/sitio\\\/en\\\/blog\\\/2024\\\/10\\\/23\\\/natalia-shupingahua-presenta-danzando-los-candados\\\/#respond\"]}]},{\"@type\":[\"WebPage\",\"ItemPage\"],\"@id\":\"https:\\\/\\\/www.uartes.edu.ec\\\/sitio\\\/en\\\/blog\\\/2024\\\/10\\\/23\\\/natalia-shupingahua-presenta-danzando-los-candados\\\/\",\"url\":\"https:\\\/\\\/www.uartes.edu.ec\\\/sitio\\\/en\\\/blog\\\/2024\\\/10\\\/23\\\/natalia-shupingahua-presenta-danzando-los-candados\\\/\",\"name\":\"Universidad de las Artes - \u201cDanzando los candados\u201d a escena\",\"isPartOf\":{\"@id\":\"https:\\\/\\\/www.uartes.edu.ec\\\/sitio\\\/en\\\/#website\"},\"primaryImageOfPage\":{\"@id\":\"https:\\\/\\\/www.uartes.edu.ec\\\/sitio\\\/en\\\/blog\\\/2024\\\/10\\\/23\\\/natalia-shupingahua-presenta-danzando-los-candados\\\/#primaryimage\"},\"image\":{\"@id\":\"https:\\\/\\\/www.uartes.edu.ec\\\/sitio\\\/en\\\/blog\\\/2024\\\/10\\\/23\\\/natalia-shupingahua-presenta-danzando-los-candados\\\/#primaryimage\"},\"thumbnailUrl\":\"https:\\\/\\\/www.uartes.edu.ec\\\/sitio\\\/wp-content\\\/uploads\\\/2024\\\/10\\\/Nadia2222-e1730324199852.jpg\",\"datePublished\":\"2024-10-23T21:58:00+00:00\",\"dateModified\":\"2024-10-30T21:36:48+00:00\",\"description\":\"Universidad de las Artes - \u201cDanzando los candados\u201d a escena\",\"breadcrumb\":{\"@id\":\"https:\\\/\\\/www.uartes.edu.ec\\\/sitio\\\/en\\\/blog\\\/2024\\\/10\\\/23\\\/natalia-shupingahua-presenta-danzando-los-candados\\\/#breadcrumb\"},\"inLanguage\":\"en-US\",\"potentialAction\":[{\"@type\":\"ReadAction\",\"target\":[\"https:\\\/\\\/www.uartes.edu.ec\\\/sitio\\\/en\\\/blog\\\/2024\\\/10\\\/23\\\/natalia-shupingahua-presenta-danzando-los-candados\\\/\"]}]},{\"@type\":\"ImageObject\",\"inLanguage\":\"en-US\",\"@id\":\"https:\\\/\\\/www.uartes.edu.ec\\\/sitio\\\/en\\\/blog\\\/2024\\\/10\\\/23\\\/natalia-shupingahua-presenta-danzando-los-candados\\\/#primaryimage\",\"url\":\"https:\\\/\\\/www.uartes.edu.ec\\\/sitio\\\/wp-content\\\/uploads\\\/2024\\\/10\\\/Nadia2222-e1730324199852.jpg\",\"contentUrl\":\"https:\\\/\\\/www.uartes.edu.ec\\\/sitio\\\/wp-content\\\/uploads\\\/2024\\\/10\\\/Nadia2222-e1730324199852.jpg\",\"width\":1776,\"height\":1184},{\"@type\":\"BreadcrumbList\",\"@id\":\"https:\\\/\\\/www.uartes.edu.ec\\\/sitio\\\/en\\\/blog\\\/2024\\\/10\\\/23\\\/natalia-shupingahua-presenta-danzando-los-candados\\\/#breadcrumb\",\"itemListElement\":[{\"@type\":\"ListItem\",\"position\":1,\"name\":\"Inicio\",\"item\":\"https:\\\/\\\/www.uartes.edu.ec\\\/sitio\\\/\"},{\"@type\":\"ListItem\",\"position\":2,\"name\":\"\u201cDanzando los candados\u201d a escena\"}]},{\"@type\":\"WebSite\",\"@id\":\"https:\\\/\\\/www.uartes.edu.ec\\\/sitio\\\/en\\\/#website\",\"url\":\"https:\\\/\\\/www.uartes.edu.ec\\\/sitio\\\/en\\\/\",\"name\":\"Universidad de las Artes\",\"description\":\"Sitio oficial de la Universidad Nacional de las Artes del Ecuador\",\"publisher\":{\"@id\":\"https:\\\/\\\/www.uartes.edu.ec\\\/sitio\\\/en\\\/#organization\"},\"potentialAction\":[{\"@type\":\"SearchAction\",\"target\":{\"@type\":\"EntryPoint\",\"urlTemplate\":\"https:\\\/\\\/www.uartes.edu.ec\\\/sitio\\\/en\\\/?s={search_term_string}\"},\"query-input\":{\"@type\":\"PropertyValueSpecification\",\"valueRequired\":true,\"valueName\":\"search_term_string\"}}],\"inLanguage\":\"en-US\"},{\"@type\":\"Organization\",\"@id\":\"https:\\\/\\\/www.uartes.edu.ec\\\/sitio\\\/en\\\/#organization\",\"name\":\"Universidad de las Artes\",\"url\":\"https:\\\/\\\/www.uartes.edu.ec\\\/sitio\\\/en\\\/\",\"logo\":{\"@type\":\"ImageObject\",\"inLanguage\":\"en-US\",\"@id\":\"https:\\\/\\\/www.uartes.edu.ec\\\/sitio\\\/en\\\/#\\\/schema\\\/logo\\\/image\\\/\",\"url\":\"https:\\\/\\\/www.uartes.edu.ec\\\/sitio\\\/wp-content\\\/uploads\\\/2022\\\/07\\\/logo-ua-horizontal.png\",\"contentUrl\":\"https:\\\/\\\/www.uartes.edu.ec\\\/sitio\\\/wp-content\\\/uploads\\\/2022\\\/07\\\/logo-ua-horizontal.png\",\"width\":800,\"height\":276,\"caption\":\"Universidad de las Artes\"},\"image\":{\"@id\":\"https:\\\/\\\/www.uartes.edu.ec\\\/sitio\\\/en\\\/#\\\/schema\\\/logo\\\/image\\\/\"},\"sameAs\":[\"https:\\\/\\\/www.facebook.com\\\/uartesec\",\"https:\\\/\\\/x.com\\\/uartesec\",\"https:\\\/\\\/www.tiktok.com\\\/@uartesec\"]},{\"@type\":\"Person\",\"@id\":\"https:\\\/\\\/www.uartes.edu.ec\\\/sitio\\\/en\\\/#\\\/schema\\\/person\\\/efa1b8275797664fd7f13a79ccc0b1f4\",\"name\":\"ccortez\",\"image\":{\"@type\":\"ImageObject\",\"inLanguage\":\"en-US\",\"@id\":\"https:\\\/\\\/secure.gravatar.com\\\/avatar\\\/b2a6f664a3ae8e074346ef91775736c5ec479e637ecced6842de9dc98b5da9cd?s=96&d=mm&r=g\",\"url\":\"https:\\\/\\\/secure.gravatar.com\\\/avatar\\\/b2a6f664a3ae8e074346ef91775736c5ec479e637ecced6842de9dc98b5da9cd?s=96&d=mm&r=g\",\"contentUrl\":\"https:\\\/\\\/secure.gravatar.com\\\/avatar\\\/b2a6f664a3ae8e074346ef91775736c5ec479e637ecced6842de9dc98b5da9cd?s=96&d=mm&r=g\",\"caption\":\"ccortez\"},\"url\":\"https:\\\/\\\/www.uartes.edu.ec\\\/sitio\\\/en\\\/blog\\\/author\\\/ccortez\\\/\"}]}<\/script>\n<!-- \/ Yoast SEO plugin. -->","yoast_head_json":{"title":"Universidad de las Artes - \u201cDanzando los candados\u201d a escena","description":"Universidad de las Artes - \u201cDanzando los candados\u201d a escena","robots":{"index":"index","follow":"follow","max-snippet":"max-snippet:-1","max-image-preview":"max-image-preview:large","max-video-preview":"max-video-preview:-1"},"canonical":"https:\/\/www.uartes.edu.ec\/sitio\/en\/blog\/2024\/10\/23\/natalia-shupingahua-presenta-danzando-los-candados\/","og_locale":"en_US","og_type":"article","og_title":"Universidad de las Artes - \u201cDanzando los candados\u201d a escena","og_description":"Universidad de las Artes - \u201cDanzando los candados\u201d a escena","og_url":"https:\/\/www.uartes.edu.ec\/sitio\/en\/blog\/2024\/10\/23\/natalia-shupingahua-presenta-danzando-los-candados\/","og_site_name":"Universidad de las Artes","article_publisher":"https:\/\/www.facebook.com\/uartesec","article_published_time":"2024-10-23T21:58:00+00:00","article_modified_time":"2024-10-30T21:36:48+00:00","og_image":[{"width":1776,"height":1184,"url":"https:\/\/www.uartes.edu.ec\/sitio\/wp-content\/uploads\/2024\/10\/Nadia2222-e1730324199852.jpg","type":"image\/jpeg"}],"author":"ccortez","twitter_card":"summary_large_image","twitter_creator":"@uartesec","twitter_site":"@uartesec","twitter_misc":{"Written by":"ccortez","Est. reading time":"6 minutes"},"schema":{"@context":"https:\/\/schema.org","@graph":[{"@type":"Article","@id":"https:\/\/www.uartes.edu.ec\/sitio\/en\/blog\/2024\/10\/23\/natalia-shupingahua-presenta-danzando-los-candados\/#article","isPartOf":{"@id":"https:\/\/www.uartes.edu.ec\/sitio\/en\/blog\/2024\/10\/23\/natalia-shupingahua-presenta-danzando-los-candados\/"},"author":{"name":"ccortez","@id":"https:\/\/www.uartes.edu.ec\/sitio\/en\/#\/schema\/person\/efa1b8275797664fd7f13a79ccc0b1f4"},"headline":"\u201cDanzando los candados\u201d a escena","datePublished":"2024-10-23T21:58:00+00:00","dateModified":"2024-10-30T21:36:48+00:00","mainEntityOfPage":{"@id":"https:\/\/www.uartes.edu.ec\/sitio\/en\/blog\/2024\/10\/23\/natalia-shupingahua-presenta-danzando-los-candados\/"},"wordCount":1223,"commentCount":0,"publisher":{"@id":"https:\/\/www.uartes.edu.ec\/sitio\/en\/#organization"},"image":{"@id":"https:\/\/www.uartes.edu.ec\/sitio\/en\/blog\/2024\/10\/23\/natalia-shupingahua-presenta-danzando-los-candados\/#primaryimage"},"thumbnailUrl":"https:\/\/www.uartes.edu.ec\/sitio\/wp-content\/uploads\/2024\/10\/Nadia2222-e1730324199852.jpg","keywords":["producci\u00f3n"],"articleSection":["Acad\u00e9mico","Artes","Artes Esc\u00e9nicas","Docentes","Gesti\u00f3n","V\u00ednculo"],"inLanguage":"en-US","potentialAction":[{"@type":"CommentAction","name":"Comment","target":["https:\/\/www.uartes.edu.ec\/sitio\/en\/blog\/2024\/10\/23\/natalia-shupingahua-presenta-danzando-los-candados\/#respond"]}]},{"@type":["WebPage","ItemPage"],"@id":"https:\/\/www.uartes.edu.ec\/sitio\/en\/blog\/2024\/10\/23\/natalia-shupingahua-presenta-danzando-los-candados\/","url":"https:\/\/www.uartes.edu.ec\/sitio\/en\/blog\/2024\/10\/23\/natalia-shupingahua-presenta-danzando-los-candados\/","name":"Universidad de las Artes - \u201cDanzando los candados\u201d a escena","isPartOf":{"@id":"https:\/\/www.uartes.edu.ec\/sitio\/en\/#website"},"primaryImageOfPage":{"@id":"https:\/\/www.uartes.edu.ec\/sitio\/en\/blog\/2024\/10\/23\/natalia-shupingahua-presenta-danzando-los-candados\/#primaryimage"},"image":{"@id":"https:\/\/www.uartes.edu.ec\/sitio\/en\/blog\/2024\/10\/23\/natalia-shupingahua-presenta-danzando-los-candados\/#primaryimage"},"thumbnailUrl":"https:\/\/www.uartes.edu.ec\/sitio\/wp-content\/uploads\/2024\/10\/Nadia2222-e1730324199852.jpg","datePublished":"2024-10-23T21:58:00+00:00","dateModified":"2024-10-30T21:36:48+00:00","description":"Universidad de las Artes - \u201cDanzando los candados\u201d a escena","breadcrumb":{"@id":"https:\/\/www.uartes.edu.ec\/sitio\/en\/blog\/2024\/10\/23\/natalia-shupingahua-presenta-danzando-los-candados\/#breadcrumb"},"inLanguage":"en-US","potentialAction":[{"@type":"ReadAction","target":["https:\/\/www.uartes.edu.ec\/sitio\/en\/blog\/2024\/10\/23\/natalia-shupingahua-presenta-danzando-los-candados\/"]}]},{"@type":"ImageObject","inLanguage":"en-US","@id":"https:\/\/www.uartes.edu.ec\/sitio\/en\/blog\/2024\/10\/23\/natalia-shupingahua-presenta-danzando-los-candados\/#primaryimage","url":"https:\/\/www.uartes.edu.ec\/sitio\/wp-content\/uploads\/2024\/10\/Nadia2222-e1730324199852.jpg","contentUrl":"https:\/\/www.uartes.edu.ec\/sitio\/wp-content\/uploads\/2024\/10\/Nadia2222-e1730324199852.jpg","width":1776,"height":1184},{"@type":"BreadcrumbList","@id":"https:\/\/www.uartes.edu.ec\/sitio\/en\/blog\/2024\/10\/23\/natalia-shupingahua-presenta-danzando-los-candados\/#breadcrumb","itemListElement":[{"@type":"ListItem","position":1,"name":"Inicio","item":"https:\/\/www.uartes.edu.ec\/sitio\/"},{"@type":"ListItem","position":2,"name":"\u201cDanzando los candados\u201d a escena"}]},{"@type":"WebSite","@id":"https:\/\/www.uartes.edu.ec\/sitio\/en\/#website","url":"https:\/\/www.uartes.edu.ec\/sitio\/en\/","name":"Universidad de las Artes","description":"Sitio oficial de la Universidad Nacional de las Artes del Ecuador","publisher":{"@id":"https:\/\/www.uartes.edu.ec\/sitio\/en\/#organization"},"potentialAction":[{"@type":"SearchAction","target":{"@type":"EntryPoint","urlTemplate":"https:\/\/www.uartes.edu.ec\/sitio\/en\/?s={search_term_string}"},"query-input":{"@type":"PropertyValueSpecification","valueRequired":true,"valueName":"search_term_string"}}],"inLanguage":"en-US"},{"@type":"Organization","@id":"https:\/\/www.uartes.edu.ec\/sitio\/en\/#organization","name":"Universidad de las Artes","url":"https:\/\/www.uartes.edu.ec\/sitio\/en\/","logo":{"@type":"ImageObject","inLanguage":"en-US","@id":"https:\/\/www.uartes.edu.ec\/sitio\/en\/#\/schema\/logo\/image\/","url":"https:\/\/www.uartes.edu.ec\/sitio\/wp-content\/uploads\/2022\/07\/logo-ua-horizontal.png","contentUrl":"https:\/\/www.uartes.edu.ec\/sitio\/wp-content\/uploads\/2022\/07\/logo-ua-horizontal.png","width":800,"height":276,"caption":"Universidad de las Artes"},"image":{"@id":"https:\/\/www.uartes.edu.ec\/sitio\/en\/#\/schema\/logo\/image\/"},"sameAs":["https:\/\/www.facebook.com\/uartesec","https:\/\/x.com\/uartesec","https:\/\/www.tiktok.com\/@uartesec"]},{"@type":"Person","@id":"https:\/\/www.uartes.edu.ec\/sitio\/en\/#\/schema\/person\/efa1b8275797664fd7f13a79ccc0b1f4","name":"ccortez","image":{"@type":"ImageObject","inLanguage":"en-US","@id":"https:\/\/secure.gravatar.com\/avatar\/b2a6f664a3ae8e074346ef91775736c5ec479e637ecced6842de9dc98b5da9cd?s=96&d=mm&r=g","url":"https:\/\/secure.gravatar.com\/avatar\/b2a6f664a3ae8e074346ef91775736c5ec479e637ecced6842de9dc98b5da9cd?s=96&d=mm&r=g","contentUrl":"https:\/\/secure.gravatar.com\/avatar\/b2a6f664a3ae8e074346ef91775736c5ec479e637ecced6842de9dc98b5da9cd?s=96&d=mm&r=g","caption":"ccortez"},"url":"https:\/\/www.uartes.edu.ec\/sitio\/en\/blog\/author\/ccortez\/"}]}},"uagb_featured_image_src":{"full":["https:\/\/www.uartes.edu.ec\/sitio\/wp-content\/uploads\/2024\/10\/Nadia2222-e1730324199852.jpg",1776,1184,false],"thumbnail":["https:\/\/www.uartes.edu.ec\/sitio\/wp-content\/uploads\/2024\/10\/Nadia2222-e1730324199852-150x150.jpg",150,150,true],"medium":["https:\/\/www.uartes.edu.ec\/sitio\/wp-content\/uploads\/2024\/10\/Nadia2222-e1730324199852-300x200.jpg",300,200,true],"medium_large":["https:\/\/www.uartes.edu.ec\/sitio\/wp-content\/uploads\/2024\/10\/Nadia2222-e1730324199852-768x512.jpg",768,512,true],"large":["https:\/\/www.uartes.edu.ec\/sitio\/wp-content\/uploads\/2024\/10\/Nadia2222-e1730324199852-644x429.jpg",644,429,true],"1536x1536":["https:\/\/www.uartes.edu.ec\/sitio\/wp-content\/uploads\/2024\/10\/Nadia2222-e1730324199852-1536x1024.jpg",1536,1024,true],"2048x2048":["https:\/\/www.uartes.edu.ec\/sitio\/wp-content\/uploads\/2024\/10\/Nadia2222-e1730324199852.jpg",1776,1184,false],"trp-custom-language-flag":["https:\/\/www.uartes.edu.ec\/sitio\/wp-content\/uploads\/2024\/10\/Nadia2222-e1730324199852-18x12.jpg",18,12,true],"htmega_size_585x295":["https:\/\/www.uartes.edu.ec\/sitio\/wp-content\/uploads\/2024\/10\/Nadia2222-e1730324199852-585x295.jpg",585,295,true],"htmega_size_1170x536":["https:\/\/www.uartes.edu.ec\/sitio\/wp-content\/uploads\/2024\/10\/Nadia2222-e1730324199852-1170x536.jpg",1170,536,true],"htmega_size_396x360":["https:\/\/www.uartes.edu.ec\/sitio\/wp-content\/uploads\/2024\/10\/Nadia2222-e1730324199852-396x360.jpg",396,360,true],"gb-block-post-grid-landscape":["https:\/\/www.uartes.edu.ec\/sitio\/wp-content\/uploads\/2024\/10\/Nadia2222-e1730324199852-600x400.jpg",600,400,true],"gb-block-post-grid-square":["https:\/\/www.uartes.edu.ec\/sitio\/wp-content\/uploads\/2024\/10\/Nadia2222-e1730324199852-600x600.jpg",600,600,true],"university-hub-thumb":["https:\/\/www.uartes.edu.ec\/sitio\/wp-content\/uploads\/2024\/10\/Nadia2222-e1730324199852-400x267.jpg",400,267,true],"mailpoet_newsletter_max":["https:\/\/www.uartes.edu.ec\/sitio\/wp-content\/uploads\/2024\/10\/Nadia2222-e1730324199852.jpg",1320,880,false]},"uagb_author_info":{"display_name":"ccortez","author_link":"https:\/\/www.uartes.edu.ec\/sitio\/en\/blog\/author\/ccortez\/"},"uagb_comment_info":0,"uagb_excerpt":"Se presenta este viernes 25 de octubre, a las 19:00, en Casa Zona Escena. Es la obra \u201cDanzando los candados\u201d de Nadia Shupingahua, estudiante de la Escuela de Artes Esc\u00e9nicas de la UArtes, quien comparte detalles de su producci\u00f3n, la cual desarroll\u00f3 dentro de su proceso de titulaci\u00f3n y en su contenido aborda las memorias&hellip;","featured_image_src":"https:\/\/www.uartes.edu.ec\/sitio\/wp-content\/uploads\/2024\/10\/Nadia2222-e1730324199852-600x400.jpg","featured_image_src_square":"https:\/\/www.uartes.edu.ec\/sitio\/wp-content\/uploads\/2024\/10\/Nadia2222-e1730324199852-600x600.jpg","author_info":{"display_name":"ccortez","author_link":"https:\/\/www.uartes.edu.ec\/sitio\/en\/blog\/author\/ccortez\/"},"publishpress_future_workflow_manual_trigger":{"enabledWorkflows":[]},"distributor_meta":false,"distributor_terms":false,"distributor_media":false,"distributor_original_site_name":"Universidad de las Artes","distributor_original_site_url":"https:\/\/www.uartes.edu.ec\/sitio\/en","push-errors":false,"_links":{"self":[{"href":"https:\/\/www.uartes.edu.ec\/sitio\/en\/wp-json\/wp\/v2\/posts\/63374","targetHints":{"allow":["GET"]}}],"collection":[{"href":"https:\/\/www.uartes.edu.ec\/sitio\/en\/wp-json\/wp\/v2\/posts"}],"about":[{"href":"https:\/\/www.uartes.edu.ec\/sitio\/en\/wp-json\/wp\/v2\/types\/post"}],"author":[{"embeddable":true,"href":"https:\/\/www.uartes.edu.ec\/sitio\/en\/wp-json\/wp\/v2\/users\/10"}],"replies":[{"embeddable":true,"href":"https:\/\/www.uartes.edu.ec\/sitio\/en\/wp-json\/wp\/v2\/comments?post=63374"}],"version-history":[{"count":7,"href":"https:\/\/www.uartes.edu.ec\/sitio\/en\/wp-json\/wp\/v2\/posts\/63374\/revisions"}],"predecessor-version":[{"id":63427,"href":"https:\/\/www.uartes.edu.ec\/sitio\/en\/wp-json\/wp\/v2\/posts\/63374\/revisions\/63427"}],"wp:featuredmedia":[{"embeddable":true,"href":"https:\/\/www.uartes.edu.ec\/sitio\/en\/wp-json\/wp\/v2\/media\/63375"}],"wp:attachment":[{"href":"https:\/\/www.uartes.edu.ec\/sitio\/en\/wp-json\/wp\/v2\/media?parent=63374"}],"wp:term":[{"taxonomy":"category","embeddable":true,"href":"https:\/\/www.uartes.edu.ec\/sitio\/en\/wp-json\/wp\/v2\/categories?post=63374"},{"taxonomy":"post_tag","embeddable":true,"href":"https:\/\/www.uartes.edu.ec\/sitio\/en\/wp-json\/wp\/v2\/tags?post=63374"},{"taxonomy":"infouartes","embeddable":true,"href":"https:\/\/www.uartes.edu.ec\/sitio\/en\/wp-json\/wp\/v2\/infouartes?post=63374"}],"curies":[{"name":"wp","href":"https:\/\/api.w.org\/{rel}","templated":true}]}}