{"id":6357,"date":"2020-02-21T16:16:21","date_gmt":"2020-02-21T21:16:21","guid":{"rendered":"http:\/\/www.uartes.edu.ec\/sitio\/?p=6357"},"modified":"2024-07-04T11:48:33","modified_gmt":"2024-07-04T16:48:33","slug":"la-declaracion-de-la-habana-reconoce-a-las-artes-como-generadoras-de-conocimiento","status":"publish","type":"post","link":"https:\/\/www.uartes.edu.ec\/sitio\/en\/blog\/2020\/02\/21\/la-declaracion-de-la-habana-reconoce-a-las-artes-como-generadoras-de-conocimiento\/","title":{"rendered":"La Declaraci\u00f3n de La Habana reconoce a las artes como generadoras de conocimiento"},"content":{"rendered":"<p>El\nrector de la Universidad de las Artes de Ecuador, Dr. Ramiro Noriega, expuso\nimportantes acuerdos regionales ligados a la producci\u00f3n, investigaci\u00f3n y\ncalidad de la educaci\u00f3n superior en artes, en la I Reuni\u00f3n de Ministras,\nMinistros y Altas Autoridades en Educaci\u00f3n Superior organizada por la\nSecretar\u00eda General Iberoamericana (SEGIB) que se desarroll\u00f3 en La Habana, Cuba,\nlos d\u00edas 10 y 11 de febrero en el&nbsp;\nmarco&nbsp; de&nbsp; la &nbsp;preparaci\u00f3n hacia la XXVII&nbsp; Cumbre&nbsp;\nIberoamericana&nbsp; de&nbsp; Jefes&nbsp;\nde&nbsp; Estado&nbsp; y&nbsp; de\nGobierno. Como resultado, las ministras, ministros y altas autoridades de\neducaci\u00f3n superior de los pa\u00edses iberoamericanos acordaron: \u00abPromover el\nreconocimiento de las artes y la cultura como generadoras de conocimiento e\nimpulsar un marco de referencia com\u00fan para la evaluaci\u00f3n de la calidad de la\neducaci\u00f3n superior en artes con el apoyo del Sistema Iberoamericano de\nAseguramiento de la Calidad (SIACES)\u00bb.<\/p>\n\n\n\n<p>Es la\nprimera vez que un asunto de esta naturaleza se discute en este espacio, por lo\nque la inclusi\u00f3n de ello en la Declaratoria de La Habana marca un hito\nhist\u00f3rico en cuanto al compromiso regional sobre la especificidad de la calidad\nde la educaci\u00f3n superior en artes en la regi\u00f3n, as\u00ed como en la necesidad de\nconcentrar esfuerzos para el reconocimiento de las artes como generadoras de\nconocimiento.&nbsp; <\/p>\n\n\n\n<p>Es\nimportante resaltar que el recorrido de esta discusi\u00f3n se inici\u00f3 en el a\u00f1o 2018\nen el contexto de los 100 a\u00f1os de la reforma de C\u00f3rdoba, conmemoraci\u00f3n de uno\nde los momentos m\u00e1s importantes de conquistas de los sistemas de educaci\u00f3n\nsuperior de la regi\u00f3n. En este marco, nuevos pero imprescindibles debates\nanimaron la escena universitaria y los foros internacionales de discusi\u00f3n sobre\neducaci\u00f3n superior. <\/p>\n\n\n\n<p>En\nmayo de 2018, la UArtes acogi\u00f3 el II Encuentro Internacional por la Calidad de\nla Educaci\u00f3n Superior en Arte, que fue un momento de preparaci\u00f3n para la\nConferencia Regional de Educaci\u00f3n Superior (CRES 2018), y en el cual, a trav\u00e9s\nde un manifiesto firmado por actores relevantes de la educaci\u00f3n superior en artes\nde la regi\u00f3n, se posicion\u00f3 \u2014entre otros temas relevantes y urgentes\u2014 la premisa\nde que el arte es productor de conocimiento indispensable para modelar mejores\nfuturos. <\/p>\n\n\n\n<p>En el\ncaso ecuatoriano, este llamado fue efectivamente recogido en la reforma a la\nLey Org\u00e1nica de Educaci\u00f3n Superior efectuada en el mismo a\u00f1o 2018. Dicho logro\npermite evidenciar la fortaleza de los encuentros entre pares regionales como\nmecanismo de cambio en los sistemas nacionales de educaci\u00f3n superior, los\ncuales exigen una mejor comprensi\u00f3n de las particularidades y del tratamiento\ndiferenciado que requiere la educaci\u00f3n en artes. <\/p>\n\n\n\n<p>La necesidad de impulsar un marco de referencia com\u00fan para la evaluaci\u00f3n de la calidad de la educaci\u00f3n superior en artes resulta del trabajo colectivo de m\u00e1s de sesenta representantes de veinticinco instituciones de, al menos, nueve pa\u00edses de la regi\u00f3n iberoamericana, quienes trabajaron en eI I Encuentro Iberoamericano para la Evaluaci\u00f3n de la Calidad de la Educaci\u00f3n Superior en Artes. Este trabajo cuenta con el apoyo y auspicio de la Secretaria General Iberoamericana (SEGIB) y la Organizaci\u00f3n de Estados Iberoamericanos para la Educaci\u00f3n, la Ciencia y la Cultura (OEI).<\/p>\n\n\n\n<p>Descarga aqu\u00ed la <a href=\"http:\/\/www.uartes.edu.ec\/sitio\/download\/20-02-declaracion-de-cuba\/?wpdmdl=6356&amp;masterkey=5e503ed41beb6\">Declaraci\u00f3n de La Habana<\/a>.<\/p>","protected":false},"excerpt":{"rendered":"<p>El rector de la Universidad de las Artes de Ecuador, Dr. Ramiro Noriega, expuso importantes acuerdos regionales ligados a la producci\u00f3n, investigaci\u00f3n y calidad de la educaci\u00f3n superior en artes, en la I Reuni\u00f3n de Ministras, Ministros y Altas Autoridades en Educaci\u00f3n Superior.<\/p>","protected":false},"author":1,"featured_media":6366,"comment_status":"closed","ping_status":"closed","sticky":false,"template":"","format":"standard","meta":{"_acf_changed":false,"_uag_custom_page_level_css":"","_monsterinsights_skip_tracking":false,"_monsterinsights_sitenote_active":false,"_monsterinsights_sitenote_note":"","_monsterinsights_sitenote_category":0,"cybocfi_hide_featured_image":"","footnotes":""},"categories":[80,82,77,84],"tags":[],"infouartes":[],"class_list":["post-6357","post","type-post","status-publish","format-standard","has-post-thumbnail","hentry","category-academico","category-artes","category-gestion","category-rectorado"],"acf":[],"yoast_head":"<!-- This site is optimized with the Yoast SEO plugin v27.4 - https:\/\/yoast.com\/product\/yoast-seo-wordpress\/ -->\n<title>Universidad de las Artes - La Declaraci\u00f3n de La Habana reconoce a las artes como generadoras de conocimiento<\/title>\n<meta name=\"description\" content=\"Universidad de las Artes - La Declaraci\u00f3n de La Habana reconoce a las artes como generadoras de conocimiento\" \/>\n<meta name=\"robots\" content=\"index, follow, max-snippet:-1, max-image-preview:large, max-video-preview:-1\" \/>\n<link rel=\"canonical\" href=\"https:\/\/www.uartes.edu.ec\/sitio\/en\/blog\/2020\/02\/21\/la-declaracion-de-la-habana-reconoce-a-las-artes-como-generadoras-de-conocimiento\/\" \/>\n<meta property=\"og:locale\" content=\"en_US\" \/>\n<meta property=\"og:type\" content=\"article\" \/>\n<meta property=\"og:title\" content=\"Universidad de las Artes - La Declaraci\u00f3n de La Habana reconoce a las artes como generadoras de conocimiento\" \/>\n<meta property=\"og:description\" content=\"Universidad de las Artes - La Declaraci\u00f3n de La Habana reconoce a las artes como generadoras de conocimiento\" \/>\n<meta property=\"og:url\" content=\"https:\/\/www.uartes.edu.ec\/sitio\/en\/blog\/2020\/02\/21\/la-declaracion-de-la-habana-reconoce-a-las-artes-como-generadoras-de-conocimiento\/\" \/>\n<meta property=\"og:site_name\" content=\"Universidad de las Artes\" \/>\n<meta property=\"article:publisher\" content=\"https:\/\/www.facebook.com\/uartesec\" \/>\n<meta property=\"article:published_time\" content=\"2020-02-21T21:16:21+00:00\" \/>\n<meta property=\"article:modified_time\" content=\"2024-07-04T16:48:33+00:00\" \/>\n<meta property=\"og:image\" content=\"https:\/\/www.uartes.edu.ec\/sitio\/wp-content\/uploads\/2020\/02\/RAMIRO-NORIEGA-MEDIOS-.jpg\" \/>\n\t<meta property=\"og:image:width\" content=\"1785\" \/>\n\t<meta property=\"og:image:height\" content=\"1190\" \/>\n\t<meta property=\"og:image:type\" content=\"image\/jpeg\" \/>\n<meta name=\"author\" content=\"Universidad de las Artes\" \/>\n<meta name=\"twitter:card\" content=\"summary_large_image\" \/>\n<meta name=\"twitter:creator\" content=\"@uartesec\" \/>\n<meta name=\"twitter:site\" content=\"@uartesec\" \/>\n<meta name=\"twitter:label1\" content=\"Written by\" \/>\n\t<meta name=\"twitter:data1\" content=\"Universidad de las Artes\" \/>\n\t<meta name=\"twitter:label2\" content=\"Est. reading time\" \/>\n\t<meta name=\"twitter:data2\" content=\"3 minutes\" \/>\n<script type=\"application\/ld+json\" class=\"yoast-schema-graph\">{\"@context\":\"https:\\\/\\\/schema.org\",\"@graph\":[{\"@type\":\"Article\",\"@id\":\"https:\\\/\\\/www.uartes.edu.ec\\\/sitio\\\/en\\\/blog\\\/2020\\\/02\\\/21\\\/la-declaracion-de-la-habana-reconoce-a-las-artes-como-generadoras-de-conocimiento\\\/#article\",\"isPartOf\":{\"@id\":\"https:\\\/\\\/www.uartes.edu.ec\\\/sitio\\\/en\\\/blog\\\/2020\\\/02\\\/21\\\/la-declaracion-de-la-habana-reconoce-a-las-artes-como-generadoras-de-conocimiento\\\/\"},\"author\":{\"name\":\"Universidad de las Artes\",\"@id\":\"https:\\\/\\\/www.uartes.edu.ec\\\/sitio\\\/en\\\/#\\\/schema\\\/person\\\/f33f8c1d2af0d5c80a38c8abf458184a\"},\"headline\":\"La Declaraci\u00f3n de La Habana reconoce a las artes como generadoras de conocimiento\",\"datePublished\":\"2020-02-21T21:16:21+00:00\",\"dateModified\":\"2024-07-04T16:48:33+00:00\",\"mainEntityOfPage\":{\"@id\":\"https:\\\/\\\/www.uartes.edu.ec\\\/sitio\\\/en\\\/blog\\\/2020\\\/02\\\/21\\\/la-declaracion-de-la-habana-reconoce-a-las-artes-como-generadoras-de-conocimiento\\\/\"},\"wordCount\":592,\"publisher\":{\"@id\":\"https:\\\/\\\/www.uartes.edu.ec\\\/sitio\\\/en\\\/#organization\"},\"image\":{\"@id\":\"https:\\\/\\\/www.uartes.edu.ec\\\/sitio\\\/en\\\/blog\\\/2020\\\/02\\\/21\\\/la-declaracion-de-la-habana-reconoce-a-las-artes-como-generadoras-de-conocimiento\\\/#primaryimage\"},\"thumbnailUrl\":\"https:\\\/\\\/www.uartes.edu.ec\\\/sitio\\\/wp-content\\\/uploads\\\/2020\\\/02\\\/RAMIRO-NORIEGA-MEDIOS-.jpg\",\"articleSection\":[\"Acad\u00e9mico\",\"Artes\",\"Gesti\u00f3n\",\"Rectorado\"],\"inLanguage\":\"en-US\"},{\"@type\":[\"WebPage\",\"ItemPage\"],\"@id\":\"https:\\\/\\\/www.uartes.edu.ec\\\/sitio\\\/en\\\/blog\\\/2020\\\/02\\\/21\\\/la-declaracion-de-la-habana-reconoce-a-las-artes-como-generadoras-de-conocimiento\\\/\",\"url\":\"https:\\\/\\\/www.uartes.edu.ec\\\/sitio\\\/en\\\/blog\\\/2020\\\/02\\\/21\\\/la-declaracion-de-la-habana-reconoce-a-las-artes-como-generadoras-de-conocimiento\\\/\",\"name\":\"Universidad de las Artes - La Declaraci\u00f3n de La Habana reconoce a las artes como generadoras de conocimiento\",\"isPartOf\":{\"@id\":\"https:\\\/\\\/www.uartes.edu.ec\\\/sitio\\\/en\\\/#website\"},\"primaryImageOfPage\":{\"@id\":\"https:\\\/\\\/www.uartes.edu.ec\\\/sitio\\\/en\\\/blog\\\/2020\\\/02\\\/21\\\/la-declaracion-de-la-habana-reconoce-a-las-artes-como-generadoras-de-conocimiento\\\/#primaryimage\"},\"image\":{\"@id\":\"https:\\\/\\\/www.uartes.edu.ec\\\/sitio\\\/en\\\/blog\\\/2020\\\/02\\\/21\\\/la-declaracion-de-la-habana-reconoce-a-las-artes-como-generadoras-de-conocimiento\\\/#primaryimage\"},\"thumbnailUrl\":\"https:\\\/\\\/www.uartes.edu.ec\\\/sitio\\\/wp-content\\\/uploads\\\/2020\\\/02\\\/RAMIRO-NORIEGA-MEDIOS-.jpg\",\"datePublished\":\"2020-02-21T21:16:21+00:00\",\"dateModified\":\"2024-07-04T16:48:33+00:00\",\"description\":\"Universidad de las Artes - La Declaraci\u00f3n de La Habana reconoce a las artes como generadoras de conocimiento\",\"breadcrumb\":{\"@id\":\"https:\\\/\\\/www.uartes.edu.ec\\\/sitio\\\/en\\\/blog\\\/2020\\\/02\\\/21\\\/la-declaracion-de-la-habana-reconoce-a-las-artes-como-generadoras-de-conocimiento\\\/#breadcrumb\"},\"inLanguage\":\"en-US\",\"potentialAction\":[{\"@type\":\"ReadAction\",\"target\":[\"https:\\\/\\\/www.uartes.edu.ec\\\/sitio\\\/en\\\/blog\\\/2020\\\/02\\\/21\\\/la-declaracion-de-la-habana-reconoce-a-las-artes-como-generadoras-de-conocimiento\\\/\"]}]},{\"@type\":\"ImageObject\",\"inLanguage\":\"en-US\",\"@id\":\"https:\\\/\\\/www.uartes.edu.ec\\\/sitio\\\/en\\\/blog\\\/2020\\\/02\\\/21\\\/la-declaracion-de-la-habana-reconoce-a-las-artes-como-generadoras-de-conocimiento\\\/#primaryimage\",\"url\":\"https:\\\/\\\/www.uartes.edu.ec\\\/sitio\\\/wp-content\\\/uploads\\\/2020\\\/02\\\/RAMIRO-NORIEGA-MEDIOS-.jpg\",\"contentUrl\":\"https:\\\/\\\/www.uartes.edu.ec\\\/sitio\\\/wp-content\\\/uploads\\\/2020\\\/02\\\/RAMIRO-NORIEGA-MEDIOS-.jpg\",\"width\":1785,\"height\":1190},{\"@type\":\"BreadcrumbList\",\"@id\":\"https:\\\/\\\/www.uartes.edu.ec\\\/sitio\\\/en\\\/blog\\\/2020\\\/02\\\/21\\\/la-declaracion-de-la-habana-reconoce-a-las-artes-como-generadoras-de-conocimiento\\\/#breadcrumb\",\"itemListElement\":[{\"@type\":\"ListItem\",\"position\":1,\"name\":\"Inicio\",\"item\":\"https:\\\/\\\/www.uartes.edu.ec\\\/sitio\\\/\"},{\"@type\":\"ListItem\",\"position\":2,\"name\":\"La Declaraci\u00f3n de La Habana reconoce a las artes como generadoras de conocimiento\"}]},{\"@type\":\"WebSite\",\"@id\":\"https:\\\/\\\/www.uartes.edu.ec\\\/sitio\\\/en\\\/#website\",\"url\":\"https:\\\/\\\/www.uartes.edu.ec\\\/sitio\\\/en\\\/\",\"name\":\"Universidad de las Artes\",\"description\":\"Sitio oficial de la Universidad Nacional de las Artes del Ecuador\",\"publisher\":{\"@id\":\"https:\\\/\\\/www.uartes.edu.ec\\\/sitio\\\/en\\\/#organization\"},\"potentialAction\":[{\"@type\":\"SearchAction\",\"target\":{\"@type\":\"EntryPoint\",\"urlTemplate\":\"https:\\\/\\\/www.uartes.edu.ec\\\/sitio\\\/en\\\/?s={search_term_string}\"},\"query-input\":{\"@type\":\"PropertyValueSpecification\",\"valueRequired\":true,\"valueName\":\"search_term_string\"}}],\"inLanguage\":\"en-US\"},{\"@type\":\"Organization\",\"@id\":\"https:\\\/\\\/www.uartes.edu.ec\\\/sitio\\\/en\\\/#organization\",\"name\":\"Universidad de las Artes\",\"url\":\"https:\\\/\\\/www.uartes.edu.ec\\\/sitio\\\/en\\\/\",\"logo\":{\"@type\":\"ImageObject\",\"inLanguage\":\"en-US\",\"@id\":\"https:\\\/\\\/www.uartes.edu.ec\\\/sitio\\\/en\\\/#\\\/schema\\\/logo\\\/image\\\/\",\"url\":\"https:\\\/\\\/www.uartes.edu.ec\\\/sitio\\\/wp-content\\\/uploads\\\/2022\\\/07\\\/logo-ua-horizontal.png\",\"contentUrl\":\"https:\\\/\\\/www.uartes.edu.ec\\\/sitio\\\/wp-content\\\/uploads\\\/2022\\\/07\\\/logo-ua-horizontal.png\",\"width\":800,\"height\":276,\"caption\":\"Universidad de las Artes\"},\"image\":{\"@id\":\"https:\\\/\\\/www.uartes.edu.ec\\\/sitio\\\/en\\\/#\\\/schema\\\/logo\\\/image\\\/\"},\"sameAs\":[\"https:\\\/\\\/www.facebook.com\\\/uartesec\",\"https:\\\/\\\/x.com\\\/uartesec\",\"https:\\\/\\\/www.tiktok.com\\\/@uartesec\"]},{\"@type\":\"Person\",\"@id\":\"https:\\\/\\\/www.uartes.edu.ec\\\/sitio\\\/en\\\/#\\\/schema\\\/person\\\/f33f8c1d2af0d5c80a38c8abf458184a\",\"name\":\"Universidad de las Artes\",\"image\":{\"@type\":\"ImageObject\",\"inLanguage\":\"en-US\",\"@id\":\"https:\\\/\\\/secure.gravatar.com\\\/avatar\\\/52e4757902f5cfa5ac52d020e5be83cae5487519154b6c35482fe08d589f3c13?s=96&d=mm&r=g\",\"url\":\"https:\\\/\\\/secure.gravatar.com\\\/avatar\\\/52e4757902f5cfa5ac52d020e5be83cae5487519154b6c35482fe08d589f3c13?s=96&d=mm&r=g\",\"contentUrl\":\"https:\\\/\\\/secure.gravatar.com\\\/avatar\\\/52e4757902f5cfa5ac52d020e5be83cae5487519154b6c35482fe08d589f3c13?s=96&d=mm&r=g\",\"caption\":\"Universidad de las Artes\"},\"url\":\"https:\\\/\\\/www.uartes.edu.ec\\\/sitio\\\/en\\\/blog\\\/author\\\/dircomadm\\\/\"}]}<\/script>\n<!-- \/ Yoast SEO plugin. -->","yoast_head_json":{"title":"Universidad de las Artes - La Declaraci\u00f3n de La Habana reconoce a las artes como generadoras de conocimiento","description":"Universidad de las Artes - La Declaraci\u00f3n de La Habana reconoce a las artes como generadoras de conocimiento","robots":{"index":"index","follow":"follow","max-snippet":"max-snippet:-1","max-image-preview":"max-image-preview:large","max-video-preview":"max-video-preview:-1"},"canonical":"https:\/\/www.uartes.edu.ec\/sitio\/en\/blog\/2020\/02\/21\/la-declaracion-de-la-habana-reconoce-a-las-artes-como-generadoras-de-conocimiento\/","og_locale":"en_US","og_type":"article","og_title":"Universidad de las Artes - La Declaraci\u00f3n de La Habana reconoce a las artes como generadoras de conocimiento","og_description":"Universidad de las Artes - La Declaraci\u00f3n de La Habana reconoce a las artes como generadoras de conocimiento","og_url":"https:\/\/www.uartes.edu.ec\/sitio\/en\/blog\/2020\/02\/21\/la-declaracion-de-la-habana-reconoce-a-las-artes-como-generadoras-de-conocimiento\/","og_site_name":"Universidad de las Artes","article_publisher":"https:\/\/www.facebook.com\/uartesec","article_published_time":"2020-02-21T21:16:21+00:00","article_modified_time":"2024-07-04T16:48:33+00:00","og_image":[{"width":1785,"height":1190,"url":"https:\/\/www.uartes.edu.ec\/sitio\/wp-content\/uploads\/2020\/02\/RAMIRO-NORIEGA-MEDIOS-.jpg","type":"image\/jpeg"}],"author":"Universidad de las Artes","twitter_card":"summary_large_image","twitter_creator":"@uartesec","twitter_site":"@uartesec","twitter_misc":{"Written by":"Universidad de las Artes","Est. reading time":"3 minutes"},"schema":{"@context":"https:\/\/schema.org","@graph":[{"@type":"Article","@id":"https:\/\/www.uartes.edu.ec\/sitio\/en\/blog\/2020\/02\/21\/la-declaracion-de-la-habana-reconoce-a-las-artes-como-generadoras-de-conocimiento\/#article","isPartOf":{"@id":"https:\/\/www.uartes.edu.ec\/sitio\/en\/blog\/2020\/02\/21\/la-declaracion-de-la-habana-reconoce-a-las-artes-como-generadoras-de-conocimiento\/"},"author":{"name":"Universidad de las Artes","@id":"https:\/\/www.uartes.edu.ec\/sitio\/en\/#\/schema\/person\/f33f8c1d2af0d5c80a38c8abf458184a"},"headline":"La Declaraci\u00f3n de La Habana reconoce a las artes como generadoras de conocimiento","datePublished":"2020-02-21T21:16:21+00:00","dateModified":"2024-07-04T16:48:33+00:00","mainEntityOfPage":{"@id":"https:\/\/www.uartes.edu.ec\/sitio\/en\/blog\/2020\/02\/21\/la-declaracion-de-la-habana-reconoce-a-las-artes-como-generadoras-de-conocimiento\/"},"wordCount":592,"publisher":{"@id":"https:\/\/www.uartes.edu.ec\/sitio\/en\/#organization"},"image":{"@id":"https:\/\/www.uartes.edu.ec\/sitio\/en\/blog\/2020\/02\/21\/la-declaracion-de-la-habana-reconoce-a-las-artes-como-generadoras-de-conocimiento\/#primaryimage"},"thumbnailUrl":"https:\/\/www.uartes.edu.ec\/sitio\/wp-content\/uploads\/2020\/02\/RAMIRO-NORIEGA-MEDIOS-.jpg","articleSection":["Acad\u00e9mico","Artes","Gesti\u00f3n","Rectorado"],"inLanguage":"en-US"},{"@type":["WebPage","ItemPage"],"@id":"https:\/\/www.uartes.edu.ec\/sitio\/en\/blog\/2020\/02\/21\/la-declaracion-de-la-habana-reconoce-a-las-artes-como-generadoras-de-conocimiento\/","url":"https:\/\/www.uartes.edu.ec\/sitio\/en\/blog\/2020\/02\/21\/la-declaracion-de-la-habana-reconoce-a-las-artes-como-generadoras-de-conocimiento\/","name":"Universidad de las Artes - La Declaraci\u00f3n de La Habana reconoce a las artes como generadoras de conocimiento","isPartOf":{"@id":"https:\/\/www.uartes.edu.ec\/sitio\/en\/#website"},"primaryImageOfPage":{"@id":"https:\/\/www.uartes.edu.ec\/sitio\/en\/blog\/2020\/02\/21\/la-declaracion-de-la-habana-reconoce-a-las-artes-como-generadoras-de-conocimiento\/#primaryimage"},"image":{"@id":"https:\/\/www.uartes.edu.ec\/sitio\/en\/blog\/2020\/02\/21\/la-declaracion-de-la-habana-reconoce-a-las-artes-como-generadoras-de-conocimiento\/#primaryimage"},"thumbnailUrl":"https:\/\/www.uartes.edu.ec\/sitio\/wp-content\/uploads\/2020\/02\/RAMIRO-NORIEGA-MEDIOS-.jpg","datePublished":"2020-02-21T21:16:21+00:00","dateModified":"2024-07-04T16:48:33+00:00","description":"Universidad de las Artes - La Declaraci\u00f3n de La Habana reconoce a las artes como generadoras de conocimiento","breadcrumb":{"@id":"https:\/\/www.uartes.edu.ec\/sitio\/en\/blog\/2020\/02\/21\/la-declaracion-de-la-habana-reconoce-a-las-artes-como-generadoras-de-conocimiento\/#breadcrumb"},"inLanguage":"en-US","potentialAction":[{"@type":"ReadAction","target":["https:\/\/www.uartes.edu.ec\/sitio\/en\/blog\/2020\/02\/21\/la-declaracion-de-la-habana-reconoce-a-las-artes-como-generadoras-de-conocimiento\/"]}]},{"@type":"ImageObject","inLanguage":"en-US","@id":"https:\/\/www.uartes.edu.ec\/sitio\/en\/blog\/2020\/02\/21\/la-declaracion-de-la-habana-reconoce-a-las-artes-como-generadoras-de-conocimiento\/#primaryimage","url":"https:\/\/www.uartes.edu.ec\/sitio\/wp-content\/uploads\/2020\/02\/RAMIRO-NORIEGA-MEDIOS-.jpg","contentUrl":"https:\/\/www.uartes.edu.ec\/sitio\/wp-content\/uploads\/2020\/02\/RAMIRO-NORIEGA-MEDIOS-.jpg","width":1785,"height":1190},{"@type":"BreadcrumbList","@id":"https:\/\/www.uartes.edu.ec\/sitio\/en\/blog\/2020\/02\/21\/la-declaracion-de-la-habana-reconoce-a-las-artes-como-generadoras-de-conocimiento\/#breadcrumb","itemListElement":[{"@type":"ListItem","position":1,"name":"Inicio","item":"https:\/\/www.uartes.edu.ec\/sitio\/"},{"@type":"ListItem","position":2,"name":"La Declaraci\u00f3n de La Habana reconoce a las artes como generadoras de conocimiento"}]},{"@type":"WebSite","@id":"https:\/\/www.uartes.edu.ec\/sitio\/en\/#website","url":"https:\/\/www.uartes.edu.ec\/sitio\/en\/","name":"Universidad de las Artes","description":"Sitio oficial de la Universidad Nacional de las Artes del Ecuador","publisher":{"@id":"https:\/\/www.uartes.edu.ec\/sitio\/en\/#organization"},"potentialAction":[{"@type":"SearchAction","target":{"@type":"EntryPoint","urlTemplate":"https:\/\/www.uartes.edu.ec\/sitio\/en\/?s={search_term_string}"},"query-input":{"@type":"PropertyValueSpecification","valueRequired":true,"valueName":"search_term_string"}}],"inLanguage":"en-US"},{"@type":"Organization","@id":"https:\/\/www.uartes.edu.ec\/sitio\/en\/#organization","name":"Universidad de las Artes","url":"https:\/\/www.uartes.edu.ec\/sitio\/en\/","logo":{"@type":"ImageObject","inLanguage":"en-US","@id":"https:\/\/www.uartes.edu.ec\/sitio\/en\/#\/schema\/logo\/image\/","url":"https:\/\/www.uartes.edu.ec\/sitio\/wp-content\/uploads\/2022\/07\/logo-ua-horizontal.png","contentUrl":"https:\/\/www.uartes.edu.ec\/sitio\/wp-content\/uploads\/2022\/07\/logo-ua-horizontal.png","width":800,"height":276,"caption":"Universidad de las Artes"},"image":{"@id":"https:\/\/www.uartes.edu.ec\/sitio\/en\/#\/schema\/logo\/image\/"},"sameAs":["https:\/\/www.facebook.com\/uartesec","https:\/\/x.com\/uartesec","https:\/\/www.tiktok.com\/@uartesec"]},{"@type":"Person","@id":"https:\/\/www.uartes.edu.ec\/sitio\/en\/#\/schema\/person\/f33f8c1d2af0d5c80a38c8abf458184a","name":"Universidad de las Artes","image":{"@type":"ImageObject","inLanguage":"en-US","@id":"https:\/\/secure.gravatar.com\/avatar\/52e4757902f5cfa5ac52d020e5be83cae5487519154b6c35482fe08d589f3c13?s=96&d=mm&r=g","url":"https:\/\/secure.gravatar.com\/avatar\/52e4757902f5cfa5ac52d020e5be83cae5487519154b6c35482fe08d589f3c13?s=96&d=mm&r=g","contentUrl":"https:\/\/secure.gravatar.com\/avatar\/52e4757902f5cfa5ac52d020e5be83cae5487519154b6c35482fe08d589f3c13?s=96&d=mm&r=g","caption":"Universidad de las Artes"},"url":"https:\/\/www.uartes.edu.ec\/sitio\/en\/blog\/author\/dircomadm\/"}]}},"uagb_featured_image_src":{"full":["https:\/\/www.uartes.edu.ec\/sitio\/wp-content\/uploads\/2020\/02\/RAMIRO-NORIEGA-MEDIOS-.jpg",1785,1190,false],"thumbnail":["https:\/\/www.uartes.edu.ec\/sitio\/wp-content\/uploads\/2020\/02\/RAMIRO-NORIEGA-MEDIOS--150x150.jpg",150,150,true],"medium":["https:\/\/www.uartes.edu.ec\/sitio\/wp-content\/uploads\/2020\/02\/RAMIRO-NORIEGA-MEDIOS--300x200.jpg",300,200,true],"medium_large":["https:\/\/www.uartes.edu.ec\/sitio\/wp-content\/uploads\/2020\/02\/RAMIRO-NORIEGA-MEDIOS--768x512.jpg",768,512,true],"large":["https:\/\/www.uartes.edu.ec\/sitio\/wp-content\/uploads\/2020\/02\/RAMIRO-NORIEGA-MEDIOS--644x429.jpg",644,429,true],"1536x1536":["https:\/\/www.uartes.edu.ec\/sitio\/wp-content\/uploads\/2020\/02\/RAMIRO-NORIEGA-MEDIOS--1536x1024.jpg",1536,1024,true],"2048x2048":["https:\/\/www.uartes.edu.ec\/sitio\/wp-content\/uploads\/2020\/02\/RAMIRO-NORIEGA-MEDIOS-.jpg",1785,1190,false],"trp-custom-language-flag":["https:\/\/www.uartes.edu.ec\/sitio\/wp-content\/uploads\/2020\/02\/RAMIRO-NORIEGA-MEDIOS-.jpg",18,12,false],"htmega_size_585x295":["https:\/\/www.uartes.edu.ec\/sitio\/wp-content\/uploads\/2020\/02\/RAMIRO-NORIEGA-MEDIOS-.jpg",443,295,false],"htmega_size_1170x536":["https:\/\/www.uartes.edu.ec\/sitio\/wp-content\/uploads\/2020\/02\/RAMIRO-NORIEGA-MEDIOS-.jpg",804,536,false],"htmega_size_396x360":["https:\/\/www.uartes.edu.ec\/sitio\/wp-content\/uploads\/2020\/02\/RAMIRO-NORIEGA-MEDIOS-.jpg",396,264,false],"gb-block-post-grid-landscape":["https:\/\/www.uartes.edu.ec\/sitio\/wp-content\/uploads\/2020\/02\/RAMIRO-NORIEGA-MEDIOS-.jpg",600,400,false],"gb-block-post-grid-square":["https:\/\/www.uartes.edu.ec\/sitio\/wp-content\/uploads\/2020\/02\/RAMIRO-NORIEGA-MEDIOS-.jpg",600,400,false],"university-hub-thumb":["https:\/\/www.uartes.edu.ec\/sitio\/wp-content\/uploads\/2020\/02\/RAMIRO-NORIEGA-MEDIOS--400x267.jpg",400,267,true],"mailpoet_newsletter_max":["https:\/\/www.uartes.edu.ec\/sitio\/wp-content\/uploads\/2020\/02\/RAMIRO-NORIEGA-MEDIOS-.jpg",1320,880,false]},"uagb_author_info":{"display_name":"Universidad de las Artes","author_link":"https:\/\/www.uartes.edu.ec\/sitio\/en\/blog\/author\/dircomadm\/"},"uagb_comment_info":0,"uagb_excerpt":"El rector de la Universidad de las Artes de Ecuador, Dr. Ramiro Noriega, expuso importantes acuerdos regionales ligados a la producci\u00f3n, investigaci\u00f3n y calidad de la educaci\u00f3n superior en artes, en la I Reuni\u00f3n de Ministras, Ministros y Altas Autoridades en Educaci\u00f3n Superior.","featured_image_src":"https:\/\/www.uartes.edu.ec\/sitio\/wp-content\/uploads\/2020\/02\/RAMIRO-NORIEGA-MEDIOS-.jpg","featured_image_src_square":"https:\/\/www.uartes.edu.ec\/sitio\/wp-content\/uploads\/2020\/02\/RAMIRO-NORIEGA-MEDIOS-.jpg","author_info":{"display_name":"Universidad de las Artes","author_link":"https:\/\/www.uartes.edu.ec\/sitio\/en\/blog\/author\/dircomadm\/"},"publishpress_future_workflow_manual_trigger":{"enabledWorkflows":[]},"distributor_meta":false,"distributor_terms":false,"distributor_media":false,"distributor_original_site_name":"Universidad de las Artes","distributor_original_site_url":"https:\/\/www.uartes.edu.ec\/sitio\/en","push-errors":false,"_links":{"self":[{"href":"https:\/\/www.uartes.edu.ec\/sitio\/en\/wp-json\/wp\/v2\/posts\/6357","targetHints":{"allow":["GET"]}}],"collection":[{"href":"https:\/\/www.uartes.edu.ec\/sitio\/en\/wp-json\/wp\/v2\/posts"}],"about":[{"href":"https:\/\/www.uartes.edu.ec\/sitio\/en\/wp-json\/wp\/v2\/types\/post"}],"author":[{"embeddable":true,"href":"https:\/\/www.uartes.edu.ec\/sitio\/en\/wp-json\/wp\/v2\/users\/1"}],"replies":[{"embeddable":true,"href":"https:\/\/www.uartes.edu.ec\/sitio\/en\/wp-json\/wp\/v2\/comments?post=6357"}],"version-history":[{"count":3,"href":"https:\/\/www.uartes.edu.ec\/sitio\/en\/wp-json\/wp\/v2\/posts\/6357\/revisions"}],"predecessor-version":[{"id":6396,"href":"https:\/\/www.uartes.edu.ec\/sitio\/en\/wp-json\/wp\/v2\/posts\/6357\/revisions\/6396"}],"wp:featuredmedia":[{"embeddable":true,"href":"https:\/\/www.uartes.edu.ec\/sitio\/en\/wp-json\/wp\/v2\/media\/6366"}],"wp:attachment":[{"href":"https:\/\/www.uartes.edu.ec\/sitio\/en\/wp-json\/wp\/v2\/media?parent=6357"}],"wp:term":[{"taxonomy":"category","embeddable":true,"href":"https:\/\/www.uartes.edu.ec\/sitio\/en\/wp-json\/wp\/v2\/categories?post=6357"},{"taxonomy":"post_tag","embeddable":true,"href":"https:\/\/www.uartes.edu.ec\/sitio\/en\/wp-json\/wp\/v2\/tags?post=6357"},{"taxonomy":"infouartes","embeddable":true,"href":"https:\/\/www.uartes.edu.ec\/sitio\/en\/wp-json\/wp\/v2\/infouartes?post=6357"}],"curies":[{"name":"wp","href":"https:\/\/api.w.org\/{rel}","templated":true}]}}