{"id":63646,"date":"2024-10-28T17:45:28","date_gmt":"2024-10-28T22:45:28","guid":{"rendered":"https:\/\/www.uartes.edu.ec\/sitio\/?p=63646"},"modified":"2024-11-05T17:19:33","modified_gmt":"2024-11-05T22:19:33","slug":"fce-presento-estas-son-mis-manos-de-liset-lantigua-en-el-marco-de-la-x-edicion-de-pais-para-cuentistas-uartes","status":"publish","type":"post","link":"https:\/\/www.uartes.edu.ec\/sitio\/en\/blog\/2024\/10\/28\/fce-presento-estas-son-mis-manos-de-liset-lantigua-en-el-marco-de-la-x-edicion-de-pais-para-cuentistas-uartes\/","title":{"rendered":"FCE present\u00f3 \u201cEstas son mis manos\u201d de Liset Lantigua, en el marco de la X edici\u00f3n de \u201cPa\u00eds para cuentistas\u201d de la UArtes"},"content":{"rendered":"<p>Del sello Fondo de Cultura Econ\u00f3mica (FCE), el jueves 24 de octubre se realiz\u00f3 la presentaci\u00f3n del libro \u201cEstas son mis manos\u201d, de la autora cubana Liset Lantigua. Tuvo lugar en la librer\u00eda Miguel Donoso Pareja, una de las dos que la casa editorial mexicana tiene en Guayaquil y por convenio en el MZ14 Centro de Producci\u00f3n e Innovaci\u00f3n de la Universidad de las Artes; la otra librer\u00eda se llama Rita Lecumberri y se encuentra en la Sala R\u00eda de Biblioteca de las Artes.<\/p>\n\n\n\n<p>Justamente, el lanzamiento de la obra fue una actividad conjunta entre el FCE Ecuador y la UArtes. Se realiz\u00f3 en el marco de la X edici\u00f3n de \u201cPa\u00eds para cuentistas\u201d, que es parte del proyecto de vinculaci\u00f3n con la sociedad \u201cDerivas, memoria en movimiento\u201d, que dirigen las escritoras y docentes de la Escuela de Literatura Siomara Espa\u00f1a y Solange Rodr\u00edguez.<\/p>\n\n\n\n<p>En \u201cEstas son mis manos\u201d, Liset Lantigua, quien reside en el pa\u00eds, habla desde la literatura infantil de la migraci\u00f3n, de all\u00ed la iniciativa de hacer su lanzamiento dentro de la X edici\u00f3n de \u201cPa\u00eds para cuentistas\u201d, cuyo eje tem\u00e1tico es la movilidad y toda su incidencia social. &nbsp;<\/p>\n\n\n<div class=\"wp-block-image\">\n<figure class=\"aligncenter size-large\"><img fetchpriority=\"high\" decoding=\"async\" width=\"644\" height=\"483\" src=\"https:\/\/www.uartes.edu.ec\/sitio\/wp-content\/uploads\/2024\/10\/libro15-644x483.jpg\" alt=\"\" class=\"wp-image-63648\" srcset=\"https:\/\/www.uartes.edu.ec\/sitio\/wp-content\/uploads\/2024\/10\/libro15-644x483.jpg 644w, https:\/\/www.uartes.edu.ec\/sitio\/wp-content\/uploads\/2024\/10\/libro15-300x225.jpg 300w, https:\/\/www.uartes.edu.ec\/sitio\/wp-content\/uploads\/2024\/10\/libro15-768x576.jpg 768w, https:\/\/www.uartes.edu.ec\/sitio\/wp-content\/uploads\/2024\/10\/libro15-1536x1152.jpg 1536w, https:\/\/www.uartes.edu.ec\/sitio\/wp-content\/uploads\/2024\/10\/libro15-16x12.jpg 16w, https:\/\/www.uartes.edu.ec\/sitio\/wp-content\/uploads\/2024\/10\/libro15-400x300.jpg 400w, https:\/\/www.uartes.edu.ec\/sitio\/wp-content\/uploads\/2024\/10\/libro15.jpg 1777w\" sizes=\"(max-width: 644px) 100vw, 644px\" \/><\/figure>\n<\/div>\n\n\n<p>La presentaci\u00f3n de la obra y el di\u00e1logo con su autora corrieron a cargo de Siomara Espa\u00f1a y Gabriel Delgado. En su contenido, \u201cEstas son mis manos\u201d recrea la historia de Sacha, una ni\u00f1a que sale de la selva y va hacia otro mundo. Cruza el Atl\u00e1ntico para tener un sue\u00f1o mejor, una vida mejor. Su viaje y tr\u00e1nsito se ve dibujado tambi\u00e9n en su pensamiento, en sus ideas y lo que ella aspira.&nbsp;<\/p>\n\n\n\n<p>Lejos y muy distante de la selva donde naci\u00f3, Sacha recorre el mar Mediterr\u00e1neo, las plazas y los monumentos. Ella siempre mira sus manos, en las que puede ver el saladero de tapires, las mariposas azules, las orqu\u00eddeas, los helechos y hasta las boas de su selva. Su historia es como la de muchos que deciden dejar sus lugares de origen; junto a la ni\u00f1a y su abuela, los lectores podr\u00e1n comprender el valor de los recuerdos y de c\u00f3mo guardar a las personas que queremos en el coraz\u00f3n.<\/p>\n\n\n\n<p>Es lo que manifest\u00f3 su autora. Es lo que se fue desprendiendo durante el di\u00e1logo, cuya audiencia estuvo conformada por docentes y estudiantes UArtes. Entre ellos, Solange Rodr\u00edguez, quien junto a Siomara Espa\u00f1a llevan adelante \u201cPa\u00eds para cuentistas\u201d, que esta X edici\u00f3n se concibe como un puente para entender que las palabras propician la movilizaci\u00f3n y el tr\u00e1nsito; para saber que todos somos migrantes, que todos somos caminantes y, por lo tanto, debemos tener esa libertad para movilizarnos sin ser juzgados, sin ser detenidos, sin pasar todas las penurias que se pasan.<\/p>\n\n\n\n<p>La obra es ilustrada, de pasta dura y se puede adquirir a $ 13 en la librer\u00eda Miguel Donoso Pareja (el MZ14 UArtes queda en Panam\u00e1 y 9 de Octubre) del FCE.<\/p>\n\n\n<div class=\"wp-block-image\">\n<figure class=\"aligncenter size-large\"><img decoding=\"async\" width=\"644\" height=\"483\" src=\"https:\/\/www.uartes.edu.ec\/sitio\/wp-content\/uploads\/2024\/10\/libro13-644x483.jpg\" alt=\"\" class=\"wp-image-63649\" srcset=\"https:\/\/www.uartes.edu.ec\/sitio\/wp-content\/uploads\/2024\/10\/libro13-644x483.jpg 644w, https:\/\/www.uartes.edu.ec\/sitio\/wp-content\/uploads\/2024\/10\/libro13-300x225.jpg 300w, https:\/\/www.uartes.edu.ec\/sitio\/wp-content\/uploads\/2024\/10\/libro13-768x576.jpg 768w, https:\/\/www.uartes.edu.ec\/sitio\/wp-content\/uploads\/2024\/10\/libro13-1536x1152.jpg 1536w, https:\/\/www.uartes.edu.ec\/sitio\/wp-content\/uploads\/2024\/10\/libro13-16x12.jpg 16w, https:\/\/www.uartes.edu.ec\/sitio\/wp-content\/uploads\/2024\/10\/libro13-400x300.jpg 400w, https:\/\/www.uartes.edu.ec\/sitio\/wp-content\/uploads\/2024\/10\/libro13.jpg 1777w\" sizes=\"(max-width: 644px) 100vw, 644px\" \/><\/figure>\n<\/div>\n\n\n<p>Texto: Carmen Cortez\/Dircom InfoUArtes<br>Fotos: Fondo de Cultura Econ\u00f3mica Ecuador<\/p>","protected":false},"excerpt":{"rendered":"<p>Del sello Fondo de Cultura Econ\u00f3mica (FCE), el jueves 24 de octubre se realiz\u00f3 la presentaci\u00f3n del libro \u201cEstas son mis manos\u201d, de la autora cubana Liset Lantigua. Tuvo lugar en la librer\u00eda Miguel Donoso Pareja, una de las dos que la casa editorial mexicana tiene en Guayaquil y por convenio en el MZ14 Centro de Producci\u00f3n e Innovaci\u00f3n de la Universidad de las Artes. Se dio en el marco de la X edici\u00f3n de \u00abPa\u00eds para cuentistas\u00bb.<\/p>","protected":false},"author":10,"featured_media":63647,"comment_status":"open","ping_status":"open","sticky":false,"template":"","format":"standard","meta":{"_acf_changed":false,"_uag_custom_page_level_css":"","_monsterinsights_skip_tracking":false,"_monsterinsights_sitenote_active":false,"_monsterinsights_sitenote_note":"","_monsterinsights_sitenote_category":0,"cybocfi_hide_featured_image":"","footnotes":""},"categories":[80,75,76,77,175,83,79],"tags":[892],"infouartes":[1288],"class_list":["post-63646","post","type-post","status-publish","format-standard","has-post-thumbnail","hentry","category-academico","category-docentes","category-estudiantes","category-gestion","category-literatura","category-sedes","category-vinculo","tag-lanzamiento-de-libro","infouartes-produccion-artistica"],"acf":[],"yoast_head":"<!-- This site is optimized with the Yoast SEO plugin v27.4 - https:\/\/yoast.com\/product\/yoast-seo-wordpress\/ -->\n<title>Universidad de las Artes - FCE present\u00f3 \u201cEstas son mis manos\u201d de Liset Lantigua, en el marco de la X edici\u00f3n de \u201cPa\u00eds para cuentistas\u201d de la UArtes<\/title>\n<meta name=\"description\" content=\"Universidad de las Artes - FCE present\u00f3 \u201cEstas son mis manos\u201d de Liset Lantigua, en el marco de la X edici\u00f3n de \u201cPa\u00eds para cuentistas\u201d de la UArtes\" \/>\n<meta name=\"robots\" content=\"index, follow, max-snippet:-1, max-image-preview:large, max-video-preview:-1\" \/>\n<link rel=\"canonical\" href=\"https:\/\/www.uartes.edu.ec\/sitio\/en\/blog\/2024\/10\/28\/fce-presento-estas-son-mis-manos-de-liset-lantigua-en-el-marco-de-la-x-edicion-de-pais-para-cuentistas-uartes\/\" \/>\n<meta property=\"og:locale\" content=\"en_US\" \/>\n<meta property=\"og:type\" content=\"article\" \/>\n<meta property=\"og:title\" content=\"Universidad de las Artes - FCE present\u00f3 \u201cEstas son mis manos\u201d de Liset Lantigua, en el marco de la X edici\u00f3n de \u201cPa\u00eds para cuentistas\u201d de la UArtes\" \/>\n<meta property=\"og:description\" content=\"Universidad de las Artes - FCE present\u00f3 \u201cEstas son mis manos\u201d de Liset Lantigua, en el marco de la X edici\u00f3n de \u201cPa\u00eds para cuentistas\u201d de la UArtes\" \/>\n<meta property=\"og:url\" content=\"https:\/\/www.uartes.edu.ec\/sitio\/en\/blog\/2024\/10\/28\/fce-presento-estas-son-mis-manos-de-liset-lantigua-en-el-marco-de-la-x-edicion-de-pais-para-cuentistas-uartes\/\" \/>\n<meta property=\"og:site_name\" content=\"Universidad de las Artes\" \/>\n<meta property=\"article:publisher\" content=\"https:\/\/www.facebook.com\/uartesec\" \/>\n<meta property=\"article:published_time\" content=\"2024-10-28T22:45:28+00:00\" \/>\n<meta property=\"article:modified_time\" content=\"2024-11-05T22:19:33+00:00\" \/>\n<meta property=\"og:image\" content=\"https:\/\/www.uartes.edu.ec\/sitio\/wp-content\/uploads\/2024\/10\/libro12-e1730323848741.jpg\" \/>\n\t<meta property=\"og:image:width\" content=\"1776\" \/>\n\t<meta property=\"og:image:height\" content=\"1184\" \/>\n\t<meta property=\"og:image:type\" content=\"image\/jpeg\" \/>\n<meta name=\"author\" content=\"ccortez\" \/>\n<meta name=\"twitter:card\" content=\"summary_large_image\" \/>\n<meta name=\"twitter:creator\" content=\"@uartesec\" \/>\n<meta name=\"twitter:site\" content=\"@uartesec\" \/>\n<meta name=\"twitter:label1\" content=\"Written by\" \/>\n\t<meta name=\"twitter:data1\" content=\"ccortez\" \/>\n\t<meta name=\"twitter:label2\" content=\"Est. reading time\" \/>\n\t<meta name=\"twitter:data2\" content=\"3 minutes\" \/>\n<script type=\"application\/ld+json\" class=\"yoast-schema-graph\">{\"@context\":\"https:\\\/\\\/schema.org\",\"@graph\":[{\"@type\":\"Article\",\"@id\":\"https:\\\/\\\/www.uartes.edu.ec\\\/sitio\\\/en\\\/blog\\\/2024\\\/10\\\/28\\\/fce-presento-estas-son-mis-manos-de-liset-lantigua-en-el-marco-de-la-x-edicion-de-pais-para-cuentistas-uartes\\\/#article\",\"isPartOf\":{\"@id\":\"https:\\\/\\\/www.uartes.edu.ec\\\/sitio\\\/en\\\/blog\\\/2024\\\/10\\\/28\\\/fce-presento-estas-son-mis-manos-de-liset-lantigua-en-el-marco-de-la-x-edicion-de-pais-para-cuentistas-uartes\\\/\"},\"author\":{\"name\":\"ccortez\",\"@id\":\"https:\\\/\\\/www.uartes.edu.ec\\\/sitio\\\/en\\\/#\\\/schema\\\/person\\\/efa1b8275797664fd7f13a79ccc0b1f4\"},\"headline\":\"FCE present\u00f3 \u201cEstas son mis manos\u201d de Liset Lantigua, en el marco de la X edici\u00f3n de \u201cPa\u00eds para cuentistas\u201d de la UArtes\",\"datePublished\":\"2024-10-28T22:45:28+00:00\",\"dateModified\":\"2024-11-05T22:19:33+00:00\",\"mainEntityOfPage\":{\"@id\":\"https:\\\/\\\/www.uartes.edu.ec\\\/sitio\\\/en\\\/blog\\\/2024\\\/10\\\/28\\\/fce-presento-estas-son-mis-manos-de-liset-lantigua-en-el-marco-de-la-x-edicion-de-pais-para-cuentistas-uartes\\\/\"},\"wordCount\":552,\"commentCount\":0,\"publisher\":{\"@id\":\"https:\\\/\\\/www.uartes.edu.ec\\\/sitio\\\/en\\\/#organization\"},\"image\":{\"@id\":\"https:\\\/\\\/www.uartes.edu.ec\\\/sitio\\\/en\\\/blog\\\/2024\\\/10\\\/28\\\/fce-presento-estas-son-mis-manos-de-liset-lantigua-en-el-marco-de-la-x-edicion-de-pais-para-cuentistas-uartes\\\/#primaryimage\"},\"thumbnailUrl\":\"https:\\\/\\\/www.uartes.edu.ec\\\/sitio\\\/wp-content\\\/uploads\\\/2024\\\/10\\\/libro12-e1730323848741.jpg\",\"keywords\":[\"lanzamiento de libro\"],\"articleSection\":[\"Acad\u00e9mico\",\"Docentes\",\"Estudiantes\",\"Gesti\u00f3n\",\"Literatura\",\"Sedes\",\"V\u00ednculo\"],\"inLanguage\":\"en-US\",\"potentialAction\":[{\"@type\":\"CommentAction\",\"name\":\"Comment\",\"target\":[\"https:\\\/\\\/www.uartes.edu.ec\\\/sitio\\\/en\\\/blog\\\/2024\\\/10\\\/28\\\/fce-presento-estas-son-mis-manos-de-liset-lantigua-en-el-marco-de-la-x-edicion-de-pais-para-cuentistas-uartes\\\/#respond\"]}]},{\"@type\":[\"WebPage\",\"ItemPage\"],\"@id\":\"https:\\\/\\\/www.uartes.edu.ec\\\/sitio\\\/en\\\/blog\\\/2024\\\/10\\\/28\\\/fce-presento-estas-son-mis-manos-de-liset-lantigua-en-el-marco-de-la-x-edicion-de-pais-para-cuentistas-uartes\\\/\",\"url\":\"https:\\\/\\\/www.uartes.edu.ec\\\/sitio\\\/en\\\/blog\\\/2024\\\/10\\\/28\\\/fce-presento-estas-son-mis-manos-de-liset-lantigua-en-el-marco-de-la-x-edicion-de-pais-para-cuentistas-uartes\\\/\",\"name\":\"Universidad de las Artes - FCE present\u00f3 \u201cEstas son mis manos\u201d de Liset Lantigua, en el marco de la X edici\u00f3n de \u201cPa\u00eds para cuentistas\u201d de la UArtes\",\"isPartOf\":{\"@id\":\"https:\\\/\\\/www.uartes.edu.ec\\\/sitio\\\/en\\\/#website\"},\"primaryImageOfPage\":{\"@id\":\"https:\\\/\\\/www.uartes.edu.ec\\\/sitio\\\/en\\\/blog\\\/2024\\\/10\\\/28\\\/fce-presento-estas-son-mis-manos-de-liset-lantigua-en-el-marco-de-la-x-edicion-de-pais-para-cuentistas-uartes\\\/#primaryimage\"},\"image\":{\"@id\":\"https:\\\/\\\/www.uartes.edu.ec\\\/sitio\\\/en\\\/blog\\\/2024\\\/10\\\/28\\\/fce-presento-estas-son-mis-manos-de-liset-lantigua-en-el-marco-de-la-x-edicion-de-pais-para-cuentistas-uartes\\\/#primaryimage\"},\"thumbnailUrl\":\"https:\\\/\\\/www.uartes.edu.ec\\\/sitio\\\/wp-content\\\/uploads\\\/2024\\\/10\\\/libro12-e1730323848741.jpg\",\"datePublished\":\"2024-10-28T22:45:28+00:00\",\"dateModified\":\"2024-11-05T22:19:33+00:00\",\"description\":\"Universidad de las Artes - FCE present\u00f3 \u201cEstas son mis manos\u201d de Liset Lantigua, en el marco de la X edici\u00f3n de \u201cPa\u00eds para cuentistas\u201d de la UArtes\",\"breadcrumb\":{\"@id\":\"https:\\\/\\\/www.uartes.edu.ec\\\/sitio\\\/en\\\/blog\\\/2024\\\/10\\\/28\\\/fce-presento-estas-son-mis-manos-de-liset-lantigua-en-el-marco-de-la-x-edicion-de-pais-para-cuentistas-uartes\\\/#breadcrumb\"},\"inLanguage\":\"en-US\",\"potentialAction\":[{\"@type\":\"ReadAction\",\"target\":[\"https:\\\/\\\/www.uartes.edu.ec\\\/sitio\\\/en\\\/blog\\\/2024\\\/10\\\/28\\\/fce-presento-estas-son-mis-manos-de-liset-lantigua-en-el-marco-de-la-x-edicion-de-pais-para-cuentistas-uartes\\\/\"]}]},{\"@type\":\"ImageObject\",\"inLanguage\":\"en-US\",\"@id\":\"https:\\\/\\\/www.uartes.edu.ec\\\/sitio\\\/en\\\/blog\\\/2024\\\/10\\\/28\\\/fce-presento-estas-son-mis-manos-de-liset-lantigua-en-el-marco-de-la-x-edicion-de-pais-para-cuentistas-uartes\\\/#primaryimage\",\"url\":\"https:\\\/\\\/www.uartes.edu.ec\\\/sitio\\\/wp-content\\\/uploads\\\/2024\\\/10\\\/libro12-e1730323848741.jpg\",\"contentUrl\":\"https:\\\/\\\/www.uartes.edu.ec\\\/sitio\\\/wp-content\\\/uploads\\\/2024\\\/10\\\/libro12-e1730323848741.jpg\",\"width\":1776,\"height\":1184},{\"@type\":\"BreadcrumbList\",\"@id\":\"https:\\\/\\\/www.uartes.edu.ec\\\/sitio\\\/en\\\/blog\\\/2024\\\/10\\\/28\\\/fce-presento-estas-son-mis-manos-de-liset-lantigua-en-el-marco-de-la-x-edicion-de-pais-para-cuentistas-uartes\\\/#breadcrumb\",\"itemListElement\":[{\"@type\":\"ListItem\",\"position\":1,\"name\":\"Inicio\",\"item\":\"https:\\\/\\\/www.uartes.edu.ec\\\/sitio\\\/\"},{\"@type\":\"ListItem\",\"position\":2,\"name\":\"FCE present\u00f3 \u201cEstas son mis manos\u201d de Liset Lantigua, en el marco de la X edici\u00f3n de \u201cPa\u00eds para cuentistas\u201d de la UArtes\"}]},{\"@type\":\"WebSite\",\"@id\":\"https:\\\/\\\/www.uartes.edu.ec\\\/sitio\\\/en\\\/#website\",\"url\":\"https:\\\/\\\/www.uartes.edu.ec\\\/sitio\\\/en\\\/\",\"name\":\"Universidad de las Artes\",\"description\":\"Sitio oficial de la Universidad Nacional de las Artes del Ecuador\",\"publisher\":{\"@id\":\"https:\\\/\\\/www.uartes.edu.ec\\\/sitio\\\/en\\\/#organization\"},\"potentialAction\":[{\"@type\":\"SearchAction\",\"target\":{\"@type\":\"EntryPoint\",\"urlTemplate\":\"https:\\\/\\\/www.uartes.edu.ec\\\/sitio\\\/en\\\/?s={search_term_string}\"},\"query-input\":{\"@type\":\"PropertyValueSpecification\",\"valueRequired\":true,\"valueName\":\"search_term_string\"}}],\"inLanguage\":\"en-US\"},{\"@type\":\"Organization\",\"@id\":\"https:\\\/\\\/www.uartes.edu.ec\\\/sitio\\\/en\\\/#organization\",\"name\":\"Universidad de las Artes\",\"url\":\"https:\\\/\\\/www.uartes.edu.ec\\\/sitio\\\/en\\\/\",\"logo\":{\"@type\":\"ImageObject\",\"inLanguage\":\"en-US\",\"@id\":\"https:\\\/\\\/www.uartes.edu.ec\\\/sitio\\\/en\\\/#\\\/schema\\\/logo\\\/image\\\/\",\"url\":\"https:\\\/\\\/www.uartes.edu.ec\\\/sitio\\\/wp-content\\\/uploads\\\/2022\\\/07\\\/logo-ua-horizontal.png\",\"contentUrl\":\"https:\\\/\\\/www.uartes.edu.ec\\\/sitio\\\/wp-content\\\/uploads\\\/2022\\\/07\\\/logo-ua-horizontal.png\",\"width\":800,\"height\":276,\"caption\":\"Universidad de las Artes\"},\"image\":{\"@id\":\"https:\\\/\\\/www.uartes.edu.ec\\\/sitio\\\/en\\\/#\\\/schema\\\/logo\\\/image\\\/\"},\"sameAs\":[\"https:\\\/\\\/www.facebook.com\\\/uartesec\",\"https:\\\/\\\/x.com\\\/uartesec\",\"https:\\\/\\\/www.tiktok.com\\\/@uartesec\"]},{\"@type\":\"Person\",\"@id\":\"https:\\\/\\\/www.uartes.edu.ec\\\/sitio\\\/en\\\/#\\\/schema\\\/person\\\/efa1b8275797664fd7f13a79ccc0b1f4\",\"name\":\"ccortez\",\"image\":{\"@type\":\"ImageObject\",\"inLanguage\":\"en-US\",\"@id\":\"https:\\\/\\\/secure.gravatar.com\\\/avatar\\\/b2a6f664a3ae8e074346ef91775736c5ec479e637ecced6842de9dc98b5da9cd?s=96&d=mm&r=g\",\"url\":\"https:\\\/\\\/secure.gravatar.com\\\/avatar\\\/b2a6f664a3ae8e074346ef91775736c5ec479e637ecced6842de9dc98b5da9cd?s=96&d=mm&r=g\",\"contentUrl\":\"https:\\\/\\\/secure.gravatar.com\\\/avatar\\\/b2a6f664a3ae8e074346ef91775736c5ec479e637ecced6842de9dc98b5da9cd?s=96&d=mm&r=g\",\"caption\":\"ccortez\"},\"url\":\"https:\\\/\\\/www.uartes.edu.ec\\\/sitio\\\/en\\\/blog\\\/author\\\/ccortez\\\/\"}]}<\/script>\n<!-- \/ Yoast SEO plugin. -->","yoast_head_json":{"title":"Universidad de las Artes - FCE present\u00f3 \u201cEstas son mis manos\u201d de Liset Lantigua, en el marco de la X edici\u00f3n de \u201cPa\u00eds para cuentistas\u201d de la UArtes","description":"Universidad de las Artes - FCE present\u00f3 \u201cEstas son mis manos\u201d de Liset Lantigua, en el marco de la X edici\u00f3n de \u201cPa\u00eds para cuentistas\u201d de la UArtes","robots":{"index":"index","follow":"follow","max-snippet":"max-snippet:-1","max-image-preview":"max-image-preview:large","max-video-preview":"max-video-preview:-1"},"canonical":"https:\/\/www.uartes.edu.ec\/sitio\/en\/blog\/2024\/10\/28\/fce-presento-estas-son-mis-manos-de-liset-lantigua-en-el-marco-de-la-x-edicion-de-pais-para-cuentistas-uartes\/","og_locale":"en_US","og_type":"article","og_title":"Universidad de las Artes - FCE present\u00f3 \u201cEstas son mis manos\u201d de Liset Lantigua, en el marco de la X edici\u00f3n de \u201cPa\u00eds para cuentistas\u201d de la UArtes","og_description":"Universidad de las Artes - FCE present\u00f3 \u201cEstas son mis manos\u201d de Liset Lantigua, en el marco de la X edici\u00f3n de \u201cPa\u00eds para cuentistas\u201d de la UArtes","og_url":"https:\/\/www.uartes.edu.ec\/sitio\/en\/blog\/2024\/10\/28\/fce-presento-estas-son-mis-manos-de-liset-lantigua-en-el-marco-de-la-x-edicion-de-pais-para-cuentistas-uartes\/","og_site_name":"Universidad de las Artes","article_publisher":"https:\/\/www.facebook.com\/uartesec","article_published_time":"2024-10-28T22:45:28+00:00","article_modified_time":"2024-11-05T22:19:33+00:00","og_image":[{"width":1776,"height":1184,"url":"https:\/\/www.uartes.edu.ec\/sitio\/wp-content\/uploads\/2024\/10\/libro12-e1730323848741.jpg","type":"image\/jpeg"}],"author":"ccortez","twitter_card":"summary_large_image","twitter_creator":"@uartesec","twitter_site":"@uartesec","twitter_misc":{"Written by":"ccortez","Est. reading time":"3 minutes"},"schema":{"@context":"https:\/\/schema.org","@graph":[{"@type":"Article","@id":"https:\/\/www.uartes.edu.ec\/sitio\/en\/blog\/2024\/10\/28\/fce-presento-estas-son-mis-manos-de-liset-lantigua-en-el-marco-de-la-x-edicion-de-pais-para-cuentistas-uartes\/#article","isPartOf":{"@id":"https:\/\/www.uartes.edu.ec\/sitio\/en\/blog\/2024\/10\/28\/fce-presento-estas-son-mis-manos-de-liset-lantigua-en-el-marco-de-la-x-edicion-de-pais-para-cuentistas-uartes\/"},"author":{"name":"ccortez","@id":"https:\/\/www.uartes.edu.ec\/sitio\/en\/#\/schema\/person\/efa1b8275797664fd7f13a79ccc0b1f4"},"headline":"FCE present\u00f3 \u201cEstas son mis manos\u201d de Liset Lantigua, en el marco de la X edici\u00f3n de \u201cPa\u00eds para cuentistas\u201d de la UArtes","datePublished":"2024-10-28T22:45:28+00:00","dateModified":"2024-11-05T22:19:33+00:00","mainEntityOfPage":{"@id":"https:\/\/www.uartes.edu.ec\/sitio\/en\/blog\/2024\/10\/28\/fce-presento-estas-son-mis-manos-de-liset-lantigua-en-el-marco-de-la-x-edicion-de-pais-para-cuentistas-uartes\/"},"wordCount":552,"commentCount":0,"publisher":{"@id":"https:\/\/www.uartes.edu.ec\/sitio\/en\/#organization"},"image":{"@id":"https:\/\/www.uartes.edu.ec\/sitio\/en\/blog\/2024\/10\/28\/fce-presento-estas-son-mis-manos-de-liset-lantigua-en-el-marco-de-la-x-edicion-de-pais-para-cuentistas-uartes\/#primaryimage"},"thumbnailUrl":"https:\/\/www.uartes.edu.ec\/sitio\/wp-content\/uploads\/2024\/10\/libro12-e1730323848741.jpg","keywords":["lanzamiento de libro"],"articleSection":["Acad\u00e9mico","Docentes","Estudiantes","Gesti\u00f3n","Literatura","Sedes","V\u00ednculo"],"inLanguage":"en-US","potentialAction":[{"@type":"CommentAction","name":"Comment","target":["https:\/\/www.uartes.edu.ec\/sitio\/en\/blog\/2024\/10\/28\/fce-presento-estas-son-mis-manos-de-liset-lantigua-en-el-marco-de-la-x-edicion-de-pais-para-cuentistas-uartes\/#respond"]}]},{"@type":["WebPage","ItemPage"],"@id":"https:\/\/www.uartes.edu.ec\/sitio\/en\/blog\/2024\/10\/28\/fce-presento-estas-son-mis-manos-de-liset-lantigua-en-el-marco-de-la-x-edicion-de-pais-para-cuentistas-uartes\/","url":"https:\/\/www.uartes.edu.ec\/sitio\/en\/blog\/2024\/10\/28\/fce-presento-estas-son-mis-manos-de-liset-lantigua-en-el-marco-de-la-x-edicion-de-pais-para-cuentistas-uartes\/","name":"Universidad de las Artes - FCE present\u00f3 \u201cEstas son mis manos\u201d de Liset Lantigua, en el marco de la X edici\u00f3n de \u201cPa\u00eds para cuentistas\u201d de la UArtes","isPartOf":{"@id":"https:\/\/www.uartes.edu.ec\/sitio\/en\/#website"},"primaryImageOfPage":{"@id":"https:\/\/www.uartes.edu.ec\/sitio\/en\/blog\/2024\/10\/28\/fce-presento-estas-son-mis-manos-de-liset-lantigua-en-el-marco-de-la-x-edicion-de-pais-para-cuentistas-uartes\/#primaryimage"},"image":{"@id":"https:\/\/www.uartes.edu.ec\/sitio\/en\/blog\/2024\/10\/28\/fce-presento-estas-son-mis-manos-de-liset-lantigua-en-el-marco-de-la-x-edicion-de-pais-para-cuentistas-uartes\/#primaryimage"},"thumbnailUrl":"https:\/\/www.uartes.edu.ec\/sitio\/wp-content\/uploads\/2024\/10\/libro12-e1730323848741.jpg","datePublished":"2024-10-28T22:45:28+00:00","dateModified":"2024-11-05T22:19:33+00:00","description":"Universidad de las Artes - FCE present\u00f3 \u201cEstas son mis manos\u201d de Liset Lantigua, en el marco de la X edici\u00f3n de \u201cPa\u00eds para cuentistas\u201d de la UArtes","breadcrumb":{"@id":"https:\/\/www.uartes.edu.ec\/sitio\/en\/blog\/2024\/10\/28\/fce-presento-estas-son-mis-manos-de-liset-lantigua-en-el-marco-de-la-x-edicion-de-pais-para-cuentistas-uartes\/#breadcrumb"},"inLanguage":"en-US","potentialAction":[{"@type":"ReadAction","target":["https:\/\/www.uartes.edu.ec\/sitio\/en\/blog\/2024\/10\/28\/fce-presento-estas-son-mis-manos-de-liset-lantigua-en-el-marco-de-la-x-edicion-de-pais-para-cuentistas-uartes\/"]}]},{"@type":"ImageObject","inLanguage":"en-US","@id":"https:\/\/www.uartes.edu.ec\/sitio\/en\/blog\/2024\/10\/28\/fce-presento-estas-son-mis-manos-de-liset-lantigua-en-el-marco-de-la-x-edicion-de-pais-para-cuentistas-uartes\/#primaryimage","url":"https:\/\/www.uartes.edu.ec\/sitio\/wp-content\/uploads\/2024\/10\/libro12-e1730323848741.jpg","contentUrl":"https:\/\/www.uartes.edu.ec\/sitio\/wp-content\/uploads\/2024\/10\/libro12-e1730323848741.jpg","width":1776,"height":1184},{"@type":"BreadcrumbList","@id":"https:\/\/www.uartes.edu.ec\/sitio\/en\/blog\/2024\/10\/28\/fce-presento-estas-son-mis-manos-de-liset-lantigua-en-el-marco-de-la-x-edicion-de-pais-para-cuentistas-uartes\/#breadcrumb","itemListElement":[{"@type":"ListItem","position":1,"name":"Inicio","item":"https:\/\/www.uartes.edu.ec\/sitio\/"},{"@type":"ListItem","position":2,"name":"FCE present\u00f3 \u201cEstas son mis manos\u201d de Liset Lantigua, en el marco de la X edici\u00f3n de \u201cPa\u00eds para cuentistas\u201d de la UArtes"}]},{"@type":"WebSite","@id":"https:\/\/www.uartes.edu.ec\/sitio\/en\/#website","url":"https:\/\/www.uartes.edu.ec\/sitio\/en\/","name":"Universidad de las Artes","description":"Sitio oficial de la Universidad Nacional de las Artes del Ecuador","publisher":{"@id":"https:\/\/www.uartes.edu.ec\/sitio\/en\/#organization"},"potentialAction":[{"@type":"SearchAction","target":{"@type":"EntryPoint","urlTemplate":"https:\/\/www.uartes.edu.ec\/sitio\/en\/?s={search_term_string}"},"query-input":{"@type":"PropertyValueSpecification","valueRequired":true,"valueName":"search_term_string"}}],"inLanguage":"en-US"},{"@type":"Organization","@id":"https:\/\/www.uartes.edu.ec\/sitio\/en\/#organization","name":"Universidad de las Artes","url":"https:\/\/www.uartes.edu.ec\/sitio\/en\/","logo":{"@type":"ImageObject","inLanguage":"en-US","@id":"https:\/\/www.uartes.edu.ec\/sitio\/en\/#\/schema\/logo\/image\/","url":"https:\/\/www.uartes.edu.ec\/sitio\/wp-content\/uploads\/2022\/07\/logo-ua-horizontal.png","contentUrl":"https:\/\/www.uartes.edu.ec\/sitio\/wp-content\/uploads\/2022\/07\/logo-ua-horizontal.png","width":800,"height":276,"caption":"Universidad de las Artes"},"image":{"@id":"https:\/\/www.uartes.edu.ec\/sitio\/en\/#\/schema\/logo\/image\/"},"sameAs":["https:\/\/www.facebook.com\/uartesec","https:\/\/x.com\/uartesec","https:\/\/www.tiktok.com\/@uartesec"]},{"@type":"Person","@id":"https:\/\/www.uartes.edu.ec\/sitio\/en\/#\/schema\/person\/efa1b8275797664fd7f13a79ccc0b1f4","name":"ccortez","image":{"@type":"ImageObject","inLanguage":"en-US","@id":"https:\/\/secure.gravatar.com\/avatar\/b2a6f664a3ae8e074346ef91775736c5ec479e637ecced6842de9dc98b5da9cd?s=96&d=mm&r=g","url":"https:\/\/secure.gravatar.com\/avatar\/b2a6f664a3ae8e074346ef91775736c5ec479e637ecced6842de9dc98b5da9cd?s=96&d=mm&r=g","contentUrl":"https:\/\/secure.gravatar.com\/avatar\/b2a6f664a3ae8e074346ef91775736c5ec479e637ecced6842de9dc98b5da9cd?s=96&d=mm&r=g","caption":"ccortez"},"url":"https:\/\/www.uartes.edu.ec\/sitio\/en\/blog\/author\/ccortez\/"}]}},"uagb_featured_image_src":{"full":["https:\/\/www.uartes.edu.ec\/sitio\/wp-content\/uploads\/2024\/10\/libro12-e1730323848741.jpg",1776,1184,false],"thumbnail":["https:\/\/www.uartes.edu.ec\/sitio\/wp-content\/uploads\/2024\/10\/libro12-e1730323848741-150x150.jpg",150,150,true],"medium":["https:\/\/www.uartes.edu.ec\/sitio\/wp-content\/uploads\/2024\/10\/libro12-e1730323848741-300x200.jpg",300,200,true],"medium_large":["https:\/\/www.uartes.edu.ec\/sitio\/wp-content\/uploads\/2024\/10\/libro12-e1730323848741-768x512.jpg",768,512,true],"large":["https:\/\/www.uartes.edu.ec\/sitio\/wp-content\/uploads\/2024\/10\/libro12-e1730323848741-644x429.jpg",644,429,true],"1536x1536":["https:\/\/www.uartes.edu.ec\/sitio\/wp-content\/uploads\/2024\/10\/libro12-e1730323848741-1536x1024.jpg",1536,1024,true],"2048x2048":["https:\/\/www.uartes.edu.ec\/sitio\/wp-content\/uploads\/2024\/10\/libro12-e1730323848741.jpg",1776,1184,false],"trp-custom-language-flag":["https:\/\/www.uartes.edu.ec\/sitio\/wp-content\/uploads\/2024\/10\/libro12-e1730323848741-18x12.jpg",18,12,true],"htmega_size_585x295":["https:\/\/www.uartes.edu.ec\/sitio\/wp-content\/uploads\/2024\/10\/libro12-e1730323848741-585x295.jpg",585,295,true],"htmega_size_1170x536":["https:\/\/www.uartes.edu.ec\/sitio\/wp-content\/uploads\/2024\/10\/libro12-e1730323848741-1170x536.jpg",1170,536,true],"htmega_size_396x360":["https:\/\/www.uartes.edu.ec\/sitio\/wp-content\/uploads\/2024\/10\/libro12-e1730323848741-396x360.jpg",396,360,true],"gb-block-post-grid-landscape":["https:\/\/www.uartes.edu.ec\/sitio\/wp-content\/uploads\/2024\/10\/libro12-e1730323848741-600x400.jpg",600,400,true],"gb-block-post-grid-square":["https:\/\/www.uartes.edu.ec\/sitio\/wp-content\/uploads\/2024\/10\/libro12-e1730323848741-600x600.jpg",600,600,true],"university-hub-thumb":["https:\/\/www.uartes.edu.ec\/sitio\/wp-content\/uploads\/2024\/10\/libro12-e1730323848741-400x267.jpg",400,267,true]},"uagb_author_info":{"display_name":"ccortez","author_link":"https:\/\/www.uartes.edu.ec\/sitio\/en\/blog\/author\/ccortez\/"},"uagb_comment_info":0,"uagb_excerpt":"Del sello Fondo de Cultura Econ\u00f3mica (FCE), el jueves 24 de octubre se realiz\u00f3 la presentaci\u00f3n del libro \u201cEstas son mis manos\u201d, de la autora cubana Liset Lantigua. Tuvo lugar en la librer\u00eda Miguel Donoso Pareja, una de las dos que la casa editorial mexicana tiene en Guayaquil y por convenio en el MZ14 Centro&hellip;","featured_image_src":"https:\/\/www.uartes.edu.ec\/sitio\/wp-content\/uploads\/2024\/10\/libro12-e1730323848741-600x400.jpg","featured_image_src_square":"https:\/\/www.uartes.edu.ec\/sitio\/wp-content\/uploads\/2024\/10\/libro12-e1730323848741-600x600.jpg","author_info":{"display_name":"ccortez","author_link":"https:\/\/www.uartes.edu.ec\/sitio\/en\/blog\/author\/ccortez\/"},"publishpress_future_workflow_manual_trigger":{"enabledWorkflows":[]},"distributor_meta":false,"distributor_terms":false,"distributor_media":false,"distributor_original_site_name":"Universidad de las Artes","distributor_original_site_url":"https:\/\/www.uartes.edu.ec\/sitio\/en","push-errors":false,"_links":{"self":[{"href":"https:\/\/www.uartes.edu.ec\/sitio\/en\/wp-json\/wp\/v2\/posts\/63646","targetHints":{"allow":["GET"]}}],"collection":[{"href":"https:\/\/www.uartes.edu.ec\/sitio\/en\/wp-json\/wp\/v2\/posts"}],"about":[{"href":"https:\/\/www.uartes.edu.ec\/sitio\/en\/wp-json\/wp\/v2\/types\/post"}],"author":[{"embeddable":true,"href":"https:\/\/www.uartes.edu.ec\/sitio\/en\/wp-json\/wp\/v2\/users\/10"}],"replies":[{"embeddable":true,"href":"https:\/\/www.uartes.edu.ec\/sitio\/en\/wp-json\/wp\/v2\/comments?post=63646"}],"version-history":[{"count":4,"href":"https:\/\/www.uartes.edu.ec\/sitio\/en\/wp-json\/wp\/v2\/posts\/63646\/revisions"}],"predecessor-version":[{"id":64016,"href":"https:\/\/www.uartes.edu.ec\/sitio\/en\/wp-json\/wp\/v2\/posts\/63646\/revisions\/64016"}],"wp:featuredmedia":[{"embeddable":true,"href":"https:\/\/www.uartes.edu.ec\/sitio\/en\/wp-json\/wp\/v2\/media\/63647"}],"wp:attachment":[{"href":"https:\/\/www.uartes.edu.ec\/sitio\/en\/wp-json\/wp\/v2\/media?parent=63646"}],"wp:term":[{"taxonomy":"category","embeddable":true,"href":"https:\/\/www.uartes.edu.ec\/sitio\/en\/wp-json\/wp\/v2\/categories?post=63646"},{"taxonomy":"post_tag","embeddable":true,"href":"https:\/\/www.uartes.edu.ec\/sitio\/en\/wp-json\/wp\/v2\/tags?post=63646"},{"taxonomy":"infouartes","embeddable":true,"href":"https:\/\/www.uartes.edu.ec\/sitio\/en\/wp-json\/wp\/v2\/infouartes?post=63646"}],"curies":[{"name":"wp","href":"https:\/\/api.w.org\/{rel}","templated":true}]}}