{"id":63925,"date":"2024-10-31T10:17:00","date_gmt":"2024-10-31T15:17:00","guid":{"rendered":"https:\/\/www.uartes.edu.ec\/sitio\/?p=63925"},"modified":"2024-11-12T08:59:23","modified_gmt":"2024-11-12T13:59:23","slug":"en-dialogo-con-edy-martinez-y-su-historia-musical","status":"publish","type":"post","link":"https:\/\/www.uartes.edu.ec\/sitio\/en\/blog\/2024\/10\/31\/en-dialogo-con-edy-martinez-y-su-historia-musical\/","title":{"rendered":"La Universidad de las Artes es totalmente progresista y sus docentes contempor\u00e1neos en la ense\u00f1anza: Edy Mart\u00ednez"},"content":{"rendered":"<p>Que ten\u00eda desde ya las mejores impresiones de la Universidad de las Artes, dijo el maestro Edy Mart\u00ednez a InfoUArtes tras el conversatorio que mantuvo con el docente UArtes Fredy Vallejos la tarde del martes 29 de octubre, en el inicio de \u201cPiano ma non solo\u201d, evento hito de la Escuela de Artes Sonoras. Para el pianista, percusionista, arreglista, compositor, director y productor colombiano, nuestra instituci\u00f3n es totalmente progresista con docentes muy contempor\u00e1neos en la ense\u00f1anza.<\/p>\n\n\n\n<p>Mencion\u00f3 a dos con los que ya hab\u00eda conversado. Fredy Vallejos, con quien mantuvo el conversatorio donde se dio a conocer mucho de su trabajo musical, el cual lo ha llevado a ser reconocido como uno de los grandes y emblem\u00e1ticos m\u00fasicos colombianos en el \u00e1mbito de la salsa, del latin jazz y del jazz; y Javier Ocampo, director de la EAS. \u201cCreo que hay una direcci\u00f3n muy clara para poder ver y llevar a la UArtes como una universidad del futuro\u201d.<\/p>\n\n\n\n<p>Tambi\u00e9n con experiencia en la docencia, puesto que el invitado internacional&nbsp;dio c\u00e1tedra en la Universidad Nacional, en la Universidad Incca y en la Universidad Javeriana de su pa\u00eds, Edy Mart\u00ednez anot\u00f3 en el di\u00e1logo con Vallejos que la m\u00fasica es una misi\u00f3n, hay que entenderla y entender claramente su lenguaje. A veces la gente no puede entender muy bien lo que est\u00e1s tocando, pero lo puede sentir y lo acepta porque hay acento en la manera de tocar e interpretar, ya sea cl\u00e1sico o m\u00fasica salsa; en cualquier idioma, el lenguaje de la m\u00fasica tiene que ser muy claro, se\u00f1al\u00f3.<\/p>\n\n\n<div class=\"wp-block-image\">\n<figure class=\"aligncenter size-large\"><img fetchpriority=\"high\" decoding=\"async\" width=\"644\" height=\"429\" src=\"https:\/\/www.uartes.edu.ec\/sitio\/wp-content\/uploads\/2024\/10\/05-CONCURSO-PIANO-MA-NON-SOLO-644x429.jpg\" alt=\"\" class=\"wp-image-63959\" srcset=\"https:\/\/www.uartes.edu.ec\/sitio\/wp-content\/uploads\/2024\/10\/05-CONCURSO-PIANO-MA-NON-SOLO-644x429.jpg 644w, https:\/\/www.uartes.edu.ec\/sitio\/wp-content\/uploads\/2024\/10\/05-CONCURSO-PIANO-MA-NON-SOLO-300x200.jpg 300w, https:\/\/www.uartes.edu.ec\/sitio\/wp-content\/uploads\/2024\/10\/05-CONCURSO-PIANO-MA-NON-SOLO-768x512.jpg 768w, https:\/\/www.uartes.edu.ec\/sitio\/wp-content\/uploads\/2024\/10\/05-CONCURSO-PIANO-MA-NON-SOLO-1536x1024.jpg 1536w, https:\/\/www.uartes.edu.ec\/sitio\/wp-content\/uploads\/2024\/10\/05-CONCURSO-PIANO-MA-NON-SOLO-18x12.jpg 18w, https:\/\/www.uartes.edu.ec\/sitio\/wp-content\/uploads\/2024\/10\/05-CONCURSO-PIANO-MA-NON-SOLO-600x400.jpg 600w, https:\/\/www.uartes.edu.ec\/sitio\/wp-content\/uploads\/2024\/10\/05-CONCURSO-PIANO-MA-NON-SOLO-400x267.jpg 400w, https:\/\/www.uartes.edu.ec\/sitio\/wp-content\/uploads\/2024\/10\/05-CONCURSO-PIANO-MA-NON-SOLO-272x182.jpg 272w, https:\/\/www.uartes.edu.ec\/sitio\/wp-content\/uploads\/2024\/10\/05-CONCURSO-PIANO-MA-NON-SOLO.jpg 2000w\" sizes=\"(max-width: 644px) 100vw, 644px\" \/><\/figure>\n<\/div>\n\n\n<p>El di\u00e1logo fue extenso y al t\u00e9rmino del recorrido por la trayectoria del artista y su experiencia junto a otros m\u00fasicos e int\u00e9rpretes destacados hubo preguntas tanto del moderador como del p\u00fablico. Vallejos le hizo menci\u00f3n de su experiencia con \u00c1ngel Canales, cuya voz no es t\u00e9cnica ni muy desarrollada y sus arreglos, sin embargo, se adaptan a su voz. \u00bfCu\u00e1les son las t\u00e9cnicas o metodolog\u00eda como arreglista frente a esa situaci\u00f3n?, pregunt\u00f3 el docente UArtes. En respuesta, Edy Mart\u00ednez anot\u00f3 que Canales es buen cantante no el m\u00e1s talentoso, pero vendi\u00f3 muchos discos y el p\u00fablico lo acept\u00f3 y en las tiendas que vend\u00edan sus producciones se vaciaron. Sucede y en la m\u00fasica latina m\u00e1s que todo, dijo.<\/p>\n\n\n\n<p>En el conversatorio, Vallejos se\u00f1al\u00f3 que en \u00abPiano ma non solo\u00bb se program\u00f3 tambi\u00e9n la proyecci\u00f3n en la Sala de Cine de la UArtes del documental \u201c\u00a1Viva Edy!, la historia de una m\u00fasica indestructible\u201d, del director Carlos Ospina (Colombia), con quien se mantendr\u00eda seguidamente el segundo conversatorio de la cita. (Ambas actividades en la agenda de ayer, mi\u00e9rcoles 30, entre las 09:00 y 11:30).<\/p>\n\n\n<div class=\"wp-block-image\">\n<figure class=\"aligncenter size-large\"><img decoding=\"async\" width=\"644\" height=\"429\" src=\"https:\/\/www.uartes.edu.ec\/sitio\/wp-content\/uploads\/2024\/10\/02-EDY-MARTINEZ-PIANO-MA-NON-SOLO-644x429.jpg\" alt=\"\" class=\"wp-image-63958\" srcset=\"https:\/\/www.uartes.edu.ec\/sitio\/wp-content\/uploads\/2024\/10\/02-EDY-MARTINEZ-PIANO-MA-NON-SOLO-644x429.jpg 644w, https:\/\/www.uartes.edu.ec\/sitio\/wp-content\/uploads\/2024\/10\/02-EDY-MARTINEZ-PIANO-MA-NON-SOLO-300x200.jpg 300w, https:\/\/www.uartes.edu.ec\/sitio\/wp-content\/uploads\/2024\/10\/02-EDY-MARTINEZ-PIANO-MA-NON-SOLO-768x512.jpg 768w, https:\/\/www.uartes.edu.ec\/sitio\/wp-content\/uploads\/2024\/10\/02-EDY-MARTINEZ-PIANO-MA-NON-SOLO-1536x1024.jpg 1536w, https:\/\/www.uartes.edu.ec\/sitio\/wp-content\/uploads\/2024\/10\/02-EDY-MARTINEZ-PIANO-MA-NON-SOLO-18x12.jpg 18w, https:\/\/www.uartes.edu.ec\/sitio\/wp-content\/uploads\/2024\/10\/02-EDY-MARTINEZ-PIANO-MA-NON-SOLO-600x400.jpg 600w, https:\/\/www.uartes.edu.ec\/sitio\/wp-content\/uploads\/2024\/10\/02-EDY-MARTINEZ-PIANO-MA-NON-SOLO-400x267.jpg 400w, https:\/\/www.uartes.edu.ec\/sitio\/wp-content\/uploads\/2024\/10\/02-EDY-MARTINEZ-PIANO-MA-NON-SOLO-272x182.jpg 272w, https:\/\/www.uartes.edu.ec\/sitio\/wp-content\/uploads\/2024\/10\/02-EDY-MARTINEZ-PIANO-MA-NON-SOLO.jpg 2000w\" sizes=\"(max-width: 644px) 100vw, 644px\" \/><\/figure>\n<\/div>\n\n\n<h3 class=\"wp-block-heading\">Parte de su trayectoria<\/h3>\n\n\n\n<p>Nacido en Pasto, Departamento de Nari\u00f1o, en 1942, de la trayectoria de Edy Mart\u00ednez se desprende que comenz\u00f3 su carrera en orquestas reconocidas en Colombia y se radic\u00f3 luego en Estados Unidos, donde comparti\u00f3 escenario con figuras como Tito Puente, Celia Cruz, Rub\u00e9n Blades, Dizzy Gillespie, H\u00e9ctor Lavoe, entre otros. Ha dejado su huella en la escena musical internacional, colaborando en m\u00faltiples proyectos y grabaciones.<\/p>\n\n\n\n<p>Entre 1964 y 1979 particip\u00f3 en diez \u00e1lbumes con los m\u00e1s destacados m\u00fasicos y cantantes, como Andy Harlow, \u00c1ngel Canales, Celia Cruz, Edy Palmieri, Fania All Stars, Joe Quijano, Johnny Pacheco, Justo Betancourt, Larry Harlow, Louis Ram\u00edrez, Machito, Mongo Santamar\u00eda, Orquesta Broadway, Rafael Cortijo, T\u00edpica 73, Tito Puente, Tito Rodr\u00edguez y Willie Col\u00f3n.<\/p>\n\n\n\n<p>Como m\u00fasico, arreglista, compositor y productor, Edy Mart\u00ednez&nbsp;realiz\u00f3 trabajos con exponentes del jazz y del latin jazz, como Billy Cobham, Bobby Watson, Dizzy Gillespie, Gato Barbieri, Paquito de Rivera y Ron Carter.<\/p>\n\n\n\n<p>Muchos de los trabajos en los que particip\u00f3 fueron merecedores de reconocimientos y galardones. Ganadores del Grammy los discos:&nbsp;\u201cHomenaje a Benny Mor\u00e9\u201d, con la orquesta de Tito Puente; \u201cThe Other Road\u201d,&nbsp;una composici\u00f3n de su autor\u00eda que le dio nombre al material y que grab\u00f3 la orquesta de Ray Barreto; y \u201cThe Unfinisshed Piece\u201d,&nbsp;con Edy Palmieri, en el cual fue solista para la canci\u00f3n \u201cResemblance\u201d.<\/p>\n\n\n\n<p>Hizo, adem\u00e1s, arreglos para la versi\u00f3n en espa\u00f1ol de las pel\u00edculas de James Bond, y arregl\u00f3 y toc\u00f3 piano en la banda sonora de la pel\u00edcula \u201cCasada con la mafia\u201d. Con el \u00e1lbum&nbsp;\u201cMidnight Jazz Affair\u201d recibi\u00f3 en Estados Unidos el premio de Lifetime Achievement, otorgado por la organizaci\u00f3n Jazz USA<\/p>\n\n\n\n<p>Estuvo un tiempo radicado en Holanda, donde fue invitado para dictar clases en la Universidad de \u00c1msterdam, por lo que tuvo que dejar el pa\u00eds por un tiempo.<\/p>\n\n\n\n<p>En im\u00e1genes, el maestro Edy Mart\u00ednez (sentado, derecha, lleva boina) durante su participaci\u00f3n como jurado en la ronda final del I Concurso de Interpretaci\u00f3n Musical Piano ma non solo realizada ayer, mi\u00e9rcoles 30; la premiaci\u00f3n est\u00e1 prevista para hoy, jueves 31, en el cierre del evento, donde el invitado internacional brindar\u00e1 junto a artistas docentes de la UArtes el concierto \u00abEdy Mart\u00ednez the Music Architect Behind the Piano). La siguiente fotograf\u00eda corresponde a la proyecci\u00f3n del documental sobre su vida, dirigido por Carlos Ospina (Colombia).<\/p>\n\n\n\n<p>Texto: Carmen Cortez\/Dircom InfoUArtes<\/p>","protected":false},"excerpt":{"rendered":"<p>Que ten\u00eda desde ya las mejores impresiones de la Universidad de las Artes, dijo el maestro Edy Mart\u00ednez a InfoUArtes tras el conversatorio que mantuvo con el docente Fredy Vallejos el martes 29 de octubre, en el inicio de \u201cPiano ma non solo\u201d. Para el pianista, arreglista, percusionista, compositor, director y productor colombiano, la UArtes es totalmente progresista con docentes muy contempor\u00e1neos en la ense\u00f1anza.<\/p>","protected":false},"author":10,"featured_media":63957,"comment_status":"open","ping_status":"open","sticky":false,"template":"","format":"standard","meta":{"_acf_changed":false,"_uag_custom_page_level_css":"","_monsterinsights_skip_tracking":false,"_monsterinsights_sitenote_active":false,"_monsterinsights_sitenote_note":"","_monsterinsights_sitenote_category":0,"cybocfi_hide_featured_image":"","footnotes":""},"categories":[80,438,490,82,150,75,76,77,83],"tags":[1055],"infouartes":[1289],"class_list":["post-63925","post","type-post","status-publish","format-standard","has-post-thumbnail","hentry","category-academico","category-administrativos","category-alumni","category-artes","category-artes-sonoras","category-docentes","category-estudiantes","category-gestion","category-sedes","tag-participacion","infouartes-investigar-las-artes"],"acf":[],"yoast_head":"<!-- This site is optimized with the Yoast SEO plugin v27.4 - https:\/\/yoast.com\/product\/yoast-seo-wordpress\/ -->\n<title>Universidad de las Artes - La Universidad de las Artes es totalmente progresista y sus docentes contempor\u00e1neos en la ense\u00f1anza: Edy Mart\u00ednez<\/title>\n<meta name=\"description\" content=\"Universidad de las Artes - La Universidad de las Artes es totalmente progresista y sus docentes contempor\u00e1neos en la ense\u00f1anza: Edy Mart\u00ednez\" \/>\n<meta name=\"robots\" content=\"index, follow, max-snippet:-1, max-image-preview:large, max-video-preview:-1\" \/>\n<link rel=\"canonical\" href=\"https:\/\/www.uartes.edu.ec\/sitio\/en\/blog\/2024\/10\/31\/en-dialogo-con-edy-martinez-y-su-historia-musical\/\" \/>\n<meta property=\"og:locale\" content=\"en_US\" \/>\n<meta property=\"og:type\" content=\"article\" \/>\n<meta property=\"og:title\" content=\"Universidad de las Artes - La Universidad de las Artes es totalmente progresista y sus docentes contempor\u00e1neos en la ense\u00f1anza: Edy Mart\u00ednez\" \/>\n<meta property=\"og:description\" content=\"Universidad de las Artes - La Universidad de las Artes es totalmente progresista y sus docentes contempor\u00e1neos en la ense\u00f1anza: Edy Mart\u00ednez\" \/>\n<meta property=\"og:url\" content=\"https:\/\/www.uartes.edu.ec\/sitio\/en\/blog\/2024\/10\/31\/en-dialogo-con-edy-martinez-y-su-historia-musical\/\" \/>\n<meta property=\"og:site_name\" content=\"Universidad de las Artes\" \/>\n<meta property=\"article:publisher\" content=\"https:\/\/www.facebook.com\/uartesec\" \/>\n<meta property=\"article:published_time\" content=\"2024-10-31T15:17:00+00:00\" \/>\n<meta property=\"article:modified_time\" content=\"2024-11-12T13:59:23+00:00\" \/>\n<meta property=\"og:image\" content=\"https:\/\/www.uartes.edu.ec\/sitio\/wp-content\/uploads\/2024\/10\/01-EDY-MARTINEZ-PIANO-MA-NON-SOLO.jpg\" \/>\n\t<meta property=\"og:image:width\" content=\"2000\" \/>\n\t<meta property=\"og:image:height\" content=\"1333\" \/>\n\t<meta property=\"og:image:type\" content=\"image\/jpeg\" \/>\n<meta name=\"author\" content=\"ccortez\" \/>\n<meta name=\"twitter:card\" content=\"summary_large_image\" \/>\n<meta name=\"twitter:creator\" content=\"@uartesec\" \/>\n<meta name=\"twitter:site\" content=\"@uartesec\" \/>\n<meta name=\"twitter:label1\" content=\"Written by\" \/>\n\t<meta name=\"twitter:data1\" content=\"ccortez\" \/>\n\t<meta name=\"twitter:label2\" content=\"Est. reading time\" \/>\n\t<meta name=\"twitter:data2\" content=\"5 minutes\" \/>\n<script type=\"application\/ld+json\" class=\"yoast-schema-graph\">{\"@context\":\"https:\\\/\\\/schema.org\",\"@graph\":[{\"@type\":\"Article\",\"@id\":\"https:\\\/\\\/www.uartes.edu.ec\\\/sitio\\\/en\\\/blog\\\/2024\\\/10\\\/31\\\/en-dialogo-con-edy-martinez-y-su-historia-musical\\\/#article\",\"isPartOf\":{\"@id\":\"https:\\\/\\\/www.uartes.edu.ec\\\/sitio\\\/en\\\/blog\\\/2024\\\/10\\\/31\\\/en-dialogo-con-edy-martinez-y-su-historia-musical\\\/\"},\"author\":{\"name\":\"ccortez\",\"@id\":\"https:\\\/\\\/www.uartes.edu.ec\\\/sitio\\\/en\\\/#\\\/schema\\\/person\\\/efa1b8275797664fd7f13a79ccc0b1f4\"},\"headline\":\"La Universidad de las Artes es totalmente progresista y sus docentes contempor\u00e1neos en la ense\u00f1anza: Edy Mart\u00ednez\",\"datePublished\":\"2024-10-31T15:17:00+00:00\",\"dateModified\":\"2024-11-12T13:59:23+00:00\",\"mainEntityOfPage\":{\"@id\":\"https:\\\/\\\/www.uartes.edu.ec\\\/sitio\\\/en\\\/blog\\\/2024\\\/10\\\/31\\\/en-dialogo-con-edy-martinez-y-su-historia-musical\\\/\"},\"wordCount\":926,\"commentCount\":0,\"publisher\":{\"@id\":\"https:\\\/\\\/www.uartes.edu.ec\\\/sitio\\\/en\\\/#organization\"},\"image\":{\"@id\":\"https:\\\/\\\/www.uartes.edu.ec\\\/sitio\\\/en\\\/blog\\\/2024\\\/10\\\/31\\\/en-dialogo-con-edy-martinez-y-su-historia-musical\\\/#primaryimage\"},\"thumbnailUrl\":\"https:\\\/\\\/www.uartes.edu.ec\\\/sitio\\\/wp-content\\\/uploads\\\/2024\\\/10\\\/01-EDY-MARTINEZ-PIANO-MA-NON-SOLO.jpg\",\"keywords\":[\"participaci\u00f3n\"],\"articleSection\":[\"Acad\u00e9mico\",\"Administrativos\",\"Alumni\",\"Artes\",\"Artes Sonoras\",\"Docentes\",\"Estudiantes\",\"Gesti\u00f3n\",\"Sedes\"],\"inLanguage\":\"en-US\",\"potentialAction\":[{\"@type\":\"CommentAction\",\"name\":\"Comment\",\"target\":[\"https:\\\/\\\/www.uartes.edu.ec\\\/sitio\\\/en\\\/blog\\\/2024\\\/10\\\/31\\\/en-dialogo-con-edy-martinez-y-su-historia-musical\\\/#respond\"]}]},{\"@type\":[\"WebPage\",\"ItemPage\"],\"@id\":\"https:\\\/\\\/www.uartes.edu.ec\\\/sitio\\\/en\\\/blog\\\/2024\\\/10\\\/31\\\/en-dialogo-con-edy-martinez-y-su-historia-musical\\\/\",\"url\":\"https:\\\/\\\/www.uartes.edu.ec\\\/sitio\\\/en\\\/blog\\\/2024\\\/10\\\/31\\\/en-dialogo-con-edy-martinez-y-su-historia-musical\\\/\",\"name\":\"Universidad de las Artes - La Universidad de las Artes es totalmente progresista y sus docentes contempor\u00e1neos en la ense\u00f1anza: Edy Mart\u00ednez\",\"isPartOf\":{\"@id\":\"https:\\\/\\\/www.uartes.edu.ec\\\/sitio\\\/en\\\/#website\"},\"primaryImageOfPage\":{\"@id\":\"https:\\\/\\\/www.uartes.edu.ec\\\/sitio\\\/en\\\/blog\\\/2024\\\/10\\\/31\\\/en-dialogo-con-edy-martinez-y-su-historia-musical\\\/#primaryimage\"},\"image\":{\"@id\":\"https:\\\/\\\/www.uartes.edu.ec\\\/sitio\\\/en\\\/blog\\\/2024\\\/10\\\/31\\\/en-dialogo-con-edy-martinez-y-su-historia-musical\\\/#primaryimage\"},\"thumbnailUrl\":\"https:\\\/\\\/www.uartes.edu.ec\\\/sitio\\\/wp-content\\\/uploads\\\/2024\\\/10\\\/01-EDY-MARTINEZ-PIANO-MA-NON-SOLO.jpg\",\"datePublished\":\"2024-10-31T15:17:00+00:00\",\"dateModified\":\"2024-11-12T13:59:23+00:00\",\"description\":\"Universidad de las Artes - La Universidad de las Artes es totalmente progresista y sus docentes contempor\u00e1neos en la ense\u00f1anza: Edy Mart\u00ednez\",\"breadcrumb\":{\"@id\":\"https:\\\/\\\/www.uartes.edu.ec\\\/sitio\\\/en\\\/blog\\\/2024\\\/10\\\/31\\\/en-dialogo-con-edy-martinez-y-su-historia-musical\\\/#breadcrumb\"},\"inLanguage\":\"en-US\",\"potentialAction\":[{\"@type\":\"ReadAction\",\"target\":[\"https:\\\/\\\/www.uartes.edu.ec\\\/sitio\\\/en\\\/blog\\\/2024\\\/10\\\/31\\\/en-dialogo-con-edy-martinez-y-su-historia-musical\\\/\"]}]},{\"@type\":\"ImageObject\",\"inLanguage\":\"en-US\",\"@id\":\"https:\\\/\\\/www.uartes.edu.ec\\\/sitio\\\/en\\\/blog\\\/2024\\\/10\\\/31\\\/en-dialogo-con-edy-martinez-y-su-historia-musical\\\/#primaryimage\",\"url\":\"https:\\\/\\\/www.uartes.edu.ec\\\/sitio\\\/wp-content\\\/uploads\\\/2024\\\/10\\\/01-EDY-MARTINEZ-PIANO-MA-NON-SOLO.jpg\",\"contentUrl\":\"https:\\\/\\\/www.uartes.edu.ec\\\/sitio\\\/wp-content\\\/uploads\\\/2024\\\/10\\\/01-EDY-MARTINEZ-PIANO-MA-NON-SOLO.jpg\",\"width\":2000,\"height\":1333},{\"@type\":\"BreadcrumbList\",\"@id\":\"https:\\\/\\\/www.uartes.edu.ec\\\/sitio\\\/en\\\/blog\\\/2024\\\/10\\\/31\\\/en-dialogo-con-edy-martinez-y-su-historia-musical\\\/#breadcrumb\",\"itemListElement\":[{\"@type\":\"ListItem\",\"position\":1,\"name\":\"Inicio\",\"item\":\"https:\\\/\\\/www.uartes.edu.ec\\\/sitio\\\/\"},{\"@type\":\"ListItem\",\"position\":2,\"name\":\"La Universidad de las Artes es totalmente progresista y sus docentes contempor\u00e1neos en la ense\u00f1anza: Edy Mart\u00ednez\"}]},{\"@type\":\"WebSite\",\"@id\":\"https:\\\/\\\/www.uartes.edu.ec\\\/sitio\\\/en\\\/#website\",\"url\":\"https:\\\/\\\/www.uartes.edu.ec\\\/sitio\\\/en\\\/\",\"name\":\"Universidad de las Artes\",\"description\":\"Sitio oficial de la Universidad Nacional de las Artes del Ecuador\",\"publisher\":{\"@id\":\"https:\\\/\\\/www.uartes.edu.ec\\\/sitio\\\/en\\\/#organization\"},\"potentialAction\":[{\"@type\":\"SearchAction\",\"target\":{\"@type\":\"EntryPoint\",\"urlTemplate\":\"https:\\\/\\\/www.uartes.edu.ec\\\/sitio\\\/en\\\/?s={search_term_string}\"},\"query-input\":{\"@type\":\"PropertyValueSpecification\",\"valueRequired\":true,\"valueName\":\"search_term_string\"}}],\"inLanguage\":\"en-US\"},{\"@type\":\"Organization\",\"@id\":\"https:\\\/\\\/www.uartes.edu.ec\\\/sitio\\\/en\\\/#organization\",\"name\":\"Universidad de las Artes\",\"url\":\"https:\\\/\\\/www.uartes.edu.ec\\\/sitio\\\/en\\\/\",\"logo\":{\"@type\":\"ImageObject\",\"inLanguage\":\"en-US\",\"@id\":\"https:\\\/\\\/www.uartes.edu.ec\\\/sitio\\\/en\\\/#\\\/schema\\\/logo\\\/image\\\/\",\"url\":\"https:\\\/\\\/www.uartes.edu.ec\\\/sitio\\\/wp-content\\\/uploads\\\/2022\\\/07\\\/logo-ua-horizontal.png\",\"contentUrl\":\"https:\\\/\\\/www.uartes.edu.ec\\\/sitio\\\/wp-content\\\/uploads\\\/2022\\\/07\\\/logo-ua-horizontal.png\",\"width\":800,\"height\":276,\"caption\":\"Universidad de las Artes\"},\"image\":{\"@id\":\"https:\\\/\\\/www.uartes.edu.ec\\\/sitio\\\/en\\\/#\\\/schema\\\/logo\\\/image\\\/\"},\"sameAs\":[\"https:\\\/\\\/www.facebook.com\\\/uartesec\",\"https:\\\/\\\/x.com\\\/uartesec\",\"https:\\\/\\\/www.tiktok.com\\\/@uartesec\"]},{\"@type\":\"Person\",\"@id\":\"https:\\\/\\\/www.uartes.edu.ec\\\/sitio\\\/en\\\/#\\\/schema\\\/person\\\/efa1b8275797664fd7f13a79ccc0b1f4\",\"name\":\"ccortez\",\"image\":{\"@type\":\"ImageObject\",\"inLanguage\":\"en-US\",\"@id\":\"https:\\\/\\\/secure.gravatar.com\\\/avatar\\\/b2a6f664a3ae8e074346ef91775736c5ec479e637ecced6842de9dc98b5da9cd?s=96&d=mm&r=g\",\"url\":\"https:\\\/\\\/secure.gravatar.com\\\/avatar\\\/b2a6f664a3ae8e074346ef91775736c5ec479e637ecced6842de9dc98b5da9cd?s=96&d=mm&r=g\",\"contentUrl\":\"https:\\\/\\\/secure.gravatar.com\\\/avatar\\\/b2a6f664a3ae8e074346ef91775736c5ec479e637ecced6842de9dc98b5da9cd?s=96&d=mm&r=g\",\"caption\":\"ccortez\"},\"url\":\"https:\\\/\\\/www.uartes.edu.ec\\\/sitio\\\/en\\\/blog\\\/author\\\/ccortez\\\/\"}]}<\/script>\n<!-- \/ Yoast SEO plugin. -->","yoast_head_json":{"title":"Universidad de las Artes - La Universidad de las Artes es totalmente progresista y sus docentes contempor\u00e1neos en la ense\u00f1anza: Edy Mart\u00ednez","description":"Universidad de las Artes - La Universidad de las Artes es totalmente progresista y sus docentes contempor\u00e1neos en la ense\u00f1anza: Edy Mart\u00ednez","robots":{"index":"index","follow":"follow","max-snippet":"max-snippet:-1","max-image-preview":"max-image-preview:large","max-video-preview":"max-video-preview:-1"},"canonical":"https:\/\/www.uartes.edu.ec\/sitio\/en\/blog\/2024\/10\/31\/en-dialogo-con-edy-martinez-y-su-historia-musical\/","og_locale":"en_US","og_type":"article","og_title":"Universidad de las Artes - La Universidad de las Artes es totalmente progresista y sus docentes contempor\u00e1neos en la ense\u00f1anza: Edy Mart\u00ednez","og_description":"Universidad de las Artes - La Universidad de las Artes es totalmente progresista y sus docentes contempor\u00e1neos en la ense\u00f1anza: Edy Mart\u00ednez","og_url":"https:\/\/www.uartes.edu.ec\/sitio\/en\/blog\/2024\/10\/31\/en-dialogo-con-edy-martinez-y-su-historia-musical\/","og_site_name":"Universidad de las Artes","article_publisher":"https:\/\/www.facebook.com\/uartesec","article_published_time":"2024-10-31T15:17:00+00:00","article_modified_time":"2024-11-12T13:59:23+00:00","og_image":[{"width":2000,"height":1333,"url":"https:\/\/www.uartes.edu.ec\/sitio\/wp-content\/uploads\/2024\/10\/01-EDY-MARTINEZ-PIANO-MA-NON-SOLO.jpg","type":"image\/jpeg"}],"author":"ccortez","twitter_card":"summary_large_image","twitter_creator":"@uartesec","twitter_site":"@uartesec","twitter_misc":{"Written by":"ccortez","Est. reading time":"5 minutes"},"schema":{"@context":"https:\/\/schema.org","@graph":[{"@type":"Article","@id":"https:\/\/www.uartes.edu.ec\/sitio\/en\/blog\/2024\/10\/31\/en-dialogo-con-edy-martinez-y-su-historia-musical\/#article","isPartOf":{"@id":"https:\/\/www.uartes.edu.ec\/sitio\/en\/blog\/2024\/10\/31\/en-dialogo-con-edy-martinez-y-su-historia-musical\/"},"author":{"name":"ccortez","@id":"https:\/\/www.uartes.edu.ec\/sitio\/en\/#\/schema\/person\/efa1b8275797664fd7f13a79ccc0b1f4"},"headline":"La Universidad de las Artes es totalmente progresista y sus docentes contempor\u00e1neos en la ense\u00f1anza: Edy Mart\u00ednez","datePublished":"2024-10-31T15:17:00+00:00","dateModified":"2024-11-12T13:59:23+00:00","mainEntityOfPage":{"@id":"https:\/\/www.uartes.edu.ec\/sitio\/en\/blog\/2024\/10\/31\/en-dialogo-con-edy-martinez-y-su-historia-musical\/"},"wordCount":926,"commentCount":0,"publisher":{"@id":"https:\/\/www.uartes.edu.ec\/sitio\/en\/#organization"},"image":{"@id":"https:\/\/www.uartes.edu.ec\/sitio\/en\/blog\/2024\/10\/31\/en-dialogo-con-edy-martinez-y-su-historia-musical\/#primaryimage"},"thumbnailUrl":"https:\/\/www.uartes.edu.ec\/sitio\/wp-content\/uploads\/2024\/10\/01-EDY-MARTINEZ-PIANO-MA-NON-SOLO.jpg","keywords":["participaci\u00f3n"],"articleSection":["Acad\u00e9mico","Administrativos","Alumni","Artes","Artes Sonoras","Docentes","Estudiantes","Gesti\u00f3n","Sedes"],"inLanguage":"en-US","potentialAction":[{"@type":"CommentAction","name":"Comment","target":["https:\/\/www.uartes.edu.ec\/sitio\/en\/blog\/2024\/10\/31\/en-dialogo-con-edy-martinez-y-su-historia-musical\/#respond"]}]},{"@type":["WebPage","ItemPage"],"@id":"https:\/\/www.uartes.edu.ec\/sitio\/en\/blog\/2024\/10\/31\/en-dialogo-con-edy-martinez-y-su-historia-musical\/","url":"https:\/\/www.uartes.edu.ec\/sitio\/en\/blog\/2024\/10\/31\/en-dialogo-con-edy-martinez-y-su-historia-musical\/","name":"Universidad de las Artes - La Universidad de las Artes es totalmente progresista y sus docentes contempor\u00e1neos en la ense\u00f1anza: Edy Mart\u00ednez","isPartOf":{"@id":"https:\/\/www.uartes.edu.ec\/sitio\/en\/#website"},"primaryImageOfPage":{"@id":"https:\/\/www.uartes.edu.ec\/sitio\/en\/blog\/2024\/10\/31\/en-dialogo-con-edy-martinez-y-su-historia-musical\/#primaryimage"},"image":{"@id":"https:\/\/www.uartes.edu.ec\/sitio\/en\/blog\/2024\/10\/31\/en-dialogo-con-edy-martinez-y-su-historia-musical\/#primaryimage"},"thumbnailUrl":"https:\/\/www.uartes.edu.ec\/sitio\/wp-content\/uploads\/2024\/10\/01-EDY-MARTINEZ-PIANO-MA-NON-SOLO.jpg","datePublished":"2024-10-31T15:17:00+00:00","dateModified":"2024-11-12T13:59:23+00:00","description":"Universidad de las Artes - La Universidad de las Artes es totalmente progresista y sus docentes contempor\u00e1neos en la ense\u00f1anza: Edy Mart\u00ednez","breadcrumb":{"@id":"https:\/\/www.uartes.edu.ec\/sitio\/en\/blog\/2024\/10\/31\/en-dialogo-con-edy-martinez-y-su-historia-musical\/#breadcrumb"},"inLanguage":"en-US","potentialAction":[{"@type":"ReadAction","target":["https:\/\/www.uartes.edu.ec\/sitio\/en\/blog\/2024\/10\/31\/en-dialogo-con-edy-martinez-y-su-historia-musical\/"]}]},{"@type":"ImageObject","inLanguage":"en-US","@id":"https:\/\/www.uartes.edu.ec\/sitio\/en\/blog\/2024\/10\/31\/en-dialogo-con-edy-martinez-y-su-historia-musical\/#primaryimage","url":"https:\/\/www.uartes.edu.ec\/sitio\/wp-content\/uploads\/2024\/10\/01-EDY-MARTINEZ-PIANO-MA-NON-SOLO.jpg","contentUrl":"https:\/\/www.uartes.edu.ec\/sitio\/wp-content\/uploads\/2024\/10\/01-EDY-MARTINEZ-PIANO-MA-NON-SOLO.jpg","width":2000,"height":1333},{"@type":"BreadcrumbList","@id":"https:\/\/www.uartes.edu.ec\/sitio\/en\/blog\/2024\/10\/31\/en-dialogo-con-edy-martinez-y-su-historia-musical\/#breadcrumb","itemListElement":[{"@type":"ListItem","position":1,"name":"Inicio","item":"https:\/\/www.uartes.edu.ec\/sitio\/"},{"@type":"ListItem","position":2,"name":"La Universidad de las Artes es totalmente progresista y sus docentes contempor\u00e1neos en la ense\u00f1anza: Edy Mart\u00ednez"}]},{"@type":"WebSite","@id":"https:\/\/www.uartes.edu.ec\/sitio\/en\/#website","url":"https:\/\/www.uartes.edu.ec\/sitio\/en\/","name":"Universidad de las Artes","description":"Sitio oficial de la Universidad Nacional de las Artes del Ecuador","publisher":{"@id":"https:\/\/www.uartes.edu.ec\/sitio\/en\/#organization"},"potentialAction":[{"@type":"SearchAction","target":{"@type":"EntryPoint","urlTemplate":"https:\/\/www.uartes.edu.ec\/sitio\/en\/?s={search_term_string}"},"query-input":{"@type":"PropertyValueSpecification","valueRequired":true,"valueName":"search_term_string"}}],"inLanguage":"en-US"},{"@type":"Organization","@id":"https:\/\/www.uartes.edu.ec\/sitio\/en\/#organization","name":"Universidad de las Artes","url":"https:\/\/www.uartes.edu.ec\/sitio\/en\/","logo":{"@type":"ImageObject","inLanguage":"en-US","@id":"https:\/\/www.uartes.edu.ec\/sitio\/en\/#\/schema\/logo\/image\/","url":"https:\/\/www.uartes.edu.ec\/sitio\/wp-content\/uploads\/2022\/07\/logo-ua-horizontal.png","contentUrl":"https:\/\/www.uartes.edu.ec\/sitio\/wp-content\/uploads\/2022\/07\/logo-ua-horizontal.png","width":800,"height":276,"caption":"Universidad de las Artes"},"image":{"@id":"https:\/\/www.uartes.edu.ec\/sitio\/en\/#\/schema\/logo\/image\/"},"sameAs":["https:\/\/www.facebook.com\/uartesec","https:\/\/x.com\/uartesec","https:\/\/www.tiktok.com\/@uartesec"]},{"@type":"Person","@id":"https:\/\/www.uartes.edu.ec\/sitio\/en\/#\/schema\/person\/efa1b8275797664fd7f13a79ccc0b1f4","name":"ccortez","image":{"@type":"ImageObject","inLanguage":"en-US","@id":"https:\/\/secure.gravatar.com\/avatar\/b2a6f664a3ae8e074346ef91775736c5ec479e637ecced6842de9dc98b5da9cd?s=96&d=mm&r=g","url":"https:\/\/secure.gravatar.com\/avatar\/b2a6f664a3ae8e074346ef91775736c5ec479e637ecced6842de9dc98b5da9cd?s=96&d=mm&r=g","contentUrl":"https:\/\/secure.gravatar.com\/avatar\/b2a6f664a3ae8e074346ef91775736c5ec479e637ecced6842de9dc98b5da9cd?s=96&d=mm&r=g","caption":"ccortez"},"url":"https:\/\/www.uartes.edu.ec\/sitio\/en\/blog\/author\/ccortez\/"}]}},"uagb_featured_image_src":{"full":["https:\/\/www.uartes.edu.ec\/sitio\/wp-content\/uploads\/2024\/10\/01-EDY-MARTINEZ-PIANO-MA-NON-SOLO.jpg",2000,1333,false],"thumbnail":["https:\/\/www.uartes.edu.ec\/sitio\/wp-content\/uploads\/2024\/10\/01-EDY-MARTINEZ-PIANO-MA-NON-SOLO-150x150.jpg",150,150,true],"medium":["https:\/\/www.uartes.edu.ec\/sitio\/wp-content\/uploads\/2024\/10\/01-EDY-MARTINEZ-PIANO-MA-NON-SOLO-300x200.jpg",300,200,true],"medium_large":["https:\/\/www.uartes.edu.ec\/sitio\/wp-content\/uploads\/2024\/10\/01-EDY-MARTINEZ-PIANO-MA-NON-SOLO-768x512.jpg",768,512,true],"large":["https:\/\/www.uartes.edu.ec\/sitio\/wp-content\/uploads\/2024\/10\/01-EDY-MARTINEZ-PIANO-MA-NON-SOLO-644x429.jpg",644,429,true],"1536x1536":["https:\/\/www.uartes.edu.ec\/sitio\/wp-content\/uploads\/2024\/10\/01-EDY-MARTINEZ-PIANO-MA-NON-SOLO-1536x1024.jpg",1536,1024,true],"2048x2048":["https:\/\/www.uartes.edu.ec\/sitio\/wp-content\/uploads\/2024\/10\/01-EDY-MARTINEZ-PIANO-MA-NON-SOLO.jpg",2000,1333,false],"trp-custom-language-flag":["https:\/\/www.uartes.edu.ec\/sitio\/wp-content\/uploads\/2024\/10\/01-EDY-MARTINEZ-PIANO-MA-NON-SOLO-18x12.jpg",18,12,true],"htmega_size_585x295":["https:\/\/www.uartes.edu.ec\/sitio\/wp-content\/uploads\/2024\/10\/01-EDY-MARTINEZ-PIANO-MA-NON-SOLO-585x295.jpg",585,295,true],"htmega_size_1170x536":["https:\/\/www.uartes.edu.ec\/sitio\/wp-content\/uploads\/2024\/10\/01-EDY-MARTINEZ-PIANO-MA-NON-SOLO-1170x536.jpg",1170,536,true],"htmega_size_396x360":["https:\/\/www.uartes.edu.ec\/sitio\/wp-content\/uploads\/2024\/10\/01-EDY-MARTINEZ-PIANO-MA-NON-SOLO-396x360.jpg",396,360,true],"gb-block-post-grid-landscape":["https:\/\/www.uartes.edu.ec\/sitio\/wp-content\/uploads\/2024\/10\/01-EDY-MARTINEZ-PIANO-MA-NON-SOLO-600x400.jpg",600,400,true],"gb-block-post-grid-square":["https:\/\/www.uartes.edu.ec\/sitio\/wp-content\/uploads\/2024\/10\/01-EDY-MARTINEZ-PIANO-MA-NON-SOLO-600x600.jpg",600,600,true],"university-hub-thumb":["https:\/\/www.uartes.edu.ec\/sitio\/wp-content\/uploads\/2024\/10\/01-EDY-MARTINEZ-PIANO-MA-NON-SOLO-400x267.jpg",400,267,true],"mailpoet_newsletter_max":["https:\/\/www.uartes.edu.ec\/sitio\/wp-content\/uploads\/2024\/10\/01-EDY-MARTINEZ-PIANO-MA-NON-SOLO.jpg",1320,880,false]},"uagb_author_info":{"display_name":"ccortez","author_link":"https:\/\/www.uartes.edu.ec\/sitio\/en\/blog\/author\/ccortez\/"},"uagb_comment_info":0,"uagb_excerpt":"Que ten\u00eda desde ya las mejores impresiones de la Universidad de las Artes, dijo el maestro Edy Mart\u00ednez a InfoUArtes tras el conversatorio que mantuvo con el docente Fredy Vallejos el martes 29 de octubre, en el inicio de \u201cPiano ma non solo\u201d. Para el pianista, arreglista, percusionista, compositor, director y productor colombiano, la UArtes&hellip;","featured_image_src":"https:\/\/www.uartes.edu.ec\/sitio\/wp-content\/uploads\/2024\/10\/01-EDY-MARTINEZ-PIANO-MA-NON-SOLO-600x400.jpg","featured_image_src_square":"https:\/\/www.uartes.edu.ec\/sitio\/wp-content\/uploads\/2024\/10\/01-EDY-MARTINEZ-PIANO-MA-NON-SOLO-600x600.jpg","author_info":{"display_name":"ccortez","author_link":"https:\/\/www.uartes.edu.ec\/sitio\/en\/blog\/author\/ccortez\/"},"publishpress_future_workflow_manual_trigger":{"enabledWorkflows":[]},"distributor_meta":false,"distributor_terms":false,"distributor_media":false,"distributor_original_site_name":"Universidad de las Artes","distributor_original_site_url":"https:\/\/www.uartes.edu.ec\/sitio\/en","push-errors":false,"_links":{"self":[{"href":"https:\/\/www.uartes.edu.ec\/sitio\/en\/wp-json\/wp\/v2\/posts\/63925","targetHints":{"allow":["GET"]}}],"collection":[{"href":"https:\/\/www.uartes.edu.ec\/sitio\/en\/wp-json\/wp\/v2\/posts"}],"about":[{"href":"https:\/\/www.uartes.edu.ec\/sitio\/en\/wp-json\/wp\/v2\/types\/post"}],"author":[{"embeddable":true,"href":"https:\/\/www.uartes.edu.ec\/sitio\/en\/wp-json\/wp\/v2\/users\/10"}],"replies":[{"embeddable":true,"href":"https:\/\/www.uartes.edu.ec\/sitio\/en\/wp-json\/wp\/v2\/comments?post=63925"}],"version-history":[{"count":10,"href":"https:\/\/www.uartes.edu.ec\/sitio\/en\/wp-json\/wp\/v2\/posts\/63925\/revisions"}],"predecessor-version":[{"id":64004,"href":"https:\/\/www.uartes.edu.ec\/sitio\/en\/wp-json\/wp\/v2\/posts\/63925\/revisions\/64004"}],"wp:featuredmedia":[{"embeddable":true,"href":"https:\/\/www.uartes.edu.ec\/sitio\/en\/wp-json\/wp\/v2\/media\/63957"}],"wp:attachment":[{"href":"https:\/\/www.uartes.edu.ec\/sitio\/en\/wp-json\/wp\/v2\/media?parent=63925"}],"wp:term":[{"taxonomy":"category","embeddable":true,"href":"https:\/\/www.uartes.edu.ec\/sitio\/en\/wp-json\/wp\/v2\/categories?post=63925"},{"taxonomy":"post_tag","embeddable":true,"href":"https:\/\/www.uartes.edu.ec\/sitio\/en\/wp-json\/wp\/v2\/tags?post=63925"},{"taxonomy":"infouartes","embeddable":true,"href":"https:\/\/www.uartes.edu.ec\/sitio\/en\/wp-json\/wp\/v2\/infouartes?post=63925"}],"curies":[{"name":"wp","href":"https:\/\/api.w.org\/{rel}","templated":true}]}}