{"id":64089,"date":"2024-10-31T15:24:00","date_gmt":"2024-10-31T20:24:00","guid":{"rendered":"https:\/\/www.uartes.edu.ec\/sitio\/?p=64089"},"modified":"2024-11-12T08:58:45","modified_gmt":"2024-11-12T13:58:45","slug":"uartes-presente-en-la-iii-edicion-de-interculturarte-en-colombia","status":"publish","type":"post","link":"https:\/\/www.uartes.edu.ec\/sitio\/en\/blog\/2024\/10\/31\/uartes-presente-en-la-iii-edicion-de-interculturarte-en-colombia\/","title":{"rendered":"UArtes, con intervenciones acad\u00e9micas y art\u00edsticas al III Interculturarte colombiano"},"content":{"rendered":"<p>Interculturarte es un evento internacional organizado por destacadas instituciones de educaci\u00f3n superior colombianas, como el Tecnol\u00f3gico de Artes D\u00e9bora Arango, el Instituto Departamental de Bellas Artes Instituci\u00f3n Universitaria del Valle (Cali), la Instituci\u00f3n Universitaria de Bellas Artes y Ciencias de Bol\u00edvar \u2013 UNIBAC (Cartagena) y la Fundaci\u00f3n Universitaria de Bellas Artes de Medell\u00edn \u2013 FUBA (Medell\u00edn).<\/p>\n\n\n\n<p>En su tercera edici\u00f3n, Interculturarte busca fomentar el di\u00e1logo intercultural y acad\u00e9mico mediante la exploraci\u00f3n de pr\u00e1cticas art\u00edsticas desde la pluriculturalidad en Colombia. Este evento ofrece un espacio para el an\u00e1lisis cr\u00edtico sobre el discurso de la interculturalidad y la producci\u00f3n simb\u00f3lica art\u00edstica de colectivos sociales, promoviendo su relaci\u00f3n con la sociedad nacional y su interacci\u00f3n con diversas culturas y subculturas urbanas.<\/p>\n\n\n\n<p>El evento tendr\u00e1 lugar del 6 al 8 de noviembre de 2024 en Cali, Colombia, siendo el Instituto Departamental de Bellas Artes Instituci\u00f3n Universitaria del Valle la instituci\u00f3n anfitriona. Este a\u00f1o, la Universidad de las Artes (UArtes) ha sido invitada a participar en la agenda de Interculturarte con intervenciones tanto acad\u00e9micas como art\u00edsticas.<\/p>\n\n\n\n<p>Desde la Direcci\u00f3n de Relaciones Internacionales de UArtes, y con el objetivo de mostrar y circular los resultados de los procesos formativos de sus estudiantes, se propuso la inclusi\u00f3n de obras art\u00edsticas en la agenda del evento. Como parte de esta colaboraci\u00f3n, se realiz\u00f3 una convocatoria conjunta con el Instituto Departamental de Bellas Artes en la cual se recibieron quince postulaciones, de las cuales fueron seleccionadas cuatro propuestas art\u00edsticas:<\/p>\n\n\n\n<p>\u201c\u2026 en el m\u00ed estas vos tambi\u00e9n\u201d, de Yeny Alexandra S\u00e1nchez Alarc\u00f3n, estudiante de la Licenciatura en Artes Visuales.<br>\u201cLo que suena en las venas\u201d, de Ariel Orbe Echeverr\u00eda, estudiante de la Licenciatura en Producci\u00f3n Musical y Sonora.<br>\u201cProcesos y cambios\u201d, de Anthony Tandazo Lima, estudiante de la Licenciatura en Artes Musicales y Sonoras.<br>\u201cFragmentos de mi Venezuela\u201d, de Yennifer Cajamarca Ortiz, estudiante de la Licenciatura en Artes Visuales.<\/p>\n\n\n\n<p>Adem\u00e1s de la representaci\u00f3n estudiantil, el vicerrector acad\u00e9mico de la UArtes, Bradley Hilgert, presentar\u00e1 la ponencia \u201cManos a la obra y pies en la tierra: Implementando un modelo intercultural contra viento y marea\u201d en el marco del evento. Susan Togra D\u00edaz, directora de Relaciones Internacionales, participar\u00e1 en un espacio de di\u00e1logo con sus pares de las universidades organizadoras con la finalidad de compartir experiencias y los servicios que ofrece cada una. Y el coordinador de la carrera de Artes Sonoras y Musicales, Fredy Vallejos, impartir\u00e1 el taller \u201cInteligencia artificial aplicadas en la generaci\u00f3n m\u00fasicas populares\u201d, todos orientados a compartir y enriquecer la experiencia educativa y art\u00edstica en el \u00e1mbito intercultural.<\/p>\n\n\n\n<p>Los estudiantes y autoridades de la UArtes estar\u00e1n del 4 al 9 de noviembre de 2024 en Cali, Colombia, para participar en las actividades de Interculturarte, las cuales incluyen talleres, ponencias y una variada programaci\u00f3n acad\u00e9mica y art\u00edstica, reafirmando el compromiso de la universidad con la interculturalidad y el desarrollo art\u00edstico en contextos internacionales.<\/p>\n\n\n\n<p>Texto y fotos: Patricia Cevallos Hidrovo\/Direcci\u00f3n de Relaciones Internacionales UArtes.<\/p>","protected":false},"excerpt":{"rendered":"<p>Interculturarte es un evento internacional organizado por destacadas instituciones de educaci\u00f3n superior colombianas, como el Tecnol\u00f3gico de Artes D\u00e9bora Arango, el Instituto Departamental de Bellas Artes Instituci\u00f3n Universitaria del Valle (Cali), la Instituci\u00f3n Universitaria de Bellas Artes y Ciencias de Bol\u00edvar (UNIBAC, Cartagena) y la Fundaci\u00f3n Universitaria de Bellas Artes de Medell\u00edn (FUBA, Medell\u00edn). Ser\u00e1 del 6 al 8 de noviembre y la UArtes estar\u00e1 presente en la cita.<\/p>","protected":false},"author":10,"featured_media":64090,"comment_status":"open","ping_status":"open","sticky":false,"template":"","format":"standard","meta":{"_acf_changed":false,"_uag_custom_page_level_css":"","_monsterinsights_skip_tracking":false,"_monsterinsights_sitenote_active":false,"_monsterinsights_sitenote_note":"","_monsterinsights_sitenote_category":0,"cybocfi_hide_featured_image":"","footnotes":""},"categories":[80,82,75,76,77],"tags":[279],"infouartes":[1287],"class_list":["post-64089","post","type-post","status-publish","format-standard","has-post-thumbnail","hentry","category-academico","category-artes","category-docentes","category-estudiantes","category-gestion","tag-relaciones-internacionales","infouartes-somos-uartes"],"acf":[],"yoast_head":"<!-- This site is optimized with the Yoast SEO plugin v27.4 - https:\/\/yoast.com\/product\/yoast-seo-wordpress\/ -->\n<title>Universidad de las Artes - UArtes, con intervenciones acad\u00e9micas y art\u00edsticas al III Interculturarte colombiano<\/title>\n<meta name=\"description\" content=\"Universidad de las Artes - UArtes, con intervenciones acad\u00e9micas y art\u00edsticas al III Interculturarte colombiano\" \/>\n<meta name=\"robots\" content=\"index, follow, max-snippet:-1, max-image-preview:large, max-video-preview:-1\" \/>\n<link rel=\"canonical\" href=\"https:\/\/www.uartes.edu.ec\/sitio\/en\/blog\/2024\/10\/31\/uartes-presente-en-la-iii-edicion-de-interculturarte-en-colombia\/\" \/>\n<meta property=\"og:locale\" content=\"en_US\" \/>\n<meta property=\"og:type\" content=\"article\" \/>\n<meta property=\"og:title\" content=\"Universidad de las Artes - UArtes, con intervenciones acad\u00e9micas y art\u00edsticas al III Interculturarte colombiano\" \/>\n<meta property=\"og:description\" content=\"Universidad de las Artes - UArtes, con intervenciones acad\u00e9micas y art\u00edsticas al III Interculturarte colombiano\" \/>\n<meta property=\"og:url\" content=\"https:\/\/www.uartes.edu.ec\/sitio\/en\/blog\/2024\/10\/31\/uartes-presente-en-la-iii-edicion-de-interculturarte-en-colombia\/\" \/>\n<meta property=\"og:site_name\" content=\"Universidad de las Artes\" \/>\n<meta property=\"article:publisher\" content=\"https:\/\/www.facebook.com\/uartesec\" \/>\n<meta property=\"article:published_time\" content=\"2024-10-31T20:24:00+00:00\" \/>\n<meta property=\"article:modified_time\" content=\"2024-11-12T13:58:45+00:00\" \/>\n<meta property=\"og:image\" content=\"https:\/\/www.uartes.edu.ec\/sitio\/wp-content\/uploads\/2024\/11\/01-INTERNACIONALES.jpg\" \/>\n\t<meta property=\"og:image:width\" content=\"2000\" \/>\n\t<meta property=\"og:image:height\" content=\"1333\" \/>\n\t<meta property=\"og:image:type\" content=\"image\/jpeg\" \/>\n<meta name=\"author\" content=\"ccortez\" \/>\n<meta name=\"twitter:card\" content=\"summary_large_image\" \/>\n<meta name=\"twitter:creator\" content=\"@uartesec\" \/>\n<meta name=\"twitter:site\" content=\"@uartesec\" \/>\n<meta name=\"twitter:label1\" content=\"Written by\" \/>\n\t<meta name=\"twitter:data1\" content=\"ccortez\" \/>\n\t<meta name=\"twitter:label2\" content=\"Est. reading time\" \/>\n\t<meta name=\"twitter:data2\" content=\"3 minutes\" \/>\n<script type=\"application\/ld+json\" class=\"yoast-schema-graph\">{\"@context\":\"https:\\\/\\\/schema.org\",\"@graph\":[{\"@type\":\"Article\",\"@id\":\"https:\\\/\\\/www.uartes.edu.ec\\\/sitio\\\/en\\\/blog\\\/2024\\\/10\\\/31\\\/uartes-presente-en-la-iii-edicion-de-interculturarte-en-colombia\\\/#article\",\"isPartOf\":{\"@id\":\"https:\\\/\\\/www.uartes.edu.ec\\\/sitio\\\/en\\\/blog\\\/2024\\\/10\\\/31\\\/uartes-presente-en-la-iii-edicion-de-interculturarte-en-colombia\\\/\"},\"author\":{\"name\":\"ccortez\",\"@id\":\"https:\\\/\\\/www.uartes.edu.ec\\\/sitio\\\/en\\\/#\\\/schema\\\/person\\\/efa1b8275797664fd7f13a79ccc0b1f4\"},\"headline\":\"UArtes, con intervenciones acad\u00e9micas y art\u00edsticas al III Interculturarte colombiano\",\"datePublished\":\"2024-10-31T20:24:00+00:00\",\"dateModified\":\"2024-11-12T13:58:45+00:00\",\"mainEntityOfPage\":{\"@id\":\"https:\\\/\\\/www.uartes.edu.ec\\\/sitio\\\/en\\\/blog\\\/2024\\\/10\\\/31\\\/uartes-presente-en-la-iii-edicion-de-interculturarte-en-colombia\\\/\"},\"wordCount\":538,\"commentCount\":0,\"publisher\":{\"@id\":\"https:\\\/\\\/www.uartes.edu.ec\\\/sitio\\\/en\\\/#organization\"},\"image\":{\"@id\":\"https:\\\/\\\/www.uartes.edu.ec\\\/sitio\\\/en\\\/blog\\\/2024\\\/10\\\/31\\\/uartes-presente-en-la-iii-edicion-de-interculturarte-en-colombia\\\/#primaryimage\"},\"thumbnailUrl\":\"https:\\\/\\\/www.uartes.edu.ec\\\/sitio\\\/wp-content\\\/uploads\\\/2024\\\/11\\\/01-INTERNACIONALES.jpg\",\"keywords\":[\"relaciones internacionales\"],\"articleSection\":[\"Acad\u00e9mico\",\"Artes\",\"Docentes\",\"Estudiantes\",\"Gesti\u00f3n\"],\"inLanguage\":\"en-US\",\"potentialAction\":[{\"@type\":\"CommentAction\",\"name\":\"Comment\",\"target\":[\"https:\\\/\\\/www.uartes.edu.ec\\\/sitio\\\/en\\\/blog\\\/2024\\\/10\\\/31\\\/uartes-presente-en-la-iii-edicion-de-interculturarte-en-colombia\\\/#respond\"]}]},{\"@type\":[\"WebPage\",\"ItemPage\"],\"@id\":\"https:\\\/\\\/www.uartes.edu.ec\\\/sitio\\\/en\\\/blog\\\/2024\\\/10\\\/31\\\/uartes-presente-en-la-iii-edicion-de-interculturarte-en-colombia\\\/\",\"url\":\"https:\\\/\\\/www.uartes.edu.ec\\\/sitio\\\/en\\\/blog\\\/2024\\\/10\\\/31\\\/uartes-presente-en-la-iii-edicion-de-interculturarte-en-colombia\\\/\",\"name\":\"Universidad de las Artes - UArtes, con intervenciones acad\u00e9micas y art\u00edsticas al III Interculturarte colombiano\",\"isPartOf\":{\"@id\":\"https:\\\/\\\/www.uartes.edu.ec\\\/sitio\\\/en\\\/#website\"},\"primaryImageOfPage\":{\"@id\":\"https:\\\/\\\/www.uartes.edu.ec\\\/sitio\\\/en\\\/blog\\\/2024\\\/10\\\/31\\\/uartes-presente-en-la-iii-edicion-de-interculturarte-en-colombia\\\/#primaryimage\"},\"image\":{\"@id\":\"https:\\\/\\\/www.uartes.edu.ec\\\/sitio\\\/en\\\/blog\\\/2024\\\/10\\\/31\\\/uartes-presente-en-la-iii-edicion-de-interculturarte-en-colombia\\\/#primaryimage\"},\"thumbnailUrl\":\"https:\\\/\\\/www.uartes.edu.ec\\\/sitio\\\/wp-content\\\/uploads\\\/2024\\\/11\\\/01-INTERNACIONALES.jpg\",\"datePublished\":\"2024-10-31T20:24:00+00:00\",\"dateModified\":\"2024-11-12T13:58:45+00:00\",\"description\":\"Universidad de las Artes - UArtes, con intervenciones acad\u00e9micas y art\u00edsticas al III Interculturarte colombiano\",\"breadcrumb\":{\"@id\":\"https:\\\/\\\/www.uartes.edu.ec\\\/sitio\\\/en\\\/blog\\\/2024\\\/10\\\/31\\\/uartes-presente-en-la-iii-edicion-de-interculturarte-en-colombia\\\/#breadcrumb\"},\"inLanguage\":\"en-US\",\"potentialAction\":[{\"@type\":\"ReadAction\",\"target\":[\"https:\\\/\\\/www.uartes.edu.ec\\\/sitio\\\/en\\\/blog\\\/2024\\\/10\\\/31\\\/uartes-presente-en-la-iii-edicion-de-interculturarte-en-colombia\\\/\"]}]},{\"@type\":\"ImageObject\",\"inLanguage\":\"en-US\",\"@id\":\"https:\\\/\\\/www.uartes.edu.ec\\\/sitio\\\/en\\\/blog\\\/2024\\\/10\\\/31\\\/uartes-presente-en-la-iii-edicion-de-interculturarte-en-colombia\\\/#primaryimage\",\"url\":\"https:\\\/\\\/www.uartes.edu.ec\\\/sitio\\\/wp-content\\\/uploads\\\/2024\\\/11\\\/01-INTERNACIONALES.jpg\",\"contentUrl\":\"https:\\\/\\\/www.uartes.edu.ec\\\/sitio\\\/wp-content\\\/uploads\\\/2024\\\/11\\\/01-INTERNACIONALES.jpg\",\"width\":2000,\"height\":1333},{\"@type\":\"BreadcrumbList\",\"@id\":\"https:\\\/\\\/www.uartes.edu.ec\\\/sitio\\\/en\\\/blog\\\/2024\\\/10\\\/31\\\/uartes-presente-en-la-iii-edicion-de-interculturarte-en-colombia\\\/#breadcrumb\",\"itemListElement\":[{\"@type\":\"ListItem\",\"position\":1,\"name\":\"Inicio\",\"item\":\"https:\\\/\\\/www.uartes.edu.ec\\\/sitio\\\/\"},{\"@type\":\"ListItem\",\"position\":2,\"name\":\"UArtes, con intervenciones acad\u00e9micas y art\u00edsticas al III Interculturarte colombiano\"}]},{\"@type\":\"WebSite\",\"@id\":\"https:\\\/\\\/www.uartes.edu.ec\\\/sitio\\\/en\\\/#website\",\"url\":\"https:\\\/\\\/www.uartes.edu.ec\\\/sitio\\\/en\\\/\",\"name\":\"Universidad de las Artes\",\"description\":\"Sitio oficial de la Universidad Nacional de las Artes del Ecuador\",\"publisher\":{\"@id\":\"https:\\\/\\\/www.uartes.edu.ec\\\/sitio\\\/en\\\/#organization\"},\"potentialAction\":[{\"@type\":\"SearchAction\",\"target\":{\"@type\":\"EntryPoint\",\"urlTemplate\":\"https:\\\/\\\/www.uartes.edu.ec\\\/sitio\\\/en\\\/?s={search_term_string}\"},\"query-input\":{\"@type\":\"PropertyValueSpecification\",\"valueRequired\":true,\"valueName\":\"search_term_string\"}}],\"inLanguage\":\"en-US\"},{\"@type\":\"Organization\",\"@id\":\"https:\\\/\\\/www.uartes.edu.ec\\\/sitio\\\/en\\\/#organization\",\"name\":\"Universidad de las Artes\",\"url\":\"https:\\\/\\\/www.uartes.edu.ec\\\/sitio\\\/en\\\/\",\"logo\":{\"@type\":\"ImageObject\",\"inLanguage\":\"en-US\",\"@id\":\"https:\\\/\\\/www.uartes.edu.ec\\\/sitio\\\/en\\\/#\\\/schema\\\/logo\\\/image\\\/\",\"url\":\"https:\\\/\\\/www.uartes.edu.ec\\\/sitio\\\/wp-content\\\/uploads\\\/2022\\\/07\\\/logo-ua-horizontal.png\",\"contentUrl\":\"https:\\\/\\\/www.uartes.edu.ec\\\/sitio\\\/wp-content\\\/uploads\\\/2022\\\/07\\\/logo-ua-horizontal.png\",\"width\":800,\"height\":276,\"caption\":\"Universidad de las Artes\"},\"image\":{\"@id\":\"https:\\\/\\\/www.uartes.edu.ec\\\/sitio\\\/en\\\/#\\\/schema\\\/logo\\\/image\\\/\"},\"sameAs\":[\"https:\\\/\\\/www.facebook.com\\\/uartesec\",\"https:\\\/\\\/x.com\\\/uartesec\",\"https:\\\/\\\/www.tiktok.com\\\/@uartesec\"]},{\"@type\":\"Person\",\"@id\":\"https:\\\/\\\/www.uartes.edu.ec\\\/sitio\\\/en\\\/#\\\/schema\\\/person\\\/efa1b8275797664fd7f13a79ccc0b1f4\",\"name\":\"ccortez\",\"image\":{\"@type\":\"ImageObject\",\"inLanguage\":\"en-US\",\"@id\":\"https:\\\/\\\/secure.gravatar.com\\\/avatar\\\/b2a6f664a3ae8e074346ef91775736c5ec479e637ecced6842de9dc98b5da9cd?s=96&d=mm&r=g\",\"url\":\"https:\\\/\\\/secure.gravatar.com\\\/avatar\\\/b2a6f664a3ae8e074346ef91775736c5ec479e637ecced6842de9dc98b5da9cd?s=96&d=mm&r=g\",\"contentUrl\":\"https:\\\/\\\/secure.gravatar.com\\\/avatar\\\/b2a6f664a3ae8e074346ef91775736c5ec479e637ecced6842de9dc98b5da9cd?s=96&d=mm&r=g\",\"caption\":\"ccortez\"},\"url\":\"https:\\\/\\\/www.uartes.edu.ec\\\/sitio\\\/en\\\/blog\\\/author\\\/ccortez\\\/\"}]}<\/script>\n<!-- \/ Yoast SEO plugin. -->","yoast_head_json":{"title":"Universidad de las Artes - UArtes, con intervenciones acad\u00e9micas y art\u00edsticas al III Interculturarte colombiano","description":"Universidad de las Artes - UArtes, con intervenciones acad\u00e9micas y art\u00edsticas al III Interculturarte colombiano","robots":{"index":"index","follow":"follow","max-snippet":"max-snippet:-1","max-image-preview":"max-image-preview:large","max-video-preview":"max-video-preview:-1"},"canonical":"https:\/\/www.uartes.edu.ec\/sitio\/en\/blog\/2024\/10\/31\/uartes-presente-en-la-iii-edicion-de-interculturarte-en-colombia\/","og_locale":"en_US","og_type":"article","og_title":"Universidad de las Artes - UArtes, con intervenciones acad\u00e9micas y art\u00edsticas al III Interculturarte colombiano","og_description":"Universidad de las Artes - UArtes, con intervenciones acad\u00e9micas y art\u00edsticas al III Interculturarte colombiano","og_url":"https:\/\/www.uartes.edu.ec\/sitio\/en\/blog\/2024\/10\/31\/uartes-presente-en-la-iii-edicion-de-interculturarte-en-colombia\/","og_site_name":"Universidad de las Artes","article_publisher":"https:\/\/www.facebook.com\/uartesec","article_published_time":"2024-10-31T20:24:00+00:00","article_modified_time":"2024-11-12T13:58:45+00:00","og_image":[{"width":2000,"height":1333,"url":"https:\/\/www.uartes.edu.ec\/sitio\/wp-content\/uploads\/2024\/11\/01-INTERNACIONALES.jpg","type":"image\/jpeg"}],"author":"ccortez","twitter_card":"summary_large_image","twitter_creator":"@uartesec","twitter_site":"@uartesec","twitter_misc":{"Written by":"ccortez","Est. reading time":"3 minutes"},"schema":{"@context":"https:\/\/schema.org","@graph":[{"@type":"Article","@id":"https:\/\/www.uartes.edu.ec\/sitio\/en\/blog\/2024\/10\/31\/uartes-presente-en-la-iii-edicion-de-interculturarte-en-colombia\/#article","isPartOf":{"@id":"https:\/\/www.uartes.edu.ec\/sitio\/en\/blog\/2024\/10\/31\/uartes-presente-en-la-iii-edicion-de-interculturarte-en-colombia\/"},"author":{"name":"ccortez","@id":"https:\/\/www.uartes.edu.ec\/sitio\/en\/#\/schema\/person\/efa1b8275797664fd7f13a79ccc0b1f4"},"headline":"UArtes, con intervenciones acad\u00e9micas y art\u00edsticas al III Interculturarte colombiano","datePublished":"2024-10-31T20:24:00+00:00","dateModified":"2024-11-12T13:58:45+00:00","mainEntityOfPage":{"@id":"https:\/\/www.uartes.edu.ec\/sitio\/en\/blog\/2024\/10\/31\/uartes-presente-en-la-iii-edicion-de-interculturarte-en-colombia\/"},"wordCount":538,"commentCount":0,"publisher":{"@id":"https:\/\/www.uartes.edu.ec\/sitio\/en\/#organization"},"image":{"@id":"https:\/\/www.uartes.edu.ec\/sitio\/en\/blog\/2024\/10\/31\/uartes-presente-en-la-iii-edicion-de-interculturarte-en-colombia\/#primaryimage"},"thumbnailUrl":"https:\/\/www.uartes.edu.ec\/sitio\/wp-content\/uploads\/2024\/11\/01-INTERNACIONALES.jpg","keywords":["relaciones internacionales"],"articleSection":["Acad\u00e9mico","Artes","Docentes","Estudiantes","Gesti\u00f3n"],"inLanguage":"en-US","potentialAction":[{"@type":"CommentAction","name":"Comment","target":["https:\/\/www.uartes.edu.ec\/sitio\/en\/blog\/2024\/10\/31\/uartes-presente-en-la-iii-edicion-de-interculturarte-en-colombia\/#respond"]}]},{"@type":["WebPage","ItemPage"],"@id":"https:\/\/www.uartes.edu.ec\/sitio\/en\/blog\/2024\/10\/31\/uartes-presente-en-la-iii-edicion-de-interculturarte-en-colombia\/","url":"https:\/\/www.uartes.edu.ec\/sitio\/en\/blog\/2024\/10\/31\/uartes-presente-en-la-iii-edicion-de-interculturarte-en-colombia\/","name":"Universidad de las Artes - UArtes, con intervenciones acad\u00e9micas y art\u00edsticas al III Interculturarte colombiano","isPartOf":{"@id":"https:\/\/www.uartes.edu.ec\/sitio\/en\/#website"},"primaryImageOfPage":{"@id":"https:\/\/www.uartes.edu.ec\/sitio\/en\/blog\/2024\/10\/31\/uartes-presente-en-la-iii-edicion-de-interculturarte-en-colombia\/#primaryimage"},"image":{"@id":"https:\/\/www.uartes.edu.ec\/sitio\/en\/blog\/2024\/10\/31\/uartes-presente-en-la-iii-edicion-de-interculturarte-en-colombia\/#primaryimage"},"thumbnailUrl":"https:\/\/www.uartes.edu.ec\/sitio\/wp-content\/uploads\/2024\/11\/01-INTERNACIONALES.jpg","datePublished":"2024-10-31T20:24:00+00:00","dateModified":"2024-11-12T13:58:45+00:00","description":"Universidad de las Artes - UArtes, con intervenciones acad\u00e9micas y art\u00edsticas al III Interculturarte colombiano","breadcrumb":{"@id":"https:\/\/www.uartes.edu.ec\/sitio\/en\/blog\/2024\/10\/31\/uartes-presente-en-la-iii-edicion-de-interculturarte-en-colombia\/#breadcrumb"},"inLanguage":"en-US","potentialAction":[{"@type":"ReadAction","target":["https:\/\/www.uartes.edu.ec\/sitio\/en\/blog\/2024\/10\/31\/uartes-presente-en-la-iii-edicion-de-interculturarte-en-colombia\/"]}]},{"@type":"ImageObject","inLanguage":"en-US","@id":"https:\/\/www.uartes.edu.ec\/sitio\/en\/blog\/2024\/10\/31\/uartes-presente-en-la-iii-edicion-de-interculturarte-en-colombia\/#primaryimage","url":"https:\/\/www.uartes.edu.ec\/sitio\/wp-content\/uploads\/2024\/11\/01-INTERNACIONALES.jpg","contentUrl":"https:\/\/www.uartes.edu.ec\/sitio\/wp-content\/uploads\/2024\/11\/01-INTERNACIONALES.jpg","width":2000,"height":1333},{"@type":"BreadcrumbList","@id":"https:\/\/www.uartes.edu.ec\/sitio\/en\/blog\/2024\/10\/31\/uartes-presente-en-la-iii-edicion-de-interculturarte-en-colombia\/#breadcrumb","itemListElement":[{"@type":"ListItem","position":1,"name":"Inicio","item":"https:\/\/www.uartes.edu.ec\/sitio\/"},{"@type":"ListItem","position":2,"name":"UArtes, con intervenciones acad\u00e9micas y art\u00edsticas al III Interculturarte colombiano"}]},{"@type":"WebSite","@id":"https:\/\/www.uartes.edu.ec\/sitio\/en\/#website","url":"https:\/\/www.uartes.edu.ec\/sitio\/en\/","name":"Universidad de las Artes","description":"Sitio oficial de la Universidad Nacional de las Artes del Ecuador","publisher":{"@id":"https:\/\/www.uartes.edu.ec\/sitio\/en\/#organization"},"potentialAction":[{"@type":"SearchAction","target":{"@type":"EntryPoint","urlTemplate":"https:\/\/www.uartes.edu.ec\/sitio\/en\/?s={search_term_string}"},"query-input":{"@type":"PropertyValueSpecification","valueRequired":true,"valueName":"search_term_string"}}],"inLanguage":"en-US"},{"@type":"Organization","@id":"https:\/\/www.uartes.edu.ec\/sitio\/en\/#organization","name":"Universidad de las Artes","url":"https:\/\/www.uartes.edu.ec\/sitio\/en\/","logo":{"@type":"ImageObject","inLanguage":"en-US","@id":"https:\/\/www.uartes.edu.ec\/sitio\/en\/#\/schema\/logo\/image\/","url":"https:\/\/www.uartes.edu.ec\/sitio\/wp-content\/uploads\/2022\/07\/logo-ua-horizontal.png","contentUrl":"https:\/\/www.uartes.edu.ec\/sitio\/wp-content\/uploads\/2022\/07\/logo-ua-horizontal.png","width":800,"height":276,"caption":"Universidad de las Artes"},"image":{"@id":"https:\/\/www.uartes.edu.ec\/sitio\/en\/#\/schema\/logo\/image\/"},"sameAs":["https:\/\/www.facebook.com\/uartesec","https:\/\/x.com\/uartesec","https:\/\/www.tiktok.com\/@uartesec"]},{"@type":"Person","@id":"https:\/\/www.uartes.edu.ec\/sitio\/en\/#\/schema\/person\/efa1b8275797664fd7f13a79ccc0b1f4","name":"ccortez","image":{"@type":"ImageObject","inLanguage":"en-US","@id":"https:\/\/secure.gravatar.com\/avatar\/b2a6f664a3ae8e074346ef91775736c5ec479e637ecced6842de9dc98b5da9cd?s=96&d=mm&r=g","url":"https:\/\/secure.gravatar.com\/avatar\/b2a6f664a3ae8e074346ef91775736c5ec479e637ecced6842de9dc98b5da9cd?s=96&d=mm&r=g","contentUrl":"https:\/\/secure.gravatar.com\/avatar\/b2a6f664a3ae8e074346ef91775736c5ec479e637ecced6842de9dc98b5da9cd?s=96&d=mm&r=g","caption":"ccortez"},"url":"https:\/\/www.uartes.edu.ec\/sitio\/en\/blog\/author\/ccortez\/"}]}},"uagb_featured_image_src":{"full":["https:\/\/www.uartes.edu.ec\/sitio\/wp-content\/uploads\/2024\/11\/01-INTERNACIONALES.jpg",2000,1333,false],"thumbnail":["https:\/\/www.uartes.edu.ec\/sitio\/wp-content\/uploads\/2024\/11\/01-INTERNACIONALES-150x150.jpg",150,150,true],"medium":["https:\/\/www.uartes.edu.ec\/sitio\/wp-content\/uploads\/2024\/11\/01-INTERNACIONALES-300x200.jpg",300,200,true],"medium_large":["https:\/\/www.uartes.edu.ec\/sitio\/wp-content\/uploads\/2024\/11\/01-INTERNACIONALES-768x512.jpg",768,512,true],"large":["https:\/\/www.uartes.edu.ec\/sitio\/wp-content\/uploads\/2024\/11\/01-INTERNACIONALES-644x429.jpg",644,429,true],"1536x1536":["https:\/\/www.uartes.edu.ec\/sitio\/wp-content\/uploads\/2024\/11\/01-INTERNACIONALES-1536x1024.jpg",1536,1024,true],"2048x2048":["https:\/\/www.uartes.edu.ec\/sitio\/wp-content\/uploads\/2024\/11\/01-INTERNACIONALES.jpg",2000,1333,false],"trp-custom-language-flag":["https:\/\/www.uartes.edu.ec\/sitio\/wp-content\/uploads\/2024\/11\/01-INTERNACIONALES-18x12.jpg",18,12,true],"htmega_size_585x295":["https:\/\/www.uartes.edu.ec\/sitio\/wp-content\/uploads\/2024\/11\/01-INTERNACIONALES-585x295.jpg",585,295,true],"htmega_size_1170x536":["https:\/\/www.uartes.edu.ec\/sitio\/wp-content\/uploads\/2024\/11\/01-INTERNACIONALES-1170x536.jpg",1170,536,true],"htmega_size_396x360":["https:\/\/www.uartes.edu.ec\/sitio\/wp-content\/uploads\/2024\/11\/01-INTERNACIONALES-396x360.jpg",396,360,true],"gb-block-post-grid-landscape":["https:\/\/www.uartes.edu.ec\/sitio\/wp-content\/uploads\/2024\/11\/01-INTERNACIONALES-600x400.jpg",600,400,true],"gb-block-post-grid-square":["https:\/\/www.uartes.edu.ec\/sitio\/wp-content\/uploads\/2024\/11\/01-INTERNACIONALES-600x600.jpg",600,600,true],"university-hub-thumb":["https:\/\/www.uartes.edu.ec\/sitio\/wp-content\/uploads\/2024\/11\/01-INTERNACIONALES-400x267.jpg",400,267,true],"mailpoet_newsletter_max":["https:\/\/www.uartes.edu.ec\/sitio\/wp-content\/uploads\/2024\/11\/01-INTERNACIONALES.jpg",1320,880,false]},"uagb_author_info":{"display_name":"ccortez","author_link":"https:\/\/www.uartes.edu.ec\/sitio\/en\/blog\/author\/ccortez\/"},"uagb_comment_info":0,"uagb_excerpt":"Interculturarte es un evento internacional organizado por destacadas instituciones de educaci\u00f3n superior colombianas, como el Tecnol\u00f3gico de Artes D\u00e9bora Arango, el Instituto Departamental de Bellas Artes Instituci\u00f3n Universitaria del Valle (Cali), la Instituci\u00f3n Universitaria de Bellas Artes y Ciencias de Bol\u00edvar (UNIBAC, Cartagena) y la Fundaci\u00f3n Universitaria de Bellas Artes de Medell\u00edn (FUBA, Medell\u00edn). Ser\u00e1&hellip;","featured_image_src":"https:\/\/www.uartes.edu.ec\/sitio\/wp-content\/uploads\/2024\/11\/01-INTERNACIONALES-600x400.jpg","featured_image_src_square":"https:\/\/www.uartes.edu.ec\/sitio\/wp-content\/uploads\/2024\/11\/01-INTERNACIONALES-600x600.jpg","author_info":{"display_name":"ccortez","author_link":"https:\/\/www.uartes.edu.ec\/sitio\/en\/blog\/author\/ccortez\/"},"publishpress_future_workflow_manual_trigger":{"enabledWorkflows":[]},"distributor_meta":false,"distributor_terms":false,"distributor_media":false,"distributor_original_site_name":"Universidad de las Artes","distributor_original_site_url":"https:\/\/www.uartes.edu.ec\/sitio\/en","push-errors":false,"_links":{"self":[{"href":"https:\/\/www.uartes.edu.ec\/sitio\/en\/wp-json\/wp\/v2\/posts\/64089","targetHints":{"allow":["GET"]}}],"collection":[{"href":"https:\/\/www.uartes.edu.ec\/sitio\/en\/wp-json\/wp\/v2\/posts"}],"about":[{"href":"https:\/\/www.uartes.edu.ec\/sitio\/en\/wp-json\/wp\/v2\/types\/post"}],"author":[{"embeddable":true,"href":"https:\/\/www.uartes.edu.ec\/sitio\/en\/wp-json\/wp\/v2\/users\/10"}],"replies":[{"embeddable":true,"href":"https:\/\/www.uartes.edu.ec\/sitio\/en\/wp-json\/wp\/v2\/comments?post=64089"}],"version-history":[{"count":10,"href":"https:\/\/www.uartes.edu.ec\/sitio\/en\/wp-json\/wp\/v2\/posts\/64089\/revisions"}],"predecessor-version":[{"id":64150,"href":"https:\/\/www.uartes.edu.ec\/sitio\/en\/wp-json\/wp\/v2\/posts\/64089\/revisions\/64150"}],"wp:featuredmedia":[{"embeddable":true,"href":"https:\/\/www.uartes.edu.ec\/sitio\/en\/wp-json\/wp\/v2\/media\/64090"}],"wp:attachment":[{"href":"https:\/\/www.uartes.edu.ec\/sitio\/en\/wp-json\/wp\/v2\/media?parent=64089"}],"wp:term":[{"taxonomy":"category","embeddable":true,"href":"https:\/\/www.uartes.edu.ec\/sitio\/en\/wp-json\/wp\/v2\/categories?post=64089"},{"taxonomy":"post_tag","embeddable":true,"href":"https:\/\/www.uartes.edu.ec\/sitio\/en\/wp-json\/wp\/v2\/tags?post=64089"},{"taxonomy":"infouartes","embeddable":true,"href":"https:\/\/www.uartes.edu.ec\/sitio\/en\/wp-json\/wp\/v2\/infouartes?post=64089"}],"curies":[{"name":"wp","href":"https:\/\/api.w.org\/{rel}","templated":true}]}}