{"id":64261,"date":"2024-10-21T19:27:00","date_gmt":"2024-10-22T00:27:00","guid":{"rendered":"https:\/\/www.uartes.edu.ec\/sitio\/?p=64261"},"modified":"2024-11-12T08:37:04","modified_gmt":"2024-11-12T13:37:04","slug":"alumnus-shalom-mendieta-comparte-con-la-comunidad-uartes-los-procesos-de-fugaz-su-primer-disco-ep","status":"publish","type":"post","link":"https:\/\/www.uartes.edu.ec\/sitio\/en\/blog\/2024\/10\/21\/alumnus-shalom-mendieta-comparte-con-la-comunidad-uartes-los-procesos-de-fugaz-su-primer-disco-ep\/","title":{"rendered":"Alumnus Shalom Mendieta comparte con la comunidad UArtes los procesos de \u201cFugaz\u201d, un disco EP de sonoridad fresca y caribe\u00f1a"},"content":{"rendered":"<p>Despu\u00e9s de varios sencillos lanzados en a\u00f1os anteriores como un pre\u00e1mbulo de su producci\u00f3n musical llega \u201cFugaz\u201d, el primer disco EP de la cantautora guayaquile\u00f1a Shalom Mendieta, quien se caracteriza por su sonoridad fresca latina caribe\u00f1a y por componer sus canciones en g\u00e9neros como bolero, chachach\u00e1, timba, son montuno, salsa y bachata, fusionados con el pop.<\/p>\n\n\n\n<p>Con una licenciatura en Artes Musicales y Sonoras, cuya preparaci\u00f3n acad\u00e9mica curs\u00f3 en la Universidad de las Artes, Shalom Mendieta propone lo que \u2013sin pretender ser inmodesta\u2013 considera una obra de arte de la m\u00fasica latina. La compositora e int\u00e9rprete, quien tuvo la oportunidad de cantar con Alejandro Sanz en el concierto que el cantautor espa\u00f1ol brind\u00f3 en Ecuador en 2023, se\u00f1ala que el concepto de \u201cFugaz\u201d gira en torno al \u201csaudade\u201d, t\u00e9rmino portugu\u00e9s que se puede entender como una \u201cnostalgia feliz\u201d o a\u00f1oranza.<\/p>\n\n\n\n<p>En medio de historias que por la brevedad de una relaci\u00f3n o la incertidumbre desembocan en amores inconclusos, el disco busca transmitir con sus siete canciones el mensaje de \u201cdejar en libertad\u201d. Es un conjunto de historias creadas, experiencias y an\u00e9cdotas que Shalom convirti\u00f3 en canciones y que, por ser ef\u00edmeras, dan el nombre \u201cFugaz\u201d al \u00e1lbum.<\/p>\n\n\n<div class=\"wp-block-image\">\n<figure class=\"aligncenter size-large is-resized\"><img fetchpriority=\"high\" decoding=\"async\" width=\"644\" height=\"483\" src=\"https:\/\/www.uartes.edu.ec\/sitio\/wp-content\/uploads\/2024\/11\/shalom33333-644x483.jpg\" alt=\"\" class=\"wp-image-64264\" style=\"width:564px;height:auto\" srcset=\"https:\/\/www.uartes.edu.ec\/sitio\/wp-content\/uploads\/2024\/11\/shalom33333-644x483.jpg 644w, https:\/\/www.uartes.edu.ec\/sitio\/wp-content\/uploads\/2024\/11\/shalom33333-300x225.jpg 300w, https:\/\/www.uartes.edu.ec\/sitio\/wp-content\/uploads\/2024\/11\/shalom33333-768x576.jpg 768w, https:\/\/www.uartes.edu.ec\/sitio\/wp-content\/uploads\/2024\/11\/shalom33333-1536x1152.jpg 1536w, https:\/\/www.uartes.edu.ec\/sitio\/wp-content\/uploads\/2024\/11\/shalom33333-16x12.jpg 16w, https:\/\/www.uartes.edu.ec\/sitio\/wp-content\/uploads\/2024\/11\/shalom33333-400x300.jpg 400w, https:\/\/www.uartes.edu.ec\/sitio\/wp-content\/uploads\/2024\/11\/shalom33333.jpg 1777w\" sizes=\"(max-width: 644px) 100vw, 644px\" \/><\/figure>\n<\/div>\n\n\n<p>Representando una \u201csalsa de ritmos\u201d, la producci\u00f3n musical cuenta con varios g\u00e9neros, como la canci\u00f3n \u201cA tu manera\u201d, una milonga que deviene en timba y que incluye la colaboraci\u00f3n de Carlos Nev\u00e1rez, cantautor puertorrique\u00f1o nominado al Latin Grammy. Este, uno de los <em>tracks<\/em> in\u00e9ditos del disco, se afianza en el humor para dar cuenta de una historia de cortejo sin \u00e9xito que termina en fiesta.<\/p>\n\n\n\n<p>Esta particular mezcla de g\u00e9neros es tambi\u00e9n notoria en \u201cCu\u00e9ntame\u201d, una bachata rom\u00e1ntica con un puente con pregones en son cubano, para bailar pegadito. El EP \u201cFugaz\u201d incluye tambi\u00e9n otros \u00e9xitos musicales de Shalom, como \u201cPor un momento\u201d, \u201cNo r\u00edas sin m\u00ed\u201d y \u201cNos vemos a la vuelta\u201d, en el que intervienen m\u00fasicos de 4:40, la orquesta de Juan Luis Guerra.<\/p>\n\n\n\n<p>El material finaliza con una de las nuevas canciones del disco \u201cVolverte a ver\u201d, concebida como una salsa pop cuya tem\u00e1tica se centra en la esperanza del reencuentro. El video, estrenado el pasado 27 de septiembre, incluye tomas personales de la artista en su proceso de grabaci\u00f3n, con sus m\u00fasicos y equipo de producci\u00f3n, con una est\u00e9tica vintage inspirada en la m\u00fasica de anta\u00f1o y la influencia de los vibrantes ritmos latino-caribe\u00f1os.<\/p>\n\n\n\n<p>El lanzamiento de \u201cFugaz\u201d de Shalom Mendieta se dio en un concierto en vivo en el \u201cBotanik Fest\u201d que tuvo lugar en el Jard\u00edn Bot\u00e1nico de Guayaquil el pasado 28 de septiembre. All\u00ed, la cantautora graduada en la UArtes encabez\u00f3 el cartel de artistas y bandas de la escena independiente guayaquile\u00f1a.<\/p>\n\n\n<div class=\"wp-block-image\">\n<figure class=\"aligncenter size-large is-resized\"><img decoding=\"async\" width=\"644\" height=\"483\" src=\"https:\/\/www.uartes.edu.ec\/sitio\/wp-content\/uploads\/2024\/11\/shalom11111-644x483.jpg\" alt=\"\" class=\"wp-image-64265\" style=\"width:487px;height:auto\" srcset=\"https:\/\/www.uartes.edu.ec\/sitio\/wp-content\/uploads\/2024\/11\/shalom11111-644x483.jpg 644w, https:\/\/www.uartes.edu.ec\/sitio\/wp-content\/uploads\/2024\/11\/shalom11111-300x225.jpg 300w, https:\/\/www.uartes.edu.ec\/sitio\/wp-content\/uploads\/2024\/11\/shalom11111-768x576.jpg 768w, https:\/\/www.uartes.edu.ec\/sitio\/wp-content\/uploads\/2024\/11\/shalom11111-1536x1152.jpg 1536w, https:\/\/www.uartes.edu.ec\/sitio\/wp-content\/uploads\/2024\/11\/shalom11111-16x12.jpg 16w, https:\/\/www.uartes.edu.ec\/sitio\/wp-content\/uploads\/2024\/11\/shalom11111-400x300.jpg 400w, https:\/\/www.uartes.edu.ec\/sitio\/wp-content\/uploads\/2024\/11\/shalom11111.jpg 1777w\" sizes=\"(max-width: 644px) 100vw, 644px\" \/><\/figure>\n<\/div>\n\n\n<p>\u201cFugaz\u201d se encuentra ya en las plataformas Spotify y Apple Music. Los nuevos videoclips y sesiones en vivo se pueden ver en la p\u00e1gina de YouTube de la artista, presente en las redes sociales como @shalommendieta<\/p>\n\n\n\n<h3 class=\"wp-block-heading\">Otras presentaciones<\/h3>\n\n\n\n<p>De las participaciones de Shalom Mendieta en conciertos de artistas internacionales se mencionan el Festival Wanka Beats, donde tuvo una colaboraci\u00f3n con Los Amigos Invisibles en dos de sus canciones y comparti\u00f3 escenario con bandas como Rawa-ya na (Venezuela), B\u00e1ndalos Chinos (Argentina) y Esteman (Colombia). Ha intervenido tambi\u00e9n en festivales con carteles nacionales como P\u00e1rame Bola, Estero Fest, Music At The Patio, Beerman, Perla Fest, entre otros.<\/p>\n\n\n\n<p>A finales del 2022, Shalom Mendieta abri\u00f3 el concierto de Fanny Lu y Anuel AA en el Parque Bicentenario por la celebraci\u00f3n de los 488 a\u00f1os de fundaci\u00f3n de Quito. Junto a ella se present\u00f3 la agrupaci\u00f3n ecuatoriana Verde 70, el solista Marqu\u00e9s y la solista T\u00e1bata Alvarado, tambi\u00e9n graduada en la Universidad de las Artes.<\/p>\n\n\n\n<p>Fotos: Shalom Mendieta, graduada UArtes.<\/p>","protected":false},"excerpt":{"rendered":"<p>Despu\u00e9s de varios sencillos lanzados en a\u00f1os anteriores como un pre\u00e1mbulo de su producci\u00f3n musical llega \u201cFugaz\u201d, el primer disco EP de la cantautora Shalom Mendieta, quien se caracteriza por su sonoridad fresca latina caribe\u00f1a y por componer sus canciones en g\u00e9neros como bolero, chachach\u00e1, timba, son montuno, salsa y bachata, fusionados con el pop. La artista curs\u00f3 estudios en la UArtes y gradu\u00f3 en Artes Musicales. <\/p>","protected":false},"author":10,"featured_media":64263,"comment_status":"open","ping_status":"open","sticky":false,"template":"","format":"standard","meta":{"_acf_changed":false,"_uag_custom_page_level_css":"","_monsterinsights_skip_tracking":false,"_monsterinsights_sitenote_active":false,"_monsterinsights_sitenote_note":"","_monsterinsights_sitenote_category":0,"cybocfi_hide_featured_image":"","footnotes":""},"categories":[490,150],"tags":[496],"infouartes":[1288],"class_list":["post-64261","post","type-post","status-publish","format-standard","has-post-thumbnail","hentry","category-alumni","category-artes-sonoras","tag-produccion-musical","infouartes-produccion-artistica"],"acf":[],"yoast_head":"<!-- This site is optimized with the Yoast SEO plugin v27.4 - https:\/\/yoast.com\/product\/yoast-seo-wordpress\/ -->\n<title>Universidad de las Artes - Alumnus Shalom Mendieta comparte con la comunidad UArtes los procesos de \u201cFugaz\u201d, un disco EP de sonoridad fresca y caribe\u00f1a<\/title>\n<meta name=\"description\" content=\"Universidad de las Artes - Alumnus Shalom Mendieta comparte con la comunidad UArtes los procesos de \u201cFugaz\u201d, un disco EP de sonoridad fresca y caribe\u00f1a\" \/>\n<meta name=\"robots\" content=\"index, follow, max-snippet:-1, max-image-preview:large, max-video-preview:-1\" \/>\n<link rel=\"canonical\" href=\"https:\/\/www.uartes.edu.ec\/sitio\/en\/blog\/2024\/10\/21\/alumnus-shalom-mendieta-comparte-con-la-comunidad-uartes-los-procesos-de-fugaz-su-primer-disco-ep\/\" \/>\n<meta property=\"og:locale\" content=\"en_US\" \/>\n<meta property=\"og:type\" content=\"article\" \/>\n<meta property=\"og:title\" content=\"Universidad de las Artes - Alumnus Shalom Mendieta comparte con la comunidad UArtes los procesos de \u201cFugaz\u201d, un disco EP de sonoridad fresca y caribe\u00f1a\" \/>\n<meta property=\"og:description\" content=\"Universidad de las Artes - Alumnus Shalom Mendieta comparte con la comunidad UArtes los procesos de \u201cFugaz\u201d, un disco EP de sonoridad fresca y caribe\u00f1a\" \/>\n<meta property=\"og:url\" content=\"https:\/\/www.uartes.edu.ec\/sitio\/en\/blog\/2024\/10\/21\/alumnus-shalom-mendieta-comparte-con-la-comunidad-uartes-los-procesos-de-fugaz-su-primer-disco-ep\/\" \/>\n<meta property=\"og:site_name\" content=\"Universidad de las Artes\" \/>\n<meta property=\"article:publisher\" content=\"https:\/\/www.facebook.com\/uartesec\" \/>\n<meta property=\"article:published_time\" content=\"2024-10-22T00:27:00+00:00\" \/>\n<meta property=\"article:modified_time\" content=\"2024-11-12T13:37:04+00:00\" \/>\n<meta property=\"og:image\" content=\"https:\/\/www.uartes.edu.ec\/sitio\/wp-content\/uploads\/2024\/11\/shalom222222.jpg\" \/>\n\t<meta property=\"og:image:width\" content=\"1779\" \/>\n\t<meta property=\"og:image:height\" content=\"1333\" \/>\n\t<meta property=\"og:image:type\" content=\"image\/jpeg\" \/>\n<meta name=\"author\" content=\"ccortez\" \/>\n<meta name=\"twitter:card\" content=\"summary_large_image\" \/>\n<meta name=\"twitter:creator\" content=\"@uartesec\" \/>\n<meta name=\"twitter:site\" content=\"@uartesec\" \/>\n<meta name=\"twitter:label1\" content=\"Written by\" \/>\n\t<meta name=\"twitter:data1\" content=\"ccortez\" \/>\n\t<meta name=\"twitter:label2\" content=\"Est. reading time\" \/>\n\t<meta name=\"twitter:data2\" content=\"4 minutes\" \/>\n<script type=\"application\/ld+json\" class=\"yoast-schema-graph\">{\"@context\":\"https:\\\/\\\/schema.org\",\"@graph\":[{\"@type\":\"Article\",\"@id\":\"https:\\\/\\\/www.uartes.edu.ec\\\/sitio\\\/en\\\/blog\\\/2024\\\/10\\\/21\\\/alumnus-shalom-mendieta-comparte-con-la-comunidad-uartes-los-procesos-de-fugaz-su-primer-disco-ep\\\/#article\",\"isPartOf\":{\"@id\":\"https:\\\/\\\/www.uartes.edu.ec\\\/sitio\\\/en\\\/blog\\\/2024\\\/10\\\/21\\\/alumnus-shalom-mendieta-comparte-con-la-comunidad-uartes-los-procesos-de-fugaz-su-primer-disco-ep\\\/\"},\"author\":{\"name\":\"ccortez\",\"@id\":\"https:\\\/\\\/www.uartes.edu.ec\\\/sitio\\\/en\\\/#\\\/schema\\\/person\\\/efa1b8275797664fd7f13a79ccc0b1f4\"},\"headline\":\"Alumnus Shalom Mendieta comparte con la comunidad UArtes los procesos de \u201cFugaz\u201d, un disco EP de sonoridad fresca y caribe\u00f1a\",\"datePublished\":\"2024-10-22T00:27:00+00:00\",\"dateModified\":\"2024-11-12T13:37:04+00:00\",\"mainEntityOfPage\":{\"@id\":\"https:\\\/\\\/www.uartes.edu.ec\\\/sitio\\\/en\\\/blog\\\/2024\\\/10\\\/21\\\/alumnus-shalom-mendieta-comparte-con-la-comunidad-uartes-los-procesos-de-fugaz-su-primer-disco-ep\\\/\"},\"wordCount\":682,\"commentCount\":0,\"publisher\":{\"@id\":\"https:\\\/\\\/www.uartes.edu.ec\\\/sitio\\\/en\\\/#organization\"},\"image\":{\"@id\":\"https:\\\/\\\/www.uartes.edu.ec\\\/sitio\\\/en\\\/blog\\\/2024\\\/10\\\/21\\\/alumnus-shalom-mendieta-comparte-con-la-comunidad-uartes-los-procesos-de-fugaz-su-primer-disco-ep\\\/#primaryimage\"},\"thumbnailUrl\":\"https:\\\/\\\/www.uartes.edu.ec\\\/sitio\\\/wp-content\\\/uploads\\\/2024\\\/11\\\/shalom222222.jpg\",\"keywords\":[\"producci\u00f3n musical\"],\"articleSection\":[\"Alumni\",\"Artes Sonoras\"],\"inLanguage\":\"en-US\",\"potentialAction\":[{\"@type\":\"CommentAction\",\"name\":\"Comment\",\"target\":[\"https:\\\/\\\/www.uartes.edu.ec\\\/sitio\\\/en\\\/blog\\\/2024\\\/10\\\/21\\\/alumnus-shalom-mendieta-comparte-con-la-comunidad-uartes-los-procesos-de-fugaz-su-primer-disco-ep\\\/#respond\"]}]},{\"@type\":[\"WebPage\",\"ItemPage\"],\"@id\":\"https:\\\/\\\/www.uartes.edu.ec\\\/sitio\\\/en\\\/blog\\\/2024\\\/10\\\/21\\\/alumnus-shalom-mendieta-comparte-con-la-comunidad-uartes-los-procesos-de-fugaz-su-primer-disco-ep\\\/\",\"url\":\"https:\\\/\\\/www.uartes.edu.ec\\\/sitio\\\/en\\\/blog\\\/2024\\\/10\\\/21\\\/alumnus-shalom-mendieta-comparte-con-la-comunidad-uartes-los-procesos-de-fugaz-su-primer-disco-ep\\\/\",\"name\":\"Universidad de las Artes - Alumnus Shalom Mendieta comparte con la comunidad UArtes los procesos de \u201cFugaz\u201d, un disco EP de sonoridad fresca y caribe\u00f1a\",\"isPartOf\":{\"@id\":\"https:\\\/\\\/www.uartes.edu.ec\\\/sitio\\\/en\\\/#website\"},\"primaryImageOfPage\":{\"@id\":\"https:\\\/\\\/www.uartes.edu.ec\\\/sitio\\\/en\\\/blog\\\/2024\\\/10\\\/21\\\/alumnus-shalom-mendieta-comparte-con-la-comunidad-uartes-los-procesos-de-fugaz-su-primer-disco-ep\\\/#primaryimage\"},\"image\":{\"@id\":\"https:\\\/\\\/www.uartes.edu.ec\\\/sitio\\\/en\\\/blog\\\/2024\\\/10\\\/21\\\/alumnus-shalom-mendieta-comparte-con-la-comunidad-uartes-los-procesos-de-fugaz-su-primer-disco-ep\\\/#primaryimage\"},\"thumbnailUrl\":\"https:\\\/\\\/www.uartes.edu.ec\\\/sitio\\\/wp-content\\\/uploads\\\/2024\\\/11\\\/shalom222222.jpg\",\"datePublished\":\"2024-10-22T00:27:00+00:00\",\"dateModified\":\"2024-11-12T13:37:04+00:00\",\"description\":\"Universidad de las Artes - Alumnus Shalom Mendieta comparte con la comunidad UArtes los procesos de \u201cFugaz\u201d, un disco EP de sonoridad fresca y caribe\u00f1a\",\"breadcrumb\":{\"@id\":\"https:\\\/\\\/www.uartes.edu.ec\\\/sitio\\\/en\\\/blog\\\/2024\\\/10\\\/21\\\/alumnus-shalom-mendieta-comparte-con-la-comunidad-uartes-los-procesos-de-fugaz-su-primer-disco-ep\\\/#breadcrumb\"},\"inLanguage\":\"en-US\",\"potentialAction\":[{\"@type\":\"ReadAction\",\"target\":[\"https:\\\/\\\/www.uartes.edu.ec\\\/sitio\\\/en\\\/blog\\\/2024\\\/10\\\/21\\\/alumnus-shalom-mendieta-comparte-con-la-comunidad-uartes-los-procesos-de-fugaz-su-primer-disco-ep\\\/\"]}]},{\"@type\":\"ImageObject\",\"inLanguage\":\"en-US\",\"@id\":\"https:\\\/\\\/www.uartes.edu.ec\\\/sitio\\\/en\\\/blog\\\/2024\\\/10\\\/21\\\/alumnus-shalom-mendieta-comparte-con-la-comunidad-uartes-los-procesos-de-fugaz-su-primer-disco-ep\\\/#primaryimage\",\"url\":\"https:\\\/\\\/www.uartes.edu.ec\\\/sitio\\\/wp-content\\\/uploads\\\/2024\\\/11\\\/shalom222222.jpg\",\"contentUrl\":\"https:\\\/\\\/www.uartes.edu.ec\\\/sitio\\\/wp-content\\\/uploads\\\/2024\\\/11\\\/shalom222222.jpg\",\"width\":1779,\"height\":1333},{\"@type\":\"BreadcrumbList\",\"@id\":\"https:\\\/\\\/www.uartes.edu.ec\\\/sitio\\\/en\\\/blog\\\/2024\\\/10\\\/21\\\/alumnus-shalom-mendieta-comparte-con-la-comunidad-uartes-los-procesos-de-fugaz-su-primer-disco-ep\\\/#breadcrumb\",\"itemListElement\":[{\"@type\":\"ListItem\",\"position\":1,\"name\":\"Inicio\",\"item\":\"https:\\\/\\\/www.uartes.edu.ec\\\/sitio\\\/\"},{\"@type\":\"ListItem\",\"position\":2,\"name\":\"Alumnus Shalom Mendieta comparte con la comunidad UArtes los procesos de \u201cFugaz\u201d, un disco EP de sonoridad fresca y caribe\u00f1a\"}]},{\"@type\":\"WebSite\",\"@id\":\"https:\\\/\\\/www.uartes.edu.ec\\\/sitio\\\/en\\\/#website\",\"url\":\"https:\\\/\\\/www.uartes.edu.ec\\\/sitio\\\/en\\\/\",\"name\":\"Universidad de las Artes\",\"description\":\"Sitio oficial de la Universidad Nacional de las Artes del Ecuador\",\"publisher\":{\"@id\":\"https:\\\/\\\/www.uartes.edu.ec\\\/sitio\\\/en\\\/#organization\"},\"potentialAction\":[{\"@type\":\"SearchAction\",\"target\":{\"@type\":\"EntryPoint\",\"urlTemplate\":\"https:\\\/\\\/www.uartes.edu.ec\\\/sitio\\\/en\\\/?s={search_term_string}\"},\"query-input\":{\"@type\":\"PropertyValueSpecification\",\"valueRequired\":true,\"valueName\":\"search_term_string\"}}],\"inLanguage\":\"en-US\"},{\"@type\":\"Organization\",\"@id\":\"https:\\\/\\\/www.uartes.edu.ec\\\/sitio\\\/en\\\/#organization\",\"name\":\"Universidad de las Artes\",\"url\":\"https:\\\/\\\/www.uartes.edu.ec\\\/sitio\\\/en\\\/\",\"logo\":{\"@type\":\"ImageObject\",\"inLanguage\":\"en-US\",\"@id\":\"https:\\\/\\\/www.uartes.edu.ec\\\/sitio\\\/en\\\/#\\\/schema\\\/logo\\\/image\\\/\",\"url\":\"https:\\\/\\\/www.uartes.edu.ec\\\/sitio\\\/wp-content\\\/uploads\\\/2022\\\/07\\\/logo-ua-horizontal.png\",\"contentUrl\":\"https:\\\/\\\/www.uartes.edu.ec\\\/sitio\\\/wp-content\\\/uploads\\\/2022\\\/07\\\/logo-ua-horizontal.png\",\"width\":800,\"height\":276,\"caption\":\"Universidad de las Artes\"},\"image\":{\"@id\":\"https:\\\/\\\/www.uartes.edu.ec\\\/sitio\\\/en\\\/#\\\/schema\\\/logo\\\/image\\\/\"},\"sameAs\":[\"https:\\\/\\\/www.facebook.com\\\/uartesec\",\"https:\\\/\\\/x.com\\\/uartesec\",\"https:\\\/\\\/www.tiktok.com\\\/@uartesec\"]},{\"@type\":\"Person\",\"@id\":\"https:\\\/\\\/www.uartes.edu.ec\\\/sitio\\\/en\\\/#\\\/schema\\\/person\\\/efa1b8275797664fd7f13a79ccc0b1f4\",\"name\":\"ccortez\",\"image\":{\"@type\":\"ImageObject\",\"inLanguage\":\"en-US\",\"@id\":\"https:\\\/\\\/secure.gravatar.com\\\/avatar\\\/b2a6f664a3ae8e074346ef91775736c5ec479e637ecced6842de9dc98b5da9cd?s=96&d=mm&r=g\",\"url\":\"https:\\\/\\\/secure.gravatar.com\\\/avatar\\\/b2a6f664a3ae8e074346ef91775736c5ec479e637ecced6842de9dc98b5da9cd?s=96&d=mm&r=g\",\"contentUrl\":\"https:\\\/\\\/secure.gravatar.com\\\/avatar\\\/b2a6f664a3ae8e074346ef91775736c5ec479e637ecced6842de9dc98b5da9cd?s=96&d=mm&r=g\",\"caption\":\"ccortez\"},\"url\":\"https:\\\/\\\/www.uartes.edu.ec\\\/sitio\\\/en\\\/blog\\\/author\\\/ccortez\\\/\"}]}<\/script>\n<!-- \/ Yoast SEO plugin. -->","yoast_head_json":{"title":"Universidad de las Artes - Alumnus Shalom Mendieta comparte con la comunidad UArtes los procesos de \u201cFugaz\u201d, un disco EP de sonoridad fresca y caribe\u00f1a","description":"Universidad de las Artes - Alumnus Shalom Mendieta comparte con la comunidad UArtes los procesos de \u201cFugaz\u201d, un disco EP de sonoridad fresca y caribe\u00f1a","robots":{"index":"index","follow":"follow","max-snippet":"max-snippet:-1","max-image-preview":"max-image-preview:large","max-video-preview":"max-video-preview:-1"},"canonical":"https:\/\/www.uartes.edu.ec\/sitio\/en\/blog\/2024\/10\/21\/alumnus-shalom-mendieta-comparte-con-la-comunidad-uartes-los-procesos-de-fugaz-su-primer-disco-ep\/","og_locale":"en_US","og_type":"article","og_title":"Universidad de las Artes - Alumnus Shalom Mendieta comparte con la comunidad UArtes los procesos de \u201cFugaz\u201d, un disco EP de sonoridad fresca y caribe\u00f1a","og_description":"Universidad de las Artes - Alumnus Shalom Mendieta comparte con la comunidad UArtes los procesos de \u201cFugaz\u201d, un disco EP de sonoridad fresca y caribe\u00f1a","og_url":"https:\/\/www.uartes.edu.ec\/sitio\/en\/blog\/2024\/10\/21\/alumnus-shalom-mendieta-comparte-con-la-comunidad-uartes-los-procesos-de-fugaz-su-primer-disco-ep\/","og_site_name":"Universidad de las Artes","article_publisher":"https:\/\/www.facebook.com\/uartesec","article_published_time":"2024-10-22T00:27:00+00:00","article_modified_time":"2024-11-12T13:37:04+00:00","og_image":[{"width":1779,"height":1333,"url":"https:\/\/www.uartes.edu.ec\/sitio\/wp-content\/uploads\/2024\/11\/shalom222222.jpg","type":"image\/jpeg"}],"author":"ccortez","twitter_card":"summary_large_image","twitter_creator":"@uartesec","twitter_site":"@uartesec","twitter_misc":{"Written by":"ccortez","Est. reading time":"4 minutes"},"schema":{"@context":"https:\/\/schema.org","@graph":[{"@type":"Article","@id":"https:\/\/www.uartes.edu.ec\/sitio\/en\/blog\/2024\/10\/21\/alumnus-shalom-mendieta-comparte-con-la-comunidad-uartes-los-procesos-de-fugaz-su-primer-disco-ep\/#article","isPartOf":{"@id":"https:\/\/www.uartes.edu.ec\/sitio\/en\/blog\/2024\/10\/21\/alumnus-shalom-mendieta-comparte-con-la-comunidad-uartes-los-procesos-de-fugaz-su-primer-disco-ep\/"},"author":{"name":"ccortez","@id":"https:\/\/www.uartes.edu.ec\/sitio\/en\/#\/schema\/person\/efa1b8275797664fd7f13a79ccc0b1f4"},"headline":"Alumnus Shalom Mendieta comparte con la comunidad UArtes los procesos de \u201cFugaz\u201d, un disco EP de sonoridad fresca y caribe\u00f1a","datePublished":"2024-10-22T00:27:00+00:00","dateModified":"2024-11-12T13:37:04+00:00","mainEntityOfPage":{"@id":"https:\/\/www.uartes.edu.ec\/sitio\/en\/blog\/2024\/10\/21\/alumnus-shalom-mendieta-comparte-con-la-comunidad-uartes-los-procesos-de-fugaz-su-primer-disco-ep\/"},"wordCount":682,"commentCount":0,"publisher":{"@id":"https:\/\/www.uartes.edu.ec\/sitio\/en\/#organization"},"image":{"@id":"https:\/\/www.uartes.edu.ec\/sitio\/en\/blog\/2024\/10\/21\/alumnus-shalom-mendieta-comparte-con-la-comunidad-uartes-los-procesos-de-fugaz-su-primer-disco-ep\/#primaryimage"},"thumbnailUrl":"https:\/\/www.uartes.edu.ec\/sitio\/wp-content\/uploads\/2024\/11\/shalom222222.jpg","keywords":["producci\u00f3n musical"],"articleSection":["Alumni","Artes Sonoras"],"inLanguage":"en-US","potentialAction":[{"@type":"CommentAction","name":"Comment","target":["https:\/\/www.uartes.edu.ec\/sitio\/en\/blog\/2024\/10\/21\/alumnus-shalom-mendieta-comparte-con-la-comunidad-uartes-los-procesos-de-fugaz-su-primer-disco-ep\/#respond"]}]},{"@type":["WebPage","ItemPage"],"@id":"https:\/\/www.uartes.edu.ec\/sitio\/en\/blog\/2024\/10\/21\/alumnus-shalom-mendieta-comparte-con-la-comunidad-uartes-los-procesos-de-fugaz-su-primer-disco-ep\/","url":"https:\/\/www.uartes.edu.ec\/sitio\/en\/blog\/2024\/10\/21\/alumnus-shalom-mendieta-comparte-con-la-comunidad-uartes-los-procesos-de-fugaz-su-primer-disco-ep\/","name":"Universidad de las Artes - Alumnus Shalom Mendieta comparte con la comunidad UArtes los procesos de \u201cFugaz\u201d, un disco EP de sonoridad fresca y caribe\u00f1a","isPartOf":{"@id":"https:\/\/www.uartes.edu.ec\/sitio\/en\/#website"},"primaryImageOfPage":{"@id":"https:\/\/www.uartes.edu.ec\/sitio\/en\/blog\/2024\/10\/21\/alumnus-shalom-mendieta-comparte-con-la-comunidad-uartes-los-procesos-de-fugaz-su-primer-disco-ep\/#primaryimage"},"image":{"@id":"https:\/\/www.uartes.edu.ec\/sitio\/en\/blog\/2024\/10\/21\/alumnus-shalom-mendieta-comparte-con-la-comunidad-uartes-los-procesos-de-fugaz-su-primer-disco-ep\/#primaryimage"},"thumbnailUrl":"https:\/\/www.uartes.edu.ec\/sitio\/wp-content\/uploads\/2024\/11\/shalom222222.jpg","datePublished":"2024-10-22T00:27:00+00:00","dateModified":"2024-11-12T13:37:04+00:00","description":"Universidad de las Artes - Alumnus Shalom Mendieta comparte con la comunidad UArtes los procesos de \u201cFugaz\u201d, un disco EP de sonoridad fresca y caribe\u00f1a","breadcrumb":{"@id":"https:\/\/www.uartes.edu.ec\/sitio\/en\/blog\/2024\/10\/21\/alumnus-shalom-mendieta-comparte-con-la-comunidad-uartes-los-procesos-de-fugaz-su-primer-disco-ep\/#breadcrumb"},"inLanguage":"en-US","potentialAction":[{"@type":"ReadAction","target":["https:\/\/www.uartes.edu.ec\/sitio\/en\/blog\/2024\/10\/21\/alumnus-shalom-mendieta-comparte-con-la-comunidad-uartes-los-procesos-de-fugaz-su-primer-disco-ep\/"]}]},{"@type":"ImageObject","inLanguage":"en-US","@id":"https:\/\/www.uartes.edu.ec\/sitio\/en\/blog\/2024\/10\/21\/alumnus-shalom-mendieta-comparte-con-la-comunidad-uartes-los-procesos-de-fugaz-su-primer-disco-ep\/#primaryimage","url":"https:\/\/www.uartes.edu.ec\/sitio\/wp-content\/uploads\/2024\/11\/shalom222222.jpg","contentUrl":"https:\/\/www.uartes.edu.ec\/sitio\/wp-content\/uploads\/2024\/11\/shalom222222.jpg","width":1779,"height":1333},{"@type":"BreadcrumbList","@id":"https:\/\/www.uartes.edu.ec\/sitio\/en\/blog\/2024\/10\/21\/alumnus-shalom-mendieta-comparte-con-la-comunidad-uartes-los-procesos-de-fugaz-su-primer-disco-ep\/#breadcrumb","itemListElement":[{"@type":"ListItem","position":1,"name":"Inicio","item":"https:\/\/www.uartes.edu.ec\/sitio\/"},{"@type":"ListItem","position":2,"name":"Alumnus Shalom Mendieta comparte con la comunidad UArtes los procesos de \u201cFugaz\u201d, un disco EP de sonoridad fresca y caribe\u00f1a"}]},{"@type":"WebSite","@id":"https:\/\/www.uartes.edu.ec\/sitio\/en\/#website","url":"https:\/\/www.uartes.edu.ec\/sitio\/en\/","name":"Universidad de las Artes","description":"Sitio oficial de la Universidad Nacional de las Artes del Ecuador","publisher":{"@id":"https:\/\/www.uartes.edu.ec\/sitio\/en\/#organization"},"potentialAction":[{"@type":"SearchAction","target":{"@type":"EntryPoint","urlTemplate":"https:\/\/www.uartes.edu.ec\/sitio\/en\/?s={search_term_string}"},"query-input":{"@type":"PropertyValueSpecification","valueRequired":true,"valueName":"search_term_string"}}],"inLanguage":"en-US"},{"@type":"Organization","@id":"https:\/\/www.uartes.edu.ec\/sitio\/en\/#organization","name":"Universidad de las Artes","url":"https:\/\/www.uartes.edu.ec\/sitio\/en\/","logo":{"@type":"ImageObject","inLanguage":"en-US","@id":"https:\/\/www.uartes.edu.ec\/sitio\/en\/#\/schema\/logo\/image\/","url":"https:\/\/www.uartes.edu.ec\/sitio\/wp-content\/uploads\/2022\/07\/logo-ua-horizontal.png","contentUrl":"https:\/\/www.uartes.edu.ec\/sitio\/wp-content\/uploads\/2022\/07\/logo-ua-horizontal.png","width":800,"height":276,"caption":"Universidad de las Artes"},"image":{"@id":"https:\/\/www.uartes.edu.ec\/sitio\/en\/#\/schema\/logo\/image\/"},"sameAs":["https:\/\/www.facebook.com\/uartesec","https:\/\/x.com\/uartesec","https:\/\/www.tiktok.com\/@uartesec"]},{"@type":"Person","@id":"https:\/\/www.uartes.edu.ec\/sitio\/en\/#\/schema\/person\/efa1b8275797664fd7f13a79ccc0b1f4","name":"ccortez","image":{"@type":"ImageObject","inLanguage":"en-US","@id":"https:\/\/secure.gravatar.com\/avatar\/b2a6f664a3ae8e074346ef91775736c5ec479e637ecced6842de9dc98b5da9cd?s=96&d=mm&r=g","url":"https:\/\/secure.gravatar.com\/avatar\/b2a6f664a3ae8e074346ef91775736c5ec479e637ecced6842de9dc98b5da9cd?s=96&d=mm&r=g","contentUrl":"https:\/\/secure.gravatar.com\/avatar\/b2a6f664a3ae8e074346ef91775736c5ec479e637ecced6842de9dc98b5da9cd?s=96&d=mm&r=g","caption":"ccortez"},"url":"https:\/\/www.uartes.edu.ec\/sitio\/en\/blog\/author\/ccortez\/"}]}},"uagb_featured_image_src":{"full":["https:\/\/www.uartes.edu.ec\/sitio\/wp-content\/uploads\/2024\/11\/shalom222222.jpg",1779,1333,false],"thumbnail":["https:\/\/www.uartes.edu.ec\/sitio\/wp-content\/uploads\/2024\/11\/shalom222222-150x150.jpg",150,150,true],"medium":["https:\/\/www.uartes.edu.ec\/sitio\/wp-content\/uploads\/2024\/11\/shalom222222-300x225.jpg",300,225,true],"medium_large":["https:\/\/www.uartes.edu.ec\/sitio\/wp-content\/uploads\/2024\/11\/shalom222222-768x575.jpg",768,575,true],"large":["https:\/\/www.uartes.edu.ec\/sitio\/wp-content\/uploads\/2024\/11\/shalom222222-644x483.jpg",644,483,true],"1536x1536":["https:\/\/www.uartes.edu.ec\/sitio\/wp-content\/uploads\/2024\/11\/shalom222222-1536x1151.jpg",1536,1151,true],"2048x2048":["https:\/\/www.uartes.edu.ec\/sitio\/wp-content\/uploads\/2024\/11\/shalom222222.jpg",1779,1333,false],"trp-custom-language-flag":["https:\/\/www.uartes.edu.ec\/sitio\/wp-content\/uploads\/2024\/11\/shalom222222-16x12.jpg",16,12,true],"htmega_size_585x295":["https:\/\/www.uartes.edu.ec\/sitio\/wp-content\/uploads\/2024\/11\/shalom222222-585x295.jpg",585,295,true],"htmega_size_1170x536":["https:\/\/www.uartes.edu.ec\/sitio\/wp-content\/uploads\/2024\/11\/shalom222222-1170x536.jpg",1170,536,true],"htmega_size_396x360":["https:\/\/www.uartes.edu.ec\/sitio\/wp-content\/uploads\/2024\/11\/shalom222222-396x360.jpg",396,360,true],"gb-block-post-grid-landscape":["https:\/\/www.uartes.edu.ec\/sitio\/wp-content\/uploads\/2024\/11\/shalom222222-600x400.jpg",600,400,true],"gb-block-post-grid-square":["https:\/\/www.uartes.edu.ec\/sitio\/wp-content\/uploads\/2024\/11\/shalom222222-600x600.jpg",600,600,true],"university-hub-thumb":["https:\/\/www.uartes.edu.ec\/sitio\/wp-content\/uploads\/2024\/11\/shalom222222-400x300.jpg",400,300,true],"mailpoet_newsletter_max":["https:\/\/www.uartes.edu.ec\/sitio\/wp-content\/uploads\/2024\/11\/shalom222222.jpg",1320,989,false]},"uagb_author_info":{"display_name":"ccortez","author_link":"https:\/\/www.uartes.edu.ec\/sitio\/en\/blog\/author\/ccortez\/"},"uagb_comment_info":0,"uagb_excerpt":"Despu\u00e9s de varios sencillos lanzados en a\u00f1os anteriores como un pre\u00e1mbulo de su producci\u00f3n musical llega \u201cFugaz\u201d, el primer disco EP de la cantautora Shalom Mendieta, quien se caracteriza por su sonoridad fresca latina caribe\u00f1a y por componer sus canciones en g\u00e9neros como bolero, chachach\u00e1, timba, son montuno, salsa y bachata, fusionados con el pop.&hellip;","featured_image_src":"https:\/\/www.uartes.edu.ec\/sitio\/wp-content\/uploads\/2024\/11\/shalom222222-600x400.jpg","featured_image_src_square":"https:\/\/www.uartes.edu.ec\/sitio\/wp-content\/uploads\/2024\/11\/shalom222222-600x600.jpg","author_info":{"display_name":"ccortez","author_link":"https:\/\/www.uartes.edu.ec\/sitio\/en\/blog\/author\/ccortez\/"},"publishpress_future_workflow_manual_trigger":{"enabledWorkflows":[]},"distributor_meta":false,"distributor_terms":false,"distributor_media":false,"distributor_original_site_name":"Universidad de las Artes","distributor_original_site_url":"https:\/\/www.uartes.edu.ec\/sitio\/en","push-errors":false,"_links":{"self":[{"href":"https:\/\/www.uartes.edu.ec\/sitio\/en\/wp-json\/wp\/v2\/posts\/64261","targetHints":{"allow":["GET"]}}],"collection":[{"href":"https:\/\/www.uartes.edu.ec\/sitio\/en\/wp-json\/wp\/v2\/posts"}],"about":[{"href":"https:\/\/www.uartes.edu.ec\/sitio\/en\/wp-json\/wp\/v2\/types\/post"}],"author":[{"embeddable":true,"href":"https:\/\/www.uartes.edu.ec\/sitio\/en\/wp-json\/wp\/v2\/users\/10"}],"replies":[{"embeddable":true,"href":"https:\/\/www.uartes.edu.ec\/sitio\/en\/wp-json\/wp\/v2\/comments?post=64261"}],"version-history":[{"count":7,"href":"https:\/\/www.uartes.edu.ec\/sitio\/en\/wp-json\/wp\/v2\/posts\/64261\/revisions"}],"predecessor-version":[{"id":64281,"href":"https:\/\/www.uartes.edu.ec\/sitio\/en\/wp-json\/wp\/v2\/posts\/64261\/revisions\/64281"}],"wp:featuredmedia":[{"embeddable":true,"href":"https:\/\/www.uartes.edu.ec\/sitio\/en\/wp-json\/wp\/v2\/media\/64263"}],"wp:attachment":[{"href":"https:\/\/www.uartes.edu.ec\/sitio\/en\/wp-json\/wp\/v2\/media?parent=64261"}],"wp:term":[{"taxonomy":"category","embeddable":true,"href":"https:\/\/www.uartes.edu.ec\/sitio\/en\/wp-json\/wp\/v2\/categories?post=64261"},{"taxonomy":"post_tag","embeddable":true,"href":"https:\/\/www.uartes.edu.ec\/sitio\/en\/wp-json\/wp\/v2\/tags?post=64261"},{"taxonomy":"infouartes","embeddable":true,"href":"https:\/\/www.uartes.edu.ec\/sitio\/en\/wp-json\/wp\/v2\/infouartes?post=64261"}],"curies":[{"name":"wp","href":"https:\/\/api.w.org\/{rel}","templated":true}]}}