{"id":64454,"date":"2024-11-12T11:42:00","date_gmt":"2024-11-12T16:42:00","guid":{"rendered":"https:\/\/www.uartes.edu.ec\/sitio\/?p=64454"},"modified":"2024-11-13T13:17:51","modified_gmt":"2024-11-13T18:17:51","slug":"el-libro-infantil-es-el-que-abre-las-puertas-al-lector","status":"publish","type":"post","link":"https:\/\/www.uartes.edu.ec\/sitio\/en\/blog\/2024\/11\/12\/el-libro-infantil-es-el-que-abre-las-puertas-al-lector\/","title":{"rendered":"\u201cEl libro infantil abre las puertas al lector\u201d"},"content":{"rendered":"<p>Francisca Bravo Olgu\u00edn, Ilustradora, dise\u00f1adora teatral y directora editorial de Akanni Ediciones. Tamara Reyes Palacios, editora, tambi\u00e9n ilustradora, animadora, bibliotecaria y codirectora del sello editorial Calcetines Animados. Ambas vinieron de Chile para participar en la X edici\u00f3n de Libre Libro, el evento hito de la Escuela de Literatura de la Universidad de las Artes desarrollado del 6 al 9 de noviembre.<\/p>\n\n\n\n<p>En la tarde del viernes 8, tanto Bravo como Reyes se encontraban en los stands que sus editoriales tuvieron en la feria del encuentro de editoriales independientes de la UArtes, que este a\u00f1o se volvi\u00f3 instalar \u2013como en sus primeros a\u00f1os\u2013 en el Pasaje Illingwortg del antiguo Palacio de la Gobernaci\u00f3n, nuestra sede matriz. Pasado el mediod\u00eda de ese d\u00eda y en ese mismo espacio, participaron en el conversatorio \u201cUna construcci\u00f3n de paz desde las infancias\u201d junto a Carolina Bastidas, de Oso Lector, y la docente Cecilia Velasco, como moderadora.<\/p>\n\n\n\n<p>Los stands donde se produjo el di\u00e1logo con InfoUArtes estaban bajo el r\u00f3tulo de Alianza Internacional de Editores Independientes, una cooperaci\u00f3n que tiene representantes en Latinoam\u00e9rica y distintas partes del mundo, dijo Reyes. \u201cSe re\u00fane en algunas ferias, como la de Frankfurt, por ejemplo, y articula estos estamentos gremiales que vemos en varios pa\u00edses. Es un espacio, en el fondo, para hablar de las pol\u00e9micas del mundo editorial y para darnos colaboraci\u00f3n a este tipo de instancias, como venir a Guayaquil para participar en Libre Libro\u201d, anot\u00f3.<\/p>\n\n\n\n<h3 class=\"wp-block-heading\">Di\u00e1logos sobre la paz y las infancias<\/h3>\n\n\n\n<p>Del evento hito de la UArtes, Tamara Reyes ponder\u00f3 las ponencias. Sobre todo, la charla magistral \u201cVuelo y levitaci\u00f3n en la literatura infantil palestina\u201d del doctor Loaay Wattad (el jueves 7, en la Plaza P\u00fablica del MZ14 Centro de Producci\u00f3n e Innovaci\u00f3n). \u201cFue fant\u00e1stica y nos invit\u00f3 a reflexionar acerca de la valoraci\u00f3n del libro infantil, que es el que abre la puerta al lector. Si nosotros creamos libros infantiles con gran potencial vamos a tener lectores para toda la vida. Es mucho m\u00e1s dif\u00edcil formar a un lector si ya es adulto y nunca ha interactuado con los libros de infancia\u201d.<\/p>\n\n\n\n<p>Reyes destac\u00f3 tambi\u00e9n los di\u00e1logos sobre sobre la paz y las infancias. Con Bravo horas fue part\u00edcipe de uno, en el cual ahondaron sobre la construcci\u00f3n de la paz mencionada desde las infancias. \u201cEste tipo de propuestas son extraordinarias para que los estudiantes universitarios aprendan que pueden mediar libros desde los m\u00e1s chiquititos hasta los m\u00e1s grandes\u201d.<\/p>\n\n\n<div class=\"wp-block-image\">\n<figure class=\"aligncenter size-large\"><img fetchpriority=\"high\" decoding=\"async\" width=\"644\" height=\"429\" src=\"https:\/\/www.uartes.edu.ec\/sitio\/wp-content\/uploads\/2024\/11\/04-ILUSTRACION-EN-LITERATURA-FRANCISCA-Y-TAMARA-644x429.jpg\" alt=\"\" class=\"wp-image-64456\" srcset=\"https:\/\/www.uartes.edu.ec\/sitio\/wp-content\/uploads\/2024\/11\/04-ILUSTRACION-EN-LITERATURA-FRANCISCA-Y-TAMARA-644x429.jpg 644w, https:\/\/www.uartes.edu.ec\/sitio\/wp-content\/uploads\/2024\/11\/04-ILUSTRACION-EN-LITERATURA-FRANCISCA-Y-TAMARA-300x200.jpg 300w, https:\/\/www.uartes.edu.ec\/sitio\/wp-content\/uploads\/2024\/11\/04-ILUSTRACION-EN-LITERATURA-FRANCISCA-Y-TAMARA-768x512.jpg 768w, https:\/\/www.uartes.edu.ec\/sitio\/wp-content\/uploads\/2024\/11\/04-ILUSTRACION-EN-LITERATURA-FRANCISCA-Y-TAMARA-1536x1024.jpg 1536w, https:\/\/www.uartes.edu.ec\/sitio\/wp-content\/uploads\/2024\/11\/04-ILUSTRACION-EN-LITERATURA-FRANCISCA-Y-TAMARA-18x12.jpg 18w, https:\/\/www.uartes.edu.ec\/sitio\/wp-content\/uploads\/2024\/11\/04-ILUSTRACION-EN-LITERATURA-FRANCISCA-Y-TAMARA-600x400.jpg 600w, https:\/\/www.uartes.edu.ec\/sitio\/wp-content\/uploads\/2024\/11\/04-ILUSTRACION-EN-LITERATURA-FRANCISCA-Y-TAMARA-400x267.jpg 400w, https:\/\/www.uartes.edu.ec\/sitio\/wp-content\/uploads\/2024\/11\/04-ILUSTRACION-EN-LITERATURA-FRANCISCA-Y-TAMARA-272x182.jpg 272w, https:\/\/www.uartes.edu.ec\/sitio\/wp-content\/uploads\/2024\/11\/04-ILUSTRACION-EN-LITERATURA-FRANCISCA-Y-TAMARA.jpg 2000w\" sizes=\"(max-width: 644px) 100vw, 644px\" \/><\/figure>\n<\/div>\n\n\n<p>Si desde el principio a un ni\u00f1o se le da un libro antes que una pantalla, \u00e9l asociar\u00e1 el v\u00ednculo afectivo de quien le comparti\u00f3 ese libro. La pantalla es impersonal, en cambio el libro invita a que mam\u00e1, pap\u00e1, hermanos o familiares interact\u00faen con el ni\u00f1o y lean juntos. Probablemente, ese peque\u00f1o al crecer no recordar\u00e1 de qu\u00e9 se trataba el libro, pero s\u00ed del acto amoroso de la lectura\u201d, manifest\u00f3 la codirectora del sello editorial Calcetines Animados.<\/p>\n\n\n\n<h3 class=\"wp-block-heading\">La tarea es lograr que los ni\u00f1os lean m\u00e1s<\/h3>\n\n\n\n<p>Coincidiendo con Reyes, la directora editorial de Akanni Ediciones cont\u00f3 que por primera vez tambi\u00e9n visitaba Ecuador y participaba en Libre Libro, a pesar de tener un libro con una ecuatoriana. Se trata de \u201cFeroz\u201d, la obra de Cristina Y\u00e9pez que se present\u00f3 en nuestra cita y que propici\u00f3 un di\u00e1logo junto con la autora, moderado por Mar\u00eda Alejandra Zambrano, directora de la Escuela de Literatura UArtes.<\/p>\n\n\n\n<p>La publicaci\u00f3n es un libro \u00e1lbum y narra la historia de Carlos, el hijo del lobo feroz de los cuentos de hadas, quien descubre los cr\u00edmenes que cometi\u00f3 su padre y se enfrenta a la imagen que guarda en la memoria desde su infancia. Complementa las relecturas actuales de la Caperucita Roja y las inserta en un contexto donde se han traspasado los l\u00edmites de los derechos humanos. Es un libro que habla de las herencias familiares y c\u00f3mo se puede romper ese paradigma.<\/p>\n\n\n\n<p>\u201cHa sido bonito conocer tambi\u00e9n a la gente y ver, como lo dijimos en la presentaci\u00f3n, el inter\u00e9s de chicos de 14 a\u00f1os por los libros infantiles y juveniles, m\u00e1s que nada del corte Infantil. Estaban con muchas ganas de recibir estos nuevos formatos y tuvimos la sensaci\u00f3n de que no ten\u00edan esta cercan\u00eda o rutina con los libros\u201d, expres\u00f3 Bravo. A Chile, a\u00f1adi\u00f3, Akanni Ediciones se regresa con la tarea de ver c\u00f3mo colaborar para propiciar que los ni\u00f1os lean m\u00e1s y tengan m\u00e1s cercan\u00eda con los libros y con los juegos.<\/p>\n\n\n\n<p>Mencion\u00f3, adem\u00e1s, estar en sinton\u00eda de querer hacer algo por la paz. \u201cTenemos que buscar la sensaci\u00f3n de sentirnos seguros y si tenemos libros que nos permitan destapar esto que nos angustia es el momento.&nbsp;La inseguridad no es solo de Ecuador o de los dem\u00e1s pa\u00edses de la regi\u00f3n, es un problema mundial y lo analizamos en la charla. Las tem\u00e1ticas son vigentes cuando finalmente se pueden hablar y cuando ya no duelen, esa es la tarea que como editorial tenemos de poder tocarla\u201d.<\/p>\n\n\n\n<p>Cabe anotar que, Francisca Bravo y Tamara Reyes participaron tambi\u00e9n de manera conjunta dictando los talleres \u201cIlustraci\u00f3n en la literatura: otra manera de conectar\u201d (jueves 7) y \u201cKamishibai\u201d, de mediaci\u00f3n lectora (viernes 8).<\/p>\n\n\n\n<p>En las im\u00e1genes, Francisca Bravo y Tamara Reyes en el taller que dictaron en la X edici\u00f3n de Libre Libro. <\/p>","protected":false},"excerpt":{"rendered":"<p>Francisca Bravo, Ilustradora, dise\u00f1adora teatral y directora editorial de Akanni Ediciones. Tamara Reyes, editora, tambi\u00e9n ilustradora, animadora, bibliotecaria y codirectora del sello editorial Calcetines Animados. Ambas vinieron de Chile para participar en la X edici\u00f3n de Libre Libro, el evento hito de la Escuela de Literatura de la UArtes desarrollado del 6 al 9 de noviembre. Intervinieron en mesas de di\u00e1logo y en talleres, y coincidieron en la necesidad de potenciar la lectura infantil, pues es este el que le abre las puertas al lector. <\/p>","protected":false},"author":10,"featured_media":64455,"comment_status":"open","ping_status":"open","sticky":false,"template":"","format":"standard","meta":{"_acf_changed":false,"_uag_custom_page_level_css":"","_monsterinsights_skip_tracking":false,"_monsterinsights_sitenote_active":false,"_monsterinsights_sitenote_note":"","_monsterinsights_sitenote_category":0,"cybocfi_hide_featured_image":"","footnotes":""},"categories":[80,490,82,75,76,77,175],"tags":[518],"infouartes":[],"class_list":["post-64454","post","type-post","status-publish","format-standard","has-post-thumbnail","hentry","category-academico","category-alumni","category-artes","category-docentes","category-estudiantes","category-gestion","category-literatura","tag-produccion"],"acf":[],"yoast_head":"<!-- This site is optimized with the Yoast SEO plugin v27.4 - https:\/\/yoast.com\/product\/yoast-seo-wordpress\/ -->\n<title>Universidad de las Artes - \u201cEl libro infantil abre las puertas al lector\u201d<\/title>\n<meta name=\"description\" content=\"Universidad de las Artes - \u201cEl libro infantil abre las puertas al lector\u201d\" \/>\n<meta name=\"robots\" content=\"index, follow, max-snippet:-1, max-image-preview:large, max-video-preview:-1\" \/>\n<link rel=\"canonical\" href=\"https:\/\/www.uartes.edu.ec\/sitio\/en\/blog\/2024\/11\/12\/el-libro-infantil-es-el-que-abre-las-puertas-al-lector\/\" \/>\n<meta property=\"og:locale\" content=\"en_US\" \/>\n<meta property=\"og:type\" content=\"article\" \/>\n<meta property=\"og:title\" content=\"Universidad de las Artes - \u201cEl libro infantil abre las puertas al lector\u201d\" \/>\n<meta property=\"og:description\" content=\"Universidad de las Artes - \u201cEl libro infantil abre las puertas al lector\u201d\" \/>\n<meta property=\"og:url\" content=\"https:\/\/www.uartes.edu.ec\/sitio\/en\/blog\/2024\/11\/12\/el-libro-infantil-es-el-que-abre-las-puertas-al-lector\/\" \/>\n<meta property=\"og:site_name\" content=\"Universidad de las Artes\" \/>\n<meta property=\"article:publisher\" content=\"https:\/\/www.facebook.com\/uartesec\" \/>\n<meta property=\"article:published_time\" content=\"2024-11-12T16:42:00+00:00\" \/>\n<meta property=\"article:modified_time\" content=\"2024-11-13T18:17:51+00:00\" \/>\n<meta property=\"og:image\" content=\"https:\/\/www.uartes.edu.ec\/sitio\/wp-content\/uploads\/2024\/11\/03-ILUSTRACION-EN-LITERATURA-FRANCISCA-Y-TAMARA.jpg\" \/>\n\t<meta property=\"og:image:width\" content=\"2000\" \/>\n\t<meta property=\"og:image:height\" content=\"1333\" \/>\n\t<meta property=\"og:image:type\" content=\"image\/jpeg\" \/>\n<meta name=\"author\" content=\"ccortez\" \/>\n<meta name=\"twitter:card\" content=\"summary_large_image\" \/>\n<meta name=\"twitter:creator\" content=\"@uartesec\" \/>\n<meta name=\"twitter:site\" content=\"@uartesec\" \/>\n<meta name=\"twitter:label1\" content=\"Written by\" \/>\n\t<meta name=\"twitter:data1\" content=\"ccortez\" \/>\n\t<meta name=\"twitter:label2\" content=\"Est. reading time\" \/>\n\t<meta name=\"twitter:data2\" content=\"5 minutes\" \/>\n<script type=\"application\/ld+json\" class=\"yoast-schema-graph\">{\"@context\":\"https:\\\/\\\/schema.org\",\"@graph\":[{\"@type\":\"Article\",\"@id\":\"https:\\\/\\\/www.uartes.edu.ec\\\/sitio\\\/en\\\/blog\\\/2024\\\/11\\\/12\\\/el-libro-infantil-es-el-que-abre-las-puertas-al-lector\\\/#article\",\"isPartOf\":{\"@id\":\"https:\\\/\\\/www.uartes.edu.ec\\\/sitio\\\/en\\\/blog\\\/2024\\\/11\\\/12\\\/el-libro-infantil-es-el-que-abre-las-puertas-al-lector\\\/\"},\"author\":{\"name\":\"ccortez\",\"@id\":\"https:\\\/\\\/www.uartes.edu.ec\\\/sitio\\\/en\\\/#\\\/schema\\\/person\\\/efa1b8275797664fd7f13a79ccc0b1f4\"},\"headline\":\"\u201cEl libro infantil abre las puertas al lector\u201d\",\"datePublished\":\"2024-11-12T16:42:00+00:00\",\"dateModified\":\"2024-11-13T18:17:51+00:00\",\"mainEntityOfPage\":{\"@id\":\"https:\\\/\\\/www.uartes.edu.ec\\\/sitio\\\/en\\\/blog\\\/2024\\\/11\\\/12\\\/el-libro-infantil-es-el-que-abre-las-puertas-al-lector\\\/\"},\"wordCount\":950,\"commentCount\":0,\"publisher\":{\"@id\":\"https:\\\/\\\/www.uartes.edu.ec\\\/sitio\\\/en\\\/#organization\"},\"image\":{\"@id\":\"https:\\\/\\\/www.uartes.edu.ec\\\/sitio\\\/en\\\/blog\\\/2024\\\/11\\\/12\\\/el-libro-infantil-es-el-que-abre-las-puertas-al-lector\\\/#primaryimage\"},\"thumbnailUrl\":\"https:\\\/\\\/www.uartes.edu.ec\\\/sitio\\\/wp-content\\\/uploads\\\/2024\\\/11\\\/03-ILUSTRACION-EN-LITERATURA-FRANCISCA-Y-TAMARA.jpg\",\"keywords\":[\"producci\u00f3n\"],\"articleSection\":[\"Acad\u00e9mico\",\"Alumni\",\"Artes\",\"Docentes\",\"Estudiantes\",\"Gesti\u00f3n\",\"Literatura\"],\"inLanguage\":\"en-US\",\"potentialAction\":[{\"@type\":\"CommentAction\",\"name\":\"Comment\",\"target\":[\"https:\\\/\\\/www.uartes.edu.ec\\\/sitio\\\/en\\\/blog\\\/2024\\\/11\\\/12\\\/el-libro-infantil-es-el-que-abre-las-puertas-al-lector\\\/#respond\"]}]},{\"@type\":[\"WebPage\",\"ItemPage\"],\"@id\":\"https:\\\/\\\/www.uartes.edu.ec\\\/sitio\\\/en\\\/blog\\\/2024\\\/11\\\/12\\\/el-libro-infantil-es-el-que-abre-las-puertas-al-lector\\\/\",\"url\":\"https:\\\/\\\/www.uartes.edu.ec\\\/sitio\\\/en\\\/blog\\\/2024\\\/11\\\/12\\\/el-libro-infantil-es-el-que-abre-las-puertas-al-lector\\\/\",\"name\":\"Universidad de las Artes - \u201cEl libro infantil abre las puertas al lector\u201d\",\"isPartOf\":{\"@id\":\"https:\\\/\\\/www.uartes.edu.ec\\\/sitio\\\/en\\\/#website\"},\"primaryImageOfPage\":{\"@id\":\"https:\\\/\\\/www.uartes.edu.ec\\\/sitio\\\/en\\\/blog\\\/2024\\\/11\\\/12\\\/el-libro-infantil-es-el-que-abre-las-puertas-al-lector\\\/#primaryimage\"},\"image\":{\"@id\":\"https:\\\/\\\/www.uartes.edu.ec\\\/sitio\\\/en\\\/blog\\\/2024\\\/11\\\/12\\\/el-libro-infantil-es-el-que-abre-las-puertas-al-lector\\\/#primaryimage\"},\"thumbnailUrl\":\"https:\\\/\\\/www.uartes.edu.ec\\\/sitio\\\/wp-content\\\/uploads\\\/2024\\\/11\\\/03-ILUSTRACION-EN-LITERATURA-FRANCISCA-Y-TAMARA.jpg\",\"datePublished\":\"2024-11-12T16:42:00+00:00\",\"dateModified\":\"2024-11-13T18:17:51+00:00\",\"description\":\"Universidad de las Artes - \u201cEl libro infantil abre las puertas al lector\u201d\",\"breadcrumb\":{\"@id\":\"https:\\\/\\\/www.uartes.edu.ec\\\/sitio\\\/en\\\/blog\\\/2024\\\/11\\\/12\\\/el-libro-infantil-es-el-que-abre-las-puertas-al-lector\\\/#breadcrumb\"},\"inLanguage\":\"en-US\",\"potentialAction\":[{\"@type\":\"ReadAction\",\"target\":[\"https:\\\/\\\/www.uartes.edu.ec\\\/sitio\\\/en\\\/blog\\\/2024\\\/11\\\/12\\\/el-libro-infantil-es-el-que-abre-las-puertas-al-lector\\\/\"]}]},{\"@type\":\"ImageObject\",\"inLanguage\":\"en-US\",\"@id\":\"https:\\\/\\\/www.uartes.edu.ec\\\/sitio\\\/en\\\/blog\\\/2024\\\/11\\\/12\\\/el-libro-infantil-es-el-que-abre-las-puertas-al-lector\\\/#primaryimage\",\"url\":\"https:\\\/\\\/www.uartes.edu.ec\\\/sitio\\\/wp-content\\\/uploads\\\/2024\\\/11\\\/03-ILUSTRACION-EN-LITERATURA-FRANCISCA-Y-TAMARA.jpg\",\"contentUrl\":\"https:\\\/\\\/www.uartes.edu.ec\\\/sitio\\\/wp-content\\\/uploads\\\/2024\\\/11\\\/03-ILUSTRACION-EN-LITERATURA-FRANCISCA-Y-TAMARA.jpg\",\"width\":2000,\"height\":1333},{\"@type\":\"BreadcrumbList\",\"@id\":\"https:\\\/\\\/www.uartes.edu.ec\\\/sitio\\\/en\\\/blog\\\/2024\\\/11\\\/12\\\/el-libro-infantil-es-el-que-abre-las-puertas-al-lector\\\/#breadcrumb\",\"itemListElement\":[{\"@type\":\"ListItem\",\"position\":1,\"name\":\"Inicio\",\"item\":\"https:\\\/\\\/www.uartes.edu.ec\\\/sitio\\\/\"},{\"@type\":\"ListItem\",\"position\":2,\"name\":\"\u201cEl libro infantil abre las puertas al lector\u201d\"}]},{\"@type\":\"WebSite\",\"@id\":\"https:\\\/\\\/www.uartes.edu.ec\\\/sitio\\\/en\\\/#website\",\"url\":\"https:\\\/\\\/www.uartes.edu.ec\\\/sitio\\\/en\\\/\",\"name\":\"Universidad de las Artes\",\"description\":\"Sitio oficial de la Universidad Nacional de las Artes del Ecuador\",\"publisher\":{\"@id\":\"https:\\\/\\\/www.uartes.edu.ec\\\/sitio\\\/en\\\/#organization\"},\"potentialAction\":[{\"@type\":\"SearchAction\",\"target\":{\"@type\":\"EntryPoint\",\"urlTemplate\":\"https:\\\/\\\/www.uartes.edu.ec\\\/sitio\\\/en\\\/?s={search_term_string}\"},\"query-input\":{\"@type\":\"PropertyValueSpecification\",\"valueRequired\":true,\"valueName\":\"search_term_string\"}}],\"inLanguage\":\"en-US\"},{\"@type\":\"Organization\",\"@id\":\"https:\\\/\\\/www.uartes.edu.ec\\\/sitio\\\/en\\\/#organization\",\"name\":\"Universidad de las Artes\",\"url\":\"https:\\\/\\\/www.uartes.edu.ec\\\/sitio\\\/en\\\/\",\"logo\":{\"@type\":\"ImageObject\",\"inLanguage\":\"en-US\",\"@id\":\"https:\\\/\\\/www.uartes.edu.ec\\\/sitio\\\/en\\\/#\\\/schema\\\/logo\\\/image\\\/\",\"url\":\"https:\\\/\\\/www.uartes.edu.ec\\\/sitio\\\/wp-content\\\/uploads\\\/2022\\\/07\\\/logo-ua-horizontal.png\",\"contentUrl\":\"https:\\\/\\\/www.uartes.edu.ec\\\/sitio\\\/wp-content\\\/uploads\\\/2022\\\/07\\\/logo-ua-horizontal.png\",\"width\":800,\"height\":276,\"caption\":\"Universidad de las Artes\"},\"image\":{\"@id\":\"https:\\\/\\\/www.uartes.edu.ec\\\/sitio\\\/en\\\/#\\\/schema\\\/logo\\\/image\\\/\"},\"sameAs\":[\"https:\\\/\\\/www.facebook.com\\\/uartesec\",\"https:\\\/\\\/x.com\\\/uartesec\",\"https:\\\/\\\/www.tiktok.com\\\/@uartesec\"]},{\"@type\":\"Person\",\"@id\":\"https:\\\/\\\/www.uartes.edu.ec\\\/sitio\\\/en\\\/#\\\/schema\\\/person\\\/efa1b8275797664fd7f13a79ccc0b1f4\",\"name\":\"ccortez\",\"image\":{\"@type\":\"ImageObject\",\"inLanguage\":\"en-US\",\"@id\":\"https:\\\/\\\/secure.gravatar.com\\\/avatar\\\/b2a6f664a3ae8e074346ef91775736c5ec479e637ecced6842de9dc98b5da9cd?s=96&d=mm&r=g\",\"url\":\"https:\\\/\\\/secure.gravatar.com\\\/avatar\\\/b2a6f664a3ae8e074346ef91775736c5ec479e637ecced6842de9dc98b5da9cd?s=96&d=mm&r=g\",\"contentUrl\":\"https:\\\/\\\/secure.gravatar.com\\\/avatar\\\/b2a6f664a3ae8e074346ef91775736c5ec479e637ecced6842de9dc98b5da9cd?s=96&d=mm&r=g\",\"caption\":\"ccortez\"},\"url\":\"https:\\\/\\\/www.uartes.edu.ec\\\/sitio\\\/en\\\/blog\\\/author\\\/ccortez\\\/\"}]}<\/script>\n<!-- \/ Yoast SEO plugin. -->","yoast_head_json":{"title":"Universidad de las Artes - \u201cEl libro infantil abre las puertas al lector\u201d","description":"Universidad de las Artes - \u201cEl libro infantil abre las puertas al lector\u201d","robots":{"index":"index","follow":"follow","max-snippet":"max-snippet:-1","max-image-preview":"max-image-preview:large","max-video-preview":"max-video-preview:-1"},"canonical":"https:\/\/www.uartes.edu.ec\/sitio\/en\/blog\/2024\/11\/12\/el-libro-infantil-es-el-que-abre-las-puertas-al-lector\/","og_locale":"en_US","og_type":"article","og_title":"Universidad de las Artes - \u201cEl libro infantil abre las puertas al lector\u201d","og_description":"Universidad de las Artes - \u201cEl libro infantil abre las puertas al lector\u201d","og_url":"https:\/\/www.uartes.edu.ec\/sitio\/en\/blog\/2024\/11\/12\/el-libro-infantil-es-el-que-abre-las-puertas-al-lector\/","og_site_name":"Universidad de las Artes","article_publisher":"https:\/\/www.facebook.com\/uartesec","article_published_time":"2024-11-12T16:42:00+00:00","article_modified_time":"2024-11-13T18:17:51+00:00","og_image":[{"width":2000,"height":1333,"url":"https:\/\/www.uartes.edu.ec\/sitio\/wp-content\/uploads\/2024\/11\/03-ILUSTRACION-EN-LITERATURA-FRANCISCA-Y-TAMARA.jpg","type":"image\/jpeg"}],"author":"ccortez","twitter_card":"summary_large_image","twitter_creator":"@uartesec","twitter_site":"@uartesec","twitter_misc":{"Written by":"ccortez","Est. reading time":"5 minutes"},"schema":{"@context":"https:\/\/schema.org","@graph":[{"@type":"Article","@id":"https:\/\/www.uartes.edu.ec\/sitio\/en\/blog\/2024\/11\/12\/el-libro-infantil-es-el-que-abre-las-puertas-al-lector\/#article","isPartOf":{"@id":"https:\/\/www.uartes.edu.ec\/sitio\/en\/blog\/2024\/11\/12\/el-libro-infantil-es-el-que-abre-las-puertas-al-lector\/"},"author":{"name":"ccortez","@id":"https:\/\/www.uartes.edu.ec\/sitio\/en\/#\/schema\/person\/efa1b8275797664fd7f13a79ccc0b1f4"},"headline":"\u201cEl libro infantil abre las puertas al lector\u201d","datePublished":"2024-11-12T16:42:00+00:00","dateModified":"2024-11-13T18:17:51+00:00","mainEntityOfPage":{"@id":"https:\/\/www.uartes.edu.ec\/sitio\/en\/blog\/2024\/11\/12\/el-libro-infantil-es-el-que-abre-las-puertas-al-lector\/"},"wordCount":950,"commentCount":0,"publisher":{"@id":"https:\/\/www.uartes.edu.ec\/sitio\/en\/#organization"},"image":{"@id":"https:\/\/www.uartes.edu.ec\/sitio\/en\/blog\/2024\/11\/12\/el-libro-infantil-es-el-que-abre-las-puertas-al-lector\/#primaryimage"},"thumbnailUrl":"https:\/\/www.uartes.edu.ec\/sitio\/wp-content\/uploads\/2024\/11\/03-ILUSTRACION-EN-LITERATURA-FRANCISCA-Y-TAMARA.jpg","keywords":["producci\u00f3n"],"articleSection":["Acad\u00e9mico","Alumni","Artes","Docentes","Estudiantes","Gesti\u00f3n","Literatura"],"inLanguage":"en-US","potentialAction":[{"@type":"CommentAction","name":"Comment","target":["https:\/\/www.uartes.edu.ec\/sitio\/en\/blog\/2024\/11\/12\/el-libro-infantil-es-el-que-abre-las-puertas-al-lector\/#respond"]}]},{"@type":["WebPage","ItemPage"],"@id":"https:\/\/www.uartes.edu.ec\/sitio\/en\/blog\/2024\/11\/12\/el-libro-infantil-es-el-que-abre-las-puertas-al-lector\/","url":"https:\/\/www.uartes.edu.ec\/sitio\/en\/blog\/2024\/11\/12\/el-libro-infantil-es-el-que-abre-las-puertas-al-lector\/","name":"Universidad de las Artes - \u201cEl libro infantil abre las puertas al lector\u201d","isPartOf":{"@id":"https:\/\/www.uartes.edu.ec\/sitio\/en\/#website"},"primaryImageOfPage":{"@id":"https:\/\/www.uartes.edu.ec\/sitio\/en\/blog\/2024\/11\/12\/el-libro-infantil-es-el-que-abre-las-puertas-al-lector\/#primaryimage"},"image":{"@id":"https:\/\/www.uartes.edu.ec\/sitio\/en\/blog\/2024\/11\/12\/el-libro-infantil-es-el-que-abre-las-puertas-al-lector\/#primaryimage"},"thumbnailUrl":"https:\/\/www.uartes.edu.ec\/sitio\/wp-content\/uploads\/2024\/11\/03-ILUSTRACION-EN-LITERATURA-FRANCISCA-Y-TAMARA.jpg","datePublished":"2024-11-12T16:42:00+00:00","dateModified":"2024-11-13T18:17:51+00:00","description":"Universidad de las Artes - \u201cEl libro infantil abre las puertas al lector\u201d","breadcrumb":{"@id":"https:\/\/www.uartes.edu.ec\/sitio\/en\/blog\/2024\/11\/12\/el-libro-infantil-es-el-que-abre-las-puertas-al-lector\/#breadcrumb"},"inLanguage":"en-US","potentialAction":[{"@type":"ReadAction","target":["https:\/\/www.uartes.edu.ec\/sitio\/en\/blog\/2024\/11\/12\/el-libro-infantil-es-el-que-abre-las-puertas-al-lector\/"]}]},{"@type":"ImageObject","inLanguage":"en-US","@id":"https:\/\/www.uartes.edu.ec\/sitio\/en\/blog\/2024\/11\/12\/el-libro-infantil-es-el-que-abre-las-puertas-al-lector\/#primaryimage","url":"https:\/\/www.uartes.edu.ec\/sitio\/wp-content\/uploads\/2024\/11\/03-ILUSTRACION-EN-LITERATURA-FRANCISCA-Y-TAMARA.jpg","contentUrl":"https:\/\/www.uartes.edu.ec\/sitio\/wp-content\/uploads\/2024\/11\/03-ILUSTRACION-EN-LITERATURA-FRANCISCA-Y-TAMARA.jpg","width":2000,"height":1333},{"@type":"BreadcrumbList","@id":"https:\/\/www.uartes.edu.ec\/sitio\/en\/blog\/2024\/11\/12\/el-libro-infantil-es-el-que-abre-las-puertas-al-lector\/#breadcrumb","itemListElement":[{"@type":"ListItem","position":1,"name":"Inicio","item":"https:\/\/www.uartes.edu.ec\/sitio\/"},{"@type":"ListItem","position":2,"name":"\u201cEl libro infantil abre las puertas al lector\u201d"}]},{"@type":"WebSite","@id":"https:\/\/www.uartes.edu.ec\/sitio\/en\/#website","url":"https:\/\/www.uartes.edu.ec\/sitio\/en\/","name":"Universidad de las Artes","description":"Sitio oficial de la Universidad Nacional de las Artes del Ecuador","publisher":{"@id":"https:\/\/www.uartes.edu.ec\/sitio\/en\/#organization"},"potentialAction":[{"@type":"SearchAction","target":{"@type":"EntryPoint","urlTemplate":"https:\/\/www.uartes.edu.ec\/sitio\/en\/?s={search_term_string}"},"query-input":{"@type":"PropertyValueSpecification","valueRequired":true,"valueName":"search_term_string"}}],"inLanguage":"en-US"},{"@type":"Organization","@id":"https:\/\/www.uartes.edu.ec\/sitio\/en\/#organization","name":"Universidad de las Artes","url":"https:\/\/www.uartes.edu.ec\/sitio\/en\/","logo":{"@type":"ImageObject","inLanguage":"en-US","@id":"https:\/\/www.uartes.edu.ec\/sitio\/en\/#\/schema\/logo\/image\/","url":"https:\/\/www.uartes.edu.ec\/sitio\/wp-content\/uploads\/2022\/07\/logo-ua-horizontal.png","contentUrl":"https:\/\/www.uartes.edu.ec\/sitio\/wp-content\/uploads\/2022\/07\/logo-ua-horizontal.png","width":800,"height":276,"caption":"Universidad de las Artes"},"image":{"@id":"https:\/\/www.uartes.edu.ec\/sitio\/en\/#\/schema\/logo\/image\/"},"sameAs":["https:\/\/www.facebook.com\/uartesec","https:\/\/x.com\/uartesec","https:\/\/www.tiktok.com\/@uartesec"]},{"@type":"Person","@id":"https:\/\/www.uartes.edu.ec\/sitio\/en\/#\/schema\/person\/efa1b8275797664fd7f13a79ccc0b1f4","name":"ccortez","image":{"@type":"ImageObject","inLanguage":"en-US","@id":"https:\/\/secure.gravatar.com\/avatar\/b2a6f664a3ae8e074346ef91775736c5ec479e637ecced6842de9dc98b5da9cd?s=96&d=mm&r=g","url":"https:\/\/secure.gravatar.com\/avatar\/b2a6f664a3ae8e074346ef91775736c5ec479e637ecced6842de9dc98b5da9cd?s=96&d=mm&r=g","contentUrl":"https:\/\/secure.gravatar.com\/avatar\/b2a6f664a3ae8e074346ef91775736c5ec479e637ecced6842de9dc98b5da9cd?s=96&d=mm&r=g","caption":"ccortez"},"url":"https:\/\/www.uartes.edu.ec\/sitio\/en\/blog\/author\/ccortez\/"}]}},"uagb_featured_image_src":{"full":["https:\/\/www.uartes.edu.ec\/sitio\/wp-content\/uploads\/2024\/11\/03-ILUSTRACION-EN-LITERATURA-FRANCISCA-Y-TAMARA.jpg",2000,1333,false],"thumbnail":["https:\/\/www.uartes.edu.ec\/sitio\/wp-content\/uploads\/2024\/11\/03-ILUSTRACION-EN-LITERATURA-FRANCISCA-Y-TAMARA-150x150.jpg",150,150,true],"medium":["https:\/\/www.uartes.edu.ec\/sitio\/wp-content\/uploads\/2024\/11\/03-ILUSTRACION-EN-LITERATURA-FRANCISCA-Y-TAMARA-300x200.jpg",300,200,true],"medium_large":["https:\/\/www.uartes.edu.ec\/sitio\/wp-content\/uploads\/2024\/11\/03-ILUSTRACION-EN-LITERATURA-FRANCISCA-Y-TAMARA-768x512.jpg",768,512,true],"large":["https:\/\/www.uartes.edu.ec\/sitio\/wp-content\/uploads\/2024\/11\/03-ILUSTRACION-EN-LITERATURA-FRANCISCA-Y-TAMARA-644x429.jpg",644,429,true],"1536x1536":["https:\/\/www.uartes.edu.ec\/sitio\/wp-content\/uploads\/2024\/11\/03-ILUSTRACION-EN-LITERATURA-FRANCISCA-Y-TAMARA-1536x1024.jpg",1536,1024,true],"2048x2048":["https:\/\/www.uartes.edu.ec\/sitio\/wp-content\/uploads\/2024\/11\/03-ILUSTRACION-EN-LITERATURA-FRANCISCA-Y-TAMARA.jpg",2000,1333,false],"trp-custom-language-flag":["https:\/\/www.uartes.edu.ec\/sitio\/wp-content\/uploads\/2024\/11\/03-ILUSTRACION-EN-LITERATURA-FRANCISCA-Y-TAMARA-18x12.jpg",18,12,true],"htmega_size_585x295":["https:\/\/www.uartes.edu.ec\/sitio\/wp-content\/uploads\/2024\/11\/03-ILUSTRACION-EN-LITERATURA-FRANCISCA-Y-TAMARA-585x295.jpg",585,295,true],"htmega_size_1170x536":["https:\/\/www.uartes.edu.ec\/sitio\/wp-content\/uploads\/2024\/11\/03-ILUSTRACION-EN-LITERATURA-FRANCISCA-Y-TAMARA-1170x536.jpg",1170,536,true],"htmega_size_396x360":["https:\/\/www.uartes.edu.ec\/sitio\/wp-content\/uploads\/2024\/11\/03-ILUSTRACION-EN-LITERATURA-FRANCISCA-Y-TAMARA-396x360.jpg",396,360,true],"gb-block-post-grid-landscape":["https:\/\/www.uartes.edu.ec\/sitio\/wp-content\/uploads\/2024\/11\/03-ILUSTRACION-EN-LITERATURA-FRANCISCA-Y-TAMARA-600x400.jpg",600,400,true],"gb-block-post-grid-square":["https:\/\/www.uartes.edu.ec\/sitio\/wp-content\/uploads\/2024\/11\/03-ILUSTRACION-EN-LITERATURA-FRANCISCA-Y-TAMARA-600x600.jpg",600,600,true],"university-hub-thumb":["https:\/\/www.uartes.edu.ec\/sitio\/wp-content\/uploads\/2024\/11\/03-ILUSTRACION-EN-LITERATURA-FRANCISCA-Y-TAMARA-400x267.jpg",400,267,true]},"uagb_author_info":{"display_name":"ccortez","author_link":"https:\/\/www.uartes.edu.ec\/sitio\/en\/blog\/author\/ccortez\/"},"uagb_comment_info":0,"uagb_excerpt":"Francisca Bravo, Ilustradora, dise\u00f1adora teatral y directora editorial de Akanni Ediciones. Tamara Reyes, editora, tambi\u00e9n ilustradora, animadora, bibliotecaria y codirectora del sello editorial Calcetines Animados. Ambas vinieron de Chile para participar en la X edici\u00f3n de Libre Libro, el evento hito de la Escuela de Literatura de la UArtes desarrollado del 6 al 9 de&hellip;","featured_image_src":"https:\/\/www.uartes.edu.ec\/sitio\/wp-content\/uploads\/2024\/11\/03-ILUSTRACION-EN-LITERATURA-FRANCISCA-Y-TAMARA-600x400.jpg","featured_image_src_square":"https:\/\/www.uartes.edu.ec\/sitio\/wp-content\/uploads\/2024\/11\/03-ILUSTRACION-EN-LITERATURA-FRANCISCA-Y-TAMARA-600x600.jpg","author_info":{"display_name":"ccortez","author_link":"https:\/\/www.uartes.edu.ec\/sitio\/en\/blog\/author\/ccortez\/"},"publishpress_future_workflow_manual_trigger":{"enabledWorkflows":[]},"distributor_meta":false,"distributor_terms":false,"distributor_media":false,"distributor_original_site_name":"Universidad de las Artes","distributor_original_site_url":"https:\/\/www.uartes.edu.ec\/sitio\/en","push-errors":false,"_links":{"self":[{"href":"https:\/\/www.uartes.edu.ec\/sitio\/en\/wp-json\/wp\/v2\/posts\/64454","targetHints":{"allow":["GET"]}}],"collection":[{"href":"https:\/\/www.uartes.edu.ec\/sitio\/en\/wp-json\/wp\/v2\/posts"}],"about":[{"href":"https:\/\/www.uartes.edu.ec\/sitio\/en\/wp-json\/wp\/v2\/types\/post"}],"author":[{"embeddable":true,"href":"https:\/\/www.uartes.edu.ec\/sitio\/en\/wp-json\/wp\/v2\/users\/10"}],"replies":[{"embeddable":true,"href":"https:\/\/www.uartes.edu.ec\/sitio\/en\/wp-json\/wp\/v2\/comments?post=64454"}],"version-history":[{"count":5,"href":"https:\/\/www.uartes.edu.ec\/sitio\/en\/wp-json\/wp\/v2\/posts\/64454\/revisions"}],"predecessor-version":[{"id":64466,"href":"https:\/\/www.uartes.edu.ec\/sitio\/en\/wp-json\/wp\/v2\/posts\/64454\/revisions\/64466"}],"wp:featuredmedia":[{"embeddable":true,"href":"https:\/\/www.uartes.edu.ec\/sitio\/en\/wp-json\/wp\/v2\/media\/64455"}],"wp:attachment":[{"href":"https:\/\/www.uartes.edu.ec\/sitio\/en\/wp-json\/wp\/v2\/media?parent=64454"}],"wp:term":[{"taxonomy":"category","embeddable":true,"href":"https:\/\/www.uartes.edu.ec\/sitio\/en\/wp-json\/wp\/v2\/categories?post=64454"},{"taxonomy":"post_tag","embeddable":true,"href":"https:\/\/www.uartes.edu.ec\/sitio\/en\/wp-json\/wp\/v2\/tags?post=64454"},{"taxonomy":"infouartes","embeddable":true,"href":"https:\/\/www.uartes.edu.ec\/sitio\/en\/wp-json\/wp\/v2\/infouartes?post=64454"}],"curies":[{"name":"wp","href":"https:\/\/api.w.org\/{rel}","templated":true}]}}