{"id":64468,"date":"2024-11-13T11:19:00","date_gmt":"2024-11-13T16:19:00","guid":{"rendered":"https:\/\/www.uartes.edu.ec\/sitio\/?p=64468"},"modified":"2024-11-13T15:20:04","modified_gmt":"2024-11-13T20:20:04","slug":"es-importante-analizar-los-problemas-globales-que-enfrentan-nuestras-editoriales-carlos-vela-de-pesopluma","status":"publish","type":"post","link":"https:\/\/www.uartes.edu.ec\/sitio\/en\/blog\/2024\/11\/13\/es-importante-analizar-los-problemas-globales-que-enfrentan-nuestras-editoriales-carlos-vela-de-pesopluma\/","title":{"rendered":"Es importante analizar los problemas globales que enfrentan nuestras editoriales: Carlos Vela, de Pesopluma"},"content":{"rendered":"<p>A la X edici\u00f3n Libre Libro, el Encuentro de Editoriales Independientes organizado por la Escuela de Literatura de la Universidad de las Artes, Carlos Vela lleg\u00f3 con Pesopluma, editorial peruana que se caracteriza por el recate de tesoros literarios, a los cuales les da el peso que merecen para volver a ponerlos en librer\u00edas al alcance de todos.<\/p>\n\n\n\n<p>As\u00ed se describe a Pesopluma y bajo este contexto Vela, su codirector y actual presidente del Consejo Directivo de Editoriales Independientes del Per\u00fa (EIP), particip\u00f3 en dos conversatorios y un taller, desarrollados entre el mi\u00e9rcoles 6 y viernes 8 de noviembre \u2013la cita concluy\u00f3 el s\u00e1bado 9\u2013 en los espacios de la Universidad de las Artes, como el Pasaje Illingworth, en el antiguo Palacio de la Gobernaci\u00f3n, nuestra sede matriz, y la Biblioteca de las Artes. &nbsp;<\/p>\n\n\n\n<p>Carlos Vela es tambi\u00e9n director de La Indie, una distribuidora de libros de editoriales independientes, y en Libre Libro estuvo con Pesopluma en la feria entronizada en el Pasaje Illingworth, all\u00ed en un corto di\u00e1logo con InfoUArtes se manifest\u00f3 agradecido con una invitaci\u00f3n que lo trajo por primera vez a Ecuador.<\/p>\n\n\n\n<p>Destac\u00f3 la importancia de los di\u00e1logos en los que tom\u00f3 parte, en los que se pudo debatir, analizar los problemas globales que enfrentan las editoriales e incluso avizorar posibles soluciones. Carlos Vela estuvo junto a Fabi\u00e1n Alzamora, de editorial Colmena; y Cristina Rueda, de Casiopea, en el conversatorio \u201cEl debate de los libros en la vida p\u00fablica: retos de la edici\u00f3n independiente y la distribuci\u00f3n\u201d, el cual moder\u00f3 y en la moderaci\u00f3n Ver\u00f3nica Andrade, directora de UArtes Ediciones.<\/p>\n\n\n<div class=\"wp-block-image\">\n<figure class=\"aligncenter size-large\"><img fetchpriority=\"high\" decoding=\"async\" width=\"644\" height=\"429\" src=\"https:\/\/www.uartes.edu.ec\/sitio\/wp-content\/uploads\/2024\/11\/28-EL-DEBATE-DE-LOS-LIBROS-EN-LA-VIDA-PUBLICA-644x429.jpg\" alt=\"\" class=\"wp-image-64470\" srcset=\"https:\/\/www.uartes.edu.ec\/sitio\/wp-content\/uploads\/2024\/11\/28-EL-DEBATE-DE-LOS-LIBROS-EN-LA-VIDA-PUBLICA-644x429.jpg 644w, https:\/\/www.uartes.edu.ec\/sitio\/wp-content\/uploads\/2024\/11\/28-EL-DEBATE-DE-LOS-LIBROS-EN-LA-VIDA-PUBLICA-300x200.jpg 300w, https:\/\/www.uartes.edu.ec\/sitio\/wp-content\/uploads\/2024\/11\/28-EL-DEBATE-DE-LOS-LIBROS-EN-LA-VIDA-PUBLICA-768x512.jpg 768w, https:\/\/www.uartes.edu.ec\/sitio\/wp-content\/uploads\/2024\/11\/28-EL-DEBATE-DE-LOS-LIBROS-EN-LA-VIDA-PUBLICA-1536x1024.jpg 1536w, https:\/\/www.uartes.edu.ec\/sitio\/wp-content\/uploads\/2024\/11\/28-EL-DEBATE-DE-LOS-LIBROS-EN-LA-VIDA-PUBLICA-18x12.jpg 18w, https:\/\/www.uartes.edu.ec\/sitio\/wp-content\/uploads\/2024\/11\/28-EL-DEBATE-DE-LOS-LIBROS-EN-LA-VIDA-PUBLICA-600x400.jpg 600w, https:\/\/www.uartes.edu.ec\/sitio\/wp-content\/uploads\/2024\/11\/28-EL-DEBATE-DE-LOS-LIBROS-EN-LA-VIDA-PUBLICA-400x267.jpg 400w, https:\/\/www.uartes.edu.ec\/sitio\/wp-content\/uploads\/2024\/11\/28-EL-DEBATE-DE-LOS-LIBROS-EN-LA-VIDA-PUBLICA-272x182.jpg 272w, https:\/\/www.uartes.edu.ec\/sitio\/wp-content\/uploads\/2024\/11\/28-EL-DEBATE-DE-LOS-LIBROS-EN-LA-VIDA-PUBLICA.jpg 2000w\" sizes=\"(max-width: 644px) 100vw, 644px\" \/><\/figure>\n<\/div>\n\n\n<p>Tambi\u00e9n intervino en el conversatorio \u201c\u00bfEs posible la bibliodiversidad? por una (des) rematerializaci\u00f3n del mundo\u201d junto a Lorena Iglesias, de Himpar; Carolina Velasco, de Recodo Press; y Miguel Villafuerte, de Editorial Blanca); en la moderaci\u00f3n, el docente Fernando Montenegro, de la Escuela de Literatura.<\/p>\n\n\n\n<p>En su repaso de intervenciones, Carlos Vela anot\u00f3 el taller desarrollado del 6 al 8 de noviembre, en la Biblioteca de las Artes. All\u00ed, junto a Lorena Iglesias, de Himpar, y Andr\u00e9s Bracony, de Tinta Lim\u00f3n, se abordaron las \u201cPr\u00e1cticas editoriales para el presente\u201d.<\/p>\n\n\n\n<p>Actividades interesantes porque yo manejo una realidad peruana y por ah\u00ed sudamericana y latinoamericana, \u201cpero hay cosas locales que vemos que se comparten entre las distintas industrias, las cuales terminan siendo problemas globales y no solamente de un pa\u00eds\u201d. Resalt\u00f3 la oportunidad que se tuvo de ver y compartir casu\u00edsticas espec\u00edficas y compartir posibles soluciones en la industria editorial\u201d.<\/p>\n\n\n\n<p>Para el stand de Pesopluma, su coeditor indic\u00f3 llegado a la feria de Libre Libro con narrativas, ensayos y pensamientos, un cat\u00e1logo integrado por autores peruanos, de ciudades como Lima, Trujillo y Cusco, e internacionales. \u201cDe Cusco tenemos \u2018Para\u00edso tropical andino\u2019, que es un libro de poes\u00eda y de fiesta, que tiene muchas palabras en quechua, hay un tema local, un tema psicod\u00e9lico y un tema sexual en la poes\u00eda de Jorge Alejandro Ccoyllurpuma\u201d.<\/p>\n\n\n\n<p>Carlos Vela hizo referencia tambi\u00e9n a la variedad de editoriales y los distintos contenidos que tuvo la feria. \u201cPor lo que he visto creo que constituye una referencia y punto del cronograma cultural del a\u00f1o de Guayaquil, lo cual es muy importante\u201d, concluy\u00f3 el editor peruano.<\/p>","protected":false},"excerpt":{"rendered":"<p>A la X edici\u00f3n Libre Libro, organizado por la Escuela de Literatura UArtes, Carlos Vela lleg\u00f3 con Pesopluma, editorial peruana que se caracteriza por el recate de tesoros literarios. El codirector del sello y presidente del Consejo Directivo de Editoriales Independientes del Per\u00fa (EIP), particip\u00f3 en dos conversatorios y un taller, desarrollados entre el mi\u00e9rcoles 6 y viernes 8 de noviembre \u2013nuestra cita librera concluy\u00f3 el s\u00e1bado 9\u2013.<\/p>","protected":false},"author":10,"featured_media":64469,"comment_status":"open","ping_status":"open","sticky":false,"template":"","format":"standard","meta":{"_acf_changed":false,"_uag_custom_page_level_css":"","_monsterinsights_skip_tracking":false,"_monsterinsights_sitenote_active":false,"_monsterinsights_sitenote_note":"","_monsterinsights_sitenote_category":0,"cybocfi_hide_featured_image":"","footnotes":""},"categories":[80,490,82,75,76,77,175],"tags":[518],"infouartes":[],"class_list":["post-64468","post","type-post","status-publish","format-standard","has-post-thumbnail","hentry","category-academico","category-alumni","category-artes","category-docentes","category-estudiantes","category-gestion","category-literatura","tag-produccion"],"acf":[],"yoast_head":"<!-- This site is optimized with the Yoast SEO plugin v27.4 - https:\/\/yoast.com\/product\/yoast-seo-wordpress\/ -->\n<title>Universidad de las Artes - Es importante analizar los problemas globales que enfrentan nuestras editoriales: Carlos Vela, de Pesopluma<\/title>\n<meta name=\"description\" content=\"Universidad de las Artes - Es importante analizar los problemas globales que enfrentan nuestras editoriales: Carlos Vela, de Pesopluma\" \/>\n<meta name=\"robots\" content=\"index, follow, max-snippet:-1, max-image-preview:large, max-video-preview:-1\" \/>\n<link rel=\"canonical\" href=\"https:\/\/www.uartes.edu.ec\/sitio\/en\/blog\/2024\/11\/13\/es-importante-analizar-los-problemas-globales-que-enfrentan-nuestras-editoriales-carlos-vela-de-pesopluma\/\" \/>\n<meta property=\"og:locale\" content=\"en_US\" \/>\n<meta property=\"og:type\" content=\"article\" \/>\n<meta property=\"og:title\" content=\"Universidad de las Artes - Es importante analizar los problemas globales que enfrentan nuestras editoriales: Carlos Vela, de Pesopluma\" \/>\n<meta property=\"og:description\" content=\"Universidad de las Artes - Es importante analizar los problemas globales que enfrentan nuestras editoriales: Carlos Vela, de Pesopluma\" \/>\n<meta property=\"og:url\" content=\"https:\/\/www.uartes.edu.ec\/sitio\/en\/blog\/2024\/11\/13\/es-importante-analizar-los-problemas-globales-que-enfrentan-nuestras-editoriales-carlos-vela-de-pesopluma\/\" \/>\n<meta property=\"og:site_name\" content=\"Universidad de las Artes\" \/>\n<meta property=\"article:publisher\" content=\"https:\/\/www.facebook.com\/uartesec\" \/>\n<meta property=\"article:published_time\" content=\"2024-11-13T16:19:00+00:00\" \/>\n<meta property=\"article:modified_time\" content=\"2024-11-13T20:20:04+00:00\" \/>\n<meta property=\"og:image\" content=\"https:\/\/www.uartes.edu.ec\/sitio\/wp-content\/uploads\/2024\/11\/30-EL-DEBATE-DE-LOS-LIBROS-EN-LA-VIDA-PUBLICA.jpg\" \/>\n\t<meta property=\"og:image:width\" content=\"2000\" \/>\n\t<meta property=\"og:image:height\" content=\"1333\" \/>\n\t<meta property=\"og:image:type\" content=\"image\/jpeg\" \/>\n<meta name=\"author\" content=\"ccortez\" \/>\n<meta name=\"twitter:card\" content=\"summary_large_image\" \/>\n<meta name=\"twitter:creator\" content=\"@uartesec\" \/>\n<meta name=\"twitter:site\" content=\"@uartesec\" \/>\n<meta name=\"twitter:label1\" content=\"Written by\" \/>\n\t<meta name=\"twitter:data1\" content=\"ccortez\" \/>\n\t<meta name=\"twitter:label2\" content=\"Est. reading time\" \/>\n\t<meta name=\"twitter:data2\" content=\"3 minutes\" \/>\n<script type=\"application\/ld+json\" class=\"yoast-schema-graph\">{\"@context\":\"https:\\\/\\\/schema.org\",\"@graph\":[{\"@type\":\"Article\",\"@id\":\"https:\\\/\\\/www.uartes.edu.ec\\\/sitio\\\/en\\\/blog\\\/2024\\\/11\\\/13\\\/es-importante-analizar-los-problemas-globales-que-enfrentan-nuestras-editoriales-carlos-vela-de-pesopluma\\\/#article\",\"isPartOf\":{\"@id\":\"https:\\\/\\\/www.uartes.edu.ec\\\/sitio\\\/en\\\/blog\\\/2024\\\/11\\\/13\\\/es-importante-analizar-los-problemas-globales-que-enfrentan-nuestras-editoriales-carlos-vela-de-pesopluma\\\/\"},\"author\":{\"name\":\"ccortez\",\"@id\":\"https:\\\/\\\/www.uartes.edu.ec\\\/sitio\\\/en\\\/#\\\/schema\\\/person\\\/efa1b8275797664fd7f13a79ccc0b1f4\"},\"headline\":\"Es importante analizar los problemas globales que enfrentan nuestras editoriales: Carlos Vela, de Pesopluma\",\"datePublished\":\"2024-11-13T16:19:00+00:00\",\"dateModified\":\"2024-11-13T20:20:04+00:00\",\"mainEntityOfPage\":{\"@id\":\"https:\\\/\\\/www.uartes.edu.ec\\\/sitio\\\/en\\\/blog\\\/2024\\\/11\\\/13\\\/es-importante-analizar-los-problemas-globales-que-enfrentan-nuestras-editoriales-carlos-vela-de-pesopluma\\\/\"},\"wordCount\":571,\"commentCount\":0,\"publisher\":{\"@id\":\"https:\\\/\\\/www.uartes.edu.ec\\\/sitio\\\/en\\\/#organization\"},\"image\":{\"@id\":\"https:\\\/\\\/www.uartes.edu.ec\\\/sitio\\\/en\\\/blog\\\/2024\\\/11\\\/13\\\/es-importante-analizar-los-problemas-globales-que-enfrentan-nuestras-editoriales-carlos-vela-de-pesopluma\\\/#primaryimage\"},\"thumbnailUrl\":\"https:\\\/\\\/www.uartes.edu.ec\\\/sitio\\\/wp-content\\\/uploads\\\/2024\\\/11\\\/30-EL-DEBATE-DE-LOS-LIBROS-EN-LA-VIDA-PUBLICA.jpg\",\"keywords\":[\"producci\u00f3n\"],\"articleSection\":[\"Acad\u00e9mico\",\"Alumni\",\"Artes\",\"Docentes\",\"Estudiantes\",\"Gesti\u00f3n\",\"Literatura\"],\"inLanguage\":\"en-US\",\"potentialAction\":[{\"@type\":\"CommentAction\",\"name\":\"Comment\",\"target\":[\"https:\\\/\\\/www.uartes.edu.ec\\\/sitio\\\/en\\\/blog\\\/2024\\\/11\\\/13\\\/es-importante-analizar-los-problemas-globales-que-enfrentan-nuestras-editoriales-carlos-vela-de-pesopluma\\\/#respond\"]}]},{\"@type\":[\"WebPage\",\"ItemPage\"],\"@id\":\"https:\\\/\\\/www.uartes.edu.ec\\\/sitio\\\/en\\\/blog\\\/2024\\\/11\\\/13\\\/es-importante-analizar-los-problemas-globales-que-enfrentan-nuestras-editoriales-carlos-vela-de-pesopluma\\\/\",\"url\":\"https:\\\/\\\/www.uartes.edu.ec\\\/sitio\\\/en\\\/blog\\\/2024\\\/11\\\/13\\\/es-importante-analizar-los-problemas-globales-que-enfrentan-nuestras-editoriales-carlos-vela-de-pesopluma\\\/\",\"name\":\"Universidad de las Artes - Es importante analizar los problemas globales que enfrentan nuestras editoriales: Carlos Vela, de Pesopluma\",\"isPartOf\":{\"@id\":\"https:\\\/\\\/www.uartes.edu.ec\\\/sitio\\\/en\\\/#website\"},\"primaryImageOfPage\":{\"@id\":\"https:\\\/\\\/www.uartes.edu.ec\\\/sitio\\\/en\\\/blog\\\/2024\\\/11\\\/13\\\/es-importante-analizar-los-problemas-globales-que-enfrentan-nuestras-editoriales-carlos-vela-de-pesopluma\\\/#primaryimage\"},\"image\":{\"@id\":\"https:\\\/\\\/www.uartes.edu.ec\\\/sitio\\\/en\\\/blog\\\/2024\\\/11\\\/13\\\/es-importante-analizar-los-problemas-globales-que-enfrentan-nuestras-editoriales-carlos-vela-de-pesopluma\\\/#primaryimage\"},\"thumbnailUrl\":\"https:\\\/\\\/www.uartes.edu.ec\\\/sitio\\\/wp-content\\\/uploads\\\/2024\\\/11\\\/30-EL-DEBATE-DE-LOS-LIBROS-EN-LA-VIDA-PUBLICA.jpg\",\"datePublished\":\"2024-11-13T16:19:00+00:00\",\"dateModified\":\"2024-11-13T20:20:04+00:00\",\"description\":\"Universidad de las Artes - Es importante analizar los problemas globales que enfrentan nuestras editoriales: Carlos Vela, de Pesopluma\",\"breadcrumb\":{\"@id\":\"https:\\\/\\\/www.uartes.edu.ec\\\/sitio\\\/en\\\/blog\\\/2024\\\/11\\\/13\\\/es-importante-analizar-los-problemas-globales-que-enfrentan-nuestras-editoriales-carlos-vela-de-pesopluma\\\/#breadcrumb\"},\"inLanguage\":\"en-US\",\"potentialAction\":[{\"@type\":\"ReadAction\",\"target\":[\"https:\\\/\\\/www.uartes.edu.ec\\\/sitio\\\/en\\\/blog\\\/2024\\\/11\\\/13\\\/es-importante-analizar-los-problemas-globales-que-enfrentan-nuestras-editoriales-carlos-vela-de-pesopluma\\\/\"]}]},{\"@type\":\"ImageObject\",\"inLanguage\":\"en-US\",\"@id\":\"https:\\\/\\\/www.uartes.edu.ec\\\/sitio\\\/en\\\/blog\\\/2024\\\/11\\\/13\\\/es-importante-analizar-los-problemas-globales-que-enfrentan-nuestras-editoriales-carlos-vela-de-pesopluma\\\/#primaryimage\",\"url\":\"https:\\\/\\\/www.uartes.edu.ec\\\/sitio\\\/wp-content\\\/uploads\\\/2024\\\/11\\\/30-EL-DEBATE-DE-LOS-LIBROS-EN-LA-VIDA-PUBLICA.jpg\",\"contentUrl\":\"https:\\\/\\\/www.uartes.edu.ec\\\/sitio\\\/wp-content\\\/uploads\\\/2024\\\/11\\\/30-EL-DEBATE-DE-LOS-LIBROS-EN-LA-VIDA-PUBLICA.jpg\",\"width\":2000,\"height\":1333},{\"@type\":\"BreadcrumbList\",\"@id\":\"https:\\\/\\\/www.uartes.edu.ec\\\/sitio\\\/en\\\/blog\\\/2024\\\/11\\\/13\\\/es-importante-analizar-los-problemas-globales-que-enfrentan-nuestras-editoriales-carlos-vela-de-pesopluma\\\/#breadcrumb\",\"itemListElement\":[{\"@type\":\"ListItem\",\"position\":1,\"name\":\"Inicio\",\"item\":\"https:\\\/\\\/www.uartes.edu.ec\\\/sitio\\\/\"},{\"@type\":\"ListItem\",\"position\":2,\"name\":\"Es importante analizar los problemas globales que enfrentan nuestras editoriales: Carlos Vela, de Pesopluma\"}]},{\"@type\":\"WebSite\",\"@id\":\"https:\\\/\\\/www.uartes.edu.ec\\\/sitio\\\/en\\\/#website\",\"url\":\"https:\\\/\\\/www.uartes.edu.ec\\\/sitio\\\/en\\\/\",\"name\":\"Universidad de las Artes\",\"description\":\"Sitio oficial de la Universidad Nacional de las Artes del Ecuador\",\"publisher\":{\"@id\":\"https:\\\/\\\/www.uartes.edu.ec\\\/sitio\\\/en\\\/#organization\"},\"potentialAction\":[{\"@type\":\"SearchAction\",\"target\":{\"@type\":\"EntryPoint\",\"urlTemplate\":\"https:\\\/\\\/www.uartes.edu.ec\\\/sitio\\\/en\\\/?s={search_term_string}\"},\"query-input\":{\"@type\":\"PropertyValueSpecification\",\"valueRequired\":true,\"valueName\":\"search_term_string\"}}],\"inLanguage\":\"en-US\"},{\"@type\":\"Organization\",\"@id\":\"https:\\\/\\\/www.uartes.edu.ec\\\/sitio\\\/en\\\/#organization\",\"name\":\"Universidad de las Artes\",\"url\":\"https:\\\/\\\/www.uartes.edu.ec\\\/sitio\\\/en\\\/\",\"logo\":{\"@type\":\"ImageObject\",\"inLanguage\":\"en-US\",\"@id\":\"https:\\\/\\\/www.uartes.edu.ec\\\/sitio\\\/en\\\/#\\\/schema\\\/logo\\\/image\\\/\",\"url\":\"https:\\\/\\\/www.uartes.edu.ec\\\/sitio\\\/wp-content\\\/uploads\\\/2022\\\/07\\\/logo-ua-horizontal.png\",\"contentUrl\":\"https:\\\/\\\/www.uartes.edu.ec\\\/sitio\\\/wp-content\\\/uploads\\\/2022\\\/07\\\/logo-ua-horizontal.png\",\"width\":800,\"height\":276,\"caption\":\"Universidad de las Artes\"},\"image\":{\"@id\":\"https:\\\/\\\/www.uartes.edu.ec\\\/sitio\\\/en\\\/#\\\/schema\\\/logo\\\/image\\\/\"},\"sameAs\":[\"https:\\\/\\\/www.facebook.com\\\/uartesec\",\"https:\\\/\\\/x.com\\\/uartesec\",\"https:\\\/\\\/www.tiktok.com\\\/@uartesec\"]},{\"@type\":\"Person\",\"@id\":\"https:\\\/\\\/www.uartes.edu.ec\\\/sitio\\\/en\\\/#\\\/schema\\\/person\\\/efa1b8275797664fd7f13a79ccc0b1f4\",\"name\":\"ccortez\",\"image\":{\"@type\":\"ImageObject\",\"inLanguage\":\"en-US\",\"@id\":\"https:\\\/\\\/secure.gravatar.com\\\/avatar\\\/b2a6f664a3ae8e074346ef91775736c5ec479e637ecced6842de9dc98b5da9cd?s=96&d=mm&r=g\",\"url\":\"https:\\\/\\\/secure.gravatar.com\\\/avatar\\\/b2a6f664a3ae8e074346ef91775736c5ec479e637ecced6842de9dc98b5da9cd?s=96&d=mm&r=g\",\"contentUrl\":\"https:\\\/\\\/secure.gravatar.com\\\/avatar\\\/b2a6f664a3ae8e074346ef91775736c5ec479e637ecced6842de9dc98b5da9cd?s=96&d=mm&r=g\",\"caption\":\"ccortez\"},\"url\":\"https:\\\/\\\/www.uartes.edu.ec\\\/sitio\\\/en\\\/blog\\\/author\\\/ccortez\\\/\"}]}<\/script>\n<!-- \/ Yoast SEO plugin. -->","yoast_head_json":{"title":"Universidad de las Artes - Es importante analizar los problemas globales que enfrentan nuestras editoriales: Carlos Vela, de Pesopluma","description":"Universidad de las Artes - Es importante analizar los problemas globales que enfrentan nuestras editoriales: Carlos Vela, de Pesopluma","robots":{"index":"index","follow":"follow","max-snippet":"max-snippet:-1","max-image-preview":"max-image-preview:large","max-video-preview":"max-video-preview:-1"},"canonical":"https:\/\/www.uartes.edu.ec\/sitio\/en\/blog\/2024\/11\/13\/es-importante-analizar-los-problemas-globales-que-enfrentan-nuestras-editoriales-carlos-vela-de-pesopluma\/","og_locale":"en_US","og_type":"article","og_title":"Universidad de las Artes - Es importante analizar los problemas globales que enfrentan nuestras editoriales: Carlos Vela, de Pesopluma","og_description":"Universidad de las Artes - Es importante analizar los problemas globales que enfrentan nuestras editoriales: Carlos Vela, de Pesopluma","og_url":"https:\/\/www.uartes.edu.ec\/sitio\/en\/blog\/2024\/11\/13\/es-importante-analizar-los-problemas-globales-que-enfrentan-nuestras-editoriales-carlos-vela-de-pesopluma\/","og_site_name":"Universidad de las Artes","article_publisher":"https:\/\/www.facebook.com\/uartesec","article_published_time":"2024-11-13T16:19:00+00:00","article_modified_time":"2024-11-13T20:20:04+00:00","og_image":[{"width":2000,"height":1333,"url":"https:\/\/www.uartes.edu.ec\/sitio\/wp-content\/uploads\/2024\/11\/30-EL-DEBATE-DE-LOS-LIBROS-EN-LA-VIDA-PUBLICA.jpg","type":"image\/jpeg"}],"author":"ccortez","twitter_card":"summary_large_image","twitter_creator":"@uartesec","twitter_site":"@uartesec","twitter_misc":{"Written by":"ccortez","Est. reading time":"3 minutes"},"schema":{"@context":"https:\/\/schema.org","@graph":[{"@type":"Article","@id":"https:\/\/www.uartes.edu.ec\/sitio\/en\/blog\/2024\/11\/13\/es-importante-analizar-los-problemas-globales-que-enfrentan-nuestras-editoriales-carlos-vela-de-pesopluma\/#article","isPartOf":{"@id":"https:\/\/www.uartes.edu.ec\/sitio\/en\/blog\/2024\/11\/13\/es-importante-analizar-los-problemas-globales-que-enfrentan-nuestras-editoriales-carlos-vela-de-pesopluma\/"},"author":{"name":"ccortez","@id":"https:\/\/www.uartes.edu.ec\/sitio\/en\/#\/schema\/person\/efa1b8275797664fd7f13a79ccc0b1f4"},"headline":"Es importante analizar los problemas globales que enfrentan nuestras editoriales: Carlos Vela, de Pesopluma","datePublished":"2024-11-13T16:19:00+00:00","dateModified":"2024-11-13T20:20:04+00:00","mainEntityOfPage":{"@id":"https:\/\/www.uartes.edu.ec\/sitio\/en\/blog\/2024\/11\/13\/es-importante-analizar-los-problemas-globales-que-enfrentan-nuestras-editoriales-carlos-vela-de-pesopluma\/"},"wordCount":571,"commentCount":0,"publisher":{"@id":"https:\/\/www.uartes.edu.ec\/sitio\/en\/#organization"},"image":{"@id":"https:\/\/www.uartes.edu.ec\/sitio\/en\/blog\/2024\/11\/13\/es-importante-analizar-los-problemas-globales-que-enfrentan-nuestras-editoriales-carlos-vela-de-pesopluma\/#primaryimage"},"thumbnailUrl":"https:\/\/www.uartes.edu.ec\/sitio\/wp-content\/uploads\/2024\/11\/30-EL-DEBATE-DE-LOS-LIBROS-EN-LA-VIDA-PUBLICA.jpg","keywords":["producci\u00f3n"],"articleSection":["Acad\u00e9mico","Alumni","Artes","Docentes","Estudiantes","Gesti\u00f3n","Literatura"],"inLanguage":"en-US","potentialAction":[{"@type":"CommentAction","name":"Comment","target":["https:\/\/www.uartes.edu.ec\/sitio\/en\/blog\/2024\/11\/13\/es-importante-analizar-los-problemas-globales-que-enfrentan-nuestras-editoriales-carlos-vela-de-pesopluma\/#respond"]}]},{"@type":["WebPage","ItemPage"],"@id":"https:\/\/www.uartes.edu.ec\/sitio\/en\/blog\/2024\/11\/13\/es-importante-analizar-los-problemas-globales-que-enfrentan-nuestras-editoriales-carlos-vela-de-pesopluma\/","url":"https:\/\/www.uartes.edu.ec\/sitio\/en\/blog\/2024\/11\/13\/es-importante-analizar-los-problemas-globales-que-enfrentan-nuestras-editoriales-carlos-vela-de-pesopluma\/","name":"Universidad de las Artes - Es importante analizar los problemas globales que enfrentan nuestras editoriales: Carlos Vela, de Pesopluma","isPartOf":{"@id":"https:\/\/www.uartes.edu.ec\/sitio\/en\/#website"},"primaryImageOfPage":{"@id":"https:\/\/www.uartes.edu.ec\/sitio\/en\/blog\/2024\/11\/13\/es-importante-analizar-los-problemas-globales-que-enfrentan-nuestras-editoriales-carlos-vela-de-pesopluma\/#primaryimage"},"image":{"@id":"https:\/\/www.uartes.edu.ec\/sitio\/en\/blog\/2024\/11\/13\/es-importante-analizar-los-problemas-globales-que-enfrentan-nuestras-editoriales-carlos-vela-de-pesopluma\/#primaryimage"},"thumbnailUrl":"https:\/\/www.uartes.edu.ec\/sitio\/wp-content\/uploads\/2024\/11\/30-EL-DEBATE-DE-LOS-LIBROS-EN-LA-VIDA-PUBLICA.jpg","datePublished":"2024-11-13T16:19:00+00:00","dateModified":"2024-11-13T20:20:04+00:00","description":"Universidad de las Artes - Es importante analizar los problemas globales que enfrentan nuestras editoriales: Carlos Vela, de Pesopluma","breadcrumb":{"@id":"https:\/\/www.uartes.edu.ec\/sitio\/en\/blog\/2024\/11\/13\/es-importante-analizar-los-problemas-globales-que-enfrentan-nuestras-editoriales-carlos-vela-de-pesopluma\/#breadcrumb"},"inLanguage":"en-US","potentialAction":[{"@type":"ReadAction","target":["https:\/\/www.uartes.edu.ec\/sitio\/en\/blog\/2024\/11\/13\/es-importante-analizar-los-problemas-globales-que-enfrentan-nuestras-editoriales-carlos-vela-de-pesopluma\/"]}]},{"@type":"ImageObject","inLanguage":"en-US","@id":"https:\/\/www.uartes.edu.ec\/sitio\/en\/blog\/2024\/11\/13\/es-importante-analizar-los-problemas-globales-que-enfrentan-nuestras-editoriales-carlos-vela-de-pesopluma\/#primaryimage","url":"https:\/\/www.uartes.edu.ec\/sitio\/wp-content\/uploads\/2024\/11\/30-EL-DEBATE-DE-LOS-LIBROS-EN-LA-VIDA-PUBLICA.jpg","contentUrl":"https:\/\/www.uartes.edu.ec\/sitio\/wp-content\/uploads\/2024\/11\/30-EL-DEBATE-DE-LOS-LIBROS-EN-LA-VIDA-PUBLICA.jpg","width":2000,"height":1333},{"@type":"BreadcrumbList","@id":"https:\/\/www.uartes.edu.ec\/sitio\/en\/blog\/2024\/11\/13\/es-importante-analizar-los-problemas-globales-que-enfrentan-nuestras-editoriales-carlos-vela-de-pesopluma\/#breadcrumb","itemListElement":[{"@type":"ListItem","position":1,"name":"Inicio","item":"https:\/\/www.uartes.edu.ec\/sitio\/"},{"@type":"ListItem","position":2,"name":"Es importante analizar los problemas globales que enfrentan nuestras editoriales: Carlos Vela, de Pesopluma"}]},{"@type":"WebSite","@id":"https:\/\/www.uartes.edu.ec\/sitio\/en\/#website","url":"https:\/\/www.uartes.edu.ec\/sitio\/en\/","name":"Universidad de las Artes","description":"Sitio oficial de la Universidad Nacional de las Artes del Ecuador","publisher":{"@id":"https:\/\/www.uartes.edu.ec\/sitio\/en\/#organization"},"potentialAction":[{"@type":"SearchAction","target":{"@type":"EntryPoint","urlTemplate":"https:\/\/www.uartes.edu.ec\/sitio\/en\/?s={search_term_string}"},"query-input":{"@type":"PropertyValueSpecification","valueRequired":true,"valueName":"search_term_string"}}],"inLanguage":"en-US"},{"@type":"Organization","@id":"https:\/\/www.uartes.edu.ec\/sitio\/en\/#organization","name":"Universidad de las Artes","url":"https:\/\/www.uartes.edu.ec\/sitio\/en\/","logo":{"@type":"ImageObject","inLanguage":"en-US","@id":"https:\/\/www.uartes.edu.ec\/sitio\/en\/#\/schema\/logo\/image\/","url":"https:\/\/www.uartes.edu.ec\/sitio\/wp-content\/uploads\/2022\/07\/logo-ua-horizontal.png","contentUrl":"https:\/\/www.uartes.edu.ec\/sitio\/wp-content\/uploads\/2022\/07\/logo-ua-horizontal.png","width":800,"height":276,"caption":"Universidad de las Artes"},"image":{"@id":"https:\/\/www.uartes.edu.ec\/sitio\/en\/#\/schema\/logo\/image\/"},"sameAs":["https:\/\/www.facebook.com\/uartesec","https:\/\/x.com\/uartesec","https:\/\/www.tiktok.com\/@uartesec"]},{"@type":"Person","@id":"https:\/\/www.uartes.edu.ec\/sitio\/en\/#\/schema\/person\/efa1b8275797664fd7f13a79ccc0b1f4","name":"ccortez","image":{"@type":"ImageObject","inLanguage":"en-US","@id":"https:\/\/secure.gravatar.com\/avatar\/b2a6f664a3ae8e074346ef91775736c5ec479e637ecced6842de9dc98b5da9cd?s=96&d=mm&r=g","url":"https:\/\/secure.gravatar.com\/avatar\/b2a6f664a3ae8e074346ef91775736c5ec479e637ecced6842de9dc98b5da9cd?s=96&d=mm&r=g","contentUrl":"https:\/\/secure.gravatar.com\/avatar\/b2a6f664a3ae8e074346ef91775736c5ec479e637ecced6842de9dc98b5da9cd?s=96&d=mm&r=g","caption":"ccortez"},"url":"https:\/\/www.uartes.edu.ec\/sitio\/en\/blog\/author\/ccortez\/"}]}},"uagb_featured_image_src":{"full":["https:\/\/www.uartes.edu.ec\/sitio\/wp-content\/uploads\/2024\/11\/30-EL-DEBATE-DE-LOS-LIBROS-EN-LA-VIDA-PUBLICA.jpg",2000,1333,false],"thumbnail":["https:\/\/www.uartes.edu.ec\/sitio\/wp-content\/uploads\/2024\/11\/30-EL-DEBATE-DE-LOS-LIBROS-EN-LA-VIDA-PUBLICA-150x150.jpg",150,150,true],"medium":["https:\/\/www.uartes.edu.ec\/sitio\/wp-content\/uploads\/2024\/11\/30-EL-DEBATE-DE-LOS-LIBROS-EN-LA-VIDA-PUBLICA-300x200.jpg",300,200,true],"medium_large":["https:\/\/www.uartes.edu.ec\/sitio\/wp-content\/uploads\/2024\/11\/30-EL-DEBATE-DE-LOS-LIBROS-EN-LA-VIDA-PUBLICA-768x512.jpg",768,512,true],"large":["https:\/\/www.uartes.edu.ec\/sitio\/wp-content\/uploads\/2024\/11\/30-EL-DEBATE-DE-LOS-LIBROS-EN-LA-VIDA-PUBLICA-644x429.jpg",644,429,true],"1536x1536":["https:\/\/www.uartes.edu.ec\/sitio\/wp-content\/uploads\/2024\/11\/30-EL-DEBATE-DE-LOS-LIBROS-EN-LA-VIDA-PUBLICA-1536x1024.jpg",1536,1024,true],"2048x2048":["https:\/\/www.uartes.edu.ec\/sitio\/wp-content\/uploads\/2024\/11\/30-EL-DEBATE-DE-LOS-LIBROS-EN-LA-VIDA-PUBLICA.jpg",2000,1333,false],"trp-custom-language-flag":["https:\/\/www.uartes.edu.ec\/sitio\/wp-content\/uploads\/2024\/11\/30-EL-DEBATE-DE-LOS-LIBROS-EN-LA-VIDA-PUBLICA-18x12.jpg",18,12,true],"htmega_size_585x295":["https:\/\/www.uartes.edu.ec\/sitio\/wp-content\/uploads\/2024\/11\/30-EL-DEBATE-DE-LOS-LIBROS-EN-LA-VIDA-PUBLICA-585x295.jpg",585,295,true],"htmega_size_1170x536":["https:\/\/www.uartes.edu.ec\/sitio\/wp-content\/uploads\/2024\/11\/30-EL-DEBATE-DE-LOS-LIBROS-EN-LA-VIDA-PUBLICA-1170x536.jpg",1170,536,true],"htmega_size_396x360":["https:\/\/www.uartes.edu.ec\/sitio\/wp-content\/uploads\/2024\/11\/30-EL-DEBATE-DE-LOS-LIBROS-EN-LA-VIDA-PUBLICA-396x360.jpg",396,360,true],"gb-block-post-grid-landscape":["https:\/\/www.uartes.edu.ec\/sitio\/wp-content\/uploads\/2024\/11\/30-EL-DEBATE-DE-LOS-LIBROS-EN-LA-VIDA-PUBLICA-600x400.jpg",600,400,true],"gb-block-post-grid-square":["https:\/\/www.uartes.edu.ec\/sitio\/wp-content\/uploads\/2024\/11\/30-EL-DEBATE-DE-LOS-LIBROS-EN-LA-VIDA-PUBLICA-600x600.jpg",600,600,true],"university-hub-thumb":["https:\/\/www.uartes.edu.ec\/sitio\/wp-content\/uploads\/2024\/11\/30-EL-DEBATE-DE-LOS-LIBROS-EN-LA-VIDA-PUBLICA-400x267.jpg",400,267,true]},"uagb_author_info":{"display_name":"ccortez","author_link":"https:\/\/www.uartes.edu.ec\/sitio\/en\/blog\/author\/ccortez\/"},"uagb_comment_info":0,"uagb_excerpt":"A la X edici\u00f3n Libre Libro, organizado por la Escuela de Literatura UArtes, Carlos Vela lleg\u00f3 con Pesopluma, editorial peruana que se caracteriza por el recate de tesoros literarios. El codirector del sello y presidente del Consejo Directivo de Editoriales Independientes del Per\u00fa (EIP), particip\u00f3 en dos conversatorios y un taller, desarrollados entre el mi\u00e9rcoles&hellip;","featured_image_src":"https:\/\/www.uartes.edu.ec\/sitio\/wp-content\/uploads\/2024\/11\/30-EL-DEBATE-DE-LOS-LIBROS-EN-LA-VIDA-PUBLICA-600x400.jpg","featured_image_src_square":"https:\/\/www.uartes.edu.ec\/sitio\/wp-content\/uploads\/2024\/11\/30-EL-DEBATE-DE-LOS-LIBROS-EN-LA-VIDA-PUBLICA-600x600.jpg","author_info":{"display_name":"ccortez","author_link":"https:\/\/www.uartes.edu.ec\/sitio\/en\/blog\/author\/ccortez\/"},"publishpress_future_workflow_manual_trigger":{"enabledWorkflows":[]},"distributor_meta":false,"distributor_terms":false,"distributor_media":false,"distributor_original_site_name":"Universidad de las Artes","distributor_original_site_url":"https:\/\/www.uartes.edu.ec\/sitio\/en","push-errors":false,"_links":{"self":[{"href":"https:\/\/www.uartes.edu.ec\/sitio\/en\/wp-json\/wp\/v2\/posts\/64468","targetHints":{"allow":["GET"]}}],"collection":[{"href":"https:\/\/www.uartes.edu.ec\/sitio\/en\/wp-json\/wp\/v2\/posts"}],"about":[{"href":"https:\/\/www.uartes.edu.ec\/sitio\/en\/wp-json\/wp\/v2\/types\/post"}],"author":[{"embeddable":true,"href":"https:\/\/www.uartes.edu.ec\/sitio\/en\/wp-json\/wp\/v2\/users\/10"}],"replies":[{"embeddable":true,"href":"https:\/\/www.uartes.edu.ec\/sitio\/en\/wp-json\/wp\/v2\/comments?post=64468"}],"version-history":[{"count":4,"href":"https:\/\/www.uartes.edu.ec\/sitio\/en\/wp-json\/wp\/v2\/posts\/64468\/revisions"}],"predecessor-version":[{"id":64489,"href":"https:\/\/www.uartes.edu.ec\/sitio\/en\/wp-json\/wp\/v2\/posts\/64468\/revisions\/64489"}],"wp:featuredmedia":[{"embeddable":true,"href":"https:\/\/www.uartes.edu.ec\/sitio\/en\/wp-json\/wp\/v2\/media\/64469"}],"wp:attachment":[{"href":"https:\/\/www.uartes.edu.ec\/sitio\/en\/wp-json\/wp\/v2\/media?parent=64468"}],"wp:term":[{"taxonomy":"category","embeddable":true,"href":"https:\/\/www.uartes.edu.ec\/sitio\/en\/wp-json\/wp\/v2\/categories?post=64468"},{"taxonomy":"post_tag","embeddable":true,"href":"https:\/\/www.uartes.edu.ec\/sitio\/en\/wp-json\/wp\/v2\/tags?post=64468"},{"taxonomy":"infouartes","embeddable":true,"href":"https:\/\/www.uartes.edu.ec\/sitio\/en\/wp-json\/wp\/v2\/infouartes?post=64468"}],"curies":[{"name":"wp","href":"https:\/\/api.w.org\/{rel}","templated":true}]}}