{"id":64476,"date":"2024-11-13T13:36:26","date_gmt":"2024-11-13T18:36:26","guid":{"rendered":"https:\/\/www.uartes.edu.ec\/sitio\/?p=64476"},"modified":"2024-11-26T18:47:43","modified_gmt":"2024-11-26T23:47:43","slug":"la-zona-de-fuga-de-maritza-cino-alvear","status":"publish","type":"post","link":"https:\/\/www.uartes.edu.ec\/sitio\/en\/blog\/2024\/11\/13\/la-zona-de-fuga-de-maritza-cino-alvear\/","title":{"rendered":"La \u201cZona de fuga\u201d de Maritza Cino Alvear"},"content":{"rendered":"<p>\u201cZona de fuga\u201d, el m\u00e1s reciente libro de la escritora y poeta Msc. Maritza Cino Alvear, invita a los lectores a adentrarse en un universo literario en el que los l\u00edmites entre lo humano, lo animal y lo simb\u00f3lico se desdibujan. La presentaci\u00f3n de la obra de la docente em\u00e9rita de la Universidad de las Artes ha tenido tres escenarios muy significativos, cada uno con su propia atm\u00f3sfera, pero todos unidos por el mismo prop\u00f3sito de acercar al p\u00fablico a una comprensi\u00f3n m\u00e1s profunda del mundo literario que su autora ha creado.<\/p>\n\n\n\n<p>Los tres escenarios en menci\u00f3n son la Feria Internacional del Libro Guayaquil (FIL GYE), en septiembre pasado, la Universidad Casa Grande y la X edici\u00f3n de Libre Libro, evento hito de la Escuela de Literatura de la Universidad de las Artes, que se desarroll\u00f3 del 6 al 9 de noviembre y donde \u201cZona de fuga\u201d propici\u00f3 el mismo d\u00eda de la jornada inaugural de la cita un conversatorio entre Maritza Cino, Margarethe Tirado y el docente Andr\u00e9s Land\u00e1zuri como moderador, una presentaci\u00f3n que permiti\u00f3 al p\u00fablico desentra\u00f1ar las m\u00faltiples interpretaciones que la nuestra ha sembrado en sus relatos.<\/p>\n\n\n\n<p>El debut del libro en la FIL GYE estuvo cargado de gratitud y emoci\u00f3n. Ante una audiencia atenta y entusiasta, la autora agradeci\u00f3 por el acompa\u00f1amiento. El di\u00e1logo mantenido entonces llev\u00f3 a descubrir que su publicaci\u00f3n literaria va m\u00e1s all\u00e1 de ser una mera compilaci\u00f3n de historias. Se establece como una obra mitad bestiario y mitad texto libre, en la que animales, objetos y personajes se entrecruzan en narraciones que, al principio, podr\u00edan parecer mon\u00f3tonas, pero al profundizar muestran una reflexi\u00f3n intensa sobre las peque\u00f1as realidades diarias.<\/p>\n\n\n\n<p>Cino Alvear lo explica de esta manera, aclarando que el libro tiene como objetivo precisamente eso: \u201ctransformarse en un bestiario\u201d, donde mosquitos, hormigas, b\u00fahos, jirafas y gusanos entrelazan sus relatos de forma inolvidable. El proceso de desarrollo de \u201cZona de fuga\u201d fue un aut\u00e9ntico placer, dijo, un viaje de exploraci\u00f3n que le brind\u00f3 la oportunidad de indagar en conceptos profundos y construir un relato.<\/p>\n\n\n<div class=\"wp-block-image\">\n<figure class=\"aligncenter size-large\"><img fetchpriority=\"high\" decoding=\"async\" width=\"644\" height=\"429\" src=\"https:\/\/www.uartes.edu.ec\/sitio\/wp-content\/uploads\/2024\/11\/03-MARITZA-644x429.jpg\" alt=\"\" class=\"wp-image-64479\" srcset=\"https:\/\/www.uartes.edu.ec\/sitio\/wp-content\/uploads\/2024\/11\/03-MARITZA-644x429.jpg 644w, https:\/\/www.uartes.edu.ec\/sitio\/wp-content\/uploads\/2024\/11\/03-MARITZA-300x200.jpg 300w, https:\/\/www.uartes.edu.ec\/sitio\/wp-content\/uploads\/2024\/11\/03-MARITZA-768x512.jpg 768w, https:\/\/www.uartes.edu.ec\/sitio\/wp-content\/uploads\/2024\/11\/03-MARITZA-1536x1024.jpg 1536w, https:\/\/www.uartes.edu.ec\/sitio\/wp-content\/uploads\/2024\/11\/03-MARITZA-18x12.jpg 18w, https:\/\/www.uartes.edu.ec\/sitio\/wp-content\/uploads\/2024\/11\/03-MARITZA-600x400.jpg 600w, https:\/\/www.uartes.edu.ec\/sitio\/wp-content\/uploads\/2024\/11\/03-MARITZA-400x267.jpg 400w, https:\/\/www.uartes.edu.ec\/sitio\/wp-content\/uploads\/2024\/11\/03-MARITZA-272x182.jpg 272w, https:\/\/www.uartes.edu.ec\/sitio\/wp-content\/uploads\/2024\/11\/03-MARITZA.jpg 2000w\" sizes=\"(max-width: 644px) 100vw, 644px\" \/><\/figure>\n<\/div>\n\n\n<p>En su segunda presentaci\u00f3n, registrada en la Universidad Casa Grande, \u201cZona de fuga\u201d abri\u00f3 un espacio para una conversaci\u00f3n profunda sobre su contexto literario y la relaci\u00f3n entre texto e ilustraci\u00f3n. La autora estuvo acompa\u00f1ada entonces por la dise\u00f1adora gr\u00e1fica Mar\u00eda Mercedes Salgado, docente UArtes, y el estudiante de literatura Mart\u00edn Riofr\u00edo, quienes participaron activamente en un an\u00e1lisis minucioso de los relatos, explorando el significado de cada cuento a trav\u00e9s de las ilustraciones que acompa\u00f1an la publicaci\u00f3n.<\/p>\n\n\n\n<h3 class=\"wp-block-heading\">Interacci\u00f3n entre literatura y arte visual<\/h3>\n\n\n\n<p>Una de las claves de esta segunda presentaci\u00f3n fue la interacci\u00f3n entre la literatura y el arte visual. El di\u00e1logo que se estableci\u00f3 no solo ofreci\u00f3 una perspectiva m\u00e1s rica sobre \u201cZona de fuga\u201d, sino que tambi\u00e9n permiti\u00f3 al p\u00fablico entender c\u00f3mo las im\u00e1genes de Mercedes Salgado complementan y enriquecen los relatos de Maritza Cino. A pesar de los retos de tiempo que enfrent\u00f3 la dise\u00f1adora \u2014fue menor al dedicado por la autora para la escritura\u2014, el trabajo visual result\u00f3 ser sumamente significativo y resonante, aportando una capa adicional de comprensi\u00f3n y emoci\u00f3n a cada cuento.<\/p>\n\n\n\n<p>Uno de los relatos que m\u00e1s llam\u00f3 la atenci\u00f3n en el an\u00e1lisis fue \u201cHormigas\u201d, una de las historias m\u00e1s complejas y desafiantes del libro, tanto por su contenido narrativo como por su representaci\u00f3n gr\u00e1fica. La autora revel\u00f3 que hubo ciertos conflictos en el proceso de dise\u00f1o, debido a las complejidades que presentaba el relato. Su editora, Mar\u00eda Paulina Briones, docente UArtes, fue pieza clave en el proceso, pues le dio calma, confianza y la certeza de que Salgado, pese a la presi\u00f3n temporal, entregar\u00eda un trabajo excepcional. Y as\u00ed fue: sus ilustraciones no solo complementaron los cuentos de manera arm\u00f3nica, sino que lograron capturar la esencia de los relatos, ayudando a los lectores a adentrarse a\u00fan m\u00e1s en el universo literario que Cino Alvear hab\u00eda creado.<\/p>\n\n\n\n<p>Durante la presentaci\u00f3n, Mart\u00edn Riofr\u00edo, quien tuvo el rol de presentador y moderador, jug\u00f3 un papel esencial al guiar la conversaci\u00f3n sobre los significados e intenciones de la autora detr\u00e1s de cada cuento. A trav\u00e9s de su an\u00e1lisis literario, \u00e9l desentra\u00f1\u00f3 las capas filos\u00f3ficas y po\u00e9ticas que subyacen en los textos, poniendo de manifiesto c\u00f3mo los elementos narrativos \u2014la existencia de las hormigas\u2014 puede interpretarse como un espejo y una met\u00e1fora de la vida diaria, del trabajo y de la m\u00ednima existencia humana frente a la envergadura de la naturaleza.<\/p>\n\n\n<div class=\"wp-block-image\">\n<figure class=\"aligncenter size-large\"><img decoding=\"async\" width=\"644\" height=\"429\" src=\"https:\/\/www.uartes.edu.ec\/sitio\/wp-content\/uploads\/2024\/11\/02-MARITZA-644x429.jpg\" alt=\"\" class=\"wp-image-64480\" srcset=\"https:\/\/www.uartes.edu.ec\/sitio\/wp-content\/uploads\/2024\/11\/02-MARITZA-644x429.jpg 644w, https:\/\/www.uartes.edu.ec\/sitio\/wp-content\/uploads\/2024\/11\/02-MARITZA-300x200.jpg 300w, https:\/\/www.uartes.edu.ec\/sitio\/wp-content\/uploads\/2024\/11\/02-MARITZA-768x512.jpg 768w, https:\/\/www.uartes.edu.ec\/sitio\/wp-content\/uploads\/2024\/11\/02-MARITZA-1536x1024.jpg 1536w, https:\/\/www.uartes.edu.ec\/sitio\/wp-content\/uploads\/2024\/11\/02-MARITZA-18x12.jpg 18w, https:\/\/www.uartes.edu.ec\/sitio\/wp-content\/uploads\/2024\/11\/02-MARITZA-600x400.jpg 600w, https:\/\/www.uartes.edu.ec\/sitio\/wp-content\/uploads\/2024\/11\/02-MARITZA-400x267.jpg 400w, https:\/\/www.uartes.edu.ec\/sitio\/wp-content\/uploads\/2024\/11\/02-MARITZA-272x182.jpg 272w, https:\/\/www.uartes.edu.ec\/sitio\/wp-content\/uploads\/2024\/11\/02-MARITZA.jpg 2000w\" sizes=\"(max-width: 644px) 100vw, 644px\" \/><\/figure>\n<\/div>\n\n\n<p>Los mosquitos, en este cuento, representan lo incontrolable, lo irritante y lo persistente. Su presencia constante y su capacidad para interferir en los momentos m\u00e1s tranquilos de la vida se convierten en una met\u00e1fora de las peque\u00f1as molestias que a menudo alteran nuestra paz interna. En el contexto narrativo, el mosquito puede simbolizar pensamientos persistentes o situaciones que nos afectan sin ser necesariamente destructivas, pero s\u00ed perturbadoras, siendo insignificantes a tal punto de que su ausencia no equivale un problema en el mundo. Su autora, incluso, hizo una investigaci\u00f3n zool\u00f3gica que la llev\u00f3 a descubrir que Alejandro Magno muri\u00f3 por la picadura de un mosquito.<\/p>\n\n\n\n<p>El b\u00faho, con su imagen asociada a la sabidur\u00eda, juega un rol interesante en el cuento que lleva su nombre. En la narrativa, esta ave rapaz nocturna se muestra como un observador astuto y tambi\u00e9n como un s\u00edmbolo de introspecci\u00f3n y misterio. La noche, el momento en que se activa, es un espacio en el que los personajes enfrentan miedos y verdades no dichas.<\/p>\n\n\n\n<p>Las jirafas, por su naturaleza distante y elevada, pueden ser una met\u00e1fora de la alienaci\u00f3n o la soledad que a veces experimentamos cuando tratamos de ver la vida desde una perspectiva demasiado abstracta o elevada. A menudo, al intentar obtener una visi\u00f3n m\u00e1s amplia, nos alejamos de las emociones y conexiones m\u00e1s cercanas y humanas.<\/p>\n\n\n\n<p>Otro de los enfoques es de los gusanos. Son peque\u00f1os y discretos, pero su impacto es profundo y en la historia reflejan la transformaci\u00f3n silenciosa que ocurre dentro de los personajes, una especie de descomposici\u00f3n que lleva, eventualmente, a un renacimiento o cambio. Tambi\u00e9n podr\u00edan ser una referencia a las sombras de la existencia, las partes m\u00e1s oscuras o \u201cfeas\u201d de la vida que, aunque indeseables, son necesarias para el equilibrio de todo.<\/p>\n\n\n\n<h3 class=\"wp-block-heading\">Nueva interpretaci\u00f3n de su contenido<\/h3>\n\n\n\n<p>En Libre Libro, la presentaci\u00f3n de \u201cZona de fuga\u201d ofreci\u00f3 una nueva interpretaci\u00f3n de su contenido. El evento, que congreg\u00f3 a estudiantes, acad\u00e9micos y lectores, tuvo como centro de atenci\u00f3n el cuento inicial de la obra: \u201cVampiro\u201d. Andr\u00e9s Land\u00e1zuri, quien ha sido emblem\u00e1tico en las tres presentaciones del libro, guio el an\u00e1lisis de este cuento que impacta por su crudeza y simbolismo. El relato, que en un primer vistazo podr\u00eda parecer una narraci\u00f3n fant\u00e1stica sobre criaturas sobrenaturales, en realidad aborda un tema muy humano: el acoso hacia un ni\u00f1o.<\/p>\n\n\n\n<p>Desde el principio, el cuento en menci\u00f3n genera una sensaci\u00f3n de incomodidad e inquietud, convirti\u00e9ndolo en un desaf\u00edo tanto para los lectores como para los que intentan desentra\u00f1ar su significado. A trav\u00e9s de sus met\u00e1foras y simbolismos, \u201cVampiro\u201d obliga al lector a reflexionar y releer el texto sobre los l\u00edmites de la violencia emocional y el da\u00f1o invisible que ciertos comportamientos pueden causar.<\/p>\n\n\n\n<p>Adem\u00e1s del an\u00e1lisis de \u201cVampiro\u201d, otro aspecto clave de la presentaci\u00f3n en Libre Libro fue la explicaci\u00f3n sobre el significado del t\u00edtulo \u201cZona de fuga\u201d. Maritza Cino revel\u00f3 que hace referencia a ese espacio seguro y c\u00f3modo que los animales crean para resguardarse de cualquier amenaza. En el caso de los seres humanos, esta \u201czona de fuga\u201d podr\u00eda verse como el refugio emocional o mental que construimos para sentirnos a salvo de las perturbaciones externas. Sin embargo, cuando esta zona es invadida o sobrepasada, el ser, ya sea un animal o una persona, experimenta un proceso de alteraci\u00f3n que puede llevar al miedo, la huida o incluso la agresividad.<\/p>\n\n\n\n<h3 class=\"wp-block-heading\">\u201cUn poeta siempre ser\u00e1 un poeta\u201d<\/h3>\n\n\n\n<p>Al finalizar el recorrido de presentaciones de \u201cZona de fuga\u201d, Mar\u00eda Paulina Briones, editora del libro hibrido, dej\u00f3 una reflexi\u00f3n contundente que reson\u00f3 profundamente entre los asistentes: \u201cUn poeta siempre ser\u00e1 un poeta\u201d. Este comentario, breve pero poderoso, hace referencia a una caracter\u00edstica que es innegable en la obra de Maritza Cino: la voz po\u00e9tica que impregna cada uno de los cuentos de este libro.<\/p>\n\n\n\n<p>A pesar de que \u201cZona de fuga\u201d se presenta como un compendio de cuentos, la poes\u00eda de Cino Alvear no solo se mantiene presente, sino que resulta ineludible. Como se\u00f1ala Briones, la autora, conocida principalmente por su labor po\u00e9tica, no puede desprenderse de su naturaleza como poeta. Esta influencia po\u00e9tica atraviesa las narrativas, creando una atm\u00f3sfera \u00fanica que distingue sus relatos de los de otros narradores.<\/p>\n\n\n\n<p>Mientras que algunos autores optan por una prosa m\u00e1s directa y despojada de adornos, los poetas, al escribir en prosa, a menudo mantienen esa capacidad de jugar con el lenguaje de una forma que enriquece las historias sin opacarlas. La reflexi\u00f3n de Mar\u00eda Paulina Briones invita a pensar en c\u00f3mo los g\u00e9neros literarios se funden y c\u00f3mo la identidad literaria de un autor puede trascender las fronteras formales.<\/p>\n\n\n\n<p>Texto: Eleinn Rivera, estudiante de la Escuela de Literatura.<\/p>","protected":false},"excerpt":{"rendered":"<p>\u201cZona de fuga\u201d, el m\u00e1s reciente libro de la escritora y poeta Msc. Maritza Cino Alvear, invita a los lectores a adentrarse en un universo literario en el que los l\u00edmites entre lo humano, lo animal y lo simb\u00f3lico se desdibujan. La presentaci\u00f3n de la obra de la docente em\u00e9rita de la Universidad de las Artes ha tenido tres escenarios muy significativos, cada uno con su propia atm\u00f3sfera, pero todos unidos por el mismo prop\u00f3sito de acercar al p\u00fablico a una comprensi\u00f3n m\u00e1s profunda del mundo literario de su autora. El m\u00e1s reciente fue el X Libre Libro.<\/p>","protected":false},"author":10,"featured_media":64478,"comment_status":"open","ping_status":"open","sticky":false,"template":"","format":"standard","meta":{"_acf_changed":false,"_uag_custom_page_level_css":"","_monsterinsights_skip_tracking":false,"_monsterinsights_sitenote_active":false,"_monsterinsights_sitenote_note":"","_monsterinsights_sitenote_category":0,"cybocfi_hide_featured_image":"","footnotes":""},"categories":[80,82,75,76,175,83],"tags":[518],"infouartes":[],"class_list":["post-64476","post","type-post","status-publish","format-standard","has-post-thumbnail","hentry","category-academico","category-artes","category-docentes","category-estudiantes","category-literatura","category-sedes","tag-produccion"],"acf":[],"yoast_head":"<!-- This site is optimized with the Yoast SEO plugin v27.4 - https:\/\/yoast.com\/product\/yoast-seo-wordpress\/ -->\n<title>Universidad de las Artes - La \u201cZona de fuga\u201d de Maritza Cino Alvear<\/title>\n<meta name=\"description\" content=\"Universidad de las Artes - La \u201cZona de fuga\u201d de Maritza Cino Alvear\" \/>\n<meta name=\"robots\" content=\"index, follow, max-snippet:-1, max-image-preview:large, max-video-preview:-1\" \/>\n<link rel=\"canonical\" href=\"https:\/\/www.uartes.edu.ec\/sitio\/en\/blog\/2024\/11\/13\/la-zona-de-fuga-de-maritza-cino-alvear\/\" \/>\n<meta property=\"og:locale\" content=\"en_US\" \/>\n<meta property=\"og:type\" content=\"article\" \/>\n<meta property=\"og:title\" content=\"Universidad de las Artes - La \u201cZona de fuga\u201d de Maritza Cino Alvear\" \/>\n<meta property=\"og:description\" content=\"Universidad de las Artes - La \u201cZona de fuga\u201d de Maritza Cino Alvear\" \/>\n<meta property=\"og:url\" content=\"https:\/\/www.uartes.edu.ec\/sitio\/en\/blog\/2024\/11\/13\/la-zona-de-fuga-de-maritza-cino-alvear\/\" \/>\n<meta property=\"og:site_name\" content=\"Universidad de las Artes\" \/>\n<meta property=\"article:publisher\" content=\"https:\/\/www.facebook.com\/uartesec\" \/>\n<meta property=\"article:published_time\" content=\"2024-11-13T18:36:26+00:00\" \/>\n<meta property=\"article:modified_time\" content=\"2024-11-26T23:47:43+00:00\" \/>\n<meta property=\"og:image\" content=\"https:\/\/www.uartes.edu.ec\/sitio\/wp-content\/uploads\/2024\/11\/04-MARITZA.jpg\" \/>\n\t<meta property=\"og:image:width\" content=\"2000\" \/>\n\t<meta property=\"og:image:height\" content=\"1333\" \/>\n\t<meta property=\"og:image:type\" content=\"image\/jpeg\" \/>\n<meta name=\"author\" content=\"ccortez\" \/>\n<meta name=\"twitter:card\" content=\"summary_large_image\" \/>\n<meta name=\"twitter:creator\" content=\"@uartesec\" \/>\n<meta name=\"twitter:site\" content=\"@uartesec\" \/>\n<meta name=\"twitter:label1\" content=\"Written by\" \/>\n\t<meta name=\"twitter:data1\" content=\"ccortez\" \/>\n\t<meta name=\"twitter:label2\" content=\"Est. reading time\" \/>\n\t<meta name=\"twitter:data2\" content=\"8 minutes\" \/>\n<script type=\"application\/ld+json\" class=\"yoast-schema-graph\">{\"@context\":\"https:\\\/\\\/schema.org\",\"@graph\":[{\"@type\":\"Article\",\"@id\":\"https:\\\/\\\/www.uartes.edu.ec\\\/sitio\\\/en\\\/blog\\\/2024\\\/11\\\/13\\\/la-zona-de-fuga-de-maritza-cino-alvear\\\/#article\",\"isPartOf\":{\"@id\":\"https:\\\/\\\/www.uartes.edu.ec\\\/sitio\\\/en\\\/blog\\\/2024\\\/11\\\/13\\\/la-zona-de-fuga-de-maritza-cino-alvear\\\/\"},\"author\":{\"name\":\"ccortez\",\"@id\":\"https:\\\/\\\/www.uartes.edu.ec\\\/sitio\\\/en\\\/#\\\/schema\\\/person\\\/efa1b8275797664fd7f13a79ccc0b1f4\"},\"headline\":\"La \u201cZona de fuga\u201d de Maritza Cino Alvear\",\"datePublished\":\"2024-11-13T18:36:26+00:00\",\"dateModified\":\"2024-11-26T23:47:43+00:00\",\"mainEntityOfPage\":{\"@id\":\"https:\\\/\\\/www.uartes.edu.ec\\\/sitio\\\/en\\\/blog\\\/2024\\\/11\\\/13\\\/la-zona-de-fuga-de-maritza-cino-alvear\\\/\"},\"wordCount\":1669,\"commentCount\":0,\"publisher\":{\"@id\":\"https:\\\/\\\/www.uartes.edu.ec\\\/sitio\\\/en\\\/#organization\"},\"image\":{\"@id\":\"https:\\\/\\\/www.uartes.edu.ec\\\/sitio\\\/en\\\/blog\\\/2024\\\/11\\\/13\\\/la-zona-de-fuga-de-maritza-cino-alvear\\\/#primaryimage\"},\"thumbnailUrl\":\"https:\\\/\\\/www.uartes.edu.ec\\\/sitio\\\/wp-content\\\/uploads\\\/2024\\\/11\\\/04-MARITZA.jpg\",\"keywords\":[\"producci\u00f3n\"],\"articleSection\":[\"Acad\u00e9mico\",\"Artes\",\"Docentes\",\"Estudiantes\",\"Literatura\",\"Sedes\"],\"inLanguage\":\"en-US\",\"potentialAction\":[{\"@type\":\"CommentAction\",\"name\":\"Comment\",\"target\":[\"https:\\\/\\\/www.uartes.edu.ec\\\/sitio\\\/en\\\/blog\\\/2024\\\/11\\\/13\\\/la-zona-de-fuga-de-maritza-cino-alvear\\\/#respond\"]}]},{\"@type\":[\"WebPage\",\"ItemPage\"],\"@id\":\"https:\\\/\\\/www.uartes.edu.ec\\\/sitio\\\/en\\\/blog\\\/2024\\\/11\\\/13\\\/la-zona-de-fuga-de-maritza-cino-alvear\\\/\",\"url\":\"https:\\\/\\\/www.uartes.edu.ec\\\/sitio\\\/en\\\/blog\\\/2024\\\/11\\\/13\\\/la-zona-de-fuga-de-maritza-cino-alvear\\\/\",\"name\":\"Universidad de las Artes - La \u201cZona de fuga\u201d de Maritza Cino Alvear\",\"isPartOf\":{\"@id\":\"https:\\\/\\\/www.uartes.edu.ec\\\/sitio\\\/en\\\/#website\"},\"primaryImageOfPage\":{\"@id\":\"https:\\\/\\\/www.uartes.edu.ec\\\/sitio\\\/en\\\/blog\\\/2024\\\/11\\\/13\\\/la-zona-de-fuga-de-maritza-cino-alvear\\\/#primaryimage\"},\"image\":{\"@id\":\"https:\\\/\\\/www.uartes.edu.ec\\\/sitio\\\/en\\\/blog\\\/2024\\\/11\\\/13\\\/la-zona-de-fuga-de-maritza-cino-alvear\\\/#primaryimage\"},\"thumbnailUrl\":\"https:\\\/\\\/www.uartes.edu.ec\\\/sitio\\\/wp-content\\\/uploads\\\/2024\\\/11\\\/04-MARITZA.jpg\",\"datePublished\":\"2024-11-13T18:36:26+00:00\",\"dateModified\":\"2024-11-26T23:47:43+00:00\",\"description\":\"Universidad de las Artes - La \u201cZona de fuga\u201d de Maritza Cino Alvear\",\"breadcrumb\":{\"@id\":\"https:\\\/\\\/www.uartes.edu.ec\\\/sitio\\\/en\\\/blog\\\/2024\\\/11\\\/13\\\/la-zona-de-fuga-de-maritza-cino-alvear\\\/#breadcrumb\"},\"inLanguage\":\"en-US\",\"potentialAction\":[{\"@type\":\"ReadAction\",\"target\":[\"https:\\\/\\\/www.uartes.edu.ec\\\/sitio\\\/en\\\/blog\\\/2024\\\/11\\\/13\\\/la-zona-de-fuga-de-maritza-cino-alvear\\\/\"]}]},{\"@type\":\"ImageObject\",\"inLanguage\":\"en-US\",\"@id\":\"https:\\\/\\\/www.uartes.edu.ec\\\/sitio\\\/en\\\/blog\\\/2024\\\/11\\\/13\\\/la-zona-de-fuga-de-maritza-cino-alvear\\\/#primaryimage\",\"url\":\"https:\\\/\\\/www.uartes.edu.ec\\\/sitio\\\/wp-content\\\/uploads\\\/2024\\\/11\\\/04-MARITZA.jpg\",\"contentUrl\":\"https:\\\/\\\/www.uartes.edu.ec\\\/sitio\\\/wp-content\\\/uploads\\\/2024\\\/11\\\/04-MARITZA.jpg\",\"width\":2000,\"height\":1333},{\"@type\":\"BreadcrumbList\",\"@id\":\"https:\\\/\\\/www.uartes.edu.ec\\\/sitio\\\/en\\\/blog\\\/2024\\\/11\\\/13\\\/la-zona-de-fuga-de-maritza-cino-alvear\\\/#breadcrumb\",\"itemListElement\":[{\"@type\":\"ListItem\",\"position\":1,\"name\":\"Inicio\",\"item\":\"https:\\\/\\\/www.uartes.edu.ec\\\/sitio\\\/\"},{\"@type\":\"ListItem\",\"position\":2,\"name\":\"La \u201cZona de fuga\u201d de Maritza Cino Alvear\"}]},{\"@type\":\"WebSite\",\"@id\":\"https:\\\/\\\/www.uartes.edu.ec\\\/sitio\\\/en\\\/#website\",\"url\":\"https:\\\/\\\/www.uartes.edu.ec\\\/sitio\\\/en\\\/\",\"name\":\"Universidad de las Artes\",\"description\":\"Sitio oficial de la Universidad Nacional de las Artes del Ecuador\",\"publisher\":{\"@id\":\"https:\\\/\\\/www.uartes.edu.ec\\\/sitio\\\/en\\\/#organization\"},\"potentialAction\":[{\"@type\":\"SearchAction\",\"target\":{\"@type\":\"EntryPoint\",\"urlTemplate\":\"https:\\\/\\\/www.uartes.edu.ec\\\/sitio\\\/en\\\/?s={search_term_string}\"},\"query-input\":{\"@type\":\"PropertyValueSpecification\",\"valueRequired\":true,\"valueName\":\"search_term_string\"}}],\"inLanguage\":\"en-US\"},{\"@type\":\"Organization\",\"@id\":\"https:\\\/\\\/www.uartes.edu.ec\\\/sitio\\\/en\\\/#organization\",\"name\":\"Universidad de las Artes\",\"url\":\"https:\\\/\\\/www.uartes.edu.ec\\\/sitio\\\/en\\\/\",\"logo\":{\"@type\":\"ImageObject\",\"inLanguage\":\"en-US\",\"@id\":\"https:\\\/\\\/www.uartes.edu.ec\\\/sitio\\\/en\\\/#\\\/schema\\\/logo\\\/image\\\/\",\"url\":\"https:\\\/\\\/www.uartes.edu.ec\\\/sitio\\\/wp-content\\\/uploads\\\/2022\\\/07\\\/logo-ua-horizontal.png\",\"contentUrl\":\"https:\\\/\\\/www.uartes.edu.ec\\\/sitio\\\/wp-content\\\/uploads\\\/2022\\\/07\\\/logo-ua-horizontal.png\",\"width\":800,\"height\":276,\"caption\":\"Universidad de las Artes\"},\"image\":{\"@id\":\"https:\\\/\\\/www.uartes.edu.ec\\\/sitio\\\/en\\\/#\\\/schema\\\/logo\\\/image\\\/\"},\"sameAs\":[\"https:\\\/\\\/www.facebook.com\\\/uartesec\",\"https:\\\/\\\/x.com\\\/uartesec\",\"https:\\\/\\\/www.tiktok.com\\\/@uartesec\"]},{\"@type\":\"Person\",\"@id\":\"https:\\\/\\\/www.uartes.edu.ec\\\/sitio\\\/en\\\/#\\\/schema\\\/person\\\/efa1b8275797664fd7f13a79ccc0b1f4\",\"name\":\"ccortez\",\"image\":{\"@type\":\"ImageObject\",\"inLanguage\":\"en-US\",\"@id\":\"https:\\\/\\\/secure.gravatar.com\\\/avatar\\\/b2a6f664a3ae8e074346ef91775736c5ec479e637ecced6842de9dc98b5da9cd?s=96&d=mm&r=g\",\"url\":\"https:\\\/\\\/secure.gravatar.com\\\/avatar\\\/b2a6f664a3ae8e074346ef91775736c5ec479e637ecced6842de9dc98b5da9cd?s=96&d=mm&r=g\",\"contentUrl\":\"https:\\\/\\\/secure.gravatar.com\\\/avatar\\\/b2a6f664a3ae8e074346ef91775736c5ec479e637ecced6842de9dc98b5da9cd?s=96&d=mm&r=g\",\"caption\":\"ccortez\"},\"url\":\"https:\\\/\\\/www.uartes.edu.ec\\\/sitio\\\/en\\\/blog\\\/author\\\/ccortez\\\/\"}]}<\/script>\n<!-- \/ Yoast SEO plugin. -->","yoast_head_json":{"title":"Universidad de las Artes - La \u201cZona de fuga\u201d de Maritza Cino Alvear","description":"Universidad de las Artes - La \u201cZona de fuga\u201d de Maritza Cino Alvear","robots":{"index":"index","follow":"follow","max-snippet":"max-snippet:-1","max-image-preview":"max-image-preview:large","max-video-preview":"max-video-preview:-1"},"canonical":"https:\/\/www.uartes.edu.ec\/sitio\/en\/blog\/2024\/11\/13\/la-zona-de-fuga-de-maritza-cino-alvear\/","og_locale":"en_US","og_type":"article","og_title":"Universidad de las Artes - La \u201cZona de fuga\u201d de Maritza Cino Alvear","og_description":"Universidad de las Artes - La \u201cZona de fuga\u201d de Maritza Cino Alvear","og_url":"https:\/\/www.uartes.edu.ec\/sitio\/en\/blog\/2024\/11\/13\/la-zona-de-fuga-de-maritza-cino-alvear\/","og_site_name":"Universidad de las Artes","article_publisher":"https:\/\/www.facebook.com\/uartesec","article_published_time":"2024-11-13T18:36:26+00:00","article_modified_time":"2024-11-26T23:47:43+00:00","og_image":[{"width":2000,"height":1333,"url":"https:\/\/www.uartes.edu.ec\/sitio\/wp-content\/uploads\/2024\/11\/04-MARITZA.jpg","type":"image\/jpeg"}],"author":"ccortez","twitter_card":"summary_large_image","twitter_creator":"@uartesec","twitter_site":"@uartesec","twitter_misc":{"Written by":"ccortez","Est. reading time":"8 minutes"},"schema":{"@context":"https:\/\/schema.org","@graph":[{"@type":"Article","@id":"https:\/\/www.uartes.edu.ec\/sitio\/en\/blog\/2024\/11\/13\/la-zona-de-fuga-de-maritza-cino-alvear\/#article","isPartOf":{"@id":"https:\/\/www.uartes.edu.ec\/sitio\/en\/blog\/2024\/11\/13\/la-zona-de-fuga-de-maritza-cino-alvear\/"},"author":{"name":"ccortez","@id":"https:\/\/www.uartes.edu.ec\/sitio\/en\/#\/schema\/person\/efa1b8275797664fd7f13a79ccc0b1f4"},"headline":"La \u201cZona de fuga\u201d de Maritza Cino Alvear","datePublished":"2024-11-13T18:36:26+00:00","dateModified":"2024-11-26T23:47:43+00:00","mainEntityOfPage":{"@id":"https:\/\/www.uartes.edu.ec\/sitio\/en\/blog\/2024\/11\/13\/la-zona-de-fuga-de-maritza-cino-alvear\/"},"wordCount":1669,"commentCount":0,"publisher":{"@id":"https:\/\/www.uartes.edu.ec\/sitio\/en\/#organization"},"image":{"@id":"https:\/\/www.uartes.edu.ec\/sitio\/en\/blog\/2024\/11\/13\/la-zona-de-fuga-de-maritza-cino-alvear\/#primaryimage"},"thumbnailUrl":"https:\/\/www.uartes.edu.ec\/sitio\/wp-content\/uploads\/2024\/11\/04-MARITZA.jpg","keywords":["producci\u00f3n"],"articleSection":["Acad\u00e9mico","Artes","Docentes","Estudiantes","Literatura","Sedes"],"inLanguage":"en-US","potentialAction":[{"@type":"CommentAction","name":"Comment","target":["https:\/\/www.uartes.edu.ec\/sitio\/en\/blog\/2024\/11\/13\/la-zona-de-fuga-de-maritza-cino-alvear\/#respond"]}]},{"@type":["WebPage","ItemPage"],"@id":"https:\/\/www.uartes.edu.ec\/sitio\/en\/blog\/2024\/11\/13\/la-zona-de-fuga-de-maritza-cino-alvear\/","url":"https:\/\/www.uartes.edu.ec\/sitio\/en\/blog\/2024\/11\/13\/la-zona-de-fuga-de-maritza-cino-alvear\/","name":"Universidad de las Artes - La \u201cZona de fuga\u201d de Maritza Cino Alvear","isPartOf":{"@id":"https:\/\/www.uartes.edu.ec\/sitio\/en\/#website"},"primaryImageOfPage":{"@id":"https:\/\/www.uartes.edu.ec\/sitio\/en\/blog\/2024\/11\/13\/la-zona-de-fuga-de-maritza-cino-alvear\/#primaryimage"},"image":{"@id":"https:\/\/www.uartes.edu.ec\/sitio\/en\/blog\/2024\/11\/13\/la-zona-de-fuga-de-maritza-cino-alvear\/#primaryimage"},"thumbnailUrl":"https:\/\/www.uartes.edu.ec\/sitio\/wp-content\/uploads\/2024\/11\/04-MARITZA.jpg","datePublished":"2024-11-13T18:36:26+00:00","dateModified":"2024-11-26T23:47:43+00:00","description":"Universidad de las Artes - La \u201cZona de fuga\u201d de Maritza Cino Alvear","breadcrumb":{"@id":"https:\/\/www.uartes.edu.ec\/sitio\/en\/blog\/2024\/11\/13\/la-zona-de-fuga-de-maritza-cino-alvear\/#breadcrumb"},"inLanguage":"en-US","potentialAction":[{"@type":"ReadAction","target":["https:\/\/www.uartes.edu.ec\/sitio\/en\/blog\/2024\/11\/13\/la-zona-de-fuga-de-maritza-cino-alvear\/"]}]},{"@type":"ImageObject","inLanguage":"en-US","@id":"https:\/\/www.uartes.edu.ec\/sitio\/en\/blog\/2024\/11\/13\/la-zona-de-fuga-de-maritza-cino-alvear\/#primaryimage","url":"https:\/\/www.uartes.edu.ec\/sitio\/wp-content\/uploads\/2024\/11\/04-MARITZA.jpg","contentUrl":"https:\/\/www.uartes.edu.ec\/sitio\/wp-content\/uploads\/2024\/11\/04-MARITZA.jpg","width":2000,"height":1333},{"@type":"BreadcrumbList","@id":"https:\/\/www.uartes.edu.ec\/sitio\/en\/blog\/2024\/11\/13\/la-zona-de-fuga-de-maritza-cino-alvear\/#breadcrumb","itemListElement":[{"@type":"ListItem","position":1,"name":"Inicio","item":"https:\/\/www.uartes.edu.ec\/sitio\/"},{"@type":"ListItem","position":2,"name":"La \u201cZona de fuga\u201d de Maritza Cino Alvear"}]},{"@type":"WebSite","@id":"https:\/\/www.uartes.edu.ec\/sitio\/en\/#website","url":"https:\/\/www.uartes.edu.ec\/sitio\/en\/","name":"Universidad de las Artes","description":"Sitio oficial de la Universidad Nacional de las Artes del Ecuador","publisher":{"@id":"https:\/\/www.uartes.edu.ec\/sitio\/en\/#organization"},"potentialAction":[{"@type":"SearchAction","target":{"@type":"EntryPoint","urlTemplate":"https:\/\/www.uartes.edu.ec\/sitio\/en\/?s={search_term_string}"},"query-input":{"@type":"PropertyValueSpecification","valueRequired":true,"valueName":"search_term_string"}}],"inLanguage":"en-US"},{"@type":"Organization","@id":"https:\/\/www.uartes.edu.ec\/sitio\/en\/#organization","name":"Universidad de las Artes","url":"https:\/\/www.uartes.edu.ec\/sitio\/en\/","logo":{"@type":"ImageObject","inLanguage":"en-US","@id":"https:\/\/www.uartes.edu.ec\/sitio\/en\/#\/schema\/logo\/image\/","url":"https:\/\/www.uartes.edu.ec\/sitio\/wp-content\/uploads\/2022\/07\/logo-ua-horizontal.png","contentUrl":"https:\/\/www.uartes.edu.ec\/sitio\/wp-content\/uploads\/2022\/07\/logo-ua-horizontal.png","width":800,"height":276,"caption":"Universidad de las Artes"},"image":{"@id":"https:\/\/www.uartes.edu.ec\/sitio\/en\/#\/schema\/logo\/image\/"},"sameAs":["https:\/\/www.facebook.com\/uartesec","https:\/\/x.com\/uartesec","https:\/\/www.tiktok.com\/@uartesec"]},{"@type":"Person","@id":"https:\/\/www.uartes.edu.ec\/sitio\/en\/#\/schema\/person\/efa1b8275797664fd7f13a79ccc0b1f4","name":"ccortez","image":{"@type":"ImageObject","inLanguage":"en-US","@id":"https:\/\/secure.gravatar.com\/avatar\/b2a6f664a3ae8e074346ef91775736c5ec479e637ecced6842de9dc98b5da9cd?s=96&d=mm&r=g","url":"https:\/\/secure.gravatar.com\/avatar\/b2a6f664a3ae8e074346ef91775736c5ec479e637ecced6842de9dc98b5da9cd?s=96&d=mm&r=g","contentUrl":"https:\/\/secure.gravatar.com\/avatar\/b2a6f664a3ae8e074346ef91775736c5ec479e637ecced6842de9dc98b5da9cd?s=96&d=mm&r=g","caption":"ccortez"},"url":"https:\/\/www.uartes.edu.ec\/sitio\/en\/blog\/author\/ccortez\/"}]}},"uagb_featured_image_src":{"full":["https:\/\/www.uartes.edu.ec\/sitio\/wp-content\/uploads\/2024\/11\/04-MARITZA.jpg",2000,1333,false],"thumbnail":["https:\/\/www.uartes.edu.ec\/sitio\/wp-content\/uploads\/2024\/11\/04-MARITZA-150x150.jpg",150,150,true],"medium":["https:\/\/www.uartes.edu.ec\/sitio\/wp-content\/uploads\/2024\/11\/04-MARITZA-300x200.jpg",300,200,true],"medium_large":["https:\/\/www.uartes.edu.ec\/sitio\/wp-content\/uploads\/2024\/11\/04-MARITZA-768x512.jpg",768,512,true],"large":["https:\/\/www.uartes.edu.ec\/sitio\/wp-content\/uploads\/2024\/11\/04-MARITZA-644x429.jpg",644,429,true],"1536x1536":["https:\/\/www.uartes.edu.ec\/sitio\/wp-content\/uploads\/2024\/11\/04-MARITZA-1536x1024.jpg",1536,1024,true],"2048x2048":["https:\/\/www.uartes.edu.ec\/sitio\/wp-content\/uploads\/2024\/11\/04-MARITZA.jpg",2000,1333,false],"trp-custom-language-flag":["https:\/\/www.uartes.edu.ec\/sitio\/wp-content\/uploads\/2024\/11\/04-MARITZA-18x12.jpg",18,12,true],"htmega_size_585x295":["https:\/\/www.uartes.edu.ec\/sitio\/wp-content\/uploads\/2024\/11\/04-MARITZA-585x295.jpg",585,295,true],"htmega_size_1170x536":["https:\/\/www.uartes.edu.ec\/sitio\/wp-content\/uploads\/2024\/11\/04-MARITZA-1170x536.jpg",1170,536,true],"htmega_size_396x360":["https:\/\/www.uartes.edu.ec\/sitio\/wp-content\/uploads\/2024\/11\/04-MARITZA-396x360.jpg",396,360,true],"gb-block-post-grid-landscape":["https:\/\/www.uartes.edu.ec\/sitio\/wp-content\/uploads\/2024\/11\/04-MARITZA-600x400.jpg",600,400,true],"gb-block-post-grid-square":["https:\/\/www.uartes.edu.ec\/sitio\/wp-content\/uploads\/2024\/11\/04-MARITZA-600x600.jpg",600,600,true],"university-hub-thumb":["https:\/\/www.uartes.edu.ec\/sitio\/wp-content\/uploads\/2024\/11\/04-MARITZA-400x267.jpg",400,267,true]},"uagb_author_info":{"display_name":"ccortez","author_link":"https:\/\/www.uartes.edu.ec\/sitio\/en\/blog\/author\/ccortez\/"},"uagb_comment_info":0,"uagb_excerpt":"\u201cZona de fuga\u201d, el m\u00e1s reciente libro de la escritora y poeta Msc. Maritza Cino Alvear, invita a los lectores a adentrarse en un universo literario en el que los l\u00edmites entre lo humano, lo animal y lo simb\u00f3lico se desdibujan. La presentaci\u00f3n de la obra de la docente em\u00e9rita de la Universidad de las&hellip;","featured_image_src":"https:\/\/www.uartes.edu.ec\/sitio\/wp-content\/uploads\/2024\/11\/04-MARITZA-600x400.jpg","featured_image_src_square":"https:\/\/www.uartes.edu.ec\/sitio\/wp-content\/uploads\/2024\/11\/04-MARITZA-600x600.jpg","author_info":{"display_name":"ccortez","author_link":"https:\/\/www.uartes.edu.ec\/sitio\/en\/blog\/author\/ccortez\/"},"publishpress_future_workflow_manual_trigger":{"enabledWorkflows":[]},"distributor_meta":false,"distributor_terms":false,"distributor_media":false,"distributor_original_site_name":"Universidad de las Artes","distributor_original_site_url":"https:\/\/www.uartes.edu.ec\/sitio\/en","push-errors":false,"_links":{"self":[{"href":"https:\/\/www.uartes.edu.ec\/sitio\/en\/wp-json\/wp\/v2\/posts\/64476","targetHints":{"allow":["GET"]}}],"collection":[{"href":"https:\/\/www.uartes.edu.ec\/sitio\/en\/wp-json\/wp\/v2\/posts"}],"about":[{"href":"https:\/\/www.uartes.edu.ec\/sitio\/en\/wp-json\/wp\/v2\/types\/post"}],"author":[{"embeddable":true,"href":"https:\/\/www.uartes.edu.ec\/sitio\/en\/wp-json\/wp\/v2\/users\/10"}],"replies":[{"embeddable":true,"href":"https:\/\/www.uartes.edu.ec\/sitio\/en\/wp-json\/wp\/v2\/comments?post=64476"}],"version-history":[{"count":5,"href":"https:\/\/www.uartes.edu.ec\/sitio\/en\/wp-json\/wp\/v2\/posts\/64476\/revisions"}],"predecessor-version":[{"id":65329,"href":"https:\/\/www.uartes.edu.ec\/sitio\/en\/wp-json\/wp\/v2\/posts\/64476\/revisions\/65329"}],"wp:featuredmedia":[{"embeddable":true,"href":"https:\/\/www.uartes.edu.ec\/sitio\/en\/wp-json\/wp\/v2\/media\/64478"}],"wp:attachment":[{"href":"https:\/\/www.uartes.edu.ec\/sitio\/en\/wp-json\/wp\/v2\/media?parent=64476"}],"wp:term":[{"taxonomy":"category","embeddable":true,"href":"https:\/\/www.uartes.edu.ec\/sitio\/en\/wp-json\/wp\/v2\/categories?post=64476"},{"taxonomy":"post_tag","embeddable":true,"href":"https:\/\/www.uartes.edu.ec\/sitio\/en\/wp-json\/wp\/v2\/tags?post=64476"},{"taxonomy":"infouartes","embeddable":true,"href":"https:\/\/www.uartes.edu.ec\/sitio\/en\/wp-json\/wp\/v2\/infouartes?post=64476"}],"curies":[{"name":"wp","href":"https:\/\/api.w.org\/{rel}","templated":true}]}}