{"id":64493,"date":"2024-11-13T18:24:45","date_gmt":"2024-11-13T23:24:45","guid":{"rendered":"https:\/\/www.uartes.edu.ec\/sitio\/?p=64493"},"modified":"2024-11-13T18:26:07","modified_gmt":"2024-11-13T23:26:07","slug":"la-uartes-ya-tiene-su-manual-de-estilo-el-ceat-trabajo-en-su-elaboracion","status":"publish","type":"post","link":"https:\/\/www.uartes.edu.ec\/sitio\/en\/blog\/2024\/11\/13\/la-uartes-ya-tiene-su-manual-de-estilo-el-ceat-trabajo-en-su-elaboracion\/","title":{"rendered":"UArtes ya tiene su Manual de estilo; el CEAT trabaj\u00f3 en su elaboraci\u00f3n"},"content":{"rendered":"<p>En la Universidad de las Artes se ha trabajado incansablemente en la b\u00fasqueda de la excelencia acad\u00e9mica, priorizando los criterios de interculturalidad y transversalidad que la creaci\u00f3n art\u00edstica requiere en los tiempos actuales. Desde hace diez a\u00f1os, la Universidad de las Artes abri\u00f3 sus puertas para recibir a los estudiantes que deseaban cursar sus estudios universitarios en las artes. J\u00f3venes de todo el pa\u00eds llegaron al centro de Guayaquil para experimentar una oferta acad\u00e9mica diferente a la de otras universidades. Esta oferta acad\u00e9mica necesitaba, como es natural, una gu\u00eda que sirviera como marco de referencia para toda la comunidad universitaria en t\u00e9rminos de escritura y comunicaci\u00f3n interna.<\/p>\n\n\n\n<p>Esta necesidad llev\u00f3 a la universidad a elegir el Manual de estilo Chicago-Deusto como la gu\u00eda a seguir durante estos diez a\u00f1os. Sin embargo, hoy debemos despedirnos de \u00e9l. Esto se debe a que, en busca de la excelencia que la UArtes exige, se comenz\u00f3 a trabajar en la creaci\u00f3n de un Manual propio, con ejemplos aplicables a las diversas carreras que ofrece la instituci\u00f3n.<\/p>\n\n\n\n<p>Hace poco m\u00e1s de un a\u00f1o, el Centro de Escritura Acad\u00e9mica y Traducci\u00f3n (CEAT), bajo la direcci\u00f3n de Marelis Loreto Amoretti, asumi\u00f3 la tarea de elaborar el Manual de estilo de la Universidad de las Artes. Este proceso ha sido largo (los diecisiete borradores de la primera edici\u00f3n y los dos de la segunda lo atestiguan) y desafiante.<\/p>\n\n\n\n<p>La creaci\u00f3n de un Manual que sea accesible para la comunidad universitaria y que, a su vez, brinde las herramientas necesarias para que los estudiantes puedan utilizarlo como gu\u00eda acad\u00e9mica desde su ingreso hasta su titulaci\u00f3n, no hubiera sido posible sin la investigaci\u00f3n, el an\u00e1lisis, la verificaci\u00f3n y el trabajo en equipo de varias personas dedicadas al proyecto.<\/p>\n\n\n\n<p>Las directrices generales que nos planteamos al concebir el Manual fueron, entre otras, las siguientes: el Manual deb\u00eda ser m\u00e1s sencillo y accesible, evitando complicaciones innecesarias, y ser m\u00e1s amigable para los estudiantes; se incluir\u00edan ejemplos pr\u00e1cticos para facilitar la comprensi\u00f3n de aspectos idiom\u00e1ticos y cuestiones de estilo; el Manual deb\u00eda actualizarse en relaci\u00f3n con temas actuales como el lenguaje inclusivo, el uso de emojis y la citaci\u00f3n de inteligencia artificial; y, finalmente, este nuevo Manual deb\u00eda funcionar como una gu\u00eda integral para toda la comunidad universitaria, abarcando tambi\u00e9n al personal administrativo y de servicio.<\/p>\n\n\n\n<p>Valeria Karolina Bury, estudiante de la carrera de Cine, fue mi predecesora en la elaboraci\u00f3n del Manual. Ella realiz\u00f3 un primer avance importante, dejando un documento con gran parte de la estructura que luego continuar\u00eda desarroll\u00e1ndose. Su trabajo fue fundamental.<\/p>\n\n\n\n<p>Cuando recib\u00ed el Manual, comenc\u00e9 a organizar las unidades que lo compondr\u00edan. Junto a Marelis, decidimos incluir una secci\u00f3n especial para los estudiantes en proceso de titulaci\u00f3n, as\u00ed como una unidad dedicada exclusivamente a la investigaci\u00f3n metodol\u00f3gica en artes. A partir de all\u00ed, comenz\u00f3 un trabajo minucioso de revisi\u00f3n, ampliaci\u00f3n, investigaci\u00f3n, correcci\u00f3n y an\u00e1lisis de cada una de las partes del Manual.<\/p>\n\n\n\n<p>No mentir\u00eda si dijera que hubo momentos en los que el trabajo se hizo complejo, pero gracias a la dedicaci\u00f3n y organizaci\u00f3n, pudimos llevarlo a cabo. Fue, sin duda, un trabajo de equipo; o, m\u00e1s bien, un trabajo de hormigas.<\/p>\n\n\n\n<p>Una vez finalizada la elaboraci\u00f3n del Manual y tras varias revisiones conjuntas con Marelis, sometimos el documento a la consideraci\u00f3n de los directores de las escuelas, los coordinadores de maestr\u00edas y de titulaci\u00f3n de todas las carreras de la UArtes. A partir de sus observaciones, se complet\u00f3 la primera edici\u00f3n del Manual de estilo de la Universidad de las Artes.<\/p>\n\n\n\n<p>Este Manual, como se indica en su introducci\u00f3n, no es una imposici\u00f3n, sino una serie de herramientas dise\u00f1adas para facilitar una comunicaci\u00f3n clara, efectiva e inclusiva dentro de la Universidad. Por ello, se ha elaborado con un enfoque amplio, comprensivo y diverso.<\/p>\n\n\n\n<p>Estamos muy contentos de que el Manual ya est\u00e9 en sus manos y esperamos que sea de gran utilidad para toda la comunidad universitaria.<\/p>\n\n\n\n<p>Texto: Manuel Elicio Flor, estudiante de la Escuela de Literatura.<\/p>\n\n\n\n<p>El Manual de estilo lo puedes encontrar en la p\u00e1gina del CEAT:&nbsp;<a href=\"https:\/\/biblioteca.uartes.edu.ec\/ceat\/\" target=\"_blank\" rel=\"noreferrer noopener\">https:\/\/biblioteca.uartes.edu.ec\/ceat\/<\/a><\/p>\n\n\n\n<p><\/p>","protected":false},"excerpt":{"rendered":"<p>Hace poco m\u00e1s de un a\u00f1o, el Centro de Escritura Acad\u00e9mica y Traducci\u00f3n (CEAT), bajo la direcci\u00f3n de Marelis Loreto Amoretti, asumi\u00f3 la tarea de elaborar el Manual de estilo de la Universidad de las Artes. Tras un largo y desafiante proceso, y de haber sido sometido a la revisi\u00f3n de directores de escuelas, coordinadores de maestr\u00edas y coordinadores de titulaci\u00f3n de todas las carreras de la UArtes, el Manual de estilo est\u00e1 listo. Manuel Elicio Flor ofrece detalles.<\/p>","protected":false},"author":10,"featured_media":64494,"comment_status":"open","ping_status":"open","sticky":false,"template":"","format":"standard","meta":{"_acf_changed":false,"_uag_custom_page_level_css":"","_monsterinsights_skip_tracking":false,"_monsterinsights_sitenote_active":false,"_monsterinsights_sitenote_note":"","_monsterinsights_sitenote_category":0,"cybocfi_hide_featured_image":"","footnotes":""},"categories":[80,159,150,157,147,75,76,77,175],"tags":[518],"infouartes":[],"class_list":["post-64493","post","type-post","status-publish","format-standard","has-post-thumbnail","hentry","category-academico","category-artes-escenicas","category-artes-sonoras","category-artes-visuales","category-cine","category-docentes","category-estudiantes","category-gestion","category-literatura","tag-produccion"],"acf":[],"yoast_head":"<!-- This site is optimized with the Yoast SEO plugin v27.4 - https:\/\/yoast.com\/product\/yoast-seo-wordpress\/ -->\n<title>Universidad de las Artes - UArtes ya tiene su Manual de estilo; el CEAT trabaj\u00f3 en su elaboraci\u00f3n<\/title>\n<meta name=\"description\" content=\"Universidad de las Artes - UArtes ya tiene su Manual de estilo; el CEAT trabaj\u00f3 en su elaboraci\u00f3n\" \/>\n<meta name=\"robots\" content=\"index, follow, max-snippet:-1, max-image-preview:large, max-video-preview:-1\" \/>\n<link rel=\"canonical\" href=\"https:\/\/www.uartes.edu.ec\/sitio\/en\/blog\/2024\/11\/13\/la-uartes-ya-tiene-su-manual-de-estilo-el-ceat-trabajo-en-su-elaboracion\/\" \/>\n<meta property=\"og:locale\" content=\"en_US\" \/>\n<meta property=\"og:type\" content=\"article\" \/>\n<meta property=\"og:title\" content=\"Universidad de las Artes - UArtes ya tiene su Manual de estilo; el CEAT trabaj\u00f3 en su elaboraci\u00f3n\" \/>\n<meta property=\"og:description\" content=\"Universidad de las Artes - UArtes ya tiene su Manual de estilo; el CEAT trabaj\u00f3 en su elaboraci\u00f3n\" \/>\n<meta property=\"og:url\" content=\"https:\/\/www.uartes.edu.ec\/sitio\/en\/blog\/2024\/11\/13\/la-uartes-ya-tiene-su-manual-de-estilo-el-ceat-trabajo-en-su-elaboracion\/\" \/>\n<meta property=\"og:site_name\" content=\"Universidad de las Artes\" \/>\n<meta property=\"article:publisher\" content=\"https:\/\/www.facebook.com\/uartesec\" \/>\n<meta property=\"article:published_time\" content=\"2024-11-13T23:24:45+00:00\" \/>\n<meta property=\"article:modified_time\" content=\"2024-11-13T23:26:07+00:00\" \/>\n<meta property=\"og:image\" content=\"https:\/\/www.uartes.edu.ec\/sitio\/wp-content\/uploads\/2024\/11\/FOTO-CEAT-2024-1.jpg\" \/>\n\t<meta property=\"og:image:width\" content=\"2000\" \/>\n\t<meta property=\"og:image:height\" content=\"1333\" \/>\n\t<meta property=\"og:image:type\" content=\"image\/jpeg\" \/>\n<meta name=\"author\" content=\"ccortez\" \/>\n<meta name=\"twitter:card\" content=\"summary_large_image\" \/>\n<meta name=\"twitter:creator\" content=\"@uartesec\" \/>\n<meta name=\"twitter:site\" content=\"@uartesec\" \/>\n<meta name=\"twitter:label1\" content=\"Written by\" \/>\n\t<meta name=\"twitter:data1\" content=\"ccortez\" \/>\n\t<meta name=\"twitter:label2\" content=\"Est. reading time\" \/>\n\t<meta name=\"twitter:data2\" content=\"4 minutes\" \/>\n<script type=\"application\/ld+json\" class=\"yoast-schema-graph\">{\"@context\":\"https:\\\/\\\/schema.org\",\"@graph\":[{\"@type\":\"Article\",\"@id\":\"https:\\\/\\\/www.uartes.edu.ec\\\/sitio\\\/en\\\/blog\\\/2024\\\/11\\\/13\\\/la-uartes-ya-tiene-su-manual-de-estilo-el-ceat-trabajo-en-su-elaboracion\\\/#article\",\"isPartOf\":{\"@id\":\"https:\\\/\\\/www.uartes.edu.ec\\\/sitio\\\/en\\\/blog\\\/2024\\\/11\\\/13\\\/la-uartes-ya-tiene-su-manual-de-estilo-el-ceat-trabajo-en-su-elaboracion\\\/\"},\"author\":{\"name\":\"ccortez\",\"@id\":\"https:\\\/\\\/www.uartes.edu.ec\\\/sitio\\\/en\\\/#\\\/schema\\\/person\\\/efa1b8275797664fd7f13a79ccc0b1f4\"},\"headline\":\"UArtes ya tiene su Manual de estilo; el CEAT trabaj\u00f3 en su elaboraci\u00f3n\",\"datePublished\":\"2024-11-13T23:24:45+00:00\",\"dateModified\":\"2024-11-13T23:26:07+00:00\",\"mainEntityOfPage\":{\"@id\":\"https:\\\/\\\/www.uartes.edu.ec\\\/sitio\\\/en\\\/blog\\\/2024\\\/11\\\/13\\\/la-uartes-ya-tiene-su-manual-de-estilo-el-ceat-trabajo-en-su-elaboracion\\\/\"},\"wordCount\":763,\"commentCount\":0,\"publisher\":{\"@id\":\"https:\\\/\\\/www.uartes.edu.ec\\\/sitio\\\/en\\\/#organization\"},\"image\":{\"@id\":\"https:\\\/\\\/www.uartes.edu.ec\\\/sitio\\\/en\\\/blog\\\/2024\\\/11\\\/13\\\/la-uartes-ya-tiene-su-manual-de-estilo-el-ceat-trabajo-en-su-elaboracion\\\/#primaryimage\"},\"thumbnailUrl\":\"https:\\\/\\\/www.uartes.edu.ec\\\/sitio\\\/wp-content\\\/uploads\\\/2024\\\/11\\\/FOTO-CEAT-2024-1.jpg\",\"keywords\":[\"producci\u00f3n\"],\"articleSection\":[\"Acad\u00e9mico\",\"Artes Esc\u00e9nicas\",\"Artes Sonoras\",\"Artes Visuales\",\"Cine\",\"Docentes\",\"Estudiantes\",\"Gesti\u00f3n\",\"Literatura\"],\"inLanguage\":\"en-US\",\"potentialAction\":[{\"@type\":\"CommentAction\",\"name\":\"Comment\",\"target\":[\"https:\\\/\\\/www.uartes.edu.ec\\\/sitio\\\/en\\\/blog\\\/2024\\\/11\\\/13\\\/la-uartes-ya-tiene-su-manual-de-estilo-el-ceat-trabajo-en-su-elaboracion\\\/#respond\"]}]},{\"@type\":[\"WebPage\",\"ItemPage\"],\"@id\":\"https:\\\/\\\/www.uartes.edu.ec\\\/sitio\\\/en\\\/blog\\\/2024\\\/11\\\/13\\\/la-uartes-ya-tiene-su-manual-de-estilo-el-ceat-trabajo-en-su-elaboracion\\\/\",\"url\":\"https:\\\/\\\/www.uartes.edu.ec\\\/sitio\\\/en\\\/blog\\\/2024\\\/11\\\/13\\\/la-uartes-ya-tiene-su-manual-de-estilo-el-ceat-trabajo-en-su-elaboracion\\\/\",\"name\":\"Universidad de las Artes - UArtes ya tiene su Manual de estilo; el CEAT trabaj\u00f3 en su elaboraci\u00f3n\",\"isPartOf\":{\"@id\":\"https:\\\/\\\/www.uartes.edu.ec\\\/sitio\\\/en\\\/#website\"},\"primaryImageOfPage\":{\"@id\":\"https:\\\/\\\/www.uartes.edu.ec\\\/sitio\\\/en\\\/blog\\\/2024\\\/11\\\/13\\\/la-uartes-ya-tiene-su-manual-de-estilo-el-ceat-trabajo-en-su-elaboracion\\\/#primaryimage\"},\"image\":{\"@id\":\"https:\\\/\\\/www.uartes.edu.ec\\\/sitio\\\/en\\\/blog\\\/2024\\\/11\\\/13\\\/la-uartes-ya-tiene-su-manual-de-estilo-el-ceat-trabajo-en-su-elaboracion\\\/#primaryimage\"},\"thumbnailUrl\":\"https:\\\/\\\/www.uartes.edu.ec\\\/sitio\\\/wp-content\\\/uploads\\\/2024\\\/11\\\/FOTO-CEAT-2024-1.jpg\",\"datePublished\":\"2024-11-13T23:24:45+00:00\",\"dateModified\":\"2024-11-13T23:26:07+00:00\",\"description\":\"Universidad de las Artes - UArtes ya tiene su Manual de estilo; el CEAT trabaj\u00f3 en su elaboraci\u00f3n\",\"breadcrumb\":{\"@id\":\"https:\\\/\\\/www.uartes.edu.ec\\\/sitio\\\/en\\\/blog\\\/2024\\\/11\\\/13\\\/la-uartes-ya-tiene-su-manual-de-estilo-el-ceat-trabajo-en-su-elaboracion\\\/#breadcrumb\"},\"inLanguage\":\"en-US\",\"potentialAction\":[{\"@type\":\"ReadAction\",\"target\":[\"https:\\\/\\\/www.uartes.edu.ec\\\/sitio\\\/en\\\/blog\\\/2024\\\/11\\\/13\\\/la-uartes-ya-tiene-su-manual-de-estilo-el-ceat-trabajo-en-su-elaboracion\\\/\"]}]},{\"@type\":\"ImageObject\",\"inLanguage\":\"en-US\",\"@id\":\"https:\\\/\\\/www.uartes.edu.ec\\\/sitio\\\/en\\\/blog\\\/2024\\\/11\\\/13\\\/la-uartes-ya-tiene-su-manual-de-estilo-el-ceat-trabajo-en-su-elaboracion\\\/#primaryimage\",\"url\":\"https:\\\/\\\/www.uartes.edu.ec\\\/sitio\\\/wp-content\\\/uploads\\\/2024\\\/11\\\/FOTO-CEAT-2024-1.jpg\",\"contentUrl\":\"https:\\\/\\\/www.uartes.edu.ec\\\/sitio\\\/wp-content\\\/uploads\\\/2024\\\/11\\\/FOTO-CEAT-2024-1.jpg\",\"width\":2000,\"height\":1333},{\"@type\":\"BreadcrumbList\",\"@id\":\"https:\\\/\\\/www.uartes.edu.ec\\\/sitio\\\/en\\\/blog\\\/2024\\\/11\\\/13\\\/la-uartes-ya-tiene-su-manual-de-estilo-el-ceat-trabajo-en-su-elaboracion\\\/#breadcrumb\",\"itemListElement\":[{\"@type\":\"ListItem\",\"position\":1,\"name\":\"Inicio\",\"item\":\"https:\\\/\\\/www.uartes.edu.ec\\\/sitio\\\/\"},{\"@type\":\"ListItem\",\"position\":2,\"name\":\"UArtes ya tiene su Manual de estilo; el CEAT trabaj\u00f3 en su elaboraci\u00f3n\"}]},{\"@type\":\"WebSite\",\"@id\":\"https:\\\/\\\/www.uartes.edu.ec\\\/sitio\\\/en\\\/#website\",\"url\":\"https:\\\/\\\/www.uartes.edu.ec\\\/sitio\\\/en\\\/\",\"name\":\"Universidad de las Artes\",\"description\":\"Sitio oficial de la Universidad Nacional de las Artes del Ecuador\",\"publisher\":{\"@id\":\"https:\\\/\\\/www.uartes.edu.ec\\\/sitio\\\/en\\\/#organization\"},\"potentialAction\":[{\"@type\":\"SearchAction\",\"target\":{\"@type\":\"EntryPoint\",\"urlTemplate\":\"https:\\\/\\\/www.uartes.edu.ec\\\/sitio\\\/en\\\/?s={search_term_string}\"},\"query-input\":{\"@type\":\"PropertyValueSpecification\",\"valueRequired\":true,\"valueName\":\"search_term_string\"}}],\"inLanguage\":\"en-US\"},{\"@type\":\"Organization\",\"@id\":\"https:\\\/\\\/www.uartes.edu.ec\\\/sitio\\\/en\\\/#organization\",\"name\":\"Universidad de las Artes\",\"url\":\"https:\\\/\\\/www.uartes.edu.ec\\\/sitio\\\/en\\\/\",\"logo\":{\"@type\":\"ImageObject\",\"inLanguage\":\"en-US\",\"@id\":\"https:\\\/\\\/www.uartes.edu.ec\\\/sitio\\\/en\\\/#\\\/schema\\\/logo\\\/image\\\/\",\"url\":\"https:\\\/\\\/www.uartes.edu.ec\\\/sitio\\\/wp-content\\\/uploads\\\/2022\\\/07\\\/logo-ua-horizontal.png\",\"contentUrl\":\"https:\\\/\\\/www.uartes.edu.ec\\\/sitio\\\/wp-content\\\/uploads\\\/2022\\\/07\\\/logo-ua-horizontal.png\",\"width\":800,\"height\":276,\"caption\":\"Universidad de las Artes\"},\"image\":{\"@id\":\"https:\\\/\\\/www.uartes.edu.ec\\\/sitio\\\/en\\\/#\\\/schema\\\/logo\\\/image\\\/\"},\"sameAs\":[\"https:\\\/\\\/www.facebook.com\\\/uartesec\",\"https:\\\/\\\/x.com\\\/uartesec\",\"https:\\\/\\\/www.tiktok.com\\\/@uartesec\"]},{\"@type\":\"Person\",\"@id\":\"https:\\\/\\\/www.uartes.edu.ec\\\/sitio\\\/en\\\/#\\\/schema\\\/person\\\/efa1b8275797664fd7f13a79ccc0b1f4\",\"name\":\"ccortez\",\"image\":{\"@type\":\"ImageObject\",\"inLanguage\":\"en-US\",\"@id\":\"https:\\\/\\\/secure.gravatar.com\\\/avatar\\\/b2a6f664a3ae8e074346ef91775736c5ec479e637ecced6842de9dc98b5da9cd?s=96&d=mm&r=g\",\"url\":\"https:\\\/\\\/secure.gravatar.com\\\/avatar\\\/b2a6f664a3ae8e074346ef91775736c5ec479e637ecced6842de9dc98b5da9cd?s=96&d=mm&r=g\",\"contentUrl\":\"https:\\\/\\\/secure.gravatar.com\\\/avatar\\\/b2a6f664a3ae8e074346ef91775736c5ec479e637ecced6842de9dc98b5da9cd?s=96&d=mm&r=g\",\"caption\":\"ccortez\"},\"url\":\"https:\\\/\\\/www.uartes.edu.ec\\\/sitio\\\/en\\\/blog\\\/author\\\/ccortez\\\/\"}]}<\/script>\n<!-- \/ Yoast SEO plugin. -->","yoast_head_json":{"title":"Universidad de las Artes - UArtes ya tiene su Manual de estilo; el CEAT trabaj\u00f3 en su elaboraci\u00f3n","description":"Universidad de las Artes - UArtes ya tiene su Manual de estilo; el CEAT trabaj\u00f3 en su elaboraci\u00f3n","robots":{"index":"index","follow":"follow","max-snippet":"max-snippet:-1","max-image-preview":"max-image-preview:large","max-video-preview":"max-video-preview:-1"},"canonical":"https:\/\/www.uartes.edu.ec\/sitio\/en\/blog\/2024\/11\/13\/la-uartes-ya-tiene-su-manual-de-estilo-el-ceat-trabajo-en-su-elaboracion\/","og_locale":"en_US","og_type":"article","og_title":"Universidad de las Artes - UArtes ya tiene su Manual de estilo; el CEAT trabaj\u00f3 en su elaboraci\u00f3n","og_description":"Universidad de las Artes - UArtes ya tiene su Manual de estilo; el CEAT trabaj\u00f3 en su elaboraci\u00f3n","og_url":"https:\/\/www.uartes.edu.ec\/sitio\/en\/blog\/2024\/11\/13\/la-uartes-ya-tiene-su-manual-de-estilo-el-ceat-trabajo-en-su-elaboracion\/","og_site_name":"Universidad de las Artes","article_publisher":"https:\/\/www.facebook.com\/uartesec","article_published_time":"2024-11-13T23:24:45+00:00","article_modified_time":"2024-11-13T23:26:07+00:00","og_image":[{"width":2000,"height":1333,"url":"https:\/\/www.uartes.edu.ec\/sitio\/wp-content\/uploads\/2024\/11\/FOTO-CEAT-2024-1.jpg","type":"image\/jpeg"}],"author":"ccortez","twitter_card":"summary_large_image","twitter_creator":"@uartesec","twitter_site":"@uartesec","twitter_misc":{"Written by":"ccortez","Est. reading time":"4 minutes"},"schema":{"@context":"https:\/\/schema.org","@graph":[{"@type":"Article","@id":"https:\/\/www.uartes.edu.ec\/sitio\/en\/blog\/2024\/11\/13\/la-uartes-ya-tiene-su-manual-de-estilo-el-ceat-trabajo-en-su-elaboracion\/#article","isPartOf":{"@id":"https:\/\/www.uartes.edu.ec\/sitio\/en\/blog\/2024\/11\/13\/la-uartes-ya-tiene-su-manual-de-estilo-el-ceat-trabajo-en-su-elaboracion\/"},"author":{"name":"ccortez","@id":"https:\/\/www.uartes.edu.ec\/sitio\/en\/#\/schema\/person\/efa1b8275797664fd7f13a79ccc0b1f4"},"headline":"UArtes ya tiene su Manual de estilo; el CEAT trabaj\u00f3 en su elaboraci\u00f3n","datePublished":"2024-11-13T23:24:45+00:00","dateModified":"2024-11-13T23:26:07+00:00","mainEntityOfPage":{"@id":"https:\/\/www.uartes.edu.ec\/sitio\/en\/blog\/2024\/11\/13\/la-uartes-ya-tiene-su-manual-de-estilo-el-ceat-trabajo-en-su-elaboracion\/"},"wordCount":763,"commentCount":0,"publisher":{"@id":"https:\/\/www.uartes.edu.ec\/sitio\/en\/#organization"},"image":{"@id":"https:\/\/www.uartes.edu.ec\/sitio\/en\/blog\/2024\/11\/13\/la-uartes-ya-tiene-su-manual-de-estilo-el-ceat-trabajo-en-su-elaboracion\/#primaryimage"},"thumbnailUrl":"https:\/\/www.uartes.edu.ec\/sitio\/wp-content\/uploads\/2024\/11\/FOTO-CEAT-2024-1.jpg","keywords":["producci\u00f3n"],"articleSection":["Acad\u00e9mico","Artes Esc\u00e9nicas","Artes Sonoras","Artes Visuales","Cine","Docentes","Estudiantes","Gesti\u00f3n","Literatura"],"inLanguage":"en-US","potentialAction":[{"@type":"CommentAction","name":"Comment","target":["https:\/\/www.uartes.edu.ec\/sitio\/en\/blog\/2024\/11\/13\/la-uartes-ya-tiene-su-manual-de-estilo-el-ceat-trabajo-en-su-elaboracion\/#respond"]}]},{"@type":["WebPage","ItemPage"],"@id":"https:\/\/www.uartes.edu.ec\/sitio\/en\/blog\/2024\/11\/13\/la-uartes-ya-tiene-su-manual-de-estilo-el-ceat-trabajo-en-su-elaboracion\/","url":"https:\/\/www.uartes.edu.ec\/sitio\/en\/blog\/2024\/11\/13\/la-uartes-ya-tiene-su-manual-de-estilo-el-ceat-trabajo-en-su-elaboracion\/","name":"Universidad de las Artes - UArtes ya tiene su Manual de estilo; el CEAT trabaj\u00f3 en su elaboraci\u00f3n","isPartOf":{"@id":"https:\/\/www.uartes.edu.ec\/sitio\/en\/#website"},"primaryImageOfPage":{"@id":"https:\/\/www.uartes.edu.ec\/sitio\/en\/blog\/2024\/11\/13\/la-uartes-ya-tiene-su-manual-de-estilo-el-ceat-trabajo-en-su-elaboracion\/#primaryimage"},"image":{"@id":"https:\/\/www.uartes.edu.ec\/sitio\/en\/blog\/2024\/11\/13\/la-uartes-ya-tiene-su-manual-de-estilo-el-ceat-trabajo-en-su-elaboracion\/#primaryimage"},"thumbnailUrl":"https:\/\/www.uartes.edu.ec\/sitio\/wp-content\/uploads\/2024\/11\/FOTO-CEAT-2024-1.jpg","datePublished":"2024-11-13T23:24:45+00:00","dateModified":"2024-11-13T23:26:07+00:00","description":"Universidad de las Artes - UArtes ya tiene su Manual de estilo; el CEAT trabaj\u00f3 en su elaboraci\u00f3n","breadcrumb":{"@id":"https:\/\/www.uartes.edu.ec\/sitio\/en\/blog\/2024\/11\/13\/la-uartes-ya-tiene-su-manual-de-estilo-el-ceat-trabajo-en-su-elaboracion\/#breadcrumb"},"inLanguage":"en-US","potentialAction":[{"@type":"ReadAction","target":["https:\/\/www.uartes.edu.ec\/sitio\/en\/blog\/2024\/11\/13\/la-uartes-ya-tiene-su-manual-de-estilo-el-ceat-trabajo-en-su-elaboracion\/"]}]},{"@type":"ImageObject","inLanguage":"en-US","@id":"https:\/\/www.uartes.edu.ec\/sitio\/en\/blog\/2024\/11\/13\/la-uartes-ya-tiene-su-manual-de-estilo-el-ceat-trabajo-en-su-elaboracion\/#primaryimage","url":"https:\/\/www.uartes.edu.ec\/sitio\/wp-content\/uploads\/2024\/11\/FOTO-CEAT-2024-1.jpg","contentUrl":"https:\/\/www.uartes.edu.ec\/sitio\/wp-content\/uploads\/2024\/11\/FOTO-CEAT-2024-1.jpg","width":2000,"height":1333},{"@type":"BreadcrumbList","@id":"https:\/\/www.uartes.edu.ec\/sitio\/en\/blog\/2024\/11\/13\/la-uartes-ya-tiene-su-manual-de-estilo-el-ceat-trabajo-en-su-elaboracion\/#breadcrumb","itemListElement":[{"@type":"ListItem","position":1,"name":"Inicio","item":"https:\/\/www.uartes.edu.ec\/sitio\/"},{"@type":"ListItem","position":2,"name":"UArtes ya tiene su Manual de estilo; el CEAT trabaj\u00f3 en su elaboraci\u00f3n"}]},{"@type":"WebSite","@id":"https:\/\/www.uartes.edu.ec\/sitio\/en\/#website","url":"https:\/\/www.uartes.edu.ec\/sitio\/en\/","name":"Universidad de las Artes","description":"Sitio oficial de la Universidad Nacional de las Artes del Ecuador","publisher":{"@id":"https:\/\/www.uartes.edu.ec\/sitio\/en\/#organization"},"potentialAction":[{"@type":"SearchAction","target":{"@type":"EntryPoint","urlTemplate":"https:\/\/www.uartes.edu.ec\/sitio\/en\/?s={search_term_string}"},"query-input":{"@type":"PropertyValueSpecification","valueRequired":true,"valueName":"search_term_string"}}],"inLanguage":"en-US"},{"@type":"Organization","@id":"https:\/\/www.uartes.edu.ec\/sitio\/en\/#organization","name":"Universidad de las Artes","url":"https:\/\/www.uartes.edu.ec\/sitio\/en\/","logo":{"@type":"ImageObject","inLanguage":"en-US","@id":"https:\/\/www.uartes.edu.ec\/sitio\/en\/#\/schema\/logo\/image\/","url":"https:\/\/www.uartes.edu.ec\/sitio\/wp-content\/uploads\/2022\/07\/logo-ua-horizontal.png","contentUrl":"https:\/\/www.uartes.edu.ec\/sitio\/wp-content\/uploads\/2022\/07\/logo-ua-horizontal.png","width":800,"height":276,"caption":"Universidad de las Artes"},"image":{"@id":"https:\/\/www.uartes.edu.ec\/sitio\/en\/#\/schema\/logo\/image\/"},"sameAs":["https:\/\/www.facebook.com\/uartesec","https:\/\/x.com\/uartesec","https:\/\/www.tiktok.com\/@uartesec"]},{"@type":"Person","@id":"https:\/\/www.uartes.edu.ec\/sitio\/en\/#\/schema\/person\/efa1b8275797664fd7f13a79ccc0b1f4","name":"ccortez","image":{"@type":"ImageObject","inLanguage":"en-US","@id":"https:\/\/secure.gravatar.com\/avatar\/b2a6f664a3ae8e074346ef91775736c5ec479e637ecced6842de9dc98b5da9cd?s=96&d=mm&r=g","url":"https:\/\/secure.gravatar.com\/avatar\/b2a6f664a3ae8e074346ef91775736c5ec479e637ecced6842de9dc98b5da9cd?s=96&d=mm&r=g","contentUrl":"https:\/\/secure.gravatar.com\/avatar\/b2a6f664a3ae8e074346ef91775736c5ec479e637ecced6842de9dc98b5da9cd?s=96&d=mm&r=g","caption":"ccortez"},"url":"https:\/\/www.uartes.edu.ec\/sitio\/en\/blog\/author\/ccortez\/"}]}},"uagb_featured_image_src":{"full":["https:\/\/www.uartes.edu.ec\/sitio\/wp-content\/uploads\/2024\/11\/FOTO-CEAT-2024-1.jpg",2000,1333,false],"thumbnail":["https:\/\/www.uartes.edu.ec\/sitio\/wp-content\/uploads\/2024\/11\/FOTO-CEAT-2024-1-150x150.jpg",150,150,true],"medium":["https:\/\/www.uartes.edu.ec\/sitio\/wp-content\/uploads\/2024\/11\/FOTO-CEAT-2024-1-300x200.jpg",300,200,true],"medium_large":["https:\/\/www.uartes.edu.ec\/sitio\/wp-content\/uploads\/2024\/11\/FOTO-CEAT-2024-1-768x512.jpg",768,512,true],"large":["https:\/\/www.uartes.edu.ec\/sitio\/wp-content\/uploads\/2024\/11\/FOTO-CEAT-2024-1-644x429.jpg",644,429,true],"1536x1536":["https:\/\/www.uartes.edu.ec\/sitio\/wp-content\/uploads\/2024\/11\/FOTO-CEAT-2024-1-1536x1024.jpg",1536,1024,true],"2048x2048":["https:\/\/www.uartes.edu.ec\/sitio\/wp-content\/uploads\/2024\/11\/FOTO-CEAT-2024-1.jpg",2000,1333,false],"trp-custom-language-flag":["https:\/\/www.uartes.edu.ec\/sitio\/wp-content\/uploads\/2024\/11\/FOTO-CEAT-2024-1-18x12.jpg",18,12,true],"htmega_size_585x295":["https:\/\/www.uartes.edu.ec\/sitio\/wp-content\/uploads\/2024\/11\/FOTO-CEAT-2024-1-585x295.jpg",585,295,true],"htmega_size_1170x536":["https:\/\/www.uartes.edu.ec\/sitio\/wp-content\/uploads\/2024\/11\/FOTO-CEAT-2024-1-1170x536.jpg",1170,536,true],"htmega_size_396x360":["https:\/\/www.uartes.edu.ec\/sitio\/wp-content\/uploads\/2024\/11\/FOTO-CEAT-2024-1-396x360.jpg",396,360,true],"gb-block-post-grid-landscape":["https:\/\/www.uartes.edu.ec\/sitio\/wp-content\/uploads\/2024\/11\/FOTO-CEAT-2024-1-600x400.jpg",600,400,true],"gb-block-post-grid-square":["https:\/\/www.uartes.edu.ec\/sitio\/wp-content\/uploads\/2024\/11\/FOTO-CEAT-2024-1-600x600.jpg",600,600,true],"university-hub-thumb":["https:\/\/www.uartes.edu.ec\/sitio\/wp-content\/uploads\/2024\/11\/FOTO-CEAT-2024-1-400x267.jpg",400,267,true]},"uagb_author_info":{"display_name":"ccortez","author_link":"https:\/\/www.uartes.edu.ec\/sitio\/en\/blog\/author\/ccortez\/"},"uagb_comment_info":0,"uagb_excerpt":"Hace poco m\u00e1s de un a\u00f1o, el Centro de Escritura Acad\u00e9mica y Traducci\u00f3n (CEAT), bajo la direcci\u00f3n de Marelis Loreto Amoretti, asumi\u00f3 la tarea de elaborar el Manual de estilo de la Universidad de las Artes. Tras un largo y desafiante proceso, y de haber sido sometido a la revisi\u00f3n de directores de escuelas, coordinadores&hellip;","featured_image_src":"https:\/\/www.uartes.edu.ec\/sitio\/wp-content\/uploads\/2024\/11\/FOTO-CEAT-2024-1-600x400.jpg","featured_image_src_square":"https:\/\/www.uartes.edu.ec\/sitio\/wp-content\/uploads\/2024\/11\/FOTO-CEAT-2024-1-600x600.jpg","author_info":{"display_name":"ccortez","author_link":"https:\/\/www.uartes.edu.ec\/sitio\/en\/blog\/author\/ccortez\/"},"publishpress_future_workflow_manual_trigger":{"enabledWorkflows":[]},"distributor_meta":false,"distributor_terms":false,"distributor_media":false,"distributor_original_site_name":"Universidad de las Artes","distributor_original_site_url":"https:\/\/www.uartes.edu.ec\/sitio\/en","push-errors":false,"_links":{"self":[{"href":"https:\/\/www.uartes.edu.ec\/sitio\/en\/wp-json\/wp\/v2\/posts\/64493","targetHints":{"allow":["GET"]}}],"collection":[{"href":"https:\/\/www.uartes.edu.ec\/sitio\/en\/wp-json\/wp\/v2\/posts"}],"about":[{"href":"https:\/\/www.uartes.edu.ec\/sitio\/en\/wp-json\/wp\/v2\/types\/post"}],"author":[{"embeddable":true,"href":"https:\/\/www.uartes.edu.ec\/sitio\/en\/wp-json\/wp\/v2\/users\/10"}],"replies":[{"embeddable":true,"href":"https:\/\/www.uartes.edu.ec\/sitio\/en\/wp-json\/wp\/v2\/comments?post=64493"}],"version-history":[{"count":2,"href":"https:\/\/www.uartes.edu.ec\/sitio\/en\/wp-json\/wp\/v2\/posts\/64493\/revisions"}],"predecessor-version":[{"id":64497,"href":"https:\/\/www.uartes.edu.ec\/sitio\/en\/wp-json\/wp\/v2\/posts\/64493\/revisions\/64497"}],"wp:featuredmedia":[{"embeddable":true,"href":"https:\/\/www.uartes.edu.ec\/sitio\/en\/wp-json\/wp\/v2\/media\/64494"}],"wp:attachment":[{"href":"https:\/\/www.uartes.edu.ec\/sitio\/en\/wp-json\/wp\/v2\/media?parent=64493"}],"wp:term":[{"taxonomy":"category","embeddable":true,"href":"https:\/\/www.uartes.edu.ec\/sitio\/en\/wp-json\/wp\/v2\/categories?post=64493"},{"taxonomy":"post_tag","embeddable":true,"href":"https:\/\/www.uartes.edu.ec\/sitio\/en\/wp-json\/wp\/v2\/tags?post=64493"},{"taxonomy":"infouartes","embeddable":true,"href":"https:\/\/www.uartes.edu.ec\/sitio\/en\/wp-json\/wp\/v2\/infouartes?post=64493"}],"curies":[{"name":"wp","href":"https:\/\/api.w.org\/{rel}","templated":true}]}}