{"id":64560,"date":"2024-11-15T10:25:13","date_gmt":"2024-11-15T15:25:13","guid":{"rendered":"https:\/\/www.uartes.edu.ec\/sitio\/?p=64560"},"modified":"2024-11-15T10:49:08","modified_gmt":"2024-11-15T15:49:08","slug":"la-lucha-obrera-en-el-ecuador-una-historia-de-participacion-y-derecho-constituyente","status":"publish","type":"post","link":"https:\/\/www.uartes.edu.ec\/sitio\/en\/blog\/2024\/11\/15\/la-lucha-obrera-en-el-ecuador-una-historia-de-participacion-y-derecho-constituyente\/","title":{"rendered":"\u201cLa lucha obrera en el Ecuador, una historia de participaci\u00f3n y derecho constituyente\u201d"},"content":{"rendered":"<p>Su presentaci\u00f3n se realiz\u00f3 el pasado 24 de septiembre en la Sala de Cine del MZ14 Centro de Producci\u00f3n e Innovaci\u00f3n UArtes y su tem\u00e1tica cobra vigencia hoy, 15 de noviembre, en que los ecuatorianos recordamos la masacre obrera registrada en el Guayaquil de 1922. Se trata del corto-documental \u201cLa lucha obrera en el Ecuador, una historia de participaci\u00f3n y derecho constituyente\u201d, realizado por estudiantes de la carrera de Cine dentro del proyecto de vinculaci\u00f3n con la sociedad \u00c1nima.<\/p>\n\n\n\n<p>La producci\u00f3n se desarroll\u00f3 en el marco del convenio de cooperaci\u00f3n existente entre el Consejo de Participaci\u00f3n Ciudadana y Control Social (CPCCS) y la Universidad de las Artes, indica al mag\u00edster Jorge Tigrero Vaca, docente UArtes que dirige el proyecto \u00c1nima.<\/p>\n\n\n\n<p>Record\u00f3 que para el estreno del corto-documental asistieron a la Sala de Cine las autoridades y los representantes del CPCCS, de la Defensor\u00eda P\u00fablica, del Municipio de Guayaquil, del Instituto Cultural Nuestra Am\u00e9rica (ICNA) y de organizaciones obreras de la ciudad.<\/p>\n\n\n<div class=\"wp-block-image\">\n<figure class=\"aligncenter size-large\"><img fetchpriority=\"high\" decoding=\"async\" width=\"644\" height=\"429\" src=\"https:\/\/www.uartes.edu.ec\/sitio\/wp-content\/uploads\/2024\/11\/11-15NOV-LUCHA-OBRERA-CINE-MZ14-644x429.jpg\" alt=\"\" class=\"wp-image-64576\" srcset=\"https:\/\/www.uartes.edu.ec\/sitio\/wp-content\/uploads\/2024\/11\/11-15NOV-LUCHA-OBRERA-CINE-MZ14-644x429.jpg 644w, https:\/\/www.uartes.edu.ec\/sitio\/wp-content\/uploads\/2024\/11\/11-15NOV-LUCHA-OBRERA-CINE-MZ14-300x200.jpg 300w, https:\/\/www.uartes.edu.ec\/sitio\/wp-content\/uploads\/2024\/11\/11-15NOV-LUCHA-OBRERA-CINE-MZ14-768x512.jpg 768w, https:\/\/www.uartes.edu.ec\/sitio\/wp-content\/uploads\/2024\/11\/11-15NOV-LUCHA-OBRERA-CINE-MZ14-1536x1024.jpg 1536w, https:\/\/www.uartes.edu.ec\/sitio\/wp-content\/uploads\/2024\/11\/11-15NOV-LUCHA-OBRERA-CINE-MZ14-18x12.jpg 18w, https:\/\/www.uartes.edu.ec\/sitio\/wp-content\/uploads\/2024\/11\/11-15NOV-LUCHA-OBRERA-CINE-MZ14-600x400.jpg 600w, https:\/\/www.uartes.edu.ec\/sitio\/wp-content\/uploads\/2024\/11\/11-15NOV-LUCHA-OBRERA-CINE-MZ14-400x267.jpg 400w, https:\/\/www.uartes.edu.ec\/sitio\/wp-content\/uploads\/2024\/11\/11-15NOV-LUCHA-OBRERA-CINE-MZ14-272x182.jpg 272w, https:\/\/www.uartes.edu.ec\/sitio\/wp-content\/uploads\/2024\/11\/11-15NOV-LUCHA-OBRERA-CINE-MZ14.jpg 2000w\" sizes=\"(max-width: 644px) 100vw, 644px\" \/><\/figure>\n<\/div>\n\n\n<figure class=\"wp-block-gallery has-nested-images columns-default is-cropped wp-block-gallery-1 is-layout-flex wp-block-gallery-is-layout-flex\">\n<figure class=\"wp-block-image size-large\"><img decoding=\"async\" width=\"644\" height=\"429\" data-id=\"64577\" src=\"https:\/\/www.uartes.edu.ec\/sitio\/wp-content\/uploads\/2024\/11\/10-15NOV-LUCHA-OBRERA-CINE-MZ14-644x429.jpg\" alt=\"\" class=\"wp-image-64577\" srcset=\"https:\/\/www.uartes.edu.ec\/sitio\/wp-content\/uploads\/2024\/11\/10-15NOV-LUCHA-OBRERA-CINE-MZ14-644x429.jpg 644w, https:\/\/www.uartes.edu.ec\/sitio\/wp-content\/uploads\/2024\/11\/10-15NOV-LUCHA-OBRERA-CINE-MZ14-300x200.jpg 300w, https:\/\/www.uartes.edu.ec\/sitio\/wp-content\/uploads\/2024\/11\/10-15NOV-LUCHA-OBRERA-CINE-MZ14-768x512.jpg 768w, https:\/\/www.uartes.edu.ec\/sitio\/wp-content\/uploads\/2024\/11\/10-15NOV-LUCHA-OBRERA-CINE-MZ14-1536x1024.jpg 1536w, https:\/\/www.uartes.edu.ec\/sitio\/wp-content\/uploads\/2024\/11\/10-15NOV-LUCHA-OBRERA-CINE-MZ14-18x12.jpg 18w, https:\/\/www.uartes.edu.ec\/sitio\/wp-content\/uploads\/2024\/11\/10-15NOV-LUCHA-OBRERA-CINE-MZ14-600x400.jpg 600w, https:\/\/www.uartes.edu.ec\/sitio\/wp-content\/uploads\/2024\/11\/10-15NOV-LUCHA-OBRERA-CINE-MZ14-400x267.jpg 400w, https:\/\/www.uartes.edu.ec\/sitio\/wp-content\/uploads\/2024\/11\/10-15NOV-LUCHA-OBRERA-CINE-MZ14-272x182.jpg 272w, https:\/\/www.uartes.edu.ec\/sitio\/wp-content\/uploads\/2024\/11\/10-15NOV-LUCHA-OBRERA-CINE-MZ14.jpg 2000w\" sizes=\"(max-width: 644px) 100vw, 644px\" \/><\/figure>\n\n\n\n<figure class=\"wp-block-image size-large\"><img decoding=\"async\" width=\"644\" height=\"429\" data-id=\"64580\" src=\"https:\/\/www.uartes.edu.ec\/sitio\/wp-content\/uploads\/2024\/11\/04-15NOV-LUCHA-OBRERA-CINE-MZ14-644x429.jpg\" alt=\"\" class=\"wp-image-64580\" srcset=\"https:\/\/www.uartes.edu.ec\/sitio\/wp-content\/uploads\/2024\/11\/04-15NOV-LUCHA-OBRERA-CINE-MZ14-644x429.jpg 644w, https:\/\/www.uartes.edu.ec\/sitio\/wp-content\/uploads\/2024\/11\/04-15NOV-LUCHA-OBRERA-CINE-MZ14-300x200.jpg 300w, https:\/\/www.uartes.edu.ec\/sitio\/wp-content\/uploads\/2024\/11\/04-15NOV-LUCHA-OBRERA-CINE-MZ14-768x512.jpg 768w, https:\/\/www.uartes.edu.ec\/sitio\/wp-content\/uploads\/2024\/11\/04-15NOV-LUCHA-OBRERA-CINE-MZ14-1536x1024.jpg 1536w, https:\/\/www.uartes.edu.ec\/sitio\/wp-content\/uploads\/2024\/11\/04-15NOV-LUCHA-OBRERA-CINE-MZ14-18x12.jpg 18w, https:\/\/www.uartes.edu.ec\/sitio\/wp-content\/uploads\/2024\/11\/04-15NOV-LUCHA-OBRERA-CINE-MZ14-600x400.jpg 600w, https:\/\/www.uartes.edu.ec\/sitio\/wp-content\/uploads\/2024\/11\/04-15NOV-LUCHA-OBRERA-CINE-MZ14-400x267.jpg 400w, https:\/\/www.uartes.edu.ec\/sitio\/wp-content\/uploads\/2024\/11\/04-15NOV-LUCHA-OBRERA-CINE-MZ14-272x182.jpg 272w, https:\/\/www.uartes.edu.ec\/sitio\/wp-content\/uploads\/2024\/11\/04-15NOV-LUCHA-OBRERA-CINE-MZ14.jpg 2000w\" sizes=\"(max-width: 644px) 100vw, 644px\" \/><\/figure>\n<\/figure>\n\n\n\n<p><\/p>\n\n\n\n<p>Tigrero tambi\u00e9n anot\u00f3 que el proyecto \u00c1nima y el CPCCS vienen trabajando de manera continua desde el 2023 con un programa conjunto en el cual los estudiantes realizan sus Pr\u00e1cticas PreProfesionales, reciben capacitaciones y generan productos art\u00edsticos con v\u00ednculo en la participaci\u00f3n ciudadana. \u201cDesarrollamos una serie de procesos y el \u00faltimo fue con estudiantes de Cine, quienes trabajaron en este corto-documental con \u00e9nfasis en la memoria hist\u00f3rica\u201d.<\/p>\n\n\n\n<p>Producirlo conllev\u00f3 a la investigaci\u00f3n y recopilaci\u00f3n de fuentes personales, hist\u00f3ricas y bibliogr\u00e1ficas. Los estudiantes debieron tambi\u00e9n acceder a los archivos audiovisuales hist\u00f3ricos de diferentes fuentes, para lo cual contaron con el asesoramiento de historiadores del Instituto Cultural Nuestra Am\u00e9rica. Para el CPCCS, la memoria social forma parte de sus objetivos macro, explic\u00f3 Tigrero, anotando que el proyecto \u00c1nima ha sido el primer punto de desarrollo de esta importante iniciativa \u201cy los estudiantes han dejado huella en ese sentido\u201d, dijo.<\/p>\n\n\n\n<h3 class=\"wp-block-heading\">Acerca del proceso de realizaci\u00f3n del corto-documental&nbsp;<\/h3>\n\n\n\n<p>Indagar sobre la lucha obrera del 15 de noviembre de 1922 en Guayaquil y el silenciamiento de ciudadanos que apoyaban las protestas fueron los temas objetivos del corto-documental, indic\u00f3 Mar\u00eda Ang\u00e9lica P\u00e9rez, estudiante de Cine que intervino junto con compa\u00f1eros de la carrera en su realizaci\u00f3n, la cual les tom\u00f3 casi tres meses, entre pre, producci\u00f3n y posproducci\u00f3n.<\/p>\n\n\n\n<figure class=\"wp-block-gallery has-nested-images columns-default is-cropped wp-block-gallery-2 is-layout-flex wp-block-gallery-is-layout-flex\">\n<figure class=\"wp-block-image size-large\"><img loading=\"lazy\" decoding=\"async\" width=\"644\" height=\"429\" data-id=\"64571\" src=\"https:\/\/www.uartes.edu.ec\/sitio\/wp-content\/uploads\/2024\/11\/14-15NOV-LUCHA-OBRERA-CINE-MZ14-1-644x429.jpg\" alt=\"\" class=\"wp-image-64571\" srcset=\"https:\/\/www.uartes.edu.ec\/sitio\/wp-content\/uploads\/2024\/11\/14-15NOV-LUCHA-OBRERA-CINE-MZ14-1-644x429.jpg 644w, https:\/\/www.uartes.edu.ec\/sitio\/wp-content\/uploads\/2024\/11\/14-15NOV-LUCHA-OBRERA-CINE-MZ14-1-300x200.jpg 300w, https:\/\/www.uartes.edu.ec\/sitio\/wp-content\/uploads\/2024\/11\/14-15NOV-LUCHA-OBRERA-CINE-MZ14-1-768x512.jpg 768w, https:\/\/www.uartes.edu.ec\/sitio\/wp-content\/uploads\/2024\/11\/14-15NOV-LUCHA-OBRERA-CINE-MZ14-1-1536x1024.jpg 1536w, https:\/\/www.uartes.edu.ec\/sitio\/wp-content\/uploads\/2024\/11\/14-15NOV-LUCHA-OBRERA-CINE-MZ14-1-18x12.jpg 18w, https:\/\/www.uartes.edu.ec\/sitio\/wp-content\/uploads\/2024\/11\/14-15NOV-LUCHA-OBRERA-CINE-MZ14-1-600x400.jpg 600w, https:\/\/www.uartes.edu.ec\/sitio\/wp-content\/uploads\/2024\/11\/14-15NOV-LUCHA-OBRERA-CINE-MZ14-1-400x267.jpg 400w, https:\/\/www.uartes.edu.ec\/sitio\/wp-content\/uploads\/2024\/11\/14-15NOV-LUCHA-OBRERA-CINE-MZ14-1-272x182.jpg 272w, https:\/\/www.uartes.edu.ec\/sitio\/wp-content\/uploads\/2024\/11\/14-15NOV-LUCHA-OBRERA-CINE-MZ14-1.jpg 2000w\" sizes=\"(max-width: 644px) 100vw, 644px\" \/><\/figure>\n\n\n\n<figure class=\"wp-block-image size-large\"><img loading=\"lazy\" decoding=\"async\" width=\"644\" height=\"429\" data-id=\"64572\" src=\"https:\/\/www.uartes.edu.ec\/sitio\/wp-content\/uploads\/2024\/11\/13-15NOV-LUCHA-OBRERA-CINE-MZ14-644x429.jpg\" alt=\"\" class=\"wp-image-64572\" srcset=\"https:\/\/www.uartes.edu.ec\/sitio\/wp-content\/uploads\/2024\/11\/13-15NOV-LUCHA-OBRERA-CINE-MZ14-644x429.jpg 644w, https:\/\/www.uartes.edu.ec\/sitio\/wp-content\/uploads\/2024\/11\/13-15NOV-LUCHA-OBRERA-CINE-MZ14-300x200.jpg 300w, https:\/\/www.uartes.edu.ec\/sitio\/wp-content\/uploads\/2024\/11\/13-15NOV-LUCHA-OBRERA-CINE-MZ14-768x512.jpg 768w, https:\/\/www.uartes.edu.ec\/sitio\/wp-content\/uploads\/2024\/11\/13-15NOV-LUCHA-OBRERA-CINE-MZ14-1536x1024.jpg 1536w, https:\/\/www.uartes.edu.ec\/sitio\/wp-content\/uploads\/2024\/11\/13-15NOV-LUCHA-OBRERA-CINE-MZ14-18x12.jpg 18w, https:\/\/www.uartes.edu.ec\/sitio\/wp-content\/uploads\/2024\/11\/13-15NOV-LUCHA-OBRERA-CINE-MZ14-600x400.jpg 600w, https:\/\/www.uartes.edu.ec\/sitio\/wp-content\/uploads\/2024\/11\/13-15NOV-LUCHA-OBRERA-CINE-MZ14-400x267.jpg 400w, https:\/\/www.uartes.edu.ec\/sitio\/wp-content\/uploads\/2024\/11\/13-15NOV-LUCHA-OBRERA-CINE-MZ14-272x182.jpg 272w, https:\/\/www.uartes.edu.ec\/sitio\/wp-content\/uploads\/2024\/11\/13-15NOV-LUCHA-OBRERA-CINE-MZ14.jpg 2000w\" sizes=\"(max-width: 644px) 100vw, 644px\" \/><\/figure>\n<\/figure>\n\n\n\n<p><\/p>\n\n\n\n<p>Adem\u00e1s del CPCCS, la alumna destac\u00f3 el soporte recibido del Instituto Cultural Nuestra Am\u00e9rica, que dirige Miguel Cantos, quien les dio la asesor\u00eda y tiene voz en el audiovisual.<\/p>\n\n\n\n<p>La idea de realizar el corto-documental surgi\u00f3 como parte de un proyecto de PPP, el cual empezaron a trabajar junto al docente Jorge Tigrero. \u201cFue quien nos llev\u00f3 al Consejo de Participaci\u00f3n Ciudadana y Control Social y present\u00f3 a Viviana Garc\u00eda, especialista en Procesos de Comunicaci\u00f3n. Luego el historiados Miguel Cantos nos habl\u00f3 de varios sucesos que ocurrieron en el pasado, entre ellos la masacre del 15 de noviembre de 1922, tema que escogimos desarrollar\u201d.<\/p>\n\n\n\n<p>Al corto-documental, agreg\u00f3 P\u00e9rez, lo concibieron como un producto que abordara de forma no tan convencional el tema de la masacre obrera, resultado de la brutal represi\u00f3n de la fuerza p\u00fablica en las calles c\u00e9ntricas de Guayaquil a una multitudinaria marcha de trabajadores que reclamaban por sus derechos y mejoras salariales.<\/p>\n\n\n<div class=\"wp-block-image\">\n<figure class=\"aligncenter size-large\"><img loading=\"lazy\" decoding=\"async\" width=\"644\" height=\"429\" src=\"https:\/\/www.uartes.edu.ec\/sitio\/wp-content\/uploads\/2024\/11\/12-15NOV-LUCHA-OBRERA-CINE-MZ14-644x429.jpg\" alt=\"\" class=\"wp-image-64570\" srcset=\"https:\/\/www.uartes.edu.ec\/sitio\/wp-content\/uploads\/2024\/11\/12-15NOV-LUCHA-OBRERA-CINE-MZ14-644x429.jpg 644w, https:\/\/www.uartes.edu.ec\/sitio\/wp-content\/uploads\/2024\/11\/12-15NOV-LUCHA-OBRERA-CINE-MZ14-300x200.jpg 300w, https:\/\/www.uartes.edu.ec\/sitio\/wp-content\/uploads\/2024\/11\/12-15NOV-LUCHA-OBRERA-CINE-MZ14-768x512.jpg 768w, https:\/\/www.uartes.edu.ec\/sitio\/wp-content\/uploads\/2024\/11\/12-15NOV-LUCHA-OBRERA-CINE-MZ14-1536x1024.jpg 1536w, https:\/\/www.uartes.edu.ec\/sitio\/wp-content\/uploads\/2024\/11\/12-15NOV-LUCHA-OBRERA-CINE-MZ14-18x12.jpg 18w, https:\/\/www.uartes.edu.ec\/sitio\/wp-content\/uploads\/2024\/11\/12-15NOV-LUCHA-OBRERA-CINE-MZ14-600x400.jpg 600w, https:\/\/www.uartes.edu.ec\/sitio\/wp-content\/uploads\/2024\/11\/12-15NOV-LUCHA-OBRERA-CINE-MZ14-400x267.jpg 400w, https:\/\/www.uartes.edu.ec\/sitio\/wp-content\/uploads\/2024\/11\/12-15NOV-LUCHA-OBRERA-CINE-MZ14-272x182.jpg 272w, https:\/\/www.uartes.edu.ec\/sitio\/wp-content\/uploads\/2024\/11\/12-15NOV-LUCHA-OBRERA-CINE-MZ14.jpg 2000w\" sizes=\"(max-width: 644px) 100vw, 644px\" \/><\/figure>\n<\/div>\n\n\n<p>\u201cNos planteamos que el montaje y la narrativa sean interesantes y contar los hechos mediante im\u00e1genes antiguas y actuales, y que una voz en off los narre; de fondo decidimos tener una canci\u00f3n para que contribuya a crear una ambientaci\u00f3n para el documental. Fue un trabajo de equipo, todos aportamos con ideas\u201d, anot\u00f3 P\u00e9rez sobre la realizaci\u00f3n de la propuesta. Ella y su compa\u00f1era Carla Erazo elaboraron el texto que lee el narrador, que fue el mismo historiador Miguel Cantos.<\/p>\n\n\n\n<p>Que est\u00e1 dirigido al p\u00fablico en general, pero le quisieron dar \u00e9nfasis a los adolescentes y estudiantes de colegio, con edades entre los 12 y 18 a\u00f1os, a fin de que conozcan lo ocurrido el 15 de noviembre de 1922, revel\u00f3 P\u00e9rez. \u201cRelatando los hechos registrados antes y durante la masacre, para pasar a la reflexi\u00f3n acerca de las consecuencias de este lamentable suceso, promoviendo as\u00ed a la concientizaci\u00f3n colectiva y la participaci\u00f3n en la lucha por los derechos ciudadanos en la actualidad\u201d.<\/p>\n\n\n\n<p>Junto con Mar\u00eda Ang\u00e9lica P\u00e9rez y Carla Erazo, quien asumi\u00f3 tambi\u00e9n la fotograf\u00eda, intervinieron Jos\u00e9 Luis Alvarado. El montaje corri\u00f3 a cargo de Daniela Tenezaca y Rosa Quito. La edici\u00f3n sonora la realizaron Alvarado y Luis Cevallos, quien tambi\u00e9n realiz\u00f3 la canci\u00f3n del documental junto a miembros de su familia y amistades del arte musical.<\/p>\n\n\n\n<figure class=\"wp-block-gallery has-nested-images columns-default is-cropped wp-block-gallery-3 is-layout-flex wp-block-gallery-is-layout-flex\">\n<figure class=\"wp-block-image size-large\"><img loading=\"lazy\" decoding=\"async\" width=\"644\" height=\"429\" data-id=\"64581\" src=\"https:\/\/www.uartes.edu.ec\/sitio\/wp-content\/uploads\/2024\/11\/08-15NOV-LUCHA-OBRERA-CINE-MZ14-1-644x429.jpg\" alt=\"\" class=\"wp-image-64581\" srcset=\"https:\/\/www.uartes.edu.ec\/sitio\/wp-content\/uploads\/2024\/11\/08-15NOV-LUCHA-OBRERA-CINE-MZ14-1-644x429.jpg 644w, https:\/\/www.uartes.edu.ec\/sitio\/wp-content\/uploads\/2024\/11\/08-15NOV-LUCHA-OBRERA-CINE-MZ14-1-300x200.jpg 300w, https:\/\/www.uartes.edu.ec\/sitio\/wp-content\/uploads\/2024\/11\/08-15NOV-LUCHA-OBRERA-CINE-MZ14-1-768x512.jpg 768w, https:\/\/www.uartes.edu.ec\/sitio\/wp-content\/uploads\/2024\/11\/08-15NOV-LUCHA-OBRERA-CINE-MZ14-1-1536x1024.jpg 1536w, https:\/\/www.uartes.edu.ec\/sitio\/wp-content\/uploads\/2024\/11\/08-15NOV-LUCHA-OBRERA-CINE-MZ14-1-18x12.jpg 18w, https:\/\/www.uartes.edu.ec\/sitio\/wp-content\/uploads\/2024\/11\/08-15NOV-LUCHA-OBRERA-CINE-MZ14-1-600x400.jpg 600w, https:\/\/www.uartes.edu.ec\/sitio\/wp-content\/uploads\/2024\/11\/08-15NOV-LUCHA-OBRERA-CINE-MZ14-1-400x267.jpg 400w, https:\/\/www.uartes.edu.ec\/sitio\/wp-content\/uploads\/2024\/11\/08-15NOV-LUCHA-OBRERA-CINE-MZ14-1-272x182.jpg 272w, https:\/\/www.uartes.edu.ec\/sitio\/wp-content\/uploads\/2024\/11\/08-15NOV-LUCHA-OBRERA-CINE-MZ14-1.jpg 2000w\" sizes=\"(max-width: 644px) 100vw, 644px\" \/><\/figure>\n\n\n\n<figure class=\"wp-block-image size-large\"><img loading=\"lazy\" decoding=\"async\" width=\"644\" height=\"429\" data-id=\"64582\" src=\"https:\/\/www.uartes.edu.ec\/sitio\/wp-content\/uploads\/2024\/11\/07-15NOV-LUCHA-OBRERA-CINE-MZ14-644x429.jpg\" alt=\"\" class=\"wp-image-64582\" srcset=\"https:\/\/www.uartes.edu.ec\/sitio\/wp-content\/uploads\/2024\/11\/07-15NOV-LUCHA-OBRERA-CINE-MZ14-644x429.jpg 644w, https:\/\/www.uartes.edu.ec\/sitio\/wp-content\/uploads\/2024\/11\/07-15NOV-LUCHA-OBRERA-CINE-MZ14-300x200.jpg 300w, https:\/\/www.uartes.edu.ec\/sitio\/wp-content\/uploads\/2024\/11\/07-15NOV-LUCHA-OBRERA-CINE-MZ14-768x512.jpg 768w, https:\/\/www.uartes.edu.ec\/sitio\/wp-content\/uploads\/2024\/11\/07-15NOV-LUCHA-OBRERA-CINE-MZ14-1536x1024.jpg 1536w, https:\/\/www.uartes.edu.ec\/sitio\/wp-content\/uploads\/2024\/11\/07-15NOV-LUCHA-OBRERA-CINE-MZ14-18x12.jpg 18w, https:\/\/www.uartes.edu.ec\/sitio\/wp-content\/uploads\/2024\/11\/07-15NOV-LUCHA-OBRERA-CINE-MZ14-600x400.jpg 600w, https:\/\/www.uartes.edu.ec\/sitio\/wp-content\/uploads\/2024\/11\/07-15NOV-LUCHA-OBRERA-CINE-MZ14-400x267.jpg 400w, https:\/\/www.uartes.edu.ec\/sitio\/wp-content\/uploads\/2024\/11\/07-15NOV-LUCHA-OBRERA-CINE-MZ14-272x182.jpg 272w, https:\/\/www.uartes.edu.ec\/sitio\/wp-content\/uploads\/2024\/11\/07-15NOV-LUCHA-OBRERA-CINE-MZ14.jpg 2000w\" sizes=\"(max-width: 644px) 100vw, 644px\" \/><\/figure>\n<\/figure>\n\n\n\n<p>Fotos: cortes\u00eda de los realzadores del documental y del docente Jorge Tigrero.<\/p>\n\n\n\n<p>En la imagen principal, una captura del corto-documental de una de las publicaciones del Guayaquil de 1922. Tambi\u00e9n en im\u00e1genes el d\u00eda del estreno del corto-documental en la Sala de Cine del MZ14, as\u00ed como las intervenciones de quienes colaboraron en la producci\u00f3n, de representantes gremiales y de autoridades del CPCCS. Hubo, adem\u00e1s, entrega de reconocimientos por la labor cumplida.<\/p>\n\n\n\n<p><\/p>","protected":false},"excerpt":{"rendered":"<p>Su presentaci\u00f3n se realiz\u00f3 el pasado 24 de septiembre en la Sala de Cine del MZ14 Centro de Producci\u00f3n e Innovaci\u00f3n UArtes y su tem\u00e1tica cobra vigencia hoy, 15 de noviembre, en que recordamos la masacre obrera registrada en el Guayaquil de 1922. Se trata del corto-documental \u201cLa lucha obrera en el Ecuador, una historia de participaci\u00f3n y derecho constituyente\u201d, realizado por estudiantes de la carrera de Cine dentro del proyecto de vinculaci\u00f3n con la sociedad \u00c1nima y en el marco del convenio de cooperaci\u00f3n con el CPCCS.<\/p>","protected":false},"author":10,"featured_media":64565,"comment_status":"open","ping_status":"open","sticky":false,"template":"","format":"standard","meta":{"_acf_changed":false,"_uag_custom_page_level_css":"","_monsterinsights_skip_tracking":false,"_monsterinsights_sitenote_active":false,"_monsterinsights_sitenote_note":"","_monsterinsights_sitenote_category":0,"cybocfi_hide_featured_image":"","footnotes":""},"categories":[80,82,159,150,157,147,75,76,77,284,175,79],"tags":[518],"infouartes":[],"class_list":["post-64560","post","type-post","status-publish","format-standard","has-post-thumbnail","hentry","category-academico","category-artes","category-artes-escenicas","category-artes-sonoras","category-artes-visuales","category-cine","category-docentes","category-estudiantes","category-gestion","category-investigacion","category-literatura","category-vinculo","tag-produccion"],"acf":[],"yoast_head":"<!-- This site is optimized with the Yoast SEO plugin v27.4 - https:\/\/yoast.com\/product\/yoast-seo-wordpress\/ -->\n<title>Universidad de las Artes - \u201cLa lucha obrera en el Ecuador, una historia de participaci\u00f3n y derecho constituyente\u201d<\/title>\n<meta name=\"description\" content=\"Universidad de las Artes - \u201cLa lucha obrera en el Ecuador, una historia de participaci\u00f3n y derecho constituyente\u201d\" \/>\n<meta name=\"robots\" content=\"index, follow, max-snippet:-1, max-image-preview:large, max-video-preview:-1\" \/>\n<link rel=\"canonical\" href=\"https:\/\/www.uartes.edu.ec\/sitio\/en\/blog\/2024\/11\/15\/la-lucha-obrera-en-el-ecuador-una-historia-de-participacion-y-derecho-constituyente\/\" \/>\n<meta property=\"og:locale\" content=\"en_US\" \/>\n<meta property=\"og:type\" content=\"article\" \/>\n<meta property=\"og:title\" content=\"Universidad de las Artes - \u201cLa lucha obrera en el Ecuador, una historia de participaci\u00f3n y derecho constituyente\u201d\" \/>\n<meta property=\"og:description\" content=\"Universidad de las Artes - \u201cLa lucha obrera en el Ecuador, una historia de participaci\u00f3n y derecho constituyente\u201d\" \/>\n<meta property=\"og:url\" content=\"https:\/\/www.uartes.edu.ec\/sitio\/en\/blog\/2024\/11\/15\/la-lucha-obrera-en-el-ecuador-una-historia-de-participacion-y-derecho-constituyente\/\" \/>\n<meta property=\"og:site_name\" content=\"Universidad de las Artes\" \/>\n<meta property=\"article:publisher\" content=\"https:\/\/www.facebook.com\/uartesec\" \/>\n<meta property=\"article:published_time\" content=\"2024-11-15T15:25:13+00:00\" \/>\n<meta property=\"article:modified_time\" content=\"2024-11-15T15:49:08+00:00\" \/>\n<meta property=\"og:image\" content=\"https:\/\/www.uartes.edu.ec\/sitio\/wp-content\/uploads\/2024\/11\/16-15NOV-LUCHA-OBRERA-CINE-MZ14.jpg\" \/>\n\t<meta property=\"og:image:width\" content=\"2000\" \/>\n\t<meta property=\"og:image:height\" content=\"1333\" \/>\n\t<meta property=\"og:image:type\" content=\"image\/jpeg\" \/>\n<meta name=\"author\" content=\"ccortez\" \/>\n<meta name=\"twitter:card\" content=\"summary_large_image\" \/>\n<meta name=\"twitter:creator\" content=\"@uartesec\" \/>\n<meta name=\"twitter:site\" content=\"@uartesec\" \/>\n<meta name=\"twitter:label1\" content=\"Written by\" \/>\n\t<meta name=\"twitter:data1\" content=\"ccortez\" \/>\n\t<meta name=\"twitter:label2\" content=\"Est. reading time\" \/>\n\t<meta name=\"twitter:data2\" content=\"6 minutes\" \/>\n<script type=\"application\/ld+json\" class=\"yoast-schema-graph\">{\"@context\":\"https:\\\/\\\/schema.org\",\"@graph\":[{\"@type\":\"Article\",\"@id\":\"https:\\\/\\\/www.uartes.edu.ec\\\/sitio\\\/en\\\/blog\\\/2024\\\/11\\\/15\\\/la-lucha-obrera-en-el-ecuador-una-historia-de-participacion-y-derecho-constituyente\\\/#article\",\"isPartOf\":{\"@id\":\"https:\\\/\\\/www.uartes.edu.ec\\\/sitio\\\/en\\\/blog\\\/2024\\\/11\\\/15\\\/la-lucha-obrera-en-el-ecuador-una-historia-de-participacion-y-derecho-constituyente\\\/\"},\"author\":{\"name\":\"ccortez\",\"@id\":\"https:\\\/\\\/www.uartes.edu.ec\\\/sitio\\\/en\\\/#\\\/schema\\\/person\\\/efa1b8275797664fd7f13a79ccc0b1f4\"},\"headline\":\"\u201cLa lucha obrera en el Ecuador, una historia de participaci\u00f3n y derecho constituyente\u201d\",\"datePublished\":\"2024-11-15T15:25:13+00:00\",\"dateModified\":\"2024-11-15T15:49:08+00:00\",\"mainEntityOfPage\":{\"@id\":\"https:\\\/\\\/www.uartes.edu.ec\\\/sitio\\\/en\\\/blog\\\/2024\\\/11\\\/15\\\/la-lucha-obrera-en-el-ecuador-una-historia-de-participacion-y-derecho-constituyente\\\/\"},\"wordCount\":890,\"commentCount\":0,\"publisher\":{\"@id\":\"https:\\\/\\\/www.uartes.edu.ec\\\/sitio\\\/en\\\/#organization\"},\"image\":{\"@id\":\"https:\\\/\\\/www.uartes.edu.ec\\\/sitio\\\/en\\\/blog\\\/2024\\\/11\\\/15\\\/la-lucha-obrera-en-el-ecuador-una-historia-de-participacion-y-derecho-constituyente\\\/#primaryimage\"},\"thumbnailUrl\":\"https:\\\/\\\/www.uartes.edu.ec\\\/sitio\\\/wp-content\\\/uploads\\\/2024\\\/11\\\/16-15NOV-LUCHA-OBRERA-CINE-MZ14.jpg\",\"keywords\":[\"producci\u00f3n\"],\"articleSection\":[\"Acad\u00e9mico\",\"Artes\",\"Artes Esc\u00e9nicas\",\"Artes Sonoras\",\"Artes Visuales\",\"Cine\",\"Docentes\",\"Estudiantes\",\"Gesti\u00f3n\",\"Investigaci\u00f3n\",\"Literatura\",\"V\u00ednculo\"],\"inLanguage\":\"en-US\",\"potentialAction\":[{\"@type\":\"CommentAction\",\"name\":\"Comment\",\"target\":[\"https:\\\/\\\/www.uartes.edu.ec\\\/sitio\\\/en\\\/blog\\\/2024\\\/11\\\/15\\\/la-lucha-obrera-en-el-ecuador-una-historia-de-participacion-y-derecho-constituyente\\\/#respond\"]}]},{\"@type\":[\"WebPage\",\"ItemPage\"],\"@id\":\"https:\\\/\\\/www.uartes.edu.ec\\\/sitio\\\/en\\\/blog\\\/2024\\\/11\\\/15\\\/la-lucha-obrera-en-el-ecuador-una-historia-de-participacion-y-derecho-constituyente\\\/\",\"url\":\"https:\\\/\\\/www.uartes.edu.ec\\\/sitio\\\/en\\\/blog\\\/2024\\\/11\\\/15\\\/la-lucha-obrera-en-el-ecuador-una-historia-de-participacion-y-derecho-constituyente\\\/\",\"name\":\"Universidad de las Artes - \u201cLa lucha obrera en el Ecuador, una historia de participaci\u00f3n y derecho constituyente\u201d\",\"isPartOf\":{\"@id\":\"https:\\\/\\\/www.uartes.edu.ec\\\/sitio\\\/en\\\/#website\"},\"primaryImageOfPage\":{\"@id\":\"https:\\\/\\\/www.uartes.edu.ec\\\/sitio\\\/en\\\/blog\\\/2024\\\/11\\\/15\\\/la-lucha-obrera-en-el-ecuador-una-historia-de-participacion-y-derecho-constituyente\\\/#primaryimage\"},\"image\":{\"@id\":\"https:\\\/\\\/www.uartes.edu.ec\\\/sitio\\\/en\\\/blog\\\/2024\\\/11\\\/15\\\/la-lucha-obrera-en-el-ecuador-una-historia-de-participacion-y-derecho-constituyente\\\/#primaryimage\"},\"thumbnailUrl\":\"https:\\\/\\\/www.uartes.edu.ec\\\/sitio\\\/wp-content\\\/uploads\\\/2024\\\/11\\\/16-15NOV-LUCHA-OBRERA-CINE-MZ14.jpg\",\"datePublished\":\"2024-11-15T15:25:13+00:00\",\"dateModified\":\"2024-11-15T15:49:08+00:00\",\"description\":\"Universidad de las Artes - \u201cLa lucha obrera en el Ecuador, una historia de participaci\u00f3n y derecho constituyente\u201d\",\"breadcrumb\":{\"@id\":\"https:\\\/\\\/www.uartes.edu.ec\\\/sitio\\\/en\\\/blog\\\/2024\\\/11\\\/15\\\/la-lucha-obrera-en-el-ecuador-una-historia-de-participacion-y-derecho-constituyente\\\/#breadcrumb\"},\"inLanguage\":\"en-US\",\"potentialAction\":[{\"@type\":\"ReadAction\",\"target\":[\"https:\\\/\\\/www.uartes.edu.ec\\\/sitio\\\/en\\\/blog\\\/2024\\\/11\\\/15\\\/la-lucha-obrera-en-el-ecuador-una-historia-de-participacion-y-derecho-constituyente\\\/\"]}]},{\"@type\":\"ImageObject\",\"inLanguage\":\"en-US\",\"@id\":\"https:\\\/\\\/www.uartes.edu.ec\\\/sitio\\\/en\\\/blog\\\/2024\\\/11\\\/15\\\/la-lucha-obrera-en-el-ecuador-una-historia-de-participacion-y-derecho-constituyente\\\/#primaryimage\",\"url\":\"https:\\\/\\\/www.uartes.edu.ec\\\/sitio\\\/wp-content\\\/uploads\\\/2024\\\/11\\\/16-15NOV-LUCHA-OBRERA-CINE-MZ14.jpg\",\"contentUrl\":\"https:\\\/\\\/www.uartes.edu.ec\\\/sitio\\\/wp-content\\\/uploads\\\/2024\\\/11\\\/16-15NOV-LUCHA-OBRERA-CINE-MZ14.jpg\",\"width\":2000,\"height\":1333},{\"@type\":\"BreadcrumbList\",\"@id\":\"https:\\\/\\\/www.uartes.edu.ec\\\/sitio\\\/en\\\/blog\\\/2024\\\/11\\\/15\\\/la-lucha-obrera-en-el-ecuador-una-historia-de-participacion-y-derecho-constituyente\\\/#breadcrumb\",\"itemListElement\":[{\"@type\":\"ListItem\",\"position\":1,\"name\":\"Inicio\",\"item\":\"https:\\\/\\\/www.uartes.edu.ec\\\/sitio\\\/\"},{\"@type\":\"ListItem\",\"position\":2,\"name\":\"\u201cLa lucha obrera en el Ecuador, una historia de participaci\u00f3n y derecho constituyente\u201d\"}]},{\"@type\":\"WebSite\",\"@id\":\"https:\\\/\\\/www.uartes.edu.ec\\\/sitio\\\/en\\\/#website\",\"url\":\"https:\\\/\\\/www.uartes.edu.ec\\\/sitio\\\/en\\\/\",\"name\":\"Universidad de las Artes\",\"description\":\"Sitio oficial de la Universidad Nacional de las Artes del Ecuador\",\"publisher\":{\"@id\":\"https:\\\/\\\/www.uartes.edu.ec\\\/sitio\\\/en\\\/#organization\"},\"potentialAction\":[{\"@type\":\"SearchAction\",\"target\":{\"@type\":\"EntryPoint\",\"urlTemplate\":\"https:\\\/\\\/www.uartes.edu.ec\\\/sitio\\\/en\\\/?s={search_term_string}\"},\"query-input\":{\"@type\":\"PropertyValueSpecification\",\"valueRequired\":true,\"valueName\":\"search_term_string\"}}],\"inLanguage\":\"en-US\"},{\"@type\":\"Organization\",\"@id\":\"https:\\\/\\\/www.uartes.edu.ec\\\/sitio\\\/en\\\/#organization\",\"name\":\"Universidad de las Artes\",\"url\":\"https:\\\/\\\/www.uartes.edu.ec\\\/sitio\\\/en\\\/\",\"logo\":{\"@type\":\"ImageObject\",\"inLanguage\":\"en-US\",\"@id\":\"https:\\\/\\\/www.uartes.edu.ec\\\/sitio\\\/en\\\/#\\\/schema\\\/logo\\\/image\\\/\",\"url\":\"https:\\\/\\\/www.uartes.edu.ec\\\/sitio\\\/wp-content\\\/uploads\\\/2022\\\/07\\\/logo-ua-horizontal.png\",\"contentUrl\":\"https:\\\/\\\/www.uartes.edu.ec\\\/sitio\\\/wp-content\\\/uploads\\\/2022\\\/07\\\/logo-ua-horizontal.png\",\"width\":800,\"height\":276,\"caption\":\"Universidad de las Artes\"},\"image\":{\"@id\":\"https:\\\/\\\/www.uartes.edu.ec\\\/sitio\\\/en\\\/#\\\/schema\\\/logo\\\/image\\\/\"},\"sameAs\":[\"https:\\\/\\\/www.facebook.com\\\/uartesec\",\"https:\\\/\\\/x.com\\\/uartesec\",\"https:\\\/\\\/www.tiktok.com\\\/@uartesec\"]},{\"@type\":\"Person\",\"@id\":\"https:\\\/\\\/www.uartes.edu.ec\\\/sitio\\\/en\\\/#\\\/schema\\\/person\\\/efa1b8275797664fd7f13a79ccc0b1f4\",\"name\":\"ccortez\",\"image\":{\"@type\":\"ImageObject\",\"inLanguage\":\"en-US\",\"@id\":\"https:\\\/\\\/secure.gravatar.com\\\/avatar\\\/b2a6f664a3ae8e074346ef91775736c5ec479e637ecced6842de9dc98b5da9cd?s=96&d=mm&r=g\",\"url\":\"https:\\\/\\\/secure.gravatar.com\\\/avatar\\\/b2a6f664a3ae8e074346ef91775736c5ec479e637ecced6842de9dc98b5da9cd?s=96&d=mm&r=g\",\"contentUrl\":\"https:\\\/\\\/secure.gravatar.com\\\/avatar\\\/b2a6f664a3ae8e074346ef91775736c5ec479e637ecced6842de9dc98b5da9cd?s=96&d=mm&r=g\",\"caption\":\"ccortez\"},\"url\":\"https:\\\/\\\/www.uartes.edu.ec\\\/sitio\\\/en\\\/blog\\\/author\\\/ccortez\\\/\"}]}<\/script>\n<!-- \/ Yoast SEO plugin. -->","yoast_head_json":{"title":"Universidad de las Artes - \u201cLa lucha obrera en el Ecuador, una historia de participaci\u00f3n y derecho constituyente\u201d","description":"Universidad de las Artes - \u201cLa lucha obrera en el Ecuador, una historia de participaci\u00f3n y derecho constituyente\u201d","robots":{"index":"index","follow":"follow","max-snippet":"max-snippet:-1","max-image-preview":"max-image-preview:large","max-video-preview":"max-video-preview:-1"},"canonical":"https:\/\/www.uartes.edu.ec\/sitio\/en\/blog\/2024\/11\/15\/la-lucha-obrera-en-el-ecuador-una-historia-de-participacion-y-derecho-constituyente\/","og_locale":"en_US","og_type":"article","og_title":"Universidad de las Artes - \u201cLa lucha obrera en el Ecuador, una historia de participaci\u00f3n y derecho constituyente\u201d","og_description":"Universidad de las Artes - \u201cLa lucha obrera en el Ecuador, una historia de participaci\u00f3n y derecho constituyente\u201d","og_url":"https:\/\/www.uartes.edu.ec\/sitio\/en\/blog\/2024\/11\/15\/la-lucha-obrera-en-el-ecuador-una-historia-de-participacion-y-derecho-constituyente\/","og_site_name":"Universidad de las Artes","article_publisher":"https:\/\/www.facebook.com\/uartesec","article_published_time":"2024-11-15T15:25:13+00:00","article_modified_time":"2024-11-15T15:49:08+00:00","og_image":[{"width":2000,"height":1333,"url":"https:\/\/www.uartes.edu.ec\/sitio\/wp-content\/uploads\/2024\/11\/16-15NOV-LUCHA-OBRERA-CINE-MZ14.jpg","type":"image\/jpeg"}],"author":"ccortez","twitter_card":"summary_large_image","twitter_creator":"@uartesec","twitter_site":"@uartesec","twitter_misc":{"Written by":"ccortez","Est. reading time":"6 minutes"},"schema":{"@context":"https:\/\/schema.org","@graph":[{"@type":"Article","@id":"https:\/\/www.uartes.edu.ec\/sitio\/en\/blog\/2024\/11\/15\/la-lucha-obrera-en-el-ecuador-una-historia-de-participacion-y-derecho-constituyente\/#article","isPartOf":{"@id":"https:\/\/www.uartes.edu.ec\/sitio\/en\/blog\/2024\/11\/15\/la-lucha-obrera-en-el-ecuador-una-historia-de-participacion-y-derecho-constituyente\/"},"author":{"name":"ccortez","@id":"https:\/\/www.uartes.edu.ec\/sitio\/en\/#\/schema\/person\/efa1b8275797664fd7f13a79ccc0b1f4"},"headline":"\u201cLa lucha obrera en el Ecuador, una historia de participaci\u00f3n y derecho constituyente\u201d","datePublished":"2024-11-15T15:25:13+00:00","dateModified":"2024-11-15T15:49:08+00:00","mainEntityOfPage":{"@id":"https:\/\/www.uartes.edu.ec\/sitio\/en\/blog\/2024\/11\/15\/la-lucha-obrera-en-el-ecuador-una-historia-de-participacion-y-derecho-constituyente\/"},"wordCount":890,"commentCount":0,"publisher":{"@id":"https:\/\/www.uartes.edu.ec\/sitio\/en\/#organization"},"image":{"@id":"https:\/\/www.uartes.edu.ec\/sitio\/en\/blog\/2024\/11\/15\/la-lucha-obrera-en-el-ecuador-una-historia-de-participacion-y-derecho-constituyente\/#primaryimage"},"thumbnailUrl":"https:\/\/www.uartes.edu.ec\/sitio\/wp-content\/uploads\/2024\/11\/16-15NOV-LUCHA-OBRERA-CINE-MZ14.jpg","keywords":["producci\u00f3n"],"articleSection":["Acad\u00e9mico","Artes","Artes Esc\u00e9nicas","Artes Sonoras","Artes Visuales","Cine","Docentes","Estudiantes","Gesti\u00f3n","Investigaci\u00f3n","Literatura","V\u00ednculo"],"inLanguage":"en-US","potentialAction":[{"@type":"CommentAction","name":"Comment","target":["https:\/\/www.uartes.edu.ec\/sitio\/en\/blog\/2024\/11\/15\/la-lucha-obrera-en-el-ecuador-una-historia-de-participacion-y-derecho-constituyente\/#respond"]}]},{"@type":["WebPage","ItemPage"],"@id":"https:\/\/www.uartes.edu.ec\/sitio\/en\/blog\/2024\/11\/15\/la-lucha-obrera-en-el-ecuador-una-historia-de-participacion-y-derecho-constituyente\/","url":"https:\/\/www.uartes.edu.ec\/sitio\/en\/blog\/2024\/11\/15\/la-lucha-obrera-en-el-ecuador-una-historia-de-participacion-y-derecho-constituyente\/","name":"Universidad de las Artes - \u201cLa lucha obrera en el Ecuador, una historia de participaci\u00f3n y derecho constituyente\u201d","isPartOf":{"@id":"https:\/\/www.uartes.edu.ec\/sitio\/en\/#website"},"primaryImageOfPage":{"@id":"https:\/\/www.uartes.edu.ec\/sitio\/en\/blog\/2024\/11\/15\/la-lucha-obrera-en-el-ecuador-una-historia-de-participacion-y-derecho-constituyente\/#primaryimage"},"image":{"@id":"https:\/\/www.uartes.edu.ec\/sitio\/en\/blog\/2024\/11\/15\/la-lucha-obrera-en-el-ecuador-una-historia-de-participacion-y-derecho-constituyente\/#primaryimage"},"thumbnailUrl":"https:\/\/www.uartes.edu.ec\/sitio\/wp-content\/uploads\/2024\/11\/16-15NOV-LUCHA-OBRERA-CINE-MZ14.jpg","datePublished":"2024-11-15T15:25:13+00:00","dateModified":"2024-11-15T15:49:08+00:00","description":"Universidad de las Artes - \u201cLa lucha obrera en el Ecuador, una historia de participaci\u00f3n y derecho constituyente\u201d","breadcrumb":{"@id":"https:\/\/www.uartes.edu.ec\/sitio\/en\/blog\/2024\/11\/15\/la-lucha-obrera-en-el-ecuador-una-historia-de-participacion-y-derecho-constituyente\/#breadcrumb"},"inLanguage":"en-US","potentialAction":[{"@type":"ReadAction","target":["https:\/\/www.uartes.edu.ec\/sitio\/en\/blog\/2024\/11\/15\/la-lucha-obrera-en-el-ecuador-una-historia-de-participacion-y-derecho-constituyente\/"]}]},{"@type":"ImageObject","inLanguage":"en-US","@id":"https:\/\/www.uartes.edu.ec\/sitio\/en\/blog\/2024\/11\/15\/la-lucha-obrera-en-el-ecuador-una-historia-de-participacion-y-derecho-constituyente\/#primaryimage","url":"https:\/\/www.uartes.edu.ec\/sitio\/wp-content\/uploads\/2024\/11\/16-15NOV-LUCHA-OBRERA-CINE-MZ14.jpg","contentUrl":"https:\/\/www.uartes.edu.ec\/sitio\/wp-content\/uploads\/2024\/11\/16-15NOV-LUCHA-OBRERA-CINE-MZ14.jpg","width":2000,"height":1333},{"@type":"BreadcrumbList","@id":"https:\/\/www.uartes.edu.ec\/sitio\/en\/blog\/2024\/11\/15\/la-lucha-obrera-en-el-ecuador-una-historia-de-participacion-y-derecho-constituyente\/#breadcrumb","itemListElement":[{"@type":"ListItem","position":1,"name":"Inicio","item":"https:\/\/www.uartes.edu.ec\/sitio\/"},{"@type":"ListItem","position":2,"name":"\u201cLa lucha obrera en el Ecuador, una historia de participaci\u00f3n y derecho constituyente\u201d"}]},{"@type":"WebSite","@id":"https:\/\/www.uartes.edu.ec\/sitio\/en\/#website","url":"https:\/\/www.uartes.edu.ec\/sitio\/en\/","name":"Universidad de las Artes","description":"Sitio oficial de la Universidad Nacional de las Artes del Ecuador","publisher":{"@id":"https:\/\/www.uartes.edu.ec\/sitio\/en\/#organization"},"potentialAction":[{"@type":"SearchAction","target":{"@type":"EntryPoint","urlTemplate":"https:\/\/www.uartes.edu.ec\/sitio\/en\/?s={search_term_string}"},"query-input":{"@type":"PropertyValueSpecification","valueRequired":true,"valueName":"search_term_string"}}],"inLanguage":"en-US"},{"@type":"Organization","@id":"https:\/\/www.uartes.edu.ec\/sitio\/en\/#organization","name":"Universidad de las Artes","url":"https:\/\/www.uartes.edu.ec\/sitio\/en\/","logo":{"@type":"ImageObject","inLanguage":"en-US","@id":"https:\/\/www.uartes.edu.ec\/sitio\/en\/#\/schema\/logo\/image\/","url":"https:\/\/www.uartes.edu.ec\/sitio\/wp-content\/uploads\/2022\/07\/logo-ua-horizontal.png","contentUrl":"https:\/\/www.uartes.edu.ec\/sitio\/wp-content\/uploads\/2022\/07\/logo-ua-horizontal.png","width":800,"height":276,"caption":"Universidad de las Artes"},"image":{"@id":"https:\/\/www.uartes.edu.ec\/sitio\/en\/#\/schema\/logo\/image\/"},"sameAs":["https:\/\/www.facebook.com\/uartesec","https:\/\/x.com\/uartesec","https:\/\/www.tiktok.com\/@uartesec"]},{"@type":"Person","@id":"https:\/\/www.uartes.edu.ec\/sitio\/en\/#\/schema\/person\/efa1b8275797664fd7f13a79ccc0b1f4","name":"ccortez","image":{"@type":"ImageObject","inLanguage":"en-US","@id":"https:\/\/secure.gravatar.com\/avatar\/b2a6f664a3ae8e074346ef91775736c5ec479e637ecced6842de9dc98b5da9cd?s=96&d=mm&r=g","url":"https:\/\/secure.gravatar.com\/avatar\/b2a6f664a3ae8e074346ef91775736c5ec479e637ecced6842de9dc98b5da9cd?s=96&d=mm&r=g","contentUrl":"https:\/\/secure.gravatar.com\/avatar\/b2a6f664a3ae8e074346ef91775736c5ec479e637ecced6842de9dc98b5da9cd?s=96&d=mm&r=g","caption":"ccortez"},"url":"https:\/\/www.uartes.edu.ec\/sitio\/en\/blog\/author\/ccortez\/"}]}},"uagb_featured_image_src":{"full":["https:\/\/www.uartes.edu.ec\/sitio\/wp-content\/uploads\/2024\/11\/16-15NOV-LUCHA-OBRERA-CINE-MZ14.jpg",2000,1333,false],"thumbnail":["https:\/\/www.uartes.edu.ec\/sitio\/wp-content\/uploads\/2024\/11\/16-15NOV-LUCHA-OBRERA-CINE-MZ14-150x150.jpg",150,150,true],"medium":["https:\/\/www.uartes.edu.ec\/sitio\/wp-content\/uploads\/2024\/11\/16-15NOV-LUCHA-OBRERA-CINE-MZ14-300x200.jpg",300,200,true],"medium_large":["https:\/\/www.uartes.edu.ec\/sitio\/wp-content\/uploads\/2024\/11\/16-15NOV-LUCHA-OBRERA-CINE-MZ14-768x512.jpg",768,512,true],"large":["https:\/\/www.uartes.edu.ec\/sitio\/wp-content\/uploads\/2024\/11\/16-15NOV-LUCHA-OBRERA-CINE-MZ14-644x429.jpg",644,429,true],"1536x1536":["https:\/\/www.uartes.edu.ec\/sitio\/wp-content\/uploads\/2024\/11\/16-15NOV-LUCHA-OBRERA-CINE-MZ14-1536x1024.jpg",1536,1024,true],"2048x2048":["https:\/\/www.uartes.edu.ec\/sitio\/wp-content\/uploads\/2024\/11\/16-15NOV-LUCHA-OBRERA-CINE-MZ14.jpg",2000,1333,false],"trp-custom-language-flag":["https:\/\/www.uartes.edu.ec\/sitio\/wp-content\/uploads\/2024\/11\/16-15NOV-LUCHA-OBRERA-CINE-MZ14-18x12.jpg",18,12,true],"htmega_size_585x295":["https:\/\/www.uartes.edu.ec\/sitio\/wp-content\/uploads\/2024\/11\/16-15NOV-LUCHA-OBRERA-CINE-MZ14-585x295.jpg",585,295,true],"htmega_size_1170x536":["https:\/\/www.uartes.edu.ec\/sitio\/wp-content\/uploads\/2024\/11\/16-15NOV-LUCHA-OBRERA-CINE-MZ14-1170x536.jpg",1170,536,true],"htmega_size_396x360":["https:\/\/www.uartes.edu.ec\/sitio\/wp-content\/uploads\/2024\/11\/16-15NOV-LUCHA-OBRERA-CINE-MZ14-396x360.jpg",396,360,true],"gb-block-post-grid-landscape":["https:\/\/www.uartes.edu.ec\/sitio\/wp-content\/uploads\/2024\/11\/16-15NOV-LUCHA-OBRERA-CINE-MZ14-600x400.jpg",600,400,true],"gb-block-post-grid-square":["https:\/\/www.uartes.edu.ec\/sitio\/wp-content\/uploads\/2024\/11\/16-15NOV-LUCHA-OBRERA-CINE-MZ14-600x600.jpg",600,600,true],"university-hub-thumb":["https:\/\/www.uartes.edu.ec\/sitio\/wp-content\/uploads\/2024\/11\/16-15NOV-LUCHA-OBRERA-CINE-MZ14-400x267.jpg",400,267,true],"mailpoet_newsletter_max":["https:\/\/www.uartes.edu.ec\/sitio\/wp-content\/uploads\/2024\/11\/16-15NOV-LUCHA-OBRERA-CINE-MZ14.jpg",1320,880,false]},"uagb_author_info":{"display_name":"ccortez","author_link":"https:\/\/www.uartes.edu.ec\/sitio\/en\/blog\/author\/ccortez\/"},"uagb_comment_info":0,"uagb_excerpt":"Su presentaci\u00f3n se realiz\u00f3 el pasado 24 de septiembre en la Sala de Cine del MZ14 Centro de Producci\u00f3n e Innovaci\u00f3n UArtes y su tem\u00e1tica cobra vigencia hoy, 15 de noviembre, en que recordamos la masacre obrera registrada en el Guayaquil de 1922. Se trata del corto-documental \u201cLa lucha obrera en el Ecuador, una historia&hellip;","featured_image_src":"https:\/\/www.uartes.edu.ec\/sitio\/wp-content\/uploads\/2024\/11\/16-15NOV-LUCHA-OBRERA-CINE-MZ14-600x400.jpg","featured_image_src_square":"https:\/\/www.uartes.edu.ec\/sitio\/wp-content\/uploads\/2024\/11\/16-15NOV-LUCHA-OBRERA-CINE-MZ14-600x600.jpg","author_info":{"display_name":"ccortez","author_link":"https:\/\/www.uartes.edu.ec\/sitio\/en\/blog\/author\/ccortez\/"},"publishpress_future_workflow_manual_trigger":{"enabledWorkflows":[]},"distributor_meta":false,"distributor_terms":false,"distributor_media":false,"distributor_original_site_name":"Universidad de las Artes","distributor_original_site_url":"https:\/\/www.uartes.edu.ec\/sitio\/en","push-errors":false,"_links":{"self":[{"href":"https:\/\/www.uartes.edu.ec\/sitio\/en\/wp-json\/wp\/v2\/posts\/64560","targetHints":{"allow":["GET"]}}],"collection":[{"href":"https:\/\/www.uartes.edu.ec\/sitio\/en\/wp-json\/wp\/v2\/posts"}],"about":[{"href":"https:\/\/www.uartes.edu.ec\/sitio\/en\/wp-json\/wp\/v2\/types\/post"}],"author":[{"embeddable":true,"href":"https:\/\/www.uartes.edu.ec\/sitio\/en\/wp-json\/wp\/v2\/users\/10"}],"replies":[{"embeddable":true,"href":"https:\/\/www.uartes.edu.ec\/sitio\/en\/wp-json\/wp\/v2\/comments?post=64560"}],"version-history":[{"count":3,"href":"https:\/\/www.uartes.edu.ec\/sitio\/en\/wp-json\/wp\/v2\/posts\/64560\/revisions"}],"predecessor-version":[{"id":64589,"href":"https:\/\/www.uartes.edu.ec\/sitio\/en\/wp-json\/wp\/v2\/posts\/64560\/revisions\/64589"}],"wp:featuredmedia":[{"embeddable":true,"href":"https:\/\/www.uartes.edu.ec\/sitio\/en\/wp-json\/wp\/v2\/media\/64565"}],"wp:attachment":[{"href":"https:\/\/www.uartes.edu.ec\/sitio\/en\/wp-json\/wp\/v2\/media?parent=64560"}],"wp:term":[{"taxonomy":"category","embeddable":true,"href":"https:\/\/www.uartes.edu.ec\/sitio\/en\/wp-json\/wp\/v2\/categories?post=64560"},{"taxonomy":"post_tag","embeddable":true,"href":"https:\/\/www.uartes.edu.ec\/sitio\/en\/wp-json\/wp\/v2\/tags?post=64560"},{"taxonomy":"infouartes","embeddable":true,"href":"https:\/\/www.uartes.edu.ec\/sitio\/en\/wp-json\/wp\/v2\/infouartes?post=64560"}],"curies":[{"name":"wp","href":"https:\/\/api.w.org\/{rel}","templated":true}]}}