{"id":65158,"date":"2024-11-14T14:38:00","date_gmt":"2024-11-14T19:38:00","guid":{"rendered":"https:\/\/www.uartes.edu.ec\/sitio\/?p=65158"},"modified":"2024-11-25T10:15:05","modified_gmt":"2024-11-25T15:15:05","slug":"la-produccion-cinematografica-entre-mercados-autoria-y-sostenibilidad-el-dialogo-con-la-mexicana-martha-orozco","status":"publish","type":"post","link":"https:\/\/www.uartes.edu.ec\/sitio\/en\/blog\/2024\/11\/14\/la-produccion-cinematografica-entre-mercados-autoria-y-sostenibilidad-el-dialogo-con-la-mexicana-martha-orozco\/","title":{"rendered":"La producci\u00f3n cinematogr\u00e1fica entre mercados, autor\u00eda y sostenibilidad: el di\u00e1logo con la mexicana Martha Orozco"},"content":{"rendered":"<p>\u201cEstrategias de financiaci\u00f3n para una pel\u00edcula\u201d. La productora mexicana Martha Orozco abord\u00f3 el tema en \u201cElipsis\u201d, el evento hito de la Escuela de Cine de la Universidad de las Artes que durante tres d\u00edas \u2013del 13 al 15 de noviembre\u2013 se propone analizar los desaf\u00edos de la educaci\u00f3n en cine.<\/p>\n\n\n\n<p>Orozco intervino tras el acto inaugural de la cita y, sustentada en su experiencia, habl\u00f3 de las estrategias de la producci\u00f3n cinematogr\u00e1fica desde la gesti\u00f3n en mercados internacionales hasta la importancia de valorar el trabajo creativo en proyectos de largo aliento.<\/p>\n\n\n\n<p>En el di\u00e1logo la acompa\u00f1\u00f3 Pablo Mogrovejo, docente de la Universidad de las Am\u00e9ricas (UDLA), pues como se\u00f1al\u00f3 en la inauguraci\u00f3n Mar\u00eda Alejandra Zambrano, directora (e) de la Escuela de Cine de la UArtes, en este a\u00f1o la tem\u00e1tica de \u201cElipsis\u201d es la educaci\u00f3n en cine, lo cual se analizar\u00e1 con varias instituciones de educaci\u00f3n superior. Adem\u00e1s de la UDLA, la Universidad de Cuenca, el Instituto Tecnol\u00f3gico Superior de Artes Visuales de Quito (IAVQ), la Universidad San Francisco de Quito (USFQ), la Universidad Cat\u00f3lica de Santiago de Guayaquil (UCSG) y la Universidad Casa Grande (UCG).<\/p>\n\n\n<div class=\"wp-block-image\">\n<figure class=\"aligncenter size-large\"><img fetchpriority=\"high\" decoding=\"async\" width=\"644\" height=\"429\" src=\"https:\/\/www.uartes.edu.ec\/sitio\/wp-content\/uploads\/2024\/11\/09-ELIPSIS-PRIMER-DIA-1-644x429.jpg\" alt=\"\" class=\"wp-image-65174\" srcset=\"https:\/\/www.uartes.edu.ec\/sitio\/wp-content\/uploads\/2024\/11\/09-ELIPSIS-PRIMER-DIA-1-644x429.jpg 644w, https:\/\/www.uartes.edu.ec\/sitio\/wp-content\/uploads\/2024\/11\/09-ELIPSIS-PRIMER-DIA-1-300x200.jpg 300w, https:\/\/www.uartes.edu.ec\/sitio\/wp-content\/uploads\/2024\/11\/09-ELIPSIS-PRIMER-DIA-1-768x512.jpg 768w, https:\/\/www.uartes.edu.ec\/sitio\/wp-content\/uploads\/2024\/11\/09-ELIPSIS-PRIMER-DIA-1-1536x1024.jpg 1536w, https:\/\/www.uartes.edu.ec\/sitio\/wp-content\/uploads\/2024\/11\/09-ELIPSIS-PRIMER-DIA-1-18x12.jpg 18w, https:\/\/www.uartes.edu.ec\/sitio\/wp-content\/uploads\/2024\/11\/09-ELIPSIS-PRIMER-DIA-1-600x400.jpg 600w, https:\/\/www.uartes.edu.ec\/sitio\/wp-content\/uploads\/2024\/11\/09-ELIPSIS-PRIMER-DIA-1-400x267.jpg 400w, https:\/\/www.uartes.edu.ec\/sitio\/wp-content\/uploads\/2024\/11\/09-ELIPSIS-PRIMER-DIA-1-272x182.jpg 272w, https:\/\/www.uartes.edu.ec\/sitio\/wp-content\/uploads\/2024\/11\/09-ELIPSIS-PRIMER-DIA-1.jpg 2000w\" sizes=\"(max-width: 644px) 100vw, 644px\" \/><\/figure>\n<\/div>\n\n\n<p>Orozco, quien se define como una \u201cproductora integral y autoral\u201d, enfatiz\u00f3 el rol central del productor como eje organizador de una pel\u00edcula, desde la b\u00fasqueda de financiamiento hasta la toma de decisiones cruciales durante la producci\u00f3n y distribuci\u00f3n. En su intervenci\u00f3n, desmenuz\u00f3 casos de \u00e9xito, como el documental \u201cNuevo Venecia\u201d, un proyecto que logr\u00f3 un equilibrio entre una versi\u00f3n autoral para festivales y una versi\u00f3n televisiva m\u00e1s comercial que, en palabras de la mexicana, \u201ces la que nos da de comer\u201d.<\/p>\n\n\n\n<h3 class=\"wp-block-heading\">Los mercados: m\u00e1s que escaparates, espacios de oportunidades<\/h3>\n\n\n\n<p>Para Martha Orozco asistir a mercados internacionales no se trata solo de \u201cir a saludar o ver pel\u00edculas\u201d, sino de tener un objetivo claro. Relat\u00f3 c\u00f3mo conoci\u00f3 un proyecto en el Festival Internacional de Cine de Guadalajara en 2019 y, en solo seis meses, logr\u00f3 consolidar una coproducci\u00f3n. Enfatiz\u00f3 la importancia de alianzas estrat\u00e9gicas con coproductores y fondos internacionales, como Bettina Brokemper, productora de renombre, y el fondo noruego, que fortalecieron el proyecto tanto creativa como financieramente.<\/p>\n\n\n\n<p>\u201cLos mercados son \u00fatiles si tienes un plan, si sabes qu\u00e9 vas a conseguir y luchas por concretarlo. Si no, todo queda en un limbo de laboratorios\u201d, asegur\u00f3. El valor del trabajo es creativo. Uno de los puntos clave fue c\u00f3mo cuantificar el trabajo de a\u00f1os que demanda una pel\u00edcula. Orozco destac\u00f3 que tanto guionistas como directores deben ser remunerados adecuadamente para dedicarse plenamente al desarrollo de sus proyectos. \u201cEs fundamental buscar fondos de desarrollo para que puedan enfocarse al 100% en escribir y dirigir sin distracciones\u201d, agreg\u00f3. Subray\u00f3 tambi\u00e9n que la falta de recursos muchas veces obliga a los productores a invertir de su propio bolsillo, convirti\u00e9ndose as\u00ed en parte de los activos del proyecto.<\/p>\n\n\n<div class=\"wp-block-image\">\n<figure class=\"aligncenter size-large\"><img decoding=\"async\" width=\"644\" height=\"429\" src=\"https:\/\/www.uartes.edu.ec\/sitio\/wp-content\/uploads\/2024\/11\/10-ELIPSIS-PRIMER-DIA-1-644x429.jpg\" alt=\"\" class=\"wp-image-65175\" srcset=\"https:\/\/www.uartes.edu.ec\/sitio\/wp-content\/uploads\/2024\/11\/10-ELIPSIS-PRIMER-DIA-1-644x429.jpg 644w, https:\/\/www.uartes.edu.ec\/sitio\/wp-content\/uploads\/2024\/11\/10-ELIPSIS-PRIMER-DIA-1-300x200.jpg 300w, https:\/\/www.uartes.edu.ec\/sitio\/wp-content\/uploads\/2024\/11\/10-ELIPSIS-PRIMER-DIA-1-768x512.jpg 768w, https:\/\/www.uartes.edu.ec\/sitio\/wp-content\/uploads\/2024\/11\/10-ELIPSIS-PRIMER-DIA-1-1536x1024.jpg 1536w, https:\/\/www.uartes.edu.ec\/sitio\/wp-content\/uploads\/2024\/11\/10-ELIPSIS-PRIMER-DIA-1-18x12.jpg 18w, https:\/\/www.uartes.edu.ec\/sitio\/wp-content\/uploads\/2024\/11\/10-ELIPSIS-PRIMER-DIA-1-600x400.jpg 600w, https:\/\/www.uartes.edu.ec\/sitio\/wp-content\/uploads\/2024\/11\/10-ELIPSIS-PRIMER-DIA-1-400x267.jpg 400w, https:\/\/www.uartes.edu.ec\/sitio\/wp-content\/uploads\/2024\/11\/10-ELIPSIS-PRIMER-DIA-1-272x182.jpg 272w, https:\/\/www.uartes.edu.ec\/sitio\/wp-content\/uploads\/2024\/11\/10-ELIPSIS-PRIMER-DIA-1.jpg 2000w\" sizes=\"(max-width: 644px) 100vw, 644px\" \/><\/figure>\n<\/div>\n\n\n<p>La productora explic\u00f3 que, aunque trabaja principalmente en proyectos autorales, es fundamental establecer contratos claros donde se delimiten responsabilidades y decisiones. \u201cEl productor mayoritario es quien tiene la \u00faltima palabra en t\u00e9rminos patrimoniales, pero siempre respetando la visi\u00f3n creativa del director\u201d, dijo.<\/p>\n\n\n\n<p>De su experiencia en la creaci\u00f3n de versiones paralelas de \u201cNuevo Venecia\u201d: una edici\u00f3n evocativa y po\u00e9tica para festivales y otra m\u00e1s din\u00e1mica y comercial para televisi\u00f3n, manifest\u00f3 que esta dualidad permite que las pel\u00edculas lleguen a p\u00fablicos diversos y generen ingresos sostenibles.<\/p>\n\n\n\n<p>A simple vista, \u201cNuevo Venecia\u201d es un documental que se desliza sobre las aguas tranquilas de una aldea flotante en Colombia. Pero detr\u00e1s de las im\u00e1genes po\u00e9ticas, de los reflejos que parecen fundir cielo y agua, se encuentra una historia de lucha, contradicciones y resiliencia, tanto para la comunidad que protagoniza la cinta como para el equipo que la llev\u00f3 a la pantalla.<\/p>\n\n\n\n<p>Nuevo Venecia es una poblaci\u00f3n erigida sobre palafitos en la Ci\u00e9naga Grande de Santa Marta, en la costa norte de Colombia. Su peculiaridad es evidente: no hay calles, solo canales que los habitantes recorren en canoas. Pero bajo esa apariencia buc\u00f3lica se oculta un pasado marcado por la violencia del conflicto armado. En 2000, el pueblo fue escenario de una masacre que dej\u00f3 cicatrices profundas.<\/p>\n\n\n<div class=\"wp-block-image\">\n<figure class=\"aligncenter size-large\"><img decoding=\"async\" width=\"644\" height=\"429\" src=\"https:\/\/www.uartes.edu.ec\/sitio\/wp-content\/uploads\/2024\/11\/07-ELIPSIS-PRIMER-DIA-1-644x429.jpg\" alt=\"\" class=\"wp-image-65176\" srcset=\"https:\/\/www.uartes.edu.ec\/sitio\/wp-content\/uploads\/2024\/11\/07-ELIPSIS-PRIMER-DIA-1-644x429.jpg 644w, https:\/\/www.uartes.edu.ec\/sitio\/wp-content\/uploads\/2024\/11\/07-ELIPSIS-PRIMER-DIA-1-300x200.jpg 300w, https:\/\/www.uartes.edu.ec\/sitio\/wp-content\/uploads\/2024\/11\/07-ELIPSIS-PRIMER-DIA-1-768x512.jpg 768w, https:\/\/www.uartes.edu.ec\/sitio\/wp-content\/uploads\/2024\/11\/07-ELIPSIS-PRIMER-DIA-1-1536x1024.jpg 1536w, https:\/\/www.uartes.edu.ec\/sitio\/wp-content\/uploads\/2024\/11\/07-ELIPSIS-PRIMER-DIA-1-18x12.jpg 18w, https:\/\/www.uartes.edu.ec\/sitio\/wp-content\/uploads\/2024\/11\/07-ELIPSIS-PRIMER-DIA-1-600x400.jpg 600w, https:\/\/www.uartes.edu.ec\/sitio\/wp-content\/uploads\/2024\/11\/07-ELIPSIS-PRIMER-DIA-1-400x267.jpg 400w, https:\/\/www.uartes.edu.ec\/sitio\/wp-content\/uploads\/2024\/11\/07-ELIPSIS-PRIMER-DIA-1-272x182.jpg 272w, https:\/\/www.uartes.edu.ec\/sitio\/wp-content\/uploads\/2024\/11\/07-ELIPSIS-PRIMER-DIA-1.jpg 2000w\" sizes=\"(max-width: 644px) 100vw, 644px\" \/><\/figure>\n<\/div>\n\n\n<p>El documental, dirigido por Emiliano Mazza de Luca y producido por Martha Orozco, no huye de ese pasado, pero tampoco lo explota. \u201cQuer\u00edamos mostrar a la comunidad desde sus propios t\u00e9rminos, con su esperanza y dignidad, no solo como v\u00edctimas\u201d, explic\u00f3 la productora en una charla sobre la pel\u00edcula.<\/p>\n\n\n\n<p>Desde el principio, el proyecto enfrent\u00f3 desaf\u00edos. La comunidad, aunque dispuesta a compartir su historia, ten\u00eda desconfianza hacia quienes llegan con c\u00e1maras y promesas. La producci\u00f3n dedic\u00f3 semanas a generar confianza, participando en la vida diaria de los habitantes. Fue una apuesta que, aunque desgastante, dio frutos.<\/p>\n\n\n\n<p>Otro obst\u00e1culo fue la log\u00edstica. Trabajar en un lugar donde todo se mueve en canoa \u2014desde el equipo de filmaci\u00f3n hasta los alimentos\u2014 exigi\u00f3 planificaci\u00f3n meticulosa y paciencia. Las condiciones clim\u00e1ticas tampoco fueron amables: lluvias torrenciales retrasaron rodajes y da\u00f1aron equipos.<\/p>\n\n\n\n<p>Sin embargo, los mayores conflictos surgieron en la sala de edici\u00f3n. Emiliano y Martha ten\u00edan visiones divergentes sobre la estructura del documental. \u00c9l, un director con sensibilidad art\u00edstica, buscaba un ritmo contemplativo y simb\u00f3lico. Ella, por su parte, comprend\u00eda las necesidades del mercado y abogaba por una narrativa m\u00e1s din\u00e1mica para captar audiencias televisivas.<\/p>\n\n\n\n<p>Tras largas discusiones, llegaron a un acuerdo: crear dos versiones. Una, po\u00e9tica, para festivales, y otra, m\u00e1s accesible, para la televisi\u00f3n. Esta decisi\u00f3n, aunque compleja, result\u00f3 ser clave para el \u00e9xito del documental.<\/p>\n\n\n\n<figure class=\"wp-block-gallery has-nested-images columns-default is-cropped wp-block-gallery-1 is-layout-flex wp-block-gallery-is-layout-flex\">\n<figure class=\"wp-block-image size-large\"><img loading=\"lazy\" decoding=\"async\" width=\"644\" height=\"483\" data-id=\"65162\" src=\"https:\/\/www.uartes.edu.ec\/sitio\/wp-content\/uploads\/2024\/11\/Martha-Orozco2-644x483.jpg\" alt=\"\" class=\"wp-image-65162\" srcset=\"https:\/\/www.uartes.edu.ec\/sitio\/wp-content\/uploads\/2024\/11\/Martha-Orozco2-644x483.jpg 644w, https:\/\/www.uartes.edu.ec\/sitio\/wp-content\/uploads\/2024\/11\/Martha-Orozco2-300x225.jpg 300w, https:\/\/www.uartes.edu.ec\/sitio\/wp-content\/uploads\/2024\/11\/Martha-Orozco2-768x576.jpg 768w, https:\/\/www.uartes.edu.ec\/sitio\/wp-content\/uploads\/2024\/11\/Martha-Orozco2-1536x1152.jpg 1536w, https:\/\/www.uartes.edu.ec\/sitio\/wp-content\/uploads\/2024\/11\/Martha-Orozco2-16x12.jpg 16w, https:\/\/www.uartes.edu.ec\/sitio\/wp-content\/uploads\/2024\/11\/Martha-Orozco2-400x300.jpg 400w, https:\/\/www.uartes.edu.ec\/sitio\/wp-content\/uploads\/2024\/11\/Martha-Orozco2.jpg 1778w\" sizes=\"(max-width: 644px) 100vw, 644px\" \/><\/figure>\n\n\n\n<figure class=\"wp-block-image size-large\"><img loading=\"lazy\" decoding=\"async\" width=\"644\" height=\"483\" data-id=\"65159\" src=\"https:\/\/www.uartes.edu.ec\/sitio\/wp-content\/uploads\/2024\/11\/Martha-Orozco1-644x483.jpg\" alt=\"\" class=\"wp-image-65159\" srcset=\"https:\/\/www.uartes.edu.ec\/sitio\/wp-content\/uploads\/2024\/11\/Martha-Orozco1-644x483.jpg 644w, https:\/\/www.uartes.edu.ec\/sitio\/wp-content\/uploads\/2024\/11\/Martha-Orozco1-300x225.jpg 300w, https:\/\/www.uartes.edu.ec\/sitio\/wp-content\/uploads\/2024\/11\/Martha-Orozco1-768x576.jpg 768w, https:\/\/www.uartes.edu.ec\/sitio\/wp-content\/uploads\/2024\/11\/Martha-Orozco1-1536x1152.jpg 1536w, https:\/\/www.uartes.edu.ec\/sitio\/wp-content\/uploads\/2024\/11\/Martha-Orozco1-16x12.jpg 16w, https:\/\/www.uartes.edu.ec\/sitio\/wp-content\/uploads\/2024\/11\/Martha-Orozco1-400x300.jpg 400w, https:\/\/www.uartes.edu.ec\/sitio\/wp-content\/uploads\/2024\/11\/Martha-Orozco1.jpg 1778w\" sizes=\"(max-width: 644px) 100vw, 644px\" \/><\/figure>\n<\/figure>\n\n\n\n<p><\/p>\n\n\n\n<p>La versi\u00f3n para festivales debut\u00f3 en el Festival Internacional de Cine de Cartagena de Indias y cautiv\u00f3 con su propuesta est\u00e9tica. \u201cEra como entrar en un sue\u00f1o; las im\u00e1genes parec\u00edan respirar al ritmo del agua\u201d, coment\u00f3 un cr\u00edtico. Por otro lado, la edici\u00f3n televisiva logr\u00f3 distribuci\u00f3n en cadenas internacionales, llevando la historia de \u201cNuevo Venecia\u201d a millones de hogares y con ello traerles no solo agua sino progreso.<\/p>\n\n\n\n<p>El mayor triunfo, sin embargo, fue el impacto en la propia comunidad. Tras el estreno, los habitantes de Nuevo Venecia se reunieron para ver la pel\u00edcula. Fue una experiencia cat\u00e1rtica: se vieron representados con dignidad y fortaleza.<\/p>\n\n\n\n<p>El di\u00e1logo con Martha Orozco, que tuvo lugar en la Plaza P\u00fablica del MZ14, concluy\u00f3 con un mensaje de optimismo y pragmatismo para quienes buscan abrirse camino en la producci\u00f3n cinematogr\u00e1fica. Alent\u00f3 tambi\u00e9n a los asistentes a formarse como productores integrales, capaces de equilibrar las demandas creativas y financieras de los proyectos.<\/p>\n\n\n\n<p>El p\u00fablico agradeci\u00f3 la franqueza y profundidad de la ponencia, que ofreci\u00f3 una visi\u00f3n realista y alentadora sobre los retos y satisfacciones de la producci\u00f3n cinematogr\u00e1fica. La jornada cerr\u00f3 con una muestra de cortometrajes estudiantiles en la Sala de Cine del MZ14, celebrando el talento emergente y su potencial en la industria.<\/p>\n\n\n\n<p>Cabe anotar que, adem\u00e1s de la charla magistral, la productora mexicana imparte desde ayer el taller \u00abEl viaje de h\u00e9roes y hero\u00ednas en su primera pel\u00edcula. Una odisea \u00fanica e irrepetible. A ese taller, que concluir\u00e1 este viernes 15, corresponden las dos im\u00e1genes que est\u00e1n sobre estas l\u00edneas. <\/p>\n\n\n\n<p>Texto: Eleinn Rivera, estudiante de la Escuela de Cine.<\/p>","protected":false},"excerpt":{"rendered":"<p>\u201cEstrategias de financiaci\u00f3n para una pel\u00edcula\u201d. La productora mexicana Martha Orozco abord\u00f3 el tema en \u201cElipsis\u201d, el evento hito de la Escuela de Cine que en este a\u00f1o analiza los desaf\u00edos de la educaci\u00f3n en cine. Con la UArtes, en la cita intervienen el Instituto Tecnol\u00f3gico Superior de Artes Visuales de Quito y las universidades de Cuenca, San Francisco de Quito, Cat\u00f3lica de Santiago de Guayaquil y Casa Grande. <\/p>","protected":false},"author":10,"featured_media":65173,"comment_status":"open","ping_status":"open","sticky":false,"template":"","format":"standard","meta":{"_acf_changed":false,"_uag_custom_page_level_css":"","_monsterinsights_skip_tracking":false,"_monsterinsights_sitenote_active":false,"_monsterinsights_sitenote_note":"","_monsterinsights_sitenote_category":0,"cybocfi_hide_featured_image":"","footnotes":""},"categories":[1],"tags":[],"infouartes":[],"class_list":["post-65158","post","type-post","status-publish","format-standard","has-post-thumbnail","hentry","category-sin-categoria"],"acf":[],"yoast_head":"<!-- This site is optimized with the Yoast SEO plugin v27.4 - https:\/\/yoast.com\/product\/yoast-seo-wordpress\/ -->\n<title>Universidad de las Artes - La producci\u00f3n cinematogr\u00e1fica entre mercados, autor\u00eda y sostenibilidad: el di\u00e1logo con la mexicana Martha Orozco<\/title>\n<meta name=\"description\" content=\"Universidad de las Artes - La producci\u00f3n cinematogr\u00e1fica entre mercados, autor\u00eda y sostenibilidad: el di\u00e1logo con la mexicana Martha Orozco\" \/>\n<meta name=\"robots\" content=\"index, follow, max-snippet:-1, max-image-preview:large, max-video-preview:-1\" \/>\n<link rel=\"canonical\" href=\"https:\/\/www.uartes.edu.ec\/sitio\/en\/blog\/2024\/11\/14\/la-produccion-cinematografica-entre-mercados-autoria-y-sostenibilidad-el-dialogo-con-la-mexicana-martha-orozco\/\" \/>\n<meta property=\"og:locale\" content=\"en_US\" \/>\n<meta property=\"og:type\" content=\"article\" \/>\n<meta property=\"og:title\" content=\"Universidad de las Artes - La producci\u00f3n cinematogr\u00e1fica entre mercados, autor\u00eda y sostenibilidad: el di\u00e1logo con la mexicana Martha Orozco\" \/>\n<meta property=\"og:description\" content=\"Universidad de las Artes - La producci\u00f3n cinematogr\u00e1fica entre mercados, autor\u00eda y sostenibilidad: el di\u00e1logo con la mexicana Martha Orozco\" \/>\n<meta property=\"og:url\" content=\"https:\/\/www.uartes.edu.ec\/sitio\/en\/blog\/2024\/11\/14\/la-produccion-cinematografica-entre-mercados-autoria-y-sostenibilidad-el-dialogo-con-la-mexicana-martha-orozco\/\" \/>\n<meta property=\"og:site_name\" content=\"Universidad de las Artes\" \/>\n<meta property=\"article:publisher\" content=\"https:\/\/www.facebook.com\/uartesec\" \/>\n<meta property=\"article:published_time\" content=\"2024-11-14T19:38:00+00:00\" \/>\n<meta property=\"article:modified_time\" content=\"2024-11-25T15:15:05+00:00\" \/>\n<meta property=\"og:image\" content=\"https:\/\/www.uartes.edu.ec\/sitio\/wp-content\/uploads\/2024\/11\/08-ELIPSIS-PRIMER-DIA-1.jpg\" \/>\n\t<meta property=\"og:image:width\" content=\"2000\" \/>\n\t<meta property=\"og:image:height\" content=\"1333\" \/>\n\t<meta property=\"og:image:type\" content=\"image\/jpeg\" \/>\n<meta name=\"author\" content=\"ccortez\" \/>\n<meta name=\"twitter:card\" content=\"summary_large_image\" \/>\n<meta name=\"twitter:creator\" content=\"@uartesec\" \/>\n<meta name=\"twitter:site\" content=\"@uartesec\" \/>\n<meta name=\"twitter:label1\" content=\"Written by\" \/>\n\t<meta name=\"twitter:data1\" content=\"ccortez\" \/>\n\t<meta name=\"twitter:label2\" content=\"Est. reading time\" \/>\n\t<meta name=\"twitter:data2\" content=\"7 minutes\" \/>\n<script type=\"application\/ld+json\" class=\"yoast-schema-graph\">{\"@context\":\"https:\\\/\\\/schema.org\",\"@graph\":[{\"@type\":\"Article\",\"@id\":\"https:\\\/\\\/www.uartes.edu.ec\\\/sitio\\\/en\\\/blog\\\/2024\\\/11\\\/14\\\/la-produccion-cinematografica-entre-mercados-autoria-y-sostenibilidad-el-dialogo-con-la-mexicana-martha-orozco\\\/#article\",\"isPartOf\":{\"@id\":\"https:\\\/\\\/www.uartes.edu.ec\\\/sitio\\\/en\\\/blog\\\/2024\\\/11\\\/14\\\/la-produccion-cinematografica-entre-mercados-autoria-y-sostenibilidad-el-dialogo-con-la-mexicana-martha-orozco\\\/\"},\"author\":{\"name\":\"ccortez\",\"@id\":\"https:\\\/\\\/www.uartes.edu.ec\\\/sitio\\\/en\\\/#\\\/schema\\\/person\\\/efa1b8275797664fd7f13a79ccc0b1f4\"},\"headline\":\"La producci\u00f3n cinematogr\u00e1fica entre mercados, autor\u00eda y sostenibilidad: el di\u00e1logo con la mexicana Martha Orozco\",\"datePublished\":\"2024-11-14T19:38:00+00:00\",\"dateModified\":\"2024-11-25T15:15:05+00:00\",\"mainEntityOfPage\":{\"@id\":\"https:\\\/\\\/www.uartes.edu.ec\\\/sitio\\\/en\\\/blog\\\/2024\\\/11\\\/14\\\/la-produccion-cinematografica-entre-mercados-autoria-y-sostenibilidad-el-dialogo-con-la-mexicana-martha-orozco\\\/\"},\"wordCount\":1289,\"commentCount\":0,\"publisher\":{\"@id\":\"https:\\\/\\\/www.uartes.edu.ec\\\/sitio\\\/en\\\/#organization\"},\"image\":{\"@id\":\"https:\\\/\\\/www.uartes.edu.ec\\\/sitio\\\/en\\\/blog\\\/2024\\\/11\\\/14\\\/la-produccion-cinematografica-entre-mercados-autoria-y-sostenibilidad-el-dialogo-con-la-mexicana-martha-orozco\\\/#primaryimage\"},\"thumbnailUrl\":\"https:\\\/\\\/www.uartes.edu.ec\\\/sitio\\\/wp-content\\\/uploads\\\/2024\\\/11\\\/08-ELIPSIS-PRIMER-DIA-1.jpg\",\"articleSection\":[\"Sin categor\u00eda\"],\"inLanguage\":\"en-US\",\"potentialAction\":[{\"@type\":\"CommentAction\",\"name\":\"Comment\",\"target\":[\"https:\\\/\\\/www.uartes.edu.ec\\\/sitio\\\/en\\\/blog\\\/2024\\\/11\\\/14\\\/la-produccion-cinematografica-entre-mercados-autoria-y-sostenibilidad-el-dialogo-con-la-mexicana-martha-orozco\\\/#respond\"]}]},{\"@type\":[\"WebPage\",\"ItemPage\"],\"@id\":\"https:\\\/\\\/www.uartes.edu.ec\\\/sitio\\\/en\\\/blog\\\/2024\\\/11\\\/14\\\/la-produccion-cinematografica-entre-mercados-autoria-y-sostenibilidad-el-dialogo-con-la-mexicana-martha-orozco\\\/\",\"url\":\"https:\\\/\\\/www.uartes.edu.ec\\\/sitio\\\/en\\\/blog\\\/2024\\\/11\\\/14\\\/la-produccion-cinematografica-entre-mercados-autoria-y-sostenibilidad-el-dialogo-con-la-mexicana-martha-orozco\\\/\",\"name\":\"Universidad de las Artes - La producci\u00f3n cinematogr\u00e1fica entre mercados, autor\u00eda y sostenibilidad: el di\u00e1logo con la mexicana Martha Orozco\",\"isPartOf\":{\"@id\":\"https:\\\/\\\/www.uartes.edu.ec\\\/sitio\\\/en\\\/#website\"},\"primaryImageOfPage\":{\"@id\":\"https:\\\/\\\/www.uartes.edu.ec\\\/sitio\\\/en\\\/blog\\\/2024\\\/11\\\/14\\\/la-produccion-cinematografica-entre-mercados-autoria-y-sostenibilidad-el-dialogo-con-la-mexicana-martha-orozco\\\/#primaryimage\"},\"image\":{\"@id\":\"https:\\\/\\\/www.uartes.edu.ec\\\/sitio\\\/en\\\/blog\\\/2024\\\/11\\\/14\\\/la-produccion-cinematografica-entre-mercados-autoria-y-sostenibilidad-el-dialogo-con-la-mexicana-martha-orozco\\\/#primaryimage\"},\"thumbnailUrl\":\"https:\\\/\\\/www.uartes.edu.ec\\\/sitio\\\/wp-content\\\/uploads\\\/2024\\\/11\\\/08-ELIPSIS-PRIMER-DIA-1.jpg\",\"datePublished\":\"2024-11-14T19:38:00+00:00\",\"dateModified\":\"2024-11-25T15:15:05+00:00\",\"description\":\"Universidad de las Artes - La producci\u00f3n cinematogr\u00e1fica entre mercados, autor\u00eda y sostenibilidad: el di\u00e1logo con la mexicana Martha Orozco\",\"breadcrumb\":{\"@id\":\"https:\\\/\\\/www.uartes.edu.ec\\\/sitio\\\/en\\\/blog\\\/2024\\\/11\\\/14\\\/la-produccion-cinematografica-entre-mercados-autoria-y-sostenibilidad-el-dialogo-con-la-mexicana-martha-orozco\\\/#breadcrumb\"},\"inLanguage\":\"en-US\",\"potentialAction\":[{\"@type\":\"ReadAction\",\"target\":[\"https:\\\/\\\/www.uartes.edu.ec\\\/sitio\\\/en\\\/blog\\\/2024\\\/11\\\/14\\\/la-produccion-cinematografica-entre-mercados-autoria-y-sostenibilidad-el-dialogo-con-la-mexicana-martha-orozco\\\/\"]}]},{\"@type\":\"ImageObject\",\"inLanguage\":\"en-US\",\"@id\":\"https:\\\/\\\/www.uartes.edu.ec\\\/sitio\\\/en\\\/blog\\\/2024\\\/11\\\/14\\\/la-produccion-cinematografica-entre-mercados-autoria-y-sostenibilidad-el-dialogo-con-la-mexicana-martha-orozco\\\/#primaryimage\",\"url\":\"https:\\\/\\\/www.uartes.edu.ec\\\/sitio\\\/wp-content\\\/uploads\\\/2024\\\/11\\\/08-ELIPSIS-PRIMER-DIA-1.jpg\",\"contentUrl\":\"https:\\\/\\\/www.uartes.edu.ec\\\/sitio\\\/wp-content\\\/uploads\\\/2024\\\/11\\\/08-ELIPSIS-PRIMER-DIA-1.jpg\",\"width\":2000,\"height\":1333},{\"@type\":\"BreadcrumbList\",\"@id\":\"https:\\\/\\\/www.uartes.edu.ec\\\/sitio\\\/en\\\/blog\\\/2024\\\/11\\\/14\\\/la-produccion-cinematografica-entre-mercados-autoria-y-sostenibilidad-el-dialogo-con-la-mexicana-martha-orozco\\\/#breadcrumb\",\"itemListElement\":[{\"@type\":\"ListItem\",\"position\":1,\"name\":\"Inicio\",\"item\":\"https:\\\/\\\/www.uartes.edu.ec\\\/sitio\\\/\"},{\"@type\":\"ListItem\",\"position\":2,\"name\":\"La producci\u00f3n cinematogr\u00e1fica entre mercados, autor\u00eda y sostenibilidad: el di\u00e1logo con la mexicana Martha Orozco\"}]},{\"@type\":\"WebSite\",\"@id\":\"https:\\\/\\\/www.uartes.edu.ec\\\/sitio\\\/en\\\/#website\",\"url\":\"https:\\\/\\\/www.uartes.edu.ec\\\/sitio\\\/en\\\/\",\"name\":\"Universidad de las Artes\",\"description\":\"Sitio oficial de la Universidad Nacional de las Artes del Ecuador\",\"publisher\":{\"@id\":\"https:\\\/\\\/www.uartes.edu.ec\\\/sitio\\\/en\\\/#organization\"},\"potentialAction\":[{\"@type\":\"SearchAction\",\"target\":{\"@type\":\"EntryPoint\",\"urlTemplate\":\"https:\\\/\\\/www.uartes.edu.ec\\\/sitio\\\/en\\\/?s={search_term_string}\"},\"query-input\":{\"@type\":\"PropertyValueSpecification\",\"valueRequired\":true,\"valueName\":\"search_term_string\"}}],\"inLanguage\":\"en-US\"},{\"@type\":\"Organization\",\"@id\":\"https:\\\/\\\/www.uartes.edu.ec\\\/sitio\\\/en\\\/#organization\",\"name\":\"Universidad de las Artes\",\"url\":\"https:\\\/\\\/www.uartes.edu.ec\\\/sitio\\\/en\\\/\",\"logo\":{\"@type\":\"ImageObject\",\"inLanguage\":\"en-US\",\"@id\":\"https:\\\/\\\/www.uartes.edu.ec\\\/sitio\\\/en\\\/#\\\/schema\\\/logo\\\/image\\\/\",\"url\":\"https:\\\/\\\/www.uartes.edu.ec\\\/sitio\\\/wp-content\\\/uploads\\\/2022\\\/07\\\/logo-ua-horizontal.png\",\"contentUrl\":\"https:\\\/\\\/www.uartes.edu.ec\\\/sitio\\\/wp-content\\\/uploads\\\/2022\\\/07\\\/logo-ua-horizontal.png\",\"width\":800,\"height\":276,\"caption\":\"Universidad de las Artes\"},\"image\":{\"@id\":\"https:\\\/\\\/www.uartes.edu.ec\\\/sitio\\\/en\\\/#\\\/schema\\\/logo\\\/image\\\/\"},\"sameAs\":[\"https:\\\/\\\/www.facebook.com\\\/uartesec\",\"https:\\\/\\\/x.com\\\/uartesec\",\"https:\\\/\\\/www.tiktok.com\\\/@uartesec\"]},{\"@type\":\"Person\",\"@id\":\"https:\\\/\\\/www.uartes.edu.ec\\\/sitio\\\/en\\\/#\\\/schema\\\/person\\\/efa1b8275797664fd7f13a79ccc0b1f4\",\"name\":\"ccortez\",\"image\":{\"@type\":\"ImageObject\",\"inLanguage\":\"en-US\",\"@id\":\"https:\\\/\\\/secure.gravatar.com\\\/avatar\\\/b2a6f664a3ae8e074346ef91775736c5ec479e637ecced6842de9dc98b5da9cd?s=96&d=mm&r=g\",\"url\":\"https:\\\/\\\/secure.gravatar.com\\\/avatar\\\/b2a6f664a3ae8e074346ef91775736c5ec479e637ecced6842de9dc98b5da9cd?s=96&d=mm&r=g\",\"contentUrl\":\"https:\\\/\\\/secure.gravatar.com\\\/avatar\\\/b2a6f664a3ae8e074346ef91775736c5ec479e637ecced6842de9dc98b5da9cd?s=96&d=mm&r=g\",\"caption\":\"ccortez\"},\"url\":\"https:\\\/\\\/www.uartes.edu.ec\\\/sitio\\\/en\\\/blog\\\/author\\\/ccortez\\\/\"}]}<\/script>\n<!-- \/ Yoast SEO plugin. -->","yoast_head_json":{"title":"Universidad de las Artes - La producci\u00f3n cinematogr\u00e1fica entre mercados, autor\u00eda y sostenibilidad: el di\u00e1logo con la mexicana Martha Orozco","description":"Universidad de las Artes - La producci\u00f3n cinematogr\u00e1fica entre mercados, autor\u00eda y sostenibilidad: el di\u00e1logo con la mexicana Martha Orozco","robots":{"index":"index","follow":"follow","max-snippet":"max-snippet:-1","max-image-preview":"max-image-preview:large","max-video-preview":"max-video-preview:-1"},"canonical":"https:\/\/www.uartes.edu.ec\/sitio\/en\/blog\/2024\/11\/14\/la-produccion-cinematografica-entre-mercados-autoria-y-sostenibilidad-el-dialogo-con-la-mexicana-martha-orozco\/","og_locale":"en_US","og_type":"article","og_title":"Universidad de las Artes - La producci\u00f3n cinematogr\u00e1fica entre mercados, autor\u00eda y sostenibilidad: el di\u00e1logo con la mexicana Martha Orozco","og_description":"Universidad de las Artes - La producci\u00f3n cinematogr\u00e1fica entre mercados, autor\u00eda y sostenibilidad: el di\u00e1logo con la mexicana Martha Orozco","og_url":"https:\/\/www.uartes.edu.ec\/sitio\/en\/blog\/2024\/11\/14\/la-produccion-cinematografica-entre-mercados-autoria-y-sostenibilidad-el-dialogo-con-la-mexicana-martha-orozco\/","og_site_name":"Universidad de las Artes","article_publisher":"https:\/\/www.facebook.com\/uartesec","article_published_time":"2024-11-14T19:38:00+00:00","article_modified_time":"2024-11-25T15:15:05+00:00","og_image":[{"width":2000,"height":1333,"url":"https:\/\/www.uartes.edu.ec\/sitio\/wp-content\/uploads\/2024\/11\/08-ELIPSIS-PRIMER-DIA-1.jpg","type":"image\/jpeg"}],"author":"ccortez","twitter_card":"summary_large_image","twitter_creator":"@uartesec","twitter_site":"@uartesec","twitter_misc":{"Written by":"ccortez","Est. reading time":"7 minutes"},"schema":{"@context":"https:\/\/schema.org","@graph":[{"@type":"Article","@id":"https:\/\/www.uartes.edu.ec\/sitio\/en\/blog\/2024\/11\/14\/la-produccion-cinematografica-entre-mercados-autoria-y-sostenibilidad-el-dialogo-con-la-mexicana-martha-orozco\/#article","isPartOf":{"@id":"https:\/\/www.uartes.edu.ec\/sitio\/en\/blog\/2024\/11\/14\/la-produccion-cinematografica-entre-mercados-autoria-y-sostenibilidad-el-dialogo-con-la-mexicana-martha-orozco\/"},"author":{"name":"ccortez","@id":"https:\/\/www.uartes.edu.ec\/sitio\/en\/#\/schema\/person\/efa1b8275797664fd7f13a79ccc0b1f4"},"headline":"La producci\u00f3n cinematogr\u00e1fica entre mercados, autor\u00eda y sostenibilidad: el di\u00e1logo con la mexicana Martha Orozco","datePublished":"2024-11-14T19:38:00+00:00","dateModified":"2024-11-25T15:15:05+00:00","mainEntityOfPage":{"@id":"https:\/\/www.uartes.edu.ec\/sitio\/en\/blog\/2024\/11\/14\/la-produccion-cinematografica-entre-mercados-autoria-y-sostenibilidad-el-dialogo-con-la-mexicana-martha-orozco\/"},"wordCount":1289,"commentCount":0,"publisher":{"@id":"https:\/\/www.uartes.edu.ec\/sitio\/en\/#organization"},"image":{"@id":"https:\/\/www.uartes.edu.ec\/sitio\/en\/blog\/2024\/11\/14\/la-produccion-cinematografica-entre-mercados-autoria-y-sostenibilidad-el-dialogo-con-la-mexicana-martha-orozco\/#primaryimage"},"thumbnailUrl":"https:\/\/www.uartes.edu.ec\/sitio\/wp-content\/uploads\/2024\/11\/08-ELIPSIS-PRIMER-DIA-1.jpg","articleSection":["Sin categor\u00eda"],"inLanguage":"en-US","potentialAction":[{"@type":"CommentAction","name":"Comment","target":["https:\/\/www.uartes.edu.ec\/sitio\/en\/blog\/2024\/11\/14\/la-produccion-cinematografica-entre-mercados-autoria-y-sostenibilidad-el-dialogo-con-la-mexicana-martha-orozco\/#respond"]}]},{"@type":["WebPage","ItemPage"],"@id":"https:\/\/www.uartes.edu.ec\/sitio\/en\/blog\/2024\/11\/14\/la-produccion-cinematografica-entre-mercados-autoria-y-sostenibilidad-el-dialogo-con-la-mexicana-martha-orozco\/","url":"https:\/\/www.uartes.edu.ec\/sitio\/en\/blog\/2024\/11\/14\/la-produccion-cinematografica-entre-mercados-autoria-y-sostenibilidad-el-dialogo-con-la-mexicana-martha-orozco\/","name":"Universidad de las Artes - La producci\u00f3n cinematogr\u00e1fica entre mercados, autor\u00eda y sostenibilidad: el di\u00e1logo con la mexicana Martha Orozco","isPartOf":{"@id":"https:\/\/www.uartes.edu.ec\/sitio\/en\/#website"},"primaryImageOfPage":{"@id":"https:\/\/www.uartes.edu.ec\/sitio\/en\/blog\/2024\/11\/14\/la-produccion-cinematografica-entre-mercados-autoria-y-sostenibilidad-el-dialogo-con-la-mexicana-martha-orozco\/#primaryimage"},"image":{"@id":"https:\/\/www.uartes.edu.ec\/sitio\/en\/blog\/2024\/11\/14\/la-produccion-cinematografica-entre-mercados-autoria-y-sostenibilidad-el-dialogo-con-la-mexicana-martha-orozco\/#primaryimage"},"thumbnailUrl":"https:\/\/www.uartes.edu.ec\/sitio\/wp-content\/uploads\/2024\/11\/08-ELIPSIS-PRIMER-DIA-1.jpg","datePublished":"2024-11-14T19:38:00+00:00","dateModified":"2024-11-25T15:15:05+00:00","description":"Universidad de las Artes - La producci\u00f3n cinematogr\u00e1fica entre mercados, autor\u00eda y sostenibilidad: el di\u00e1logo con la mexicana Martha Orozco","breadcrumb":{"@id":"https:\/\/www.uartes.edu.ec\/sitio\/en\/blog\/2024\/11\/14\/la-produccion-cinematografica-entre-mercados-autoria-y-sostenibilidad-el-dialogo-con-la-mexicana-martha-orozco\/#breadcrumb"},"inLanguage":"en-US","potentialAction":[{"@type":"ReadAction","target":["https:\/\/www.uartes.edu.ec\/sitio\/en\/blog\/2024\/11\/14\/la-produccion-cinematografica-entre-mercados-autoria-y-sostenibilidad-el-dialogo-con-la-mexicana-martha-orozco\/"]}]},{"@type":"ImageObject","inLanguage":"en-US","@id":"https:\/\/www.uartes.edu.ec\/sitio\/en\/blog\/2024\/11\/14\/la-produccion-cinematografica-entre-mercados-autoria-y-sostenibilidad-el-dialogo-con-la-mexicana-martha-orozco\/#primaryimage","url":"https:\/\/www.uartes.edu.ec\/sitio\/wp-content\/uploads\/2024\/11\/08-ELIPSIS-PRIMER-DIA-1.jpg","contentUrl":"https:\/\/www.uartes.edu.ec\/sitio\/wp-content\/uploads\/2024\/11\/08-ELIPSIS-PRIMER-DIA-1.jpg","width":2000,"height":1333},{"@type":"BreadcrumbList","@id":"https:\/\/www.uartes.edu.ec\/sitio\/en\/blog\/2024\/11\/14\/la-produccion-cinematografica-entre-mercados-autoria-y-sostenibilidad-el-dialogo-con-la-mexicana-martha-orozco\/#breadcrumb","itemListElement":[{"@type":"ListItem","position":1,"name":"Inicio","item":"https:\/\/www.uartes.edu.ec\/sitio\/"},{"@type":"ListItem","position":2,"name":"La producci\u00f3n cinematogr\u00e1fica entre mercados, autor\u00eda y sostenibilidad: el di\u00e1logo con la mexicana Martha Orozco"}]},{"@type":"WebSite","@id":"https:\/\/www.uartes.edu.ec\/sitio\/en\/#website","url":"https:\/\/www.uartes.edu.ec\/sitio\/en\/","name":"Universidad de las Artes","description":"Sitio oficial de la Universidad Nacional de las Artes del Ecuador","publisher":{"@id":"https:\/\/www.uartes.edu.ec\/sitio\/en\/#organization"},"potentialAction":[{"@type":"SearchAction","target":{"@type":"EntryPoint","urlTemplate":"https:\/\/www.uartes.edu.ec\/sitio\/en\/?s={search_term_string}"},"query-input":{"@type":"PropertyValueSpecification","valueRequired":true,"valueName":"search_term_string"}}],"inLanguage":"en-US"},{"@type":"Organization","@id":"https:\/\/www.uartes.edu.ec\/sitio\/en\/#organization","name":"Universidad de las Artes","url":"https:\/\/www.uartes.edu.ec\/sitio\/en\/","logo":{"@type":"ImageObject","inLanguage":"en-US","@id":"https:\/\/www.uartes.edu.ec\/sitio\/en\/#\/schema\/logo\/image\/","url":"https:\/\/www.uartes.edu.ec\/sitio\/wp-content\/uploads\/2022\/07\/logo-ua-horizontal.png","contentUrl":"https:\/\/www.uartes.edu.ec\/sitio\/wp-content\/uploads\/2022\/07\/logo-ua-horizontal.png","width":800,"height":276,"caption":"Universidad de las Artes"},"image":{"@id":"https:\/\/www.uartes.edu.ec\/sitio\/en\/#\/schema\/logo\/image\/"},"sameAs":["https:\/\/www.facebook.com\/uartesec","https:\/\/x.com\/uartesec","https:\/\/www.tiktok.com\/@uartesec"]},{"@type":"Person","@id":"https:\/\/www.uartes.edu.ec\/sitio\/en\/#\/schema\/person\/efa1b8275797664fd7f13a79ccc0b1f4","name":"ccortez","image":{"@type":"ImageObject","inLanguage":"en-US","@id":"https:\/\/secure.gravatar.com\/avatar\/b2a6f664a3ae8e074346ef91775736c5ec479e637ecced6842de9dc98b5da9cd?s=96&d=mm&r=g","url":"https:\/\/secure.gravatar.com\/avatar\/b2a6f664a3ae8e074346ef91775736c5ec479e637ecced6842de9dc98b5da9cd?s=96&d=mm&r=g","contentUrl":"https:\/\/secure.gravatar.com\/avatar\/b2a6f664a3ae8e074346ef91775736c5ec479e637ecced6842de9dc98b5da9cd?s=96&d=mm&r=g","caption":"ccortez"},"url":"https:\/\/www.uartes.edu.ec\/sitio\/en\/blog\/author\/ccortez\/"}]}},"uagb_featured_image_src":{"full":["https:\/\/www.uartes.edu.ec\/sitio\/wp-content\/uploads\/2024\/11\/08-ELIPSIS-PRIMER-DIA-1.jpg",2000,1333,false],"thumbnail":["https:\/\/www.uartes.edu.ec\/sitio\/wp-content\/uploads\/2024\/11\/08-ELIPSIS-PRIMER-DIA-1-150x150.jpg",150,150,true],"medium":["https:\/\/www.uartes.edu.ec\/sitio\/wp-content\/uploads\/2024\/11\/08-ELIPSIS-PRIMER-DIA-1-300x200.jpg",300,200,true],"medium_large":["https:\/\/www.uartes.edu.ec\/sitio\/wp-content\/uploads\/2024\/11\/08-ELIPSIS-PRIMER-DIA-1-768x512.jpg",768,512,true],"large":["https:\/\/www.uartes.edu.ec\/sitio\/wp-content\/uploads\/2024\/11\/08-ELIPSIS-PRIMER-DIA-1-644x429.jpg",644,429,true],"1536x1536":["https:\/\/www.uartes.edu.ec\/sitio\/wp-content\/uploads\/2024\/11\/08-ELIPSIS-PRIMER-DIA-1-1536x1024.jpg",1536,1024,true],"2048x2048":["https:\/\/www.uartes.edu.ec\/sitio\/wp-content\/uploads\/2024\/11\/08-ELIPSIS-PRIMER-DIA-1.jpg",2000,1333,false],"trp-custom-language-flag":["https:\/\/www.uartes.edu.ec\/sitio\/wp-content\/uploads\/2024\/11\/08-ELIPSIS-PRIMER-DIA-1-18x12.jpg",18,12,true],"htmega_size_585x295":["https:\/\/www.uartes.edu.ec\/sitio\/wp-content\/uploads\/2024\/11\/08-ELIPSIS-PRIMER-DIA-1-585x295.jpg",585,295,true],"htmega_size_1170x536":["https:\/\/www.uartes.edu.ec\/sitio\/wp-content\/uploads\/2024\/11\/08-ELIPSIS-PRIMER-DIA-1-1170x536.jpg",1170,536,true],"htmega_size_396x360":["https:\/\/www.uartes.edu.ec\/sitio\/wp-content\/uploads\/2024\/11\/08-ELIPSIS-PRIMER-DIA-1-396x360.jpg",396,360,true],"gb-block-post-grid-landscape":["https:\/\/www.uartes.edu.ec\/sitio\/wp-content\/uploads\/2024\/11\/08-ELIPSIS-PRIMER-DIA-1-600x400.jpg",600,400,true],"gb-block-post-grid-square":["https:\/\/www.uartes.edu.ec\/sitio\/wp-content\/uploads\/2024\/11\/08-ELIPSIS-PRIMER-DIA-1-600x600.jpg",600,600,true],"university-hub-thumb":["https:\/\/www.uartes.edu.ec\/sitio\/wp-content\/uploads\/2024\/11\/08-ELIPSIS-PRIMER-DIA-1-400x267.jpg",400,267,true],"mailpoet_newsletter_max":["https:\/\/www.uartes.edu.ec\/sitio\/wp-content\/uploads\/2024\/11\/08-ELIPSIS-PRIMER-DIA-1.jpg",1320,880,false]},"uagb_author_info":{"display_name":"ccortez","author_link":"https:\/\/www.uartes.edu.ec\/sitio\/en\/blog\/author\/ccortez\/"},"uagb_comment_info":0,"uagb_excerpt":"\u201cEstrategias de financiaci\u00f3n para una pel\u00edcula\u201d. La productora mexicana Martha Orozco abord\u00f3 el tema en \u201cElipsis\u201d, el evento hito de la Escuela de Cine que en este a\u00f1o analiza los desaf\u00edos de la educaci\u00f3n en cine. Con la UArtes, en la cita intervienen el Instituto Tecnol\u00f3gico Superior de Artes Visuales de Quito y las universidades&hellip;","featured_image_src":"https:\/\/www.uartes.edu.ec\/sitio\/wp-content\/uploads\/2024\/11\/08-ELIPSIS-PRIMER-DIA-1-600x400.jpg","featured_image_src_square":"https:\/\/www.uartes.edu.ec\/sitio\/wp-content\/uploads\/2024\/11\/08-ELIPSIS-PRIMER-DIA-1-600x600.jpg","author_info":{"display_name":"ccortez","author_link":"https:\/\/www.uartes.edu.ec\/sitio\/en\/blog\/author\/ccortez\/"},"publishpress_future_workflow_manual_trigger":{"enabledWorkflows":[]},"distributor_meta":false,"distributor_terms":false,"distributor_media":false,"distributor_original_site_name":"Universidad de las Artes","distributor_original_site_url":"https:\/\/www.uartes.edu.ec\/sitio\/en","push-errors":false,"_links":{"self":[{"href":"https:\/\/www.uartes.edu.ec\/sitio\/en\/wp-json\/wp\/v2\/posts\/65158","targetHints":{"allow":["GET"]}}],"collection":[{"href":"https:\/\/www.uartes.edu.ec\/sitio\/en\/wp-json\/wp\/v2\/posts"}],"about":[{"href":"https:\/\/www.uartes.edu.ec\/sitio\/en\/wp-json\/wp\/v2\/types\/post"}],"author":[{"embeddable":true,"href":"https:\/\/www.uartes.edu.ec\/sitio\/en\/wp-json\/wp\/v2\/users\/10"}],"replies":[{"embeddable":true,"href":"https:\/\/www.uartes.edu.ec\/sitio\/en\/wp-json\/wp\/v2\/comments?post=65158"}],"version-history":[{"count":5,"href":"https:\/\/www.uartes.edu.ec\/sitio\/en\/wp-json\/wp\/v2\/posts\/65158\/revisions"}],"predecessor-version":[{"id":65184,"href":"https:\/\/www.uartes.edu.ec\/sitio\/en\/wp-json\/wp\/v2\/posts\/65158\/revisions\/65184"}],"wp:featuredmedia":[{"embeddable":true,"href":"https:\/\/www.uartes.edu.ec\/sitio\/en\/wp-json\/wp\/v2\/media\/65173"}],"wp:attachment":[{"href":"https:\/\/www.uartes.edu.ec\/sitio\/en\/wp-json\/wp\/v2\/media?parent=65158"}],"wp:term":[{"taxonomy":"category","embeddable":true,"href":"https:\/\/www.uartes.edu.ec\/sitio\/en\/wp-json\/wp\/v2\/categories?post=65158"},{"taxonomy":"post_tag","embeddable":true,"href":"https:\/\/www.uartes.edu.ec\/sitio\/en\/wp-json\/wp\/v2\/tags?post=65158"},{"taxonomy":"infouartes","embeddable":true,"href":"https:\/\/www.uartes.edu.ec\/sitio\/en\/wp-json\/wp\/v2\/infouartes?post=65158"}],"curies":[{"name":"wp","href":"https:\/\/api.w.org\/{rel}","templated":true}]}}