{"id":65318,"date":"2024-11-22T11:16:00","date_gmt":"2024-11-22T16:16:00","guid":{"rendered":"https:\/\/www.uartes.edu.ec\/sitio\/?p=65318"},"modified":"2024-11-26T18:36:06","modified_gmt":"2024-11-26T23:36:06","slug":"escuela-de-musica-yarina-y-su-experiencia-formativa","status":"publish","type":"post","link":"https:\/\/www.uartes.edu.ec\/sitio\/en\/blog\/2024\/11\/22\/escuela-de-musica-yarina-y-su-experiencia-formativa\/","title":{"rendered":"Escuela de M\u00fasica Yarina y su experiencia formativa en las comunidades de Imbabura"},"content":{"rendered":"<p>Surgi\u00f3 en 2015 con el objetivo de investigar los ritmos y cantos tradicionales kichwas y ofrecer un espacio de formaci\u00f3n musical para los ni\u00f1os y ni\u00f1as de las comunidades de Imbabura. Es la Escuela de M\u00fasica Yarina (EMY) que el mi\u00e9rcoles 20 de noviembre estuvo presente con una mesa de di\u00e1logo en el XI Congreso Internacional de Investigaci\u00f3n de REDU, la Red Ecuatoriana de Universidades y Escuelas Polit\u00e9cnicas para Investigaci\u00f3n y Posgrados de la cual la Universidad de las Artes es parte y en este a\u00f1o sede de la cita.<\/p>\n\n\n\n<p>Con la moderaci\u00f3n de la doctora Yulianela P\u00e9rez, directora de Pol\u00edticas de Investigaci\u00f3n en Artes, la mesa tuvo como ponentes a Oscar Betancourt, Ana Cachimuel, Ati Cachimuel y Rommy Miller, quienes fueron detallando la experiencia formativa de la instituci\u00f3n. Cada uno tuvo un aspecto a desarrollar con respecto al proyecto educativo y las experiencias en la formaci\u00f3n multidisciplinaria que brinda.<\/p>\n\n\n\n<p>La Escuela de M\u00fasica Yarina ha sistematizado su propuesta pedag\u00f3gica en cuatro ejes, procurando siempre una experiencia inmersiva en cada uno de ellos. El primer eje, se anot\u00f3, es el de la investigaci\u00f3n participativa sobre pr\u00e1cticas y saberes que han encontrado en las distintas comunidades y en los distintos enfoques de las experiencias de vida de las comunidades.<\/p>\n\n\n<div class=\"wp-block-image\">\n<figure class=\"aligncenter size-large\"><img fetchpriority=\"high\" decoding=\"async\" width=\"644\" height=\"429\" src=\"https:\/\/www.uartes.edu.ec\/sitio\/wp-content\/uploads\/2024\/11\/02-ESCUELA-MUSICA-YARINA-644x429.jpg\" alt=\"\" class=\"wp-image-65320\" srcset=\"https:\/\/www.uartes.edu.ec\/sitio\/wp-content\/uploads\/2024\/11\/02-ESCUELA-MUSICA-YARINA-644x429.jpg 644w, https:\/\/www.uartes.edu.ec\/sitio\/wp-content\/uploads\/2024\/11\/02-ESCUELA-MUSICA-YARINA-300x200.jpg 300w, https:\/\/www.uartes.edu.ec\/sitio\/wp-content\/uploads\/2024\/11\/02-ESCUELA-MUSICA-YARINA-768x512.jpg 768w, https:\/\/www.uartes.edu.ec\/sitio\/wp-content\/uploads\/2024\/11\/02-ESCUELA-MUSICA-YARINA-1536x1024.jpg 1536w, https:\/\/www.uartes.edu.ec\/sitio\/wp-content\/uploads\/2024\/11\/02-ESCUELA-MUSICA-YARINA-18x12.jpg 18w, https:\/\/www.uartes.edu.ec\/sitio\/wp-content\/uploads\/2024\/11\/02-ESCUELA-MUSICA-YARINA-600x400.jpg 600w, https:\/\/www.uartes.edu.ec\/sitio\/wp-content\/uploads\/2024\/11\/02-ESCUELA-MUSICA-YARINA-400x267.jpg 400w, https:\/\/www.uartes.edu.ec\/sitio\/wp-content\/uploads\/2024\/11\/02-ESCUELA-MUSICA-YARINA-272x182.jpg 272w, https:\/\/www.uartes.edu.ec\/sitio\/wp-content\/uploads\/2024\/11\/02-ESCUELA-MUSICA-YARINA.jpg 2000w\" sizes=\"(max-width: 644px) 100vw, 644px\" \/><\/figure>\n<\/div>\n\n\n<p>El segundo eje mencionado fue el registro del estudio y el di\u00e1logo de saberes en torno a qu\u00e9 es lo que, como escuela y gestores de la cultura y de las artes, conocen y reconocen en las comunidades. Como tercer eje, y una vez estudiados y registrados esos saberes y esas pr\u00e1cticas, stos se resignifican con los estudiantes en el v\u00ednculo con la comunidad. El cuarto eje, finalmente, tiene que ver con la circulaci\u00f3n y la participaci\u00f3n de estas pr\u00e1cticas y saberes ya con los estudiantes de la EMY en los escenarios.<\/p>\n\n\n\n<p>En la exposici\u00f3n de la Escuela de M\u00fasica Yarina, se hizo anot\u00f3 tambi\u00e9n de la metodolog\u00eda para el aprendizaje de canto kichwa y popular, as\u00ed como del manual de viol\u00edn andino volumen 1. Se reiter\u00f3, adem\u00e1s, la necesidad e importancia de preservar la memoria oral, de contribuir a la reconstituci\u00f3n y resignificaci\u00f3n del tejido social comunitario mediante el fortalecimiento y la recuperaci\u00f3n de pr\u00e1cticas ancestrales solidarias, colaborativas y participativas.<\/p>\n\n\n<div class=\"wp-block-image\">\n<figure class=\"aligncenter size-large\"><img decoding=\"async\" width=\"644\" height=\"429\" src=\"https:\/\/www.uartes.edu.ec\/sitio\/wp-content\/uploads\/2024\/11\/03-ESCUELA-MUSICA-YARINA-644x429.jpg\" alt=\"\" class=\"wp-image-65321\" srcset=\"https:\/\/www.uartes.edu.ec\/sitio\/wp-content\/uploads\/2024\/11\/03-ESCUELA-MUSICA-YARINA-644x429.jpg 644w, https:\/\/www.uartes.edu.ec\/sitio\/wp-content\/uploads\/2024\/11\/03-ESCUELA-MUSICA-YARINA-300x200.jpg 300w, https:\/\/www.uartes.edu.ec\/sitio\/wp-content\/uploads\/2024\/11\/03-ESCUELA-MUSICA-YARINA-768x512.jpg 768w, https:\/\/www.uartes.edu.ec\/sitio\/wp-content\/uploads\/2024\/11\/03-ESCUELA-MUSICA-YARINA-1536x1024.jpg 1536w, https:\/\/www.uartes.edu.ec\/sitio\/wp-content\/uploads\/2024\/11\/03-ESCUELA-MUSICA-YARINA-18x12.jpg 18w, https:\/\/www.uartes.edu.ec\/sitio\/wp-content\/uploads\/2024\/11\/03-ESCUELA-MUSICA-YARINA-600x400.jpg 600w, https:\/\/www.uartes.edu.ec\/sitio\/wp-content\/uploads\/2024\/11\/03-ESCUELA-MUSICA-YARINA-400x267.jpg 400w, https:\/\/www.uartes.edu.ec\/sitio\/wp-content\/uploads\/2024\/11\/03-ESCUELA-MUSICA-YARINA-272x182.jpg 272w, https:\/\/www.uartes.edu.ec\/sitio\/wp-content\/uploads\/2024\/11\/03-ESCUELA-MUSICA-YARINA.jpg 2000w\" sizes=\"(max-width: 644px) 100vw, 644px\" \/><\/figure>\n<\/div>\n\n\n<p>El arte, se dijo, es un catalizador de los procesos sostenidos de transformaci\u00f3n social e impulsor de alternativas comunitarias para la dinamizaci\u00f3n de la econom\u00eda local. Investigar los ritmos y cantos tradicionales quichuas y ofrecer un espacio de formaci\u00f3n musical para las infancias y juventudes de las comunidades de la provincia de Imbabura conlleva a la construcci\u00f3n de un entorno art\u00edstico para el aprendizaje de la m\u00fasica danza quichua y la cosmovisi\u00f3n andina en un ambiente inclusivo.<\/p>\n\n\n\n<p>En su oferta formativa, EMY ofrece clases presenciales o virtuales de instrumentos, de canto, de Kichwa y cosmovisi\u00f3n andina, ensambles instrumentales y vocales, coro juvenil-infantil y clases de danza. A la participaci\u00f3n de escueala en la mesa de di\u00e1logo en el segundo d\u00eda del XI Congreso Internacional de Investigaci\u00f3n de REDU \u2013del 19 al 22 de noviembre\u2013, se adelant\u00f3 la intervenci\u00f3n que tendr\u00edan sus representantes al d\u00eda siguiente \u2013el jueves 21\u2013con los docentes y estudiantes UArtes en la misma Plaza P\u00fablica del MZ14, un trabajo art\u00edstico conjunto que contribuye a las experiencias de vinculaci\u00f3n cultural de ambas instituciones y del p\u00fablico.<\/p>","protected":false},"excerpt":{"rendered":"<p>Surgi\u00f3 en 2015 con el objetivo de investigar los ritmos y cantos tradicionales kichwas y ofrecer un espacio de formaci\u00f3n musical para los ni\u00f1os y ni\u00f1as de las comunidades de Imbabura. Es la Escuela de M\u00fasica Yarina (EMY) que estuvo presente con una mesa de di\u00e1logo en el XI Congreso Internacional de Investigaci\u00f3n de REDU, la Red Ecuatoriana de Universidades y Escuelas Polit\u00e9cnicas para Investigaci\u00f3n y Posgrados de la cual la UArtes es parte y este a\u00f1o sede de la cita.<\/p>","protected":false},"author":10,"featured_media":65319,"comment_status":"open","ping_status":"open","sticky":false,"template":"","format":"standard","meta":{"_acf_changed":false,"_uag_custom_page_level_css":"","_monsterinsights_skip_tracking":false,"_monsterinsights_sitenote_active":false,"_monsterinsights_sitenote_note":"","_monsterinsights_sitenote_category":0,"cybocfi_hide_featured_image":"","footnotes":""},"categories":[80,490,82,75,76,77,284,83],"tags":[622],"infouartes":[],"class_list":["post-65318","post","type-post","status-publish","format-standard","has-post-thumbnail","hentry","category-academico","category-alumni","category-artes","category-docentes","category-estudiantes","category-gestion","category-investigacion","category-sedes","tag-congreso"],"acf":[],"yoast_head":"<!-- This site is optimized with the Yoast SEO plugin v27.4 - https:\/\/yoast.com\/product\/yoast-seo-wordpress\/ -->\n<title>Universidad de las Artes - Escuela de M\u00fasica Yarina y su experiencia formativa en las comunidades de Imbabura<\/title>\n<meta name=\"description\" content=\"Universidad de las Artes - Escuela de M\u00fasica Yarina y su experiencia formativa en las comunidades de Imbabura\" \/>\n<meta name=\"robots\" content=\"index, follow, max-snippet:-1, max-image-preview:large, max-video-preview:-1\" \/>\n<link rel=\"canonical\" href=\"https:\/\/www.uartes.edu.ec\/sitio\/en\/blog\/2024\/11\/22\/escuela-de-musica-yarina-y-su-experiencia-formativa\/\" \/>\n<meta property=\"og:locale\" content=\"en_US\" \/>\n<meta property=\"og:type\" content=\"article\" \/>\n<meta property=\"og:title\" content=\"Universidad de las Artes - Escuela de M\u00fasica Yarina y su experiencia formativa en las comunidades de Imbabura\" \/>\n<meta property=\"og:description\" content=\"Universidad de las Artes - Escuela de M\u00fasica Yarina y su experiencia formativa en las comunidades de Imbabura\" \/>\n<meta property=\"og:url\" content=\"https:\/\/www.uartes.edu.ec\/sitio\/en\/blog\/2024\/11\/22\/escuela-de-musica-yarina-y-su-experiencia-formativa\/\" \/>\n<meta property=\"og:site_name\" content=\"Universidad de las Artes\" \/>\n<meta property=\"article:publisher\" content=\"https:\/\/www.facebook.com\/uartesec\" \/>\n<meta property=\"article:published_time\" content=\"2024-11-22T16:16:00+00:00\" \/>\n<meta property=\"article:modified_time\" content=\"2024-11-26T23:36:06+00:00\" \/>\n<meta property=\"og:image\" content=\"https:\/\/www.uartes.edu.ec\/sitio\/wp-content\/uploads\/2024\/11\/01-ESCUELA-MUSICA-YARINA.jpg\" \/>\n\t<meta property=\"og:image:width\" content=\"2000\" \/>\n\t<meta property=\"og:image:height\" content=\"1333\" \/>\n\t<meta property=\"og:image:type\" content=\"image\/jpeg\" \/>\n<meta name=\"author\" content=\"ccortez\" \/>\n<meta name=\"twitter:card\" content=\"summary_large_image\" \/>\n<meta name=\"twitter:creator\" content=\"@uartesec\" \/>\n<meta name=\"twitter:site\" content=\"@uartesec\" \/>\n<meta name=\"twitter:label1\" content=\"Written by\" \/>\n\t<meta name=\"twitter:data1\" content=\"ccortez\" \/>\n\t<meta name=\"twitter:label2\" content=\"Est. reading time\" \/>\n\t<meta name=\"twitter:data2\" content=\"4 minutes\" \/>\n<script type=\"application\/ld+json\" class=\"yoast-schema-graph\">{\"@context\":\"https:\\\/\\\/schema.org\",\"@graph\":[{\"@type\":\"Article\",\"@id\":\"https:\\\/\\\/www.uartes.edu.ec\\\/sitio\\\/en\\\/blog\\\/2024\\\/11\\\/22\\\/escuela-de-musica-yarina-y-su-experiencia-formativa\\\/#article\",\"isPartOf\":{\"@id\":\"https:\\\/\\\/www.uartes.edu.ec\\\/sitio\\\/en\\\/blog\\\/2024\\\/11\\\/22\\\/escuela-de-musica-yarina-y-su-experiencia-formativa\\\/\"},\"author\":{\"name\":\"ccortez\",\"@id\":\"https:\\\/\\\/www.uartes.edu.ec\\\/sitio\\\/en\\\/#\\\/schema\\\/person\\\/efa1b8275797664fd7f13a79ccc0b1f4\"},\"headline\":\"Escuela de M\u00fasica Yarina y su experiencia formativa en las comunidades de Imbabura\",\"datePublished\":\"2024-11-22T16:16:00+00:00\",\"dateModified\":\"2024-11-26T23:36:06+00:00\",\"mainEntityOfPage\":{\"@id\":\"https:\\\/\\\/www.uartes.edu.ec\\\/sitio\\\/en\\\/blog\\\/2024\\\/11\\\/22\\\/escuela-de-musica-yarina-y-su-experiencia-formativa\\\/\"},\"wordCount\":612,\"commentCount\":0,\"publisher\":{\"@id\":\"https:\\\/\\\/www.uartes.edu.ec\\\/sitio\\\/en\\\/#organization\"},\"image\":{\"@id\":\"https:\\\/\\\/www.uartes.edu.ec\\\/sitio\\\/en\\\/blog\\\/2024\\\/11\\\/22\\\/escuela-de-musica-yarina-y-su-experiencia-formativa\\\/#primaryimage\"},\"thumbnailUrl\":\"https:\\\/\\\/www.uartes.edu.ec\\\/sitio\\\/wp-content\\\/uploads\\\/2024\\\/11\\\/01-ESCUELA-MUSICA-YARINA.jpg\",\"keywords\":[\"congreso\"],\"articleSection\":[\"Acad\u00e9mico\",\"Alumni\",\"Artes\",\"Docentes\",\"Estudiantes\",\"Gesti\u00f3n\",\"Investigaci\u00f3n\",\"Sedes\"],\"inLanguage\":\"en-US\",\"potentialAction\":[{\"@type\":\"CommentAction\",\"name\":\"Comment\",\"target\":[\"https:\\\/\\\/www.uartes.edu.ec\\\/sitio\\\/en\\\/blog\\\/2024\\\/11\\\/22\\\/escuela-de-musica-yarina-y-su-experiencia-formativa\\\/#respond\"]}]},{\"@type\":[\"WebPage\",\"ItemPage\"],\"@id\":\"https:\\\/\\\/www.uartes.edu.ec\\\/sitio\\\/en\\\/blog\\\/2024\\\/11\\\/22\\\/escuela-de-musica-yarina-y-su-experiencia-formativa\\\/\",\"url\":\"https:\\\/\\\/www.uartes.edu.ec\\\/sitio\\\/en\\\/blog\\\/2024\\\/11\\\/22\\\/escuela-de-musica-yarina-y-su-experiencia-formativa\\\/\",\"name\":\"Universidad de las Artes - Escuela de M\u00fasica Yarina y su experiencia formativa en las comunidades de Imbabura\",\"isPartOf\":{\"@id\":\"https:\\\/\\\/www.uartes.edu.ec\\\/sitio\\\/en\\\/#website\"},\"primaryImageOfPage\":{\"@id\":\"https:\\\/\\\/www.uartes.edu.ec\\\/sitio\\\/en\\\/blog\\\/2024\\\/11\\\/22\\\/escuela-de-musica-yarina-y-su-experiencia-formativa\\\/#primaryimage\"},\"image\":{\"@id\":\"https:\\\/\\\/www.uartes.edu.ec\\\/sitio\\\/en\\\/blog\\\/2024\\\/11\\\/22\\\/escuela-de-musica-yarina-y-su-experiencia-formativa\\\/#primaryimage\"},\"thumbnailUrl\":\"https:\\\/\\\/www.uartes.edu.ec\\\/sitio\\\/wp-content\\\/uploads\\\/2024\\\/11\\\/01-ESCUELA-MUSICA-YARINA.jpg\",\"datePublished\":\"2024-11-22T16:16:00+00:00\",\"dateModified\":\"2024-11-26T23:36:06+00:00\",\"description\":\"Universidad de las Artes - Escuela de M\u00fasica Yarina y su experiencia formativa en las comunidades de Imbabura\",\"breadcrumb\":{\"@id\":\"https:\\\/\\\/www.uartes.edu.ec\\\/sitio\\\/en\\\/blog\\\/2024\\\/11\\\/22\\\/escuela-de-musica-yarina-y-su-experiencia-formativa\\\/#breadcrumb\"},\"inLanguage\":\"en-US\",\"potentialAction\":[{\"@type\":\"ReadAction\",\"target\":[\"https:\\\/\\\/www.uartes.edu.ec\\\/sitio\\\/en\\\/blog\\\/2024\\\/11\\\/22\\\/escuela-de-musica-yarina-y-su-experiencia-formativa\\\/\"]}]},{\"@type\":\"ImageObject\",\"inLanguage\":\"en-US\",\"@id\":\"https:\\\/\\\/www.uartes.edu.ec\\\/sitio\\\/en\\\/blog\\\/2024\\\/11\\\/22\\\/escuela-de-musica-yarina-y-su-experiencia-formativa\\\/#primaryimage\",\"url\":\"https:\\\/\\\/www.uartes.edu.ec\\\/sitio\\\/wp-content\\\/uploads\\\/2024\\\/11\\\/01-ESCUELA-MUSICA-YARINA.jpg\",\"contentUrl\":\"https:\\\/\\\/www.uartes.edu.ec\\\/sitio\\\/wp-content\\\/uploads\\\/2024\\\/11\\\/01-ESCUELA-MUSICA-YARINA.jpg\",\"width\":2000,\"height\":1333},{\"@type\":\"BreadcrumbList\",\"@id\":\"https:\\\/\\\/www.uartes.edu.ec\\\/sitio\\\/en\\\/blog\\\/2024\\\/11\\\/22\\\/escuela-de-musica-yarina-y-su-experiencia-formativa\\\/#breadcrumb\",\"itemListElement\":[{\"@type\":\"ListItem\",\"position\":1,\"name\":\"Inicio\",\"item\":\"https:\\\/\\\/www.uartes.edu.ec\\\/sitio\\\/\"},{\"@type\":\"ListItem\",\"position\":2,\"name\":\"Escuela de M\u00fasica Yarina y su experiencia formativa en las comunidades de Imbabura\"}]},{\"@type\":\"WebSite\",\"@id\":\"https:\\\/\\\/www.uartes.edu.ec\\\/sitio\\\/en\\\/#website\",\"url\":\"https:\\\/\\\/www.uartes.edu.ec\\\/sitio\\\/en\\\/\",\"name\":\"Universidad de las Artes\",\"description\":\"Sitio oficial de la Universidad Nacional de las Artes del Ecuador\",\"publisher\":{\"@id\":\"https:\\\/\\\/www.uartes.edu.ec\\\/sitio\\\/en\\\/#organization\"},\"potentialAction\":[{\"@type\":\"SearchAction\",\"target\":{\"@type\":\"EntryPoint\",\"urlTemplate\":\"https:\\\/\\\/www.uartes.edu.ec\\\/sitio\\\/en\\\/?s={search_term_string}\"},\"query-input\":{\"@type\":\"PropertyValueSpecification\",\"valueRequired\":true,\"valueName\":\"search_term_string\"}}],\"inLanguage\":\"en-US\"},{\"@type\":\"Organization\",\"@id\":\"https:\\\/\\\/www.uartes.edu.ec\\\/sitio\\\/en\\\/#organization\",\"name\":\"Universidad de las Artes\",\"url\":\"https:\\\/\\\/www.uartes.edu.ec\\\/sitio\\\/en\\\/\",\"logo\":{\"@type\":\"ImageObject\",\"inLanguage\":\"en-US\",\"@id\":\"https:\\\/\\\/www.uartes.edu.ec\\\/sitio\\\/en\\\/#\\\/schema\\\/logo\\\/image\\\/\",\"url\":\"https:\\\/\\\/www.uartes.edu.ec\\\/sitio\\\/wp-content\\\/uploads\\\/2022\\\/07\\\/logo-ua-horizontal.png\",\"contentUrl\":\"https:\\\/\\\/www.uartes.edu.ec\\\/sitio\\\/wp-content\\\/uploads\\\/2022\\\/07\\\/logo-ua-horizontal.png\",\"width\":800,\"height\":276,\"caption\":\"Universidad de las Artes\"},\"image\":{\"@id\":\"https:\\\/\\\/www.uartes.edu.ec\\\/sitio\\\/en\\\/#\\\/schema\\\/logo\\\/image\\\/\"},\"sameAs\":[\"https:\\\/\\\/www.facebook.com\\\/uartesec\",\"https:\\\/\\\/x.com\\\/uartesec\",\"https:\\\/\\\/www.tiktok.com\\\/@uartesec\"]},{\"@type\":\"Person\",\"@id\":\"https:\\\/\\\/www.uartes.edu.ec\\\/sitio\\\/en\\\/#\\\/schema\\\/person\\\/efa1b8275797664fd7f13a79ccc0b1f4\",\"name\":\"ccortez\",\"image\":{\"@type\":\"ImageObject\",\"inLanguage\":\"en-US\",\"@id\":\"https:\\\/\\\/secure.gravatar.com\\\/avatar\\\/b2a6f664a3ae8e074346ef91775736c5ec479e637ecced6842de9dc98b5da9cd?s=96&d=mm&r=g\",\"url\":\"https:\\\/\\\/secure.gravatar.com\\\/avatar\\\/b2a6f664a3ae8e074346ef91775736c5ec479e637ecced6842de9dc98b5da9cd?s=96&d=mm&r=g\",\"contentUrl\":\"https:\\\/\\\/secure.gravatar.com\\\/avatar\\\/b2a6f664a3ae8e074346ef91775736c5ec479e637ecced6842de9dc98b5da9cd?s=96&d=mm&r=g\",\"caption\":\"ccortez\"},\"url\":\"https:\\\/\\\/www.uartes.edu.ec\\\/sitio\\\/en\\\/blog\\\/author\\\/ccortez\\\/\"}]}<\/script>\n<!-- \/ Yoast SEO plugin. -->","yoast_head_json":{"title":"Universidad de las Artes - Escuela de M\u00fasica Yarina y su experiencia formativa en las comunidades de Imbabura","description":"Universidad de las Artes - Escuela de M\u00fasica Yarina y su experiencia formativa en las comunidades de Imbabura","robots":{"index":"index","follow":"follow","max-snippet":"max-snippet:-1","max-image-preview":"max-image-preview:large","max-video-preview":"max-video-preview:-1"},"canonical":"https:\/\/www.uartes.edu.ec\/sitio\/en\/blog\/2024\/11\/22\/escuela-de-musica-yarina-y-su-experiencia-formativa\/","og_locale":"en_US","og_type":"article","og_title":"Universidad de las Artes - Escuela de M\u00fasica Yarina y su experiencia formativa en las comunidades de Imbabura","og_description":"Universidad de las Artes - Escuela de M\u00fasica Yarina y su experiencia formativa en las comunidades de Imbabura","og_url":"https:\/\/www.uartes.edu.ec\/sitio\/en\/blog\/2024\/11\/22\/escuela-de-musica-yarina-y-su-experiencia-formativa\/","og_site_name":"Universidad de las Artes","article_publisher":"https:\/\/www.facebook.com\/uartesec","article_published_time":"2024-11-22T16:16:00+00:00","article_modified_time":"2024-11-26T23:36:06+00:00","og_image":[{"width":2000,"height":1333,"url":"https:\/\/www.uartes.edu.ec\/sitio\/wp-content\/uploads\/2024\/11\/01-ESCUELA-MUSICA-YARINA.jpg","type":"image\/jpeg"}],"author":"ccortez","twitter_card":"summary_large_image","twitter_creator":"@uartesec","twitter_site":"@uartesec","twitter_misc":{"Written by":"ccortez","Est. reading time":"4 minutes"},"schema":{"@context":"https:\/\/schema.org","@graph":[{"@type":"Article","@id":"https:\/\/www.uartes.edu.ec\/sitio\/en\/blog\/2024\/11\/22\/escuela-de-musica-yarina-y-su-experiencia-formativa\/#article","isPartOf":{"@id":"https:\/\/www.uartes.edu.ec\/sitio\/en\/blog\/2024\/11\/22\/escuela-de-musica-yarina-y-su-experiencia-formativa\/"},"author":{"name":"ccortez","@id":"https:\/\/www.uartes.edu.ec\/sitio\/en\/#\/schema\/person\/efa1b8275797664fd7f13a79ccc0b1f4"},"headline":"Escuela de M\u00fasica Yarina y su experiencia formativa en las comunidades de Imbabura","datePublished":"2024-11-22T16:16:00+00:00","dateModified":"2024-11-26T23:36:06+00:00","mainEntityOfPage":{"@id":"https:\/\/www.uartes.edu.ec\/sitio\/en\/blog\/2024\/11\/22\/escuela-de-musica-yarina-y-su-experiencia-formativa\/"},"wordCount":612,"commentCount":0,"publisher":{"@id":"https:\/\/www.uartes.edu.ec\/sitio\/en\/#organization"},"image":{"@id":"https:\/\/www.uartes.edu.ec\/sitio\/en\/blog\/2024\/11\/22\/escuela-de-musica-yarina-y-su-experiencia-formativa\/#primaryimage"},"thumbnailUrl":"https:\/\/www.uartes.edu.ec\/sitio\/wp-content\/uploads\/2024\/11\/01-ESCUELA-MUSICA-YARINA.jpg","keywords":["congreso"],"articleSection":["Acad\u00e9mico","Alumni","Artes","Docentes","Estudiantes","Gesti\u00f3n","Investigaci\u00f3n","Sedes"],"inLanguage":"en-US","potentialAction":[{"@type":"CommentAction","name":"Comment","target":["https:\/\/www.uartes.edu.ec\/sitio\/en\/blog\/2024\/11\/22\/escuela-de-musica-yarina-y-su-experiencia-formativa\/#respond"]}]},{"@type":["WebPage","ItemPage"],"@id":"https:\/\/www.uartes.edu.ec\/sitio\/en\/blog\/2024\/11\/22\/escuela-de-musica-yarina-y-su-experiencia-formativa\/","url":"https:\/\/www.uartes.edu.ec\/sitio\/en\/blog\/2024\/11\/22\/escuela-de-musica-yarina-y-su-experiencia-formativa\/","name":"Universidad de las Artes - Escuela de M\u00fasica Yarina y su experiencia formativa en las comunidades de Imbabura","isPartOf":{"@id":"https:\/\/www.uartes.edu.ec\/sitio\/en\/#website"},"primaryImageOfPage":{"@id":"https:\/\/www.uartes.edu.ec\/sitio\/en\/blog\/2024\/11\/22\/escuela-de-musica-yarina-y-su-experiencia-formativa\/#primaryimage"},"image":{"@id":"https:\/\/www.uartes.edu.ec\/sitio\/en\/blog\/2024\/11\/22\/escuela-de-musica-yarina-y-su-experiencia-formativa\/#primaryimage"},"thumbnailUrl":"https:\/\/www.uartes.edu.ec\/sitio\/wp-content\/uploads\/2024\/11\/01-ESCUELA-MUSICA-YARINA.jpg","datePublished":"2024-11-22T16:16:00+00:00","dateModified":"2024-11-26T23:36:06+00:00","description":"Universidad de las Artes - Escuela de M\u00fasica Yarina y su experiencia formativa en las comunidades de Imbabura","breadcrumb":{"@id":"https:\/\/www.uartes.edu.ec\/sitio\/en\/blog\/2024\/11\/22\/escuela-de-musica-yarina-y-su-experiencia-formativa\/#breadcrumb"},"inLanguage":"en-US","potentialAction":[{"@type":"ReadAction","target":["https:\/\/www.uartes.edu.ec\/sitio\/en\/blog\/2024\/11\/22\/escuela-de-musica-yarina-y-su-experiencia-formativa\/"]}]},{"@type":"ImageObject","inLanguage":"en-US","@id":"https:\/\/www.uartes.edu.ec\/sitio\/en\/blog\/2024\/11\/22\/escuela-de-musica-yarina-y-su-experiencia-formativa\/#primaryimage","url":"https:\/\/www.uartes.edu.ec\/sitio\/wp-content\/uploads\/2024\/11\/01-ESCUELA-MUSICA-YARINA.jpg","contentUrl":"https:\/\/www.uartes.edu.ec\/sitio\/wp-content\/uploads\/2024\/11\/01-ESCUELA-MUSICA-YARINA.jpg","width":2000,"height":1333},{"@type":"BreadcrumbList","@id":"https:\/\/www.uartes.edu.ec\/sitio\/en\/blog\/2024\/11\/22\/escuela-de-musica-yarina-y-su-experiencia-formativa\/#breadcrumb","itemListElement":[{"@type":"ListItem","position":1,"name":"Inicio","item":"https:\/\/www.uartes.edu.ec\/sitio\/"},{"@type":"ListItem","position":2,"name":"Escuela de M\u00fasica Yarina y su experiencia formativa en las comunidades de Imbabura"}]},{"@type":"WebSite","@id":"https:\/\/www.uartes.edu.ec\/sitio\/en\/#website","url":"https:\/\/www.uartes.edu.ec\/sitio\/en\/","name":"Universidad de las Artes","description":"Sitio oficial de la Universidad Nacional de las Artes del Ecuador","publisher":{"@id":"https:\/\/www.uartes.edu.ec\/sitio\/en\/#organization"},"potentialAction":[{"@type":"SearchAction","target":{"@type":"EntryPoint","urlTemplate":"https:\/\/www.uartes.edu.ec\/sitio\/en\/?s={search_term_string}"},"query-input":{"@type":"PropertyValueSpecification","valueRequired":true,"valueName":"search_term_string"}}],"inLanguage":"en-US"},{"@type":"Organization","@id":"https:\/\/www.uartes.edu.ec\/sitio\/en\/#organization","name":"Universidad de las Artes","url":"https:\/\/www.uartes.edu.ec\/sitio\/en\/","logo":{"@type":"ImageObject","inLanguage":"en-US","@id":"https:\/\/www.uartes.edu.ec\/sitio\/en\/#\/schema\/logo\/image\/","url":"https:\/\/www.uartes.edu.ec\/sitio\/wp-content\/uploads\/2022\/07\/logo-ua-horizontal.png","contentUrl":"https:\/\/www.uartes.edu.ec\/sitio\/wp-content\/uploads\/2022\/07\/logo-ua-horizontal.png","width":800,"height":276,"caption":"Universidad de las Artes"},"image":{"@id":"https:\/\/www.uartes.edu.ec\/sitio\/en\/#\/schema\/logo\/image\/"},"sameAs":["https:\/\/www.facebook.com\/uartesec","https:\/\/x.com\/uartesec","https:\/\/www.tiktok.com\/@uartesec"]},{"@type":"Person","@id":"https:\/\/www.uartes.edu.ec\/sitio\/en\/#\/schema\/person\/efa1b8275797664fd7f13a79ccc0b1f4","name":"ccortez","image":{"@type":"ImageObject","inLanguage":"en-US","@id":"https:\/\/secure.gravatar.com\/avatar\/b2a6f664a3ae8e074346ef91775736c5ec479e637ecced6842de9dc98b5da9cd?s=96&d=mm&r=g","url":"https:\/\/secure.gravatar.com\/avatar\/b2a6f664a3ae8e074346ef91775736c5ec479e637ecced6842de9dc98b5da9cd?s=96&d=mm&r=g","contentUrl":"https:\/\/secure.gravatar.com\/avatar\/b2a6f664a3ae8e074346ef91775736c5ec479e637ecced6842de9dc98b5da9cd?s=96&d=mm&r=g","caption":"ccortez"},"url":"https:\/\/www.uartes.edu.ec\/sitio\/en\/blog\/author\/ccortez\/"}]}},"uagb_featured_image_src":{"full":["https:\/\/www.uartes.edu.ec\/sitio\/wp-content\/uploads\/2024\/11\/01-ESCUELA-MUSICA-YARINA.jpg",2000,1333,false],"thumbnail":["https:\/\/www.uartes.edu.ec\/sitio\/wp-content\/uploads\/2024\/11\/01-ESCUELA-MUSICA-YARINA-150x150.jpg",150,150,true],"medium":["https:\/\/www.uartes.edu.ec\/sitio\/wp-content\/uploads\/2024\/11\/01-ESCUELA-MUSICA-YARINA-300x200.jpg",300,200,true],"medium_large":["https:\/\/www.uartes.edu.ec\/sitio\/wp-content\/uploads\/2024\/11\/01-ESCUELA-MUSICA-YARINA-768x512.jpg",768,512,true],"large":["https:\/\/www.uartes.edu.ec\/sitio\/wp-content\/uploads\/2024\/11\/01-ESCUELA-MUSICA-YARINA-644x429.jpg",644,429,true],"1536x1536":["https:\/\/www.uartes.edu.ec\/sitio\/wp-content\/uploads\/2024\/11\/01-ESCUELA-MUSICA-YARINA-1536x1024.jpg",1536,1024,true],"2048x2048":["https:\/\/www.uartes.edu.ec\/sitio\/wp-content\/uploads\/2024\/11\/01-ESCUELA-MUSICA-YARINA.jpg",2000,1333,false],"trp-custom-language-flag":["https:\/\/www.uartes.edu.ec\/sitio\/wp-content\/uploads\/2024\/11\/01-ESCUELA-MUSICA-YARINA-18x12.jpg",18,12,true],"htmega_size_585x295":["https:\/\/www.uartes.edu.ec\/sitio\/wp-content\/uploads\/2024\/11\/01-ESCUELA-MUSICA-YARINA-585x295.jpg",585,295,true],"htmega_size_1170x536":["https:\/\/www.uartes.edu.ec\/sitio\/wp-content\/uploads\/2024\/11\/01-ESCUELA-MUSICA-YARINA-1170x536.jpg",1170,536,true],"htmega_size_396x360":["https:\/\/www.uartes.edu.ec\/sitio\/wp-content\/uploads\/2024\/11\/01-ESCUELA-MUSICA-YARINA-396x360.jpg",396,360,true],"gb-block-post-grid-landscape":["https:\/\/www.uartes.edu.ec\/sitio\/wp-content\/uploads\/2024\/11\/01-ESCUELA-MUSICA-YARINA-600x400.jpg",600,400,true],"gb-block-post-grid-square":["https:\/\/www.uartes.edu.ec\/sitio\/wp-content\/uploads\/2024\/11\/01-ESCUELA-MUSICA-YARINA-600x600.jpg",600,600,true],"university-hub-thumb":["https:\/\/www.uartes.edu.ec\/sitio\/wp-content\/uploads\/2024\/11\/01-ESCUELA-MUSICA-YARINA-400x267.jpg",400,267,true],"mailpoet_newsletter_max":["https:\/\/www.uartes.edu.ec\/sitio\/wp-content\/uploads\/2024\/11\/01-ESCUELA-MUSICA-YARINA.jpg",1320,880,false]},"uagb_author_info":{"display_name":"ccortez","author_link":"https:\/\/www.uartes.edu.ec\/sitio\/en\/blog\/author\/ccortez\/"},"uagb_comment_info":0,"uagb_excerpt":"Surgi\u00f3 en 2015 con el objetivo de investigar los ritmos y cantos tradicionales kichwas y ofrecer un espacio de formaci\u00f3n musical para los ni\u00f1os y ni\u00f1as de las comunidades de Imbabura. Es la Escuela de M\u00fasica Yarina (EMY) que estuvo presente con una mesa de di\u00e1logo en el XI Congreso Internacional de Investigaci\u00f3n de REDU,&hellip;","featured_image_src":"https:\/\/www.uartes.edu.ec\/sitio\/wp-content\/uploads\/2024\/11\/01-ESCUELA-MUSICA-YARINA-600x400.jpg","featured_image_src_square":"https:\/\/www.uartes.edu.ec\/sitio\/wp-content\/uploads\/2024\/11\/01-ESCUELA-MUSICA-YARINA-600x600.jpg","author_info":{"display_name":"ccortez","author_link":"https:\/\/www.uartes.edu.ec\/sitio\/en\/blog\/author\/ccortez\/"},"publishpress_future_workflow_manual_trigger":{"enabledWorkflows":[]},"distributor_meta":false,"distributor_terms":false,"distributor_media":false,"distributor_original_site_name":"Universidad de las Artes","distributor_original_site_url":"https:\/\/www.uartes.edu.ec\/sitio\/en","push-errors":false,"_links":{"self":[{"href":"https:\/\/www.uartes.edu.ec\/sitio\/en\/wp-json\/wp\/v2\/posts\/65318","targetHints":{"allow":["GET"]}}],"collection":[{"href":"https:\/\/www.uartes.edu.ec\/sitio\/en\/wp-json\/wp\/v2\/posts"}],"about":[{"href":"https:\/\/www.uartes.edu.ec\/sitio\/en\/wp-json\/wp\/v2\/types\/post"}],"author":[{"embeddable":true,"href":"https:\/\/www.uartes.edu.ec\/sitio\/en\/wp-json\/wp\/v2\/users\/10"}],"replies":[{"embeddable":true,"href":"https:\/\/www.uartes.edu.ec\/sitio\/en\/wp-json\/wp\/v2\/comments?post=65318"}],"version-history":[{"count":3,"href":"https:\/\/www.uartes.edu.ec\/sitio\/en\/wp-json\/wp\/v2\/posts\/65318\/revisions"}],"predecessor-version":[{"id":65326,"href":"https:\/\/www.uartes.edu.ec\/sitio\/en\/wp-json\/wp\/v2\/posts\/65318\/revisions\/65326"}],"wp:featuredmedia":[{"embeddable":true,"href":"https:\/\/www.uartes.edu.ec\/sitio\/en\/wp-json\/wp\/v2\/media\/65319"}],"wp:attachment":[{"href":"https:\/\/www.uartes.edu.ec\/sitio\/en\/wp-json\/wp\/v2\/media?parent=65318"}],"wp:term":[{"taxonomy":"category","embeddable":true,"href":"https:\/\/www.uartes.edu.ec\/sitio\/en\/wp-json\/wp\/v2\/categories?post=65318"},{"taxonomy":"post_tag","embeddable":true,"href":"https:\/\/www.uartes.edu.ec\/sitio\/en\/wp-json\/wp\/v2\/tags?post=65318"},{"taxonomy":"infouartes","embeddable":true,"href":"https:\/\/www.uartes.edu.ec\/sitio\/en\/wp-json\/wp\/v2\/infouartes?post=65318"}],"curies":[{"name":"wp","href":"https:\/\/api.w.org\/{rel}","templated":true}]}}