{"id":65580,"date":"2024-09-27T10:50:00","date_gmt":"2024-09-27T15:50:00","guid":{"rendered":"https:\/\/www.uartes.edu.ec\/sitio\/?p=65580"},"modified":"2024-12-03T19:07:09","modified_gmt":"2024-12-04T00:07:09","slug":"siempre-efimeros-nunca-sin-memoria-entra-a-su-ultima-semana-en-el-cac-y-hasta-el-momento-registra-mas-de-18-000-visitantes","status":"publish","type":"post","link":"https:\/\/www.uartes.edu.ec\/sitio\/en\/blog\/2024\/09\/27\/siempre-efimeros-nunca-sin-memoria-entra-a-su-ultima-semana-en-el-cac-y-hasta-el-momento-registra-mas-de-18-000-visitantes\/","title":{"rendered":"\u201cSiempre ef\u00edmeros, nunca sin memoria\u201d entra a su \u00faltima semana en el CAC y hasta el momento registra m\u00e1s de 18.000 visitas"},"content":{"rendered":"<p>La muestra \u201cSiempre ef\u00edmeros, nunca sin memoria\u201d iniciar\u00e1 el lunes 30 de septiembre su \u00faltima semana en el Centro de Arte Contempor\u00e1neo (CAC), donde se inaugur\u00f3 el pasado 31 de mayo. Una propuesta in\u00e9dita que recoge cuatro d\u00e9cadas del llamado arte de calle en Ecuador y cuyo proceso de gesti\u00f3n e investigaci\u00f3n tom\u00f3 m\u00e1s de tres a\u00f1os, anota la docente UArtes Mar\u00eda Fernanda L\u00f3pez, quien particip\u00f3 en su conceptualizaci\u00f3n, gesti\u00f3n, producci\u00f3n, montaje y curadur\u00eda.<\/p>\n\n\n\n<p>\u201cUn proyecto de largo aliento con condiciones muy distintas a las de un festival o un ciclo de intervenciones. Hemos atendido a m\u00e1s de 18.000 visitantes, quienes han podido conocer m\u00e1s sobre la historia del arte ecuatoriano que habita las calles\u201d, agreg\u00f3 L\u00f3pez de la exposici\u00f3n que se mantendr\u00e1 hasta este 6 de octubre.<\/p>\n\n\n\n<p>\u201cSiempre ef\u00edmeros, nunca sin memoria\u201d nace como un esfuerzo colectivo de visibilidad e inclusi\u00f3n de las narrativas urbanas en el espacio museo, representa una recopilaci\u00f3n de lenguajes del arte urbano, como ilustraci\u00f3n de gran formato, graffiti, mural contempor\u00e1neo, paste up, stencil y sticker. La muestra visibiliza la producci\u00f3n de m\u00e1s de 300 artistas que han sido referentes de este movimiento en el pa\u00eds y la regi\u00f3n, y que provienen de la Costa, Sierra, Oriente y Regi\u00f3n Insular.<\/p>\n\n\n\n<p>Tambi\u00e9n rinde homenaje a los artistas que han fallecido, como el rapero y grafitero quite\u00f1o&nbsp;Fausto Gortaire&nbsp;(Marmota) o la ibarre\u00f1a&nbsp;Gabriela Ayala&nbsp;(Elizabetha Gabriel), cuyo arte qued\u00f3 plasmado en muros de B\u00e9lgica, Colombia, M\u00e9xico, Argentina, Bolivia y Chile.<\/p>\n\n\n\n<p>La propuesta curatorial de L\u00f3pez es una invitaci\u00f3n a reflexionar sobre la efimeridad y la memoria en el contexto del arte urbano. \u201cSiempre ef\u00edmeros, nunca sin memoria\u201d, es un hito ya que se constituye como la primera muestra de arte urbano en el pa\u00eds, planteada para las salas principales de un espacio institucional especializado en arte contempor\u00e1neo.<\/p>\n\n\n<div class=\"wp-block-image\">\n<figure class=\"aligncenter size-large\"><img fetchpriority=\"high\" decoding=\"async\" width=\"644\" height=\"429\" src=\"https:\/\/www.uartes.edu.ec\/sitio\/wp-content\/uploads\/2024\/12\/04-SIEMPRE-EFIMERO-NUNCA-SIN-MEMORIA-644x429.jpg\" alt=\"\" class=\"wp-image-65582\" srcset=\"https:\/\/www.uartes.edu.ec\/sitio\/wp-content\/uploads\/2024\/12\/04-SIEMPRE-EFIMERO-NUNCA-SIN-MEMORIA-644x429.jpg 644w, https:\/\/www.uartes.edu.ec\/sitio\/wp-content\/uploads\/2024\/12\/04-SIEMPRE-EFIMERO-NUNCA-SIN-MEMORIA-300x200.jpg 300w, https:\/\/www.uartes.edu.ec\/sitio\/wp-content\/uploads\/2024\/12\/04-SIEMPRE-EFIMERO-NUNCA-SIN-MEMORIA-768x512.jpg 768w, https:\/\/www.uartes.edu.ec\/sitio\/wp-content\/uploads\/2024\/12\/04-SIEMPRE-EFIMERO-NUNCA-SIN-MEMORIA-1536x1024.jpg 1536w, https:\/\/www.uartes.edu.ec\/sitio\/wp-content\/uploads\/2024\/12\/04-SIEMPRE-EFIMERO-NUNCA-SIN-MEMORIA-18x12.jpg 18w, https:\/\/www.uartes.edu.ec\/sitio\/wp-content\/uploads\/2024\/12\/04-SIEMPRE-EFIMERO-NUNCA-SIN-MEMORIA-600x400.jpg 600w, https:\/\/www.uartes.edu.ec\/sitio\/wp-content\/uploads\/2024\/12\/04-SIEMPRE-EFIMERO-NUNCA-SIN-MEMORIA-400x267.jpg 400w, https:\/\/www.uartes.edu.ec\/sitio\/wp-content\/uploads\/2024\/12\/04-SIEMPRE-EFIMERO-NUNCA-SIN-MEMORIA-272x182.jpg 272w, https:\/\/www.uartes.edu.ec\/sitio\/wp-content\/uploads\/2024\/12\/04-SIEMPRE-EFIMERO-NUNCA-SIN-MEMORIA.jpg 2000w\" sizes=\"(max-width: 644px) 100vw, 644px\" \/><\/figure>\n<\/div>\n\n\n<p>Hasta el momento, puesto que a\u00fan le queda una semana a la exhibici\u00f3n, observa un r\u00e9cord de asistencia al Centro de Arte Contempor\u00e1neo, un n\u00famero importante que evidencia que la propuesta en ese espacio surti\u00f3 efecto y tuvo el alcance que esper\u00e1bamos. L\u00f3pez lo menciona reflexionando en que las nuevas generaciones, tanto infancias como adolescencias, y la gente adulta, han podido leer la ciudad contempor\u00e1nea de una forma distinta que puede entender las manifestaciones de arte de calle, las cuales son diversas.<\/p>\n\n\n\n<p>Ha sido muy importante la participaci\u00f3n de nuestros alumni, como Rafaela Salazar, quien present\u00f3 un inserto de su tesis de grado, la cual corresponde a una peque\u00f1a investigaci\u00f3n sobre el punk en Guayaquil desde los a\u00f1os 80. \u201cEs important\u00edsimo que podamos ver c\u00f3mo la investigaci\u00f3n en artes tiene otros repositorios, no \u00fanicamente el paper acad\u00e9mico ni las revistas indexadas\u201d.<\/p>\n\n\n\n<p>De los graduados y estudiantes UArtes presentes en el CAC, Mar\u00eda Fernanda L\u00f3pez tambi\u00e9n mencion\u00f3 a Adri\u00e1n Ram\u00edrez, Marco S\u00e1enz y Amy Jaramillo, y reiter\u00f3 la importancia de estar en ese espacio que es parte del Sistema Nacional de Cultura.<\/p>\n\n\n\n<p>En Guayaquil fuimos pioneros en cuanto a abrir espacios para el Arte Urbano. \u201cEmpezamos con \u2018Nadie se me baja de la patineta\u2019 en el Museo Nahim Isa\u00edas, luego \u2018Cartograf\u00edas paganas\u2019 y \u2018Cartograf\u00edas del encierro\u2019 en el Museo de Arte Contempor\u00e1neo y Antropol\u00f3gico (MAAC). Tambi\u00e9n hemos trabajado muy de cerca con la Alianza Francesa tanto de Guayaquil como de Cuenca. Ha sido un poco largo el camino andado hasta llegar al Centro de Arte Contempor\u00e1neo con una exposici\u00f3n que cuenta con m\u00e1s de 300 artistas en escena, provenientes de varias ciudades y provincias del pa\u00eds\u201d.&nbsp;<\/p>\n\n\n\n<p>Para la jornada de cierre se est\u00e1 programando presentaciones con varios artistas urbanos, como una selecci\u00f3n audiovisual en torno al arte de calle en Guayaquil de Amy Jaramillo, anot\u00f3 L\u00f3pez sin dar mayores detalles, puesto que la actividad se est\u00e1 organizando. Lo que s\u00ed revel\u00f3 y destac\u00f3 fue que la muestra \u201cSiempre ef\u00edmeros, nunca sin memoria\u201d cont\u00f3 para su producci\u00f3n con la colaboraci\u00f3n de Avelina Kingman y Mart\u00edn L\u00f3pez.<\/p>\n\n\n\n<p>La docente UArtes confes\u00f3 tambi\u00e9n su aspiraci\u00f3n de que \u201cSiempre ef\u00edmeros, nunca sin memoria\u201d sea expuesta en la Universidad de las Artes. Y en el marco del arte urbano, cont\u00f3 que hemos sido invitados \u2013pues considera que cada participaci\u00f3n que tiene a nivel nacional e internacional es como investigadora y docente UArtes\u2013 para brindar una conferencia en la Alianza Francesa de Trujillo, donde hablar\u00e1 de los procesos curatoriales contempor\u00e1neos y otra, v\u00eda online, con el Museo Nacional de Colombia para Ibermuseos, justamente para compartir la experiencia de la muestra en el CAC, como espacios de construcci\u00f3n de memoria y paz. <\/p>\n\n\n\n<p><\/p>","protected":false},"excerpt":{"rendered":"<p>La muestra \u201cSiempre ef\u00edmeros, nunca sin memoria\u201d iniciar\u00e1 el 30 de septiembre su \u00faltima semana en el Centro de Arte Contempor\u00e1neo (CAC), donde se inaugur\u00f3 el 31 de mayo. La propuesta recoge cuatro d\u00e9cadas del arte de calle en Ecuador, un proceso de gesti\u00f3n e investigaci\u00f3n que tom\u00f3 m\u00e1s de tres a\u00f1os, anota la docente Mar\u00eda Fernanda L\u00f3pez, su curadora. M\u00e1s de 18.000 visitas ha tenido; su cierre es el 6 de octubre.<\/p>","protected":false},"author":10,"featured_media":65581,"comment_status":"open","ping_status":"open","sticky":false,"template":"","format":"standard","meta":{"_acf_changed":false,"_uag_custom_page_level_css":"","_monsterinsights_skip_tracking":false,"_monsterinsights_sitenote_active":false,"_monsterinsights_sitenote_note":"","_monsterinsights_sitenote_category":0,"cybocfi_hide_featured_image":"","footnotes":""},"categories":[80,75,77,284,83,174],"tags":[517],"infouartes":[],"class_list":["post-65580","post","type-post","status-publish","format-standard","has-post-thumbnail","hentry","category-academico","category-docentes","category-gestion","category-investigacion","category-sedes","category-transversal","tag-exposicion"],"acf":[],"yoast_head":"<!-- This site is optimized with the Yoast SEO plugin v27.4 - https:\/\/yoast.com\/product\/yoast-seo-wordpress\/ -->\n<title>Universidad de las Artes - \u201cSiempre ef\u00edmeros, nunca sin memoria\u201d entra a su \u00faltima semana en el CAC y hasta el momento registra m\u00e1s de 18.000 visitas<\/title>\n<meta name=\"description\" content=\"Universidad de las Artes - \u201cSiempre ef\u00edmeros, nunca sin memoria\u201d entra a su \u00faltima semana en el CAC y hasta el momento registra m\u00e1s de 18.000 visitas\" \/>\n<meta name=\"robots\" content=\"index, follow, max-snippet:-1, max-image-preview:large, max-video-preview:-1\" \/>\n<link rel=\"canonical\" href=\"https:\/\/www.uartes.edu.ec\/sitio\/en\/blog\/2024\/09\/27\/siempre-efimeros-nunca-sin-memoria-entra-a-su-ultima-semana-en-el-cac-y-hasta-el-momento-registra-mas-de-18-000-visitantes\/\" \/>\n<meta property=\"og:locale\" content=\"en_US\" \/>\n<meta property=\"og:type\" content=\"article\" \/>\n<meta property=\"og:title\" content=\"Universidad de las Artes - \u201cSiempre ef\u00edmeros, nunca sin memoria\u201d entra a su \u00faltima semana en el CAC y hasta el momento registra m\u00e1s de 18.000 visitas\" \/>\n<meta property=\"og:description\" content=\"Universidad de las Artes - \u201cSiempre ef\u00edmeros, nunca sin memoria\u201d entra a su \u00faltima semana en el CAC y hasta el momento registra m\u00e1s de 18.000 visitas\" \/>\n<meta property=\"og:url\" content=\"https:\/\/www.uartes.edu.ec\/sitio\/en\/blog\/2024\/09\/27\/siempre-efimeros-nunca-sin-memoria-entra-a-su-ultima-semana-en-el-cac-y-hasta-el-momento-registra-mas-de-18-000-visitantes\/\" \/>\n<meta property=\"og:site_name\" content=\"Universidad de las Artes\" \/>\n<meta property=\"article:publisher\" content=\"https:\/\/www.facebook.com\/uartesec\" \/>\n<meta property=\"article:published_time\" content=\"2024-09-27T15:50:00+00:00\" \/>\n<meta property=\"article:modified_time\" content=\"2024-12-04T00:07:09+00:00\" \/>\n<meta property=\"og:image\" content=\"https:\/\/www.uartes.edu.ec\/sitio\/wp-content\/uploads\/2024\/12\/05-SIEMPRE-EFIMERO-NUNCA-SIN-MEMORIA.jpg\" \/>\n\t<meta property=\"og:image:width\" content=\"2000\" \/>\n\t<meta property=\"og:image:height\" content=\"1333\" \/>\n\t<meta property=\"og:image:type\" content=\"image\/jpeg\" \/>\n<meta name=\"author\" content=\"ccortez\" \/>\n<meta name=\"twitter:card\" content=\"summary_large_image\" \/>\n<meta name=\"twitter:creator\" content=\"@uartesec\" \/>\n<meta name=\"twitter:site\" content=\"@uartesec\" \/>\n<meta name=\"twitter:label1\" content=\"Written by\" \/>\n\t<meta name=\"twitter:data1\" content=\"ccortez\" \/>\n\t<meta name=\"twitter:label2\" content=\"Est. reading time\" \/>\n\t<meta name=\"twitter:data2\" content=\"4 minutes\" \/>\n<script type=\"application\/ld+json\" class=\"yoast-schema-graph\">{\"@context\":\"https:\\\/\\\/schema.org\",\"@graph\":[{\"@type\":\"Article\",\"@id\":\"https:\\\/\\\/www.uartes.edu.ec\\\/sitio\\\/en\\\/blog\\\/2024\\\/09\\\/27\\\/siempre-efimeros-nunca-sin-memoria-entra-a-su-ultima-semana-en-el-cac-y-hasta-el-momento-registra-mas-de-18-000-visitantes\\\/#article\",\"isPartOf\":{\"@id\":\"https:\\\/\\\/www.uartes.edu.ec\\\/sitio\\\/en\\\/blog\\\/2024\\\/09\\\/27\\\/siempre-efimeros-nunca-sin-memoria-entra-a-su-ultima-semana-en-el-cac-y-hasta-el-momento-registra-mas-de-18-000-visitantes\\\/\"},\"author\":{\"name\":\"ccortez\",\"@id\":\"https:\\\/\\\/www.uartes.edu.ec\\\/sitio\\\/en\\\/#\\\/schema\\\/person\\\/efa1b8275797664fd7f13a79ccc0b1f4\"},\"headline\":\"\u201cSiempre ef\u00edmeros, nunca sin memoria\u201d entra a su \u00faltima semana en el CAC y hasta el momento registra m\u00e1s de 18.000 visitas\",\"datePublished\":\"2024-09-27T15:50:00+00:00\",\"dateModified\":\"2024-12-04T00:07:09+00:00\",\"mainEntityOfPage\":{\"@id\":\"https:\\\/\\\/www.uartes.edu.ec\\\/sitio\\\/en\\\/blog\\\/2024\\\/09\\\/27\\\/siempre-efimeros-nunca-sin-memoria-entra-a-su-ultima-semana-en-el-cac-y-hasta-el-momento-registra-mas-de-18-000-visitantes\\\/\"},\"wordCount\":850,\"commentCount\":0,\"publisher\":{\"@id\":\"https:\\\/\\\/www.uartes.edu.ec\\\/sitio\\\/en\\\/#organization\"},\"image\":{\"@id\":\"https:\\\/\\\/www.uartes.edu.ec\\\/sitio\\\/en\\\/blog\\\/2024\\\/09\\\/27\\\/siempre-efimeros-nunca-sin-memoria-entra-a-su-ultima-semana-en-el-cac-y-hasta-el-momento-registra-mas-de-18-000-visitantes\\\/#primaryimage\"},\"thumbnailUrl\":\"https:\\\/\\\/www.uartes.edu.ec\\\/sitio\\\/wp-content\\\/uploads\\\/2024\\\/12\\\/05-SIEMPRE-EFIMERO-NUNCA-SIN-MEMORIA.jpg\",\"keywords\":[\"exposici\u00f3n\"],\"articleSection\":[\"Acad\u00e9mico\",\"Docentes\",\"Gesti\u00f3n\",\"Investigaci\u00f3n\",\"Sedes\",\"Transversal\"],\"inLanguage\":\"en-US\",\"potentialAction\":[{\"@type\":\"CommentAction\",\"name\":\"Comment\",\"target\":[\"https:\\\/\\\/www.uartes.edu.ec\\\/sitio\\\/en\\\/blog\\\/2024\\\/09\\\/27\\\/siempre-efimeros-nunca-sin-memoria-entra-a-su-ultima-semana-en-el-cac-y-hasta-el-momento-registra-mas-de-18-000-visitantes\\\/#respond\"]}]},{\"@type\":[\"WebPage\",\"ItemPage\"],\"@id\":\"https:\\\/\\\/www.uartes.edu.ec\\\/sitio\\\/en\\\/blog\\\/2024\\\/09\\\/27\\\/siempre-efimeros-nunca-sin-memoria-entra-a-su-ultima-semana-en-el-cac-y-hasta-el-momento-registra-mas-de-18-000-visitantes\\\/\",\"url\":\"https:\\\/\\\/www.uartes.edu.ec\\\/sitio\\\/en\\\/blog\\\/2024\\\/09\\\/27\\\/siempre-efimeros-nunca-sin-memoria-entra-a-su-ultima-semana-en-el-cac-y-hasta-el-momento-registra-mas-de-18-000-visitantes\\\/\",\"name\":\"Universidad de las Artes - \u201cSiempre ef\u00edmeros, nunca sin memoria\u201d entra a su \u00faltima semana en el CAC y hasta el momento registra m\u00e1s de 18.000 visitas\",\"isPartOf\":{\"@id\":\"https:\\\/\\\/www.uartes.edu.ec\\\/sitio\\\/en\\\/#website\"},\"primaryImageOfPage\":{\"@id\":\"https:\\\/\\\/www.uartes.edu.ec\\\/sitio\\\/en\\\/blog\\\/2024\\\/09\\\/27\\\/siempre-efimeros-nunca-sin-memoria-entra-a-su-ultima-semana-en-el-cac-y-hasta-el-momento-registra-mas-de-18-000-visitantes\\\/#primaryimage\"},\"image\":{\"@id\":\"https:\\\/\\\/www.uartes.edu.ec\\\/sitio\\\/en\\\/blog\\\/2024\\\/09\\\/27\\\/siempre-efimeros-nunca-sin-memoria-entra-a-su-ultima-semana-en-el-cac-y-hasta-el-momento-registra-mas-de-18-000-visitantes\\\/#primaryimage\"},\"thumbnailUrl\":\"https:\\\/\\\/www.uartes.edu.ec\\\/sitio\\\/wp-content\\\/uploads\\\/2024\\\/12\\\/05-SIEMPRE-EFIMERO-NUNCA-SIN-MEMORIA.jpg\",\"datePublished\":\"2024-09-27T15:50:00+00:00\",\"dateModified\":\"2024-12-04T00:07:09+00:00\",\"description\":\"Universidad de las Artes - \u201cSiempre ef\u00edmeros, nunca sin memoria\u201d entra a su \u00faltima semana en el CAC y hasta el momento registra m\u00e1s de 18.000 visitas\",\"breadcrumb\":{\"@id\":\"https:\\\/\\\/www.uartes.edu.ec\\\/sitio\\\/en\\\/blog\\\/2024\\\/09\\\/27\\\/siempre-efimeros-nunca-sin-memoria-entra-a-su-ultima-semana-en-el-cac-y-hasta-el-momento-registra-mas-de-18-000-visitantes\\\/#breadcrumb\"},\"inLanguage\":\"en-US\",\"potentialAction\":[{\"@type\":\"ReadAction\",\"target\":[\"https:\\\/\\\/www.uartes.edu.ec\\\/sitio\\\/en\\\/blog\\\/2024\\\/09\\\/27\\\/siempre-efimeros-nunca-sin-memoria-entra-a-su-ultima-semana-en-el-cac-y-hasta-el-momento-registra-mas-de-18-000-visitantes\\\/\"]}]},{\"@type\":\"ImageObject\",\"inLanguage\":\"en-US\",\"@id\":\"https:\\\/\\\/www.uartes.edu.ec\\\/sitio\\\/en\\\/blog\\\/2024\\\/09\\\/27\\\/siempre-efimeros-nunca-sin-memoria-entra-a-su-ultima-semana-en-el-cac-y-hasta-el-momento-registra-mas-de-18-000-visitantes\\\/#primaryimage\",\"url\":\"https:\\\/\\\/www.uartes.edu.ec\\\/sitio\\\/wp-content\\\/uploads\\\/2024\\\/12\\\/05-SIEMPRE-EFIMERO-NUNCA-SIN-MEMORIA.jpg\",\"contentUrl\":\"https:\\\/\\\/www.uartes.edu.ec\\\/sitio\\\/wp-content\\\/uploads\\\/2024\\\/12\\\/05-SIEMPRE-EFIMERO-NUNCA-SIN-MEMORIA.jpg\",\"width\":2000,\"height\":1333},{\"@type\":\"BreadcrumbList\",\"@id\":\"https:\\\/\\\/www.uartes.edu.ec\\\/sitio\\\/en\\\/blog\\\/2024\\\/09\\\/27\\\/siempre-efimeros-nunca-sin-memoria-entra-a-su-ultima-semana-en-el-cac-y-hasta-el-momento-registra-mas-de-18-000-visitantes\\\/#breadcrumb\",\"itemListElement\":[{\"@type\":\"ListItem\",\"position\":1,\"name\":\"Inicio\",\"item\":\"https:\\\/\\\/www.uartes.edu.ec\\\/sitio\\\/\"},{\"@type\":\"ListItem\",\"position\":2,\"name\":\"\u201cSiempre ef\u00edmeros, nunca sin memoria\u201d entra a su \u00faltima semana en el CAC y hasta el momento registra m\u00e1s de 18.000 visitas\"}]},{\"@type\":\"WebSite\",\"@id\":\"https:\\\/\\\/www.uartes.edu.ec\\\/sitio\\\/en\\\/#website\",\"url\":\"https:\\\/\\\/www.uartes.edu.ec\\\/sitio\\\/en\\\/\",\"name\":\"Universidad de las Artes\",\"description\":\"Sitio oficial de la Universidad Nacional de las Artes del Ecuador\",\"publisher\":{\"@id\":\"https:\\\/\\\/www.uartes.edu.ec\\\/sitio\\\/en\\\/#organization\"},\"potentialAction\":[{\"@type\":\"SearchAction\",\"target\":{\"@type\":\"EntryPoint\",\"urlTemplate\":\"https:\\\/\\\/www.uartes.edu.ec\\\/sitio\\\/en\\\/?s={search_term_string}\"},\"query-input\":{\"@type\":\"PropertyValueSpecification\",\"valueRequired\":true,\"valueName\":\"search_term_string\"}}],\"inLanguage\":\"en-US\"},{\"@type\":\"Organization\",\"@id\":\"https:\\\/\\\/www.uartes.edu.ec\\\/sitio\\\/en\\\/#organization\",\"name\":\"Universidad de las Artes\",\"url\":\"https:\\\/\\\/www.uartes.edu.ec\\\/sitio\\\/en\\\/\",\"logo\":{\"@type\":\"ImageObject\",\"inLanguage\":\"en-US\",\"@id\":\"https:\\\/\\\/www.uartes.edu.ec\\\/sitio\\\/en\\\/#\\\/schema\\\/logo\\\/image\\\/\",\"url\":\"https:\\\/\\\/www.uartes.edu.ec\\\/sitio\\\/wp-content\\\/uploads\\\/2022\\\/07\\\/logo-ua-horizontal.png\",\"contentUrl\":\"https:\\\/\\\/www.uartes.edu.ec\\\/sitio\\\/wp-content\\\/uploads\\\/2022\\\/07\\\/logo-ua-horizontal.png\",\"width\":800,\"height\":276,\"caption\":\"Universidad de las Artes\"},\"image\":{\"@id\":\"https:\\\/\\\/www.uartes.edu.ec\\\/sitio\\\/en\\\/#\\\/schema\\\/logo\\\/image\\\/\"},\"sameAs\":[\"https:\\\/\\\/www.facebook.com\\\/uartesec\",\"https:\\\/\\\/x.com\\\/uartesec\",\"https:\\\/\\\/www.tiktok.com\\\/@uartesec\"]},{\"@type\":\"Person\",\"@id\":\"https:\\\/\\\/www.uartes.edu.ec\\\/sitio\\\/en\\\/#\\\/schema\\\/person\\\/efa1b8275797664fd7f13a79ccc0b1f4\",\"name\":\"ccortez\",\"image\":{\"@type\":\"ImageObject\",\"inLanguage\":\"en-US\",\"@id\":\"https:\\\/\\\/secure.gravatar.com\\\/avatar\\\/b2a6f664a3ae8e074346ef91775736c5ec479e637ecced6842de9dc98b5da9cd?s=96&d=mm&r=g\",\"url\":\"https:\\\/\\\/secure.gravatar.com\\\/avatar\\\/b2a6f664a3ae8e074346ef91775736c5ec479e637ecced6842de9dc98b5da9cd?s=96&d=mm&r=g\",\"contentUrl\":\"https:\\\/\\\/secure.gravatar.com\\\/avatar\\\/b2a6f664a3ae8e074346ef91775736c5ec479e637ecced6842de9dc98b5da9cd?s=96&d=mm&r=g\",\"caption\":\"ccortez\"},\"url\":\"https:\\\/\\\/www.uartes.edu.ec\\\/sitio\\\/en\\\/blog\\\/author\\\/ccortez\\\/\"}]}<\/script>\n<!-- \/ Yoast SEO plugin. -->","yoast_head_json":{"title":"Universidad de las Artes - \u201cSiempre ef\u00edmeros, nunca sin memoria\u201d entra a su \u00faltima semana en el CAC y hasta el momento registra m\u00e1s de 18.000 visitas","description":"Universidad de las Artes - \u201cSiempre ef\u00edmeros, nunca sin memoria\u201d entra a su \u00faltima semana en el CAC y hasta el momento registra m\u00e1s de 18.000 visitas","robots":{"index":"index","follow":"follow","max-snippet":"max-snippet:-1","max-image-preview":"max-image-preview:large","max-video-preview":"max-video-preview:-1"},"canonical":"https:\/\/www.uartes.edu.ec\/sitio\/en\/blog\/2024\/09\/27\/siempre-efimeros-nunca-sin-memoria-entra-a-su-ultima-semana-en-el-cac-y-hasta-el-momento-registra-mas-de-18-000-visitantes\/","og_locale":"en_US","og_type":"article","og_title":"Universidad de las Artes - \u201cSiempre ef\u00edmeros, nunca sin memoria\u201d entra a su \u00faltima semana en el CAC y hasta el momento registra m\u00e1s de 18.000 visitas","og_description":"Universidad de las Artes - \u201cSiempre ef\u00edmeros, nunca sin memoria\u201d entra a su \u00faltima semana en el CAC y hasta el momento registra m\u00e1s de 18.000 visitas","og_url":"https:\/\/www.uartes.edu.ec\/sitio\/en\/blog\/2024\/09\/27\/siempre-efimeros-nunca-sin-memoria-entra-a-su-ultima-semana-en-el-cac-y-hasta-el-momento-registra-mas-de-18-000-visitantes\/","og_site_name":"Universidad de las Artes","article_publisher":"https:\/\/www.facebook.com\/uartesec","article_published_time":"2024-09-27T15:50:00+00:00","article_modified_time":"2024-12-04T00:07:09+00:00","og_image":[{"width":2000,"height":1333,"url":"https:\/\/www.uartes.edu.ec\/sitio\/wp-content\/uploads\/2024\/12\/05-SIEMPRE-EFIMERO-NUNCA-SIN-MEMORIA.jpg","type":"image\/jpeg"}],"author":"ccortez","twitter_card":"summary_large_image","twitter_creator":"@uartesec","twitter_site":"@uartesec","twitter_misc":{"Written by":"ccortez","Est. reading time":"4 minutes"},"schema":{"@context":"https:\/\/schema.org","@graph":[{"@type":"Article","@id":"https:\/\/www.uartes.edu.ec\/sitio\/en\/blog\/2024\/09\/27\/siempre-efimeros-nunca-sin-memoria-entra-a-su-ultima-semana-en-el-cac-y-hasta-el-momento-registra-mas-de-18-000-visitantes\/#article","isPartOf":{"@id":"https:\/\/www.uartes.edu.ec\/sitio\/en\/blog\/2024\/09\/27\/siempre-efimeros-nunca-sin-memoria-entra-a-su-ultima-semana-en-el-cac-y-hasta-el-momento-registra-mas-de-18-000-visitantes\/"},"author":{"name":"ccortez","@id":"https:\/\/www.uartes.edu.ec\/sitio\/en\/#\/schema\/person\/efa1b8275797664fd7f13a79ccc0b1f4"},"headline":"\u201cSiempre ef\u00edmeros, nunca sin memoria\u201d entra a su \u00faltima semana en el CAC y hasta el momento registra m\u00e1s de 18.000 visitas","datePublished":"2024-09-27T15:50:00+00:00","dateModified":"2024-12-04T00:07:09+00:00","mainEntityOfPage":{"@id":"https:\/\/www.uartes.edu.ec\/sitio\/en\/blog\/2024\/09\/27\/siempre-efimeros-nunca-sin-memoria-entra-a-su-ultima-semana-en-el-cac-y-hasta-el-momento-registra-mas-de-18-000-visitantes\/"},"wordCount":850,"commentCount":0,"publisher":{"@id":"https:\/\/www.uartes.edu.ec\/sitio\/en\/#organization"},"image":{"@id":"https:\/\/www.uartes.edu.ec\/sitio\/en\/blog\/2024\/09\/27\/siempre-efimeros-nunca-sin-memoria-entra-a-su-ultima-semana-en-el-cac-y-hasta-el-momento-registra-mas-de-18-000-visitantes\/#primaryimage"},"thumbnailUrl":"https:\/\/www.uartes.edu.ec\/sitio\/wp-content\/uploads\/2024\/12\/05-SIEMPRE-EFIMERO-NUNCA-SIN-MEMORIA.jpg","keywords":["exposici\u00f3n"],"articleSection":["Acad\u00e9mico","Docentes","Gesti\u00f3n","Investigaci\u00f3n","Sedes","Transversal"],"inLanguage":"en-US","potentialAction":[{"@type":"CommentAction","name":"Comment","target":["https:\/\/www.uartes.edu.ec\/sitio\/en\/blog\/2024\/09\/27\/siempre-efimeros-nunca-sin-memoria-entra-a-su-ultima-semana-en-el-cac-y-hasta-el-momento-registra-mas-de-18-000-visitantes\/#respond"]}]},{"@type":["WebPage","ItemPage"],"@id":"https:\/\/www.uartes.edu.ec\/sitio\/en\/blog\/2024\/09\/27\/siempre-efimeros-nunca-sin-memoria-entra-a-su-ultima-semana-en-el-cac-y-hasta-el-momento-registra-mas-de-18-000-visitantes\/","url":"https:\/\/www.uartes.edu.ec\/sitio\/en\/blog\/2024\/09\/27\/siempre-efimeros-nunca-sin-memoria-entra-a-su-ultima-semana-en-el-cac-y-hasta-el-momento-registra-mas-de-18-000-visitantes\/","name":"Universidad de las Artes - \u201cSiempre ef\u00edmeros, nunca sin memoria\u201d entra a su \u00faltima semana en el CAC y hasta el momento registra m\u00e1s de 18.000 visitas","isPartOf":{"@id":"https:\/\/www.uartes.edu.ec\/sitio\/en\/#website"},"primaryImageOfPage":{"@id":"https:\/\/www.uartes.edu.ec\/sitio\/en\/blog\/2024\/09\/27\/siempre-efimeros-nunca-sin-memoria-entra-a-su-ultima-semana-en-el-cac-y-hasta-el-momento-registra-mas-de-18-000-visitantes\/#primaryimage"},"image":{"@id":"https:\/\/www.uartes.edu.ec\/sitio\/en\/blog\/2024\/09\/27\/siempre-efimeros-nunca-sin-memoria-entra-a-su-ultima-semana-en-el-cac-y-hasta-el-momento-registra-mas-de-18-000-visitantes\/#primaryimage"},"thumbnailUrl":"https:\/\/www.uartes.edu.ec\/sitio\/wp-content\/uploads\/2024\/12\/05-SIEMPRE-EFIMERO-NUNCA-SIN-MEMORIA.jpg","datePublished":"2024-09-27T15:50:00+00:00","dateModified":"2024-12-04T00:07:09+00:00","description":"Universidad de las Artes - \u201cSiempre ef\u00edmeros, nunca sin memoria\u201d entra a su \u00faltima semana en el CAC y hasta el momento registra m\u00e1s de 18.000 visitas","breadcrumb":{"@id":"https:\/\/www.uartes.edu.ec\/sitio\/en\/blog\/2024\/09\/27\/siempre-efimeros-nunca-sin-memoria-entra-a-su-ultima-semana-en-el-cac-y-hasta-el-momento-registra-mas-de-18-000-visitantes\/#breadcrumb"},"inLanguage":"en-US","potentialAction":[{"@type":"ReadAction","target":["https:\/\/www.uartes.edu.ec\/sitio\/en\/blog\/2024\/09\/27\/siempre-efimeros-nunca-sin-memoria-entra-a-su-ultima-semana-en-el-cac-y-hasta-el-momento-registra-mas-de-18-000-visitantes\/"]}]},{"@type":"ImageObject","inLanguage":"en-US","@id":"https:\/\/www.uartes.edu.ec\/sitio\/en\/blog\/2024\/09\/27\/siempre-efimeros-nunca-sin-memoria-entra-a-su-ultima-semana-en-el-cac-y-hasta-el-momento-registra-mas-de-18-000-visitantes\/#primaryimage","url":"https:\/\/www.uartes.edu.ec\/sitio\/wp-content\/uploads\/2024\/12\/05-SIEMPRE-EFIMERO-NUNCA-SIN-MEMORIA.jpg","contentUrl":"https:\/\/www.uartes.edu.ec\/sitio\/wp-content\/uploads\/2024\/12\/05-SIEMPRE-EFIMERO-NUNCA-SIN-MEMORIA.jpg","width":2000,"height":1333},{"@type":"BreadcrumbList","@id":"https:\/\/www.uartes.edu.ec\/sitio\/en\/blog\/2024\/09\/27\/siempre-efimeros-nunca-sin-memoria-entra-a-su-ultima-semana-en-el-cac-y-hasta-el-momento-registra-mas-de-18-000-visitantes\/#breadcrumb","itemListElement":[{"@type":"ListItem","position":1,"name":"Inicio","item":"https:\/\/www.uartes.edu.ec\/sitio\/"},{"@type":"ListItem","position":2,"name":"\u201cSiempre ef\u00edmeros, nunca sin memoria\u201d entra a su \u00faltima semana en el CAC y hasta el momento registra m\u00e1s de 18.000 visitas"}]},{"@type":"WebSite","@id":"https:\/\/www.uartes.edu.ec\/sitio\/en\/#website","url":"https:\/\/www.uartes.edu.ec\/sitio\/en\/","name":"Universidad de las Artes","description":"Sitio oficial de la Universidad Nacional de las Artes del Ecuador","publisher":{"@id":"https:\/\/www.uartes.edu.ec\/sitio\/en\/#organization"},"potentialAction":[{"@type":"SearchAction","target":{"@type":"EntryPoint","urlTemplate":"https:\/\/www.uartes.edu.ec\/sitio\/en\/?s={search_term_string}"},"query-input":{"@type":"PropertyValueSpecification","valueRequired":true,"valueName":"search_term_string"}}],"inLanguage":"en-US"},{"@type":"Organization","@id":"https:\/\/www.uartes.edu.ec\/sitio\/en\/#organization","name":"Universidad de las Artes","url":"https:\/\/www.uartes.edu.ec\/sitio\/en\/","logo":{"@type":"ImageObject","inLanguage":"en-US","@id":"https:\/\/www.uartes.edu.ec\/sitio\/en\/#\/schema\/logo\/image\/","url":"https:\/\/www.uartes.edu.ec\/sitio\/wp-content\/uploads\/2022\/07\/logo-ua-horizontal.png","contentUrl":"https:\/\/www.uartes.edu.ec\/sitio\/wp-content\/uploads\/2022\/07\/logo-ua-horizontal.png","width":800,"height":276,"caption":"Universidad de las Artes"},"image":{"@id":"https:\/\/www.uartes.edu.ec\/sitio\/en\/#\/schema\/logo\/image\/"},"sameAs":["https:\/\/www.facebook.com\/uartesec","https:\/\/x.com\/uartesec","https:\/\/www.tiktok.com\/@uartesec"]},{"@type":"Person","@id":"https:\/\/www.uartes.edu.ec\/sitio\/en\/#\/schema\/person\/efa1b8275797664fd7f13a79ccc0b1f4","name":"ccortez","image":{"@type":"ImageObject","inLanguage":"en-US","@id":"https:\/\/secure.gravatar.com\/avatar\/b2a6f664a3ae8e074346ef91775736c5ec479e637ecced6842de9dc98b5da9cd?s=96&d=mm&r=g","url":"https:\/\/secure.gravatar.com\/avatar\/b2a6f664a3ae8e074346ef91775736c5ec479e637ecced6842de9dc98b5da9cd?s=96&d=mm&r=g","contentUrl":"https:\/\/secure.gravatar.com\/avatar\/b2a6f664a3ae8e074346ef91775736c5ec479e637ecced6842de9dc98b5da9cd?s=96&d=mm&r=g","caption":"ccortez"},"url":"https:\/\/www.uartes.edu.ec\/sitio\/en\/blog\/author\/ccortez\/"}]}},"uagb_featured_image_src":{"full":["https:\/\/www.uartes.edu.ec\/sitio\/wp-content\/uploads\/2024\/12\/05-SIEMPRE-EFIMERO-NUNCA-SIN-MEMORIA.jpg",2000,1333,false],"thumbnail":["https:\/\/www.uartes.edu.ec\/sitio\/wp-content\/uploads\/2024\/12\/05-SIEMPRE-EFIMERO-NUNCA-SIN-MEMORIA-150x150.jpg",150,150,true],"medium":["https:\/\/www.uartes.edu.ec\/sitio\/wp-content\/uploads\/2024\/12\/05-SIEMPRE-EFIMERO-NUNCA-SIN-MEMORIA-300x200.jpg",300,200,true],"medium_large":["https:\/\/www.uartes.edu.ec\/sitio\/wp-content\/uploads\/2024\/12\/05-SIEMPRE-EFIMERO-NUNCA-SIN-MEMORIA-768x512.jpg",768,512,true],"large":["https:\/\/www.uartes.edu.ec\/sitio\/wp-content\/uploads\/2024\/12\/05-SIEMPRE-EFIMERO-NUNCA-SIN-MEMORIA-644x429.jpg",644,429,true],"1536x1536":["https:\/\/www.uartes.edu.ec\/sitio\/wp-content\/uploads\/2024\/12\/05-SIEMPRE-EFIMERO-NUNCA-SIN-MEMORIA-1536x1024.jpg",1536,1024,true],"2048x2048":["https:\/\/www.uartes.edu.ec\/sitio\/wp-content\/uploads\/2024\/12\/05-SIEMPRE-EFIMERO-NUNCA-SIN-MEMORIA.jpg",2000,1333,false],"trp-custom-language-flag":["https:\/\/www.uartes.edu.ec\/sitio\/wp-content\/uploads\/2024\/12\/05-SIEMPRE-EFIMERO-NUNCA-SIN-MEMORIA-18x12.jpg",18,12,true],"htmega_size_585x295":["https:\/\/www.uartes.edu.ec\/sitio\/wp-content\/uploads\/2024\/12\/05-SIEMPRE-EFIMERO-NUNCA-SIN-MEMORIA-585x295.jpg",585,295,true],"htmega_size_1170x536":["https:\/\/www.uartes.edu.ec\/sitio\/wp-content\/uploads\/2024\/12\/05-SIEMPRE-EFIMERO-NUNCA-SIN-MEMORIA-1170x536.jpg",1170,536,true],"htmega_size_396x360":["https:\/\/www.uartes.edu.ec\/sitio\/wp-content\/uploads\/2024\/12\/05-SIEMPRE-EFIMERO-NUNCA-SIN-MEMORIA-396x360.jpg",396,360,true],"gb-block-post-grid-landscape":["https:\/\/www.uartes.edu.ec\/sitio\/wp-content\/uploads\/2024\/12\/05-SIEMPRE-EFIMERO-NUNCA-SIN-MEMORIA-600x400.jpg",600,400,true],"gb-block-post-grid-square":["https:\/\/www.uartes.edu.ec\/sitio\/wp-content\/uploads\/2024\/12\/05-SIEMPRE-EFIMERO-NUNCA-SIN-MEMORIA-600x600.jpg",600,600,true],"university-hub-thumb":["https:\/\/www.uartes.edu.ec\/sitio\/wp-content\/uploads\/2024\/12\/05-SIEMPRE-EFIMERO-NUNCA-SIN-MEMORIA-400x267.jpg",400,267,true]},"uagb_author_info":{"display_name":"ccortez","author_link":"https:\/\/www.uartes.edu.ec\/sitio\/en\/blog\/author\/ccortez\/"},"uagb_comment_info":0,"uagb_excerpt":"La muestra \u201cSiempre ef\u00edmeros, nunca sin memoria\u201d iniciar\u00e1 el 30 de septiembre su \u00faltima semana en el Centro de Arte Contempor\u00e1neo (CAC), donde se inaugur\u00f3 el 31 de mayo. La propuesta recoge cuatro d\u00e9cadas del arte de calle en Ecuador, un proceso de gesti\u00f3n e investigaci\u00f3n que tom\u00f3 m\u00e1s de tres a\u00f1os, anota la docente&hellip;","featured_image_src":"https:\/\/www.uartes.edu.ec\/sitio\/wp-content\/uploads\/2024\/12\/05-SIEMPRE-EFIMERO-NUNCA-SIN-MEMORIA-600x400.jpg","featured_image_src_square":"https:\/\/www.uartes.edu.ec\/sitio\/wp-content\/uploads\/2024\/12\/05-SIEMPRE-EFIMERO-NUNCA-SIN-MEMORIA-600x600.jpg","author_info":{"display_name":"ccortez","author_link":"https:\/\/www.uartes.edu.ec\/sitio\/en\/blog\/author\/ccortez\/"},"publishpress_future_workflow_manual_trigger":{"enabledWorkflows":[]},"distributor_meta":false,"distributor_terms":false,"distributor_media":false,"distributor_original_site_name":"Universidad de las Artes","distributor_original_site_url":"https:\/\/www.uartes.edu.ec\/sitio\/en","push-errors":false,"_links":{"self":[{"href":"https:\/\/www.uartes.edu.ec\/sitio\/en\/wp-json\/wp\/v2\/posts\/65580","targetHints":{"allow":["GET"]}}],"collection":[{"href":"https:\/\/www.uartes.edu.ec\/sitio\/en\/wp-json\/wp\/v2\/posts"}],"about":[{"href":"https:\/\/www.uartes.edu.ec\/sitio\/en\/wp-json\/wp\/v2\/types\/post"}],"author":[{"embeddable":true,"href":"https:\/\/www.uartes.edu.ec\/sitio\/en\/wp-json\/wp\/v2\/users\/10"}],"replies":[{"embeddable":true,"href":"https:\/\/www.uartes.edu.ec\/sitio\/en\/wp-json\/wp\/v2\/comments?post=65580"}],"version-history":[{"count":6,"href":"https:\/\/www.uartes.edu.ec\/sitio\/en\/wp-json\/wp\/v2\/posts\/65580\/revisions"}],"predecessor-version":[{"id":65600,"href":"https:\/\/www.uartes.edu.ec\/sitio\/en\/wp-json\/wp\/v2\/posts\/65580\/revisions\/65600"}],"wp:featuredmedia":[{"embeddable":true,"href":"https:\/\/www.uartes.edu.ec\/sitio\/en\/wp-json\/wp\/v2\/media\/65581"}],"wp:attachment":[{"href":"https:\/\/www.uartes.edu.ec\/sitio\/en\/wp-json\/wp\/v2\/media?parent=65580"}],"wp:term":[{"taxonomy":"category","embeddable":true,"href":"https:\/\/www.uartes.edu.ec\/sitio\/en\/wp-json\/wp\/v2\/categories?post=65580"},{"taxonomy":"post_tag","embeddable":true,"href":"https:\/\/www.uartes.edu.ec\/sitio\/en\/wp-json\/wp\/v2\/tags?post=65580"},{"taxonomy":"infouartes","embeddable":true,"href":"https:\/\/www.uartes.edu.ec\/sitio\/en\/wp-json\/wp\/v2\/infouartes?post=65580"}],"curies":[{"name":"wp","href":"https:\/\/api.w.org\/{rel}","templated":true}]}}