{"id":66159,"date":"2024-12-10T12:52:31","date_gmt":"2024-12-10T17:52:31","guid":{"rendered":"https:\/\/www.uartes.edu.ec\/sitio\/?p=66159"},"modified":"2024-12-19T10:22:45","modified_gmt":"2024-12-19T15:22:45","slug":"la-superficie-de-lo-imprevisible-de-juan-caguana-en-la-casa-del-barrio","status":"publish","type":"post","link":"https:\/\/www.uartes.edu.ec\/sitio\/en\/blog\/2024\/12\/10\/la-superficie-de-lo-imprevisible-de-juan-caguana-en-la-casa-del-barrio\/","title":{"rendered":"Juan Caguana expone \u201cLa superficie de lo imprevisible\u201d en la galer\u00eda Casa del Barrio"},"content":{"rendered":"<p>El artista visual ecuatoriano Juan Caguana, docente de la Escuela de Artes Visuales de la Universidad de las Artes, inaugur\u00f3 el pasado 21 de noviembre la muestra \u201cLa superficie de lo imprevisible\u201d, en la galer\u00eda Casa del Barrio donde permanecer\u00e1 hasta este 21 de diciembre. Su propuesta tiene como protagonista a la ciudad, sus representaciones e im\u00e1genes caracter\u00edsticas que avistan \u00e9pocas pasadas y transformaciones urbanas.<\/p>\n\n\n\n<p>As\u00ed lo detalla Lupe \u00c1lvarez en el texto de sala que, junto a las obras, se encuentra en el espacio expositivo. De lo escrito por la tambi\u00e9n docente UArtes corresponde lo siguiente: \u201cLa superficie de lo imprevisible\u201d de Juan Caguana (Guayas, 1984) nos enfrenta desde una est\u00e9tica intermedial, a una problem\u00e1tica emergente en la cultura contempor\u00e1nea: el impacto de la inteligencia artificial generativa en el proceso de creaci\u00f3n. El cuerpo de obras recogido en la muestra apunta a ahondar en las implicaciones simb\u00f3licas que pueden encontrarse en la intersecci\u00f3n entre el acto creador tal y como se presenta en la tradici\u00f3n de la pintura y la producci\u00f3n de im\u00e1genes por medio de algoritmos provenientes de las IA.<\/p>\n\n\n\n<p>Como en muchas de las propuestas de Caguana, la serie tiene como protagonista a la ciudad, sus representaciones e im\u00e1genes caracter\u00edsticas que avistan \u00e9pocas pasadas y transformaciones urbanas; una memoria cambiante cifrada en realidades superpuestas y continuas agresiones sobre cualquier imaginario edulcorado que abunda en las narrativas oficiales. El artista se apropia de la potencia visual de fotograf\u00edas antiguas y las interviene aprovechando la capacidad especulativa de las IA. El resultado es una superficie inquietante donde confluyen efectos pict\u00f3ricos como el dripping o el tono gr\u00e1fico del stencil, con la generaci\u00f3n algor\u00edtmica que produce un tejido visual indiferenciado.<\/p>\n\n\n<div class=\"wp-block-image\">\n<figure class=\"aligncenter size-large\"><img fetchpriority=\"high\" decoding=\"async\" width=\"644\" height=\"419\" src=\"https:\/\/www.uartes.edu.ec\/sitio\/wp-content\/uploads\/2024\/12\/Fotos-Caguana3-644x419.jpg\" alt=\"\" class=\"wp-image-66161\" srcset=\"https:\/\/www.uartes.edu.ec\/sitio\/wp-content\/uploads\/2024\/12\/Fotos-Caguana3-644x419.jpg 644w, https:\/\/www.uartes.edu.ec\/sitio\/wp-content\/uploads\/2024\/12\/Fotos-Caguana3-300x195.jpg 300w, https:\/\/www.uartes.edu.ec\/sitio\/wp-content\/uploads\/2024\/12\/Fotos-Caguana3-768x499.jpg 768w, https:\/\/www.uartes.edu.ec\/sitio\/wp-content\/uploads\/2024\/12\/Fotos-Caguana3-1536x998.jpg 1536w, https:\/\/www.uartes.edu.ec\/sitio\/wp-content\/uploads\/2024\/12\/Fotos-Caguana3-18x12.jpg 18w, https:\/\/www.uartes.edu.ec\/sitio\/wp-content\/uploads\/2024\/12\/Fotos-Caguana3-400x260.jpg 400w, https:\/\/www.uartes.edu.ec\/sitio\/wp-content\/uploads\/2024\/12\/Fotos-Caguana3.jpg 2000w\" sizes=\"(max-width: 644px) 100vw, 644px\" \/><\/figure>\n<\/div>\n\n\n<p>Las mixturas resultantes resguardan los efectos luminosos que han caracterizado a buena parte de la obra de este artista, impulsando una suerte de fantasmagor\u00eda que activa lo que late en esas im\u00e1genes y las colma de sugerentes experiencias. A nivel pl\u00e1stico parecen degradadas y algunas recuerdan las maneras de resignificar lo existente que animaron el d\u00e9collage. Lo que percibimos aqu\u00ed, parece romper la linealidad del tiempo. El pasado se diluye, pero no se avizora ni pizca de futuro posible.<\/p>\n\n\n\n<p>\u201cLa ciudad es tan real como las narrativas y ficciones que la rodean\u201d nos dice Caguana y con esta afirmaci\u00f3n po\u00e9tica nos acerca a la dimensi\u00f3n que tienen estas obras y a las preguntas inminentes que de ellas se desprenden. \u00bfEn tiempos donde la hiperrealidad ha transformado nuestras pretensiones de objetividad, podemos distinguir alguna verdad? \u00bfHasta d\u00f3nde podemos alimentar las facultades heur\u00edsticas del acto creativo si las herramientas que se nos proveen ya hablan de inteligencias emocionales e indistinci\u00f3n entre lo artificial y lo natural en un mundo cyborg? Ser\u00e1 posible lo que nos ha anunciado Marvin Minsky: \u201cLas m\u00e1quinas podr\u00e1n hacer todo lo que hagan las personas, porque las personas s\u00f3lo son m\u00e1quinas\u201d.<\/p>\n\n\n\n<p>Es un hecho que estamos profundamente integrados a las m\u00e1quinas y las im\u00e1genes que ellas producen son tan atributivas de la verdad como las que se dan directamente a nuestra experiencia. Las ramificaciones de esta evidencia probablemente no podamos ni imaginarlas y ya hay un amplio recorrido cient\u00edfico especulativo y est\u00e9tico, que nos asoma a ese pozo insondable. Quiz\u00e1s las obras Caguana que nos rodean hoy, trasuntan espont\u00e1neamente dos claves: horizonte y colapso. La primera nos lanza a la infinitud sin l\u00edmite aparente; la segunda al colapso indudable de formas de ver y entender el mundo.<\/p>\n\n\n\n<h3 class=\"wp-block-heading\">Trayectoria art\u00edstica y acad\u00e9mica <\/h3>\n\n\n\n<p>Acerca de la trayectoria art\u00edstica y acad\u00e9mica de Juan Caguana (Guayaquil, 1984), \u00e9l revela que su pr\u00e1ctica se articula en torno a la investigaci\u00f3n y resignificaci\u00f3n de los c\u00f3digos visuales que configuran el imaginario local. A trav\u00e9s de un enfoque interdisciplinario, su obra se nutre de un archivo conceptual compuesto por narrativas, paisajes y s\u00edmbolos que dialogan con la identidad cultural de mi entorno. Este proceso se centra en la construcci\u00f3n de una po\u00e9tica visual que cuestiona las dicotom\u00edas entre lo personal y lo colectivo, lo hist\u00f3rico y lo contempor\u00e1neo, situando a la pintura como un medio expandido que conecta la materialidad del arte con las din\u00e1micas socioculturales.<\/p>\n\n\n<div class=\"wp-block-image\">\n<figure class=\"aligncenter size-large\"><img decoding=\"async\" width=\"644\" height=\"419\" src=\"https:\/\/www.uartes.edu.ec\/sitio\/wp-content\/uploads\/2024\/12\/Fotos-Caguana-644x419.jpg\" alt=\"\" class=\"wp-image-66162\" srcset=\"https:\/\/www.uartes.edu.ec\/sitio\/wp-content\/uploads\/2024\/12\/Fotos-Caguana-644x419.jpg 644w, https:\/\/www.uartes.edu.ec\/sitio\/wp-content\/uploads\/2024\/12\/Fotos-Caguana-300x195.jpg 300w, https:\/\/www.uartes.edu.ec\/sitio\/wp-content\/uploads\/2024\/12\/Fotos-Caguana-768x499.jpg 768w, https:\/\/www.uartes.edu.ec\/sitio\/wp-content\/uploads\/2024\/12\/Fotos-Caguana-1536x998.jpg 1536w, https:\/\/www.uartes.edu.ec\/sitio\/wp-content\/uploads\/2024\/12\/Fotos-Caguana-18x12.jpg 18w, https:\/\/www.uartes.edu.ec\/sitio\/wp-content\/uploads\/2024\/12\/Fotos-Caguana-400x260.jpg 400w, https:\/\/www.uartes.edu.ec\/sitio\/wp-content\/uploads\/2024\/12\/Fotos-Caguana.jpg 2000w\" sizes=\"(max-width: 644px) 100vw, 644px\" \/><\/figure>\n<\/div>\n\n\n<p>Con m\u00e1s de quince a\u00f1os de trayectoria, Juan Caguana explora con su trabajo la capacidad del arte para resignificar lo cotidiano y desestabilizar las nociones tradicionales de representaci\u00f3n. En este sentido, su pr\u00e1ctica trasciende los l\u00edmites formales del medio pict\u00f3rico para integrar lenguajes y procesos provenientes de otras disciplinas, como la cer\u00e1mica y los nuevos medios. A trav\u00e9s de la materialidad, el color y la textura genera un espacio cr\u00edtico donde se tensionan tradiciones y est\u00e9ticas contempor\u00e1neas, fomentando una reflexi\u00f3n sobre los procesos de transformaci\u00f3n cultural en un contexto globalizado.<\/p>\n\n\n\n<p>En la actualidad, sus intereses se centran en la especulaci\u00f3n cr\u00edtica sobre las posibilidades del lenguaje pict\u00f3rico y la cer\u00e1mica como medios discursivos. Busca abordar las intersecciones entre pr\u00e1cticas artesanales, memoria cultural y discurso contempor\u00e1neo, cuestionando c\u00f3mo los artefactos visuales configuran y desaf\u00edan percepciones de identidad y pertenencia. Su obra aspira a generar un territorio de encuentro donde lo simb\u00f3lico y lo tangible convergen para proponer nuevas lecturas sobre el lugar y el tiempo que habitamos.<\/p>\n\n\n\n<p>El artista tiene estudios en Tecnolog\u00eda en Artes Visuales, Menci\u00f3n Medios Digitales (Instituto Superior de Artes del Ecuador, ITAE); una licenciatura en Artes Pl\u00e1sticas, Menci\u00f3n Pintura (Universidad de Especialidades Esp\u00edritu Santo, UEES); y una maestr\u00eda en Estudios del Arte (Universidad de Cuenca).<\/p>\n\n\n\n<p>Su obra ha sido reconocida en numerosos cert\u00e1menes de arte a nivel nacional e internacional. Entre otros destacan: primer lugar en el Sal\u00f3n de Noviembre, Azogues (2020); primer lugar en el Sal\u00f3n de Octubre, Guayaquil (2019); primer lugar en el Sal\u00f3n Nacional de la Acuarela, Guayaquil (2018); y premio \u00fanico Manuel Rend\u00f3n Seminario, otorgado por el Ministerio de Cultura en Quito (2009).<\/p>\n\n\n\n<p>A lo largo de su carrera ha presentado exposiciones individuales y colectivas que reflejan su compromiso con el arte como un medio de di\u00e1logo y reflexi\u00f3n. Entre las m\u00e1s relevantes: la individual titulada \u201cNOM\u00edNIMO: Hombres diferentes y animales extra\u00f1os\u201d (2014, Samborond\u00f3n, Ecuador) y, de manera colectiva, \u201cOcaso de la naturaleza\u201d (2018, Casa de la Cultura, Cuenca, Ecuador) y \u201cEl extra\u00f1o caso del ITAE\u201d (2011, Lima, Per\u00fa).<\/p>\n\n\n\n<p>La exposici\u00f3n \u201cLa superficie de lo imprevisible\u201d de Juan Caguana se puede visitar de martes a s\u00e1bado, de 15:00 a 19:00. La direcci\u00f3n de la galer\u00eda Casa del Barrio es calle La Moderna 5-6, v\u00eda a Samborond\u00f3n.<\/p>\n\n\n\n<p>Texto: colaboraci\u00f3n de Lorena Falcon\u00ed, gestora, consultora y asesora cultural. <br>Fotos: Ricardo Boh\u00f3rquez y galer\u00eda Casa del Barrio. Las im\u00e1genes corresponden a las obras que forman parte de \u201cLa superficie de lo imprevisible\u201d; consta tambi\u00e9n el artista siendo entrevistado por un medio de comunicaci\u00f3n local.  <\/p>\n\n\n\n<p><\/p>","protected":false},"excerpt":{"rendered":"<p>\u201cA trav\u00e9s de mi obra, busco invitar al espectador a reflexionar sobre la relaci\u00f3n entre identidad, historia y transformaci\u00f3n, resignificando elementos familiares desde una perspectiva contempor\u00e1nea y provocando un di\u00e1logo visual en constante evoluci\u00f3n\u201d. La cita es del artista visual ecuatoriano Juan Caguana, docente de la Escuela de Artes Visuales de la Universidad de las Artes, quien expone en la galer\u00eda Casa del Barrio la muestra \u201cLa superficie de lo imprevisible\u201d.<\/p>","protected":false},"author":10,"featured_media":66160,"comment_status":"open","ping_status":"open","sticky":false,"template":"","format":"standard","meta":{"_acf_changed":false,"_uag_custom_page_level_css":"","_monsterinsights_skip_tracking":false,"_monsterinsights_sitenote_active":false,"_monsterinsights_sitenote_note":"","_monsterinsights_sitenote_category":0,"cybocfi_hide_featured_image":"","footnotes":""},"categories":[80,82,157,75],"tags":[518],"infouartes":[1288],"class_list":["post-66159","post","type-post","status-publish","format-standard","has-post-thumbnail","hentry","category-academico","category-artes","category-artes-visuales","category-docentes","tag-produccion","infouartes-produccion-artistica"],"acf":[],"yoast_head":"<!-- This site is optimized with the Yoast SEO plugin v27.4 - https:\/\/yoast.com\/product\/yoast-seo-wordpress\/ -->\n<title>Universidad de las Artes - Juan Caguana expone \u201cLa superficie de lo imprevisible\u201d en la galer\u00eda Casa del Barrio<\/title>\n<meta name=\"description\" content=\"Universidad de las Artes - Juan Caguana expone \u201cLa superficie de lo imprevisible\u201d en la galer\u00eda Casa del Barrio\" \/>\n<meta name=\"robots\" content=\"index, follow, max-snippet:-1, max-image-preview:large, max-video-preview:-1\" \/>\n<link rel=\"canonical\" href=\"https:\/\/www.uartes.edu.ec\/sitio\/en\/blog\/2024\/12\/10\/la-superficie-de-lo-imprevisible-de-juan-caguana-en-la-casa-del-barrio\/\" \/>\n<meta property=\"og:locale\" content=\"en_US\" \/>\n<meta property=\"og:type\" content=\"article\" \/>\n<meta property=\"og:title\" content=\"Universidad de las Artes - Juan Caguana expone \u201cLa superficie de lo imprevisible\u201d en la galer\u00eda Casa del Barrio\" \/>\n<meta property=\"og:description\" content=\"Universidad de las Artes - Juan Caguana expone \u201cLa superficie de lo imprevisible\u201d en la galer\u00eda Casa del Barrio\" \/>\n<meta property=\"og:url\" content=\"https:\/\/www.uartes.edu.ec\/sitio\/en\/blog\/2024\/12\/10\/la-superficie-de-lo-imprevisible-de-juan-caguana-en-la-casa-del-barrio\/\" \/>\n<meta property=\"og:site_name\" content=\"Universidad de las Artes\" \/>\n<meta property=\"article:publisher\" content=\"https:\/\/www.facebook.com\/uartesec\" \/>\n<meta property=\"article:published_time\" content=\"2024-12-10T17:52:31+00:00\" \/>\n<meta property=\"article:modified_time\" content=\"2024-12-19T15:22:45+00:00\" \/>\n<meta property=\"og:image\" content=\"https:\/\/www.uartes.edu.ec\/sitio\/wp-content\/uploads\/2024\/12\/Fotos-Caguana2.jpg\" \/>\n\t<meta property=\"og:image:width\" content=\"2000\" \/>\n\t<meta property=\"og:image:height\" content=\"1300\" \/>\n\t<meta property=\"og:image:type\" content=\"image\/jpeg\" \/>\n<meta name=\"author\" content=\"ccortez\" \/>\n<meta name=\"twitter:card\" content=\"summary_large_image\" \/>\n<meta name=\"twitter:creator\" content=\"@uartesec\" \/>\n<meta name=\"twitter:site\" content=\"@uartesec\" \/>\n<meta name=\"twitter:label1\" content=\"Written by\" \/>\n\t<meta name=\"twitter:data1\" content=\"ccortez\" \/>\n\t<meta name=\"twitter:label2\" content=\"Est. reading time\" \/>\n\t<meta name=\"twitter:data2\" content=\"6 minutes\" \/>\n<script type=\"application\/ld+json\" class=\"yoast-schema-graph\">{\"@context\":\"https:\\\/\\\/schema.org\",\"@graph\":[{\"@type\":\"Article\",\"@id\":\"https:\\\/\\\/www.uartes.edu.ec\\\/sitio\\\/en\\\/blog\\\/2024\\\/12\\\/10\\\/la-superficie-de-lo-imprevisible-de-juan-caguana-en-la-casa-del-barrio\\\/#article\",\"isPartOf\":{\"@id\":\"https:\\\/\\\/www.uartes.edu.ec\\\/sitio\\\/en\\\/blog\\\/2024\\\/12\\\/10\\\/la-superficie-de-lo-imprevisible-de-juan-caguana-en-la-casa-del-barrio\\\/\"},\"author\":{\"name\":\"ccortez\",\"@id\":\"https:\\\/\\\/www.uartes.edu.ec\\\/sitio\\\/en\\\/#\\\/schema\\\/person\\\/efa1b8275797664fd7f13a79ccc0b1f4\"},\"headline\":\"Juan Caguana expone \u201cLa superficie de lo imprevisible\u201d en la galer\u00eda Casa del Barrio\",\"datePublished\":\"2024-12-10T17:52:31+00:00\",\"dateModified\":\"2024-12-19T15:22:45+00:00\",\"mainEntityOfPage\":{\"@id\":\"https:\\\/\\\/www.uartes.edu.ec\\\/sitio\\\/en\\\/blog\\\/2024\\\/12\\\/10\\\/la-superficie-de-lo-imprevisible-de-juan-caguana-en-la-casa-del-barrio\\\/\"},\"wordCount\":1210,\"commentCount\":0,\"publisher\":{\"@id\":\"https:\\\/\\\/www.uartes.edu.ec\\\/sitio\\\/en\\\/#organization\"},\"image\":{\"@id\":\"https:\\\/\\\/www.uartes.edu.ec\\\/sitio\\\/en\\\/blog\\\/2024\\\/12\\\/10\\\/la-superficie-de-lo-imprevisible-de-juan-caguana-en-la-casa-del-barrio\\\/#primaryimage\"},\"thumbnailUrl\":\"https:\\\/\\\/www.uartes.edu.ec\\\/sitio\\\/wp-content\\\/uploads\\\/2024\\\/12\\\/Fotos-Caguana2.jpg\",\"keywords\":[\"producci\u00f3n\"],\"articleSection\":[\"Acad\u00e9mico\",\"Artes\",\"Artes Visuales\",\"Docentes\"],\"inLanguage\":\"en-US\",\"potentialAction\":[{\"@type\":\"CommentAction\",\"name\":\"Comment\",\"target\":[\"https:\\\/\\\/www.uartes.edu.ec\\\/sitio\\\/en\\\/blog\\\/2024\\\/12\\\/10\\\/la-superficie-de-lo-imprevisible-de-juan-caguana-en-la-casa-del-barrio\\\/#respond\"]}]},{\"@type\":[\"WebPage\",\"ItemPage\"],\"@id\":\"https:\\\/\\\/www.uartes.edu.ec\\\/sitio\\\/en\\\/blog\\\/2024\\\/12\\\/10\\\/la-superficie-de-lo-imprevisible-de-juan-caguana-en-la-casa-del-barrio\\\/\",\"url\":\"https:\\\/\\\/www.uartes.edu.ec\\\/sitio\\\/en\\\/blog\\\/2024\\\/12\\\/10\\\/la-superficie-de-lo-imprevisible-de-juan-caguana-en-la-casa-del-barrio\\\/\",\"name\":\"Universidad de las Artes - Juan Caguana expone \u201cLa superficie de lo imprevisible\u201d en la galer\u00eda Casa del Barrio\",\"isPartOf\":{\"@id\":\"https:\\\/\\\/www.uartes.edu.ec\\\/sitio\\\/en\\\/#website\"},\"primaryImageOfPage\":{\"@id\":\"https:\\\/\\\/www.uartes.edu.ec\\\/sitio\\\/en\\\/blog\\\/2024\\\/12\\\/10\\\/la-superficie-de-lo-imprevisible-de-juan-caguana-en-la-casa-del-barrio\\\/#primaryimage\"},\"image\":{\"@id\":\"https:\\\/\\\/www.uartes.edu.ec\\\/sitio\\\/en\\\/blog\\\/2024\\\/12\\\/10\\\/la-superficie-de-lo-imprevisible-de-juan-caguana-en-la-casa-del-barrio\\\/#primaryimage\"},\"thumbnailUrl\":\"https:\\\/\\\/www.uartes.edu.ec\\\/sitio\\\/wp-content\\\/uploads\\\/2024\\\/12\\\/Fotos-Caguana2.jpg\",\"datePublished\":\"2024-12-10T17:52:31+00:00\",\"dateModified\":\"2024-12-19T15:22:45+00:00\",\"description\":\"Universidad de las Artes - Juan Caguana expone \u201cLa superficie de lo imprevisible\u201d en la galer\u00eda Casa del Barrio\",\"breadcrumb\":{\"@id\":\"https:\\\/\\\/www.uartes.edu.ec\\\/sitio\\\/en\\\/blog\\\/2024\\\/12\\\/10\\\/la-superficie-de-lo-imprevisible-de-juan-caguana-en-la-casa-del-barrio\\\/#breadcrumb\"},\"inLanguage\":\"en-US\",\"potentialAction\":[{\"@type\":\"ReadAction\",\"target\":[\"https:\\\/\\\/www.uartes.edu.ec\\\/sitio\\\/en\\\/blog\\\/2024\\\/12\\\/10\\\/la-superficie-de-lo-imprevisible-de-juan-caguana-en-la-casa-del-barrio\\\/\"]}]},{\"@type\":\"ImageObject\",\"inLanguage\":\"en-US\",\"@id\":\"https:\\\/\\\/www.uartes.edu.ec\\\/sitio\\\/en\\\/blog\\\/2024\\\/12\\\/10\\\/la-superficie-de-lo-imprevisible-de-juan-caguana-en-la-casa-del-barrio\\\/#primaryimage\",\"url\":\"https:\\\/\\\/www.uartes.edu.ec\\\/sitio\\\/wp-content\\\/uploads\\\/2024\\\/12\\\/Fotos-Caguana2.jpg\",\"contentUrl\":\"https:\\\/\\\/www.uartes.edu.ec\\\/sitio\\\/wp-content\\\/uploads\\\/2024\\\/12\\\/Fotos-Caguana2.jpg\",\"width\":2000,\"height\":1300},{\"@type\":\"BreadcrumbList\",\"@id\":\"https:\\\/\\\/www.uartes.edu.ec\\\/sitio\\\/en\\\/blog\\\/2024\\\/12\\\/10\\\/la-superficie-de-lo-imprevisible-de-juan-caguana-en-la-casa-del-barrio\\\/#breadcrumb\",\"itemListElement\":[{\"@type\":\"ListItem\",\"position\":1,\"name\":\"Inicio\",\"item\":\"https:\\\/\\\/www.uartes.edu.ec\\\/sitio\\\/\"},{\"@type\":\"ListItem\",\"position\":2,\"name\":\"Juan Caguana expone \u201cLa superficie de lo imprevisible\u201d en la galer\u00eda Casa del Barrio\"}]},{\"@type\":\"WebSite\",\"@id\":\"https:\\\/\\\/www.uartes.edu.ec\\\/sitio\\\/en\\\/#website\",\"url\":\"https:\\\/\\\/www.uartes.edu.ec\\\/sitio\\\/en\\\/\",\"name\":\"Universidad de las Artes\",\"description\":\"Sitio oficial de la Universidad Nacional de las Artes del Ecuador\",\"publisher\":{\"@id\":\"https:\\\/\\\/www.uartes.edu.ec\\\/sitio\\\/en\\\/#organization\"},\"potentialAction\":[{\"@type\":\"SearchAction\",\"target\":{\"@type\":\"EntryPoint\",\"urlTemplate\":\"https:\\\/\\\/www.uartes.edu.ec\\\/sitio\\\/en\\\/?s={search_term_string}\"},\"query-input\":{\"@type\":\"PropertyValueSpecification\",\"valueRequired\":true,\"valueName\":\"search_term_string\"}}],\"inLanguage\":\"en-US\"},{\"@type\":\"Organization\",\"@id\":\"https:\\\/\\\/www.uartes.edu.ec\\\/sitio\\\/en\\\/#organization\",\"name\":\"Universidad de las Artes\",\"url\":\"https:\\\/\\\/www.uartes.edu.ec\\\/sitio\\\/en\\\/\",\"logo\":{\"@type\":\"ImageObject\",\"inLanguage\":\"en-US\",\"@id\":\"https:\\\/\\\/www.uartes.edu.ec\\\/sitio\\\/en\\\/#\\\/schema\\\/logo\\\/image\\\/\",\"url\":\"https:\\\/\\\/www.uartes.edu.ec\\\/sitio\\\/wp-content\\\/uploads\\\/2022\\\/07\\\/logo-ua-horizontal.png\",\"contentUrl\":\"https:\\\/\\\/www.uartes.edu.ec\\\/sitio\\\/wp-content\\\/uploads\\\/2022\\\/07\\\/logo-ua-horizontal.png\",\"width\":800,\"height\":276,\"caption\":\"Universidad de las Artes\"},\"image\":{\"@id\":\"https:\\\/\\\/www.uartes.edu.ec\\\/sitio\\\/en\\\/#\\\/schema\\\/logo\\\/image\\\/\"},\"sameAs\":[\"https:\\\/\\\/www.facebook.com\\\/uartesec\",\"https:\\\/\\\/x.com\\\/uartesec\",\"https:\\\/\\\/www.tiktok.com\\\/@uartesec\"]},{\"@type\":\"Person\",\"@id\":\"https:\\\/\\\/www.uartes.edu.ec\\\/sitio\\\/en\\\/#\\\/schema\\\/person\\\/efa1b8275797664fd7f13a79ccc0b1f4\",\"name\":\"ccortez\",\"image\":{\"@type\":\"ImageObject\",\"inLanguage\":\"en-US\",\"@id\":\"https:\\\/\\\/secure.gravatar.com\\\/avatar\\\/b2a6f664a3ae8e074346ef91775736c5ec479e637ecced6842de9dc98b5da9cd?s=96&d=mm&r=g\",\"url\":\"https:\\\/\\\/secure.gravatar.com\\\/avatar\\\/b2a6f664a3ae8e074346ef91775736c5ec479e637ecced6842de9dc98b5da9cd?s=96&d=mm&r=g\",\"contentUrl\":\"https:\\\/\\\/secure.gravatar.com\\\/avatar\\\/b2a6f664a3ae8e074346ef91775736c5ec479e637ecced6842de9dc98b5da9cd?s=96&d=mm&r=g\",\"caption\":\"ccortez\"},\"url\":\"https:\\\/\\\/www.uartes.edu.ec\\\/sitio\\\/en\\\/blog\\\/author\\\/ccortez\\\/\"}]}<\/script>\n<!-- \/ Yoast SEO plugin. -->","yoast_head_json":{"title":"Universidad de las Artes - Juan Caguana expone \u201cLa superficie de lo imprevisible\u201d en la galer\u00eda Casa del Barrio","description":"Universidad de las Artes - Juan Caguana expone \u201cLa superficie de lo imprevisible\u201d en la galer\u00eda Casa del Barrio","robots":{"index":"index","follow":"follow","max-snippet":"max-snippet:-1","max-image-preview":"max-image-preview:large","max-video-preview":"max-video-preview:-1"},"canonical":"https:\/\/www.uartes.edu.ec\/sitio\/en\/blog\/2024\/12\/10\/la-superficie-de-lo-imprevisible-de-juan-caguana-en-la-casa-del-barrio\/","og_locale":"en_US","og_type":"article","og_title":"Universidad de las Artes - Juan Caguana expone \u201cLa superficie de lo imprevisible\u201d en la galer\u00eda Casa del Barrio","og_description":"Universidad de las Artes - Juan Caguana expone \u201cLa superficie de lo imprevisible\u201d en la galer\u00eda Casa del Barrio","og_url":"https:\/\/www.uartes.edu.ec\/sitio\/en\/blog\/2024\/12\/10\/la-superficie-de-lo-imprevisible-de-juan-caguana-en-la-casa-del-barrio\/","og_site_name":"Universidad de las Artes","article_publisher":"https:\/\/www.facebook.com\/uartesec","article_published_time":"2024-12-10T17:52:31+00:00","article_modified_time":"2024-12-19T15:22:45+00:00","og_image":[{"width":2000,"height":1300,"url":"https:\/\/www.uartes.edu.ec\/sitio\/wp-content\/uploads\/2024\/12\/Fotos-Caguana2.jpg","type":"image\/jpeg"}],"author":"ccortez","twitter_card":"summary_large_image","twitter_creator":"@uartesec","twitter_site":"@uartesec","twitter_misc":{"Written by":"ccortez","Est. reading time":"6 minutes"},"schema":{"@context":"https:\/\/schema.org","@graph":[{"@type":"Article","@id":"https:\/\/www.uartes.edu.ec\/sitio\/en\/blog\/2024\/12\/10\/la-superficie-de-lo-imprevisible-de-juan-caguana-en-la-casa-del-barrio\/#article","isPartOf":{"@id":"https:\/\/www.uartes.edu.ec\/sitio\/en\/blog\/2024\/12\/10\/la-superficie-de-lo-imprevisible-de-juan-caguana-en-la-casa-del-barrio\/"},"author":{"name":"ccortez","@id":"https:\/\/www.uartes.edu.ec\/sitio\/en\/#\/schema\/person\/efa1b8275797664fd7f13a79ccc0b1f4"},"headline":"Juan Caguana expone \u201cLa superficie de lo imprevisible\u201d en la galer\u00eda Casa del Barrio","datePublished":"2024-12-10T17:52:31+00:00","dateModified":"2024-12-19T15:22:45+00:00","mainEntityOfPage":{"@id":"https:\/\/www.uartes.edu.ec\/sitio\/en\/blog\/2024\/12\/10\/la-superficie-de-lo-imprevisible-de-juan-caguana-en-la-casa-del-barrio\/"},"wordCount":1210,"commentCount":0,"publisher":{"@id":"https:\/\/www.uartes.edu.ec\/sitio\/en\/#organization"},"image":{"@id":"https:\/\/www.uartes.edu.ec\/sitio\/en\/blog\/2024\/12\/10\/la-superficie-de-lo-imprevisible-de-juan-caguana-en-la-casa-del-barrio\/#primaryimage"},"thumbnailUrl":"https:\/\/www.uartes.edu.ec\/sitio\/wp-content\/uploads\/2024\/12\/Fotos-Caguana2.jpg","keywords":["producci\u00f3n"],"articleSection":["Acad\u00e9mico","Artes","Artes Visuales","Docentes"],"inLanguage":"en-US","potentialAction":[{"@type":"CommentAction","name":"Comment","target":["https:\/\/www.uartes.edu.ec\/sitio\/en\/blog\/2024\/12\/10\/la-superficie-de-lo-imprevisible-de-juan-caguana-en-la-casa-del-barrio\/#respond"]}]},{"@type":["WebPage","ItemPage"],"@id":"https:\/\/www.uartes.edu.ec\/sitio\/en\/blog\/2024\/12\/10\/la-superficie-de-lo-imprevisible-de-juan-caguana-en-la-casa-del-barrio\/","url":"https:\/\/www.uartes.edu.ec\/sitio\/en\/blog\/2024\/12\/10\/la-superficie-de-lo-imprevisible-de-juan-caguana-en-la-casa-del-barrio\/","name":"Universidad de las Artes - Juan Caguana expone \u201cLa superficie de lo imprevisible\u201d en la galer\u00eda Casa del Barrio","isPartOf":{"@id":"https:\/\/www.uartes.edu.ec\/sitio\/en\/#website"},"primaryImageOfPage":{"@id":"https:\/\/www.uartes.edu.ec\/sitio\/en\/blog\/2024\/12\/10\/la-superficie-de-lo-imprevisible-de-juan-caguana-en-la-casa-del-barrio\/#primaryimage"},"image":{"@id":"https:\/\/www.uartes.edu.ec\/sitio\/en\/blog\/2024\/12\/10\/la-superficie-de-lo-imprevisible-de-juan-caguana-en-la-casa-del-barrio\/#primaryimage"},"thumbnailUrl":"https:\/\/www.uartes.edu.ec\/sitio\/wp-content\/uploads\/2024\/12\/Fotos-Caguana2.jpg","datePublished":"2024-12-10T17:52:31+00:00","dateModified":"2024-12-19T15:22:45+00:00","description":"Universidad de las Artes - Juan Caguana expone \u201cLa superficie de lo imprevisible\u201d en la galer\u00eda Casa del Barrio","breadcrumb":{"@id":"https:\/\/www.uartes.edu.ec\/sitio\/en\/blog\/2024\/12\/10\/la-superficie-de-lo-imprevisible-de-juan-caguana-en-la-casa-del-barrio\/#breadcrumb"},"inLanguage":"en-US","potentialAction":[{"@type":"ReadAction","target":["https:\/\/www.uartes.edu.ec\/sitio\/en\/blog\/2024\/12\/10\/la-superficie-de-lo-imprevisible-de-juan-caguana-en-la-casa-del-barrio\/"]}]},{"@type":"ImageObject","inLanguage":"en-US","@id":"https:\/\/www.uartes.edu.ec\/sitio\/en\/blog\/2024\/12\/10\/la-superficie-de-lo-imprevisible-de-juan-caguana-en-la-casa-del-barrio\/#primaryimage","url":"https:\/\/www.uartes.edu.ec\/sitio\/wp-content\/uploads\/2024\/12\/Fotos-Caguana2.jpg","contentUrl":"https:\/\/www.uartes.edu.ec\/sitio\/wp-content\/uploads\/2024\/12\/Fotos-Caguana2.jpg","width":2000,"height":1300},{"@type":"BreadcrumbList","@id":"https:\/\/www.uartes.edu.ec\/sitio\/en\/blog\/2024\/12\/10\/la-superficie-de-lo-imprevisible-de-juan-caguana-en-la-casa-del-barrio\/#breadcrumb","itemListElement":[{"@type":"ListItem","position":1,"name":"Inicio","item":"https:\/\/www.uartes.edu.ec\/sitio\/"},{"@type":"ListItem","position":2,"name":"Juan Caguana expone \u201cLa superficie de lo imprevisible\u201d en la galer\u00eda Casa del Barrio"}]},{"@type":"WebSite","@id":"https:\/\/www.uartes.edu.ec\/sitio\/en\/#website","url":"https:\/\/www.uartes.edu.ec\/sitio\/en\/","name":"Universidad de las Artes","description":"Sitio oficial de la Universidad Nacional de las Artes del Ecuador","publisher":{"@id":"https:\/\/www.uartes.edu.ec\/sitio\/en\/#organization"},"potentialAction":[{"@type":"SearchAction","target":{"@type":"EntryPoint","urlTemplate":"https:\/\/www.uartes.edu.ec\/sitio\/en\/?s={search_term_string}"},"query-input":{"@type":"PropertyValueSpecification","valueRequired":true,"valueName":"search_term_string"}}],"inLanguage":"en-US"},{"@type":"Organization","@id":"https:\/\/www.uartes.edu.ec\/sitio\/en\/#organization","name":"Universidad de las Artes","url":"https:\/\/www.uartes.edu.ec\/sitio\/en\/","logo":{"@type":"ImageObject","inLanguage":"en-US","@id":"https:\/\/www.uartes.edu.ec\/sitio\/en\/#\/schema\/logo\/image\/","url":"https:\/\/www.uartes.edu.ec\/sitio\/wp-content\/uploads\/2022\/07\/logo-ua-horizontal.png","contentUrl":"https:\/\/www.uartes.edu.ec\/sitio\/wp-content\/uploads\/2022\/07\/logo-ua-horizontal.png","width":800,"height":276,"caption":"Universidad de las Artes"},"image":{"@id":"https:\/\/www.uartes.edu.ec\/sitio\/en\/#\/schema\/logo\/image\/"},"sameAs":["https:\/\/www.facebook.com\/uartesec","https:\/\/x.com\/uartesec","https:\/\/www.tiktok.com\/@uartesec"]},{"@type":"Person","@id":"https:\/\/www.uartes.edu.ec\/sitio\/en\/#\/schema\/person\/efa1b8275797664fd7f13a79ccc0b1f4","name":"ccortez","image":{"@type":"ImageObject","inLanguage":"en-US","@id":"https:\/\/secure.gravatar.com\/avatar\/b2a6f664a3ae8e074346ef91775736c5ec479e637ecced6842de9dc98b5da9cd?s=96&d=mm&r=g","url":"https:\/\/secure.gravatar.com\/avatar\/b2a6f664a3ae8e074346ef91775736c5ec479e637ecced6842de9dc98b5da9cd?s=96&d=mm&r=g","contentUrl":"https:\/\/secure.gravatar.com\/avatar\/b2a6f664a3ae8e074346ef91775736c5ec479e637ecced6842de9dc98b5da9cd?s=96&d=mm&r=g","caption":"ccortez"},"url":"https:\/\/www.uartes.edu.ec\/sitio\/en\/blog\/author\/ccortez\/"}]}},"uagb_featured_image_src":{"full":["https:\/\/www.uartes.edu.ec\/sitio\/wp-content\/uploads\/2024\/12\/Fotos-Caguana2.jpg",2000,1300,false],"thumbnail":["https:\/\/www.uartes.edu.ec\/sitio\/wp-content\/uploads\/2024\/12\/Fotos-Caguana2-150x150.jpg",150,150,true],"medium":["https:\/\/www.uartes.edu.ec\/sitio\/wp-content\/uploads\/2024\/12\/Fotos-Caguana2-300x195.jpg",300,195,true],"medium_large":["https:\/\/www.uartes.edu.ec\/sitio\/wp-content\/uploads\/2024\/12\/Fotos-Caguana2-768x499.jpg",768,499,true],"large":["https:\/\/www.uartes.edu.ec\/sitio\/wp-content\/uploads\/2024\/12\/Fotos-Caguana2-644x419.jpg",644,419,true],"1536x1536":["https:\/\/www.uartes.edu.ec\/sitio\/wp-content\/uploads\/2024\/12\/Fotos-Caguana2-1536x998.jpg",1536,998,true],"2048x2048":["https:\/\/www.uartes.edu.ec\/sitio\/wp-content\/uploads\/2024\/12\/Fotos-Caguana2.jpg",2000,1300,false],"trp-custom-language-flag":["https:\/\/www.uartes.edu.ec\/sitio\/wp-content\/uploads\/2024\/12\/Fotos-Caguana2-18x12.jpg",18,12,true],"htmega_size_585x295":["https:\/\/www.uartes.edu.ec\/sitio\/wp-content\/uploads\/2024\/12\/Fotos-Caguana2-585x295.jpg",585,295,true],"htmega_size_1170x536":["https:\/\/www.uartes.edu.ec\/sitio\/wp-content\/uploads\/2024\/12\/Fotos-Caguana2-1170x536.jpg",1170,536,true],"htmega_size_396x360":["https:\/\/www.uartes.edu.ec\/sitio\/wp-content\/uploads\/2024\/12\/Fotos-Caguana2-396x360.jpg",396,360,true],"gb-block-post-grid-landscape":["https:\/\/www.uartes.edu.ec\/sitio\/wp-content\/uploads\/2024\/12\/Fotos-Caguana2-600x400.jpg",600,400,true],"gb-block-post-grid-square":["https:\/\/www.uartes.edu.ec\/sitio\/wp-content\/uploads\/2024\/12\/Fotos-Caguana2-600x600.jpg",600,600,true],"university-hub-thumb":["https:\/\/www.uartes.edu.ec\/sitio\/wp-content\/uploads\/2024\/12\/Fotos-Caguana2-400x260.jpg",400,260,true],"mailpoet_newsletter_max":["https:\/\/www.uartes.edu.ec\/sitio\/wp-content\/uploads\/2024\/12\/Fotos-Caguana2.jpg",1320,858,false]},"uagb_author_info":{"display_name":"ccortez","author_link":"https:\/\/www.uartes.edu.ec\/sitio\/en\/blog\/author\/ccortez\/"},"uagb_comment_info":0,"uagb_excerpt":"\u201cA trav\u00e9s de mi obra, busco invitar al espectador a reflexionar sobre la relaci\u00f3n entre identidad, historia y transformaci\u00f3n, resignificando elementos familiares desde una perspectiva contempor\u00e1nea y provocando un di\u00e1logo visual en constante evoluci\u00f3n\u201d. La cita es del artista visual ecuatoriano Juan Caguana, docente de la Escuela de Artes Visuales de la Universidad de las&hellip;","featured_image_src":"https:\/\/www.uartes.edu.ec\/sitio\/wp-content\/uploads\/2024\/12\/Fotos-Caguana2-600x400.jpg","featured_image_src_square":"https:\/\/www.uartes.edu.ec\/sitio\/wp-content\/uploads\/2024\/12\/Fotos-Caguana2-600x600.jpg","author_info":{"display_name":"ccortez","author_link":"https:\/\/www.uartes.edu.ec\/sitio\/en\/blog\/author\/ccortez\/"},"publishpress_future_workflow_manual_trigger":{"enabledWorkflows":[]},"distributor_meta":false,"distributor_terms":false,"distributor_media":false,"distributor_original_site_name":"Universidad de las Artes","distributor_original_site_url":"https:\/\/www.uartes.edu.ec\/sitio\/en","push-errors":false,"_links":{"self":[{"href":"https:\/\/www.uartes.edu.ec\/sitio\/en\/wp-json\/wp\/v2\/posts\/66159","targetHints":{"allow":["GET"]}}],"collection":[{"href":"https:\/\/www.uartes.edu.ec\/sitio\/en\/wp-json\/wp\/v2\/posts"}],"about":[{"href":"https:\/\/www.uartes.edu.ec\/sitio\/en\/wp-json\/wp\/v2\/types\/post"}],"author":[{"embeddable":true,"href":"https:\/\/www.uartes.edu.ec\/sitio\/en\/wp-json\/wp\/v2\/users\/10"}],"replies":[{"embeddable":true,"href":"https:\/\/www.uartes.edu.ec\/sitio\/en\/wp-json\/wp\/v2\/comments?post=66159"}],"version-history":[{"count":5,"href":"https:\/\/www.uartes.edu.ec\/sitio\/en\/wp-json\/wp\/v2\/posts\/66159\/revisions"}],"predecessor-version":[{"id":66176,"href":"https:\/\/www.uartes.edu.ec\/sitio\/en\/wp-json\/wp\/v2\/posts\/66159\/revisions\/66176"}],"wp:featuredmedia":[{"embeddable":true,"href":"https:\/\/www.uartes.edu.ec\/sitio\/en\/wp-json\/wp\/v2\/media\/66160"}],"wp:attachment":[{"href":"https:\/\/www.uartes.edu.ec\/sitio\/en\/wp-json\/wp\/v2\/media?parent=66159"}],"wp:term":[{"taxonomy":"category","embeddable":true,"href":"https:\/\/www.uartes.edu.ec\/sitio\/en\/wp-json\/wp\/v2\/categories?post=66159"},{"taxonomy":"post_tag","embeddable":true,"href":"https:\/\/www.uartes.edu.ec\/sitio\/en\/wp-json\/wp\/v2\/tags?post=66159"},{"taxonomy":"infouartes","embeddable":true,"href":"https:\/\/www.uartes.edu.ec\/sitio\/en\/wp-json\/wp\/v2\/infouartes?post=66159"}],"curies":[{"name":"wp","href":"https:\/\/api.w.org\/{rel}","templated":true}]}}